{"id":17685,"date":"2024-11-26T10:41:39","date_gmt":"2024-11-26T07:41:39","guid":{"rendered":"https:\/\/denizcankizil.tr\/uncategorized-tr\/konakta-6284-izmir-bulusmasi-cins-kirima-varan-bir-tabloyla-karsi-karsiyayiz\/"},"modified":"2024-11-26T10:41:39","modified_gmt":"2024-11-26T07:41:39","slug":"konakta-6284-izmir-bulusmasi-cins-kirima-varan-bir-tabloyla-karsi-karsiyayiz","status":"publish","type":"post","link":"https:\/\/denizcankizil.tr\/ru\/haberler\/gundem\/konakta-6284-izmir-bulusmasi-cins-kirima-varan-bir-tabloyla-karsi-karsiyayiz\/","title":{"rendered":"Konak\u2019ta \u201c6284-\u0130zmir\u201d bulu\u015fmas\u0131: Cins k\u0131r\u0131ma varan bir tabloyla kar\u015f\u0131 kar\u015f\u0131yay\u0131z"},"content":{"rendered":"<p>Konak Belediyesi, 25 Kas\u0131m Kad\u0131na Y\u00f6nelik \u015eiddete Kar\u015f\u0131 Uluslararas\u0131 M\u00fccadele G\u00fcn\u00fc dolay\u0131s\u0131yla T\u00fcrkan Saylan K\u00fclt\u00fcr Merkezi\u2019nde anlaml\u0131 bir etkinli\u011fe ev sahipli\u011fi yapt\u0131.<\/p>\n<p>\u200bKonak Belediyesi, 25 Kas\u0131m Kad\u0131na Y\u00f6nelik \u015eiddete Kar\u015f\u0131 Uluslararas\u0131 M\u00fccadele G\u00fcn\u00fc dolay\u0131s\u0131yla T\u00fcrkan Saylan K\u00fclt\u00fcr Merkezi\u2019nde anlaml\u0131 bir etkinli\u011fe ev sahipli\u011fi yapt\u0131.\u00a0<\/p>\n<p>\u200bHaberin Al\u0131nt\u0131land\u0131\u011f\u0131 Kaynak: www.iskenderun.org<\/p>","protected":false},"excerpt":{"rendered":"<p>Konak Belediyesi, 25 Kas\u0131m Kad\u0131na Y\u00f6nelik \u015eiddete Kar\u015f\u0131 Uluslararas\u0131 M\u00fccadele G\u00fcn\u00fc dolay\u0131s\u0131yla T\u00fcrkan Saylan K\u00fclt\u00fcr Merkezi\u2019nde anlaml\u0131 bir etkinli\u011fe ev sahipli\u011fi yapt\u0131. \u200bKonak Belediyesi, 25 Kas\u0131m Kad\u0131na Y\u00f6nelik \u015eiddete Kar\u015f\u0131 Uluslararas\u0131 M\u00fccadele G\u00fcn\u00fc dolay\u0131s\u0131yla T\u00fcrkan Saylan K\u00fclt\u00fcr Merkezi\u2019nde anlaml\u0131 bir etkinli\u011fe ev sahipli\u011fi yapt\u0131.\u00a0 \u200bHaberin Al\u0131nt\u0131land\u0131\u011f\u0131 Kaynak: www.iskenderun.org<\/p>","protected":false},"author":0,"featured_media":0,"comment_status":"open","ping_status":"open","sticky":false,"template":"","format":"standard","meta":{"_acf_changed":false,"footnotes":""},"categories":[24,535],"tags":[],"class_list":["post-17685","post","type-post","status-publish","format-standard","has-post-thumbnail","hentry","category-gundem","category-uncategorized-tr"],"acf":[],"yoast_head":"<!-- This site is optimized with the Yoast SEO Premium plugin v26.6 (Yoast SEO v27.1.1) - https:\/\/yoast.com\/product\/yoast-seo-premium-wordpress\/ -->\n<title>Konak\u2019ta \u201c6284-\u0130zmir\u201d bulu\u015fmas\u0131: Cins k\u0131r\u0131ma varan bir tabloyla kar\u015f\u0131 kar\u015f\u0131yay\u0131z - Av. Deniz Can K\u0131z\u0131l<\/title>\n<meta name=\"robots\" content=\"index, follow, max-snippet:-1, max-image-preview:large, max-video-preview:-1\" \/>\n<link rel=\"canonical\" href=\"https:\/\/denizcankizil.tr\/ru\/haberler\/gundem\/konakta-6284-izmir-bulusmasi-cins-kirima-varan-bir-tabloyla-karsi-karsiyayiz\/\" \/>\n<meta property=\"og:locale\" content=\"ru_RU\" \/>\n<meta property=\"og:type\" content=\"article\" \/>\n<meta property=\"og:title\" content=\"Konak\u2019ta \u201c6284-\u0130zmir\u201d bulu\u015fmas\u0131: Cins k\u0131r\u0131ma varan bir tabloyla kar\u015f\u0131 kar\u015f\u0131yay\u0131z\" \/>\n<meta property=\"og:description\" content=\"Konak Belediyesi, 25 Kas\u0131m Kad\u0131na Y\u00f6nelik \u015eiddete Kar\u015f\u0131 Uluslararas\u0131 M\u00fccadele G\u00fcn\u00fc dolay\u0131s\u0131yla T\u00fcrkan Saylan K\u00fclt\u00fcr Merkezi\u2019nde anlaml\u0131 bir etkinli\u011fe ev sahipli\u011fi yapt\u0131. \u200bKonak Belediyesi, 25 Kas\u0131m Kad\u0131na Y\u00f6nelik \u015eiddete Kar\u015f\u0131 Uluslararas\u0131 M\u00fccadele G\u00fcn\u00fc dolay\u0131s\u0131yla T\u00fcrkan Saylan K\u00fclt\u00fcr Merkezi\u2019nde anlaml\u0131 bir etkinli\u011fe ev sahipli\u011fi yapt\u0131.\u00a0 \u200bHaberin Al\u0131nt\u0131land\u0131\u011f\u0131 Kaynak: www.iskenderun.org\" \/>\n<meta property=\"og:url\" content=\"https:\/\/denizcankizil.tr\/ru\/haberler\/gundem\/konakta-6284-izmir-bulusmasi-cins-kirima-varan-bir-tabloyla-karsi-karsiyayiz\/\" \/>\n<meta property=\"og:site_name\" content=\"Av. Deniz Can K\u0131z\u0131l\" \/>\n<meta property=\"article:published_time\" content=\"2024-11-26T07:41:39+00:00\" \/>\n<meta name=\"twitter:card\" content=\"summary_large_image\" \/>\n<script type=\"application\/ld+json\" class=\"yoast-schema-graph\">{\"@context\":\"https:\/\/schema.org\",\"@graph\":[{\"@type\":\"Article\",\"@id\":\"https:\/\/denizcankizil.tr\/ru\/haberler\/gundem\/konakta-6284-izmir-bulusmasi-cins-kirima-varan-bir-tabloyla-karsi-karsiyayiz\/#article\",\"isPartOf\":{\"@id\":\"https:\/\/denizcankizil.tr\/ru\/haberler\/gundem\/konakta-6284-izmir-bulusmasi-cins-kirima-varan-bir-tabloyla-karsi-karsiyayiz\/\"},\"author\":{\"name\":\"\",\"@id\":\"\"},\"headline\":\"Konak\u2019ta \u201c6284-\u0130zmir\u201d bulu\u015fmas\u0131: Cins k\u0131r\u0131ma varan bir tabloyla kar\u015f\u0131 kar\u015f\u0131yay\u0131z\",\"datePublished\":\"2024-11-26T07:41:39+00:00\",\"mainEntityOfPage\":{\"@id\":\"https:\/\/denizcankizil.tr\/ru\/haberler\/gundem\/konakta-6284-izmir-bulusmasi-cins-kirima-varan-bir-tabloyla-karsi-karsiyayiz\/\"},\"wordCount\":93,\"commentCount\":0,\"publisher\":{\"@id\":\"https:\/\/denizcankizil.tr\/#organization\"},\"articleSection\":[\"G\u00fcndem\",\"Uncategorized\"],\"inLanguage\":\"ru-RU\",\"potentialAction\":[{\"@type\":\"CommentAction\",\"name\":\"Comment\",\"target\":[\"https:\/\/denizcankizil.tr\/ru\/haberler\/gundem\/konakta-6284-izmir-bulusmasi-cins-kirima-varan-bir-tabloyla-karsi-karsiyayiz\/#respond\"]}]},{\"@type\":\"WebPage\",\"@id\":\"https:\/\/denizcankizil.tr\/ru\/haberler\/gundem\/konakta-6284-izmir-bulusmasi-cins-kirima-varan-bir-tabloyla-karsi-karsiyayiz\/\",\"url\":\"https:\/\/denizcankizil.tr\/ru\/haberler\/gundem\/konakta-6284-izmir-bulusmasi-cins-kirima-varan-bir-tabloyla-karsi-karsiyayiz\/\",\"name\":\"Konak\u2019ta \u201c6284-\u0130zmir\u201d bulu\u015fmas\u0131: Cins k\u0131r\u0131ma varan bir tabloyla kar\u015f\u0131 kar\u015f\u0131yay\u0131z - Av. Deniz Can K\u0131z\u0131l\",\"isPartOf\":{\"@id\":\"https:\/\/denizcankizil.tr\/#website\"},\"datePublished\":\"2024-11-26T07:41:39+00:00\",\"breadcrumb\":{\"@id\":\"https:\/\/denizcankizil.tr\/ru\/haberler\/gundem\/konakta-6284-izmir-bulusmasi-cins-kirima-varan-bir-tabloyla-karsi-karsiyayiz\/#breadcrumb\"},\"inLanguage\":\"ru-RU\",\"potentialAction\":[{\"@type\":\"ReadAction\",\"target\":[\"https:\/\/denizcankizil.tr\/ru\/haberler\/gundem\/konakta-6284-izmir-bulusmasi-cins-kirima-varan-bir-tabloyla-karsi-karsiyayiz\/\"]}]},{\"@type\":\"BreadcrumbList\",\"@id\":\"https:\/\/denizcankizil.tr\/ru\/haberler\/gundem\/konakta-6284-izmir-bulusmasi-cins-kirima-varan-bir-tabloyla-karsi-karsiyayiz\/#breadcrumb\",\"itemListElement\":[{\"@type\":\"ListItem\",\"position\":1,\"name\":\"Home\",\"item\":\"https:\/\/denizcankizil.tr\/de\/\"},{\"@type\":\"ListItem\",\"position\":2,\"name\":\"Konak\u2019ta \u201c6284-\u0130zmir\u201d bulu\u015fmas\u0131: Cins k\u0131r\u0131ma varan bir tabloyla kar\u015f\u0131 kar\u015f\u0131yay\u0131z\"}]},{\"@type\":\"WebSite\",\"@id\":\"https:\/\/denizcankizil.tr\/#website\",\"url\":\"https:\/\/denizcankizil.tr\/\",\"name\":\"Av. Deniz Can K\u0131z\u0131l\",\"description\":\"Avukat Deniz Can K\u0131z\u0131l Antalya Barosu\",\"publisher\":{\"@id\":\"https:\/\/denizcankizil.tr\/#organization\"},\"potentialAction\":[{\"@type\":\"SearchAction\",\"target\":{\"@type\":\"EntryPoint\",\"urlTemplate\":\"https:\/\/denizcankizil.tr\/?s={search_term_string}\"},\"query-input\":{\"@type\":\"PropertyValueSpecification\",\"valueRequired\":true,\"valueName\":\"search_term_string\"}}],\"inLanguage\":\"ru-RU\"},{\"@type\":\"Organization\",\"@id\":\"https:\/\/denizcankizil.tr\/#organization\",\"name\":\"Av. Deniz Can K\u0131z\u0131l\",\"url\":\"https:\/\/denizcankizil.tr\/\",\"logo\":{\"@type\":\"ImageObject\",\"inLanguage\":\"ru-RU\",\"@id\":\"https:\/\/denizcankizil.tr\/#\/schema\/logo\/image\/\",\"url\":\"https:\/\/denizcankizil.tr\/wp-content\/uploads\/2024\/10\/siyah-logo-svg.svg\",\"contentUrl\":\"https:\/\/denizcankizil.tr\/wp-content\/uploads\/2024\/10\/siyah-logo-svg.svg\",\"width\":1080,\"height\":1080,\"caption\":\"Av. Deniz Can K\u0131z\u0131l\"},\"image\":{\"@id\":\"https:\/\/denizcankizil.tr\/#\/schema\/logo\/image\/\"}}]}<\/script>\n<!-- \/ Yoast SEO Premium plugin. -->","yoast_head_json":{"title":"Konak\u2019ta \u201c6284-\u0130zmir\u201d bulu\u015fmas\u0131: Cins k\u0131r\u0131ma varan bir tabloyla kar\u015f\u0131 kar\u015f\u0131yay\u0131z - Av. Deniz Can K\u0131z\u0131l","robots":{"index":"index","follow":"follow","max-snippet":"max-snippet:-1","max-image-preview":"max-image-preview:large","max-video-preview":"max-video-preview:-1"},"canonical":"https:\/\/denizcankizil.tr\/ru\/haberler\/gundem\/konakta-6284-izmir-bulusmasi-cins-kirima-varan-bir-tabloyla-karsi-karsiyayiz\/","og_locale":"ru_RU","og_type":"article","og_title":"Konak\u2019ta \u201c6284-\u0130zmir\u201d bulu\u015fmas\u0131: Cins k\u0131r\u0131ma varan bir tabloyla kar\u015f\u0131 kar\u015f\u0131yay\u0131z","og_description":"Konak Belediyesi, 25 Kas\u0131m Kad\u0131na Y\u00f6nelik \u015eiddete Kar\u015f\u0131 Uluslararas\u0131 M\u00fccadele G\u00fcn\u00fc dolay\u0131s\u0131yla T\u00fcrkan Saylan K\u00fclt\u00fcr Merkezi\u2019nde anlaml\u0131 bir etkinli\u011fe ev sahipli\u011fi yapt\u0131. \u200bKonak Belediyesi, 25 Kas\u0131m Kad\u0131na Y\u00f6nelik \u015eiddete Kar\u015f\u0131 Uluslararas\u0131 M\u00fccadele G\u00fcn\u00fc dolay\u0131s\u0131yla T\u00fcrkan Saylan K\u00fclt\u00fcr Merkezi\u2019nde anlaml\u0131 bir etkinli\u011fe ev sahipli\u011fi yapt\u0131.\u00a0 \u200bHaberin Al\u0131nt\u0131land\u0131\u011f\u0131 Kaynak: www.iskenderun.org","og_url":"https:\/\/denizcankizil.tr\/ru\/haberler\/gundem\/konakta-6284-izmir-bulusmasi-cins-kirima-varan-bir-tabloyla-karsi-karsiyayiz\/","og_site_name":"Av. Deniz Can K\u0131z\u0131l","article_published_time":"2024-11-26T07:41:39+00:00","twitter_card":"summary_large_image","schema":{"@context":"https:\/\/schema.org","@graph":[{"@type":"Article","@id":"https:\/\/denizcankizil.tr\/ru\/haberler\/gundem\/konakta-6284-izmir-bulusmasi-cins-kirima-varan-bir-tabloyla-karsi-karsiyayiz\/#article","isPartOf":{"@id":"https:\/\/denizcankizil.tr\/ru\/haberler\/gundem\/konakta-6284-izmir-bulusmasi-cins-kirima-varan-bir-tabloyla-karsi-karsiyayiz\/"},"author":{"name":"","@id":""},"headline":"Konak\u2019ta \u201c6284-\u0130zmir\u201d bulu\u015fmas\u0131: Cins k\u0131r\u0131ma varan bir tabloyla kar\u015f\u0131 kar\u015f\u0131yay\u0131z","datePublished":"2024-11-26T07:41:39+00:00","mainEntityOfPage":{"@id":"https:\/\/denizcankizil.tr\/ru\/haberler\/gundem\/konakta-6284-izmir-bulusmasi-cins-kirima-varan-bir-tabloyla-karsi-karsiyayiz\/"},"wordCount":93,"commentCount":0,"publisher":{"@id":"https:\/\/denizcankizil.tr\/#organization"},"articleSection":["G\u00fcndem","Uncategorized"],"inLanguage":"ru-RU","potentialAction":[{"@type":"CommentAction","name":"Comment","target":["https:\/\/denizcankizil.tr\/ru\/haberler\/gundem\/konakta-6284-izmir-bulusmasi-cins-kirima-varan-bir-tabloyla-karsi-karsiyayiz\/#respond"]}]},{"@type":"WebPage","@id":"https:\/\/denizcankizil.tr\/ru\/haberler\/gundem\/konakta-6284-izmir-bulusmasi-cins-kirima-varan-bir-tabloyla-karsi-karsiyayiz\/","url":"https:\/\/denizcankizil.tr\/ru\/haberler\/gundem\/konakta-6284-izmir-bulusmasi-cins-kirima-varan-bir-tabloyla-karsi-karsiyayiz\/","name":"Konak\u2019ta \u201c6284-\u0130zmir\u201d bulu\u015fmas\u0131: Cins k\u0131r\u0131ma varan bir tabloyla kar\u015f\u0131 kar\u015f\u0131yay\u0131z - Av. Deniz Can K\u0131z\u0131l","isPartOf":{"@id":"https:\/\/denizcankizil.tr\/#website"},"datePublished":"2024-11-26T07:41:39+00:00","breadcrumb":{"@id":"https:\/\/denizcankizil.tr\/ru\/haberler\/gundem\/konakta-6284-izmir-bulusmasi-cins-kirima-varan-bir-tabloyla-karsi-karsiyayiz\/#breadcrumb"},"inLanguage":"ru-RU","potentialAction":[{"@type":"ReadAction","target":["https:\/\/denizcankizil.tr\/ru\/haberler\/gundem\/konakta-6284-izmir-bulusmasi-cins-kirima-varan-bir-tabloyla-karsi-karsiyayiz\/"]}]},{"@type":"BreadcrumbList","@id":"https:\/\/denizcankizil.tr\/ru\/haberler\/gundem\/konakta-6284-izmir-bulusmasi-cins-kirima-varan-bir-tabloyla-karsi-karsiyayiz\/#breadcrumb","itemListElement":[{"@type":"ListItem","position":1,"name":"Home","item":"https:\/\/denizcankizil.tr\/de\/"},{"@type":"ListItem","position":2,"name":"Konak\u2019ta \u201c6284-\u0130zmir\u201d bulu\u015fmas\u0131: Cins k\u0131r\u0131ma varan bir tabloyla kar\u015f\u0131 kar\u015f\u0131yay\u0131z"}]},{"@type":"WebSite","@id":"https:\/\/denizcankizil.tr\/#website","url":"https:\/\/denizcankizil.tr\/","name":"Av. Deniz Can K\u0131z\u0131l","description":"Avukat Deniz Can K\u0131z\u0131l Antalya Barosu","publisher":{"@id":"https:\/\/denizcankizil.tr\/#organization"},"potentialAction":[{"@type":"SearchAction","target":{"@type":"EntryPoint","urlTemplate":"https:\/\/denizcankizil.tr\/?s={search_term_string}"},"query-input":{"@type":"PropertyValueSpecification","valueRequired":true,"valueName":"search_term_string"}}],"inLanguage":"ru-RU"},{"@type":"Organization","@id":"https:\/\/denizcankizil.tr\/#organization","name":"Av. Deniz Can K\u0131z\u0131l","url":"https:\/\/denizcankizil.tr\/","logo":{"@type":"ImageObject","inLanguage":"ru-RU","@id":"https:\/\/denizcankizil.tr\/#\/schema\/logo\/image\/","url":"https:\/\/denizcankizil.tr\/wp-content\/uploads\/2024\/10\/siyah-logo-svg.svg","contentUrl":"https:\/\/denizcankizil.tr\/wp-content\/uploads\/2024\/10\/siyah-logo-svg.svg","width":1080,"height":1080,"caption":"Av. Deniz Can K\u0131z\u0131l"},"image":{"@id":"https:\/\/denizcankizil.tr\/#\/schema\/logo\/image\/"}}]}},"_links":{"self":[{"href":"https:\/\/denizcankizil.tr\/ru\/wp-json\/wp\/v2\/posts\/17685","targetHints":{"allow":["GET"]}}],"collection":[{"href":"https:\/\/denizcankizil.tr\/ru\/wp-json\/wp\/v2\/posts"}],"about":[{"href":"https:\/\/denizcankizil.tr\/ru\/wp-json\/wp\/v2\/types\/post"}],"replies":[{"embeddable":true,"href":"https:\/\/denizcankizil.tr\/ru\/wp-json\/wp\/v2\/comments?post=17685"}],"version-history":[{"count":0,"href":"https:\/\/denizcankizil.tr\/ru\/wp-json\/wp\/v2\/posts\/17685\/revisions"}],"wp:attachment":[{"href":"https:\/\/denizcankizil.tr\/ru\/wp-json\/wp\/v2\/media?parent=17685"}],"wp:term":[{"taxonomy":"category","embeddable":true,"href":"https:\/\/denizcankizil.tr\/ru\/wp-json\/wp\/v2\/categories?post=17685"},{"taxonomy":"post_tag","embeddable":true,"href":"https:\/\/denizcankizil.tr\/ru\/wp-json\/wp\/v2\/tags?post=17685"}],"curies":[{"name":"wp","href":"https:\/\/api.w.org\/{rel}","templated":true}]}}