{"id":17684,"date":"2024-11-26T10:41:39","date_gmt":"2024-11-26T07:41:39","guid":{"rendered":"https:\/\/denizcankizil.tr\/uncategorized-tr\/mudanyada-kadin-esitlik-merkezi-acildi-kadinlara-guvenli-gelecek\/"},"modified":"2024-11-26T10:41:39","modified_gmt":"2024-11-26T07:41:39","slug":"mudanyada-kadin-esitlik-merkezi-acildi-kadinlara-guvenli-gelecek","status":"publish","type":"post","link":"https:\/\/denizcankizil.tr\/ru\/haberler\/gundem\/mudanyada-kadin-esitlik-merkezi-acildi-kadinlara-guvenli-gelecek\/","title":{"rendered":"Mudanya\u2019da Kad\u0131n E\u015fitlik Merkezi a\u00e7\u0131ld\u0131: &#8220;Kad\u0131nlara G\u00fcvenli Gelecek&#8221;"},"content":{"rendered":"<p>Mudanya Belediyesi, kad\u0131nlar\u0131n sosyal, psikolojik, hukuki ve g\u00fcvenlik ihtiya\u00e7lar\u0131na cevap verebilmek i\u00e7in \u201cKad\u0131n E\u015fitlik Merkezi\u201dni hizmete a\u00e7t\u0131.<\/p>\n<p>\u200bMudanya Belediyesi, kad\u0131nlar\u0131n sosyal, psikolojik, hukuki ve g\u00fcvenlik ihtiya\u00e7lar\u0131na cevap verebilmek i\u00e7in \u201cKad\u0131n E\u015fitlik Merkezi\u201dni hizmete a\u00e7t\u0131.\u00a0<\/p>\n<p>\u200bHaberin Al\u0131nt\u0131land\u0131\u011f\u0131 Kaynak: www.iskenderun.org<\/p>","protected":false},"excerpt":{"rendered":"<p>Mudanya Belediyesi, kad\u0131nlar\u0131n sosyal, psikolojik, hukuki ve g\u00fcvenlik ihtiya\u00e7lar\u0131na cevap verebilmek i\u00e7in \u201cKad\u0131n E\u015fitlik Merkezi\u201dni hizmete a\u00e7t\u0131. \u200bMudanya Belediyesi, kad\u0131nlar\u0131n sosyal, psikolojik, hukuki ve g\u00fcvenlik ihtiya\u00e7lar\u0131na cevap verebilmek i\u00e7in \u201cKad\u0131n E\u015fitlik Merkezi\u201dni hizmete a\u00e7t\u0131.\u00a0 \u200bHaberin Al\u0131nt\u0131land\u0131\u011f\u0131 Kaynak: www.iskenderun.org<\/p>","protected":false},"author":0,"featured_media":0,"comment_status":"open","ping_status":"open","sticky":false,"template":"","format":"standard","meta":{"_acf_changed":false,"footnotes":""},"categories":[24,535],"tags":[],"class_list":["post-17684","post","type-post","status-publish","format-standard","has-post-thumbnail","hentry","category-gundem","category-uncategorized-tr"],"acf":[],"yoast_head":"<!-- This site is optimized with the Yoast SEO Premium plugin v26.6 (Yoast SEO v27.1.1) - https:\/\/yoast.com\/product\/yoast-seo-premium-wordpress\/ -->\n<title>Mudanya\u2019da Kad\u0131n E\u015fitlik Merkezi a\u00e7\u0131ld\u0131: &quot;Kad\u0131nlara G\u00fcvenli Gelecek&quot; - Av. Deniz Can K\u0131z\u0131l<\/title>\n<meta name=\"robots\" content=\"index, follow, max-snippet:-1, max-image-preview:large, max-video-preview:-1\" \/>\n<link rel=\"canonical\" href=\"https:\/\/denizcankizil.tr\/ru\/haberler\/gundem\/mudanyada-kadin-esitlik-merkezi-acildi-kadinlara-guvenli-gelecek\/\" \/>\n<meta property=\"og:locale\" content=\"ru_RU\" \/>\n<meta property=\"og:type\" content=\"article\" \/>\n<meta property=\"og:title\" content=\"Mudanya\u2019da Kad\u0131n E\u015fitlik Merkezi a\u00e7\u0131ld\u0131: &quot;Kad\u0131nlara G\u00fcvenli Gelecek&quot;\" \/>\n<meta property=\"og:description\" content=\"Mudanya Belediyesi, kad\u0131nlar\u0131n sosyal, psikolojik, hukuki ve g\u00fcvenlik ihtiya\u00e7lar\u0131na cevap verebilmek i\u00e7in \u201cKad\u0131n E\u015fitlik Merkezi\u201dni hizmete a\u00e7t\u0131. \u200bMudanya Belediyesi, kad\u0131nlar\u0131n sosyal, psikolojik, hukuki ve g\u00fcvenlik ihtiya\u00e7lar\u0131na cevap verebilmek i\u00e7in \u201cKad\u0131n E\u015fitlik Merkezi\u201dni hizmete a\u00e7t\u0131.\u00a0 \u200bHaberin Al\u0131nt\u0131land\u0131\u011f\u0131 Kaynak: www.iskenderun.org\" \/>\n<meta property=\"og:url\" content=\"https:\/\/denizcankizil.tr\/ru\/haberler\/gundem\/mudanyada-kadin-esitlik-merkezi-acildi-kadinlara-guvenli-gelecek\/\" \/>\n<meta property=\"og:site_name\" content=\"Av. Deniz Can K\u0131z\u0131l\" \/>\n<meta property=\"article:published_time\" content=\"2024-11-26T07:41:39+00:00\" \/>\n<meta name=\"twitter:card\" content=\"summary_large_image\" \/>\n<script type=\"application\/ld+json\" class=\"yoast-schema-graph\">{\"@context\":\"https:\/\/schema.org\",\"@graph\":[{\"@type\":\"Article\",\"@id\":\"https:\/\/denizcankizil.tr\/ru\/haberler\/gundem\/mudanyada-kadin-esitlik-merkezi-acildi-kadinlara-guvenli-gelecek\/#article\",\"isPartOf\":{\"@id\":\"https:\/\/denizcankizil.tr\/ru\/haberler\/gundem\/mudanyada-kadin-esitlik-merkezi-acildi-kadinlara-guvenli-gelecek\/\"},\"author\":{\"name\":\"\",\"@id\":\"\"},\"headline\":\"Mudanya\u2019da Kad\u0131n E\u015fitlik Merkezi a\u00e7\u0131ld\u0131: &#8220;Kad\u0131nlara G\u00fcvenli Gelecek&#8221;\",\"datePublished\":\"2024-11-26T07:41:39+00:00\",\"mainEntityOfPage\":{\"@id\":\"https:\/\/denizcankizil.tr\/ru\/haberler\/gundem\/mudanyada-kadin-esitlik-merkezi-acildi-kadinlara-guvenli-gelecek\/\"},\"wordCount\":76,\"commentCount\":0,\"publisher\":{\"@id\":\"https:\/\/denizcankizil.tr\/#organization\"},\"articleSection\":[\"G\u00fcndem\",\"Uncategorized\"],\"inLanguage\":\"ru-RU\",\"potentialAction\":[{\"@type\":\"CommentAction\",\"name\":\"Comment\",\"target\":[\"https:\/\/denizcankizil.tr\/ru\/haberler\/gundem\/mudanyada-kadin-esitlik-merkezi-acildi-kadinlara-guvenli-gelecek\/#respond\"]}]},{\"@type\":\"WebPage\",\"@id\":\"https:\/\/denizcankizil.tr\/ru\/haberler\/gundem\/mudanyada-kadin-esitlik-merkezi-acildi-kadinlara-guvenli-gelecek\/\",\"url\":\"https:\/\/denizcankizil.tr\/ru\/haberler\/gundem\/mudanyada-kadin-esitlik-merkezi-acildi-kadinlara-guvenli-gelecek\/\",\"name\":\"Mudanya\u2019da Kad\u0131n E\u015fitlik Merkezi a\u00e7\u0131ld\u0131: \\\"Kad\u0131nlara G\u00fcvenli Gelecek\\\" - Av. Deniz Can K\u0131z\u0131l\",\"isPartOf\":{\"@id\":\"https:\/\/denizcankizil.tr\/#website\"},\"datePublished\":\"2024-11-26T07:41:39+00:00\",\"breadcrumb\":{\"@id\":\"https:\/\/denizcankizil.tr\/ru\/haberler\/gundem\/mudanyada-kadin-esitlik-merkezi-acildi-kadinlara-guvenli-gelecek\/#breadcrumb\"},\"inLanguage\":\"ru-RU\",\"potentialAction\":[{\"@type\":\"ReadAction\",\"target\":[\"https:\/\/denizcankizil.tr\/ru\/haberler\/gundem\/mudanyada-kadin-esitlik-merkezi-acildi-kadinlara-guvenli-gelecek\/\"]}]},{\"@type\":\"BreadcrumbList\",\"@id\":\"https:\/\/denizcankizil.tr\/ru\/haberler\/gundem\/mudanyada-kadin-esitlik-merkezi-acildi-kadinlara-guvenli-gelecek\/#breadcrumb\",\"itemListElement\":[{\"@type\":\"ListItem\",\"position\":1,\"name\":\"Home\",\"item\":\"https:\/\/denizcankizil.tr\/de\/\"},{\"@type\":\"ListItem\",\"position\":2,\"name\":\"Mudanya\u2019da Kad\u0131n E\u015fitlik Merkezi a\u00e7\u0131ld\u0131: &#8220;Kad\u0131nlara G\u00fcvenli Gelecek&#8221;\"}]},{\"@type\":\"WebSite\",\"@id\":\"https:\/\/denizcankizil.tr\/#website\",\"url\":\"https:\/\/denizcankizil.tr\/\",\"name\":\"Av. Deniz Can K\u0131z\u0131l\",\"description\":\"Avukat Deniz Can K\u0131z\u0131l Antalya Barosu\",\"publisher\":{\"@id\":\"https:\/\/denizcankizil.tr\/#organization\"},\"potentialAction\":[{\"@type\":\"SearchAction\",\"target\":{\"@type\":\"EntryPoint\",\"urlTemplate\":\"https:\/\/denizcankizil.tr\/?s={search_term_string}\"},\"query-input\":{\"@type\":\"PropertyValueSpecification\",\"valueRequired\":true,\"valueName\":\"search_term_string\"}}],\"inLanguage\":\"ru-RU\"},{\"@type\":\"Organization\",\"@id\":\"https:\/\/denizcankizil.tr\/#organization\",\"name\":\"Av. Deniz Can K\u0131z\u0131l\",\"url\":\"https:\/\/denizcankizil.tr\/\",\"logo\":{\"@type\":\"ImageObject\",\"inLanguage\":\"ru-RU\",\"@id\":\"https:\/\/denizcankizil.tr\/#\/schema\/logo\/image\/\",\"url\":\"https:\/\/denizcankizil.tr\/wp-content\/uploads\/2024\/10\/siyah-logo-svg.svg\",\"contentUrl\":\"https:\/\/denizcankizil.tr\/wp-content\/uploads\/2024\/10\/siyah-logo-svg.svg\",\"width\":1080,\"height\":1080,\"caption\":\"Av. Deniz Can K\u0131z\u0131l\"},\"image\":{\"@id\":\"https:\/\/denizcankizil.tr\/#\/schema\/logo\/image\/\"}}]}<\/script>\n<!-- \/ Yoast SEO Premium plugin. -->","yoast_head_json":{"title":"Mudanya\u2019da Kad\u0131n E\u015fitlik Merkezi a\u00e7\u0131ld\u0131: \"Kad\u0131nlara G\u00fcvenli Gelecek\" - Av. Deniz Can K\u0131z\u0131l","robots":{"index":"index","follow":"follow","max-snippet":"max-snippet:-1","max-image-preview":"max-image-preview:large","max-video-preview":"max-video-preview:-1"},"canonical":"https:\/\/denizcankizil.tr\/ru\/haberler\/gundem\/mudanyada-kadin-esitlik-merkezi-acildi-kadinlara-guvenli-gelecek\/","og_locale":"ru_RU","og_type":"article","og_title":"Mudanya\u2019da Kad\u0131n E\u015fitlik Merkezi a\u00e7\u0131ld\u0131: \"Kad\u0131nlara G\u00fcvenli Gelecek\"","og_description":"Mudanya Belediyesi, kad\u0131nlar\u0131n sosyal, psikolojik, hukuki ve g\u00fcvenlik ihtiya\u00e7lar\u0131na cevap verebilmek i\u00e7in \u201cKad\u0131n E\u015fitlik Merkezi\u201dni hizmete a\u00e7t\u0131. \u200bMudanya Belediyesi, kad\u0131nlar\u0131n sosyal, psikolojik, hukuki ve g\u00fcvenlik ihtiya\u00e7lar\u0131na cevap verebilmek i\u00e7in \u201cKad\u0131n E\u015fitlik Merkezi\u201dni hizmete a\u00e7t\u0131.\u00a0 \u200bHaberin Al\u0131nt\u0131land\u0131\u011f\u0131 Kaynak: www.iskenderun.org","og_url":"https:\/\/denizcankizil.tr\/ru\/haberler\/gundem\/mudanyada-kadin-esitlik-merkezi-acildi-kadinlara-guvenli-gelecek\/","og_site_name":"Av. Deniz Can K\u0131z\u0131l","article_published_time":"2024-11-26T07:41:39+00:00","twitter_card":"summary_large_image","schema":{"@context":"https:\/\/schema.org","@graph":[{"@type":"Article","@id":"https:\/\/denizcankizil.tr\/ru\/haberler\/gundem\/mudanyada-kadin-esitlik-merkezi-acildi-kadinlara-guvenli-gelecek\/#article","isPartOf":{"@id":"https:\/\/denizcankizil.tr\/ru\/haberler\/gundem\/mudanyada-kadin-esitlik-merkezi-acildi-kadinlara-guvenli-gelecek\/"},"author":{"name":"","@id":""},"headline":"Mudanya\u2019da Kad\u0131n E\u015fitlik Merkezi a\u00e7\u0131ld\u0131: &#8220;Kad\u0131nlara G\u00fcvenli Gelecek&#8221;","datePublished":"2024-11-26T07:41:39+00:00","mainEntityOfPage":{"@id":"https:\/\/denizcankizil.tr\/ru\/haberler\/gundem\/mudanyada-kadin-esitlik-merkezi-acildi-kadinlara-guvenli-gelecek\/"},"wordCount":76,"commentCount":0,"publisher":{"@id":"https:\/\/denizcankizil.tr\/#organization"},"articleSection":["G\u00fcndem","Uncategorized"],"inLanguage":"ru-RU","potentialAction":[{"@type":"CommentAction","name":"Comment","target":["https:\/\/denizcankizil.tr\/ru\/haberler\/gundem\/mudanyada-kadin-esitlik-merkezi-acildi-kadinlara-guvenli-gelecek\/#respond"]}]},{"@type":"WebPage","@id":"https:\/\/denizcankizil.tr\/ru\/haberler\/gundem\/mudanyada-kadin-esitlik-merkezi-acildi-kadinlara-guvenli-gelecek\/","url":"https:\/\/denizcankizil.tr\/ru\/haberler\/gundem\/mudanyada-kadin-esitlik-merkezi-acildi-kadinlara-guvenli-gelecek\/","name":"Mudanya\u2019da Kad\u0131n E\u015fitlik Merkezi a\u00e7\u0131ld\u0131: \"Kad\u0131nlara G\u00fcvenli Gelecek\" - Av. Deniz Can K\u0131z\u0131l","isPartOf":{"@id":"https:\/\/denizcankizil.tr\/#website"},"datePublished":"2024-11-26T07:41:39+00:00","breadcrumb":{"@id":"https:\/\/denizcankizil.tr\/ru\/haberler\/gundem\/mudanyada-kadin-esitlik-merkezi-acildi-kadinlara-guvenli-gelecek\/#breadcrumb"},"inLanguage":"ru-RU","potentialAction":[{"@type":"ReadAction","target":["https:\/\/denizcankizil.tr\/ru\/haberler\/gundem\/mudanyada-kadin-esitlik-merkezi-acildi-kadinlara-guvenli-gelecek\/"]}]},{"@type":"BreadcrumbList","@id":"https:\/\/denizcankizil.tr\/ru\/haberler\/gundem\/mudanyada-kadin-esitlik-merkezi-acildi-kadinlara-guvenli-gelecek\/#breadcrumb","itemListElement":[{"@type":"ListItem","position":1,"name":"Home","item":"https:\/\/denizcankizil.tr\/de\/"},{"@type":"ListItem","position":2,"name":"Mudanya\u2019da Kad\u0131n E\u015fitlik Merkezi a\u00e7\u0131ld\u0131: &#8220;Kad\u0131nlara G\u00fcvenli Gelecek&#8221;"}]},{"@type":"WebSite","@id":"https:\/\/denizcankizil.tr\/#website","url":"https:\/\/denizcankizil.tr\/","name":"Av. Deniz Can K\u0131z\u0131l","description":"Avukat Deniz Can K\u0131z\u0131l Antalya Barosu","publisher":{"@id":"https:\/\/denizcankizil.tr\/#organization"},"potentialAction":[{"@type":"SearchAction","target":{"@type":"EntryPoint","urlTemplate":"https:\/\/denizcankizil.tr\/?s={search_term_string}"},"query-input":{"@type":"PropertyValueSpecification","valueRequired":true,"valueName":"search_term_string"}}],"inLanguage":"ru-RU"},{"@type":"Organization","@id":"https:\/\/denizcankizil.tr\/#organization","name":"Av. Deniz Can K\u0131z\u0131l","url":"https:\/\/denizcankizil.tr\/","logo":{"@type":"ImageObject","inLanguage":"ru-RU","@id":"https:\/\/denizcankizil.tr\/#\/schema\/logo\/image\/","url":"https:\/\/denizcankizil.tr\/wp-content\/uploads\/2024\/10\/siyah-logo-svg.svg","contentUrl":"https:\/\/denizcankizil.tr\/wp-content\/uploads\/2024\/10\/siyah-logo-svg.svg","width":1080,"height":1080,"caption":"Av. Deniz Can K\u0131z\u0131l"},"image":{"@id":"https:\/\/denizcankizil.tr\/#\/schema\/logo\/image\/"}}]}},"_links":{"self":[{"href":"https:\/\/denizcankizil.tr\/ru\/wp-json\/wp\/v2\/posts\/17684","targetHints":{"allow":["GET"]}}],"collection":[{"href":"https:\/\/denizcankizil.tr\/ru\/wp-json\/wp\/v2\/posts"}],"about":[{"href":"https:\/\/denizcankizil.tr\/ru\/wp-json\/wp\/v2\/types\/post"}],"replies":[{"embeddable":true,"href":"https:\/\/denizcankizil.tr\/ru\/wp-json\/wp\/v2\/comments?post=17684"}],"version-history":[{"count":0,"href":"https:\/\/denizcankizil.tr\/ru\/wp-json\/wp\/v2\/posts\/17684\/revisions"}],"wp:attachment":[{"href":"https:\/\/denizcankizil.tr\/ru\/wp-json\/wp\/v2\/media?parent=17684"}],"wp:term":[{"taxonomy":"category","embeddable":true,"href":"https:\/\/denizcankizil.tr\/ru\/wp-json\/wp\/v2\/categories?post=17684"},{"taxonomy":"post_tag","embeddable":true,"href":"https:\/\/denizcankizil.tr\/ru\/wp-json\/wp\/v2\/tags?post=17684"}],"curies":[{"name":"wp","href":"https:\/\/api.w.org\/{rel}","templated":true}]}}