{"id":17678,"date":"2024-11-26T10:41:35","date_gmt":"2024-11-26T07:41:35","guid":{"rendered":"https:\/\/denizcankizil.tr\/uncategorized-tr\/icislerinden-gurz-26da-54-gozalti\/"},"modified":"2024-11-26T10:41:35","modified_gmt":"2024-11-26T07:41:35","slug":"icislerinden-gurz-26da-54-gozalti","status":"publish","type":"post","link":"https:\/\/denizcankizil.tr\/ru\/haberler\/gundem\/icislerinden-gurz-26da-54-gozalti\/","title":{"rendered":"\u0130\u00e7i\u015fleri&#8217;nden G\u00fcrz-26&#8217;da 54 g\u00f6zalt\u0131!"},"content":{"rendered":"<p>\u0130\u00e7i\u015fleri Bakanl\u0131\u011f\u0131&#8217;n\u0131n bir s\u00fcredir s\u00fcrd\u00fcrd\u00fc\u011f\u00fc &#8220;G\u00fcrz&#8221; operasyonlar\u0131n\u0131n 26&#8217;nc\u0131s\u0131 18 ilde ger\u00e7ekle\u015ftirildi. DEA\u015e \u00f6rg\u00fct\u00fcne y\u00f6nelik yap\u0131lan operasyonlarda yakalanan 54 \u015f\u00fcpheliden 20&#8217;si ututland\u0131.ANKARA (\u0130GFA) &#8211; G\u00fcrz-26 operasyonunun detaylar\u0131n\u0131 \u0130\u00e7i\u015fleri Bakan\u0131 Ali Yerlikaya a\u00e7\u0131klad\u0131.\u00a0<br \/>\nBakan Yerlikaya;\u00a0Afyonkarahisar, Ayd\u0131n, Bursa, Erzurum, Eski\u015fehir, Hatay, \u0130stanbul, Kahramanmara\u015f, Kayseri, Konya, K\u0131r\u015fehir, Kilis, Mersin, Nev\u015fehir, Samsun, Sinop, Tekirda\u011f ve Trabzon Cumhuriyet Ba\u015fsavc\u0131l\u0131klar\u0131 ile Jandarma Genel Komutanl\u0131\u011f\u0131 TEM Daire Ba\u015fkanl\u0131\u011f\u0131 koordinesinde; \u0130l Jandarma Komutanl\u0131klar\u0131 TEM \u015eube M\u00fcd\u00fcrl\u00fcklerince DEA\u015e ter\u00f6r \u00f6rg\u00fct\u00fcne y\u00f6nelik &#8220;G\u00dcRZ-26&#8221; operasyonlar\u0131nde 54 \u015f\u00fcphelinin yakaland\u0131\u011f\u0131n\u0131 duyurdu.<br \/>\nBakan Yerlikaya, g\u00f6zalt\u0131na al\u0131nanlarda\u00a020&#8217;sinin tutukland\u0131\u011f\u0131n\u0131, 11&#8217;i hakk\u0131nda adli kontrol karar\u0131 verildi\u011fini kaydetti.\u00a0<\/p>\n<p>https:\/\/twitter.com\/AliYerlikaya\/status\/1861275107513245920<\/p>\n<p>Yakalanan \u015f\u00fcphelilerin; Ter\u00f6r \u00f6rg\u00fct\u00fcne \u00fcye olmak, Ter\u00f6r \u00f6rg\u00fct\u00fcne yard\u0131m ve yatakl\u0131k etmek, Sosyal medya platformlar\u0131 \u00fczerinden \u00f6rg\u00fct\u00fcn propagandas\u0131n\u0131 yapmak su\u00e7lar\u0131ndan Savc\u0131l\u0131klar\u0131m\u0131zca haklar\u0131nda soru\u015fturma ba\u015flat\u0131ld\u0131.\u00a0<br \/>\nBakan Yerlikaya, yaz k\u0131\u015f, gece g\u00fcnd\u00fcz demeden, g\u00fcvenlik g\u00fc\u00e7lerimizle ter\u00f6r \u00f6rg\u00fctlerine kar\u015f\u0131 kararl\u0131l\u0131kla m\u00fccadele edilece\u011finin mesaj\u0131n\u0131 yineledi.<\/p>\n<p>\u200b\u0130\u00e7i\u015fleri Bakanl\u0131\u011f\u0131&#8217;n\u0131n bir s\u00fcredir s\u00fcrd\u00fcrd\u00fc\u011f\u00fc &#8220;G\u00fcrz&#8221; operasyonlar\u0131n\u0131n 26&#8217;nc\u0131s\u0131 18 ilde ger\u00e7ekle\u015ftirildi  DEA\u015e \u00f6rg\u00fct\u00fcne y\u00f6nelik yap\u0131lan operasyonlarda yakalanan 54 \u015f\u00fcpheliden 20&#8217;si ututland\u0131\u00a0<\/p>\n<p>\u200bHaberin Al\u0131nt\u0131land\u0131\u011f\u0131 Kaynak: www.iskenderun.org<\/p>","protected":false},"excerpt":{"rendered":"<p>\u0130\u00e7i\u015fleri Bakanl\u0131\u011f\u0131&#8217;n\u0131n bir s\u00fcredir s\u00fcrd\u00fcrd\u00fc\u011f\u00fc &#8220;G\u00fcrz&#8221; operasyonlar\u0131n\u0131n 26&#8217;nc\u0131s\u0131 18 ilde ger\u00e7ekle\u015ftirildi. DEA\u015e \u00f6rg\u00fct\u00fcne y\u00f6nelik yap\u0131lan operasyonlarda yakalanan 54 \u015f\u00fcpheliden 20&#8217;si ututland\u0131.ANKARA (\u0130GFA) &#8211; G\u00fcrz-26 operasyonunun detaylar\u0131n\u0131 \u0130\u00e7i\u015fleri Bakan\u0131 Ali Yerlikaya a\u00e7\u0131klad\u0131.\u00a0 Bakan Yerlikaya;\u00a0Afyonkarahisar, Ayd\u0131n, Bursa, Erzurum, Eski\u015fehir, Hatay, \u0130stanbul, Kahramanmara\u015f, Kayseri, Konya, K\u0131r\u015fehir, Kilis, Mersin, Nev\u015fehir, Samsun, Sinop, Tekirda\u011f ve Trabzon Cumhuriyet Ba\u015fsavc\u0131l\u0131klar\u0131 ile Jandarma Genel Komutanl\u0131\u011f\u0131 TEM Daire Ba\u015fkanl\u0131\u011f\u0131 koordinesinde; \u0130l Jandarma Komutanl\u0131klar\u0131 TEM \u015eube M\u00fcd\u00fcrl\u00fcklerince DEA\u015e ter\u00f6r \u00f6rg\u00fct\u00fcne y\u00f6nelik &#8220;G\u00dcRZ-26&#8221; operasyonlar\u0131nde 54 \u015f\u00fcphelinin yakaland\u0131\u011f\u0131n\u0131 duyurdu. Bakan Yerlikaya, g\u00f6zalt\u0131na al\u0131nanlarda\u00a020&#8217;sinin tutukland\u0131\u011f\u0131n\u0131, 11&#8217;i hakk\u0131nda adli kontrol karar\u0131 verildi\u011fini kaydetti.\u00a0 https:\/\/twitter.com\/AliYerlikaya\/status\/1861275107513245920 Yakalanan \u015f\u00fcphelilerin; Ter\u00f6r \u00f6rg\u00fct\u00fcne \u00fcye olmak, Ter\u00f6r \u00f6rg\u00fct\u00fcne yard\u0131m ve yatakl\u0131k etmek, Sosyal medya platformlar\u0131 \u00fczerinden \u00f6rg\u00fct\u00fcn propagandas\u0131n\u0131 yapmak su\u00e7lar\u0131ndan Savc\u0131l\u0131klar\u0131m\u0131zca haklar\u0131nda soru\u015fturma ba\u015flat\u0131ld\u0131.\u00a0 Bakan Yerlikaya, yaz k\u0131\u015f, gece g\u00fcnd\u00fcz demeden, g\u00fcvenlik g\u00fc\u00e7lerimizle ter\u00f6r \u00f6rg\u00fctlerine kar\u015f\u0131 kararl\u0131l\u0131kla m\u00fccadele edilece\u011finin mesaj\u0131n\u0131 yineledi. \u200b\u0130\u00e7i\u015fleri Bakanl\u0131\u011f\u0131&#8217;n\u0131n bir s\u00fcredir s\u00fcrd\u00fcrd\u00fc\u011f\u00fc &#8220;G\u00fcrz&#8221; operasyonlar\u0131n\u0131n 26&#8217;nc\u0131s\u0131 18 ilde ger\u00e7ekle\u015ftirildi DEA\u015e \u00f6rg\u00fct\u00fcne y\u00f6nelik yap\u0131lan operasyonlarda yakalanan 54 \u015f\u00fcpheliden 20&#8217;si ututland\u0131\u00a0 \u200bHaberin Al\u0131nt\u0131land\u0131\u011f\u0131 Kaynak: www.iskenderun.org<\/p>","protected":false},"author":0,"featured_media":0,"comment_status":"open","ping_status":"open","sticky":false,"template":"","format":"standard","meta":{"_acf_changed":false,"footnotes":""},"categories":[24,535],"tags":[],"class_list":["post-17678","post","type-post","status-publish","format-standard","has-post-thumbnail","hentry","category-gundem","category-uncategorized-tr"],"acf":[],"yoast_head":"<!-- This site is optimized with the Yoast SEO Premium plugin v26.6 (Yoast SEO v27.1.1) - https:\/\/yoast.com\/product\/yoast-seo-premium-wordpress\/ -->\n<title>\u0130\u00e7i\u015fleri&#039;nden G\u00fcrz-26&#039;da 54 g\u00f6zalt\u0131! - Av. Deniz Can K\u0131z\u0131l<\/title>\n<meta name=\"robots\" content=\"index, follow, max-snippet:-1, max-image-preview:large, max-video-preview:-1\" \/>\n<link rel=\"canonical\" href=\"https:\/\/denizcankizil.tr\/ru\/haberler\/gundem\/icislerinden-gurz-26da-54-gozalti\/\" \/>\n<meta property=\"og:locale\" content=\"ru_RU\" \/>\n<meta property=\"og:type\" content=\"article\" \/>\n<meta property=\"og:title\" content=\"\u0130\u00e7i\u015fleri&#039;nden G\u00fcrz-26&#039;da 54 g\u00f6zalt\u0131!\" \/>\n<meta property=\"og:description\" content=\"\u0130\u00e7i\u015fleri Bakanl\u0131\u011f\u0131&#8217;n\u0131n bir s\u00fcredir s\u00fcrd\u00fcrd\u00fc\u011f\u00fc &#8220;G\u00fcrz&#8221; operasyonlar\u0131n\u0131n 26&#8217;nc\u0131s\u0131 18 ilde ger\u00e7ekle\u015ftirildi. DEA\u015e \u00f6rg\u00fct\u00fcne y\u00f6nelik yap\u0131lan operasyonlarda yakalanan 54 \u015f\u00fcpheliden 20&#8217;si ututland\u0131.ANKARA (\u0130GFA) &#8211; G\u00fcrz-26 operasyonunun detaylar\u0131n\u0131 \u0130\u00e7i\u015fleri Bakan\u0131 Ali Yerlikaya a\u00e7\u0131klad\u0131.\u00a0 Bakan Yerlikaya;\u00a0Afyonkarahisar, Ayd\u0131n, Bursa, Erzurum, Eski\u015fehir, Hatay, \u0130stanbul, Kahramanmara\u015f, Kayseri, Konya, K\u0131r\u015fehir, Kilis, Mersin, Nev\u015fehir, Samsun, Sinop, Tekirda\u011f ve Trabzon Cumhuriyet Ba\u015fsavc\u0131l\u0131klar\u0131 ile Jandarma Genel Komutanl\u0131\u011f\u0131 TEM Daire Ba\u015fkanl\u0131\u011f\u0131 koordinesinde; \u0130l Jandarma Komutanl\u0131klar\u0131 TEM \u015eube M\u00fcd\u00fcrl\u00fcklerince DEA\u015e ter\u00f6r \u00f6rg\u00fct\u00fcne y\u00f6nelik &#8220;G\u00dcRZ-26&#8221; operasyonlar\u0131nde 54 \u015f\u00fcphelinin yakaland\u0131\u011f\u0131n\u0131 duyurdu. Bakan Yerlikaya, g\u00f6zalt\u0131na al\u0131nanlarda\u00a020&#8217;sinin tutukland\u0131\u011f\u0131n\u0131, 11&#8217;i hakk\u0131nda adli kontrol karar\u0131 verildi\u011fini kaydetti.\u00a0 https:\/\/twitter.com\/AliYerlikaya\/status\/1861275107513245920 Yakalanan \u015f\u00fcphelilerin; Ter\u00f6r \u00f6rg\u00fct\u00fcne \u00fcye olmak, Ter\u00f6r \u00f6rg\u00fct\u00fcne yard\u0131m ve yatakl\u0131k etmek, Sosyal medya platformlar\u0131 \u00fczerinden \u00f6rg\u00fct\u00fcn propagandas\u0131n\u0131 yapmak su\u00e7lar\u0131ndan Savc\u0131l\u0131klar\u0131m\u0131zca haklar\u0131nda soru\u015fturma ba\u015flat\u0131ld\u0131.\u00a0 Bakan Yerlikaya, yaz k\u0131\u015f, gece g\u00fcnd\u00fcz demeden, g\u00fcvenlik g\u00fc\u00e7lerimizle ter\u00f6r \u00f6rg\u00fctlerine kar\u015f\u0131 kararl\u0131l\u0131kla m\u00fccadele edilece\u011finin mesaj\u0131n\u0131 yineledi. \u200b\u0130\u00e7i\u015fleri Bakanl\u0131\u011f\u0131&#8217;n\u0131n bir s\u00fcredir s\u00fcrd\u00fcrd\u00fc\u011f\u00fc &#8220;G\u00fcrz&#8221; operasyonlar\u0131n\u0131n 26&#8217;nc\u0131s\u0131 18 ilde ger\u00e7ekle\u015ftirildi DEA\u015e \u00f6rg\u00fct\u00fcne y\u00f6nelik yap\u0131lan operasyonlarda yakalanan 54 \u015f\u00fcpheliden 20&#8217;si ututland\u0131\u00a0 \u200bHaberin Al\u0131nt\u0131land\u0131\u011f\u0131 Kaynak: www.iskenderun.org\" \/>\n<meta property=\"og:url\" content=\"https:\/\/denizcankizil.tr\/ru\/haberler\/gundem\/icislerinden-gurz-26da-54-gozalti\/\" \/>\n<meta property=\"og:site_name\" content=\"Av. Deniz Can K\u0131z\u0131l\" \/>\n<meta property=\"article:published_time\" content=\"2024-11-26T07:41:35+00:00\" \/>\n<meta name=\"twitter:card\" content=\"summary_large_image\" \/>\n<meta name=\"twitter:label1\" content=\"\u041f\u0440\u0438\u043c\u0435\u0440\u043d\u043e\u0435 \u0432\u0440\u0435\u043c\u044f \u0434\u043b\u044f \u0447\u0442\u0435\u043d\u0438\u044f\" \/>\n\t<meta name=\"twitter:data1\" content=\"1 \u043c\u0438\u043d\u0443\u0442\u0430\" \/>\n<script type=\"application\/ld+json\" class=\"yoast-schema-graph\">{\"@context\":\"https:\/\/schema.org\",\"@graph\":[{\"@type\":\"Article\",\"@id\":\"https:\/\/denizcankizil.tr\/ru\/haberler\/gundem\/icislerinden-gurz-26da-54-gozalti\/#article\",\"isPartOf\":{\"@id\":\"https:\/\/denizcankizil.tr\/ru\/haberler\/gundem\/icislerinden-gurz-26da-54-gozalti\/\"},\"author\":{\"name\":\"\",\"@id\":\"\"},\"headline\":\"\u0130\u00e7i\u015fleri&#8217;nden G\u00fcrz-26&#8217;da 54 g\u00f6zalt\u0131!\",\"datePublished\":\"2024-11-26T07:41:35+00:00\",\"mainEntityOfPage\":{\"@id\":\"https:\/\/denizcankizil.tr\/ru\/haberler\/gundem\/icislerinden-gurz-26da-54-gozalti\/\"},\"wordCount\":264,\"commentCount\":0,\"publisher\":{\"@id\":\"https:\/\/denizcankizil.tr\/de\/#organization\"},\"articleSection\":[\"G\u00fcndem\",\"Uncategorized\"],\"inLanguage\":\"ru-RU\",\"potentialAction\":[{\"@type\":\"CommentAction\",\"name\":\"Comment\",\"target\":[\"https:\/\/denizcankizil.tr\/ru\/haberler\/gundem\/icislerinden-gurz-26da-54-gozalti\/#respond\"]}]},{\"@type\":\"WebPage\",\"@id\":\"https:\/\/denizcankizil.tr\/ru\/haberler\/gundem\/icislerinden-gurz-26da-54-gozalti\/\",\"url\":\"https:\/\/denizcankizil.tr\/ru\/haberler\/gundem\/icislerinden-gurz-26da-54-gozalti\/\",\"name\":\"\u0130\u00e7i\u015fleri'nden G\u00fcrz-26'da 54 g\u00f6zalt\u0131! - Av. Deniz Can K\u0131z\u0131l\",\"isPartOf\":{\"@id\":\"https:\/\/denizcankizil.tr\/de\/#website\"},\"datePublished\":\"2024-11-26T07:41:35+00:00\",\"breadcrumb\":{\"@id\":\"https:\/\/denizcankizil.tr\/ru\/haberler\/gundem\/icislerinden-gurz-26da-54-gozalti\/#breadcrumb\"},\"inLanguage\":\"ru-RU\",\"potentialAction\":[{\"@type\":\"ReadAction\",\"target\":[\"https:\/\/denizcankizil.tr\/ru\/haberler\/gundem\/icislerinden-gurz-26da-54-gozalti\/\"]}]},{\"@type\":\"BreadcrumbList\",\"@id\":\"https:\/\/denizcankizil.tr\/ru\/haberler\/gundem\/icislerinden-gurz-26da-54-gozalti\/#breadcrumb\",\"itemListElement\":[{\"@type\":\"ListItem\",\"position\":1,\"name\":\"Home\",\"item\":\"https:\/\/denizcankizil.tr\/de\/\"},{\"@type\":\"ListItem\",\"position\":2,\"name\":\"\u0130\u00e7i\u015fleri&#8217;nden G\u00fcrz-26&#8217;da 54 g\u00f6zalt\u0131!\"}]},{\"@type\":\"WebSite\",\"@id\":\"https:\/\/denizcankizil.tr\/de\/#website\",\"url\":\"https:\/\/denizcankizil.tr\/de\/\",\"name\":\"Av. Deniz Can K\u0131z\u0131l\",\"description\":\"Avukat Deniz Can K\u0131z\u0131l Antalya Barosu\",\"publisher\":{\"@id\":\"https:\/\/denizcankizil.tr\/de\/#organization\"},\"potentialAction\":[{\"@type\":\"SearchAction\",\"target\":{\"@type\":\"EntryPoint\",\"urlTemplate\":\"https:\/\/denizcankizil.tr\/de\/?s={search_term_string}\"},\"query-input\":{\"@type\":\"PropertyValueSpecification\",\"valueRequired\":true,\"valueName\":\"search_term_string\"}}],\"inLanguage\":\"ru-RU\"},{\"@type\":\"Organization\",\"@id\":\"https:\/\/denizcankizil.tr\/de\/#organization\",\"name\":\"Av. Deniz Can K\u0131z\u0131l\",\"url\":\"https:\/\/denizcankizil.tr\/de\/\",\"logo\":{\"@type\":\"ImageObject\",\"inLanguage\":\"ru-RU\",\"@id\":\"https:\/\/denizcankizil.tr\/de\/#\/schema\/logo\/image\/\",\"url\":\"https:\/\/denizcankizil.tr\/wp-content\/uploads\/2024\/10\/siyah-logo-svg.svg\",\"contentUrl\":\"https:\/\/denizcankizil.tr\/wp-content\/uploads\/2024\/10\/siyah-logo-svg.svg\",\"width\":1080,\"height\":1080,\"caption\":\"Av. Deniz Can K\u0131z\u0131l\"},\"image\":{\"@id\":\"https:\/\/denizcankizil.tr\/de\/#\/schema\/logo\/image\/\"}}]}<\/script>\n<!-- \/ Yoast SEO Premium plugin. -->","yoast_head_json":{"title":"\u0130\u00e7i\u015fleri'nden G\u00fcrz-26'da 54 g\u00f6zalt\u0131! - Av. Deniz Can K\u0131z\u0131l","robots":{"index":"index","follow":"follow","max-snippet":"max-snippet:-1","max-image-preview":"max-image-preview:large","max-video-preview":"max-video-preview:-1"},"canonical":"https:\/\/denizcankizil.tr\/ru\/haberler\/gundem\/icislerinden-gurz-26da-54-gozalti\/","og_locale":"ru_RU","og_type":"article","og_title":"\u0130\u00e7i\u015fleri'nden G\u00fcrz-26'da 54 g\u00f6zalt\u0131!","og_description":"\u0130\u00e7i\u015fleri Bakanl\u0131\u011f\u0131&#8217;n\u0131n bir s\u00fcredir s\u00fcrd\u00fcrd\u00fc\u011f\u00fc &#8220;G\u00fcrz&#8221; operasyonlar\u0131n\u0131n 26&#8217;nc\u0131s\u0131 18 ilde ger\u00e7ekle\u015ftirildi. DEA\u015e \u00f6rg\u00fct\u00fcne y\u00f6nelik yap\u0131lan operasyonlarda yakalanan 54 \u015f\u00fcpheliden 20&#8217;si ututland\u0131.ANKARA (\u0130GFA) &#8211; G\u00fcrz-26 operasyonunun detaylar\u0131n\u0131 \u0130\u00e7i\u015fleri Bakan\u0131 Ali Yerlikaya a\u00e7\u0131klad\u0131.\u00a0 Bakan Yerlikaya;\u00a0Afyonkarahisar, Ayd\u0131n, Bursa, Erzurum, Eski\u015fehir, Hatay, \u0130stanbul, Kahramanmara\u015f, Kayseri, Konya, K\u0131r\u015fehir, Kilis, Mersin, Nev\u015fehir, Samsun, Sinop, Tekirda\u011f ve Trabzon Cumhuriyet Ba\u015fsavc\u0131l\u0131klar\u0131 ile Jandarma Genel Komutanl\u0131\u011f\u0131 TEM Daire Ba\u015fkanl\u0131\u011f\u0131 koordinesinde; \u0130l Jandarma Komutanl\u0131klar\u0131 TEM \u015eube M\u00fcd\u00fcrl\u00fcklerince DEA\u015e ter\u00f6r \u00f6rg\u00fct\u00fcne y\u00f6nelik &#8220;G\u00dcRZ-26&#8221; operasyonlar\u0131nde 54 \u015f\u00fcphelinin yakaland\u0131\u011f\u0131n\u0131 duyurdu. Bakan Yerlikaya, g\u00f6zalt\u0131na al\u0131nanlarda\u00a020&#8217;sinin tutukland\u0131\u011f\u0131n\u0131, 11&#8217;i hakk\u0131nda adli kontrol karar\u0131 verildi\u011fini kaydetti.\u00a0 https:\/\/twitter.com\/AliYerlikaya\/status\/1861275107513245920 Yakalanan \u015f\u00fcphelilerin; Ter\u00f6r \u00f6rg\u00fct\u00fcne \u00fcye olmak, Ter\u00f6r \u00f6rg\u00fct\u00fcne yard\u0131m ve yatakl\u0131k etmek, Sosyal medya platformlar\u0131 \u00fczerinden \u00f6rg\u00fct\u00fcn propagandas\u0131n\u0131 yapmak su\u00e7lar\u0131ndan Savc\u0131l\u0131klar\u0131m\u0131zca haklar\u0131nda soru\u015fturma ba\u015flat\u0131ld\u0131.\u00a0 Bakan Yerlikaya, yaz k\u0131\u015f, gece g\u00fcnd\u00fcz demeden, g\u00fcvenlik g\u00fc\u00e7lerimizle ter\u00f6r \u00f6rg\u00fctlerine kar\u015f\u0131 kararl\u0131l\u0131kla m\u00fccadele edilece\u011finin mesaj\u0131n\u0131 yineledi. \u200b\u0130\u00e7i\u015fleri Bakanl\u0131\u011f\u0131&#8217;n\u0131n bir s\u00fcredir s\u00fcrd\u00fcrd\u00fc\u011f\u00fc &#8220;G\u00fcrz&#8221; operasyonlar\u0131n\u0131n 26&#8217;nc\u0131s\u0131 18 ilde ger\u00e7ekle\u015ftirildi DEA\u015e \u00f6rg\u00fct\u00fcne y\u00f6nelik yap\u0131lan operasyonlarda yakalanan 54 \u015f\u00fcpheliden 20&#8217;si ututland\u0131\u00a0 \u200bHaberin Al\u0131nt\u0131land\u0131\u011f\u0131 Kaynak: www.iskenderun.org","og_url":"https:\/\/denizcankizil.tr\/ru\/haberler\/gundem\/icislerinden-gurz-26da-54-gozalti\/","og_site_name":"Av. Deniz Can K\u0131z\u0131l","article_published_time":"2024-11-26T07:41:35+00:00","twitter_card":"summary_large_image","twitter_misc":{"\u041f\u0440\u0438\u043c\u0435\u0440\u043d\u043e\u0435 \u0432\u0440\u0435\u043c\u044f \u0434\u043b\u044f \u0447\u0442\u0435\u043d\u0438\u044f":"1 \u043c\u0438\u043d\u0443\u0442\u0430"},"schema":{"@context":"https:\/\/schema.org","@graph":[{"@type":"Article","@id":"https:\/\/denizcankizil.tr\/ru\/haberler\/gundem\/icislerinden-gurz-26da-54-gozalti\/#article","isPartOf":{"@id":"https:\/\/denizcankizil.tr\/ru\/haberler\/gundem\/icislerinden-gurz-26da-54-gozalti\/"},"author":{"name":"","@id":""},"headline":"\u0130\u00e7i\u015fleri&#8217;nden G\u00fcrz-26&#8217;da 54 g\u00f6zalt\u0131!","datePublished":"2024-11-26T07:41:35+00:00","mainEntityOfPage":{"@id":"https:\/\/denizcankizil.tr\/ru\/haberler\/gundem\/icislerinden-gurz-26da-54-gozalti\/"},"wordCount":264,"commentCount":0,"publisher":{"@id":"https:\/\/denizcankizil.tr\/de\/#organization"},"articleSection":["G\u00fcndem","Uncategorized"],"inLanguage":"ru-RU","potentialAction":[{"@type":"CommentAction","name":"Comment","target":["https:\/\/denizcankizil.tr\/ru\/haberler\/gundem\/icislerinden-gurz-26da-54-gozalti\/#respond"]}]},{"@type":"WebPage","@id":"https:\/\/denizcankizil.tr\/ru\/haberler\/gundem\/icislerinden-gurz-26da-54-gozalti\/","url":"https:\/\/denizcankizil.tr\/ru\/haberler\/gundem\/icislerinden-gurz-26da-54-gozalti\/","name":"\u0130\u00e7i\u015fleri'nden G\u00fcrz-26'da 54 g\u00f6zalt\u0131! - Av. Deniz Can K\u0131z\u0131l","isPartOf":{"@id":"https:\/\/denizcankizil.tr\/de\/#website"},"datePublished":"2024-11-26T07:41:35+00:00","breadcrumb":{"@id":"https:\/\/denizcankizil.tr\/ru\/haberler\/gundem\/icislerinden-gurz-26da-54-gozalti\/#breadcrumb"},"inLanguage":"ru-RU","potentialAction":[{"@type":"ReadAction","target":["https:\/\/denizcankizil.tr\/ru\/haberler\/gundem\/icislerinden-gurz-26da-54-gozalti\/"]}]},{"@type":"BreadcrumbList","@id":"https:\/\/denizcankizil.tr\/ru\/haberler\/gundem\/icislerinden-gurz-26da-54-gozalti\/#breadcrumb","itemListElement":[{"@type":"ListItem","position":1,"name":"Home","item":"https:\/\/denizcankizil.tr\/de\/"},{"@type":"ListItem","position":2,"name":"\u0130\u00e7i\u015fleri&#8217;nden G\u00fcrz-26&#8217;da 54 g\u00f6zalt\u0131!"}]},{"@type":"WebSite","@id":"https:\/\/denizcankizil.tr\/de\/#website","url":"https:\/\/denizcankizil.tr\/de\/","name":"Av. Deniz Can K\u0131z\u0131l","description":"Avukat Deniz Can K\u0131z\u0131l Antalya Barosu","publisher":{"@id":"https:\/\/denizcankizil.tr\/de\/#organization"},"potentialAction":[{"@type":"SearchAction","target":{"@type":"EntryPoint","urlTemplate":"https:\/\/denizcankizil.tr\/de\/?s={search_term_string}"},"query-input":{"@type":"PropertyValueSpecification","valueRequired":true,"valueName":"search_term_string"}}],"inLanguage":"ru-RU"},{"@type":"Organization","@id":"https:\/\/denizcankizil.tr\/de\/#organization","name":"Av. Deniz Can K\u0131z\u0131l","url":"https:\/\/denizcankizil.tr\/de\/","logo":{"@type":"ImageObject","inLanguage":"ru-RU","@id":"https:\/\/denizcankizil.tr\/de\/#\/schema\/logo\/image\/","url":"https:\/\/denizcankizil.tr\/wp-content\/uploads\/2024\/10\/siyah-logo-svg.svg","contentUrl":"https:\/\/denizcankizil.tr\/wp-content\/uploads\/2024\/10\/siyah-logo-svg.svg","width":1080,"height":1080,"caption":"Av. Deniz Can K\u0131z\u0131l"},"image":{"@id":"https:\/\/denizcankizil.tr\/de\/#\/schema\/logo\/image\/"}}]}},"_links":{"self":[{"href":"https:\/\/denizcankizil.tr\/ru\/wp-json\/wp\/v2\/posts\/17678","targetHints":{"allow":["GET"]}}],"collection":[{"href":"https:\/\/denizcankizil.tr\/ru\/wp-json\/wp\/v2\/posts"}],"about":[{"href":"https:\/\/denizcankizil.tr\/ru\/wp-json\/wp\/v2\/types\/post"}],"replies":[{"embeddable":true,"href":"https:\/\/denizcankizil.tr\/ru\/wp-json\/wp\/v2\/comments?post=17678"}],"version-history":[{"count":0,"href":"https:\/\/denizcankizil.tr\/ru\/wp-json\/wp\/v2\/posts\/17678\/revisions"}],"wp:attachment":[{"href":"https:\/\/denizcankizil.tr\/ru\/wp-json\/wp\/v2\/media?parent=17678"}],"wp:term":[{"taxonomy":"category","embeddable":true,"href":"https:\/\/denizcankizil.tr\/ru\/wp-json\/wp\/v2\/categories?post=17678"},{"taxonomy":"post_tag","embeddable":true,"href":"https:\/\/denizcankizil.tr\/ru\/wp-json\/wp\/v2\/tags?post=17678"}],"curies":[{"name":"wp","href":"https:\/\/api.w.org\/{rel}","templated":true}]}}