{"id":17572,"date":"2024-11-25T16:41:36","date_gmt":"2024-11-25T13:41:36","guid":{"rendered":"https:\/\/denizcankizil.tr\/uncategorized-tr\/sel-ve-hortum-4-bin-500-dekarlik-tarim-alanina-zarar-verdi\/"},"modified":"2024-11-25T16:41:36","modified_gmt":"2024-11-25T13:41:36","slug":"sel-ve-hortum-4-bin-500-dekarlik-tarim-alanina-zarar-verdi","status":"publish","type":"post","link":"https:\/\/denizcankizil.tr\/ru\/haberler\/antalya\/sel-ve-hortum-4-bin-500-dekarlik-tarim-alanina-zarar-verdi\/","title":{"rendered":"Sel ve hortum 4 bin 500 dekarl\u0131k tar\u0131m alan\u0131na zarar verdi"},"content":{"rendered":"<p>AK Parti Antalya Milletvekili Mustafa K\u00f6se, hafta sonu \u015fiddetli r\u00fczgar ve sa\u011fanak ya\u011f\u0131\u015fla birlikte olu\u015fan hortum olay\u0131ndan sonra bakanl\u0131\u011f\u0131n t\u00fcm birimlerinin sahada oldu\u011funu belirtti.<br \/>\nTar\u0131m ve Orman Bakan Yard\u0131mc\u0131s\u0131 Ahmet G\u00fcmen ise yakla\u015f\u0131k 4 bin 500 dekar alan\u0131n zarar g\u00f6rd\u00fc\u011f\u00fcn\u00fc ifade ederek, \u201cOlay olduktan sonra bakanl\u0131\u011f\u0131m\u0131z\u0131n b\u00fct\u00fcn birimleri sahadayd\u0131, tespitlerini yapt\u0131. Biz de bug\u00fcn bakan\u0131m\u0131z\u0131n talimatlar\u0131yla yerinde incelemeler, tespitler yap\u0131yoruz. \u00dcreticilerimizin yan\u0131nda oldu\u011fumuzu hissettirmek istiyoruz. Yakla\u015f\u0131k 4 bin 500 dekara yak\u0131n bir hasar s\u00f6z konusu sel, hortum ve f\u0131rt\u0131nadan dolay\u0131. T\u00fcm yerleri gezip ne yap\u0131lmas\u0131 gerekiyorsa yapaca\u011f\u0131z. TARS\u0130M&#8217;den sigortal\u0131 olanlar\u0131n zarar\u0131n\u0131n b\u00fcy\u00fck bir k\u0131sm\u0131n\u0131 TARS\u0130M kar\u015f\u0131layacak. Di\u011ferleriyle ilgili ne yap\u0131lacaksa devletimiz, bakanl\u0131\u011f\u0131m\u0131z yapmaya \u00e7al\u0131\u015facak\u201d diye konu\u015ftu.<\/p>\n<p>Maliyetin tespitler yap\u0131ld\u0131ktan sonra ortaya \u00e7\u0131kaca\u011f\u0131n\u0131 s\u00f6yleyen G\u00fcmen, \u201cEksperlerimiz sahada, t\u00fcm hasar g\u00f6ren yerlerde \u00e7al\u0131\u015f\u0131yor. Eksperler hasarlar\u0131 tespit ettikten sonra rakam ortaya \u00e7\u0131kacak. \u00c7al\u0131\u015fma bir ortaya \u00e7\u0131ks\u0131n g\u00f6relim, ne olaca\u011f\u0131n\u0131 g\u00f6rd\u00fckten sonra daha rahat bir \u015fey s\u00f6yleyebiliriz\u201d ifadelerini kulland\u0131.<\/p>\n<p>Kaynak: www.kanalv.com.tr Haber Sitesinden Al\u0131nm\u0131\u015ft\u0131r.<\/p>","protected":false},"excerpt":{"rendered":"<p>AK Parti Antalya Milletvekili Mustafa K\u00f6se, hafta sonu \u015fiddetli r\u00fczgar ve sa\u011fanak ya\u011f\u0131\u015fla birlikte olu\u015fan hortum olay\u0131ndan sonra bakanl\u0131\u011f\u0131n t\u00fcm birimlerinin sahada oldu\u011funu belirtti. Tar\u0131m ve Orman Bakan Yard\u0131mc\u0131s\u0131 Ahmet G\u00fcmen ise yakla\u015f\u0131k 4 bin 500 dekar alan\u0131n zarar g\u00f6rd\u00fc\u011f\u00fcn\u00fc ifade ederek, \u201cOlay olduktan sonra bakanl\u0131\u011f\u0131m\u0131z\u0131n b\u00fct\u00fcn birimleri sahadayd\u0131, tespitlerini yapt\u0131. Biz de bug\u00fcn bakan\u0131m\u0131z\u0131n talimatlar\u0131yla yerinde incelemeler, tespitler yap\u0131yoruz. \u00dcreticilerimizin yan\u0131nda oldu\u011fumuzu hissettirmek istiyoruz. Yakla\u015f\u0131k 4 bin 500 dekara yak\u0131n bir hasar s\u00f6z konusu sel, hortum ve f\u0131rt\u0131nadan dolay\u0131. T\u00fcm yerleri gezip ne yap\u0131lmas\u0131 gerekiyorsa yapaca\u011f\u0131z. TARS\u0130M&#8217;den sigortal\u0131 olanlar\u0131n zarar\u0131n\u0131n b\u00fcy\u00fck bir k\u0131sm\u0131n\u0131 TARS\u0130M kar\u015f\u0131layacak. Di\u011ferleriyle ilgili ne yap\u0131lacaksa devletimiz, bakanl\u0131\u011f\u0131m\u0131z yapmaya \u00e7al\u0131\u015facak\u201d diye konu\u015ftu. Maliyetin tespitler yap\u0131ld\u0131ktan sonra ortaya \u00e7\u0131kaca\u011f\u0131n\u0131 s\u00f6yleyen G\u00fcmen, \u201cEksperlerimiz sahada, t\u00fcm hasar g\u00f6ren yerlerde \u00e7al\u0131\u015f\u0131yor. Eksperler hasarlar\u0131 tespit ettikten sonra rakam ortaya \u00e7\u0131kacak. \u00c7al\u0131\u015fma bir ortaya \u00e7\u0131ks\u0131n g\u00f6relim, ne olaca\u011f\u0131n\u0131 g\u00f6rd\u00fckten sonra daha rahat bir \u015fey s\u00f6yleyebiliriz\u201d ifadelerini kulland\u0131. Kaynak: www.kanalv.com.tr Haber Sitesinden Al\u0131nm\u0131\u015ft\u0131r.<\/p>","protected":false},"author":0,"featured_media":17573,"comment_status":"open","ping_status":"open","sticky":false,"template":"","format":"standard","meta":{"_acf_changed":false,"footnotes":""},"categories":[26,535],"tags":[],"class_list":["post-17572","post","type-post","status-publish","format-standard","has-post-thumbnail","hentry","category-antalya","category-uncategorized-tr"],"acf":[],"yoast_head":"<!-- This site is optimized with the Yoast SEO Premium plugin v26.6 (Yoast SEO v27.1.1) - https:\/\/yoast.com\/product\/yoast-seo-premium-wordpress\/ -->\n<title>Sel ve hortum 4 bin 500 dekarl\u0131k tar\u0131m alan\u0131na zarar verdi - Av. Deniz Can K\u0131z\u0131l<\/title>\n<meta name=\"robots\" content=\"index, follow, max-snippet:-1, max-image-preview:large, max-video-preview:-1\" \/>\n<link rel=\"canonical\" href=\"https:\/\/denizcankizil.tr\/ru\/haberler\/antalya\/sel-ve-hortum-4-bin-500-dekarlik-tarim-alanina-zarar-verdi\/\" \/>\n<meta property=\"og:locale\" content=\"ru_RU\" \/>\n<meta property=\"og:type\" content=\"article\" \/>\n<meta property=\"og:title\" content=\"Sel ve hortum 4 bin 500 dekarl\u0131k tar\u0131m alan\u0131na zarar verdi\" \/>\n<meta property=\"og:description\" content=\"AK Parti Antalya Milletvekili Mustafa K\u00f6se, hafta sonu \u015fiddetli r\u00fczgar ve sa\u011fanak ya\u011f\u0131\u015fla birlikte olu\u015fan hortum olay\u0131ndan sonra bakanl\u0131\u011f\u0131n t\u00fcm birimlerinin sahada oldu\u011funu belirtti. Tar\u0131m ve Orman Bakan Yard\u0131mc\u0131s\u0131 Ahmet G\u00fcmen ise yakla\u015f\u0131k 4 bin 500 dekar alan\u0131n zarar g\u00f6rd\u00fc\u011f\u00fcn\u00fc ifade ederek, \u201cOlay olduktan sonra bakanl\u0131\u011f\u0131m\u0131z\u0131n b\u00fct\u00fcn birimleri sahadayd\u0131, tespitlerini yapt\u0131. Biz de bug\u00fcn bakan\u0131m\u0131z\u0131n talimatlar\u0131yla yerinde incelemeler, tespitler yap\u0131yoruz. \u00dcreticilerimizin yan\u0131nda oldu\u011fumuzu hissettirmek istiyoruz. Yakla\u015f\u0131k 4 bin 500 dekara yak\u0131n bir hasar s\u00f6z konusu sel, hortum ve f\u0131rt\u0131nadan dolay\u0131. T\u00fcm yerleri gezip ne yap\u0131lmas\u0131 gerekiyorsa yapaca\u011f\u0131z. TARS\u0130M&#8217;den sigortal\u0131 olanlar\u0131n zarar\u0131n\u0131n b\u00fcy\u00fck bir k\u0131sm\u0131n\u0131 TARS\u0130M kar\u015f\u0131layacak. Di\u011ferleriyle ilgili ne yap\u0131lacaksa devletimiz, bakanl\u0131\u011f\u0131m\u0131z yapmaya \u00e7al\u0131\u015facak\u201d diye konu\u015ftu. Maliyetin tespitler yap\u0131ld\u0131ktan sonra ortaya \u00e7\u0131kaca\u011f\u0131n\u0131 s\u00f6yleyen G\u00fcmen, \u201cEksperlerimiz sahada, t\u00fcm hasar g\u00f6ren yerlerde \u00e7al\u0131\u015f\u0131yor. Eksperler hasarlar\u0131 tespit ettikten sonra rakam ortaya \u00e7\u0131kacak. \u00c7al\u0131\u015fma bir ortaya \u00e7\u0131ks\u0131n g\u00f6relim, ne olaca\u011f\u0131n\u0131 g\u00f6rd\u00fckten sonra daha rahat bir \u015fey s\u00f6yleyebiliriz\u201d ifadelerini kulland\u0131. Kaynak: www.kanalv.com.tr Haber Sitesinden Al\u0131nm\u0131\u015ft\u0131r.\" \/>\n<meta property=\"og:url\" content=\"https:\/\/denizcankizil.tr\/ru\/haberler\/antalya\/sel-ve-hortum-4-bin-500-dekarlik-tarim-alanina-zarar-verdi\/\" \/>\n<meta property=\"og:site_name\" content=\"Av. Deniz Can K\u0131z\u0131l\" \/>\n<meta property=\"article:published_time\" content=\"2024-11-25T13:41:36+00:00\" \/>\n<meta property=\"og:image\" content=\"https:\/\/denizcankizil.tr\/wp-content\/uploads\/2024\/11\/3269-01-CkLT37.jpeg\" \/>\n\t<meta property=\"og:image:width\" content=\"1280\" \/>\n\t<meta property=\"og:image:height\" content=\"720\" \/>\n\t<meta property=\"og:image:type\" content=\"image\/jpeg\" \/>\n<meta name=\"twitter:card\" content=\"summary_large_image\" \/>\n<meta name=\"twitter:label1\" content=\"\u041f\u0440\u0438\u043c\u0435\u0440\u043d\u043e\u0435 \u0432\u0440\u0435\u043c\u044f \u0434\u043b\u044f \u0447\u0442\u0435\u043d\u0438\u044f\" \/>\n\t<meta name=\"twitter:data1\" content=\"1 \u043c\u0438\u043d\u0443\u0442\u0430\" \/>\n<script type=\"application\/ld+json\" class=\"yoast-schema-graph\">{\"@context\":\"https:\/\/schema.org\",\"@graph\":[{\"@type\":\"Article\",\"@id\":\"https:\/\/denizcankizil.tr\/ru\/haberler\/antalya\/sel-ve-hortum-4-bin-500-dekarlik-tarim-alanina-zarar-verdi\/#article\",\"isPartOf\":{\"@id\":\"https:\/\/denizcankizil.tr\/ru\/haberler\/antalya\/sel-ve-hortum-4-bin-500-dekarlik-tarim-alanina-zarar-verdi\/\"},\"author\":{\"name\":\"\",\"@id\":\"\"},\"headline\":\"Sel ve hortum 4 bin 500 dekarl\u0131k tar\u0131m alan\u0131na zarar verdi\",\"datePublished\":\"2024-11-25T13:41:36+00:00\",\"mainEntityOfPage\":{\"@id\":\"https:\/\/denizcankizil.tr\/ru\/haberler\/antalya\/sel-ve-hortum-4-bin-500-dekarlik-tarim-alanina-zarar-verdi\/\"},\"wordCount\":234,\"commentCount\":0,\"publisher\":{\"@id\":\"https:\/\/denizcankizil.tr\/de\/#organization\"},\"image\":{\"@id\":\"https:\/\/denizcankizil.tr\/ru\/haberler\/antalya\/sel-ve-hortum-4-bin-500-dekarlik-tarim-alanina-zarar-verdi\/#primaryimage\"},\"thumbnailUrl\":\"https:\/\/denizcankizil.tr\/wp-content\/uploads\/2024\/11\/3269-01-CkLT37.jpeg\",\"articleSection\":[\"Antalya\",\"Uncategorized\"],\"inLanguage\":\"ru-RU\",\"potentialAction\":[{\"@type\":\"CommentAction\",\"name\":\"Comment\",\"target\":[\"https:\/\/denizcankizil.tr\/ru\/haberler\/antalya\/sel-ve-hortum-4-bin-500-dekarlik-tarim-alanina-zarar-verdi\/#respond\"]}]},{\"@type\":\"WebPage\",\"@id\":\"https:\/\/denizcankizil.tr\/ru\/haberler\/antalya\/sel-ve-hortum-4-bin-500-dekarlik-tarim-alanina-zarar-verdi\/\",\"url\":\"https:\/\/denizcankizil.tr\/ru\/haberler\/antalya\/sel-ve-hortum-4-bin-500-dekarlik-tarim-alanina-zarar-verdi\/\",\"name\":\"Sel ve hortum 4 bin 500 dekarl\u0131k tar\u0131m alan\u0131na zarar verdi - Av. Deniz Can K\u0131z\u0131l\",\"isPartOf\":{\"@id\":\"https:\/\/denizcankizil.tr\/de\/#website\"},\"primaryImageOfPage\":{\"@id\":\"https:\/\/denizcankizil.tr\/ru\/haberler\/antalya\/sel-ve-hortum-4-bin-500-dekarlik-tarim-alanina-zarar-verdi\/#primaryimage\"},\"image\":{\"@id\":\"https:\/\/denizcankizil.tr\/ru\/haberler\/antalya\/sel-ve-hortum-4-bin-500-dekarlik-tarim-alanina-zarar-verdi\/#primaryimage\"},\"thumbnailUrl\":\"https:\/\/denizcankizil.tr\/wp-content\/uploads\/2024\/11\/3269-01-CkLT37.jpeg\",\"datePublished\":\"2024-11-25T13:41:36+00:00\",\"breadcrumb\":{\"@id\":\"https:\/\/denizcankizil.tr\/ru\/haberler\/antalya\/sel-ve-hortum-4-bin-500-dekarlik-tarim-alanina-zarar-verdi\/#breadcrumb\"},\"inLanguage\":\"ru-RU\",\"potentialAction\":[{\"@type\":\"ReadAction\",\"target\":[\"https:\/\/denizcankizil.tr\/ru\/haberler\/antalya\/sel-ve-hortum-4-bin-500-dekarlik-tarim-alanina-zarar-verdi\/\"]}]},{\"@type\":\"ImageObject\",\"inLanguage\":\"ru-RU\",\"@id\":\"https:\/\/denizcankizil.tr\/ru\/haberler\/antalya\/sel-ve-hortum-4-bin-500-dekarlik-tarim-alanina-zarar-verdi\/#primaryimage\",\"url\":\"https:\/\/denizcankizil.tr\/wp-content\/uploads\/2024\/11\/3269-01-CkLT37.jpeg\",\"contentUrl\":\"https:\/\/denizcankizil.tr\/wp-content\/uploads\/2024\/11\/3269-01-CkLT37.jpeg\",\"width\":1280,\"height\":720},{\"@type\":\"BreadcrumbList\",\"@id\":\"https:\/\/denizcankizil.tr\/ru\/haberler\/antalya\/sel-ve-hortum-4-bin-500-dekarlik-tarim-alanina-zarar-verdi\/#breadcrumb\",\"itemListElement\":[{\"@type\":\"ListItem\",\"position\":1,\"name\":\"Home\",\"item\":\"https:\/\/denizcankizil.tr\/de\/\"},{\"@type\":\"ListItem\",\"position\":2,\"name\":\"Sel ve hortum 4 bin 500 dekarl\u0131k tar\u0131m alan\u0131na zarar verdi\"}]},{\"@type\":\"WebSite\",\"@id\":\"https:\/\/denizcankizil.tr\/de\/#website\",\"url\":\"https:\/\/denizcankizil.tr\/de\/\",\"name\":\"Av. Deniz Can K\u0131z\u0131l\",\"description\":\"Avukat Deniz Can K\u0131z\u0131l Antalya Barosu\",\"publisher\":{\"@id\":\"https:\/\/denizcankizil.tr\/de\/#organization\"},\"potentialAction\":[{\"@type\":\"SearchAction\",\"target\":{\"@type\":\"EntryPoint\",\"urlTemplate\":\"https:\/\/denizcankizil.tr\/de\/?s={search_term_string}\"},\"query-input\":{\"@type\":\"PropertyValueSpecification\",\"valueRequired\":true,\"valueName\":\"search_term_string\"}}],\"inLanguage\":\"ru-RU\"},{\"@type\":\"Organization\",\"@id\":\"https:\/\/denizcankizil.tr\/de\/#organization\",\"name\":\"Av. Deniz Can K\u0131z\u0131l\",\"url\":\"https:\/\/denizcankizil.tr\/de\/\",\"logo\":{\"@type\":\"ImageObject\",\"inLanguage\":\"ru-RU\",\"@id\":\"https:\/\/denizcankizil.tr\/de\/#\/schema\/logo\/image\/\",\"url\":\"https:\/\/denizcankizil.tr\/wp-content\/uploads\/2024\/10\/siyah-logo-svg.svg\",\"contentUrl\":\"https:\/\/denizcankizil.tr\/wp-content\/uploads\/2024\/10\/siyah-logo-svg.svg\",\"width\":1080,\"height\":1080,\"caption\":\"Av. Deniz Can K\u0131z\u0131l\"},\"image\":{\"@id\":\"https:\/\/denizcankizil.tr\/de\/#\/schema\/logo\/image\/\"}}]}<\/script>\n<!-- \/ Yoast SEO Premium plugin. -->","yoast_head_json":{"title":"Sel ve hortum 4 bin 500 dekarl\u0131k tar\u0131m alan\u0131na zarar verdi - Av. Deniz Can K\u0131z\u0131l","robots":{"index":"index","follow":"follow","max-snippet":"max-snippet:-1","max-image-preview":"max-image-preview:large","max-video-preview":"max-video-preview:-1"},"canonical":"https:\/\/denizcankizil.tr\/ru\/haberler\/antalya\/sel-ve-hortum-4-bin-500-dekarlik-tarim-alanina-zarar-verdi\/","og_locale":"ru_RU","og_type":"article","og_title":"Sel ve hortum 4 bin 500 dekarl\u0131k tar\u0131m alan\u0131na zarar verdi","og_description":"AK Parti Antalya Milletvekili Mustafa K\u00f6se, hafta sonu \u015fiddetli r\u00fczgar ve sa\u011fanak ya\u011f\u0131\u015fla birlikte olu\u015fan hortum olay\u0131ndan sonra bakanl\u0131\u011f\u0131n t\u00fcm birimlerinin sahada oldu\u011funu belirtti. Tar\u0131m ve Orman Bakan Yard\u0131mc\u0131s\u0131 Ahmet G\u00fcmen ise yakla\u015f\u0131k 4 bin 500 dekar alan\u0131n zarar g\u00f6rd\u00fc\u011f\u00fcn\u00fc ifade ederek, \u201cOlay olduktan sonra bakanl\u0131\u011f\u0131m\u0131z\u0131n b\u00fct\u00fcn birimleri sahadayd\u0131, tespitlerini yapt\u0131. Biz de bug\u00fcn bakan\u0131m\u0131z\u0131n talimatlar\u0131yla yerinde incelemeler, tespitler yap\u0131yoruz. \u00dcreticilerimizin yan\u0131nda oldu\u011fumuzu hissettirmek istiyoruz. Yakla\u015f\u0131k 4 bin 500 dekara yak\u0131n bir hasar s\u00f6z konusu sel, hortum ve f\u0131rt\u0131nadan dolay\u0131. T\u00fcm yerleri gezip ne yap\u0131lmas\u0131 gerekiyorsa yapaca\u011f\u0131z. TARS\u0130M&#8217;den sigortal\u0131 olanlar\u0131n zarar\u0131n\u0131n b\u00fcy\u00fck bir k\u0131sm\u0131n\u0131 TARS\u0130M kar\u015f\u0131layacak. Di\u011ferleriyle ilgili ne yap\u0131lacaksa devletimiz, bakanl\u0131\u011f\u0131m\u0131z yapmaya \u00e7al\u0131\u015facak\u201d diye konu\u015ftu. Maliyetin tespitler yap\u0131ld\u0131ktan sonra ortaya \u00e7\u0131kaca\u011f\u0131n\u0131 s\u00f6yleyen G\u00fcmen, \u201cEksperlerimiz sahada, t\u00fcm hasar g\u00f6ren yerlerde \u00e7al\u0131\u015f\u0131yor. Eksperler hasarlar\u0131 tespit ettikten sonra rakam ortaya \u00e7\u0131kacak. \u00c7al\u0131\u015fma bir ortaya \u00e7\u0131ks\u0131n g\u00f6relim, ne olaca\u011f\u0131n\u0131 g\u00f6rd\u00fckten sonra daha rahat bir \u015fey s\u00f6yleyebiliriz\u201d ifadelerini kulland\u0131. Kaynak: www.kanalv.com.tr Haber Sitesinden Al\u0131nm\u0131\u015ft\u0131r.","og_url":"https:\/\/denizcankizil.tr\/ru\/haberler\/antalya\/sel-ve-hortum-4-bin-500-dekarlik-tarim-alanina-zarar-verdi\/","og_site_name":"Av. Deniz Can K\u0131z\u0131l","article_published_time":"2024-11-25T13:41:36+00:00","og_image":[{"width":1280,"height":720,"url":"https:\/\/denizcankizil.tr\/wp-content\/uploads\/2024\/11\/3269-01-CkLT37.jpeg","type":"image\/jpeg"}],"twitter_card":"summary_large_image","twitter_misc":{"\u041f\u0440\u0438\u043c\u0435\u0440\u043d\u043e\u0435 \u0432\u0440\u0435\u043c\u044f \u0434\u043b\u044f \u0447\u0442\u0435\u043d\u0438\u044f":"1 \u043c\u0438\u043d\u0443\u0442\u0430"},"schema":{"@context":"https:\/\/schema.org","@graph":[{"@type":"Article","@id":"https:\/\/denizcankizil.tr\/ru\/haberler\/antalya\/sel-ve-hortum-4-bin-500-dekarlik-tarim-alanina-zarar-verdi\/#article","isPartOf":{"@id":"https:\/\/denizcankizil.tr\/ru\/haberler\/antalya\/sel-ve-hortum-4-bin-500-dekarlik-tarim-alanina-zarar-verdi\/"},"author":{"name":"","@id":""},"headline":"Sel ve hortum 4 bin 500 dekarl\u0131k tar\u0131m alan\u0131na zarar verdi","datePublished":"2024-11-25T13:41:36+00:00","mainEntityOfPage":{"@id":"https:\/\/denizcankizil.tr\/ru\/haberler\/antalya\/sel-ve-hortum-4-bin-500-dekarlik-tarim-alanina-zarar-verdi\/"},"wordCount":234,"commentCount":0,"publisher":{"@id":"https:\/\/denizcankizil.tr\/de\/#organization"},"image":{"@id":"https:\/\/denizcankizil.tr\/ru\/haberler\/antalya\/sel-ve-hortum-4-bin-500-dekarlik-tarim-alanina-zarar-verdi\/#primaryimage"},"thumbnailUrl":"https:\/\/denizcankizil.tr\/wp-content\/uploads\/2024\/11\/3269-01-CkLT37.jpeg","articleSection":["Antalya","Uncategorized"],"inLanguage":"ru-RU","potentialAction":[{"@type":"CommentAction","name":"Comment","target":["https:\/\/denizcankizil.tr\/ru\/haberler\/antalya\/sel-ve-hortum-4-bin-500-dekarlik-tarim-alanina-zarar-verdi\/#respond"]}]},{"@type":"WebPage","@id":"https:\/\/denizcankizil.tr\/ru\/haberler\/antalya\/sel-ve-hortum-4-bin-500-dekarlik-tarim-alanina-zarar-verdi\/","url":"https:\/\/denizcankizil.tr\/ru\/haberler\/antalya\/sel-ve-hortum-4-bin-500-dekarlik-tarim-alanina-zarar-verdi\/","name":"Sel ve hortum 4 bin 500 dekarl\u0131k tar\u0131m alan\u0131na zarar verdi - Av. Deniz Can K\u0131z\u0131l","isPartOf":{"@id":"https:\/\/denizcankizil.tr\/de\/#website"},"primaryImageOfPage":{"@id":"https:\/\/denizcankizil.tr\/ru\/haberler\/antalya\/sel-ve-hortum-4-bin-500-dekarlik-tarim-alanina-zarar-verdi\/#primaryimage"},"image":{"@id":"https:\/\/denizcankizil.tr\/ru\/haberler\/antalya\/sel-ve-hortum-4-bin-500-dekarlik-tarim-alanina-zarar-verdi\/#primaryimage"},"thumbnailUrl":"https:\/\/denizcankizil.tr\/wp-content\/uploads\/2024\/11\/3269-01-CkLT37.jpeg","datePublished":"2024-11-25T13:41:36+00:00","breadcrumb":{"@id":"https:\/\/denizcankizil.tr\/ru\/haberler\/antalya\/sel-ve-hortum-4-bin-500-dekarlik-tarim-alanina-zarar-verdi\/#breadcrumb"},"inLanguage":"ru-RU","potentialAction":[{"@type":"ReadAction","target":["https:\/\/denizcankizil.tr\/ru\/haberler\/antalya\/sel-ve-hortum-4-bin-500-dekarlik-tarim-alanina-zarar-verdi\/"]}]},{"@type":"ImageObject","inLanguage":"ru-RU","@id":"https:\/\/denizcankizil.tr\/ru\/haberler\/antalya\/sel-ve-hortum-4-bin-500-dekarlik-tarim-alanina-zarar-verdi\/#primaryimage","url":"https:\/\/denizcankizil.tr\/wp-content\/uploads\/2024\/11\/3269-01-CkLT37.jpeg","contentUrl":"https:\/\/denizcankizil.tr\/wp-content\/uploads\/2024\/11\/3269-01-CkLT37.jpeg","width":1280,"height":720},{"@type":"BreadcrumbList","@id":"https:\/\/denizcankizil.tr\/ru\/haberler\/antalya\/sel-ve-hortum-4-bin-500-dekarlik-tarim-alanina-zarar-verdi\/#breadcrumb","itemListElement":[{"@type":"ListItem","position":1,"name":"Home","item":"https:\/\/denizcankizil.tr\/de\/"},{"@type":"ListItem","position":2,"name":"Sel ve hortum 4 bin 500 dekarl\u0131k tar\u0131m alan\u0131na zarar verdi"}]},{"@type":"WebSite","@id":"https:\/\/denizcankizil.tr\/de\/#website","url":"https:\/\/denizcankizil.tr\/de\/","name":"Av. Deniz Can K\u0131z\u0131l","description":"Avukat Deniz Can K\u0131z\u0131l Antalya Barosu","publisher":{"@id":"https:\/\/denizcankizil.tr\/de\/#organization"},"potentialAction":[{"@type":"SearchAction","target":{"@type":"EntryPoint","urlTemplate":"https:\/\/denizcankizil.tr\/de\/?s={search_term_string}"},"query-input":{"@type":"PropertyValueSpecification","valueRequired":true,"valueName":"search_term_string"}}],"inLanguage":"ru-RU"},{"@type":"Organization","@id":"https:\/\/denizcankizil.tr\/de\/#organization","name":"Av. Deniz Can K\u0131z\u0131l","url":"https:\/\/denizcankizil.tr\/de\/","logo":{"@type":"ImageObject","inLanguage":"ru-RU","@id":"https:\/\/denizcankizil.tr\/de\/#\/schema\/logo\/image\/","url":"https:\/\/denizcankizil.tr\/wp-content\/uploads\/2024\/10\/siyah-logo-svg.svg","contentUrl":"https:\/\/denizcankizil.tr\/wp-content\/uploads\/2024\/10\/siyah-logo-svg.svg","width":1080,"height":1080,"caption":"Av. Deniz Can K\u0131z\u0131l"},"image":{"@id":"https:\/\/denizcankizil.tr\/de\/#\/schema\/logo\/image\/"}}]}},"_links":{"self":[{"href":"https:\/\/denizcankizil.tr\/ru\/wp-json\/wp\/v2\/posts\/17572","targetHints":{"allow":["GET"]}}],"collection":[{"href":"https:\/\/denizcankizil.tr\/ru\/wp-json\/wp\/v2\/posts"}],"about":[{"href":"https:\/\/denizcankizil.tr\/ru\/wp-json\/wp\/v2\/types\/post"}],"replies":[{"embeddable":true,"href":"https:\/\/denizcankizil.tr\/ru\/wp-json\/wp\/v2\/comments?post=17572"}],"version-history":[{"count":0,"href":"https:\/\/denizcankizil.tr\/ru\/wp-json\/wp\/v2\/posts\/17572\/revisions"}],"wp:featuredmedia":[{"embeddable":true,"href":"https:\/\/denizcankizil.tr\/ru\/wp-json\/wp\/v2\/media\/17573"}],"wp:attachment":[{"href":"https:\/\/denizcankizil.tr\/ru\/wp-json\/wp\/v2\/media?parent=17572"}],"wp:term":[{"taxonomy":"category","embeddable":true,"href":"https:\/\/denizcankizil.tr\/ru\/wp-json\/wp\/v2\/categories?post=17572"},{"taxonomy":"post_tag","embeddable":true,"href":"https:\/\/denizcankizil.tr\/ru\/wp-json\/wp\/v2\/tags?post=17572"}],"curies":[{"name":"wp","href":"https:\/\/api.w.org\/{rel}","templated":true}]}}