{"id":17275,"date":"2024-11-23T17:41:32","date_gmt":"2024-11-23T14:41:32","guid":{"rendered":"https:\/\/denizcankizil.tr\/uncategorized-tr\/dede-bocekten-toruna-ziyaret\/"},"modified":"2024-11-23T17:41:32","modified_gmt":"2024-11-23T14:41:32","slug":"dede-bocekten-toruna-ziyaret","status":"publish","type":"post","link":"https:\/\/denizcankizil.tr\/ru\/haberler\/gundem\/dede-bocekten-toruna-ziyaret\/","title":{"rendered":"Dede B\u00f6cek\u2019ten toruna ziyaret"},"content":{"rendered":"<p>Antalya B\u00fcy\u00fck\u015fehir Belediye Ba\u015fkan\u0131 Muhittin B\u00f6cek, d\u00fcn ak\u015fam saatlerinde d\u00fcnyaya gelen G\u00f6khan ve Zuhal B\u00f6cek&#8217;in o\u011flu Muhittin Aslan ile beraber ilk kez dede oldu. Do\u011fumun ger\u00e7ekle\u015fti\u011fi \u00f6zel hastaneye bug\u00fcn \u00f6\u011fleden sonra gelen Ba\u015fkan B\u00f6cek, torununu ziyaret etti.<\/p>\n<p>MUSTAFA KEMAL\u2019\u0130N YOLUNDA G\u0130DECEK<\/p>\n<p>Ba\u015fkan B\u00f6cek&#8217;i, o\u011flu G\u00f6khan B\u00f6cek hastane kap\u0131s\u0131nda kar\u015f\u0131lad\u0131. Burada a\u00e7\u0131klama yapan Muhittin B\u00f6cek, \u201cBenim i\u00e7in \u00e7ok \u00f6nemli anlaml\u0131 bir g\u00fcndeyiz, Muhittin Aslan d\u00fcnyaya geldi. Rahmetli babam annemin \u00f6\u011f\u00fctleriyle, devlet terbiyesiyle, aile terbiyesiyle b\u00fcy\u00fcd\u00fck. \u0130n\u015fallah o da dedesi gibi Antalya&#8217;m\u0131za \u00fclkemize hizmet edecek. Cumhuriyetimizin de\u011ferlerine, ezan\u0131m\u0131za, al bayra\u011f\u0131m\u0131za ve Mustafa Kemal&#8217;in yolunda y\u00fcr\u00fcyecek in\u015fallah. Bu vesileyle b\u00fct\u00fcn bebek bekleyen anne babalara da Allah herkese nasip etsin, sa\u011fl\u0131kl\u0131 uzun \u00f6m\u00fcrl\u00fc olsun diyorum&#8221; ifadelerine yer verdi. G\u00f6khan B\u00f6cek ise ilk defa bu duyguyu ya\u015fad\u0131\u011f\u0131 i\u00e7in heyecanl\u0131 ve mutlu oldu\u011funu aktard\u0131. Daha sonra Ba\u015fkan B\u00f6cek, hastane odas\u0131nda torunu ve annesini ziyaret etti.<\/p>\n<p>[related-posts id=&#8221;18091726&#8243; color=&#8221;bg-primary&#8221;][\/related-posts]<\/p>\n<p>\u200bDede olan Antalya B\u00fcy\u00fck\u015fehir Belediye Ba\u015fkan\u0131 Muhittin B\u00f6cek, torununu ziyaret etti. B\u00f6cek, \u201cCumhuriyetimizin de\u011ferlerine, ezan\u0131m\u0131za, al bayra\u011f\u0131m\u0131za ve Mustafa Kemal&#8217;in yolunda y\u00fcr\u00fcyecek in\u015fallah\u201d dedi\u00a0<\/p>\n<p>\u200bHaberin Al\u0131nt\u0131land\u0131\u011f\u0131 Kaynak: www.antalyakorfez.com<\/p>","protected":false},"excerpt":{"rendered":"<p>Antalya B\u00fcy\u00fck\u015fehir Belediye Ba\u015fkan\u0131 Muhittin B\u00f6cek, d\u00fcn ak\u015fam saatlerinde d\u00fcnyaya gelen G\u00f6khan ve Zuhal B\u00f6cek&#8217;in o\u011flu Muhittin Aslan ile beraber ilk kez dede oldu. Do\u011fumun ger\u00e7ekle\u015fti\u011fi \u00f6zel hastaneye bug\u00fcn \u00f6\u011fleden sonra gelen Ba\u015fkan B\u00f6cek, torununu ziyaret etti. MUSTAFA KEMAL\u2019\u0130N YOLUNDA G\u0130DECEK Ba\u015fkan B\u00f6cek&#8217;i, o\u011flu G\u00f6khan B\u00f6cek hastane kap\u0131s\u0131nda kar\u015f\u0131lad\u0131. Burada a\u00e7\u0131klama yapan Muhittin B\u00f6cek, \u201cBenim i\u00e7in \u00e7ok \u00f6nemli anlaml\u0131 bir g\u00fcndeyiz, Muhittin Aslan d\u00fcnyaya geldi. Rahmetli babam annemin \u00f6\u011f\u00fctleriyle, devlet terbiyesiyle, aile terbiyesiyle b\u00fcy\u00fcd\u00fck. \u0130n\u015fallah o da dedesi gibi Antalya&#8217;m\u0131za \u00fclkemize hizmet edecek. Cumhuriyetimizin de\u011ferlerine, ezan\u0131m\u0131za, al bayra\u011f\u0131m\u0131za ve Mustafa Kemal&#8217;in yolunda y\u00fcr\u00fcyecek in\u015fallah. Bu vesileyle b\u00fct\u00fcn bebek bekleyen anne babalara da Allah herkese nasip etsin, sa\u011fl\u0131kl\u0131 uzun \u00f6m\u00fcrl\u00fc olsun diyorum&#8221; ifadelerine yer verdi. G\u00f6khan B\u00f6cek ise ilk defa bu duyguyu ya\u015fad\u0131\u011f\u0131 i\u00e7in heyecanl\u0131 ve mutlu oldu\u011funu aktard\u0131. Daha sonra Ba\u015fkan B\u00f6cek, hastane odas\u0131nda torunu ve annesini ziyaret etti. [related-posts id=&#8221;18091726&#8243; color=&#8221;bg-primary&#8221;][\/related-posts] \u200bDede olan Antalya B\u00fcy\u00fck\u015fehir Belediye Ba\u015fkan\u0131 Muhittin B\u00f6cek, torununu ziyaret etti. B\u00f6cek, \u201cCumhuriyetimizin de\u011ferlerine, ezan\u0131m\u0131za, al bayra\u011f\u0131m\u0131za ve Mustafa Kemal&#8217;in yolunda y\u00fcr\u00fcyecek in\u015fallah\u201d dedi\u00a0 \u200bHaberin Al\u0131nt\u0131land\u0131\u011f\u0131 Kaynak: www.antalyakorfez.com<\/p>\n","protected":false},"author":0,"featured_media":0,"comment_status":"open","ping_status":"open","sticky":false,"template":"","format":"standard","meta":{"_acf_changed":false,"footnotes":""},"categories":[24,535],"tags":[],"class_list":["post-17275","post","type-post","status-publish","format-standard","has-post-thumbnail","hentry","category-gundem","category-uncategorized-tr"],"acf":[],"yoast_head":"<!-- This site is optimized with the Yoast SEO Premium plugin v26.6 (Yoast SEO v27.1.1) - https:\/\/yoast.com\/product\/yoast-seo-premium-wordpress\/ -->\n<title>Dede B\u00f6cek\u2019ten toruna ziyaret - Av. Deniz Can K\u0131z\u0131l<\/title>\n<meta name=\"robots\" content=\"index, follow, max-snippet:-1, max-image-preview:large, max-video-preview:-1\" \/>\n<link rel=\"canonical\" href=\"https:\/\/denizcankizil.tr\/ru\/haberler\/gundem\/dede-bocekten-toruna-ziyaret\/\" \/>\n<meta property=\"og:locale\" content=\"ru_RU\" \/>\n<meta property=\"og:type\" content=\"article\" \/>\n<meta property=\"og:title\" content=\"Dede B\u00f6cek\u2019ten toruna ziyaret\" \/>\n<meta property=\"og:description\" content=\"Antalya B\u00fcy\u00fck\u015fehir Belediye Ba\u015fkan\u0131 Muhittin B\u00f6cek, d\u00fcn ak\u015fam saatlerinde d\u00fcnyaya gelen G\u00f6khan ve Zuhal B\u00f6cek&#8217;in o\u011flu Muhittin Aslan ile beraber ilk kez dede oldu. Do\u011fumun ger\u00e7ekle\u015fti\u011fi \u00f6zel hastaneye bug\u00fcn \u00f6\u011fleden sonra gelen Ba\u015fkan B\u00f6cek, torununu ziyaret etti. MUSTAFA KEMAL\u2019\u0130N YOLUNDA G\u0130DECEK Ba\u015fkan B\u00f6cek&#8217;i, o\u011flu G\u00f6khan B\u00f6cek hastane kap\u0131s\u0131nda kar\u015f\u0131lad\u0131. Burada a\u00e7\u0131klama yapan Muhittin B\u00f6cek, \u201cBenim i\u00e7in \u00e7ok \u00f6nemli anlaml\u0131 bir g\u00fcndeyiz, Muhittin Aslan d\u00fcnyaya geldi. Rahmetli babam annemin \u00f6\u011f\u00fctleriyle, devlet terbiyesiyle, aile terbiyesiyle b\u00fcy\u00fcd\u00fck. \u0130n\u015fallah o da dedesi gibi Antalya&#8217;m\u0131za \u00fclkemize hizmet edecek. Cumhuriyetimizin de\u011ferlerine, ezan\u0131m\u0131za, al bayra\u011f\u0131m\u0131za ve Mustafa Kemal&#8217;in yolunda y\u00fcr\u00fcyecek in\u015fallah. Bu vesileyle b\u00fct\u00fcn bebek bekleyen anne babalara da Allah herkese nasip etsin, sa\u011fl\u0131kl\u0131 uzun \u00f6m\u00fcrl\u00fc olsun diyorum&#8221; ifadelerine yer verdi. G\u00f6khan B\u00f6cek ise ilk defa bu duyguyu ya\u015fad\u0131\u011f\u0131 i\u00e7in heyecanl\u0131 ve mutlu oldu\u011funu aktard\u0131. Daha sonra Ba\u015fkan B\u00f6cek, hastane odas\u0131nda torunu ve annesini ziyaret etti. [related-posts id=&#8221;18091726&#8243; color=&#8221;bg-primary&#8221;][\/related-posts] \u200bDede olan Antalya B\u00fcy\u00fck\u015fehir Belediye Ba\u015fkan\u0131 Muhittin B\u00f6cek, torununu ziyaret etti. B\u00f6cek, \u201cCumhuriyetimizin de\u011ferlerine, ezan\u0131m\u0131za, al bayra\u011f\u0131m\u0131za ve Mustafa Kemal&#8217;in yolunda y\u00fcr\u00fcyecek in\u015fallah\u201d dedi\u00a0 \u200bHaberin Al\u0131nt\u0131land\u0131\u011f\u0131 Kaynak: www.antalyakorfez.com\" \/>\n<meta property=\"og:url\" content=\"https:\/\/denizcankizil.tr\/ru\/haberler\/gundem\/dede-bocekten-toruna-ziyaret\/\" \/>\n<meta property=\"og:site_name\" content=\"Av. Deniz Can K\u0131z\u0131l\" \/>\n<meta property=\"article:published_time\" content=\"2024-11-23T14:41:32+00:00\" \/>\n<meta name=\"twitter:card\" content=\"summary_large_image\" \/>\n<meta name=\"twitter:label1\" content=\"\u041f\u0440\u0438\u043c\u0435\u0440\u043d\u043e\u0435 \u0432\u0440\u0435\u043c\u044f \u0434\u043b\u044f \u0447\u0442\u0435\u043d\u0438\u044f\" \/>\n\t<meta name=\"twitter:data1\" content=\"1 \u043c\u0438\u043d\u0443\u0442\u0430\" \/>\n<script type=\"application\/ld+json\" class=\"yoast-schema-graph\">{\"@context\":\"https:\/\/schema.org\",\"@graph\":[{\"@type\":\"Article\",\"@id\":\"https:\/\/denizcankizil.tr\/ru\/haberler\/gundem\/dede-bocekten-toruna-ziyaret\/#article\",\"isPartOf\":{\"@id\":\"https:\/\/denizcankizil.tr\/ru\/haberler\/gundem\/dede-bocekten-toruna-ziyaret\/\"},\"author\":{\"name\":\"\",\"@id\":\"\"},\"headline\":\"Dede B\u00f6cek\u2019ten toruna ziyaret\",\"datePublished\":\"2024-11-23T14:41:32+00:00\",\"mainEntityOfPage\":{\"@id\":\"https:\/\/denizcankizil.tr\/ru\/haberler\/gundem\/dede-bocekten-toruna-ziyaret\/\"},\"wordCount\":260,\"commentCount\":0,\"publisher\":{\"@id\":\"https:\/\/denizcankizil.tr\/de\/#organization\"},\"articleSection\":[\"G\u00fcndem\",\"Uncategorized\"],\"inLanguage\":\"ru-RU\",\"potentialAction\":[{\"@type\":\"CommentAction\",\"name\":\"Comment\",\"target\":[\"https:\/\/denizcankizil.tr\/ru\/haberler\/gundem\/dede-bocekten-toruna-ziyaret\/#respond\"]}]},{\"@type\":\"WebPage\",\"@id\":\"https:\/\/denizcankizil.tr\/ru\/haberler\/gundem\/dede-bocekten-toruna-ziyaret\/\",\"url\":\"https:\/\/denizcankizil.tr\/ru\/haberler\/gundem\/dede-bocekten-toruna-ziyaret\/\",\"name\":\"Dede B\u00f6cek\u2019ten toruna ziyaret - Av. Deniz Can K\u0131z\u0131l\",\"isPartOf\":{\"@id\":\"https:\/\/denizcankizil.tr\/de\/#website\"},\"datePublished\":\"2024-11-23T14:41:32+00:00\",\"breadcrumb\":{\"@id\":\"https:\/\/denizcankizil.tr\/ru\/haberler\/gundem\/dede-bocekten-toruna-ziyaret\/#breadcrumb\"},\"inLanguage\":\"ru-RU\",\"potentialAction\":[{\"@type\":\"ReadAction\",\"target\":[\"https:\/\/denizcankizil.tr\/ru\/haberler\/gundem\/dede-bocekten-toruna-ziyaret\/\"]}]},{\"@type\":\"BreadcrumbList\",\"@id\":\"https:\/\/denizcankizil.tr\/ru\/haberler\/gundem\/dede-bocekten-toruna-ziyaret\/#breadcrumb\",\"itemListElement\":[{\"@type\":\"ListItem\",\"position\":1,\"name\":\"Home\",\"item\":\"https:\/\/denizcankizil.tr\/de\/\"},{\"@type\":\"ListItem\",\"position\":2,\"name\":\"Dede B\u00f6cek\u2019ten toruna ziyaret\"}]},{\"@type\":\"WebSite\",\"@id\":\"https:\/\/denizcankizil.tr\/de\/#website\",\"url\":\"https:\/\/denizcankizil.tr\/de\/\",\"name\":\"Av. Deniz Can K\u0131z\u0131l\",\"description\":\"Avukat Deniz Can K\u0131z\u0131l Antalya Barosu\",\"publisher\":{\"@id\":\"https:\/\/denizcankizil.tr\/de\/#organization\"},\"potentialAction\":[{\"@type\":\"SearchAction\",\"target\":{\"@type\":\"EntryPoint\",\"urlTemplate\":\"https:\/\/denizcankizil.tr\/de\/?s={search_term_string}\"},\"query-input\":{\"@type\":\"PropertyValueSpecification\",\"valueRequired\":true,\"valueName\":\"search_term_string\"}}],\"inLanguage\":\"ru-RU\"},{\"@type\":\"Organization\",\"@id\":\"https:\/\/denizcankizil.tr\/de\/#organization\",\"name\":\"Av. Deniz Can K\u0131z\u0131l\",\"url\":\"https:\/\/denizcankizil.tr\/de\/\",\"logo\":{\"@type\":\"ImageObject\",\"inLanguage\":\"ru-RU\",\"@id\":\"https:\/\/denizcankizil.tr\/de\/#\/schema\/logo\/image\/\",\"url\":\"https:\/\/denizcankizil.tr\/wp-content\/uploads\/2024\/10\/siyah-logo-svg.svg\",\"contentUrl\":\"https:\/\/denizcankizil.tr\/wp-content\/uploads\/2024\/10\/siyah-logo-svg.svg\",\"width\":1080,\"height\":1080,\"caption\":\"Av. Deniz Can K\u0131z\u0131l\"},\"image\":{\"@id\":\"https:\/\/denizcankizil.tr\/de\/#\/schema\/logo\/image\/\"}}]}<\/script>\n<!-- \/ Yoast SEO Premium plugin. -->","yoast_head_json":{"title":"Dede B\u00f6cek\u2019ten toruna ziyaret - Av. Deniz Can K\u0131z\u0131l","robots":{"index":"index","follow":"follow","max-snippet":"max-snippet:-1","max-image-preview":"max-image-preview:large","max-video-preview":"max-video-preview:-1"},"canonical":"https:\/\/denizcankizil.tr\/ru\/haberler\/gundem\/dede-bocekten-toruna-ziyaret\/","og_locale":"ru_RU","og_type":"article","og_title":"Dede B\u00f6cek\u2019ten toruna ziyaret","og_description":"Antalya B\u00fcy\u00fck\u015fehir Belediye Ba\u015fkan\u0131 Muhittin B\u00f6cek, d\u00fcn ak\u015fam saatlerinde d\u00fcnyaya gelen G\u00f6khan ve Zuhal B\u00f6cek&#8217;in o\u011flu Muhittin Aslan ile beraber ilk kez dede oldu. Do\u011fumun ger\u00e7ekle\u015fti\u011fi \u00f6zel hastaneye bug\u00fcn \u00f6\u011fleden sonra gelen Ba\u015fkan B\u00f6cek, torununu ziyaret etti. MUSTAFA KEMAL\u2019\u0130N YOLUNDA G\u0130DECEK Ba\u015fkan B\u00f6cek&#8217;i, o\u011flu G\u00f6khan B\u00f6cek hastane kap\u0131s\u0131nda kar\u015f\u0131lad\u0131. Burada a\u00e7\u0131klama yapan Muhittin B\u00f6cek, \u201cBenim i\u00e7in \u00e7ok \u00f6nemli anlaml\u0131 bir g\u00fcndeyiz, Muhittin Aslan d\u00fcnyaya geldi. Rahmetli babam annemin \u00f6\u011f\u00fctleriyle, devlet terbiyesiyle, aile terbiyesiyle b\u00fcy\u00fcd\u00fck. \u0130n\u015fallah o da dedesi gibi Antalya&#8217;m\u0131za \u00fclkemize hizmet edecek. Cumhuriyetimizin de\u011ferlerine, ezan\u0131m\u0131za, al bayra\u011f\u0131m\u0131za ve Mustafa Kemal&#8217;in yolunda y\u00fcr\u00fcyecek in\u015fallah. Bu vesileyle b\u00fct\u00fcn bebek bekleyen anne babalara da Allah herkese nasip etsin, sa\u011fl\u0131kl\u0131 uzun \u00f6m\u00fcrl\u00fc olsun diyorum&#8221; ifadelerine yer verdi. G\u00f6khan B\u00f6cek ise ilk defa bu duyguyu ya\u015fad\u0131\u011f\u0131 i\u00e7in heyecanl\u0131 ve mutlu oldu\u011funu aktard\u0131. Daha sonra Ba\u015fkan B\u00f6cek, hastane odas\u0131nda torunu ve annesini ziyaret etti. [related-posts id=&#8221;18091726&#8243; color=&#8221;bg-primary&#8221;][\/related-posts] \u200bDede olan Antalya B\u00fcy\u00fck\u015fehir Belediye Ba\u015fkan\u0131 Muhittin B\u00f6cek, torununu ziyaret etti. B\u00f6cek, \u201cCumhuriyetimizin de\u011ferlerine, ezan\u0131m\u0131za, al bayra\u011f\u0131m\u0131za ve Mustafa Kemal&#8217;in yolunda y\u00fcr\u00fcyecek in\u015fallah\u201d dedi\u00a0 \u200bHaberin Al\u0131nt\u0131land\u0131\u011f\u0131 Kaynak: www.antalyakorfez.com","og_url":"https:\/\/denizcankizil.tr\/ru\/haberler\/gundem\/dede-bocekten-toruna-ziyaret\/","og_site_name":"Av. Deniz Can K\u0131z\u0131l","article_published_time":"2024-11-23T14:41:32+00:00","twitter_card":"summary_large_image","twitter_misc":{"\u041f\u0440\u0438\u043c\u0435\u0440\u043d\u043e\u0435 \u0432\u0440\u0435\u043c\u044f \u0434\u043b\u044f \u0447\u0442\u0435\u043d\u0438\u044f":"1 \u043c\u0438\u043d\u0443\u0442\u0430"},"schema":{"@context":"https:\/\/schema.org","@graph":[{"@type":"Article","@id":"https:\/\/denizcankizil.tr\/ru\/haberler\/gundem\/dede-bocekten-toruna-ziyaret\/#article","isPartOf":{"@id":"https:\/\/denizcankizil.tr\/ru\/haberler\/gundem\/dede-bocekten-toruna-ziyaret\/"},"author":{"name":"","@id":""},"headline":"Dede B\u00f6cek\u2019ten toruna ziyaret","datePublished":"2024-11-23T14:41:32+00:00","mainEntityOfPage":{"@id":"https:\/\/denizcankizil.tr\/ru\/haberler\/gundem\/dede-bocekten-toruna-ziyaret\/"},"wordCount":260,"commentCount":0,"publisher":{"@id":"https:\/\/denizcankizil.tr\/de\/#organization"},"articleSection":["G\u00fcndem","Uncategorized"],"inLanguage":"ru-RU","potentialAction":[{"@type":"CommentAction","name":"Comment","target":["https:\/\/denizcankizil.tr\/ru\/haberler\/gundem\/dede-bocekten-toruna-ziyaret\/#respond"]}]},{"@type":"WebPage","@id":"https:\/\/denizcankizil.tr\/ru\/haberler\/gundem\/dede-bocekten-toruna-ziyaret\/","url":"https:\/\/denizcankizil.tr\/ru\/haberler\/gundem\/dede-bocekten-toruna-ziyaret\/","name":"Dede B\u00f6cek\u2019ten toruna ziyaret - Av. Deniz Can K\u0131z\u0131l","isPartOf":{"@id":"https:\/\/denizcankizil.tr\/de\/#website"},"datePublished":"2024-11-23T14:41:32+00:00","breadcrumb":{"@id":"https:\/\/denizcankizil.tr\/ru\/haberler\/gundem\/dede-bocekten-toruna-ziyaret\/#breadcrumb"},"inLanguage":"ru-RU","potentialAction":[{"@type":"ReadAction","target":["https:\/\/denizcankizil.tr\/ru\/haberler\/gundem\/dede-bocekten-toruna-ziyaret\/"]}]},{"@type":"BreadcrumbList","@id":"https:\/\/denizcankizil.tr\/ru\/haberler\/gundem\/dede-bocekten-toruna-ziyaret\/#breadcrumb","itemListElement":[{"@type":"ListItem","position":1,"name":"Home","item":"https:\/\/denizcankizil.tr\/de\/"},{"@type":"ListItem","position":2,"name":"Dede B\u00f6cek\u2019ten toruna ziyaret"}]},{"@type":"WebSite","@id":"https:\/\/denizcankizil.tr\/de\/#website","url":"https:\/\/denizcankizil.tr\/de\/","name":"Av. Deniz Can K\u0131z\u0131l","description":"Avukat Deniz Can K\u0131z\u0131l Antalya Barosu","publisher":{"@id":"https:\/\/denizcankizil.tr\/de\/#organization"},"potentialAction":[{"@type":"SearchAction","target":{"@type":"EntryPoint","urlTemplate":"https:\/\/denizcankizil.tr\/de\/?s={search_term_string}"},"query-input":{"@type":"PropertyValueSpecification","valueRequired":true,"valueName":"search_term_string"}}],"inLanguage":"ru-RU"},{"@type":"Organization","@id":"https:\/\/denizcankizil.tr\/de\/#organization","name":"Av. Deniz Can K\u0131z\u0131l","url":"https:\/\/denizcankizil.tr\/de\/","logo":{"@type":"ImageObject","inLanguage":"ru-RU","@id":"https:\/\/denizcankizil.tr\/de\/#\/schema\/logo\/image\/","url":"https:\/\/denizcankizil.tr\/wp-content\/uploads\/2024\/10\/siyah-logo-svg.svg","contentUrl":"https:\/\/denizcankizil.tr\/wp-content\/uploads\/2024\/10\/siyah-logo-svg.svg","width":1080,"height":1080,"caption":"Av. Deniz Can K\u0131z\u0131l"},"image":{"@id":"https:\/\/denizcankizil.tr\/de\/#\/schema\/logo\/image\/"}}]}},"_links":{"self":[{"href":"https:\/\/denizcankizil.tr\/ru\/wp-json\/wp\/v2\/posts\/17275","targetHints":{"allow":["GET"]}}],"collection":[{"href":"https:\/\/denizcankizil.tr\/ru\/wp-json\/wp\/v2\/posts"}],"about":[{"href":"https:\/\/denizcankizil.tr\/ru\/wp-json\/wp\/v2\/types\/post"}],"replies":[{"embeddable":true,"href":"https:\/\/denizcankizil.tr\/ru\/wp-json\/wp\/v2\/comments?post=17275"}],"version-history":[{"count":0,"href":"https:\/\/denizcankizil.tr\/ru\/wp-json\/wp\/v2\/posts\/17275\/revisions"}],"wp:attachment":[{"href":"https:\/\/denizcankizil.tr\/ru\/wp-json\/wp\/v2\/media?parent=17275"}],"wp:term":[{"taxonomy":"category","embeddable":true,"href":"https:\/\/denizcankizil.tr\/ru\/wp-json\/wp\/v2\/categories?post=17275"},{"taxonomy":"post_tag","embeddable":true,"href":"https:\/\/denizcankizil.tr\/ru\/wp-json\/wp\/v2\/tags?post=17275"}],"curies":[{"name":"wp","href":"https:\/\/api.w.org\/{rel}","templated":true}]}}