{"id":16909,"date":"2024-11-21T15:41:33","date_gmt":"2024-11-21T12:41:33","guid":{"rendered":"https:\/\/denizcankizil.tr\/uncategorized-tr\/antalyada-rampa-cilesi\/"},"modified":"2024-11-21T15:41:33","modified_gmt":"2024-11-21T12:41:33","slug":"antalyada-rampa-cilesi","status":"publish","type":"post","link":"https:\/\/denizcankizil.tr\/ru\/haberler\/antalya\/antalyada-rampa-cilesi\/","title":{"rendered":"Antalya&#8217;da rampa \u00e7ilesi"},"content":{"rendered":"<p>\u00a0Bu sefer araca zarar vermeyen ancak yine kald\u0131r\u0131ma \u00e7\u0131kamad\u0131\u011f\u0131 i\u00e7in tepki g\u00f6steren Mete, \u201cD\u0131\u015far\u0131ya \u00e7\u0131kt\u0131\u011f\u0131mda da \u00f6n\u00fcmde engellerin olmamas\u0131 gerekiyor. Soka\u011fa \u00e7\u0131kt\u0131\u011f\u0131m\u0131zda, evimize d\u00f6nerken mutsuz d\u00f6n\u00fcyoruz\u201d dedi.<\/p>\n<p>Antalya&#8217;ya 2012 y\u0131l\u0131nda yerle\u015fen, ge\u00e7irdi\u011fi bisiklet kazas\u0131 sonras\u0131 omurili\u011finin k\u0131r\u0131lmas\u0131 nedeniyle tekerlekli sandalyeyle hayat\u0131n\u0131 devam ettirmek zorunda kalan Tanju Mete (51), ge\u00e7ti\u011fimiz ay evine gitmek istedi\u011fi s\u0131rada Muratpa\u015fa il\u00e7esi K\u00fclt\u00fcr Mahallesi 3805 Sokak \u00fczerindeki kald\u0131r\u0131mdan inmek istedi ancak engelli rampas\u0131n\u0131n \u00f6n\u00fcne park edilen bir otomobil nedeniyle ge\u00e7i\u015f yapamad\u0131. Geriye d\u00f6n\u00fcp ara\u00e7 trafi\u011finin oldu\u011fu noktadan park eden otomobilin yan\u0131na gelen Mete, elindeki penseyle araca zarar vermeye ba\u015flad\u0131. O anlar cep telefonu kameras\u0131na yans\u0131rken, Mete ve arac\u0131 park eden ismi hen\u00fcz \u00f6\u011frenilemeyen s\u00fcr\u00fcc\u00fc birlikte polis ekiplerine durumu anlatarak ifade verdi. Bu olay\u0131n ard\u0131ndan ge\u00e7ti\u011fimiz g\u00fcnlerde ayn\u0131 g\u00fczergah\u0131 kullanan Mete, yine ayn\u0131 kald\u0131r\u0131mdaki rampa \u00f6n\u00fcne park edilen arac\u0131 g\u00f6r\u00fcnce \u00e7\u0131lg\u0131na d\u00f6nd\u00fc. Mete, ya\u015fad\u0131\u011f\u0131 ma\u011fduriyeti cep telefonu kameras\u0131yla g\u00f6r\u00fcnt\u00fcleyip duruma tepki g\u00f6sterdi.<\/p>\n<p>\u201cDubalar\u0131n cayd\u0131r\u0131c\u0131 olaca\u011f\u0131n\u0131 d\u00fc\u015f\u00fcnm\u00fcyorum\u201d<br \/>\nMete, sesini duyarak rampalar\u0131n etraf\u0131na plastik dubalar yerle\u015ftiren belediye yetkililerin ald\u0131\u011f\u0131 y\u00f6ntemin, engelli vatanda\u015flar i\u00e7in yeterli olamad\u0131\u011f\u0131n\u0131 dile getirdi. Engelli rampas\u0131n\u0131n \u00f6n\u00fcne park eden duyars\u0131z ara\u00e7 s\u00fcr\u00fcc\u00fclerine isyan eden Mete, \u201cBen bu dubalar\u0131n cayd\u0131r\u0131c\u0131 olaca\u011f\u0131n\u0131 d\u00fc\u015f\u00fcnm\u00fcyorum. \u00c7\u00fcnk\u00fc kald\u0131r\u0131m\u0131n \u00fcst\u00fcne bile \u00e7\u0131kan s\u00fcr\u00fcc\u00fcler, dubalar ara\u00e7lar\u0131na zarar vermedi\u011fi i\u00e7in rahatl\u0131kla ezip \u00fczerine \u00e7\u0131kabiliyor. Bunun metal yap\u0131lmas\u0131 gerekiyor ya da kald\u0131r\u0131mlardaki gibi betondan koyulmas\u0131 gerekiyor. Dubalar\u0131n, ara\u00e7lar \u00fczerine \u00e7\u0131kmaya \u00e7al\u0131\u015ft\u0131\u011f\u0131nda zarar g\u00f6recek \u015fekilde yap\u0131lmas\u0131 gerekiyor, ancak bu \u015fekilde insanlar ara\u00e7lar\u0131n\u0131 korumak i\u00e7in park edemez\u201d dedi.<\/p>\n<p>\u201cSoka\u011fa \u00e7\u0131kt\u0131\u011f\u0131m\u0131zda, evimize d\u00f6nerken mutsuz d\u00f6n\u00fcyoruz\u201d<br \/>\nYa\u015fad\u0131\u011f\u0131 mahalledeki sorunun sadece rampalar\u0131n \u00f6n\u00fcne konan ara\u00e7lardan ibaret olmad\u0131\u011f\u0131na vurgu yapan Tanju Mete, muhtarl\u0131k binas\u0131 da dahil bir\u00e7ok yerde engelli rampas\u0131 bulunmad\u0131\u011f\u0131 i\u00e7in, engelli bireylere y\u00f6nelik kolayl\u0131k sa\u011flayan \u00f6nlemler sa\u011flanmas\u0131 gerekti\u011fine i\u015faret etti. Mete, \u015f\u00f6yle devam etti: \u201cMahalledeki sorun sadece engelli yerlerine ya da yaya ge\u00e7itlerine ara\u00e7 park edilmesi de\u011fil ki, ayn\u0131 zamanda ara\u00e7lar\u0131n \u00e7ok korkun\u00e7 derecede buradan ge\u00e7iyor olmas\u0131. Trafikte herhangi bir d\u00fczenleme olmamas\u0131, yollardaki o h\u0131z bariyerlerinin olmamas\u0131 gibi bir s\u00fcr\u00fc sorun var. \u0130\u015f yerlerinde de sorun var, belediyeler her yeni a\u00e7\u0131lan i\u015fletmeye ruhsat veriyor ama hi\u00e7birisinde engelli giri\u015fi yok. \u00d6rne\u011fin, muhtarla da konu\u015ftum, muhtarl\u0131\u011fa rampa yap\u0131lmas\u0131 gerekiyordu. Hala rampas\u0131 yok, muhtarl\u0131\u011fa giremiyorum.\u201d Herkes \u201cEngellileri hayata katmal\u0131y\u0131z, engelliler ya\u015fama kat\u0131lmal\u0131\u201d diyor, kimse reddetmiyor. Covid s\u00fcrecinde bir s\u00fcre insanlar evinden \u00e7\u0131kamad\u0131, \u201cHayat durdu\u201d diye kocaman ba\u015fl\u0131klar att\u0131k. Demek ki hayat sokaklarda hayat d\u0131\u015far\u0131da, engelli olarak da d\u0131\u015far\u0131daki hayata kat\u0131lamazsam hayata kat\u0131lamam\u0131\u015f oluyorum. D\u0131\u015far\u0131ya \u00e7\u0131kt\u0131\u011f\u0131mda da \u00f6n\u00fcmde engellerin olmamas\u0131 gerekiyor, sadece tek bir yerde sorunla kar\u015f\u0131la\u015fm\u0131yoruz ki; bir yere gidiyoruz, merdiven sorunu var, \u00f6b\u00fcr tarafa gidiyoruz, kald\u0131r\u0131m\u0131n \u00e7\u0131k\u0131\u015f\u0131n\u0131 yapm\u0131\u015f ini\u015fini yapmam\u0131\u015f. \u00d6b\u00fcr tarafa gidiyoruz, \u00f6n\u00fcne ara\u00e7 park etmi\u015f. Soka\u011fa \u00e7\u0131kt\u0131\u011f\u0131m\u0131zda, evimize d\u00f6nerken mutsuz d\u00f6n\u00fcyoruz.\u201d<\/p>\n<p>Antalya&#8217;n\u0131n engelli dostu bir \u015fehir olmas\u0131n\u0131 istedi\u011fini ifade eden Mete, \u015fu ifadelere yer verdi: \u201cBu kentte engelli ki\u015filerin ya\u015fad\u0131\u011f\u0131 \u00e7ok ciddi sorunlar var ve ben Antalya&#8217;n\u0131n engelli dostu bir \u015fehir olmas\u0131n\u0131 istiyorum. Bunun i\u00e7in de ger\u00e7ekten u\u011fra\u015fmak istiyorum. Mademki ben bu \u015fehirde ya\u015f\u0131yorum, o zaman bu \u015fehir engelli dostu bir \u015fehir olacak. Son olarak, art\u0131k scooterlar \u00e7ok fazla kullan\u0131l\u0131yor ve scooterlar\u0131 ortaya b\u0131rak\u0131p gidiyorlar. Bunun d\u00fczene oturtulmas\u0131 gerekiyor. \u00d6rne\u011fin, belediyeler scooterlar\u0131 kiraya veren \u015firketleri uyarabilir ve do\u011fru yere park edildi\u011finden emin olduktan sonra sistem kapat\u0131labilir. Ge\u00e7ti\u011fimiz g\u00fcnlerde markete gittim, markette kald\u0131r\u0131m\u0131n \u00fcst\u00fcne bir tane araba \u00e7\u0131km\u0131\u015f, araban\u0131n tam kar\u015f\u0131s\u0131na da orta k\u0131sma scooter b\u0131rak\u0131lm\u0131\u015f. Ne sa\u011f\u0131ndan ne solundan ge\u00e7ebildim. Market\u00e7iye seslendim, d\u0131\u015far\u0131ya \u00e7\u0131kt\u0131, scooter\u0131 kenara ald\u0131. Ondan sonra ben markete girebildim.\u201d<\/p>\n<p>Kaynak: www.kanalv.com.tr Haber Sitesinden Al\u0131nm\u0131\u015ft\u0131r.<\/p>","protected":false},"excerpt":{"rendered":"<p>\u00a0Bu sefer araca zarar vermeyen ancak yine kald\u0131r\u0131ma \u00e7\u0131kamad\u0131\u011f\u0131 i\u00e7in tepki g\u00f6steren Mete, \u201cD\u0131\u015far\u0131ya \u00e7\u0131kt\u0131\u011f\u0131mda da \u00f6n\u00fcmde engellerin olmamas\u0131 gerekiyor. Soka\u011fa \u00e7\u0131kt\u0131\u011f\u0131m\u0131zda, evimize d\u00f6nerken mutsuz d\u00f6n\u00fcyoruz\u201d dedi. Antalya&#8217;ya 2012 y\u0131l\u0131nda yerle\u015fen, ge\u00e7irdi\u011fi bisiklet kazas\u0131 sonras\u0131 omurili\u011finin k\u0131r\u0131lmas\u0131 nedeniyle tekerlekli sandalyeyle hayat\u0131n\u0131 devam ettirmek zorunda kalan Tanju Mete (51), ge\u00e7ti\u011fimiz ay evine gitmek istedi\u011fi s\u0131rada Muratpa\u015fa il\u00e7esi K\u00fclt\u00fcr Mahallesi 3805 Sokak \u00fczerindeki kald\u0131r\u0131mdan inmek istedi ancak engelli rampas\u0131n\u0131n \u00f6n\u00fcne park edilen bir otomobil nedeniyle ge\u00e7i\u015f yapamad\u0131. Geriye d\u00f6n\u00fcp ara\u00e7 trafi\u011finin oldu\u011fu noktadan park eden otomobilin yan\u0131na gelen Mete, elindeki penseyle araca zarar vermeye ba\u015flad\u0131. O anlar cep telefonu kameras\u0131na yans\u0131rken, Mete ve arac\u0131 park eden ismi hen\u00fcz \u00f6\u011frenilemeyen s\u00fcr\u00fcc\u00fc birlikte polis ekiplerine durumu anlatarak ifade verdi. Bu olay\u0131n ard\u0131ndan ge\u00e7ti\u011fimiz g\u00fcnlerde ayn\u0131 g\u00fczergah\u0131 kullanan Mete, yine ayn\u0131 kald\u0131r\u0131mdaki rampa \u00f6n\u00fcne park edilen arac\u0131 g\u00f6r\u00fcnce \u00e7\u0131lg\u0131na d\u00f6nd\u00fc. Mete, ya\u015fad\u0131\u011f\u0131 ma\u011fduriyeti cep telefonu kameras\u0131yla g\u00f6r\u00fcnt\u00fcleyip duruma tepki g\u00f6sterdi. \u201cDubalar\u0131n cayd\u0131r\u0131c\u0131 olaca\u011f\u0131n\u0131 d\u00fc\u015f\u00fcnm\u00fcyorum\u201d Mete, sesini duyarak rampalar\u0131n etraf\u0131na plastik dubalar yerle\u015ftiren belediye yetkililerin ald\u0131\u011f\u0131 y\u00f6ntemin, engelli vatanda\u015flar i\u00e7in yeterli olamad\u0131\u011f\u0131n\u0131 dile getirdi. Engelli rampas\u0131n\u0131n \u00f6n\u00fcne park eden duyars\u0131z ara\u00e7 s\u00fcr\u00fcc\u00fclerine isyan eden Mete, \u201cBen bu dubalar\u0131n cayd\u0131r\u0131c\u0131 olaca\u011f\u0131n\u0131 d\u00fc\u015f\u00fcnm\u00fcyorum. \u00c7\u00fcnk\u00fc kald\u0131r\u0131m\u0131n \u00fcst\u00fcne bile \u00e7\u0131kan s\u00fcr\u00fcc\u00fcler, dubalar ara\u00e7lar\u0131na zarar vermedi\u011fi i\u00e7in rahatl\u0131kla ezip \u00fczerine \u00e7\u0131kabiliyor. &hellip;<\/p>","protected":false},"author":0,"featured_media":16910,"comment_status":"open","ping_status":"open","sticky":false,"template":"","format":"standard","meta":{"_acf_changed":false,"footnotes":""},"categories":[26,535],"tags":[],"class_list":["post-16909","post","type-post","status-publish","format-standard","has-post-thumbnail","hentry","category-antalya","category-uncategorized-tr"],"acf":[],"yoast_head":"<!-- This site is optimized with the Yoast SEO Premium plugin v26.6 (Yoast SEO v27.1.1) - https:\/\/yoast.com\/product\/yoast-seo-premium-wordpress\/ -->\n<title>Antalya&#039;da rampa \u00e7ilesi - Av. Deniz Can K\u0131z\u0131l<\/title>\n<meta name=\"robots\" content=\"index, follow, max-snippet:-1, max-image-preview:large, max-video-preview:-1\" \/>\n<link rel=\"canonical\" href=\"https:\/\/denizcankizil.tr\/ru\/haberler\/antalya\/antalyada-rampa-cilesi\/\" \/>\n<meta property=\"og:locale\" content=\"ru_RU\" \/>\n<meta property=\"og:type\" content=\"article\" \/>\n<meta property=\"og:title\" content=\"Antalya&#039;da rampa \u00e7ilesi\" \/>\n<meta property=\"og:description\" content=\"\u00a0Bu sefer araca zarar vermeyen ancak yine kald\u0131r\u0131ma \u00e7\u0131kamad\u0131\u011f\u0131 i\u00e7in tepki g\u00f6steren Mete, \u201cD\u0131\u015far\u0131ya \u00e7\u0131kt\u0131\u011f\u0131mda da \u00f6n\u00fcmde engellerin olmamas\u0131 gerekiyor. Soka\u011fa \u00e7\u0131kt\u0131\u011f\u0131m\u0131zda, evimize d\u00f6nerken mutsuz d\u00f6n\u00fcyoruz\u201d dedi. Antalya&#8217;ya 2012 y\u0131l\u0131nda yerle\u015fen, ge\u00e7irdi\u011fi bisiklet kazas\u0131 sonras\u0131 omurili\u011finin k\u0131r\u0131lmas\u0131 nedeniyle tekerlekli sandalyeyle hayat\u0131n\u0131 devam ettirmek zorunda kalan Tanju Mete (51), ge\u00e7ti\u011fimiz ay evine gitmek istedi\u011fi s\u0131rada Muratpa\u015fa il\u00e7esi K\u00fclt\u00fcr Mahallesi 3805 Sokak \u00fczerindeki kald\u0131r\u0131mdan inmek istedi ancak engelli rampas\u0131n\u0131n \u00f6n\u00fcne park edilen bir otomobil nedeniyle ge\u00e7i\u015f yapamad\u0131. Geriye d\u00f6n\u00fcp ara\u00e7 trafi\u011finin oldu\u011fu noktadan park eden otomobilin yan\u0131na gelen Mete, elindeki penseyle araca zarar vermeye ba\u015flad\u0131. O anlar cep telefonu kameras\u0131na yans\u0131rken, Mete ve arac\u0131 park eden ismi hen\u00fcz \u00f6\u011frenilemeyen s\u00fcr\u00fcc\u00fc birlikte polis ekiplerine durumu anlatarak ifade verdi. Bu olay\u0131n ard\u0131ndan ge\u00e7ti\u011fimiz g\u00fcnlerde ayn\u0131 g\u00fczergah\u0131 kullanan Mete, yine ayn\u0131 kald\u0131r\u0131mdaki rampa \u00f6n\u00fcne park edilen arac\u0131 g\u00f6r\u00fcnce \u00e7\u0131lg\u0131na d\u00f6nd\u00fc. Mete, ya\u015fad\u0131\u011f\u0131 ma\u011fduriyeti cep telefonu kameras\u0131yla g\u00f6r\u00fcnt\u00fcleyip duruma tepki g\u00f6sterdi. \u201cDubalar\u0131n cayd\u0131r\u0131c\u0131 olaca\u011f\u0131n\u0131 d\u00fc\u015f\u00fcnm\u00fcyorum\u201d Mete, sesini duyarak rampalar\u0131n etraf\u0131na plastik dubalar yerle\u015ftiren belediye yetkililerin ald\u0131\u011f\u0131 y\u00f6ntemin, engelli vatanda\u015flar i\u00e7in yeterli olamad\u0131\u011f\u0131n\u0131 dile getirdi. Engelli rampas\u0131n\u0131n \u00f6n\u00fcne park eden duyars\u0131z ara\u00e7 s\u00fcr\u00fcc\u00fclerine isyan eden Mete, \u201cBen bu dubalar\u0131n cayd\u0131r\u0131c\u0131 olaca\u011f\u0131n\u0131 d\u00fc\u015f\u00fcnm\u00fcyorum. \u00c7\u00fcnk\u00fc kald\u0131r\u0131m\u0131n \u00fcst\u00fcne bile \u00e7\u0131kan s\u00fcr\u00fcc\u00fcler, dubalar ara\u00e7lar\u0131na zarar vermedi\u011fi i\u00e7in rahatl\u0131kla ezip \u00fczerine \u00e7\u0131kabiliyor. &hellip;\" \/>\n<meta property=\"og:url\" content=\"https:\/\/denizcankizil.tr\/ru\/haberler\/antalya\/antalyada-rampa-cilesi\/\" \/>\n<meta property=\"og:site_name\" content=\"Av. Deniz Can K\u0131z\u0131l\" \/>\n<meta property=\"article:published_time\" content=\"2024-11-21T12:41:33+00:00\" \/>\n<meta property=\"og:image\" content=\"https:\/\/denizcankizil.tr\/wp-content\/uploads\/2024\/11\/3291-01-JRYnNE.jpeg\" \/>\n\t<meta property=\"og:image:width\" content=\"1280\" \/>\n\t<meta property=\"og:image:height\" content=\"720\" \/>\n\t<meta property=\"og:image:type\" content=\"image\/jpeg\" \/>\n<meta name=\"twitter:card\" content=\"summary_large_image\" \/>\n<meta name=\"twitter:label1\" content=\"\u041f\u0440\u0438\u043c\u0435\u0440\u043d\u043e\u0435 \u0432\u0440\u0435\u043c\u044f \u0434\u043b\u044f \u0447\u0442\u0435\u043d\u0438\u044f\" \/>\n\t<meta name=\"twitter:data1\" content=\"4 \u043c\u0438\u043d\u0443\u0442\u044b\" \/>\n<script type=\"application\/ld+json\" class=\"yoast-schema-graph\">{\"@context\":\"https:\/\/schema.org\",\"@graph\":[{\"@type\":\"Article\",\"@id\":\"https:\/\/denizcankizil.tr\/ru\/haberler\/antalya\/antalyada-rampa-cilesi\/#article\",\"isPartOf\":{\"@id\":\"https:\/\/denizcankizil.tr\/ru\/haberler\/antalya\/antalyada-rampa-cilesi\/\"},\"author\":{\"name\":\"\",\"@id\":\"\"},\"headline\":\"Antalya&#8217;da rampa \u00e7ilesi\",\"datePublished\":\"2024-11-21T12:41:33+00:00\",\"mainEntityOfPage\":{\"@id\":\"https:\/\/denizcankizil.tr\/ru\/haberler\/antalya\/antalyada-rampa-cilesi\/\"},\"wordCount\":788,\"commentCount\":0,\"publisher\":{\"@id\":\"https:\/\/denizcankizil.tr\/#organization\"},\"image\":{\"@id\":\"https:\/\/denizcankizil.tr\/ru\/haberler\/antalya\/antalyada-rampa-cilesi\/#primaryimage\"},\"thumbnailUrl\":\"https:\/\/denizcankizil.tr\/wp-content\/uploads\/2024\/11\/3291-01-JRYnNE.jpeg\",\"articleSection\":[\"Antalya\",\"Uncategorized\"],\"inLanguage\":\"ru-RU\",\"potentialAction\":[{\"@type\":\"CommentAction\",\"name\":\"Comment\",\"target\":[\"https:\/\/denizcankizil.tr\/ru\/haberler\/antalya\/antalyada-rampa-cilesi\/#respond\"]}]},{\"@type\":\"WebPage\",\"@id\":\"https:\/\/denizcankizil.tr\/ru\/haberler\/antalya\/antalyada-rampa-cilesi\/\",\"url\":\"https:\/\/denizcankizil.tr\/ru\/haberler\/antalya\/antalyada-rampa-cilesi\/\",\"name\":\"Antalya'da rampa \u00e7ilesi - Av. Deniz Can K\u0131z\u0131l\",\"isPartOf\":{\"@id\":\"https:\/\/denizcankizil.tr\/#website\"},\"primaryImageOfPage\":{\"@id\":\"https:\/\/denizcankizil.tr\/ru\/haberler\/antalya\/antalyada-rampa-cilesi\/#primaryimage\"},\"image\":{\"@id\":\"https:\/\/denizcankizil.tr\/ru\/haberler\/antalya\/antalyada-rampa-cilesi\/#primaryimage\"},\"thumbnailUrl\":\"https:\/\/denizcankizil.tr\/wp-content\/uploads\/2024\/11\/3291-01-JRYnNE.jpeg\",\"datePublished\":\"2024-11-21T12:41:33+00:00\",\"breadcrumb\":{\"@id\":\"https:\/\/denizcankizil.tr\/ru\/haberler\/antalya\/antalyada-rampa-cilesi\/#breadcrumb\"},\"inLanguage\":\"ru-RU\",\"potentialAction\":[{\"@type\":\"ReadAction\",\"target\":[\"https:\/\/denizcankizil.tr\/ru\/haberler\/antalya\/antalyada-rampa-cilesi\/\"]}]},{\"@type\":\"ImageObject\",\"inLanguage\":\"ru-RU\",\"@id\":\"https:\/\/denizcankizil.tr\/ru\/haberler\/antalya\/antalyada-rampa-cilesi\/#primaryimage\",\"url\":\"https:\/\/denizcankizil.tr\/wp-content\/uploads\/2024\/11\/3291-01-JRYnNE.jpeg\",\"contentUrl\":\"https:\/\/denizcankizil.tr\/wp-content\/uploads\/2024\/11\/3291-01-JRYnNE.jpeg\",\"width\":1280,\"height\":720},{\"@type\":\"BreadcrumbList\",\"@id\":\"https:\/\/denizcankizil.tr\/ru\/haberler\/antalya\/antalyada-rampa-cilesi\/#breadcrumb\",\"itemListElement\":[{\"@type\":\"ListItem\",\"position\":1,\"name\":\"Home\",\"item\":\"https:\/\/denizcankizil.tr\/uk\/\"},{\"@type\":\"ListItem\",\"position\":2,\"name\":\"Antalya&#8217;da rampa \u00e7ilesi\"}]},{\"@type\":\"WebSite\",\"@id\":\"https:\/\/denizcankizil.tr\/#website\",\"url\":\"https:\/\/denizcankizil.tr\/\",\"name\":\"Av. Deniz Can K\u0131z\u0131l\",\"description\":\"Avukat Deniz Can K\u0131z\u0131l Antalya Barosu\",\"publisher\":{\"@id\":\"https:\/\/denizcankizil.tr\/#organization\"},\"potentialAction\":[{\"@type\":\"SearchAction\",\"target\":{\"@type\":\"EntryPoint\",\"urlTemplate\":\"https:\/\/denizcankizil.tr\/?s={search_term_string}\"},\"query-input\":{\"@type\":\"PropertyValueSpecification\",\"valueRequired\":true,\"valueName\":\"search_term_string\"}}],\"inLanguage\":\"ru-RU\"},{\"@type\":\"Organization\",\"@id\":\"https:\/\/denizcankizil.tr\/#organization\",\"name\":\"Av. Deniz Can K\u0131z\u0131l\",\"url\":\"https:\/\/denizcankizil.tr\/\",\"logo\":{\"@type\":\"ImageObject\",\"inLanguage\":\"ru-RU\",\"@id\":\"https:\/\/denizcankizil.tr\/#\/schema\/logo\/image\/\",\"url\":\"https:\/\/denizcankizil.tr\/wp-content\/uploads\/2024\/10\/siyah-logo-svg.svg\",\"contentUrl\":\"https:\/\/denizcankizil.tr\/wp-content\/uploads\/2024\/10\/siyah-logo-svg.svg\",\"width\":1080,\"height\":1080,\"caption\":\"Av. Deniz Can K\u0131z\u0131l\"},\"image\":{\"@id\":\"https:\/\/denizcankizil.tr\/#\/schema\/logo\/image\/\"}}]}<\/script>\n<!-- \/ Yoast SEO Premium plugin. -->","yoast_head_json":{"title":"Antalya'da rampa \u00e7ilesi - Av. Deniz Can K\u0131z\u0131l","robots":{"index":"index","follow":"follow","max-snippet":"max-snippet:-1","max-image-preview":"max-image-preview:large","max-video-preview":"max-video-preview:-1"},"canonical":"https:\/\/denizcankizil.tr\/ru\/haberler\/antalya\/antalyada-rampa-cilesi\/","og_locale":"ru_RU","og_type":"article","og_title":"Antalya'da rampa \u00e7ilesi","og_description":"\u00a0Bu sefer araca zarar vermeyen ancak yine kald\u0131r\u0131ma \u00e7\u0131kamad\u0131\u011f\u0131 i\u00e7in tepki g\u00f6steren Mete, \u201cD\u0131\u015far\u0131ya \u00e7\u0131kt\u0131\u011f\u0131mda da \u00f6n\u00fcmde engellerin olmamas\u0131 gerekiyor. Soka\u011fa \u00e7\u0131kt\u0131\u011f\u0131m\u0131zda, evimize d\u00f6nerken mutsuz d\u00f6n\u00fcyoruz\u201d dedi. Antalya&#8217;ya 2012 y\u0131l\u0131nda yerle\u015fen, ge\u00e7irdi\u011fi bisiklet kazas\u0131 sonras\u0131 omurili\u011finin k\u0131r\u0131lmas\u0131 nedeniyle tekerlekli sandalyeyle hayat\u0131n\u0131 devam ettirmek zorunda kalan Tanju Mete (51), ge\u00e7ti\u011fimiz ay evine gitmek istedi\u011fi s\u0131rada Muratpa\u015fa il\u00e7esi K\u00fclt\u00fcr Mahallesi 3805 Sokak \u00fczerindeki kald\u0131r\u0131mdan inmek istedi ancak engelli rampas\u0131n\u0131n \u00f6n\u00fcne park edilen bir otomobil nedeniyle ge\u00e7i\u015f yapamad\u0131. Geriye d\u00f6n\u00fcp ara\u00e7 trafi\u011finin oldu\u011fu noktadan park eden otomobilin yan\u0131na gelen Mete, elindeki penseyle araca zarar vermeye ba\u015flad\u0131. O anlar cep telefonu kameras\u0131na yans\u0131rken, Mete ve arac\u0131 park eden ismi hen\u00fcz \u00f6\u011frenilemeyen s\u00fcr\u00fcc\u00fc birlikte polis ekiplerine durumu anlatarak ifade verdi. Bu olay\u0131n ard\u0131ndan ge\u00e7ti\u011fimiz g\u00fcnlerde ayn\u0131 g\u00fczergah\u0131 kullanan Mete, yine ayn\u0131 kald\u0131r\u0131mdaki rampa \u00f6n\u00fcne park edilen arac\u0131 g\u00f6r\u00fcnce \u00e7\u0131lg\u0131na d\u00f6nd\u00fc. Mete, ya\u015fad\u0131\u011f\u0131 ma\u011fduriyeti cep telefonu kameras\u0131yla g\u00f6r\u00fcnt\u00fcleyip duruma tepki g\u00f6sterdi. \u201cDubalar\u0131n cayd\u0131r\u0131c\u0131 olaca\u011f\u0131n\u0131 d\u00fc\u015f\u00fcnm\u00fcyorum\u201d Mete, sesini duyarak rampalar\u0131n etraf\u0131na plastik dubalar yerle\u015ftiren belediye yetkililerin ald\u0131\u011f\u0131 y\u00f6ntemin, engelli vatanda\u015flar i\u00e7in yeterli olamad\u0131\u011f\u0131n\u0131 dile getirdi. Engelli rampas\u0131n\u0131n \u00f6n\u00fcne park eden duyars\u0131z ara\u00e7 s\u00fcr\u00fcc\u00fclerine isyan eden Mete, \u201cBen bu dubalar\u0131n cayd\u0131r\u0131c\u0131 olaca\u011f\u0131n\u0131 d\u00fc\u015f\u00fcnm\u00fcyorum. \u00c7\u00fcnk\u00fc kald\u0131r\u0131m\u0131n \u00fcst\u00fcne bile \u00e7\u0131kan s\u00fcr\u00fcc\u00fcler, dubalar ara\u00e7lar\u0131na zarar vermedi\u011fi i\u00e7in rahatl\u0131kla ezip \u00fczerine \u00e7\u0131kabiliyor. &hellip;","og_url":"https:\/\/denizcankizil.tr\/ru\/haberler\/antalya\/antalyada-rampa-cilesi\/","og_site_name":"Av. Deniz Can K\u0131z\u0131l","article_published_time":"2024-11-21T12:41:33+00:00","og_image":[{"width":1280,"height":720,"url":"https:\/\/denizcankizil.tr\/wp-content\/uploads\/2024\/11\/3291-01-JRYnNE.jpeg","type":"image\/jpeg"}],"twitter_card":"summary_large_image","twitter_misc":{"\u041f\u0440\u0438\u043c\u0435\u0440\u043d\u043e\u0435 \u0432\u0440\u0435\u043c\u044f \u0434\u043b\u044f \u0447\u0442\u0435\u043d\u0438\u044f":"4 \u043c\u0438\u043d\u0443\u0442\u044b"},"schema":{"@context":"https:\/\/schema.org","@graph":[{"@type":"Article","@id":"https:\/\/denizcankizil.tr\/ru\/haberler\/antalya\/antalyada-rampa-cilesi\/#article","isPartOf":{"@id":"https:\/\/denizcankizil.tr\/ru\/haberler\/antalya\/antalyada-rampa-cilesi\/"},"author":{"name":"","@id":""},"headline":"Antalya&#8217;da rampa \u00e7ilesi","datePublished":"2024-11-21T12:41:33+00:00","mainEntityOfPage":{"@id":"https:\/\/denizcankizil.tr\/ru\/haberler\/antalya\/antalyada-rampa-cilesi\/"},"wordCount":788,"commentCount":0,"publisher":{"@id":"https:\/\/denizcankizil.tr\/#organization"},"image":{"@id":"https:\/\/denizcankizil.tr\/ru\/haberler\/antalya\/antalyada-rampa-cilesi\/#primaryimage"},"thumbnailUrl":"https:\/\/denizcankizil.tr\/wp-content\/uploads\/2024\/11\/3291-01-JRYnNE.jpeg","articleSection":["Antalya","Uncategorized"],"inLanguage":"ru-RU","potentialAction":[{"@type":"CommentAction","name":"Comment","target":["https:\/\/denizcankizil.tr\/ru\/haberler\/antalya\/antalyada-rampa-cilesi\/#respond"]}]},{"@type":"WebPage","@id":"https:\/\/denizcankizil.tr\/ru\/haberler\/antalya\/antalyada-rampa-cilesi\/","url":"https:\/\/denizcankizil.tr\/ru\/haberler\/antalya\/antalyada-rampa-cilesi\/","name":"Antalya'da rampa \u00e7ilesi - Av. Deniz Can K\u0131z\u0131l","isPartOf":{"@id":"https:\/\/denizcankizil.tr\/#website"},"primaryImageOfPage":{"@id":"https:\/\/denizcankizil.tr\/ru\/haberler\/antalya\/antalyada-rampa-cilesi\/#primaryimage"},"image":{"@id":"https:\/\/denizcankizil.tr\/ru\/haberler\/antalya\/antalyada-rampa-cilesi\/#primaryimage"},"thumbnailUrl":"https:\/\/denizcankizil.tr\/wp-content\/uploads\/2024\/11\/3291-01-JRYnNE.jpeg","datePublished":"2024-11-21T12:41:33+00:00","breadcrumb":{"@id":"https:\/\/denizcankizil.tr\/ru\/haberler\/antalya\/antalyada-rampa-cilesi\/#breadcrumb"},"inLanguage":"ru-RU","potentialAction":[{"@type":"ReadAction","target":["https:\/\/denizcankizil.tr\/ru\/haberler\/antalya\/antalyada-rampa-cilesi\/"]}]},{"@type":"ImageObject","inLanguage":"ru-RU","@id":"https:\/\/denizcankizil.tr\/ru\/haberler\/antalya\/antalyada-rampa-cilesi\/#primaryimage","url":"https:\/\/denizcankizil.tr\/wp-content\/uploads\/2024\/11\/3291-01-JRYnNE.jpeg","contentUrl":"https:\/\/denizcankizil.tr\/wp-content\/uploads\/2024\/11\/3291-01-JRYnNE.jpeg","width":1280,"height":720},{"@type":"BreadcrumbList","@id":"https:\/\/denizcankizil.tr\/ru\/haberler\/antalya\/antalyada-rampa-cilesi\/#breadcrumb","itemListElement":[{"@type":"ListItem","position":1,"name":"Home","item":"https:\/\/denizcankizil.tr\/uk\/"},{"@type":"ListItem","position":2,"name":"Antalya&#8217;da rampa \u00e7ilesi"}]},{"@type":"WebSite","@id":"https:\/\/denizcankizil.tr\/#website","url":"https:\/\/denizcankizil.tr\/","name":"Av. Deniz Can K\u0131z\u0131l","description":"Avukat Deniz Can K\u0131z\u0131l Antalya Barosu","publisher":{"@id":"https:\/\/denizcankizil.tr\/#organization"},"potentialAction":[{"@type":"SearchAction","target":{"@type":"EntryPoint","urlTemplate":"https:\/\/denizcankizil.tr\/?s={search_term_string}"},"query-input":{"@type":"PropertyValueSpecification","valueRequired":true,"valueName":"search_term_string"}}],"inLanguage":"ru-RU"},{"@type":"Organization","@id":"https:\/\/denizcankizil.tr\/#organization","name":"Av. Deniz Can K\u0131z\u0131l","url":"https:\/\/denizcankizil.tr\/","logo":{"@type":"ImageObject","inLanguage":"ru-RU","@id":"https:\/\/denizcankizil.tr\/#\/schema\/logo\/image\/","url":"https:\/\/denizcankizil.tr\/wp-content\/uploads\/2024\/10\/siyah-logo-svg.svg","contentUrl":"https:\/\/denizcankizil.tr\/wp-content\/uploads\/2024\/10\/siyah-logo-svg.svg","width":1080,"height":1080,"caption":"Av. Deniz Can K\u0131z\u0131l"},"image":{"@id":"https:\/\/denizcankizil.tr\/#\/schema\/logo\/image\/"}}]}},"_links":{"self":[{"href":"https:\/\/denizcankizil.tr\/ru\/wp-json\/wp\/v2\/posts\/16909","targetHints":{"allow":["GET"]}}],"collection":[{"href":"https:\/\/denizcankizil.tr\/ru\/wp-json\/wp\/v2\/posts"}],"about":[{"href":"https:\/\/denizcankizil.tr\/ru\/wp-json\/wp\/v2\/types\/post"}],"replies":[{"embeddable":true,"href":"https:\/\/denizcankizil.tr\/ru\/wp-json\/wp\/v2\/comments?post=16909"}],"version-history":[{"count":0,"href":"https:\/\/denizcankizil.tr\/ru\/wp-json\/wp\/v2\/posts\/16909\/revisions"}],"wp:featuredmedia":[{"embeddable":true,"href":"https:\/\/denizcankizil.tr\/ru\/wp-json\/wp\/v2\/media\/16910"}],"wp:attachment":[{"href":"https:\/\/denizcankizil.tr\/ru\/wp-json\/wp\/v2\/media?parent=16909"}],"wp:term":[{"taxonomy":"category","embeddable":true,"href":"https:\/\/denizcankizil.tr\/ru\/wp-json\/wp\/v2\/categories?post=16909"},{"taxonomy":"post_tag","embeddable":true,"href":"https:\/\/denizcankizil.tr\/ru\/wp-json\/wp\/v2\/tags?post=16909"}],"curies":[{"name":"wp","href":"https:\/\/api.w.org\/{rel}","templated":true}]}}