{"id":16862,"date":"2024-11-21T12:41:51","date_gmt":"2024-11-21T09:41:51","guid":{"rendered":"https:\/\/denizcankizil.tr\/uncategorized-tr\/narinin-ismi-alanyada-yasatilacak\/"},"modified":"2024-11-21T12:41:51","modified_gmt":"2024-11-21T09:41:51","slug":"narinin-ismi-alanyada-yasatilacak","status":"publish","type":"post","link":"https:\/\/denizcankizil.tr\/ru\/haberler\/gundem\/narinin-ismi-alanyada-yasatilacak\/","title":{"rendered":"Narin&#8217;in ismi Alanya&#8217;da ya\u015fat\u0131lacak"},"content":{"rendered":"<p>\u00c7ocuk ihmal ve istismar\u0131na kar\u015f\u0131 verdi\u011fi m\u00fccadeleyle tan\u0131nan Alanya Alaaddin Keykubat \u00dcniversitesi (ALK\u00dc) Mavi Kelebek \u00c7ocuk Haklar\u0131 Toplulu\u011fu daha iyi bir gelecek i\u00e7in faaliyetlerine t\u00fcm h\u0131z\u0131yla devam ediyor. ALK\u00dc Mavi Kelebek \u00c7ocuk Haklar\u0131 Toplulu\u011fu t\u00fcm T\u00fcrkiye\u2019yi derinden sarsan ve Diyarbak\u0131r\u2019da \u00f6ld\u00fcr\u00fcld\u00fckten sonra &#8216;kayboldu&#8217; ihbar\u0131 yap\u0131lan, 19 g\u00fcn sonra cans\u0131z bedenine ula\u015f\u0131lan 8 ya\u015f\u0131ndaki Narin G\u00fcran&#8217;\u0131n ad\u0131n\u0131 ya\u015fatmak i\u00e7in \u2018Narin \u00c7ocuklar K\u00fct\u00fcphanesi\u2018 projesini \u00a0ba\u015flatt\u0131.<\/p>\n<p>UC\u0130M, NAR\u0130N G\u00dcRAN&#8217;IN \u0130SM\u0130N\u0130 YA\u015eATACAK\u00a0<\/p>\n<p>Antalya\u00b4daki \u00a0k\u00f6y okullar\u0131nda e\u011fitim g\u00f6ren \u00e7ocuklar\u0131n bilgiye eri\u015fim olanaklar\u0131n\u0131n \u00a0art\u0131r\u0131lmas\u0131 hedeflenen \u00a0k\u00fct\u00fcphanenin ilki 20 Kas\u0131m 2024 D\u00fcnya \u00c7ocuk Haklar\u0131 G\u00fcn\u00fc\u2019nde a\u00e7\u0131ld\u0131.\u00a0Projenin ama\u00e7lar\u0131 aras\u0131nda k\u0131rsal b\u00f6lgelerde e\u011fitim g\u00f6ren \u00e7ocuklar\u0131n kitaplara eri\u015fimini kolayla\u015ft\u0131rmak, e\u011fitim haklar\u0131n\u0131 desteklemek, zengin \u00f6\u011frenme kaynaklar\u0131 sunmak, toplumda \u00e7ocuk haklar\u0131na duyarl\u0131l\u0131k yaratmak ve bu konuda fark\u0131ndal\u0131k olu\u015fturulmas\u0131 hedeflendi. Ayn\u0131 zamanda UC\u0130M, Narin G\u00fcran\u2019\u0131n ad\u0131n\u0131 ya\u015fat\u0131yor.<\/p>\n<p>SAADET \u00d6\u011eRETMEN DE KATILDI\u00a0<\/p>\n<p>K\u00fct\u00fcphane a\u00e7\u0131l\u0131\u015f\u0131na ALK\u00dc Rekt\u00f6r yard\u0131mc\u0131s\u0131 Prof. Dr. At\u0131f Bayramo\u011flu, UC\u0130M-Saadet \u00d6\u011fretmen \u00c7ocuk \u0130stismar\u0131 ile M\u00fccadele Derne\u011fi Ba\u015fkanlar\u0131 Saadet \u00d6zkan ve Y\u00fccel Ceylan, Akdeniz \u00dcniversitesi Mavi kelebekler \u00a0\u00c7ocuk Haklar\u0131 Toplulu\u011fu ve Alanya Alaaddin Keykubat \u00dcniversitesi Mavi Kelebek \u00c7ocuk Haklar\u0131 Toplulu\u011fu \u00f6\u011frencileri kat\u0131ld\u0131.<\/p>\n<p>&#8220;NAR\u0130N \u0130\u00c7\u0130N NELER YAPAB\u0130L\u0130R\u0130Z?&#8221; D\u0130YEREK BA\u015eLADIK<\/p>\n<p>\u00c7ocuk Haklar\u0131 G\u00fcn\u00fc&#8217;nde konu\u015fma yapan Saadet \u00d6zkan; Ya\u015fama hakk\u0131, e\u011fitim hakk\u0131, sa\u011fl\u0131k hizmetlerine eri\u015fim hakk\u0131, oyun oynama hakk\u0131, sevgi ve anlay\u0131\u015f g\u00f6rme haklar\u0131na dikkat \u00e7ekti. \u00d6zkan&#8217;\u0131n konu\u015fmas\u0131n\u0131n ard\u0131ndan Mavi kelebekler \u00c7ocuk Haklar\u0131 Toplulu\u011fu Ba\u015fkan\u0131 \u0130layda Cennet Y\u0131lmaz, \u201dNarin \u00e7ocu\u011fumuzu kaybetti\u011fimizde &#8216;Narin i\u00e7in neler yapabiliriz?&#8217; diyerek ba\u015flad\u0131k bug\u00fcn\u00fc in\u015fa etmeye. \u00c7\u00fcnk\u00fc biliyorduk ki bir \u00e7ocuk s\u00f6z konusu oldu\u011funda her zaman &#8216;Bizler neler yapabiliriz?&#8217; diye sormak hem \u00e7ocuklara borcumuz hem de yar\u0131nlar\u0131 gururla temsil edebilmek i\u00e7in g\u00f6revimiz&#8221; dedi.\u00a0<\/p>\n<p>\u00c7OCUKLAR DOYASIYA E\u011eLEND\u0130\u00a0<\/p>\n<p>Etkinlik b\u00f6lgedeki dayan\u0131\u015fma ve e\u011fitim faaliyetlerine \u00f6nemli bir fark\u0131ndal\u0131k da kazand\u0131rd\u0131. \u00c7ocuklar i\u00e7in \u00f6zel olarak d\u00fczenlenmi\u015f oyunlar, danslar, m\u00fczikler ve e\u011flenceli aktivitelerin de yer ald\u0131\u011f\u0131 a\u00e7\u0131l\u0131\u015fta \u00e7ocuklarda doyas\u0131ya e\u011flendi.<\/p>\n<p>\u200bDiyarbak\u0131r&#8217;da 19 g\u00fcn sonra cans\u0131z bedeni bulunan 8 ya\u015f\u0131ndaki Narin&#8217;in ismi Alanya&#8217;da ya\u015fat\u0131lacak. Alanya Alaaddin Keykubat \u00dcniversitesi Mavi Kelebek \u00c7ocuk Haklar\u0131 Toplulu\u011fu, Narin G\u00fcran&#8217;\u0131n ad\u0131n\u0131 ya\u015fatmak i\u00e7in &#8216;Narin \u00c7ocuklar K\u00fct\u00fcphanesi\u2018 projesini \u00a0ba\u015flatt\u0131.\u00a0<\/p>\n<p>\u200bHaberin Al\u0131nt\u0131land\u0131\u011f\u0131 Kaynak: www.antalyakorfez.com<\/p>","protected":false},"excerpt":{"rendered":"<p>\u00c7ocuk ihmal ve istismar\u0131na kar\u015f\u0131 verdi\u011fi m\u00fccadeleyle tan\u0131nan Alanya Alaaddin Keykubat \u00dcniversitesi (ALK\u00dc) Mavi Kelebek \u00c7ocuk Haklar\u0131 Toplulu\u011fu daha iyi bir gelecek i\u00e7in faaliyetlerine t\u00fcm h\u0131z\u0131yla devam ediyor. ALK\u00dc Mavi Kelebek \u00c7ocuk Haklar\u0131 Toplulu\u011fu t\u00fcm T\u00fcrkiye\u2019yi derinden sarsan ve Diyarbak\u0131r\u2019da \u00f6ld\u00fcr\u00fcld\u00fckten sonra &#8216;kayboldu&#8217; ihbar\u0131 yap\u0131lan, 19 g\u00fcn sonra cans\u0131z bedenine ula\u015f\u0131lan 8 ya\u015f\u0131ndaki Narin G\u00fcran&#8217;\u0131n ad\u0131n\u0131 ya\u015fatmak i\u00e7in \u2018Narin \u00c7ocuklar K\u00fct\u00fcphanesi\u2018 projesini \u00a0ba\u015flatt\u0131. UC\u0130M, NAR\u0130N G\u00dcRAN&#8217;IN \u0130SM\u0130N\u0130 YA\u015eATACAK\u00a0 Antalya\u00b4daki \u00a0k\u00f6y okullar\u0131nda e\u011fitim g\u00f6ren \u00e7ocuklar\u0131n bilgiye eri\u015fim olanaklar\u0131n\u0131n \u00a0art\u0131r\u0131lmas\u0131 hedeflenen \u00a0k\u00fct\u00fcphanenin ilki 20 Kas\u0131m 2024 D\u00fcnya \u00c7ocuk Haklar\u0131 G\u00fcn\u00fc\u2019nde a\u00e7\u0131ld\u0131.\u00a0Projenin ama\u00e7lar\u0131 aras\u0131nda k\u0131rsal b\u00f6lgelerde e\u011fitim g\u00f6ren \u00e7ocuklar\u0131n kitaplara eri\u015fimini kolayla\u015ft\u0131rmak, e\u011fitim haklar\u0131n\u0131 desteklemek, zengin \u00f6\u011frenme kaynaklar\u0131 sunmak, toplumda \u00e7ocuk haklar\u0131na duyarl\u0131l\u0131k yaratmak ve bu konuda fark\u0131ndal\u0131k olu\u015fturulmas\u0131 hedeflendi. Ayn\u0131 zamanda UC\u0130M, Narin G\u00fcran\u2019\u0131n ad\u0131n\u0131 ya\u015fat\u0131yor. SAADET \u00d6\u011eRETMEN DE KATILDI\u00a0 K\u00fct\u00fcphane a\u00e7\u0131l\u0131\u015f\u0131na ALK\u00dc Rekt\u00f6r yard\u0131mc\u0131s\u0131 Prof. Dr. At\u0131f Bayramo\u011flu, UC\u0130M-Saadet \u00d6\u011fretmen \u00c7ocuk \u0130stismar\u0131 ile M\u00fccadele Derne\u011fi Ba\u015fkanlar\u0131 Saadet \u00d6zkan ve Y\u00fccel Ceylan, Akdeniz \u00dcniversitesi Mavi kelebekler \u00a0\u00c7ocuk Haklar\u0131 Toplulu\u011fu ve Alanya Alaaddin Keykubat \u00dcniversitesi Mavi Kelebek \u00c7ocuk Haklar\u0131 Toplulu\u011fu \u00f6\u011frencileri kat\u0131ld\u0131. &#8220;NAR\u0130N \u0130\u00c7\u0130N NELER YAPAB\u0130L\u0130R\u0130Z?&#8221; D\u0130YEREK BA\u015eLADIK \u00c7ocuk Haklar\u0131 G\u00fcn\u00fc&#8217;nde konu\u015fma yapan Saadet \u00d6zkan; Ya\u015fama hakk\u0131, e\u011fitim hakk\u0131, sa\u011fl\u0131k hizmetlerine eri\u015fim hakk\u0131, oyun oynama hakk\u0131, sevgi ve anlay\u0131\u015f g\u00f6rme haklar\u0131na dikkat \u00e7ekti. &hellip;<\/p>","protected":false},"author":0,"featured_media":0,"comment_status":"open","ping_status":"open","sticky":false,"template":"","format":"standard","meta":{"_acf_changed":false,"footnotes":""},"categories":[24,535],"tags":[],"class_list":["post-16862","post","type-post","status-publish","format-standard","has-post-thumbnail","hentry","category-gundem","category-uncategorized-tr"],"acf":[],"yoast_head":"<!-- This site is optimized with the Yoast SEO Premium plugin v26.6 (Yoast SEO v27.1.1) - https:\/\/yoast.com\/product\/yoast-seo-premium-wordpress\/ -->\n<title>Narin&#039;in ismi Alanya&#039;da ya\u015fat\u0131lacak - Av. Deniz Can K\u0131z\u0131l<\/title>\n<meta name=\"robots\" content=\"index, follow, max-snippet:-1, max-image-preview:large, max-video-preview:-1\" \/>\n<link rel=\"canonical\" href=\"https:\/\/denizcankizil.tr\/ru\/haberler\/gundem\/narinin-ismi-alanyada-yasatilacak\/\" \/>\n<meta property=\"og:locale\" content=\"ru_RU\" \/>\n<meta property=\"og:type\" content=\"article\" \/>\n<meta property=\"og:title\" content=\"Narin&#039;in ismi Alanya&#039;da ya\u015fat\u0131lacak\" \/>\n<meta property=\"og:description\" content=\"\u00c7ocuk ihmal ve istismar\u0131na kar\u015f\u0131 verdi\u011fi m\u00fccadeleyle tan\u0131nan Alanya Alaaddin Keykubat \u00dcniversitesi (ALK\u00dc) Mavi Kelebek \u00c7ocuk Haklar\u0131 Toplulu\u011fu daha iyi bir gelecek i\u00e7in faaliyetlerine t\u00fcm h\u0131z\u0131yla devam ediyor. ALK\u00dc Mavi Kelebek \u00c7ocuk Haklar\u0131 Toplulu\u011fu t\u00fcm T\u00fcrkiye\u2019yi derinden sarsan ve Diyarbak\u0131r\u2019da \u00f6ld\u00fcr\u00fcld\u00fckten sonra &#8216;kayboldu&#8217; ihbar\u0131 yap\u0131lan, 19 g\u00fcn sonra cans\u0131z bedenine ula\u015f\u0131lan 8 ya\u015f\u0131ndaki Narin G\u00fcran&#8217;\u0131n ad\u0131n\u0131 ya\u015fatmak i\u00e7in \u2018Narin \u00c7ocuklar K\u00fct\u00fcphanesi\u2018 projesini \u00a0ba\u015flatt\u0131. UC\u0130M, NAR\u0130N G\u00dcRAN&#8217;IN \u0130SM\u0130N\u0130 YA\u015eATACAK\u00a0 Antalya\u00b4daki \u00a0k\u00f6y okullar\u0131nda e\u011fitim g\u00f6ren \u00e7ocuklar\u0131n bilgiye eri\u015fim olanaklar\u0131n\u0131n \u00a0art\u0131r\u0131lmas\u0131 hedeflenen \u00a0k\u00fct\u00fcphanenin ilki 20 Kas\u0131m 2024 D\u00fcnya \u00c7ocuk Haklar\u0131 G\u00fcn\u00fc\u2019nde a\u00e7\u0131ld\u0131.\u00a0Projenin ama\u00e7lar\u0131 aras\u0131nda k\u0131rsal b\u00f6lgelerde e\u011fitim g\u00f6ren \u00e7ocuklar\u0131n kitaplara eri\u015fimini kolayla\u015ft\u0131rmak, e\u011fitim haklar\u0131n\u0131 desteklemek, zengin \u00f6\u011frenme kaynaklar\u0131 sunmak, toplumda \u00e7ocuk haklar\u0131na duyarl\u0131l\u0131k yaratmak ve bu konuda fark\u0131ndal\u0131k olu\u015fturulmas\u0131 hedeflendi. Ayn\u0131 zamanda UC\u0130M, Narin G\u00fcran\u2019\u0131n ad\u0131n\u0131 ya\u015fat\u0131yor. SAADET \u00d6\u011eRETMEN DE KATILDI\u00a0 K\u00fct\u00fcphane a\u00e7\u0131l\u0131\u015f\u0131na ALK\u00dc Rekt\u00f6r yard\u0131mc\u0131s\u0131 Prof. Dr. At\u0131f Bayramo\u011flu, UC\u0130M-Saadet \u00d6\u011fretmen \u00c7ocuk \u0130stismar\u0131 ile M\u00fccadele Derne\u011fi Ba\u015fkanlar\u0131 Saadet \u00d6zkan ve Y\u00fccel Ceylan, Akdeniz \u00dcniversitesi Mavi kelebekler \u00a0\u00c7ocuk Haklar\u0131 Toplulu\u011fu ve Alanya Alaaddin Keykubat \u00dcniversitesi Mavi Kelebek \u00c7ocuk Haklar\u0131 Toplulu\u011fu \u00f6\u011frencileri kat\u0131ld\u0131. &#8220;NAR\u0130N \u0130\u00c7\u0130N NELER YAPAB\u0130L\u0130R\u0130Z?&#8221; D\u0130YEREK BA\u015eLADIK \u00c7ocuk Haklar\u0131 G\u00fcn\u00fc&#8217;nde konu\u015fma yapan Saadet \u00d6zkan; Ya\u015fama hakk\u0131, e\u011fitim hakk\u0131, sa\u011fl\u0131k hizmetlerine eri\u015fim hakk\u0131, oyun oynama hakk\u0131, sevgi ve anlay\u0131\u015f g\u00f6rme haklar\u0131na dikkat \u00e7ekti. &hellip;\" \/>\n<meta property=\"og:url\" content=\"https:\/\/denizcankizil.tr\/ru\/haberler\/gundem\/narinin-ismi-alanyada-yasatilacak\/\" \/>\n<meta property=\"og:site_name\" content=\"Av. Deniz Can K\u0131z\u0131l\" \/>\n<meta property=\"article:published_time\" content=\"2024-11-21T09:41:51+00:00\" \/>\n<meta name=\"twitter:card\" content=\"summary_large_image\" \/>\n<meta name=\"twitter:label1\" content=\"\u041f\u0440\u0438\u043c\u0435\u0440\u043d\u043e\u0435 \u0432\u0440\u0435\u043c\u044f \u0434\u043b\u044f \u0447\u0442\u0435\u043d\u0438\u044f\" \/>\n\t<meta name=\"twitter:data1\" content=\"2 \u043c\u0438\u043d\u0443\u0442\u044b\" \/>\n<script type=\"application\/ld+json\" class=\"yoast-schema-graph\">{\"@context\":\"https:\/\/schema.org\",\"@graph\":[{\"@type\":\"Article\",\"@id\":\"https:\/\/denizcankizil.tr\/de\/haberler\/gundem\/narinin-ismi-alanyada-yasatilacak\/#article\",\"isPartOf\":{\"@id\":\"https:\/\/denizcankizil.tr\/de\/haberler\/gundem\/narinin-ismi-alanyada-yasatilacak\/\"},\"author\":{\"name\":\"\",\"@id\":\"\"},\"headline\":\"Narin&#8217;in ismi Alanya&#8217;da ya\u015fat\u0131lacak\",\"datePublished\":\"2024-11-21T09:41:51+00:00\",\"mainEntityOfPage\":{\"@id\":\"https:\/\/denizcankizil.tr\/de\/haberler\/gundem\/narinin-ismi-alanyada-yasatilacak\/\"},\"wordCount\":491,\"commentCount\":0,\"publisher\":{\"@id\":\"https:\/\/denizcankizil.tr\/de\/#organization\"},\"articleSection\":[\"G\u00fcndem\",\"Uncategorized\"],\"inLanguage\":\"ru-RU\",\"potentialAction\":[{\"@type\":\"CommentAction\",\"name\":\"Comment\",\"target\":[\"https:\/\/denizcankizil.tr\/de\/haberler\/gundem\/narinin-ismi-alanyada-yasatilacak\/#respond\"]}]},{\"@type\":\"WebPage\",\"@id\":\"https:\/\/denizcankizil.tr\/de\/haberler\/gundem\/narinin-ismi-alanyada-yasatilacak\/\",\"url\":\"https:\/\/denizcankizil.tr\/de\/haberler\/gundem\/narinin-ismi-alanyada-yasatilacak\/\",\"name\":\"Narin'in ismi Alanya'da ya\u015fat\u0131lacak - Av. Deniz Can K\u0131z\u0131l\",\"isPartOf\":{\"@id\":\"https:\/\/denizcankizil.tr\/de\/#website\"},\"datePublished\":\"2024-11-21T09:41:51+00:00\",\"breadcrumb\":{\"@id\":\"https:\/\/denizcankizil.tr\/de\/haberler\/gundem\/narinin-ismi-alanyada-yasatilacak\/#breadcrumb\"},\"inLanguage\":\"ru-RU\",\"potentialAction\":[{\"@type\":\"ReadAction\",\"target\":[\"https:\/\/denizcankizil.tr\/de\/haberler\/gundem\/narinin-ismi-alanyada-yasatilacak\/\"]}]},{\"@type\":\"BreadcrumbList\",\"@id\":\"https:\/\/denizcankizil.tr\/de\/haberler\/gundem\/narinin-ismi-alanyada-yasatilacak\/#breadcrumb\",\"itemListElement\":[{\"@type\":\"ListItem\",\"position\":1,\"name\":\"Home\",\"item\":\"https:\/\/denizcankizil.tr\/de\/\"},{\"@type\":\"ListItem\",\"position\":2,\"name\":\"Narin&#8217;in ismi Alanya&#8217;da ya\u015fat\u0131lacak\"}]},{\"@type\":\"WebSite\",\"@id\":\"https:\/\/denizcankizil.tr\/de\/#website\",\"url\":\"https:\/\/denizcankizil.tr\/de\/\",\"name\":\"Av. Deniz Can K\u0131z\u0131l\",\"description\":\"Avukat Deniz Can K\u0131z\u0131l Antalya Barosu\",\"publisher\":{\"@id\":\"https:\/\/denizcankizil.tr\/de\/#organization\"},\"potentialAction\":[{\"@type\":\"SearchAction\",\"target\":{\"@type\":\"EntryPoint\",\"urlTemplate\":\"https:\/\/denizcankizil.tr\/de\/?s={search_term_string}\"},\"query-input\":{\"@type\":\"PropertyValueSpecification\",\"valueRequired\":true,\"valueName\":\"search_term_string\"}}],\"inLanguage\":\"ru-RU\"},{\"@type\":\"Organization\",\"@id\":\"https:\/\/denizcankizil.tr\/de\/#organization\",\"name\":\"Av. Deniz Can K\u0131z\u0131l\",\"url\":\"https:\/\/denizcankizil.tr\/de\/\",\"logo\":{\"@type\":\"ImageObject\",\"inLanguage\":\"ru-RU\",\"@id\":\"https:\/\/denizcankizil.tr\/de\/#\/schema\/logo\/image\/\",\"url\":\"https:\/\/denizcankizil.tr\/wp-content\/uploads\/2024\/10\/siyah-logo-svg.svg\",\"contentUrl\":\"https:\/\/denizcankizil.tr\/wp-content\/uploads\/2024\/10\/siyah-logo-svg.svg\",\"width\":1080,\"height\":1080,\"caption\":\"Av. Deniz Can K\u0131z\u0131l\"},\"image\":{\"@id\":\"https:\/\/denizcankizil.tr\/de\/#\/schema\/logo\/image\/\"}}]}<\/script>\n<!-- \/ Yoast SEO Premium plugin. -->","yoast_head_json":{"title":"Narin'in ismi Alanya'da ya\u015fat\u0131lacak - Av. Deniz Can K\u0131z\u0131l","robots":{"index":"index","follow":"follow","max-snippet":"max-snippet:-1","max-image-preview":"max-image-preview:large","max-video-preview":"max-video-preview:-1"},"canonical":"https:\/\/denizcankizil.tr\/ru\/haberler\/gundem\/narinin-ismi-alanyada-yasatilacak\/","og_locale":"ru_RU","og_type":"article","og_title":"Narin'in ismi Alanya'da ya\u015fat\u0131lacak","og_description":"\u00c7ocuk ihmal ve istismar\u0131na kar\u015f\u0131 verdi\u011fi m\u00fccadeleyle tan\u0131nan Alanya Alaaddin Keykubat \u00dcniversitesi (ALK\u00dc) Mavi Kelebek \u00c7ocuk Haklar\u0131 Toplulu\u011fu daha iyi bir gelecek i\u00e7in faaliyetlerine t\u00fcm h\u0131z\u0131yla devam ediyor. ALK\u00dc Mavi Kelebek \u00c7ocuk Haklar\u0131 Toplulu\u011fu t\u00fcm T\u00fcrkiye\u2019yi derinden sarsan ve Diyarbak\u0131r\u2019da \u00f6ld\u00fcr\u00fcld\u00fckten sonra &#8216;kayboldu&#8217; ihbar\u0131 yap\u0131lan, 19 g\u00fcn sonra cans\u0131z bedenine ula\u015f\u0131lan 8 ya\u015f\u0131ndaki Narin G\u00fcran&#8217;\u0131n ad\u0131n\u0131 ya\u015fatmak i\u00e7in \u2018Narin \u00c7ocuklar K\u00fct\u00fcphanesi\u2018 projesini \u00a0ba\u015flatt\u0131. UC\u0130M, NAR\u0130N G\u00dcRAN&#8217;IN \u0130SM\u0130N\u0130 YA\u015eATACAK\u00a0 Antalya\u00b4daki \u00a0k\u00f6y okullar\u0131nda e\u011fitim g\u00f6ren \u00e7ocuklar\u0131n bilgiye eri\u015fim olanaklar\u0131n\u0131n \u00a0art\u0131r\u0131lmas\u0131 hedeflenen \u00a0k\u00fct\u00fcphanenin ilki 20 Kas\u0131m 2024 D\u00fcnya \u00c7ocuk Haklar\u0131 G\u00fcn\u00fc\u2019nde a\u00e7\u0131ld\u0131.\u00a0Projenin ama\u00e7lar\u0131 aras\u0131nda k\u0131rsal b\u00f6lgelerde e\u011fitim g\u00f6ren \u00e7ocuklar\u0131n kitaplara eri\u015fimini kolayla\u015ft\u0131rmak, e\u011fitim haklar\u0131n\u0131 desteklemek, zengin \u00f6\u011frenme kaynaklar\u0131 sunmak, toplumda \u00e7ocuk haklar\u0131na duyarl\u0131l\u0131k yaratmak ve bu konuda fark\u0131ndal\u0131k olu\u015fturulmas\u0131 hedeflendi. Ayn\u0131 zamanda UC\u0130M, Narin G\u00fcran\u2019\u0131n ad\u0131n\u0131 ya\u015fat\u0131yor. SAADET \u00d6\u011eRETMEN DE KATILDI\u00a0 K\u00fct\u00fcphane a\u00e7\u0131l\u0131\u015f\u0131na ALK\u00dc Rekt\u00f6r yard\u0131mc\u0131s\u0131 Prof. Dr. At\u0131f Bayramo\u011flu, UC\u0130M-Saadet \u00d6\u011fretmen \u00c7ocuk \u0130stismar\u0131 ile M\u00fccadele Derne\u011fi Ba\u015fkanlar\u0131 Saadet \u00d6zkan ve Y\u00fccel Ceylan, Akdeniz \u00dcniversitesi Mavi kelebekler \u00a0\u00c7ocuk Haklar\u0131 Toplulu\u011fu ve Alanya Alaaddin Keykubat \u00dcniversitesi Mavi Kelebek \u00c7ocuk Haklar\u0131 Toplulu\u011fu \u00f6\u011frencileri kat\u0131ld\u0131. &#8220;NAR\u0130N \u0130\u00c7\u0130N NELER YAPAB\u0130L\u0130R\u0130Z?&#8221; D\u0130YEREK BA\u015eLADIK \u00c7ocuk Haklar\u0131 G\u00fcn\u00fc&#8217;nde konu\u015fma yapan Saadet \u00d6zkan; Ya\u015fama hakk\u0131, e\u011fitim hakk\u0131, sa\u011fl\u0131k hizmetlerine eri\u015fim hakk\u0131, oyun oynama hakk\u0131, sevgi ve anlay\u0131\u015f g\u00f6rme haklar\u0131na dikkat \u00e7ekti. &hellip;","og_url":"https:\/\/denizcankizil.tr\/ru\/haberler\/gundem\/narinin-ismi-alanyada-yasatilacak\/","og_site_name":"Av. Deniz Can K\u0131z\u0131l","article_published_time":"2024-11-21T09:41:51+00:00","twitter_card":"summary_large_image","twitter_misc":{"\u041f\u0440\u0438\u043c\u0435\u0440\u043d\u043e\u0435 \u0432\u0440\u0435\u043c\u044f \u0434\u043b\u044f \u0447\u0442\u0435\u043d\u0438\u044f":"2 \u043c\u0438\u043d\u0443\u0442\u044b"},"schema":{"@context":"https:\/\/schema.org","@graph":[{"@type":"Article","@id":"https:\/\/denizcankizil.tr\/de\/haberler\/gundem\/narinin-ismi-alanyada-yasatilacak\/#article","isPartOf":{"@id":"https:\/\/denizcankizil.tr\/de\/haberler\/gundem\/narinin-ismi-alanyada-yasatilacak\/"},"author":{"name":"","@id":""},"headline":"Narin&#8217;in ismi Alanya&#8217;da ya\u015fat\u0131lacak","datePublished":"2024-11-21T09:41:51+00:00","mainEntityOfPage":{"@id":"https:\/\/denizcankizil.tr\/de\/haberler\/gundem\/narinin-ismi-alanyada-yasatilacak\/"},"wordCount":491,"commentCount":0,"publisher":{"@id":"https:\/\/denizcankizil.tr\/de\/#organization"},"articleSection":["G\u00fcndem","Uncategorized"],"inLanguage":"ru-RU","potentialAction":[{"@type":"CommentAction","name":"Comment","target":["https:\/\/denizcankizil.tr\/de\/haberler\/gundem\/narinin-ismi-alanyada-yasatilacak\/#respond"]}]},{"@type":"WebPage","@id":"https:\/\/denizcankizil.tr\/de\/haberler\/gundem\/narinin-ismi-alanyada-yasatilacak\/","url":"https:\/\/denizcankizil.tr\/de\/haberler\/gundem\/narinin-ismi-alanyada-yasatilacak\/","name":"Narin'in ismi Alanya'da ya\u015fat\u0131lacak - Av. Deniz Can K\u0131z\u0131l","isPartOf":{"@id":"https:\/\/denizcankizil.tr\/de\/#website"},"datePublished":"2024-11-21T09:41:51+00:00","breadcrumb":{"@id":"https:\/\/denizcankizil.tr\/de\/haberler\/gundem\/narinin-ismi-alanyada-yasatilacak\/#breadcrumb"},"inLanguage":"ru-RU","potentialAction":[{"@type":"ReadAction","target":["https:\/\/denizcankizil.tr\/de\/haberler\/gundem\/narinin-ismi-alanyada-yasatilacak\/"]}]},{"@type":"BreadcrumbList","@id":"https:\/\/denizcankizil.tr\/de\/haberler\/gundem\/narinin-ismi-alanyada-yasatilacak\/#breadcrumb","itemListElement":[{"@type":"ListItem","position":1,"name":"Home","item":"https:\/\/denizcankizil.tr\/de\/"},{"@type":"ListItem","position":2,"name":"Narin&#8217;in ismi Alanya&#8217;da ya\u015fat\u0131lacak"}]},{"@type":"WebSite","@id":"https:\/\/denizcankizil.tr\/de\/#website","url":"https:\/\/denizcankizil.tr\/de\/","name":"Av. Deniz Can K\u0131z\u0131l","description":"Avukat Deniz Can K\u0131z\u0131l Antalya Barosu","publisher":{"@id":"https:\/\/denizcankizil.tr\/de\/#organization"},"potentialAction":[{"@type":"SearchAction","target":{"@type":"EntryPoint","urlTemplate":"https:\/\/denizcankizil.tr\/de\/?s={search_term_string}"},"query-input":{"@type":"PropertyValueSpecification","valueRequired":true,"valueName":"search_term_string"}}],"inLanguage":"ru-RU"},{"@type":"Organization","@id":"https:\/\/denizcankizil.tr\/de\/#organization","name":"Av. Deniz Can K\u0131z\u0131l","url":"https:\/\/denizcankizil.tr\/de\/","logo":{"@type":"ImageObject","inLanguage":"ru-RU","@id":"https:\/\/denizcankizil.tr\/de\/#\/schema\/logo\/image\/","url":"https:\/\/denizcankizil.tr\/wp-content\/uploads\/2024\/10\/siyah-logo-svg.svg","contentUrl":"https:\/\/denizcankizil.tr\/wp-content\/uploads\/2024\/10\/siyah-logo-svg.svg","width":1080,"height":1080,"caption":"Av. Deniz Can K\u0131z\u0131l"},"image":{"@id":"https:\/\/denizcankizil.tr\/de\/#\/schema\/logo\/image\/"}}]}},"_links":{"self":[{"href":"https:\/\/denizcankizil.tr\/ru\/wp-json\/wp\/v2\/posts\/16862","targetHints":{"allow":["GET"]}}],"collection":[{"href":"https:\/\/denizcankizil.tr\/ru\/wp-json\/wp\/v2\/posts"}],"about":[{"href":"https:\/\/denizcankizil.tr\/ru\/wp-json\/wp\/v2\/types\/post"}],"replies":[{"embeddable":true,"href":"https:\/\/denizcankizil.tr\/ru\/wp-json\/wp\/v2\/comments?post=16862"}],"version-history":[{"count":0,"href":"https:\/\/denizcankizil.tr\/ru\/wp-json\/wp\/v2\/posts\/16862\/revisions"}],"wp:attachment":[{"href":"https:\/\/denizcankizil.tr\/ru\/wp-json\/wp\/v2\/media?parent=16862"}],"wp:term":[{"taxonomy":"category","embeddable":true,"href":"https:\/\/denizcankizil.tr\/ru\/wp-json\/wp\/v2\/categories?post=16862"},{"taxonomy":"post_tag","embeddable":true,"href":"https:\/\/denizcankizil.tr\/ru\/wp-json\/wp\/v2\/tags?post=16862"}],"curies":[{"name":"wp","href":"https:\/\/api.w.org\/{rel}","templated":true}]}}