{"id":16806,"date":"2024-11-21T08:42:21","date_gmt":"2024-11-21T05:42:21","guid":{"rendered":"https:\/\/denizcankizil.tr\/uncategorized-tr\/niluferli-cocuklar-guvenli-kent-icin-yurudu\/"},"modified":"2025-03-16T00:45:47","modified_gmt":"2025-03-15T21:45:47","slug":"niluferli-cocuklar-guvenli-kent-icin-yurudu","status":"publish","type":"post","link":"https:\/\/denizcankizil.tr\/ru\/haberler\/gundem\/niluferli-cocuklar-guvenli-kent-icin-yurudu\/","title":{"rendered":"Nil\u00fcferli \u00e7ocuklar \u201cG\u00fcvenli Kent\u201d i\u00e7in y\u00fcr\u00fcd\u00fc"},"content":{"rendered":"<p>Nil\u00fcfer\u2019de 20 Kas\u0131m D\u00fcnya \u00c7ocuk Haklar\u0131 G\u00fcn\u00fc dolay\u0131s\u0131yla d\u00fczenlenen y\u00fcr\u00fcy\u00fc\u015fe kat\u0131lan \u00e7ocuklar, \u201cG\u00fcvenli bir gelecek i\u00e7in g\u00fcvenli bir kent\u201d talebiyle bir araya geldi.<\/p>\n<p>\u200bNil\u00fcfer\u2019de 20 Kas\u0131m D\u00fcnya \u00c7ocuk Haklar\u0131 G\u00fcn\u00fc dolay\u0131s\u0131yla d\u00fczenlenen y\u00fcr\u00fcy\u00fc\u015fe kat\u0131lan \u00e7ocuklar, \u201cG\u00fcvenli bir gelecek i\u00e7in g\u00fcvenli bir kent\u201d talebiyle bir araya geldi.\u00a0<\/p>\n<p>\u200bHaberin Al\u0131nt\u0131land\u0131\u011f\u0131 Kaynak: www.iskenderun.org<\/p>","protected":false},"excerpt":{"rendered":"<p>Nil\u00fcfer\u2019de 20 Kas\u0131m D\u00fcnya \u00c7ocuk Haklar\u0131 G\u00fcn\u00fc dolay\u0131s\u0131yla d\u00fczenlenen y\u00fcr\u00fcy\u00fc\u015fe kat\u0131lan \u00e7ocuklar, \u201cG\u00fcvenli bir gelecek i\u00e7in g\u00fcvenli bir kent\u201d talebiyle bir araya geldi. \u200bNil\u00fcfer\u2019de 20 Kas\u0131m D\u00fcnya \u00c7ocuk Haklar\u0131 G\u00fcn\u00fc dolay\u0131s\u0131yla d\u00fczenlenen y\u00fcr\u00fcy\u00fc\u015fe kat\u0131lan \u00e7ocuklar, \u201cG\u00fcvenli bir gelecek i\u00e7in g\u00fcvenli bir kent\u201d talebiyle bir araya geldi.\u00a0 \u200bHaberin Al\u0131nt\u0131land\u0131\u011f\u0131 Kaynak: www.iskenderun.org<\/p>","protected":false},"author":2,"featured_media":0,"comment_status":"closed","ping_status":"open","sticky":false,"template":"","format":"standard","meta":{"_acf_changed":false,"footnotes":""},"categories":[24,535],"tags":[],"class_list":["post-16806","post","type-post","status-publish","format-standard","has-post-thumbnail","hentry","category-gundem","category-uncategorized-tr"],"acf":[],"yoast_head":"<!-- This site is optimized with the Yoast SEO Premium plugin v26.6 (Yoast SEO v27.1.1) - https:\/\/yoast.com\/product\/yoast-seo-premium-wordpress\/ -->\n<title>Nil\u00fcferli \u00e7ocuklar \u201cG\u00fcvenli Kent\u201d i\u00e7in y\u00fcr\u00fcd\u00fc - Av. Deniz Can K\u0131z\u0131l<\/title>\n<meta name=\"robots\" content=\"index, follow, max-snippet:-1, max-image-preview:large, max-video-preview:-1\" \/>\n<link rel=\"canonical\" href=\"http:\/\/denizcankizil.tr\/ru\/haberler\/gundem\/niluferli-cocuklar-guvenli-kent-icin-yurudu\/\" \/>\n<meta property=\"og:locale\" content=\"ru_RU\" \/>\n<meta property=\"og:type\" content=\"article\" \/>\n<meta property=\"og:title\" content=\"Nil\u00fcferli \u00e7ocuklar \u201cG\u00fcvenli Kent\u201d i\u00e7in y\u00fcr\u00fcd\u00fc\" \/>\n<meta property=\"og:description\" content=\"Nil\u00fcfer\u2019de 20 Kas\u0131m D\u00fcnya \u00c7ocuk Haklar\u0131 G\u00fcn\u00fc dolay\u0131s\u0131yla d\u00fczenlenen y\u00fcr\u00fcy\u00fc\u015fe kat\u0131lan \u00e7ocuklar, \u201cG\u00fcvenli bir gelecek i\u00e7in g\u00fcvenli bir kent\u201d talebiyle bir araya geldi. \u200bNil\u00fcfer\u2019de 20 Kas\u0131m D\u00fcnya \u00c7ocuk Haklar\u0131 G\u00fcn\u00fc dolay\u0131s\u0131yla d\u00fczenlenen y\u00fcr\u00fcy\u00fc\u015fe kat\u0131lan \u00e7ocuklar, \u201cG\u00fcvenli bir gelecek i\u00e7in g\u00fcvenli bir kent\u201d talebiyle bir araya geldi.\u00a0 \u200bHaberin Al\u0131nt\u0131land\u0131\u011f\u0131 Kaynak: www.iskenderun.org\" \/>\n<meta property=\"og:url\" content=\"http:\/\/denizcankizil.tr\/ru\/haberler\/gundem\/niluferli-cocuklar-guvenli-kent-icin-yurudu\/\" \/>\n<meta property=\"og:site_name\" content=\"Av. Deniz Can K\u0131z\u0131l\" \/>\n<meta property=\"article:published_time\" content=\"2024-11-21T05:42:21+00:00\" \/>\n<meta property=\"article:modified_time\" content=\"2025-03-15T21:45:47+00:00\" \/>\n<meta name=\"author\" content=\"www.hukukihaber .net\" \/>\n<meta name=\"twitter:card\" content=\"summary_large_image\" \/>\n<meta name=\"twitter:label1\" content=\"\u041d\u0430\u043f\u0438\u0441\u0430\u043d\u043e \u0430\u0432\u0442\u043e\u0440\u043e\u043c\" \/>\n\t<meta name=\"twitter:data1\" content=\"www.hukukihaber .net\" \/>\n<script type=\"application\/ld+json\" class=\"yoast-schema-graph\">{\"@context\":\"https:\/\/schema.org\",\"@graph\":[{\"@type\":\"Article\",\"@id\":\"http:\/\/denizcankizil.tr\/de\/haberler\/gundem\/niluferli-cocuklar-guvenli-kent-icin-yurudu\/#article\",\"isPartOf\":{\"@id\":\"http:\/\/denizcankizil.tr\/de\/haberler\/gundem\/niluferli-cocuklar-guvenli-kent-icin-yurudu\/\"},\"author\":{\"name\":\"www.hukukihaber .net\",\"@id\":\"https:\/\/denizcankizil.tr\/de\/#\/schema\/person\/ee8d1a7e569af69c394b149657373d7c\"},\"headline\":\"Nil\u00fcferli \u00e7ocuklar \u201cG\u00fcvenli Kent\u201d i\u00e7in y\u00fcr\u00fcd\u00fc\",\"datePublished\":\"2024-11-21T05:42:21+00:00\",\"dateModified\":\"2025-03-15T21:45:47+00:00\",\"mainEntityOfPage\":{\"@id\":\"http:\/\/denizcankizil.tr\/de\/haberler\/gundem\/niluferli-cocuklar-guvenli-kent-icin-yurudu\/\"},\"wordCount\":93,\"publisher\":{\"@id\":\"https:\/\/denizcankizil.tr\/de\/#organization\"},\"articleSection\":[\"G\u00fcndem\",\"Uncategorized\"],\"inLanguage\":\"ru-RU\"},{\"@type\":\"WebPage\",\"@id\":\"http:\/\/denizcankizil.tr\/de\/haberler\/gundem\/niluferli-cocuklar-guvenli-kent-icin-yurudu\/\",\"url\":\"http:\/\/denizcankizil.tr\/de\/haberler\/gundem\/niluferli-cocuklar-guvenli-kent-icin-yurudu\/\",\"name\":\"Nil\u00fcferli \u00e7ocuklar \u201cG\u00fcvenli Kent\u201d i\u00e7in y\u00fcr\u00fcd\u00fc - Av. Deniz Can K\u0131z\u0131l\",\"isPartOf\":{\"@id\":\"https:\/\/denizcankizil.tr\/de\/#website\"},\"datePublished\":\"2024-11-21T05:42:21+00:00\",\"dateModified\":\"2025-03-15T21:45:47+00:00\",\"breadcrumb\":{\"@id\":\"http:\/\/denizcankizil.tr\/de\/haberler\/gundem\/niluferli-cocuklar-guvenli-kent-icin-yurudu\/#breadcrumb\"},\"inLanguage\":\"ru-RU\",\"potentialAction\":[{\"@type\":\"ReadAction\",\"target\":[\"http:\/\/denizcankizil.tr\/de\/haberler\/gundem\/niluferli-cocuklar-guvenli-kent-icin-yurudu\/\"]}]},{\"@type\":\"BreadcrumbList\",\"@id\":\"http:\/\/denizcankizil.tr\/de\/haberler\/gundem\/niluferli-cocuklar-guvenli-kent-icin-yurudu\/#breadcrumb\",\"itemListElement\":[{\"@type\":\"ListItem\",\"position\":1,\"name\":\"Home\",\"item\":\"https:\/\/denizcankizil.tr\/de\/\"},{\"@type\":\"ListItem\",\"position\":2,\"name\":\"Nil\u00fcferli \u00e7ocuklar \u201cG\u00fcvenli Kent\u201d i\u00e7in y\u00fcr\u00fcd\u00fc\"}]},{\"@type\":\"WebSite\",\"@id\":\"https:\/\/denizcankizil.tr\/de\/#website\",\"url\":\"https:\/\/denizcankizil.tr\/de\/\",\"name\":\"Av. Deniz Can K\u0131z\u0131l\",\"description\":\"Avukat Deniz Can K\u0131z\u0131l Antalya Barosu\",\"publisher\":{\"@id\":\"https:\/\/denizcankizil.tr\/de\/#organization\"},\"potentialAction\":[{\"@type\":\"SearchAction\",\"target\":{\"@type\":\"EntryPoint\",\"urlTemplate\":\"https:\/\/denizcankizil.tr\/de\/?s={search_term_string}\"},\"query-input\":{\"@type\":\"PropertyValueSpecification\",\"valueRequired\":true,\"valueName\":\"search_term_string\"}}],\"inLanguage\":\"ru-RU\"},{\"@type\":\"Organization\",\"@id\":\"https:\/\/denizcankizil.tr\/de\/#organization\",\"name\":\"Av. Deniz Can K\u0131z\u0131l\",\"url\":\"https:\/\/denizcankizil.tr\/de\/\",\"logo\":{\"@type\":\"ImageObject\",\"inLanguage\":\"ru-RU\",\"@id\":\"https:\/\/denizcankizil.tr\/de\/#\/schema\/logo\/image\/\",\"url\":\"https:\/\/denizcankizil.tr\/wp-content\/uploads\/2024\/10\/siyah-logo-svg.svg\",\"contentUrl\":\"https:\/\/denizcankizil.tr\/wp-content\/uploads\/2024\/10\/siyah-logo-svg.svg\",\"width\":1080,\"height\":1080,\"caption\":\"Av. Deniz Can K\u0131z\u0131l\"},\"image\":{\"@id\":\"https:\/\/denizcankizil.tr\/de\/#\/schema\/logo\/image\/\"}},{\"@type\":\"Person\",\"@id\":\"https:\/\/denizcankizil.tr\/de\/#\/schema\/person\/ee8d1a7e569af69c394b149657373d7c\",\"name\":\"www.hukukihaber .net\",\"image\":{\"@type\":\"ImageObject\",\"inLanguage\":\"ru-RU\",\"@id\":\"https:\/\/denizcankizil.tr\/de\/#\/schema\/person\/image\/\",\"url\":\"https:\/\/secure.gravatar.com\/avatar\/24a421031e14edd04885d60c1a11a8021184a2ed5e7477881edb09ec996193ab?s=96&d=mm&r=g\",\"contentUrl\":\"https:\/\/secure.gravatar.com\/avatar\/24a421031e14edd04885d60c1a11a8021184a2ed5e7477881edb09ec996193ab?s=96&d=mm&r=g\",\"caption\":\"www.hukukihaber .net\"},\"url\":\"https:\/\/www.iskenderun.org\/niluferli-cocuklar-guvenli-kent-icin-yurudu\"}]}<\/script>\n<!-- \/ Yoast SEO Premium plugin. -->","yoast_head_json":{"title":"Nil\u00fcferli \u00e7ocuklar \u201cG\u00fcvenli Kent\u201d i\u00e7in y\u00fcr\u00fcd\u00fc - Av. Deniz Can K\u0131z\u0131l","robots":{"index":"index","follow":"follow","max-snippet":"max-snippet:-1","max-image-preview":"max-image-preview:large","max-video-preview":"max-video-preview:-1"},"canonical":"http:\/\/denizcankizil.tr\/ru\/haberler\/gundem\/niluferli-cocuklar-guvenli-kent-icin-yurudu\/","og_locale":"ru_RU","og_type":"article","og_title":"Nil\u00fcferli \u00e7ocuklar \u201cG\u00fcvenli Kent\u201d i\u00e7in y\u00fcr\u00fcd\u00fc","og_description":"Nil\u00fcfer\u2019de 20 Kas\u0131m D\u00fcnya \u00c7ocuk Haklar\u0131 G\u00fcn\u00fc dolay\u0131s\u0131yla d\u00fczenlenen y\u00fcr\u00fcy\u00fc\u015fe kat\u0131lan \u00e7ocuklar, \u201cG\u00fcvenli bir gelecek i\u00e7in g\u00fcvenli bir kent\u201d talebiyle bir araya geldi. \u200bNil\u00fcfer\u2019de 20 Kas\u0131m D\u00fcnya \u00c7ocuk Haklar\u0131 G\u00fcn\u00fc dolay\u0131s\u0131yla d\u00fczenlenen y\u00fcr\u00fcy\u00fc\u015fe kat\u0131lan \u00e7ocuklar, \u201cG\u00fcvenli bir gelecek i\u00e7in g\u00fcvenli bir kent\u201d talebiyle bir araya geldi.\u00a0 \u200bHaberin Al\u0131nt\u0131land\u0131\u011f\u0131 Kaynak: www.iskenderun.org","og_url":"http:\/\/denizcankizil.tr\/ru\/haberler\/gundem\/niluferli-cocuklar-guvenli-kent-icin-yurudu\/","og_site_name":"Av. Deniz Can K\u0131z\u0131l","article_published_time":"2024-11-21T05:42:21+00:00","article_modified_time":"2025-03-15T21:45:47+00:00","author":"www.hukukihaber .net","twitter_card":"summary_large_image","twitter_misc":{"\u041d\u0430\u043f\u0438\u0441\u0430\u043d\u043e \u0430\u0432\u0442\u043e\u0440\u043e\u043c":"www.hukukihaber .net"},"schema":{"@context":"https:\/\/schema.org","@graph":[{"@type":"Article","@id":"http:\/\/denizcankizil.tr\/de\/haberler\/gundem\/niluferli-cocuklar-guvenli-kent-icin-yurudu\/#article","isPartOf":{"@id":"http:\/\/denizcankizil.tr\/de\/haberler\/gundem\/niluferli-cocuklar-guvenli-kent-icin-yurudu\/"},"author":{"name":"www.hukukihaber .net","@id":"https:\/\/denizcankizil.tr\/de\/#\/schema\/person\/ee8d1a7e569af69c394b149657373d7c"},"headline":"Nil\u00fcferli \u00e7ocuklar \u201cG\u00fcvenli Kent\u201d i\u00e7in y\u00fcr\u00fcd\u00fc","datePublished":"2024-11-21T05:42:21+00:00","dateModified":"2025-03-15T21:45:47+00:00","mainEntityOfPage":{"@id":"http:\/\/denizcankizil.tr\/de\/haberler\/gundem\/niluferli-cocuklar-guvenli-kent-icin-yurudu\/"},"wordCount":93,"publisher":{"@id":"https:\/\/denizcankizil.tr\/de\/#organization"},"articleSection":["G\u00fcndem","Uncategorized"],"inLanguage":"ru-RU"},{"@type":"WebPage","@id":"http:\/\/denizcankizil.tr\/de\/haberler\/gundem\/niluferli-cocuklar-guvenli-kent-icin-yurudu\/","url":"http:\/\/denizcankizil.tr\/de\/haberler\/gundem\/niluferli-cocuklar-guvenli-kent-icin-yurudu\/","name":"Nil\u00fcferli \u00e7ocuklar \u201cG\u00fcvenli Kent\u201d i\u00e7in y\u00fcr\u00fcd\u00fc - Av. Deniz Can K\u0131z\u0131l","isPartOf":{"@id":"https:\/\/denizcankizil.tr\/de\/#website"},"datePublished":"2024-11-21T05:42:21+00:00","dateModified":"2025-03-15T21:45:47+00:00","breadcrumb":{"@id":"http:\/\/denizcankizil.tr\/de\/haberler\/gundem\/niluferli-cocuklar-guvenli-kent-icin-yurudu\/#breadcrumb"},"inLanguage":"ru-RU","potentialAction":[{"@type":"ReadAction","target":["http:\/\/denizcankizil.tr\/de\/haberler\/gundem\/niluferli-cocuklar-guvenli-kent-icin-yurudu\/"]}]},{"@type":"BreadcrumbList","@id":"http:\/\/denizcankizil.tr\/de\/haberler\/gundem\/niluferli-cocuklar-guvenli-kent-icin-yurudu\/#breadcrumb","itemListElement":[{"@type":"ListItem","position":1,"name":"Home","item":"https:\/\/denizcankizil.tr\/de\/"},{"@type":"ListItem","position":2,"name":"Nil\u00fcferli \u00e7ocuklar \u201cG\u00fcvenli Kent\u201d i\u00e7in y\u00fcr\u00fcd\u00fc"}]},{"@type":"WebSite","@id":"https:\/\/denizcankizil.tr\/de\/#website","url":"https:\/\/denizcankizil.tr\/de\/","name":"Av. Deniz Can K\u0131z\u0131l","description":"Avukat Deniz Can K\u0131z\u0131l Antalya Barosu","publisher":{"@id":"https:\/\/denizcankizil.tr\/de\/#organization"},"potentialAction":[{"@type":"SearchAction","target":{"@type":"EntryPoint","urlTemplate":"https:\/\/denizcankizil.tr\/de\/?s={search_term_string}"},"query-input":{"@type":"PropertyValueSpecification","valueRequired":true,"valueName":"search_term_string"}}],"inLanguage":"ru-RU"},{"@type":"Organization","@id":"https:\/\/denizcankizil.tr\/de\/#organization","name":"Av. Deniz Can K\u0131z\u0131l","url":"https:\/\/denizcankizil.tr\/de\/","logo":{"@type":"ImageObject","inLanguage":"ru-RU","@id":"https:\/\/denizcankizil.tr\/de\/#\/schema\/logo\/image\/","url":"https:\/\/denizcankizil.tr\/wp-content\/uploads\/2024\/10\/siyah-logo-svg.svg","contentUrl":"https:\/\/denizcankizil.tr\/wp-content\/uploads\/2024\/10\/siyah-logo-svg.svg","width":1080,"height":1080,"caption":"Av. Deniz Can K\u0131z\u0131l"},"image":{"@id":"https:\/\/denizcankizil.tr\/de\/#\/schema\/logo\/image\/"}},{"@type":"Person","@id":"https:\/\/denizcankizil.tr\/de\/#\/schema\/person\/ee8d1a7e569af69c394b149657373d7c","name":"www.hukukihaber.net","image":{"@type":"ImageObject","inLanguage":"ru-RU","@id":"https:\/\/denizcankizil.tr\/de\/#\/schema\/person\/image\/","url":"https:\/\/secure.gravatar.com\/avatar\/24a421031e14edd04885d60c1a11a8021184a2ed5e7477881edb09ec996193ab?s=96&d=mm&r=g","contentUrl":"https:\/\/secure.gravatar.com\/avatar\/24a421031e14edd04885d60c1a11a8021184a2ed5e7477881edb09ec996193ab?s=96&d=mm&r=g","caption":"www.hukukihaber .net"},"url":"https:\/\/www.iskenderun.org\/niluferli-cocuklar-guvenli-kent-icin-yurudu"}]}},"_links":{"self":[{"href":"https:\/\/denizcankizil.tr\/ru\/wp-json\/wp\/v2\/posts\/16806","targetHints":{"allow":["GET"]}}],"collection":[{"href":"https:\/\/denizcankizil.tr\/ru\/wp-json\/wp\/v2\/posts"}],"about":[{"href":"https:\/\/denizcankizil.tr\/ru\/wp-json\/wp\/v2\/types\/post"}],"author":[{"embeddable":true,"href":"https:\/\/denizcankizil.tr\/ru\/wp-json\/wp\/v2\/users\/2"}],"replies":[{"embeddable":true,"href":"https:\/\/denizcankizil.tr\/ru\/wp-json\/wp\/v2\/comments?post=16806"}],"version-history":[{"count":1,"href":"https:\/\/denizcankizil.tr\/ru\/wp-json\/wp\/v2\/posts\/16806\/revisions"}],"predecessor-version":[{"id":35975,"href":"https:\/\/denizcankizil.tr\/ru\/wp-json\/wp\/v2\/posts\/16806\/revisions\/35975"}],"wp:attachment":[{"href":"https:\/\/denizcankizil.tr\/ru\/wp-json\/wp\/v2\/media?parent=16806"}],"wp:term":[{"taxonomy":"category","embeddable":true,"href":"https:\/\/denizcankizil.tr\/ru\/wp-json\/wp\/v2\/categories?post=16806"},{"taxonomy":"post_tag","embeddable":true,"href":"https:\/\/denizcankizil.tr\/ru\/wp-json\/wp\/v2\/tags?post=16806"}],"curies":[{"name":"wp","href":"https:\/\/api.w.org\/{rel}","templated":true}]}}