{"id":16709,"date":"2024-11-20T16:41:39","date_gmt":"2024-11-20T13:41:39","guid":{"rendered":"https:\/\/denizcankizil.tr\/uncategorized-tr\/iskenderuna-cocuk-haklari-duragi\/"},"modified":"2024-11-20T16:41:39","modified_gmt":"2024-11-20T13:41:39","slug":"iskenderuna-cocuk-haklari-duragi","status":"publish","type":"post","link":"https:\/\/denizcankizil.tr\/ru\/haberler\/gundem\/iskenderuna-cocuk-haklari-duragi\/","title":{"rendered":"\u0130skenderun\u2019a \u00c7ocuk Haklar\u0131 Dura\u011f\u0131\u2026"},"content":{"rendered":"<p>\u015eehit Pamir Caddesinde \u00e7ocuk haklar\u0131n\u0131 anlatan bilgilendirme yaz\u0131lar\u0131n\u0131n yer ald\u0131\u011f\u0131 minib\u00fcs\u00a0dura\u011f\u0131nda fark\u0131ndal\u0131k etkinli\u011fi ger\u00e7ekle\u015ftirildi.<\/p>\n<p>Durakta d\u00fczenlenen etkinlikte konu\u015fan \u0130skenderun\u00a0Sosyal Hizmetler M\u00fcd\u00fcr\u00fc Y\u0131lmaz Balaman, \u00e7ocuklar\u0131n g\u00fcvende olmas\u0131, iyi bir e\u011fitim almas\u0131 ve hak ettikleri sevgi ve \u015fefkati g\u00f6rmelerinin \u00f6nemini vurgulad\u0131.<\/p>\n<p>Etkinlik kapsam\u0131nda ellerinde \u00e7ocuk haklar\u0131 bulunan 25 \u00e7ocuk havaya balon b\u0131rakt\u0131, etkinlik sonras\u0131nda \u00e7ocuklara pamuk \u015feker ikram edildi.<\/p>\n<p>\u200bHatay&#8217;\u0131n \u0130skenderun il\u00e7esinde Hatay B\u00fcy\u00fck\u015fehir Belediyesi taraf\u0131ndan\u00a0\u00e7ocuk haklar\u0131na dikkat \u00e7ekmek \u00fczere &#8220;\u00c7ocuk haklar\u0131 duraklar\u0131&#8221; olu\u015fturuldu.\u00a0<\/p>\n<p>\u200bHaberin Al\u0131nt\u0131land\u0131\u011f\u0131 Kaynak: www.iskenderun.org<\/p>","protected":false},"excerpt":{"rendered":"<p>\u015eehit Pamir Caddesinde \u00e7ocuk haklar\u0131n\u0131 anlatan bilgilendirme yaz\u0131lar\u0131n\u0131n yer ald\u0131\u011f\u0131 minib\u00fcs\u00a0dura\u011f\u0131nda fark\u0131ndal\u0131k etkinli\u011fi ger\u00e7ekle\u015ftirildi. Durakta d\u00fczenlenen etkinlikte konu\u015fan \u0130skenderun\u00a0Sosyal Hizmetler M\u00fcd\u00fcr\u00fc Y\u0131lmaz Balaman, \u00e7ocuklar\u0131n g\u00fcvende olmas\u0131, iyi bir e\u011fitim almas\u0131 ve hak ettikleri sevgi ve \u015fefkati g\u00f6rmelerinin \u00f6nemini vurgulad\u0131. Etkinlik kapsam\u0131nda ellerinde \u00e7ocuk haklar\u0131 bulunan 25 \u00e7ocuk havaya balon b\u0131rakt\u0131, etkinlik sonras\u0131nda \u00e7ocuklara pamuk \u015feker ikram edildi. \u200bHatay&#8217;\u0131n \u0130skenderun il\u00e7esinde Hatay B\u00fcy\u00fck\u015fehir Belediyesi taraf\u0131ndan\u00a0\u00e7ocuk haklar\u0131na dikkat \u00e7ekmek \u00fczere &#8220;\u00c7ocuk haklar\u0131 duraklar\u0131&#8221; olu\u015fturuldu.\u00a0 \u200bHaberin Al\u0131nt\u0131land\u0131\u011f\u0131 Kaynak: www.iskenderun.org<\/p>","protected":false},"author":0,"featured_media":0,"comment_status":"open","ping_status":"open","sticky":false,"template":"","format":"standard","meta":{"_acf_changed":false,"footnotes":""},"categories":[24,535],"tags":[],"class_list":["post-16709","post","type-post","status-publish","format-standard","has-post-thumbnail","hentry","category-gundem","category-uncategorized-tr"],"acf":[],"yoast_head":"<!-- This site is optimized with the Yoast SEO Premium plugin v26.6 (Yoast SEO v27.1.1) - https:\/\/yoast.com\/product\/yoast-seo-premium-wordpress\/ -->\n<title>\u0130skenderun\u2019a \u00c7ocuk Haklar\u0131 Dura\u011f\u0131\u2026 - Av. Deniz Can K\u0131z\u0131l<\/title>\n<meta name=\"robots\" content=\"index, follow, max-snippet:-1, max-image-preview:large, max-video-preview:-1\" \/>\n<link rel=\"canonical\" href=\"https:\/\/denizcankizil.tr\/ru\/haberler\/gundem\/iskenderuna-cocuk-haklari-duragi\/\" \/>\n<meta property=\"og:locale\" content=\"ru_RU\" \/>\n<meta property=\"og:type\" content=\"article\" \/>\n<meta property=\"og:title\" content=\"\u0130skenderun\u2019a \u00c7ocuk Haklar\u0131 Dura\u011f\u0131\u2026\" \/>\n<meta property=\"og:description\" content=\"\u015eehit Pamir Caddesinde \u00e7ocuk haklar\u0131n\u0131 anlatan bilgilendirme yaz\u0131lar\u0131n\u0131n yer ald\u0131\u011f\u0131 minib\u00fcs\u00a0dura\u011f\u0131nda fark\u0131ndal\u0131k etkinli\u011fi ger\u00e7ekle\u015ftirildi. Durakta d\u00fczenlenen etkinlikte konu\u015fan \u0130skenderun\u00a0Sosyal Hizmetler M\u00fcd\u00fcr\u00fc Y\u0131lmaz Balaman, \u00e7ocuklar\u0131n g\u00fcvende olmas\u0131, iyi bir e\u011fitim almas\u0131 ve hak ettikleri sevgi ve \u015fefkati g\u00f6rmelerinin \u00f6nemini vurgulad\u0131. Etkinlik kapsam\u0131nda ellerinde \u00e7ocuk haklar\u0131 bulunan 25 \u00e7ocuk havaya balon b\u0131rakt\u0131, etkinlik sonras\u0131nda \u00e7ocuklara pamuk \u015feker ikram edildi. \u200bHatay&#8217;\u0131n \u0130skenderun il\u00e7esinde Hatay B\u00fcy\u00fck\u015fehir Belediyesi taraf\u0131ndan\u00a0\u00e7ocuk haklar\u0131na dikkat \u00e7ekmek \u00fczere &#8220;\u00c7ocuk haklar\u0131 duraklar\u0131&#8221; olu\u015fturuldu.\u00a0 \u200bHaberin Al\u0131nt\u0131land\u0131\u011f\u0131 Kaynak: www.iskenderun.org\" \/>\n<meta property=\"og:url\" content=\"https:\/\/denizcankizil.tr\/ru\/haberler\/gundem\/iskenderuna-cocuk-haklari-duragi\/\" \/>\n<meta property=\"og:site_name\" content=\"Av. Deniz Can K\u0131z\u0131l\" \/>\n<meta property=\"article:published_time\" content=\"2024-11-20T13:41:39+00:00\" \/>\n<meta name=\"twitter:card\" content=\"summary_large_image\" \/>\n<meta name=\"twitter:label1\" content=\"\u041f\u0440\u0438\u043c\u0435\u0440\u043d\u043e\u0435 \u0432\u0440\u0435\u043c\u044f \u0434\u043b\u044f \u0447\u0442\u0435\u043d\u0438\u044f\" \/>\n\t<meta name=\"twitter:data1\" content=\"1 \u043c\u0438\u043d\u0443\u0442\u0430\" \/>\n<script type=\"application\/ld+json\" class=\"yoast-schema-graph\">{\"@context\":\"https:\/\/schema.org\",\"@graph\":[{\"@type\":\"Article\",\"@id\":\"https:\/\/denizcankizil.tr\/ru\/haberler\/gundem\/iskenderuna-cocuk-haklari-duragi\/#article\",\"isPartOf\":{\"@id\":\"https:\/\/denizcankizil.tr\/ru\/haberler\/gundem\/iskenderuna-cocuk-haklari-duragi\/\"},\"author\":{\"name\":\"\",\"@id\":\"\"},\"headline\":\"\u0130skenderun\u2019a \u00c7ocuk Haklar\u0131 Dura\u011f\u0131\u2026\",\"datePublished\":\"2024-11-20T13:41:39+00:00\",\"mainEntityOfPage\":{\"@id\":\"https:\/\/denizcankizil.tr\/ru\/haberler\/gundem\/iskenderuna-cocuk-haklari-duragi\/\"},\"wordCount\":118,\"commentCount\":0,\"publisher\":{\"@id\":\"https:\/\/denizcankizil.tr\/#organization\"},\"articleSection\":[\"G\u00fcndem\",\"Uncategorized\"],\"inLanguage\":\"ru-RU\",\"potentialAction\":[{\"@type\":\"CommentAction\",\"name\":\"Comment\",\"target\":[\"https:\/\/denizcankizil.tr\/ru\/haberler\/gundem\/iskenderuna-cocuk-haklari-duragi\/#respond\"]}]},{\"@type\":\"WebPage\",\"@id\":\"https:\/\/denizcankizil.tr\/ru\/haberler\/gundem\/iskenderuna-cocuk-haklari-duragi\/\",\"url\":\"https:\/\/denizcankizil.tr\/ru\/haberler\/gundem\/iskenderuna-cocuk-haklari-duragi\/\",\"name\":\"\u0130skenderun\u2019a \u00c7ocuk Haklar\u0131 Dura\u011f\u0131\u2026 - Av. Deniz Can K\u0131z\u0131l\",\"isPartOf\":{\"@id\":\"https:\/\/denizcankizil.tr\/#website\"},\"datePublished\":\"2024-11-20T13:41:39+00:00\",\"breadcrumb\":{\"@id\":\"https:\/\/denizcankizil.tr\/ru\/haberler\/gundem\/iskenderuna-cocuk-haklari-duragi\/#breadcrumb\"},\"inLanguage\":\"ru-RU\",\"potentialAction\":[{\"@type\":\"ReadAction\",\"target\":[\"https:\/\/denizcankizil.tr\/ru\/haberler\/gundem\/iskenderuna-cocuk-haklari-duragi\/\"]}]},{\"@type\":\"BreadcrumbList\",\"@id\":\"https:\/\/denizcankizil.tr\/ru\/haberler\/gundem\/iskenderuna-cocuk-haklari-duragi\/#breadcrumb\",\"itemListElement\":[{\"@type\":\"ListItem\",\"position\":1,\"name\":\"Home\",\"item\":\"https:\/\/denizcankizil.tr\/de\/\"},{\"@type\":\"ListItem\",\"position\":2,\"name\":\"\u0130skenderun\u2019a \u00c7ocuk Haklar\u0131 Dura\u011f\u0131\u2026\"}]},{\"@type\":\"WebSite\",\"@id\":\"https:\/\/denizcankizil.tr\/#website\",\"url\":\"https:\/\/denizcankizil.tr\/\",\"name\":\"Av. Deniz Can K\u0131z\u0131l\",\"description\":\"Avukat Deniz Can K\u0131z\u0131l Antalya Barosu\",\"publisher\":{\"@id\":\"https:\/\/denizcankizil.tr\/#organization\"},\"potentialAction\":[{\"@type\":\"SearchAction\",\"target\":{\"@type\":\"EntryPoint\",\"urlTemplate\":\"https:\/\/denizcankizil.tr\/?s={search_term_string}\"},\"query-input\":{\"@type\":\"PropertyValueSpecification\",\"valueRequired\":true,\"valueName\":\"search_term_string\"}}],\"inLanguage\":\"ru-RU\"},{\"@type\":\"Organization\",\"@id\":\"https:\/\/denizcankizil.tr\/#organization\",\"name\":\"Av. Deniz Can K\u0131z\u0131l\",\"url\":\"https:\/\/denizcankizil.tr\/\",\"logo\":{\"@type\":\"ImageObject\",\"inLanguage\":\"ru-RU\",\"@id\":\"https:\/\/denizcankizil.tr\/#\/schema\/logo\/image\/\",\"url\":\"https:\/\/denizcankizil.tr\/wp-content\/uploads\/2024\/10\/siyah-logo-svg.svg\",\"contentUrl\":\"https:\/\/denizcankizil.tr\/wp-content\/uploads\/2024\/10\/siyah-logo-svg.svg\",\"width\":1080,\"height\":1080,\"caption\":\"Av. Deniz Can K\u0131z\u0131l\"},\"image\":{\"@id\":\"https:\/\/denizcankizil.tr\/#\/schema\/logo\/image\/\"}}]}<\/script>\n<!-- \/ Yoast SEO Premium plugin. -->","yoast_head_json":{"title":"\u0130skenderun\u2019a \u00c7ocuk Haklar\u0131 Dura\u011f\u0131\u2026 - Av. Deniz Can K\u0131z\u0131l","robots":{"index":"index","follow":"follow","max-snippet":"max-snippet:-1","max-image-preview":"max-image-preview:large","max-video-preview":"max-video-preview:-1"},"canonical":"https:\/\/denizcankizil.tr\/ru\/haberler\/gundem\/iskenderuna-cocuk-haklari-duragi\/","og_locale":"ru_RU","og_type":"article","og_title":"\u0130skenderun\u2019a \u00c7ocuk Haklar\u0131 Dura\u011f\u0131\u2026","og_description":"\u015eehit Pamir Caddesinde \u00e7ocuk haklar\u0131n\u0131 anlatan bilgilendirme yaz\u0131lar\u0131n\u0131n yer ald\u0131\u011f\u0131 minib\u00fcs\u00a0dura\u011f\u0131nda fark\u0131ndal\u0131k etkinli\u011fi ger\u00e7ekle\u015ftirildi. Durakta d\u00fczenlenen etkinlikte konu\u015fan \u0130skenderun\u00a0Sosyal Hizmetler M\u00fcd\u00fcr\u00fc Y\u0131lmaz Balaman, \u00e7ocuklar\u0131n g\u00fcvende olmas\u0131, iyi bir e\u011fitim almas\u0131 ve hak ettikleri sevgi ve \u015fefkati g\u00f6rmelerinin \u00f6nemini vurgulad\u0131. Etkinlik kapsam\u0131nda ellerinde \u00e7ocuk haklar\u0131 bulunan 25 \u00e7ocuk havaya balon b\u0131rakt\u0131, etkinlik sonras\u0131nda \u00e7ocuklara pamuk \u015feker ikram edildi. \u200bHatay&#8217;\u0131n \u0130skenderun il\u00e7esinde Hatay B\u00fcy\u00fck\u015fehir Belediyesi taraf\u0131ndan\u00a0\u00e7ocuk haklar\u0131na dikkat \u00e7ekmek \u00fczere &#8220;\u00c7ocuk haklar\u0131 duraklar\u0131&#8221; olu\u015fturuldu.\u00a0 \u200bHaberin Al\u0131nt\u0131land\u0131\u011f\u0131 Kaynak: www.iskenderun.org","og_url":"https:\/\/denizcankizil.tr\/ru\/haberler\/gundem\/iskenderuna-cocuk-haklari-duragi\/","og_site_name":"Av. Deniz Can K\u0131z\u0131l","article_published_time":"2024-11-20T13:41:39+00:00","twitter_card":"summary_large_image","twitter_misc":{"\u041f\u0440\u0438\u043c\u0435\u0440\u043d\u043e\u0435 \u0432\u0440\u0435\u043c\u044f \u0434\u043b\u044f \u0447\u0442\u0435\u043d\u0438\u044f":"1 \u043c\u0438\u043d\u0443\u0442\u0430"},"schema":{"@context":"https:\/\/schema.org","@graph":[{"@type":"Article","@id":"https:\/\/denizcankizil.tr\/ru\/haberler\/gundem\/iskenderuna-cocuk-haklari-duragi\/#article","isPartOf":{"@id":"https:\/\/denizcankizil.tr\/ru\/haberler\/gundem\/iskenderuna-cocuk-haklari-duragi\/"},"author":{"name":"","@id":""},"headline":"\u0130skenderun\u2019a \u00c7ocuk Haklar\u0131 Dura\u011f\u0131\u2026","datePublished":"2024-11-20T13:41:39+00:00","mainEntityOfPage":{"@id":"https:\/\/denizcankizil.tr\/ru\/haberler\/gundem\/iskenderuna-cocuk-haklari-duragi\/"},"wordCount":118,"commentCount":0,"publisher":{"@id":"https:\/\/denizcankizil.tr\/#organization"},"articleSection":["G\u00fcndem","Uncategorized"],"inLanguage":"ru-RU","potentialAction":[{"@type":"CommentAction","name":"Comment","target":["https:\/\/denizcankizil.tr\/ru\/haberler\/gundem\/iskenderuna-cocuk-haklari-duragi\/#respond"]}]},{"@type":"WebPage","@id":"https:\/\/denizcankizil.tr\/ru\/haberler\/gundem\/iskenderuna-cocuk-haklari-duragi\/","url":"https:\/\/denizcankizil.tr\/ru\/haberler\/gundem\/iskenderuna-cocuk-haklari-duragi\/","name":"\u0130skenderun\u2019a \u00c7ocuk Haklar\u0131 Dura\u011f\u0131\u2026 - Av. Deniz Can K\u0131z\u0131l","isPartOf":{"@id":"https:\/\/denizcankizil.tr\/#website"},"datePublished":"2024-11-20T13:41:39+00:00","breadcrumb":{"@id":"https:\/\/denizcankizil.tr\/ru\/haberler\/gundem\/iskenderuna-cocuk-haklari-duragi\/#breadcrumb"},"inLanguage":"ru-RU","potentialAction":[{"@type":"ReadAction","target":["https:\/\/denizcankizil.tr\/ru\/haberler\/gundem\/iskenderuna-cocuk-haklari-duragi\/"]}]},{"@type":"BreadcrumbList","@id":"https:\/\/denizcankizil.tr\/ru\/haberler\/gundem\/iskenderuna-cocuk-haklari-duragi\/#breadcrumb","itemListElement":[{"@type":"ListItem","position":1,"name":"Home","item":"https:\/\/denizcankizil.tr\/de\/"},{"@type":"ListItem","position":2,"name":"\u0130skenderun\u2019a \u00c7ocuk Haklar\u0131 Dura\u011f\u0131\u2026"}]},{"@type":"WebSite","@id":"https:\/\/denizcankizil.tr\/#website","url":"https:\/\/denizcankizil.tr\/","name":"Av. Deniz Can K\u0131z\u0131l","description":"Avukat Deniz Can K\u0131z\u0131l Antalya Barosu","publisher":{"@id":"https:\/\/denizcankizil.tr\/#organization"},"potentialAction":[{"@type":"SearchAction","target":{"@type":"EntryPoint","urlTemplate":"https:\/\/denizcankizil.tr\/?s={search_term_string}"},"query-input":{"@type":"PropertyValueSpecification","valueRequired":true,"valueName":"search_term_string"}}],"inLanguage":"ru-RU"},{"@type":"Organization","@id":"https:\/\/denizcankizil.tr\/#organization","name":"Av. Deniz Can K\u0131z\u0131l","url":"https:\/\/denizcankizil.tr\/","logo":{"@type":"ImageObject","inLanguage":"ru-RU","@id":"https:\/\/denizcankizil.tr\/#\/schema\/logo\/image\/","url":"https:\/\/denizcankizil.tr\/wp-content\/uploads\/2024\/10\/siyah-logo-svg.svg","contentUrl":"https:\/\/denizcankizil.tr\/wp-content\/uploads\/2024\/10\/siyah-logo-svg.svg","width":1080,"height":1080,"caption":"Av. Deniz Can K\u0131z\u0131l"},"image":{"@id":"https:\/\/denizcankizil.tr\/#\/schema\/logo\/image\/"}}]}},"_links":{"self":[{"href":"https:\/\/denizcankizil.tr\/ru\/wp-json\/wp\/v2\/posts\/16709","targetHints":{"allow":["GET"]}}],"collection":[{"href":"https:\/\/denizcankizil.tr\/ru\/wp-json\/wp\/v2\/posts"}],"about":[{"href":"https:\/\/denizcankizil.tr\/ru\/wp-json\/wp\/v2\/types\/post"}],"replies":[{"embeddable":true,"href":"https:\/\/denizcankizil.tr\/ru\/wp-json\/wp\/v2\/comments?post=16709"}],"version-history":[{"count":0,"href":"https:\/\/denizcankizil.tr\/ru\/wp-json\/wp\/v2\/posts\/16709\/revisions"}],"wp:attachment":[{"href":"https:\/\/denizcankizil.tr\/ru\/wp-json\/wp\/v2\/media?parent=16709"}],"wp:term":[{"taxonomy":"category","embeddable":true,"href":"https:\/\/denizcankizil.tr\/ru\/wp-json\/wp\/v2\/categories?post=16709"},{"taxonomy":"post_tag","embeddable":true,"href":"https:\/\/denizcankizil.tr\/ru\/wp-json\/wp\/v2\/tags?post=16709"}],"curies":[{"name":"wp","href":"https:\/\/api.w.org\/{rel}","templated":true}]}}