{"id":16691,"date":"2024-11-20T15:41:13","date_gmt":"2024-11-20T12:41:13","guid":{"rendered":"https:\/\/denizcankizil.tr\/uncategorized-tr\/40-kilometrelik-kanalizasyon-calismasinda-sona-gelindi\/"},"modified":"2024-11-20T15:41:13","modified_gmt":"2024-11-20T12:41:13","slug":"40-kilometrelik-kanalizasyon-calismasinda-sona-gelindi","status":"publish","type":"post","link":"https:\/\/denizcankizil.tr\/ru\/haberler\/antalya\/40-kilometrelik-kanalizasyon-calismasinda-sona-gelindi\/","title":{"rendered":"40 kilometrelik kanalizasyon \u00e7al\u0131\u015fmas\u0131nda sona gelindi"},"content":{"rendered":"<p>Antalya B\u00fcy\u00fck\u015fehir Belediyesi, yeni yerle\u015fim alanlar\u0131nda ve h\u0131zla artan n\u00fcfus yo\u011funlu\u011funun ya\u015fand\u0131\u011f\u0131 b\u00f6lgelerde altyap\u0131 \u00e7al\u0131\u015fmalar\u0131na devam ediyor. ASAT Genel M\u00fcd\u00fcrl\u00fc\u011f\u00fc ekipleri bu kapsamda Aksu il\u00e7esindeki Alt\u0131nta\u015f, G\u00fczeloba ve Ermenek mahallelerinde kanalizasyon \u00e7al\u0131\u015fmas\u0131 ger\u00e7ekle\u015ftiriyor. B\u00f6lgenin altyap\u0131 eksikliklerini gidermeye y\u00f6nelik ba\u015flat\u0131lan \u00e7al\u0131\u015fma modern ve \u00e7evreci bir kentle\u015fme hedefiyle ilerliyor.<\/p>\n<p>2025&#8217;in ilk \u00e7eyre\u011finde tamamlanacak<br \/>\nB\u00fcy\u00fck\u015fehir Belediyesi Kanalizasyon Yap\u0131m \u0130\u015fleri \u015eube M\u00fcd\u00fcrl\u00fc\u011f\u00fc Kontrol M\u00fchendisi Fatih \u015eahin, \u00e7al\u0131\u015fmalar\u0131n h\u0131zla devam etti\u011fini belirterek, \u201cAksu il\u00e7esi Alt\u0131nta\u015f ve Muratpa\u015fa il\u00e7esi Ermenek mahallelerindeki kollekt\u00f6r ve \u015febeke hatlar\u0131n\u0131n \u00e7al\u0131\u015fmalar\u0131n\u0131 6 ekiple s\u00fcrd\u00fcr\u00fcyoruz. 40 kilometrelik projenin 30 kilometrelik k\u0131sm\u0131n\u0131 tamamlad\u0131k. Projenin tamam\u0131n\u0131 2025&#8217;in ilk \u00e7eyre\u011finde bitirerek, Lara At\u0131k Su Ar\u0131tma Tesislerine ba\u011flayaca\u011f\u0131z. B\u00f6ylece Alt\u0131nta\u015f ve Ermenek mahalleleri modern bir altyap\u0131ya kavu\u015fmu\u015f olacak\u201d dedi.<br \/>\nAlt\u0131nta\u015f Mahalle Muhtar\u0131 Bilal \u00c7elik, projenin \u00f6nemine dikkat \u00e7ekerek, \u201cMahallemizdeki en b\u00fcy\u00fck sorun altyap\u0131 eksikli\u011fiydi. Ba\u015fkan\u0131m\u0131zla g\u00f6r\u00fc\u015fmemizde, Konyaalt\u0131 Belediyesi zaman\u0131nda nas\u0131l hizmet getirdiyseniz, buraya da ayn\u0131s\u0131n\u0131 istiyoruz dedik. Ba\u015fkan\u0131m\u0131z, Konyaalt\u0131&#8217;na ne yapt\u0131ysam, Aksu&#8217;ya bir fazlas\u0131n\u0131 yapaca\u011f\u0131m demi\u015fti\u201d ifadelerini kulland\u0131.<\/p>\n<p>Kaynak: www.kanalv.com.tr Haber Sitesinden Al\u0131nm\u0131\u015ft\u0131r.<\/p>","protected":false},"excerpt":{"rendered":"<p>Antalya B\u00fcy\u00fck\u015fehir Belediyesi, yeni yerle\u015fim alanlar\u0131nda ve h\u0131zla artan n\u00fcfus yo\u011funlu\u011funun ya\u015fand\u0131\u011f\u0131 b\u00f6lgelerde altyap\u0131 \u00e7al\u0131\u015fmalar\u0131na devam ediyor. ASAT Genel M\u00fcd\u00fcrl\u00fc\u011f\u00fc ekipleri bu kapsamda Aksu il\u00e7esindeki Alt\u0131nta\u015f, G\u00fczeloba ve Ermenek mahallelerinde kanalizasyon \u00e7al\u0131\u015fmas\u0131 ger\u00e7ekle\u015ftiriyor. B\u00f6lgenin altyap\u0131 eksikliklerini gidermeye y\u00f6nelik ba\u015flat\u0131lan \u00e7al\u0131\u015fma modern ve \u00e7evreci bir kentle\u015fme hedefiyle ilerliyor. 2025&#8217;in ilk \u00e7eyre\u011finde tamamlanacak B\u00fcy\u00fck\u015fehir Belediyesi Kanalizasyon Yap\u0131m \u0130\u015fleri \u015eube M\u00fcd\u00fcrl\u00fc\u011f\u00fc Kontrol M\u00fchendisi Fatih \u015eahin, \u00e7al\u0131\u015fmalar\u0131n h\u0131zla devam etti\u011fini belirterek, \u201cAksu il\u00e7esi Alt\u0131nta\u015f ve Muratpa\u015fa il\u00e7esi Ermenek mahallelerindeki kollekt\u00f6r ve \u015febeke hatlar\u0131n\u0131n \u00e7al\u0131\u015fmalar\u0131n\u0131 6 ekiple s\u00fcrd\u00fcr\u00fcyoruz. 40 kilometrelik projenin 30 kilometrelik k\u0131sm\u0131n\u0131 tamamlad\u0131k. Projenin tamam\u0131n\u0131 2025&#8217;in ilk \u00e7eyre\u011finde bitirerek, Lara At\u0131k Su Ar\u0131tma Tesislerine ba\u011flayaca\u011f\u0131z. B\u00f6ylece Alt\u0131nta\u015f ve Ermenek mahalleleri modern bir altyap\u0131ya kavu\u015fmu\u015f olacak\u201d dedi. Alt\u0131nta\u015f Mahalle Muhtar\u0131 Bilal \u00c7elik, projenin \u00f6nemine dikkat \u00e7ekerek, \u201cMahallemizdeki en b\u00fcy\u00fck sorun altyap\u0131 eksikli\u011fiydi. Ba\u015fkan\u0131m\u0131zla g\u00f6r\u00fc\u015fmemizde, Konyaalt\u0131 Belediyesi zaman\u0131nda nas\u0131l hizmet getirdiyseniz, buraya da ayn\u0131s\u0131n\u0131 istiyoruz dedik. Ba\u015fkan\u0131m\u0131z, Konyaalt\u0131&#8217;na ne yapt\u0131ysam, Aksu&#8217;ya bir fazlas\u0131n\u0131 yapaca\u011f\u0131m demi\u015fti\u201d ifadelerini kulland\u0131. Kaynak: www.kanalv.com.tr Haber Sitesinden Al\u0131nm\u0131\u015ft\u0131r.<\/p>","protected":false},"author":0,"featured_media":16692,"comment_status":"open","ping_status":"open","sticky":false,"template":"","format":"standard","meta":{"_acf_changed":false,"footnotes":""},"categories":[26,535],"tags":[],"class_list":["post-16691","post","type-post","status-publish","format-standard","has-post-thumbnail","hentry","category-antalya","category-uncategorized-tr"],"acf":[],"yoast_head":"<!-- This site is optimized with the Yoast SEO Premium plugin v26.6 (Yoast SEO v27.1.1) - https:\/\/yoast.com\/product\/yoast-seo-premium-wordpress\/ -->\n<title>40 kilometrelik kanalizasyon \u00e7al\u0131\u015fmas\u0131nda sona gelindi - Av. Deniz Can K\u0131z\u0131l<\/title>\n<meta name=\"robots\" content=\"index, follow, max-snippet:-1, max-image-preview:large, max-video-preview:-1\" \/>\n<link rel=\"canonical\" href=\"https:\/\/denizcankizil.tr\/ru\/haberler\/antalya\/40-kilometrelik-kanalizasyon-calismasinda-sona-gelindi\/\" \/>\n<meta property=\"og:locale\" content=\"ru_RU\" \/>\n<meta property=\"og:type\" content=\"article\" \/>\n<meta property=\"og:title\" content=\"40 kilometrelik kanalizasyon \u00e7al\u0131\u015fmas\u0131nda sona gelindi\" \/>\n<meta property=\"og:description\" content=\"Antalya B\u00fcy\u00fck\u015fehir Belediyesi, yeni yerle\u015fim alanlar\u0131nda ve h\u0131zla artan n\u00fcfus yo\u011funlu\u011funun ya\u015fand\u0131\u011f\u0131 b\u00f6lgelerde altyap\u0131 \u00e7al\u0131\u015fmalar\u0131na devam ediyor. ASAT Genel M\u00fcd\u00fcrl\u00fc\u011f\u00fc ekipleri bu kapsamda Aksu il\u00e7esindeki Alt\u0131nta\u015f, G\u00fczeloba ve Ermenek mahallelerinde kanalizasyon \u00e7al\u0131\u015fmas\u0131 ger\u00e7ekle\u015ftiriyor. B\u00f6lgenin altyap\u0131 eksikliklerini gidermeye y\u00f6nelik ba\u015flat\u0131lan \u00e7al\u0131\u015fma modern ve \u00e7evreci bir kentle\u015fme hedefiyle ilerliyor. 2025&#8217;in ilk \u00e7eyre\u011finde tamamlanacak B\u00fcy\u00fck\u015fehir Belediyesi Kanalizasyon Yap\u0131m \u0130\u015fleri \u015eube M\u00fcd\u00fcrl\u00fc\u011f\u00fc Kontrol M\u00fchendisi Fatih \u015eahin, \u00e7al\u0131\u015fmalar\u0131n h\u0131zla devam etti\u011fini belirterek, \u201cAksu il\u00e7esi Alt\u0131nta\u015f ve Muratpa\u015fa il\u00e7esi Ermenek mahallelerindeki kollekt\u00f6r ve \u015febeke hatlar\u0131n\u0131n \u00e7al\u0131\u015fmalar\u0131n\u0131 6 ekiple s\u00fcrd\u00fcr\u00fcyoruz. 40 kilometrelik projenin 30 kilometrelik k\u0131sm\u0131n\u0131 tamamlad\u0131k. Projenin tamam\u0131n\u0131 2025&#8217;in ilk \u00e7eyre\u011finde bitirerek, Lara At\u0131k Su Ar\u0131tma Tesislerine ba\u011flayaca\u011f\u0131z. B\u00f6ylece Alt\u0131nta\u015f ve Ermenek mahalleleri modern bir altyap\u0131ya kavu\u015fmu\u015f olacak\u201d dedi. Alt\u0131nta\u015f Mahalle Muhtar\u0131 Bilal \u00c7elik, projenin \u00f6nemine dikkat \u00e7ekerek, \u201cMahallemizdeki en b\u00fcy\u00fck sorun altyap\u0131 eksikli\u011fiydi. Ba\u015fkan\u0131m\u0131zla g\u00f6r\u00fc\u015fmemizde, Konyaalt\u0131 Belediyesi zaman\u0131nda nas\u0131l hizmet getirdiyseniz, buraya da ayn\u0131s\u0131n\u0131 istiyoruz dedik. Ba\u015fkan\u0131m\u0131z, Konyaalt\u0131&#8217;na ne yapt\u0131ysam, Aksu&#8217;ya bir fazlas\u0131n\u0131 yapaca\u011f\u0131m demi\u015fti\u201d ifadelerini kulland\u0131. Kaynak: www.kanalv.com.tr Haber Sitesinden Al\u0131nm\u0131\u015ft\u0131r.\" \/>\n<meta property=\"og:url\" content=\"https:\/\/denizcankizil.tr\/ru\/haberler\/antalya\/40-kilometrelik-kanalizasyon-calismasinda-sona-gelindi\/\" \/>\n<meta property=\"og:site_name\" content=\"Av. Deniz Can K\u0131z\u0131l\" \/>\n<meta property=\"article:published_time\" content=\"2024-11-20T12:41:13+00:00\" \/>\n<meta property=\"og:image\" content=\"https:\/\/denizcankizil.tr\/wp-content\/uploads\/2024\/11\/3187-01-0WYo4a.jpeg\" \/>\n\t<meta property=\"og:image:width\" content=\"1280\" \/>\n\t<meta property=\"og:image:height\" content=\"720\" \/>\n\t<meta property=\"og:image:type\" content=\"image\/jpeg\" \/>\n<meta name=\"twitter:card\" content=\"summary_large_image\" \/>\n<meta name=\"twitter:label1\" content=\"\u041f\u0440\u0438\u043c\u0435\u0440\u043d\u043e\u0435 \u0432\u0440\u0435\u043c\u044f \u0434\u043b\u044f \u0447\u0442\u0435\u043d\u0438\u044f\" \/>\n\t<meta name=\"twitter:data1\" content=\"1 \u043c\u0438\u043d\u0443\u0442\u0430\" \/>\n<script type=\"application\/ld+json\" class=\"yoast-schema-graph\">{\"@context\":\"https:\/\/schema.org\",\"@graph\":[{\"@type\":\"Article\",\"@id\":\"https:\/\/denizcankizil.tr\/ru\/haberler\/antalya\/40-kilometrelik-kanalizasyon-calismasinda-sona-gelindi\/#article\",\"isPartOf\":{\"@id\":\"https:\/\/denizcankizil.tr\/ru\/haberler\/antalya\/40-kilometrelik-kanalizasyon-calismasinda-sona-gelindi\/\"},\"author\":{\"name\":\"\",\"@id\":\"\"},\"headline\":\"40 kilometrelik kanalizasyon \u00e7al\u0131\u015fmas\u0131nda sona gelindi\",\"datePublished\":\"2024-11-20T12:41:13+00:00\",\"mainEntityOfPage\":{\"@id\":\"https:\/\/denizcankizil.tr\/ru\/haberler\/antalya\/40-kilometrelik-kanalizasyon-calismasinda-sona-gelindi\/\"},\"wordCount\":253,\"commentCount\":0,\"publisher\":{\"@id\":\"https:\/\/denizcankizil.tr\/#organization\"},\"image\":{\"@id\":\"https:\/\/denizcankizil.tr\/ru\/haberler\/antalya\/40-kilometrelik-kanalizasyon-calismasinda-sona-gelindi\/#primaryimage\"},\"thumbnailUrl\":\"https:\/\/denizcankizil.tr\/wp-content\/uploads\/2024\/11\/3187-01-0WYo4a.jpeg\",\"articleSection\":[\"Antalya\",\"Uncategorized\"],\"inLanguage\":\"ru-RU\",\"potentialAction\":[{\"@type\":\"CommentAction\",\"name\":\"Comment\",\"target\":[\"https:\/\/denizcankizil.tr\/ru\/haberler\/antalya\/40-kilometrelik-kanalizasyon-calismasinda-sona-gelindi\/#respond\"]}]},{\"@type\":\"WebPage\",\"@id\":\"https:\/\/denizcankizil.tr\/ru\/haberler\/antalya\/40-kilometrelik-kanalizasyon-calismasinda-sona-gelindi\/\",\"url\":\"https:\/\/denizcankizil.tr\/ru\/haberler\/antalya\/40-kilometrelik-kanalizasyon-calismasinda-sona-gelindi\/\",\"name\":\"40 kilometrelik kanalizasyon \u00e7al\u0131\u015fmas\u0131nda sona gelindi - Av. Deniz Can K\u0131z\u0131l\",\"isPartOf\":{\"@id\":\"https:\/\/denizcankizil.tr\/#website\"},\"primaryImageOfPage\":{\"@id\":\"https:\/\/denizcankizil.tr\/ru\/haberler\/antalya\/40-kilometrelik-kanalizasyon-calismasinda-sona-gelindi\/#primaryimage\"},\"image\":{\"@id\":\"https:\/\/denizcankizil.tr\/ru\/haberler\/antalya\/40-kilometrelik-kanalizasyon-calismasinda-sona-gelindi\/#primaryimage\"},\"thumbnailUrl\":\"https:\/\/denizcankizil.tr\/wp-content\/uploads\/2024\/11\/3187-01-0WYo4a.jpeg\",\"datePublished\":\"2024-11-20T12:41:13+00:00\",\"breadcrumb\":{\"@id\":\"https:\/\/denizcankizil.tr\/ru\/haberler\/antalya\/40-kilometrelik-kanalizasyon-calismasinda-sona-gelindi\/#breadcrumb\"},\"inLanguage\":\"ru-RU\",\"potentialAction\":[{\"@type\":\"ReadAction\",\"target\":[\"https:\/\/denizcankizil.tr\/ru\/haberler\/antalya\/40-kilometrelik-kanalizasyon-calismasinda-sona-gelindi\/\"]}]},{\"@type\":\"ImageObject\",\"inLanguage\":\"ru-RU\",\"@id\":\"https:\/\/denizcankizil.tr\/ru\/haberler\/antalya\/40-kilometrelik-kanalizasyon-calismasinda-sona-gelindi\/#primaryimage\",\"url\":\"https:\/\/denizcankizil.tr\/wp-content\/uploads\/2024\/11\/3187-01-0WYo4a.jpeg\",\"contentUrl\":\"https:\/\/denizcankizil.tr\/wp-content\/uploads\/2024\/11\/3187-01-0WYo4a.jpeg\",\"width\":1280,\"height\":720},{\"@type\":\"BreadcrumbList\",\"@id\":\"https:\/\/denizcankizil.tr\/ru\/haberler\/antalya\/40-kilometrelik-kanalizasyon-calismasinda-sona-gelindi\/#breadcrumb\",\"itemListElement\":[{\"@type\":\"ListItem\",\"position\":1,\"name\":\"Home\",\"item\":\"https:\/\/denizcankizil.tr\/de\/\"},{\"@type\":\"ListItem\",\"position\":2,\"name\":\"40 kilometrelik kanalizasyon \u00e7al\u0131\u015fmas\u0131nda sona gelindi\"}]},{\"@type\":\"WebSite\",\"@id\":\"https:\/\/denizcankizil.tr\/#website\",\"url\":\"https:\/\/denizcankizil.tr\/\",\"name\":\"Av. Deniz Can K\u0131z\u0131l\",\"description\":\"Avukat Deniz Can K\u0131z\u0131l Antalya Barosu\",\"publisher\":{\"@id\":\"https:\/\/denizcankizil.tr\/#organization\"},\"potentialAction\":[{\"@type\":\"SearchAction\",\"target\":{\"@type\":\"EntryPoint\",\"urlTemplate\":\"https:\/\/denizcankizil.tr\/?s={search_term_string}\"},\"query-input\":{\"@type\":\"PropertyValueSpecification\",\"valueRequired\":true,\"valueName\":\"search_term_string\"}}],\"inLanguage\":\"ru-RU\"},{\"@type\":\"Organization\",\"@id\":\"https:\/\/denizcankizil.tr\/#organization\",\"name\":\"Av. Deniz Can K\u0131z\u0131l\",\"url\":\"https:\/\/denizcankizil.tr\/\",\"logo\":{\"@type\":\"ImageObject\",\"inLanguage\":\"ru-RU\",\"@id\":\"https:\/\/denizcankizil.tr\/#\/schema\/logo\/image\/\",\"url\":\"https:\/\/denizcankizil.tr\/wp-content\/uploads\/2024\/10\/siyah-logo-svg.svg\",\"contentUrl\":\"https:\/\/denizcankizil.tr\/wp-content\/uploads\/2024\/10\/siyah-logo-svg.svg\",\"width\":1080,\"height\":1080,\"caption\":\"Av. Deniz Can K\u0131z\u0131l\"},\"image\":{\"@id\":\"https:\/\/denizcankizil.tr\/#\/schema\/logo\/image\/\"}}]}<\/script>\n<!-- \/ Yoast SEO Premium plugin. -->","yoast_head_json":{"title":"40 kilometrelik kanalizasyon \u00e7al\u0131\u015fmas\u0131nda sona gelindi - Av. Deniz Can K\u0131z\u0131l","robots":{"index":"index","follow":"follow","max-snippet":"max-snippet:-1","max-image-preview":"max-image-preview:large","max-video-preview":"max-video-preview:-1"},"canonical":"https:\/\/denizcankizil.tr\/ru\/haberler\/antalya\/40-kilometrelik-kanalizasyon-calismasinda-sona-gelindi\/","og_locale":"ru_RU","og_type":"article","og_title":"40 kilometrelik kanalizasyon \u00e7al\u0131\u015fmas\u0131nda sona gelindi","og_description":"Antalya B\u00fcy\u00fck\u015fehir Belediyesi, yeni yerle\u015fim alanlar\u0131nda ve h\u0131zla artan n\u00fcfus yo\u011funlu\u011funun ya\u015fand\u0131\u011f\u0131 b\u00f6lgelerde altyap\u0131 \u00e7al\u0131\u015fmalar\u0131na devam ediyor. ASAT Genel M\u00fcd\u00fcrl\u00fc\u011f\u00fc ekipleri bu kapsamda Aksu il\u00e7esindeki Alt\u0131nta\u015f, G\u00fczeloba ve Ermenek mahallelerinde kanalizasyon \u00e7al\u0131\u015fmas\u0131 ger\u00e7ekle\u015ftiriyor. B\u00f6lgenin altyap\u0131 eksikliklerini gidermeye y\u00f6nelik ba\u015flat\u0131lan \u00e7al\u0131\u015fma modern ve \u00e7evreci bir kentle\u015fme hedefiyle ilerliyor. 2025&#8217;in ilk \u00e7eyre\u011finde tamamlanacak B\u00fcy\u00fck\u015fehir Belediyesi Kanalizasyon Yap\u0131m \u0130\u015fleri \u015eube M\u00fcd\u00fcrl\u00fc\u011f\u00fc Kontrol M\u00fchendisi Fatih \u015eahin, \u00e7al\u0131\u015fmalar\u0131n h\u0131zla devam etti\u011fini belirterek, \u201cAksu il\u00e7esi Alt\u0131nta\u015f ve Muratpa\u015fa il\u00e7esi Ermenek mahallelerindeki kollekt\u00f6r ve \u015febeke hatlar\u0131n\u0131n \u00e7al\u0131\u015fmalar\u0131n\u0131 6 ekiple s\u00fcrd\u00fcr\u00fcyoruz. 40 kilometrelik projenin 30 kilometrelik k\u0131sm\u0131n\u0131 tamamlad\u0131k. Projenin tamam\u0131n\u0131 2025&#8217;in ilk \u00e7eyre\u011finde bitirerek, Lara At\u0131k Su Ar\u0131tma Tesislerine ba\u011flayaca\u011f\u0131z. B\u00f6ylece Alt\u0131nta\u015f ve Ermenek mahalleleri modern bir altyap\u0131ya kavu\u015fmu\u015f olacak\u201d dedi. Alt\u0131nta\u015f Mahalle Muhtar\u0131 Bilal \u00c7elik, projenin \u00f6nemine dikkat \u00e7ekerek, \u201cMahallemizdeki en b\u00fcy\u00fck sorun altyap\u0131 eksikli\u011fiydi. Ba\u015fkan\u0131m\u0131zla g\u00f6r\u00fc\u015fmemizde, Konyaalt\u0131 Belediyesi zaman\u0131nda nas\u0131l hizmet getirdiyseniz, buraya da ayn\u0131s\u0131n\u0131 istiyoruz dedik. Ba\u015fkan\u0131m\u0131z, Konyaalt\u0131&#8217;na ne yapt\u0131ysam, Aksu&#8217;ya bir fazlas\u0131n\u0131 yapaca\u011f\u0131m demi\u015fti\u201d ifadelerini kulland\u0131. Kaynak: www.kanalv.com.tr Haber Sitesinden Al\u0131nm\u0131\u015ft\u0131r.","og_url":"https:\/\/denizcankizil.tr\/ru\/haberler\/antalya\/40-kilometrelik-kanalizasyon-calismasinda-sona-gelindi\/","og_site_name":"Av. Deniz Can K\u0131z\u0131l","article_published_time":"2024-11-20T12:41:13+00:00","og_image":[{"width":1280,"height":720,"url":"https:\/\/denizcankizil.tr\/wp-content\/uploads\/2024\/11\/3187-01-0WYo4a.jpeg","type":"image\/jpeg"}],"twitter_card":"summary_large_image","twitter_misc":{"\u041f\u0440\u0438\u043c\u0435\u0440\u043d\u043e\u0435 \u0432\u0440\u0435\u043c\u044f \u0434\u043b\u044f \u0447\u0442\u0435\u043d\u0438\u044f":"1 \u043c\u0438\u043d\u0443\u0442\u0430"},"schema":{"@context":"https:\/\/schema.org","@graph":[{"@type":"Article","@id":"https:\/\/denizcankizil.tr\/ru\/haberler\/antalya\/40-kilometrelik-kanalizasyon-calismasinda-sona-gelindi\/#article","isPartOf":{"@id":"https:\/\/denizcankizil.tr\/ru\/haberler\/antalya\/40-kilometrelik-kanalizasyon-calismasinda-sona-gelindi\/"},"author":{"name":"","@id":""},"headline":"40 kilometrelik kanalizasyon \u00e7al\u0131\u015fmas\u0131nda sona gelindi","datePublished":"2024-11-20T12:41:13+00:00","mainEntityOfPage":{"@id":"https:\/\/denizcankizil.tr\/ru\/haberler\/antalya\/40-kilometrelik-kanalizasyon-calismasinda-sona-gelindi\/"},"wordCount":253,"commentCount":0,"publisher":{"@id":"https:\/\/denizcankizil.tr\/#organization"},"image":{"@id":"https:\/\/denizcankizil.tr\/ru\/haberler\/antalya\/40-kilometrelik-kanalizasyon-calismasinda-sona-gelindi\/#primaryimage"},"thumbnailUrl":"https:\/\/denizcankizil.tr\/wp-content\/uploads\/2024\/11\/3187-01-0WYo4a.jpeg","articleSection":["Antalya","Uncategorized"],"inLanguage":"ru-RU","potentialAction":[{"@type":"CommentAction","name":"Comment","target":["https:\/\/denizcankizil.tr\/ru\/haberler\/antalya\/40-kilometrelik-kanalizasyon-calismasinda-sona-gelindi\/#respond"]}]},{"@type":"WebPage","@id":"https:\/\/denizcankizil.tr\/ru\/haberler\/antalya\/40-kilometrelik-kanalizasyon-calismasinda-sona-gelindi\/","url":"https:\/\/denizcankizil.tr\/ru\/haberler\/antalya\/40-kilometrelik-kanalizasyon-calismasinda-sona-gelindi\/","name":"40 kilometrelik kanalizasyon \u00e7al\u0131\u015fmas\u0131nda sona gelindi - Av. Deniz Can K\u0131z\u0131l","isPartOf":{"@id":"https:\/\/denizcankizil.tr\/#website"},"primaryImageOfPage":{"@id":"https:\/\/denizcankizil.tr\/ru\/haberler\/antalya\/40-kilometrelik-kanalizasyon-calismasinda-sona-gelindi\/#primaryimage"},"image":{"@id":"https:\/\/denizcankizil.tr\/ru\/haberler\/antalya\/40-kilometrelik-kanalizasyon-calismasinda-sona-gelindi\/#primaryimage"},"thumbnailUrl":"https:\/\/denizcankizil.tr\/wp-content\/uploads\/2024\/11\/3187-01-0WYo4a.jpeg","datePublished":"2024-11-20T12:41:13+00:00","breadcrumb":{"@id":"https:\/\/denizcankizil.tr\/ru\/haberler\/antalya\/40-kilometrelik-kanalizasyon-calismasinda-sona-gelindi\/#breadcrumb"},"inLanguage":"ru-RU","potentialAction":[{"@type":"ReadAction","target":["https:\/\/denizcankizil.tr\/ru\/haberler\/antalya\/40-kilometrelik-kanalizasyon-calismasinda-sona-gelindi\/"]}]},{"@type":"ImageObject","inLanguage":"ru-RU","@id":"https:\/\/denizcankizil.tr\/ru\/haberler\/antalya\/40-kilometrelik-kanalizasyon-calismasinda-sona-gelindi\/#primaryimage","url":"https:\/\/denizcankizil.tr\/wp-content\/uploads\/2024\/11\/3187-01-0WYo4a.jpeg","contentUrl":"https:\/\/denizcankizil.tr\/wp-content\/uploads\/2024\/11\/3187-01-0WYo4a.jpeg","width":1280,"height":720},{"@type":"BreadcrumbList","@id":"https:\/\/denizcankizil.tr\/ru\/haberler\/antalya\/40-kilometrelik-kanalizasyon-calismasinda-sona-gelindi\/#breadcrumb","itemListElement":[{"@type":"ListItem","position":1,"name":"Home","item":"https:\/\/denizcankizil.tr\/de\/"},{"@type":"ListItem","position":2,"name":"40 kilometrelik kanalizasyon \u00e7al\u0131\u015fmas\u0131nda sona gelindi"}]},{"@type":"WebSite","@id":"https:\/\/denizcankizil.tr\/#website","url":"https:\/\/denizcankizil.tr\/","name":"Av. Deniz Can K\u0131z\u0131l","description":"Avukat Deniz Can K\u0131z\u0131l Antalya Barosu","publisher":{"@id":"https:\/\/denizcankizil.tr\/#organization"},"potentialAction":[{"@type":"SearchAction","target":{"@type":"EntryPoint","urlTemplate":"https:\/\/denizcankizil.tr\/?s={search_term_string}"},"query-input":{"@type":"PropertyValueSpecification","valueRequired":true,"valueName":"search_term_string"}}],"inLanguage":"ru-RU"},{"@type":"Organization","@id":"https:\/\/denizcankizil.tr\/#organization","name":"Av. Deniz Can K\u0131z\u0131l","url":"https:\/\/denizcankizil.tr\/","logo":{"@type":"ImageObject","inLanguage":"ru-RU","@id":"https:\/\/denizcankizil.tr\/#\/schema\/logo\/image\/","url":"https:\/\/denizcankizil.tr\/wp-content\/uploads\/2024\/10\/siyah-logo-svg.svg","contentUrl":"https:\/\/denizcankizil.tr\/wp-content\/uploads\/2024\/10\/siyah-logo-svg.svg","width":1080,"height":1080,"caption":"Av. Deniz Can K\u0131z\u0131l"},"image":{"@id":"https:\/\/denizcankizil.tr\/#\/schema\/logo\/image\/"}}]}},"_links":{"self":[{"href":"https:\/\/denizcankizil.tr\/ru\/wp-json\/wp\/v2\/posts\/16691","targetHints":{"allow":["GET"]}}],"collection":[{"href":"https:\/\/denizcankizil.tr\/ru\/wp-json\/wp\/v2\/posts"}],"about":[{"href":"https:\/\/denizcankizil.tr\/ru\/wp-json\/wp\/v2\/types\/post"}],"replies":[{"embeddable":true,"href":"https:\/\/denizcankizil.tr\/ru\/wp-json\/wp\/v2\/comments?post=16691"}],"version-history":[{"count":0,"href":"https:\/\/denizcankizil.tr\/ru\/wp-json\/wp\/v2\/posts\/16691\/revisions"}],"wp:featuredmedia":[{"embeddable":true,"href":"https:\/\/denizcankizil.tr\/ru\/wp-json\/wp\/v2\/media\/16692"}],"wp:attachment":[{"href":"https:\/\/denizcankizil.tr\/ru\/wp-json\/wp\/v2\/media?parent=16691"}],"wp:term":[{"taxonomy":"category","embeddable":true,"href":"https:\/\/denizcankizil.tr\/ru\/wp-json\/wp\/v2\/categories?post=16691"},{"taxonomy":"post_tag","embeddable":true,"href":"https:\/\/denizcankizil.tr\/ru\/wp-json\/wp\/v2\/tags?post=16691"}],"curies":[{"name":"wp","href":"https:\/\/api.w.org\/{rel}","templated":true}]}}