{"id":16571,"date":"2024-11-19T17:41:43","date_gmt":"2024-11-19T14:41:43","guid":{"rendered":"https:\/\/denizcankizil.tr\/uncategorized-tr\/guzelbahcede-ucuncu-yas-universitesi-icin-imzalar-atildi\/"},"modified":"2024-11-19T17:41:43","modified_gmt":"2024-11-19T14:41:43","slug":"guzelbahcede-ucuncu-yas-universitesi-icin-imzalar-atildi","status":"publish","type":"post","link":"https:\/\/denizcankizil.tr\/ru\/haberler\/gundem\/guzelbahcede-ucuncu-yas-universitesi-icin-imzalar-atildi\/","title":{"rendered":"G\u00fczelbah\u00e7e&#8217;de \u00dc\u00e7\u00fcnc\u00fc Ya\u015f \u00dcniversitesi i\u00e7in imzalar at\u0131ld\u0131"},"content":{"rendered":"<p>\u00dc\u00e7\u00fcnc\u00fc Ya\u015f \u00dcniversitesi i\u00e7in imzalar G\u00fczelbah\u00e7e Belediye Ba\u015fkan\u0131 Mustafa G\u00fcnay, G\u00fczelbah\u00e7e Kent Konseyi Ba\u015fkan\u0131 Oya T\u00fcrkeli, Ege Geriatri Derne\u011fi Sekreteri Mevl\u00fct \u00dclgen taraf\u0131ndan parafland\u0131.\u00a0<\/p>\n<p>\u200b\u00dc\u00e7\u00fcnc\u00fc Ya\u015f \u00dcniversitesi i\u00e7in imzalar G\u00fczelbah\u00e7e Belediye Ba\u015fkan\u0131 Mustafa G\u00fcnay, G\u00fczelbah\u00e7e Kent Konseyi Ba\u015fkan\u0131 Oya T\u00fcrkeli, Ege Geriatri Derne\u011fi Sekreteri Mevl\u00fct \u00dclgen taraf\u0131ndan parafland\u0131.\u00a0\u00a0<\/p>\n<p>\u200bHaberin Al\u0131nt\u0131land\u0131\u011f\u0131 Kaynak: www.iskenderun.org<\/p>","protected":false},"excerpt":{"rendered":"<p>\u00dc\u00e7\u00fcnc\u00fc Ya\u015f \u00dcniversitesi i\u00e7in imzalar G\u00fczelbah\u00e7e Belediye Ba\u015fkan\u0131 Mustafa G\u00fcnay, G\u00fczelbah\u00e7e Kent Konseyi Ba\u015fkan\u0131 Oya T\u00fcrkeli, Ege Geriatri Derne\u011fi Sekreteri Mevl\u00fct \u00dclgen taraf\u0131ndan parafland\u0131.\u00a0 \u200b\u00dc\u00e7\u00fcnc\u00fc Ya\u015f \u00dcniversitesi i\u00e7in imzalar G\u00fczelbah\u00e7e Belediye Ba\u015fkan\u0131 Mustafa G\u00fcnay, G\u00fczelbah\u00e7e Kent Konseyi Ba\u015fkan\u0131 Oya T\u00fcrkeli, Ege Geriatri Derne\u011fi Sekreteri Mevl\u00fct \u00dclgen taraf\u0131ndan parafland\u0131.\u00a0\u00a0 \u200bHaberin Al\u0131nt\u0131land\u0131\u011f\u0131 Kaynak: www.iskenderun.org<\/p>","protected":false},"author":0,"featured_media":0,"comment_status":"open","ping_status":"open","sticky":false,"template":"","format":"standard","meta":{"_acf_changed":false,"footnotes":""},"categories":[24,535],"tags":[],"class_list":["post-16571","post","type-post","status-publish","format-standard","has-post-thumbnail","hentry","category-gundem","category-uncategorized-tr"],"acf":[],"yoast_head":"<!-- This site is optimized with the Yoast SEO Premium plugin v26.6 (Yoast SEO v27.1.1) - https:\/\/yoast.com\/product\/yoast-seo-premium-wordpress\/ -->\n<title>G\u00fczelbah\u00e7e&#039;de \u00dc\u00e7\u00fcnc\u00fc Ya\u015f \u00dcniversitesi i\u00e7in imzalar at\u0131ld\u0131 - Av. Deniz Can K\u0131z\u0131l<\/title>\n<meta name=\"robots\" content=\"index, follow, max-snippet:-1, max-image-preview:large, max-video-preview:-1\" \/>\n<link rel=\"canonical\" href=\"https:\/\/denizcankizil.tr\/ru\/haberler\/gundem\/guzelbahcede-ucuncu-yas-universitesi-icin-imzalar-atildi\/\" \/>\n<meta property=\"og:locale\" content=\"ru_RU\" \/>\n<meta property=\"og:type\" content=\"article\" \/>\n<meta property=\"og:title\" content=\"G\u00fczelbah\u00e7e&#039;de \u00dc\u00e7\u00fcnc\u00fc Ya\u015f \u00dcniversitesi i\u00e7in imzalar at\u0131ld\u0131\" \/>\n<meta property=\"og:description\" content=\"\u00dc\u00e7\u00fcnc\u00fc Ya\u015f \u00dcniversitesi i\u00e7in imzalar G\u00fczelbah\u00e7e Belediye Ba\u015fkan\u0131 Mustafa G\u00fcnay, G\u00fczelbah\u00e7e Kent Konseyi Ba\u015fkan\u0131 Oya T\u00fcrkeli, Ege Geriatri Derne\u011fi Sekreteri Mevl\u00fct \u00dclgen taraf\u0131ndan parafland\u0131.\u00a0 \u200b\u00dc\u00e7\u00fcnc\u00fc Ya\u015f \u00dcniversitesi i\u00e7in imzalar G\u00fczelbah\u00e7e Belediye Ba\u015fkan\u0131 Mustafa G\u00fcnay, G\u00fczelbah\u00e7e Kent Konseyi Ba\u015fkan\u0131 Oya T\u00fcrkeli, Ege Geriatri Derne\u011fi Sekreteri Mevl\u00fct \u00dclgen taraf\u0131ndan parafland\u0131.\u00a0\u00a0 \u200bHaberin Al\u0131nt\u0131land\u0131\u011f\u0131 Kaynak: www.iskenderun.org\" \/>\n<meta property=\"og:url\" content=\"https:\/\/denizcankizil.tr\/ru\/haberler\/gundem\/guzelbahcede-ucuncu-yas-universitesi-icin-imzalar-atildi\/\" \/>\n<meta property=\"og:site_name\" content=\"Av. Deniz Can K\u0131z\u0131l\" \/>\n<meta property=\"article:published_time\" content=\"2024-11-19T14:41:43+00:00\" \/>\n<meta name=\"twitter:card\" content=\"summary_large_image\" \/>\n<script type=\"application\/ld+json\" class=\"yoast-schema-graph\">{\"@context\":\"https:\/\/schema.org\",\"@graph\":[{\"@type\":\"Article\",\"@id\":\"https:\/\/denizcankizil.tr\/de\/haberler\/gundem\/guzelbahcede-ucuncu-yas-universitesi-icin-imzalar-atildi\/#article\",\"isPartOf\":{\"@id\":\"https:\/\/denizcankizil.tr\/de\/haberler\/gundem\/guzelbahcede-ucuncu-yas-universitesi-icin-imzalar-atildi\/\"},\"author\":{\"name\":\"\",\"@id\":\"\"},\"headline\":\"G\u00fczelbah\u00e7e&#8217;de \u00dc\u00e7\u00fcnc\u00fc Ya\u015f \u00dcniversitesi i\u00e7in imzalar at\u0131ld\u0131\",\"datePublished\":\"2024-11-19T14:41:43+00:00\",\"mainEntityOfPage\":{\"@id\":\"https:\/\/denizcankizil.tr\/de\/haberler\/gundem\/guzelbahcede-ucuncu-yas-universitesi-icin-imzalar-atildi\/\"},\"wordCount\":92,\"commentCount\":0,\"publisher\":{\"@id\":\"https:\/\/denizcankizil.tr\/de\/#organization\"},\"articleSection\":[\"G\u00fcndem\",\"Uncategorized\"],\"inLanguage\":\"ru-RU\",\"potentialAction\":[{\"@type\":\"CommentAction\",\"name\":\"Comment\",\"target\":[\"https:\/\/denizcankizil.tr\/de\/haberler\/gundem\/guzelbahcede-ucuncu-yas-universitesi-icin-imzalar-atildi\/#respond\"]}]},{\"@type\":\"WebPage\",\"@id\":\"https:\/\/denizcankizil.tr\/de\/haberler\/gundem\/guzelbahcede-ucuncu-yas-universitesi-icin-imzalar-atildi\/\",\"url\":\"https:\/\/denizcankizil.tr\/de\/haberler\/gundem\/guzelbahcede-ucuncu-yas-universitesi-icin-imzalar-atildi\/\",\"name\":\"G\u00fczelbah\u00e7e'de \u00dc\u00e7\u00fcnc\u00fc Ya\u015f \u00dcniversitesi i\u00e7in imzalar at\u0131ld\u0131 - Av. Deniz Can K\u0131z\u0131l\",\"isPartOf\":{\"@id\":\"https:\/\/denizcankizil.tr\/de\/#website\"},\"datePublished\":\"2024-11-19T14:41:43+00:00\",\"breadcrumb\":{\"@id\":\"https:\/\/denizcankizil.tr\/de\/haberler\/gundem\/guzelbahcede-ucuncu-yas-universitesi-icin-imzalar-atildi\/#breadcrumb\"},\"inLanguage\":\"ru-RU\",\"potentialAction\":[{\"@type\":\"ReadAction\",\"target\":[\"https:\/\/denizcankizil.tr\/de\/haberler\/gundem\/guzelbahcede-ucuncu-yas-universitesi-icin-imzalar-atildi\/\"]}]},{\"@type\":\"BreadcrumbList\",\"@id\":\"https:\/\/denizcankizil.tr\/de\/haberler\/gundem\/guzelbahcede-ucuncu-yas-universitesi-icin-imzalar-atildi\/#breadcrumb\",\"itemListElement\":[{\"@type\":\"ListItem\",\"position\":1,\"name\":\"Home\",\"item\":\"https:\/\/denizcankizil.tr\/de\/\"},{\"@type\":\"ListItem\",\"position\":2,\"name\":\"G\u00fczelbah\u00e7e&#8217;de \u00dc\u00e7\u00fcnc\u00fc Ya\u015f \u00dcniversitesi i\u00e7in imzalar at\u0131ld\u0131\"}]},{\"@type\":\"WebSite\",\"@id\":\"https:\/\/denizcankizil.tr\/de\/#website\",\"url\":\"https:\/\/denizcankizil.tr\/de\/\",\"name\":\"Av. Deniz Can K\u0131z\u0131l\",\"description\":\"Avukat Deniz Can K\u0131z\u0131l Antalya Barosu\",\"publisher\":{\"@id\":\"https:\/\/denizcankizil.tr\/de\/#organization\"},\"potentialAction\":[{\"@type\":\"SearchAction\",\"target\":{\"@type\":\"EntryPoint\",\"urlTemplate\":\"https:\/\/denizcankizil.tr\/de\/?s={search_term_string}\"},\"query-input\":{\"@type\":\"PropertyValueSpecification\",\"valueRequired\":true,\"valueName\":\"search_term_string\"}}],\"inLanguage\":\"ru-RU\"},{\"@type\":\"Organization\",\"@id\":\"https:\/\/denizcankizil.tr\/de\/#organization\",\"name\":\"Av. Deniz Can K\u0131z\u0131l\",\"url\":\"https:\/\/denizcankizil.tr\/de\/\",\"logo\":{\"@type\":\"ImageObject\",\"inLanguage\":\"ru-RU\",\"@id\":\"https:\/\/denizcankizil.tr\/de\/#\/schema\/logo\/image\/\",\"url\":\"https:\/\/denizcankizil.tr\/wp-content\/uploads\/2024\/10\/siyah-logo-svg.svg\",\"contentUrl\":\"https:\/\/denizcankizil.tr\/wp-content\/uploads\/2024\/10\/siyah-logo-svg.svg\",\"width\":1080,\"height\":1080,\"caption\":\"Av. Deniz Can K\u0131z\u0131l\"},\"image\":{\"@id\":\"https:\/\/denizcankizil.tr\/de\/#\/schema\/logo\/image\/\"}}]}<\/script>\n<!-- \/ Yoast SEO Premium plugin. -->","yoast_head_json":{"title":"G\u00fczelbah\u00e7e'de \u00dc\u00e7\u00fcnc\u00fc Ya\u015f \u00dcniversitesi i\u00e7in imzalar at\u0131ld\u0131 - Av. Deniz Can K\u0131z\u0131l","robots":{"index":"index","follow":"follow","max-snippet":"max-snippet:-1","max-image-preview":"max-image-preview:large","max-video-preview":"max-video-preview:-1"},"canonical":"https:\/\/denizcankizil.tr\/ru\/haberler\/gundem\/guzelbahcede-ucuncu-yas-universitesi-icin-imzalar-atildi\/","og_locale":"ru_RU","og_type":"article","og_title":"G\u00fczelbah\u00e7e'de \u00dc\u00e7\u00fcnc\u00fc Ya\u015f \u00dcniversitesi i\u00e7in imzalar at\u0131ld\u0131","og_description":"\u00dc\u00e7\u00fcnc\u00fc Ya\u015f \u00dcniversitesi i\u00e7in imzalar G\u00fczelbah\u00e7e Belediye Ba\u015fkan\u0131 Mustafa G\u00fcnay, G\u00fczelbah\u00e7e Kent Konseyi Ba\u015fkan\u0131 Oya T\u00fcrkeli, Ege Geriatri Derne\u011fi Sekreteri Mevl\u00fct \u00dclgen taraf\u0131ndan parafland\u0131.\u00a0 \u200b\u00dc\u00e7\u00fcnc\u00fc Ya\u015f \u00dcniversitesi i\u00e7in imzalar G\u00fczelbah\u00e7e Belediye Ba\u015fkan\u0131 Mustafa G\u00fcnay, G\u00fczelbah\u00e7e Kent Konseyi Ba\u015fkan\u0131 Oya T\u00fcrkeli, Ege Geriatri Derne\u011fi Sekreteri Mevl\u00fct \u00dclgen taraf\u0131ndan parafland\u0131.\u00a0\u00a0 \u200bHaberin Al\u0131nt\u0131land\u0131\u011f\u0131 Kaynak: www.iskenderun.org","og_url":"https:\/\/denizcankizil.tr\/ru\/haberler\/gundem\/guzelbahcede-ucuncu-yas-universitesi-icin-imzalar-atildi\/","og_site_name":"Av. Deniz Can K\u0131z\u0131l","article_published_time":"2024-11-19T14:41:43+00:00","twitter_card":"summary_large_image","schema":{"@context":"https:\/\/schema.org","@graph":[{"@type":"Article","@id":"https:\/\/denizcankizil.tr\/de\/haberler\/gundem\/guzelbahcede-ucuncu-yas-universitesi-icin-imzalar-atildi\/#article","isPartOf":{"@id":"https:\/\/denizcankizil.tr\/de\/haberler\/gundem\/guzelbahcede-ucuncu-yas-universitesi-icin-imzalar-atildi\/"},"author":{"name":"","@id":""},"headline":"G\u00fczelbah\u00e7e&#8217;de \u00dc\u00e7\u00fcnc\u00fc Ya\u015f \u00dcniversitesi i\u00e7in imzalar at\u0131ld\u0131","datePublished":"2024-11-19T14:41:43+00:00","mainEntityOfPage":{"@id":"https:\/\/denizcankizil.tr\/de\/haberler\/gundem\/guzelbahcede-ucuncu-yas-universitesi-icin-imzalar-atildi\/"},"wordCount":92,"commentCount":0,"publisher":{"@id":"https:\/\/denizcankizil.tr\/de\/#organization"},"articleSection":["G\u00fcndem","Uncategorized"],"inLanguage":"ru-RU","potentialAction":[{"@type":"CommentAction","name":"Comment","target":["https:\/\/denizcankizil.tr\/de\/haberler\/gundem\/guzelbahcede-ucuncu-yas-universitesi-icin-imzalar-atildi\/#respond"]}]},{"@type":"WebPage","@id":"https:\/\/denizcankizil.tr\/de\/haberler\/gundem\/guzelbahcede-ucuncu-yas-universitesi-icin-imzalar-atildi\/","url":"https:\/\/denizcankizil.tr\/de\/haberler\/gundem\/guzelbahcede-ucuncu-yas-universitesi-icin-imzalar-atildi\/","name":"G\u00fczelbah\u00e7e'de \u00dc\u00e7\u00fcnc\u00fc Ya\u015f \u00dcniversitesi i\u00e7in imzalar at\u0131ld\u0131 - Av. Deniz Can K\u0131z\u0131l","isPartOf":{"@id":"https:\/\/denizcankizil.tr\/de\/#website"},"datePublished":"2024-11-19T14:41:43+00:00","breadcrumb":{"@id":"https:\/\/denizcankizil.tr\/de\/haberler\/gundem\/guzelbahcede-ucuncu-yas-universitesi-icin-imzalar-atildi\/#breadcrumb"},"inLanguage":"ru-RU","potentialAction":[{"@type":"ReadAction","target":["https:\/\/denizcankizil.tr\/de\/haberler\/gundem\/guzelbahcede-ucuncu-yas-universitesi-icin-imzalar-atildi\/"]}]},{"@type":"BreadcrumbList","@id":"https:\/\/denizcankizil.tr\/de\/haberler\/gundem\/guzelbahcede-ucuncu-yas-universitesi-icin-imzalar-atildi\/#breadcrumb","itemListElement":[{"@type":"ListItem","position":1,"name":"Home","item":"https:\/\/denizcankizil.tr\/de\/"},{"@type":"ListItem","position":2,"name":"G\u00fczelbah\u00e7e&#8217;de \u00dc\u00e7\u00fcnc\u00fc Ya\u015f \u00dcniversitesi i\u00e7in imzalar at\u0131ld\u0131"}]},{"@type":"WebSite","@id":"https:\/\/denizcankizil.tr\/de\/#website","url":"https:\/\/denizcankizil.tr\/de\/","name":"Av. Deniz Can K\u0131z\u0131l","description":"Avukat Deniz Can K\u0131z\u0131l Antalya Barosu","publisher":{"@id":"https:\/\/denizcankizil.tr\/de\/#organization"},"potentialAction":[{"@type":"SearchAction","target":{"@type":"EntryPoint","urlTemplate":"https:\/\/denizcankizil.tr\/de\/?s={search_term_string}"},"query-input":{"@type":"PropertyValueSpecification","valueRequired":true,"valueName":"search_term_string"}}],"inLanguage":"ru-RU"},{"@type":"Organization","@id":"https:\/\/denizcankizil.tr\/de\/#organization","name":"Av. Deniz Can K\u0131z\u0131l","url":"https:\/\/denizcankizil.tr\/de\/","logo":{"@type":"ImageObject","inLanguage":"ru-RU","@id":"https:\/\/denizcankizil.tr\/de\/#\/schema\/logo\/image\/","url":"https:\/\/denizcankizil.tr\/wp-content\/uploads\/2024\/10\/siyah-logo-svg.svg","contentUrl":"https:\/\/denizcankizil.tr\/wp-content\/uploads\/2024\/10\/siyah-logo-svg.svg","width":1080,"height":1080,"caption":"Av. Deniz Can K\u0131z\u0131l"},"image":{"@id":"https:\/\/denizcankizil.tr\/de\/#\/schema\/logo\/image\/"}}]}},"_links":{"self":[{"href":"https:\/\/denizcankizil.tr\/ru\/wp-json\/wp\/v2\/posts\/16571","targetHints":{"allow":["GET"]}}],"collection":[{"href":"https:\/\/denizcankizil.tr\/ru\/wp-json\/wp\/v2\/posts"}],"about":[{"href":"https:\/\/denizcankizil.tr\/ru\/wp-json\/wp\/v2\/types\/post"}],"replies":[{"embeddable":true,"href":"https:\/\/denizcankizil.tr\/ru\/wp-json\/wp\/v2\/comments?post=16571"}],"version-history":[{"count":0,"href":"https:\/\/denizcankizil.tr\/ru\/wp-json\/wp\/v2\/posts\/16571\/revisions"}],"wp:attachment":[{"href":"https:\/\/denizcankizil.tr\/ru\/wp-json\/wp\/v2\/media?parent=16571"}],"wp:term":[{"taxonomy":"category","embeddable":true,"href":"https:\/\/denizcankizil.tr\/ru\/wp-json\/wp\/v2\/categories?post=16571"},{"taxonomy":"post_tag","embeddable":true,"href":"https:\/\/denizcankizil.tr\/ru\/wp-json\/wp\/v2\/tags?post=16571"}],"curies":[{"name":"wp","href":"https:\/\/api.w.org\/{rel}","templated":true}]}}