{"id":16530,"date":"2024-11-19T14:41:55","date_gmt":"2024-11-19T11:41:55","guid":{"rendered":"https:\/\/denizcankizil.tr\/uncategorized-tr\/53-yasindaki-kadin-sokakta-olu-bulundu\/"},"modified":"2024-11-19T14:41:55","modified_gmt":"2024-11-19T11:41:55","slug":"53-yasindaki-kadin-sokakta-olu-bulundu","status":"publish","type":"post","link":"https:\/\/denizcankizil.tr\/ru\/haberler\/antalya\/53-yasindaki-kadin-sokakta-olu-bulundu\/","title":{"rendered":"53 ya\u015f\u0131ndaki kad\u0131n sokakta \u00f6l\u00fc bulundu"},"content":{"rendered":"<p>Olay, sabah saatlerinde Serik il\u00e7esi Orta Mahalle \u0130\u015fler Caddesi \u00fczerindeki 5 katl\u0131 bir apartman\u0131n \u00f6n\u00fcnde meydana geldi. Edinilen bilgiye g\u00f6re, sabah saatlerinde cadde \u00fczerinde bir ki\u015finin yerde hareketsiz \u015fekilde yatt\u0131\u011f\u0131n\u0131 g\u00f6ren vatanda\u015flar durumu 112 Acil \u00c7a\u011fr\u0131 Merkezi&#8217;ne bildirdi. \u0130hbarla olay yerine polis ve sa\u011fl\u0131k ekipleri sevk edildi. Ekiplerce yap\u0131lan incelemede isminin Oya \u00dc. (53) oldu\u011fu \u00f6\u011frenilen kad\u0131n\u0131n ya\u015fam\u0131n\u0131 yitirdi\u011fi belirlendi.<br \/>\nSavc\u0131l\u0131k ve olay yeri inceleme ekiplerinin \u00e7al\u0131\u015fmas\u0131 sonras\u0131 \u00dcnal&#8217;\u0131n cans\u0131z bedeni \u00f6nce Serik Devlet Hastanesi morguna, ard\u0131ndan otopsi i\u00e7in Antalya Adli T\u0131p Kurumu morguna kald\u0131r\u0131ld\u0131. Oya \u00dc.&#8217;n\u00fcn olay yerindeki bir apartman\u0131n 2&#8217;nci kat\u0131nda ya\u015fl\u0131 annesi ile birlikte ya\u015fad\u0131\u011f\u0131, sabaha kar\u015f\u0131 el feneri ile 5 katl\u0131 apartman\u0131n \u00e7at\u0131 kat\u0131na \u00e7\u0131kt\u0131\u011f\u0131 ve buradan d\u00fc\u015ft\u00fc\u011f\u00fc \u00f6\u011frenildi.<br \/>\nOlayla ilgili inceleme ba\u015flatan polis, Oya \u00dc&#8217;n\u00fcn intihar etmi\u015f olabilece\u011fi ihtimali \u00fczerinde de duruyor.<\/p>\n<p>Kaynak: www.kanalv.com.tr Haber Sitesinden Al\u0131nm\u0131\u015ft\u0131r.<\/p>","protected":false},"excerpt":{"rendered":"<p>Olay, sabah saatlerinde Serik il\u00e7esi Orta Mahalle \u0130\u015fler Caddesi \u00fczerindeki 5 katl\u0131 bir apartman\u0131n \u00f6n\u00fcnde meydana geldi. Edinilen bilgiye g\u00f6re, sabah saatlerinde cadde \u00fczerinde bir ki\u015finin yerde hareketsiz \u015fekilde yatt\u0131\u011f\u0131n\u0131 g\u00f6ren vatanda\u015flar durumu 112 Acil \u00c7a\u011fr\u0131 Merkezi&#8217;ne bildirdi. \u0130hbarla olay yerine polis ve sa\u011fl\u0131k ekipleri sevk edildi. Ekiplerce yap\u0131lan incelemede isminin Oya \u00dc. (53) oldu\u011fu \u00f6\u011frenilen kad\u0131n\u0131n ya\u015fam\u0131n\u0131 yitirdi\u011fi belirlendi. Savc\u0131l\u0131k ve olay yeri inceleme ekiplerinin \u00e7al\u0131\u015fmas\u0131 sonras\u0131 \u00dcnal&#8217;\u0131n cans\u0131z bedeni \u00f6nce Serik Devlet Hastanesi morguna, ard\u0131ndan otopsi i\u00e7in Antalya Adli T\u0131p Kurumu morguna kald\u0131r\u0131ld\u0131. Oya \u00dc.&#8217;n\u00fcn olay yerindeki bir apartman\u0131n 2&#8217;nci kat\u0131nda ya\u015fl\u0131 annesi ile birlikte ya\u015fad\u0131\u011f\u0131, sabaha kar\u015f\u0131 el feneri ile 5 katl\u0131 apartman\u0131n \u00e7at\u0131 kat\u0131na \u00e7\u0131kt\u0131\u011f\u0131 ve buradan d\u00fc\u015ft\u00fc\u011f\u00fc \u00f6\u011frenildi. Olayla ilgili inceleme ba\u015flatan polis, Oya \u00dc&#8217;n\u00fcn intihar etmi\u015f olabilece\u011fi ihtimali \u00fczerinde de duruyor. Kaynak: www.kanalv.com.tr Haber Sitesinden Al\u0131nm\u0131\u015ft\u0131r.<\/p>","protected":false},"author":0,"featured_media":16531,"comment_status":"open","ping_status":"open","sticky":false,"template":"","format":"standard","meta":{"_acf_changed":false,"footnotes":""},"categories":[26,535],"tags":[],"class_list":["post-16530","post","type-post","status-publish","format-standard","has-post-thumbnail","hentry","category-antalya","category-uncategorized-tr"],"acf":[],"yoast_head":"<!-- This site is optimized with the Yoast SEO Premium plugin v26.6 (Yoast SEO v27.1.1) - https:\/\/yoast.com\/product\/yoast-seo-premium-wordpress\/ -->\n<title>53 ya\u015f\u0131ndaki kad\u0131n sokakta \u00f6l\u00fc bulundu - Av. Deniz Can K\u0131z\u0131l<\/title>\n<meta name=\"robots\" content=\"index, follow, max-snippet:-1, max-image-preview:large, max-video-preview:-1\" \/>\n<link rel=\"canonical\" href=\"https:\/\/denizcankizil.tr\/ru\/haberler\/antalya\/53-yasindaki-kadin-sokakta-olu-bulundu\/\" \/>\n<meta property=\"og:locale\" content=\"ru_RU\" \/>\n<meta property=\"og:type\" content=\"article\" \/>\n<meta property=\"og:title\" content=\"53 ya\u015f\u0131ndaki kad\u0131n sokakta \u00f6l\u00fc bulundu\" \/>\n<meta property=\"og:description\" content=\"Olay, sabah saatlerinde Serik il\u00e7esi Orta Mahalle \u0130\u015fler Caddesi \u00fczerindeki 5 katl\u0131 bir apartman\u0131n \u00f6n\u00fcnde meydana geldi. Edinilen bilgiye g\u00f6re, sabah saatlerinde cadde \u00fczerinde bir ki\u015finin yerde hareketsiz \u015fekilde yatt\u0131\u011f\u0131n\u0131 g\u00f6ren vatanda\u015flar durumu 112 Acil \u00c7a\u011fr\u0131 Merkezi&#8217;ne bildirdi. \u0130hbarla olay yerine polis ve sa\u011fl\u0131k ekipleri sevk edildi. Ekiplerce yap\u0131lan incelemede isminin Oya \u00dc. (53) oldu\u011fu \u00f6\u011frenilen kad\u0131n\u0131n ya\u015fam\u0131n\u0131 yitirdi\u011fi belirlendi. Savc\u0131l\u0131k ve olay yeri inceleme ekiplerinin \u00e7al\u0131\u015fmas\u0131 sonras\u0131 \u00dcnal&#8217;\u0131n cans\u0131z bedeni \u00f6nce Serik Devlet Hastanesi morguna, ard\u0131ndan otopsi i\u00e7in Antalya Adli T\u0131p Kurumu morguna kald\u0131r\u0131ld\u0131. Oya \u00dc.&#8217;n\u00fcn olay yerindeki bir apartman\u0131n 2&#8217;nci kat\u0131nda ya\u015fl\u0131 annesi ile birlikte ya\u015fad\u0131\u011f\u0131, sabaha kar\u015f\u0131 el feneri ile 5 katl\u0131 apartman\u0131n \u00e7at\u0131 kat\u0131na \u00e7\u0131kt\u0131\u011f\u0131 ve buradan d\u00fc\u015ft\u00fc\u011f\u00fc \u00f6\u011frenildi. Olayla ilgili inceleme ba\u015flatan polis, Oya \u00dc&#8217;n\u00fcn intihar etmi\u015f olabilece\u011fi ihtimali \u00fczerinde de duruyor. Kaynak: www.kanalv.com.tr Haber Sitesinden Al\u0131nm\u0131\u015ft\u0131r.\" \/>\n<meta property=\"og:url\" content=\"https:\/\/denizcankizil.tr\/ru\/haberler\/antalya\/53-yasindaki-kadin-sokakta-olu-bulundu\/\" \/>\n<meta property=\"og:site_name\" content=\"Av. Deniz Can K\u0131z\u0131l\" \/>\n<meta property=\"article:published_time\" content=\"2024-11-19T11:41:55+00:00\" \/>\n<meta property=\"og:image\" content=\"https:\/\/denizcankizil.tr\/wp-content\/uploads\/2024\/11\/3153-01-uwLshk.jpeg\" \/>\n\t<meta property=\"og:image:width\" content=\"1280\" \/>\n\t<meta property=\"og:image:height\" content=\"720\" \/>\n\t<meta property=\"og:image:type\" content=\"image\/jpeg\" \/>\n<meta name=\"twitter:card\" content=\"summary_large_image\" \/>\n<meta name=\"twitter:label1\" content=\"\u041f\u0440\u0438\u043c\u0435\u0440\u043d\u043e\u0435 \u0432\u0440\u0435\u043c\u044f \u0434\u043b\u044f \u0447\u0442\u0435\u043d\u0438\u044f\" \/>\n\t<meta name=\"twitter:data1\" content=\"1 \u043c\u0438\u043d\u0443\u0442\u0430\" \/>\n<script type=\"application\/ld+json\" class=\"yoast-schema-graph\">{\"@context\":\"https:\/\/schema.org\",\"@graph\":[{\"@type\":\"Article\",\"@id\":\"https:\/\/denizcankizil.tr\/ru\/haberler\/antalya\/53-yasindaki-kadin-sokakta-olu-bulundu\/#article\",\"isPartOf\":{\"@id\":\"https:\/\/denizcankizil.tr\/ru\/haberler\/antalya\/53-yasindaki-kadin-sokakta-olu-bulundu\/\"},\"author\":{\"name\":\"\",\"@id\":\"\"},\"headline\":\"53 ya\u015f\u0131ndaki kad\u0131n sokakta \u00f6l\u00fc bulundu\",\"datePublished\":\"2024-11-19T11:41:55+00:00\",\"mainEntityOfPage\":{\"@id\":\"https:\/\/denizcankizil.tr\/ru\/haberler\/antalya\/53-yasindaki-kadin-sokakta-olu-bulundu\/\"},\"wordCount\":180,\"commentCount\":0,\"publisher\":{\"@id\":\"https:\/\/denizcankizil.tr\/#organization\"},\"image\":{\"@id\":\"https:\/\/denizcankizil.tr\/ru\/haberler\/antalya\/53-yasindaki-kadin-sokakta-olu-bulundu\/#primaryimage\"},\"thumbnailUrl\":\"https:\/\/denizcankizil.tr\/wp-content\/uploads\/2024\/11\/3153-01-uwLshk.jpeg\",\"articleSection\":[\"Antalya\",\"Uncategorized\"],\"inLanguage\":\"ru-RU\",\"potentialAction\":[{\"@type\":\"CommentAction\",\"name\":\"Comment\",\"target\":[\"https:\/\/denizcankizil.tr\/ru\/haberler\/antalya\/53-yasindaki-kadin-sokakta-olu-bulundu\/#respond\"]}]},{\"@type\":\"WebPage\",\"@id\":\"https:\/\/denizcankizil.tr\/ru\/haberler\/antalya\/53-yasindaki-kadin-sokakta-olu-bulundu\/\",\"url\":\"https:\/\/denizcankizil.tr\/ru\/haberler\/antalya\/53-yasindaki-kadin-sokakta-olu-bulundu\/\",\"name\":\"53 ya\u015f\u0131ndaki kad\u0131n sokakta \u00f6l\u00fc bulundu - Av. Deniz Can K\u0131z\u0131l\",\"isPartOf\":{\"@id\":\"https:\/\/denizcankizil.tr\/#website\"},\"primaryImageOfPage\":{\"@id\":\"https:\/\/denizcankizil.tr\/ru\/haberler\/antalya\/53-yasindaki-kadin-sokakta-olu-bulundu\/#primaryimage\"},\"image\":{\"@id\":\"https:\/\/denizcankizil.tr\/ru\/haberler\/antalya\/53-yasindaki-kadin-sokakta-olu-bulundu\/#primaryimage\"},\"thumbnailUrl\":\"https:\/\/denizcankizil.tr\/wp-content\/uploads\/2024\/11\/3153-01-uwLshk.jpeg\",\"datePublished\":\"2024-11-19T11:41:55+00:00\",\"breadcrumb\":{\"@id\":\"https:\/\/denizcankizil.tr\/ru\/haberler\/antalya\/53-yasindaki-kadin-sokakta-olu-bulundu\/#breadcrumb\"},\"inLanguage\":\"ru-RU\",\"potentialAction\":[{\"@type\":\"ReadAction\",\"target\":[\"https:\/\/denizcankizil.tr\/ru\/haberler\/antalya\/53-yasindaki-kadin-sokakta-olu-bulundu\/\"]}]},{\"@type\":\"ImageObject\",\"inLanguage\":\"ru-RU\",\"@id\":\"https:\/\/denizcankizil.tr\/ru\/haberler\/antalya\/53-yasindaki-kadin-sokakta-olu-bulundu\/#primaryimage\",\"url\":\"https:\/\/denizcankizil.tr\/wp-content\/uploads\/2024\/11\/3153-01-uwLshk.jpeg\",\"contentUrl\":\"https:\/\/denizcankizil.tr\/wp-content\/uploads\/2024\/11\/3153-01-uwLshk.jpeg\",\"width\":1280,\"height\":720},{\"@type\":\"BreadcrumbList\",\"@id\":\"https:\/\/denizcankizil.tr\/ru\/haberler\/antalya\/53-yasindaki-kadin-sokakta-olu-bulundu\/#breadcrumb\",\"itemListElement\":[{\"@type\":\"ListItem\",\"position\":1,\"name\":\"Home\",\"item\":\"https:\/\/denizcankizil.tr\/de\/\"},{\"@type\":\"ListItem\",\"position\":2,\"name\":\"53 ya\u015f\u0131ndaki kad\u0131n sokakta \u00f6l\u00fc bulundu\"}]},{\"@type\":\"WebSite\",\"@id\":\"https:\/\/denizcankizil.tr\/#website\",\"url\":\"https:\/\/denizcankizil.tr\/\",\"name\":\"Av. Deniz Can K\u0131z\u0131l\",\"description\":\"Avukat Deniz Can K\u0131z\u0131l Antalya Barosu\",\"publisher\":{\"@id\":\"https:\/\/denizcankizil.tr\/#organization\"},\"potentialAction\":[{\"@type\":\"SearchAction\",\"target\":{\"@type\":\"EntryPoint\",\"urlTemplate\":\"https:\/\/denizcankizil.tr\/?s={search_term_string}\"},\"query-input\":{\"@type\":\"PropertyValueSpecification\",\"valueRequired\":true,\"valueName\":\"search_term_string\"}}],\"inLanguage\":\"ru-RU\"},{\"@type\":\"Organization\",\"@id\":\"https:\/\/denizcankizil.tr\/#organization\",\"name\":\"Av. Deniz Can K\u0131z\u0131l\",\"url\":\"https:\/\/denizcankizil.tr\/\",\"logo\":{\"@type\":\"ImageObject\",\"inLanguage\":\"ru-RU\",\"@id\":\"https:\/\/denizcankizil.tr\/#\/schema\/logo\/image\/\",\"url\":\"https:\/\/denizcankizil.tr\/wp-content\/uploads\/2024\/10\/siyah-logo-svg.svg\",\"contentUrl\":\"https:\/\/denizcankizil.tr\/wp-content\/uploads\/2024\/10\/siyah-logo-svg.svg\",\"width\":1080,\"height\":1080,\"caption\":\"Av. Deniz Can K\u0131z\u0131l\"},\"image\":{\"@id\":\"https:\/\/denizcankizil.tr\/#\/schema\/logo\/image\/\"}}]}<\/script>\n<!-- \/ Yoast SEO Premium plugin. -->","yoast_head_json":{"title":"53 ya\u015f\u0131ndaki kad\u0131n sokakta \u00f6l\u00fc bulundu - Av. Deniz Can K\u0131z\u0131l","robots":{"index":"index","follow":"follow","max-snippet":"max-snippet:-1","max-image-preview":"max-image-preview:large","max-video-preview":"max-video-preview:-1"},"canonical":"https:\/\/denizcankizil.tr\/ru\/haberler\/antalya\/53-yasindaki-kadin-sokakta-olu-bulundu\/","og_locale":"ru_RU","og_type":"article","og_title":"53 ya\u015f\u0131ndaki kad\u0131n sokakta \u00f6l\u00fc bulundu","og_description":"Olay, sabah saatlerinde Serik il\u00e7esi Orta Mahalle \u0130\u015fler Caddesi \u00fczerindeki 5 katl\u0131 bir apartman\u0131n \u00f6n\u00fcnde meydana geldi. Edinilen bilgiye g\u00f6re, sabah saatlerinde cadde \u00fczerinde bir ki\u015finin yerde hareketsiz \u015fekilde yatt\u0131\u011f\u0131n\u0131 g\u00f6ren vatanda\u015flar durumu 112 Acil \u00c7a\u011fr\u0131 Merkezi&#8217;ne bildirdi. \u0130hbarla olay yerine polis ve sa\u011fl\u0131k ekipleri sevk edildi. Ekiplerce yap\u0131lan incelemede isminin Oya \u00dc. (53) oldu\u011fu \u00f6\u011frenilen kad\u0131n\u0131n ya\u015fam\u0131n\u0131 yitirdi\u011fi belirlendi. Savc\u0131l\u0131k ve olay yeri inceleme ekiplerinin \u00e7al\u0131\u015fmas\u0131 sonras\u0131 \u00dcnal&#8217;\u0131n cans\u0131z bedeni \u00f6nce Serik Devlet Hastanesi morguna, ard\u0131ndan otopsi i\u00e7in Antalya Adli T\u0131p Kurumu morguna kald\u0131r\u0131ld\u0131. Oya \u00dc.&#8217;n\u00fcn olay yerindeki bir apartman\u0131n 2&#8217;nci kat\u0131nda ya\u015fl\u0131 annesi ile birlikte ya\u015fad\u0131\u011f\u0131, sabaha kar\u015f\u0131 el feneri ile 5 katl\u0131 apartman\u0131n \u00e7at\u0131 kat\u0131na \u00e7\u0131kt\u0131\u011f\u0131 ve buradan d\u00fc\u015ft\u00fc\u011f\u00fc \u00f6\u011frenildi. Olayla ilgili inceleme ba\u015flatan polis, Oya \u00dc&#8217;n\u00fcn intihar etmi\u015f olabilece\u011fi ihtimali \u00fczerinde de duruyor. Kaynak: www.kanalv.com.tr Haber Sitesinden Al\u0131nm\u0131\u015ft\u0131r.","og_url":"https:\/\/denizcankizil.tr\/ru\/haberler\/antalya\/53-yasindaki-kadin-sokakta-olu-bulundu\/","og_site_name":"Av. Deniz Can K\u0131z\u0131l","article_published_time":"2024-11-19T11:41:55+00:00","og_image":[{"width":1280,"height":720,"url":"https:\/\/denizcankizil.tr\/wp-content\/uploads\/2024\/11\/3153-01-uwLshk.jpeg","type":"image\/jpeg"}],"twitter_card":"summary_large_image","twitter_misc":{"\u041f\u0440\u0438\u043c\u0435\u0440\u043d\u043e\u0435 \u0432\u0440\u0435\u043c\u044f \u0434\u043b\u044f \u0447\u0442\u0435\u043d\u0438\u044f":"1 \u043c\u0438\u043d\u0443\u0442\u0430"},"schema":{"@context":"https:\/\/schema.org","@graph":[{"@type":"Article","@id":"https:\/\/denizcankizil.tr\/ru\/haberler\/antalya\/53-yasindaki-kadin-sokakta-olu-bulundu\/#article","isPartOf":{"@id":"https:\/\/denizcankizil.tr\/ru\/haberler\/antalya\/53-yasindaki-kadin-sokakta-olu-bulundu\/"},"author":{"name":"","@id":""},"headline":"53 ya\u015f\u0131ndaki kad\u0131n sokakta \u00f6l\u00fc bulundu","datePublished":"2024-11-19T11:41:55+00:00","mainEntityOfPage":{"@id":"https:\/\/denizcankizil.tr\/ru\/haberler\/antalya\/53-yasindaki-kadin-sokakta-olu-bulundu\/"},"wordCount":180,"commentCount":0,"publisher":{"@id":"https:\/\/denizcankizil.tr\/#organization"},"image":{"@id":"https:\/\/denizcankizil.tr\/ru\/haberler\/antalya\/53-yasindaki-kadin-sokakta-olu-bulundu\/#primaryimage"},"thumbnailUrl":"https:\/\/denizcankizil.tr\/wp-content\/uploads\/2024\/11\/3153-01-uwLshk.jpeg","articleSection":["Antalya","Uncategorized"],"inLanguage":"ru-RU","potentialAction":[{"@type":"CommentAction","name":"Comment","target":["https:\/\/denizcankizil.tr\/ru\/haberler\/antalya\/53-yasindaki-kadin-sokakta-olu-bulundu\/#respond"]}]},{"@type":"WebPage","@id":"https:\/\/denizcankizil.tr\/ru\/haberler\/antalya\/53-yasindaki-kadin-sokakta-olu-bulundu\/","url":"https:\/\/denizcankizil.tr\/ru\/haberler\/antalya\/53-yasindaki-kadin-sokakta-olu-bulundu\/","name":"53 ya\u015f\u0131ndaki kad\u0131n sokakta \u00f6l\u00fc bulundu - Av. Deniz Can K\u0131z\u0131l","isPartOf":{"@id":"https:\/\/denizcankizil.tr\/#website"},"primaryImageOfPage":{"@id":"https:\/\/denizcankizil.tr\/ru\/haberler\/antalya\/53-yasindaki-kadin-sokakta-olu-bulundu\/#primaryimage"},"image":{"@id":"https:\/\/denizcankizil.tr\/ru\/haberler\/antalya\/53-yasindaki-kadin-sokakta-olu-bulundu\/#primaryimage"},"thumbnailUrl":"https:\/\/denizcankizil.tr\/wp-content\/uploads\/2024\/11\/3153-01-uwLshk.jpeg","datePublished":"2024-11-19T11:41:55+00:00","breadcrumb":{"@id":"https:\/\/denizcankizil.tr\/ru\/haberler\/antalya\/53-yasindaki-kadin-sokakta-olu-bulundu\/#breadcrumb"},"inLanguage":"ru-RU","potentialAction":[{"@type":"ReadAction","target":["https:\/\/denizcankizil.tr\/ru\/haberler\/antalya\/53-yasindaki-kadin-sokakta-olu-bulundu\/"]}]},{"@type":"ImageObject","inLanguage":"ru-RU","@id":"https:\/\/denizcankizil.tr\/ru\/haberler\/antalya\/53-yasindaki-kadin-sokakta-olu-bulundu\/#primaryimage","url":"https:\/\/denizcankizil.tr\/wp-content\/uploads\/2024\/11\/3153-01-uwLshk.jpeg","contentUrl":"https:\/\/denizcankizil.tr\/wp-content\/uploads\/2024\/11\/3153-01-uwLshk.jpeg","width":1280,"height":720},{"@type":"BreadcrumbList","@id":"https:\/\/denizcankizil.tr\/ru\/haberler\/antalya\/53-yasindaki-kadin-sokakta-olu-bulundu\/#breadcrumb","itemListElement":[{"@type":"ListItem","position":1,"name":"Home","item":"https:\/\/denizcankizil.tr\/de\/"},{"@type":"ListItem","position":2,"name":"53 ya\u015f\u0131ndaki kad\u0131n sokakta \u00f6l\u00fc bulundu"}]},{"@type":"WebSite","@id":"https:\/\/denizcankizil.tr\/#website","url":"https:\/\/denizcankizil.tr\/","name":"Av. Deniz Can K\u0131z\u0131l","description":"Avukat Deniz Can K\u0131z\u0131l Antalya Barosu","publisher":{"@id":"https:\/\/denizcankizil.tr\/#organization"},"potentialAction":[{"@type":"SearchAction","target":{"@type":"EntryPoint","urlTemplate":"https:\/\/denizcankizil.tr\/?s={search_term_string}"},"query-input":{"@type":"PropertyValueSpecification","valueRequired":true,"valueName":"search_term_string"}}],"inLanguage":"ru-RU"},{"@type":"Organization","@id":"https:\/\/denizcankizil.tr\/#organization","name":"Av. Deniz Can K\u0131z\u0131l","url":"https:\/\/denizcankizil.tr\/","logo":{"@type":"ImageObject","inLanguage":"ru-RU","@id":"https:\/\/denizcankizil.tr\/#\/schema\/logo\/image\/","url":"https:\/\/denizcankizil.tr\/wp-content\/uploads\/2024\/10\/siyah-logo-svg.svg","contentUrl":"https:\/\/denizcankizil.tr\/wp-content\/uploads\/2024\/10\/siyah-logo-svg.svg","width":1080,"height":1080,"caption":"Av. Deniz Can K\u0131z\u0131l"},"image":{"@id":"https:\/\/denizcankizil.tr\/#\/schema\/logo\/image\/"}}]}},"_links":{"self":[{"href":"https:\/\/denizcankizil.tr\/ru\/wp-json\/wp\/v2\/posts\/16530","targetHints":{"allow":["GET"]}}],"collection":[{"href":"https:\/\/denizcankizil.tr\/ru\/wp-json\/wp\/v2\/posts"}],"about":[{"href":"https:\/\/denizcankizil.tr\/ru\/wp-json\/wp\/v2\/types\/post"}],"replies":[{"embeddable":true,"href":"https:\/\/denizcankizil.tr\/ru\/wp-json\/wp\/v2\/comments?post=16530"}],"version-history":[{"count":0,"href":"https:\/\/denizcankizil.tr\/ru\/wp-json\/wp\/v2\/posts\/16530\/revisions"}],"wp:featuredmedia":[{"embeddable":true,"href":"https:\/\/denizcankizil.tr\/ru\/wp-json\/wp\/v2\/media\/16531"}],"wp:attachment":[{"href":"https:\/\/denizcankizil.tr\/ru\/wp-json\/wp\/v2\/media?parent=16530"}],"wp:term":[{"taxonomy":"category","embeddable":true,"href":"https:\/\/denizcankizil.tr\/ru\/wp-json\/wp\/v2\/categories?post=16530"},{"taxonomy":"post_tag","embeddable":true,"href":"https:\/\/denizcankizil.tr\/ru\/wp-json\/wp\/v2\/tags?post=16530"}],"curies":[{"name":"wp","href":"https:\/\/api.w.org\/{rel}","templated":true}]}}