{"id":16436,"date":"2024-11-18T18:41:51","date_gmt":"2024-11-18T15:41:51","guid":{"rendered":"https:\/\/denizcankizil.tr\/uncategorized-tr\/benzine-indirim-geliyor\/"},"modified":"2024-11-18T18:41:51","modified_gmt":"2024-11-18T15:41:51","slug":"benzine-indirim-geliyor","status":"publish","type":"post","link":"https:\/\/denizcankizil.tr\/ru\/haberler\/gundem\/benzine-indirim-geliyor\/","title":{"rendered":"Benzine indirim geliyor&#8230;"},"content":{"rendered":"<p>Sekt\u00f6r kaynaklar\u0131ndan al\u0131nan bilgiye g\u00f6re akaryak\u0131t gruplar\u0131ndan benzinde gece yar\u0131s\u0131ndan itibaren ge\u00e7erli olmak \u00fczere 62 kuru\u015f indirime gidilmesi bekleniyor.\u0130STANBUL (\u0130GFA) -Akaryak\u0131t gruplar\u0131ndan benzine indirim g\u00f6z\u00fckt\u00fc.\u00a0<br \/>\nSekt\u00f6r kaynaklar\u0131ndan al\u0131nan bilgiye g\u00f6re, 18 Kas\u0131m Pazartesi&#8217;yi 19 Kas\u0131m Sal\u0131&#8217;ya ba\u011flayan gece yar\u0131s\u0131ndan itibaren ge\u00e7erli olmak \u00fczere benzinde 62 kuru\u015f indirime gidilece\u011fi bildirildi.<br \/>\n\u015eu anda akaryak\u0131t istasyonlar\u0131nda ortalama litre fiyatlar\u0131nda benzin ve motorin 43,30, LPG ise 25,40 TL&#8217;den uygulan\u0131yor.<\/p>\n<p>\u200bSekt\u00f6r kaynaklar\u0131ndan al\u0131nan bilgiye g\u00f6re akaryak\u0131t gruplar\u0131ndan benzinde gece yar\u0131s\u0131ndan itibaren ge\u00e7erli olmak \u00fczere 62 kuru\u015f indirime gidilmesi bekleniyor\u00a0<\/p>\n<p>\u200bHaberin Al\u0131nt\u0131land\u0131\u011f\u0131 Kaynak: www.iskenderun.org<\/p>","protected":false},"excerpt":{"rendered":"<p>Sekt\u00f6r kaynaklar\u0131ndan al\u0131nan bilgiye g\u00f6re akaryak\u0131t gruplar\u0131ndan benzinde gece yar\u0131s\u0131ndan itibaren ge\u00e7erli olmak \u00fczere 62 kuru\u015f indirime gidilmesi bekleniyor.\u0130STANBUL (\u0130GFA) -Akaryak\u0131t gruplar\u0131ndan benzine indirim g\u00f6z\u00fckt\u00fc.\u00a0 Sekt\u00f6r kaynaklar\u0131ndan al\u0131nan bilgiye g\u00f6re, 18 Kas\u0131m Pazartesi&#8217;yi 19 Kas\u0131m Sal\u0131&#8217;ya ba\u011flayan gece yar\u0131s\u0131ndan itibaren ge\u00e7erli olmak \u00fczere benzinde 62 kuru\u015f indirime gidilece\u011fi bildirildi. \u015eu anda akaryak\u0131t istasyonlar\u0131nda ortalama litre fiyatlar\u0131nda benzin ve motorin 43,30, LPG ise 25,40 TL&#8217;den uygulan\u0131yor. \u200bSekt\u00f6r kaynaklar\u0131ndan al\u0131nan bilgiye g\u00f6re akaryak\u0131t gruplar\u0131ndan benzinde gece yar\u0131s\u0131ndan itibaren ge\u00e7erli olmak \u00fczere 62 kuru\u015f indirime gidilmesi bekleniyor\u00a0 \u200bHaberin Al\u0131nt\u0131land\u0131\u011f\u0131 Kaynak: www.iskenderun.org<\/p>","protected":false},"author":0,"featured_media":0,"comment_status":"open","ping_status":"open","sticky":false,"template":"","format":"standard","meta":{"_acf_changed":false,"footnotes":""},"categories":[24,535],"tags":[],"class_list":["post-16436","post","type-post","status-publish","format-standard","has-post-thumbnail","hentry","category-gundem","category-uncategorized-tr"],"acf":[],"yoast_head":"<!-- This site is optimized with the Yoast SEO Premium plugin v26.6 (Yoast SEO v27.1.1) - https:\/\/yoast.com\/product\/yoast-seo-premium-wordpress\/ -->\n<title>Benzine indirim geliyor... - Av. Deniz Can K\u0131z\u0131l<\/title>\n<meta name=\"robots\" content=\"index, follow, max-snippet:-1, max-image-preview:large, max-video-preview:-1\" \/>\n<link rel=\"canonical\" href=\"https:\/\/denizcankizil.tr\/ru\/haberler\/gundem\/benzine-indirim-geliyor\/\" \/>\n<meta property=\"og:locale\" content=\"ru_RU\" \/>\n<meta property=\"og:type\" content=\"article\" \/>\n<meta property=\"og:title\" content=\"Benzine indirim geliyor...\" \/>\n<meta property=\"og:description\" content=\"Sekt\u00f6r kaynaklar\u0131ndan al\u0131nan bilgiye g\u00f6re akaryak\u0131t gruplar\u0131ndan benzinde gece yar\u0131s\u0131ndan itibaren ge\u00e7erli olmak \u00fczere 62 kuru\u015f indirime gidilmesi bekleniyor.\u0130STANBUL (\u0130GFA) -Akaryak\u0131t gruplar\u0131ndan benzine indirim g\u00f6z\u00fckt\u00fc.\u00a0 Sekt\u00f6r kaynaklar\u0131ndan al\u0131nan bilgiye g\u00f6re, 18 Kas\u0131m Pazartesi&#8217;yi 19 Kas\u0131m Sal\u0131&#8217;ya ba\u011flayan gece yar\u0131s\u0131ndan itibaren ge\u00e7erli olmak \u00fczere benzinde 62 kuru\u015f indirime gidilece\u011fi bildirildi. \u015eu anda akaryak\u0131t istasyonlar\u0131nda ortalama litre fiyatlar\u0131nda benzin ve motorin 43,30, LPG ise 25,40 TL&#8217;den uygulan\u0131yor. \u200bSekt\u00f6r kaynaklar\u0131ndan al\u0131nan bilgiye g\u00f6re akaryak\u0131t gruplar\u0131ndan benzinde gece yar\u0131s\u0131ndan itibaren ge\u00e7erli olmak \u00fczere 62 kuru\u015f indirime gidilmesi bekleniyor\u00a0 \u200bHaberin Al\u0131nt\u0131land\u0131\u011f\u0131 Kaynak: www.iskenderun.org\" \/>\n<meta property=\"og:url\" content=\"https:\/\/denizcankizil.tr\/ru\/haberler\/gundem\/benzine-indirim-geliyor\/\" \/>\n<meta property=\"og:site_name\" content=\"Av. Deniz Can K\u0131z\u0131l\" \/>\n<meta property=\"article:published_time\" content=\"2024-11-18T15:41:51+00:00\" \/>\n<meta name=\"twitter:card\" content=\"summary_large_image\" \/>\n<meta name=\"twitter:label1\" content=\"\u041f\u0440\u0438\u043c\u0435\u0440\u043d\u043e\u0435 \u0432\u0440\u0435\u043c\u044f \u0434\u043b\u044f \u0447\u0442\u0435\u043d\u0438\u044f\" \/>\n\t<meta name=\"twitter:data1\" content=\"1 \u043c\u0438\u043d\u0443\u0442\u0430\" \/>\n<script type=\"application\/ld+json\" class=\"yoast-schema-graph\">{\"@context\":\"https:\/\/schema.org\",\"@graph\":[{\"@type\":\"Article\",\"@id\":\"https:\/\/denizcankizil.tr\/ru\/haberler\/gundem\/benzine-indirim-geliyor\/#article\",\"isPartOf\":{\"@id\":\"https:\/\/denizcankizil.tr\/ru\/haberler\/gundem\/benzine-indirim-geliyor\/\"},\"author\":{\"name\":\"\",\"@id\":\"\"},\"headline\":\"Benzine indirim geliyor&#8230;\",\"datePublished\":\"2024-11-18T15:41:51+00:00\",\"mainEntityOfPage\":{\"@id\":\"https:\/\/denizcankizil.tr\/ru\/haberler\/gundem\/benzine-indirim-geliyor\/\"},\"wordCount\":129,\"commentCount\":0,\"publisher\":{\"@id\":\"https:\/\/denizcankizil.tr\/#organization\"},\"articleSection\":[\"G\u00fcndem\",\"Uncategorized\"],\"inLanguage\":\"ru-RU\",\"potentialAction\":[{\"@type\":\"CommentAction\",\"name\":\"Comment\",\"target\":[\"https:\/\/denizcankizil.tr\/ru\/haberler\/gundem\/benzine-indirim-geliyor\/#respond\"]}]},{\"@type\":\"WebPage\",\"@id\":\"https:\/\/denizcankizil.tr\/ru\/haberler\/gundem\/benzine-indirim-geliyor\/\",\"url\":\"https:\/\/denizcankizil.tr\/ru\/haberler\/gundem\/benzine-indirim-geliyor\/\",\"name\":\"Benzine indirim geliyor... - Av. Deniz Can K\u0131z\u0131l\",\"isPartOf\":{\"@id\":\"https:\/\/denizcankizil.tr\/#website\"},\"datePublished\":\"2024-11-18T15:41:51+00:00\",\"breadcrumb\":{\"@id\":\"https:\/\/denizcankizil.tr\/ru\/haberler\/gundem\/benzine-indirim-geliyor\/#breadcrumb\"},\"inLanguage\":\"ru-RU\",\"potentialAction\":[{\"@type\":\"ReadAction\",\"target\":[\"https:\/\/denizcankizil.tr\/ru\/haberler\/gundem\/benzine-indirim-geliyor\/\"]}]},{\"@type\":\"BreadcrumbList\",\"@id\":\"https:\/\/denizcankizil.tr\/ru\/haberler\/gundem\/benzine-indirim-geliyor\/#breadcrumb\",\"itemListElement\":[{\"@type\":\"ListItem\",\"position\":1,\"name\":\"Home\",\"item\":\"https:\/\/denizcankizil.tr\/de\/\"},{\"@type\":\"ListItem\",\"position\":2,\"name\":\"Benzine indirim geliyor&#8230;\"}]},{\"@type\":\"WebSite\",\"@id\":\"https:\/\/denizcankizil.tr\/#website\",\"url\":\"https:\/\/denizcankizil.tr\/\",\"name\":\"Av. Deniz Can K\u0131z\u0131l\",\"description\":\"Avukat Deniz Can K\u0131z\u0131l Antalya Barosu\",\"publisher\":{\"@id\":\"https:\/\/denizcankizil.tr\/#organization\"},\"potentialAction\":[{\"@type\":\"SearchAction\",\"target\":{\"@type\":\"EntryPoint\",\"urlTemplate\":\"https:\/\/denizcankizil.tr\/?s={search_term_string}\"},\"query-input\":{\"@type\":\"PropertyValueSpecification\",\"valueRequired\":true,\"valueName\":\"search_term_string\"}}],\"inLanguage\":\"ru-RU\"},{\"@type\":\"Organization\",\"@id\":\"https:\/\/denizcankizil.tr\/#organization\",\"name\":\"Av. Deniz Can K\u0131z\u0131l\",\"url\":\"https:\/\/denizcankizil.tr\/\",\"logo\":{\"@type\":\"ImageObject\",\"inLanguage\":\"ru-RU\",\"@id\":\"https:\/\/denizcankizil.tr\/#\/schema\/logo\/image\/\",\"url\":\"https:\/\/denizcankizil.tr\/wp-content\/uploads\/2024\/10\/siyah-logo-svg.svg\",\"contentUrl\":\"https:\/\/denizcankizil.tr\/wp-content\/uploads\/2024\/10\/siyah-logo-svg.svg\",\"width\":1080,\"height\":1080,\"caption\":\"Av. Deniz Can K\u0131z\u0131l\"},\"image\":{\"@id\":\"https:\/\/denizcankizil.tr\/#\/schema\/logo\/image\/\"}}]}<\/script>\n<!-- \/ Yoast SEO Premium plugin. -->","yoast_head_json":{"title":"Benzine indirim geliyor... - Av. Deniz Can K\u0131z\u0131l","robots":{"index":"index","follow":"follow","max-snippet":"max-snippet:-1","max-image-preview":"max-image-preview:large","max-video-preview":"max-video-preview:-1"},"canonical":"https:\/\/denizcankizil.tr\/ru\/haberler\/gundem\/benzine-indirim-geliyor\/","og_locale":"ru_RU","og_type":"article","og_title":"Benzine indirim geliyor...","og_description":"Sekt\u00f6r kaynaklar\u0131ndan al\u0131nan bilgiye g\u00f6re akaryak\u0131t gruplar\u0131ndan benzinde gece yar\u0131s\u0131ndan itibaren ge\u00e7erli olmak \u00fczere 62 kuru\u015f indirime gidilmesi bekleniyor.\u0130STANBUL (\u0130GFA) -Akaryak\u0131t gruplar\u0131ndan benzine indirim g\u00f6z\u00fckt\u00fc.\u00a0 Sekt\u00f6r kaynaklar\u0131ndan al\u0131nan bilgiye g\u00f6re, 18 Kas\u0131m Pazartesi&#8217;yi 19 Kas\u0131m Sal\u0131&#8217;ya ba\u011flayan gece yar\u0131s\u0131ndan itibaren ge\u00e7erli olmak \u00fczere benzinde 62 kuru\u015f indirime gidilece\u011fi bildirildi. \u015eu anda akaryak\u0131t istasyonlar\u0131nda ortalama litre fiyatlar\u0131nda benzin ve motorin 43,30, LPG ise 25,40 TL&#8217;den uygulan\u0131yor. \u200bSekt\u00f6r kaynaklar\u0131ndan al\u0131nan bilgiye g\u00f6re akaryak\u0131t gruplar\u0131ndan benzinde gece yar\u0131s\u0131ndan itibaren ge\u00e7erli olmak \u00fczere 62 kuru\u015f indirime gidilmesi bekleniyor\u00a0 \u200bHaberin Al\u0131nt\u0131land\u0131\u011f\u0131 Kaynak: www.iskenderun.org","og_url":"https:\/\/denizcankizil.tr\/ru\/haberler\/gundem\/benzine-indirim-geliyor\/","og_site_name":"Av. Deniz Can K\u0131z\u0131l","article_published_time":"2024-11-18T15:41:51+00:00","twitter_card":"summary_large_image","twitter_misc":{"\u041f\u0440\u0438\u043c\u0435\u0440\u043d\u043e\u0435 \u0432\u0440\u0435\u043c\u044f \u0434\u043b\u044f \u0447\u0442\u0435\u043d\u0438\u044f":"1 \u043c\u0438\u043d\u0443\u0442\u0430"},"schema":{"@context":"https:\/\/schema.org","@graph":[{"@type":"Article","@id":"https:\/\/denizcankizil.tr\/ru\/haberler\/gundem\/benzine-indirim-geliyor\/#article","isPartOf":{"@id":"https:\/\/denizcankizil.tr\/ru\/haberler\/gundem\/benzine-indirim-geliyor\/"},"author":{"name":"","@id":""},"headline":"Benzine indirim geliyor&#8230;","datePublished":"2024-11-18T15:41:51+00:00","mainEntityOfPage":{"@id":"https:\/\/denizcankizil.tr\/ru\/haberler\/gundem\/benzine-indirim-geliyor\/"},"wordCount":129,"commentCount":0,"publisher":{"@id":"https:\/\/denizcankizil.tr\/#organization"},"articleSection":["G\u00fcndem","Uncategorized"],"inLanguage":"ru-RU","potentialAction":[{"@type":"CommentAction","name":"Comment","target":["https:\/\/denizcankizil.tr\/ru\/haberler\/gundem\/benzine-indirim-geliyor\/#respond"]}]},{"@type":"WebPage","@id":"https:\/\/denizcankizil.tr\/ru\/haberler\/gundem\/benzine-indirim-geliyor\/","url":"https:\/\/denizcankizil.tr\/ru\/haberler\/gundem\/benzine-indirim-geliyor\/","name":"Benzine indirim geliyor... - Av. Deniz Can K\u0131z\u0131l","isPartOf":{"@id":"https:\/\/denizcankizil.tr\/#website"},"datePublished":"2024-11-18T15:41:51+00:00","breadcrumb":{"@id":"https:\/\/denizcankizil.tr\/ru\/haberler\/gundem\/benzine-indirim-geliyor\/#breadcrumb"},"inLanguage":"ru-RU","potentialAction":[{"@type":"ReadAction","target":["https:\/\/denizcankizil.tr\/ru\/haberler\/gundem\/benzine-indirim-geliyor\/"]}]},{"@type":"BreadcrumbList","@id":"https:\/\/denizcankizil.tr\/ru\/haberler\/gundem\/benzine-indirim-geliyor\/#breadcrumb","itemListElement":[{"@type":"ListItem","position":1,"name":"Home","item":"https:\/\/denizcankizil.tr\/de\/"},{"@type":"ListItem","position":2,"name":"Benzine indirim geliyor&#8230;"}]},{"@type":"WebSite","@id":"https:\/\/denizcankizil.tr\/#website","url":"https:\/\/denizcankizil.tr\/","name":"Av. Deniz Can K\u0131z\u0131l","description":"Avukat Deniz Can K\u0131z\u0131l Antalya Barosu","publisher":{"@id":"https:\/\/denizcankizil.tr\/#organization"},"potentialAction":[{"@type":"SearchAction","target":{"@type":"EntryPoint","urlTemplate":"https:\/\/denizcankizil.tr\/?s={search_term_string}"},"query-input":{"@type":"PropertyValueSpecification","valueRequired":true,"valueName":"search_term_string"}}],"inLanguage":"ru-RU"},{"@type":"Organization","@id":"https:\/\/denizcankizil.tr\/#organization","name":"Av. Deniz Can K\u0131z\u0131l","url":"https:\/\/denizcankizil.tr\/","logo":{"@type":"ImageObject","inLanguage":"ru-RU","@id":"https:\/\/denizcankizil.tr\/#\/schema\/logo\/image\/","url":"https:\/\/denizcankizil.tr\/wp-content\/uploads\/2024\/10\/siyah-logo-svg.svg","contentUrl":"https:\/\/denizcankizil.tr\/wp-content\/uploads\/2024\/10\/siyah-logo-svg.svg","width":1080,"height":1080,"caption":"Av. Deniz Can K\u0131z\u0131l"},"image":{"@id":"https:\/\/denizcankizil.tr\/#\/schema\/logo\/image\/"}}]}},"_links":{"self":[{"href":"https:\/\/denizcankizil.tr\/ru\/wp-json\/wp\/v2\/posts\/16436","targetHints":{"allow":["GET"]}}],"collection":[{"href":"https:\/\/denizcankizil.tr\/ru\/wp-json\/wp\/v2\/posts"}],"about":[{"href":"https:\/\/denizcankizil.tr\/ru\/wp-json\/wp\/v2\/types\/post"}],"replies":[{"embeddable":true,"href":"https:\/\/denizcankizil.tr\/ru\/wp-json\/wp\/v2\/comments?post=16436"}],"version-history":[{"count":0,"href":"https:\/\/denizcankizil.tr\/ru\/wp-json\/wp\/v2\/posts\/16436\/revisions"}],"wp:attachment":[{"href":"https:\/\/denizcankizil.tr\/ru\/wp-json\/wp\/v2\/media?parent=16436"}],"wp:term":[{"taxonomy":"category","embeddable":true,"href":"https:\/\/denizcankizil.tr\/ru\/wp-json\/wp\/v2\/categories?post=16436"},{"taxonomy":"post_tag","embeddable":true,"href":"https:\/\/denizcankizil.tr\/ru\/wp-json\/wp\/v2\/tags?post=16436"}],"curies":[{"name":"wp","href":"https:\/\/api.w.org\/{rel}","templated":true}]}}