{"id":16319,"date":"2024-11-18T11:41:13","date_gmt":"2024-11-18T08:41:13","guid":{"rendered":"https:\/\/denizcankizil.tr\/uncategorized-tr\/kekovada-arazi-satisi-tartismasi\/"},"modified":"2024-11-18T11:41:13","modified_gmt":"2024-11-18T08:41:13","slug":"kekovada-arazi-satisi-tartismasi","status":"publish","type":"post","link":"https:\/\/denizcankizil.tr\/ru\/haberler\/antalya\/kekovada-arazi-satisi-tartismasi\/","title":{"rendered":"Kekova&#8217;da arazi sat\u0131\u015f\u0131 tart\u0131\u015fmas\u0131"},"content":{"rendered":"<p>CHP y\u00f6netimindeki Demre Belediyesi taraf\u0131ndan \u00c7evreli Mahallesi&#8217;nde belediyeye ait 24 bin 834 metrekarelik arazi, tek ki\u015finin kat\u0131ld\u0131\u011f\u0131 ihale ile sat\u0131ld\u0131. 2019&#8217;da \u0130Y\u0130 Parti&#8217;den belediye ba\u015fkan\u0131 se\u00e7ilen ve milletvekili se\u00e7imlerinde istifa edip, 31 Mart se\u00e7iminde de Demokrat Parti&#8217;den aday olan Okan Kocakaya, sat\u0131\u015fla ilgili su\u00e7lamalarda bulundu. Okan Kocakaya, Demre Belediyesi&#8217;nin k\u0131rsal \u00c7evreli Mahallesi&#8217;ndeki arazinin tek ki\u015fi kat\u0131l\u0131ml\u0131 ihaleyle sat\u0131\u015f\u0131na tepki g\u00f6sterdi. Kocakaya, ihalenin iptali i\u00e7in Demre Belediye Ba\u015fkan\u0131 Fahri Duran&#8217;a \u00e7a\u011fr\u0131da bulundu.<\/p>\n<p>&#8216;KONSER OLDU\u011eUNDA YARIM SAATTE B\u0130R ANONS, K\u00d6Y TOPRA\u011eI SATILACA\u011eINDA YOK&#8217;<\/p>\n<p>Okan Kocakaya, b\u00fcy\u00fck\u015fehir yasas\u0131 \u00f6ncesinde k\u00f6y stat\u00fcs\u00fcndeki eski ad\u0131yla &#8216;T\u0131rm\u0131s\u0131n&#8217; olan \u00c7evreli Mahallesi&#8217;ndeki vatanda\u015flar\u0131n yakla\u015f\u0131k 25 d\u00f6n\u00fcml\u00fck topra\u011f\u0131n\u0131n gizli, kapakl\u0131 sat\u0131lmas\u0131n\u0131n yanl\u0131\u015f oldu\u011funu s\u00f6yledi. Kocakaya, sosyal medya hesab\u0131nda yapt\u0131\u011f\u0131 a\u00e7\u0131klamada, &#8220;Belediye y\u00f6netiminin bu yanl\u0131\u015ftan bir an \u00f6nce d\u00f6nmesi gerekti\u011fini, m\u00fclk\u00fcn ger\u00e7ek sahipleri olan k\u00f6yl\u00fclerimizle, gerekirse hukuki yollara ba\u015fvuraca\u011f\u0131m\u0131z\u0131 kamuoyu ile payla\u015f\u0131yoruz. Konser oldu\u011funda &#8216;gelin&#8217; diye yar\u0131m saatte bir anons var, k\u00f6y topra\u011f\u0131 sat\u0131laca\u011f\u0131nda anons yok. \u00d6yle mi, inan\u0131rsan. Merak ettim, ilan verdi\u011finiz gazeteyi kendiniz okudunuz mu?&#8221; dedi.<\/p>\n<p>&#8216;\u0130HALEY\u0130 \u0130PTAL ET&#8217; \u00c7A\u011eRISI<\/p>\n<p>Bu sat\u0131\u015f\u0131n mahalleliyi derinden \u00fczd\u00fc\u011f\u00fcn\u00fc s\u00f6yleyen Kocakaya, &#8220;\u00c7evreli&#8217;nin mal\u0131 olan, k\u00f6y\u00fcn topra\u011f\u0131 ve k\u00f6y t\u00fczel ki\u015fili\u011findeyken b\u00fcy\u00fck\u015fehir yasas\u0131yla Demre Belediyesi&#8217;ne aktar\u0131lan 25 d\u00f6n\u00fcml\u00fck alan\u0131n maalesef sat\u0131ld\u0131\u011f\u0131n\u0131 \u00f6\u011frenmi\u015fler. K\u00f6y t\u00fczel ki\u015fili\u011finden ge\u00e7en bir toprak, k\u00f6yl\u00fcn\u00fcn ve \u00e7ocuklar\u0131m\u0131z\u0131n gelece\u011fi i\u00e7in kullan\u0131lmas\u0131 gereken topra\u011f\u0131n sat\u0131lmas\u0131ndan dolay\u0131 b\u00fcy\u00fck bir \u00fcz\u00fcnt\u00fc i\u00e7indeler. Belediye y\u00f6netiminin bir an \u00f6nce bu yanl\u0131\u015ftan d\u00f6nmesini bekliyoruz. \u0130hale yap\u0131ld\u0131ktan sonra 15 g\u00fcn i\u00e7inde belediye ba\u015fkan\u0131 bu ihaleden vazge\u00e7ebilir. \u00d6ncelikle bu yanl\u0131\u015ftan d\u00f6nmesini hepimiz talep ediyoruz&#8221; diye seslendi.<\/p>\n<p>BA\u015eKANDAN V\u0130DEOLU YANIT<\/p>\n<p>Kocakaya&#8217;n\u0131n a\u00e7\u0131klamalar\u0131na, belediyedeki ekibiyle birlikte yan\u0131t veren Demre Belediye Ba\u015fkan\u0131 Fahri Duran, 2014&#8217;ten bu yana b\u00fct\u00fcn belediye ba\u015fkanlar\u0131n\u0131n belediyeyi arsa, daire gibi sat\u0131\u015flarla y\u00f6netti\u011fini s\u00f6yledi. Duran, 31 Mart&#8217;ta bor\u00e7lu ve sorunlu bir belediye devrald\u0131klar\u0131n\u0131, taahh\u00fct edilmi\u015f \u00f6denmemi\u015f bor\u00e7lar oldu\u011funu, bu y\u00fczden gayrimenkul satma ihtiyac\u0131 duyduklar\u0131n\u0131 anlatt\u0131. Demre Belediyesi&#8217;ne 2B&#8217;den intikal eden 2021 ve 2022&#8217;de taksitleri yatmam\u0131\u015f, \u00c7evreli k\u00f6y\u00fcndeki 24 bin 834 metrekare olan bir parseli k\u00f6y muhtar\u0131yla payla\u015farak, satmaya karar verdiklerini belirten Duran, \u015funlar\u0131 kaydetti: &#8220;Sat\u0131\u015ftan \u00f6nce k\u00f6y muhtar\u0131na gittik, Demre&#8217;nin ekonomik s\u0131k\u0131nt\u0131s\u0131 var, biz bu s\u0131k\u0131nt\u0131dan Demre&#8217;yi zarars\u0131z ge\u00e7irmek i\u00e7in k\u00f6ye 4 kilometre uzakl\u0131kta, arazi yap\u0131s\u0131 ta\u015fl\u0131k, da\u011fl\u0131k, kayal\u0131k i\u00e7inde k\u00f6yle ilgili herhangi bir ihtiyac\u0131 olunmayan bir b\u00f6lgeyi satmaya karar verdik. Ve muhtarla yapt\u0131\u011f\u0131m\u0131z g\u00f6r\u00fc\u015fme sonucunda k\u00f6ye \u00e7ok ama\u00e7l\u0131 bir salon yapma s\u00f6z\u00fc verdik. Resmi Gazete&#8217;de gerekli ilan\u0131 yapt\u0131k. Kaymakaml\u0131k ilan panosunda gerekli ilan\u0131 yapt\u0131k, ulusal gazetede gerekli ilan\u0131 yapt\u0131k, belediye ilan panosunda yerel ve ulusal gazetelerde gerekli ilan\u0131 yapt\u0131k. Adrese teslim bir ihale ne Demre Belediyesi&#8217;ne yak\u0131\u015f\u0131r ne ekibimize yak\u0131\u015f\u0131r. Demre&#8217;de tamam\u0131 kendini kan\u0131tlam\u0131\u015f, \u00fczerinde hi\u00e7bir \u015faibe olmayan tertemiz meclis \u00fcyeleriyle \u00e7al\u0131\u015fan tertemiz bir ekibiz. T\u00fcy\u00fc bitmemi\u015f yetim hakk\u0131na tenezz\u00fcl edecek kadar ki\u015filiksiz, karaktersiz, birine ihale ka\u00e7\u0131racak kadar da \u015fahsiyetsiz de\u011filiz.&#8221;<\/p>\n<p>\u0130HALE KAYIT ALTINDA<\/p>\n<p>Su\u00e7lamalar\u0131n as\u0131ls\u0131z oldu\u011funu dile getiren Fahri Duran, &#8220;\u0130haleyi, tek ki\u015fi girmesi nedeniyle kamera kay\u0131tlar\u0131 alt\u0131na ald\u0131k. \u0130haleye giren arkada\u015f ihale bedeli 27 milyon 500 bin TL iken, 30 milyon 500 bin vermi\u015fti. \u0130l\u00e7enin i\u00e7inde bulundu\u011fu durumdan dolay\u0131 rica ettik, 32 milyona yerimizi satt\u0131k. K\u00f6y\u00fcn ayn\u0131 b\u00f6lgesinin 2 kilometre alt\u0131nda bir \u015fah\u0131s, 4 bin 650 kilometre yeri de 5 milyona satm\u0131\u015ft\u0131r. K\u0131sacas\u0131, burada de\u011ferinin alt\u0131nda sat\u0131lan bir arazi yokken, ihale prosed\u00fcrleri tamamen yerine getirilmi\u015fken, kay\u0131t ve kamera alt\u0131na al\u0131nm\u0131\u015f bir ihale varken, sadece siyasi bir h\u0131rs ad\u0131na itibar edilmez a\u00e7\u0131klama yap\u0131lmas\u0131ndan dolay\u0131 bu a\u00e7\u0131klamay\u0131 yapma gere\u011fi duyduk. Hesab\u0131 temiz olan\u0131n muhasebeden korkusu olmaz&#8221; dedi.<\/p>\n<p>&#8216;ALGI YAPARAK BU SATI\u015eI NORMALLE\u015eT\u0130REMEYECEKLER&#8217;<\/p>\n<p>Demre Belediye Ba\u015fkan\u0131 Fahri Duran&#8217;\u0131n a\u00e7\u0131klamalar\u0131 sonras\u0131 Okan Kocakaya, bu kez yeni iddialarda bulundu. K\u00f6y\u00fcn topra\u011f\u0131 sat\u0131l\u0131rken anons yap\u0131lmamas\u0131n\u0131 ele\u015ftiren Kocakaya, &#8220;A\u00e7\u0131klamalar\u0131nda sat\u0131\u015f i\u015flemine dair bir\u00e7ok yan\u0131lt\u0131c\u0131 bilgi vermi\u015fler ve her \u015feyi normal g\u00f6stermeye \u00e7al\u0131\u015fm\u0131\u015flar. Alg\u0131 yaparak bu sat\u0131\u015f\u0131 normalle\u015ftiremeyecekler, milleti ve k\u00f6yl\u00fcm\u00fcz\u00fc yan\u0131ltamayacaklar. Sat\u0131lan araziyi, ta\u015fl\u0131k, \u00e7al\u0131l\u0131k, k\u00f6y meydan\u0131na 4 kilometre uzakl\u0131kta gibi bilgilerle de\u011fersiz hale getirmeye \u00e7al\u0131\u015fm\u0131\u015flar. Hi\u00e7 de \u00f6yle de\u011fil, gayet d\u00fczg\u00fcn yolu var, 600 metre, hatta d\u00fcnyaca \u00fcnl\u00fc Kekova&#8217;y\u0131 da izleme f\u0131rsat\u0131 var. \u015eu kadar\u0131n\u0131 s\u00f6ylemek laz\u0131m, muhammen bedelle ilgili g\u00f6z g\u00f6re g\u00f6re yalan s\u00f6yleniyor, arazinin muhammen bedeli 27 milyon 500 bin TL de\u011fil, 29 milyon 890 bin TL. Tek kat\u0131l\u0131mc\u0131n\u0131n oldu\u011fu, hi\u00e7bir rekabet ko\u015fulunun ger\u00e7ekle\u015fmedi\u011fi bu ihaleyi me\u015fru hale getiremezsiniz. Ekim ay\u0131 meclis oturumu tutanaklar\u0131n\u0131 okudu\u011fumda bu sat\u0131\u015f\u0131n sadece \u00c7evreli&#8217;de oldu\u011funu san\u0131yordum ama ba\u015fka bir tehlike ortaya \u00e7\u0131kt\u0131. Bu sat\u0131\u015flar\u0131n devam edece\u011fini g\u00f6rd\u00fcm. S\u0131ras\u0131yla Beymelek, Kapakl\u0131, Davazlar ve K\u00f6\u015fkerler mahallelerinde k\u00f6y arazilerinin de sat\u0131lmas\u0131 noktas\u0131nda karar al\u0131nd\u0131\u011f\u0131n\u0131 g\u00f6rd\u00fcm. Buradan bir kere daha uyar\u0131da bulunay\u0131m. Mahallelimizi, k\u00f6yl\u00fcm\u00fcz\u00fc, muhtar\u0131m\u0131z\u0131, meclis \u00fcyemizi ve duyarl\u0131 Demre halk\u0131m\u0131z\u0131 \u015fimdiden k\u00f6y mallar\u0131na sahip \u00e7\u0131kmaya davet ediyorum&#8221; dedi.<\/p>\n<p>Kaynak: www.kanalv.com.tr Haber Sitesinden Al\u0131nm\u0131\u015ft\u0131r.<\/p>","protected":false},"excerpt":{"rendered":"<p>CHP y\u00f6netimindeki Demre Belediyesi taraf\u0131ndan \u00c7evreli Mahallesi&#8217;nde belediyeye ait 24 bin 834 metrekarelik arazi, tek ki\u015finin kat\u0131ld\u0131\u011f\u0131 ihale ile sat\u0131ld\u0131. 2019&#8217;da \u0130Y\u0130 Parti&#8217;den belediye ba\u015fkan\u0131 se\u00e7ilen ve milletvekili se\u00e7imlerinde istifa edip, 31 Mart se\u00e7iminde de Demokrat Parti&#8217;den aday olan Okan Kocakaya, sat\u0131\u015fla ilgili su\u00e7lamalarda bulundu. Okan Kocakaya, Demre Belediyesi&#8217;nin k\u0131rsal \u00c7evreli Mahallesi&#8217;ndeki arazinin tek ki\u015fi kat\u0131l\u0131ml\u0131 ihaleyle sat\u0131\u015f\u0131na tepki g\u00f6sterdi. Kocakaya, ihalenin iptali i\u00e7in Demre Belediye Ba\u015fkan\u0131 Fahri Duran&#8217;a \u00e7a\u011fr\u0131da bulundu. &#8216;KONSER OLDU\u011eUNDA YARIM SAATTE B\u0130R ANONS, K\u00d6Y TOPRA\u011eI SATILACA\u011eINDA YOK&#8217; Okan Kocakaya, b\u00fcy\u00fck\u015fehir yasas\u0131 \u00f6ncesinde k\u00f6y stat\u00fcs\u00fcndeki eski ad\u0131yla &#8216;T\u0131rm\u0131s\u0131n&#8217; olan \u00c7evreli Mahallesi&#8217;ndeki vatanda\u015flar\u0131n yakla\u015f\u0131k 25 d\u00f6n\u00fcml\u00fck topra\u011f\u0131n\u0131n gizli, kapakl\u0131 sat\u0131lmas\u0131n\u0131n yanl\u0131\u015f oldu\u011funu s\u00f6yledi. Kocakaya, sosyal medya hesab\u0131nda yapt\u0131\u011f\u0131 a\u00e7\u0131klamada, &#8220;Belediye y\u00f6netiminin bu yanl\u0131\u015ftan bir an \u00f6nce d\u00f6nmesi gerekti\u011fini, m\u00fclk\u00fcn ger\u00e7ek sahipleri olan k\u00f6yl\u00fclerimizle, gerekirse hukuki yollara ba\u015fvuraca\u011f\u0131m\u0131z\u0131 kamuoyu ile payla\u015f\u0131yoruz. Konser oldu\u011funda &#8216;gelin&#8217; diye yar\u0131m saatte bir anons var, k\u00f6y topra\u011f\u0131 sat\u0131laca\u011f\u0131nda anons yok. \u00d6yle mi, inan\u0131rsan. Merak ettim, ilan verdi\u011finiz gazeteyi kendiniz okudunuz mu?&#8221; dedi. &#8216;\u0130HALEY\u0130 \u0130PTAL ET&#8217; \u00c7A\u011eRISI Bu sat\u0131\u015f\u0131n mahalleliyi derinden \u00fczd\u00fc\u011f\u00fcn\u00fc s\u00f6yleyen Kocakaya, &#8220;\u00c7evreli&#8217;nin mal\u0131 olan, k\u00f6y\u00fcn topra\u011f\u0131 ve k\u00f6y t\u00fczel ki\u015fili\u011findeyken b\u00fcy\u00fck\u015fehir yasas\u0131yla Demre Belediyesi&#8217;ne aktar\u0131lan 25 d\u00f6n\u00fcml\u00fck alan\u0131n maalesef sat\u0131ld\u0131\u011f\u0131n\u0131 \u00f6\u011frenmi\u015fler. K\u00f6y t\u00fczel ki\u015fili\u011finden ge\u00e7en bir toprak, k\u00f6yl\u00fcn\u00fcn ve \u00e7ocuklar\u0131m\u0131z\u0131n gelece\u011fi i\u00e7in &hellip;<\/p>","protected":false},"author":0,"featured_media":16320,"comment_status":"open","ping_status":"open","sticky":false,"template":"","format":"standard","meta":{"_acf_changed":false,"footnotes":""},"categories":[26,535],"tags":[],"class_list":["post-16319","post","type-post","status-publish","format-standard","has-post-thumbnail","hentry","category-antalya","category-uncategorized-tr"],"acf":[],"yoast_head":"<!-- This site is optimized with the Yoast SEO Premium plugin v26.6 (Yoast SEO v27.1.1) - https:\/\/yoast.com\/product\/yoast-seo-premium-wordpress\/ -->\n<title>Kekova&#039;da arazi sat\u0131\u015f\u0131 tart\u0131\u015fmas\u0131 - Av. Deniz Can K\u0131z\u0131l<\/title>\n<meta name=\"robots\" content=\"index, follow, max-snippet:-1, max-image-preview:large, max-video-preview:-1\" \/>\n<link rel=\"canonical\" href=\"https:\/\/denizcankizil.tr\/ru\/haberler\/antalya\/kekovada-arazi-satisi-tartismasi\/\" \/>\n<meta property=\"og:locale\" content=\"ru_RU\" \/>\n<meta property=\"og:type\" content=\"article\" \/>\n<meta property=\"og:title\" content=\"Kekova&#039;da arazi sat\u0131\u015f\u0131 tart\u0131\u015fmas\u0131\" \/>\n<meta property=\"og:description\" content=\"CHP y\u00f6netimindeki Demre Belediyesi taraf\u0131ndan \u00c7evreli Mahallesi&#8217;nde belediyeye ait 24 bin 834 metrekarelik arazi, tek ki\u015finin kat\u0131ld\u0131\u011f\u0131 ihale ile sat\u0131ld\u0131. 2019&#8217;da \u0130Y\u0130 Parti&#8217;den belediye ba\u015fkan\u0131 se\u00e7ilen ve milletvekili se\u00e7imlerinde istifa edip, 31 Mart se\u00e7iminde de Demokrat Parti&#8217;den aday olan Okan Kocakaya, sat\u0131\u015fla ilgili su\u00e7lamalarda bulundu. Okan Kocakaya, Demre Belediyesi&#8217;nin k\u0131rsal \u00c7evreli Mahallesi&#8217;ndeki arazinin tek ki\u015fi kat\u0131l\u0131ml\u0131 ihaleyle sat\u0131\u015f\u0131na tepki g\u00f6sterdi. Kocakaya, ihalenin iptali i\u00e7in Demre Belediye Ba\u015fkan\u0131 Fahri Duran&#8217;a \u00e7a\u011fr\u0131da bulundu. &#8216;KONSER OLDU\u011eUNDA YARIM SAATTE B\u0130R ANONS, K\u00d6Y TOPRA\u011eI SATILACA\u011eINDA YOK&#8217; Okan Kocakaya, b\u00fcy\u00fck\u015fehir yasas\u0131 \u00f6ncesinde k\u00f6y stat\u00fcs\u00fcndeki eski ad\u0131yla &#8216;T\u0131rm\u0131s\u0131n&#8217; olan \u00c7evreli Mahallesi&#8217;ndeki vatanda\u015flar\u0131n yakla\u015f\u0131k 25 d\u00f6n\u00fcml\u00fck topra\u011f\u0131n\u0131n gizli, kapakl\u0131 sat\u0131lmas\u0131n\u0131n yanl\u0131\u015f oldu\u011funu s\u00f6yledi. Kocakaya, sosyal medya hesab\u0131nda yapt\u0131\u011f\u0131 a\u00e7\u0131klamada, &#8220;Belediye y\u00f6netiminin bu yanl\u0131\u015ftan bir an \u00f6nce d\u00f6nmesi gerekti\u011fini, m\u00fclk\u00fcn ger\u00e7ek sahipleri olan k\u00f6yl\u00fclerimizle, gerekirse hukuki yollara ba\u015fvuraca\u011f\u0131m\u0131z\u0131 kamuoyu ile payla\u015f\u0131yoruz. Konser oldu\u011funda &#8216;gelin&#8217; diye yar\u0131m saatte bir anons var, k\u00f6y topra\u011f\u0131 sat\u0131laca\u011f\u0131nda anons yok. \u00d6yle mi, inan\u0131rsan. Merak ettim, ilan verdi\u011finiz gazeteyi kendiniz okudunuz mu?&#8221; dedi. &#8216;\u0130HALEY\u0130 \u0130PTAL ET&#8217; \u00c7A\u011eRISI Bu sat\u0131\u015f\u0131n mahalleliyi derinden \u00fczd\u00fc\u011f\u00fcn\u00fc s\u00f6yleyen Kocakaya, &#8220;\u00c7evreli&#8217;nin mal\u0131 olan, k\u00f6y\u00fcn topra\u011f\u0131 ve k\u00f6y t\u00fczel ki\u015fili\u011findeyken b\u00fcy\u00fck\u015fehir yasas\u0131yla Demre Belediyesi&#8217;ne aktar\u0131lan 25 d\u00f6n\u00fcml\u00fck alan\u0131n maalesef sat\u0131ld\u0131\u011f\u0131n\u0131 \u00f6\u011frenmi\u015fler. K\u00f6y t\u00fczel ki\u015fili\u011finden ge\u00e7en bir toprak, k\u00f6yl\u00fcn\u00fcn ve \u00e7ocuklar\u0131m\u0131z\u0131n gelece\u011fi i\u00e7in &hellip;\" \/>\n<meta property=\"og:url\" content=\"https:\/\/denizcankizil.tr\/ru\/haberler\/antalya\/kekovada-arazi-satisi-tartismasi\/\" \/>\n<meta property=\"og:site_name\" content=\"Av. Deniz Can K\u0131z\u0131l\" \/>\n<meta property=\"article:published_time\" content=\"2024-11-18T08:41:13+00:00\" \/>\n<meta property=\"og:image\" content=\"https:\/\/denizcankizil.tr\/wp-content\/uploads\/2024\/11\/3127-01-qCoBFN.jpeg\" \/>\n\t<meta property=\"og:image:width\" content=\"1280\" \/>\n\t<meta property=\"og:image:height\" content=\"720\" \/>\n\t<meta property=\"og:image:type\" content=\"image\/jpeg\" \/>\n<meta name=\"twitter:card\" content=\"summary_large_image\" \/>\n<meta name=\"twitter:label1\" content=\"\u041f\u0440\u0438\u043c\u0435\u0440\u043d\u043e\u0435 \u0432\u0440\u0435\u043c\u044f \u0434\u043b\u044f \u0447\u0442\u0435\u043d\u0438\u044f\" \/>\n\t<meta name=\"twitter:data1\" content=\"5 \u043c\u0438\u043d\u0443\u0442\" \/>\n<script type=\"application\/ld+json\" class=\"yoast-schema-graph\">{\"@context\":\"https:\/\/schema.org\",\"@graph\":[{\"@type\":\"Article\",\"@id\":\"https:\/\/denizcankizil.tr\/ru\/haberler\/antalya\/kekovada-arazi-satisi-tartismasi\/#article\",\"isPartOf\":{\"@id\":\"https:\/\/denizcankizil.tr\/ru\/haberler\/antalya\/kekovada-arazi-satisi-tartismasi\/\"},\"author\":{\"name\":\"\",\"@id\":\"\"},\"headline\":\"Kekova&#8217;da arazi sat\u0131\u015f\u0131 tart\u0131\u015fmas\u0131\",\"datePublished\":\"2024-11-18T08:41:13+00:00\",\"mainEntityOfPage\":{\"@id\":\"https:\/\/denizcankizil.tr\/ru\/haberler\/antalya\/kekovada-arazi-satisi-tartismasi\/\"},\"wordCount\":1065,\"commentCount\":0,\"publisher\":{\"@id\":\"https:\/\/denizcankizil.tr\/#organization\"},\"image\":{\"@id\":\"https:\/\/denizcankizil.tr\/ru\/haberler\/antalya\/kekovada-arazi-satisi-tartismasi\/#primaryimage\"},\"thumbnailUrl\":\"https:\/\/denizcankizil.tr\/wp-content\/uploads\/2024\/11\/3127-01-qCoBFN.jpeg\",\"articleSection\":[\"Antalya\",\"Uncategorized\"],\"inLanguage\":\"ru-RU\",\"potentialAction\":[{\"@type\":\"CommentAction\",\"name\":\"Comment\",\"target\":[\"https:\/\/denizcankizil.tr\/ru\/haberler\/antalya\/kekovada-arazi-satisi-tartismasi\/#respond\"]}]},{\"@type\":\"WebPage\",\"@id\":\"https:\/\/denizcankizil.tr\/ru\/haberler\/antalya\/kekovada-arazi-satisi-tartismasi\/\",\"url\":\"https:\/\/denizcankizil.tr\/ru\/haberler\/antalya\/kekovada-arazi-satisi-tartismasi\/\",\"name\":\"Kekova'da arazi sat\u0131\u015f\u0131 tart\u0131\u015fmas\u0131 - Av. Deniz Can K\u0131z\u0131l\",\"isPartOf\":{\"@id\":\"https:\/\/denizcankizil.tr\/#website\"},\"primaryImageOfPage\":{\"@id\":\"https:\/\/denizcankizil.tr\/ru\/haberler\/antalya\/kekovada-arazi-satisi-tartismasi\/#primaryimage\"},\"image\":{\"@id\":\"https:\/\/denizcankizil.tr\/ru\/haberler\/antalya\/kekovada-arazi-satisi-tartismasi\/#primaryimage\"},\"thumbnailUrl\":\"https:\/\/denizcankizil.tr\/wp-content\/uploads\/2024\/11\/3127-01-qCoBFN.jpeg\",\"datePublished\":\"2024-11-18T08:41:13+00:00\",\"breadcrumb\":{\"@id\":\"https:\/\/denizcankizil.tr\/ru\/haberler\/antalya\/kekovada-arazi-satisi-tartismasi\/#breadcrumb\"},\"inLanguage\":\"ru-RU\",\"potentialAction\":[{\"@type\":\"ReadAction\",\"target\":[\"https:\/\/denizcankizil.tr\/ru\/haberler\/antalya\/kekovada-arazi-satisi-tartismasi\/\"]}]},{\"@type\":\"ImageObject\",\"inLanguage\":\"ru-RU\",\"@id\":\"https:\/\/denizcankizil.tr\/ru\/haberler\/antalya\/kekovada-arazi-satisi-tartismasi\/#primaryimage\",\"url\":\"https:\/\/denizcankizil.tr\/wp-content\/uploads\/2024\/11\/3127-01-qCoBFN.jpeg\",\"contentUrl\":\"https:\/\/denizcankizil.tr\/wp-content\/uploads\/2024\/11\/3127-01-qCoBFN.jpeg\",\"width\":1280,\"height\":720},{\"@type\":\"BreadcrumbList\",\"@id\":\"https:\/\/denizcankizil.tr\/ru\/haberler\/antalya\/kekovada-arazi-satisi-tartismasi\/#breadcrumb\",\"itemListElement\":[{\"@type\":\"ListItem\",\"position\":1,\"name\":\"Home\",\"item\":\"https:\/\/denizcankizil.tr\/uk\/\"},{\"@type\":\"ListItem\",\"position\":2,\"name\":\"Kekova&#8217;da arazi sat\u0131\u015f\u0131 tart\u0131\u015fmas\u0131\"}]},{\"@type\":\"WebSite\",\"@id\":\"https:\/\/denizcankizil.tr\/#website\",\"url\":\"https:\/\/denizcankizil.tr\/\",\"name\":\"Av. Deniz Can K\u0131z\u0131l\",\"description\":\"Avukat Deniz Can K\u0131z\u0131l Antalya Barosu\",\"publisher\":{\"@id\":\"https:\/\/denizcankizil.tr\/#organization\"},\"potentialAction\":[{\"@type\":\"SearchAction\",\"target\":{\"@type\":\"EntryPoint\",\"urlTemplate\":\"https:\/\/denizcankizil.tr\/?s={search_term_string}\"},\"query-input\":{\"@type\":\"PropertyValueSpecification\",\"valueRequired\":true,\"valueName\":\"search_term_string\"}}],\"inLanguage\":\"ru-RU\"},{\"@type\":\"Organization\",\"@id\":\"https:\/\/denizcankizil.tr\/#organization\",\"name\":\"Av. Deniz Can K\u0131z\u0131l\",\"url\":\"https:\/\/denizcankizil.tr\/\",\"logo\":{\"@type\":\"ImageObject\",\"inLanguage\":\"ru-RU\",\"@id\":\"https:\/\/denizcankizil.tr\/#\/schema\/logo\/image\/\",\"url\":\"https:\/\/denizcankizil.tr\/wp-content\/uploads\/2024\/10\/siyah-logo-svg.svg\",\"contentUrl\":\"https:\/\/denizcankizil.tr\/wp-content\/uploads\/2024\/10\/siyah-logo-svg.svg\",\"width\":1080,\"height\":1080,\"caption\":\"Av. Deniz Can K\u0131z\u0131l\"},\"image\":{\"@id\":\"https:\/\/denizcankizil.tr\/#\/schema\/logo\/image\/\"}}]}<\/script>\n<!-- \/ Yoast SEO Premium plugin. -->","yoast_head_json":{"title":"Kekova'da arazi sat\u0131\u015f\u0131 tart\u0131\u015fmas\u0131 - Av. Deniz Can K\u0131z\u0131l","robots":{"index":"index","follow":"follow","max-snippet":"max-snippet:-1","max-image-preview":"max-image-preview:large","max-video-preview":"max-video-preview:-1"},"canonical":"https:\/\/denizcankizil.tr\/ru\/haberler\/antalya\/kekovada-arazi-satisi-tartismasi\/","og_locale":"ru_RU","og_type":"article","og_title":"Kekova'da arazi sat\u0131\u015f\u0131 tart\u0131\u015fmas\u0131","og_description":"CHP y\u00f6netimindeki Demre Belediyesi taraf\u0131ndan \u00c7evreli Mahallesi&#8217;nde belediyeye ait 24 bin 834 metrekarelik arazi, tek ki\u015finin kat\u0131ld\u0131\u011f\u0131 ihale ile sat\u0131ld\u0131. 2019&#8217;da \u0130Y\u0130 Parti&#8217;den belediye ba\u015fkan\u0131 se\u00e7ilen ve milletvekili se\u00e7imlerinde istifa edip, 31 Mart se\u00e7iminde de Demokrat Parti&#8217;den aday olan Okan Kocakaya, sat\u0131\u015fla ilgili su\u00e7lamalarda bulundu. Okan Kocakaya, Demre Belediyesi&#8217;nin k\u0131rsal \u00c7evreli Mahallesi&#8217;ndeki arazinin tek ki\u015fi kat\u0131l\u0131ml\u0131 ihaleyle sat\u0131\u015f\u0131na tepki g\u00f6sterdi. Kocakaya, ihalenin iptali i\u00e7in Demre Belediye Ba\u015fkan\u0131 Fahri Duran&#8217;a \u00e7a\u011fr\u0131da bulundu. &#8216;KONSER OLDU\u011eUNDA YARIM SAATTE B\u0130R ANONS, K\u00d6Y TOPRA\u011eI SATILACA\u011eINDA YOK&#8217; Okan Kocakaya, b\u00fcy\u00fck\u015fehir yasas\u0131 \u00f6ncesinde k\u00f6y stat\u00fcs\u00fcndeki eski ad\u0131yla &#8216;T\u0131rm\u0131s\u0131n&#8217; olan \u00c7evreli Mahallesi&#8217;ndeki vatanda\u015flar\u0131n yakla\u015f\u0131k 25 d\u00f6n\u00fcml\u00fck topra\u011f\u0131n\u0131n gizli, kapakl\u0131 sat\u0131lmas\u0131n\u0131n yanl\u0131\u015f oldu\u011funu s\u00f6yledi. Kocakaya, sosyal medya hesab\u0131nda yapt\u0131\u011f\u0131 a\u00e7\u0131klamada, &#8220;Belediye y\u00f6netiminin bu yanl\u0131\u015ftan bir an \u00f6nce d\u00f6nmesi gerekti\u011fini, m\u00fclk\u00fcn ger\u00e7ek sahipleri olan k\u00f6yl\u00fclerimizle, gerekirse hukuki yollara ba\u015fvuraca\u011f\u0131m\u0131z\u0131 kamuoyu ile payla\u015f\u0131yoruz. Konser oldu\u011funda &#8216;gelin&#8217; diye yar\u0131m saatte bir anons var, k\u00f6y topra\u011f\u0131 sat\u0131laca\u011f\u0131nda anons yok. \u00d6yle mi, inan\u0131rsan. Merak ettim, ilan verdi\u011finiz gazeteyi kendiniz okudunuz mu?&#8221; dedi. &#8216;\u0130HALEY\u0130 \u0130PTAL ET&#8217; \u00c7A\u011eRISI Bu sat\u0131\u015f\u0131n mahalleliyi derinden \u00fczd\u00fc\u011f\u00fcn\u00fc s\u00f6yleyen Kocakaya, &#8220;\u00c7evreli&#8217;nin mal\u0131 olan, k\u00f6y\u00fcn topra\u011f\u0131 ve k\u00f6y t\u00fczel ki\u015fili\u011findeyken b\u00fcy\u00fck\u015fehir yasas\u0131yla Demre Belediyesi&#8217;ne aktar\u0131lan 25 d\u00f6n\u00fcml\u00fck alan\u0131n maalesef sat\u0131ld\u0131\u011f\u0131n\u0131 \u00f6\u011frenmi\u015fler. K\u00f6y t\u00fczel ki\u015fili\u011finden ge\u00e7en bir toprak, k\u00f6yl\u00fcn\u00fcn ve \u00e7ocuklar\u0131m\u0131z\u0131n gelece\u011fi i\u00e7in &hellip;","og_url":"https:\/\/denizcankizil.tr\/ru\/haberler\/antalya\/kekovada-arazi-satisi-tartismasi\/","og_site_name":"Av. Deniz Can K\u0131z\u0131l","article_published_time":"2024-11-18T08:41:13+00:00","og_image":[{"width":1280,"height":720,"url":"https:\/\/denizcankizil.tr\/wp-content\/uploads\/2024\/11\/3127-01-qCoBFN.jpeg","type":"image\/jpeg"}],"twitter_card":"summary_large_image","twitter_misc":{"\u041f\u0440\u0438\u043c\u0435\u0440\u043d\u043e\u0435 \u0432\u0440\u0435\u043c\u044f \u0434\u043b\u044f \u0447\u0442\u0435\u043d\u0438\u044f":"5 \u043c\u0438\u043d\u0443\u0442"},"schema":{"@context":"https:\/\/schema.org","@graph":[{"@type":"Article","@id":"https:\/\/denizcankizil.tr\/ru\/haberler\/antalya\/kekovada-arazi-satisi-tartismasi\/#article","isPartOf":{"@id":"https:\/\/denizcankizil.tr\/ru\/haberler\/antalya\/kekovada-arazi-satisi-tartismasi\/"},"author":{"name":"","@id":""},"headline":"Kekova&#8217;da arazi sat\u0131\u015f\u0131 tart\u0131\u015fmas\u0131","datePublished":"2024-11-18T08:41:13+00:00","mainEntityOfPage":{"@id":"https:\/\/denizcankizil.tr\/ru\/haberler\/antalya\/kekovada-arazi-satisi-tartismasi\/"},"wordCount":1065,"commentCount":0,"publisher":{"@id":"https:\/\/denizcankizil.tr\/#organization"},"image":{"@id":"https:\/\/denizcankizil.tr\/ru\/haberler\/antalya\/kekovada-arazi-satisi-tartismasi\/#primaryimage"},"thumbnailUrl":"https:\/\/denizcankizil.tr\/wp-content\/uploads\/2024\/11\/3127-01-qCoBFN.jpeg","articleSection":["Antalya","Uncategorized"],"inLanguage":"ru-RU","potentialAction":[{"@type":"CommentAction","name":"Comment","target":["https:\/\/denizcankizil.tr\/ru\/haberler\/antalya\/kekovada-arazi-satisi-tartismasi\/#respond"]}]},{"@type":"WebPage","@id":"https:\/\/denizcankizil.tr\/ru\/haberler\/antalya\/kekovada-arazi-satisi-tartismasi\/","url":"https:\/\/denizcankizil.tr\/ru\/haberler\/antalya\/kekovada-arazi-satisi-tartismasi\/","name":"Kekova'da arazi sat\u0131\u015f\u0131 tart\u0131\u015fmas\u0131 - Av. Deniz Can K\u0131z\u0131l","isPartOf":{"@id":"https:\/\/denizcankizil.tr\/#website"},"primaryImageOfPage":{"@id":"https:\/\/denizcankizil.tr\/ru\/haberler\/antalya\/kekovada-arazi-satisi-tartismasi\/#primaryimage"},"image":{"@id":"https:\/\/denizcankizil.tr\/ru\/haberler\/antalya\/kekovada-arazi-satisi-tartismasi\/#primaryimage"},"thumbnailUrl":"https:\/\/denizcankizil.tr\/wp-content\/uploads\/2024\/11\/3127-01-qCoBFN.jpeg","datePublished":"2024-11-18T08:41:13+00:00","breadcrumb":{"@id":"https:\/\/denizcankizil.tr\/ru\/haberler\/antalya\/kekovada-arazi-satisi-tartismasi\/#breadcrumb"},"inLanguage":"ru-RU","potentialAction":[{"@type":"ReadAction","target":["https:\/\/denizcankizil.tr\/ru\/haberler\/antalya\/kekovada-arazi-satisi-tartismasi\/"]}]},{"@type":"ImageObject","inLanguage":"ru-RU","@id":"https:\/\/denizcankizil.tr\/ru\/haberler\/antalya\/kekovada-arazi-satisi-tartismasi\/#primaryimage","url":"https:\/\/denizcankizil.tr\/wp-content\/uploads\/2024\/11\/3127-01-qCoBFN.jpeg","contentUrl":"https:\/\/denizcankizil.tr\/wp-content\/uploads\/2024\/11\/3127-01-qCoBFN.jpeg","width":1280,"height":720},{"@type":"BreadcrumbList","@id":"https:\/\/denizcankizil.tr\/ru\/haberler\/antalya\/kekovada-arazi-satisi-tartismasi\/#breadcrumb","itemListElement":[{"@type":"ListItem","position":1,"name":"Home","item":"https:\/\/denizcankizil.tr\/uk\/"},{"@type":"ListItem","position":2,"name":"Kekova&#8217;da arazi sat\u0131\u015f\u0131 tart\u0131\u015fmas\u0131"}]},{"@type":"WebSite","@id":"https:\/\/denizcankizil.tr\/#website","url":"https:\/\/denizcankizil.tr\/","name":"Av. Deniz Can K\u0131z\u0131l","description":"Avukat Deniz Can K\u0131z\u0131l Antalya Barosu","publisher":{"@id":"https:\/\/denizcankizil.tr\/#organization"},"potentialAction":[{"@type":"SearchAction","target":{"@type":"EntryPoint","urlTemplate":"https:\/\/denizcankizil.tr\/?s={search_term_string}"},"query-input":{"@type":"PropertyValueSpecification","valueRequired":true,"valueName":"search_term_string"}}],"inLanguage":"ru-RU"},{"@type":"Organization","@id":"https:\/\/denizcankizil.tr\/#organization","name":"Av. Deniz Can K\u0131z\u0131l","url":"https:\/\/denizcankizil.tr\/","logo":{"@type":"ImageObject","inLanguage":"ru-RU","@id":"https:\/\/denizcankizil.tr\/#\/schema\/logo\/image\/","url":"https:\/\/denizcankizil.tr\/wp-content\/uploads\/2024\/10\/siyah-logo-svg.svg","contentUrl":"https:\/\/denizcankizil.tr\/wp-content\/uploads\/2024\/10\/siyah-logo-svg.svg","width":1080,"height":1080,"caption":"Av. Deniz Can K\u0131z\u0131l"},"image":{"@id":"https:\/\/denizcankizil.tr\/#\/schema\/logo\/image\/"}}]}},"_links":{"self":[{"href":"https:\/\/denizcankizil.tr\/ru\/wp-json\/wp\/v2\/posts\/16319","targetHints":{"allow":["GET"]}}],"collection":[{"href":"https:\/\/denizcankizil.tr\/ru\/wp-json\/wp\/v2\/posts"}],"about":[{"href":"https:\/\/denizcankizil.tr\/ru\/wp-json\/wp\/v2\/types\/post"}],"replies":[{"embeddable":true,"href":"https:\/\/denizcankizil.tr\/ru\/wp-json\/wp\/v2\/comments?post=16319"}],"version-history":[{"count":0,"href":"https:\/\/denizcankizil.tr\/ru\/wp-json\/wp\/v2\/posts\/16319\/revisions"}],"wp:featuredmedia":[{"embeddable":true,"href":"https:\/\/denizcankizil.tr\/ru\/wp-json\/wp\/v2\/media\/16320"}],"wp:attachment":[{"href":"https:\/\/denizcankizil.tr\/ru\/wp-json\/wp\/v2\/media?parent=16319"}],"wp:term":[{"taxonomy":"category","embeddable":true,"href":"https:\/\/denizcankizil.tr\/ru\/wp-json\/wp\/v2\/categories?post=16319"},{"taxonomy":"post_tag","embeddable":true,"href":"https:\/\/denizcankizil.tr\/ru\/wp-json\/wp\/v2\/tags?post=16319"}],"curies":[{"name":"wp","href":"https:\/\/api.w.org\/{rel}","templated":true}]}}