{"id":16255,"date":"2024-11-17T20:41:43","date_gmt":"2024-11-17T17:41:43","guid":{"rendered":"https:\/\/denizcankizil.tr\/uncategorized-tr\/chp-antalya-milletvekili-cavit-ari-buyuk-bir-degeri-kaybettik\/"},"modified":"2024-11-17T20:41:43","modified_gmt":"2024-11-17T17:41:43","slug":"chp-antalya-milletvekili-cavit-ari-buyuk-bir-degeri-kaybettik","status":"publish","type":"post","link":"https:\/\/denizcankizil.tr\/ru\/haberler\/gundem\/chp-antalya-milletvekili-cavit-ari-buyuk-bir-degeri-kaybettik\/","title":{"rendered":"CHP Antalya Milletvekili Cavit Ar\u0131: B\u00fcy\u00fck bir de\u011feri kaybettik"},"content":{"rendered":"<p>T\u00fcrkiye\u2019nin ilk kad\u0131n s\u00fcmerolo\u011fu Muazzez \u0130lmiye \u00c7\u0131\u011f, 102 ya\u015f\u0131nda vefat etti. \u00c7\u0131\u011f\u2019\u0131n vefat\u0131n\u0131n ard\u0131ndan CHP Antalya Milletvekili Cavit Ar\u0131, ba\u015fsa\u011fl\u0131\u011f\u0131 mesaj\u0131 yay\u0131nlad\u0131.<\/p>\n<p>ATAT\u00dcRK VURGUSU<\/p>\n<p>CHP Antalya Milletvekili Cavit Ar\u0131, Muazzez \u0130lmiye \u00c7\u0131\u011f\u2019\u0131n vefat\u0131yla ilgili payla\u015f\u0131m\u0131nda \u015funlar\u0131 s\u00f6yledi: \u201cAtat\u00fcrk\u2019\u00fcn ayd\u0131nlanma \u0131\u015f\u0131\u011f\u0131nda yeti\u015fmi\u015f, Cumhuriyetimizin ayd\u0131nl\u0131k y\u00fczlerinden, T\u00fcrkiye\u2019nin ilk kad\u0131n s\u00fcmerolo\u011fu ve tarih\u00e7i Muazzez \u0130lmiye \u00c7\u0131\u011f\u2019\u0131n vefat haberini b\u00fcy\u00fck bir \u00fcz\u00fcnt\u00fcyle \u00f6\u011frendim. Kendisine Allah&#8217;tan rahmet; ailesine, sevenlerine ve bilim camiam\u0131za ba\u015f sa\u011fl\u0131\u011f\u0131 diliyorum.\u201d<\/p>\n<p>\u200bT\u00fcrkiye\u2019nin ilk kad\u0131n s\u00fcmerolo\u011fu Muazzez \u0130lmiye \u00c7\u0131\u011f\u2019\u0131n vefat\u0131n ard\u0131ndan CHP Antalya Milletvekili Cavit Ar\u0131, ba\u015fsa\u011fl\u0131\u011f\u0131 mesaj\u0131 yay\u0131nlad\u0131. Ar\u0131, \u201cB\u00fcy\u00fck bir de\u011feri kaybettik\u201d dedi\u00a0<\/p>\n<p>\u200bHaberin Al\u0131nt\u0131land\u0131\u011f\u0131 Kaynak: www.antalyakorfez.com<\/p>","protected":false},"excerpt":{"rendered":"<p>T\u00fcrkiye\u2019nin ilk kad\u0131n s\u00fcmerolo\u011fu Muazzez \u0130lmiye \u00c7\u0131\u011f, 102 ya\u015f\u0131nda vefat etti. \u00c7\u0131\u011f\u2019\u0131n vefat\u0131n\u0131n ard\u0131ndan CHP Antalya Milletvekili Cavit Ar\u0131, ba\u015fsa\u011fl\u0131\u011f\u0131 mesaj\u0131 yay\u0131nlad\u0131. ATAT\u00dcRK VURGUSU CHP Antalya Milletvekili Cavit Ar\u0131, Muazzez \u0130lmiye \u00c7\u0131\u011f\u2019\u0131n vefat\u0131yla ilgili payla\u015f\u0131m\u0131nda \u015funlar\u0131 s\u00f6yledi: \u201cAtat\u00fcrk\u2019\u00fcn ayd\u0131nlanma \u0131\u015f\u0131\u011f\u0131nda yeti\u015fmi\u015f, Cumhuriyetimizin ayd\u0131nl\u0131k y\u00fczlerinden, T\u00fcrkiye\u2019nin ilk kad\u0131n s\u00fcmerolo\u011fu ve tarih\u00e7i Muazzez \u0130lmiye \u00c7\u0131\u011f\u2019\u0131n vefat haberini b\u00fcy\u00fck bir \u00fcz\u00fcnt\u00fcyle \u00f6\u011frendim. Kendisine Allah&#8217;tan rahmet; ailesine, sevenlerine ve bilim camiam\u0131za ba\u015f sa\u011fl\u0131\u011f\u0131 diliyorum.\u201d \u200bT\u00fcrkiye\u2019nin ilk kad\u0131n s\u00fcmerolo\u011fu Muazzez \u0130lmiye \u00c7\u0131\u011f\u2019\u0131n vefat\u0131n ard\u0131ndan CHP Antalya Milletvekili Cavit Ar\u0131, ba\u015fsa\u011fl\u0131\u011f\u0131 mesaj\u0131 yay\u0131nlad\u0131. Ar\u0131, \u201cB\u00fcy\u00fck bir de\u011feri kaybettik\u201d dedi\u00a0 \u200bHaberin Al\u0131nt\u0131land\u0131\u011f\u0131 Kaynak: www.antalyakorfez.com<\/p>","protected":false},"author":0,"featured_media":0,"comment_status":"open","ping_status":"open","sticky":false,"template":"","format":"standard","meta":{"_acf_changed":false,"footnotes":""},"categories":[24,535],"tags":[],"class_list":["post-16255","post","type-post","status-publish","format-standard","has-post-thumbnail","hentry","category-gundem","category-uncategorized-tr"],"acf":[],"yoast_head":"<!-- This site is optimized with the Yoast SEO Premium plugin v26.6 (Yoast SEO v27.1.1) - https:\/\/yoast.com\/product\/yoast-seo-premium-wordpress\/ -->\n<title>CHP Antalya Milletvekili Cavit Ar\u0131: B\u00fcy\u00fck bir de\u011feri kaybettik - Av. Deniz Can K\u0131z\u0131l<\/title>\n<meta name=\"robots\" content=\"index, follow, max-snippet:-1, max-image-preview:large, max-video-preview:-1\" \/>\n<link rel=\"canonical\" href=\"https:\/\/denizcankizil.tr\/ru\/haberler\/gundem\/chp-antalya-milletvekili-cavit-ari-buyuk-bir-degeri-kaybettik\/\" \/>\n<meta property=\"og:locale\" content=\"ru_RU\" \/>\n<meta property=\"og:type\" content=\"article\" \/>\n<meta property=\"og:title\" content=\"CHP Antalya Milletvekili Cavit Ar\u0131: B\u00fcy\u00fck bir de\u011feri kaybettik\" \/>\n<meta property=\"og:description\" content=\"T\u00fcrkiye\u2019nin ilk kad\u0131n s\u00fcmerolo\u011fu Muazzez \u0130lmiye \u00c7\u0131\u011f, 102 ya\u015f\u0131nda vefat etti. \u00c7\u0131\u011f\u2019\u0131n vefat\u0131n\u0131n ard\u0131ndan CHP Antalya Milletvekili Cavit Ar\u0131, ba\u015fsa\u011fl\u0131\u011f\u0131 mesaj\u0131 yay\u0131nlad\u0131. ATAT\u00dcRK VURGUSU CHP Antalya Milletvekili Cavit Ar\u0131, Muazzez \u0130lmiye \u00c7\u0131\u011f\u2019\u0131n vefat\u0131yla ilgili payla\u015f\u0131m\u0131nda \u015funlar\u0131 s\u00f6yledi: \u201cAtat\u00fcrk\u2019\u00fcn ayd\u0131nlanma \u0131\u015f\u0131\u011f\u0131nda yeti\u015fmi\u015f, Cumhuriyetimizin ayd\u0131nl\u0131k y\u00fczlerinden, T\u00fcrkiye\u2019nin ilk kad\u0131n s\u00fcmerolo\u011fu ve tarih\u00e7i Muazzez \u0130lmiye \u00c7\u0131\u011f\u2019\u0131n vefat haberini b\u00fcy\u00fck bir \u00fcz\u00fcnt\u00fcyle \u00f6\u011frendim. Kendisine Allah&#8217;tan rahmet; ailesine, sevenlerine ve bilim camiam\u0131za ba\u015f sa\u011fl\u0131\u011f\u0131 diliyorum.\u201d \u200bT\u00fcrkiye\u2019nin ilk kad\u0131n s\u00fcmerolo\u011fu Muazzez \u0130lmiye \u00c7\u0131\u011f\u2019\u0131n vefat\u0131n ard\u0131ndan CHP Antalya Milletvekili Cavit Ar\u0131, ba\u015fsa\u011fl\u0131\u011f\u0131 mesaj\u0131 yay\u0131nlad\u0131. Ar\u0131, \u201cB\u00fcy\u00fck bir de\u011feri kaybettik\u201d dedi\u00a0 \u200bHaberin Al\u0131nt\u0131land\u0131\u011f\u0131 Kaynak: www.antalyakorfez.com\" \/>\n<meta property=\"og:url\" content=\"https:\/\/denizcankizil.tr\/ru\/haberler\/gundem\/chp-antalya-milletvekili-cavit-ari-buyuk-bir-degeri-kaybettik\/\" \/>\n<meta property=\"og:site_name\" content=\"Av. Deniz Can K\u0131z\u0131l\" \/>\n<meta property=\"article:published_time\" content=\"2024-11-17T17:41:43+00:00\" \/>\n<meta name=\"twitter:card\" content=\"summary_large_image\" \/>\n<meta name=\"twitter:label1\" content=\"\u041f\u0440\u0438\u043c\u0435\u0440\u043d\u043e\u0435 \u0432\u0440\u0435\u043c\u044f \u0434\u043b\u044f \u0447\u0442\u0435\u043d\u0438\u044f\" \/>\n\t<meta name=\"twitter:data1\" content=\"1 \u043c\u0438\u043d\u0443\u0442\u0430\" \/>\n<script type=\"application\/ld+json\" class=\"yoast-schema-graph\">{\"@context\":\"https:\/\/schema.org\",\"@graph\":[{\"@type\":\"Article\",\"@id\":\"https:\/\/denizcankizil.tr\/ru\/haberler\/gundem\/chp-antalya-milletvekili-cavit-ari-buyuk-bir-degeri-kaybettik\/#article\",\"isPartOf\":{\"@id\":\"https:\/\/denizcankizil.tr\/ru\/haberler\/gundem\/chp-antalya-milletvekili-cavit-ari-buyuk-bir-degeri-kaybettik\/\"},\"author\":{\"name\":\"\",\"@id\":\"\"},\"headline\":\"CHP Antalya Milletvekili Cavit Ar\u0131: B\u00fcy\u00fck bir de\u011feri kaybettik\",\"datePublished\":\"2024-11-17T17:41:43+00:00\",\"mainEntityOfPage\":{\"@id\":\"https:\/\/denizcankizil.tr\/ru\/haberler\/gundem\/chp-antalya-milletvekili-cavit-ari-buyuk-bir-degeri-kaybettik\/\"},\"wordCount\":161,\"commentCount\":0,\"publisher\":{\"@id\":\"https:\/\/denizcankizil.tr\/#organization\"},\"articleSection\":[\"G\u00fcndem\",\"Uncategorized\"],\"inLanguage\":\"ru-RU\",\"potentialAction\":[{\"@type\":\"CommentAction\",\"name\":\"Comment\",\"target\":[\"https:\/\/denizcankizil.tr\/ru\/haberler\/gundem\/chp-antalya-milletvekili-cavit-ari-buyuk-bir-degeri-kaybettik\/#respond\"]}]},{\"@type\":\"WebPage\",\"@id\":\"https:\/\/denizcankizil.tr\/ru\/haberler\/gundem\/chp-antalya-milletvekili-cavit-ari-buyuk-bir-degeri-kaybettik\/\",\"url\":\"https:\/\/denizcankizil.tr\/ru\/haberler\/gundem\/chp-antalya-milletvekili-cavit-ari-buyuk-bir-degeri-kaybettik\/\",\"name\":\"CHP Antalya Milletvekili Cavit Ar\u0131: B\u00fcy\u00fck bir de\u011feri kaybettik - Av. Deniz Can K\u0131z\u0131l\",\"isPartOf\":{\"@id\":\"https:\/\/denizcankizil.tr\/#website\"},\"datePublished\":\"2024-11-17T17:41:43+00:00\",\"breadcrumb\":{\"@id\":\"https:\/\/denizcankizil.tr\/ru\/haberler\/gundem\/chp-antalya-milletvekili-cavit-ari-buyuk-bir-degeri-kaybettik\/#breadcrumb\"},\"inLanguage\":\"ru-RU\",\"potentialAction\":[{\"@type\":\"ReadAction\",\"target\":[\"https:\/\/denizcankizil.tr\/ru\/haberler\/gundem\/chp-antalya-milletvekili-cavit-ari-buyuk-bir-degeri-kaybettik\/\"]}]},{\"@type\":\"BreadcrumbList\",\"@id\":\"https:\/\/denizcankizil.tr\/ru\/haberler\/gundem\/chp-antalya-milletvekili-cavit-ari-buyuk-bir-degeri-kaybettik\/#breadcrumb\",\"itemListElement\":[{\"@type\":\"ListItem\",\"position\":1,\"name\":\"Home\",\"item\":\"https:\/\/denizcankizil.tr\/de\/\"},{\"@type\":\"ListItem\",\"position\":2,\"name\":\"CHP Antalya Milletvekili Cavit Ar\u0131: B\u00fcy\u00fck bir de\u011feri kaybettik\"}]},{\"@type\":\"WebSite\",\"@id\":\"https:\/\/denizcankizil.tr\/#website\",\"url\":\"https:\/\/denizcankizil.tr\/\",\"name\":\"Av. Deniz Can K\u0131z\u0131l\",\"description\":\"Avukat Deniz Can K\u0131z\u0131l Antalya Barosu\",\"publisher\":{\"@id\":\"https:\/\/denizcankizil.tr\/#organization\"},\"potentialAction\":[{\"@type\":\"SearchAction\",\"target\":{\"@type\":\"EntryPoint\",\"urlTemplate\":\"https:\/\/denizcankizil.tr\/?s={search_term_string}\"},\"query-input\":{\"@type\":\"PropertyValueSpecification\",\"valueRequired\":true,\"valueName\":\"search_term_string\"}}],\"inLanguage\":\"ru-RU\"},{\"@type\":\"Organization\",\"@id\":\"https:\/\/denizcankizil.tr\/#organization\",\"name\":\"Av. Deniz Can K\u0131z\u0131l\",\"url\":\"https:\/\/denizcankizil.tr\/\",\"logo\":{\"@type\":\"ImageObject\",\"inLanguage\":\"ru-RU\",\"@id\":\"https:\/\/denizcankizil.tr\/#\/schema\/logo\/image\/\",\"url\":\"https:\/\/denizcankizil.tr\/wp-content\/uploads\/2024\/10\/siyah-logo-svg.svg\",\"contentUrl\":\"https:\/\/denizcankizil.tr\/wp-content\/uploads\/2024\/10\/siyah-logo-svg.svg\",\"width\":1080,\"height\":1080,\"caption\":\"Av. Deniz Can K\u0131z\u0131l\"},\"image\":{\"@id\":\"https:\/\/denizcankizil.tr\/#\/schema\/logo\/image\/\"}}]}<\/script>\n<!-- \/ Yoast SEO Premium plugin. -->","yoast_head_json":{"title":"CHP Antalya Milletvekili Cavit Ar\u0131: B\u00fcy\u00fck bir de\u011feri kaybettik - Av. Deniz Can K\u0131z\u0131l","robots":{"index":"index","follow":"follow","max-snippet":"max-snippet:-1","max-image-preview":"max-image-preview:large","max-video-preview":"max-video-preview:-1"},"canonical":"https:\/\/denizcankizil.tr\/ru\/haberler\/gundem\/chp-antalya-milletvekili-cavit-ari-buyuk-bir-degeri-kaybettik\/","og_locale":"ru_RU","og_type":"article","og_title":"CHP Antalya Milletvekili Cavit Ar\u0131: B\u00fcy\u00fck bir de\u011feri kaybettik","og_description":"T\u00fcrkiye\u2019nin ilk kad\u0131n s\u00fcmerolo\u011fu Muazzez \u0130lmiye \u00c7\u0131\u011f, 102 ya\u015f\u0131nda vefat etti. \u00c7\u0131\u011f\u2019\u0131n vefat\u0131n\u0131n ard\u0131ndan CHP Antalya Milletvekili Cavit Ar\u0131, ba\u015fsa\u011fl\u0131\u011f\u0131 mesaj\u0131 yay\u0131nlad\u0131. ATAT\u00dcRK VURGUSU CHP Antalya Milletvekili Cavit Ar\u0131, Muazzez \u0130lmiye \u00c7\u0131\u011f\u2019\u0131n vefat\u0131yla ilgili payla\u015f\u0131m\u0131nda \u015funlar\u0131 s\u00f6yledi: \u201cAtat\u00fcrk\u2019\u00fcn ayd\u0131nlanma \u0131\u015f\u0131\u011f\u0131nda yeti\u015fmi\u015f, Cumhuriyetimizin ayd\u0131nl\u0131k y\u00fczlerinden, T\u00fcrkiye\u2019nin ilk kad\u0131n s\u00fcmerolo\u011fu ve tarih\u00e7i Muazzez \u0130lmiye \u00c7\u0131\u011f\u2019\u0131n vefat haberini b\u00fcy\u00fck bir \u00fcz\u00fcnt\u00fcyle \u00f6\u011frendim. Kendisine Allah&#8217;tan rahmet; ailesine, sevenlerine ve bilim camiam\u0131za ba\u015f sa\u011fl\u0131\u011f\u0131 diliyorum.\u201d \u200bT\u00fcrkiye\u2019nin ilk kad\u0131n s\u00fcmerolo\u011fu Muazzez \u0130lmiye \u00c7\u0131\u011f\u2019\u0131n vefat\u0131n ard\u0131ndan CHP Antalya Milletvekili Cavit Ar\u0131, ba\u015fsa\u011fl\u0131\u011f\u0131 mesaj\u0131 yay\u0131nlad\u0131. Ar\u0131, \u201cB\u00fcy\u00fck bir de\u011feri kaybettik\u201d dedi\u00a0 \u200bHaberin Al\u0131nt\u0131land\u0131\u011f\u0131 Kaynak: www.antalyakorfez.com","og_url":"https:\/\/denizcankizil.tr\/ru\/haberler\/gundem\/chp-antalya-milletvekili-cavit-ari-buyuk-bir-degeri-kaybettik\/","og_site_name":"Av. Deniz Can K\u0131z\u0131l","article_published_time":"2024-11-17T17:41:43+00:00","twitter_card":"summary_large_image","twitter_misc":{"\u041f\u0440\u0438\u043c\u0435\u0440\u043d\u043e\u0435 \u0432\u0440\u0435\u043c\u044f \u0434\u043b\u044f \u0447\u0442\u0435\u043d\u0438\u044f":"1 \u043c\u0438\u043d\u0443\u0442\u0430"},"schema":{"@context":"https:\/\/schema.org","@graph":[{"@type":"Article","@id":"https:\/\/denizcankizil.tr\/ru\/haberler\/gundem\/chp-antalya-milletvekili-cavit-ari-buyuk-bir-degeri-kaybettik\/#article","isPartOf":{"@id":"https:\/\/denizcankizil.tr\/ru\/haberler\/gundem\/chp-antalya-milletvekili-cavit-ari-buyuk-bir-degeri-kaybettik\/"},"author":{"name":"","@id":""},"headline":"CHP Antalya Milletvekili Cavit Ar\u0131: B\u00fcy\u00fck bir de\u011feri kaybettik","datePublished":"2024-11-17T17:41:43+00:00","mainEntityOfPage":{"@id":"https:\/\/denizcankizil.tr\/ru\/haberler\/gundem\/chp-antalya-milletvekili-cavit-ari-buyuk-bir-degeri-kaybettik\/"},"wordCount":161,"commentCount":0,"publisher":{"@id":"https:\/\/denizcankizil.tr\/#organization"},"articleSection":["G\u00fcndem","Uncategorized"],"inLanguage":"ru-RU","potentialAction":[{"@type":"CommentAction","name":"Comment","target":["https:\/\/denizcankizil.tr\/ru\/haberler\/gundem\/chp-antalya-milletvekili-cavit-ari-buyuk-bir-degeri-kaybettik\/#respond"]}]},{"@type":"WebPage","@id":"https:\/\/denizcankizil.tr\/ru\/haberler\/gundem\/chp-antalya-milletvekili-cavit-ari-buyuk-bir-degeri-kaybettik\/","url":"https:\/\/denizcankizil.tr\/ru\/haberler\/gundem\/chp-antalya-milletvekili-cavit-ari-buyuk-bir-degeri-kaybettik\/","name":"CHP Antalya Milletvekili Cavit Ar\u0131: B\u00fcy\u00fck bir de\u011feri kaybettik - Av. Deniz Can K\u0131z\u0131l","isPartOf":{"@id":"https:\/\/denizcankizil.tr\/#website"},"datePublished":"2024-11-17T17:41:43+00:00","breadcrumb":{"@id":"https:\/\/denizcankizil.tr\/ru\/haberler\/gundem\/chp-antalya-milletvekili-cavit-ari-buyuk-bir-degeri-kaybettik\/#breadcrumb"},"inLanguage":"ru-RU","potentialAction":[{"@type":"ReadAction","target":["https:\/\/denizcankizil.tr\/ru\/haberler\/gundem\/chp-antalya-milletvekili-cavit-ari-buyuk-bir-degeri-kaybettik\/"]}]},{"@type":"BreadcrumbList","@id":"https:\/\/denizcankizil.tr\/ru\/haberler\/gundem\/chp-antalya-milletvekili-cavit-ari-buyuk-bir-degeri-kaybettik\/#breadcrumb","itemListElement":[{"@type":"ListItem","position":1,"name":"Home","item":"https:\/\/denizcankizil.tr\/de\/"},{"@type":"ListItem","position":2,"name":"CHP Antalya Milletvekili Cavit Ar\u0131: B\u00fcy\u00fck bir de\u011feri kaybettik"}]},{"@type":"WebSite","@id":"https:\/\/denizcankizil.tr\/#website","url":"https:\/\/denizcankizil.tr\/","name":"Av. Deniz Can K\u0131z\u0131l","description":"Avukat Deniz Can K\u0131z\u0131l Antalya Barosu","publisher":{"@id":"https:\/\/denizcankizil.tr\/#organization"},"potentialAction":[{"@type":"SearchAction","target":{"@type":"EntryPoint","urlTemplate":"https:\/\/denizcankizil.tr\/?s={search_term_string}"},"query-input":{"@type":"PropertyValueSpecification","valueRequired":true,"valueName":"search_term_string"}}],"inLanguage":"ru-RU"},{"@type":"Organization","@id":"https:\/\/denizcankizil.tr\/#organization","name":"Av. Deniz Can K\u0131z\u0131l","url":"https:\/\/denizcankizil.tr\/","logo":{"@type":"ImageObject","inLanguage":"ru-RU","@id":"https:\/\/denizcankizil.tr\/#\/schema\/logo\/image\/","url":"https:\/\/denizcankizil.tr\/wp-content\/uploads\/2024\/10\/siyah-logo-svg.svg","contentUrl":"https:\/\/denizcankizil.tr\/wp-content\/uploads\/2024\/10\/siyah-logo-svg.svg","width":1080,"height":1080,"caption":"Av. Deniz Can K\u0131z\u0131l"},"image":{"@id":"https:\/\/denizcankizil.tr\/#\/schema\/logo\/image\/"}}]}},"_links":{"self":[{"href":"https:\/\/denizcankizil.tr\/ru\/wp-json\/wp\/v2\/posts\/16255","targetHints":{"allow":["GET"]}}],"collection":[{"href":"https:\/\/denizcankizil.tr\/ru\/wp-json\/wp\/v2\/posts"}],"about":[{"href":"https:\/\/denizcankizil.tr\/ru\/wp-json\/wp\/v2\/types\/post"}],"replies":[{"embeddable":true,"href":"https:\/\/denizcankizil.tr\/ru\/wp-json\/wp\/v2\/comments?post=16255"}],"version-history":[{"count":0,"href":"https:\/\/denizcankizil.tr\/ru\/wp-json\/wp\/v2\/posts\/16255\/revisions"}],"wp:attachment":[{"href":"https:\/\/denizcankizil.tr\/ru\/wp-json\/wp\/v2\/media?parent=16255"}],"wp:term":[{"taxonomy":"category","embeddable":true,"href":"https:\/\/denizcankizil.tr\/ru\/wp-json\/wp\/v2\/categories?post=16255"},{"taxonomy":"post_tag","embeddable":true,"href":"https:\/\/denizcankizil.tr\/ru\/wp-json\/wp\/v2\/tags?post=16255"}],"curies":[{"name":"wp","href":"https:\/\/api.w.org\/{rel}","templated":true}]}}