{"id":16235,"date":"2024-11-17T12:41:45","date_gmt":"2024-11-17T09:41:45","guid":{"rendered":"https:\/\/denizcankizil.tr\/uncategorized-tr\/10-cok-onemli-bireysel-basvuru-karari\/"},"modified":"2024-11-17T12:41:45","modified_gmt":"2024-11-17T09:41:45","slug":"10-cok-onemli-bireysel-basvuru-karari","status":"publish","type":"post","link":"https:\/\/denizcankizil.tr\/ru\/koseyazilari\/degerlendirme\/10-cok-onemli-bireysel-basvuru-karari\/","title":{"rendered":"10 \u00c7OK \u00d6NEML\u0130 B\u0130REYSEL BA\u015eVURU KARARI"},"content":{"rendered":"<p> Anayasa Mahkemesi, m\u00fclkiyet hakk\u0131na ili\u015fkin kararlar\u0131yla hukukun uygulanmas\u0131nda \u00f6nemli bir rol \u00fcstlenmektedir. Bu kararlar, bireylerin m\u00fclkiyet haklar\u0131n\u0131n korunmas\u0131 ve kamu yarar\u0131 aras\u0131nda dengelerin sa\u011flanmas\u0131 a\u00e7\u0131s\u0131ndan \u00f6ne \u00e7\u0131kmaktad\u0131r. A\u015fa\u011f\u0131da, Anayasa Mahkemesi&#8217;nin bu alanda verdi\u011fi baz\u0131 kararlar\u0131 \u00f6zetleyece\u011fim.<\/p>\n<p>\u0130lk olarak, Anayasa Mahkemesi bir kamula\u015ft\u0131rma davas\u0131nda, kamula\u015ft\u0131rma bedelinin zaman\u0131nda \u00f6denmemesinin ve mali kay\u0131plar\u0131n ihlali olarak de\u011ferlendirilmesi gerekti\u011fini vurgulam\u0131\u015ft\u0131r. \u00d6zellikle, \u00f6deme s\u00fcrecindeki faiz oranlar\u0131n\u0131n enflasyona kar\u015f\u0131 yetersiz kald\u0131\u011f\u0131 tespit edilmi\u015ftir. Bu durum, m\u00fclkiyet hakk\u0131n\u0131n zedelendi\u011fi sonucunu do\u011furmu\u015f ve Anayasa Mahkemesi bir ihlal karar\u0131 vermi\u015ftir.<\/p>\n<p>Bir di\u011fer \u00f6nemli karar, kamula\u015ft\u0131rmas\u0131z el atma ile ilgilidir. \u0130lgili imar plan\u0131nda, kamu hizmetine ayr\u0131lan ta\u015f\u0131nmaz\u0131n uzun bir s\u00fcre kamula\u015ft\u0131r\u0131lmamas\u0131, m\u00fclkiyet hakk\u0131n\u0131n ihlali olarak sonu\u00e7lanm\u0131\u015ft\u0131r. Mahkeme, bu t\u00fcr durumlar\u0131n kamu yarar\u0131n\u0131 g\u00f6zetirken m\u00fclkiyet haklar\u0131n\u0131n da korunmas\u0131 gerekti\u011fini ifade etmi\u015ftir.<\/p>\n<p>Ba\u015fka bir durumda, ruhsats\u0131z bir yap\u0131n\u0131n uzun bir s\u00fcre boyunca kullan\u0131lmas\u0131na ra\u011fmen, y\u0131k\u0131lma i\u015flemi s\u0131ras\u0131nda tazminat \u00f6denmemesi, m\u00fclkiyet hakk\u0131n\u0131n ihlali olarak de\u011ferlendirilmi\u015ftir. \u0130darenin, ruhsats\u0131z yap\u0131ya g\u00f6z yumdu\u011fu s\u00fcre boyunca, ilgili bireyin zarara u\u011framamas\u0131 i\u00e7in gerekli \u00f6nlemleri almas\u0131 gerekti\u011fi belirtilmi\u015ftir.<\/p>\n<p>Ayr\u0131ca, tapu tahsis belgeleriyle yap\u0131lan ba\u015fvurular da Anayasa Mahkemesi&#8217;nin dikkatini \u00e7ekmi\u015ftir. Tapu tahsis belgeleri \u00fczerinden in\u015fa edilen yap\u0131lar\u0131n y\u0131k\u0131lmas\u0131 durumunda tazminat \u00f6denmesi gerekti\u011fi, m\u00fclkiyet hakk\u0131n\u0131n korunmas\u0131nda \u00f6nemli bir unsur olarak ortaya \u00e7\u0131km\u0131\u015ft\u0131r.<\/p>\n<p>Son olarak, ruhsats\u0131z madencilik faaliyetleriyle ilgili bir ba\u015fvuruda ise, idarenin bir faaliyetin denetimini yeterince sa\u011flamad\u0131\u011f\u0131 tespit edilmi\u015ftir. \u0130lgili madenin ruhsats\u0131z olarak i\u015fletilmesi, m\u00fclkiyet hakk\u0131 ihlali olarak de\u011ferlendirilmi\u015f ve Anayasa Mahkemesi, idarenin sorumluluklar\u0131n\u0131 yerine getirmesi gerekti\u011fini vurgulam\u0131\u015ft\u0131r.<\/p>\n<p>Bu kararlar, Anayasa Mahkemesi&#8217;nin m\u00fclkiyet haklar\u0131n\u0131n korunmas\u0131 konusundaki hassasiyetini ortaya koymakta ve hukukun \u00fcst\u00fcnl\u00fc\u011f\u00fcn\u00fcn sa\u011flanmas\u0131nda \u00f6nemli bir \u00f6rnek te\u015fkil etmektedir.<\/p>\n<h2 id=\"anayasa-mahkemesi-kararlari-mulkiyet-hakki-gibi-temel-haklarin-korunmasinda-buyuk-bir-oneme-sahiptir-bu-kararlar-belli-bir-hukuki-cerceve-icerisinde-mulkiyet-haklarinin-nasil-degerlendirilecegine-d\">Anayasa Mahkemesi kararlar\u0131, m\u00fclkiyet hakk\u0131 gibi temel haklar\u0131n korunmas\u0131nda b\u00fcy\u00fck bir \u00f6neme sahiptir. Bu kararlar, belli bir hukuki \u00e7er\u00e7eve i\u00e7erisinde m\u00fclkiyet haklar\u0131n\u0131n nas\u0131l de\u011ferlendirilece\u011fine dair \u00f6nemli bir referans noktas\u0131 olu\u015fturmaktad\u0131r. \u0130\u015fte bu ba\u011flamda, Anayasa Mahkemesi taraf\u0131ndan verilen baz\u0131 \u00f6nemli kararlar\u0131 k\u0131saca \u00f6zetleyelim:<\/h2>\n<p><img decoding=\"async\" class=\"qimage_class lazyload\" data-src=\"https:\/\/denizcankizil.tr\/wp-content\/uploads\/2024\/11\/162414.jpg\" alt=\"Anayasa Mahkemesi kararlar\u0131, m\u00fclkiyet hakk\u0131 gibi temel haklar\u0131n korunmas\u0131nda b\u00fcy\u00fck bir \u00f6neme sahiptir. Bu kararlar, belli bir hukuki \u00e7er\u00e7eve i\u00e7erisinde m\u00fclkiyet haklar\u0131n\u0131n nas\u0131l de\u011ferlendirilece\u011fine dair \u00f6nemli bir referans noktas\u0131 olu\u015fturmaktad\u0131r. \u0130\u015fte bu ba\u011flamda, Anayasa Mahkemesi taraf\u0131ndan verilen baz\u0131 \u00f6nemli kararlar\u0131 k\u0131saca \u00f6zetleyelim:\" src=\"data:image\/svg+xml;base64,PHN2ZyB3aWR0aD0iMSIgaGVpZ2h0PSIxIiB4bWxucz0iaHR0cDovL3d3dy53My5vcmcvMjAwMC9zdmciPjwvc3ZnPg==\" style=\"--smush-placeholder-width: 1280px; --smush-placeholder-aspect-ratio: 1280\/720;\"><br \/>Mahkemesi, m\u00fclkiyet hakk\u0131 ile ilgili baz\u0131 \u00f6nemli kararlar\u0131 incelemenin ve bunlar\u0131n hukuk sistemine olan etkilerini anlaman\u0131n de\u011ferli oldu\u011funu belirtmektedir. Anayasa Mahkemesi, bireysel ba\u015fvurular arac\u0131l\u0131\u011f\u0131yla m\u00fclkiyet hakk\u0131n\u0131n ihlali durumlar\u0131n\u0131 ele alm\u0131\u015f ve bu kararlara dayanarak \u00e7e\u015fitli somut olaylara dair \u00f6nemli i\u00e7tihatlar olu\u015fturmu\u015ftur.<\/p>\n<p>\u00d6rnekler \u00fczerinden ilerlemek gerekirse:<\/p>\n<ol>\n<li><strong>T\u00fcrkan Poyraz Karar\u0131:<\/strong> Bu kararda, kamula\u015ft\u0131rma bedelinin zaman\u0131nda \u00f6denmemesi ve enflasyon kar\u015f\u0131s\u0131nda de\u011fer kayb\u0131 ya\u015fanmas\u0131 durumu ele al\u0131nm\u0131\u015ft\u0131r. Anayasa Mahkemesi, m\u00fclkiyet hakk\u0131n\u0131n ihlal edildi\u011fine ili\u015fkin bir karar vermi\u015ftir, zira \u00f6demenin yaln\u0131zca %9&#8217;luk bir faizle s\u0131n\u0131rl\u0131 kalmas\u0131n\u0131n m\u00fclk sahiplerinin zararlar\u0131n\u0131 tam olarak kar\u015f\u0131lamad\u0131\u011f\u0131na vurgu yapm\u0131\u015ft\u0131r.<\/li>\n<\/ol>\n<ol>\n<li><strong>H\u00fcseyin \u00dcnal Karar\u0131:<\/strong> Bu karar, kamula\u015ft\u0131rmas\u0131z el atma konusunu ele al\u0131r. \u0130lgili ta\u015f\u0131nmaz\u0131n kamu hizmetine ayr\u0131lmas\u0131na ra\u011fmen, herhangi bir kamula\u015ft\u0131rma i\u015flemi yap\u0131lmad\u0131\u011f\u0131 i\u00e7in m\u00fclkiyet hakk\u0131n\u0131n ihlal edildi\u011fine karar verilmi\u015ftir. Anayasa Mahkemesi, kamu yarar\u0131 ile m\u00fclkiyet hakk\u0131 aras\u0131nda bir denge kurulmas\u0131 gerekti\u011fine i\u015faret etmi\u015ftir.<\/li>\n<\/ol>\n<ol>\n<li><strong>G\u00fcm\u00fc\u015fba\u015f Karar\u0131:<\/strong> Burada, ruhsats\u0131z bir yap\u0131n\u0131n 20 y\u0131l boyunca idarenin bilgisi dahilinde kullan\u0131lmas\u0131na ra\u011fmen, yap\u0131 y\u0131k\u0131ld\u0131\u011f\u0131nda tazminat \u00f6denmemesi, m\u00fclkiyet hakk\u0131n\u0131n ihlali olarak de\u011ferlendirilmi\u015ftir. Anayasa Mahkemesi, uzun s\u00fcre boyunca ruhsats\u0131z yap\u0131ya g\u00f6z yumulmas\u0131n\u0131n, idarenin sorumlulu\u011funu art\u0131rd\u0131\u011f\u0131n\u0131 ifade etmi\u015ftir.<\/li>\n<\/ol>\n<ol>\n<li><strong>Tapu Tahsis Belgesi Karar\u0131:<\/strong> Tapu tahsis belgesine sahip bir ta\u015f\u0131nmaz\u0131n y\u0131k\u0131lmas\u0131 durumu, idarenin bu belgelere dayanan m\u00fclk sahiplerine uzun s\u00fcre boyunca m\u00fcsamaha g\u00f6stermesi dolay\u0131s\u0131yla m\u00fclkiyet hakk\u0131n\u0131n ihlali olarak de\u011ferlendirilmi\u015ftir.<\/li>\n<\/ol>\n<ol>\n<li><strong>K\u0131rca M\u00fchendislik A.\u015e. Karar\u0131:<\/strong> \u0130lgili maden faaliyetinin ruhsats\u0131z bir bi\u00e7imde y\u00fcr\u00fct\u00fclmesi \u00fczerine yap\u0131lan ba\u015fvuruda, Anayasa Mahkemesi, idarenin denetim ve g\u00f6zetimi alt\u0131nda faaliyet g\u00f6sterildi\u011fi gerek\u00e7esiyle, m\u00fclkiyet hakk\u0131n\u0131n ihlal edildi\u011fine dair bir de\u011ferlendirme yapm\u0131\u015ft\u0131r.<\/li>\n<\/ol>\n<p>Bu kararlar, Anayasa Mahkemesi&#8217;nin m\u00fclkiyet haklar\u0131na verdi\u011fi \u00f6nemi ve hukuk sistemindeki yeri g\u00f6stermesi bak\u0131m\u0131ndan olduk\u00e7a k\u0131ymetlidir. M\u00fclkiyet hakk\u0131n\u0131n korunmas\u0131, bireylerin ekonomik menfaatlerinin g\u00fcvence alt\u0131na al\u0131nmas\u0131 a\u00e7\u0131s\u0131ndan kritik bir \u00f6neme sahiptir. Anayasa Mahkemesi&#8217;nin kararlar\u0131, gelecekte benzer durumlar i\u00e7in de emsal te\u015fkil edebilir ve hukuk sisteminde \u00f6nemli y\u00f6nlendirmeler sa\u011flar.<\/p>\n<h2 id=\"kamulastirma-bedeli-ihlali-bir-davada-kamulastirma-bedelinin-odenmesinin-oldukca-uzun-bir-sure-almasi-ve-bu-surecte-enflasyon-karsisinda-deger-kaybinin-yasanmasi-anayasa-mahkemesi-tarafindan-mulkiy\">Kamula\u015ft\u0131rma Bedeli \u0130hlali: Bir davada, kamula\u015ft\u0131rma bedelinin \u00f6denmesinin olduk\u00e7a uzun bir s\u00fcre almas\u0131 ve bu s\u00fcre\u00e7te enflasyon kar\u015f\u0131s\u0131nda de\u011fer kayb\u0131n\u0131n ya\u015fanmas\u0131, Anayasa Mahkemesi taraf\u0131ndan m\u00fclkiyet hakk\u0131n\u0131n ihlali olarak de\u011ferlendirilmi\u015ftir. Yap\u0131lan \u00f6demelerin ancak enflasyona g\u00f6re ayarlanmas\u0131 gerekti\u011fi ifade edilerek, m\u00fclk sahiplerinin zararlar\u0131n\u0131n tam olarak kar\u015f\u0131lanmad\u0131\u011f\u0131 vurgulanm\u0131\u015ft\u0131r<\/h2>\n<p><img decoding=\"async\" class=\"qimage_class lazyload\" data-src=\"https:\/\/denizcankizil.tr\/wp-content\/uploads\/2024\/11\/0dd9d0.jpg\" alt=\"Kamula\u015ft\u0131rma Bedeli \u0130hlali: Bir davada, kamula\u015ft\u0131rma bedelinin \u00f6denmesinin olduk\u00e7a uzun bir s\u00fcre almas\u0131 ve bu s\u00fcre\u00e7te enflasyon kar\u015f\u0131s\u0131nda de\u011fer kayb\u0131n\u0131n ya\u015fanmas\u0131, Anayasa Mahkemesi taraf\u0131ndan m\u00fclkiyet hakk\u0131n\u0131n ihlali olarak de\u011ferlendirilmi\u015ftir. Yap\u0131lan \u00f6demelerin ancak enflasyona g\u00f6re ayarlanmas\u0131 gerekti\u011fi ifade edilerek, m\u00fclk sahiplerinin zararlar\u0131n\u0131n tam olarak kar\u015f\u0131lanmad\u0131\u011f\u0131 vurgulanm\u0131\u015ft\u0131r\" src=\"data:image\/svg+xml;base64,PHN2ZyB3aWR0aD0iMSIgaGVpZ2h0PSIxIiB4bWxucz0iaHR0cDovL3d3dy53My5vcmcvMjAwMC9zdmciPjwvc3ZnPg==\" style=\"--smush-placeholder-width: 1000px; --smush-placeholder-aspect-ratio: 1000\/750;\"><br \/>Mahkemesi, m\u00fclkiyet haklar\u0131 ile ilgili kararlar\u0131 ile hukuk sistemimize \u00f6nemli katk\u0131larda bulunan bir kurumdur. Anayasa Mahkemesi&#8217;nin verdi\u011fi kararlar, bireysel ba\u015fvurular \u00e7er\u00e7evesinde m\u00fclkiyet hakk\u0131n\u0131n ihlali ile ilgili geli\u015fmeleri ve somut olaylar\u0131 etkilemektedir. Bu t\u00fcr kararlar, ayn\u0131 zamanda T\u00fcrkiye&#8217;deki m\u00fclkiyet haklar\u0131 ve kamula\u015ft\u0131rma s\u00fcre\u00e7leri \u00fczerine de ciddi anlamda bir etki yaratmaktad\u0131r.<\/p>\n<p>\u00d6rne\u011fin, T\u00fcrkan Poyraz karar\u0131, kamula\u015ft\u0131rma bedelinin \u00f6denmesi konusunda \u00f6nemli bir \u00f6rnek te\u015fkil etmektedir. Bu karar, m\u00fclkiyet hakk\u0131n\u0131n zedelenmesi ve kamula\u015ft\u0131rman\u0131n uzamas\u0131n\u0131n, ba\u015fvurucular \u00fczerinde yaratt\u0131\u011f\u0131 olumsuz etkiler \u00fczerine yo\u011funla\u015fm\u0131\u015ft\u0131r. Anayasa Mahkemesi, \u00f6denen kamula\u015ft\u0131rma bedelinin enflasyon kar\u015f\u0131s\u0131nda de\u011fer kayb\u0131na u\u011fram\u0131\u015f oldu\u011funa dikkat \u00e7ekerek, m\u00fclkiyet hakk\u0131n\u0131n ihlali oldu\u011fu sonucuna ula\u015fm\u0131\u015ft\u0131r.<\/p>\n<p>H\u00fcseyin \u00dcnal karar\u0131 ise, kamula\u015ft\u0131rmas\u0131z el atma durumunu ele almaktad\u0131r. \u0130mar plan\u0131 do\u011frultusunda, y\u0131llarca herhangi bir kamula\u015ft\u0131rma i\u015flemine tabi tutulmadan kamu hizmetine ayr\u0131lm\u0131\u015f bir ta\u015f\u0131nmaz\u0131n durumu, m\u00fclkiyet hakk\u0131 ihlali a\u00e7\u0131s\u0131ndan de\u011ferlendirildi. Mahkeme, m\u00fclkiyet hakk\u0131n\u0131n korunmas\u0131 ile kamu yarar\u0131 amac\u0131 aras\u0131nda dengenin, h\u0131zl\u0131 bir kamula\u015ft\u0131rma s\u00fcreci ile sa\u011flanmas\u0131 gerekti\u011fi g\u00f6r\u00fc\u015f\u00fcne varm\u0131\u015ft\u0131r.<\/p>\n<p>Bir di\u011fer \u00f6nemli karar, g\u00fcm\u00fc\u015fba\u015f karar\u0131nda, ruhsats\u0131z bir yap\u0131n\u0131n uzun s\u00fcre boyunca kullan\u0131lmas\u0131n\u0131n ard\u0131ndan, idarenin yakla\u015f\u0131m\u0131 ve m\u00fclkiyet hakk\u0131n\u0131n ihlali ele al\u0131nm\u0131\u015ft\u0131r. Anayasa Mahkemesi, idarenin ruhsats\u0131z yap\u0131ya ili\u015fkin uzun s\u00fcre sessiz kalmas\u0131n\u0131n ard\u0131ndan yap\u0131n\u0131n y\u0131k\u0131lmas\u0131 ve ba\u015fvurunun sonu\u00e7lar\u0131 \u00fczerine bir karar vermi\u015ftir. Bu durum, m\u00fclkiyet hakk\u0131n\u0131n korunmas\u0131 gereklili\u011fi a\u00e7\u0131s\u0131ndan dikkate de\u011fer bir \u00f6rnek sunmaktad\u0131r.<\/p>\n<p>Ayr\u0131ca, tapu tahsis belgeleri ile ilgili kararlar da, toplumda s\u0131k\u00e7a ya\u015fanan m\u00fclkiyet sorunlar\u0131na \u0131\u015f\u0131k tutmaktad\u0131r. Mahkeme, tapu tahsis belgesi \u00fczerine in\u015fa edilen binalar\u0131n y\u0131k\u0131lmas\u0131 durumunda tazminat talebinin kar\u015f\u0131lanmas\u0131 gerekti\u011fi y\u00f6n\u00fcnde h\u00fck\u00fcm vermi\u015ftir.<\/p>\n<p>T\u00fcm bu kararlar, Anayasa Mahkemesi&#8217;nin m\u00fclkiyet haklar\u0131n\u0131 koruma ve hukuk devleti ilkesine ba\u011fl\u0131l\u0131k a\u00e7\u0131s\u0131ndan sergiledi\u011fi tutumu ortaya koymaktad\u0131r. M\u00fclkiyet haklar\u0131, bireylerin ekonomik g\u00fcvenli\u011finin sa\u011flanmas\u0131 ve toplumda adaletin tesisi a\u00e7\u0131s\u0131ndan b\u00fcy\u00fck bir \u00f6nem ta\u015f\u0131maktad\u0131r. Bu ba\u011flamda, Anayasa Mahkemesi\u2019nin verdi\u011fi kararlar, hukuk sistemine y\u00f6n veren ve m\u00fclkiyet hakk\u0131 ihlallerinin \u00f6nlenmesine katk\u0131da bulunan \u00f6nemli bir kaynakt\u0131r.<\/p>\n<h2 id=\"kamulastirmasiz-el-atma-imar-planinda-kamu-hizmetine-ayrilan-bir-tasinmazin-uzun-suredir-kamulastirilmadan-kullanilmasi-mulkiyet-hakkinin-ihlali-olarak-degerlendirilmektedir-burada-kamulastirmanin\">Kamula\u015ft\u0131rmas\u0131z El Atma: \u0130mar plan\u0131nda kamu hizmetine ayr\u0131lan bir ta\u015f\u0131nmaz\u0131n uzun s\u00fcredir kamula\u015ft\u0131r\u0131lmadan kullan\u0131lmas\u0131, m\u00fclkiyet hakk\u0131n\u0131n ihlali olarak de\u011ferlendirilmektedir. Burada, kamula\u015ft\u0131rman\u0131n zaman\u0131nda yap\u0131lmamas\u0131 gerekti\u011fi ve m\u00fclkiyet hakk\u0131n\u0131n korunmas\u0131 gerekti\u011fi ifade edilmi\u015ftir<\/h2>\n<p><img decoding=\"async\" class=\"qimage_class lazyload\" data-src=\"https:\/\/denizcankizil.tr\/wp-content\/uploads\/2024\/11\/6b007f.jpg6739b9fe24acd.jpg\" alt=\"Kamula\u015ft\u0131rmas\u0131z El Atma: \u0130mar plan\u0131nda kamu hizmetine ayr\u0131lan bir ta\u015f\u0131nmaz\u0131n uzun s\u00fcredir kamula\u015ft\u0131r\u0131lmadan kullan\u0131lmas\u0131, m\u00fclkiyet hakk\u0131n\u0131n ihlali olarak de\u011ferlendirilmektedir. Burada, kamula\u015ft\u0131rman\u0131n zaman\u0131nda yap\u0131lmamas\u0131 gerekti\u011fi ve m\u00fclkiyet hakk\u0131n\u0131n korunmas\u0131 gerekti\u011fi ifade edilmi\u015ftir\" src=\"data:image\/svg+xml;base64,PHN2ZyB3aWR0aD0iMSIgaGVpZ2h0PSIxIiB4bWxucz0iaHR0cDovL3d3dy53My5vcmcvMjAwMC9zdmciPjwvc3ZnPg==\" style=\"--smush-placeholder-width: 600px; --smush-placeholder-aspect-ratio: 600\/800;\"><br \/>Mahkemesi, K\u0131rca M\u00fchendislik A.\u015e. hakk\u0131nda verdi\u011fi kararda ruhsat olmadan y\u00fcr\u00fct\u00fclen bir madencilik faaliyeti sonucunda elde edilen gelirlerin devlet taraf\u0131ndan el konulmas\u0131n\u0131n m\u00fclkiyet hakk\u0131n\u0131 ihlal etti\u011fine h\u00fckmetmi\u015ftir. Anayasa Mahkemesi, i\u015flemin dayana\u011f\u0131 olarak sunulan protokol\u00fcn ge\u00e7ersiz oldu\u011funu belirtse de, idarenin faaliyet s\u0131ras\u0131nda i\u015fletmeyi denetlemekle y\u00fck\u00fcml\u00fc oldu\u011funu ve bu denetimlerin yetersiz olmas\u0131 nedeniyle m\u00fclkiyet hakk\u0131n\u0131n ihlal edildi\u011fine vurgu yapm\u0131\u015ft\u0131r. <\/p>\n<p>Bu kararlar\u0131n t\u00fcm\u00fc, m\u00fclkiyet hakk\u0131n\u0131n korunmas\u0131, kamula\u015ft\u0131rma i\u015flemlerinin zaman\u0131nda ve adil bir \u015fekilde yap\u0131lmas\u0131, ruhsats\u0131z yap\u0131larla ilgili s\u00fcrecin y\u00f6netilmesi gibi konular\u0131n yan\u0131 s\u0131ra, m\u00fclkiyet haklar\u0131n\u0131n ihlal edildi\u011fi durumlarda bireylerin hukuk yoluna ba\u015fvurabilme haklar\u0131n\u0131n \u00f6nemini de g\u00f6zler \u00f6n\u00fcne sermektedir. Anayasa Mahkemesi&#8217;nin verdi\u011fi bu kararlar, \u00f6zellikle m\u00fclkiyet hakk\u0131n\u0131n korunmas\u0131 konusunda s\u0131k\u0131nt\u0131lar ya\u015fayan bireyler i\u00e7in bir umut kayna\u011f\u0131 olu\u015fturmakta ve hukukun \u00fcst\u00fcnl\u00fc\u011f\u00fcn\u00fcn sa\u011flanmas\u0131 ad\u0131na \u00f6nemli bir yere sahip olmaktad\u0131r. <\/p>\n<p>M\u00fclkiyet hakk\u0131 ihlalleri konusunda \u00f6nemli yasa ve d\u00fczenlemelerin yan\u0131 s\u0131ra, bu kararlar\u0131n uygulanabilirli\u011finin sa\u011flanmas\u0131 ve mahkeme kararlar\u0131n\u0131n zaman\u0131nda yerine getirilmesi, hukukun temel prensiplerinden biri olan adaletin sa\u011flanmas\u0131nda hayati bir rol oynamaktad\u0131r. Anayasa Mahkemesi\u2019nin bu kararlar\u0131, toplumda m\u00fclkiyet haklar\u0131n\u0131n daha etkin bir \u015fekilde korunmas\u0131na ve g\u00fcvence alt\u0131na al\u0131nmas\u0131na katk\u0131da bulunaca\u011f\u0131 gibi, ayn\u0131 zamanda hukuk sisteminin de i\u015fleyi\u015fini g\u00fc\u00e7lendirecektir.<\/p>\n<h2 id=\"ruhsatsiz-yapi-uzun-yillar-boyunca-ruhsatsiz-bir-yapiya-idarenin-goz-yummasi-ve-daha-sonra-bu-yapinin-yikilmasi-hakkinda-verilen-karar-mulkiyet-hakkinin-ihlali-olarak-degerlendirilmistir-idarenin-b\">Ruhsats\u0131z Yap\u0131: Uzun y\u0131llar boyunca ruhsats\u0131z bir yap\u0131ya idarenin g\u00f6z yummas\u0131 ve daha sonra bu yap\u0131n\u0131n y\u0131k\u0131lmas\u0131 hakk\u0131nda verilen karar, m\u00fclkiyet hakk\u0131n\u0131n ihlali olarak de\u011ferlendirilmi\u015ftir. \u0130darenin bu yap\u0131 hakk\u0131nda bir tazminat \u00f6dememesi, ba\u015fvurucunun b\u00fct\u00fcn zarar\u0131 tek ba\u015f\u0131na katlanmas\u0131na neden oldu\u011fu i\u00e7in insan haklar\u0131na ayk\u0131r\u0131 bulunmaktad\u0131r<\/h2>\n<p><img decoding=\"async\" class=\"qimage_class lazyload\" data-src=\"https:\/\/denizcankizil.tr\/wp-content\/uploads\/2024\/11\/ikildi.jpg\" alt=\"Ruhsats\u0131z Yap\u0131: Uzun y\u0131llar boyunca ruhsats\u0131z bir yap\u0131ya idarenin g\u00f6z yummas\u0131 ve daha sonra bu yap\u0131n\u0131n y\u0131k\u0131lmas\u0131 hakk\u0131nda verilen karar, m\u00fclkiyet hakk\u0131n\u0131n ihlali olarak de\u011ferlendirilmi\u015ftir. \u0130darenin bu yap\u0131 hakk\u0131nda bir tazminat \u00f6dememesi, ba\u015fvurucunun b\u00fct\u00fcn zarar\u0131 tek ba\u015f\u0131na katlanmas\u0131na neden oldu\u011fu i\u00e7in insan haklar\u0131na ayk\u0131r\u0131 bulunmaktad\u0131r\" src=\"data:image\/svg+xml;base64,PHN2ZyB3aWR0aD0iMSIgaGVpZ2h0PSIxIiB4bWxucz0iaHR0cDovL3d3dy53My5vcmcvMjAwMC9zdmciPjwvc3ZnPg==\" style=\"--smush-placeholder-width: 1280px; --smush-placeholder-aspect-ratio: 1280\/720;\"><br \/>Anayasa Mahkemesi&#8217;nin m\u00fclkiyet hakk\u0131na ili\u015fkin verdi\u011fi kararlar, T\u00fcrkiye&#8217;deki hukukun temel prensiplerine ve bireylerin haklar\u0131na \u00f6nemli bir rehberlik sa\u011flamaktad\u0131r. Bu ba\u011flamda, m\u00fclkiyet hakk\u0131n\u0131n ihlali ile ilgili spesifik vakalar \u00fczerinde durmak ve bu kararlar\u0131n i\u00e7eri\u011fini aktarmak son derece \u00f6nemlidir.<\/p>\n<h3>1. T\u00fcrkan Poyraz Karar\u0131<\/h3>\n<p>Bu karar, kamula\u015ft\u0131rma bedelinin \u00f6denmesi s\u00fcrecindeki gecikmeleri ele almaktad\u0131r. 2006 y\u0131l\u0131nda kamula\u015ft\u0131rma bedelinin bir k\u0131sm\u0131n\u0131n \u00f6denmesinin ard\u0131ndan, dava s\u00fcre\u00e7lerinin uzay\u0131p, Yarg\u0131tay&#8217;\u0131n bozma karar\u0131 vermesi gibi durumlar ortaya \u00e7\u0131km\u0131\u015ft\u0131r. Sonu\u00e7 olarak, 2014 y\u0131l\u0131nda kamula\u015ft\u0131rma bedelinin tamam\u0131 \u00f6denmi\u015ftir. Ancak Anayasa Mahkemesi, \u00f6denen faizlerin ve enflasyon oranlar\u0131n\u0131n dikkate al\u0131nd\u0131\u011f\u0131nda, m\u00fclk sahiplerinin y\u00fczde 9 gibi bir art\u0131\u015fla tatmin edilmesinin m\u00fclkiyet haklar\u0131n\u0131 ihlal etti\u011fine karar vermi\u015ftir. Bu durum, uzun yarg\u0131lama s\u00fcre\u00e7lerinin bireylerin haklar\u0131 \u00fczerinde yaratt\u0131\u011f\u0131 olumsuz etkiyi vurgulamaktad\u0131r.<\/p>\n<h3>2. H\u00fcseyin \u00dcnal Karar\u0131<\/h3>\n<p>Kamula\u015ft\u0131rmas\u0131z el atma ile ilgili olan bu karar, imar plan\u0131nda belirlenen bir yol \u00fczerinde yer alan ta\u015f\u0131nmazlar\u0131n kamula\u015ft\u0131r\u0131lmamas\u0131 durumunu ele almaktad\u0131r. 2004 y\u0131l\u0131ndan itibaren herhangi bir kamula\u015ft\u0131rma i\u015flemine tabi tutulmayan bu m\u00fclkler, kamu yarar\u0131 g\u00f6zetilmeden ya\u015fanan bir ihlali i\u015faret etmektedir. Anayasa Mahkemesi, ta\u015f\u0131nmaz\u0131n makul bir s\u00fcre i\u00e7inde kamula\u015ft\u0131r\u0131lmas\u0131 gerekti\u011fine vurgu yapm\u0131\u015f ve b\u00f6yle bir ihlalin varl\u0131\u011f\u0131 konusunda karar alm\u0131\u015ft\u0131r.<\/p>\n<h3>3. G\u00fcm\u00fc\u015fba\u015f Karar\u0131<\/h3>\n<p>Ruhsats\u0131z bir yap\u0131n\u0131n y\u0131llarca idarenin bilgisi dahilinde ayakta kalmas\u0131n\u0131 ele alan bu karar, ruhsats\u0131z yap\u0131n\u0131n y\u0131k\u0131lmas\u0131 s\u0131ras\u0131nda tazminat verilmemesi durumunu incelemektedir. Anayasa Mahkemesi, yap\u0131n\u0131n uzun s\u00fcredir kullan\u0131lmas\u0131na ra\u011fmen y\u0131k\u0131lmas\u0131n\u0131n ve bunun sonucunda ba\u015fvurucunun u\u011frad\u0131\u011f\u0131 zarar\u0131n tazmin edilmemesinin m\u00fclkiyet hakk\u0131n\u0131 ihlal etti\u011fine karar vermi\u015ftir.<\/p>\n<h3>4. Tapu Tahsis Belgesi Karar\u0131<\/h3>\n<p>Tapu tahsis belgeleri ile ilgili bu karar, bu belgelerin vatanda\u015flara sunmu\u015f oldu\u011fu haklar\u0131n ihlal edildi\u011fi durumlar\u0131 incelemektedir. Mahkeme, ba\u015fvurucunun tapu tahsis belgesine dayanarak in\u015fa etti\u011fi yap\u0131n\u0131n, tazminat \u00f6denmeden y\u0131k\u0131lmak istenmesinin m\u00fclkiyet hakk\u0131n\u0131 ihlal etti\u011fine karar vermi\u015ftir. Bu durum, kamu yarar\u0131 ile bireylerin m\u00fclkiyet haklar\u0131 aras\u0131nda bir dengenin sa\u011flanmas\u0131 gereklili\u011fini ortaya koymaktad\u0131r.<\/p>\n<h3>5. K\u0131rca M\u00fchendislik A.\u015e. Karar\u0131<\/h3>\n<p>Bu karar, ruhsats\u0131z bir madencilik faaliyeti ger\u00e7ekle\u015ftiren K\u0131rca M\u00fchendislik A.\u015e.&#8217;nin, idarenin izni olmaks\u0131z\u0131n faaliyette bulunmas\u0131n\u0131 ve ard\u0131ndan elde edilen gelirin idare taraf\u0131ndan el konulmas\u0131 s\u00fcrecini ele almaktad\u0131r. Anayasa Mahkemesi, idarenin bilgilendirme ve denetim yapmad\u0131\u011f\u0131 durumun m\u00fclkiyet hakk\u0131n\u0131n ihlaline yol a\u00e7t\u0131\u011f\u0131na h\u00fckmetmi\u015ftir.<\/p>\n<p>Bu kararlar, Anayasa Mahkemesi&#8217;nin m\u00fclkiyet haklar\u0131na verdi\u011fi \u00f6nemi ve bu haklar\u0131n korunmas\u0131n\u0131n gereklili\u011fini g\u00f6stermektedir. Anayasa Mahkemesi&#8217;nin kararlar\u0131, bireylerin haklar\u0131n\u0131n korunmas\u0131 ve m\u00fclkiyet hakk\u0131n\u0131n ihlal edilmemesi a\u00e7\u0131s\u0131ndan, gelecekteki emsal olu\u015fturan durumlar i\u00e7in ayr\u0131 bir \u00f6nem ta\u015f\u0131maktad\u0131r.<\/p>\n<h2 id=\"tapu-tahsis-belgeleri-tapu-tahsis-belgesi-olan-bir-tasinmazin-yikilmasi-sonucunda-basvurucuya-tazminat-odenmesi-gerektigi-belirtilmistir-idarenin-bu-belgelere-dayanarak-yaratilan-haklari-dikkate-a\">Tapu Tahsis Belgeleri: Tapu tahsis belgesi olan bir ta\u015f\u0131nmaz\u0131n y\u0131k\u0131lmas\u0131 sonucunda, ba\u015fvurucuya tazminat \u00f6denmesi gerekti\u011fi belirtilmi\u015ftir. \u0130darenin, bu belgelere dayanarak yarat\u0131lan haklar\u0131 dikkate almas\u0131 ve m\u00fclkiyet hakk\u0131na sayg\u0131 g\u00f6stermesi gerekti\u011fi vurgulanm\u0131\u015ft\u0131r<\/h2>\n<p><img decoding=\"async\" class=\"qimage_class lazyload\" data-src=\"https:\/\/denizcankizil.tr\/wp-content\/uploads\/2024\/11\/271.jpg\" alt=\"Tapu Tahsis Belgeleri: Tapu tahsis belgesi olan bir ta\u015f\u0131nmaz\u0131n y\u0131k\u0131lmas\u0131 sonucunda, ba\u015fvurucuya tazminat \u00f6denmesi gerekti\u011fi belirtilmi\u015ftir. \u0130darenin, bu belgelere dayanarak yarat\u0131lan haklar\u0131 dikkate almas\u0131 ve m\u00fclkiyet hakk\u0131na sayg\u0131 g\u00f6stermesi gerekti\u011fi vurgulanm\u0131\u015ft\u0131r\" src=\"data:image\/svg+xml;base64,PHN2ZyB3aWR0aD0iMSIgaGVpZ2h0PSIxIiB4bWxucz0iaHR0cDovL3d3dy53My5vcmcvMjAwMC9zdmciPjwvc3ZnPg==\" style=\"--smush-placeholder-width: 303px; --smush-placeholder-aspect-ratio: 303\/400;\"><br \/>Mahkemesi, m\u00fclkiyet hakk\u0131n\u0131n ihlaliyle ilgili \u00e7ok \u00f6nemli kararlar almakta ve bu kararlar, yarg\u0131lamalar\u0131n yenilenmesine gerek\u00e7e olabilmektedir. Anayasa Mahkemesi&#8217;nin kararlar\u0131, hukuk sistemimizde \u00f6nemli bir y\u00f6n belirleyici rol oynuyor ve somut olaylara \u0131\u015f\u0131k tutmaktad\u0131r. Konuya ili\u015fkin olarak, m\u00fclkiyet hakk\u0131n\u0131 ihlal eden \u00e7e\u015fitli i\u00e7tihatlar\u0131 ve Anayasa Mahkemesi&#8217;nin kararlar\u0131n\u0131 incelemek \u00f6nemlidir.<\/p>\n<p>\u00d6rne\u011fin, T\u00fcrkan Poyraz karar\u0131, kamula\u015ft\u0131rma bedelinin yetersizli\u011fi ve buna ba\u011fl\u0131 olarak m\u00fclkiyet hakk\u0131n\u0131n zedelenmesi meselesine de\u011finmektedir. Anayasa Mahkemesi, kamula\u015ft\u0131rma bedelinin \u00f6denmesiyle ilgili sorunlar\u0131 vurgulayarak, enflasyon kar\u015f\u0131s\u0131nda de\u011fer kayb\u0131 ya\u015fand\u0131\u011f\u0131na dikkat \u00e7ekmi\u015f ve bu durumun m\u00fclkiyet hakk\u0131n\u0131 ihlal etti\u011fini belirlemi\u015ftir.<\/p>\n<p>H\u00fcseyin \u00dcnal karar\u0131 ise kamula\u015ft\u0131rmas\u0131z el atma durumunu ele almaktad\u0131r. \u0130mar plan\u0131nda bir ta\u015f\u0131nmaz\u0131n kamu hizmetine ayr\u0131ld\u0131\u011f\u0131n\u0131, ancak uzun bir s\u00fcre boyunca kamula\u015ft\u0131rma yap\u0131lmad\u0131\u011f\u0131n\u0131 ifade eden Mahkeme, bu durumu m\u00fclkiyet hakk\u0131n\u0131n ihlali olarak de\u011ferlendirmi\u015ftir. \u0130darenin, m\u00fclkiyet haklar\u0131yla kamu yarar\u0131 aras\u0131nda bir denge kurmas\u0131 gerekti\u011fi vurgulanm\u0131\u015ft\u0131r.<\/p>\n<p>G\u00fcm\u00fc\u015fba\u015f karar\u0131, ruhsats\u0131z bir yap\u0131n\u0131n uzun s\u00fcre kullan\u0131lmas\u0131na ra\u011fmen y\u0131k\u0131lmas\u0131na y\u00f6nelik \u00e7\u0131kan bir ihlal davas\u0131na ili\u015fkindir. 20 y\u0131l boyunca kullan\u0131mda herhangi bir tazminat \u00f6denmeden y\u0131k\u0131lmay\u0131 gerektiren bu durum, Anayasa Mahkemesi taraf\u0131ndan m\u00fclkiyet hakk\u0131n\u0131n ihlali olarak yorumlanm\u0131\u015ft\u0131r. \u0130darelerin, sahip olduklar\u0131 ta\u015f\u0131nmazlarla ilgili ge\u00e7 kalm\u0131\u015f kararlar\u0131n\u0131n sonu\u00e7lar\u0131n\u0131 tazmin etmesi gerekti\u011fi sonucuna var\u0131lm\u0131\u015ft\u0131r.<\/p>\n<p>Tapu tahsis belgesiyle ilgili kararlar da \u00f6nemli bir yer tutmaktad\u0131r. Tapu tahsis belgesi sahibi olan ki\u015filer, idarenin m\u00fcsaade etti\u011fi s\u00fcrece ta\u015f\u0131nmazlar\u0131n\u0131 kullanmakta ve bu hakk\u0131n ihlali durumunda tazminat taleplerinde bulunabilmektedirler. Anayasa Mahkemesi, bu belgelerin hukuki de\u011ferini ve beraberindeki haklar\u0131 g\u00f6z \u00f6n\u00fcnde bulundurarak m\u00fclkiyet hakk\u0131n\u0131n ihlal edildi\u011fine karar vermi\u015ftir.<\/p>\n<p>Son olarak, K\u0131rca M\u00fchendislik A.\u015e. davas\u0131, ruhsats\u0131z maden faaliyetlerine ili\u015fkindir. Burada Anayasa Mahkemesi, idarenin bilgi ve denetim sorumlulu\u011fu alt\u0131nda ger\u00e7ekle\u015ftirilen maden \u00e7\u0131karma i\u015flemlerinin hukuki \u00e7at\u0131\u015fmalar\u0131n\u0131 incelemi\u015ftir. \u0130lgili protokollerin ve idarenin sorumlulu\u011funun yeterince yerine getirilmedi\u011fi gerek\u00e7esiyle m\u00fclkiyet hakk\u0131 ihlaline karar verilmi\u015ftir.<\/p>\n<p>Sonu\u00e7 olarak, Anayasa Mahkemesi&#8217;nin bu t\u00fcr kararlar\u0131, m\u00fclkiyet hakk\u0131n\u0131n korunmas\u0131 ve g\u00fcvence alt\u0131na al\u0131nmas\u0131 a\u00e7\u0131s\u0131ndan kritik \u00f6neme sahip olup \u00fclke hukukuna \u00f6nemli katk\u0131lar sa\u011flamaktad\u0131r. Bu kararlar\u0131n i\u00e7eri\u011fi, \u00f6zellikle ki\u015finin m\u00fclkiyet hakk\u0131n\u0131 koruma hususunda ortaya \u00e7\u0131kan g\u00fc\u00e7l\u00fckleri ve yarg\u0131 s\u00fcre\u00e7lerinin aksakl\u0131klar\u0131n\u0131 da a\u00e7\u0131\u011fa \u00e7\u0131karmaktad\u0131r.<\/p>\n<h2 id=\"ruhsatsiz-madencilik-faaliyeti-madencilik-faaliyeti-yurutulen-bir-alanda-ruhsat-olmamasi-nedeniyle-gerceklesen-el-koyma-islemi-anayasa-mahkemesi-tarafindan-incelenmis-ve-davacinin-mulkiyet-hakkinin\">Ruhsats\u0131z Madencilik Faaliyeti: Madencilik faaliyeti y\u00fcr\u00fct\u00fclen bir alanda ruhsat olmamas\u0131 nedeniyle ger\u00e7ekle\u015fen el koyma i\u015flemi, Anayasa Mahkemesi taraf\u0131ndan incelenmi\u015f ve davac\u0131n\u0131n m\u00fclkiyet hakk\u0131n\u0131n ihlal edildi\u011fi sonucuna var\u0131lm\u0131\u015ft\u0131r. \u0130darenin bu durumu g\u00f6z \u00f6n\u00fcnde bulundurmas\u0131 ve ba\u015fvurucunun haklar\u0131na sayg\u0131 g\u00f6stermesi gerekti\u011fi belirtilmi\u015ftir<\/h2>\n<p><img decoding=\"async\" class=\"qimage_class lazyload\" data-src=\"https:\/\/denizcankizil.tr\/wp-content\/uploads\/2024\/11\/046923.jpg\" alt=\"Ruhsats\u0131z Madencilik Faaliyeti: Madencilik faaliyeti y\u00fcr\u00fct\u00fclen bir alanda ruhsat olmamas\u0131 nedeniyle ger\u00e7ekle\u015fen el koyma i\u015flemi, Anayasa Mahkemesi taraf\u0131ndan incelenmi\u015f ve davac\u0131n\u0131n m\u00fclkiyet hakk\u0131n\u0131n ihlal edildi\u011fi sonucuna var\u0131lm\u0131\u015ft\u0131r. \u0130darenin bu durumu g\u00f6z \u00f6n\u00fcnde bulundurmas\u0131 ve ba\u015fvurucunun haklar\u0131na sayg\u0131 g\u00f6stermesi gerekti\u011fi belirtilmi\u015ftir\" src=\"data:image\/svg+xml;base64,PHN2ZyB3aWR0aD0iMSIgaGVpZ2h0PSIxIiB4bWxucz0iaHR0cDovL3d3dy53My5vcmcvMjAwMC9zdmciPjwvc3ZnPg==\" style=\"--smush-placeholder-width: 889px; --smush-placeholder-aspect-ratio: 889\/625;\"><br \/>Anayasa Mahkemesi kararlar\u0131, m\u00fclkiyet hakk\u0131 ve kamula\u015ft\u0131rma konular\u0131nda \u00e7ok \u00f6nemli bir hukuki \u00e7er\u00e7eve sunmaktad\u0131r. Bu kararlar\u0131n, bireylerin m\u00fclkiyet haklar\u0131n\u0131n korunmas\u0131 a\u00e7\u0131s\u0131ndan ne denli kritik oldu\u011funu a\u00e7\u0131klamak i\u00e7in birka\u00e7 \u00f6rnek \u00fczerinden gitmek faydal\u0131 olabilir.<\/p>\n<ol>\n<li><strong>T\u00fcrkan Poyraz Karar\u0131<\/strong>: Bu karar, kamula\u015ft\u0131rma bedelinin \u00f6denmesi s\u0131ras\u0131nda ya\u015fanan sorunlar\u0131 ele al\u0131yor. Mahkeme, kamula\u015ft\u0131rma bedellerinin, enflasyon kar\u015f\u0131s\u0131nda \u00f6nemli bir de\u011fer kayb\u0131na u\u011frad\u0131\u011f\u0131n\u0131 belirterek m\u00fclkiyet hakk\u0131n\u0131n ihlaline h\u00fckmetmi\u015ftir. \u00d6zellikle, T\u00fcrkiye&#8217;deki enflasyon oranlar\u0131 g\u00f6z \u00f6n\u00fcne al\u0131nd\u0131\u011f\u0131nda, \u00f6denen %9 oran\u0131n\u0131n yeterli olmad\u0131\u011f\u0131n\u0131 vurgulam\u0131\u015ft\u0131r.<\/li>\n<\/ol>\n<ol>\n<li><strong>H\u00fcseyin \u00dcnal Karar\u0131<\/strong>: Burada, kamula\u015ft\u0131rmas\u0131z el atma durumu ele al\u0131nd\u0131. \u0130mar plan\u0131nda kamu hizmetine ayr\u0131lan bir ta\u015f\u0131nmaz\u0131n y\u0131llarca kamula\u015ft\u0131r\u0131lmamas\u0131, m\u00fclkiyet hakk\u0131n\u0131n ihlali olarak de\u011ferlendirildi. Anayasa Mahkemesi, kamula\u015ft\u0131rma i\u015fleminin yap\u0131lmamas\u0131 nedeniyle m\u00fclkiyet hakk\u0131n\u0131n zedelendi\u011fini belirtti.<\/li>\n<\/ol>\n<ol>\n<li><strong>G\u00fcm\u00fc\u015fba\u015f Karar\u0131<\/strong>: Ruhsats\u0131z bir yap\u0131n\u0131n uzun s\u00fcre boyunca y\u0131k\u0131lmamas\u0131 durumu incelendi. \u0130dare, yap\u0131n\u0131n ruhsats\u0131z oldu\u011funun bilincinde olmas\u0131na ra\u011fmen, 20 y\u0131l s\u00fcresince y\u0131k\u0131m i\u015flemi ger\u00e7ekle\u015ftirmemi\u015ftir. Mahkeme, bu durumun m\u00fclkiyet hakk\u0131n\u0131n ihlali oldu\u011fu sonucuna vard\u0131 ve idarenin sorumlulu\u011fu vurguland\u0131.<\/li>\n<\/ol>\n<ol>\n<li><strong>Tapu Tahsis Belgesi ile \u0130lgili Karar<\/strong>: Tapu tahsis belgesine dayanan bir yap\u0131n\u0131n y\u0131k\u0131lmas\u0131 ve tazminat \u00f6denmemesi durumu mahkemece de\u011ferlendirildi. Mahkeme, uzun bir s\u00fcre boyunca belgeye dayanan kullan\u0131ma m\u00fcsamaha g\u00f6sterilmesi nedeniyle yap\u0131lacak y\u0131k\u0131m\u0131n tazminats\u0131z ger\u00e7ekle\u015ftirilmesinin m\u00fclkiyet hakk\u0131n\u0131 ihlal edece\u011fine h\u00fckmetti.<\/li>\n<\/ol>\n<ol>\n<li><strong>K\u0131rca M\u00fchendislik A.\u015e. Karar\u0131<\/strong>: Ruhsats\u0131z alt\u0131n madeni faaliyetinin durdurulmas\u0131 ile ilgili bir karar. Mahkeme, ruhsat olmaks\u0131z\u0131n ger\u00e7ekle\u015ftirilen bu faaliyetlerin sonucunda elde edilen gelirlerin geri al\u0131nmas\u0131n\u0131 hukuken haks\u0131z buldu ve m\u00fclkiyet hakk\u0131n\u0131n ihlaline vurgu yapt\u0131.<\/li>\n<\/ol>\n<p>Bu \u00f6rnekler, Anayasa Mahkemesi&#8217;nin m\u00fclkiyet haklar\u0131n\u0131 koruma konusundaki hassasiyetini ve hukuk devleti ilkesinin gerekliliklerini ortaya koymaktad\u0131r. M\u00fclkiyet haklar\u0131, bireylerin ekonomik g\u00fcvencesini sa\u011flamakta ve adil bir hukuk sisteminin temellerinden birini olu\u015fturmaktad\u0131r. Bu nedenle, al\u0131nan kararlar\u0131n gereklili\u011fi ve anayasada sa\u011flanan g\u00fcvence a\u00e7\u0131s\u0131ndan b\u00fcy\u00fck bir \u00f6nemi vard\u0131r.<\/p>\n<h2 id=\"bu-kararlar-anayasa-mahkemesinin-mulkiyet-haklarina-olan-yaklasiminin-ve-genel-olarak-hukuk-sisteminin-isleyisinin-ne-denli-onemli-oldugunu-gostermektedir-bu-baglamda-verilen-kararlar-hem-bireyleri\">Bu kararlar, Anayasa Mahkemesinin m\u00fclkiyet haklar\u0131na olan yakla\u015f\u0131m\u0131n\u0131n ve genel olarak hukuk sisteminin i\u015fleyi\u015finin ne denli \u00f6nemli oldu\u011funu g\u00f6stermektedir. Bu ba\u011flamda verilen kararlar, hem bireylerin haklar\u0131n\u0131 korumakta hem de hukukun \u00fcst\u00fcnl\u00fc\u011f\u00fcn\u00fc sa\u011flamaktad\u0131r<\/h2>\n<p><img decoding=\"async\" class=\"qimage_class lazyload\" data-src=\"https:\/\/denizcankizil.tr\/wp-content\/uploads\/2024\/11\/hukuku.jpg6739ba3f9f810.jpg\" alt=\"Bu kararlar, Anayasa Mahkemesinin m\u00fclkiyet haklar\u0131na olan yakla\u015f\u0131m\u0131n\u0131n ve genel olarak hukuk sisteminin i\u015fleyi\u015finin ne denli \u00f6nemli oldu\u011funu g\u00f6stermektedir. Bu ba\u011flamda verilen kararlar, hem bireylerin haklar\u0131n\u0131 korumakta hem de hukukun \u00fcst\u00fcnl\u00fc\u011f\u00fcn\u00fc sa\u011flamaktad\u0131r\" src=\"data:image\/svg+xml;base64,PHN2ZyB3aWR0aD0iMSIgaGVpZ2h0PSIxIiB4bWxucz0iaHR0cDovL3d3dy53My5vcmcvMjAwMC9zdmciPjwvc3ZnPg==\" style=\"--smush-placeholder-width: 828px; --smush-placeholder-aspect-ratio: 828\/800;\"><br \/>Anayasa Mahkemesi kararlar\u0131, m\u00fclkiyet hakk\u0131 gibi temel haklar\u0131n korunmas\u0131 a\u00e7\u0131s\u0131ndan son derece \u00f6nemli bir yere sahiptir. Bu kararlar, bireysel ba\u015fvurular sonucunda ortaya \u00e7\u0131kabilmekte ve hukuk sistemine y\u00f6n vermektedir. M\u00fclkiyet hakk\u0131n\u0131n ihlali, kamu idarelerinin uygulamalar\u0131nda ve uzun s\u00fcren yarg\u0131lamalarda s\u0131k\u00e7a kar\u015f\u0131la\u015f\u0131lan bir durumdur. <\/p>\n<p>\u00d6zellikle \u00f6rnek olarak verilen &#8220;T\u00fcrkan Poyraz&#8221; karar\u0131, kamula\u015ft\u0131rma bedelinin zaman\u0131nda \u00f6denmemesi ve enflasyon kar\u015f\u0131s\u0131nda kay\u0131p gibi meseleler \u00fczerinden m\u00fclkiyet hakk\u0131n\u0131n ihlal edildi\u011fini g\u00f6stermektedir. Anayasa Mahkemesi, kamula\u015ft\u0131rma bedelinin \u00f6denmesinde ya\u015fanan gecikmelerin ve bunun sonucundaki de\u011fer kayb\u0131n\u0131n m\u00fclkiyet hakk\u0131n\u0131 zedeledi\u011fine vurgu yapm\u0131\u015ft\u0131r.<\/p>\n<p>Di\u011fer bir \u00f6rnek olan &#8220;H\u00fcseyin \u00dcnal&#8221; karar\u0131 ise, imar plan\u0131nda ayr\u0131lan ta\u015f\u0131nmazlar\u0131n kamula\u015ft\u0131r\u0131lmamas\u0131 durumunun m\u00fclkiyet hakk\u0131na tecav\u00fcz etti\u011fini belirtmektedir. Anayasa Mahkemesi, belirli bir s\u00fcre i\u00e7erisinde kamula\u015ft\u0131rma i\u015flemleri yap\u0131lmad\u0131\u011f\u0131nda, m\u00fclkiyet haklar\u0131n\u0131n ihlal edildi\u011fi sonucuna varm\u0131\u015ft\u0131r.<\/p>\n<p>&#8220;G\u00fcm\u00fc\u015fba\u015f&#8221; karar\u0131, ruhsats\u0131z bir yap\u0131n\u0131n uzun s\u00fcre kullan\u0131lmas\u0131 sonras\u0131 y\u0131k\u0131lmas\u0131n\u0131n, m\u00fclkiyet hakk\u0131n\u0131n ihlaline yol a\u00e7t\u0131\u011f\u0131n\u0131 g\u00f6steren bir di\u011fer \u00f6nemli karard\u0131r. \u0130darenin bu yap\u0131y\u0131 y\u0131kma s\u00fcrecinde tazminat \u00f6dememesi, bireysel ba\u015fvuru sahibi aleyhine adaletsiz bir durum yaratm\u0131\u015f ve bu durum Anayasa Mahkemesi taraf\u0131ndan iptal edilmi\u015ftir.<\/p>\n<p>Bunlar\u0131n yan\u0131nda, tapu tahsis belgeleri ile ilgili yap\u0131lan ba\u015fvurular, m\u00fclkiyet haklar\u0131n\u0131n korunmas\u0131n\u0131n yan\u0131 s\u0131ra bu haklar\u0131n kullan\u0131m\u0131na dair belirsizliklerin de hukuken de\u011ferlendirildi\u011fini g\u00f6stermektedir. Burada da Anayasa Mahkemesi, uzun s\u00fcreli kullan\u0131m\u0131n ard\u0131ndan bu t\u00fcr belgelere dayal\u0131 haklar\u0131n y\u0131k\u0131m s\u00fcrecinde korunmas\u0131 gerekti\u011fini ifade etmi\u015ftir.<\/p>\n<p>Son olarak, &#8220;K\u0131rca M\u00fchendislik A.\u015e.&#8221; karar\u0131, ruhsats\u0131z madencilik faaliyetlerine dair bir \u00f6rnektir. \u0130lgili idare taraf\u0131ndan ruhsat verilmemesi sebebiyle, bu faaliyetin sonucu elde edilen gelirlerin kaybedilmesi durumu, m\u00fclkiyet hakk\u0131n\u0131n uygulanmas\u0131nda ya\u015fanan karma\u015fay\u0131 ortaya koymaktad\u0131r.<\/p>\n<p>Bu kararlar, m\u00fclkiyet haklar\u0131n\u0131n korunmas\u0131 ve kamula\u015ft\u0131rma s\u00fcre\u00e7lerindeki adaletin sa\u011flanmas\u0131 a\u00e7\u0131s\u0131ndan \u00f6nemlidir ve hukukumuz i\u00e7inde \u00f6nemli bir yere sahiptir. Anayasa Mahkemesi&#8217;nin bu konudaki yakla\u015f\u0131m\u0131, m\u00fclkiyet hakk\u0131n\u0131n etkin bir \u015fekilde korunmas\u0131na dair hukuki bir zemin sa\u011flamaktad\u0131r. <\/p>\n<h2 id=\"outro\">\u0441\u043b\u0435\u0434\u043e\u0432\u0430\u0442\u0435\u043b\u044c\u043d\u043e<\/h2>\n<p>Anayasa Mahkemesi, bireysel ba\u015fvurular sonucunda verdi\u011fi kararlarla m\u00fclkiyet hakk\u0131 konusunda \u00f6nemli de\u011ferlendirmelerde bulunmaktad\u0131r. Bu kararlar, m\u00fclkiyet hakk\u0131n\u0131n korunmas\u0131 ve bireylerin haklar\u0131n\u0131n ihlal edilip edilmedi\u011fi a\u00e7\u0131s\u0131ndan b\u00fcy\u00fck bir anlam ta\u015f\u0131maktad\u0131r.<\/p>\n<p>\u00d6rne\u011fin, <strong>T\u00fcrkan Poyraz karar\u0131<\/strong>, kamula\u015ft\u0131rma bedelinin \u00f6denmesi s\u00fcrecine dair \u00f6nemli bir i\u00e7eri\u011fe sahiptir. Bu karar, 2006 y\u0131l\u0131nda k\u0131smen \u00f6denen kamula\u015ft\u0131rma bedelinin, 2014&#8217;te toplamda \u00f6dendi\u011fi durumda bile enflasyon kar\u015f\u0131s\u0131nda ciddi bir de\u011fer kayb\u0131 ya\u015fand\u0131\u011f\u0131na dikkat \u00e7ekmektedir. Anayasa Mahkemesi, m\u00fclkiyet hakk\u0131n\u0131n zedelendi\u011fini belirterek, kamula\u015ft\u0131rma bedelinin yetersiz oldu\u011funu ve bu durumun hukuka ayk\u0131r\u0131 oldu\u011funu vurgulam\u0131\u015ft\u0131r. Bu, uzun yarg\u0131 s\u00fcre\u00e7lerinin ard\u0131ndan bile bireylerin haklar\u0131n\u0131n eksik ya da yetersiz kar\u015f\u0131land\u0131\u011f\u0131n\u0131 g\u00f6stermektedir.<\/p>\n<p>Di\u011fer bir karar ise <strong>H\u00fcseyin \u00dcnal karar\u0131<\/strong>d\u0131r. Bu karar, kamula\u015ft\u0131rmas\u0131z el atma durumuna dayanarak, imar planlar\u0131nda kamu hizmetine ayr\u0131lm\u0131\u015f ta\u015f\u0131nmazlar\u0131n uzun s\u00fcre kamula\u015ft\u0131r\u0131lmamas\u0131 nedeniyle m\u00fclkiyet hakk\u0131n\u0131n ihlal edildi\u011fini belirtiyor. Anayasa Mahkemesi, kamula\u015ft\u0131rma yap\u0131lmad\u0131\u011f\u0131 takdirde m\u00fclkiyet hakk\u0131n\u0131n korunamayaca\u011f\u0131n\u0131 ifade etmektedir.<\/p>\n<p><strong>G\u00fcm\u00fc\u015fba\u015f karar\u0131<\/strong> ise ruhsats\u0131z bir yap\u0131n\u0131n y\u0131k\u0131lmas\u0131 ile ilgilidir. Bu yap\u0131n\u0131n 20 y\u0131l boyunca idarenin bilgisi alt\u0131nda kullan\u0131ld\u0131\u011f\u0131, fakat 20 y\u0131l sonra y\u0131k\u0131lmas\u0131 s\u00fcrecinde herhangi bir tazminat \u00f6denmedi\u011fi durumunda, Anayasa Mahkemesi m\u00fclkiyet hakk\u0131n\u0131n ihlal edildi\u011fine h\u00fckmetmi\u015ftir. Mahkeme, uzun s\u00fcre boyunca izlenmeyen ve kullan\u0131lmas\u0131na g\u00f6z yumulmu\u015f bir yap\u0131n\u0131n y\u0131k\u0131lmas\u0131 durumunun, ba\u015fvurucu i\u00e7in ciddi zararlar do\u011furdu\u011funu belirtmi\u015ftir.<\/p>\n<p>Ayr\u0131ca, <strong>Tapu tahsis belgesi<\/strong> ile ilgili kararlar da m\u00fclkiyet hakk\u0131n\u0131n korunmas\u0131na dair \u00f6nemli bir i\u00e7eri\u011fe sahiptir. Anayasa Mahkemesi, bu belgelerle bulunan ta\u015f\u0131nmazlar\u0131n korunmas\u0131 ve ilgili hukuki s\u00fcre\u00e7lerin takip edilmesi gerekti\u011fini vurgulam\u0131\u015ft\u0131r. Bu konuda yap\u0131lan de\u011ferlendirmeler, hem kamu yarar\u0131n\u0131 hem de bireysel haklar\u0131 dengelemek ad\u0131na hayati bir \u00f6nem ta\u015f\u0131maktad\u0131r.<\/p>\n<p>Son olarak, <strong>K\u0131rca M\u00fchendislik A.\u015e. karar\u0131nda<\/strong>, ruhsats\u0131z bir madencilik faaliyetinin ard\u0131ndan elde edilen gelirlerin el konulmas\u0131na dair Anayasa Mahkemesi, idarenin denetim ve g\u00f6zetim y\u00fck\u00fcml\u00fcl\u00fc\u011f\u00fcn\u00fc hat\u0131rlatarak, bireysel ba\u015fvuru sonucundaki hukuki belirsizlikleri ortaya koymu\u015ftur. <\/p>\n<p>Bu kararlar, m\u00fclkiyet hakk\u0131n\u0131n korunmas\u0131n\u0131n yan\u0131 s\u0131ra hukukun \u00fcst\u00fcnl\u00fc\u011f\u00fcn\u00fcn sa\u011flanmas\u0131 a\u00e7\u0131s\u0131ndan \u00f6nem arz etmektedir. Anayasa Mahkemesi, taraflar\u0131n haklar\u0131n\u0131 koruyarak, adaletin sa\u011flanmas\u0131 yolunda \u00f6nemli bir rol oynamaktad\u0131r. <\/p>","protected":false},"excerpt":{"rendered":"<p>Anayasa Mahkemesi&#8217;nin kararlar\u0131, m\u00fclkiyet hakk\u0131 gibi temel haklar\u0131n korunmas\u0131 a\u00e7\u0131s\u0131ndan son derece \u00f6nemlidir. Bu kararlar, yarg\u0131lama s\u00fcre\u00e7lerinde yenilenmeye gerek\u00e7e te\u015fkil etmeleri nedeniyle hukuk d\u00fcnyas\u0131nda \u00f6nemli bir yere sahiptir. Bu ba\u011flamda, kamula\u015ft\u0131rma ve m\u00fclkiyet hakk\u0131 ihlalleriyle ilgili baz\u0131 \u00f6nemli kararlara de\u011finmek faydal\u0131 olacakt\u0131r.<\/p>\n<p>\u00d6ncelikle, m\u00fclkiyet hakk\u0131na ili\u015fkin olarak al\u0131nan kararlar\u0131n i\u00e7eri\u011fi, somut olaylar\u0131n ele al\u0131nmas\u0131nda \u0131\u015f\u0131k tutmas\u0131 a\u00e7\u0131s\u0131ndan de\u011ferlidir. \u00d6rnek olarak, bir kamula\u015ft\u0131rma bedelinin \u00f6denmesi ile ilgili verilen kararlar, kamu yarar\u0131n\u0131n korunmas\u0131 ile bireysel m\u00fclkiyet haklar\u0131 aras\u0131ndaki dengeyi vurgular. Uzun s\u00fcren yarg\u0131lamalar neticesinde, kamula\u015ft\u0131r\u0131lan ta\u015f\u0131nmazlar\u0131n bedellerinin zaman\u0131nda \u00f6denmemesi, m\u00fclkiyet hakk\u0131n\u0131 ciddi \u015fekilde ihlal edebilir.<\/p>\n<p>Bunun yan\u0131 s\u0131ra, imar planlar\u0131 ile ilgili ya\u015fanan sorunlar da hukukun uygulamas\u0131nda \u00f6nemli bir tart\u0131\u015fma konusudur. E\u011fer bir ta\u015f\u0131nmaz, uzun bir s\u00fcre boyunca kamula\u015ft\u0131r\u0131lmadan kamu hizmetine ayr\u0131l\u0131rsa, bu durum m\u00fclkiyet hakk\u0131n\u0131n ihlali olarak de\u011ferlendirilebilir. \u0130dari yarg\u0131n\u0131n g\u00f6rev alan\u0131ndaki belirsizlikler ve yarg\u0131 kararlar\u0131 da bu konuda anahtar rol oynamaktad\u0131r.<\/p>\n<p>Ayr\u0131ca, ruhsats\u0131z yap\u0131lara ili\u015fkin kararlar da m\u00fclkiyet haklar\u0131n\u0131n korunmas\u0131nda \u00f6nemli bir yere sahiptir. E\u011fer bir yap\u0131, idare taraf\u0131ndan uzun bir s\u00fcre g\u00f6z ard\u0131 edilip kullan\u0131lmaya devam ediyorsa, yap\u0131n\u0131n y\u0131k\u0131lmas\u0131 gerekti\u011finde tazminat \u00f6denmemesi durumu m\u00fclkiyet hakk\u0131 ihlali olarak de\u011ferlendirilir.<\/p>\n<p>Yine, tapu tahsis belgeleri gibi konular da m\u00fclkiyet haklar\u0131n\u0131n korunmas\u0131nda s\u0131k\u00e7a kar\u015f\u0131m\u0131za \u00e7\u0131kan meselelerdir. Bu t\u00fcr belgelerle tahsis edilen yerlerin geli\u015ftirilmesi s\u0131ras\u0131nda, kamu yarar\u0131 ile bireysel haklar\u0131n dengelenmesi \u00f6nemlidir. E\u011fer bir yap\u0131, tapu tahsis belgesine dayanarak uzun bir s\u00fcre kullan\u0131lm\u0131\u015fsa, y\u0131k\u0131lmadan \u00f6nce tazminat \u00f6denmesi gerekti\u011fi vurgulanmaktad\u0131r.<\/p>\n<p>Son olarak, ruhsats\u0131z madencilik faaliyetleri \u00fczerine yap\u0131lan ba\u015fvurular, idarenin denetim sorumlulu\u011fu ba\u011flam\u0131nda \u00f6nemli bir \u00f6rnek te\u015fkil eder. \u0130dare, ruhsats\u0131z faaliyetlerin engellenmesi ad\u0131na gerekli \u00f6nlemleri almakla y\u00fck\u00fcml\u00fcd\u00fcr. E\u011fer ruhsats\u0131z olarak elde edilen gelirler, idare taraf\u0131ndan koruma alt\u0131na al\u0131n\u0131rsa, bu durum yine m\u00fclkiyet hakk\u0131 ihlali ile sonu\u00e7lanabilir.<\/p>\n<p>Bu kararlar, m\u00fclkiyet haklar\u0131n\u0131n korunmas\u0131 ve ihlalleriyle ilgili \u00f6nemli prensipler ortaya koyar ve hukuk sistemimizin geli\u015ftirilmesinde kritik bir rol oynar.<\/p>","protected":false},"author":4,"featured_media":16236,"comment_status":"open","ping_status":"open","sticky":false,"template":"","format":"standard","meta":{"_acf_changed":false,"footnotes":""},"categories":[22],"tags":[],"class_list":["post-16235","post","type-post","status-publish","format-standard","has-post-thumbnail","hentry","category-degerlendirme"],"acf":[],"yoast_head":"<!-- This site is optimized with the Yoast SEO Premium plugin v26.6 (Yoast SEO v27.1.1) - https:\/\/yoast.com\/product\/yoast-seo-premium-wordpress\/ -->\n<title>10 \u00c7OK \u00d6NEML\u0130 B\u0130REYSEL BA\u015eVURU KARARI - Av. Deniz Can K\u0131z\u0131l<\/title>\n<meta name=\"robots\" content=\"index, follow, max-snippet:-1, max-image-preview:large, max-video-preview:-1\" \/>\n<link rel=\"canonical\" href=\"https:\/\/denizcankizil.tr\/ru\/koseyazilari\/degerlendirme\/10-cok-onemli-bireysel-basvuru-karari\/\" \/>\n<meta property=\"og:locale\" content=\"ru_RU\" \/>\n<meta property=\"og:type\" content=\"article\" \/>\n<meta property=\"og:title\" content=\"10 \u00c7OK \u00d6NEML\u0130 B\u0130REYSEL BA\u015eVURU KARARI\" \/>\n<meta property=\"og:description\" content=\"Anayasa Mahkemesi&#039;nin kararlar\u0131, m\u00fclkiyet hakk\u0131 gibi temel haklar\u0131n korunmas\u0131 a\u00e7\u0131s\u0131ndan son derece \u00f6nemlidir. Bu kararlar, yarg\u0131lama s\u00fcre\u00e7lerinde yenilenmeye gerek\u00e7e te\u015fkil etmeleri nedeniyle hukuk d\u00fcnyas\u0131nda \u00f6nemli bir yere sahiptir. Bu ba\u011flamda, kamula\u015ft\u0131rma ve m\u00fclkiyet hakk\u0131 ihlalleriyle ilgili baz\u0131 \u00f6nemli kararlara de\u011finmek faydal\u0131 olacakt\u0131r. \u00d6ncelikle, m\u00fclkiyet hakk\u0131na ili\u015fkin olarak al\u0131nan kararlar\u0131n i\u00e7eri\u011fi, somut olaylar\u0131n ele al\u0131nmas\u0131nda \u0131\u015f\u0131k tutmas\u0131 a\u00e7\u0131s\u0131ndan de\u011ferlidir. \u00d6rnek olarak, bir kamula\u015ft\u0131rma bedelinin \u00f6denmesi ile ilgili verilen kararlar, kamu yarar\u0131n\u0131n korunmas\u0131 ile bireysel m\u00fclkiyet haklar\u0131 aras\u0131ndaki dengeyi vurgular. Uzun s\u00fcren yarg\u0131lamalar neticesinde, kamula\u015ft\u0131r\u0131lan ta\u015f\u0131nmazlar\u0131n bedellerinin zaman\u0131nda \u00f6denmemesi, m\u00fclkiyet hakk\u0131n\u0131 ciddi \u015fekilde ihlal edebilir. Bunun yan\u0131 s\u0131ra, imar planlar\u0131 ile ilgili ya\u015fanan sorunlar da hukukun uygulamas\u0131nda \u00f6nemli bir tart\u0131\u015fma konusudur. E\u011fer bir ta\u015f\u0131nmaz, uzun bir s\u00fcre boyunca kamula\u015ft\u0131r\u0131lmadan kamu hizmetine ayr\u0131l\u0131rsa, bu durum m\u00fclkiyet hakk\u0131n\u0131n ihlali olarak de\u011ferlendirilebilir. \u0130dari yarg\u0131n\u0131n g\u00f6rev alan\u0131ndaki belirsizlikler ve yarg\u0131 kararlar\u0131 da bu konuda anahtar rol oynamaktad\u0131r. Ayr\u0131ca, ruhsats\u0131z yap\u0131lara ili\u015fkin kararlar da m\u00fclkiyet haklar\u0131n\u0131n korunmas\u0131nda \u00f6nemli bir yere sahiptir. E\u011fer bir yap\u0131, idare taraf\u0131ndan uzun bir s\u00fcre g\u00f6z ard\u0131 edilip kullan\u0131lmaya devam ediyorsa, yap\u0131n\u0131n y\u0131k\u0131lmas\u0131 gerekti\u011finde tazminat \u00f6denmemesi durumu m\u00fclkiyet hakk\u0131 ihlali olarak de\u011ferlendirilir. Yine, tapu tahsis belgeleri gibi konular da m\u00fclkiyet haklar\u0131n\u0131n korunmas\u0131nda s\u0131k\u00e7a kar\u015f\u0131m\u0131za \u00e7\u0131kan meselelerdir. Bu t\u00fcr belgelerle tahsis edilen yerlerin geli\u015ftirilmesi s\u0131ras\u0131nda, kamu yarar\u0131 ile bireysel haklar\u0131n dengelenmesi \u00f6nemlidir. E\u011fer bir yap\u0131, tapu tahsis belgesine dayanarak uzun bir s\u00fcre kullan\u0131lm\u0131\u015fsa, y\u0131k\u0131lmadan \u00f6nce tazminat \u00f6denmesi gerekti\u011fi vurgulanmaktad\u0131r. Son olarak, ruhsats\u0131z madencilik faaliyetleri \u00fczerine yap\u0131lan ba\u015fvurular, idarenin denetim sorumlulu\u011fu ba\u011flam\u0131nda \u00f6nemli bir \u00f6rnek te\u015fkil eder. \u0130dare, ruhsats\u0131z faaliyetlerin engellenmesi ad\u0131na gerekli \u00f6nlemleri almakla y\u00fck\u00fcml\u00fcd\u00fcr. E\u011fer ruhsats\u0131z olarak elde edilen gelirler, idare taraf\u0131ndan koruma alt\u0131na al\u0131n\u0131rsa, bu durum yine m\u00fclkiyet hakk\u0131 ihlali ile sonu\u00e7lanabilir. Bu kararlar, m\u00fclkiyet haklar\u0131n\u0131n korunmas\u0131 ve ihlalleriyle ilgili \u00f6nemli prensipler ortaya koyar ve hukuk sistemimizin geli\u015ftirilmesinde kritik bir rol oynar.\" \/>\n<meta property=\"og:url\" content=\"https:\/\/denizcankizil.tr\/ru\/koseyazilari\/degerlendirme\/10-cok-onemli-bireysel-basvuru-karari\/\" \/>\n<meta property=\"og:site_name\" content=\"Av. Deniz Can K\u0131z\u0131l\" \/>\n<meta property=\"article:published_time\" content=\"2024-11-17T09:41:45+00:00\" \/>\n<meta property=\"og:image\" content=\"https:\/\/denizcankizil.tr\/wp-content\/uploads\/2024\/11\/16235-10-cok-onemli-bireysel-basvuru-karari.jpg\" \/>\n\t<meta property=\"og:image:width\" content=\"1280\" \/>\n\t<meta property=\"og:image:height\" content=\"720\" \/>\n\t<meta property=\"og:image:type\" content=\"image\/jpeg\" \/>\n<meta name=\"author\" content=\"Av. Deniz Can K\u0131z\u0131l\" \/>\n<meta name=\"twitter:card\" content=\"summary_large_image\" \/>\n<meta name=\"twitter:label1\" content=\"\u041d\u0430\u043f\u0438\u0441\u0430\u043d\u043e \u0430\u0432\u0442\u043e\u0440\u043e\u043c\" \/>\n\t<meta name=\"twitter:data1\" content=\"Av. Deniz Can K\u0131z\u0131l\" \/>\n\t<meta name=\"twitter:label2\" content=\"\u041f\u0440\u0438\u043c\u0435\u0440\u043d\u043e\u0435 \u0432\u0440\u0435\u043c\u044f \u0434\u043b\u044f \u0447\u0442\u0435\u043d\u0438\u044f\" \/>\n\t<meta name=\"twitter:data2\" content=\"21 \u043c\u0438\u043d\u0443\u0442\u0430\" \/>\n<script type=\"application\/ld+json\" class=\"yoast-schema-graph\">{\"@context\":\"https:\/\/schema.org\",\"@graph\":[{\"@type\":\"Article\",\"@id\":\"https:\/\/denizcankizil.tr\/ru\/koseyazilari\/degerlendirme\/10-cok-onemli-bireysel-basvuru-karari\/#article\",\"isPartOf\":{\"@id\":\"https:\/\/denizcankizil.tr\/ru\/koseyazilari\/degerlendirme\/10-cok-onemli-bireysel-basvuru-karari\/\"},\"author\":{\"name\":\"Av. Deniz Can K\u0131z\u0131l\",\"@id\":\"https:\/\/denizcankizil.tr\/#\/schema\/person\/5dc1b22991bd7ac833867c10afc9b0ff\"},\"headline\":\"10 \u00c7OK \u00d6NEML\u0130 B\u0130REYSEL BA\u015eVURU KARARI\",\"datePublished\":\"2024-11-17T09:41:45+00:00\",\"mainEntityOfPage\":{\"@id\":\"https:\/\/denizcankizil.tr\/ru\/koseyazilari\/degerlendirme\/10-cok-onemli-bireysel-basvuru-karari\/\"},\"wordCount\":4254,\"commentCount\":0,\"publisher\":{\"@id\":\"https:\/\/denizcankizil.tr\/#organization\"},\"image\":{\"@id\":\"https:\/\/denizcankizil.tr\/ru\/koseyazilari\/degerlendirme\/10-cok-onemli-bireysel-basvuru-karari\/#primaryimage\"},\"thumbnailUrl\":\"https:\/\/denizcankizil.tr\/wp-content\/uploads\/2024\/11\/16235-10-cok-onemli-bireysel-basvuru-karari.jpg\",\"articleSection\":[\"De\u011ferlendirme\"],\"inLanguage\":\"ru-RU\",\"potentialAction\":[{\"@type\":\"CommentAction\",\"name\":\"Comment\",\"target\":[\"https:\/\/denizcankizil.tr\/ru\/koseyazilari\/degerlendirme\/10-cok-onemli-bireysel-basvuru-karari\/#respond\"]}]},{\"@type\":\"WebPage\",\"@id\":\"https:\/\/denizcankizil.tr\/ru\/koseyazilari\/degerlendirme\/10-cok-onemli-bireysel-basvuru-karari\/\",\"url\":\"https:\/\/denizcankizil.tr\/ru\/koseyazilari\/degerlendirme\/10-cok-onemli-bireysel-basvuru-karari\/\",\"name\":\"10 \u00c7OK \u00d6NEML\u0130 B\u0130REYSEL BA\u015eVURU KARARI - Av. Deniz Can K\u0131z\u0131l\",\"isPartOf\":{\"@id\":\"https:\/\/denizcankizil.tr\/#website\"},\"primaryImageOfPage\":{\"@id\":\"https:\/\/denizcankizil.tr\/ru\/koseyazilari\/degerlendirme\/10-cok-onemli-bireysel-basvuru-karari\/#primaryimage\"},\"image\":{\"@id\":\"https:\/\/denizcankizil.tr\/ru\/koseyazilari\/degerlendirme\/10-cok-onemli-bireysel-basvuru-karari\/#primaryimage\"},\"thumbnailUrl\":\"https:\/\/denizcankizil.tr\/wp-content\/uploads\/2024\/11\/16235-10-cok-onemli-bireysel-basvuru-karari.jpg\",\"datePublished\":\"2024-11-17T09:41:45+00:00\",\"breadcrumb\":{\"@id\":\"https:\/\/denizcankizil.tr\/ru\/koseyazilari\/degerlendirme\/10-cok-onemli-bireysel-basvuru-karari\/#breadcrumb\"},\"inLanguage\":\"ru-RU\",\"potentialAction\":[{\"@type\":\"ReadAction\",\"target\":[\"https:\/\/denizcankizil.tr\/ru\/koseyazilari\/degerlendirme\/10-cok-onemli-bireysel-basvuru-karari\/\"]}]},{\"@type\":\"ImageObject\",\"inLanguage\":\"ru-RU\",\"@id\":\"https:\/\/denizcankizil.tr\/ru\/koseyazilari\/degerlendirme\/10-cok-onemli-bireysel-basvuru-karari\/#primaryimage\",\"url\":\"https:\/\/denizcankizil.tr\/wp-content\/uploads\/2024\/11\/16235-10-cok-onemli-bireysel-basvuru-karari.jpg\",\"contentUrl\":\"https:\/\/denizcankizil.tr\/wp-content\/uploads\/2024\/11\/16235-10-cok-onemli-bireysel-basvuru-karari.jpg\",\"width\":1280,\"height\":720,\"caption\":\"10 \u00c7OK \u00d6NEML\u0130 B\u0130REYSEL BA\u015eVURU KARARI\"},{\"@type\":\"BreadcrumbList\",\"@id\":\"https:\/\/denizcankizil.tr\/ru\/koseyazilari\/degerlendirme\/10-cok-onemli-bireysel-basvuru-karari\/#breadcrumb\",\"itemListElement\":[{\"@type\":\"ListItem\",\"position\":1,\"name\":\"Home\",\"item\":\"https:\/\/denizcankizil.tr\/de\/\"},{\"@type\":\"ListItem\",\"position\":2,\"name\":\"10 \u00c7OK \u00d6NEML\u0130 B\u0130REYSEL BA\u015eVURU KARARI\"}]},{\"@type\":\"WebSite\",\"@id\":\"https:\/\/denizcankizil.tr\/#website\",\"url\":\"https:\/\/denizcankizil.tr\/\",\"name\":\"Av. Deniz Can K\u0131z\u0131l\",\"description\":\"Avukat Deniz Can K\u0131z\u0131l Antalya Barosu\",\"publisher\":{\"@id\":\"https:\/\/denizcankizil.tr\/#organization\"},\"potentialAction\":[{\"@type\":\"SearchAction\",\"target\":{\"@type\":\"EntryPoint\",\"urlTemplate\":\"https:\/\/denizcankizil.tr\/?s={search_term_string}\"},\"query-input\":{\"@type\":\"PropertyValueSpecification\",\"valueRequired\":true,\"valueName\":\"search_term_string\"}}],\"inLanguage\":\"ru-RU\"},{\"@type\":\"Organization\",\"@id\":\"https:\/\/denizcankizil.tr\/#organization\",\"name\":\"Av. Deniz Can K\u0131z\u0131l\",\"url\":\"https:\/\/denizcankizil.tr\/\",\"logo\":{\"@type\":\"ImageObject\",\"inLanguage\":\"ru-RU\",\"@id\":\"https:\/\/denizcankizil.tr\/#\/schema\/logo\/image\/\",\"url\":\"https:\/\/denizcankizil.tr\/wp-content\/uploads\/2024\/10\/siyah-logo-svg.svg\",\"contentUrl\":\"https:\/\/denizcankizil.tr\/wp-content\/uploads\/2024\/10\/siyah-logo-svg.svg\",\"width\":1080,\"height\":1080,\"caption\":\"Av. Deniz Can K\u0131z\u0131l\"},\"image\":{\"@id\":\"https:\/\/denizcankizil.tr\/#\/schema\/logo\/image\/\"}},{\"@type\":\"Person\",\"@id\":\"https:\/\/denizcankizil.tr\/#\/schema\/person\/5dc1b22991bd7ac833867c10afc9b0ff\",\"name\":\"Av. Deniz Can K\u0131z\u0131l\",\"image\":{\"@type\":\"ImageObject\",\"inLanguage\":\"ru-RU\",\"@id\":\"https:\/\/denizcankizil.tr\/#\/schema\/person\/image\/\",\"url\":\"https:\/\/secure.gravatar.com\/avatar\/a0b128fb9855c79efc976d5640eedb31dc35ec297594d6016d2cf7c60e975bb6?s=96&d=mm&r=g\",\"contentUrl\":\"https:\/\/secure.gravatar.com\/avatar\/a0b128fb9855c79efc976d5640eedb31dc35ec297594d6016d2cf7c60e975bb6?s=96&d=mm&r=g\",\"caption\":\"Av. Deniz Can K\u0131z\u0131l\"},\"sameAs\":[\"http:\/\/www.denizcankizil.tr\"],\"url\":\"https:\/\/denizcankizil.tr\/ru\/author\/denizcankizil\/\"}]}<\/script>\n<!-- \/ Yoast SEO Premium plugin. -->","yoast_head_json":{"title":"10 \u00c7OK \u00d6NEML\u0130 B\u0130REYSEL BA\u015eVURU KARARI - Av. Deniz Can K\u0131z\u0131l","robots":{"index":"index","follow":"follow","max-snippet":"max-snippet:-1","max-image-preview":"max-image-preview:large","max-video-preview":"max-video-preview:-1"},"canonical":"https:\/\/denizcankizil.tr\/ru\/koseyazilari\/degerlendirme\/10-cok-onemli-bireysel-basvuru-karari\/","og_locale":"ru_RU","og_type":"article","og_title":"10 \u00c7OK \u00d6NEML\u0130 B\u0130REYSEL BA\u015eVURU KARARI","og_description":"Anayasa Mahkemesi'nin kararlar\u0131, m\u00fclkiyet hakk\u0131 gibi temel haklar\u0131n korunmas\u0131 a\u00e7\u0131s\u0131ndan son derece \u00f6nemlidir. Bu kararlar, yarg\u0131lama s\u00fcre\u00e7lerinde yenilenmeye gerek\u00e7e te\u015fkil etmeleri nedeniyle hukuk d\u00fcnyas\u0131nda \u00f6nemli bir yere sahiptir. Bu ba\u011flamda, kamula\u015ft\u0131rma ve m\u00fclkiyet hakk\u0131 ihlalleriyle ilgili baz\u0131 \u00f6nemli kararlara de\u011finmek faydal\u0131 olacakt\u0131r. \u00d6ncelikle, m\u00fclkiyet hakk\u0131na ili\u015fkin olarak al\u0131nan kararlar\u0131n i\u00e7eri\u011fi, somut olaylar\u0131n ele al\u0131nmas\u0131nda \u0131\u015f\u0131k tutmas\u0131 a\u00e7\u0131s\u0131ndan de\u011ferlidir. \u00d6rnek olarak, bir kamula\u015ft\u0131rma bedelinin \u00f6denmesi ile ilgili verilen kararlar, kamu yarar\u0131n\u0131n korunmas\u0131 ile bireysel m\u00fclkiyet haklar\u0131 aras\u0131ndaki dengeyi vurgular. Uzun s\u00fcren yarg\u0131lamalar neticesinde, kamula\u015ft\u0131r\u0131lan ta\u015f\u0131nmazlar\u0131n bedellerinin zaman\u0131nda \u00f6denmemesi, m\u00fclkiyet hakk\u0131n\u0131 ciddi \u015fekilde ihlal edebilir. Bunun yan\u0131 s\u0131ra, imar planlar\u0131 ile ilgili ya\u015fanan sorunlar da hukukun uygulamas\u0131nda \u00f6nemli bir tart\u0131\u015fma konusudur. E\u011fer bir ta\u015f\u0131nmaz, uzun bir s\u00fcre boyunca kamula\u015ft\u0131r\u0131lmadan kamu hizmetine ayr\u0131l\u0131rsa, bu durum m\u00fclkiyet hakk\u0131n\u0131n ihlali olarak de\u011ferlendirilebilir. \u0130dari yarg\u0131n\u0131n g\u00f6rev alan\u0131ndaki belirsizlikler ve yarg\u0131 kararlar\u0131 da bu konuda anahtar rol oynamaktad\u0131r. Ayr\u0131ca, ruhsats\u0131z yap\u0131lara ili\u015fkin kararlar da m\u00fclkiyet haklar\u0131n\u0131n korunmas\u0131nda \u00f6nemli bir yere sahiptir. E\u011fer bir yap\u0131, idare taraf\u0131ndan uzun bir s\u00fcre g\u00f6z ard\u0131 edilip kullan\u0131lmaya devam ediyorsa, yap\u0131n\u0131n y\u0131k\u0131lmas\u0131 gerekti\u011finde tazminat \u00f6denmemesi durumu m\u00fclkiyet hakk\u0131 ihlali olarak de\u011ferlendirilir. Yine, tapu tahsis belgeleri gibi konular da m\u00fclkiyet haklar\u0131n\u0131n korunmas\u0131nda s\u0131k\u00e7a kar\u015f\u0131m\u0131za \u00e7\u0131kan meselelerdir. Bu t\u00fcr belgelerle tahsis edilen yerlerin geli\u015ftirilmesi s\u0131ras\u0131nda, kamu yarar\u0131 ile bireysel haklar\u0131n dengelenmesi \u00f6nemlidir. E\u011fer bir yap\u0131, tapu tahsis belgesine dayanarak uzun bir s\u00fcre kullan\u0131lm\u0131\u015fsa, y\u0131k\u0131lmadan \u00f6nce tazminat \u00f6denmesi gerekti\u011fi vurgulanmaktad\u0131r. Son olarak, ruhsats\u0131z madencilik faaliyetleri \u00fczerine yap\u0131lan ba\u015fvurular, idarenin denetim sorumlulu\u011fu ba\u011flam\u0131nda \u00f6nemli bir \u00f6rnek te\u015fkil eder. \u0130dare, ruhsats\u0131z faaliyetlerin engellenmesi ad\u0131na gerekli \u00f6nlemleri almakla y\u00fck\u00fcml\u00fcd\u00fcr. E\u011fer ruhsats\u0131z olarak elde edilen gelirler, idare taraf\u0131ndan koruma alt\u0131na al\u0131n\u0131rsa, bu durum yine m\u00fclkiyet hakk\u0131 ihlali ile sonu\u00e7lanabilir. Bu kararlar, m\u00fclkiyet haklar\u0131n\u0131n korunmas\u0131 ve ihlalleriyle ilgili \u00f6nemli prensipler ortaya koyar ve hukuk sistemimizin geli\u015ftirilmesinde kritik bir rol oynar.","og_url":"https:\/\/denizcankizil.tr\/ru\/koseyazilari\/degerlendirme\/10-cok-onemli-bireysel-basvuru-karari\/","og_site_name":"Av. Deniz Can K\u0131z\u0131l","article_published_time":"2024-11-17T09:41:45+00:00","og_image":[{"width":1280,"height":720,"url":"https:\/\/denizcankizil.tr\/wp-content\/uploads\/2024\/11\/16235-10-cok-onemli-bireysel-basvuru-karari.jpg","type":"image\/jpeg"}],"author":"Av. Deniz Can K\u0131z\u0131l","twitter_card":"summary_large_image","twitter_misc":{"\u041d\u0430\u043f\u0438\u0441\u0430\u043d\u043e \u0430\u0432\u0442\u043e\u0440\u043e\u043c":"Av. Deniz Can K\u0131z\u0131l","\u041f\u0440\u0438\u043c\u0435\u0440\u043d\u043e\u0435 \u0432\u0440\u0435\u043c\u044f \u0434\u043b\u044f \u0447\u0442\u0435\u043d\u0438\u044f":"21 \u043c\u0438\u043d\u0443\u0442\u0430"},"schema":{"@context":"https:\/\/schema.org","@graph":[{"@type":"Article","@id":"https:\/\/denizcankizil.tr\/ru\/koseyazilari\/degerlendirme\/10-cok-onemli-bireysel-basvuru-karari\/#article","isPartOf":{"@id":"https:\/\/denizcankizil.tr\/ru\/koseyazilari\/degerlendirme\/10-cok-onemli-bireysel-basvuru-karari\/"},"author":{"name":"Av. Deniz Can K\u0131z\u0131l","@id":"https:\/\/denizcankizil.tr\/#\/schema\/person\/5dc1b22991bd7ac833867c10afc9b0ff"},"headline":"10 \u00c7OK \u00d6NEML\u0130 B\u0130REYSEL BA\u015eVURU KARARI","datePublished":"2024-11-17T09:41:45+00:00","mainEntityOfPage":{"@id":"https:\/\/denizcankizil.tr\/ru\/koseyazilari\/degerlendirme\/10-cok-onemli-bireysel-basvuru-karari\/"},"wordCount":4254,"commentCount":0,"publisher":{"@id":"https:\/\/denizcankizil.tr\/#organization"},"image":{"@id":"https:\/\/denizcankizil.tr\/ru\/koseyazilari\/degerlendirme\/10-cok-onemli-bireysel-basvuru-karari\/#primaryimage"},"thumbnailUrl":"https:\/\/denizcankizil.tr\/wp-content\/uploads\/2024\/11\/16235-10-cok-onemli-bireysel-basvuru-karari.jpg","articleSection":["De\u011ferlendirme"],"inLanguage":"ru-RU","potentialAction":[{"@type":"CommentAction","name":"Comment","target":["https:\/\/denizcankizil.tr\/ru\/koseyazilari\/degerlendirme\/10-cok-onemli-bireysel-basvuru-karari\/#respond"]}]},{"@type":"WebPage","@id":"https:\/\/denizcankizil.tr\/ru\/koseyazilari\/degerlendirme\/10-cok-onemli-bireysel-basvuru-karari\/","url":"https:\/\/denizcankizil.tr\/ru\/koseyazilari\/degerlendirme\/10-cok-onemli-bireysel-basvuru-karari\/","name":"10 \u00c7OK \u00d6NEML\u0130 B\u0130REYSEL BA\u015eVURU KARARI - Av. Deniz Can K\u0131z\u0131l","isPartOf":{"@id":"https:\/\/denizcankizil.tr\/#website"},"primaryImageOfPage":{"@id":"https:\/\/denizcankizil.tr\/ru\/koseyazilari\/degerlendirme\/10-cok-onemli-bireysel-basvuru-karari\/#primaryimage"},"image":{"@id":"https:\/\/denizcankizil.tr\/ru\/koseyazilari\/degerlendirme\/10-cok-onemli-bireysel-basvuru-karari\/#primaryimage"},"thumbnailUrl":"https:\/\/denizcankizil.tr\/wp-content\/uploads\/2024\/11\/16235-10-cok-onemli-bireysel-basvuru-karari.jpg","datePublished":"2024-11-17T09:41:45+00:00","breadcrumb":{"@id":"https:\/\/denizcankizil.tr\/ru\/koseyazilari\/degerlendirme\/10-cok-onemli-bireysel-basvuru-karari\/#breadcrumb"},"inLanguage":"ru-RU","potentialAction":[{"@type":"ReadAction","target":["https:\/\/denizcankizil.tr\/ru\/koseyazilari\/degerlendirme\/10-cok-onemli-bireysel-basvuru-karari\/"]}]},{"@type":"ImageObject","inLanguage":"ru-RU","@id":"https:\/\/denizcankizil.tr\/ru\/koseyazilari\/degerlendirme\/10-cok-onemli-bireysel-basvuru-karari\/#primaryimage","url":"https:\/\/denizcankizil.tr\/wp-content\/uploads\/2024\/11\/16235-10-cok-onemli-bireysel-basvuru-karari.jpg","contentUrl":"https:\/\/denizcankizil.tr\/wp-content\/uploads\/2024\/11\/16235-10-cok-onemli-bireysel-basvuru-karari.jpg","width":1280,"height":720,"caption":"10 \u00c7OK \u00d6NEML\u0130 B\u0130REYSEL BA\u015eVURU KARARI"},{"@type":"BreadcrumbList","@id":"https:\/\/denizcankizil.tr\/ru\/koseyazilari\/degerlendirme\/10-cok-onemli-bireysel-basvuru-karari\/#breadcrumb","itemListElement":[{"@type":"ListItem","position":1,"name":"Home","item":"https:\/\/denizcankizil.tr\/de\/"},{"@type":"ListItem","position":2,"name":"10 \u00c7OK \u00d6NEML\u0130 B\u0130REYSEL BA\u015eVURU KARARI"}]},{"@type":"WebSite","@id":"https:\/\/denizcankizil.tr\/#website","url":"https:\/\/denizcankizil.tr\/","name":"Av. Deniz Can K\u0131z\u0131l","description":"Avukat Deniz Can K\u0131z\u0131l Antalya Barosu","publisher":{"@id":"https:\/\/denizcankizil.tr\/#organization"},"potentialAction":[{"@type":"SearchAction","target":{"@type":"EntryPoint","urlTemplate":"https:\/\/denizcankizil.tr\/?s={search_term_string}"},"query-input":{"@type":"PropertyValueSpecification","valueRequired":true,"valueName":"search_term_string"}}],"inLanguage":"ru-RU"},{"@type":"Organization","@id":"https:\/\/denizcankizil.tr\/#organization","name":"Av. Deniz Can K\u0131z\u0131l","url":"https:\/\/denizcankizil.tr\/","logo":{"@type":"ImageObject","inLanguage":"ru-RU","@id":"https:\/\/denizcankizil.tr\/#\/schema\/logo\/image\/","url":"https:\/\/denizcankizil.tr\/wp-content\/uploads\/2024\/10\/siyah-logo-svg.svg","contentUrl":"https:\/\/denizcankizil.tr\/wp-content\/uploads\/2024\/10\/siyah-logo-svg.svg","width":1080,"height":1080,"caption":"Av. Deniz Can K\u0131z\u0131l"},"image":{"@id":"https:\/\/denizcankizil.tr\/#\/schema\/logo\/image\/"}},{"@type":"Person","@id":"https:\/\/denizcankizil.tr\/#\/schema\/person\/5dc1b22991bd7ac833867c10afc9b0ff","name":"Av. Deniz Can K\u0131z\u0131l","image":{"@type":"ImageObject","inLanguage":"ru-RU","@id":"https:\/\/denizcankizil.tr\/#\/schema\/person\/image\/","url":"https:\/\/secure.gravatar.com\/avatar\/a0b128fb9855c79efc976d5640eedb31dc35ec297594d6016d2cf7c60e975bb6?s=96&d=mm&r=g","contentUrl":"https:\/\/secure.gravatar.com\/avatar\/a0b128fb9855c79efc976d5640eedb31dc35ec297594d6016d2cf7c60e975bb6?s=96&d=mm&r=g","caption":"Av. Deniz Can K\u0131z\u0131l"},"sameAs":["http:\/\/www.denizcankizil.tr"],"url":"https:\/\/denizcankizil.tr\/ru\/author\/denizcankizil\/"}]}},"_links":{"self":[{"href":"https:\/\/denizcankizil.tr\/ru\/wp-json\/wp\/v2\/posts\/16235","targetHints":{"allow":["GET"]}}],"collection":[{"href":"https:\/\/denizcankizil.tr\/ru\/wp-json\/wp\/v2\/posts"}],"about":[{"href":"https:\/\/denizcankizil.tr\/ru\/wp-json\/wp\/v2\/types\/post"}],"author":[{"embeddable":true,"href":"https:\/\/denizcankizil.tr\/ru\/wp-json\/wp\/v2\/users\/4"}],"replies":[{"embeddable":true,"href":"https:\/\/denizcankizil.tr\/ru\/wp-json\/wp\/v2\/comments?post=16235"}],"version-history":[{"count":0,"href":"https:\/\/denizcankizil.tr\/ru\/wp-json\/wp\/v2\/posts\/16235\/revisions"}],"wp:featuredmedia":[{"embeddable":true,"href":"https:\/\/denizcankizil.tr\/ru\/wp-json\/wp\/v2\/media\/16236"}],"wp:attachment":[{"href":"https:\/\/denizcankizil.tr\/ru\/wp-json\/wp\/v2\/media?parent=16235"}],"wp:term":[{"taxonomy":"category","embeddable":true,"href":"https:\/\/denizcankizil.tr\/ru\/wp-json\/wp\/v2\/categories?post=16235"},{"taxonomy":"post_tag","embeddable":true,"href":"https:\/\/denizcankizil.tr\/ru\/wp-json\/wp\/v2\/tags?post=16235"}],"curies":[{"name":"wp","href":"https:\/\/api.w.org\/{rel}","templated":true}]}}