{"id":16216,"date":"2024-11-17T07:41:30","date_gmt":"2024-11-17T04:41:30","guid":{"rendered":"https:\/\/denizcankizil.tr\/uncategorized-tr\/bursa-osmangazide-cifte-acilis\/"},"modified":"2024-11-17T07:41:30","modified_gmt":"2024-11-17T04:41:30","slug":"bursa-osmangazide-cifte-acilis","status":"publish","type":"post","link":"https:\/\/denizcankizil.tr\/ru\/haberler\/gundem\/bursa-osmangazide-cifte-acilis\/","title":{"rendered":"Bursa Osmangazi&#8217;de \u00e7ifte a\u00e7\u0131l\u0131\u015f"},"content":{"rendered":"<p>Bursa&#8217;da Osmangazi Belediyesi, kente kazand\u0131rd\u0131\u011f\u0131 14\u2019\u00fcnc\u00fc k\u00fct\u00fcphane olan \u0130smail Hakk\u0131 Tongu\u00e7 Ba\u011f\u0131\u015f ve \u015eiir K\u00fct\u00fcphanesi ile Gen\u00e7 Kafe\u2019nin ikinci \u015fubesini d\u00fczenlenen t\u00f6renle hizmete a\u00e7t\u0131.BURSA (\u0130GFA) &#8211; Osmangazi Belediyesi, toplumun her kesimine kitap okuma al\u0131\u015fkanl\u0131\u011f\u0131 kazand\u0131rmak hedefiyle il\u00e7enin farkl\u0131 noktalar\u0131na k\u00fct\u00fcphaneler kazand\u0131rmaya devam ediyor.<br \/>\n\u00a0Kente kazand\u0131r\u0131lan son k\u00fct\u00fcphane olan \u0130smail Hakk\u0131 Tongu\u00e7 Ba\u011f\u0131\u015f ve \u015eiir K\u00fct\u00fcphanesi ile Gen\u00e7 Kafe\u2019nin ikinci \u015fubesi, d\u00fczenlenen t\u00f6renle Osmangazililerin hizmetine sunuldu.\u00a0<br \/>\nK\u00f6y enstit\u00fclerinin mimar\u0131 ve d\u00f6nemin \u0130lk\u00f6\u011fretim Genel M\u00fcd\u00fcr\u00fc olan \u0130smail Hakk\u0131 Tongu\u00e7\u2019un ismini ta\u015f\u0131yan k\u00fct\u00fcphane, t\u00fcm okuyuculara hitap eden 9 bin kitap kapasitesine sahip. Mimarisi ve fonksiyonelli\u011fi ile dikkat \u00e7eken k\u00fct\u00fcphane, oturma ve ders \u00e7al\u0131\u015fma alanlar\u0131, gen\u00e7 b\u00f6l\u00fcmleri, dinlenme alanlar\u0131 ve bireysel \u00e7al\u0131\u015fma alanlar\u0131 ile kitap okuman\u0131n yan\u0131 s\u0131ra \u00f6\u011frenciler i\u00e7in ders \u00e7al\u0131\u015fmay\u0131 ve \u00f6dev yapmay\u0131 da olduk\u00e7a keyifli bir hale d\u00f6n\u00fc\u015ft\u00fcrecek.<br \/>\nBursa Osmangazi Belediyesi\u2019nin \u0130smail Hakk\u0131 Tongu\u00e7 Ba\u011f\u0131\u015f ve \u015eiir K\u00fct\u00fcphanesi\u2019ndeki kitap \u00e7e\u015fitlili\u011fini artt\u0131rmak i\u00e7in ba\u015flatt\u0131\u011f\u0131 kitap ba\u011f\u0131\u015f\u0131 kampanyas\u0131 devam ediyor. \u2018Kitaplar\u0131n\u0131z Umutlara Ortak Olsun\u2019 ad\u0131 alt\u0131nda ger\u00e7ekle\u015ftirilen kitap ba\u011f\u0131\u015f\u0131 kampanyas\u0131na kat\u0131lmak isteyenler, k\u00fct\u00fcphanelerin kapal\u0131 oldu\u011fu Pazar ve Pazartesi g\u00fcnleri hari\u00e7 di\u011fer g\u00fcnlerde saat 09.00 ile 16.00 aras\u0131nda Hasan Ali Y\u00fccel D\u00fcnya Klasikleri K\u00fct\u00fcphanesi, Emek K\u00fct\u00fcphanesi, Panorama 1326 Bursa Fetih M\u00fczesi K\u00fct\u00fcphanesi, Demirta\u015f K\u00fclt\u00fcr Merkezi K\u00fct\u00fcphanesi, H\u00fcdavendigar K\u00fct\u00fcphanesi ve \u0130smail Hakk\u0131 Tongu\u00e7 Ba\u011f\u0131\u015f ve \u015eiir K\u00fct\u00fcphanesi\u2019ne kitaplar\u0131n\u0131 teslim edebilirler.<\/p>\n<p>GEN\u00c7 KAFE\u2019N\u0130N \u0130K\u0130NC\u0130 \u015eUBES\u0130 SO\u011eANLI M\u0130LLET BAH\u00c7ES\u0130\u2019NDE<br \/>\nOsmangazi Belediyesi, ilkini Osmangazi Meydan\u0131\u2019nda a\u00e7t\u0131\u011f\u0131 ve k\u0131sa s\u00fcre i\u00e7erisinde t\u00fcm kahve tutkunlar\u0131n\u0131n vazge\u00e7emedi\u011fi adres haline d\u00f6n\u00fc\u015fen Gen\u00e7 Kafe\u2019nin say\u0131s\u0131n\u0131 da artt\u0131r\u0131yor. Konuklara, kaliteli ve uygun fiyatl\u0131 kahvelerin yan\u0131 s\u0131ra lezzetli at\u0131\u015ft\u0131rmal\u0131klar da sunan Gen\u00e7 Kafe\u2019nin ikinci \u015fubesi, So\u011fanl\u0131 Millet Bah\u00e7esi\u2019nde misafirlerini bekliyor. \u0130smail Hakk\u0131 Tongu\u00e7 Ba\u011f\u0131\u015f ve \u015eiir K\u00fct\u00fcphanesi ile ayn\u0131 bina i\u00e7erisinde yer alan Gen\u00e7 Kafe, kaliteli ve ekonomik hizmeti Osmangazililere sunacak.<br \/>\nOsmangazi Belediye Ba\u015fkan\u0131 Erkan Ayd\u0131n, g\u00f6reve ba\u015flamalar\u0131n\u0131n ard\u0131ndan ge\u00e7en 7,5 ay gibi k\u0131sa bir s\u00fcrede, 22\u2019inci a\u00e7\u0131l\u0131\u015f ve temel atma program\u0131n\u0131 ger\u00e7ekle\u015ftirdiklerini belirterek, \u201c\u0130smail Hakk\u0131 Tongu\u00e7 Ba\u011f\u0131\u015f ve \u015eiir K\u00fct\u00fcphanesi\u2019nde \u00f6nce, Osmangazi Meydan\u0131\u2019nda bulunan Hasan Ali Y\u00fccel D\u00fcnya Klasikleri K\u00fct\u00fcphanesi ile Gen\u00e7 Kafe\u2019nin a\u00e7\u0131l\u0131\u015f\u0131n\u0131 yapm\u0131\u015ft\u0131k. Bu a\u00e7\u0131l\u0131\u015f\u0131n ard\u0131ndan yakla\u015f\u0131k 5 ay ge\u00e7ti. Bu s\u00fcre\u00e7te \u015funu g\u00f6zlemledik; Gen\u00e7lerimiz oraya gelerek sosyalle\u015fiyor, \u00f6\u011frencilerimiz ders \u00e7al\u0131\u015f\u0131yor, vatanda\u015flar\u0131m\u0131z ise kitaplar\u0131 okuyarak kendi fikir ve k\u00fclt\u00fcr d\u00fcnyalar\u0131n\u0131 zenginle\u015ftiriyor. Bunu yaparken de uygun fiyata ald\u0131klar\u0131 kaliteli kahvelerini yudumlayabiliyorlar. Hemen yan tarafta yer alan Halk Lokantas\u0131\u2019nda ise 80 liraya 4 \u00e7e\u015fit yemek yiyebiliyorlar. Hatta paralar\u0131 yoksa dahi ask\u0131da yemek ile \u00fccretsiz olarak kar\u0131nlar\u0131n\u0131 doyurabiliyorlar. Ayn\u0131 uygulamay\u0131 burada da hayata ge\u00e7iriyoruz. Vatanda\u015flar\u0131m\u0131zdan ayn\u0131 talebi g\u00f6rece\u011fimizi de d\u00fc\u015f\u00fcn\u00fcyorum\u201d diye konu\u015ftu.<\/p>\n<p>G\u00fcn\u00fcm\u00fcz \u015fartlar\u0131ndaki hayat pahal\u0131l\u0131\u011f\u0131 ve y\u00fcksek enflasyonun, gen\u00e7lerin sosyalle\u015fmesini \u00e7ok zor hale getirdi\u011fini ifade eden Ba\u015fkan Ayd\u0131n, \u201cGen\u00e7lerimizin hayatlar\u0131na katk\u0131 sunmak ve ihtiya\u00e7lar\u0131n\u0131 kar\u015f\u0131lamak i\u00e7in bu tesisimizi hizmete a\u00e7\u0131yoruz. Bundan sonra da \u00e7al\u0131\u015fmalar\u0131m\u0131za durmadan devam edece\u011fiz. 3-4 tane daha kre\u015fin temelini ataca\u011f\u0131z. T\u00fcrkan Saylan K\u0131z \u00d6\u011frenci Yurdu ile birlikte Dernekler Yerle\u015fkesi\u2019nin de temelini ataca\u011f\u0131z. \u0130l\u00e7emize yeni Aile Sa\u011fl\u0131k Merkezleri, kre\u015fler ve Gen\u00e7 Kafe\u2019ler kazand\u0131rmak ad\u0131na \u00e7al\u0131\u015fmalar\u0131m\u0131z olacak. Halk\u0131n bize verdi\u011fi yetkiyi, halk\u0131m\u0131z\u0131n refah\u0131n\u0131, huzurunu ve mutlulu\u011funu artt\u0131rmak i\u00e7in kullanmaya devam edece\u011fiz. Bu tesisin yap\u0131lmas\u0131nda eme\u011fi ge\u00e7en t\u00fcm mesai arkada\u015flar\u0131ma, ayr\u0131 ayr\u0131 te\u015fekk\u00fcr ediyorum. Osmangazi\u2019mize ve Bursa\u2019m\u0131za hay\u0131rl\u0131 u\u011furlu olsun\u201d diye konu\u015ftu.<br \/>\nKonu\u015fmalar sonras\u0131nda kurdele kesimi ile birlikte \u0130smail Hakk\u0131 Tongu\u00e7 Ba\u011f\u0131\u015f ve \u015eiir K\u00fct\u00fcphanesi ile Gen\u00e7 Kafe, hizmete a\u00e7\u0131ld\u0131.<br \/>\nBa\u015fkan Ayd\u0131n ve protokol \u00fcyeleri, a\u00e7\u0131l\u0131\u015f\u0131ndan ard\u0131ndan tesisin i\u00e7erisine girerek incelemelerde bulundu. K\u00fct\u00fcphaneyi gezen Ba\u015fkan Ayd\u0131n\u2019a konuklar aras\u0131nda yer alan Yazar Nil\u00fcfer A\u00e7\u0131kal\u0131n, kitab\u0131n\u0131 imzalayarak hediye etti. Ba\u015fkan Ayd\u0131n, daha sonra Gen\u00e7 Kafe\u2019de kahve makinesinin ba\u015f\u0131na ge\u00e7erek, elleriyle haz\u0131rlad\u0131\u011f\u0131 kahveleri davetlilere ikram etti.<\/p>\n<p>\u200bBursa&#8217;da Osmangazi Belediyesi, kente kazand\u0131rd\u0131\u011f\u0131 14\u2019\u00fcnc\u00fc k\u00fct\u00fcphane olan \u0130smail Hakk\u0131 Tongu\u00e7 Ba\u011f\u0131\u015f ve \u015eiir K\u00fct\u00fcphanesi ile Gen\u00e7 Kafe\u2019nin ikinci \u015fubesini d\u00fczenlenen t\u00f6renle hizmete a\u00e7t\u0131\u00a0<\/p>\n<p>\u200bHaberin Al\u0131nt\u0131land\u0131\u011f\u0131 Kaynak: www.iskenderun.org<\/p>","protected":false},"excerpt":{"rendered":"<p>Bursa&#8217;da Osmangazi Belediyesi, kente kazand\u0131rd\u0131\u011f\u0131 14\u2019\u00fcnc\u00fc k\u00fct\u00fcphane olan \u0130smail Hakk\u0131 Tongu\u00e7 Ba\u011f\u0131\u015f ve \u015eiir K\u00fct\u00fcphanesi ile Gen\u00e7 Kafe\u2019nin ikinci \u015fubesini d\u00fczenlenen t\u00f6renle hizmete a\u00e7t\u0131.BURSA (\u0130GFA) &#8211; Osmangazi Belediyesi, toplumun her kesimine kitap okuma al\u0131\u015fkanl\u0131\u011f\u0131 kazand\u0131rmak hedefiyle il\u00e7enin farkl\u0131 noktalar\u0131na k\u00fct\u00fcphaneler kazand\u0131rmaya devam ediyor. \u00a0Kente kazand\u0131r\u0131lan son k\u00fct\u00fcphane olan \u0130smail Hakk\u0131 Tongu\u00e7 Ba\u011f\u0131\u015f ve \u015eiir K\u00fct\u00fcphanesi ile Gen\u00e7 Kafe\u2019nin ikinci \u015fubesi, d\u00fczenlenen t\u00f6renle Osmangazililerin hizmetine sunuldu.\u00a0 K\u00f6y enstit\u00fclerinin mimar\u0131 ve d\u00f6nemin \u0130lk\u00f6\u011fretim Genel M\u00fcd\u00fcr\u00fc olan \u0130smail Hakk\u0131 Tongu\u00e7\u2019un ismini ta\u015f\u0131yan k\u00fct\u00fcphane, t\u00fcm okuyuculara hitap eden 9 bin kitap kapasitesine sahip. Mimarisi ve fonksiyonelli\u011fi ile dikkat \u00e7eken k\u00fct\u00fcphane, oturma ve ders \u00e7al\u0131\u015fma alanlar\u0131, gen\u00e7 b\u00f6l\u00fcmleri, dinlenme alanlar\u0131 ve bireysel \u00e7al\u0131\u015fma alanlar\u0131 ile kitap okuman\u0131n yan\u0131 s\u0131ra \u00f6\u011frenciler i\u00e7in ders \u00e7al\u0131\u015fmay\u0131 ve \u00f6dev yapmay\u0131 da olduk\u00e7a keyifli bir hale d\u00f6n\u00fc\u015ft\u00fcrecek. Bursa Osmangazi Belediyesi\u2019nin \u0130smail Hakk\u0131 Tongu\u00e7 Ba\u011f\u0131\u015f ve \u015eiir K\u00fct\u00fcphanesi\u2019ndeki kitap \u00e7e\u015fitlili\u011fini artt\u0131rmak i\u00e7in ba\u015flatt\u0131\u011f\u0131 kitap ba\u011f\u0131\u015f\u0131 kampanyas\u0131 devam ediyor. \u2018Kitaplar\u0131n\u0131z Umutlara Ortak Olsun\u2019 ad\u0131 alt\u0131nda ger\u00e7ekle\u015ftirilen kitap ba\u011f\u0131\u015f\u0131 kampanyas\u0131na kat\u0131lmak isteyenler, k\u00fct\u00fcphanelerin kapal\u0131 oldu\u011fu Pazar ve Pazartesi g\u00fcnleri hari\u00e7 di\u011fer g\u00fcnlerde saat 09.00 ile 16.00 aras\u0131nda Hasan Ali Y\u00fccel D\u00fcnya Klasikleri K\u00fct\u00fcphanesi, Emek K\u00fct\u00fcphanesi, Panorama 1326 Bursa Fetih M\u00fczesi K\u00fct\u00fcphanesi, Demirta\u015f K\u00fclt\u00fcr Merkezi K\u00fct\u00fcphanesi, H\u00fcdavendigar K\u00fct\u00fcphanesi ve \u0130smail Hakk\u0131 Tongu\u00e7 Ba\u011f\u0131\u015f ve &hellip;<\/p>","protected":false},"author":0,"featured_media":0,"comment_status":"open","ping_status":"open","sticky":false,"template":"","format":"standard","meta":{"_acf_changed":false,"footnotes":""},"categories":[24,535],"tags":[],"class_list":["post-16216","post","type-post","status-publish","format-standard","has-post-thumbnail","hentry","category-gundem","category-uncategorized-tr"],"acf":[],"yoast_head":"<!-- This site is optimized with the Yoast SEO Premium plugin v26.6 (Yoast SEO v27.1.1) - https:\/\/yoast.com\/product\/yoast-seo-premium-wordpress\/ -->\n<title>Bursa Osmangazi&#039;de \u00e7ifte a\u00e7\u0131l\u0131\u015f - Av. Deniz Can K\u0131z\u0131l<\/title>\n<meta name=\"robots\" content=\"index, follow, max-snippet:-1, max-image-preview:large, max-video-preview:-1\" \/>\n<link rel=\"canonical\" href=\"https:\/\/denizcankizil.tr\/ru\/haberler\/gundem\/bursa-osmangazide-cifte-acilis\/\" \/>\n<meta property=\"og:locale\" content=\"ru_RU\" \/>\n<meta property=\"og:type\" content=\"article\" \/>\n<meta property=\"og:title\" content=\"Bursa Osmangazi&#039;de \u00e7ifte a\u00e7\u0131l\u0131\u015f\" \/>\n<meta property=\"og:description\" content=\"Bursa&#8217;da Osmangazi Belediyesi, kente kazand\u0131rd\u0131\u011f\u0131 14\u2019\u00fcnc\u00fc k\u00fct\u00fcphane olan \u0130smail Hakk\u0131 Tongu\u00e7 Ba\u011f\u0131\u015f ve \u015eiir K\u00fct\u00fcphanesi ile Gen\u00e7 Kafe\u2019nin ikinci \u015fubesini d\u00fczenlenen t\u00f6renle hizmete a\u00e7t\u0131.BURSA (\u0130GFA) &#8211; Osmangazi Belediyesi, toplumun her kesimine kitap okuma al\u0131\u015fkanl\u0131\u011f\u0131 kazand\u0131rmak hedefiyle il\u00e7enin farkl\u0131 noktalar\u0131na k\u00fct\u00fcphaneler kazand\u0131rmaya devam ediyor. \u00a0Kente kazand\u0131r\u0131lan son k\u00fct\u00fcphane olan \u0130smail Hakk\u0131 Tongu\u00e7 Ba\u011f\u0131\u015f ve \u015eiir K\u00fct\u00fcphanesi ile Gen\u00e7 Kafe\u2019nin ikinci \u015fubesi, d\u00fczenlenen t\u00f6renle Osmangazililerin hizmetine sunuldu.\u00a0 K\u00f6y enstit\u00fclerinin mimar\u0131 ve d\u00f6nemin \u0130lk\u00f6\u011fretim Genel M\u00fcd\u00fcr\u00fc olan \u0130smail Hakk\u0131 Tongu\u00e7\u2019un ismini ta\u015f\u0131yan k\u00fct\u00fcphane, t\u00fcm okuyuculara hitap eden 9 bin kitap kapasitesine sahip. Mimarisi ve fonksiyonelli\u011fi ile dikkat \u00e7eken k\u00fct\u00fcphane, oturma ve ders \u00e7al\u0131\u015fma alanlar\u0131, gen\u00e7 b\u00f6l\u00fcmleri, dinlenme alanlar\u0131 ve bireysel \u00e7al\u0131\u015fma alanlar\u0131 ile kitap okuman\u0131n yan\u0131 s\u0131ra \u00f6\u011frenciler i\u00e7in ders \u00e7al\u0131\u015fmay\u0131 ve \u00f6dev yapmay\u0131 da olduk\u00e7a keyifli bir hale d\u00f6n\u00fc\u015ft\u00fcrecek. Bursa Osmangazi Belediyesi\u2019nin \u0130smail Hakk\u0131 Tongu\u00e7 Ba\u011f\u0131\u015f ve \u015eiir K\u00fct\u00fcphanesi\u2019ndeki kitap \u00e7e\u015fitlili\u011fini artt\u0131rmak i\u00e7in ba\u015flatt\u0131\u011f\u0131 kitap ba\u011f\u0131\u015f\u0131 kampanyas\u0131 devam ediyor. \u2018Kitaplar\u0131n\u0131z Umutlara Ortak Olsun\u2019 ad\u0131 alt\u0131nda ger\u00e7ekle\u015ftirilen kitap ba\u011f\u0131\u015f\u0131 kampanyas\u0131na kat\u0131lmak isteyenler, k\u00fct\u00fcphanelerin kapal\u0131 oldu\u011fu Pazar ve Pazartesi g\u00fcnleri hari\u00e7 di\u011fer g\u00fcnlerde saat 09.00 ile 16.00 aras\u0131nda Hasan Ali Y\u00fccel D\u00fcnya Klasikleri K\u00fct\u00fcphanesi, Emek K\u00fct\u00fcphanesi, Panorama 1326 Bursa Fetih M\u00fczesi K\u00fct\u00fcphanesi, Demirta\u015f K\u00fclt\u00fcr Merkezi K\u00fct\u00fcphanesi, H\u00fcdavendigar K\u00fct\u00fcphanesi ve \u0130smail Hakk\u0131 Tongu\u00e7 Ba\u011f\u0131\u015f ve &hellip;\" \/>\n<meta property=\"og:url\" content=\"https:\/\/denizcankizil.tr\/ru\/haberler\/gundem\/bursa-osmangazide-cifte-acilis\/\" \/>\n<meta property=\"og:site_name\" content=\"Av. Deniz Can K\u0131z\u0131l\" \/>\n<meta property=\"article:published_time\" content=\"2024-11-17T04:41:30+00:00\" \/>\n<meta name=\"twitter:card\" content=\"summary_large_image\" \/>\n<meta name=\"twitter:label1\" content=\"\u041f\u0440\u0438\u043c\u0435\u0440\u043d\u043e\u0435 \u0432\u0440\u0435\u043c\u044f \u0434\u043b\u044f \u0447\u0442\u0435\u043d\u0438\u044f\" \/>\n\t<meta name=\"twitter:data1\" content=\"4 \u043c\u0438\u043d\u0443\u0442\u044b\" \/>\n<script type=\"application\/ld+json\" class=\"yoast-schema-graph\">{\"@context\":\"https:\/\/schema.org\",\"@graph\":[{\"@type\":\"Article\",\"@id\":\"https:\/\/denizcankizil.tr\/ru\/haberler\/gundem\/bursa-osmangazide-cifte-acilis\/#article\",\"isPartOf\":{\"@id\":\"https:\/\/denizcankizil.tr\/ru\/haberler\/gundem\/bursa-osmangazide-cifte-acilis\/\"},\"author\":{\"name\":\"\",\"@id\":\"\"},\"headline\":\"Bursa Osmangazi&#8217;de \u00e7ifte a\u00e7\u0131l\u0131\u015f\",\"datePublished\":\"2024-11-17T04:41:30+00:00\",\"mainEntityOfPage\":{\"@id\":\"https:\/\/denizcankizil.tr\/ru\/haberler\/gundem\/bursa-osmangazide-cifte-acilis\/\"},\"wordCount\":882,\"commentCount\":0,\"publisher\":{\"@id\":\"https:\/\/denizcankizil.tr\/#organization\"},\"articleSection\":[\"G\u00fcndem\",\"Uncategorized\"],\"inLanguage\":\"ru-RU\",\"potentialAction\":[{\"@type\":\"CommentAction\",\"name\":\"Comment\",\"target\":[\"https:\/\/denizcankizil.tr\/ru\/haberler\/gundem\/bursa-osmangazide-cifte-acilis\/#respond\"]}]},{\"@type\":\"WebPage\",\"@id\":\"https:\/\/denizcankizil.tr\/ru\/haberler\/gundem\/bursa-osmangazide-cifte-acilis\/\",\"url\":\"https:\/\/denizcankizil.tr\/ru\/haberler\/gundem\/bursa-osmangazide-cifte-acilis\/\",\"name\":\"Bursa Osmangazi'de \u00e7ifte a\u00e7\u0131l\u0131\u015f - Av. Deniz Can K\u0131z\u0131l\",\"isPartOf\":{\"@id\":\"https:\/\/denizcankizil.tr\/#website\"},\"datePublished\":\"2024-11-17T04:41:30+00:00\",\"breadcrumb\":{\"@id\":\"https:\/\/denizcankizil.tr\/ru\/haberler\/gundem\/bursa-osmangazide-cifte-acilis\/#breadcrumb\"},\"inLanguage\":\"ru-RU\",\"potentialAction\":[{\"@type\":\"ReadAction\",\"target\":[\"https:\/\/denizcankizil.tr\/ru\/haberler\/gundem\/bursa-osmangazide-cifte-acilis\/\"]}]},{\"@type\":\"BreadcrumbList\",\"@id\":\"https:\/\/denizcankizil.tr\/ru\/haberler\/gundem\/bursa-osmangazide-cifte-acilis\/#breadcrumb\",\"itemListElement\":[{\"@type\":\"ListItem\",\"position\":1,\"name\":\"Home\",\"item\":\"https:\/\/denizcankizil.tr\/uk\/\"},{\"@type\":\"ListItem\",\"position\":2,\"name\":\"Bursa Osmangazi&#8217;de \u00e7ifte a\u00e7\u0131l\u0131\u015f\"}]},{\"@type\":\"WebSite\",\"@id\":\"https:\/\/denizcankizil.tr\/#website\",\"url\":\"https:\/\/denizcankizil.tr\/\",\"name\":\"Av. Deniz Can K\u0131z\u0131l\",\"description\":\"Avukat Deniz Can K\u0131z\u0131l Antalya Barosu\",\"publisher\":{\"@id\":\"https:\/\/denizcankizil.tr\/#organization\"},\"potentialAction\":[{\"@type\":\"SearchAction\",\"target\":{\"@type\":\"EntryPoint\",\"urlTemplate\":\"https:\/\/denizcankizil.tr\/?s={search_term_string}\"},\"query-input\":{\"@type\":\"PropertyValueSpecification\",\"valueRequired\":true,\"valueName\":\"search_term_string\"}}],\"inLanguage\":\"ru-RU\"},{\"@type\":\"Organization\",\"@id\":\"https:\/\/denizcankizil.tr\/#organization\",\"name\":\"Av. Deniz Can K\u0131z\u0131l\",\"url\":\"https:\/\/denizcankizil.tr\/\",\"logo\":{\"@type\":\"ImageObject\",\"inLanguage\":\"ru-RU\",\"@id\":\"https:\/\/denizcankizil.tr\/#\/schema\/logo\/image\/\",\"url\":\"https:\/\/denizcankizil.tr\/wp-content\/uploads\/2024\/10\/siyah-logo-svg.svg\",\"contentUrl\":\"https:\/\/denizcankizil.tr\/wp-content\/uploads\/2024\/10\/siyah-logo-svg.svg\",\"width\":1080,\"height\":1080,\"caption\":\"Av. Deniz Can K\u0131z\u0131l\"},\"image\":{\"@id\":\"https:\/\/denizcankizil.tr\/#\/schema\/logo\/image\/\"}}]}<\/script>\n<!-- \/ Yoast SEO Premium plugin. -->","yoast_head_json":{"title":"Bursa Osmangazi'de \u00e7ifte a\u00e7\u0131l\u0131\u015f - Av. Deniz Can K\u0131z\u0131l","robots":{"index":"index","follow":"follow","max-snippet":"max-snippet:-1","max-image-preview":"max-image-preview:large","max-video-preview":"max-video-preview:-1"},"canonical":"https:\/\/denizcankizil.tr\/ru\/haberler\/gundem\/bursa-osmangazide-cifte-acilis\/","og_locale":"ru_RU","og_type":"article","og_title":"Bursa Osmangazi'de \u00e7ifte a\u00e7\u0131l\u0131\u015f","og_description":"Bursa&#8217;da Osmangazi Belediyesi, kente kazand\u0131rd\u0131\u011f\u0131 14\u2019\u00fcnc\u00fc k\u00fct\u00fcphane olan \u0130smail Hakk\u0131 Tongu\u00e7 Ba\u011f\u0131\u015f ve \u015eiir K\u00fct\u00fcphanesi ile Gen\u00e7 Kafe\u2019nin ikinci \u015fubesini d\u00fczenlenen t\u00f6renle hizmete a\u00e7t\u0131.BURSA (\u0130GFA) &#8211; Osmangazi Belediyesi, toplumun her kesimine kitap okuma al\u0131\u015fkanl\u0131\u011f\u0131 kazand\u0131rmak hedefiyle il\u00e7enin farkl\u0131 noktalar\u0131na k\u00fct\u00fcphaneler kazand\u0131rmaya devam ediyor. \u00a0Kente kazand\u0131r\u0131lan son k\u00fct\u00fcphane olan \u0130smail Hakk\u0131 Tongu\u00e7 Ba\u011f\u0131\u015f ve \u015eiir K\u00fct\u00fcphanesi ile Gen\u00e7 Kafe\u2019nin ikinci \u015fubesi, d\u00fczenlenen t\u00f6renle Osmangazililerin hizmetine sunuldu.\u00a0 K\u00f6y enstit\u00fclerinin mimar\u0131 ve d\u00f6nemin \u0130lk\u00f6\u011fretim Genel M\u00fcd\u00fcr\u00fc olan \u0130smail Hakk\u0131 Tongu\u00e7\u2019un ismini ta\u015f\u0131yan k\u00fct\u00fcphane, t\u00fcm okuyuculara hitap eden 9 bin kitap kapasitesine sahip. Mimarisi ve fonksiyonelli\u011fi ile dikkat \u00e7eken k\u00fct\u00fcphane, oturma ve ders \u00e7al\u0131\u015fma alanlar\u0131, gen\u00e7 b\u00f6l\u00fcmleri, dinlenme alanlar\u0131 ve bireysel \u00e7al\u0131\u015fma alanlar\u0131 ile kitap okuman\u0131n yan\u0131 s\u0131ra \u00f6\u011frenciler i\u00e7in ders \u00e7al\u0131\u015fmay\u0131 ve \u00f6dev yapmay\u0131 da olduk\u00e7a keyifli bir hale d\u00f6n\u00fc\u015ft\u00fcrecek. Bursa Osmangazi Belediyesi\u2019nin \u0130smail Hakk\u0131 Tongu\u00e7 Ba\u011f\u0131\u015f ve \u015eiir K\u00fct\u00fcphanesi\u2019ndeki kitap \u00e7e\u015fitlili\u011fini artt\u0131rmak i\u00e7in ba\u015flatt\u0131\u011f\u0131 kitap ba\u011f\u0131\u015f\u0131 kampanyas\u0131 devam ediyor. \u2018Kitaplar\u0131n\u0131z Umutlara Ortak Olsun\u2019 ad\u0131 alt\u0131nda ger\u00e7ekle\u015ftirilen kitap ba\u011f\u0131\u015f\u0131 kampanyas\u0131na kat\u0131lmak isteyenler, k\u00fct\u00fcphanelerin kapal\u0131 oldu\u011fu Pazar ve Pazartesi g\u00fcnleri hari\u00e7 di\u011fer g\u00fcnlerde saat 09.00 ile 16.00 aras\u0131nda Hasan Ali Y\u00fccel D\u00fcnya Klasikleri K\u00fct\u00fcphanesi, Emek K\u00fct\u00fcphanesi, Panorama 1326 Bursa Fetih M\u00fczesi K\u00fct\u00fcphanesi, Demirta\u015f K\u00fclt\u00fcr Merkezi K\u00fct\u00fcphanesi, H\u00fcdavendigar K\u00fct\u00fcphanesi ve \u0130smail Hakk\u0131 Tongu\u00e7 Ba\u011f\u0131\u015f ve &hellip;","og_url":"https:\/\/denizcankizil.tr\/ru\/haberler\/gundem\/bursa-osmangazide-cifte-acilis\/","og_site_name":"Av. Deniz Can K\u0131z\u0131l","article_published_time":"2024-11-17T04:41:30+00:00","twitter_card":"summary_large_image","twitter_misc":{"\u041f\u0440\u0438\u043c\u0435\u0440\u043d\u043e\u0435 \u0432\u0440\u0435\u043c\u044f \u0434\u043b\u044f \u0447\u0442\u0435\u043d\u0438\u044f":"4 \u043c\u0438\u043d\u0443\u0442\u044b"},"schema":{"@context":"https:\/\/schema.org","@graph":[{"@type":"Article","@id":"https:\/\/denizcankizil.tr\/ru\/haberler\/gundem\/bursa-osmangazide-cifte-acilis\/#article","isPartOf":{"@id":"https:\/\/denizcankizil.tr\/ru\/haberler\/gundem\/bursa-osmangazide-cifte-acilis\/"},"author":{"name":"","@id":""},"headline":"Bursa Osmangazi&#8217;de \u00e7ifte a\u00e7\u0131l\u0131\u015f","datePublished":"2024-11-17T04:41:30+00:00","mainEntityOfPage":{"@id":"https:\/\/denizcankizil.tr\/ru\/haberler\/gundem\/bursa-osmangazide-cifte-acilis\/"},"wordCount":882,"commentCount":0,"publisher":{"@id":"https:\/\/denizcankizil.tr\/#organization"},"articleSection":["G\u00fcndem","Uncategorized"],"inLanguage":"ru-RU","potentialAction":[{"@type":"CommentAction","name":"Comment","target":["https:\/\/denizcankizil.tr\/ru\/haberler\/gundem\/bursa-osmangazide-cifte-acilis\/#respond"]}]},{"@type":"WebPage","@id":"https:\/\/denizcankizil.tr\/ru\/haberler\/gundem\/bursa-osmangazide-cifte-acilis\/","url":"https:\/\/denizcankizil.tr\/ru\/haberler\/gundem\/bursa-osmangazide-cifte-acilis\/","name":"Bursa Osmangazi'de \u00e7ifte a\u00e7\u0131l\u0131\u015f - Av. Deniz Can K\u0131z\u0131l","isPartOf":{"@id":"https:\/\/denizcankizil.tr\/#website"},"datePublished":"2024-11-17T04:41:30+00:00","breadcrumb":{"@id":"https:\/\/denizcankizil.tr\/ru\/haberler\/gundem\/bursa-osmangazide-cifte-acilis\/#breadcrumb"},"inLanguage":"ru-RU","potentialAction":[{"@type":"ReadAction","target":["https:\/\/denizcankizil.tr\/ru\/haberler\/gundem\/bursa-osmangazide-cifte-acilis\/"]}]},{"@type":"BreadcrumbList","@id":"https:\/\/denizcankizil.tr\/ru\/haberler\/gundem\/bursa-osmangazide-cifte-acilis\/#breadcrumb","itemListElement":[{"@type":"ListItem","position":1,"name":"Home","item":"https:\/\/denizcankizil.tr\/uk\/"},{"@type":"ListItem","position":2,"name":"Bursa Osmangazi&#8217;de \u00e7ifte a\u00e7\u0131l\u0131\u015f"}]},{"@type":"WebSite","@id":"https:\/\/denizcankizil.tr\/#website","url":"https:\/\/denizcankizil.tr\/","name":"Av. Deniz Can K\u0131z\u0131l","description":"Avukat Deniz Can K\u0131z\u0131l Antalya Barosu","publisher":{"@id":"https:\/\/denizcankizil.tr\/#organization"},"potentialAction":[{"@type":"SearchAction","target":{"@type":"EntryPoint","urlTemplate":"https:\/\/denizcankizil.tr\/?s={search_term_string}"},"query-input":{"@type":"PropertyValueSpecification","valueRequired":true,"valueName":"search_term_string"}}],"inLanguage":"ru-RU"},{"@type":"Organization","@id":"https:\/\/denizcankizil.tr\/#organization","name":"Av. Deniz Can K\u0131z\u0131l","url":"https:\/\/denizcankizil.tr\/","logo":{"@type":"ImageObject","inLanguage":"ru-RU","@id":"https:\/\/denizcankizil.tr\/#\/schema\/logo\/image\/","url":"https:\/\/denizcankizil.tr\/wp-content\/uploads\/2024\/10\/siyah-logo-svg.svg","contentUrl":"https:\/\/denizcankizil.tr\/wp-content\/uploads\/2024\/10\/siyah-logo-svg.svg","width":1080,"height":1080,"caption":"Av. Deniz Can K\u0131z\u0131l"},"image":{"@id":"https:\/\/denizcankizil.tr\/#\/schema\/logo\/image\/"}}]}},"_links":{"self":[{"href":"https:\/\/denizcankizil.tr\/ru\/wp-json\/wp\/v2\/posts\/16216","targetHints":{"allow":["GET"]}}],"collection":[{"href":"https:\/\/denizcankizil.tr\/ru\/wp-json\/wp\/v2\/posts"}],"about":[{"href":"https:\/\/denizcankizil.tr\/ru\/wp-json\/wp\/v2\/types\/post"}],"replies":[{"embeddable":true,"href":"https:\/\/denizcankizil.tr\/ru\/wp-json\/wp\/v2\/comments?post=16216"}],"version-history":[{"count":0,"href":"https:\/\/denizcankizil.tr\/ru\/wp-json\/wp\/v2\/posts\/16216\/revisions"}],"wp:attachment":[{"href":"https:\/\/denizcankizil.tr\/ru\/wp-json\/wp\/v2\/media?parent=16216"}],"wp:term":[{"taxonomy":"category","embeddable":true,"href":"https:\/\/denizcankizil.tr\/ru\/wp-json\/wp\/v2\/categories?post=16216"},{"taxonomy":"post_tag","embeddable":true,"href":"https:\/\/denizcankizil.tr\/ru\/wp-json\/wp\/v2\/tags?post=16216"}],"curies":[{"name":"wp","href":"https:\/\/api.w.org\/{rel}","templated":true}]}}