{"id":16151,"date":"2024-11-16T14:41:23","date_gmt":"2024-11-16T11:41:23","guid":{"rendered":"https:\/\/denizcankizil.tr\/uncategorized-tr\/ogrenciler-ara-tatilde-evrensel-cocuk-merkezinde-bulustu\/"},"modified":"2024-11-16T14:41:23","modified_gmt":"2024-11-16T11:41:23","slug":"ogrenciler-ara-tatilde-evrensel-cocuk-merkezinde-bulustu","status":"publish","type":"post","link":"https:\/\/denizcankizil.tr\/ru\/haberler\/gundem\/ogrenciler-ara-tatilde-evrensel-cocuk-merkezinde-bulustu\/","title":{"rendered":"\u00d6\u011frenciler ara tatilde Evrensel \u00c7ocuk Merkezi\u2019nde bulu\u015ftu"},"content":{"rendered":"<p>T\u00fcrkiye\u2019de alan\u0131nda ilk ve tek olan Kar\u015f\u0131yaka Belediyesi Evrensel \u00c7ocuk Merkezi E\u011fitim Kamp\u00fcs\u00fc, ara tatilde y\u00fczlerce \u00f6\u011frenciyi bilim, e\u011fitim ve e\u011flenceyle bulu\u015fturdu. Tatile \u00f6zel at\u00f6lyeler ve Planetaryum\u2019daki film g\u00f6sterimleri \u00e7ocuklardan yo\u011fun ilgi g\u00f6rd\u00fc.<\/p>\n<p>\u200bT\u00fcrkiye\u2019de alan\u0131nda ilk ve tek olan Kar\u015f\u0131yaka Belediyesi Evrensel \u00c7ocuk Merkezi E\u011fitim Kamp\u00fcs\u00fc, ara tatilde y\u00fczlerce \u00f6\u011frenciyi bilim, e\u011fitim ve e\u011flenceyle bulu\u015fturdu. Tatile \u00f6zel at\u00f6lyeler ve Planetaryum\u2019daki film g\u00f6sterimleri \u00e7ocuklardan yo\u011fun ilgi g\u00f6rd\u00fc.\u00a0<\/p>\n<p>\u200bHaberin Al\u0131nt\u0131land\u0131\u011f\u0131 Kaynak: www.iskenderun.org<\/p>","protected":false},"excerpt":{"rendered":"<p>T\u00fcrkiye\u2019de alan\u0131nda ilk ve tek olan Kar\u015f\u0131yaka Belediyesi Evrensel \u00c7ocuk Merkezi E\u011fitim Kamp\u00fcs\u00fc, ara tatilde y\u00fczlerce \u00f6\u011frenciyi bilim, e\u011fitim ve e\u011flenceyle bulu\u015fturdu. Tatile \u00f6zel at\u00f6lyeler ve Planetaryum\u2019daki film g\u00f6sterimleri \u00e7ocuklardan yo\u011fun ilgi g\u00f6rd\u00fc. \u200bT\u00fcrkiye\u2019de alan\u0131nda ilk ve tek olan Kar\u015f\u0131yaka Belediyesi Evrensel \u00c7ocuk Merkezi E\u011fitim Kamp\u00fcs\u00fc, ara tatilde y\u00fczlerce \u00f6\u011frenciyi bilim, e\u011fitim ve e\u011flenceyle bulu\u015fturdu. Tatile \u00f6zel at\u00f6lyeler ve Planetaryum\u2019daki film g\u00f6sterimleri \u00e7ocuklardan yo\u011fun ilgi g\u00f6rd\u00fc.\u00a0 \u200bHaberin Al\u0131nt\u0131land\u0131\u011f\u0131 Kaynak: www.iskenderun.org<\/p>","protected":false},"author":0,"featured_media":0,"comment_status":"open","ping_status":"open","sticky":false,"template":"","format":"standard","meta":{"_acf_changed":false,"footnotes":""},"categories":[24,535],"tags":[],"class_list":["post-16151","post","type-post","status-publish","format-standard","has-post-thumbnail","hentry","category-gundem","category-uncategorized-tr"],"acf":[],"yoast_head":"<!-- This site is optimized with the Yoast SEO Premium plugin v26.6 (Yoast SEO v27.1.1) - https:\/\/yoast.com\/product\/yoast-seo-premium-wordpress\/ -->\n<title>\u00d6\u011frenciler ara tatilde Evrensel \u00c7ocuk Merkezi\u2019nde bulu\u015ftu - Av. Deniz Can K\u0131z\u0131l<\/title>\n<meta name=\"robots\" content=\"index, follow, max-snippet:-1, max-image-preview:large, max-video-preview:-1\" \/>\n<link rel=\"canonical\" href=\"https:\/\/denizcankizil.tr\/ru\/haberler\/gundem\/ogrenciler-ara-tatilde-evrensel-cocuk-merkezinde-bulustu\/\" \/>\n<meta property=\"og:locale\" content=\"ru_RU\" \/>\n<meta property=\"og:type\" content=\"article\" \/>\n<meta property=\"og:title\" content=\"\u00d6\u011frenciler ara tatilde Evrensel \u00c7ocuk Merkezi\u2019nde bulu\u015ftu\" \/>\n<meta property=\"og:description\" content=\"T\u00fcrkiye\u2019de alan\u0131nda ilk ve tek olan Kar\u015f\u0131yaka Belediyesi Evrensel \u00c7ocuk Merkezi E\u011fitim Kamp\u00fcs\u00fc, ara tatilde y\u00fczlerce \u00f6\u011frenciyi bilim, e\u011fitim ve e\u011flenceyle bulu\u015fturdu. Tatile \u00f6zel at\u00f6lyeler ve Planetaryum\u2019daki film g\u00f6sterimleri \u00e7ocuklardan yo\u011fun ilgi g\u00f6rd\u00fc. \u200bT\u00fcrkiye\u2019de alan\u0131nda ilk ve tek olan Kar\u015f\u0131yaka Belediyesi Evrensel \u00c7ocuk Merkezi E\u011fitim Kamp\u00fcs\u00fc, ara tatilde y\u00fczlerce \u00f6\u011frenciyi bilim, e\u011fitim ve e\u011flenceyle bulu\u015fturdu. Tatile \u00f6zel at\u00f6lyeler ve Planetaryum\u2019daki film g\u00f6sterimleri \u00e7ocuklardan yo\u011fun ilgi g\u00f6rd\u00fc.\u00a0 \u200bHaberin Al\u0131nt\u0131land\u0131\u011f\u0131 Kaynak: www.iskenderun.org\" \/>\n<meta property=\"og:url\" content=\"https:\/\/denizcankizil.tr\/ru\/haberler\/gundem\/ogrenciler-ara-tatilde-evrensel-cocuk-merkezinde-bulustu\/\" \/>\n<meta property=\"og:site_name\" content=\"Av. Deniz Can K\u0131z\u0131l\" \/>\n<meta property=\"article:published_time\" content=\"2024-11-16T11:41:23+00:00\" \/>\n<meta name=\"twitter:card\" content=\"summary_large_image\" \/>\n<meta name=\"twitter:label1\" content=\"\u041f\u0440\u0438\u043c\u0435\u0440\u043d\u043e\u0435 \u0432\u0440\u0435\u043c\u044f \u0434\u043b\u044f \u0447\u0442\u0435\u043d\u0438\u044f\" \/>\n\t<meta name=\"twitter:data1\" content=\"1 \u043c\u0438\u043d\u0443\u0442\u0430\" \/>\n<script type=\"application\/ld+json\" class=\"yoast-schema-graph\">{\"@context\":\"https:\/\/schema.org\",\"@graph\":[{\"@type\":\"Article\",\"@id\":\"https:\/\/denizcankizil.tr\/ru\/haberler\/gundem\/ogrenciler-ara-tatilde-evrensel-cocuk-merkezinde-bulustu\/#article\",\"isPartOf\":{\"@id\":\"https:\/\/denizcankizil.tr\/ru\/haberler\/gundem\/ogrenciler-ara-tatilde-evrensel-cocuk-merkezinde-bulustu\/\"},\"author\":{\"name\":\"\",\"@id\":\"\"},\"headline\":\"\u00d6\u011frenciler ara tatilde Evrensel \u00c7ocuk Merkezi\u2019nde bulu\u015ftu\",\"datePublished\":\"2024-11-16T11:41:23+00:00\",\"mainEntityOfPage\":{\"@id\":\"https:\/\/denizcankizil.tr\/ru\/haberler\/gundem\/ogrenciler-ara-tatilde-evrensel-cocuk-merkezinde-bulustu\/\"},\"wordCount\":113,\"commentCount\":0,\"publisher\":{\"@id\":\"https:\/\/denizcankizil.tr\/#organization\"},\"articleSection\":[\"G\u00fcndem\",\"Uncategorized\"],\"inLanguage\":\"ru-RU\",\"potentialAction\":[{\"@type\":\"CommentAction\",\"name\":\"Comment\",\"target\":[\"https:\/\/denizcankizil.tr\/ru\/haberler\/gundem\/ogrenciler-ara-tatilde-evrensel-cocuk-merkezinde-bulustu\/#respond\"]}]},{\"@type\":\"WebPage\",\"@id\":\"https:\/\/denizcankizil.tr\/ru\/haberler\/gundem\/ogrenciler-ara-tatilde-evrensel-cocuk-merkezinde-bulustu\/\",\"url\":\"https:\/\/denizcankizil.tr\/ru\/haberler\/gundem\/ogrenciler-ara-tatilde-evrensel-cocuk-merkezinde-bulustu\/\",\"name\":\"\u00d6\u011frenciler ara tatilde Evrensel \u00c7ocuk Merkezi\u2019nde bulu\u015ftu - Av. Deniz Can K\u0131z\u0131l\",\"isPartOf\":{\"@id\":\"https:\/\/denizcankizil.tr\/#website\"},\"datePublished\":\"2024-11-16T11:41:23+00:00\",\"breadcrumb\":{\"@id\":\"https:\/\/denizcankizil.tr\/ru\/haberler\/gundem\/ogrenciler-ara-tatilde-evrensel-cocuk-merkezinde-bulustu\/#breadcrumb\"},\"inLanguage\":\"ru-RU\",\"potentialAction\":[{\"@type\":\"ReadAction\",\"target\":[\"https:\/\/denizcankizil.tr\/ru\/haberler\/gundem\/ogrenciler-ara-tatilde-evrensel-cocuk-merkezinde-bulustu\/\"]}]},{\"@type\":\"BreadcrumbList\",\"@id\":\"https:\/\/denizcankizil.tr\/ru\/haberler\/gundem\/ogrenciler-ara-tatilde-evrensel-cocuk-merkezinde-bulustu\/#breadcrumb\",\"itemListElement\":[{\"@type\":\"ListItem\",\"position\":1,\"name\":\"Home\",\"item\":\"https:\/\/denizcankizil.tr\/de\/\"},{\"@type\":\"ListItem\",\"position\":2,\"name\":\"\u00d6\u011frenciler ara tatilde Evrensel \u00c7ocuk Merkezi\u2019nde bulu\u015ftu\"}]},{\"@type\":\"WebSite\",\"@id\":\"https:\/\/denizcankizil.tr\/#website\",\"url\":\"https:\/\/denizcankizil.tr\/\",\"name\":\"Av. Deniz Can K\u0131z\u0131l\",\"description\":\"Avukat Deniz Can K\u0131z\u0131l Antalya Barosu\",\"publisher\":{\"@id\":\"https:\/\/denizcankizil.tr\/#organization\"},\"potentialAction\":[{\"@type\":\"SearchAction\",\"target\":{\"@type\":\"EntryPoint\",\"urlTemplate\":\"https:\/\/denizcankizil.tr\/?s={search_term_string}\"},\"query-input\":{\"@type\":\"PropertyValueSpecification\",\"valueRequired\":true,\"valueName\":\"search_term_string\"}}],\"inLanguage\":\"ru-RU\"},{\"@type\":\"Organization\",\"@id\":\"https:\/\/denizcankizil.tr\/#organization\",\"name\":\"Av. Deniz Can K\u0131z\u0131l\",\"url\":\"https:\/\/denizcankizil.tr\/\",\"logo\":{\"@type\":\"ImageObject\",\"inLanguage\":\"ru-RU\",\"@id\":\"https:\/\/denizcankizil.tr\/#\/schema\/logo\/image\/\",\"url\":\"https:\/\/denizcankizil.tr\/wp-content\/uploads\/2024\/10\/siyah-logo-svg.svg\",\"contentUrl\":\"https:\/\/denizcankizil.tr\/wp-content\/uploads\/2024\/10\/siyah-logo-svg.svg\",\"width\":1080,\"height\":1080,\"caption\":\"Av. Deniz Can K\u0131z\u0131l\"},\"image\":{\"@id\":\"https:\/\/denizcankizil.tr\/#\/schema\/logo\/image\/\"}}]}<\/script>\n<!-- \/ Yoast SEO Premium plugin. -->","yoast_head_json":{"title":"\u00d6\u011frenciler ara tatilde Evrensel \u00c7ocuk Merkezi\u2019nde bulu\u015ftu - Av. Deniz Can K\u0131z\u0131l","robots":{"index":"index","follow":"follow","max-snippet":"max-snippet:-1","max-image-preview":"max-image-preview:large","max-video-preview":"max-video-preview:-1"},"canonical":"https:\/\/denizcankizil.tr\/ru\/haberler\/gundem\/ogrenciler-ara-tatilde-evrensel-cocuk-merkezinde-bulustu\/","og_locale":"ru_RU","og_type":"article","og_title":"\u00d6\u011frenciler ara tatilde Evrensel \u00c7ocuk Merkezi\u2019nde bulu\u015ftu","og_description":"T\u00fcrkiye\u2019de alan\u0131nda ilk ve tek olan Kar\u015f\u0131yaka Belediyesi Evrensel \u00c7ocuk Merkezi E\u011fitim Kamp\u00fcs\u00fc, ara tatilde y\u00fczlerce \u00f6\u011frenciyi bilim, e\u011fitim ve e\u011flenceyle bulu\u015fturdu. Tatile \u00f6zel at\u00f6lyeler ve Planetaryum\u2019daki film g\u00f6sterimleri \u00e7ocuklardan yo\u011fun ilgi g\u00f6rd\u00fc. \u200bT\u00fcrkiye\u2019de alan\u0131nda ilk ve tek olan Kar\u015f\u0131yaka Belediyesi Evrensel \u00c7ocuk Merkezi E\u011fitim Kamp\u00fcs\u00fc, ara tatilde y\u00fczlerce \u00f6\u011frenciyi bilim, e\u011fitim ve e\u011flenceyle bulu\u015fturdu. Tatile \u00f6zel at\u00f6lyeler ve Planetaryum\u2019daki film g\u00f6sterimleri \u00e7ocuklardan yo\u011fun ilgi g\u00f6rd\u00fc.\u00a0 \u200bHaberin Al\u0131nt\u0131land\u0131\u011f\u0131 Kaynak: www.iskenderun.org","og_url":"https:\/\/denizcankizil.tr\/ru\/haberler\/gundem\/ogrenciler-ara-tatilde-evrensel-cocuk-merkezinde-bulustu\/","og_site_name":"Av. Deniz Can K\u0131z\u0131l","article_published_time":"2024-11-16T11:41:23+00:00","twitter_card":"summary_large_image","twitter_misc":{"\u041f\u0440\u0438\u043c\u0435\u0440\u043d\u043e\u0435 \u0432\u0440\u0435\u043c\u044f \u0434\u043b\u044f \u0447\u0442\u0435\u043d\u0438\u044f":"1 \u043c\u0438\u043d\u0443\u0442\u0430"},"schema":{"@context":"https:\/\/schema.org","@graph":[{"@type":"Article","@id":"https:\/\/denizcankizil.tr\/ru\/haberler\/gundem\/ogrenciler-ara-tatilde-evrensel-cocuk-merkezinde-bulustu\/#article","isPartOf":{"@id":"https:\/\/denizcankizil.tr\/ru\/haberler\/gundem\/ogrenciler-ara-tatilde-evrensel-cocuk-merkezinde-bulustu\/"},"author":{"name":"","@id":""},"headline":"\u00d6\u011frenciler ara tatilde Evrensel \u00c7ocuk Merkezi\u2019nde bulu\u015ftu","datePublished":"2024-11-16T11:41:23+00:00","mainEntityOfPage":{"@id":"https:\/\/denizcankizil.tr\/ru\/haberler\/gundem\/ogrenciler-ara-tatilde-evrensel-cocuk-merkezinde-bulustu\/"},"wordCount":113,"commentCount":0,"publisher":{"@id":"https:\/\/denizcankizil.tr\/#organization"},"articleSection":["G\u00fcndem","Uncategorized"],"inLanguage":"ru-RU","potentialAction":[{"@type":"CommentAction","name":"Comment","target":["https:\/\/denizcankizil.tr\/ru\/haberler\/gundem\/ogrenciler-ara-tatilde-evrensel-cocuk-merkezinde-bulustu\/#respond"]}]},{"@type":"WebPage","@id":"https:\/\/denizcankizil.tr\/ru\/haberler\/gundem\/ogrenciler-ara-tatilde-evrensel-cocuk-merkezinde-bulustu\/","url":"https:\/\/denizcankizil.tr\/ru\/haberler\/gundem\/ogrenciler-ara-tatilde-evrensel-cocuk-merkezinde-bulustu\/","name":"\u00d6\u011frenciler ara tatilde Evrensel \u00c7ocuk Merkezi\u2019nde bulu\u015ftu - Av. Deniz Can K\u0131z\u0131l","isPartOf":{"@id":"https:\/\/denizcankizil.tr\/#website"},"datePublished":"2024-11-16T11:41:23+00:00","breadcrumb":{"@id":"https:\/\/denizcankizil.tr\/ru\/haberler\/gundem\/ogrenciler-ara-tatilde-evrensel-cocuk-merkezinde-bulustu\/#breadcrumb"},"inLanguage":"ru-RU","potentialAction":[{"@type":"ReadAction","target":["https:\/\/denizcankizil.tr\/ru\/haberler\/gundem\/ogrenciler-ara-tatilde-evrensel-cocuk-merkezinde-bulustu\/"]}]},{"@type":"BreadcrumbList","@id":"https:\/\/denizcankizil.tr\/ru\/haberler\/gundem\/ogrenciler-ara-tatilde-evrensel-cocuk-merkezinde-bulustu\/#breadcrumb","itemListElement":[{"@type":"ListItem","position":1,"name":"Home","item":"https:\/\/denizcankizil.tr\/de\/"},{"@type":"ListItem","position":2,"name":"\u00d6\u011frenciler ara tatilde Evrensel \u00c7ocuk Merkezi\u2019nde bulu\u015ftu"}]},{"@type":"WebSite","@id":"https:\/\/denizcankizil.tr\/#website","url":"https:\/\/denizcankizil.tr\/","name":"Av. Deniz Can K\u0131z\u0131l","description":"Avukat Deniz Can K\u0131z\u0131l Antalya Barosu","publisher":{"@id":"https:\/\/denizcankizil.tr\/#organization"},"potentialAction":[{"@type":"SearchAction","target":{"@type":"EntryPoint","urlTemplate":"https:\/\/denizcankizil.tr\/?s={search_term_string}"},"query-input":{"@type":"PropertyValueSpecification","valueRequired":true,"valueName":"search_term_string"}}],"inLanguage":"ru-RU"},{"@type":"Organization","@id":"https:\/\/denizcankizil.tr\/#organization","name":"Av. Deniz Can K\u0131z\u0131l","url":"https:\/\/denizcankizil.tr\/","logo":{"@type":"ImageObject","inLanguage":"ru-RU","@id":"https:\/\/denizcankizil.tr\/#\/schema\/logo\/image\/","url":"https:\/\/denizcankizil.tr\/wp-content\/uploads\/2024\/10\/siyah-logo-svg.svg","contentUrl":"https:\/\/denizcankizil.tr\/wp-content\/uploads\/2024\/10\/siyah-logo-svg.svg","width":1080,"height":1080,"caption":"Av. Deniz Can K\u0131z\u0131l"},"image":{"@id":"https:\/\/denizcankizil.tr\/#\/schema\/logo\/image\/"}}]}},"_links":{"self":[{"href":"https:\/\/denizcankizil.tr\/ru\/wp-json\/wp\/v2\/posts\/16151","targetHints":{"allow":["GET"]}}],"collection":[{"href":"https:\/\/denizcankizil.tr\/ru\/wp-json\/wp\/v2\/posts"}],"about":[{"href":"https:\/\/denizcankizil.tr\/ru\/wp-json\/wp\/v2\/types\/post"}],"replies":[{"embeddable":true,"href":"https:\/\/denizcankizil.tr\/ru\/wp-json\/wp\/v2\/comments?post=16151"}],"version-history":[{"count":0,"href":"https:\/\/denizcankizil.tr\/ru\/wp-json\/wp\/v2\/posts\/16151\/revisions"}],"wp:attachment":[{"href":"https:\/\/denizcankizil.tr\/ru\/wp-json\/wp\/v2\/media?parent=16151"}],"wp:term":[{"taxonomy":"category","embeddable":true,"href":"https:\/\/denizcankizil.tr\/ru\/wp-json\/wp\/v2\/categories?post=16151"},{"taxonomy":"post_tag","embeddable":true,"href":"https:\/\/denizcankizil.tr\/ru\/wp-json\/wp\/v2\/tags?post=16151"}],"curies":[{"name":"wp","href":"https:\/\/api.w.org\/{rel}","templated":true}]}}