{"id":16118,"date":"2024-11-16T11:42:04","date_gmt":"2024-11-16T08:42:04","guid":{"rendered":"https:\/\/denizcankizil.tr\/uncategorized-tr\/kaza-yapan-ingilizler-goruntu-alan-gazeteciye-saldirdi\/"},"modified":"2024-11-16T11:42:04","modified_gmt":"2024-11-16T08:42:04","slug":"kaza-yapan-ingilizler-goruntu-alan-gazeteciye-saldirdi","status":"publish","type":"post","link":"https:\/\/denizcankizil.tr\/ru\/haberler\/antalya\/kaza-yapan-ingilizler-goruntu-alan-gazeteciye-saldirdi\/","title":{"rendered":"Kaza yapan \u0130ngilizler, g\u00f6r\u00fcnt\u00fc alan gazeteciye sald\u0131rd\u0131"},"content":{"rendered":"<p>Kiralad\u0131klar\u0131 3 ATV ile Manavgat Sorgun Mahallesi Bo\u011faz mevkisine gelen 5 \u0130ngiliz, a\u00e7\u0131k otoparkta kum tepesine \u00e7\u0131karak h\u0131z yapmaya ve drift atmaya ba\u015flad\u0131. \u0130ngiltere vatanda\u015f\u0131 olan Pedro Muguel Ferreira Macedo&#8217;nun kulland\u0131\u011f\u0131 01 ABD 924 plakal\u0131 ATV drift yapt\u0131\u011f\u0131 s\u0131rada devrildi. Kazada, devrilen ATV&#8217;nin alt\u0131nda kalarak yaralanan 01 ABD 924 plakal\u0131 ATV&#8217;de yolcu olarak bulunan Carla Vanessa Andrade Da Silva&#8217;n\u0131n yard\u0131m\u0131na \u00e7evredeki vatanda\u015flar ko\u015ftu. \u0130ngiliz kad\u0131n vatanda\u015flar\u0131n yard\u0131m\u0131yla ATV&#8217;nin alt\u0131ndan \u00e7\u0131kar\u0131l\u0131rken, 112 sa\u011fl\u0131k ekibinin olay yerindeki m\u00fcdahalesinin ard\u0131ndan ambulansla hastaneye kald\u0131r\u0131ld\u0131.<\/p>\n<p>\u0130ngilizler \u0130HA muhabirine sald\u0131rd\u0131<br \/>\nKazan\u0131n ard\u0131ndan olay yerine Manavgat \u0130l\u00e7e Jandarma Komutanl\u0131\u011f\u0131 Merkez Jandarma Karakolu ve Jandarma Trafik ekipleri sevk edilirken kaza yapan ATV s\u00fcr\u00fcc\u00fcs\u00fc Macedo ve di\u011fer ATV&#8217;yi kullanan \u0130ngiliz kad\u0131n olay yerinde g\u00f6r\u00fcnt\u00fc alan bas\u0131n mensubuna s\u00f6zl\u00fc ve fiili sald\u0131r\u0131da bulundu. Sald\u0131r\u0131 s\u0131ras\u0131nda muhabirin kameras\u0131 yere d\u00fc\u015ferken araya giren vatanda\u015flar \u0130ngilizleri uzakla\u015ft\u0131rd\u0131.<\/p>\n<p>Kaynak: www.kanalv.com.tr Haber Sitesinden Al\u0131nm\u0131\u015ft\u0131r.<\/p>","protected":false},"excerpt":{"rendered":"<p>Kiralad\u0131klar\u0131 3 ATV ile Manavgat Sorgun Mahallesi Bo\u011faz mevkisine gelen 5 \u0130ngiliz, a\u00e7\u0131k otoparkta kum tepesine \u00e7\u0131karak h\u0131z yapmaya ve drift atmaya ba\u015flad\u0131. \u0130ngiltere vatanda\u015f\u0131 olan Pedro Muguel Ferreira Macedo&#8217;nun kulland\u0131\u011f\u0131 01 ABD 924 plakal\u0131 ATV drift yapt\u0131\u011f\u0131 s\u0131rada devrildi. Kazada, devrilen ATV&#8217;nin alt\u0131nda kalarak yaralanan 01 ABD 924 plakal\u0131 ATV&#8217;de yolcu olarak bulunan Carla Vanessa Andrade Da Silva&#8217;n\u0131n yard\u0131m\u0131na \u00e7evredeki vatanda\u015flar ko\u015ftu. \u0130ngiliz kad\u0131n vatanda\u015flar\u0131n yard\u0131m\u0131yla ATV&#8217;nin alt\u0131ndan \u00e7\u0131kar\u0131l\u0131rken, 112 sa\u011fl\u0131k ekibinin olay yerindeki m\u00fcdahalesinin ard\u0131ndan ambulansla hastaneye kald\u0131r\u0131ld\u0131. \u0130ngilizler \u0130HA muhabirine sald\u0131rd\u0131 Kazan\u0131n ard\u0131ndan olay yerine Manavgat \u0130l\u00e7e Jandarma Komutanl\u0131\u011f\u0131 Merkez Jandarma Karakolu ve Jandarma Trafik ekipleri sevk edilirken kaza yapan ATV s\u00fcr\u00fcc\u00fcs\u00fc Macedo ve di\u011fer ATV&#8217;yi kullanan \u0130ngiliz kad\u0131n olay yerinde g\u00f6r\u00fcnt\u00fc alan bas\u0131n mensubuna s\u00f6zl\u00fc ve fiili sald\u0131r\u0131da bulundu. Sald\u0131r\u0131 s\u0131ras\u0131nda muhabirin kameras\u0131 yere d\u00fc\u015ferken araya giren vatanda\u015flar \u0130ngilizleri uzakla\u015ft\u0131rd\u0131. Kaynak: www.kanalv.com.tr Haber Sitesinden Al\u0131nm\u0131\u015ft\u0131r.<\/p>","protected":false},"author":0,"featured_media":16119,"comment_status":"open","ping_status":"open","sticky":false,"template":"","format":"standard","meta":{"_acf_changed":false,"footnotes":""},"categories":[26,535],"tags":[],"class_list":["post-16118","post","type-post","status-publish","format-standard","has-post-thumbnail","hentry","category-antalya","category-uncategorized-tr"],"acf":[],"yoast_head":"<!-- This site is optimized with the Yoast SEO Premium plugin v26.6 (Yoast SEO v27.1.1) - https:\/\/yoast.com\/product\/yoast-seo-premium-wordpress\/ -->\n<title>Kaza yapan \u0130ngilizler, g\u00f6r\u00fcnt\u00fc alan gazeteciye sald\u0131rd\u0131 - Av. Deniz Can K\u0131z\u0131l<\/title>\n<meta name=\"robots\" content=\"index, follow, max-snippet:-1, max-image-preview:large, max-video-preview:-1\" \/>\n<link rel=\"canonical\" href=\"https:\/\/denizcankizil.tr\/ru\/haberler\/antalya\/kaza-yapan-ingilizler-goruntu-alan-gazeteciye-saldirdi\/\" \/>\n<meta property=\"og:locale\" content=\"ru_RU\" \/>\n<meta property=\"og:type\" content=\"article\" \/>\n<meta property=\"og:title\" content=\"Kaza yapan \u0130ngilizler, g\u00f6r\u00fcnt\u00fc alan gazeteciye sald\u0131rd\u0131\" \/>\n<meta property=\"og:description\" content=\"Kiralad\u0131klar\u0131 3 ATV ile Manavgat Sorgun Mahallesi Bo\u011faz mevkisine gelen 5 \u0130ngiliz, a\u00e7\u0131k otoparkta kum tepesine \u00e7\u0131karak h\u0131z yapmaya ve drift atmaya ba\u015flad\u0131. \u0130ngiltere vatanda\u015f\u0131 olan Pedro Muguel Ferreira Macedo&#8217;nun kulland\u0131\u011f\u0131 01 ABD 924 plakal\u0131 ATV drift yapt\u0131\u011f\u0131 s\u0131rada devrildi. Kazada, devrilen ATV&#8217;nin alt\u0131nda kalarak yaralanan 01 ABD 924 plakal\u0131 ATV&#8217;de yolcu olarak bulunan Carla Vanessa Andrade Da Silva&#8217;n\u0131n yard\u0131m\u0131na \u00e7evredeki vatanda\u015flar ko\u015ftu. \u0130ngiliz kad\u0131n vatanda\u015flar\u0131n yard\u0131m\u0131yla ATV&#8217;nin alt\u0131ndan \u00e7\u0131kar\u0131l\u0131rken, 112 sa\u011fl\u0131k ekibinin olay yerindeki m\u00fcdahalesinin ard\u0131ndan ambulansla hastaneye kald\u0131r\u0131ld\u0131. \u0130ngilizler \u0130HA muhabirine sald\u0131rd\u0131 Kazan\u0131n ard\u0131ndan olay yerine Manavgat \u0130l\u00e7e Jandarma Komutanl\u0131\u011f\u0131 Merkez Jandarma Karakolu ve Jandarma Trafik ekipleri sevk edilirken kaza yapan ATV s\u00fcr\u00fcc\u00fcs\u00fc Macedo ve di\u011fer ATV&#8217;yi kullanan \u0130ngiliz kad\u0131n olay yerinde g\u00f6r\u00fcnt\u00fc alan bas\u0131n mensubuna s\u00f6zl\u00fc ve fiili sald\u0131r\u0131da bulundu. Sald\u0131r\u0131 s\u0131ras\u0131nda muhabirin kameras\u0131 yere d\u00fc\u015ferken araya giren vatanda\u015flar \u0130ngilizleri uzakla\u015ft\u0131rd\u0131. Kaynak: www.kanalv.com.tr Haber Sitesinden Al\u0131nm\u0131\u015ft\u0131r.\" \/>\n<meta property=\"og:url\" content=\"https:\/\/denizcankizil.tr\/ru\/haberler\/antalya\/kaza-yapan-ingilizler-goruntu-alan-gazeteciye-saldirdi\/\" \/>\n<meta property=\"og:site_name\" content=\"Av. Deniz Can K\u0131z\u0131l\" \/>\n<meta property=\"article:published_time\" content=\"2024-11-16T08:42:04+00:00\" \/>\n<meta property=\"og:image\" content=\"https:\/\/denizcankizil.tr\/wp-content\/uploads\/2024\/11\/3115-01-BujaKE.jpeg\" \/>\n\t<meta property=\"og:image:width\" content=\"1280\" \/>\n\t<meta property=\"og:image:height\" content=\"720\" \/>\n\t<meta property=\"og:image:type\" content=\"image\/jpeg\" \/>\n<meta name=\"twitter:card\" content=\"summary_large_image\" \/>\n<meta name=\"twitter:label1\" content=\"\u041f\u0440\u0438\u043c\u0435\u0440\u043d\u043e\u0435 \u0432\u0440\u0435\u043c\u044f \u0434\u043b\u044f \u0447\u0442\u0435\u043d\u0438\u044f\" \/>\n\t<meta name=\"twitter:data1\" content=\"1 \u043c\u0438\u043d\u0443\u0442\u0430\" \/>\n<script type=\"application\/ld+json\" class=\"yoast-schema-graph\">{\"@context\":\"https:\/\/schema.org\",\"@graph\":[{\"@type\":\"Article\",\"@id\":\"https:\/\/denizcankizil.tr\/ru\/haberler\/antalya\/kaza-yapan-ingilizler-goruntu-alan-gazeteciye-saldirdi\/#article\",\"isPartOf\":{\"@id\":\"https:\/\/denizcankizil.tr\/ru\/haberler\/antalya\/kaza-yapan-ingilizler-goruntu-alan-gazeteciye-saldirdi\/\"},\"author\":{\"name\":\"\",\"@id\":\"\"},\"headline\":\"Kaza yapan \u0130ngilizler, g\u00f6r\u00fcnt\u00fc alan gazeteciye sald\u0131rd\u0131\",\"datePublished\":\"2024-11-16T08:42:04+00:00\",\"mainEntityOfPage\":{\"@id\":\"https:\/\/denizcankizil.tr\/ru\/haberler\/antalya\/kaza-yapan-ingilizler-goruntu-alan-gazeteciye-saldirdi\/\"},\"wordCount\":202,\"commentCount\":0,\"publisher\":{\"@id\":\"https:\/\/denizcankizil.tr\/#organization\"},\"image\":{\"@id\":\"https:\/\/denizcankizil.tr\/ru\/haberler\/antalya\/kaza-yapan-ingilizler-goruntu-alan-gazeteciye-saldirdi\/#primaryimage\"},\"thumbnailUrl\":\"https:\/\/denizcankizil.tr\/wp-content\/uploads\/2024\/11\/3115-01-BujaKE.jpeg\",\"articleSection\":[\"Antalya\",\"Uncategorized\"],\"inLanguage\":\"ru-RU\",\"potentialAction\":[{\"@type\":\"CommentAction\",\"name\":\"Comment\",\"target\":[\"https:\/\/denizcankizil.tr\/ru\/haberler\/antalya\/kaza-yapan-ingilizler-goruntu-alan-gazeteciye-saldirdi\/#respond\"]}]},{\"@type\":\"WebPage\",\"@id\":\"https:\/\/denizcankizil.tr\/ru\/haberler\/antalya\/kaza-yapan-ingilizler-goruntu-alan-gazeteciye-saldirdi\/\",\"url\":\"https:\/\/denizcankizil.tr\/ru\/haberler\/antalya\/kaza-yapan-ingilizler-goruntu-alan-gazeteciye-saldirdi\/\",\"name\":\"Kaza yapan \u0130ngilizler, g\u00f6r\u00fcnt\u00fc alan gazeteciye sald\u0131rd\u0131 - Av. Deniz Can K\u0131z\u0131l\",\"isPartOf\":{\"@id\":\"https:\/\/denizcankizil.tr\/#website\"},\"primaryImageOfPage\":{\"@id\":\"https:\/\/denizcankizil.tr\/ru\/haberler\/antalya\/kaza-yapan-ingilizler-goruntu-alan-gazeteciye-saldirdi\/#primaryimage\"},\"image\":{\"@id\":\"https:\/\/denizcankizil.tr\/ru\/haberler\/antalya\/kaza-yapan-ingilizler-goruntu-alan-gazeteciye-saldirdi\/#primaryimage\"},\"thumbnailUrl\":\"https:\/\/denizcankizil.tr\/wp-content\/uploads\/2024\/11\/3115-01-BujaKE.jpeg\",\"datePublished\":\"2024-11-16T08:42:04+00:00\",\"breadcrumb\":{\"@id\":\"https:\/\/denizcankizil.tr\/ru\/haberler\/antalya\/kaza-yapan-ingilizler-goruntu-alan-gazeteciye-saldirdi\/#breadcrumb\"},\"inLanguage\":\"ru-RU\",\"potentialAction\":[{\"@type\":\"ReadAction\",\"target\":[\"https:\/\/denizcankizil.tr\/ru\/haberler\/antalya\/kaza-yapan-ingilizler-goruntu-alan-gazeteciye-saldirdi\/\"]}]},{\"@type\":\"ImageObject\",\"inLanguage\":\"ru-RU\",\"@id\":\"https:\/\/denizcankizil.tr\/ru\/haberler\/antalya\/kaza-yapan-ingilizler-goruntu-alan-gazeteciye-saldirdi\/#primaryimage\",\"url\":\"https:\/\/denizcankizil.tr\/wp-content\/uploads\/2024\/11\/3115-01-BujaKE.jpeg\",\"contentUrl\":\"https:\/\/denizcankizil.tr\/wp-content\/uploads\/2024\/11\/3115-01-BujaKE.jpeg\",\"width\":1280,\"height\":720},{\"@type\":\"BreadcrumbList\",\"@id\":\"https:\/\/denizcankizil.tr\/ru\/haberler\/antalya\/kaza-yapan-ingilizler-goruntu-alan-gazeteciye-saldirdi\/#breadcrumb\",\"itemListElement\":[{\"@type\":\"ListItem\",\"position\":1,\"name\":\"Home\",\"item\":\"https:\/\/denizcankizil.tr\/de\/\"},{\"@type\":\"ListItem\",\"position\":2,\"name\":\"Kaza yapan \u0130ngilizler, g\u00f6r\u00fcnt\u00fc alan gazeteciye sald\u0131rd\u0131\"}]},{\"@type\":\"WebSite\",\"@id\":\"https:\/\/denizcankizil.tr\/#website\",\"url\":\"https:\/\/denizcankizil.tr\/\",\"name\":\"Av. Deniz Can K\u0131z\u0131l\",\"description\":\"Avukat Deniz Can K\u0131z\u0131l Antalya Barosu\",\"publisher\":{\"@id\":\"https:\/\/denizcankizil.tr\/#organization\"},\"potentialAction\":[{\"@type\":\"SearchAction\",\"target\":{\"@type\":\"EntryPoint\",\"urlTemplate\":\"https:\/\/denizcankizil.tr\/?s={search_term_string}\"},\"query-input\":{\"@type\":\"PropertyValueSpecification\",\"valueRequired\":true,\"valueName\":\"search_term_string\"}}],\"inLanguage\":\"ru-RU\"},{\"@type\":\"Organization\",\"@id\":\"https:\/\/denizcankizil.tr\/#organization\",\"name\":\"Av. Deniz Can K\u0131z\u0131l\",\"url\":\"https:\/\/denizcankizil.tr\/\",\"logo\":{\"@type\":\"ImageObject\",\"inLanguage\":\"ru-RU\",\"@id\":\"https:\/\/denizcankizil.tr\/#\/schema\/logo\/image\/\",\"url\":\"https:\/\/denizcankizil.tr\/wp-content\/uploads\/2024\/10\/siyah-logo-svg.svg\",\"contentUrl\":\"https:\/\/denizcankizil.tr\/wp-content\/uploads\/2024\/10\/siyah-logo-svg.svg\",\"width\":1080,\"height\":1080,\"caption\":\"Av. Deniz Can K\u0131z\u0131l\"},\"image\":{\"@id\":\"https:\/\/denizcankizil.tr\/#\/schema\/logo\/image\/\"}}]}<\/script>\n<!-- \/ Yoast SEO Premium plugin. -->","yoast_head_json":{"title":"Kaza yapan \u0130ngilizler, g\u00f6r\u00fcnt\u00fc alan gazeteciye sald\u0131rd\u0131 - Av. Deniz Can K\u0131z\u0131l","robots":{"index":"index","follow":"follow","max-snippet":"max-snippet:-1","max-image-preview":"max-image-preview:large","max-video-preview":"max-video-preview:-1"},"canonical":"https:\/\/denizcankizil.tr\/ru\/haberler\/antalya\/kaza-yapan-ingilizler-goruntu-alan-gazeteciye-saldirdi\/","og_locale":"ru_RU","og_type":"article","og_title":"Kaza yapan \u0130ngilizler, g\u00f6r\u00fcnt\u00fc alan gazeteciye sald\u0131rd\u0131","og_description":"Kiralad\u0131klar\u0131 3 ATV ile Manavgat Sorgun Mahallesi Bo\u011faz mevkisine gelen 5 \u0130ngiliz, a\u00e7\u0131k otoparkta kum tepesine \u00e7\u0131karak h\u0131z yapmaya ve drift atmaya ba\u015flad\u0131. \u0130ngiltere vatanda\u015f\u0131 olan Pedro Muguel Ferreira Macedo&#8217;nun kulland\u0131\u011f\u0131 01 ABD 924 plakal\u0131 ATV drift yapt\u0131\u011f\u0131 s\u0131rada devrildi. Kazada, devrilen ATV&#8217;nin alt\u0131nda kalarak yaralanan 01 ABD 924 plakal\u0131 ATV&#8217;de yolcu olarak bulunan Carla Vanessa Andrade Da Silva&#8217;n\u0131n yard\u0131m\u0131na \u00e7evredeki vatanda\u015flar ko\u015ftu. \u0130ngiliz kad\u0131n vatanda\u015flar\u0131n yard\u0131m\u0131yla ATV&#8217;nin alt\u0131ndan \u00e7\u0131kar\u0131l\u0131rken, 112 sa\u011fl\u0131k ekibinin olay yerindeki m\u00fcdahalesinin ard\u0131ndan ambulansla hastaneye kald\u0131r\u0131ld\u0131. \u0130ngilizler \u0130HA muhabirine sald\u0131rd\u0131 Kazan\u0131n ard\u0131ndan olay yerine Manavgat \u0130l\u00e7e Jandarma Komutanl\u0131\u011f\u0131 Merkez Jandarma Karakolu ve Jandarma Trafik ekipleri sevk edilirken kaza yapan ATV s\u00fcr\u00fcc\u00fcs\u00fc Macedo ve di\u011fer ATV&#8217;yi kullanan \u0130ngiliz kad\u0131n olay yerinde g\u00f6r\u00fcnt\u00fc alan bas\u0131n mensubuna s\u00f6zl\u00fc ve fiili sald\u0131r\u0131da bulundu. Sald\u0131r\u0131 s\u0131ras\u0131nda muhabirin kameras\u0131 yere d\u00fc\u015ferken araya giren vatanda\u015flar \u0130ngilizleri uzakla\u015ft\u0131rd\u0131. Kaynak: www.kanalv.com.tr Haber Sitesinden Al\u0131nm\u0131\u015ft\u0131r.","og_url":"https:\/\/denizcankizil.tr\/ru\/haberler\/antalya\/kaza-yapan-ingilizler-goruntu-alan-gazeteciye-saldirdi\/","og_site_name":"Av. Deniz Can K\u0131z\u0131l","article_published_time":"2024-11-16T08:42:04+00:00","og_image":[{"width":1280,"height":720,"url":"https:\/\/denizcankizil.tr\/wp-content\/uploads\/2024\/11\/3115-01-BujaKE.jpeg","type":"image\/jpeg"}],"twitter_card":"summary_large_image","twitter_misc":{"\u041f\u0440\u0438\u043c\u0435\u0440\u043d\u043e\u0435 \u0432\u0440\u0435\u043c\u044f \u0434\u043b\u044f \u0447\u0442\u0435\u043d\u0438\u044f":"1 \u043c\u0438\u043d\u0443\u0442\u0430"},"schema":{"@context":"https:\/\/schema.org","@graph":[{"@type":"Article","@id":"https:\/\/denizcankizil.tr\/ru\/haberler\/antalya\/kaza-yapan-ingilizler-goruntu-alan-gazeteciye-saldirdi\/#article","isPartOf":{"@id":"https:\/\/denizcankizil.tr\/ru\/haberler\/antalya\/kaza-yapan-ingilizler-goruntu-alan-gazeteciye-saldirdi\/"},"author":{"name":"","@id":""},"headline":"Kaza yapan \u0130ngilizler, g\u00f6r\u00fcnt\u00fc alan gazeteciye sald\u0131rd\u0131","datePublished":"2024-11-16T08:42:04+00:00","mainEntityOfPage":{"@id":"https:\/\/denizcankizil.tr\/ru\/haberler\/antalya\/kaza-yapan-ingilizler-goruntu-alan-gazeteciye-saldirdi\/"},"wordCount":202,"commentCount":0,"publisher":{"@id":"https:\/\/denizcankizil.tr\/#organization"},"image":{"@id":"https:\/\/denizcankizil.tr\/ru\/haberler\/antalya\/kaza-yapan-ingilizler-goruntu-alan-gazeteciye-saldirdi\/#primaryimage"},"thumbnailUrl":"https:\/\/denizcankizil.tr\/wp-content\/uploads\/2024\/11\/3115-01-BujaKE.jpeg","articleSection":["Antalya","Uncategorized"],"inLanguage":"ru-RU","potentialAction":[{"@type":"CommentAction","name":"Comment","target":["https:\/\/denizcankizil.tr\/ru\/haberler\/antalya\/kaza-yapan-ingilizler-goruntu-alan-gazeteciye-saldirdi\/#respond"]}]},{"@type":"WebPage","@id":"https:\/\/denizcankizil.tr\/ru\/haberler\/antalya\/kaza-yapan-ingilizler-goruntu-alan-gazeteciye-saldirdi\/","url":"https:\/\/denizcankizil.tr\/ru\/haberler\/antalya\/kaza-yapan-ingilizler-goruntu-alan-gazeteciye-saldirdi\/","name":"Kaza yapan \u0130ngilizler, g\u00f6r\u00fcnt\u00fc alan gazeteciye sald\u0131rd\u0131 - Av. Deniz Can K\u0131z\u0131l","isPartOf":{"@id":"https:\/\/denizcankizil.tr\/#website"},"primaryImageOfPage":{"@id":"https:\/\/denizcankizil.tr\/ru\/haberler\/antalya\/kaza-yapan-ingilizler-goruntu-alan-gazeteciye-saldirdi\/#primaryimage"},"image":{"@id":"https:\/\/denizcankizil.tr\/ru\/haberler\/antalya\/kaza-yapan-ingilizler-goruntu-alan-gazeteciye-saldirdi\/#primaryimage"},"thumbnailUrl":"https:\/\/denizcankizil.tr\/wp-content\/uploads\/2024\/11\/3115-01-BujaKE.jpeg","datePublished":"2024-11-16T08:42:04+00:00","breadcrumb":{"@id":"https:\/\/denizcankizil.tr\/ru\/haberler\/antalya\/kaza-yapan-ingilizler-goruntu-alan-gazeteciye-saldirdi\/#breadcrumb"},"inLanguage":"ru-RU","potentialAction":[{"@type":"ReadAction","target":["https:\/\/denizcankizil.tr\/ru\/haberler\/antalya\/kaza-yapan-ingilizler-goruntu-alan-gazeteciye-saldirdi\/"]}]},{"@type":"ImageObject","inLanguage":"ru-RU","@id":"https:\/\/denizcankizil.tr\/ru\/haberler\/antalya\/kaza-yapan-ingilizler-goruntu-alan-gazeteciye-saldirdi\/#primaryimage","url":"https:\/\/denizcankizil.tr\/wp-content\/uploads\/2024\/11\/3115-01-BujaKE.jpeg","contentUrl":"https:\/\/denizcankizil.tr\/wp-content\/uploads\/2024\/11\/3115-01-BujaKE.jpeg","width":1280,"height":720},{"@type":"BreadcrumbList","@id":"https:\/\/denizcankizil.tr\/ru\/haberler\/antalya\/kaza-yapan-ingilizler-goruntu-alan-gazeteciye-saldirdi\/#breadcrumb","itemListElement":[{"@type":"ListItem","position":1,"name":"Home","item":"https:\/\/denizcankizil.tr\/de\/"},{"@type":"ListItem","position":2,"name":"Kaza yapan \u0130ngilizler, g\u00f6r\u00fcnt\u00fc alan gazeteciye sald\u0131rd\u0131"}]},{"@type":"WebSite","@id":"https:\/\/denizcankizil.tr\/#website","url":"https:\/\/denizcankizil.tr\/","name":"Av. Deniz Can K\u0131z\u0131l","description":"Avukat Deniz Can K\u0131z\u0131l Antalya Barosu","publisher":{"@id":"https:\/\/denizcankizil.tr\/#organization"},"potentialAction":[{"@type":"SearchAction","target":{"@type":"EntryPoint","urlTemplate":"https:\/\/denizcankizil.tr\/?s={search_term_string}"},"query-input":{"@type":"PropertyValueSpecification","valueRequired":true,"valueName":"search_term_string"}}],"inLanguage":"ru-RU"},{"@type":"Organization","@id":"https:\/\/denizcankizil.tr\/#organization","name":"Av. Deniz Can K\u0131z\u0131l","url":"https:\/\/denizcankizil.tr\/","logo":{"@type":"ImageObject","inLanguage":"ru-RU","@id":"https:\/\/denizcankizil.tr\/#\/schema\/logo\/image\/","url":"https:\/\/denizcankizil.tr\/wp-content\/uploads\/2024\/10\/siyah-logo-svg.svg","contentUrl":"https:\/\/denizcankizil.tr\/wp-content\/uploads\/2024\/10\/siyah-logo-svg.svg","width":1080,"height":1080,"caption":"Av. Deniz Can K\u0131z\u0131l"},"image":{"@id":"https:\/\/denizcankizil.tr\/#\/schema\/logo\/image\/"}}]}},"_links":{"self":[{"href":"https:\/\/denizcankizil.tr\/ru\/wp-json\/wp\/v2\/posts\/16118","targetHints":{"allow":["GET"]}}],"collection":[{"href":"https:\/\/denizcankizil.tr\/ru\/wp-json\/wp\/v2\/posts"}],"about":[{"href":"https:\/\/denizcankizil.tr\/ru\/wp-json\/wp\/v2\/types\/post"}],"replies":[{"embeddable":true,"href":"https:\/\/denizcankizil.tr\/ru\/wp-json\/wp\/v2\/comments?post=16118"}],"version-history":[{"count":0,"href":"https:\/\/denizcankizil.tr\/ru\/wp-json\/wp\/v2\/posts\/16118\/revisions"}],"wp:featuredmedia":[{"embeddable":true,"href":"https:\/\/denizcankizil.tr\/ru\/wp-json\/wp\/v2\/media\/16119"}],"wp:attachment":[{"href":"https:\/\/denizcankizil.tr\/ru\/wp-json\/wp\/v2\/media?parent=16118"}],"wp:term":[{"taxonomy":"category","embeddable":true,"href":"https:\/\/denizcankizil.tr\/ru\/wp-json\/wp\/v2\/categories?post=16118"},{"taxonomy":"post_tag","embeddable":true,"href":"https:\/\/denizcankizil.tr\/ru\/wp-json\/wp\/v2\/tags?post=16118"}],"curies":[{"name":"wp","href":"https:\/\/api.w.org\/{rel}","templated":true}]}}