{"id":16059,"date":"2024-11-15T18:41:32","date_gmt":"2024-11-15T15:41:32","guid":{"rendered":"https:\/\/denizcankizil.tr\/uncategorized-tr\/baskan-gul-mhp-heyetiyle-igcye-ziyaret-etti\/"},"modified":"2024-11-15T18:41:32","modified_gmt":"2024-11-15T15:41:32","slug":"baskan-gul-mhp-heyetiyle-igcye-ziyaret-etti","status":"publish","type":"post","link":"https:\/\/denizcankizil.tr\/ru\/haberler\/gundem\/baskan-gul-mhp-heyetiyle-igcye-ziyaret-etti\/","title":{"rendered":"Ba\u015fkan G\u00fcl, MHP Heyetiyle \u0130GC&#8217;ye Ziyaret etti\u2026"},"content":{"rendered":"<p>Belen Belediye Ba\u015fkan\u0131 \u0130brahim G\u00fcl\u2019\u00fcn yan\u0131 s\u0131ra Belen \u00dclk\u00fc Ocaklar\u0131 Ba\u015fkan\u0131, Kad\u0131n Kollar\u0131 Ba\u015fkan\u0131, \u0130skenderun \u00dclk\u00fc Ocaklar\u0131 Ba\u015fkan\u0131, Arsuz \u0130l\u00e7e Ba\u015fkan\u0131 Ercan Kesik, \u0130skenderun Belediye Ba\u015fkan Yard\u0131mc\u0131s\u0131 Cihan Aky\u00fcrek, T\u00fcrk E\u011fitim Sen \u0130skenderun \u015eube Ba\u015fkan\u0131 Yavuz Selim Yan\u0131k ve partililer de ziyarette haz\u0131r bulundu.<\/p>\n<p>Ge\u00e7ti\u011fimiz haftalarda ger\u00e7ekle\u015ftirilen kongre sonucunda yeniden \u0130skenderun Gazeteciler Cemiyeti Ba\u015fkanl\u0131\u011f\u0131&#8217;na se\u00e7ilen Diyap Atar ve yeni y\u00f6netim kurulu \u00fcyelerine tebriklerini ileten Ba\u015fkan G\u00fcl, cemiyetin yeni d\u00f6nemde \u00f6nemli ba\u015far\u0131lara imza ataca\u011f\u0131na olan inanc\u0131n\u0131 dile getirdi.<\/p>\n<p>Ba\u015fkan G\u00fcl, Bas\u0131n\u0131n, toplumun do\u011fru bilgilendirilmesi ve kamuoyunun \u015fekillendirilmesinde kritik bir rol \u00fcstlendi\u011fine i\u015faret ederek \u201c\u0130skenderun Gazeteciler Cemiyeti, yeni d\u00f6nemde de g\u00fc\u00e7l\u00fc bir bas\u0131n yap\u0131s\u0131na katk\u0131 sa\u011flayacakt\u0131r. Sizlere ba\u015far\u0131lar diliyorum&#8221; dedi.<\/p>\n<p>\u0130skenderun Gazeteciler Cemiyeti Ba\u015fkan\u0131 Diyap Atar ise nazik ziyaretlerinden dolay\u0131 te\u015fekk\u00fcr ederek, &#8220;Belen Belediye Ba\u015fkan\u0131 Say\u0131n \u0130brahim G\u00fcl ve de\u011ferli heyetinin bu anlaml\u0131 ziyareti bizleri onurland\u0131rd\u0131. Verdi\u011finiz destek bizim i\u00e7in \u00e7ok k\u0131ymetli&#8221; diye konu\u015ftu.<\/p>\n<p>Ziyaret, kar\u015f\u0131l\u0131kl\u0131 iyi dilek ve temennilerin ard\u0131ndan \u00e7ekilen toplu hat\u0131ra foto\u011fraf\u0131yla sona erdi.<\/p>\n<p>\u200bBelen Belediye Ba\u015fkan\u0131 \u0130brahim G\u00fcl ve beraberindeki heyet, \u0130skenderun Gazeteciler Cemiyeti&#8217;ni ziyaret ederek, yeni y\u00f6netim kurulunu tebrik etti, ba\u015far\u0131l\u0131 bir d\u00f6nem diledi.\u00a0<\/p>\n<p>\u200bHaberin Al\u0131nt\u0131land\u0131\u011f\u0131 Kaynak: www.iskenderun.org<\/p>","protected":false},"excerpt":{"rendered":"<p>Belen Belediye Ba\u015fkan\u0131 \u0130brahim G\u00fcl\u2019\u00fcn yan\u0131 s\u0131ra Belen \u00dclk\u00fc Ocaklar\u0131 Ba\u015fkan\u0131, Kad\u0131n Kollar\u0131 Ba\u015fkan\u0131, \u0130skenderun \u00dclk\u00fc Ocaklar\u0131 Ba\u015fkan\u0131, Arsuz \u0130l\u00e7e Ba\u015fkan\u0131 Ercan Kesik, \u0130skenderun Belediye Ba\u015fkan Yard\u0131mc\u0131s\u0131 Cihan Aky\u00fcrek, T\u00fcrk E\u011fitim Sen \u0130skenderun \u015eube Ba\u015fkan\u0131 Yavuz Selim Yan\u0131k ve partililer de ziyarette haz\u0131r bulundu. Ge\u00e7ti\u011fimiz haftalarda ger\u00e7ekle\u015ftirilen kongre sonucunda yeniden \u0130skenderun Gazeteciler Cemiyeti Ba\u015fkanl\u0131\u011f\u0131&#8217;na se\u00e7ilen Diyap Atar ve yeni y\u00f6netim kurulu \u00fcyelerine tebriklerini ileten Ba\u015fkan G\u00fcl, cemiyetin yeni d\u00f6nemde \u00f6nemli ba\u015far\u0131lara imza ataca\u011f\u0131na olan inanc\u0131n\u0131 dile getirdi. Ba\u015fkan G\u00fcl, Bas\u0131n\u0131n, toplumun do\u011fru bilgilendirilmesi ve kamuoyunun \u015fekillendirilmesinde kritik bir rol \u00fcstlendi\u011fine i\u015faret ederek \u201c\u0130skenderun Gazeteciler Cemiyeti, yeni d\u00f6nemde de g\u00fc\u00e7l\u00fc bir bas\u0131n yap\u0131s\u0131na katk\u0131 sa\u011flayacakt\u0131r. Sizlere ba\u015far\u0131lar diliyorum&#8221; dedi. \u0130skenderun Gazeteciler Cemiyeti Ba\u015fkan\u0131 Diyap Atar ise nazik ziyaretlerinden dolay\u0131 te\u015fekk\u00fcr ederek, &#8220;Belen Belediye Ba\u015fkan\u0131 Say\u0131n \u0130brahim G\u00fcl ve de\u011ferli heyetinin bu anlaml\u0131 ziyareti bizleri onurland\u0131rd\u0131. Verdi\u011finiz destek bizim i\u00e7in \u00e7ok k\u0131ymetli&#8221; diye konu\u015ftu. Ziyaret, kar\u015f\u0131l\u0131kl\u0131 iyi dilek ve temennilerin ard\u0131ndan \u00e7ekilen toplu hat\u0131ra foto\u011fraf\u0131yla sona erdi. \u200bBelen Belediye Ba\u015fkan\u0131 \u0130brahim G\u00fcl ve beraberindeki heyet, \u0130skenderun Gazeteciler Cemiyeti&#8217;ni ziyaret ederek, yeni y\u00f6netim kurulunu tebrik etti, ba\u015far\u0131l\u0131 bir d\u00f6nem diledi.\u00a0 \u200bHaberin Al\u0131nt\u0131land\u0131\u011f\u0131 Kaynak: www.iskenderun.org<\/p>","protected":false},"author":0,"featured_media":0,"comment_status":"open","ping_status":"open","sticky":false,"template":"","format":"standard","meta":{"_acf_changed":false,"footnotes":""},"categories":[24,535],"tags":[],"class_list":["post-16059","post","type-post","status-publish","format-standard","has-post-thumbnail","hentry","category-gundem","category-uncategorized-tr"],"acf":[],"yoast_head":"<!-- This site is optimized with the Yoast SEO Premium plugin v26.6 (Yoast SEO v27.1.1) - https:\/\/yoast.com\/product\/yoast-seo-premium-wordpress\/ -->\n<title>Ba\u015fkan G\u00fcl, MHP Heyetiyle \u0130GC&#039;ye Ziyaret etti\u2026 - Av. Deniz Can K\u0131z\u0131l<\/title>\n<meta name=\"robots\" content=\"index, follow, max-snippet:-1, max-image-preview:large, max-video-preview:-1\" \/>\n<link rel=\"canonical\" href=\"https:\/\/denizcankizil.tr\/ru\/haberler\/gundem\/baskan-gul-mhp-heyetiyle-igcye-ziyaret-etti\/\" \/>\n<meta property=\"og:locale\" content=\"ru_RU\" \/>\n<meta property=\"og:type\" content=\"article\" \/>\n<meta property=\"og:title\" content=\"Ba\u015fkan G\u00fcl, MHP Heyetiyle \u0130GC&#039;ye Ziyaret etti\u2026\" \/>\n<meta property=\"og:description\" content=\"Belen Belediye Ba\u015fkan\u0131 \u0130brahim G\u00fcl\u2019\u00fcn yan\u0131 s\u0131ra Belen \u00dclk\u00fc Ocaklar\u0131 Ba\u015fkan\u0131, Kad\u0131n Kollar\u0131 Ba\u015fkan\u0131, \u0130skenderun \u00dclk\u00fc Ocaklar\u0131 Ba\u015fkan\u0131, Arsuz \u0130l\u00e7e Ba\u015fkan\u0131 Ercan Kesik, \u0130skenderun Belediye Ba\u015fkan Yard\u0131mc\u0131s\u0131 Cihan Aky\u00fcrek, T\u00fcrk E\u011fitim Sen \u0130skenderun \u015eube Ba\u015fkan\u0131 Yavuz Selim Yan\u0131k ve partililer de ziyarette haz\u0131r bulundu. Ge\u00e7ti\u011fimiz haftalarda ger\u00e7ekle\u015ftirilen kongre sonucunda yeniden \u0130skenderun Gazeteciler Cemiyeti Ba\u015fkanl\u0131\u011f\u0131&#8217;na se\u00e7ilen Diyap Atar ve yeni y\u00f6netim kurulu \u00fcyelerine tebriklerini ileten Ba\u015fkan G\u00fcl, cemiyetin yeni d\u00f6nemde \u00f6nemli ba\u015far\u0131lara imza ataca\u011f\u0131na olan inanc\u0131n\u0131 dile getirdi. Ba\u015fkan G\u00fcl, Bas\u0131n\u0131n, toplumun do\u011fru bilgilendirilmesi ve kamuoyunun \u015fekillendirilmesinde kritik bir rol \u00fcstlendi\u011fine i\u015faret ederek \u201c\u0130skenderun Gazeteciler Cemiyeti, yeni d\u00f6nemde de g\u00fc\u00e7l\u00fc bir bas\u0131n yap\u0131s\u0131na katk\u0131 sa\u011flayacakt\u0131r. Sizlere ba\u015far\u0131lar diliyorum&#8221; dedi. \u0130skenderun Gazeteciler Cemiyeti Ba\u015fkan\u0131 Diyap Atar ise nazik ziyaretlerinden dolay\u0131 te\u015fekk\u00fcr ederek, &#8220;Belen Belediye Ba\u015fkan\u0131 Say\u0131n \u0130brahim G\u00fcl ve de\u011ferli heyetinin bu anlaml\u0131 ziyareti bizleri onurland\u0131rd\u0131. Verdi\u011finiz destek bizim i\u00e7in \u00e7ok k\u0131ymetli&#8221; diye konu\u015ftu. Ziyaret, kar\u015f\u0131l\u0131kl\u0131 iyi dilek ve temennilerin ard\u0131ndan \u00e7ekilen toplu hat\u0131ra foto\u011fraf\u0131yla sona erdi. \u200bBelen Belediye Ba\u015fkan\u0131 \u0130brahim G\u00fcl ve beraberindeki heyet, \u0130skenderun Gazeteciler Cemiyeti&#8217;ni ziyaret ederek, yeni y\u00f6netim kurulunu tebrik etti, ba\u015far\u0131l\u0131 bir d\u00f6nem diledi.\u00a0 \u200bHaberin Al\u0131nt\u0131land\u0131\u011f\u0131 Kaynak: www.iskenderun.org\" \/>\n<meta property=\"og:url\" content=\"https:\/\/denizcankizil.tr\/ru\/haberler\/gundem\/baskan-gul-mhp-heyetiyle-igcye-ziyaret-etti\/\" \/>\n<meta property=\"og:site_name\" content=\"Av. Deniz Can K\u0131z\u0131l\" \/>\n<meta property=\"article:published_time\" content=\"2024-11-15T15:41:32+00:00\" \/>\n<meta name=\"twitter:card\" content=\"summary_large_image\" \/>\n<meta name=\"twitter:label1\" content=\"\u041f\u0440\u0438\u043c\u0435\u0440\u043d\u043e\u0435 \u0432\u0440\u0435\u043c\u044f \u0434\u043b\u044f \u0447\u0442\u0435\u043d\u0438\u044f\" \/>\n\t<meta name=\"twitter:data1\" content=\"1 \u043c\u0438\u043d\u0443\u0442\u0430\" \/>\n<script type=\"application\/ld+json\" class=\"yoast-schema-graph\">{\"@context\":\"https:\/\/schema.org\",\"@graph\":[{\"@type\":\"Article\",\"@id\":\"https:\/\/denizcankizil.tr\/ru\/haberler\/gundem\/baskan-gul-mhp-heyetiyle-igcye-ziyaret-etti\/#article\",\"isPartOf\":{\"@id\":\"https:\/\/denizcankizil.tr\/ru\/haberler\/gundem\/baskan-gul-mhp-heyetiyle-igcye-ziyaret-etti\/\"},\"author\":{\"name\":\"\",\"@id\":\"\"},\"headline\":\"Ba\u015fkan G\u00fcl, MHP Heyetiyle \u0130GC&#8217;ye Ziyaret etti\u2026\",\"datePublished\":\"2024-11-15T15:41:32+00:00\",\"mainEntityOfPage\":{\"@id\":\"https:\/\/denizcankizil.tr\/ru\/haberler\/gundem\/baskan-gul-mhp-heyetiyle-igcye-ziyaret-etti\/\"},\"wordCount\":270,\"commentCount\":0,\"publisher\":{\"@id\":\"https:\/\/denizcankizil.tr\/de\/#organization\"},\"articleSection\":[\"G\u00fcndem\",\"Uncategorized\"],\"inLanguage\":\"ru-RU\",\"potentialAction\":[{\"@type\":\"CommentAction\",\"name\":\"Comment\",\"target\":[\"https:\/\/denizcankizil.tr\/ru\/haberler\/gundem\/baskan-gul-mhp-heyetiyle-igcye-ziyaret-etti\/#respond\"]}]},{\"@type\":\"WebPage\",\"@id\":\"https:\/\/denizcankizil.tr\/ru\/haberler\/gundem\/baskan-gul-mhp-heyetiyle-igcye-ziyaret-etti\/\",\"url\":\"https:\/\/denizcankizil.tr\/ru\/haberler\/gundem\/baskan-gul-mhp-heyetiyle-igcye-ziyaret-etti\/\",\"name\":\"Ba\u015fkan G\u00fcl, MHP Heyetiyle \u0130GC'ye Ziyaret etti\u2026 - Av. Deniz Can K\u0131z\u0131l\",\"isPartOf\":{\"@id\":\"https:\/\/denizcankizil.tr\/de\/#website\"},\"datePublished\":\"2024-11-15T15:41:32+00:00\",\"breadcrumb\":{\"@id\":\"https:\/\/denizcankizil.tr\/ru\/haberler\/gundem\/baskan-gul-mhp-heyetiyle-igcye-ziyaret-etti\/#breadcrumb\"},\"inLanguage\":\"ru-RU\",\"potentialAction\":[{\"@type\":\"ReadAction\",\"target\":[\"https:\/\/denizcankizil.tr\/ru\/haberler\/gundem\/baskan-gul-mhp-heyetiyle-igcye-ziyaret-etti\/\"]}]},{\"@type\":\"BreadcrumbList\",\"@id\":\"https:\/\/denizcankizil.tr\/ru\/haberler\/gundem\/baskan-gul-mhp-heyetiyle-igcye-ziyaret-etti\/#breadcrumb\",\"itemListElement\":[{\"@type\":\"ListItem\",\"position\":1,\"name\":\"Home\",\"item\":\"https:\/\/denizcankizil.tr\/de\/\"},{\"@type\":\"ListItem\",\"position\":2,\"name\":\"Ba\u015fkan G\u00fcl, MHP Heyetiyle \u0130GC&#8217;ye Ziyaret etti\u2026\"}]},{\"@type\":\"WebSite\",\"@id\":\"https:\/\/denizcankizil.tr\/de\/#website\",\"url\":\"https:\/\/denizcankizil.tr\/de\/\",\"name\":\"Av. Deniz Can K\u0131z\u0131l\",\"description\":\"Avukat Deniz Can K\u0131z\u0131l Antalya Barosu\",\"publisher\":{\"@id\":\"https:\/\/denizcankizil.tr\/de\/#organization\"},\"potentialAction\":[{\"@type\":\"SearchAction\",\"target\":{\"@type\":\"EntryPoint\",\"urlTemplate\":\"https:\/\/denizcankizil.tr\/de\/?s={search_term_string}\"},\"query-input\":{\"@type\":\"PropertyValueSpecification\",\"valueRequired\":true,\"valueName\":\"search_term_string\"}}],\"inLanguage\":\"ru-RU\"},{\"@type\":\"Organization\",\"@id\":\"https:\/\/denizcankizil.tr\/de\/#organization\",\"name\":\"Av. Deniz Can K\u0131z\u0131l\",\"url\":\"https:\/\/denizcankizil.tr\/de\/\",\"logo\":{\"@type\":\"ImageObject\",\"inLanguage\":\"ru-RU\",\"@id\":\"https:\/\/denizcankizil.tr\/de\/#\/schema\/logo\/image\/\",\"url\":\"https:\/\/denizcankizil.tr\/wp-content\/uploads\/2024\/10\/siyah-logo-svg.svg\",\"contentUrl\":\"https:\/\/denizcankizil.tr\/wp-content\/uploads\/2024\/10\/siyah-logo-svg.svg\",\"width\":1080,\"height\":1080,\"caption\":\"Av. Deniz Can K\u0131z\u0131l\"},\"image\":{\"@id\":\"https:\/\/denizcankizil.tr\/de\/#\/schema\/logo\/image\/\"}}]}<\/script>\n<!-- \/ Yoast SEO Premium plugin. -->","yoast_head_json":{"title":"Ba\u015fkan G\u00fcl, MHP Heyetiyle \u0130GC'ye Ziyaret etti\u2026 - Av. Deniz Can K\u0131z\u0131l","robots":{"index":"index","follow":"follow","max-snippet":"max-snippet:-1","max-image-preview":"max-image-preview:large","max-video-preview":"max-video-preview:-1"},"canonical":"https:\/\/denizcankizil.tr\/ru\/haberler\/gundem\/baskan-gul-mhp-heyetiyle-igcye-ziyaret-etti\/","og_locale":"ru_RU","og_type":"article","og_title":"Ba\u015fkan G\u00fcl, MHP Heyetiyle \u0130GC'ye Ziyaret etti\u2026","og_description":"Belen Belediye Ba\u015fkan\u0131 \u0130brahim G\u00fcl\u2019\u00fcn yan\u0131 s\u0131ra Belen \u00dclk\u00fc Ocaklar\u0131 Ba\u015fkan\u0131, Kad\u0131n Kollar\u0131 Ba\u015fkan\u0131, \u0130skenderun \u00dclk\u00fc Ocaklar\u0131 Ba\u015fkan\u0131, Arsuz \u0130l\u00e7e Ba\u015fkan\u0131 Ercan Kesik, \u0130skenderun Belediye Ba\u015fkan Yard\u0131mc\u0131s\u0131 Cihan Aky\u00fcrek, T\u00fcrk E\u011fitim Sen \u0130skenderun \u015eube Ba\u015fkan\u0131 Yavuz Selim Yan\u0131k ve partililer de ziyarette haz\u0131r bulundu. Ge\u00e7ti\u011fimiz haftalarda ger\u00e7ekle\u015ftirilen kongre sonucunda yeniden \u0130skenderun Gazeteciler Cemiyeti Ba\u015fkanl\u0131\u011f\u0131&#8217;na se\u00e7ilen Diyap Atar ve yeni y\u00f6netim kurulu \u00fcyelerine tebriklerini ileten Ba\u015fkan G\u00fcl, cemiyetin yeni d\u00f6nemde \u00f6nemli ba\u015far\u0131lara imza ataca\u011f\u0131na olan inanc\u0131n\u0131 dile getirdi. Ba\u015fkan G\u00fcl, Bas\u0131n\u0131n, toplumun do\u011fru bilgilendirilmesi ve kamuoyunun \u015fekillendirilmesinde kritik bir rol \u00fcstlendi\u011fine i\u015faret ederek \u201c\u0130skenderun Gazeteciler Cemiyeti, yeni d\u00f6nemde de g\u00fc\u00e7l\u00fc bir bas\u0131n yap\u0131s\u0131na katk\u0131 sa\u011flayacakt\u0131r. Sizlere ba\u015far\u0131lar diliyorum&#8221; dedi. \u0130skenderun Gazeteciler Cemiyeti Ba\u015fkan\u0131 Diyap Atar ise nazik ziyaretlerinden dolay\u0131 te\u015fekk\u00fcr ederek, &#8220;Belen Belediye Ba\u015fkan\u0131 Say\u0131n \u0130brahim G\u00fcl ve de\u011ferli heyetinin bu anlaml\u0131 ziyareti bizleri onurland\u0131rd\u0131. Verdi\u011finiz destek bizim i\u00e7in \u00e7ok k\u0131ymetli&#8221; diye konu\u015ftu. Ziyaret, kar\u015f\u0131l\u0131kl\u0131 iyi dilek ve temennilerin ard\u0131ndan \u00e7ekilen toplu hat\u0131ra foto\u011fraf\u0131yla sona erdi. \u200bBelen Belediye Ba\u015fkan\u0131 \u0130brahim G\u00fcl ve beraberindeki heyet, \u0130skenderun Gazeteciler Cemiyeti&#8217;ni ziyaret ederek, yeni y\u00f6netim kurulunu tebrik etti, ba\u015far\u0131l\u0131 bir d\u00f6nem diledi.\u00a0 \u200bHaberin Al\u0131nt\u0131land\u0131\u011f\u0131 Kaynak: www.iskenderun.org","og_url":"https:\/\/denizcankizil.tr\/ru\/haberler\/gundem\/baskan-gul-mhp-heyetiyle-igcye-ziyaret-etti\/","og_site_name":"Av. Deniz Can K\u0131z\u0131l","article_published_time":"2024-11-15T15:41:32+00:00","twitter_card":"summary_large_image","twitter_misc":{"\u041f\u0440\u0438\u043c\u0435\u0440\u043d\u043e\u0435 \u0432\u0440\u0435\u043c\u044f \u0434\u043b\u044f \u0447\u0442\u0435\u043d\u0438\u044f":"1 \u043c\u0438\u043d\u0443\u0442\u0430"},"schema":{"@context":"https:\/\/schema.org","@graph":[{"@type":"Article","@id":"https:\/\/denizcankizil.tr\/ru\/haberler\/gundem\/baskan-gul-mhp-heyetiyle-igcye-ziyaret-etti\/#article","isPartOf":{"@id":"https:\/\/denizcankizil.tr\/ru\/haberler\/gundem\/baskan-gul-mhp-heyetiyle-igcye-ziyaret-etti\/"},"author":{"name":"","@id":""},"headline":"Ba\u015fkan G\u00fcl, MHP Heyetiyle \u0130GC&#8217;ye Ziyaret etti\u2026","datePublished":"2024-11-15T15:41:32+00:00","mainEntityOfPage":{"@id":"https:\/\/denizcankizil.tr\/ru\/haberler\/gundem\/baskan-gul-mhp-heyetiyle-igcye-ziyaret-etti\/"},"wordCount":270,"commentCount":0,"publisher":{"@id":"https:\/\/denizcankizil.tr\/de\/#organization"},"articleSection":["G\u00fcndem","Uncategorized"],"inLanguage":"ru-RU","potentialAction":[{"@type":"CommentAction","name":"Comment","target":["https:\/\/denizcankizil.tr\/ru\/haberler\/gundem\/baskan-gul-mhp-heyetiyle-igcye-ziyaret-etti\/#respond"]}]},{"@type":"WebPage","@id":"https:\/\/denizcankizil.tr\/ru\/haberler\/gundem\/baskan-gul-mhp-heyetiyle-igcye-ziyaret-etti\/","url":"https:\/\/denizcankizil.tr\/ru\/haberler\/gundem\/baskan-gul-mhp-heyetiyle-igcye-ziyaret-etti\/","name":"Ba\u015fkan G\u00fcl, MHP Heyetiyle \u0130GC'ye Ziyaret etti\u2026 - Av. Deniz Can K\u0131z\u0131l","isPartOf":{"@id":"https:\/\/denizcankizil.tr\/de\/#website"},"datePublished":"2024-11-15T15:41:32+00:00","breadcrumb":{"@id":"https:\/\/denizcankizil.tr\/ru\/haberler\/gundem\/baskan-gul-mhp-heyetiyle-igcye-ziyaret-etti\/#breadcrumb"},"inLanguage":"ru-RU","potentialAction":[{"@type":"ReadAction","target":["https:\/\/denizcankizil.tr\/ru\/haberler\/gundem\/baskan-gul-mhp-heyetiyle-igcye-ziyaret-etti\/"]}]},{"@type":"BreadcrumbList","@id":"https:\/\/denizcankizil.tr\/ru\/haberler\/gundem\/baskan-gul-mhp-heyetiyle-igcye-ziyaret-etti\/#breadcrumb","itemListElement":[{"@type":"ListItem","position":1,"name":"Home","item":"https:\/\/denizcankizil.tr\/de\/"},{"@type":"ListItem","position":2,"name":"Ba\u015fkan G\u00fcl, MHP Heyetiyle \u0130GC&#8217;ye Ziyaret etti\u2026"}]},{"@type":"WebSite","@id":"https:\/\/denizcankizil.tr\/de\/#website","url":"https:\/\/denizcankizil.tr\/de\/","name":"Av. Deniz Can K\u0131z\u0131l","description":"Avukat Deniz Can K\u0131z\u0131l Antalya Barosu","publisher":{"@id":"https:\/\/denizcankizil.tr\/de\/#organization"},"potentialAction":[{"@type":"SearchAction","target":{"@type":"EntryPoint","urlTemplate":"https:\/\/denizcankizil.tr\/de\/?s={search_term_string}"},"query-input":{"@type":"PropertyValueSpecification","valueRequired":true,"valueName":"search_term_string"}}],"inLanguage":"ru-RU"},{"@type":"Organization","@id":"https:\/\/denizcankizil.tr\/de\/#organization","name":"Av. Deniz Can K\u0131z\u0131l","url":"https:\/\/denizcankizil.tr\/de\/","logo":{"@type":"ImageObject","inLanguage":"ru-RU","@id":"https:\/\/denizcankizil.tr\/de\/#\/schema\/logo\/image\/","url":"https:\/\/denizcankizil.tr\/wp-content\/uploads\/2024\/10\/siyah-logo-svg.svg","contentUrl":"https:\/\/denizcankizil.tr\/wp-content\/uploads\/2024\/10\/siyah-logo-svg.svg","width":1080,"height":1080,"caption":"Av. Deniz Can K\u0131z\u0131l"},"image":{"@id":"https:\/\/denizcankizil.tr\/de\/#\/schema\/logo\/image\/"}}]}},"_links":{"self":[{"href":"https:\/\/denizcankizil.tr\/ru\/wp-json\/wp\/v2\/posts\/16059","targetHints":{"allow":["GET"]}}],"collection":[{"href":"https:\/\/denizcankizil.tr\/ru\/wp-json\/wp\/v2\/posts"}],"about":[{"href":"https:\/\/denizcankizil.tr\/ru\/wp-json\/wp\/v2\/types\/post"}],"replies":[{"embeddable":true,"href":"https:\/\/denizcankizil.tr\/ru\/wp-json\/wp\/v2\/comments?post=16059"}],"version-history":[{"count":0,"href":"https:\/\/denizcankizil.tr\/ru\/wp-json\/wp\/v2\/posts\/16059\/revisions"}],"wp:attachment":[{"href":"https:\/\/denizcankizil.tr\/ru\/wp-json\/wp\/v2\/media?parent=16059"}],"wp:term":[{"taxonomy":"category","embeddable":true,"href":"https:\/\/denizcankizil.tr\/ru\/wp-json\/wp\/v2\/categories?post=16059"},{"taxonomy":"post_tag","embeddable":true,"href":"https:\/\/denizcankizil.tr\/ru\/wp-json\/wp\/v2\/tags?post=16059"}],"curies":[{"name":"wp","href":"https:\/\/api.w.org\/{rel}","templated":true}]}}