{"id":16051,"date":"2024-11-15T17:41:48","date_gmt":"2024-11-15T14:41:48","guid":{"rendered":"https:\/\/denizcankizil.tr\/uncategorized-tr\/almanya-izmir-baskonsolosundan-baskan-yetiskine-ziyaret\/"},"modified":"2024-11-15T17:41:48","modified_gmt":"2024-11-15T14:41:48","slug":"almanya-izmir-baskonsolosundan-baskan-yetiskine-ziyaret","status":"publish","type":"post","link":"https:\/\/denizcankizil.tr\/ru\/haberler\/gundem\/almanya-izmir-baskonsolosundan-baskan-yetiskine-ziyaret\/","title":{"rendered":"Almanya \u0130zmir Ba\u015fkonsolosu\u2019ndan Ba\u015fkan Yeti\u015fkin\u2019e ziyaret"},"content":{"rendered":"<p>Almanya Federal Cumhuriyeti \u0130zmir Ba\u015fkonsolosu Ralf Schr\u00f6er Seferihisar Belediye Ba\u015fkan\u0131 \u0130smail Yeti\u015fkin\u2019i ziyaret etti.\u00a0<\/p>\n<p>\u200bAlmanya Federal Cumhuriyeti \u0130zmir Ba\u015fkonsolosu Ralf Schr\u00f6er Seferihisar Belediye Ba\u015fkan\u0131 \u0130smail Yeti\u015fkin\u2019i ziyaret etti.\u00a0\u00a0<\/p>\n<p>\u200bHaberin Al\u0131nt\u0131land\u0131\u011f\u0131 Kaynak: www.iskenderun.org<\/p>","protected":false},"excerpt":{"rendered":"<p>Almanya Federal Cumhuriyeti \u0130zmir Ba\u015fkonsolosu Ralf Schr\u00f6er Seferihisar Belediye Ba\u015fkan\u0131 \u0130smail Yeti\u015fkin\u2019i ziyaret etti.\u00a0 \u200bAlmanya Federal Cumhuriyeti \u0130zmir Ba\u015fkonsolosu Ralf Schr\u00f6er Seferihisar Belediye Ba\u015fkan\u0131 \u0130smail Yeti\u015fkin\u2019i ziyaret etti.\u00a0\u00a0 \u200bHaberin Al\u0131nt\u0131land\u0131\u011f\u0131 Kaynak: www.iskenderun.org<\/p>","protected":false},"author":0,"featured_media":0,"comment_status":"open","ping_status":"open","sticky":false,"template":"","format":"standard","meta":{"_acf_changed":false,"footnotes":""},"categories":[24,535],"tags":[],"class_list":["post-16051","post","type-post","status-publish","format-standard","has-post-thumbnail","hentry","category-gundem","category-uncategorized-tr"],"acf":[],"yoast_head":"<!-- This site is optimized with the Yoast SEO Premium plugin v26.6 (Yoast SEO v27.1.1) - https:\/\/yoast.com\/product\/yoast-seo-premium-wordpress\/ -->\n<title>Almanya \u0130zmir Ba\u015fkonsolosu\u2019ndan Ba\u015fkan Yeti\u015fkin\u2019e ziyaret - Av. Deniz Can K\u0131z\u0131l<\/title>\n<meta name=\"robots\" content=\"index, follow, max-snippet:-1, max-image-preview:large, max-video-preview:-1\" \/>\n<link rel=\"canonical\" href=\"https:\/\/denizcankizil.tr\/ru\/haberler\/gundem\/almanya-izmir-baskonsolosundan-baskan-yetiskine-ziyaret\/\" \/>\n<meta property=\"og:locale\" content=\"ru_RU\" \/>\n<meta property=\"og:type\" content=\"article\" \/>\n<meta property=\"og:title\" content=\"Almanya \u0130zmir Ba\u015fkonsolosu\u2019ndan Ba\u015fkan Yeti\u015fkin\u2019e ziyaret\" \/>\n<meta property=\"og:description\" content=\"Almanya Federal Cumhuriyeti \u0130zmir Ba\u015fkonsolosu Ralf Schr\u00f6er Seferihisar Belediye Ba\u015fkan\u0131 \u0130smail Yeti\u015fkin\u2019i ziyaret etti.\u00a0 \u200bAlmanya Federal Cumhuriyeti \u0130zmir Ba\u015fkonsolosu Ralf Schr\u00f6er Seferihisar Belediye Ba\u015fkan\u0131 \u0130smail Yeti\u015fkin\u2019i ziyaret etti.\u00a0\u00a0 \u200bHaberin Al\u0131nt\u0131land\u0131\u011f\u0131 Kaynak: www.iskenderun.org\" \/>\n<meta property=\"og:url\" content=\"https:\/\/denizcankizil.tr\/ru\/haberler\/gundem\/almanya-izmir-baskonsolosundan-baskan-yetiskine-ziyaret\/\" \/>\n<meta property=\"og:site_name\" content=\"Av. Deniz Can K\u0131z\u0131l\" \/>\n<meta property=\"article:published_time\" content=\"2024-11-15T14:41:48+00:00\" \/>\n<meta name=\"twitter:card\" content=\"summary_large_image\" \/>\n<script type=\"application\/ld+json\" class=\"yoast-schema-graph\">{\"@context\":\"https:\/\/schema.org\",\"@graph\":[{\"@type\":\"Article\",\"@id\":\"https:\/\/denizcankizil.tr\/ru\/haberler\/gundem\/almanya-izmir-baskonsolosundan-baskan-yetiskine-ziyaret\/#article\",\"isPartOf\":{\"@id\":\"https:\/\/denizcankizil.tr\/ru\/haberler\/gundem\/almanya-izmir-baskonsolosundan-baskan-yetiskine-ziyaret\/\"},\"author\":{\"name\":\"\",\"@id\":\"\"},\"headline\":\"Almanya \u0130zmir Ba\u015fkonsolosu\u2019ndan Ba\u015fkan Yeti\u015fkin\u2019e ziyaret\",\"datePublished\":\"2024-11-15T14:41:48+00:00\",\"mainEntityOfPage\":{\"@id\":\"https:\/\/denizcankizil.tr\/ru\/haberler\/gundem\/almanya-izmir-baskonsolosundan-baskan-yetiskine-ziyaret\/\"},\"wordCount\":57,\"commentCount\":0,\"publisher\":{\"@id\":\"https:\/\/denizcankizil.tr\/#organization\"},\"articleSection\":[\"G\u00fcndem\",\"Uncategorized\"],\"inLanguage\":\"ru-RU\",\"potentialAction\":[{\"@type\":\"CommentAction\",\"name\":\"Comment\",\"target\":[\"https:\/\/denizcankizil.tr\/ru\/haberler\/gundem\/almanya-izmir-baskonsolosundan-baskan-yetiskine-ziyaret\/#respond\"]}]},{\"@type\":\"WebPage\",\"@id\":\"https:\/\/denizcankizil.tr\/ru\/haberler\/gundem\/almanya-izmir-baskonsolosundan-baskan-yetiskine-ziyaret\/\",\"url\":\"https:\/\/denizcankizil.tr\/ru\/haberler\/gundem\/almanya-izmir-baskonsolosundan-baskan-yetiskine-ziyaret\/\",\"name\":\"Almanya \u0130zmir Ba\u015fkonsolosu\u2019ndan Ba\u015fkan Yeti\u015fkin\u2019e ziyaret - Av. Deniz Can K\u0131z\u0131l\",\"isPartOf\":{\"@id\":\"https:\/\/denizcankizil.tr\/#website\"},\"datePublished\":\"2024-11-15T14:41:48+00:00\",\"breadcrumb\":{\"@id\":\"https:\/\/denizcankizil.tr\/ru\/haberler\/gundem\/almanya-izmir-baskonsolosundan-baskan-yetiskine-ziyaret\/#breadcrumb\"},\"inLanguage\":\"ru-RU\",\"potentialAction\":[{\"@type\":\"ReadAction\",\"target\":[\"https:\/\/denizcankizil.tr\/ru\/haberler\/gundem\/almanya-izmir-baskonsolosundan-baskan-yetiskine-ziyaret\/\"]}]},{\"@type\":\"BreadcrumbList\",\"@id\":\"https:\/\/denizcankizil.tr\/ru\/haberler\/gundem\/almanya-izmir-baskonsolosundan-baskan-yetiskine-ziyaret\/#breadcrumb\",\"itemListElement\":[{\"@type\":\"ListItem\",\"position\":1,\"name\":\"Home\",\"item\":\"https:\/\/denizcankizil.tr\/de\/\"},{\"@type\":\"ListItem\",\"position\":2,\"name\":\"Almanya \u0130zmir Ba\u015fkonsolosu\u2019ndan Ba\u015fkan Yeti\u015fkin\u2019e ziyaret\"}]},{\"@type\":\"WebSite\",\"@id\":\"https:\/\/denizcankizil.tr\/#website\",\"url\":\"https:\/\/denizcankizil.tr\/\",\"name\":\"Av. Deniz Can K\u0131z\u0131l\",\"description\":\"Avukat Deniz Can K\u0131z\u0131l Antalya Barosu\",\"publisher\":{\"@id\":\"https:\/\/denizcankizil.tr\/#organization\"},\"potentialAction\":[{\"@type\":\"SearchAction\",\"target\":{\"@type\":\"EntryPoint\",\"urlTemplate\":\"https:\/\/denizcankizil.tr\/?s={search_term_string}\"},\"query-input\":{\"@type\":\"PropertyValueSpecification\",\"valueRequired\":true,\"valueName\":\"search_term_string\"}}],\"inLanguage\":\"ru-RU\"},{\"@type\":\"Organization\",\"@id\":\"https:\/\/denizcankizil.tr\/#organization\",\"name\":\"Av. Deniz Can K\u0131z\u0131l\",\"url\":\"https:\/\/denizcankizil.tr\/\",\"logo\":{\"@type\":\"ImageObject\",\"inLanguage\":\"ru-RU\",\"@id\":\"https:\/\/denizcankizil.tr\/#\/schema\/logo\/image\/\",\"url\":\"https:\/\/denizcankizil.tr\/wp-content\/uploads\/2024\/10\/siyah-logo-svg.svg\",\"contentUrl\":\"https:\/\/denizcankizil.tr\/wp-content\/uploads\/2024\/10\/siyah-logo-svg.svg\",\"width\":1080,\"height\":1080,\"caption\":\"Av. Deniz Can K\u0131z\u0131l\"},\"image\":{\"@id\":\"https:\/\/denizcankizil.tr\/#\/schema\/logo\/image\/\"}}]}<\/script>\n<!-- \/ Yoast SEO Premium plugin. -->","yoast_head_json":{"title":"Almanya \u0130zmir Ba\u015fkonsolosu\u2019ndan Ba\u015fkan Yeti\u015fkin\u2019e ziyaret - Av. Deniz Can K\u0131z\u0131l","robots":{"index":"index","follow":"follow","max-snippet":"max-snippet:-1","max-image-preview":"max-image-preview:large","max-video-preview":"max-video-preview:-1"},"canonical":"https:\/\/denizcankizil.tr\/ru\/haberler\/gundem\/almanya-izmir-baskonsolosundan-baskan-yetiskine-ziyaret\/","og_locale":"ru_RU","og_type":"article","og_title":"Almanya \u0130zmir Ba\u015fkonsolosu\u2019ndan Ba\u015fkan Yeti\u015fkin\u2019e ziyaret","og_description":"Almanya Federal Cumhuriyeti \u0130zmir Ba\u015fkonsolosu Ralf Schr\u00f6er Seferihisar Belediye Ba\u015fkan\u0131 \u0130smail Yeti\u015fkin\u2019i ziyaret etti.\u00a0 \u200bAlmanya Federal Cumhuriyeti \u0130zmir Ba\u015fkonsolosu Ralf Schr\u00f6er Seferihisar Belediye Ba\u015fkan\u0131 \u0130smail Yeti\u015fkin\u2019i ziyaret etti.\u00a0\u00a0 \u200bHaberin Al\u0131nt\u0131land\u0131\u011f\u0131 Kaynak: www.iskenderun.org","og_url":"https:\/\/denizcankizil.tr\/ru\/haberler\/gundem\/almanya-izmir-baskonsolosundan-baskan-yetiskine-ziyaret\/","og_site_name":"Av. Deniz Can K\u0131z\u0131l","article_published_time":"2024-11-15T14:41:48+00:00","twitter_card":"summary_large_image","schema":{"@context":"https:\/\/schema.org","@graph":[{"@type":"Article","@id":"https:\/\/denizcankizil.tr\/ru\/haberler\/gundem\/almanya-izmir-baskonsolosundan-baskan-yetiskine-ziyaret\/#article","isPartOf":{"@id":"https:\/\/denizcankizil.tr\/ru\/haberler\/gundem\/almanya-izmir-baskonsolosundan-baskan-yetiskine-ziyaret\/"},"author":{"name":"","@id":""},"headline":"Almanya \u0130zmir Ba\u015fkonsolosu\u2019ndan Ba\u015fkan Yeti\u015fkin\u2019e ziyaret","datePublished":"2024-11-15T14:41:48+00:00","mainEntityOfPage":{"@id":"https:\/\/denizcankizil.tr\/ru\/haberler\/gundem\/almanya-izmir-baskonsolosundan-baskan-yetiskine-ziyaret\/"},"wordCount":57,"commentCount":0,"publisher":{"@id":"https:\/\/denizcankizil.tr\/#organization"},"articleSection":["G\u00fcndem","Uncategorized"],"inLanguage":"ru-RU","potentialAction":[{"@type":"CommentAction","name":"Comment","target":["https:\/\/denizcankizil.tr\/ru\/haberler\/gundem\/almanya-izmir-baskonsolosundan-baskan-yetiskine-ziyaret\/#respond"]}]},{"@type":"WebPage","@id":"https:\/\/denizcankizil.tr\/ru\/haberler\/gundem\/almanya-izmir-baskonsolosundan-baskan-yetiskine-ziyaret\/","url":"https:\/\/denizcankizil.tr\/ru\/haberler\/gundem\/almanya-izmir-baskonsolosundan-baskan-yetiskine-ziyaret\/","name":"Almanya \u0130zmir Ba\u015fkonsolosu\u2019ndan Ba\u015fkan Yeti\u015fkin\u2019e ziyaret - Av. Deniz Can K\u0131z\u0131l","isPartOf":{"@id":"https:\/\/denizcankizil.tr\/#website"},"datePublished":"2024-11-15T14:41:48+00:00","breadcrumb":{"@id":"https:\/\/denizcankizil.tr\/ru\/haberler\/gundem\/almanya-izmir-baskonsolosundan-baskan-yetiskine-ziyaret\/#breadcrumb"},"inLanguage":"ru-RU","potentialAction":[{"@type":"ReadAction","target":["https:\/\/denizcankizil.tr\/ru\/haberler\/gundem\/almanya-izmir-baskonsolosundan-baskan-yetiskine-ziyaret\/"]}]},{"@type":"BreadcrumbList","@id":"https:\/\/denizcankizil.tr\/ru\/haberler\/gundem\/almanya-izmir-baskonsolosundan-baskan-yetiskine-ziyaret\/#breadcrumb","itemListElement":[{"@type":"ListItem","position":1,"name":"Home","item":"https:\/\/denizcankizil.tr\/de\/"},{"@type":"ListItem","position":2,"name":"Almanya \u0130zmir Ba\u015fkonsolosu\u2019ndan Ba\u015fkan Yeti\u015fkin\u2019e ziyaret"}]},{"@type":"WebSite","@id":"https:\/\/denizcankizil.tr\/#website","url":"https:\/\/denizcankizil.tr\/","name":"Av. Deniz Can K\u0131z\u0131l","description":"Avukat Deniz Can K\u0131z\u0131l Antalya Barosu","publisher":{"@id":"https:\/\/denizcankizil.tr\/#organization"},"potentialAction":[{"@type":"SearchAction","target":{"@type":"EntryPoint","urlTemplate":"https:\/\/denizcankizil.tr\/?s={search_term_string}"},"query-input":{"@type":"PropertyValueSpecification","valueRequired":true,"valueName":"search_term_string"}}],"inLanguage":"ru-RU"},{"@type":"Organization","@id":"https:\/\/denizcankizil.tr\/#organization","name":"Av. Deniz Can K\u0131z\u0131l","url":"https:\/\/denizcankizil.tr\/","logo":{"@type":"ImageObject","inLanguage":"ru-RU","@id":"https:\/\/denizcankizil.tr\/#\/schema\/logo\/image\/","url":"https:\/\/denizcankizil.tr\/wp-content\/uploads\/2024\/10\/siyah-logo-svg.svg","contentUrl":"https:\/\/denizcankizil.tr\/wp-content\/uploads\/2024\/10\/siyah-logo-svg.svg","width":1080,"height":1080,"caption":"Av. Deniz Can K\u0131z\u0131l"},"image":{"@id":"https:\/\/denizcankizil.tr\/#\/schema\/logo\/image\/"}}]}},"_links":{"self":[{"href":"https:\/\/denizcankizil.tr\/ru\/wp-json\/wp\/v2\/posts\/16051","targetHints":{"allow":["GET"]}}],"collection":[{"href":"https:\/\/denizcankizil.tr\/ru\/wp-json\/wp\/v2\/posts"}],"about":[{"href":"https:\/\/denizcankizil.tr\/ru\/wp-json\/wp\/v2\/types\/post"}],"replies":[{"embeddable":true,"href":"https:\/\/denizcankizil.tr\/ru\/wp-json\/wp\/v2\/comments?post=16051"}],"version-history":[{"count":0,"href":"https:\/\/denizcankizil.tr\/ru\/wp-json\/wp\/v2\/posts\/16051\/revisions"}],"wp:attachment":[{"href":"https:\/\/denizcankizil.tr\/ru\/wp-json\/wp\/v2\/media?parent=16051"}],"wp:term":[{"taxonomy":"category","embeddable":true,"href":"https:\/\/denizcankizil.tr\/ru\/wp-json\/wp\/v2\/categories?post=16051"},{"taxonomy":"post_tag","embeddable":true,"href":"https:\/\/denizcankizil.tr\/ru\/wp-json\/wp\/v2\/tags?post=16051"}],"curies":[{"name":"wp","href":"https:\/\/api.w.org\/{rel}","templated":true}]}}