{"id":15839,"date":"2024-11-14T10:42:02","date_gmt":"2024-11-14T07:42:02","guid":{"rendered":"https:\/\/denizcankizil.tr\/uncategorized-tr\/izmir-bornovada-cocuklar-muzikle-bulusacak\/"},"modified":"2024-11-14T10:42:02","modified_gmt":"2024-11-14T07:42:02","slug":"izmir-bornovada-cocuklar-muzikle-bulusacak","status":"publish","type":"post","link":"https:\/\/denizcankizil.tr\/ru\/haberler\/gundem\/izmir-bornovada-cocuklar-muzikle-bulusacak\/","title":{"rendered":"\u0130zmir Bornova\u2019da \u00e7ocuklar m\u00fczikle bulu\u015facak"},"content":{"rendered":"<p>Bornova Belediyesi ve \u0130nci Vakf\u0131 aras\u0131nda 2015 y\u0131l\u0131nda ba\u015flayan ve \u00e7ocuklar\u0131 m\u00fczikle bulu\u015fturmay\u0131 ama\u00e7layan proje, yenilenen protokol ile \u00fc\u00e7\u00fcnc\u00fc d\u00f6nemine giriyor.\u0130ZM\u0130R (\u0130GFA) &#8211;\u00a0Bornova Belediye Ba\u015fkan\u0131 \u00d6mer E\u015fki ile \u0130nci Vakf\u0131 G\u00fc\u00e7 Kayna\u011f\u0131 Y\u00f6netim Kurulu Ba\u015fkan\u0131 Ece Elbirlik \u00dcrkmez\u2019in imzalad\u0131\u011f\u0131 protokol ile 7-18 ya\u015f aras\u0131 \u00e7ocuklar\u0131n m\u00fczikle tan\u0131\u015fmas\u0131 sa\u011flanacak.<br \/>\nBa\u015fkan \u00d6mer E\u015fki, i\u015f birli\u011fi hakk\u0131nda \u015funlar\u0131 s\u00f6yledi: \u201cBornova\u2019da 8 y\u0131ld\u0131r devam eden \u0130nci Vakf\u0131 protokol\u00fcn\u00fc yeniledik. \u00c7ocuklar\u0131m\u0131z\u0131n m\u00fczik ve sanatla bulu\u015fmas\u0131nda b\u00fcy\u00fck katk\u0131 sa\u011flad\u0131\u011f\u0131n\u0131 d\u00fc\u015f\u00fcnd\u00fc\u011f\u00fcm\u00fcz bu projenin Nald\u00f6ken Mahallesi\u2019nde devam edece\u011fini mutlulukla beyan ediyorum. T\u00fcm \u00e7ocuklar\u0131m\u0131za ve ailelerine hay\u0131rl\u0131 olsun.\u201d<br \/>\nEce Elbirlik \u00dcrkmez ise \u201cM\u00fczik arac\u0131l\u0131\u011f\u0131yla \u00e7ocuklar\u0131m\u0131z\u0131n sosyal becerilerini geli\u015ftirmeyi, \u00f6zg\u00fcvenlerini g\u00fc\u00e7lendirmeyi ama\u00e7l\u0131yoruz. Bornova Belediyemizin verdi\u011fi destekler \u00e7ok de\u011ferli. Yeni d\u00f6nemde yeni heyecanlarla birlikte olaca\u011f\u0131m\u0131za inan\u0131yoruz\u201d diyerek katk\u0131lar\u0131ndan dolay\u0131 Bornova Belediyesi\u2019ne te\u015fekk\u00fcr etti.<br \/>\nEL S\u0130STEMA Y\u00d6NTEM\u0130 \u0130LE SOSYAL D\u00d6N\u00dc\u015e\u00dcM<br \/>\nAral\u0131k 2015\u2019te ba\u015flayan \u0130nci Vakf\u0131 \u00c7ocuk Orkestras\u0131, Venezuela\u2019da Jose Antonio Abreu\u2019nun ba\u015flatt\u0131\u011f\u0131 El Sistema y\u00f6ntemini benimsiyor. Yetenek ayr\u0131m\u0131 yapmaks\u0131z\u0131n enstr\u00fcman e\u011fitimi verilen bu projede, k\u0131s\u0131tl\u0131 imkanlara sahip b\u00f6lgelerdeki \u00e7ocuklar\u0131n sosyal ya\u015fama kat\u0131l\u0131m\u0131 hedefleniyor. Abreu\u2019nun \u201c\u00c7ocuklar\u0131 uyu\u015fturucu ve \u015fiddetten uzak tutman\u0131n en iyi yolu, onlara sanatla sa\u011flanacak ruhsal geli\u015fimdir\u201d s\u00f6zleri do\u011frultusunda s\u00fcrd\u00fcr\u00fclen projeyle, \u00e7ocuklara birlikte hareket etme, bir b\u00fct\u00fcn\u00fcn par\u00e7as\u0131 olma yetisi kazand\u0131rmak ama\u00e7lan\u0131yor.<\/p>\n<p>\u200bBornova Belediyesi ve \u0130nci Vakf\u0131 aras\u0131nda 2015 y\u0131l\u0131nda ba\u015flayan ve \u00e7ocuklar\u0131 m\u00fczikle bulu\u015fturmay\u0131 ama\u00e7layan proje, yenilenen protokol ile \u00fc\u00e7\u00fcnc\u00fc d\u00f6nemine giriyor\u00a0<\/p>\n<p>\u200bHaberin Al\u0131nt\u0131land\u0131\u011f\u0131 Kaynak: www.iskenderun.org<\/p>","protected":false},"excerpt":{"rendered":"<p>Bornova Belediyesi ve \u0130nci Vakf\u0131 aras\u0131nda 2015 y\u0131l\u0131nda ba\u015flayan ve \u00e7ocuklar\u0131 m\u00fczikle bulu\u015fturmay\u0131 ama\u00e7layan proje, yenilenen protokol ile \u00fc\u00e7\u00fcnc\u00fc d\u00f6nemine giriyor.\u0130ZM\u0130R (\u0130GFA) &#8211;\u00a0Bornova Belediye Ba\u015fkan\u0131 \u00d6mer E\u015fki ile \u0130nci Vakf\u0131 G\u00fc\u00e7 Kayna\u011f\u0131 Y\u00f6netim Kurulu Ba\u015fkan\u0131 Ece Elbirlik \u00dcrkmez\u2019in imzalad\u0131\u011f\u0131 protokol ile 7-18 ya\u015f aras\u0131 \u00e7ocuklar\u0131n m\u00fczikle tan\u0131\u015fmas\u0131 sa\u011flanacak. Ba\u015fkan \u00d6mer E\u015fki, i\u015f birli\u011fi hakk\u0131nda \u015funlar\u0131 s\u00f6yledi: \u201cBornova\u2019da 8 y\u0131ld\u0131r devam eden \u0130nci Vakf\u0131 protokol\u00fcn\u00fc yeniledik. \u00c7ocuklar\u0131m\u0131z\u0131n m\u00fczik ve sanatla bulu\u015fmas\u0131nda b\u00fcy\u00fck katk\u0131 sa\u011flad\u0131\u011f\u0131n\u0131 d\u00fc\u015f\u00fcnd\u00fc\u011f\u00fcm\u00fcz bu projenin Nald\u00f6ken Mahallesi\u2019nde devam edece\u011fini mutlulukla beyan ediyorum. T\u00fcm \u00e7ocuklar\u0131m\u0131za ve ailelerine hay\u0131rl\u0131 olsun.\u201d Ece Elbirlik \u00dcrkmez ise \u201cM\u00fczik arac\u0131l\u0131\u011f\u0131yla \u00e7ocuklar\u0131m\u0131z\u0131n sosyal becerilerini geli\u015ftirmeyi, \u00f6zg\u00fcvenlerini g\u00fc\u00e7lendirmeyi ama\u00e7l\u0131yoruz. Bornova Belediyemizin verdi\u011fi destekler \u00e7ok de\u011ferli. Yeni d\u00f6nemde yeni heyecanlarla birlikte olaca\u011f\u0131m\u0131za inan\u0131yoruz\u201d diyerek katk\u0131lar\u0131ndan dolay\u0131 Bornova Belediyesi\u2019ne te\u015fekk\u00fcr etti. EL S\u0130STEMA Y\u00d6NTEM\u0130 \u0130LE SOSYAL D\u00d6N\u00dc\u015e\u00dcM Aral\u0131k 2015\u2019te ba\u015flayan \u0130nci Vakf\u0131 \u00c7ocuk Orkestras\u0131, Venezuela\u2019da Jose Antonio Abreu\u2019nun ba\u015flatt\u0131\u011f\u0131 El Sistema y\u00f6ntemini benimsiyor. Yetenek ayr\u0131m\u0131 yapmaks\u0131z\u0131n enstr\u00fcman e\u011fitimi verilen bu projede, k\u0131s\u0131tl\u0131 imkanlara sahip b\u00f6lgelerdeki \u00e7ocuklar\u0131n sosyal ya\u015fama kat\u0131l\u0131m\u0131 hedefleniyor. Abreu\u2019nun \u201c\u00c7ocuklar\u0131 uyu\u015fturucu ve \u015fiddetten uzak tutman\u0131n en iyi yolu, onlara sanatla sa\u011flanacak ruhsal geli\u015fimdir\u201d s\u00f6zleri do\u011frultusunda s\u00fcrd\u00fcr\u00fclen projeyle, \u00e7ocuklara birlikte hareket etme, bir b\u00fct\u00fcn\u00fcn par\u00e7as\u0131 olma yetisi kazand\u0131rmak ama\u00e7lan\u0131yor. \u200bBornova Belediyesi ve \u0130nci Vakf\u0131 aras\u0131nda 2015 y\u0131l\u0131nda ba\u015flayan &hellip;<\/p>","protected":false},"author":0,"featured_media":0,"comment_status":"open","ping_status":"open","sticky":false,"template":"","format":"standard","meta":{"_acf_changed":false,"footnotes":""},"categories":[24,535],"tags":[],"class_list":["post-15839","post","type-post","status-publish","format-standard","has-post-thumbnail","hentry","category-gundem","category-uncategorized-tr"],"acf":[],"yoast_head":"<!-- This site is optimized with the Yoast SEO Premium plugin v26.6 (Yoast SEO v27.1.1) - https:\/\/yoast.com\/product\/yoast-seo-premium-wordpress\/ -->\n<title>\u0130zmir Bornova\u2019da \u00e7ocuklar m\u00fczikle bulu\u015facak - Av. Deniz Can K\u0131z\u0131l<\/title>\n<meta name=\"robots\" content=\"index, follow, max-snippet:-1, max-image-preview:large, max-video-preview:-1\" \/>\n<link rel=\"canonical\" href=\"https:\/\/denizcankizil.tr\/ru\/haberler\/gundem\/izmir-bornovada-cocuklar-muzikle-bulusacak\/\" \/>\n<meta property=\"og:locale\" content=\"ru_RU\" \/>\n<meta property=\"og:type\" content=\"article\" \/>\n<meta property=\"og:title\" content=\"\u0130zmir Bornova\u2019da \u00e7ocuklar m\u00fczikle bulu\u015facak\" \/>\n<meta property=\"og:description\" content=\"Bornova Belediyesi ve \u0130nci Vakf\u0131 aras\u0131nda 2015 y\u0131l\u0131nda ba\u015flayan ve \u00e7ocuklar\u0131 m\u00fczikle bulu\u015fturmay\u0131 ama\u00e7layan proje, yenilenen protokol ile \u00fc\u00e7\u00fcnc\u00fc d\u00f6nemine giriyor.\u0130ZM\u0130R (\u0130GFA) &#8211;\u00a0Bornova Belediye Ba\u015fkan\u0131 \u00d6mer E\u015fki ile \u0130nci Vakf\u0131 G\u00fc\u00e7 Kayna\u011f\u0131 Y\u00f6netim Kurulu Ba\u015fkan\u0131 Ece Elbirlik \u00dcrkmez\u2019in imzalad\u0131\u011f\u0131 protokol ile 7-18 ya\u015f aras\u0131 \u00e7ocuklar\u0131n m\u00fczikle tan\u0131\u015fmas\u0131 sa\u011flanacak. Ba\u015fkan \u00d6mer E\u015fki, i\u015f birli\u011fi hakk\u0131nda \u015funlar\u0131 s\u00f6yledi: \u201cBornova\u2019da 8 y\u0131ld\u0131r devam eden \u0130nci Vakf\u0131 protokol\u00fcn\u00fc yeniledik. \u00c7ocuklar\u0131m\u0131z\u0131n m\u00fczik ve sanatla bulu\u015fmas\u0131nda b\u00fcy\u00fck katk\u0131 sa\u011flad\u0131\u011f\u0131n\u0131 d\u00fc\u015f\u00fcnd\u00fc\u011f\u00fcm\u00fcz bu projenin Nald\u00f6ken Mahallesi\u2019nde devam edece\u011fini mutlulukla beyan ediyorum. T\u00fcm \u00e7ocuklar\u0131m\u0131za ve ailelerine hay\u0131rl\u0131 olsun.\u201d Ece Elbirlik \u00dcrkmez ise \u201cM\u00fczik arac\u0131l\u0131\u011f\u0131yla \u00e7ocuklar\u0131m\u0131z\u0131n sosyal becerilerini geli\u015ftirmeyi, \u00f6zg\u00fcvenlerini g\u00fc\u00e7lendirmeyi ama\u00e7l\u0131yoruz. Bornova Belediyemizin verdi\u011fi destekler \u00e7ok de\u011ferli. Yeni d\u00f6nemde yeni heyecanlarla birlikte olaca\u011f\u0131m\u0131za inan\u0131yoruz\u201d diyerek katk\u0131lar\u0131ndan dolay\u0131 Bornova Belediyesi\u2019ne te\u015fekk\u00fcr etti. EL S\u0130STEMA Y\u00d6NTEM\u0130 \u0130LE SOSYAL D\u00d6N\u00dc\u015e\u00dcM Aral\u0131k 2015\u2019te ba\u015flayan \u0130nci Vakf\u0131 \u00c7ocuk Orkestras\u0131, Venezuela\u2019da Jose Antonio Abreu\u2019nun ba\u015flatt\u0131\u011f\u0131 El Sistema y\u00f6ntemini benimsiyor. Yetenek ayr\u0131m\u0131 yapmaks\u0131z\u0131n enstr\u00fcman e\u011fitimi verilen bu projede, k\u0131s\u0131tl\u0131 imkanlara sahip b\u00f6lgelerdeki \u00e7ocuklar\u0131n sosyal ya\u015fama kat\u0131l\u0131m\u0131 hedefleniyor. Abreu\u2019nun \u201c\u00c7ocuklar\u0131 uyu\u015fturucu ve \u015fiddetten uzak tutman\u0131n en iyi yolu, onlara sanatla sa\u011flanacak ruhsal geli\u015fimdir\u201d s\u00f6zleri do\u011frultusunda s\u00fcrd\u00fcr\u00fclen projeyle, \u00e7ocuklara birlikte hareket etme, bir b\u00fct\u00fcn\u00fcn par\u00e7as\u0131 olma yetisi kazand\u0131rmak ama\u00e7lan\u0131yor. \u200bBornova Belediyesi ve \u0130nci Vakf\u0131 aras\u0131nda 2015 y\u0131l\u0131nda ba\u015flayan &hellip;\" \/>\n<meta property=\"og:url\" content=\"https:\/\/denizcankizil.tr\/ru\/haberler\/gundem\/izmir-bornovada-cocuklar-muzikle-bulusacak\/\" \/>\n<meta property=\"og:site_name\" content=\"Av. Deniz Can K\u0131z\u0131l\" \/>\n<meta property=\"article:published_time\" content=\"2024-11-14T07:42:02+00:00\" \/>\n<meta name=\"twitter:card\" content=\"summary_large_image\" \/>\n<meta name=\"twitter:label1\" content=\"\u041f\u0440\u0438\u043c\u0435\u0440\u043d\u043e\u0435 \u0432\u0440\u0435\u043c\u044f \u0434\u043b\u044f \u0447\u0442\u0435\u043d\u0438\u044f\" \/>\n\t<meta name=\"twitter:data1\" content=\"2 \u043c\u0438\u043d\u0443\u0442\u044b\" \/>\n<script type=\"application\/ld+json\" class=\"yoast-schema-graph\">{\"@context\":\"https:\/\/schema.org\",\"@graph\":[{\"@type\":\"Article\",\"@id\":\"https:\/\/denizcankizil.tr\/ru\/haberler\/gundem\/izmir-bornovada-cocuklar-muzikle-bulusacak\/#article\",\"isPartOf\":{\"@id\":\"https:\/\/denizcankizil.tr\/ru\/haberler\/gundem\/izmir-bornovada-cocuklar-muzikle-bulusacak\/\"},\"author\":{\"name\":\"\",\"@id\":\"\"},\"headline\":\"\u0130zmir Bornova\u2019da \u00e7ocuklar m\u00fczikle bulu\u015facak\",\"datePublished\":\"2024-11-14T07:42:02+00:00\",\"mainEntityOfPage\":{\"@id\":\"https:\/\/denizcankizil.tr\/ru\/haberler\/gundem\/izmir-bornovada-cocuklar-muzikle-bulusacak\/\"},\"wordCount\":343,\"commentCount\":0,\"publisher\":{\"@id\":\"https:\/\/denizcankizil.tr\/#organization\"},\"articleSection\":[\"G\u00fcndem\",\"Uncategorized\"],\"inLanguage\":\"ru-RU\",\"potentialAction\":[{\"@type\":\"CommentAction\",\"name\":\"Comment\",\"target\":[\"https:\/\/denizcankizil.tr\/ru\/haberler\/gundem\/izmir-bornovada-cocuklar-muzikle-bulusacak\/#respond\"]}]},{\"@type\":\"WebPage\",\"@id\":\"https:\/\/denizcankizil.tr\/ru\/haberler\/gundem\/izmir-bornovada-cocuklar-muzikle-bulusacak\/\",\"url\":\"https:\/\/denizcankizil.tr\/ru\/haberler\/gundem\/izmir-bornovada-cocuklar-muzikle-bulusacak\/\",\"name\":\"\u0130zmir Bornova\u2019da \u00e7ocuklar m\u00fczikle bulu\u015facak - Av. Deniz Can K\u0131z\u0131l\",\"isPartOf\":{\"@id\":\"https:\/\/denizcankizil.tr\/#website\"},\"datePublished\":\"2024-11-14T07:42:02+00:00\",\"breadcrumb\":{\"@id\":\"https:\/\/denizcankizil.tr\/ru\/haberler\/gundem\/izmir-bornovada-cocuklar-muzikle-bulusacak\/#breadcrumb\"},\"inLanguage\":\"ru-RU\",\"potentialAction\":[{\"@type\":\"ReadAction\",\"target\":[\"https:\/\/denizcankizil.tr\/ru\/haberler\/gundem\/izmir-bornovada-cocuklar-muzikle-bulusacak\/\"]}]},{\"@type\":\"BreadcrumbList\",\"@id\":\"https:\/\/denizcankizil.tr\/ru\/haberler\/gundem\/izmir-bornovada-cocuklar-muzikle-bulusacak\/#breadcrumb\",\"itemListElement\":[{\"@type\":\"ListItem\",\"position\":1,\"name\":\"Home\",\"item\":\"https:\/\/denizcankizil.tr\/uk\/\"},{\"@type\":\"ListItem\",\"position\":2,\"name\":\"\u0130zmir Bornova\u2019da \u00e7ocuklar m\u00fczikle bulu\u015facak\"}]},{\"@type\":\"WebSite\",\"@id\":\"https:\/\/denizcankizil.tr\/#website\",\"url\":\"https:\/\/denizcankizil.tr\/\",\"name\":\"Av. Deniz Can K\u0131z\u0131l\",\"description\":\"Avukat Deniz Can K\u0131z\u0131l Antalya Barosu\",\"publisher\":{\"@id\":\"https:\/\/denizcankizil.tr\/#organization\"},\"potentialAction\":[{\"@type\":\"SearchAction\",\"target\":{\"@type\":\"EntryPoint\",\"urlTemplate\":\"https:\/\/denizcankizil.tr\/?s={search_term_string}\"},\"query-input\":{\"@type\":\"PropertyValueSpecification\",\"valueRequired\":true,\"valueName\":\"search_term_string\"}}],\"inLanguage\":\"ru-RU\"},{\"@type\":\"Organization\",\"@id\":\"https:\/\/denizcankizil.tr\/#organization\",\"name\":\"Av. Deniz Can K\u0131z\u0131l\",\"url\":\"https:\/\/denizcankizil.tr\/\",\"logo\":{\"@type\":\"ImageObject\",\"inLanguage\":\"ru-RU\",\"@id\":\"https:\/\/denizcankizil.tr\/#\/schema\/logo\/image\/\",\"url\":\"https:\/\/denizcankizil.tr\/wp-content\/uploads\/2024\/10\/siyah-logo-svg.svg\",\"contentUrl\":\"https:\/\/denizcankizil.tr\/wp-content\/uploads\/2024\/10\/siyah-logo-svg.svg\",\"width\":1080,\"height\":1080,\"caption\":\"Av. Deniz Can K\u0131z\u0131l\"},\"image\":{\"@id\":\"https:\/\/denizcankizil.tr\/#\/schema\/logo\/image\/\"}}]}<\/script>\n<!-- \/ Yoast SEO Premium plugin. -->","yoast_head_json":{"title":"\u0130zmir Bornova\u2019da \u00e7ocuklar m\u00fczikle bulu\u015facak - Av. Deniz Can K\u0131z\u0131l","robots":{"index":"index","follow":"follow","max-snippet":"max-snippet:-1","max-image-preview":"max-image-preview:large","max-video-preview":"max-video-preview:-1"},"canonical":"https:\/\/denizcankizil.tr\/ru\/haberler\/gundem\/izmir-bornovada-cocuklar-muzikle-bulusacak\/","og_locale":"ru_RU","og_type":"article","og_title":"\u0130zmir Bornova\u2019da \u00e7ocuklar m\u00fczikle bulu\u015facak","og_description":"Bornova Belediyesi ve \u0130nci Vakf\u0131 aras\u0131nda 2015 y\u0131l\u0131nda ba\u015flayan ve \u00e7ocuklar\u0131 m\u00fczikle bulu\u015fturmay\u0131 ama\u00e7layan proje, yenilenen protokol ile \u00fc\u00e7\u00fcnc\u00fc d\u00f6nemine giriyor.\u0130ZM\u0130R (\u0130GFA) &#8211;\u00a0Bornova Belediye Ba\u015fkan\u0131 \u00d6mer E\u015fki ile \u0130nci Vakf\u0131 G\u00fc\u00e7 Kayna\u011f\u0131 Y\u00f6netim Kurulu Ba\u015fkan\u0131 Ece Elbirlik \u00dcrkmez\u2019in imzalad\u0131\u011f\u0131 protokol ile 7-18 ya\u015f aras\u0131 \u00e7ocuklar\u0131n m\u00fczikle tan\u0131\u015fmas\u0131 sa\u011flanacak. Ba\u015fkan \u00d6mer E\u015fki, i\u015f birli\u011fi hakk\u0131nda \u015funlar\u0131 s\u00f6yledi: \u201cBornova\u2019da 8 y\u0131ld\u0131r devam eden \u0130nci Vakf\u0131 protokol\u00fcn\u00fc yeniledik. \u00c7ocuklar\u0131m\u0131z\u0131n m\u00fczik ve sanatla bulu\u015fmas\u0131nda b\u00fcy\u00fck katk\u0131 sa\u011flad\u0131\u011f\u0131n\u0131 d\u00fc\u015f\u00fcnd\u00fc\u011f\u00fcm\u00fcz bu projenin Nald\u00f6ken Mahallesi\u2019nde devam edece\u011fini mutlulukla beyan ediyorum. T\u00fcm \u00e7ocuklar\u0131m\u0131za ve ailelerine hay\u0131rl\u0131 olsun.\u201d Ece Elbirlik \u00dcrkmez ise \u201cM\u00fczik arac\u0131l\u0131\u011f\u0131yla \u00e7ocuklar\u0131m\u0131z\u0131n sosyal becerilerini geli\u015ftirmeyi, \u00f6zg\u00fcvenlerini g\u00fc\u00e7lendirmeyi ama\u00e7l\u0131yoruz. Bornova Belediyemizin verdi\u011fi destekler \u00e7ok de\u011ferli. Yeni d\u00f6nemde yeni heyecanlarla birlikte olaca\u011f\u0131m\u0131za inan\u0131yoruz\u201d diyerek katk\u0131lar\u0131ndan dolay\u0131 Bornova Belediyesi\u2019ne te\u015fekk\u00fcr etti. EL S\u0130STEMA Y\u00d6NTEM\u0130 \u0130LE SOSYAL D\u00d6N\u00dc\u015e\u00dcM Aral\u0131k 2015\u2019te ba\u015flayan \u0130nci Vakf\u0131 \u00c7ocuk Orkestras\u0131, Venezuela\u2019da Jose Antonio Abreu\u2019nun ba\u015flatt\u0131\u011f\u0131 El Sistema y\u00f6ntemini benimsiyor. Yetenek ayr\u0131m\u0131 yapmaks\u0131z\u0131n enstr\u00fcman e\u011fitimi verilen bu projede, k\u0131s\u0131tl\u0131 imkanlara sahip b\u00f6lgelerdeki \u00e7ocuklar\u0131n sosyal ya\u015fama kat\u0131l\u0131m\u0131 hedefleniyor. Abreu\u2019nun \u201c\u00c7ocuklar\u0131 uyu\u015fturucu ve \u015fiddetten uzak tutman\u0131n en iyi yolu, onlara sanatla sa\u011flanacak ruhsal geli\u015fimdir\u201d s\u00f6zleri do\u011frultusunda s\u00fcrd\u00fcr\u00fclen projeyle, \u00e7ocuklara birlikte hareket etme, bir b\u00fct\u00fcn\u00fcn par\u00e7as\u0131 olma yetisi kazand\u0131rmak ama\u00e7lan\u0131yor. \u200bBornova Belediyesi ve \u0130nci Vakf\u0131 aras\u0131nda 2015 y\u0131l\u0131nda ba\u015flayan &hellip;","og_url":"https:\/\/denizcankizil.tr\/ru\/haberler\/gundem\/izmir-bornovada-cocuklar-muzikle-bulusacak\/","og_site_name":"Av. Deniz Can K\u0131z\u0131l","article_published_time":"2024-11-14T07:42:02+00:00","twitter_card":"summary_large_image","twitter_misc":{"\u041f\u0440\u0438\u043c\u0435\u0440\u043d\u043e\u0435 \u0432\u0440\u0435\u043c\u044f \u0434\u043b\u044f \u0447\u0442\u0435\u043d\u0438\u044f":"2 \u043c\u0438\u043d\u0443\u0442\u044b"},"schema":{"@context":"https:\/\/schema.org","@graph":[{"@type":"Article","@id":"https:\/\/denizcankizil.tr\/ru\/haberler\/gundem\/izmir-bornovada-cocuklar-muzikle-bulusacak\/#article","isPartOf":{"@id":"https:\/\/denizcankizil.tr\/ru\/haberler\/gundem\/izmir-bornovada-cocuklar-muzikle-bulusacak\/"},"author":{"name":"","@id":""},"headline":"\u0130zmir Bornova\u2019da \u00e7ocuklar m\u00fczikle bulu\u015facak","datePublished":"2024-11-14T07:42:02+00:00","mainEntityOfPage":{"@id":"https:\/\/denizcankizil.tr\/ru\/haberler\/gundem\/izmir-bornovada-cocuklar-muzikle-bulusacak\/"},"wordCount":343,"commentCount":0,"publisher":{"@id":"https:\/\/denizcankizil.tr\/#organization"},"articleSection":["G\u00fcndem","Uncategorized"],"inLanguage":"ru-RU","potentialAction":[{"@type":"CommentAction","name":"Comment","target":["https:\/\/denizcankizil.tr\/ru\/haberler\/gundem\/izmir-bornovada-cocuklar-muzikle-bulusacak\/#respond"]}]},{"@type":"WebPage","@id":"https:\/\/denizcankizil.tr\/ru\/haberler\/gundem\/izmir-bornovada-cocuklar-muzikle-bulusacak\/","url":"https:\/\/denizcankizil.tr\/ru\/haberler\/gundem\/izmir-bornovada-cocuklar-muzikle-bulusacak\/","name":"\u0130zmir Bornova\u2019da \u00e7ocuklar m\u00fczikle bulu\u015facak - Av. Deniz Can K\u0131z\u0131l","isPartOf":{"@id":"https:\/\/denizcankizil.tr\/#website"},"datePublished":"2024-11-14T07:42:02+00:00","breadcrumb":{"@id":"https:\/\/denizcankizil.tr\/ru\/haberler\/gundem\/izmir-bornovada-cocuklar-muzikle-bulusacak\/#breadcrumb"},"inLanguage":"ru-RU","potentialAction":[{"@type":"ReadAction","target":["https:\/\/denizcankizil.tr\/ru\/haberler\/gundem\/izmir-bornovada-cocuklar-muzikle-bulusacak\/"]}]},{"@type":"BreadcrumbList","@id":"https:\/\/denizcankizil.tr\/ru\/haberler\/gundem\/izmir-bornovada-cocuklar-muzikle-bulusacak\/#breadcrumb","itemListElement":[{"@type":"ListItem","position":1,"name":"Home","item":"https:\/\/denizcankizil.tr\/uk\/"},{"@type":"ListItem","position":2,"name":"\u0130zmir Bornova\u2019da \u00e7ocuklar m\u00fczikle bulu\u015facak"}]},{"@type":"WebSite","@id":"https:\/\/denizcankizil.tr\/#website","url":"https:\/\/denizcankizil.tr\/","name":"Av. Deniz Can K\u0131z\u0131l","description":"Avukat Deniz Can K\u0131z\u0131l Antalya Barosu","publisher":{"@id":"https:\/\/denizcankizil.tr\/#organization"},"potentialAction":[{"@type":"SearchAction","target":{"@type":"EntryPoint","urlTemplate":"https:\/\/denizcankizil.tr\/?s={search_term_string}"},"query-input":{"@type":"PropertyValueSpecification","valueRequired":true,"valueName":"search_term_string"}}],"inLanguage":"ru-RU"},{"@type":"Organization","@id":"https:\/\/denizcankizil.tr\/#organization","name":"Av. Deniz Can K\u0131z\u0131l","url":"https:\/\/denizcankizil.tr\/","logo":{"@type":"ImageObject","inLanguage":"ru-RU","@id":"https:\/\/denizcankizil.tr\/#\/schema\/logo\/image\/","url":"https:\/\/denizcankizil.tr\/wp-content\/uploads\/2024\/10\/siyah-logo-svg.svg","contentUrl":"https:\/\/denizcankizil.tr\/wp-content\/uploads\/2024\/10\/siyah-logo-svg.svg","width":1080,"height":1080,"caption":"Av. Deniz Can K\u0131z\u0131l"},"image":{"@id":"https:\/\/denizcankizil.tr\/#\/schema\/logo\/image\/"}}]}},"_links":{"self":[{"href":"https:\/\/denizcankizil.tr\/ru\/wp-json\/wp\/v2\/posts\/15839","targetHints":{"allow":["GET"]}}],"collection":[{"href":"https:\/\/denizcankizil.tr\/ru\/wp-json\/wp\/v2\/posts"}],"about":[{"href":"https:\/\/denizcankizil.tr\/ru\/wp-json\/wp\/v2\/types\/post"}],"replies":[{"embeddable":true,"href":"https:\/\/denizcankizil.tr\/ru\/wp-json\/wp\/v2\/comments?post=15839"}],"version-history":[{"count":0,"href":"https:\/\/denizcankizil.tr\/ru\/wp-json\/wp\/v2\/posts\/15839\/revisions"}],"wp:attachment":[{"href":"https:\/\/denizcankizil.tr\/ru\/wp-json\/wp\/v2\/media?parent=15839"}],"wp:term":[{"taxonomy":"category","embeddable":true,"href":"https:\/\/denizcankizil.tr\/ru\/wp-json\/wp\/v2\/categories?post=15839"},{"taxonomy":"post_tag","embeddable":true,"href":"https:\/\/denizcankizil.tr\/ru\/wp-json\/wp\/v2\/tags?post=15839"}],"curies":[{"name":"wp","href":"https:\/\/api.w.org\/{rel}","templated":true}]}}