{"id":15766,"date":"2024-11-13T13:14:10","date_gmt":"2024-11-13T10:14:10","guid":{"rendered":"https:\/\/denizcankizil.tr\/uncategorized-tr\/bosanma-protokolu-nasil-hazirlanmali\/"},"modified":"2024-11-14T14:09:25","modified_gmt":"2024-11-14T11:09:25","slug":"bosanma-protokolu-nasil-hazirlanmali","status":"publish","type":"post","link":"https:\/\/denizcankizil.tr\/ru\/koseyazilari\/degerlendirme\/bosanma-protokolu-nasil-hazirlanmali\/","title":{"rendered":"BO\u015eANMA PROTOKOL\u00dc nas\u0131l haz\u0131rlanmal\u0131?"},"content":{"rendered":"<p>Bo\u015fanma s\u00fcreci, bireylerin hayat\u0131nda \u00f6nemli bir d\u00f6n\u00fcm noktas\u0131d\u0131r ve bu s\u00fcre\u00e7te at\u0131lacak ad\u0131mlar, ileride kar\u015f\u0131la\u015fabilecek hukuki sorunlara kar\u015f\u0131 \u00f6nemli bir koruma sa\u011flar. Anla\u015fmal\u0131 bo\u015fanma, taraflar\u0131n ortak bir irade ile bo\u015fanma \u00fczerine mutab\u0131k kalmas\u0131 durumunda ruhsatland\u0131r\u0131lan bir s\u00fcre\u00e7tir. Bu noktada, bo\u015fanma protokol\u00fcn\u00fcn haz\u0131rlanmas\u0131 b\u00fcy\u00fck bir titizlik ve dikkat gerektirmektedir. Protokol, iki taraf\u0131n anla\u015fma ko\u015fullar\u0131n\u0131 belirlemekte, bo\u015fanma s\u00fcrecinin hukuki s\u0131n\u0131rlar\u0131n\u0131 \u00e7izmektedir. Bu yaz\u0131da, bo\u015fanma protokol\u00fcn\u00fcn haz\u0131rl\u0131k a\u015famalar\u0131, yap\u0131lmas\u0131 gereken hukuki d\u00fczenlemeler ve dikkat edilmesi gereken noktalar \u00fczerine kapsaml\u0131 bir inceleme yap\u0131lacakt\u0131r. \u00d6zellikle, protokolde yer almas\u0131 gereken maddelerin a\u00e7\u0131k, anla\u015f\u0131l\u0131r ve hukuka uygun olmas\u0131n\u0131n \u00f6nemi vurgulanacak; s\u00fcrecin bu a\u015famas\u0131nda bir avukattan yard\u0131m alman\u0131n neden ka\u00e7\u0131n\u0131lmaz oldu\u011funa dair bilgiler sunulacakt\u0131r. Bu ba\u011flamda, bo\u015fanma protokol\u00fcn\u00fcn yaln\u0131zca bir bo\u015fanma belgesi olman\u0131n \u00f6tesinde, gelecekte ya\u015fanabilecek olas\u0131 anla\u015fmazl\u0131klar\u0131n \u00f6n\u00fcne ge\u00e7mek i\u00e7in bir g\u00fcvence arac\u0131 oldu\u011fu ger\u00e7e\u011fi ele al\u0131nacakt\u0131r.<\/p>\n<h2 id=\"protokol-hazirlamanin-onemi-ve-yasal-surecler\">Protokol Haz\u0131rlaman\u0131n \u00d6nemi ve Yasal S\u00fcre\u00e7ler<\/h2>\n<p><img decoding=\"async\" class=\"qimage_class lazyload\" data-src=\"https:\/\/denizcankizil.tr\/wp-content\/uploads\/2024\/11\/259C-1.jpg67347b56daf8f.jpg\" alt=\"Protokol Haz\u0131rlaman\u0131n \u00d6nemi ve Yasal S\u00fcre\u00e7ler\" src=\"data:image\/svg+xml;base64,PHN2ZyB3aWR0aD0iMSIgaGVpZ2h0PSIxIiB4bWxucz0iaHR0cDovL3d3dy53My5vcmcvMjAwMC9zdmciPjwvc3ZnPg==\" style=\"--smush-placeholder-width: 1700px; --smush-placeholder-aspect-ratio: 1700\/2200;\"><\/p>\n<section>\n<p>Bo\u015fanma s\u00fcreci, taraflar aras\u0131nda ileti\u015fim ve anla\u015fman\u0131n sa\u011flanabilmesi a\u00e7\u0131s\u0131ndan kritik bir \u00f6neme sahiptir. Bu nedenle, bo\u015fanma protokol\u00fcn\u00fcn haz\u0131rlanmas\u0131, anla\u015fmal\u0131 bo\u015fanma davalar\u0131nda \u00f6nemli bir ad\u0131m olmaktad\u0131r. Protokol, taraflar\u0131n hak ve y\u00fck\u00fcml\u00fcl\u00fcklerini d\u00fczenleyerek, ileride \u00e7\u0131kabilecek hukuki uyu\u015fmazl\u0131klar\u0131 \u00f6nler. Bu noktada, protokol\u00fcn hukuki \u00e7er\u00e7evede ve a\u00e7\u0131k bir dille haz\u0131rlanmas\u0131 gerekmektedir.<\/p>\n<p>Protokol haz\u0131rlama s\u00fcrecinde, genellikle bir avukatdan yard\u0131m al\u0131nmas\u0131 tavsiye edilir. Hukukun incelikleri ve anla\u015fmalar\u0131n ge\u00e7erlili\u011fi a\u00e7\u0131s\u0131ndan profesyonel bir destek almak, belgenin sa\u011fl\u0131kl\u0131 bir bi\u00e7imde olu\u015fmas\u0131na katk\u0131 sa\u011flar. Avukat, her iki taraf\u0131n isteklerini ve ihtiya\u00e7lar\u0131n\u0131 dikkate alarak, hukuka uygun ve kamu d\u00fczenine ayk\u0131r\u0131 olmayan bir metin olu\u015fturulmas\u0131n\u0131 m\u00fcmk\u00fcn k\u0131lar.<\/p>\n<p>Protokolde yer almas\u0131 gereken unsurlar aras\u0131nda, \u00f6ncelikle taraflar\u0131n bo\u015fanma y\u00f6n\u00fcnde mutab\u0131k oldu\u011fu ifadesi yer almaktad\u0131r. Ayr\u0131ca, e\u011fer \u00e7iftin \u00e7ocuklar\u0131 bulunuyorsa, velayet, nafaka ve ki\u015fisel ili\u015fki tesisine ili\u015fkin d\u00fczenlemeler de mutlaka belirtilmelidir. Bu maddeler, taraflar\u0131n gelecekteki olas\u0131 nafaka art\u0131\u015flar\u0131 veya velayet davalar\u0131 gibi s\u00fcre\u00e7lerde hak kayb\u0131na u\u011framalar\u0131n\u0131 \u00f6nlemek amac\u0131yla titizlikle haz\u0131rlanmal\u0131d\u0131r.<\/p>\n<p>Nafaka konusunda, taraflar aras\u0131nda yoksulluk nafakas\u0131 gibi talepler olup olmad\u0131\u011f\u0131, hangi ko\u015fullar alt\u0131nda \u00f6denece\u011fi gibi hususlar detayland\u0131r\u0131lmal\u0131d\u0131r. \u00c7ocuklar\u0131n nafakas\u0131 da ayr\u0131ca ele al\u0131narak, bunun ilgili taraflar aras\u0131nda nas\u0131l payla\u015f\u0131laca\u011f\u0131 a\u00e7\u0131k\u00e7a ifade edilmelidir. Bu t\u00fcr konular\u0131n net bir \u015fekilde tan\u0131mlanmas\u0131, anla\u015fmazl\u0131klar\u0131n \u00f6n\u00fcne ge\u00e7mek a\u00e7\u0131s\u0131ndan fayda sa\u011flamaktad\u0131r.<\/p>\n<p>\u00c7ocuklar\u0131n velayetinin kimde olaca\u011f\u0131 ve ki\u015fisel ili\u015fki tesisinde hangi g\u00fcn ve saatlerde ziyaret yap\u0131laca\u011f\u0131 gibi detaylar da protokolde yer almal\u0131d\u0131r. \u00d6rne\u011fin, velayet anneye verilmi\u015fse, \u00e7ocu\u011fun babas\u0131 ile olan ki\u015fisel ili\u015fkisi ne \u015fekilde d\u00fczenlenece\u011fi a\u00e7\u0131k\u00e7a belirtilmelidir. Bu durum, ileride ya\u015fanabilecek kar\u0131\u015f\u0131kl\u0131klar\u0131 \u00f6nlemek ad\u0131na olduk\u00e7a \u00f6nemlidir.<\/p>\n<p>Son olarak, ta\u015f\u0131nmazlar, ziynet e\u015fyalar\u0131 ve di\u011fer malvarl\u0131klar\u0131na ili\u015fkin talepler de protokole dahil edilmelidir. Hangi e\u015fyan\u0131n kimin \u00fczerine ge\u00e7ece\u011fi, hangi de\u011ferlerin kar\u015f\u0131l\u0131kl\u0131 olarak verilmesi gerekti\u011fi gibi konular, hem taraflar aras\u0131 adaletin sa\u011flanmas\u0131 hem de anla\u015fman\u0131n ge\u00e7erlili\u011fi a\u00e7\u0131s\u0131ndan \u00f6nem ta\u015f\u0131maktad\u0131r. Bu hususlar\u0131n t\u00fcm\u00fc, anla\u015fmal\u0131 bo\u015fanma protokol\u00fcnde dikkatlice ele al\u0131nmal\u0131d\u0131r.<\/p>\n<\/section>\n<h2 id=\"anlasmali-bosanma-protokolu-hazirlarken-dikkat-edilmesi-gereken-hukuki-unsurlar\">Anla\u015fmal\u0131 Bo\u015fanma Protokol\u00fc Haz\u0131rlarken Dikkat Edilmesi Gereken Hukuki Unsurlar<\/h2>\n<p><img decoding=\"async\" class=\"qimage_class lazyload\" data-src=\"https:\/\/denizcankizil.tr\/wp-content\/uploads\/2024\/11\/Ornegi.jpg67347b70b8af3.jpg\" alt=\"Anla\u015fmal\u0131 Bo\u015fanma Protokol\u00fc Haz\u0131rlarken Dikkat Edilmesi Gereken Hukuki Unsurlar\" src=\"data:image\/svg+xml;base64,PHN2ZyB3aWR0aD0iMSIgaGVpZ2h0PSIxIiB4bWxucz0iaHR0cDovL3d3dy53My5vcmcvMjAwMC9zdmciPjwvc3ZnPg==\" style=\"--smush-placeholder-width: 1553px; --smush-placeholder-aspect-ratio: 1553\/724;\"><\/p>\n<p>Bo\u015fanma protokol\u00fcn\u00fcn haz\u0131rlanmas\u0131nda dikkat edilmesi gereken ilk husus, taraflar\u0131n anla\u015fma halinde olmas\u0131d\u0131r. Bo\u015fanma y\u00f6n\u00fcnde bir mutabakat\u0131n olmas\u0131, protokol\u00fcn temelini olu\u015fturur. E\u015fler aras\u0131nda bu mutabakat sa\u011flanmadan herhangi bir protokol tasla\u011f\u0131 olu\u015fturulmas\u0131, ileride hukuki uyu\u015fmazl\u0131klara yol a\u00e7abilece\u011fi i\u00e7in b\u00fcy\u00fck bir risk ta\u015f\u0131r.<\/p>\n<p>Protokolde yer alacak hukuki unsurlar\u0131n anla\u015f\u0131l\u0131r, hukuka ve kamu d\u00fczenine uygun olmas\u0131 gerekir. Bu ba\u011flamda, protokol maddelerinin net ve a\u00e7\u0131k bir dille yaz\u0131lmas\u0131 \u00f6nemlidir. Her iki taraf\u0131n da haklar\u0131n\u0131n ve y\u00fck\u00fcml\u00fcl\u00fcklerinin net bir \u015fekilde ifade edilmesi, ileride meydana gelebilecek olumsuz durumlar\u0131n \u00f6nlenmesine yard\u0131mc\u0131 olacakt\u0131r. Unutulmamal\u0131d\u0131r ki, eksik veya yanl\u0131\u015f protokol maddeleri yarg\u0131\u00e7 taraf\u0131ndan davan\u0131n reddine ya da s\u00fcrecin uzamas\u0131na sebep olabilir.<\/p>\n<p>E\u011fer e\u015flerin evlilik birli\u011finden \u00e7ocuklar\u0131 varsa, protokolde \u00e7ocuklar\u0131n velayeti, nafaka, ki\u015fisel ili\u015fki tesisine ili\u015fkin ayr\u0131nt\u0131lara yer verilmelidir. Bu hususlarda taraflar\u0131n a\u00e7\u0131k ve net bir \u015fekilde anla\u015fmalar\u0131, ileride ya\u015fanabilecek velayet davalar\u0131 veya nafaka taleplerinin \u00f6n\u00fcn\u00fc kesmek a\u00e7\u0131s\u0131ndan son derece \u00f6nemlidir. \u00d6rne\u011fin, \u00e7ocuk i\u00e7in belirli bir nafaka bedelinin belirlenmesi gibi hususlar kesin olarak protokole dahil edilmelidir.<\/p>\n<p>\u00c7ocuklar\u0131n velayeti ile ilgili yap\u0131lan anla\u015fmada, velayetin kime verilece\u011fi ve ki\u015fisel ili\u015fki g\u00fcnlerinin nas\u0131l tesis edilece\u011fi a\u00e7\u0131k\u00e7a belirtilmelidir. Hangi g\u00fcnlerde, saatlerde hangi ebeveyn ile nas\u0131l bir ili\u015fki kurulaca\u011f\u0131, \u00e7ocuklar\u0131n sa\u011fl\u0131kl\u0131 geli\u015fimi a\u00e7\u0131s\u0131ndan kritik \u00f6neme sahiptir. Bu t\u00fcr detaylar\u0131n protokolde yer almas\u0131, ileride herhangi bir ihtilafa yol a\u00e7mamak ad\u0131na faydal\u0131 olacakt\u0131r.<\/p>\n<p>Taraflar, ayr\u0131ca mal rejimine dair anla\u015fmalar\u0131 da protokole dahil etmelidir. Ziynet e\u015fyalar\u0131, ta\u015f\u0131nmazlar gibi maddi de\u011ferlerin payla\u015f\u0131m\u0131, hangi e\u015fyalar\u0131n kime verilece\u011fi gibi a\u00e7\u0131k\u00e7a belgeye yaz\u0131lmal\u0131d\u0131r. \u00d6rne\u011fin, ara\u00e7lar\u0131n, ziynet e\u015fyalar\u0131n\u0131n veya gayrimenkullerin hangi taraf\u0131n kar\u0131\u015f\u0131m\u0131 olaca\u011f\u0131 gibi konular net bir \u015fekilde belirlenmelidir.<\/p>\n<p>Sonu\u00e7 olarak, bo\u015fanma protokol\u00fc haz\u0131rlan\u0131rken, hukuki s\u00fcre\u00e7lerin sorunsuz ilerlemesi i\u00e7in t\u00fcm maddelerin anla\u015f\u0131l\u0131r, hukuka uygun ve kamu d\u00fczenine sayg\u0131l\u0131 bir bi\u00e7imde yaz\u0131lmas\u0131 gereklidir. Haz\u0131rlanan protokol, bir dilek\u00e7e ile birlikte mahkemeye sunulmal\u0131 ve resmi s\u00fcre\u00e7 ba\u015flat\u0131lmal\u0131d\u0131r. Bu s\u00fcre\u00e7, taraflar\u0131n m\u00fcspet bir sonuca ula\u015fmas\u0131 i\u00e7in hayati bir \u00f6neme sahiptir.<\/p>\n<h2 id=\"taraflarin-anlasma-halinin-belirlenmesi-ve-protokoldeki-yeri\">Taraflar\u0131n Anla\u015fma Halinin Belirlenmesi ve Protokoldeki Yeri<\/h2>\n<p><img decoding=\"async\" class=\"qimage_class lazyload\" data-src=\"https:\/\/denizcankizil.tr\/wp-content\/uploads\/2024\/11\/138151.jpg\" alt=\"Taraflar\u0131n Anla\u015fma Halinin Belirlenmesi ve Protokoldeki Yeri\" src=\"data:image\/svg+xml;base64,PHN2ZyB3aWR0aD0iMSIgaGVpZ2h0PSIxIiB4bWxucz0iaHR0cDovL3d3dy53My5vcmcvMjAwMC9zdmciPjwvc3ZnPg==\" style=\"--smush-placeholder-width: 854px; --smush-placeholder-aspect-ratio: 854\/594;\"><\/p>\n<p>Bo\u015fanma protokol\u00fc, taraflar\u0131n anla\u015fma halinde oldu\u011funu g\u00f6stermek i\u00e7in kritik bir unsurdur. Bu protokol, ekran\u0131n\u0131zda g\u00f6r\u00fcld\u00fc\u011f\u00fc \u00fczere, taraflar\u0131n bo\u015fanma y\u00f6n\u00fcnde mutab\u0131k oldu\u011funu a\u00e7\u0131k\u00e7a ifade etmelidir. Taraflar\u0131n anla\u015fmalar\u0131 sa\u011fl\u0131kl\u0131 bir \u015fekilde belgelendi\u011fi takdirde, bo\u015fanma s\u00fcrecinin daha sorunsuz ilerlemesi m\u00fcmk\u00fcn olacakt\u0131r.<\/p>\n<p>\u00d6zellikle \u00e7ocuklar\u0131n velayeti, nafaka ve ki\u015fisel ili\u015fki g\u00fcnleri gibi konular, protokolde mutlaka yer almas\u0131 gereken maddelerdir. E\u011fer evlilik birli\u011fi i\u00e7erisinde bir \u00e7ocuk varsa, velayet ile ilgili anla\u015fmazl\u0131klar\u0131n do\u011fmamas\u0131 ad\u0131na bu konular detayl\u0131 bir \u015fekilde ele al\u0131nmal\u0131d\u0131r. Protokol, bu hususlarda net h\u00fck\u00fcmler i\u00e7ermelidir:<\/p>\n<ul>\n<li><strong>Velayet durumu:<\/strong> \u00c7ocu\u011fun velayeti anneye, babaya veya ortak velayete mi verilecek?<\/li>\n<li><strong>Nafaka bedeli:<\/strong> Taraflar aras\u0131nda nafaka d\u00fczenlemesi ne \u015fekilde yap\u0131lacak?<\/li>\n<li><strong>Ki\u015fisel ili\u015fki g\u00fcnleri:<\/strong> \u00c7ocu\u011fun hangi g\u00fcn ve saatlerde kimle kalaca\u011f\u0131 belirlenmelidir.<\/li>\n<\/ul>\n<p>Ek olarak, protokolde ziynet e\u015fyalar\u0131 ve ta\u015f\u0131nmazlar ile ilgili taleplerin de a\u00e7\u0131k\u00e7a belirtilmesi gerekmektedir. Hangi e\u015fyalar\u0131n kime verilece\u011fi, varsa ta\u015f\u0131nmazlar\u0131n kimde kalaca\u011f\u0131 gibi konular detayl\u0131 bir \u015fekilde yaz\u0131lmal\u0131d\u0131r. \u00d6rne\u011fin, a\u015fa\u011f\u0131daki tabloyu bu ba\u011flamda kullanabilirsiniz:<\/p>\n<table class=\"wp-block-table\">\n<thead>\n<tr>\n<th>E\u015fya<\/th>\n<th>Taraf<\/th>\n<\/tr>\n<\/thead>\n<tbody>\n<tr>\n<td>Ziynet e\u015fyalar\u0131<\/td>\n<td>Anne<\/td>\n<\/tr>\n<tr>\n<td>M\u00fclk<\/td>\n<td>Baba<\/td>\n<\/tr>\n<tr>\n<td>Araba<\/td>\n<td>Ortak<\/td>\n<\/tr>\n<\/tbody>\n<\/table>\n<p>Protokol maddelerinin hukuka, kamu d\u00fczenine ve ahlaka uygun olmas\u0131 son derece \u00f6nemlidir. E\u011fer bu maddeler eksik ya da yanl\u0131\u015f bir \u015fekilde yaz\u0131l\u0131rsa, h\u00e2kim davay\u0131 reddedebilir ya da s\u00fcre\u00e7 uzayabilir. Bu nedenle, bir avukat e\u015fli\u011finde protokol haz\u0131rlamak her zaman \u00f6nerilmektedir.<\/p>\n<p>Sonu\u00e7 olarak, taraflar\u0131n anla\u015fma hali protokolde belirgin bir \u015fekilde ifade edilmeli, her iki taraf\u0131n da haklar\u0131 g\u00f6zetilmelidir. Duygusal ve hukuki a\u00e7\u0131dan sa\u011fl\u0131kl\u0131 bir s\u00fcre\u00e7 y\u00f6netimi i\u00e7in avukat yard\u0131m\u0131 almak \u00f6nemlidir. Bu noktada, taraflar\u0131n talepleri dikkate al\u0131narak kapsaml\u0131 bir protokol tasla\u011f\u0131 olu\u015fturmal\u0131d\u0131r.<\/p>\n<h2 id=\"cocuk-velayeti-ve-nafaka-taleplerinin-protokole-dahil-edilmesi\">\u00c7ocuk Velayeti ve Nafaka Taleplerinin Protokole Dahil Edilmesi<\/h2>\n<p><img decoding=\"async\" class=\"qimage_class lazyload\" data-src=\"https:\/\/denizcankizil.tr\/wp-content\/uploads\/2024\/11\/OSANMA.jpg67347b903c68a.jpg\" alt=\"\u00c7ocuk Velayeti ve Nafaka Taleplerinin Protokole Dahil Edilmesi\" src=\"data:image\/svg+xml;base64,PHN2ZyB3aWR0aD0iMSIgaGVpZ2h0PSIxIiB4bWxucz0iaHR0cDovL3d3dy53My5vcmcvMjAwMC9zdmciPjwvc3ZnPg==\" style=\"--smush-placeholder-width: 1200px; --smush-placeholder-aspect-ratio: 1200\/800;\"><\/p>\n<section>\n<p><strong>\u00c7ocuk velayeti<\/strong> konusunda, bo\u015fanma s\u00fcrecinde hangi taraf\u0131n \u00e7ocu\u011fun velayetini alaca\u011f\u0131na dair net bir anla\u015fma sa\u011flanmal\u0131d\u0131r. Bu durum, ileride olu\u015fabilecek anla\u015fmazl\u0131klar\u0131 \u00f6nlemek ad\u0131na hukuksal a\u00e7\u0131dan hayati bir \u00f6nem ta\u015f\u0131r. Velayet anla\u015fmas\u0131, taraflar\u0131n \u00e7ocukla olan ili\u015fkilerini ve sorumluluklar\u0131n\u0131 d\u00fczenleyecek \u015fekilde belirgin bir \u015fekilde belirtilmelidir.<\/p>\n<p>Bo\u015fanma protokol\u00fc i\u00e7inde ayr\u0131ca <strong>nafaka talepleri<\/strong> de dikkatlice i\u015flenmelidir. Nafaka, \u00e7ocuk i\u00e7in \u00f6denecekse, bunun miktar\u0131 ve \u00f6denmesi gereken s\u00fcre zarf\u0131 a\u00e7\u0131k\u00e7a belirtilmelidir. E\u015fler aras\u0131nda yap\u0131lan nafaka d\u00fczenlemeleri, ileride taraflardan birinin ekonomik durumuna g\u00f6re de\u011fi\u015fiklik g\u00f6sterebilece\u011fi i\u00e7in, bu konunun da protokole dahil edilmesi \u00f6nemlidir.<\/p>\n<p>Protokol maddeleri, \u00e7ocuklar\u0131n bak\u0131m\u0131na ili\u015fkin <strong>ki\u015fisel ili\u015fki g\u00fcnlerinin<\/strong> tesisi konusunda da d\u00fczenlemeler i\u00e7ermelidir. \u00d6rne\u011fin, \u00e7ocu\u011fun bir parent ile ge\u00e7irece\u011fi g\u00fcnler, saatler ve hangi \u015fartlar alt\u0131nda kalaca\u011f\u0131 konusunda detayl\u0131 bilgi verilmelidir. Bu hususlar\u0131n net bir \u015fekilde anla\u015f\u0131lmas\u0131, gelecekte ya\u015fanabilecek sorunlar\u0131n \u00f6n\u00fcne ge\u00e7ilmesine yard\u0131mc\u0131 olur.<\/p>\n<p>Taraflar\u0131n, ayr\u0131 ayr\u0131 olu\u015fturulan maddelerde \u00e7ocuklar i\u00e7in belirlenen <strong>nafaka bedellerini<\/strong> de a\u00e7\u0131k\u00e7a ifade etmeleri gerekmektedir. \u00c7ocu\u011fa \u00f6denecek nafaka, hangi ko\u015fullarda art\u0131r\u0131labilir veya azalt\u0131labilir gibi durumlar, protokolde ba\u015ftan belirlenmelidir. Bu sayede taraflar, nafa\u011fa ili\u015fkin hak ve y\u00fck\u00fcml\u00fcl\u00fcklerini daha iyi anlayabilirler.<\/p>\n<p>Taraflar aras\u0131nda <strong>ziynet e\u015fyalar\u0131<\/strong> veya ta\u015f\u0131nmazlarla ilgili talepler de protokole dahil edilebilir. Hangi e\u015fyan\u0131n kimin taraf\u0131na b\u0131rak\u0131laca\u011f\u0131 ya da ta\u015f\u0131nmazlar\u0131n payla\u015f\u0131m\u0131na dair ilave maddeler eklenmelidir. Bu gibi durumlar, bo\u015fanma s\u00fcrecinin \u015feffaf ve anla\u015f\u0131l\u0131r ge\u00e7mesini sa\u011flayacak \u00f6nemli hususlardand\u0131r.<\/p>\n<p>Sonu\u00e7 olarak, \u00e7ocuk velayeti ve nafaka taleplerinin protokole dahil edilmesi, anla\u015fmal\u0131 bo\u015fanma s\u00fcrecinin sa\u011fl\u0131kl\u0131 bir \u015fekilde y\u00fcr\u00fct\u00fclebilmesi i\u00e7in gereklidir. Bu d\u00fczenlemeler, ileride olu\u015fabilecek hukuki uyu\u015fmazl\u0131klar\u0131n \u00f6n\u00fcne ge\u00e7mekte kritik bir rol oynar ve taraflar\u0131n haklar\u0131n\u0131n g\u00fcvence alt\u0131na al\u0131nmas\u0131n\u0131 sa\u011flar.<\/p>\n<\/section>\n<h2 id=\"kisisel-iliski-gunlerinin-duzenlenmesi-ve-protokoldeki-onemi\">Ki\u015fisel \u0130li\u015fki G\u00fcnlerinin D\u00fczenlenmesi ve Protokoldeki \u00d6nemi<\/h2>\n<p><img decoding=\"async\" class=\"qimage_class lazyload\" data-src=\"https:\/\/denizcankizil.tr\/wp-content\/uploads\/2024\/11\/hukuku.jpg\" alt=\"Ki\u015fisel \u0130li\u015fki G\u00fcnlerinin D\u00fczenlenmesi ve Protokoldeki \u00d6nemi\" src=\"data:image\/svg+xml;base64,PHN2ZyB3aWR0aD0iMSIgaGVpZ2h0PSIxIiB4bWxucz0iaHR0cDovL3d3dy53My5vcmcvMjAwMC9zdmciPjwvc3ZnPg==\" style=\"--smush-placeholder-width: 702px; --smush-placeholder-aspect-ratio: 702\/355;\"><\/p>\n<p>Bo\u015fanma protokol\u00fc, taraflar\u0131n bo\u015fanma s\u00fcrecindeki hak ve y\u00fck\u00fcml\u00fcl\u00fcklerini belirlemenin yan\u0131 s\u0131ra, ki\u015fisel ili\u015fki g\u00fcnlerinin d\u00fczenlenmesi a\u00e7\u0131s\u0131ndan da b\u00fcy\u00fck bir \u00f6neme sahiptir. Taraflar aras\u0131nda \u00e7ocuk varsa, bu durum s\u00fcre\u00e7 i\u00e7inde ilerleyen hukuki davalar a\u00e7\u0131s\u0131ndan kritik bir rol oynar. Ebeveynler, \u00e7ocuklar\u0131n velayeti, nafaka gibi konular\u0131n yan\u0131 s\u0131ra, hangi tarihlerde ve saatlerde \u00e7ocukla nas\u0131l bir ili\u015fki kuracaklar\u0131n\u0131 da belirsiz b\u0131rakmamak i\u00e7in detayl\u0131 bir \u015fekilde protokole dahil etmelidir.<\/p>\n<p>Protokolde belirtilmesi gereken ilk husus, taraflar\u0131n bo\u015fanma y\u00f6n\u00fcnde mutab\u0131k olmalar\u0131d\u0131r. Bu mutabakat\u0131n detaylar\u0131, \u00f6zellikle \u00e7ocuklar\u0131n velayeti veya ki\u015fisel ili\u015fki g\u00fcnleri ile ilgili ayr\u0131nt\u0131lar a\u00e7\u0131k\u00e7a ifade edilmelidir. T\u00fcm bu maddelerin a\u00e7\u0131kl\u0131\u011f\u0131, ileride do\u011fabilecek hukuki uyu\u015fmazl\u0131klar\u0131n \u00f6nlenmesi a\u00e7\u0131s\u0131ndan son derece \u00f6nemlidir. Anla\u015fma sa\u011flamayan konular, s\u00fcre\u00e7 i\u00e7erisinde belirsizlik yaratabilir ve yeniden dava a\u00e7\u0131lmas\u0131 gereklili\u011fine neden olabilir.<\/p>\n<p><strong>Ki\u015fisel ili\u015fki g\u00fcnlerinin belirlenmesi<\/strong>, taraflar aras\u0131nda a\u00e7\u0131k bir \u015fekilde tan\u0131mlanmal\u0131d\u0131r. \u00d6rne\u011fin, \u00e7ocuk hangi g\u00fcn ve saatlerde babas\u0131 veya annesi ile birlikte olacak? Yasal olarak belirlenen g\u00fcn ve saatlerin net olarak belirlenmesi, ileride anla\u015fmazl\u0131klar\u0131n \u00e7\u0131kmas\u0131n\u0131 engelleyecek bir d\u00fczen kurar. Ayr\u0131ca, bu durumun mahkeme taraf\u0131ndan onaylanmas\u0131, taraflar\u0131n ek bir anla\u015fmazl\u0131k ya\u015famalar\u0131n\u0131 \u00f6nler.<\/p>\n<p>Protokol maddeleri olu\u015fturulurken, velayet taraf\u0131 ile ki\u015fisel ili\u015fki g\u00fcnlerine dair bilgilerin detayl\u0131 bir \u015fekilde yaz\u0131lmas\u0131 gerekmektedir. Velayet kimin \u00fczerindeyse, o taraf\u0131n \u00e7ocu\u011fa ili\u015fkin hangi g\u00fcnlerde, hangi saatlerde bak\u0131mlar\u0131n\u0131 \u00fcstlenece\u011fi net bir bi\u00e7imde belirtilmelidir. \u00d6rne\u011fin, &#8220;\u00c7ocuk, her hafta sonu Cumartesi g\u00fcn\u00fc saat 10:00&#8217;da anneye teslim edilecektir.&#8221; gibi somut \u00f6rnekler kullanmak, hukuki ba\u011flamda protokol\u00fcn ge\u00e7erlili\u011fini art\u0131r\u0131r.<\/p>\n<p>Ek olarak, nafaka miktar\u0131 ve bu nafakan\u0131n nas\u0131l d\u00fczenlenece\u011fi de protokolde kesin bir \u015fekilde yer almal\u0131d\u0131r. Nafaka ile ilgili hususlar, \u00e7ocuk i\u00e7in verilece\u011fi gibi, e\u015fler aras\u0131nda da yoksulluk nafakas\u0131 baz\u0131nda belirlenebilir. T\u00fcm bu durumlar, ileride ortaya \u00e7\u0131kabilecek en d\u00fc\u015f\u00fck seviyedeki hukuki ihtilaflar\u0131 \u00f6nleme amac\u0131yla titizlikle i\u015flenmelidir.<\/p>\n<p>Bunun yan\u0131nda, taraflar\u0131n ta\u015f\u0131nmazlar\u0131, ziynet e\u015fyalar\u0131 ve di\u011fer mal varl\u0131klar\u0131yla ilgili talepleri de protokolde a\u00e7\u0131k bir \u015fekilde belirtilmelidir. Hangi e\u015fya kimin olacak, ta\u015f\u0131nmazlar kimde kalacak gibi sorular\u0131n yan\u0131tlar\u0131 net bir \u015fekilde yaz\u0131lmal\u0131d\u0131r. Taraflar aras\u0131ndaki her t\u00fcrl\u00fc mal payla\u015f\u0131m\u0131, protokolde yasal ve anla\u015f\u0131l\u0131r bir \u015fekilde ifade edilmeli, b\u00f6ylece daha sonra kar\u015f\u0131la\u015f\u0131labilecek anla\u015fmazl\u0131klar\u0131n \u00f6n\u00fcne ge\u00e7ilmelidir.<\/p>\n<h2 id=\"mali-taleplerin-ve-tasinmazlarin-duzenlenmesi\">Mali Taleplerin ve Ta\u015f\u0131nmazlar\u0131n D\u00fczenlenmesi<\/h2>\n<p><img decoding=\"async\" class=\"qimage_class lazyload\" data-src=\"https:\/\/denizcankizil.tr\/wp-content\/uploads\/2024\/11\/7508.jpg\" alt=\"Mali Taleplerin ve Ta\u015f\u0131nmazlar\u0131n D\u00fczenlenmesi\" src=\"data:image\/svg+xml;base64,PHN2ZyB3aWR0aD0iMSIgaGVpZ2h0PSIxIiB4bWxucz0iaHR0cDovL3d3dy53My5vcmcvMjAwMC9zdmciPjwvc3ZnPg==\" style=\"--smush-placeholder-width: 1202px; --smush-placeholder-aspect-ratio: 1202\/800;\"><\/p>\n<section>\n<p>Bo\u015fanma protokol\u00fc haz\u0131rlarken, her iki taraf\u0131n da anla\u015fma halinde olmas\u0131 b\u00fcy\u00fck \u00f6nem ta\u015f\u0131maktad\u0131r. Bu protokolde ilk olarak taraflar\u0131n bo\u015fanma mutabakat\u0131n\u0131 a\u00e7\u0131k bir \u015fekilde ifade etmeleri gerekmektedir. Anla\u015fmal\u0131 bo\u015fanma, her iki taraf\u0131n da evlili\u011fin sona ermesi konusunda hemfikir oldu\u011fu durumlar\u0131 kapsar ve bu madde protokolde net bir \u015fekilde yer almal\u0131d\u0131r.<\/p>\n<p>E\u011fer aile birli\u011finde \u00e7ocuklar varsa, velayet, nafaka ve ki\u015fisel ili\u015fki g\u00fcnleri gibi konular\u0131n protokolde yer almas\u0131 gerekmektedir. Bu maddelerin anla\u015f\u0131l\u0131r ve net bir dille ifade edilmesi, ileride ya\u015fanabilecek hukuki uyu\u015fmazl\u0131klar\u0131 \u00f6nlemek a\u00e7\u0131s\u0131ndan kritik bir rol oynar. Velayet durumu, \u00e7ocuklar\u0131n kimde kalaca\u011f\u0131 ve hangi g\u00fcnlerde kiminle ili\u015fkide bulunaca\u011f\u0131 a\u00e7\u0131k\u00e7a belirtilmelidir.<\/p>\n<p>Nafaka ile ilgili h\u00fck\u00fcmlerin de net bir \u015fekilde protokolde yer almas\u0131 gerekir. \u00d6rne\u011fin, \u00e7ocuk i\u00e7in belirlenen nafaka bedeli, taraflar aras\u0131nda yoksulluk nafakas\u0131 gibi durumlar\u0131n ortaya \u00e7\u0131kmas\u0131 halinde kimlerin ne kadar \u00f6deyece\u011fi gibi ayr\u0131nt\u0131lar a\u00e7\u0131k\u00e7a yaz\u0131lmal\u0131d\u0131r. Taraflar\u0131n y\u00fck\u00fcml\u00fcl\u00fckleri ve haklar\u0131 bu maddelerle belirlenmi\u015f olur.<\/p>\n<p>Di\u011fer \u00f6nemli bir konu ise ziynet e\u015fyalar\u0131 ve ta\u015f\u0131nmazlar\u0131n payla\u015f\u0131m\u0131d\u0131r. Protokolde hangi ziynet e\u015fyalar\u0131n\u0131n kimde kalaca\u011f\u0131 ya da ta\u015f\u0131nmazlar\u0131n nas\u0131l payla\u015f\u0131laca\u011f\u0131 hususlar\u0131 a\u00e7\u0131k\u00e7a belirtilmelidir. \u00d6rne\u011fin, bir ara\u00e7 varsa bu arac\u0131n kimin kullan\u0131m\u0131na ge\u00e7ece\u011fi ya da hangi ta\u015f\u0131nmaz\u0131n kime ait olaca\u011f\u0131 gibi detaylar da protokolde yer almal\u0131d\u0131r.<\/p>\n<p>Protokol\u00fcn hukuka uygun ve kamu d\u00fczenine sayg\u0131l\u0131 olmas\u0131 da gerekmektedir. Hatal\u0131 veya eksik yaz\u0131lm\u0131\u015f maddeler, mahkemece davan\u0131n reddine veya s\u00fcrecin uzamas\u0131na sebep olabilmektedir. Bu nedenle bir avukattan yard\u0131m almak, s\u00fcrecin sa\u011fl\u0131kl\u0131 y\u00fcr\u00fct\u00fclmesi a\u00e7\u0131s\u0131ndan \u00f6nerilmektedir.<\/p>\n<p>Son olarak, t\u00fcm bu maddeler haz\u0131rlad\u0131ktan sonra, tutulan protokol ile birlikte mahkemeye ba\u015fvurulmal\u0131d\u0131r. Anla\u015fmal\u0131 bo\u015fanma dilek\u00e7esi ile beraber bu protokol sunulmal\u0131 ve mahkeme s\u00fcrecinin sorunsuz bir \u015fekilde ilerlemesi sa\u011flanmal\u0131d\u0131r.<\/p>\n<\/section>\n<h2 id=\"protokolun-anlasilir-hukuka-uygun-ve-ahlaka-uygun-olmasi-gerekliligi\">Protokol\u00fcn Anla\u015f\u0131l\u0131r, Hukuka Uygun ve Ahlaka Uygun Olmas\u0131 Gereklili\u011fi<\/h2>\n<p><img decoding=\"async\" class=\"qimage_class lazyload\" data-src=\"https:\/\/www.protokol.be\/wp-content\/uploads\/2022\/06\/Protokol-16.jpg\" alt=\"Protokol\u00fcn Anla\u015f\u0131l\u0131r, Hukuka Uygun ve Ahlaka Uygun Olmas\u0131 Gereklili\u011fi\" src=\"data:image\/svg+xml;base64,PHN2ZyB3aWR0aD0iMSIgaGVpZ2h0PSIxIiB4bWxucz0iaHR0cDovL3d3dy53My5vcmcvMjAwMC9zdmciPjwvc3ZnPg==\"><\/p>\n<section>\n<p>Bo\u015fanma protokol\u00fcn\u00fcn haz\u0131rlanmas\u0131, taraflar i\u00e7in \u00f6nemli bir ad\u0131md\u0131r. Bu s\u00fcre\u00e7te protokol\u00fcn, taraflar\u0131n anla\u015fma durumunu net bir \u015fekilde yans\u0131tmas\u0131 gerekmektedir. <strong>Anla\u015f\u0131l\u0131r olmas\u0131<\/strong> i\u00e7in, kullan\u0131lan dilin sade ve anla\u015f\u0131l\u0131r olmas\u0131, t\u00fcm maddelerin a\u00e7\u0131k\u00e7a ifade edilmesi \u00f6nemlidir. Bu sayede, ileride olu\u015fabilecek hukuki uyu\u015fmazl\u0131klar\u0131n \u00f6n\u00fcne ge\u00e7ilmi\u015f olacakt\u0131r.<\/p>\n<p>Protokol, hukuka uygun olmal\u0131d\u0131r. Bu, hukuki terimlerin ve kavramlar\u0131n do\u011fru bir \u015fekilde, T\u00fcrk Medeni Kanunu ve di\u011fer ilgili yasalar \u00e7er\u00e7evesinde kullan\u0131lmas\u0131 anlam\u0131na gelir. Protokol maddeleri, bu hukuki d\u00fczenlemelere uygun olmal\u0131d\u0131r. E\u011fer protokol, hukuka uygun de\u011filse, mahkeme taraf\u0131ndan reddedilebilir veya s\u00fcre\u00e7 uzayabilir.<\/p>\n<p><strong>Ahlaka uygun olmas\u0131<\/strong> da protokol\u00fcn bir di\u011fer \u00f6nemli \u00f6zelli\u011fidir. Taraflar\u0131n taleplerinin, toplumun genel ahlak kurallar\u0131na ayk\u0131r\u0131 olmamas\u0131 gerekmektedir. Ahlaki olarak kabul edilemeyen maddeler, mahkemede sorun yaratabilir ve s\u00fcrecin \u00e7eki\u015fmeli bir hale d\u00f6n\u00fc\u015fmesine neden olabilir. Bu y\u00fczden protokolde yer alacak her madde dikkatlice d\u00fc\u015f\u00fcn\u00fclmelidir.<\/p>\n<p>Protokolde, \u00e7ocuk varsa velayet, nafaka ve ki\u015fisel ili\u015fki gibi konular\u0131n ayr\u0131nt\u0131l\u0131 bir \u015fekilde ele al\u0131nmas\u0131 gerekmektedir. <strong>Velayet durumunun<\/strong> net bir \u015fekilde belirtilmesi, taraflar\u0131n sorumluluklar\u0131n\u0131n anla\u015f\u0131l\u0131r olmas\u0131n\u0131 sa\u011flar. Nafaka miktar\u0131 ve \u00f6demelerin hangi ko\u015fullarda yap\u0131laca\u011f\u0131 ayr\u0131ca belirtildi\u011finde, gelecekteki olas\u0131 davalar\u0131n \u00f6n\u00fcne ge\u00e7ilmi\u015f olur.<\/p>\n<p>S\u00fcrecin d\u00fczg\u00fcn ilerlemesi i\u00e7in, protokolde ziynet e\u015fyalar\u0131 ve ta\u015f\u0131nmazlara ili\u015fkin belirlemeler de yap\u0131lmal\u0131d\u0131r. Hangi e\u015fyan\u0131n kime ait oldu\u011fu a\u00e7\u0131k bir \u015fekilde ifade edilmelidir. <strong>Ta\u015f\u0131nmazlar<\/strong> i\u00e7in de hangi mal\u0131n kime verilece\u011fi net olmal\u0131, taraflar\u0131n bu konudaki talepleri protokolde yer almal\u0131d\u0131r.<\/p>\n<p>Sonu\u00e7 olarak, anla\u015fmal\u0131 bo\u015fanma protokol\u00fc haz\u0131rlan\u0131rken dikkat edilmesi gereken en \u00f6nemli noktalar; anla\u015f\u0131l\u0131r, hukuka uygun ve ahlaka uygun olmalar\u0131d\u0131r. T\u00fcm maddelerin a\u00e7\u0131k ve net bir dille yaz\u0131lmas\u0131, taraflar\u0131n her iki yarar\u0131na olacakt\u0131r. Bu nedenle, bir avukat rehberli\u011finde bu s\u00fcreci y\u00fcr\u00fctmek, olas\u0131 sorunlar\u0131n \u00f6nlenmesi a\u00e7\u0131s\u0131ndan b\u00fcy\u00fck \u00f6nem ta\u015f\u0131maktad\u0131r.<\/p>\n<\/section>\n<h2 id=\"avukat-destegi-almanin-faydalari-ve-surecin-kolaylastirilmasi\">Avukat Deste\u011fi Alman\u0131n Faydalar\u0131 ve S\u00fcrecin Kolayla\u015ft\u0131r\u0131lmas\u0131<\/h2>\n<p><img decoding=\"async\" class=\"qimage_class lazyload\" data-src=\"https:\/\/denizcankizil.tr\/wp-content\/uploads\/2024\/11\/lawyer.jpg67347be532798.jpg\" alt=\"Avukat Deste\u011fi Alman\u0131n Faydalar\u0131 ve S\u00fcrecin Kolayla\u015ft\u0131r\u0131lmas\u0131\" src=\"data:image\/svg+xml;base64,PHN2ZyB3aWR0aD0iMSIgaGVpZ2h0PSIxIiB4bWxucz0iaHR0cDovL3d3dy53My5vcmcvMjAwMC9zdmciPjwvc3ZnPg==\" style=\"--smush-placeholder-width: 1200px; --smush-placeholder-aspect-ratio: 1200\/510;\"><\/p>\n<p>Bo\u015fanma s\u00fcrecinde, avukat deste\u011fi almak, taraflar aras\u0131nda daha sa\u011fl\u0131kl\u0131 bir ileti\u015fim sa\u011flamak ve hukuki belirsizlikleri ortadan kald\u0131rmak a\u00e7\u0131s\u0131ndan olduk\u00e7a \u00f6nemlidir. Her ne kadar bo\u015fanma anla\u015fmal\u0131 \u015fekilde ger\u00e7ekle\u015fse de, her iki taraf\u0131n da haklar\u0131n\u0131 koruyabilmesi i\u00e7in uzman bir hukuki deste\u011fe ihtiya\u00e7 duyulmaktad\u0131r. Avukat\u0131n yard\u0131m\u0131yla haz\u0131rlanan protokol, ileride \u00e7\u0131kabilecek olas\u0131 hukuki uyu\u015fmazl\u0131klar\u0131n \u00f6nlenmesine yard\u0131mc\u0131 olur.<\/p>\n<p>Protokol haz\u0131rlan\u0131rken dikkat edilmesi gereken <strong>temel unsurlar<\/strong> aras\u0131nda, anla\u015fma hali ve bunun hukuka uygunlu\u011fu gelmektedir. Taraflar\u0131n bo\u015fanma y\u00f6n\u00fcnde mutab\u0131k kalmalar\u0131, protokol\u00fcn temelini olu\u015fturur. Bunun yan\u0131 s\u0131ra, protokolda yer alacak her bir madde, hem kamu d\u00fczenine uygun olmal\u0131 hem de ahlaki de\u011ferlerle \u00e7eli\u015fmemelidir. Bu nedenle, avukat\u0131n rehberli\u011finde olduk\u00e7a anla\u015f\u0131l\u0131r ve net bir metin olu\u015fturulmas\u0131 elzemdir.<\/p>\n<p>Protokoldeki maddeler aras\u0131nda, e\u011fer taraflar\u0131n \u00e7ocuklar\u0131 varsa, <strong>\u043e\u043f\u0435\u043a\u0430<\/strong>, <strong>\u0430\u043b\u0438\u043c\u0435\u043d\u0442\u044b<\/strong> \u0432\u0435 <strong>ki\u015fisel ili\u015fki g\u00fcnleri<\/strong> gibi konular detayl\u0131 bir \u015fekilde belirtilmelidir. \u00d6rne\u011fin, \u00e7ocuk i\u00e7in belirlenen nafaka miktarlar\u0131, taraflar\u0131n mali durumlar\u0131na g\u00f6re ifade edilmelidir. Ayr\u0131ca, \u00e7ocukla olan ki\u015fisel ili\u015fki d\u00fczenlemeleri de net bir bi\u00e7imde a\u00e7\u0131klanmal\u0131d\u0131r; hangi g\u00fcnlerde ve saatlerde \u00e7ocuk kiminle birlikte olacak gibi detaylar, ileride ya\u015fanabilecek kar\u0131\u015f\u0131kl\u0131klar\u0131 \u00f6nlemek ad\u0131na protokole dahil edilmelidir.<\/p>\n<p>Taraflar\u0131n birbirleriyle olan maddi ve manevi ili\u015fkilerini netle\u015ftirmek i\u00e7in, <strong>ziynet e\u015fyalar\u0131<\/strong> \u0432\u0435 <strong>ta\u015f\u0131nmazlar<\/strong> gibi konularda da protokolde a\u00e7\u0131k\u00e7a ifadeler yer almal\u0131d\u0131r. Hangi varl\u0131klar\u0131n kimin olaca\u011f\u0131, ne t\u00fcr anla\u015fmalara var\u0131ld\u0131\u011f\u0131 gibi maddelerin de protokole i\u015flerlik kazand\u0131rmas\u0131 gerekmektedir. Bu, ileride \u00e7\u0131kabilecek anla\u015fmazl\u0131klara kar\u015f\u0131 \u00f6nlem almak i\u00e7in kritik \u00f6neme sahiptir.<\/p>\n<p>Bo\u015fanma protokol\u00fc haz\u0131rland\u0131ktan sonra, ilgili mahkemeye ba\u015fvuru s\u00fcreci de \u00f6nemli bir a\u015famad\u0131r. Anla\u015fmal\u0131 bo\u015fanma i\u00e7in, protokol ile birlikte bir dilek\u00e7e sunmak gerekmektedir. Mahkeme, sunulan protokole g\u00f6re gerekli de\u011ferlendirmeyi yaparak s\u00fcreci y\u00f6nlendirecektir. Bu sebeple, protokol\u00fcn hukuki ge\u00e7erlili\u011fi ve anla\u015f\u0131labilirli\u011fi mahkemenin onay s\u00fcrecinde b\u00fcy\u00fck rol oynamaktad\u0131r.<\/p>\n<p>Sonu\u00e7 olarak, bo\u015fanma s\u00fcrecinin en sa\u011fl\u0131kl\u0131 \u015fekilde sonu\u00e7lanabilmesi i\u00e7in bir avu kat\u0131n deste\u011fiyle haz\u0131rlanan anla\u015fmal\u0131 bo\u015fanma protokol\u00fc, taraflar\u0131n haklar\u0131n\u0131n korunmas\u0131na ve gelecekteki olas\u0131 sorunlar\u0131n \u00f6nlenmesine yard\u0131mc\u0131 olacakt\u0131r. B\u00f6ylece, her iki taraf da ki zor bir d\u00f6nemden daha az s\u0131k\u0131nt\u0131 ile \u00e7\u0131kmas\u0131n\u0131 sa\u011flayacakt\u0131r.<\/p>\n<h2 id=\"outro\">\u0441\u043b\u0435\u0434\u043e\u0432\u0430\u0442\u0435\u043b\u044c\u043d\u043e<\/h2>\n<p>Sonu\u00e7 olarak, anla\u015fmal\u0131 bo\u015fanma s\u00fcreci, ili\u015fkinin sona ererken taraflar aras\u0131nda belirli hususlar\u0131n a\u00e7\u0131k\u00e7a d\u00fczenlenmesi a\u00e7\u0131s\u0131ndan son derece \u00f6nemlidir. Bo\u015fanma protokol\u00fc, taraflar\u0131n haklar\u0131n\u0131 koruyacak \u015fekilde haz\u0131rlanmal\u0131 ve hukuki anlamda ge\u00e7erlili\u011fi sa\u011flanmal\u0131d\u0131r. Bu ba\u011flamda, protokol\u00fcn anla\u015f\u0131l\u0131r, hukuka uygun ve ahlaka riayet eden maddeler i\u00e7ermesi gerekmektedir. <\/p>\n<p>Bo\u015fanma protokol\u00fc haz\u0131rlan\u0131rken, \u00f6zellikle \u00e7ocuklar\u0131n velayeti, nafaka talepleri, ki\u015fisel ili\u015fki g\u00fcnleri gibi konular\u0131n detayl\u0131 bir \u015fekilde ele al\u0131nmas\u0131, ileride ortaya \u00e7\u0131kabilecek hukuki uyu\u015fmazl\u0131klar\u0131n \u00f6nlenmesi a\u00e7\u0131s\u0131ndan b\u00fcy\u00fck \u00f6nem ta\u015f\u0131maktad\u0131r. Ayr\u0131ca, maddelerin eksik ya da uygunsuz bir bi\u00e7imde d\u00fczenlenmesi, davan\u0131n reddi veya s\u00fcrecin uzamas\u0131 gibi olumsuz sonu\u00e7lar do\u011furabilir.<\/p>\n<p>Bu nedenle, bir avukattan profesyonel destek almak, protokol s\u00fcrecinin sa\u011fl\u0131kl\u0131 bir \u015fekilde ilerlemesi ve her iki taraf\u0131n da haklar\u0131n\u0131n korunmas\u0131 a\u00e7\u0131s\u0131ndan tavsiye edilmektedir. Anla\u015fmal\u0131 bo\u015fanma protokol\u00fc ile ilgili bu bilgiler, s\u00fcrecin daha verimli ve adil bir \u015fekilde y\u00fcr\u00fct\u00fclmesine katk\u0131 sa\u011flayacakt\u0131r. Gelecekte daha sa\u011fl\u0131kl\u0131 ili\u015fkilerin kurulmas\u0131na zemin haz\u0131rlamak ad\u0131na, taraflar\u0131n anla\u015fma noktas\u0131nda verdi\u011fi kararlar\u0131n ciddiyetle de\u011ferlendirilmesi \u00f6nemlidir.<\/p>\n\n\n<p><\/p>","protected":false},"excerpt":{"rendered":"<p>Anla\u015fmal\u0131 bo\u015fanma s\u00fcre\u00e7lerinde haz\u0131rlanan protokol\u00fcn \u00f6nemi b\u00fcy\u00fckt\u00fcr. Bu yaz\u0131da, protokol\u00fcn avukat yard\u0131m\u0131yla nas\u0131l haz\u0131rlanmas\u0131 gerekti\u011fi, maddelerin hukuka ve kamu d\u00fczenine uygunlu\u011fu \u00fczerinde durulmu\u015ftur. Taraflar aras\u0131ndaki anla\u015fman\u0131n a\u00e7\u0131k ve net bir \u015fekilde ifade edilmesi, ileride olu\u015fabilecek hukuki uyu\u015fmazl\u0131klar\u0131 \u00f6nlemektedir. Velayet, nafaka gibi konular\u0131n detayl\u0131 bir \u015fekilde protokole dahil edilmesi, s\u00fcrecin sorunsuz ilerlemesi a\u00e7\u0131s\u0131ndan kritik \u00f6neme sahiptir.<\/p>","protected":false},"author":4,"featured_media":15767,"comment_status":"open","ping_status":"open","sticky":false,"template":"","format":"standard","meta":{"_acf_changed":false,"footnotes":""},"categories":[22],"tags":[],"class_list":["post-15766","post","type-post","status-publish","format-standard","has-post-thumbnail","hentry","category-degerlendirme"],"acf":[],"yoast_head":"<!-- This site is optimized with the Yoast SEO Premium plugin v26.6 (Yoast SEO v27.1.1) - https:\/\/yoast.com\/product\/yoast-seo-premium-wordpress\/ -->\n<title>BO\u015eANMA PROTOKOL\u00dc nas\u0131l haz\u0131rlanmal\u0131? - Av. Deniz Can K\u0131z\u0131l<\/title>\n<meta name=\"robots\" content=\"index, follow, max-snippet:-1, max-image-preview:large, max-video-preview:-1\" \/>\n<link rel=\"canonical\" href=\"https:\/\/denizcankizil.tr\/ru\/koseyazilari\/degerlendirme\/bosanma-protokolu-nasil-hazirlanmali\/\" \/>\n<meta property=\"og:locale\" content=\"ru_RU\" \/>\n<meta property=\"og:type\" content=\"article\" \/>\n<meta property=\"og:title\" content=\"BO\u015eANMA PROTOKOL\u00dc nas\u0131l haz\u0131rlanmal\u0131?\" \/>\n<meta property=\"og:description\" content=\"Anla\u015fmal\u0131 bo\u015fanma s\u00fcre\u00e7lerinde haz\u0131rlanan protokol\u00fcn \u00f6nemi b\u00fcy\u00fckt\u00fcr. Bu yaz\u0131da, protokol\u00fcn avukat yard\u0131m\u0131yla nas\u0131l haz\u0131rlanmas\u0131 gerekti\u011fi, maddelerin hukuka ve kamu d\u00fczenine uygunlu\u011fu \u00fczerinde durulmu\u015ftur. Taraflar aras\u0131ndaki anla\u015fman\u0131n a\u00e7\u0131k ve net bir \u015fekilde ifade edilmesi, ileride olu\u015fabilecek hukuki uyu\u015fmazl\u0131klar\u0131 \u00f6nlemektedir. Velayet, nafaka gibi konular\u0131n detayl\u0131 bir \u015fekilde protokole dahil edilmesi, s\u00fcrecin sorunsuz ilerlemesi a\u00e7\u0131s\u0131ndan kritik \u00f6neme sahiptir.\" \/>\n<meta property=\"og:url\" content=\"https:\/\/denizcankizil.tr\/ru\/koseyazilari\/degerlendirme\/bosanma-protokolu-nasil-hazirlanmali\/\" \/>\n<meta property=\"og:site_name\" content=\"Av. Deniz Can K\u0131z\u0131l\" \/>\n<meta property=\"article:published_time\" content=\"2024-11-13T10:14:10+00:00\" \/>\n<meta property=\"article:modified_time\" content=\"2024-11-14T11:09:25+00:00\" \/>\n<meta property=\"og:image\" content=\"https:\/\/denizcankizil.tr\/wp-content\/uploads\/2024\/11\/15766-bosanma-protokolu-nasil-hazirlanmali.jpg\" \/>\n\t<meta property=\"og:image:width\" content=\"843\" \/>\n\t<meta property=\"og:image:height\" content=\"367\" \/>\n\t<meta property=\"og:image:type\" content=\"image\/jpeg\" \/>\n<meta name=\"author\" content=\"Av. Deniz Can K\u0131z\u0131l\" \/>\n<meta name=\"twitter:card\" content=\"summary_large_image\" \/>\n<meta name=\"twitter:label1\" content=\"\u041d\u0430\u043f\u0438\u0441\u0430\u043d\u043e \u0430\u0432\u0442\u043e\u0440\u043e\u043c\" \/>\n\t<meta name=\"twitter:data1\" content=\"Av. Deniz Can K\u0131z\u0131l\" \/>\n\t<meta name=\"twitter:label2\" content=\"\u041f\u0440\u0438\u043c\u0435\u0440\u043d\u043e\u0435 \u0432\u0440\u0435\u043c\u044f \u0434\u043b\u044f \u0447\u0442\u0435\u043d\u0438\u044f\" \/>\n\t<meta name=\"twitter:data2\" content=\"19 \u043c\u0438\u043d\u0443\u0442\" \/>\n<script type=\"application\/ld+json\" class=\"yoast-schema-graph\">{\"@context\":\"https:\/\/schema.org\",\"@graph\":[{\"@type\":\"Article\",\"@id\":\"https:\/\/denizcankizil.tr\/en\/koseyazilari\/degerlendirme\/bosanma-protokolu-nasil-hazirlanmali\/#article\",\"isPartOf\":{\"@id\":\"https:\/\/denizcankizil.tr\/en\/koseyazilari\/degerlendirme\/bosanma-protokolu-nasil-hazirlanmali\/\"},\"author\":{\"name\":\"Av. Deniz Can K\u0131z\u0131l\",\"@id\":\"https:\/\/denizcankizil.tr\/de\/#\/schema\/person\/5dc1b22991bd7ac833867c10afc9b0ff\"},\"headline\":\"BO\u015eANMA PROTOKOL\u00dc nas\u0131l haz\u0131rlanmal\u0131?\",\"datePublished\":\"2024-11-13T10:14:10+00:00\",\"dateModified\":\"2024-11-14T11:09:25+00:00\",\"mainEntityOfPage\":{\"@id\":\"https:\/\/denizcankizil.tr\/en\/koseyazilari\/degerlendirme\/bosanma-protokolu-nasil-hazirlanmali\/\"},\"wordCount\":3751,\"commentCount\":0,\"publisher\":{\"@id\":\"https:\/\/denizcankizil.tr\/de\/#organization\"},\"image\":{\"@id\":\"https:\/\/denizcankizil.tr\/en\/koseyazilari\/degerlendirme\/bosanma-protokolu-nasil-hazirlanmali\/#primaryimage\"},\"thumbnailUrl\":\"https:\/\/denizcankizil.tr\/wp-content\/uploads\/2024\/11\/15766-bosanma-protokolu-nasil-hazirlanmali.jpg\",\"articleSection\":[\"De\u011ferlendirme\"],\"inLanguage\":\"ru-RU\",\"potentialAction\":[{\"@type\":\"CommentAction\",\"name\":\"Comment\",\"target\":[\"https:\/\/denizcankizil.tr\/en\/koseyazilari\/degerlendirme\/bosanma-protokolu-nasil-hazirlanmali\/#respond\"]}]},{\"@type\":\"WebPage\",\"@id\":\"https:\/\/denizcankizil.tr\/en\/koseyazilari\/degerlendirme\/bosanma-protokolu-nasil-hazirlanmali\/\",\"url\":\"https:\/\/denizcankizil.tr\/en\/koseyazilari\/degerlendirme\/bosanma-protokolu-nasil-hazirlanmali\/\",\"name\":\"BO\u015eANMA PROTOKOL\u00dc nas\u0131l haz\u0131rlanmal\u0131? - Av. Deniz Can K\u0131z\u0131l\",\"isPartOf\":{\"@id\":\"https:\/\/denizcankizil.tr\/de\/#website\"},\"primaryImageOfPage\":{\"@id\":\"https:\/\/denizcankizil.tr\/en\/koseyazilari\/degerlendirme\/bosanma-protokolu-nasil-hazirlanmali\/#primaryimage\"},\"image\":{\"@id\":\"https:\/\/denizcankizil.tr\/en\/koseyazilari\/degerlendirme\/bosanma-protokolu-nasil-hazirlanmali\/#primaryimage\"},\"thumbnailUrl\":\"https:\/\/denizcankizil.tr\/wp-content\/uploads\/2024\/11\/15766-bosanma-protokolu-nasil-hazirlanmali.jpg\",\"datePublished\":\"2024-11-13T10:14:10+00:00\",\"dateModified\":\"2024-11-14T11:09:25+00:00\",\"breadcrumb\":{\"@id\":\"https:\/\/denizcankizil.tr\/en\/koseyazilari\/degerlendirme\/bosanma-protokolu-nasil-hazirlanmali\/#breadcrumb\"},\"inLanguage\":\"ru-RU\",\"potentialAction\":[{\"@type\":\"ReadAction\",\"target\":[\"https:\/\/denizcankizil.tr\/en\/koseyazilari\/degerlendirme\/bosanma-protokolu-nasil-hazirlanmali\/\"]}]},{\"@type\":\"ImageObject\",\"inLanguage\":\"ru-RU\",\"@id\":\"https:\/\/denizcankizil.tr\/en\/koseyazilari\/degerlendirme\/bosanma-protokolu-nasil-hazirlanmali\/#primaryimage\",\"url\":\"https:\/\/denizcankizil.tr\/wp-content\/uploads\/2024\/11\/15766-bosanma-protokolu-nasil-hazirlanmali.jpg\",\"contentUrl\":\"https:\/\/denizcankizil.tr\/wp-content\/uploads\/2024\/11\/15766-bosanma-protokolu-nasil-hazirlanmali.jpg\",\"width\":843,\"height\":367,\"caption\":\"BO\u015eANMA PROTOKOL\u00dc nas\u0131l haz\u0131rlanmal\u0131?\"},{\"@type\":\"BreadcrumbList\",\"@id\":\"https:\/\/denizcankizil.tr\/en\/koseyazilari\/degerlendirme\/bosanma-protokolu-nasil-hazirlanmali\/#breadcrumb\",\"itemListElement\":[{\"@type\":\"ListItem\",\"position\":1,\"name\":\"Home\",\"item\":\"https:\/\/denizcankizil.tr\/de\/\"},{\"@type\":\"ListItem\",\"position\":2,\"name\":\"BO\u015eANMA PROTOKOL\u00dc nas\u0131l haz\u0131rlanmal\u0131?\"}]},{\"@type\":\"WebSite\",\"@id\":\"https:\/\/denizcankizil.tr\/de\/#website\",\"url\":\"https:\/\/denizcankizil.tr\/de\/\",\"name\":\"Av. Deniz Can K\u0131z\u0131l\",\"description\":\"Avukat Deniz Can K\u0131z\u0131l Antalya Barosu\",\"publisher\":{\"@id\":\"https:\/\/denizcankizil.tr\/de\/#organization\"},\"potentialAction\":[{\"@type\":\"SearchAction\",\"target\":{\"@type\":\"EntryPoint\",\"urlTemplate\":\"https:\/\/denizcankizil.tr\/de\/?s={search_term_string}\"},\"query-input\":{\"@type\":\"PropertyValueSpecification\",\"valueRequired\":true,\"valueName\":\"search_term_string\"}}],\"inLanguage\":\"ru-RU\"},{\"@type\":\"Organization\",\"@id\":\"https:\/\/denizcankizil.tr\/de\/#organization\",\"name\":\"Av. Deniz Can K\u0131z\u0131l\",\"url\":\"https:\/\/denizcankizil.tr\/de\/\",\"logo\":{\"@type\":\"ImageObject\",\"inLanguage\":\"ru-RU\",\"@id\":\"https:\/\/denizcankizil.tr\/de\/#\/schema\/logo\/image\/\",\"url\":\"https:\/\/denizcankizil.tr\/wp-content\/uploads\/2024\/10\/siyah-logo-svg.svg\",\"contentUrl\":\"https:\/\/denizcankizil.tr\/wp-content\/uploads\/2024\/10\/siyah-logo-svg.svg\",\"width\":1080,\"height\":1080,\"caption\":\"Av. Deniz Can K\u0131z\u0131l\"},\"image\":{\"@id\":\"https:\/\/denizcankizil.tr\/de\/#\/schema\/logo\/image\/\"}},{\"@type\":\"Person\",\"@id\":\"https:\/\/denizcankizil.tr\/de\/#\/schema\/person\/5dc1b22991bd7ac833867c10afc9b0ff\",\"name\":\"Av. Deniz Can K\u0131z\u0131l\",\"image\":{\"@type\":\"ImageObject\",\"inLanguage\":\"ru-RU\",\"@id\":\"https:\/\/denizcankizil.tr\/de\/#\/schema\/person\/image\/\",\"url\":\"https:\/\/secure.gravatar.com\/avatar\/a0b128fb9855c79efc976d5640eedb31dc35ec297594d6016d2cf7c60e975bb6?s=96&d=mm&r=g\",\"contentUrl\":\"https:\/\/secure.gravatar.com\/avatar\/a0b128fb9855c79efc976d5640eedb31dc35ec297594d6016d2cf7c60e975bb6?s=96&d=mm&r=g\",\"caption\":\"Av. Deniz Can K\u0131z\u0131l\"},\"sameAs\":[\"http:\/\/www.denizcankizil.tr\"],\"url\":\"https:\/\/denizcankizil.tr\/ru\/author\/denizcankizil\/\"}]}<\/script>\n<!-- \/ Yoast SEO Premium plugin. -->","yoast_head_json":{"title":"BO\u015eANMA PROTOKOL\u00dc nas\u0131l haz\u0131rlanmal\u0131? - Av. Deniz Can K\u0131z\u0131l","robots":{"index":"index","follow":"follow","max-snippet":"max-snippet:-1","max-image-preview":"max-image-preview:large","max-video-preview":"max-video-preview:-1"},"canonical":"https:\/\/denizcankizil.tr\/ru\/koseyazilari\/degerlendirme\/bosanma-protokolu-nasil-hazirlanmali\/","og_locale":"ru_RU","og_type":"article","og_title":"BO\u015eANMA PROTOKOL\u00dc nas\u0131l haz\u0131rlanmal\u0131?","og_description":"Anla\u015fmal\u0131 bo\u015fanma s\u00fcre\u00e7lerinde haz\u0131rlanan protokol\u00fcn \u00f6nemi b\u00fcy\u00fckt\u00fcr. Bu yaz\u0131da, protokol\u00fcn avukat yard\u0131m\u0131yla nas\u0131l haz\u0131rlanmas\u0131 gerekti\u011fi, maddelerin hukuka ve kamu d\u00fczenine uygunlu\u011fu \u00fczerinde durulmu\u015ftur. Taraflar aras\u0131ndaki anla\u015fman\u0131n a\u00e7\u0131k ve net bir \u015fekilde ifade edilmesi, ileride olu\u015fabilecek hukuki uyu\u015fmazl\u0131klar\u0131 \u00f6nlemektedir. Velayet, nafaka gibi konular\u0131n detayl\u0131 bir \u015fekilde protokole dahil edilmesi, s\u00fcrecin sorunsuz ilerlemesi a\u00e7\u0131s\u0131ndan kritik \u00f6neme sahiptir.","og_url":"https:\/\/denizcankizil.tr\/ru\/koseyazilari\/degerlendirme\/bosanma-protokolu-nasil-hazirlanmali\/","og_site_name":"Av. Deniz Can K\u0131z\u0131l","article_published_time":"2024-11-13T10:14:10+00:00","article_modified_time":"2024-11-14T11:09:25+00:00","og_image":[{"width":843,"height":367,"url":"https:\/\/denizcankizil.tr\/wp-content\/uploads\/2024\/11\/15766-bosanma-protokolu-nasil-hazirlanmali.jpg","type":"image\/jpeg"}],"author":"Av. Deniz Can K\u0131z\u0131l","twitter_card":"summary_large_image","twitter_misc":{"\u041d\u0430\u043f\u0438\u0441\u0430\u043d\u043e \u0430\u0432\u0442\u043e\u0440\u043e\u043c":"Av. Deniz Can K\u0131z\u0131l","\u041f\u0440\u0438\u043c\u0435\u0440\u043d\u043e\u0435 \u0432\u0440\u0435\u043c\u044f \u0434\u043b\u044f \u0447\u0442\u0435\u043d\u0438\u044f":"19 \u043c\u0438\u043d\u0443\u0442"},"schema":{"@context":"https:\/\/schema.org","@graph":[{"@type":"Article","@id":"https:\/\/denizcankizil.tr\/en\/koseyazilari\/degerlendirme\/bosanma-protokolu-nasil-hazirlanmali\/#article","isPartOf":{"@id":"https:\/\/denizcankizil.tr\/en\/koseyazilari\/degerlendirme\/bosanma-protokolu-nasil-hazirlanmali\/"},"author":{"name":"Av. Deniz Can K\u0131z\u0131l","@id":"https:\/\/denizcankizil.tr\/de\/#\/schema\/person\/5dc1b22991bd7ac833867c10afc9b0ff"},"headline":"BO\u015eANMA PROTOKOL\u00dc nas\u0131l haz\u0131rlanmal\u0131?","datePublished":"2024-11-13T10:14:10+00:00","dateModified":"2024-11-14T11:09:25+00:00","mainEntityOfPage":{"@id":"https:\/\/denizcankizil.tr\/en\/koseyazilari\/degerlendirme\/bosanma-protokolu-nasil-hazirlanmali\/"},"wordCount":3751,"commentCount":0,"publisher":{"@id":"https:\/\/denizcankizil.tr\/de\/#organization"},"image":{"@id":"https:\/\/denizcankizil.tr\/en\/koseyazilari\/degerlendirme\/bosanma-protokolu-nasil-hazirlanmali\/#primaryimage"},"thumbnailUrl":"https:\/\/denizcankizil.tr\/wp-content\/uploads\/2024\/11\/15766-bosanma-protokolu-nasil-hazirlanmali.jpg","articleSection":["De\u011ferlendirme"],"inLanguage":"ru-RU","potentialAction":[{"@type":"CommentAction","name":"Comment","target":["https:\/\/denizcankizil.tr\/en\/koseyazilari\/degerlendirme\/bosanma-protokolu-nasil-hazirlanmali\/#respond"]}]},{"@type":"WebPage","@id":"https:\/\/denizcankizil.tr\/en\/koseyazilari\/degerlendirme\/bosanma-protokolu-nasil-hazirlanmali\/","url":"https:\/\/denizcankizil.tr\/en\/koseyazilari\/degerlendirme\/bosanma-protokolu-nasil-hazirlanmali\/","name":"BO\u015eANMA PROTOKOL\u00dc nas\u0131l haz\u0131rlanmal\u0131? - Av. Deniz Can K\u0131z\u0131l","isPartOf":{"@id":"https:\/\/denizcankizil.tr\/de\/#website"},"primaryImageOfPage":{"@id":"https:\/\/denizcankizil.tr\/en\/koseyazilari\/degerlendirme\/bosanma-protokolu-nasil-hazirlanmali\/#primaryimage"},"image":{"@id":"https:\/\/denizcankizil.tr\/en\/koseyazilari\/degerlendirme\/bosanma-protokolu-nasil-hazirlanmali\/#primaryimage"},"thumbnailUrl":"https:\/\/denizcankizil.tr\/wp-content\/uploads\/2024\/11\/15766-bosanma-protokolu-nasil-hazirlanmali.jpg","datePublished":"2024-11-13T10:14:10+00:00","dateModified":"2024-11-14T11:09:25+00:00","breadcrumb":{"@id":"https:\/\/denizcankizil.tr\/en\/koseyazilari\/degerlendirme\/bosanma-protokolu-nasil-hazirlanmali\/#breadcrumb"},"inLanguage":"ru-RU","potentialAction":[{"@type":"ReadAction","target":["https:\/\/denizcankizil.tr\/en\/koseyazilari\/degerlendirme\/bosanma-protokolu-nasil-hazirlanmali\/"]}]},{"@type":"ImageObject","inLanguage":"ru-RU","@id":"https:\/\/denizcankizil.tr\/en\/koseyazilari\/degerlendirme\/bosanma-protokolu-nasil-hazirlanmali\/#primaryimage","url":"https:\/\/denizcankizil.tr\/wp-content\/uploads\/2024\/11\/15766-bosanma-protokolu-nasil-hazirlanmali.jpg","contentUrl":"https:\/\/denizcankizil.tr\/wp-content\/uploads\/2024\/11\/15766-bosanma-protokolu-nasil-hazirlanmali.jpg","width":843,"height":367,"caption":"BO\u015eANMA PROTOKOL\u00dc nas\u0131l haz\u0131rlanmal\u0131?"},{"@type":"BreadcrumbList","@id":"https:\/\/denizcankizil.tr\/en\/koseyazilari\/degerlendirme\/bosanma-protokolu-nasil-hazirlanmali\/#breadcrumb","itemListElement":[{"@type":"ListItem","position":1,"name":"Home","item":"https:\/\/denizcankizil.tr\/de\/"},{"@type":"ListItem","position":2,"name":"BO\u015eANMA PROTOKOL\u00dc nas\u0131l haz\u0131rlanmal\u0131?"}]},{"@type":"WebSite","@id":"https:\/\/denizcankizil.tr\/de\/#website","url":"https:\/\/denizcankizil.tr\/de\/","name":"Av. Deniz Can K\u0131z\u0131l","description":"Avukat Deniz Can K\u0131z\u0131l Antalya Barosu","publisher":{"@id":"https:\/\/denizcankizil.tr\/de\/#organization"},"potentialAction":[{"@type":"SearchAction","target":{"@type":"EntryPoint","urlTemplate":"https:\/\/denizcankizil.tr\/de\/?s={search_term_string}"},"query-input":{"@type":"PropertyValueSpecification","valueRequired":true,"valueName":"search_term_string"}}],"inLanguage":"ru-RU"},{"@type":"Organization","@id":"https:\/\/denizcankizil.tr\/de\/#organization","name":"Av. Deniz Can K\u0131z\u0131l","url":"https:\/\/denizcankizil.tr\/de\/","logo":{"@type":"ImageObject","inLanguage":"ru-RU","@id":"https:\/\/denizcankizil.tr\/de\/#\/schema\/logo\/image\/","url":"https:\/\/denizcankizil.tr\/wp-content\/uploads\/2024\/10\/siyah-logo-svg.svg","contentUrl":"https:\/\/denizcankizil.tr\/wp-content\/uploads\/2024\/10\/siyah-logo-svg.svg","width":1080,"height":1080,"caption":"Av. Deniz Can K\u0131z\u0131l"},"image":{"@id":"https:\/\/denizcankizil.tr\/de\/#\/schema\/logo\/image\/"}},{"@type":"Person","@id":"https:\/\/denizcankizil.tr\/de\/#\/schema\/person\/5dc1b22991bd7ac833867c10afc9b0ff","name":"Av. Deniz Can K\u0131z\u0131l","image":{"@type":"ImageObject","inLanguage":"ru-RU","@id":"https:\/\/denizcankizil.tr\/de\/#\/schema\/person\/image\/","url":"https:\/\/secure.gravatar.com\/avatar\/a0b128fb9855c79efc976d5640eedb31dc35ec297594d6016d2cf7c60e975bb6?s=96&d=mm&r=g","contentUrl":"https:\/\/secure.gravatar.com\/avatar\/a0b128fb9855c79efc976d5640eedb31dc35ec297594d6016d2cf7c60e975bb6?s=96&d=mm&r=g","caption":"Av. Deniz Can K\u0131z\u0131l"},"sameAs":["http:\/\/www.denizcankizil.tr"],"url":"https:\/\/denizcankizil.tr\/ru\/author\/denizcankizil\/"}]}},"_links":{"self":[{"href":"https:\/\/denizcankizil.tr\/ru\/wp-json\/wp\/v2\/posts\/15766","targetHints":{"allow":["GET"]}}],"collection":[{"href":"https:\/\/denizcankizil.tr\/ru\/wp-json\/wp\/v2\/posts"}],"about":[{"href":"https:\/\/denizcankizil.tr\/ru\/wp-json\/wp\/v2\/types\/post"}],"author":[{"embeddable":true,"href":"https:\/\/denizcankizil.tr\/ru\/wp-json\/wp\/v2\/users\/4"}],"replies":[{"embeddable":true,"href":"https:\/\/denizcankizil.tr\/ru\/wp-json\/wp\/v2\/comments?post=15766"}],"version-history":[{"count":1,"href":"https:\/\/denizcankizil.tr\/ru\/wp-json\/wp\/v2\/posts\/15766\/revisions"}],"predecessor-version":[{"id":15873,"href":"https:\/\/denizcankizil.tr\/ru\/wp-json\/wp\/v2\/posts\/15766\/revisions\/15873"}],"wp:featuredmedia":[{"embeddable":true,"href":"https:\/\/denizcankizil.tr\/ru\/wp-json\/wp\/v2\/media\/15767"}],"wp:attachment":[{"href":"https:\/\/denizcankizil.tr\/ru\/wp-json\/wp\/v2\/media?parent=15766"}],"wp:term":[{"taxonomy":"category","embeddable":true,"href":"https:\/\/denizcankizil.tr\/ru\/wp-json\/wp\/v2\/categories?post=15766"},{"taxonomy":"post_tag","embeddable":true,"href":"https:\/\/denizcankizil.tr\/ru\/wp-json\/wp\/v2\/tags?post=15766"}],"curies":[{"name":"wp","href":"https:\/\/api.w.org\/{rel}","templated":true}]}}