{"id":15663,"date":"2024-11-12T13:43:07","date_gmt":"2024-11-12T10:43:07","guid":{"rendered":"https:\/\/denizcankizil.tr\/uncategorized-tr\/igcden-kaymakam-ondere-hayirli-olsun-ziyareti\/"},"modified":"2024-11-12T13:43:07","modified_gmt":"2024-11-12T10:43:07","slug":"igcden-kaymakam-ondere-hayirli-olsun-ziyareti","status":"publish","type":"post","link":"https:\/\/denizcankizil.tr\/ru\/haberler\/gundem\/igcden-kaymakam-ondere-hayirli-olsun-ziyareti\/","title":{"rendered":"\u0130GC&#8217;den Kaymakam \u00d6nder\u2019e &#8220;Hay\u0131rl\u0131 Olsun&#8221; Ziyareti\u2026"},"content":{"rendered":"<p>Kaymakaml\u0131k toplant\u0131 salonunda bas\u0131n mensuplar\u0131n\u0131 a\u011f\u0131rlad\u0131\u011f\u0131 Ziyarette, \u0130GC Ba\u015fkan\u0131 Diyap Atar, yeni g\u00f6revinde ba\u015far\u0131lar diledi\u011fi Kaymakam Muhammet \u00d6nder\u2019in tecr\u00fcbeleriyle, depremin yaratt\u0131\u011f\u0131 zorluklar\u0131 hep birlikte a\u015facaklar\u0131na ve bu s\u00fcrecin y\u00f6netiminde \u00f6nemli katk\u0131lar sa\u011flayaca\u011f\u0131na inand\u0131\u011f\u0131n\u0131 s\u00f6yledi.<\/p>\n<p>Kaymakam Muhammet \u00d6nder ise nazik ziyaretlerinden dolay\u0131 \u0130GC Ba\u015fkan\u0131 Diyap Atar\u2019a ve t\u00fcm gazetecilere te\u015fekk\u00fcr etti. \u0130skenderun\u2019un tarihi ve k\u00fclt\u00fcrel zenginliklerine vurgu yapan \u00d6nder, &#8220;\u0130skenderun, bir\u00e7ok \u00f6zelli\u011fi ile \u00f6nemli bir kent. Depremin ard\u0131ndan yap\u0131lmas\u0131 gerekenler konusunda, bas\u0131n mensuplar\u0131m\u0131zla fikir al\u0131\u015fveri\u015finde bulunmak benim i\u00e7in \u00e7ok \u00f6nemli. Bu s\u00fcre\u00e7te t\u00fcm kamu kurumlar\u0131yla birlikte elimizden geleni yapaca\u011f\u0131z&#8221; dedi.<\/p>\n<p>Ziyaret s\u0131ras\u0131nda, Kaymakam \u00d6nder gazetecilerle tek tek tan\u0131\u015farak g\u00f6rev alanlar\u0131 hakk\u0131nda bilgi ald\u0131. Ayr\u0131ca, depremin ard\u0131ndan \u0130skenderun\u2019da \u00f6ncelikli olarak ele al\u0131nmas\u0131 gereken konulara dair d\u00fc\u015f\u00fcncelerini payla\u015ft\u0131 ve g\u00fc\u00e7l\u00fc bir dayan\u0131\u015fma ruhu olu\u015fturman\u0131n \u00f6nemine de\u011findi. Ziyaret, \u00a0Kaymakaml\u0131k binas\u0131 \u00f6n\u00fcnde toplu hat\u0131ra foto\u011fraf\u0131 \u00e7ekimiyle son buldu.<\/p>\n<p>\u200b\u0130skenderun\u2019a yeni atanan Kaymakam Muhammet \u00d6nder, tebrik ve hay\u0131rl\u0131 olsun ziyaretlerini kabul etmeye devam ediyor. Bu kapsamda, \u0130skenderun Gazeteciler Cemiyeti Ba\u015fkan\u0131 Diyap Atar ve cemiyet \u00fcyeleri, Kaymakam \u00d6nder\u2019i makam\u0131nda ziyaret ederek, yeni g\u00f6revinde ba\u015far\u0131 dileklerini iletti.\u00a0<\/p>\n<p>\u200bHaberin Al\u0131nt\u0131land\u0131\u011f\u0131 Kaynak: www.iskenderun.org<\/p>","protected":false},"excerpt":{"rendered":"<p>Kaymakaml\u0131k toplant\u0131 salonunda bas\u0131n mensuplar\u0131n\u0131 a\u011f\u0131rlad\u0131\u011f\u0131 Ziyarette, \u0130GC Ba\u015fkan\u0131 Diyap Atar, yeni g\u00f6revinde ba\u015far\u0131lar diledi\u011fi Kaymakam Muhammet \u00d6nder\u2019in tecr\u00fcbeleriyle, depremin yaratt\u0131\u011f\u0131 zorluklar\u0131 hep birlikte a\u015facaklar\u0131na ve bu s\u00fcrecin y\u00f6netiminde \u00f6nemli katk\u0131lar sa\u011flayaca\u011f\u0131na inand\u0131\u011f\u0131n\u0131 s\u00f6yledi. Kaymakam Muhammet \u00d6nder ise nazik ziyaretlerinden dolay\u0131 \u0130GC Ba\u015fkan\u0131 Diyap Atar\u2019a ve t\u00fcm gazetecilere te\u015fekk\u00fcr etti. \u0130skenderun\u2019un tarihi ve k\u00fclt\u00fcrel zenginliklerine vurgu yapan \u00d6nder, &#8220;\u0130skenderun, bir\u00e7ok \u00f6zelli\u011fi ile \u00f6nemli bir kent. Depremin ard\u0131ndan yap\u0131lmas\u0131 gerekenler konusunda, bas\u0131n mensuplar\u0131m\u0131zla fikir al\u0131\u015fveri\u015finde bulunmak benim i\u00e7in \u00e7ok \u00f6nemli. Bu s\u00fcre\u00e7te t\u00fcm kamu kurumlar\u0131yla birlikte elimizden geleni yapaca\u011f\u0131z&#8221; dedi. Ziyaret s\u0131ras\u0131nda, Kaymakam \u00d6nder gazetecilerle tek tek tan\u0131\u015farak g\u00f6rev alanlar\u0131 hakk\u0131nda bilgi ald\u0131. Ayr\u0131ca, depremin ard\u0131ndan \u0130skenderun\u2019da \u00f6ncelikli olarak ele al\u0131nmas\u0131 gereken konulara dair d\u00fc\u015f\u00fcncelerini payla\u015ft\u0131 ve g\u00fc\u00e7l\u00fc bir dayan\u0131\u015fma ruhu olu\u015fturman\u0131n \u00f6nemine de\u011findi. Ziyaret, \u00a0Kaymakaml\u0131k binas\u0131 \u00f6n\u00fcnde toplu hat\u0131ra foto\u011fraf\u0131 \u00e7ekimiyle son buldu. \u200b\u0130skenderun\u2019a yeni atanan Kaymakam Muhammet \u00d6nder, tebrik ve hay\u0131rl\u0131 olsun ziyaretlerini kabul etmeye devam ediyor. Bu kapsamda, \u0130skenderun Gazeteciler Cemiyeti Ba\u015fkan\u0131 Diyap Atar ve cemiyet \u00fcyeleri, Kaymakam \u00d6nder\u2019i makam\u0131nda ziyaret ederek, yeni g\u00f6revinde ba\u015far\u0131 dileklerini iletti.\u00a0 \u200bHaberin Al\u0131nt\u0131land\u0131\u011f\u0131 Kaynak: www.iskenderun.org<\/p>","protected":false},"author":0,"featured_media":0,"comment_status":"open","ping_status":"open","sticky":false,"template":"","format":"standard","meta":{"_acf_changed":false,"footnotes":""},"categories":[24,535],"tags":[],"class_list":["post-15663","post","type-post","status-publish","format-standard","has-post-thumbnail","hentry","category-gundem","category-uncategorized-tr"],"acf":[],"yoast_head":"<!-- This site is optimized with the Yoast SEO Premium plugin v26.6 (Yoast SEO v27.1.1) - https:\/\/yoast.com\/product\/yoast-seo-premium-wordpress\/ -->\n<title>\u0130GC&#039;den Kaymakam \u00d6nder\u2019e &quot;Hay\u0131rl\u0131 Olsun&quot; Ziyareti\u2026 - Av. Deniz Can K\u0131z\u0131l<\/title>\n<meta name=\"robots\" content=\"index, follow, max-snippet:-1, max-image-preview:large, max-video-preview:-1\" \/>\n<link rel=\"canonical\" href=\"https:\/\/denizcankizil.tr\/ru\/haberler\/gundem\/igcden-kaymakam-ondere-hayirli-olsun-ziyareti\/\" \/>\n<meta property=\"og:locale\" content=\"ru_RU\" \/>\n<meta property=\"og:type\" content=\"article\" \/>\n<meta property=\"og:title\" content=\"\u0130GC&#039;den Kaymakam \u00d6nder\u2019e &quot;Hay\u0131rl\u0131 Olsun&quot; Ziyareti\u2026\" \/>\n<meta property=\"og:description\" content=\"Kaymakaml\u0131k toplant\u0131 salonunda bas\u0131n mensuplar\u0131n\u0131 a\u011f\u0131rlad\u0131\u011f\u0131 Ziyarette, \u0130GC Ba\u015fkan\u0131 Diyap Atar, yeni g\u00f6revinde ba\u015far\u0131lar diledi\u011fi Kaymakam Muhammet \u00d6nder\u2019in tecr\u00fcbeleriyle, depremin yaratt\u0131\u011f\u0131 zorluklar\u0131 hep birlikte a\u015facaklar\u0131na ve bu s\u00fcrecin y\u00f6netiminde \u00f6nemli katk\u0131lar sa\u011flayaca\u011f\u0131na inand\u0131\u011f\u0131n\u0131 s\u00f6yledi. Kaymakam Muhammet \u00d6nder ise nazik ziyaretlerinden dolay\u0131 \u0130GC Ba\u015fkan\u0131 Diyap Atar\u2019a ve t\u00fcm gazetecilere te\u015fekk\u00fcr etti. \u0130skenderun\u2019un tarihi ve k\u00fclt\u00fcrel zenginliklerine vurgu yapan \u00d6nder, &#8220;\u0130skenderun, bir\u00e7ok \u00f6zelli\u011fi ile \u00f6nemli bir kent. Depremin ard\u0131ndan yap\u0131lmas\u0131 gerekenler konusunda, bas\u0131n mensuplar\u0131m\u0131zla fikir al\u0131\u015fveri\u015finde bulunmak benim i\u00e7in \u00e7ok \u00f6nemli. Bu s\u00fcre\u00e7te t\u00fcm kamu kurumlar\u0131yla birlikte elimizden geleni yapaca\u011f\u0131z&#8221; dedi. Ziyaret s\u0131ras\u0131nda, Kaymakam \u00d6nder gazetecilerle tek tek tan\u0131\u015farak g\u00f6rev alanlar\u0131 hakk\u0131nda bilgi ald\u0131. Ayr\u0131ca, depremin ard\u0131ndan \u0130skenderun\u2019da \u00f6ncelikli olarak ele al\u0131nmas\u0131 gereken konulara dair d\u00fc\u015f\u00fcncelerini payla\u015ft\u0131 ve g\u00fc\u00e7l\u00fc bir dayan\u0131\u015fma ruhu olu\u015fturman\u0131n \u00f6nemine de\u011findi. Ziyaret, \u00a0Kaymakaml\u0131k binas\u0131 \u00f6n\u00fcnde toplu hat\u0131ra foto\u011fraf\u0131 \u00e7ekimiyle son buldu. \u200b\u0130skenderun\u2019a yeni atanan Kaymakam Muhammet \u00d6nder, tebrik ve hay\u0131rl\u0131 olsun ziyaretlerini kabul etmeye devam ediyor. Bu kapsamda, \u0130skenderun Gazeteciler Cemiyeti Ba\u015fkan\u0131 Diyap Atar ve cemiyet \u00fcyeleri, Kaymakam \u00d6nder\u2019i makam\u0131nda ziyaret ederek, yeni g\u00f6revinde ba\u015far\u0131 dileklerini iletti.\u00a0 \u200bHaberin Al\u0131nt\u0131land\u0131\u011f\u0131 Kaynak: www.iskenderun.org\" \/>\n<meta property=\"og:url\" content=\"https:\/\/denizcankizil.tr\/ru\/haberler\/gundem\/igcden-kaymakam-ondere-hayirli-olsun-ziyareti\/\" \/>\n<meta property=\"og:site_name\" content=\"Av. Deniz Can K\u0131z\u0131l\" \/>\n<meta property=\"article:published_time\" content=\"2024-11-12T10:43:07+00:00\" \/>\n<meta name=\"twitter:card\" content=\"summary_large_image\" \/>\n<meta name=\"twitter:label1\" content=\"\u041f\u0440\u0438\u043c\u0435\u0440\u043d\u043e\u0435 \u0432\u0440\u0435\u043c\u044f \u0434\u043b\u044f \u0447\u0442\u0435\u043d\u0438\u044f\" \/>\n\t<meta name=\"twitter:data1\" content=\"1 \u043c\u0438\u043d\u0443\u0442\u0430\" \/>\n<script type=\"application\/ld+json\" class=\"yoast-schema-graph\">{\"@context\":\"https:\/\/schema.org\",\"@graph\":[{\"@type\":\"Article\",\"@id\":\"https:\/\/denizcankizil.tr\/ru\/haberler\/gundem\/igcden-kaymakam-ondere-hayirli-olsun-ziyareti\/#article\",\"isPartOf\":{\"@id\":\"https:\/\/denizcankizil.tr\/ru\/haberler\/gundem\/igcden-kaymakam-ondere-hayirli-olsun-ziyareti\/\"},\"author\":{\"name\":\"\",\"@id\":\"\"},\"headline\":\"\u0130GC&#8217;den Kaymakam \u00d6nder\u2019e &#8220;Hay\u0131rl\u0131 Olsun&#8221; Ziyareti\u2026\",\"datePublished\":\"2024-11-12T10:43:07+00:00\",\"mainEntityOfPage\":{\"@id\":\"https:\/\/denizcankizil.tr\/ru\/haberler\/gundem\/igcden-kaymakam-ondere-hayirli-olsun-ziyareti\/\"},\"wordCount\":256,\"commentCount\":0,\"publisher\":{\"@id\":\"https:\/\/denizcankizil.tr\/de\/#organization\"},\"articleSection\":[\"G\u00fcndem\",\"Uncategorized\"],\"inLanguage\":\"ru-RU\",\"potentialAction\":[{\"@type\":\"CommentAction\",\"name\":\"Comment\",\"target\":[\"https:\/\/denizcankizil.tr\/ru\/haberler\/gundem\/igcden-kaymakam-ondere-hayirli-olsun-ziyareti\/#respond\"]}]},{\"@type\":\"WebPage\",\"@id\":\"https:\/\/denizcankizil.tr\/ru\/haberler\/gundem\/igcden-kaymakam-ondere-hayirli-olsun-ziyareti\/\",\"url\":\"https:\/\/denizcankizil.tr\/ru\/haberler\/gundem\/igcden-kaymakam-ondere-hayirli-olsun-ziyareti\/\",\"name\":\"\u0130GC'den Kaymakam \u00d6nder\u2019e \\\"Hay\u0131rl\u0131 Olsun\\\" Ziyareti\u2026 - Av. Deniz Can K\u0131z\u0131l\",\"isPartOf\":{\"@id\":\"https:\/\/denizcankizil.tr\/de\/#website\"},\"datePublished\":\"2024-11-12T10:43:07+00:00\",\"breadcrumb\":{\"@id\":\"https:\/\/denizcankizil.tr\/ru\/haberler\/gundem\/igcden-kaymakam-ondere-hayirli-olsun-ziyareti\/#breadcrumb\"},\"inLanguage\":\"ru-RU\",\"potentialAction\":[{\"@type\":\"ReadAction\",\"target\":[\"https:\/\/denizcankizil.tr\/ru\/haberler\/gundem\/igcden-kaymakam-ondere-hayirli-olsun-ziyareti\/\"]}]},{\"@type\":\"BreadcrumbList\",\"@id\":\"https:\/\/denizcankizil.tr\/ru\/haberler\/gundem\/igcden-kaymakam-ondere-hayirli-olsun-ziyareti\/#breadcrumb\",\"itemListElement\":[{\"@type\":\"ListItem\",\"position\":1,\"name\":\"Home\",\"item\":\"https:\/\/denizcankizil.tr\/de\/\"},{\"@type\":\"ListItem\",\"position\":2,\"name\":\"\u0130GC&#8217;den Kaymakam \u00d6nder\u2019e &#8220;Hay\u0131rl\u0131 Olsun&#8221; Ziyareti\u2026\"}]},{\"@type\":\"WebSite\",\"@id\":\"https:\/\/denizcankizil.tr\/de\/#website\",\"url\":\"https:\/\/denizcankizil.tr\/de\/\",\"name\":\"Av. Deniz Can K\u0131z\u0131l\",\"description\":\"Avukat Deniz Can K\u0131z\u0131l Antalya Barosu\",\"publisher\":{\"@id\":\"https:\/\/denizcankizil.tr\/de\/#organization\"},\"potentialAction\":[{\"@type\":\"SearchAction\",\"target\":{\"@type\":\"EntryPoint\",\"urlTemplate\":\"https:\/\/denizcankizil.tr\/de\/?s={search_term_string}\"},\"query-input\":{\"@type\":\"PropertyValueSpecification\",\"valueRequired\":true,\"valueName\":\"search_term_string\"}}],\"inLanguage\":\"ru-RU\"},{\"@type\":\"Organization\",\"@id\":\"https:\/\/denizcankizil.tr\/de\/#organization\",\"name\":\"Av. Deniz Can K\u0131z\u0131l\",\"url\":\"https:\/\/denizcankizil.tr\/de\/\",\"logo\":{\"@type\":\"ImageObject\",\"inLanguage\":\"ru-RU\",\"@id\":\"https:\/\/denizcankizil.tr\/de\/#\/schema\/logo\/image\/\",\"url\":\"https:\/\/denizcankizil.tr\/wp-content\/uploads\/2024\/10\/siyah-logo-svg.svg\",\"contentUrl\":\"https:\/\/denizcankizil.tr\/wp-content\/uploads\/2024\/10\/siyah-logo-svg.svg\",\"width\":1080,\"height\":1080,\"caption\":\"Av. Deniz Can K\u0131z\u0131l\"},\"image\":{\"@id\":\"https:\/\/denizcankizil.tr\/de\/#\/schema\/logo\/image\/\"}}]}<\/script>\n<!-- \/ Yoast SEO Premium plugin. -->","yoast_head_json":{"title":"\u0130GC'den Kaymakam \u00d6nder\u2019e \"Hay\u0131rl\u0131 Olsun\" Ziyareti\u2026 - Av. Deniz Can K\u0131z\u0131l","robots":{"index":"index","follow":"follow","max-snippet":"max-snippet:-1","max-image-preview":"max-image-preview:large","max-video-preview":"max-video-preview:-1"},"canonical":"https:\/\/denizcankizil.tr\/ru\/haberler\/gundem\/igcden-kaymakam-ondere-hayirli-olsun-ziyareti\/","og_locale":"ru_RU","og_type":"article","og_title":"\u0130GC'den Kaymakam \u00d6nder\u2019e \"Hay\u0131rl\u0131 Olsun\" Ziyareti\u2026","og_description":"Kaymakaml\u0131k toplant\u0131 salonunda bas\u0131n mensuplar\u0131n\u0131 a\u011f\u0131rlad\u0131\u011f\u0131 Ziyarette, \u0130GC Ba\u015fkan\u0131 Diyap Atar, yeni g\u00f6revinde ba\u015far\u0131lar diledi\u011fi Kaymakam Muhammet \u00d6nder\u2019in tecr\u00fcbeleriyle, depremin yaratt\u0131\u011f\u0131 zorluklar\u0131 hep birlikte a\u015facaklar\u0131na ve bu s\u00fcrecin y\u00f6netiminde \u00f6nemli katk\u0131lar sa\u011flayaca\u011f\u0131na inand\u0131\u011f\u0131n\u0131 s\u00f6yledi. Kaymakam Muhammet \u00d6nder ise nazik ziyaretlerinden dolay\u0131 \u0130GC Ba\u015fkan\u0131 Diyap Atar\u2019a ve t\u00fcm gazetecilere te\u015fekk\u00fcr etti. \u0130skenderun\u2019un tarihi ve k\u00fclt\u00fcrel zenginliklerine vurgu yapan \u00d6nder, &#8220;\u0130skenderun, bir\u00e7ok \u00f6zelli\u011fi ile \u00f6nemli bir kent. Depremin ard\u0131ndan yap\u0131lmas\u0131 gerekenler konusunda, bas\u0131n mensuplar\u0131m\u0131zla fikir al\u0131\u015fveri\u015finde bulunmak benim i\u00e7in \u00e7ok \u00f6nemli. Bu s\u00fcre\u00e7te t\u00fcm kamu kurumlar\u0131yla birlikte elimizden geleni yapaca\u011f\u0131z&#8221; dedi. Ziyaret s\u0131ras\u0131nda, Kaymakam \u00d6nder gazetecilerle tek tek tan\u0131\u015farak g\u00f6rev alanlar\u0131 hakk\u0131nda bilgi ald\u0131. Ayr\u0131ca, depremin ard\u0131ndan \u0130skenderun\u2019da \u00f6ncelikli olarak ele al\u0131nmas\u0131 gereken konulara dair d\u00fc\u015f\u00fcncelerini payla\u015ft\u0131 ve g\u00fc\u00e7l\u00fc bir dayan\u0131\u015fma ruhu olu\u015fturman\u0131n \u00f6nemine de\u011findi. Ziyaret, \u00a0Kaymakaml\u0131k binas\u0131 \u00f6n\u00fcnde toplu hat\u0131ra foto\u011fraf\u0131 \u00e7ekimiyle son buldu. \u200b\u0130skenderun\u2019a yeni atanan Kaymakam Muhammet \u00d6nder, tebrik ve hay\u0131rl\u0131 olsun ziyaretlerini kabul etmeye devam ediyor. Bu kapsamda, \u0130skenderun Gazeteciler Cemiyeti Ba\u015fkan\u0131 Diyap Atar ve cemiyet \u00fcyeleri, Kaymakam \u00d6nder\u2019i makam\u0131nda ziyaret ederek, yeni g\u00f6revinde ba\u015far\u0131 dileklerini iletti.\u00a0 \u200bHaberin Al\u0131nt\u0131land\u0131\u011f\u0131 Kaynak: www.iskenderun.org","og_url":"https:\/\/denizcankizil.tr\/ru\/haberler\/gundem\/igcden-kaymakam-ondere-hayirli-olsun-ziyareti\/","og_site_name":"Av. Deniz Can K\u0131z\u0131l","article_published_time":"2024-11-12T10:43:07+00:00","twitter_card":"summary_large_image","twitter_misc":{"\u041f\u0440\u0438\u043c\u0435\u0440\u043d\u043e\u0435 \u0432\u0440\u0435\u043c\u044f \u0434\u043b\u044f \u0447\u0442\u0435\u043d\u0438\u044f":"1 \u043c\u0438\u043d\u0443\u0442\u0430"},"schema":{"@context":"https:\/\/schema.org","@graph":[{"@type":"Article","@id":"https:\/\/denizcankizil.tr\/ru\/haberler\/gundem\/igcden-kaymakam-ondere-hayirli-olsun-ziyareti\/#article","isPartOf":{"@id":"https:\/\/denizcankizil.tr\/ru\/haberler\/gundem\/igcden-kaymakam-ondere-hayirli-olsun-ziyareti\/"},"author":{"name":"","@id":""},"headline":"\u0130GC&#8217;den Kaymakam \u00d6nder\u2019e &#8220;Hay\u0131rl\u0131 Olsun&#8221; Ziyareti\u2026","datePublished":"2024-11-12T10:43:07+00:00","mainEntityOfPage":{"@id":"https:\/\/denizcankizil.tr\/ru\/haberler\/gundem\/igcden-kaymakam-ondere-hayirli-olsun-ziyareti\/"},"wordCount":256,"commentCount":0,"publisher":{"@id":"https:\/\/denizcankizil.tr\/de\/#organization"},"articleSection":["G\u00fcndem","Uncategorized"],"inLanguage":"ru-RU","potentialAction":[{"@type":"CommentAction","name":"Comment","target":["https:\/\/denizcankizil.tr\/ru\/haberler\/gundem\/igcden-kaymakam-ondere-hayirli-olsun-ziyareti\/#respond"]}]},{"@type":"WebPage","@id":"https:\/\/denizcankizil.tr\/ru\/haberler\/gundem\/igcden-kaymakam-ondere-hayirli-olsun-ziyareti\/","url":"https:\/\/denizcankizil.tr\/ru\/haberler\/gundem\/igcden-kaymakam-ondere-hayirli-olsun-ziyareti\/","name":"\u0130GC'den Kaymakam \u00d6nder\u2019e \"Hay\u0131rl\u0131 Olsun\" Ziyareti\u2026 - Av. Deniz Can K\u0131z\u0131l","isPartOf":{"@id":"https:\/\/denizcankizil.tr\/de\/#website"},"datePublished":"2024-11-12T10:43:07+00:00","breadcrumb":{"@id":"https:\/\/denizcankizil.tr\/ru\/haberler\/gundem\/igcden-kaymakam-ondere-hayirli-olsun-ziyareti\/#breadcrumb"},"inLanguage":"ru-RU","potentialAction":[{"@type":"ReadAction","target":["https:\/\/denizcankizil.tr\/ru\/haberler\/gundem\/igcden-kaymakam-ondere-hayirli-olsun-ziyareti\/"]}]},{"@type":"BreadcrumbList","@id":"https:\/\/denizcankizil.tr\/ru\/haberler\/gundem\/igcden-kaymakam-ondere-hayirli-olsun-ziyareti\/#breadcrumb","itemListElement":[{"@type":"ListItem","position":1,"name":"Home","item":"https:\/\/denizcankizil.tr\/de\/"},{"@type":"ListItem","position":2,"name":"\u0130GC&#8217;den Kaymakam \u00d6nder\u2019e &#8220;Hay\u0131rl\u0131 Olsun&#8221; Ziyareti\u2026"}]},{"@type":"WebSite","@id":"https:\/\/denizcankizil.tr\/de\/#website","url":"https:\/\/denizcankizil.tr\/de\/","name":"Av. Deniz Can K\u0131z\u0131l","description":"Avukat Deniz Can K\u0131z\u0131l Antalya Barosu","publisher":{"@id":"https:\/\/denizcankizil.tr\/de\/#organization"},"potentialAction":[{"@type":"SearchAction","target":{"@type":"EntryPoint","urlTemplate":"https:\/\/denizcankizil.tr\/de\/?s={search_term_string}"},"query-input":{"@type":"PropertyValueSpecification","valueRequired":true,"valueName":"search_term_string"}}],"inLanguage":"ru-RU"},{"@type":"Organization","@id":"https:\/\/denizcankizil.tr\/de\/#organization","name":"Av. Deniz Can K\u0131z\u0131l","url":"https:\/\/denizcankizil.tr\/de\/","logo":{"@type":"ImageObject","inLanguage":"ru-RU","@id":"https:\/\/denizcankizil.tr\/de\/#\/schema\/logo\/image\/","url":"https:\/\/denizcankizil.tr\/wp-content\/uploads\/2024\/10\/siyah-logo-svg.svg","contentUrl":"https:\/\/denizcankizil.tr\/wp-content\/uploads\/2024\/10\/siyah-logo-svg.svg","width":1080,"height":1080,"caption":"Av. Deniz Can K\u0131z\u0131l"},"image":{"@id":"https:\/\/denizcankizil.tr\/de\/#\/schema\/logo\/image\/"}}]}},"_links":{"self":[{"href":"https:\/\/denizcankizil.tr\/ru\/wp-json\/wp\/v2\/posts\/15663","targetHints":{"allow":["GET"]}}],"collection":[{"href":"https:\/\/denizcankizil.tr\/ru\/wp-json\/wp\/v2\/posts"}],"about":[{"href":"https:\/\/denizcankizil.tr\/ru\/wp-json\/wp\/v2\/types\/post"}],"replies":[{"embeddable":true,"href":"https:\/\/denizcankizil.tr\/ru\/wp-json\/wp\/v2\/comments?post=15663"}],"version-history":[{"count":0,"href":"https:\/\/denizcankizil.tr\/ru\/wp-json\/wp\/v2\/posts\/15663\/revisions"}],"wp:attachment":[{"href":"https:\/\/denizcankizil.tr\/ru\/wp-json\/wp\/v2\/media?parent=15663"}],"wp:term":[{"taxonomy":"category","embeddable":true,"href":"https:\/\/denizcankizil.tr\/ru\/wp-json\/wp\/v2\/categories?post=15663"},{"taxonomy":"post_tag","embeddable":true,"href":"https:\/\/denizcankizil.tr\/ru\/wp-json\/wp\/v2\/tags?post=15663"}],"curies":[{"name":"wp","href":"https:\/\/api.w.org\/{rel}","templated":true}]}}