{"id":15625,"date":"2024-11-12T11:41:16","date_gmt":"2024-11-12T08:41:16","guid":{"rendered":"https:\/\/denizcankizil.tr\/uncategorized-tr\/antalyada-ticari-taksilerin-calisma-sistemi-sil-bastan-duzenlendi\/"},"modified":"2024-11-12T11:41:16","modified_gmt":"2024-11-12T08:41:16","slug":"antalyada-ticari-taksilerin-calisma-sistemi-sil-bastan-duzenlendi","status":"publish","type":"post","link":"https:\/\/denizcankizil.tr\/ru\/haberler\/gundem\/antalyada-ticari-taksilerin-calisma-sistemi-sil-bastan-duzenlendi\/","title":{"rendered":"Antalya\u2019da ticari taksilerin \u00e7al\u0131\u015fma sistemi sil ba\u015ftan d\u00fczenlendi!"},"content":{"rendered":"<p>Antalya B\u00fcy\u00fck\u015fehir Belediyesi, \u015fehir i\u00e7i ula\u015f\u0131mda \u00f6nemli bir yer tutan ticari taksilerin \u00e7al\u0131\u015fma d\u00fczenlerini iyile\u015ftirmek amac\u0131yla Ticari Taksiler ve Taksi Duraklar\u0131 \u00c7al\u0131\u015fma Usul ve Esaslar\u0131 Hakk\u0131nda Y\u00f6netmeli\u011fi g\u00fcncelleme karar\u0131 ald\u0131. Y\u00f6netmelikte yap\u0131lan de\u011fi\u015fikliklerin ba\u015f\u0131nda, taksilerin \u00f6zellikle trafik yo\u011funlu\u011funun fazla oldu\u011fu saatlerde bo\u015f dola\u015farak m\u00fc\u015fteri aramalar\u0131n\u0131n \u00f6n\u00fcne ge\u00e7ilecek.\u00a0<\/p>\n<p>ANTALYA&#8217;DA TAKS\u0130LERDE YEN\u0130 D\u00d6NEM\u00a0<\/p>\n<p>Antalya K\u00f6rfez Gazetesi muhabiri Ertu\u011frul G\u00fcn&#8217;\u00fcn haberine g\u00f6re; Ula\u015f\u0131m Planlama ve Rayl\u0131 Sistemler Dairesi Ba\u015fkanl\u0131\u011f\u0131\u2019n\u0131n \u00f6nerisiyle haz\u0131rlanan revizyon teklifi, d\u00fcn ger\u00e7ekle\u015ftirilen b\u00fcy\u00fck\u015fehir belediye meclisinde kabul edildi. G\u00fcndem maddesine \u00f6zel haz\u0131rlanan raporda mevcut y\u00f6netmeli\u011fin Antalya B\u00fcy\u00fck\u015fehir Belediye Meclisi\u2019nin 08.01.2015 tarihli ve 9 say\u0131l\u0131 karar\u0131 ile y\u00fcr\u00fcrl\u00fc\u011fe girdi\u011fi, aradan ge\u00e7en s\u00fcre i\u00e7inde kent n\u00fcfusu ve turizm yo\u011funlu\u011funun artmas\u0131 nedeniyle, \u015fehirdeki ticari taksilerin \u00e7al\u0131\u015fma d\u00fczeninin g\u00f6zden ge\u00e7irilmesi gerekti\u011fi vurguland\u0131. Revizyon kapsam\u0131nda taksilerin faaliyet alanlar\u0131 ve \u00e7al\u0131\u015fma usullerine y\u00f6nelik bir\u00e7ok yenilik yap\u0131ld\u0131.\u00a0<\/p>\n<p>DOLA\u015eIMI AZALTILDI<\/p>\n<p>Y\u00f6netmelikte yap\u0131lan de\u011fi\u015fikliklerin ba\u015f\u0131nda, taksilerin \u00f6zellikle trafik yo\u011funlu\u011funun fazla oldu\u011fu saatlerde bo\u015f dola\u015farak m\u00fc\u015fteri aramalar\u0131n\u0131n \u00f6n\u00fcne ge\u00e7ilecek. Bu d\u00fczenlemeyle, taksilerin m\u00fc\u015fteri aramak amac\u0131yla ana caddelerde ve bulvarlarda yo\u011fun dola\u015farak trafi\u011fi olumsuz etkilemesi engelledi. B\u00f6ylece hem trafi\u011fin ak\u0131c\u0131 hale getirilmesi hem de \u015fehir i\u00e7indeki egzoz emisyonlar\u0131n\u0131n azalt\u0131lmas\u0131 planland\u0131.<\/p>\n<p>D\u00dcZEN VE D\u0130S\u0130PL\u0130N<\/p>\n<p>Revize edilen y\u00f6netmelik ile taksilerin durak yerleri ve bekleme alanlar\u0131 da yeniden belirlendi. \u00d6zellikle ana arterlerde duraklama ve bekleme yap\u0131lmas\u0131 s\u0131n\u0131rlanarak, trafik g\u00fcvenli\u011fini riske atmadan belirli noktalarda beklemelerine olanak sa\u011flanacak. Ayr\u0131ca taksi duraklar\u0131n\u0131n d\u00fczenlenmesi ve bu duraklarda hizmet verecek plakalar\u0131n belirlenmesi de y\u00f6netmelikte yer alan di\u011fer yenilikler aras\u0131nda bulundu. B\u00f6ylelikle, taksi hizmetlerinin daha d\u00fczenli ve disiplinli bir yap\u0131ya kavu\u015fmas\u0131 ama\u00e7land\u0131.<\/p>\n<p>STANDARTLAR BEL\u0130RLENECEK<\/p>\n<p>Yeni y\u00f6netmelikle birlikte, ticari taksi olarak hizmet verecek ara\u00e7larda aranacak teknik \u00f6zellikler ve g\u00fcvenlik \u015fartlar\u0131 yeniden tan\u0131mlanacak. Ayn\u0131 zamanda ticari taksi \u015fof\u00f6rlerinin ta\u015f\u0131mas\u0131 gereken nitelikler de bu d\u00fczenlemede yer ald\u0131. Taksi \u015fof\u00f6rlerinin e\u011fitim ve g\u00fcvenlik standartlar\u0131na uygun \u015fekilde \u00e7al\u0131\u015fmalar\u0131 sa\u011flanarak, yolcu g\u00fcvenli\u011finin art\u0131r\u0131lmas\u0131 hedeflendi.\u00a0<\/p>\n<p>DENET\u0130MLER ARTIRILACAK<\/p>\n<p>Yeni y\u00f6netmelikte, taksi hizmetlerinin denetimini yapacak kurum ve organlar\u0131n yetki ve sorumluluklar\u0131 da detayl\u0131 olarak belirlendi. Bu kapsamda, Antalya B\u00fcy\u00fck\u015fehir Belediyesi\u2019nin yetkili birimleri taraf\u0131ndan ger\u00e7ekle\u015ftirilecek denetimlerle taksi hizmet kalitesinin art\u0131r\u0131lmas\u0131, yolcular\u0131n memnuniyetinin sa\u011flanmas\u0131 ve kurallara uyumun denetlenmesi planlan\u0131yor.\u00a0<\/p>\n<p>\u00a0<\/p>\n<p>\u200bAntalya\u2019da ticari taksilerin, bo\u015f dola\u015farak, m\u00fc\u015fteri aramalar\u0131n\u0131n \u00f6n\u00fcne ge\u00e7ecek ve taksi \u015fof\u00f6rlerinin e\u011fitimi ile g\u00fcvenlik standartlar\u0131na uygun \u015fekilde \u00e7al\u0131\u015fmalar\u0131n\u0131 sa\u011flayarak, yolcu g\u00fcvenli\u011finin art\u0131r\u0131lmas\u0131n\u0131n hedeflendi\u011fi g\u00fcndem maddesi kabul edildi\u00a0<\/p>\n<p>\u200bHaberin Al\u0131nt\u0131land\u0131\u011f\u0131 Kaynak: www.antalyakorfez.com<\/p>","protected":false},"excerpt":{"rendered":"<p>Antalya B\u00fcy\u00fck\u015fehir Belediyesi, \u015fehir i\u00e7i ula\u015f\u0131mda \u00f6nemli bir yer tutan ticari taksilerin \u00e7al\u0131\u015fma d\u00fczenlerini iyile\u015ftirmek amac\u0131yla Ticari Taksiler ve Taksi Duraklar\u0131 \u00c7al\u0131\u015fma Usul ve Esaslar\u0131 Hakk\u0131nda Y\u00f6netmeli\u011fi g\u00fcncelleme karar\u0131 ald\u0131. Y\u00f6netmelikte yap\u0131lan de\u011fi\u015fikliklerin ba\u015f\u0131nda, taksilerin \u00f6zellikle trafik yo\u011funlu\u011funun fazla oldu\u011fu saatlerde bo\u015f dola\u015farak m\u00fc\u015fteri aramalar\u0131n\u0131n \u00f6n\u00fcne ge\u00e7ilecek.\u00a0 ANTALYA&#8217;DA TAKS\u0130LERDE YEN\u0130 D\u00d6NEM\u00a0 Antalya K\u00f6rfez Gazetesi muhabiri Ertu\u011frul G\u00fcn&#8217;\u00fcn haberine g\u00f6re; Ula\u015f\u0131m Planlama ve Rayl\u0131 Sistemler Dairesi Ba\u015fkanl\u0131\u011f\u0131\u2019n\u0131n \u00f6nerisiyle haz\u0131rlanan revizyon teklifi, d\u00fcn ger\u00e7ekle\u015ftirilen b\u00fcy\u00fck\u015fehir belediye meclisinde kabul edildi. G\u00fcndem maddesine \u00f6zel haz\u0131rlanan raporda mevcut y\u00f6netmeli\u011fin Antalya B\u00fcy\u00fck\u015fehir Belediye Meclisi\u2019nin 08.01.2015 tarihli ve 9 say\u0131l\u0131 karar\u0131 ile y\u00fcr\u00fcrl\u00fc\u011fe girdi\u011fi, aradan ge\u00e7en s\u00fcre i\u00e7inde kent n\u00fcfusu ve turizm yo\u011funlu\u011funun artmas\u0131 nedeniyle, \u015fehirdeki ticari taksilerin \u00e7al\u0131\u015fma d\u00fczeninin g\u00f6zden ge\u00e7irilmesi gerekti\u011fi vurguland\u0131. Revizyon kapsam\u0131nda taksilerin faaliyet alanlar\u0131 ve \u00e7al\u0131\u015fma usullerine y\u00f6nelik bir\u00e7ok yenilik yap\u0131ld\u0131.\u00a0 DOLA\u015eIMI AZALTILDI Y\u00f6netmelikte yap\u0131lan de\u011fi\u015fikliklerin ba\u015f\u0131nda, taksilerin \u00f6zellikle trafik yo\u011funlu\u011funun fazla oldu\u011fu saatlerde bo\u015f dola\u015farak m\u00fc\u015fteri aramalar\u0131n\u0131n \u00f6n\u00fcne ge\u00e7ilecek. Bu d\u00fczenlemeyle, taksilerin m\u00fc\u015fteri aramak amac\u0131yla ana caddelerde ve bulvarlarda yo\u011fun dola\u015farak trafi\u011fi olumsuz etkilemesi engelledi. B\u00f6ylece hem trafi\u011fin ak\u0131c\u0131 hale getirilmesi hem de \u015fehir i\u00e7indeki egzoz emisyonlar\u0131n\u0131n azalt\u0131lmas\u0131 planland\u0131. D\u00dcZEN VE D\u0130S\u0130PL\u0130N Revize edilen y\u00f6netmelik ile taksilerin durak yerleri ve bekleme alanlar\u0131 da yeniden belirlendi. \u00d6zellikle ana arterlerde duraklama ve bekleme &hellip;<\/p>","protected":false},"author":0,"featured_media":0,"comment_status":"open","ping_status":"open","sticky":false,"template":"","format":"standard","meta":{"_acf_changed":false,"footnotes":""},"categories":[24,535],"tags":[],"class_list":["post-15625","post","type-post","status-publish","format-standard","has-post-thumbnail","hentry","category-gundem","category-uncategorized-tr"],"acf":[],"yoast_head":"<!-- This site is optimized with the Yoast SEO Premium plugin v26.6 (Yoast SEO v27.1.1) - https:\/\/yoast.com\/product\/yoast-seo-premium-wordpress\/ -->\n<title>Antalya\u2019da ticari taksilerin \u00e7al\u0131\u015fma sistemi sil ba\u015ftan d\u00fczenlendi! - Av. Deniz Can K\u0131z\u0131l<\/title>\n<meta name=\"robots\" content=\"index, follow, max-snippet:-1, max-image-preview:large, max-video-preview:-1\" \/>\n<link rel=\"canonical\" href=\"https:\/\/denizcankizil.tr\/ru\/haberler\/gundem\/antalyada-ticari-taksilerin-calisma-sistemi-sil-bastan-duzenlendi\/\" \/>\n<meta property=\"og:locale\" content=\"ru_RU\" \/>\n<meta property=\"og:type\" content=\"article\" \/>\n<meta property=\"og:title\" content=\"Antalya\u2019da ticari taksilerin \u00e7al\u0131\u015fma sistemi sil ba\u015ftan d\u00fczenlendi!\" \/>\n<meta property=\"og:description\" content=\"Antalya B\u00fcy\u00fck\u015fehir Belediyesi, \u015fehir i\u00e7i ula\u015f\u0131mda \u00f6nemli bir yer tutan ticari taksilerin \u00e7al\u0131\u015fma d\u00fczenlerini iyile\u015ftirmek amac\u0131yla Ticari Taksiler ve Taksi Duraklar\u0131 \u00c7al\u0131\u015fma Usul ve Esaslar\u0131 Hakk\u0131nda Y\u00f6netmeli\u011fi g\u00fcncelleme karar\u0131 ald\u0131. Y\u00f6netmelikte yap\u0131lan de\u011fi\u015fikliklerin ba\u015f\u0131nda, taksilerin \u00f6zellikle trafik yo\u011funlu\u011funun fazla oldu\u011fu saatlerde bo\u015f dola\u015farak m\u00fc\u015fteri aramalar\u0131n\u0131n \u00f6n\u00fcne ge\u00e7ilecek.\u00a0 ANTALYA&#8217;DA TAKS\u0130LERDE YEN\u0130 D\u00d6NEM\u00a0 Antalya K\u00f6rfez Gazetesi muhabiri Ertu\u011frul G\u00fcn&#8217;\u00fcn haberine g\u00f6re; Ula\u015f\u0131m Planlama ve Rayl\u0131 Sistemler Dairesi Ba\u015fkanl\u0131\u011f\u0131\u2019n\u0131n \u00f6nerisiyle haz\u0131rlanan revizyon teklifi, d\u00fcn ger\u00e7ekle\u015ftirilen b\u00fcy\u00fck\u015fehir belediye meclisinde kabul edildi. G\u00fcndem maddesine \u00f6zel haz\u0131rlanan raporda mevcut y\u00f6netmeli\u011fin Antalya B\u00fcy\u00fck\u015fehir Belediye Meclisi\u2019nin 08.01.2015 tarihli ve 9 say\u0131l\u0131 karar\u0131 ile y\u00fcr\u00fcrl\u00fc\u011fe girdi\u011fi, aradan ge\u00e7en s\u00fcre i\u00e7inde kent n\u00fcfusu ve turizm yo\u011funlu\u011funun artmas\u0131 nedeniyle, \u015fehirdeki ticari taksilerin \u00e7al\u0131\u015fma d\u00fczeninin g\u00f6zden ge\u00e7irilmesi gerekti\u011fi vurguland\u0131. Revizyon kapsam\u0131nda taksilerin faaliyet alanlar\u0131 ve \u00e7al\u0131\u015fma usullerine y\u00f6nelik bir\u00e7ok yenilik yap\u0131ld\u0131.\u00a0 DOLA\u015eIMI AZALTILDI Y\u00f6netmelikte yap\u0131lan de\u011fi\u015fikliklerin ba\u015f\u0131nda, taksilerin \u00f6zellikle trafik yo\u011funlu\u011funun fazla oldu\u011fu saatlerde bo\u015f dola\u015farak m\u00fc\u015fteri aramalar\u0131n\u0131n \u00f6n\u00fcne ge\u00e7ilecek. Bu d\u00fczenlemeyle, taksilerin m\u00fc\u015fteri aramak amac\u0131yla ana caddelerde ve bulvarlarda yo\u011fun dola\u015farak trafi\u011fi olumsuz etkilemesi engelledi. B\u00f6ylece hem trafi\u011fin ak\u0131c\u0131 hale getirilmesi hem de \u015fehir i\u00e7indeki egzoz emisyonlar\u0131n\u0131n azalt\u0131lmas\u0131 planland\u0131. D\u00dcZEN VE D\u0130S\u0130PL\u0130N Revize edilen y\u00f6netmelik ile taksilerin durak yerleri ve bekleme alanlar\u0131 da yeniden belirlendi. \u00d6zellikle ana arterlerde duraklama ve bekleme &hellip;\" \/>\n<meta property=\"og:url\" content=\"https:\/\/denizcankizil.tr\/ru\/haberler\/gundem\/antalyada-ticari-taksilerin-calisma-sistemi-sil-bastan-duzenlendi\/\" \/>\n<meta property=\"og:site_name\" content=\"Av. Deniz Can K\u0131z\u0131l\" \/>\n<meta property=\"article:published_time\" content=\"2024-11-12T08:41:16+00:00\" \/>\n<meta name=\"twitter:card\" content=\"summary_large_image\" \/>\n<meta name=\"twitter:label1\" content=\"\u041f\u0440\u0438\u043c\u0435\u0440\u043d\u043e\u0435 \u0432\u0440\u0435\u043c\u044f \u0434\u043b\u044f \u0447\u0442\u0435\u043d\u0438\u044f\" \/>\n\t<meta name=\"twitter:data1\" content=\"3 \u043c\u0438\u043d\u0443\u0442\u044b\" \/>\n<script type=\"application\/ld+json\" class=\"yoast-schema-graph\">{\"@context\":\"https:\/\/schema.org\",\"@graph\":[{\"@type\":\"Article\",\"@id\":\"https:\/\/denizcankizil.tr\/ru\/haberler\/gundem\/antalyada-ticari-taksilerin-calisma-sistemi-sil-bastan-duzenlendi\/#article\",\"isPartOf\":{\"@id\":\"https:\/\/denizcankizil.tr\/ru\/haberler\/gundem\/antalyada-ticari-taksilerin-calisma-sistemi-sil-bastan-duzenlendi\/\"},\"author\":{\"name\":\"\",\"@id\":\"\"},\"headline\":\"Antalya\u2019da ticari taksilerin \u00e7al\u0131\u015fma sistemi sil ba\u015ftan d\u00fczenlendi!\",\"datePublished\":\"2024-11-12T08:41:16+00:00\",\"mainEntityOfPage\":{\"@id\":\"https:\/\/denizcankizil.tr\/ru\/haberler\/gundem\/antalyada-ticari-taksilerin-calisma-sistemi-sil-bastan-duzenlendi\/\"},\"wordCount\":556,\"commentCount\":0,\"publisher\":{\"@id\":\"https:\/\/denizcankizil.tr\/de\/#organization\"},\"articleSection\":[\"G\u00fcndem\",\"Uncategorized\"],\"inLanguage\":\"ru-RU\",\"potentialAction\":[{\"@type\":\"CommentAction\",\"name\":\"Comment\",\"target\":[\"https:\/\/denizcankizil.tr\/ru\/haberler\/gundem\/antalyada-ticari-taksilerin-calisma-sistemi-sil-bastan-duzenlendi\/#respond\"]}]},{\"@type\":\"WebPage\",\"@id\":\"https:\/\/denizcankizil.tr\/ru\/haberler\/gundem\/antalyada-ticari-taksilerin-calisma-sistemi-sil-bastan-duzenlendi\/\",\"url\":\"https:\/\/denizcankizil.tr\/ru\/haberler\/gundem\/antalyada-ticari-taksilerin-calisma-sistemi-sil-bastan-duzenlendi\/\",\"name\":\"Antalya\u2019da ticari taksilerin \u00e7al\u0131\u015fma sistemi sil ba\u015ftan d\u00fczenlendi! - Av. Deniz Can K\u0131z\u0131l\",\"isPartOf\":{\"@id\":\"https:\/\/denizcankizil.tr\/de\/#website\"},\"datePublished\":\"2024-11-12T08:41:16+00:00\",\"breadcrumb\":{\"@id\":\"https:\/\/denizcankizil.tr\/ru\/haberler\/gundem\/antalyada-ticari-taksilerin-calisma-sistemi-sil-bastan-duzenlendi\/#breadcrumb\"},\"inLanguage\":\"ru-RU\",\"potentialAction\":[{\"@type\":\"ReadAction\",\"target\":[\"https:\/\/denizcankizil.tr\/ru\/haberler\/gundem\/antalyada-ticari-taksilerin-calisma-sistemi-sil-bastan-duzenlendi\/\"]}]},{\"@type\":\"BreadcrumbList\",\"@id\":\"https:\/\/denizcankizil.tr\/ru\/haberler\/gundem\/antalyada-ticari-taksilerin-calisma-sistemi-sil-bastan-duzenlendi\/#breadcrumb\",\"itemListElement\":[{\"@type\":\"ListItem\",\"position\":1,\"name\":\"Home\",\"item\":\"https:\/\/denizcankizil.tr\/de\/\"},{\"@type\":\"ListItem\",\"position\":2,\"name\":\"Antalya\u2019da ticari taksilerin \u00e7al\u0131\u015fma sistemi sil ba\u015ftan d\u00fczenlendi!\"}]},{\"@type\":\"WebSite\",\"@id\":\"https:\/\/denizcankizil.tr\/de\/#website\",\"url\":\"https:\/\/denizcankizil.tr\/de\/\",\"name\":\"Av. Deniz Can K\u0131z\u0131l\",\"description\":\"Avukat Deniz Can K\u0131z\u0131l Antalya Barosu\",\"publisher\":{\"@id\":\"https:\/\/denizcankizil.tr\/de\/#organization\"},\"potentialAction\":[{\"@type\":\"SearchAction\",\"target\":{\"@type\":\"EntryPoint\",\"urlTemplate\":\"https:\/\/denizcankizil.tr\/de\/?s={search_term_string}\"},\"query-input\":{\"@type\":\"PropertyValueSpecification\",\"valueRequired\":true,\"valueName\":\"search_term_string\"}}],\"inLanguage\":\"ru-RU\"},{\"@type\":\"Organization\",\"@id\":\"https:\/\/denizcankizil.tr\/de\/#organization\",\"name\":\"Av. Deniz Can K\u0131z\u0131l\",\"url\":\"https:\/\/denizcankizil.tr\/de\/\",\"logo\":{\"@type\":\"ImageObject\",\"inLanguage\":\"ru-RU\",\"@id\":\"https:\/\/denizcankizil.tr\/de\/#\/schema\/logo\/image\/\",\"url\":\"https:\/\/denizcankizil.tr\/wp-content\/uploads\/2024\/10\/siyah-logo-svg.svg\",\"contentUrl\":\"https:\/\/denizcankizil.tr\/wp-content\/uploads\/2024\/10\/siyah-logo-svg.svg\",\"width\":1080,\"height\":1080,\"caption\":\"Av. Deniz Can K\u0131z\u0131l\"},\"image\":{\"@id\":\"https:\/\/denizcankizil.tr\/de\/#\/schema\/logo\/image\/\"}}]}<\/script>\n<!-- \/ Yoast SEO Premium plugin. -->","yoast_head_json":{"title":"Antalya\u2019da ticari taksilerin \u00e7al\u0131\u015fma sistemi sil ba\u015ftan d\u00fczenlendi! - Av. Deniz Can K\u0131z\u0131l","robots":{"index":"index","follow":"follow","max-snippet":"max-snippet:-1","max-image-preview":"max-image-preview:large","max-video-preview":"max-video-preview:-1"},"canonical":"https:\/\/denizcankizil.tr\/ru\/haberler\/gundem\/antalyada-ticari-taksilerin-calisma-sistemi-sil-bastan-duzenlendi\/","og_locale":"ru_RU","og_type":"article","og_title":"Antalya\u2019da ticari taksilerin \u00e7al\u0131\u015fma sistemi sil ba\u015ftan d\u00fczenlendi!","og_description":"Antalya B\u00fcy\u00fck\u015fehir Belediyesi, \u015fehir i\u00e7i ula\u015f\u0131mda \u00f6nemli bir yer tutan ticari taksilerin \u00e7al\u0131\u015fma d\u00fczenlerini iyile\u015ftirmek amac\u0131yla Ticari Taksiler ve Taksi Duraklar\u0131 \u00c7al\u0131\u015fma Usul ve Esaslar\u0131 Hakk\u0131nda Y\u00f6netmeli\u011fi g\u00fcncelleme karar\u0131 ald\u0131. Y\u00f6netmelikte yap\u0131lan de\u011fi\u015fikliklerin ba\u015f\u0131nda, taksilerin \u00f6zellikle trafik yo\u011funlu\u011funun fazla oldu\u011fu saatlerde bo\u015f dola\u015farak m\u00fc\u015fteri aramalar\u0131n\u0131n \u00f6n\u00fcne ge\u00e7ilecek.\u00a0 ANTALYA&#8217;DA TAKS\u0130LERDE YEN\u0130 D\u00d6NEM\u00a0 Antalya K\u00f6rfez Gazetesi muhabiri Ertu\u011frul G\u00fcn&#8217;\u00fcn haberine g\u00f6re; Ula\u015f\u0131m Planlama ve Rayl\u0131 Sistemler Dairesi Ba\u015fkanl\u0131\u011f\u0131\u2019n\u0131n \u00f6nerisiyle haz\u0131rlanan revizyon teklifi, d\u00fcn ger\u00e7ekle\u015ftirilen b\u00fcy\u00fck\u015fehir belediye meclisinde kabul edildi. G\u00fcndem maddesine \u00f6zel haz\u0131rlanan raporda mevcut y\u00f6netmeli\u011fin Antalya B\u00fcy\u00fck\u015fehir Belediye Meclisi\u2019nin 08.01.2015 tarihli ve 9 say\u0131l\u0131 karar\u0131 ile y\u00fcr\u00fcrl\u00fc\u011fe girdi\u011fi, aradan ge\u00e7en s\u00fcre i\u00e7inde kent n\u00fcfusu ve turizm yo\u011funlu\u011funun artmas\u0131 nedeniyle, \u015fehirdeki ticari taksilerin \u00e7al\u0131\u015fma d\u00fczeninin g\u00f6zden ge\u00e7irilmesi gerekti\u011fi vurguland\u0131. Revizyon kapsam\u0131nda taksilerin faaliyet alanlar\u0131 ve \u00e7al\u0131\u015fma usullerine y\u00f6nelik bir\u00e7ok yenilik yap\u0131ld\u0131.\u00a0 DOLA\u015eIMI AZALTILDI Y\u00f6netmelikte yap\u0131lan de\u011fi\u015fikliklerin ba\u015f\u0131nda, taksilerin \u00f6zellikle trafik yo\u011funlu\u011funun fazla oldu\u011fu saatlerde bo\u015f dola\u015farak m\u00fc\u015fteri aramalar\u0131n\u0131n \u00f6n\u00fcne ge\u00e7ilecek. Bu d\u00fczenlemeyle, taksilerin m\u00fc\u015fteri aramak amac\u0131yla ana caddelerde ve bulvarlarda yo\u011fun dola\u015farak trafi\u011fi olumsuz etkilemesi engelledi. B\u00f6ylece hem trafi\u011fin ak\u0131c\u0131 hale getirilmesi hem de \u015fehir i\u00e7indeki egzoz emisyonlar\u0131n\u0131n azalt\u0131lmas\u0131 planland\u0131. D\u00dcZEN VE D\u0130S\u0130PL\u0130N Revize edilen y\u00f6netmelik ile taksilerin durak yerleri ve bekleme alanlar\u0131 da yeniden belirlendi. \u00d6zellikle ana arterlerde duraklama ve bekleme &hellip;","og_url":"https:\/\/denizcankizil.tr\/ru\/haberler\/gundem\/antalyada-ticari-taksilerin-calisma-sistemi-sil-bastan-duzenlendi\/","og_site_name":"Av. Deniz Can K\u0131z\u0131l","article_published_time":"2024-11-12T08:41:16+00:00","twitter_card":"summary_large_image","twitter_misc":{"\u041f\u0440\u0438\u043c\u0435\u0440\u043d\u043e\u0435 \u0432\u0440\u0435\u043c\u044f \u0434\u043b\u044f \u0447\u0442\u0435\u043d\u0438\u044f":"3 \u043c\u0438\u043d\u0443\u0442\u044b"},"schema":{"@context":"https:\/\/schema.org","@graph":[{"@type":"Article","@id":"https:\/\/denizcankizil.tr\/ru\/haberler\/gundem\/antalyada-ticari-taksilerin-calisma-sistemi-sil-bastan-duzenlendi\/#article","isPartOf":{"@id":"https:\/\/denizcankizil.tr\/ru\/haberler\/gundem\/antalyada-ticari-taksilerin-calisma-sistemi-sil-bastan-duzenlendi\/"},"author":{"name":"","@id":""},"headline":"Antalya\u2019da ticari taksilerin \u00e7al\u0131\u015fma sistemi sil ba\u015ftan d\u00fczenlendi!","datePublished":"2024-11-12T08:41:16+00:00","mainEntityOfPage":{"@id":"https:\/\/denizcankizil.tr\/ru\/haberler\/gundem\/antalyada-ticari-taksilerin-calisma-sistemi-sil-bastan-duzenlendi\/"},"wordCount":556,"commentCount":0,"publisher":{"@id":"https:\/\/denizcankizil.tr\/de\/#organization"},"articleSection":["G\u00fcndem","Uncategorized"],"inLanguage":"ru-RU","potentialAction":[{"@type":"CommentAction","name":"Comment","target":["https:\/\/denizcankizil.tr\/ru\/haberler\/gundem\/antalyada-ticari-taksilerin-calisma-sistemi-sil-bastan-duzenlendi\/#respond"]}]},{"@type":"WebPage","@id":"https:\/\/denizcankizil.tr\/ru\/haberler\/gundem\/antalyada-ticari-taksilerin-calisma-sistemi-sil-bastan-duzenlendi\/","url":"https:\/\/denizcankizil.tr\/ru\/haberler\/gundem\/antalyada-ticari-taksilerin-calisma-sistemi-sil-bastan-duzenlendi\/","name":"Antalya\u2019da ticari taksilerin \u00e7al\u0131\u015fma sistemi sil ba\u015ftan d\u00fczenlendi! - Av. Deniz Can K\u0131z\u0131l","isPartOf":{"@id":"https:\/\/denizcankizil.tr\/de\/#website"},"datePublished":"2024-11-12T08:41:16+00:00","breadcrumb":{"@id":"https:\/\/denizcankizil.tr\/ru\/haberler\/gundem\/antalyada-ticari-taksilerin-calisma-sistemi-sil-bastan-duzenlendi\/#breadcrumb"},"inLanguage":"ru-RU","potentialAction":[{"@type":"ReadAction","target":["https:\/\/denizcankizil.tr\/ru\/haberler\/gundem\/antalyada-ticari-taksilerin-calisma-sistemi-sil-bastan-duzenlendi\/"]}]},{"@type":"BreadcrumbList","@id":"https:\/\/denizcankizil.tr\/ru\/haberler\/gundem\/antalyada-ticari-taksilerin-calisma-sistemi-sil-bastan-duzenlendi\/#breadcrumb","itemListElement":[{"@type":"ListItem","position":1,"name":"Home","item":"https:\/\/denizcankizil.tr\/de\/"},{"@type":"ListItem","position":2,"name":"Antalya\u2019da ticari taksilerin \u00e7al\u0131\u015fma sistemi sil ba\u015ftan d\u00fczenlendi!"}]},{"@type":"WebSite","@id":"https:\/\/denizcankizil.tr\/de\/#website","url":"https:\/\/denizcankizil.tr\/de\/","name":"Av. Deniz Can K\u0131z\u0131l","description":"Avukat Deniz Can K\u0131z\u0131l Antalya Barosu","publisher":{"@id":"https:\/\/denizcankizil.tr\/de\/#organization"},"potentialAction":[{"@type":"SearchAction","target":{"@type":"EntryPoint","urlTemplate":"https:\/\/denizcankizil.tr\/de\/?s={search_term_string}"},"query-input":{"@type":"PropertyValueSpecification","valueRequired":true,"valueName":"search_term_string"}}],"inLanguage":"ru-RU"},{"@type":"Organization","@id":"https:\/\/denizcankizil.tr\/de\/#organization","name":"Av. Deniz Can K\u0131z\u0131l","url":"https:\/\/denizcankizil.tr\/de\/","logo":{"@type":"ImageObject","inLanguage":"ru-RU","@id":"https:\/\/denizcankizil.tr\/de\/#\/schema\/logo\/image\/","url":"https:\/\/denizcankizil.tr\/wp-content\/uploads\/2024\/10\/siyah-logo-svg.svg","contentUrl":"https:\/\/denizcankizil.tr\/wp-content\/uploads\/2024\/10\/siyah-logo-svg.svg","width":1080,"height":1080,"caption":"Av. Deniz Can K\u0131z\u0131l"},"image":{"@id":"https:\/\/denizcankizil.tr\/de\/#\/schema\/logo\/image\/"}}]}},"_links":{"self":[{"href":"https:\/\/denizcankizil.tr\/ru\/wp-json\/wp\/v2\/posts\/15625","targetHints":{"allow":["GET"]}}],"collection":[{"href":"https:\/\/denizcankizil.tr\/ru\/wp-json\/wp\/v2\/posts"}],"about":[{"href":"https:\/\/denizcankizil.tr\/ru\/wp-json\/wp\/v2\/types\/post"}],"replies":[{"embeddable":true,"href":"https:\/\/denizcankizil.tr\/ru\/wp-json\/wp\/v2\/comments?post=15625"}],"version-history":[{"count":0,"href":"https:\/\/denizcankizil.tr\/ru\/wp-json\/wp\/v2\/posts\/15625\/revisions"}],"wp:attachment":[{"href":"https:\/\/denizcankizil.tr\/ru\/wp-json\/wp\/v2\/media?parent=15625"}],"wp:term":[{"taxonomy":"category","embeddable":true,"href":"https:\/\/denizcankizil.tr\/ru\/wp-json\/wp\/v2\/categories?post=15625"},{"taxonomy":"post_tag","embeddable":true,"href":"https:\/\/denizcankizil.tr\/ru\/wp-json\/wp\/v2\/tags?post=15625"}],"curies":[{"name":"wp","href":"https:\/\/api.w.org\/{rel}","templated":true}]}}