{"id":15582,"date":"2024-11-11T22:41:25","date_gmt":"2024-11-11T19:41:25","guid":{"rendered":"https:\/\/denizcankizil.tr\/uncategorized-tr\/ticaret-bakan-yardimcisi-gurcandan-aesob-baskani-dereye-ovgu-yagmuru\/"},"modified":"2024-11-11T22:41:25","modified_gmt":"2024-11-11T19:41:25","slug":"ticaret-bakan-yardimcisi-gurcandan-aesob-baskani-dereye-ovgu-yagmuru","status":"publish","type":"post","link":"https:\/\/denizcankizil.tr\/ru\/haberler\/gundem\/ticaret-bakan-yardimcisi-gurcandan-aesob-baskani-dereye-ovgu-yagmuru\/","title":{"rendered":"Ticaret Bakan Yard\u0131mc\u0131s\u0131 G\u00fcrcan\u2019dan AESOB Ba\u015fkan\u0131 Dere\u2019ye \u00f6vg\u00fc ya\u011fmuru"},"content":{"rendered":"<p>Ticaret Bakanl\u0131\u011f\u0131 Bakan Yard\u0131mc\u0131s\u0131 Mahmut G\u00fcrcan, resmi temaslarda bulunmak i\u00e7in Antalya\u2019ya geldi. Antalya Esnaf ve Sanatk\u00e2rlar Odalar\u0131 Birli\u011fi\u2019nde (AESOB) d\u00fczenlenen toplant\u0131ya kat\u0131lan Bakan Yard\u0131mc\u0131s\u0131 Mahmut G\u00fcrcan, Antalya esnaf ve sanatkar\u0131n\u0131n sorunlar\u0131 ve taleplerine kulak verdi, \u00e7\u00f6z\u00fcm \u00f6nerileri hakk\u0131nda isti\u015farelerde bulundu.\u00a0<\/p>\n<p>Toplant\u0131ya Ticaret Bakan Yard\u0131mc\u0131s\u0131 Mahmut G\u00fcrcan\u2019\u0131n yan\u0131 s\u0131ra Esnaf ve Sanatk\u00e2rlar Kooperatif\u00e7ilik Genel M\u00fcd\u00fcr\u00fc Taha Enes \u015eener ve Antalya Ticaret \u0130l M\u00fcd\u00fcr\u00fc Halil \u00d6z\u015fahan, T\u00fcrkiye Esnaf ve Sanatkarlar\u0131 Konfederasyonu (TESK) Genel Ba\u015fkan Vekili ve Antalya Esnaf ve Sanatk\u00e2rlar Odalar\u0131 Birli\u011fi (AESOB) Ba\u015fkan\u0131 Adl\u0131han Dere, Birlik Ba\u015fkan Vekili Antalya Motosiklet Bisiklet ve Oto Lastik Tamircileri Esnaf Odas\u0131 Ba\u015fkan\u0131 Bayram Dal, Antalya Berberler Esnaf Odas\u0131 Ba\u015fkan\u0131 Y\u00fcksel Uzun kat\u0131ld\u0131.\u00a0<\/p>\n<p>BAKAN YARDIMCISI G\u00dcRCAN\u2019DAN TEBR\u0130K<\/p>\n<p>Bakan Yard\u0131mc\u0131s\u0131 Mahmut G\u00fcrcan, toplant\u0131 sonras\u0131 heyetiyle birlikte AESOB Ba\u015fkan\u0131 Adl\u0131han Dere\u2019ye TESK Genel Ba\u015fkan Vekili olarak se\u00e7ilmesi dolay\u0131s\u0131yla tebrik ziyaretinde bulundu. Ba\u015fkan Dere, Bakan Yard\u0131mc\u0131s\u0131 Mahmut G\u00fcrcan\u2019a Antalya esnaf ve sanatk\u00e2rlar\u0131n\u0131n genel durumunu, sorun ve taleplerini aktard\u0131. Ziyarette, esnaf odalar\u0131n\u0131n \u00fcyelerinden yapacaklar\u0131 tahsilat i\u015flemlerinde banka ve havuz sistemi ile alakal\u0131 \u00f6nerilerini, NACE faaliyet kodlar\u0131, defter tutma hadleri gibi konular \u00fczerine de\u011ferlendirmelerde bulunuldu.<\/p>\n<p>\u201cADLIHAN DERE \u00d6NEML\u0130 B\u0130R G\u00d6REV \u00dcSTLEN\u0130YOR\u201d<\/p>\n<p>Bakan Yard\u0131mc\u0131s\u0131 G\u00fcrcan, Ba\u015fkan Dere\u2019nin \u015fehrin ekonomisine, ticaretine ve k\u00fclt\u00fcr\u00fcne katk\u0131lar sunan, esnaflar\u0131n desteklenmesi ve toplumsal dayan\u0131\u015fman\u0131n g\u00fc\u00e7lendirilmesi noktas\u0131nda \u00f6nemli bir g\u00f6rev \u00fcstlendi\u011fini belirtti. Bakan Yard\u0131mc\u0131s\u0131 G\u00fcrcan, \u201cYerel kalk\u0131nman\u0131n yap\u0131 ta\u015flar\u0131ndan biri olan esnaf ve sanatk\u00e2rlar\u0131m\u0131z\u0131n sesine kulak vermek, onlar\u0131n \u00f6neri ve talepleri do\u011frultusunda Ticaret Bakanl\u0131\u011f\u0131 olarak atabilece\u011fimiz ad\u0131mlar\u0131 isti\u015fare etmek bizler i\u00e7in b\u00fcy\u00fck bir \u00f6nem ta\u015f\u0131maktad\u0131r\u201d \u015feklinde konu\u015ftu.<\/p>\n<p>\u200bTicaret Bakanl\u0131\u011f\u0131 Bakan Yard\u0131mc\u0131s\u0131 Mahmut G\u00fcrcan, heyetiyle birlikte Antalya Esnaf ve Sanatk\u00e2rlar Odalar\u0131 Birli\u011fi (AESOB) Ba\u015fkan\u0131 Adl\u0131han Dere\u2019ye T\u00fcrkiye Esnaf ve Sanatkarlar\u0131\u00a0Konfederasyonu (TESK) Genel Ba\u015fkan Vekili se\u00e7ilmesi dolay\u0131s\u0131yla tebrik ziyaretinde bulundu. Bakan Yard\u0131mc\u0131s\u0131 G\u00fcrcan, AESOB Ba\u015fkan\u0131 Adl\u0131han Dere\u2019ye \u00f6vg\u00fcler ya\u011fd\u0131rd\u0131\u00a0<\/p>\n<p>\u200bHaberin Al\u0131nt\u0131land\u0131\u011f\u0131 Kaynak: www.antalyakorfez.com<\/p>","protected":false},"excerpt":{"rendered":"<p>Ticaret Bakanl\u0131\u011f\u0131 Bakan Yard\u0131mc\u0131s\u0131 Mahmut G\u00fcrcan, resmi temaslarda bulunmak i\u00e7in Antalya\u2019ya geldi. Antalya Esnaf ve Sanatk\u00e2rlar Odalar\u0131 Birli\u011fi\u2019nde (AESOB) d\u00fczenlenen toplant\u0131ya kat\u0131lan Bakan Yard\u0131mc\u0131s\u0131 Mahmut G\u00fcrcan, Antalya esnaf ve sanatkar\u0131n\u0131n sorunlar\u0131 ve taleplerine kulak verdi, \u00e7\u00f6z\u00fcm \u00f6nerileri hakk\u0131nda isti\u015farelerde bulundu.\u00a0 Toplant\u0131ya Ticaret Bakan Yard\u0131mc\u0131s\u0131 Mahmut G\u00fcrcan\u2019\u0131n yan\u0131 s\u0131ra Esnaf ve Sanatk\u00e2rlar Kooperatif\u00e7ilik Genel M\u00fcd\u00fcr\u00fc Taha Enes \u015eener ve Antalya Ticaret \u0130l M\u00fcd\u00fcr\u00fc Halil \u00d6z\u015fahan, T\u00fcrkiye Esnaf ve Sanatkarlar\u0131 Konfederasyonu (TESK) Genel Ba\u015fkan Vekili ve Antalya Esnaf ve Sanatk\u00e2rlar Odalar\u0131 Birli\u011fi (AESOB) Ba\u015fkan\u0131 Adl\u0131han Dere, Birlik Ba\u015fkan Vekili Antalya Motosiklet Bisiklet ve Oto Lastik Tamircileri Esnaf Odas\u0131 Ba\u015fkan\u0131 Bayram Dal, Antalya Berberler Esnaf Odas\u0131 Ba\u015fkan\u0131 Y\u00fcksel Uzun kat\u0131ld\u0131.\u00a0 BAKAN YARDIMCISI G\u00dcRCAN\u2019DAN TEBR\u0130K Bakan Yard\u0131mc\u0131s\u0131 Mahmut G\u00fcrcan, toplant\u0131 sonras\u0131 heyetiyle birlikte AESOB Ba\u015fkan\u0131 Adl\u0131han Dere\u2019ye TESK Genel Ba\u015fkan Vekili olarak se\u00e7ilmesi dolay\u0131s\u0131yla tebrik ziyaretinde bulundu. Ba\u015fkan Dere, Bakan Yard\u0131mc\u0131s\u0131 Mahmut G\u00fcrcan\u2019a Antalya esnaf ve sanatk\u00e2rlar\u0131n\u0131n genel durumunu, sorun ve taleplerini aktard\u0131. Ziyarette, esnaf odalar\u0131n\u0131n \u00fcyelerinden yapacaklar\u0131 tahsilat i\u015flemlerinde banka ve havuz sistemi ile alakal\u0131 \u00f6nerilerini, NACE faaliyet kodlar\u0131, defter tutma hadleri gibi konular \u00fczerine de\u011ferlendirmelerde bulunuldu. \u201cADLIHAN DERE \u00d6NEML\u0130 B\u0130R G\u00d6REV \u00dcSTLEN\u0130YOR\u201d Bakan Yard\u0131mc\u0131s\u0131 G\u00fcrcan, Ba\u015fkan Dere\u2019nin \u015fehrin ekonomisine, ticaretine ve k\u00fclt\u00fcr\u00fcne katk\u0131lar sunan, esnaflar\u0131n desteklenmesi ve toplumsal dayan\u0131\u015fman\u0131n g\u00fc\u00e7lendirilmesi noktas\u0131nda \u00f6nemli &hellip;<\/p>","protected":false},"author":0,"featured_media":0,"comment_status":"open","ping_status":"open","sticky":false,"template":"","format":"standard","meta":{"_acf_changed":false,"footnotes":""},"categories":[24,535],"tags":[],"class_list":["post-15582","post","type-post","status-publish","format-standard","has-post-thumbnail","hentry","category-gundem","category-uncategorized-tr"],"acf":[],"yoast_head":"<!-- This site is optimized with the Yoast SEO Premium plugin v26.6 (Yoast SEO v27.1.1) - https:\/\/yoast.com\/product\/yoast-seo-premium-wordpress\/ -->\n<title>Ticaret Bakan Yard\u0131mc\u0131s\u0131 G\u00fcrcan\u2019dan AESOB Ba\u015fkan\u0131 Dere\u2019ye \u00f6vg\u00fc ya\u011fmuru - Av. Deniz Can K\u0131z\u0131l<\/title>\n<meta name=\"robots\" content=\"index, follow, max-snippet:-1, max-image-preview:large, max-video-preview:-1\" \/>\n<link rel=\"canonical\" href=\"https:\/\/denizcankizil.tr\/ru\/haberler\/gundem\/ticaret-bakan-yardimcisi-gurcandan-aesob-baskani-dereye-ovgu-yagmuru\/\" \/>\n<meta property=\"og:locale\" content=\"ru_RU\" \/>\n<meta property=\"og:type\" content=\"article\" \/>\n<meta property=\"og:title\" content=\"Ticaret Bakan Yard\u0131mc\u0131s\u0131 G\u00fcrcan\u2019dan AESOB Ba\u015fkan\u0131 Dere\u2019ye \u00f6vg\u00fc ya\u011fmuru\" \/>\n<meta property=\"og:description\" content=\"Ticaret Bakanl\u0131\u011f\u0131 Bakan Yard\u0131mc\u0131s\u0131 Mahmut G\u00fcrcan, resmi temaslarda bulunmak i\u00e7in Antalya\u2019ya geldi. Antalya Esnaf ve Sanatk\u00e2rlar Odalar\u0131 Birli\u011fi\u2019nde (AESOB) d\u00fczenlenen toplant\u0131ya kat\u0131lan Bakan Yard\u0131mc\u0131s\u0131 Mahmut G\u00fcrcan, Antalya esnaf ve sanatkar\u0131n\u0131n sorunlar\u0131 ve taleplerine kulak verdi, \u00e7\u00f6z\u00fcm \u00f6nerileri hakk\u0131nda isti\u015farelerde bulundu.\u00a0 Toplant\u0131ya Ticaret Bakan Yard\u0131mc\u0131s\u0131 Mahmut G\u00fcrcan\u2019\u0131n yan\u0131 s\u0131ra Esnaf ve Sanatk\u00e2rlar Kooperatif\u00e7ilik Genel M\u00fcd\u00fcr\u00fc Taha Enes \u015eener ve Antalya Ticaret \u0130l M\u00fcd\u00fcr\u00fc Halil \u00d6z\u015fahan, T\u00fcrkiye Esnaf ve Sanatkarlar\u0131 Konfederasyonu (TESK) Genel Ba\u015fkan Vekili ve Antalya Esnaf ve Sanatk\u00e2rlar Odalar\u0131 Birli\u011fi (AESOB) Ba\u015fkan\u0131 Adl\u0131han Dere, Birlik Ba\u015fkan Vekili Antalya Motosiklet Bisiklet ve Oto Lastik Tamircileri Esnaf Odas\u0131 Ba\u015fkan\u0131 Bayram Dal, Antalya Berberler Esnaf Odas\u0131 Ba\u015fkan\u0131 Y\u00fcksel Uzun kat\u0131ld\u0131.\u00a0 BAKAN YARDIMCISI G\u00dcRCAN\u2019DAN TEBR\u0130K Bakan Yard\u0131mc\u0131s\u0131 Mahmut G\u00fcrcan, toplant\u0131 sonras\u0131 heyetiyle birlikte AESOB Ba\u015fkan\u0131 Adl\u0131han Dere\u2019ye TESK Genel Ba\u015fkan Vekili olarak se\u00e7ilmesi dolay\u0131s\u0131yla tebrik ziyaretinde bulundu. Ba\u015fkan Dere, Bakan Yard\u0131mc\u0131s\u0131 Mahmut G\u00fcrcan\u2019a Antalya esnaf ve sanatk\u00e2rlar\u0131n\u0131n genel durumunu, sorun ve taleplerini aktard\u0131. Ziyarette, esnaf odalar\u0131n\u0131n \u00fcyelerinden yapacaklar\u0131 tahsilat i\u015flemlerinde banka ve havuz sistemi ile alakal\u0131 \u00f6nerilerini, NACE faaliyet kodlar\u0131, defter tutma hadleri gibi konular \u00fczerine de\u011ferlendirmelerde bulunuldu. \u201cADLIHAN DERE \u00d6NEML\u0130 B\u0130R G\u00d6REV \u00dcSTLEN\u0130YOR\u201d Bakan Yard\u0131mc\u0131s\u0131 G\u00fcrcan, Ba\u015fkan Dere\u2019nin \u015fehrin ekonomisine, ticaretine ve k\u00fclt\u00fcr\u00fcne katk\u0131lar sunan, esnaflar\u0131n desteklenmesi ve toplumsal dayan\u0131\u015fman\u0131n g\u00fc\u00e7lendirilmesi noktas\u0131nda \u00f6nemli &hellip;\" \/>\n<meta property=\"og:url\" content=\"https:\/\/denizcankizil.tr\/ru\/haberler\/gundem\/ticaret-bakan-yardimcisi-gurcandan-aesob-baskani-dereye-ovgu-yagmuru\/\" \/>\n<meta property=\"og:site_name\" content=\"Av. Deniz Can K\u0131z\u0131l\" \/>\n<meta property=\"article:published_time\" content=\"2024-11-11T19:41:25+00:00\" \/>\n<meta name=\"twitter:card\" content=\"summary_large_image\" \/>\n<meta name=\"twitter:label1\" content=\"\u041f\u0440\u0438\u043c\u0435\u0440\u043d\u043e\u0435 \u0432\u0440\u0435\u043c\u044f \u0434\u043b\u044f \u0447\u0442\u0435\u043d\u0438\u044f\" \/>\n\t<meta name=\"twitter:data1\" content=\"2 \u043c\u0438\u043d\u0443\u0442\u044b\" \/>\n<script type=\"application\/ld+json\" class=\"yoast-schema-graph\">{\"@context\":\"https:\/\/schema.org\",\"@graph\":[{\"@type\":\"Article\",\"@id\":\"https:\/\/denizcankizil.tr\/ru\/haberler\/gundem\/ticaret-bakan-yardimcisi-gurcandan-aesob-baskani-dereye-ovgu-yagmuru\/#article\",\"isPartOf\":{\"@id\":\"https:\/\/denizcankizil.tr\/ru\/haberler\/gundem\/ticaret-bakan-yardimcisi-gurcandan-aesob-baskani-dereye-ovgu-yagmuru\/\"},\"author\":{\"name\":\"\",\"@id\":\"\"},\"headline\":\"Ticaret Bakan Yard\u0131mc\u0131s\u0131 G\u00fcrcan\u2019dan AESOB Ba\u015fkan\u0131 Dere\u2019ye \u00f6vg\u00fc ya\u011fmuru\",\"datePublished\":\"2024-11-11T19:41:25+00:00\",\"mainEntityOfPage\":{\"@id\":\"https:\/\/denizcankizil.tr\/ru\/haberler\/gundem\/ticaret-bakan-yardimcisi-gurcandan-aesob-baskani-dereye-ovgu-yagmuru\/\"},\"wordCount\":435,\"commentCount\":0,\"publisher\":{\"@id\":\"https:\/\/denizcankizil.tr\/#organization\"},\"articleSection\":[\"G\u00fcndem\",\"Uncategorized\"],\"inLanguage\":\"ru-RU\",\"potentialAction\":[{\"@type\":\"CommentAction\",\"name\":\"Comment\",\"target\":[\"https:\/\/denizcankizil.tr\/ru\/haberler\/gundem\/ticaret-bakan-yardimcisi-gurcandan-aesob-baskani-dereye-ovgu-yagmuru\/#respond\"]}]},{\"@type\":\"WebPage\",\"@id\":\"https:\/\/denizcankizil.tr\/ru\/haberler\/gundem\/ticaret-bakan-yardimcisi-gurcandan-aesob-baskani-dereye-ovgu-yagmuru\/\",\"url\":\"https:\/\/denizcankizil.tr\/ru\/haberler\/gundem\/ticaret-bakan-yardimcisi-gurcandan-aesob-baskani-dereye-ovgu-yagmuru\/\",\"name\":\"Ticaret Bakan Yard\u0131mc\u0131s\u0131 G\u00fcrcan\u2019dan AESOB Ba\u015fkan\u0131 Dere\u2019ye \u00f6vg\u00fc ya\u011fmuru - Av. Deniz Can K\u0131z\u0131l\",\"isPartOf\":{\"@id\":\"https:\/\/denizcankizil.tr\/#website\"},\"datePublished\":\"2024-11-11T19:41:25+00:00\",\"breadcrumb\":{\"@id\":\"https:\/\/denizcankizil.tr\/ru\/haberler\/gundem\/ticaret-bakan-yardimcisi-gurcandan-aesob-baskani-dereye-ovgu-yagmuru\/#breadcrumb\"},\"inLanguage\":\"ru-RU\",\"potentialAction\":[{\"@type\":\"ReadAction\",\"target\":[\"https:\/\/denizcankizil.tr\/ru\/haberler\/gundem\/ticaret-bakan-yardimcisi-gurcandan-aesob-baskani-dereye-ovgu-yagmuru\/\"]}]},{\"@type\":\"BreadcrumbList\",\"@id\":\"https:\/\/denizcankizil.tr\/ru\/haberler\/gundem\/ticaret-bakan-yardimcisi-gurcandan-aesob-baskani-dereye-ovgu-yagmuru\/#breadcrumb\",\"itemListElement\":[{\"@type\":\"ListItem\",\"position\":1,\"name\":\"Home\",\"item\":\"https:\/\/denizcankizil.tr\/de\/\"},{\"@type\":\"ListItem\",\"position\":2,\"name\":\"Ticaret Bakan Yard\u0131mc\u0131s\u0131 G\u00fcrcan\u2019dan AESOB Ba\u015fkan\u0131 Dere\u2019ye \u00f6vg\u00fc ya\u011fmuru\"}]},{\"@type\":\"WebSite\",\"@id\":\"https:\/\/denizcankizil.tr\/#website\",\"url\":\"https:\/\/denizcankizil.tr\/\",\"name\":\"Av. Deniz Can K\u0131z\u0131l\",\"description\":\"Avukat Deniz Can K\u0131z\u0131l Antalya Barosu\",\"publisher\":{\"@id\":\"https:\/\/denizcankizil.tr\/#organization\"},\"potentialAction\":[{\"@type\":\"SearchAction\",\"target\":{\"@type\":\"EntryPoint\",\"urlTemplate\":\"https:\/\/denizcankizil.tr\/?s={search_term_string}\"},\"query-input\":{\"@type\":\"PropertyValueSpecification\",\"valueRequired\":true,\"valueName\":\"search_term_string\"}}],\"inLanguage\":\"ru-RU\"},{\"@type\":\"Organization\",\"@id\":\"https:\/\/denizcankizil.tr\/#organization\",\"name\":\"Av. Deniz Can K\u0131z\u0131l\",\"url\":\"https:\/\/denizcankizil.tr\/\",\"logo\":{\"@type\":\"ImageObject\",\"inLanguage\":\"ru-RU\",\"@id\":\"https:\/\/denizcankizil.tr\/#\/schema\/logo\/image\/\",\"url\":\"https:\/\/denizcankizil.tr\/wp-content\/uploads\/2024\/10\/siyah-logo-svg.svg\",\"contentUrl\":\"https:\/\/denizcankizil.tr\/wp-content\/uploads\/2024\/10\/siyah-logo-svg.svg\",\"width\":1080,\"height\":1080,\"caption\":\"Av. Deniz Can K\u0131z\u0131l\"},\"image\":{\"@id\":\"https:\/\/denizcankizil.tr\/#\/schema\/logo\/image\/\"}}]}<\/script>\n<!-- \/ Yoast SEO Premium plugin. -->","yoast_head_json":{"title":"Ticaret Bakan Yard\u0131mc\u0131s\u0131 G\u00fcrcan\u2019dan AESOB Ba\u015fkan\u0131 Dere\u2019ye \u00f6vg\u00fc ya\u011fmuru - Av. Deniz Can K\u0131z\u0131l","robots":{"index":"index","follow":"follow","max-snippet":"max-snippet:-1","max-image-preview":"max-image-preview:large","max-video-preview":"max-video-preview:-1"},"canonical":"https:\/\/denizcankizil.tr\/ru\/haberler\/gundem\/ticaret-bakan-yardimcisi-gurcandan-aesob-baskani-dereye-ovgu-yagmuru\/","og_locale":"ru_RU","og_type":"article","og_title":"Ticaret Bakan Yard\u0131mc\u0131s\u0131 G\u00fcrcan\u2019dan AESOB Ba\u015fkan\u0131 Dere\u2019ye \u00f6vg\u00fc ya\u011fmuru","og_description":"Ticaret Bakanl\u0131\u011f\u0131 Bakan Yard\u0131mc\u0131s\u0131 Mahmut G\u00fcrcan, resmi temaslarda bulunmak i\u00e7in Antalya\u2019ya geldi. Antalya Esnaf ve Sanatk\u00e2rlar Odalar\u0131 Birli\u011fi\u2019nde (AESOB) d\u00fczenlenen toplant\u0131ya kat\u0131lan Bakan Yard\u0131mc\u0131s\u0131 Mahmut G\u00fcrcan, Antalya esnaf ve sanatkar\u0131n\u0131n sorunlar\u0131 ve taleplerine kulak verdi, \u00e7\u00f6z\u00fcm \u00f6nerileri hakk\u0131nda isti\u015farelerde bulundu.\u00a0 Toplant\u0131ya Ticaret Bakan Yard\u0131mc\u0131s\u0131 Mahmut G\u00fcrcan\u2019\u0131n yan\u0131 s\u0131ra Esnaf ve Sanatk\u00e2rlar Kooperatif\u00e7ilik Genel M\u00fcd\u00fcr\u00fc Taha Enes \u015eener ve Antalya Ticaret \u0130l M\u00fcd\u00fcr\u00fc Halil \u00d6z\u015fahan, T\u00fcrkiye Esnaf ve Sanatkarlar\u0131 Konfederasyonu (TESK) Genel Ba\u015fkan Vekili ve Antalya Esnaf ve Sanatk\u00e2rlar Odalar\u0131 Birli\u011fi (AESOB) Ba\u015fkan\u0131 Adl\u0131han Dere, Birlik Ba\u015fkan Vekili Antalya Motosiklet Bisiklet ve Oto Lastik Tamircileri Esnaf Odas\u0131 Ba\u015fkan\u0131 Bayram Dal, Antalya Berberler Esnaf Odas\u0131 Ba\u015fkan\u0131 Y\u00fcksel Uzun kat\u0131ld\u0131.\u00a0 BAKAN YARDIMCISI G\u00dcRCAN\u2019DAN TEBR\u0130K Bakan Yard\u0131mc\u0131s\u0131 Mahmut G\u00fcrcan, toplant\u0131 sonras\u0131 heyetiyle birlikte AESOB Ba\u015fkan\u0131 Adl\u0131han Dere\u2019ye TESK Genel Ba\u015fkan Vekili olarak se\u00e7ilmesi dolay\u0131s\u0131yla tebrik ziyaretinde bulundu. Ba\u015fkan Dere, Bakan Yard\u0131mc\u0131s\u0131 Mahmut G\u00fcrcan\u2019a Antalya esnaf ve sanatk\u00e2rlar\u0131n\u0131n genel durumunu, sorun ve taleplerini aktard\u0131. Ziyarette, esnaf odalar\u0131n\u0131n \u00fcyelerinden yapacaklar\u0131 tahsilat i\u015flemlerinde banka ve havuz sistemi ile alakal\u0131 \u00f6nerilerini, NACE faaliyet kodlar\u0131, defter tutma hadleri gibi konular \u00fczerine de\u011ferlendirmelerde bulunuldu. \u201cADLIHAN DERE \u00d6NEML\u0130 B\u0130R G\u00d6REV \u00dcSTLEN\u0130YOR\u201d Bakan Yard\u0131mc\u0131s\u0131 G\u00fcrcan, Ba\u015fkan Dere\u2019nin \u015fehrin ekonomisine, ticaretine ve k\u00fclt\u00fcr\u00fcne katk\u0131lar sunan, esnaflar\u0131n desteklenmesi ve toplumsal dayan\u0131\u015fman\u0131n g\u00fc\u00e7lendirilmesi noktas\u0131nda \u00f6nemli &hellip;","og_url":"https:\/\/denizcankizil.tr\/ru\/haberler\/gundem\/ticaret-bakan-yardimcisi-gurcandan-aesob-baskani-dereye-ovgu-yagmuru\/","og_site_name":"Av. Deniz Can K\u0131z\u0131l","article_published_time":"2024-11-11T19:41:25+00:00","twitter_card":"summary_large_image","twitter_misc":{"\u041f\u0440\u0438\u043c\u0435\u0440\u043d\u043e\u0435 \u0432\u0440\u0435\u043c\u044f \u0434\u043b\u044f \u0447\u0442\u0435\u043d\u0438\u044f":"2 \u043c\u0438\u043d\u0443\u0442\u044b"},"schema":{"@context":"https:\/\/schema.org","@graph":[{"@type":"Article","@id":"https:\/\/denizcankizil.tr\/ru\/haberler\/gundem\/ticaret-bakan-yardimcisi-gurcandan-aesob-baskani-dereye-ovgu-yagmuru\/#article","isPartOf":{"@id":"https:\/\/denizcankizil.tr\/ru\/haberler\/gundem\/ticaret-bakan-yardimcisi-gurcandan-aesob-baskani-dereye-ovgu-yagmuru\/"},"author":{"name":"","@id":""},"headline":"Ticaret Bakan Yard\u0131mc\u0131s\u0131 G\u00fcrcan\u2019dan AESOB Ba\u015fkan\u0131 Dere\u2019ye \u00f6vg\u00fc ya\u011fmuru","datePublished":"2024-11-11T19:41:25+00:00","mainEntityOfPage":{"@id":"https:\/\/denizcankizil.tr\/ru\/haberler\/gundem\/ticaret-bakan-yardimcisi-gurcandan-aesob-baskani-dereye-ovgu-yagmuru\/"},"wordCount":435,"commentCount":0,"publisher":{"@id":"https:\/\/denizcankizil.tr\/#organization"},"articleSection":["G\u00fcndem","Uncategorized"],"inLanguage":"ru-RU","potentialAction":[{"@type":"CommentAction","name":"Comment","target":["https:\/\/denizcankizil.tr\/ru\/haberler\/gundem\/ticaret-bakan-yardimcisi-gurcandan-aesob-baskani-dereye-ovgu-yagmuru\/#respond"]}]},{"@type":"WebPage","@id":"https:\/\/denizcankizil.tr\/ru\/haberler\/gundem\/ticaret-bakan-yardimcisi-gurcandan-aesob-baskani-dereye-ovgu-yagmuru\/","url":"https:\/\/denizcankizil.tr\/ru\/haberler\/gundem\/ticaret-bakan-yardimcisi-gurcandan-aesob-baskani-dereye-ovgu-yagmuru\/","name":"Ticaret Bakan Yard\u0131mc\u0131s\u0131 G\u00fcrcan\u2019dan AESOB Ba\u015fkan\u0131 Dere\u2019ye \u00f6vg\u00fc ya\u011fmuru - Av. Deniz Can K\u0131z\u0131l","isPartOf":{"@id":"https:\/\/denizcankizil.tr\/#website"},"datePublished":"2024-11-11T19:41:25+00:00","breadcrumb":{"@id":"https:\/\/denizcankizil.tr\/ru\/haberler\/gundem\/ticaret-bakan-yardimcisi-gurcandan-aesob-baskani-dereye-ovgu-yagmuru\/#breadcrumb"},"inLanguage":"ru-RU","potentialAction":[{"@type":"ReadAction","target":["https:\/\/denizcankizil.tr\/ru\/haberler\/gundem\/ticaret-bakan-yardimcisi-gurcandan-aesob-baskani-dereye-ovgu-yagmuru\/"]}]},{"@type":"BreadcrumbList","@id":"https:\/\/denizcankizil.tr\/ru\/haberler\/gundem\/ticaret-bakan-yardimcisi-gurcandan-aesob-baskani-dereye-ovgu-yagmuru\/#breadcrumb","itemListElement":[{"@type":"ListItem","position":1,"name":"Home","item":"https:\/\/denizcankizil.tr\/de\/"},{"@type":"ListItem","position":2,"name":"Ticaret Bakan Yard\u0131mc\u0131s\u0131 G\u00fcrcan\u2019dan AESOB Ba\u015fkan\u0131 Dere\u2019ye \u00f6vg\u00fc ya\u011fmuru"}]},{"@type":"WebSite","@id":"https:\/\/denizcankizil.tr\/#website","url":"https:\/\/denizcankizil.tr\/","name":"Av. Deniz Can K\u0131z\u0131l","description":"Avukat Deniz Can K\u0131z\u0131l Antalya Barosu","publisher":{"@id":"https:\/\/denizcankizil.tr\/#organization"},"potentialAction":[{"@type":"SearchAction","target":{"@type":"EntryPoint","urlTemplate":"https:\/\/denizcankizil.tr\/?s={search_term_string}"},"query-input":{"@type":"PropertyValueSpecification","valueRequired":true,"valueName":"search_term_string"}}],"inLanguage":"ru-RU"},{"@type":"Organization","@id":"https:\/\/denizcankizil.tr\/#organization","name":"Av. Deniz Can K\u0131z\u0131l","url":"https:\/\/denizcankizil.tr\/","logo":{"@type":"ImageObject","inLanguage":"ru-RU","@id":"https:\/\/denizcankizil.tr\/#\/schema\/logo\/image\/","url":"https:\/\/denizcankizil.tr\/wp-content\/uploads\/2024\/10\/siyah-logo-svg.svg","contentUrl":"https:\/\/denizcankizil.tr\/wp-content\/uploads\/2024\/10\/siyah-logo-svg.svg","width":1080,"height":1080,"caption":"Av. Deniz Can K\u0131z\u0131l"},"image":{"@id":"https:\/\/denizcankizil.tr\/#\/schema\/logo\/image\/"}}]}},"_links":{"self":[{"href":"https:\/\/denizcankizil.tr\/ru\/wp-json\/wp\/v2\/posts\/15582","targetHints":{"allow":["GET"]}}],"collection":[{"href":"https:\/\/denizcankizil.tr\/ru\/wp-json\/wp\/v2\/posts"}],"about":[{"href":"https:\/\/denizcankizil.tr\/ru\/wp-json\/wp\/v2\/types\/post"}],"replies":[{"embeddable":true,"href":"https:\/\/denizcankizil.tr\/ru\/wp-json\/wp\/v2\/comments?post=15582"}],"version-history":[{"count":0,"href":"https:\/\/denizcankizil.tr\/ru\/wp-json\/wp\/v2\/posts\/15582\/revisions"}],"wp:attachment":[{"href":"https:\/\/denizcankizil.tr\/ru\/wp-json\/wp\/v2\/media?parent=15582"}],"wp:term":[{"taxonomy":"category","embeddable":true,"href":"https:\/\/denizcankizil.tr\/ru\/wp-json\/wp\/v2\/categories?post=15582"},{"taxonomy":"post_tag","embeddable":true,"href":"https:\/\/denizcankizil.tr\/ru\/wp-json\/wp\/v2\/tags?post=15582"}],"curies":[{"name":"wp","href":"https:\/\/api.w.org\/{rel}","templated":true}]}}