{"id":15498,"date":"2024-11-11T09:42:31","date_gmt":"2024-11-11T06:42:31","guid":{"rendered":"https:\/\/denizcankizil.tr\/uncategorized-tr\/antalyanin-kaosa-donen-trafigi-sehri-ikiye-ayirdi\/"},"modified":"2024-11-11T09:42:31","modified_gmt":"2024-11-11T06:42:31","slug":"antalyanin-kaosa-donen-trafigi-sehri-ikiye-ayirdi","status":"publish","type":"post","link":"https:\/\/denizcankizil.tr\/ru\/haberler\/gundem\/antalyanin-kaosa-donen-trafigi-sehri-ikiye-ayirdi\/","title":{"rendered":"Antalya\u2019n\u0131n kaosa d\u00f6nen trafi\u011fi \u015fehri ikiye ay\u0131rd\u0131!"},"content":{"rendered":"<p>Antalya, son y\u0131llarda b\u00fcy\u00fcyen n\u00fcfusu ve artan bireysel ara\u00e7 kullan\u0131m\u0131 ile giderek daha ciddi bir trafik sorunuyla kar\u015f\u0131 kar\u015f\u0131ya kald\u0131. \u00d6zellikle turizm sezonunda Antalya\u2019n\u0131n ana arterlerinde ya\u015fanan yo\u011funluk nedeniyle s\u00fcr\u00fcc\u00fcler ve turistler i\u00e7in g\u00fcnl\u00fck ya\u015fam\u0131 zorla\u015ft\u0131r\u0131yor. \u015eehrin Konyaalt\u0131 ve Muratpa\u015fa gibi \u00f6nemli il\u00e7elerinde trafik s\u0131k\u0131\u015f\u0131kl\u0131\u011f\u0131 \u00f6zellikle sabah ve ak\u015fam saatlerinde i\u00e7inden \u00e7\u0131k\u0131lmaz bir hal ald\u0131. Trafikte saatlerce s\u00fcren bekleyi\u015f, \u015fehrin hem ya\u015fam kalitesini hem de turizm imaj\u0131n\u0131 olumsuz etkilemeye ba\u015flad\u0131. \u00a0<\/p>\n<p>TOPLU TA\u015eIMADAN KA\u00c7I\u015e<\/p>\n<p>Antalya K\u00f6rfez Gazetesi muhabiri Ertu\u011frul G\u00fcn&#8217;\u00fcn haberine g\u00f6re; pandemi d\u00f6nemiyle birlikte toplu ta\u015f\u0131ma kullan\u0131m\u0131nda ciddi bir d\u00fc\u015f\u00fc\u015f ya\u015fand\u0131. Pandemi \u00f6ncesinde Antalya\u2019da g\u00fcnl\u00fck yakla\u015f\u0131k 380 bin ki\u015fi toplu ta\u015f\u0131ma ara\u00e7lar\u0131n\u0131 kullan\u0131rken, bu say\u0131 g\u00fcn\u00fcm\u00fczde 260 bine geriledi. Antalya\u2019daki bireysel ara\u00e7 kullan\u0131m\u0131ndaki bu art\u0131\u015f, \u015fehir genelinde trafik yo\u011funlu\u011funu art\u0131rarak ciddi bir sorun haline geldi. Trafikteki bu yo\u011funluk sadece bireysel ara\u00e7 sahiplerini de\u011fil, toplu ta\u015f\u0131ma kullanan vatanda\u015flar\u0131 da etkileyerek \u015fehirdeki ula\u015f\u0131m sorununu daha da b\u00fcy\u00fctt\u00fc.\u00a0<\/p>\n<p>TUR\u0130ZM \u00c7ALI\u015eANLARI YOLLARDA<\/p>\n<p>Yaz sezonunda Antalya\u2019y\u0131 ziyarete gelen milyonlarca turistin de katk\u0131s\u0131yla trafik yo\u011funlu\u011fu adeta zirveye ula\u015ft\u0131. Turizm sezonunun yo\u011fun oldu\u011fu yaz aylar\u0131nda, \u015fehre gelen yerli ve yabanc\u0131 turistlerin say\u0131s\u0131n\u0131n artmas\u0131, Antalya\u2019n\u0131n ana arterlerinde ve turistik b\u00f6lgelerinde trafi\u011fin durma noktas\u0131na gelmesine neden oldu. Turizm b\u00f6lgesi Kemer, Belek, Kadriye, Kundu, Kemera\u011fz\u0131, Beldibi\u2019nde bulunan i\u015flerine gitmek i\u00e7in trafikte saatlerce zaman harcamak zorunda kalan \u00e7al\u0131\u015fanlar, bu durumun hem motivasyonlar\u0131n\u0131 hem de verimliliklerini olumsuz etkiledi\u011fini belirtti.\u00a0<\/p>\n<p>\u015eEH\u0130R \u0130K\u0130YE B\u00d6L\u00dcND\u00dc<\/p>\n<p>Antalya\u2019n\u0131n trafik sorunu sadece \u015fehir merkezinde de\u011fil, Antalya-Alanya-Kemer hatt\u0131 boyunca da yo\u011fun bir \u015fekilde hissediliyor. Havaliman\u0131ndan \u015fehir merkezine veya turistik b\u00f6lgelere ula\u015fmak baz\u0131 g\u00fcnlerde saatler s\u00fcrebiliyor. AK Parti Konyaalt\u0131 \u0130l\u00e7e Ba\u015fkan\u0131 Yunus G\u00fcnal, \u015fehirdeki trafik sorununa dikkat \u00e7ekerek, Konyaalt\u0131 ve Muratpa\u015fa b\u00f6lgelerinde ya\u015fayan insanlar\u0131n kar\u015f\u0131l\u0131kl\u0131 olarak bu b\u00f6lgeler aras\u0131nda gidip gelmekten ka\u00e7\u0131nd\u0131\u011f\u0131n\u0131 ifade etti. G\u00fcnal\u2019a g\u00f6re, trafik sorunu \u015fehri adeta ikiye b\u00f6lerek, \u015fehir i\u00e7i ziyaretleri de \u00f6nemli derecede azaltt\u0131.<\/p>\n<p>UZMANLARDAN \u00c7A\u011eRI<\/p>\n<p>Trafik sorununa \u00e7\u00f6z\u00fcm aray\u0131\u015f\u0131nda olan uzmanlar, Antalya B\u00fcy\u00fck\u015fehir Belediyesi ve merkezi h\u00fck\u00fcmetin harekete ge\u00e7mesi gerekti\u011fini belirtti. Uzmanlara g\u00f6re, toplu ta\u015f\u0131man\u0131n yeniden cazip hale getirilmesi ve toplu ta\u015f\u0131ma kullan\u0131m\u0131n\u0131n te\u015fvik edilmesi, trafik yo\u011funlu\u011funu azaltmak i\u00e7in \u00f6nemli bir ad\u0131m olabilece\u011fi belirtildi. \u015eehir Planc\u0131lar\u0131 Odas\u0131 Ba\u015fkan\u0131 Funda Y\u00f6r\u00fck, \u201cEn \u00f6nemli yat\u0131r\u0131m toplu ta\u015f\u0131maya yap\u0131lmal\u0131d\u0131r. Toplu ta\u015f\u0131ma sisteminiz do\u011fru \u00e7al\u0131\u015f\u0131r, yollar\u0131n\u0131z bu sisteme g\u00f6re yeniden d\u00fczenlenirse o zaman trafik rahatlar. \u0130nsanlar\u0131n toplu ta\u015f\u0131maya yeniden d\u00f6nmesi gerekiyor. At\u0131lacak olan ad\u0131mlar buna g\u00f6re at\u0131lmal\u0131d\u0131r\u201d dedi.\u00a0<\/p>\n<p>\u00a0<br \/>\n\u00a0<\/p>\n<p>\u200bAntalya\u2019da son y\u0131llarda i\u00e7inden \u00e7\u0131k\u0131lmaz bir hal alan Antalya trafi\u011fi \u015fehrin do\u011fusu ile bat\u0131s\u0131n\u0131 ay\u0131rd\u0131. Konyaalt\u0131 ve Muratpa\u015fa il\u00e7elerinde ya\u015fayanlar trafik stresine girmemek i\u00e7in art\u0131k il\u00e7e de\u011fi\u015ftirmiyor. Trafi\u011fe k\u00f6kl\u00fc \u00e7\u00f6z\u00fcm bulunmamas\u0131 durumunda ilerleyen s\u00fcre\u00e7lerde daha s\u0131k\u0131nt\u0131l\u0131 d\u00f6nemlerin ba\u015flayaca\u011f\u0131 uyar\u0131s\u0131nda bulunan uzmanlar, gerekli ad\u0131mlar\u0131n at\u0131lmas\u0131 i\u00e7in \u00e7a\u011fr\u0131da bulundu.\u00a0<\/p>\n<p>\u200bHaberin Al\u0131nt\u0131land\u0131\u011f\u0131 Kaynak: www.antalyakorfez.com<\/p>","protected":false},"excerpt":{"rendered":"<p>Antalya, son y\u0131llarda b\u00fcy\u00fcyen n\u00fcfusu ve artan bireysel ara\u00e7 kullan\u0131m\u0131 ile giderek daha ciddi bir trafik sorunuyla kar\u015f\u0131 kar\u015f\u0131ya kald\u0131. \u00d6zellikle turizm sezonunda Antalya\u2019n\u0131n ana arterlerinde ya\u015fanan yo\u011funluk nedeniyle s\u00fcr\u00fcc\u00fcler ve turistler i\u00e7in g\u00fcnl\u00fck ya\u015fam\u0131 zorla\u015ft\u0131r\u0131yor. \u015eehrin Konyaalt\u0131 ve Muratpa\u015fa gibi \u00f6nemli il\u00e7elerinde trafik s\u0131k\u0131\u015f\u0131kl\u0131\u011f\u0131 \u00f6zellikle sabah ve ak\u015fam saatlerinde i\u00e7inden \u00e7\u0131k\u0131lmaz bir hal ald\u0131. Trafikte saatlerce s\u00fcren bekleyi\u015f, \u015fehrin hem ya\u015fam kalitesini hem de turizm imaj\u0131n\u0131 olumsuz etkilemeye ba\u015flad\u0131. \u00a0 TOPLU TA\u015eIMADAN KA\u00c7I\u015e Antalya K\u00f6rfez Gazetesi muhabiri Ertu\u011frul G\u00fcn&#8217;\u00fcn haberine g\u00f6re; pandemi d\u00f6nemiyle birlikte toplu ta\u015f\u0131ma kullan\u0131m\u0131nda ciddi bir d\u00fc\u015f\u00fc\u015f ya\u015fand\u0131. Pandemi \u00f6ncesinde Antalya\u2019da g\u00fcnl\u00fck yakla\u015f\u0131k 380 bin ki\u015fi toplu ta\u015f\u0131ma ara\u00e7lar\u0131n\u0131 kullan\u0131rken, bu say\u0131 g\u00fcn\u00fcm\u00fczde 260 bine geriledi. Antalya\u2019daki bireysel ara\u00e7 kullan\u0131m\u0131ndaki bu art\u0131\u015f, \u015fehir genelinde trafik yo\u011funlu\u011funu art\u0131rarak ciddi bir sorun haline geldi. Trafikteki bu yo\u011funluk sadece bireysel ara\u00e7 sahiplerini de\u011fil, toplu ta\u015f\u0131ma kullanan vatanda\u015flar\u0131 da etkileyerek \u015fehirdeki ula\u015f\u0131m sorununu daha da b\u00fcy\u00fctt\u00fc.\u00a0 TUR\u0130ZM \u00c7ALI\u015eANLARI YOLLARDA Yaz sezonunda Antalya\u2019y\u0131 ziyarete gelen milyonlarca turistin de katk\u0131s\u0131yla trafik yo\u011funlu\u011fu adeta zirveye ula\u015ft\u0131. Turizm sezonunun yo\u011fun oldu\u011fu yaz aylar\u0131nda, \u015fehre gelen yerli ve yabanc\u0131 turistlerin say\u0131s\u0131n\u0131n artmas\u0131, Antalya\u2019n\u0131n ana arterlerinde ve turistik b\u00f6lgelerinde trafi\u011fin durma noktas\u0131na gelmesine neden oldu. Turizm b\u00f6lgesi Kemer, Belek, Kadriye, Kundu, Kemera\u011fz\u0131, Beldibi\u2019nde bulunan i\u015flerine gitmek &hellip;<\/p>","protected":false},"author":0,"featured_media":0,"comment_status":"open","ping_status":"open","sticky":false,"template":"","format":"standard","meta":{"_acf_changed":false,"footnotes":""},"categories":[24,535],"tags":[],"class_list":["post-15498","post","type-post","status-publish","format-standard","has-post-thumbnail","hentry","category-gundem","category-uncategorized-tr"],"acf":[],"yoast_head":"<!-- This site is optimized with the Yoast SEO Premium plugin v26.6 (Yoast SEO v27.1.1) - https:\/\/yoast.com\/product\/yoast-seo-premium-wordpress\/ -->\n<title>Antalya\u2019n\u0131n kaosa d\u00f6nen trafi\u011fi \u015fehri ikiye ay\u0131rd\u0131! - Av. Deniz Can K\u0131z\u0131l<\/title>\n<meta name=\"robots\" content=\"index, follow, max-snippet:-1, max-image-preview:large, max-video-preview:-1\" \/>\n<link rel=\"canonical\" href=\"http:\/\/denizcankizil.tr\/ru\/haberler\/gundem\/antalyanin-kaosa-donen-trafigi-sehri-ikiye-ayirdi\/\" \/>\n<meta property=\"og:locale\" content=\"ru_RU\" \/>\n<meta property=\"og:type\" content=\"article\" \/>\n<meta property=\"og:title\" content=\"Antalya\u2019n\u0131n kaosa d\u00f6nen trafi\u011fi \u015fehri ikiye ay\u0131rd\u0131!\" \/>\n<meta property=\"og:description\" content=\"Antalya, son y\u0131llarda b\u00fcy\u00fcyen n\u00fcfusu ve artan bireysel ara\u00e7 kullan\u0131m\u0131 ile giderek daha ciddi bir trafik sorunuyla kar\u015f\u0131 kar\u015f\u0131ya kald\u0131. \u00d6zellikle turizm sezonunda Antalya\u2019n\u0131n ana arterlerinde ya\u015fanan yo\u011funluk nedeniyle s\u00fcr\u00fcc\u00fcler ve turistler i\u00e7in g\u00fcnl\u00fck ya\u015fam\u0131 zorla\u015ft\u0131r\u0131yor. \u015eehrin Konyaalt\u0131 ve Muratpa\u015fa gibi \u00f6nemli il\u00e7elerinde trafik s\u0131k\u0131\u015f\u0131kl\u0131\u011f\u0131 \u00f6zellikle sabah ve ak\u015fam saatlerinde i\u00e7inden \u00e7\u0131k\u0131lmaz bir hal ald\u0131. Trafikte saatlerce s\u00fcren bekleyi\u015f, \u015fehrin hem ya\u015fam kalitesini hem de turizm imaj\u0131n\u0131 olumsuz etkilemeye ba\u015flad\u0131. \u00a0 TOPLU TA\u015eIMADAN KA\u00c7I\u015e Antalya K\u00f6rfez Gazetesi muhabiri Ertu\u011frul G\u00fcn&#8217;\u00fcn haberine g\u00f6re; pandemi d\u00f6nemiyle birlikte toplu ta\u015f\u0131ma kullan\u0131m\u0131nda ciddi bir d\u00fc\u015f\u00fc\u015f ya\u015fand\u0131. Pandemi \u00f6ncesinde Antalya\u2019da g\u00fcnl\u00fck yakla\u015f\u0131k 380 bin ki\u015fi toplu ta\u015f\u0131ma ara\u00e7lar\u0131n\u0131 kullan\u0131rken, bu say\u0131 g\u00fcn\u00fcm\u00fczde 260 bine geriledi. Antalya\u2019daki bireysel ara\u00e7 kullan\u0131m\u0131ndaki bu art\u0131\u015f, \u015fehir genelinde trafik yo\u011funlu\u011funu art\u0131rarak ciddi bir sorun haline geldi. Trafikteki bu yo\u011funluk sadece bireysel ara\u00e7 sahiplerini de\u011fil, toplu ta\u015f\u0131ma kullanan vatanda\u015flar\u0131 da etkileyerek \u015fehirdeki ula\u015f\u0131m sorununu daha da b\u00fcy\u00fctt\u00fc.\u00a0 TUR\u0130ZM \u00c7ALI\u015eANLARI YOLLARDA Yaz sezonunda Antalya\u2019y\u0131 ziyarete gelen milyonlarca turistin de katk\u0131s\u0131yla trafik yo\u011funlu\u011fu adeta zirveye ula\u015ft\u0131. Turizm sezonunun yo\u011fun oldu\u011fu yaz aylar\u0131nda, \u015fehre gelen yerli ve yabanc\u0131 turistlerin say\u0131s\u0131n\u0131n artmas\u0131, Antalya\u2019n\u0131n ana arterlerinde ve turistik b\u00f6lgelerinde trafi\u011fin durma noktas\u0131na gelmesine neden oldu. Turizm b\u00f6lgesi Kemer, Belek, Kadriye, Kundu, Kemera\u011fz\u0131, Beldibi\u2019nde bulunan i\u015flerine gitmek &hellip;\" \/>\n<meta property=\"og:url\" content=\"http:\/\/denizcankizil.tr\/ru\/haberler\/gundem\/antalyanin-kaosa-donen-trafigi-sehri-ikiye-ayirdi\/\" \/>\n<meta property=\"og:site_name\" content=\"Av. Deniz Can K\u0131z\u0131l\" \/>\n<meta property=\"article:published_time\" content=\"2024-11-11T06:42:31+00:00\" \/>\n<meta name=\"twitter:card\" content=\"summary_large_image\" \/>\n<meta name=\"twitter:label1\" content=\"\u041f\u0440\u0438\u043c\u0435\u0440\u043d\u043e\u0435 \u0432\u0440\u0435\u043c\u044f \u0434\u043b\u044f \u0447\u0442\u0435\u043d\u0438\u044f\" \/>\n\t<meta name=\"twitter:data1\" content=\"3 \u043c\u0438\u043d\u0443\u0442\u044b\" \/>\n<script type=\"application\/ld+json\" class=\"yoast-schema-graph\">{\"@context\":\"https:\/\/schema.org\",\"@graph\":[{\"@type\":\"Article\",\"@id\":\"http:\/\/denizcankizil.tr\/uk\/haberler\/gundem\/antalyanin-kaosa-donen-trafigi-sehri-ikiye-ayirdi\/#article\",\"isPartOf\":{\"@id\":\"http:\/\/denizcankizil.tr\/uk\/haberler\/gundem\/antalyanin-kaosa-donen-trafigi-sehri-ikiye-ayirdi\/\"},\"author\":{\"name\":\"\",\"@id\":\"\"},\"headline\":\"Antalya\u2019n\u0131n kaosa d\u00f6nen trafi\u011fi \u015fehri ikiye ay\u0131rd\u0131!\",\"datePublished\":\"2024-11-11T06:42:31+00:00\",\"mainEntityOfPage\":{\"@id\":\"http:\/\/denizcankizil.tr\/uk\/haberler\/gundem\/antalyanin-kaosa-donen-trafigi-sehri-ikiye-ayirdi\/\"},\"wordCount\":645,\"commentCount\":0,\"publisher\":{\"@id\":\"https:\/\/denizcankizil.tr\/de\/#organization\"},\"articleSection\":[\"G\u00fcndem\",\"Uncategorized\"],\"inLanguage\":\"ru-RU\",\"potentialAction\":[{\"@type\":\"CommentAction\",\"name\":\"Comment\",\"target\":[\"http:\/\/denizcankizil.tr\/uk\/haberler\/gundem\/antalyanin-kaosa-donen-trafigi-sehri-ikiye-ayirdi\/#respond\"]}]},{\"@type\":\"WebPage\",\"@id\":\"http:\/\/denizcankizil.tr\/uk\/haberler\/gundem\/antalyanin-kaosa-donen-trafigi-sehri-ikiye-ayirdi\/\",\"url\":\"http:\/\/denizcankizil.tr\/uk\/haberler\/gundem\/antalyanin-kaosa-donen-trafigi-sehri-ikiye-ayirdi\/\",\"name\":\"Antalya\u2019n\u0131n kaosa d\u00f6nen trafi\u011fi \u015fehri ikiye ay\u0131rd\u0131! - Av. Deniz Can K\u0131z\u0131l\",\"isPartOf\":{\"@id\":\"https:\/\/denizcankizil.tr\/de\/#website\"},\"datePublished\":\"2024-11-11T06:42:31+00:00\",\"breadcrumb\":{\"@id\":\"http:\/\/denizcankizil.tr\/uk\/haberler\/gundem\/antalyanin-kaosa-donen-trafigi-sehri-ikiye-ayirdi\/#breadcrumb\"},\"inLanguage\":\"ru-RU\",\"potentialAction\":[{\"@type\":\"ReadAction\",\"target\":[\"http:\/\/denizcankizil.tr\/uk\/haberler\/gundem\/antalyanin-kaosa-donen-trafigi-sehri-ikiye-ayirdi\/\"]}]},{\"@type\":\"BreadcrumbList\",\"@id\":\"http:\/\/denizcankizil.tr\/uk\/haberler\/gundem\/antalyanin-kaosa-donen-trafigi-sehri-ikiye-ayirdi\/#breadcrumb\",\"itemListElement\":[{\"@type\":\"ListItem\",\"position\":1,\"name\":\"Home\",\"item\":\"https:\/\/denizcankizil.tr\/de\/\"},{\"@type\":\"ListItem\",\"position\":2,\"name\":\"Antalya\u2019n\u0131n kaosa d\u00f6nen trafi\u011fi \u015fehri ikiye ay\u0131rd\u0131!\"}]},{\"@type\":\"WebSite\",\"@id\":\"https:\/\/denizcankizil.tr\/de\/#website\",\"url\":\"https:\/\/denizcankizil.tr\/de\/\",\"name\":\"Av. Deniz Can K\u0131z\u0131l\",\"description\":\"Avukat Deniz Can K\u0131z\u0131l Antalya Barosu\",\"publisher\":{\"@id\":\"https:\/\/denizcankizil.tr\/de\/#organization\"},\"potentialAction\":[{\"@type\":\"SearchAction\",\"target\":{\"@type\":\"EntryPoint\",\"urlTemplate\":\"https:\/\/denizcankizil.tr\/de\/?s={search_term_string}\"},\"query-input\":{\"@type\":\"PropertyValueSpecification\",\"valueRequired\":true,\"valueName\":\"search_term_string\"}}],\"inLanguage\":\"ru-RU\"},{\"@type\":\"Organization\",\"@id\":\"https:\/\/denizcankizil.tr\/de\/#organization\",\"name\":\"Av. Deniz Can K\u0131z\u0131l\",\"url\":\"https:\/\/denizcankizil.tr\/de\/\",\"logo\":{\"@type\":\"ImageObject\",\"inLanguage\":\"ru-RU\",\"@id\":\"https:\/\/denizcankizil.tr\/de\/#\/schema\/logo\/image\/\",\"url\":\"https:\/\/denizcankizil.tr\/wp-content\/uploads\/2024\/10\/siyah-logo-svg.svg\",\"contentUrl\":\"https:\/\/denizcankizil.tr\/wp-content\/uploads\/2024\/10\/siyah-logo-svg.svg\",\"width\":1080,\"height\":1080,\"caption\":\"Av. Deniz Can K\u0131z\u0131l\"},\"image\":{\"@id\":\"https:\/\/denizcankizil.tr\/de\/#\/schema\/logo\/image\/\"}}]}<\/script>\n<!-- \/ Yoast SEO Premium plugin. -->","yoast_head_json":{"title":"Antalya\u2019n\u0131n kaosa d\u00f6nen trafi\u011fi \u015fehri ikiye ay\u0131rd\u0131! - Av. Deniz Can K\u0131z\u0131l","robots":{"index":"index","follow":"follow","max-snippet":"max-snippet:-1","max-image-preview":"max-image-preview:large","max-video-preview":"max-video-preview:-1"},"canonical":"http:\/\/denizcankizil.tr\/ru\/haberler\/gundem\/antalyanin-kaosa-donen-trafigi-sehri-ikiye-ayirdi\/","og_locale":"ru_RU","og_type":"article","og_title":"Antalya\u2019n\u0131n kaosa d\u00f6nen trafi\u011fi \u015fehri ikiye ay\u0131rd\u0131!","og_description":"Antalya, son y\u0131llarda b\u00fcy\u00fcyen n\u00fcfusu ve artan bireysel ara\u00e7 kullan\u0131m\u0131 ile giderek daha ciddi bir trafik sorunuyla kar\u015f\u0131 kar\u015f\u0131ya kald\u0131. \u00d6zellikle turizm sezonunda Antalya\u2019n\u0131n ana arterlerinde ya\u015fanan yo\u011funluk nedeniyle s\u00fcr\u00fcc\u00fcler ve turistler i\u00e7in g\u00fcnl\u00fck ya\u015fam\u0131 zorla\u015ft\u0131r\u0131yor. \u015eehrin Konyaalt\u0131 ve Muratpa\u015fa gibi \u00f6nemli il\u00e7elerinde trafik s\u0131k\u0131\u015f\u0131kl\u0131\u011f\u0131 \u00f6zellikle sabah ve ak\u015fam saatlerinde i\u00e7inden \u00e7\u0131k\u0131lmaz bir hal ald\u0131. Trafikte saatlerce s\u00fcren bekleyi\u015f, \u015fehrin hem ya\u015fam kalitesini hem de turizm imaj\u0131n\u0131 olumsuz etkilemeye ba\u015flad\u0131. \u00a0 TOPLU TA\u015eIMADAN KA\u00c7I\u015e Antalya K\u00f6rfez Gazetesi muhabiri Ertu\u011frul G\u00fcn&#8217;\u00fcn haberine g\u00f6re; pandemi d\u00f6nemiyle birlikte toplu ta\u015f\u0131ma kullan\u0131m\u0131nda ciddi bir d\u00fc\u015f\u00fc\u015f ya\u015fand\u0131. Pandemi \u00f6ncesinde Antalya\u2019da g\u00fcnl\u00fck yakla\u015f\u0131k 380 bin ki\u015fi toplu ta\u015f\u0131ma ara\u00e7lar\u0131n\u0131 kullan\u0131rken, bu say\u0131 g\u00fcn\u00fcm\u00fczde 260 bine geriledi. Antalya\u2019daki bireysel ara\u00e7 kullan\u0131m\u0131ndaki bu art\u0131\u015f, \u015fehir genelinde trafik yo\u011funlu\u011funu art\u0131rarak ciddi bir sorun haline geldi. Trafikteki bu yo\u011funluk sadece bireysel ara\u00e7 sahiplerini de\u011fil, toplu ta\u015f\u0131ma kullanan vatanda\u015flar\u0131 da etkileyerek \u015fehirdeki ula\u015f\u0131m sorununu daha da b\u00fcy\u00fctt\u00fc.\u00a0 TUR\u0130ZM \u00c7ALI\u015eANLARI YOLLARDA Yaz sezonunda Antalya\u2019y\u0131 ziyarete gelen milyonlarca turistin de katk\u0131s\u0131yla trafik yo\u011funlu\u011fu adeta zirveye ula\u015ft\u0131. Turizm sezonunun yo\u011fun oldu\u011fu yaz aylar\u0131nda, \u015fehre gelen yerli ve yabanc\u0131 turistlerin say\u0131s\u0131n\u0131n artmas\u0131, Antalya\u2019n\u0131n ana arterlerinde ve turistik b\u00f6lgelerinde trafi\u011fin durma noktas\u0131na gelmesine neden oldu. Turizm b\u00f6lgesi Kemer, Belek, Kadriye, Kundu, Kemera\u011fz\u0131, Beldibi\u2019nde bulunan i\u015flerine gitmek &hellip;","og_url":"http:\/\/denizcankizil.tr\/ru\/haberler\/gundem\/antalyanin-kaosa-donen-trafigi-sehri-ikiye-ayirdi\/","og_site_name":"Av. Deniz Can K\u0131z\u0131l","article_published_time":"2024-11-11T06:42:31+00:00","twitter_card":"summary_large_image","twitter_misc":{"\u041f\u0440\u0438\u043c\u0435\u0440\u043d\u043e\u0435 \u0432\u0440\u0435\u043c\u044f \u0434\u043b\u044f \u0447\u0442\u0435\u043d\u0438\u044f":"3 \u043c\u0438\u043d\u0443\u0442\u044b"},"schema":{"@context":"https:\/\/schema.org","@graph":[{"@type":"Article","@id":"http:\/\/denizcankizil.tr\/uk\/haberler\/gundem\/antalyanin-kaosa-donen-trafigi-sehri-ikiye-ayirdi\/#article","isPartOf":{"@id":"http:\/\/denizcankizil.tr\/uk\/haberler\/gundem\/antalyanin-kaosa-donen-trafigi-sehri-ikiye-ayirdi\/"},"author":{"name":"","@id":""},"headline":"Antalya\u2019n\u0131n kaosa d\u00f6nen trafi\u011fi \u015fehri ikiye ay\u0131rd\u0131!","datePublished":"2024-11-11T06:42:31+00:00","mainEntityOfPage":{"@id":"http:\/\/denizcankizil.tr\/uk\/haberler\/gundem\/antalyanin-kaosa-donen-trafigi-sehri-ikiye-ayirdi\/"},"wordCount":645,"commentCount":0,"publisher":{"@id":"https:\/\/denizcankizil.tr\/de\/#organization"},"articleSection":["G\u00fcndem","Uncategorized"],"inLanguage":"ru-RU","potentialAction":[{"@type":"CommentAction","name":"Comment","target":["http:\/\/denizcankizil.tr\/uk\/haberler\/gundem\/antalyanin-kaosa-donen-trafigi-sehri-ikiye-ayirdi\/#respond"]}]},{"@type":"WebPage","@id":"http:\/\/denizcankizil.tr\/uk\/haberler\/gundem\/antalyanin-kaosa-donen-trafigi-sehri-ikiye-ayirdi\/","url":"http:\/\/denizcankizil.tr\/uk\/haberler\/gundem\/antalyanin-kaosa-donen-trafigi-sehri-ikiye-ayirdi\/","name":"Antalya\u2019n\u0131n kaosa d\u00f6nen trafi\u011fi \u015fehri ikiye ay\u0131rd\u0131! - Av. Deniz Can K\u0131z\u0131l","isPartOf":{"@id":"https:\/\/denizcankizil.tr\/de\/#website"},"datePublished":"2024-11-11T06:42:31+00:00","breadcrumb":{"@id":"http:\/\/denizcankizil.tr\/uk\/haberler\/gundem\/antalyanin-kaosa-donen-trafigi-sehri-ikiye-ayirdi\/#breadcrumb"},"inLanguage":"ru-RU","potentialAction":[{"@type":"ReadAction","target":["http:\/\/denizcankizil.tr\/uk\/haberler\/gundem\/antalyanin-kaosa-donen-trafigi-sehri-ikiye-ayirdi\/"]}]},{"@type":"BreadcrumbList","@id":"http:\/\/denizcankizil.tr\/uk\/haberler\/gundem\/antalyanin-kaosa-donen-trafigi-sehri-ikiye-ayirdi\/#breadcrumb","itemListElement":[{"@type":"ListItem","position":1,"name":"Home","item":"https:\/\/denizcankizil.tr\/de\/"},{"@type":"ListItem","position":2,"name":"Antalya\u2019n\u0131n kaosa d\u00f6nen trafi\u011fi \u015fehri ikiye ay\u0131rd\u0131!"}]},{"@type":"WebSite","@id":"https:\/\/denizcankizil.tr\/de\/#website","url":"https:\/\/denizcankizil.tr\/de\/","name":"Av. Deniz Can K\u0131z\u0131l","description":"Avukat Deniz Can K\u0131z\u0131l Antalya Barosu","publisher":{"@id":"https:\/\/denizcankizil.tr\/de\/#organization"},"potentialAction":[{"@type":"SearchAction","target":{"@type":"EntryPoint","urlTemplate":"https:\/\/denizcankizil.tr\/de\/?s={search_term_string}"},"query-input":{"@type":"PropertyValueSpecification","valueRequired":true,"valueName":"search_term_string"}}],"inLanguage":"ru-RU"},{"@type":"Organization","@id":"https:\/\/denizcankizil.tr\/de\/#organization","name":"Av. Deniz Can K\u0131z\u0131l","url":"https:\/\/denizcankizil.tr\/de\/","logo":{"@type":"ImageObject","inLanguage":"ru-RU","@id":"https:\/\/denizcankizil.tr\/de\/#\/schema\/logo\/image\/","url":"https:\/\/denizcankizil.tr\/wp-content\/uploads\/2024\/10\/siyah-logo-svg.svg","contentUrl":"https:\/\/denizcankizil.tr\/wp-content\/uploads\/2024\/10\/siyah-logo-svg.svg","width":1080,"height":1080,"caption":"Av. Deniz Can K\u0131z\u0131l"},"image":{"@id":"https:\/\/denizcankizil.tr\/de\/#\/schema\/logo\/image\/"}}]}},"_links":{"self":[{"href":"https:\/\/denizcankizil.tr\/ru\/wp-json\/wp\/v2\/posts\/15498","targetHints":{"allow":["GET"]}}],"collection":[{"href":"https:\/\/denizcankizil.tr\/ru\/wp-json\/wp\/v2\/posts"}],"about":[{"href":"https:\/\/denizcankizil.tr\/ru\/wp-json\/wp\/v2\/types\/post"}],"replies":[{"embeddable":true,"href":"https:\/\/denizcankizil.tr\/ru\/wp-json\/wp\/v2\/comments?post=15498"}],"version-history":[{"count":0,"href":"https:\/\/denizcankizil.tr\/ru\/wp-json\/wp\/v2\/posts\/15498\/revisions"}],"wp:attachment":[{"href":"https:\/\/denizcankizil.tr\/ru\/wp-json\/wp\/v2\/media?parent=15498"}],"wp:term":[{"taxonomy":"category","embeddable":true,"href":"https:\/\/denizcankizil.tr\/ru\/wp-json\/wp\/v2\/categories?post=15498"},{"taxonomy":"post_tag","embeddable":true,"href":"https:\/\/denizcankizil.tr\/ru\/wp-json\/wp\/v2\/tags?post=15498"}],"curies":[{"name":"wp","href":"https:\/\/api.w.org\/{rel}","templated":true}]}}