{"id":152750,"date":"2025-07-21T13:41:40","date_gmt":"2025-07-21T10:41:40","guid":{"rendered":"https:\/\/denizcankizil.tr\/uncategorized-tr\/asattan-kepez-belediyesiyle-vatandas-odakli-hizmet-is-birligi\/"},"modified":"2025-07-21T13:41:40","modified_gmt":"2025-07-21T10:41:40","slug":"asattan-kepez-belediyesiyle-vatandas-odakli-hizmet-is-birligi","status":"publish","type":"post","link":"https:\/\/denizcankizil.tr\/ru\/haberler\/antalya\/asattan-kepez-belediyesiyle-vatandas-odakli-hizmet-is-birligi\/","title":{"rendered":"ASAT\u2019tan Kepez Belediyesi\u2019yle Vatanda\u015f Odakl\u0131 Hizmet \u0130\u015f Birli\u011fi"},"content":{"rendered":"<p>ANTALYA B\u00fcy\u00fck\u015fehir Belediyesi ASAT Genel M\u00fcd\u00fcrl\u00fc\u011f\u00fc, vatanda\u015f odakl\u0131 hizmet anlay\u0131\u015f\u0131 do\u011frultusunda yeni bir ad\u0131m daha att\u0131. Kepez Belediyesi ile yap\u0131lan i\u015f birli\u011fi sonucu, ASAT abone i\u015flemleri ve tahsilat veznesi, Kepez Belediyesi hizmet binas\u0131nda vatanda\u015flara hizmet vermeye ba\u015flad\u0131.<\/p>\n<p>B\u00fcy\u00fck\u015fehir Belediyesi ASAT Genel M\u00fcd\u00fcrl\u00fc\u011f\u00fc, vatanda\u015f memnuniyetini art\u0131rma ve hizmet kalitesini yayg\u0131nla\u015ft\u0131rma hedefi do\u011frultusunda, vatanda\u015f \u00f6l\u00e7ekli \u00e7al\u0131\u015fmalar\u0131na h\u0131z kesmeden devam ediyor. Bu ba\u011flamda daha \u00f6nce Kepez il\u00e7esinde M\u0131s\u0131r \u00c7ar\u015f\u0131s\u0131 ve Yeni Mahalle&#8217;de s\u00fcrd\u00fcr\u00fclen ASAT hizmetleri, fiziki ko\u015fullar\u0131 nedeniyle \u00f6zellikle hareket k\u0131s\u0131tl\u0131l\u0131\u011f\u0131 bulunan vatanda\u015flar i\u00e7in eri\u015fim zorluklar\u0131 yarat\u0131yordu. Asans\u00f6rs\u00fcz yap\u0131lar, dik merdivenler ve uygun y\u00f6nlendirme eksikli\u011fi, vatanda\u015flardan gelen yo\u011fun taleplerle birlikte yeni bir d\u00fczenlemeyi ka\u00e7\u0131n\u0131lmaz hale getirdi.<\/p>\n<p>KEPEZ&#8217;DE ASAT H\u0130ZMET\u0130NE KONFORLU ER\u0130\u015e\u0130M<\/p>\n<p>ASAT Abone \u0130\u015fleri \u015eube M\u00fcd\u00fcr\u00fc \u00d6zkan K\u0131rman, Kepez&#8217;de sunulan yeni hizmet noktas\u0131na ili\u015fkin \u015fu bilgileri payla\u015ft\u0131:<\/p>\n<p>\u201cKepez&#8217;de 290 bin aboneye hizmet veriyoruz. 2025&#8217;in ilk 6 ay\u0131nda M\u0131s\u0131r \u00c7ar\u015f\u0131s\u0131 ve Yeni Mahalle&#8217;deki hizmet noktalar\u0131m\u0131zda 34 bin vatanda\u015f\u0131m\u0131za hizmet sunduk. Ancak bu yerlerde engelli vatanda\u015flar\u0131m\u0131z i\u00e7in eri\u015fim zordu. Bu sorunu \u00e7\u00f6zmek i\u00e7in Kepez Belediyesi i\u015f birli\u011fiyle, ana hizmet binas\u0131nda yeni bir hizmet noktas\u0131 a\u00e7t\u0131k. 1 Temmuz itibar\u0131yla hizmet vermeye ba\u015flayan bu yeni alan, \u00f6zellikle engelli ve ya\u015fl\u0131 bireyler i\u00e7in daha eri\u015filebilir ve konforlu bir hizmet sunuyor.&#8221;<\/p>\n<p>&#8216;\u0130\u015eLEMLER\u0130M\u0130Z\u0130 DAHA KOLAY HALLEDEB\u0130L\u0130YORUZ&#8217;<\/p>\n<p>Kepez&#8217;de ikamet eden vatanda\u015f Abdurrahman Zembilci ise ASAT&#8217;\u0131n yeni hizmet noktas\u0131na ili\u015fkin memnuniyetini \u015f\u00f6yle dile getirdi: \u201cBu d\u00f6nemde hayat \u015fartlar\u0131 ger\u00e7ekten zor. En az\u0131ndan i\u015flemlerin bir arada toplanmas\u0131 insana biraz moral veriyor. Art\u0131k i\u015flemlerimizi daha kolay ve sa\u011fl\u0131kl\u0131 bir \u015fekilde halledebiliyoruz. ASAT \u015fubesinin Kepez Belediyesi&#8217;ne ta\u015f\u0131nmas\u0131yla t\u00fcm i\u015flerimizi tek noktadan \u00e7\u00f6zebilmek bizim i\u00e7in b\u00fcy\u00fck kolayl\u0131k oldu. ASAT Genel M\u00fcd\u00fcrl\u00fc\u011f\u00fc&#8217;ne te\u015fekk\u00fcr ederiz.&#8221;<\/p>\n<p>ASAT&#8217;\u0131n yeni hizmet noktas\u0131, Kepez Belediyesi ana hizmet binas\u0131n\u0131n eksi 1. kat\u0131nda yer al\u0131yor. Vatanda\u015flar i\u00e7in bina i\u00e7erisine y\u00f6nlendirme tabelalar\u0131 yerle\u015ftirilirken, engelli bireyler ve ya\u015fl\u0131 vatanda\u015flar i\u00e7in rampalar, engelli asans\u00f6rleri ve dan\u0131\u015fma personeliyle tam eri\u015filebilir bir altyap\u0131 sa\u011fland\u0131. Giri\u015f kap\u0131s\u0131ndan hi\u00e7bir engelle kar\u015f\u0131la\u015fmadan ASAT veznesine ula\u015fmak m\u00fcmk\u00fcn hale getirildi.<\/p>\n<p>Kaynak: www.kanalv.com.tr Haber Sitesinden Al\u0131nm\u0131\u015ft\u0131r.<\/p>","protected":false},"excerpt":{"rendered":"<p>ANTALYA B\u00fcy\u00fck\u015fehir Belediyesi ASAT Genel M\u00fcd\u00fcrl\u00fc\u011f\u00fc, vatanda\u015f odakl\u0131 hizmet anlay\u0131\u015f\u0131 do\u011frultusunda yeni bir ad\u0131m daha att\u0131. Kepez Belediyesi ile yap\u0131lan i\u015f birli\u011fi sonucu, ASAT abone i\u015flemleri ve tahsilat veznesi, Kepez Belediyesi hizmet binas\u0131nda vatanda\u015flara hizmet vermeye ba\u015flad\u0131. B\u00fcy\u00fck\u015fehir Belediyesi ASAT Genel M\u00fcd\u00fcrl\u00fc\u011f\u00fc, vatanda\u015f memnuniyetini art\u0131rma ve hizmet kalitesini yayg\u0131nla\u015ft\u0131rma hedefi do\u011frultusunda, vatanda\u015f \u00f6l\u00e7ekli \u00e7al\u0131\u015fmalar\u0131na h\u0131z kesmeden devam ediyor. Bu ba\u011flamda daha \u00f6nce Kepez il\u00e7esinde M\u0131s\u0131r \u00c7ar\u015f\u0131s\u0131 ve Yeni Mahalle&#8217;de s\u00fcrd\u00fcr\u00fclen ASAT hizmetleri, fiziki ko\u015fullar\u0131 nedeniyle \u00f6zellikle hareket k\u0131s\u0131tl\u0131l\u0131\u011f\u0131 bulunan vatanda\u015flar i\u00e7in eri\u015fim zorluklar\u0131 yarat\u0131yordu. Asans\u00f6rs\u00fcz yap\u0131lar, dik merdivenler ve uygun y\u00f6nlendirme eksikli\u011fi, vatanda\u015flardan gelen yo\u011fun taleplerle birlikte yeni bir d\u00fczenlemeyi ka\u00e7\u0131n\u0131lmaz hale getirdi. KEPEZ&#8217;DE ASAT H\u0130ZMET\u0130NE KONFORLU ER\u0130\u015e\u0130M ASAT Abone \u0130\u015fleri \u015eube M\u00fcd\u00fcr\u00fc \u00d6zkan K\u0131rman, Kepez&#8217;de sunulan yeni hizmet noktas\u0131na ili\u015fkin \u015fu bilgileri payla\u015ft\u0131: \u201cKepez&#8217;de 290 bin aboneye hizmet veriyoruz. 2025&#8217;in ilk 6 ay\u0131nda M\u0131s\u0131r \u00c7ar\u015f\u0131s\u0131 ve Yeni Mahalle&#8217;deki hizmet noktalar\u0131m\u0131zda 34 bin vatanda\u015f\u0131m\u0131za hizmet sunduk. Ancak bu yerlerde engelli vatanda\u015flar\u0131m\u0131z i\u00e7in eri\u015fim zordu. Bu sorunu \u00e7\u00f6zmek i\u00e7in Kepez Belediyesi i\u015f birli\u011fiyle, ana hizmet binas\u0131nda yeni bir hizmet noktas\u0131 a\u00e7t\u0131k. 1 Temmuz itibar\u0131yla hizmet vermeye ba\u015flayan bu yeni alan, \u00f6zellikle engelli ve ya\u015fl\u0131 bireyler i\u00e7in daha eri\u015filebilir ve konforlu bir hizmet sunuyor.&#8221; &#8216;\u0130\u015eLEMLER\u0130M\u0130Z\u0130 DAHA KOLAY HALLEDEB\u0130L\u0130YORUZ&#8217; Kepez&#8217;de ikamet eden vatanda\u015f &hellip;<\/p>","protected":false},"author":4,"featured_media":152751,"comment_status":"","ping_status":"open","sticky":false,"template":"","format":"standard","meta":{"_acf_changed":false,"footnotes":""},"categories":[26],"tags":[],"class_list":["post-152750","post","type-post","status-publish","format-standard","has-post-thumbnail","hentry","category-antalya"],"acf":[],"yoast_head":"<!-- This site is optimized with the Yoast SEO Premium plugin v26.6 (Yoast SEO v27.1.1) - https:\/\/yoast.com\/product\/yoast-seo-premium-wordpress\/ -->\n<title>ASAT\u2019tan Kepez Belediyesi\u2019yle Vatanda\u015f Odakl\u0131 Hizmet \u0130\u015f Birli\u011fi - Av. Deniz Can K\u0131z\u0131l<\/title>\n<meta name=\"robots\" content=\"index, follow, max-snippet:-1, max-image-preview:large, max-video-preview:-1\" \/>\n<link rel=\"canonical\" href=\"https:\/\/denizcankizil.tr\/ru\/haberler\/antalya\/asattan-kepez-belediyesiyle-vatandas-odakli-hizmet-is-birligi\/\" \/>\n<meta property=\"og:locale\" content=\"ru_RU\" \/>\n<meta property=\"og:type\" content=\"article\" \/>\n<meta property=\"og:title\" content=\"ASAT\u2019tan Kepez Belediyesi\u2019yle Vatanda\u015f Odakl\u0131 Hizmet \u0130\u015f Birli\u011fi\" \/>\n<meta property=\"og:description\" content=\"ANTALYA B\u00fcy\u00fck\u015fehir Belediyesi ASAT Genel M\u00fcd\u00fcrl\u00fc\u011f\u00fc, vatanda\u015f odakl\u0131 hizmet anlay\u0131\u015f\u0131 do\u011frultusunda yeni bir ad\u0131m daha att\u0131. Kepez Belediyesi ile yap\u0131lan i\u015f birli\u011fi sonucu, ASAT abone i\u015flemleri ve tahsilat veznesi, Kepez Belediyesi hizmet binas\u0131nda vatanda\u015flara hizmet vermeye ba\u015flad\u0131. B\u00fcy\u00fck\u015fehir Belediyesi ASAT Genel M\u00fcd\u00fcrl\u00fc\u011f\u00fc, vatanda\u015f memnuniyetini art\u0131rma ve hizmet kalitesini yayg\u0131nla\u015ft\u0131rma hedefi do\u011frultusunda, vatanda\u015f \u00f6l\u00e7ekli \u00e7al\u0131\u015fmalar\u0131na h\u0131z kesmeden devam ediyor. Bu ba\u011flamda daha \u00f6nce Kepez il\u00e7esinde M\u0131s\u0131r \u00c7ar\u015f\u0131s\u0131 ve Yeni Mahalle&#8217;de s\u00fcrd\u00fcr\u00fclen ASAT hizmetleri, fiziki ko\u015fullar\u0131 nedeniyle \u00f6zellikle hareket k\u0131s\u0131tl\u0131l\u0131\u011f\u0131 bulunan vatanda\u015flar i\u00e7in eri\u015fim zorluklar\u0131 yarat\u0131yordu. Asans\u00f6rs\u00fcz yap\u0131lar, dik merdivenler ve uygun y\u00f6nlendirme eksikli\u011fi, vatanda\u015flardan gelen yo\u011fun taleplerle birlikte yeni bir d\u00fczenlemeyi ka\u00e7\u0131n\u0131lmaz hale getirdi. KEPEZ&#8217;DE ASAT H\u0130ZMET\u0130NE KONFORLU ER\u0130\u015e\u0130M ASAT Abone \u0130\u015fleri \u015eube M\u00fcd\u00fcr\u00fc \u00d6zkan K\u0131rman, Kepez&#8217;de sunulan yeni hizmet noktas\u0131na ili\u015fkin \u015fu bilgileri payla\u015ft\u0131: \u201cKepez&#8217;de 290 bin aboneye hizmet veriyoruz. 2025&#8217;in ilk 6 ay\u0131nda M\u0131s\u0131r \u00c7ar\u015f\u0131s\u0131 ve Yeni Mahalle&#8217;deki hizmet noktalar\u0131m\u0131zda 34 bin vatanda\u015f\u0131m\u0131za hizmet sunduk. Ancak bu yerlerde engelli vatanda\u015flar\u0131m\u0131z i\u00e7in eri\u015fim zordu. Bu sorunu \u00e7\u00f6zmek i\u00e7in Kepez Belediyesi i\u015f birli\u011fiyle, ana hizmet binas\u0131nda yeni bir hizmet noktas\u0131 a\u00e7t\u0131k. 1 Temmuz itibar\u0131yla hizmet vermeye ba\u015flayan bu yeni alan, \u00f6zellikle engelli ve ya\u015fl\u0131 bireyler i\u00e7in daha eri\u015filebilir ve konforlu bir hizmet sunuyor.&#8221; &#8216;\u0130\u015eLEMLER\u0130M\u0130Z\u0130 DAHA KOLAY HALLEDEB\u0130L\u0130YORUZ&#8217; Kepez&#8217;de ikamet eden vatanda\u015f &hellip;\" \/>\n<meta property=\"og:url\" content=\"https:\/\/denizcankizil.tr\/ru\/haberler\/antalya\/asattan-kepez-belediyesiyle-vatandas-odakli-hizmet-is-birligi\/\" \/>\n<meta property=\"og:site_name\" content=\"Av. Deniz Can K\u0131z\u0131l\" \/>\n<meta property=\"article:published_time\" content=\"2025-07-21T10:41:40+00:00\" \/>\n<meta property=\"og:image\" content=\"https:\/\/denizcankizil.tr\/wp-content\/uploads\/2025\/07\/web-gorsel-boyut-31-1-2uehAo.png\" \/>\n\t<meta property=\"og:image:width\" content=\"1280\" \/>\n\t<meta property=\"og:image:height\" content=\"720\" \/>\n\t<meta property=\"og:image:type\" content=\"image\/png\" \/>\n<meta name=\"author\" content=\"Av. Deniz Can K\u0131z\u0131l\" \/>\n<meta name=\"twitter:card\" content=\"summary_large_image\" \/>\n<meta name=\"twitter:label1\" content=\"\u041d\u0430\u043f\u0438\u0441\u0430\u043d\u043e \u0430\u0432\u0442\u043e\u0440\u043e\u043c\" \/>\n\t<meta name=\"twitter:data1\" content=\"Av. Deniz Can K\u0131z\u0131l\" \/>\n\t<meta name=\"twitter:label2\" content=\"\u041f\u0440\u0438\u043c\u0435\u0440\u043d\u043e\u0435 \u0432\u0440\u0435\u043c\u044f \u0434\u043b\u044f \u0447\u0442\u0435\u043d\u0438\u044f\" \/>\n\t<meta name=\"twitter:data2\" content=\"2 \u043c\u0438\u043d\u0443\u0442\u044b\" \/>\n<script type=\"application\/ld+json\" class=\"yoast-schema-graph\">{\"@context\":\"https:\/\/schema.org\",\"@graph\":[{\"@type\":\"Article\",\"@id\":\"https:\/\/denizcankizil.tr\/ru\/haberler\/antalya\/asattan-kepez-belediyesiyle-vatandas-odakli-hizmet-is-birligi\/#article\",\"isPartOf\":{\"@id\":\"https:\/\/denizcankizil.tr\/ru\/haberler\/antalya\/asattan-kepez-belediyesiyle-vatandas-odakli-hizmet-is-birligi\/\"},\"author\":{\"name\":\"Av. Deniz Can K\u0131z\u0131l\",\"@id\":\"https:\/\/denizcankizil.tr\/de\/#\/schema\/person\/5dc1b22991bd7ac833867c10afc9b0ff\"},\"headline\":\"ASAT\u2019tan Kepez Belediyesi\u2019yle Vatanda\u015f Odakl\u0131 Hizmet \u0130\u015f Birli\u011fi\",\"datePublished\":\"2025-07-21T10:41:40+00:00\",\"mainEntityOfPage\":{\"@id\":\"https:\/\/denizcankizil.tr\/ru\/haberler\/antalya\/asattan-kepez-belediyesiyle-vatandas-odakli-hizmet-is-birligi\/\"},\"wordCount\":467,\"publisher\":{\"@id\":\"https:\/\/denizcankizil.tr\/de\/#organization\"},\"image\":{\"@id\":\"https:\/\/denizcankizil.tr\/ru\/haberler\/antalya\/asattan-kepez-belediyesiyle-vatandas-odakli-hizmet-is-birligi\/#primaryimage\"},\"thumbnailUrl\":\"https:\/\/denizcankizil.tr\/wp-content\/uploads\/2025\/07\/web-gorsel-boyut-31-1-2uehAo.png\",\"articleSection\":[\"Antalya\"],\"inLanguage\":\"ru-RU\"},{\"@type\":\"WebPage\",\"@id\":\"https:\/\/denizcankizil.tr\/ru\/haberler\/antalya\/asattan-kepez-belediyesiyle-vatandas-odakli-hizmet-is-birligi\/\",\"url\":\"https:\/\/denizcankizil.tr\/ru\/haberler\/antalya\/asattan-kepez-belediyesiyle-vatandas-odakli-hizmet-is-birligi\/\",\"name\":\"ASAT\u2019tan Kepez Belediyesi\u2019yle Vatanda\u015f Odakl\u0131 Hizmet \u0130\u015f Birli\u011fi - Av. Deniz Can K\u0131z\u0131l\",\"isPartOf\":{\"@id\":\"https:\/\/denizcankizil.tr\/de\/#website\"},\"primaryImageOfPage\":{\"@id\":\"https:\/\/denizcankizil.tr\/ru\/haberler\/antalya\/asattan-kepez-belediyesiyle-vatandas-odakli-hizmet-is-birligi\/#primaryimage\"},\"image\":{\"@id\":\"https:\/\/denizcankizil.tr\/ru\/haberler\/antalya\/asattan-kepez-belediyesiyle-vatandas-odakli-hizmet-is-birligi\/#primaryimage\"},\"thumbnailUrl\":\"https:\/\/denizcankizil.tr\/wp-content\/uploads\/2025\/07\/web-gorsel-boyut-31-1-2uehAo.png\",\"datePublished\":\"2025-07-21T10:41:40+00:00\",\"breadcrumb\":{\"@id\":\"https:\/\/denizcankizil.tr\/ru\/haberler\/antalya\/asattan-kepez-belediyesiyle-vatandas-odakli-hizmet-is-birligi\/#breadcrumb\"},\"inLanguage\":\"ru-RU\",\"potentialAction\":[{\"@type\":\"ReadAction\",\"target\":[\"https:\/\/denizcankizil.tr\/ru\/haberler\/antalya\/asattan-kepez-belediyesiyle-vatandas-odakli-hizmet-is-birligi\/\"]}]},{\"@type\":\"ImageObject\",\"inLanguage\":\"ru-RU\",\"@id\":\"https:\/\/denizcankizil.tr\/ru\/haberler\/antalya\/asattan-kepez-belediyesiyle-vatandas-odakli-hizmet-is-birligi\/#primaryimage\",\"url\":\"https:\/\/denizcankizil.tr\/wp-content\/uploads\/2025\/07\/web-gorsel-boyut-31-1-2uehAo.png\",\"contentUrl\":\"https:\/\/denizcankizil.tr\/wp-content\/uploads\/2025\/07\/web-gorsel-boyut-31-1-2uehAo.png\",\"width\":1280,\"height\":720},{\"@type\":\"BreadcrumbList\",\"@id\":\"https:\/\/denizcankizil.tr\/ru\/haberler\/antalya\/asattan-kepez-belediyesiyle-vatandas-odakli-hizmet-is-birligi\/#breadcrumb\",\"itemListElement\":[{\"@type\":\"ListItem\",\"position\":1,\"name\":\"Home\",\"item\":\"https:\/\/denizcankizil.tr\/de\/\"},{\"@type\":\"ListItem\",\"position\":2,\"name\":\"ASAT\u2019tan Kepez Belediyesi\u2019yle Vatanda\u015f Odakl\u0131 Hizmet \u0130\u015f Birli\u011fi\"}]},{\"@type\":\"WebSite\",\"@id\":\"https:\/\/denizcankizil.tr\/de\/#website\",\"url\":\"https:\/\/denizcankizil.tr\/de\/\",\"name\":\"Av. Deniz Can K\u0131z\u0131l\",\"description\":\"Avukat Deniz Can K\u0131z\u0131l Antalya Barosu\",\"publisher\":{\"@id\":\"https:\/\/denizcankizil.tr\/de\/#organization\"},\"potentialAction\":[{\"@type\":\"SearchAction\",\"target\":{\"@type\":\"EntryPoint\",\"urlTemplate\":\"https:\/\/denizcankizil.tr\/de\/?s={search_term_string}\"},\"query-input\":{\"@type\":\"PropertyValueSpecification\",\"valueRequired\":true,\"valueName\":\"search_term_string\"}}],\"inLanguage\":\"ru-RU\"},{\"@type\":\"Organization\",\"@id\":\"https:\/\/denizcankizil.tr\/de\/#organization\",\"name\":\"Av. Deniz Can K\u0131z\u0131l\",\"url\":\"https:\/\/denizcankizil.tr\/de\/\",\"logo\":{\"@type\":\"ImageObject\",\"inLanguage\":\"ru-RU\",\"@id\":\"https:\/\/denizcankizil.tr\/de\/#\/schema\/logo\/image\/\",\"url\":\"https:\/\/denizcankizil.tr\/wp-content\/uploads\/2024\/10\/siyah-logo-svg.svg\",\"contentUrl\":\"https:\/\/denizcankizil.tr\/wp-content\/uploads\/2024\/10\/siyah-logo-svg.svg\",\"width\":1080,\"height\":1080,\"caption\":\"Av. Deniz Can K\u0131z\u0131l\"},\"image\":{\"@id\":\"https:\/\/denizcankizil.tr\/de\/#\/schema\/logo\/image\/\"}},{\"@type\":\"Person\",\"@id\":\"https:\/\/denizcankizil.tr\/de\/#\/schema\/person\/5dc1b22991bd7ac833867c10afc9b0ff\",\"name\":\"Av. Deniz Can K\u0131z\u0131l\",\"image\":{\"@type\":\"ImageObject\",\"inLanguage\":\"ru-RU\",\"@id\":\"https:\/\/denizcankizil.tr\/de\/#\/schema\/person\/image\/\",\"url\":\"https:\/\/secure.gravatar.com\/avatar\/a0b128fb9855c79efc976d5640eedb31dc35ec297594d6016d2cf7c60e975bb6?s=96&d=mm&r=g\",\"contentUrl\":\"https:\/\/secure.gravatar.com\/avatar\/a0b128fb9855c79efc976d5640eedb31dc35ec297594d6016d2cf7c60e975bb6?s=96&d=mm&r=g\",\"caption\":\"Av. Deniz Can K\u0131z\u0131l\"},\"sameAs\":[\"http:\/\/www.denizcankizil.tr\"],\"url\":\"https:\/\/denizcankizil.tr\/ru\/author\/denizcankizil\/\"}]}<\/script>\n<!-- \/ Yoast SEO Premium plugin. -->","yoast_head_json":{"title":"ASAT\u2019tan Kepez Belediyesi\u2019yle Vatanda\u015f Odakl\u0131 Hizmet \u0130\u015f Birli\u011fi - Av. Deniz Can K\u0131z\u0131l","robots":{"index":"index","follow":"follow","max-snippet":"max-snippet:-1","max-image-preview":"max-image-preview:large","max-video-preview":"max-video-preview:-1"},"canonical":"https:\/\/denizcankizil.tr\/ru\/haberler\/antalya\/asattan-kepez-belediyesiyle-vatandas-odakli-hizmet-is-birligi\/","og_locale":"ru_RU","og_type":"article","og_title":"ASAT\u2019tan Kepez Belediyesi\u2019yle Vatanda\u015f Odakl\u0131 Hizmet \u0130\u015f Birli\u011fi","og_description":"ANTALYA B\u00fcy\u00fck\u015fehir Belediyesi ASAT Genel M\u00fcd\u00fcrl\u00fc\u011f\u00fc, vatanda\u015f odakl\u0131 hizmet anlay\u0131\u015f\u0131 do\u011frultusunda yeni bir ad\u0131m daha att\u0131. Kepez Belediyesi ile yap\u0131lan i\u015f birli\u011fi sonucu, ASAT abone i\u015flemleri ve tahsilat veznesi, Kepez Belediyesi hizmet binas\u0131nda vatanda\u015flara hizmet vermeye ba\u015flad\u0131. B\u00fcy\u00fck\u015fehir Belediyesi ASAT Genel M\u00fcd\u00fcrl\u00fc\u011f\u00fc, vatanda\u015f memnuniyetini art\u0131rma ve hizmet kalitesini yayg\u0131nla\u015ft\u0131rma hedefi do\u011frultusunda, vatanda\u015f \u00f6l\u00e7ekli \u00e7al\u0131\u015fmalar\u0131na h\u0131z kesmeden devam ediyor. Bu ba\u011flamda daha \u00f6nce Kepez il\u00e7esinde M\u0131s\u0131r \u00c7ar\u015f\u0131s\u0131 ve Yeni Mahalle&#8217;de s\u00fcrd\u00fcr\u00fclen ASAT hizmetleri, fiziki ko\u015fullar\u0131 nedeniyle \u00f6zellikle hareket k\u0131s\u0131tl\u0131l\u0131\u011f\u0131 bulunan vatanda\u015flar i\u00e7in eri\u015fim zorluklar\u0131 yarat\u0131yordu. Asans\u00f6rs\u00fcz yap\u0131lar, dik merdivenler ve uygun y\u00f6nlendirme eksikli\u011fi, vatanda\u015flardan gelen yo\u011fun taleplerle birlikte yeni bir d\u00fczenlemeyi ka\u00e7\u0131n\u0131lmaz hale getirdi. KEPEZ&#8217;DE ASAT H\u0130ZMET\u0130NE KONFORLU ER\u0130\u015e\u0130M ASAT Abone \u0130\u015fleri \u015eube M\u00fcd\u00fcr\u00fc \u00d6zkan K\u0131rman, Kepez&#8217;de sunulan yeni hizmet noktas\u0131na ili\u015fkin \u015fu bilgileri payla\u015ft\u0131: \u201cKepez&#8217;de 290 bin aboneye hizmet veriyoruz. 2025&#8217;in ilk 6 ay\u0131nda M\u0131s\u0131r \u00c7ar\u015f\u0131s\u0131 ve Yeni Mahalle&#8217;deki hizmet noktalar\u0131m\u0131zda 34 bin vatanda\u015f\u0131m\u0131za hizmet sunduk. Ancak bu yerlerde engelli vatanda\u015flar\u0131m\u0131z i\u00e7in eri\u015fim zordu. Bu sorunu \u00e7\u00f6zmek i\u00e7in Kepez Belediyesi i\u015f birli\u011fiyle, ana hizmet binas\u0131nda yeni bir hizmet noktas\u0131 a\u00e7t\u0131k. 1 Temmuz itibar\u0131yla hizmet vermeye ba\u015flayan bu yeni alan, \u00f6zellikle engelli ve ya\u015fl\u0131 bireyler i\u00e7in daha eri\u015filebilir ve konforlu bir hizmet sunuyor.&#8221; &#8216;\u0130\u015eLEMLER\u0130M\u0130Z\u0130 DAHA KOLAY HALLEDEB\u0130L\u0130YORUZ&#8217; Kepez&#8217;de ikamet eden vatanda\u015f &hellip;","og_url":"https:\/\/denizcankizil.tr\/ru\/haberler\/antalya\/asattan-kepez-belediyesiyle-vatandas-odakli-hizmet-is-birligi\/","og_site_name":"Av. Deniz Can K\u0131z\u0131l","article_published_time":"2025-07-21T10:41:40+00:00","og_image":[{"width":1280,"height":720,"url":"https:\/\/denizcankizil.tr\/wp-content\/uploads\/2025\/07\/web-gorsel-boyut-31-1-2uehAo.png","type":"image\/png"}],"author":"Av. Deniz Can K\u0131z\u0131l","twitter_card":"summary_large_image","twitter_misc":{"\u041d\u0430\u043f\u0438\u0441\u0430\u043d\u043e \u0430\u0432\u0442\u043e\u0440\u043e\u043c":"Av. Deniz Can K\u0131z\u0131l","\u041f\u0440\u0438\u043c\u0435\u0440\u043d\u043e\u0435 \u0432\u0440\u0435\u043c\u044f \u0434\u043b\u044f \u0447\u0442\u0435\u043d\u0438\u044f":"2 \u043c\u0438\u043d\u0443\u0442\u044b"},"schema":{"@context":"https:\/\/schema.org","@graph":[{"@type":"Article","@id":"https:\/\/denizcankizil.tr\/ru\/haberler\/antalya\/asattan-kepez-belediyesiyle-vatandas-odakli-hizmet-is-birligi\/#article","isPartOf":{"@id":"https:\/\/denizcankizil.tr\/ru\/haberler\/antalya\/asattan-kepez-belediyesiyle-vatandas-odakli-hizmet-is-birligi\/"},"author":{"name":"Av. Deniz Can K\u0131z\u0131l","@id":"https:\/\/denizcankizil.tr\/de\/#\/schema\/person\/5dc1b22991bd7ac833867c10afc9b0ff"},"headline":"ASAT\u2019tan Kepez Belediyesi\u2019yle Vatanda\u015f Odakl\u0131 Hizmet \u0130\u015f Birli\u011fi","datePublished":"2025-07-21T10:41:40+00:00","mainEntityOfPage":{"@id":"https:\/\/denizcankizil.tr\/ru\/haberler\/antalya\/asattan-kepez-belediyesiyle-vatandas-odakli-hizmet-is-birligi\/"},"wordCount":467,"publisher":{"@id":"https:\/\/denizcankizil.tr\/de\/#organization"},"image":{"@id":"https:\/\/denizcankizil.tr\/ru\/haberler\/antalya\/asattan-kepez-belediyesiyle-vatandas-odakli-hizmet-is-birligi\/#primaryimage"},"thumbnailUrl":"https:\/\/denizcankizil.tr\/wp-content\/uploads\/2025\/07\/web-gorsel-boyut-31-1-2uehAo.png","articleSection":["Antalya"],"inLanguage":"ru-RU"},{"@type":"WebPage","@id":"https:\/\/denizcankizil.tr\/ru\/haberler\/antalya\/asattan-kepez-belediyesiyle-vatandas-odakli-hizmet-is-birligi\/","url":"https:\/\/denizcankizil.tr\/ru\/haberler\/antalya\/asattan-kepez-belediyesiyle-vatandas-odakli-hizmet-is-birligi\/","name":"ASAT\u2019tan Kepez Belediyesi\u2019yle Vatanda\u015f Odakl\u0131 Hizmet \u0130\u015f Birli\u011fi - Av. Deniz Can K\u0131z\u0131l","isPartOf":{"@id":"https:\/\/denizcankizil.tr\/de\/#website"},"primaryImageOfPage":{"@id":"https:\/\/denizcankizil.tr\/ru\/haberler\/antalya\/asattan-kepez-belediyesiyle-vatandas-odakli-hizmet-is-birligi\/#primaryimage"},"image":{"@id":"https:\/\/denizcankizil.tr\/ru\/haberler\/antalya\/asattan-kepez-belediyesiyle-vatandas-odakli-hizmet-is-birligi\/#primaryimage"},"thumbnailUrl":"https:\/\/denizcankizil.tr\/wp-content\/uploads\/2025\/07\/web-gorsel-boyut-31-1-2uehAo.png","datePublished":"2025-07-21T10:41:40+00:00","breadcrumb":{"@id":"https:\/\/denizcankizil.tr\/ru\/haberler\/antalya\/asattan-kepez-belediyesiyle-vatandas-odakli-hizmet-is-birligi\/#breadcrumb"},"inLanguage":"ru-RU","potentialAction":[{"@type":"ReadAction","target":["https:\/\/denizcankizil.tr\/ru\/haberler\/antalya\/asattan-kepez-belediyesiyle-vatandas-odakli-hizmet-is-birligi\/"]}]},{"@type":"ImageObject","inLanguage":"ru-RU","@id":"https:\/\/denizcankizil.tr\/ru\/haberler\/antalya\/asattan-kepez-belediyesiyle-vatandas-odakli-hizmet-is-birligi\/#primaryimage","url":"https:\/\/denizcankizil.tr\/wp-content\/uploads\/2025\/07\/web-gorsel-boyut-31-1-2uehAo.png","contentUrl":"https:\/\/denizcankizil.tr\/wp-content\/uploads\/2025\/07\/web-gorsel-boyut-31-1-2uehAo.png","width":1280,"height":720},{"@type":"BreadcrumbList","@id":"https:\/\/denizcankizil.tr\/ru\/haberler\/antalya\/asattan-kepez-belediyesiyle-vatandas-odakli-hizmet-is-birligi\/#breadcrumb","itemListElement":[{"@type":"ListItem","position":1,"name":"Home","item":"https:\/\/denizcankizil.tr\/de\/"},{"@type":"ListItem","position":2,"name":"ASAT\u2019tan Kepez Belediyesi\u2019yle Vatanda\u015f Odakl\u0131 Hizmet \u0130\u015f Birli\u011fi"}]},{"@type":"WebSite","@id":"https:\/\/denizcankizil.tr\/de\/#website","url":"https:\/\/denizcankizil.tr\/de\/","name":"Av. Deniz Can K\u0131z\u0131l","description":"Avukat Deniz Can K\u0131z\u0131l Antalya Barosu","publisher":{"@id":"https:\/\/denizcankizil.tr\/de\/#organization"},"potentialAction":[{"@type":"SearchAction","target":{"@type":"EntryPoint","urlTemplate":"https:\/\/denizcankizil.tr\/de\/?s={search_term_string}"},"query-input":{"@type":"PropertyValueSpecification","valueRequired":true,"valueName":"search_term_string"}}],"inLanguage":"ru-RU"},{"@type":"Organization","@id":"https:\/\/denizcankizil.tr\/de\/#organization","name":"Av. Deniz Can K\u0131z\u0131l","url":"https:\/\/denizcankizil.tr\/de\/","logo":{"@type":"ImageObject","inLanguage":"ru-RU","@id":"https:\/\/denizcankizil.tr\/de\/#\/schema\/logo\/image\/","url":"https:\/\/denizcankizil.tr\/wp-content\/uploads\/2024\/10\/siyah-logo-svg.svg","contentUrl":"https:\/\/denizcankizil.tr\/wp-content\/uploads\/2024\/10\/siyah-logo-svg.svg","width":1080,"height":1080,"caption":"Av. Deniz Can K\u0131z\u0131l"},"image":{"@id":"https:\/\/denizcankizil.tr\/de\/#\/schema\/logo\/image\/"}},{"@type":"Person","@id":"https:\/\/denizcankizil.tr\/de\/#\/schema\/person\/5dc1b22991bd7ac833867c10afc9b0ff","name":"Av. Deniz Can K\u0131z\u0131l","image":{"@type":"ImageObject","inLanguage":"ru-RU","@id":"https:\/\/denizcankizil.tr\/de\/#\/schema\/person\/image\/","url":"https:\/\/secure.gravatar.com\/avatar\/a0b128fb9855c79efc976d5640eedb31dc35ec297594d6016d2cf7c60e975bb6?s=96&d=mm&r=g","contentUrl":"https:\/\/secure.gravatar.com\/avatar\/a0b128fb9855c79efc976d5640eedb31dc35ec297594d6016d2cf7c60e975bb6?s=96&d=mm&r=g","caption":"Av. Deniz Can K\u0131z\u0131l"},"sameAs":["http:\/\/www.denizcankizil.tr"],"url":"https:\/\/denizcankizil.tr\/ru\/author\/denizcankizil\/"}]}},"_links":{"self":[{"href":"https:\/\/denizcankizil.tr\/ru\/wp-json\/wp\/v2\/posts\/152750","targetHints":{"allow":["GET"]}}],"collection":[{"href":"https:\/\/denizcankizil.tr\/ru\/wp-json\/wp\/v2\/posts"}],"about":[{"href":"https:\/\/denizcankizil.tr\/ru\/wp-json\/wp\/v2\/types\/post"}],"author":[{"embeddable":true,"href":"https:\/\/denizcankizil.tr\/ru\/wp-json\/wp\/v2\/users\/4"}],"replies":[{"embeddable":true,"href":"https:\/\/denizcankizil.tr\/ru\/wp-json\/wp\/v2\/comments?post=152750"}],"version-history":[{"count":0,"href":"https:\/\/denizcankizil.tr\/ru\/wp-json\/wp\/v2\/posts\/152750\/revisions"}],"wp:featuredmedia":[{"embeddable":true,"href":"https:\/\/denizcankizil.tr\/ru\/wp-json\/wp\/v2\/media\/152751"}],"wp:attachment":[{"href":"https:\/\/denizcankizil.tr\/ru\/wp-json\/wp\/v2\/media?parent=152750"}],"wp:term":[{"taxonomy":"category","embeddable":true,"href":"https:\/\/denizcankizil.tr\/ru\/wp-json\/wp\/v2\/categories?post=152750"},{"taxonomy":"post_tag","embeddable":true,"href":"https:\/\/denizcankizil.tr\/ru\/wp-json\/wp\/v2\/tags?post=152750"}],"curies":[{"name":"wp","href":"https:\/\/api.w.org\/{rel}","templated":true}]}}