{"id":15262,"date":"2024-11-10T18:41:52","date_gmt":"2024-11-10T15:41:52","guid":{"rendered":"https:\/\/denizcankizil.tr\/uncategorized-tr\/antalyada-siyaset-burokrasi-ve-is-dunyasini-bulusturan-dugun\/"},"modified":"2024-11-10T18:41:52","modified_gmt":"2024-11-10T15:41:52","slug":"antalyada-siyaset-burokrasi-ve-is-dunyasini-bulusturan-dugun","status":"publish","type":"post","link":"https:\/\/denizcankizil.tr\/ru\/haberler\/gundem\/antalyada-siyaset-burokrasi-ve-is-dunyasini-bulusturan-dugun\/","title":{"rendered":"Antalya\u2019da siyaset, b\u00fcrokrasi ve i\u015f d\u00fcnyas\u0131n\u0131 bulu\u015fturan d\u00fc\u011f\u00fcn"},"content":{"rendered":"<p>Hafta sonu AK Parti \u0130l Ba\u015fkan Yard\u0131mc\u0131s\u0131, Elmal\u0131\u2019n\u0131n efsane g\u00fcre\u015f a\u011fas\u0131 i\u015fadam\u0131 Muammer Ak ve e\u015fi \u0130nci\u2019nin o\u011fullar\u0131 Kadir ile Zarafet &#8211; Enver \u00c7elikel \u00e7iftinin k\u0131z\u0131 Seray muhte\u015fem bir d\u00fc\u011f\u00fcn t\u00f6reni ile evlendi.\u00a0<\/p>\n<p>N\u0130KAH \u015eAH\u0130TL\u0130\u011e\u0130 \u0130\u00c7\u0130N KALABALIK KADRO\u00a0<\/p>\n<p>Su Otel\u2019de ger\u00e7ekle\u015ftirilen d\u00fc\u011f\u00fcne Antalya\u2019n\u0131n siyaset d\u00fcnyas\u0131 ile i\u015f d\u00fcnyas\u0131n\u0131n \u00f6nemli isimleri kat\u0131ld\u0131. Kadir ve Seray\u2019\u0131n nikah \u015fahitliklerini, AK Parti Antalya Milletvekili Mustafa K\u00f6se, AK Parti MKYK \u00dcyesi ve \u00f6nceki d\u00f6nem B\u00fcy\u00fck\u015fehir Belediye Ba\u015fkan\u0131 Menderes T\u00fcrel, MHP Antalya \u0130l Ba\u015fkan\u0131 Onur Temel, ATSO Ba\u015fkan\u0131 Yusuf Hac\u0131s\u00fcleyman, TESK Ba\u015fkan Vekili ve AESOB Ba\u015fkan\u0131 Adl\u0131han Dere, Geleneksel G\u00fcre\u015fler Federasyonu Ba\u015fkan\u0131 \u0130brahim T\u00fcrki\u015f, i\u015fadam\u0131 \u0130smail Bilal gibi bir \u00e7ok \u00fcnl\u00fc i\u015fadam\u0131 yapt\u0131. Nikah \u015fahitli\u011fi i\u00e7in yapmak i\u00e7in yer kalmay\u0131nca bir \u00e7ok isim de \u00a0gen\u00e7lerin mutlulu\u011funa bulunduklar\u0131 masalardan \u015fahitlik etti.\u00a0<\/p>\n<p>D\u00dc\u011e\u00dcNE YO\u011eUN KATILIM\u00a0<\/p>\n<p>Ba\u015ftan sonra prens ve prenseslere lay\u0131k bir d\u00fc\u011f\u00fcne, \u00f6nceki d\u00f6nem D\u0131\u015f\u0131\u015fleri Bakan\u0131 Mevl\u00fct \u00c7avu\u015fo\u011flu, Antalya Valisi Hulusi \u015eahin, AK Parti Milletvekilleri Tu\u011fba Vural \u00c7okal, \u0130brahim Ethem Ta\u015f ve Kemal \u00c7elik, AK Parti \u0130l Ba\u015fkan\u0131 Ali \u00c7etin ve y\u00f6netim kurulu \u00fcyeleri, Korkuteli Belediye Ba\u015fkan\u0131 Saniye Caran ile \u00e7ok say\u0131da siyaset\u00e7i de kat\u0131ld\u0131.<\/p>\n<p>D\u00dc\u011e\u00dcN P\u0130ST\u0130 DOLDU TA\u015eTI<\/p>\n<p>Davetliler; Antalya, Elmal\u0131, Kumluca, Korkuteli ve Finike ba\u015fta olmak \u00fczere Ankara, \u0130zmir ve Bursa\u2019dan da d\u00fc\u011f\u00fcne gelerek Seray ve Kadir\u2019in mutluluklar\u0131na ortak oldu. Muammer Ak ile birlikte siyaset\u00e7i ve i\u015fadamlar\u0131 piste \u00e7\u0131karak gen\u00e7 \u00e7ift ile birlikte \u00e7ite telli oynad\u0131. D\u00fc\u011f\u00fcnde bir grubun T\u00fcrk Bayra\u011f\u0131 ile yapt\u0131\u011f\u0131 zeybek g\u00f6sterisi b\u00fcy\u00fck alk\u0131\u015f ald\u0131. Gecede, Ak ve \u00c7elikel ailelerinin mutluluklar\u0131 g\u00f6r\u00fclmeye de\u011ferdi.<\/p>\n<p>\u200bAntalya, hafta sonu siyaset, i\u015f ve b\u00fcrokrasi \u00e7evrelerini bir araya getiren g\u00f6rkemli bir d\u00fc\u011f\u00fcne sahne oldu. AK Parti Antalya \u0130l Ba\u015fkan Yard\u0131mc\u0131s\u0131, Elmal\u0131\u2019n\u0131n efsane g\u00fcre\u015f a\u011fas\u0131 Muammer Ak\u2019\u0131n o\u011flu Kadir Ak d\u00fcnyaevine girdi\u00a0<\/p>\n<p>\u200bHaberin Al\u0131nt\u0131land\u0131\u011f\u0131 Kaynak: www.antalyakorfez.com<\/p>","protected":false},"excerpt":{"rendered":"<p>Hafta sonu AK Parti \u0130l Ba\u015fkan Yard\u0131mc\u0131s\u0131, Elmal\u0131\u2019n\u0131n efsane g\u00fcre\u015f a\u011fas\u0131 i\u015fadam\u0131 Muammer Ak ve e\u015fi \u0130nci\u2019nin o\u011fullar\u0131 Kadir ile Zarafet &#8211; Enver \u00c7elikel \u00e7iftinin k\u0131z\u0131 Seray muhte\u015fem bir d\u00fc\u011f\u00fcn t\u00f6reni ile evlendi.\u00a0 N\u0130KAH \u015eAH\u0130TL\u0130\u011e\u0130 \u0130\u00c7\u0130N KALABALIK KADRO\u00a0 Su Otel\u2019de ger\u00e7ekle\u015ftirilen d\u00fc\u011f\u00fcne Antalya\u2019n\u0131n siyaset d\u00fcnyas\u0131 ile i\u015f d\u00fcnyas\u0131n\u0131n \u00f6nemli isimleri kat\u0131ld\u0131. Kadir ve Seray\u2019\u0131n nikah \u015fahitliklerini, AK Parti Antalya Milletvekili Mustafa K\u00f6se, AK Parti MKYK \u00dcyesi ve \u00f6nceki d\u00f6nem B\u00fcy\u00fck\u015fehir Belediye Ba\u015fkan\u0131 Menderes T\u00fcrel, MHP Antalya \u0130l Ba\u015fkan\u0131 Onur Temel, ATSO Ba\u015fkan\u0131 Yusuf Hac\u0131s\u00fcleyman, TESK Ba\u015fkan Vekili ve AESOB Ba\u015fkan\u0131 Adl\u0131han Dere, Geleneksel G\u00fcre\u015fler Federasyonu Ba\u015fkan\u0131 \u0130brahim T\u00fcrki\u015f, i\u015fadam\u0131 \u0130smail Bilal gibi bir \u00e7ok \u00fcnl\u00fc i\u015fadam\u0131 yapt\u0131. Nikah \u015fahitli\u011fi i\u00e7in yapmak i\u00e7in yer kalmay\u0131nca bir \u00e7ok isim de \u00a0gen\u00e7lerin mutlulu\u011funa bulunduklar\u0131 masalardan \u015fahitlik etti.\u00a0 D\u00dc\u011e\u00dcNE YO\u011eUN KATILIM\u00a0 Ba\u015ftan sonra prens ve prenseslere lay\u0131k bir d\u00fc\u011f\u00fcne, \u00f6nceki d\u00f6nem D\u0131\u015f\u0131\u015fleri Bakan\u0131 Mevl\u00fct \u00c7avu\u015fo\u011flu, Antalya Valisi Hulusi \u015eahin, AK Parti Milletvekilleri Tu\u011fba Vural \u00c7okal, \u0130brahim Ethem Ta\u015f ve Kemal \u00c7elik, AK Parti \u0130l Ba\u015fkan\u0131 Ali \u00c7etin ve y\u00f6netim kurulu \u00fcyeleri, Korkuteli Belediye Ba\u015fkan\u0131 Saniye Caran ile \u00e7ok say\u0131da siyaset\u00e7i de kat\u0131ld\u0131. D\u00dc\u011e\u00dcN P\u0130ST\u0130 DOLDU TA\u015eTI Davetliler; Antalya, Elmal\u0131, Kumluca, Korkuteli ve Finike ba\u015fta olmak \u00fczere Ankara, \u0130zmir ve Bursa\u2019dan da d\u00fc\u011f\u00fcne gelerek Seray &hellip;<\/p>","protected":false},"author":0,"featured_media":0,"comment_status":"open","ping_status":"open","sticky":false,"template":"","format":"standard","meta":{"_acf_changed":false,"footnotes":""},"categories":[24,535],"tags":[],"class_list":["post-15262","post","type-post","status-publish","format-standard","has-post-thumbnail","hentry","category-gundem","category-uncategorized-tr"],"acf":[],"yoast_head":"<!-- This site is optimized with the Yoast SEO Premium plugin v26.6 (Yoast SEO v27.1.1) - https:\/\/yoast.com\/product\/yoast-seo-premium-wordpress\/ -->\n<title>Antalya\u2019da siyaset, b\u00fcrokrasi ve i\u015f d\u00fcnyas\u0131n\u0131 bulu\u015fturan d\u00fc\u011f\u00fcn - Av. Deniz Can K\u0131z\u0131l<\/title>\n<meta name=\"robots\" content=\"index, follow, max-snippet:-1, max-image-preview:large, max-video-preview:-1\" \/>\n<link rel=\"canonical\" href=\"https:\/\/denizcankizil.tr\/ru\/haberler\/gundem\/antalyada-siyaset-burokrasi-ve-is-dunyasini-bulusturan-dugun\/\" \/>\n<meta property=\"og:locale\" content=\"ru_RU\" \/>\n<meta property=\"og:type\" content=\"article\" \/>\n<meta property=\"og:title\" content=\"Antalya\u2019da siyaset, b\u00fcrokrasi ve i\u015f d\u00fcnyas\u0131n\u0131 bulu\u015fturan d\u00fc\u011f\u00fcn\" \/>\n<meta property=\"og:description\" content=\"Hafta sonu AK Parti \u0130l Ba\u015fkan Yard\u0131mc\u0131s\u0131, Elmal\u0131\u2019n\u0131n efsane g\u00fcre\u015f a\u011fas\u0131 i\u015fadam\u0131 Muammer Ak ve e\u015fi \u0130nci\u2019nin o\u011fullar\u0131 Kadir ile Zarafet &#8211; Enver \u00c7elikel \u00e7iftinin k\u0131z\u0131 Seray muhte\u015fem bir d\u00fc\u011f\u00fcn t\u00f6reni ile evlendi.\u00a0 N\u0130KAH \u015eAH\u0130TL\u0130\u011e\u0130 \u0130\u00c7\u0130N KALABALIK KADRO\u00a0 Su Otel\u2019de ger\u00e7ekle\u015ftirilen d\u00fc\u011f\u00fcne Antalya\u2019n\u0131n siyaset d\u00fcnyas\u0131 ile i\u015f d\u00fcnyas\u0131n\u0131n \u00f6nemli isimleri kat\u0131ld\u0131. Kadir ve Seray\u2019\u0131n nikah \u015fahitliklerini, AK Parti Antalya Milletvekili Mustafa K\u00f6se, AK Parti MKYK \u00dcyesi ve \u00f6nceki d\u00f6nem B\u00fcy\u00fck\u015fehir Belediye Ba\u015fkan\u0131 Menderes T\u00fcrel, MHP Antalya \u0130l Ba\u015fkan\u0131 Onur Temel, ATSO Ba\u015fkan\u0131 Yusuf Hac\u0131s\u00fcleyman, TESK Ba\u015fkan Vekili ve AESOB Ba\u015fkan\u0131 Adl\u0131han Dere, Geleneksel G\u00fcre\u015fler Federasyonu Ba\u015fkan\u0131 \u0130brahim T\u00fcrki\u015f, i\u015fadam\u0131 \u0130smail Bilal gibi bir \u00e7ok \u00fcnl\u00fc i\u015fadam\u0131 yapt\u0131. Nikah \u015fahitli\u011fi i\u00e7in yapmak i\u00e7in yer kalmay\u0131nca bir \u00e7ok isim de \u00a0gen\u00e7lerin mutlulu\u011funa bulunduklar\u0131 masalardan \u015fahitlik etti.\u00a0 D\u00dc\u011e\u00dcNE YO\u011eUN KATILIM\u00a0 Ba\u015ftan sonra prens ve prenseslere lay\u0131k bir d\u00fc\u011f\u00fcne, \u00f6nceki d\u00f6nem D\u0131\u015f\u0131\u015fleri Bakan\u0131 Mevl\u00fct \u00c7avu\u015fo\u011flu, Antalya Valisi Hulusi \u015eahin, AK Parti Milletvekilleri Tu\u011fba Vural \u00c7okal, \u0130brahim Ethem Ta\u015f ve Kemal \u00c7elik, AK Parti \u0130l Ba\u015fkan\u0131 Ali \u00c7etin ve y\u00f6netim kurulu \u00fcyeleri, Korkuteli Belediye Ba\u015fkan\u0131 Saniye Caran ile \u00e7ok say\u0131da siyaset\u00e7i de kat\u0131ld\u0131. D\u00dc\u011e\u00dcN P\u0130ST\u0130 DOLDU TA\u015eTI Davetliler; Antalya, Elmal\u0131, Kumluca, Korkuteli ve Finike ba\u015fta olmak \u00fczere Ankara, \u0130zmir ve Bursa\u2019dan da d\u00fc\u011f\u00fcne gelerek Seray &hellip;\" \/>\n<meta property=\"og:url\" content=\"https:\/\/denizcankizil.tr\/ru\/haberler\/gundem\/antalyada-siyaset-burokrasi-ve-is-dunyasini-bulusturan-dugun\/\" \/>\n<meta property=\"og:site_name\" content=\"Av. Deniz Can K\u0131z\u0131l\" \/>\n<meta property=\"article:published_time\" content=\"2024-11-10T15:41:52+00:00\" \/>\n<meta name=\"twitter:card\" content=\"summary_large_image\" \/>\n<meta name=\"twitter:label1\" content=\"\u041f\u0440\u0438\u043c\u0435\u0440\u043d\u043e\u0435 \u0432\u0440\u0435\u043c\u044f \u0434\u043b\u044f \u0447\u0442\u0435\u043d\u0438\u044f\" \/>\n\t<meta name=\"twitter:data1\" content=\"2 \u043c\u0438\u043d\u0443\u0442\u044b\" \/>\n<script type=\"application\/ld+json\" class=\"yoast-schema-graph\">{\"@context\":\"https:\/\/schema.org\",\"@graph\":[{\"@type\":\"Article\",\"@id\":\"https:\/\/denizcankizil.tr\/de\/haberler\/gundem\/antalyada-siyaset-burokrasi-ve-is-dunyasini-bulusturan-dugun\/#article\",\"isPartOf\":{\"@id\":\"https:\/\/denizcankizil.tr\/de\/haberler\/gundem\/antalyada-siyaset-burokrasi-ve-is-dunyasini-bulusturan-dugun\/\"},\"author\":{\"name\":\"\",\"@id\":\"\"},\"headline\":\"Antalya\u2019da siyaset, b\u00fcrokrasi ve i\u015f d\u00fcnyas\u0131n\u0131 bulu\u015fturan d\u00fc\u011f\u00fcn\",\"datePublished\":\"2024-11-10T15:41:52+00:00\",\"mainEntityOfPage\":{\"@id\":\"https:\/\/denizcankizil.tr\/de\/haberler\/gundem\/antalyada-siyaset-burokrasi-ve-is-dunyasini-bulusturan-dugun\/\"},\"wordCount\":399,\"commentCount\":0,\"publisher\":{\"@id\":\"https:\/\/denizcankizil.tr\/de\/#organization\"},\"articleSection\":[\"G\u00fcndem\",\"Uncategorized\"],\"inLanguage\":\"ru-RU\",\"potentialAction\":[{\"@type\":\"CommentAction\",\"name\":\"Comment\",\"target\":[\"https:\/\/denizcankizil.tr\/de\/haberler\/gundem\/antalyada-siyaset-burokrasi-ve-is-dunyasini-bulusturan-dugun\/#respond\"]}]},{\"@type\":\"WebPage\",\"@id\":\"https:\/\/denizcankizil.tr\/de\/haberler\/gundem\/antalyada-siyaset-burokrasi-ve-is-dunyasini-bulusturan-dugun\/\",\"url\":\"https:\/\/denizcankizil.tr\/de\/haberler\/gundem\/antalyada-siyaset-burokrasi-ve-is-dunyasini-bulusturan-dugun\/\",\"name\":\"Antalya\u2019da siyaset, b\u00fcrokrasi ve i\u015f d\u00fcnyas\u0131n\u0131 bulu\u015fturan d\u00fc\u011f\u00fcn - Av. Deniz Can K\u0131z\u0131l\",\"isPartOf\":{\"@id\":\"https:\/\/denizcankizil.tr\/de\/#website\"},\"datePublished\":\"2024-11-10T15:41:52+00:00\",\"breadcrumb\":{\"@id\":\"https:\/\/denizcankizil.tr\/de\/haberler\/gundem\/antalyada-siyaset-burokrasi-ve-is-dunyasini-bulusturan-dugun\/#breadcrumb\"},\"inLanguage\":\"ru-RU\",\"potentialAction\":[{\"@type\":\"ReadAction\",\"target\":[\"https:\/\/denizcankizil.tr\/de\/haberler\/gundem\/antalyada-siyaset-burokrasi-ve-is-dunyasini-bulusturan-dugun\/\"]}]},{\"@type\":\"BreadcrumbList\",\"@id\":\"https:\/\/denizcankizil.tr\/de\/haberler\/gundem\/antalyada-siyaset-burokrasi-ve-is-dunyasini-bulusturan-dugun\/#breadcrumb\",\"itemListElement\":[{\"@type\":\"ListItem\",\"position\":1,\"name\":\"Home\",\"item\":\"https:\/\/denizcankizil.tr\/de\/\"},{\"@type\":\"ListItem\",\"position\":2,\"name\":\"Antalya\u2019da siyaset, b\u00fcrokrasi ve i\u015f d\u00fcnyas\u0131n\u0131 bulu\u015fturan d\u00fc\u011f\u00fcn\"}]},{\"@type\":\"WebSite\",\"@id\":\"https:\/\/denizcankizil.tr\/de\/#website\",\"url\":\"https:\/\/denizcankizil.tr\/de\/\",\"name\":\"Av. Deniz Can K\u0131z\u0131l\",\"description\":\"Avukat Deniz Can K\u0131z\u0131l Antalya Barosu\",\"publisher\":{\"@id\":\"https:\/\/denizcankizil.tr\/de\/#organization\"},\"potentialAction\":[{\"@type\":\"SearchAction\",\"target\":{\"@type\":\"EntryPoint\",\"urlTemplate\":\"https:\/\/denizcankizil.tr\/de\/?s={search_term_string}\"},\"query-input\":{\"@type\":\"PropertyValueSpecification\",\"valueRequired\":true,\"valueName\":\"search_term_string\"}}],\"inLanguage\":\"ru-RU\"},{\"@type\":\"Organization\",\"@id\":\"https:\/\/denizcankizil.tr\/de\/#organization\",\"name\":\"Av. Deniz Can K\u0131z\u0131l\",\"url\":\"https:\/\/denizcankizil.tr\/de\/\",\"logo\":{\"@type\":\"ImageObject\",\"inLanguage\":\"ru-RU\",\"@id\":\"https:\/\/denizcankizil.tr\/de\/#\/schema\/logo\/image\/\",\"url\":\"https:\/\/denizcankizil.tr\/wp-content\/uploads\/2024\/10\/siyah-logo-svg.svg\",\"contentUrl\":\"https:\/\/denizcankizil.tr\/wp-content\/uploads\/2024\/10\/siyah-logo-svg.svg\",\"width\":1080,\"height\":1080,\"caption\":\"Av. Deniz Can K\u0131z\u0131l\"},\"image\":{\"@id\":\"https:\/\/denizcankizil.tr\/de\/#\/schema\/logo\/image\/\"}}]}<\/script>\n<!-- \/ Yoast SEO Premium plugin. -->","yoast_head_json":{"title":"Antalya\u2019da siyaset, b\u00fcrokrasi ve i\u015f d\u00fcnyas\u0131n\u0131 bulu\u015fturan d\u00fc\u011f\u00fcn - Av. Deniz Can K\u0131z\u0131l","robots":{"index":"index","follow":"follow","max-snippet":"max-snippet:-1","max-image-preview":"max-image-preview:large","max-video-preview":"max-video-preview:-1"},"canonical":"https:\/\/denizcankizil.tr\/ru\/haberler\/gundem\/antalyada-siyaset-burokrasi-ve-is-dunyasini-bulusturan-dugun\/","og_locale":"ru_RU","og_type":"article","og_title":"Antalya\u2019da siyaset, b\u00fcrokrasi ve i\u015f d\u00fcnyas\u0131n\u0131 bulu\u015fturan d\u00fc\u011f\u00fcn","og_description":"Hafta sonu AK Parti \u0130l Ba\u015fkan Yard\u0131mc\u0131s\u0131, Elmal\u0131\u2019n\u0131n efsane g\u00fcre\u015f a\u011fas\u0131 i\u015fadam\u0131 Muammer Ak ve e\u015fi \u0130nci\u2019nin o\u011fullar\u0131 Kadir ile Zarafet &#8211; Enver \u00c7elikel \u00e7iftinin k\u0131z\u0131 Seray muhte\u015fem bir d\u00fc\u011f\u00fcn t\u00f6reni ile evlendi.\u00a0 N\u0130KAH \u015eAH\u0130TL\u0130\u011e\u0130 \u0130\u00c7\u0130N KALABALIK KADRO\u00a0 Su Otel\u2019de ger\u00e7ekle\u015ftirilen d\u00fc\u011f\u00fcne Antalya\u2019n\u0131n siyaset d\u00fcnyas\u0131 ile i\u015f d\u00fcnyas\u0131n\u0131n \u00f6nemli isimleri kat\u0131ld\u0131. Kadir ve Seray\u2019\u0131n nikah \u015fahitliklerini, AK Parti Antalya Milletvekili Mustafa K\u00f6se, AK Parti MKYK \u00dcyesi ve \u00f6nceki d\u00f6nem B\u00fcy\u00fck\u015fehir Belediye Ba\u015fkan\u0131 Menderes T\u00fcrel, MHP Antalya \u0130l Ba\u015fkan\u0131 Onur Temel, ATSO Ba\u015fkan\u0131 Yusuf Hac\u0131s\u00fcleyman, TESK Ba\u015fkan Vekili ve AESOB Ba\u015fkan\u0131 Adl\u0131han Dere, Geleneksel G\u00fcre\u015fler Federasyonu Ba\u015fkan\u0131 \u0130brahim T\u00fcrki\u015f, i\u015fadam\u0131 \u0130smail Bilal gibi bir \u00e7ok \u00fcnl\u00fc i\u015fadam\u0131 yapt\u0131. Nikah \u015fahitli\u011fi i\u00e7in yapmak i\u00e7in yer kalmay\u0131nca bir \u00e7ok isim de \u00a0gen\u00e7lerin mutlulu\u011funa bulunduklar\u0131 masalardan \u015fahitlik etti.\u00a0 D\u00dc\u011e\u00dcNE YO\u011eUN KATILIM\u00a0 Ba\u015ftan sonra prens ve prenseslere lay\u0131k bir d\u00fc\u011f\u00fcne, \u00f6nceki d\u00f6nem D\u0131\u015f\u0131\u015fleri Bakan\u0131 Mevl\u00fct \u00c7avu\u015fo\u011flu, Antalya Valisi Hulusi \u015eahin, AK Parti Milletvekilleri Tu\u011fba Vural \u00c7okal, \u0130brahim Ethem Ta\u015f ve Kemal \u00c7elik, AK Parti \u0130l Ba\u015fkan\u0131 Ali \u00c7etin ve y\u00f6netim kurulu \u00fcyeleri, Korkuteli Belediye Ba\u015fkan\u0131 Saniye Caran ile \u00e7ok say\u0131da siyaset\u00e7i de kat\u0131ld\u0131. D\u00dc\u011e\u00dcN P\u0130ST\u0130 DOLDU TA\u015eTI Davetliler; Antalya, Elmal\u0131, Kumluca, Korkuteli ve Finike ba\u015fta olmak \u00fczere Ankara, \u0130zmir ve Bursa\u2019dan da d\u00fc\u011f\u00fcne gelerek Seray &hellip;","og_url":"https:\/\/denizcankizil.tr\/ru\/haberler\/gundem\/antalyada-siyaset-burokrasi-ve-is-dunyasini-bulusturan-dugun\/","og_site_name":"Av. Deniz Can K\u0131z\u0131l","article_published_time":"2024-11-10T15:41:52+00:00","twitter_card":"summary_large_image","twitter_misc":{"\u041f\u0440\u0438\u043c\u0435\u0440\u043d\u043e\u0435 \u0432\u0440\u0435\u043c\u044f \u0434\u043b\u044f \u0447\u0442\u0435\u043d\u0438\u044f":"2 \u043c\u0438\u043d\u0443\u0442\u044b"},"schema":{"@context":"https:\/\/schema.org","@graph":[{"@type":"Article","@id":"https:\/\/denizcankizil.tr\/de\/haberler\/gundem\/antalyada-siyaset-burokrasi-ve-is-dunyasini-bulusturan-dugun\/#article","isPartOf":{"@id":"https:\/\/denizcankizil.tr\/de\/haberler\/gundem\/antalyada-siyaset-burokrasi-ve-is-dunyasini-bulusturan-dugun\/"},"author":{"name":"","@id":""},"headline":"Antalya\u2019da siyaset, b\u00fcrokrasi ve i\u015f d\u00fcnyas\u0131n\u0131 bulu\u015fturan d\u00fc\u011f\u00fcn","datePublished":"2024-11-10T15:41:52+00:00","mainEntityOfPage":{"@id":"https:\/\/denizcankizil.tr\/de\/haberler\/gundem\/antalyada-siyaset-burokrasi-ve-is-dunyasini-bulusturan-dugun\/"},"wordCount":399,"commentCount":0,"publisher":{"@id":"https:\/\/denizcankizil.tr\/de\/#organization"},"articleSection":["G\u00fcndem","Uncategorized"],"inLanguage":"ru-RU","potentialAction":[{"@type":"CommentAction","name":"Comment","target":["https:\/\/denizcankizil.tr\/de\/haberler\/gundem\/antalyada-siyaset-burokrasi-ve-is-dunyasini-bulusturan-dugun\/#respond"]}]},{"@type":"WebPage","@id":"https:\/\/denizcankizil.tr\/de\/haberler\/gundem\/antalyada-siyaset-burokrasi-ve-is-dunyasini-bulusturan-dugun\/","url":"https:\/\/denizcankizil.tr\/de\/haberler\/gundem\/antalyada-siyaset-burokrasi-ve-is-dunyasini-bulusturan-dugun\/","name":"Antalya\u2019da siyaset, b\u00fcrokrasi ve i\u015f d\u00fcnyas\u0131n\u0131 bulu\u015fturan d\u00fc\u011f\u00fcn - Av. Deniz Can K\u0131z\u0131l","isPartOf":{"@id":"https:\/\/denizcankizil.tr\/de\/#website"},"datePublished":"2024-11-10T15:41:52+00:00","breadcrumb":{"@id":"https:\/\/denizcankizil.tr\/de\/haberler\/gundem\/antalyada-siyaset-burokrasi-ve-is-dunyasini-bulusturan-dugun\/#breadcrumb"},"inLanguage":"ru-RU","potentialAction":[{"@type":"ReadAction","target":["https:\/\/denizcankizil.tr\/de\/haberler\/gundem\/antalyada-siyaset-burokrasi-ve-is-dunyasini-bulusturan-dugun\/"]}]},{"@type":"BreadcrumbList","@id":"https:\/\/denizcankizil.tr\/de\/haberler\/gundem\/antalyada-siyaset-burokrasi-ve-is-dunyasini-bulusturan-dugun\/#breadcrumb","itemListElement":[{"@type":"ListItem","position":1,"name":"Home","item":"https:\/\/denizcankizil.tr\/de\/"},{"@type":"ListItem","position":2,"name":"Antalya\u2019da siyaset, b\u00fcrokrasi ve i\u015f d\u00fcnyas\u0131n\u0131 bulu\u015fturan d\u00fc\u011f\u00fcn"}]},{"@type":"WebSite","@id":"https:\/\/denizcankizil.tr\/de\/#website","url":"https:\/\/denizcankizil.tr\/de\/","name":"Av. Deniz Can K\u0131z\u0131l","description":"Avukat Deniz Can K\u0131z\u0131l Antalya Barosu","publisher":{"@id":"https:\/\/denizcankizil.tr\/de\/#organization"},"potentialAction":[{"@type":"SearchAction","target":{"@type":"EntryPoint","urlTemplate":"https:\/\/denizcankizil.tr\/de\/?s={search_term_string}"},"query-input":{"@type":"PropertyValueSpecification","valueRequired":true,"valueName":"search_term_string"}}],"inLanguage":"ru-RU"},{"@type":"Organization","@id":"https:\/\/denizcankizil.tr\/de\/#organization","name":"Av. Deniz Can K\u0131z\u0131l","url":"https:\/\/denizcankizil.tr\/de\/","logo":{"@type":"ImageObject","inLanguage":"ru-RU","@id":"https:\/\/denizcankizil.tr\/de\/#\/schema\/logo\/image\/","url":"https:\/\/denizcankizil.tr\/wp-content\/uploads\/2024\/10\/siyah-logo-svg.svg","contentUrl":"https:\/\/denizcankizil.tr\/wp-content\/uploads\/2024\/10\/siyah-logo-svg.svg","width":1080,"height":1080,"caption":"Av. Deniz Can K\u0131z\u0131l"},"image":{"@id":"https:\/\/denizcankizil.tr\/de\/#\/schema\/logo\/image\/"}}]}},"_links":{"self":[{"href":"https:\/\/denizcankizil.tr\/ru\/wp-json\/wp\/v2\/posts\/15262","targetHints":{"allow":["GET"]}}],"collection":[{"href":"https:\/\/denizcankizil.tr\/ru\/wp-json\/wp\/v2\/posts"}],"about":[{"href":"https:\/\/denizcankizil.tr\/ru\/wp-json\/wp\/v2\/types\/post"}],"replies":[{"embeddable":true,"href":"https:\/\/denizcankizil.tr\/ru\/wp-json\/wp\/v2\/comments?post=15262"}],"version-history":[{"count":0,"href":"https:\/\/denizcankizil.tr\/ru\/wp-json\/wp\/v2\/posts\/15262\/revisions"}],"wp:attachment":[{"href":"https:\/\/denizcankizil.tr\/ru\/wp-json\/wp\/v2\/media?parent=15262"}],"wp:term":[{"taxonomy":"category","embeddable":true,"href":"https:\/\/denizcankizil.tr\/ru\/wp-json\/wp\/v2\/categories?post=15262"},{"taxonomy":"post_tag","embeddable":true,"href":"https:\/\/denizcankizil.tr\/ru\/wp-json\/wp\/v2\/tags?post=15262"}],"curies":[{"name":"wp","href":"https:\/\/api.w.org\/{rel}","templated":true}]}}