{"id":15221,"date":"2024-11-10T16:55:35","date_gmt":"2024-11-10T13:55:35","guid":{"rendered":"https:\/\/denizcankizil.tr\/uncategorized-tr\/kumlucada-orman-yangini\/"},"modified":"2024-11-10T16:55:35","modified_gmt":"2024-11-10T13:55:35","slug":"kumlucada-orman-yangini","status":"publish","type":"post","link":"https:\/\/denizcankizil.tr\/ru\/haberler\/antalya\/kumlucada-orman-yangini\/","title":{"rendered":"Kumluca&#8217;da orman yang\u0131n\u0131"},"content":{"rendered":"<p>Kumluca il\u00e7esine ba\u011fl\u0131 G\u00fcz\u00f6ren Mahallesi&#8217;nde orman yang\u0131n\u0131 meydana geldi. Yang\u0131n\u0131 g\u00f6ren vatanda\u015flar 112 acil servis hatt\u0131n\u0131 arad\u0131. \u0130hbar \u00fczerine, olay yerine orman ekipler, itfaiye ve jandarma sevk edildi. Yang\u0131na ilk an da yang\u0131n s\u00f6nd\u00fcrme araz\u00f6zleri m\u00fcdahale ederken, ormanl\u0131k alanda r\u00fczgar\u0131n etkisi ile yay\u0131lan yang\u0131n\u0131n, yerle\u015fim yerlerini tehdit etmedi\u011fi bildirildi.<\/p>\n<p>Kaynak: www.kanalv.com.tr Haber Sitesinden Al\u0131nm\u0131\u015ft\u0131r.<\/p>","protected":false},"excerpt":{"rendered":"<p>Kumluca il\u00e7esine ba\u011fl\u0131 G\u00fcz\u00f6ren Mahallesi&#8217;nde orman yang\u0131n\u0131 meydana geldi. Yang\u0131n\u0131 g\u00f6ren vatanda\u015flar 112 acil servis hatt\u0131n\u0131 arad\u0131. \u0130hbar \u00fczerine, olay yerine orman ekipler, itfaiye ve jandarma sevk edildi. Yang\u0131na ilk an da yang\u0131n s\u00f6nd\u00fcrme araz\u00f6zleri m\u00fcdahale ederken, ormanl\u0131k alanda r\u00fczgar\u0131n etkisi ile yay\u0131lan yang\u0131n\u0131n, yerle\u015fim yerlerini tehdit etmedi\u011fi bildirildi. Kaynak: www.kanalv.com.tr Haber Sitesinden Al\u0131nm\u0131\u015ft\u0131r.<\/p>","protected":false},"author":6,"featured_media":15222,"comment_status":"open","ping_status":"open","sticky":false,"template":"","format":"standard","meta":{"_acf_changed":false,"footnotes":""},"categories":[26,535],"tags":[],"class_list":["post-15221","post","type-post","status-publish","format-standard","has-post-thumbnail","hentry","category-antalya","category-uncategorized-tr"],"acf":[],"yoast_head":"<!-- This site is optimized with the Yoast SEO Premium plugin v26.6 (Yoast SEO v27.1.1) - https:\/\/yoast.com\/product\/yoast-seo-premium-wordpress\/ -->\n<title>Kumluca&#039;da orman yang\u0131n\u0131 - Av. Deniz Can K\u0131z\u0131l<\/title>\n<meta name=\"robots\" content=\"index, follow, max-snippet:-1, max-image-preview:large, max-video-preview:-1\" \/>\n<link rel=\"canonical\" href=\"https:\/\/denizcankizil.tr\/ru\/haberler\/antalya\/kumlucada-orman-yangini\/\" \/>\n<meta property=\"og:locale\" content=\"ru_RU\" \/>\n<meta property=\"og:type\" content=\"article\" \/>\n<meta property=\"og:title\" content=\"Kumluca&#039;da orman yang\u0131n\u0131\" \/>\n<meta property=\"og:description\" content=\"Kumluca il\u00e7esine ba\u011fl\u0131 G\u00fcz\u00f6ren Mahallesi&#8217;nde orman yang\u0131n\u0131 meydana geldi. Yang\u0131n\u0131 g\u00f6ren vatanda\u015flar 112 acil servis hatt\u0131n\u0131 arad\u0131. \u0130hbar \u00fczerine, olay yerine orman ekipler, itfaiye ve jandarma sevk edildi. Yang\u0131na ilk an da yang\u0131n s\u00f6nd\u00fcrme araz\u00f6zleri m\u00fcdahale ederken, ormanl\u0131k alanda r\u00fczgar\u0131n etkisi ile yay\u0131lan yang\u0131n\u0131n, yerle\u015fim yerlerini tehdit etmedi\u011fi bildirildi. Kaynak: www.kanalv.com.tr Haber Sitesinden Al\u0131nm\u0131\u015ft\u0131r.\" \/>\n<meta property=\"og:url\" content=\"https:\/\/denizcankizil.tr\/ru\/haberler\/antalya\/kumlucada-orman-yangini\/\" \/>\n<meta property=\"og:site_name\" content=\"Av. Deniz Can K\u0131z\u0131l\" \/>\n<meta property=\"article:published_time\" content=\"2024-11-10T13:55:35+00:00\" \/>\n<meta property=\"og:image\" content=\"https:\/\/denizcankizil.tr\/wp-content\/uploads\/2024\/11\/2989-01-hg8d5A.jpeg\" \/>\n\t<meta property=\"og:image:width\" content=\"1280\" \/>\n\t<meta property=\"og:image:height\" content=\"720\" \/>\n\t<meta property=\"og:image:type\" content=\"image\/jpeg\" \/>\n<meta name=\"author\" content=\"kanalv comtr\" \/>\n<meta name=\"twitter:card\" content=\"summary_large_image\" \/>\n<meta name=\"twitter:label1\" content=\"\u041d\u0430\u043f\u0438\u0441\u0430\u043d\u043e \u0430\u0432\u0442\u043e\u0440\u043e\u043c\" \/>\n\t<meta name=\"twitter:data1\" content=\"kanalv comtr\" \/>\n<script type=\"application\/ld+json\" class=\"yoast-schema-graph\">{\"@context\":\"https:\/\/schema.org\",\"@graph\":[{\"@type\":\"Article\",\"@id\":\"https:\/\/denizcankizil.tr\/ru\/haberler\/antalya\/kumlucada-orman-yangini\/#article\",\"isPartOf\":{\"@id\":\"https:\/\/denizcankizil.tr\/ru\/haberler\/antalya\/kumlucada-orman-yangini\/\"},\"author\":{\"name\":\"kanalv comtr\",\"@id\":\"https:\/\/denizcankizil.tr\/#\/schema\/person\/fadb97893eb50df27b0c40e0e46fbe2f\"},\"headline\":\"Kumluca&#8217;da orman yang\u0131n\u0131\",\"datePublished\":\"2024-11-10T13:55:35+00:00\",\"mainEntityOfPage\":{\"@id\":\"https:\/\/denizcankizil.tr\/ru\/haberler\/antalya\/kumlucada-orman-yangini\/\"},\"wordCount\":88,\"commentCount\":0,\"publisher\":{\"@id\":\"https:\/\/denizcankizil.tr\/#organization\"},\"image\":{\"@id\":\"https:\/\/denizcankizil.tr\/ru\/haberler\/antalya\/kumlucada-orman-yangini\/#primaryimage\"},\"thumbnailUrl\":\"https:\/\/denizcankizil.tr\/wp-content\/uploads\/2024\/11\/2989-01-hg8d5A.jpeg\",\"articleSection\":[\"Antalya\",\"Uncategorized\"],\"inLanguage\":\"ru-RU\",\"potentialAction\":[{\"@type\":\"CommentAction\",\"name\":\"Comment\",\"target\":[\"https:\/\/denizcankizil.tr\/ru\/haberler\/antalya\/kumlucada-orman-yangini\/#respond\"]}]},{\"@type\":\"WebPage\",\"@id\":\"https:\/\/denizcankizil.tr\/ru\/haberler\/antalya\/kumlucada-orman-yangini\/\",\"url\":\"https:\/\/denizcankizil.tr\/ru\/haberler\/antalya\/kumlucada-orman-yangini\/\",\"name\":\"Kumluca'da orman yang\u0131n\u0131 - Av. Deniz Can K\u0131z\u0131l\",\"isPartOf\":{\"@id\":\"https:\/\/denizcankizil.tr\/#website\"},\"primaryImageOfPage\":{\"@id\":\"https:\/\/denizcankizil.tr\/ru\/haberler\/antalya\/kumlucada-orman-yangini\/#primaryimage\"},\"image\":{\"@id\":\"https:\/\/denizcankizil.tr\/ru\/haberler\/antalya\/kumlucada-orman-yangini\/#primaryimage\"},\"thumbnailUrl\":\"https:\/\/denizcankizil.tr\/wp-content\/uploads\/2024\/11\/2989-01-hg8d5A.jpeg\",\"datePublished\":\"2024-11-10T13:55:35+00:00\",\"breadcrumb\":{\"@id\":\"https:\/\/denizcankizil.tr\/ru\/haberler\/antalya\/kumlucada-orman-yangini\/#breadcrumb\"},\"inLanguage\":\"ru-RU\",\"potentialAction\":[{\"@type\":\"ReadAction\",\"target\":[\"https:\/\/denizcankizil.tr\/ru\/haberler\/antalya\/kumlucada-orman-yangini\/\"]}]},{\"@type\":\"ImageObject\",\"inLanguage\":\"ru-RU\",\"@id\":\"https:\/\/denizcankizil.tr\/ru\/haberler\/antalya\/kumlucada-orman-yangini\/#primaryimage\",\"url\":\"https:\/\/denizcankizil.tr\/wp-content\/uploads\/2024\/11\/2989-01-hg8d5A.jpeg\",\"contentUrl\":\"https:\/\/denizcankizil.tr\/wp-content\/uploads\/2024\/11\/2989-01-hg8d5A.jpeg\",\"width\":1280,\"height\":720},{\"@type\":\"BreadcrumbList\",\"@id\":\"https:\/\/denizcankizil.tr\/ru\/haberler\/antalya\/kumlucada-orman-yangini\/#breadcrumb\",\"itemListElement\":[{\"@type\":\"ListItem\",\"position\":1,\"name\":\"Home\",\"item\":\"https:\/\/denizcankizil.tr\/uk\/\"},{\"@type\":\"ListItem\",\"position\":2,\"name\":\"Kumluca&#8217;da orman yang\u0131n\u0131\"}]},{\"@type\":\"WebSite\",\"@id\":\"https:\/\/denizcankizil.tr\/#website\",\"url\":\"https:\/\/denizcankizil.tr\/\",\"name\":\"Av. Deniz Can K\u0131z\u0131l\",\"description\":\"Avukat Deniz Can K\u0131z\u0131l Antalya Barosu\",\"publisher\":{\"@id\":\"https:\/\/denizcankizil.tr\/#organization\"},\"potentialAction\":[{\"@type\":\"SearchAction\",\"target\":{\"@type\":\"EntryPoint\",\"urlTemplate\":\"https:\/\/denizcankizil.tr\/?s={search_term_string}\"},\"query-input\":{\"@type\":\"PropertyValueSpecification\",\"valueRequired\":true,\"valueName\":\"search_term_string\"}}],\"inLanguage\":\"ru-RU\"},{\"@type\":\"Organization\",\"@id\":\"https:\/\/denizcankizil.tr\/#organization\",\"name\":\"Av. Deniz Can K\u0131z\u0131l\",\"url\":\"https:\/\/denizcankizil.tr\/\",\"logo\":{\"@type\":\"ImageObject\",\"inLanguage\":\"ru-RU\",\"@id\":\"https:\/\/denizcankizil.tr\/#\/schema\/logo\/image\/\",\"url\":\"https:\/\/denizcankizil.tr\/wp-content\/uploads\/2024\/10\/siyah-logo-svg.svg\",\"contentUrl\":\"https:\/\/denizcankizil.tr\/wp-content\/uploads\/2024\/10\/siyah-logo-svg.svg\",\"width\":1080,\"height\":1080,\"caption\":\"Av. Deniz Can K\u0131z\u0131l\"},\"image\":{\"@id\":\"https:\/\/denizcankizil.tr\/#\/schema\/logo\/image\/\"}},{\"@type\":\"Person\",\"@id\":\"https:\/\/denizcankizil.tr\/#\/schema\/person\/fadb97893eb50df27b0c40e0e46fbe2f\",\"name\":\"kanalv comtr\",\"image\":{\"@type\":\"ImageObject\",\"inLanguage\":\"ru-RU\",\"@id\":\"https:\/\/denizcankizil.tr\/#\/schema\/person\/image\/\",\"url\":\"https:\/\/secure.gravatar.com\/avatar\/740bab5149f71dc495d99b45641089fe45888ff20270fee598abfb93d186ded6?s=96&d=mm&r=g\",\"contentUrl\":\"https:\/\/secure.gravatar.com\/avatar\/740bab5149f71dc495d99b45641089fe45888ff20270fee598abfb93d186ded6?s=96&d=mm&r=g\",\"caption\":\"kanalv comtr\"},\"sameAs\":[\"http:\/\/www.kanalv.com.tr\"],\"url\":\"https:\/\/denizcankizil.tr\/ru\/author\/www-kanalv-com-tr\/\"}]}<\/script>\n<!-- \/ Yoast SEO Premium plugin. -->","yoast_head_json":{"title":"Kumluca'da orman yang\u0131n\u0131 - Av. Deniz Can K\u0131z\u0131l","robots":{"index":"index","follow":"follow","max-snippet":"max-snippet:-1","max-image-preview":"max-image-preview:large","max-video-preview":"max-video-preview:-1"},"canonical":"https:\/\/denizcankizil.tr\/ru\/haberler\/antalya\/kumlucada-orman-yangini\/","og_locale":"ru_RU","og_type":"article","og_title":"Kumluca'da orman yang\u0131n\u0131","og_description":"Kumluca il\u00e7esine ba\u011fl\u0131 G\u00fcz\u00f6ren Mahallesi&#8217;nde orman yang\u0131n\u0131 meydana geldi. Yang\u0131n\u0131 g\u00f6ren vatanda\u015flar 112 acil servis hatt\u0131n\u0131 arad\u0131. \u0130hbar \u00fczerine, olay yerine orman ekipler, itfaiye ve jandarma sevk edildi. Yang\u0131na ilk an da yang\u0131n s\u00f6nd\u00fcrme araz\u00f6zleri m\u00fcdahale ederken, ormanl\u0131k alanda r\u00fczgar\u0131n etkisi ile yay\u0131lan yang\u0131n\u0131n, yerle\u015fim yerlerini tehdit etmedi\u011fi bildirildi. Kaynak: www.kanalv.com.tr Haber Sitesinden Al\u0131nm\u0131\u015ft\u0131r.","og_url":"https:\/\/denizcankizil.tr\/ru\/haberler\/antalya\/kumlucada-orman-yangini\/","og_site_name":"Av. Deniz Can K\u0131z\u0131l","article_published_time":"2024-11-10T13:55:35+00:00","og_image":[{"width":1280,"height":720,"url":"https:\/\/denizcankizil.tr\/wp-content\/uploads\/2024\/11\/2989-01-hg8d5A.jpeg","type":"image\/jpeg"}],"author":"kanalv comtr","twitter_card":"summary_large_image","twitter_misc":{"\u041d\u0430\u043f\u0438\u0441\u0430\u043d\u043e \u0430\u0432\u0442\u043e\u0440\u043e\u043c":"kanalv comtr"},"schema":{"@context":"https:\/\/schema.org","@graph":[{"@type":"Article","@id":"https:\/\/denizcankizil.tr\/ru\/haberler\/antalya\/kumlucada-orman-yangini\/#article","isPartOf":{"@id":"https:\/\/denizcankizil.tr\/ru\/haberler\/antalya\/kumlucada-orman-yangini\/"},"author":{"name":"kanalv comtr","@id":"https:\/\/denizcankizil.tr\/#\/schema\/person\/fadb97893eb50df27b0c40e0e46fbe2f"},"headline":"Kumluca&#8217;da orman yang\u0131n\u0131","datePublished":"2024-11-10T13:55:35+00:00","mainEntityOfPage":{"@id":"https:\/\/denizcankizil.tr\/ru\/haberler\/antalya\/kumlucada-orman-yangini\/"},"wordCount":88,"commentCount":0,"publisher":{"@id":"https:\/\/denizcankizil.tr\/#organization"},"image":{"@id":"https:\/\/denizcankizil.tr\/ru\/haberler\/antalya\/kumlucada-orman-yangini\/#primaryimage"},"thumbnailUrl":"https:\/\/denizcankizil.tr\/wp-content\/uploads\/2024\/11\/2989-01-hg8d5A.jpeg","articleSection":["Antalya","Uncategorized"],"inLanguage":"ru-RU","potentialAction":[{"@type":"CommentAction","name":"Comment","target":["https:\/\/denizcankizil.tr\/ru\/haberler\/antalya\/kumlucada-orman-yangini\/#respond"]}]},{"@type":"WebPage","@id":"https:\/\/denizcankizil.tr\/ru\/haberler\/antalya\/kumlucada-orman-yangini\/","url":"https:\/\/denizcankizil.tr\/ru\/haberler\/antalya\/kumlucada-orman-yangini\/","name":"Kumluca'da orman yang\u0131n\u0131 - Av. Deniz Can K\u0131z\u0131l","isPartOf":{"@id":"https:\/\/denizcankizil.tr\/#website"},"primaryImageOfPage":{"@id":"https:\/\/denizcankizil.tr\/ru\/haberler\/antalya\/kumlucada-orman-yangini\/#primaryimage"},"image":{"@id":"https:\/\/denizcankizil.tr\/ru\/haberler\/antalya\/kumlucada-orman-yangini\/#primaryimage"},"thumbnailUrl":"https:\/\/denizcankizil.tr\/wp-content\/uploads\/2024\/11\/2989-01-hg8d5A.jpeg","datePublished":"2024-11-10T13:55:35+00:00","breadcrumb":{"@id":"https:\/\/denizcankizil.tr\/ru\/haberler\/antalya\/kumlucada-orman-yangini\/#breadcrumb"},"inLanguage":"ru-RU","potentialAction":[{"@type":"ReadAction","target":["https:\/\/denizcankizil.tr\/ru\/haberler\/antalya\/kumlucada-orman-yangini\/"]}]},{"@type":"ImageObject","inLanguage":"ru-RU","@id":"https:\/\/denizcankizil.tr\/ru\/haberler\/antalya\/kumlucada-orman-yangini\/#primaryimage","url":"https:\/\/denizcankizil.tr\/wp-content\/uploads\/2024\/11\/2989-01-hg8d5A.jpeg","contentUrl":"https:\/\/denizcankizil.tr\/wp-content\/uploads\/2024\/11\/2989-01-hg8d5A.jpeg","width":1280,"height":720},{"@type":"BreadcrumbList","@id":"https:\/\/denizcankizil.tr\/ru\/haberler\/antalya\/kumlucada-orman-yangini\/#breadcrumb","itemListElement":[{"@type":"ListItem","position":1,"name":"Home","item":"https:\/\/denizcankizil.tr\/uk\/"},{"@type":"ListItem","position":2,"name":"Kumluca&#8217;da orman yang\u0131n\u0131"}]},{"@type":"WebSite","@id":"https:\/\/denizcankizil.tr\/#website","url":"https:\/\/denizcankizil.tr\/","name":"Av. Deniz Can K\u0131z\u0131l","description":"Avukat Deniz Can K\u0131z\u0131l Antalya Barosu","publisher":{"@id":"https:\/\/denizcankizil.tr\/#organization"},"potentialAction":[{"@type":"SearchAction","target":{"@type":"EntryPoint","urlTemplate":"https:\/\/denizcankizil.tr\/?s={search_term_string}"},"query-input":{"@type":"PropertyValueSpecification","valueRequired":true,"valueName":"search_term_string"}}],"inLanguage":"ru-RU"},{"@type":"Organization","@id":"https:\/\/denizcankizil.tr\/#organization","name":"Av. Deniz Can K\u0131z\u0131l","url":"https:\/\/denizcankizil.tr\/","logo":{"@type":"ImageObject","inLanguage":"ru-RU","@id":"https:\/\/denizcankizil.tr\/#\/schema\/logo\/image\/","url":"https:\/\/denizcankizil.tr\/wp-content\/uploads\/2024\/10\/siyah-logo-svg.svg","contentUrl":"https:\/\/denizcankizil.tr\/wp-content\/uploads\/2024\/10\/siyah-logo-svg.svg","width":1080,"height":1080,"caption":"Av. Deniz Can K\u0131z\u0131l"},"image":{"@id":"https:\/\/denizcankizil.tr\/#\/schema\/logo\/image\/"}},{"@type":"Person","@id":"https:\/\/denizcankizil.tr\/#\/schema\/person\/fadb97893eb50df27b0c40e0e46fbe2f","name":"kanalv comtr","image":{"@type":"ImageObject","inLanguage":"ru-RU","@id":"https:\/\/denizcankizil.tr\/#\/schema\/person\/image\/","url":"https:\/\/secure.gravatar.com\/avatar\/740bab5149f71dc495d99b45641089fe45888ff20270fee598abfb93d186ded6?s=96&d=mm&r=g","contentUrl":"https:\/\/secure.gravatar.com\/avatar\/740bab5149f71dc495d99b45641089fe45888ff20270fee598abfb93d186ded6?s=96&d=mm&r=g","caption":"kanalv comtr"},"sameAs":["http:\/\/www.kanalv.com.tr"],"url":"https:\/\/denizcankizil.tr\/ru\/author\/www-kanalv-com-tr\/"}]}},"_links":{"self":[{"href":"https:\/\/denizcankizil.tr\/ru\/wp-json\/wp\/v2\/posts\/15221","targetHints":{"allow":["GET"]}}],"collection":[{"href":"https:\/\/denizcankizil.tr\/ru\/wp-json\/wp\/v2\/posts"}],"about":[{"href":"https:\/\/denizcankizil.tr\/ru\/wp-json\/wp\/v2\/types\/post"}],"author":[{"embeddable":true,"href":"https:\/\/denizcankizil.tr\/ru\/wp-json\/wp\/v2\/users\/6"}],"replies":[{"embeddable":true,"href":"https:\/\/denizcankizil.tr\/ru\/wp-json\/wp\/v2\/comments?post=15221"}],"version-history":[{"count":0,"href":"https:\/\/denizcankizil.tr\/ru\/wp-json\/wp\/v2\/posts\/15221\/revisions"}],"wp:featuredmedia":[{"embeddable":true,"href":"https:\/\/denizcankizil.tr\/ru\/wp-json\/wp\/v2\/media\/15222"}],"wp:attachment":[{"href":"https:\/\/denizcankizil.tr\/ru\/wp-json\/wp\/v2\/media?parent=15221"}],"wp:term":[{"taxonomy":"category","embeddable":true,"href":"https:\/\/denizcankizil.tr\/ru\/wp-json\/wp\/v2\/categories?post=15221"},{"taxonomy":"post_tag","embeddable":true,"href":"https:\/\/denizcankizil.tr\/ru\/wp-json\/wp\/v2\/tags?post=15221"}],"curies":[{"name":"wp","href":"https:\/\/api.w.org\/{rel}","templated":true}]}}