{"id":15219,"date":"2024-11-10T16:55:17","date_gmt":"2024-11-10T13:55:17","guid":{"rendered":"https:\/\/denizcankizil.tr\/uncategorized-tr\/baskan-muhittin-bocekin-10-kasim-mesaji\/"},"modified":"2024-11-10T16:55:17","modified_gmt":"2024-11-10T13:55:17","slug":"baskan-muhittin-bocekin-10-kasim-mesaji","status":"publish","type":"post","link":"https:\/\/denizcankizil.tr\/ru\/haberler\/antalya\/baskan-muhittin-bocekin-10-kasim-mesaji\/","title":{"rendered":"Ba\u015fkan Muhittin B\u00f6cek&#8217;in 10 Kas\u0131m mesaj\u0131"},"content":{"rendered":"<p>&#8220;Cumhuriyetimizin kurucusu, fikirleri ve devrimleriyle T\u00fcrk Ulusunun \u00f6nderi Gazi Mustafa Kemal Atat\u00fcrk\u2019\u00fc aram\u0131zdan ayr\u0131l\u0131\u015f\u0131n\u0131n 86&#8217;\u0131nc\u0131 y\u0131ld\u00f6n\u00fcm\u00fcnde sevgi, sayg\u0131, rahmet, minnet ve \u00f6zlemle an\u0131yor, aziz hat\u0131ras\u0131 \u00f6n\u00fcnde sayg\u0131yla e\u011filiyoruz. Her 10 Kas\u0131m\u2019da oldu\u011fu gibi bu 10 Kas\u0131m\u2019da da bo\u011faz\u0131m\u0131zda koca bir d\u00fc\u011f\u00fcm, g\u00f6zlerimizde ya\u015f, kalplerimizde Atat\u00fcrk\u2019e olan ba\u011fl\u0131l\u0131\u011f\u0131m\u0131z ve sevgimiz var. Azmi, cesareti ve onuru ile bizlere \u00f6rnek olan, bug\u00fcn sahip oldu\u011fumuz kazan\u0131mlar\u0131n yolunu a\u00e7an, \u00e7a\u011fda\u015fl\u0131\u011f\u0131n sembol\u00fc Atat\u00fcrk\u2019\u00fcn aram\u0131zdan ayr\u0131l\u0131\u015f\u0131n\u0131n 86&#8217;\u0131nc\u0131 y\u0131ld\u00f6n\u00fcm\u00fcnde O\u2019na olan \u00f6zlemimizi bir kez daha dile getiriyor, b\u00fcy\u00fck \u00f6nderimizi \u015f\u00fckranla an\u0131yoruz.<\/p>\n<p>Mustafa Kemal Atat\u00fcrk; uzun sava\u015flardan ve yenilgilerden yorgun d\u00fc\u015fm\u00fc\u015f, umutsuz bir milleti azim ve kararl\u0131l\u0131kla aya\u011fa kald\u0131rm\u0131\u015f, her zaman inand\u0131\u011f\u0131 ve g\u00fcvendi\u011fi T\u00fcrk Milleti ile birlikte ba\u015flatt\u0131\u011f\u0131 m\u00fccadeleyi zaferle sonu\u00e7land\u0131rm\u0131\u015ft\u0131r. Atat\u00fcrk, askeri alandaki ba\u015far\u0131lar\u0131n\u0131 devlet adam\u0131 kimli\u011fiyle de devam ettirmi\u015f, d\u00fc\u015f\u00fcnceleriyle ve devrimleriyle Cumhuriyetimizin ilan\u0131n\u0131 takip eden s\u00fcre\u00e7te devlet y\u00f6netimi, sosyal hayat, bilim, k\u00fclt\u00fcr, sanat ve ekonomi gibi alanlarda bir\u00e7ok yenilik hamlesini ba\u015far\u0131yla ger\u00e7ekle\u015ftirmi\u015ftir. Yeni kurulan T\u00fcrkiye Cumhuriyeti\u2019ni ve T\u00fcrk Milleti\u2019ni \u00e7a\u011fda\u015f uygarl\u0131k d\u00fczeyine ta\u015f\u0131m\u0131\u015ft\u0131r. Gazi Mustafa Kemal Atat\u00fcrk, T\u00fcrk Milleti\u2019nin g\u00f6nl\u00fcnde taht kurmu\u015f, t\u00fcm d\u00fcnyan\u0131n da takdirine mazhar olmu\u015f b\u00fcy\u00fck bir liderdir. Atat\u00fcrk\u2019\u00fcn ger\u00e7ekle\u015ftirmi\u015f oldu\u011fu modernle\u015fme ve d\u00f6n\u00fc\u015f\u00fcm hamleleri ile ortaya koydu\u011fu vizyon bizlere b\u00fcy\u00fck sorumluluklar y\u00fcklemektedir. &#8220;Benim na\u00e7iz v\u00fccudum elbet bir g\u00fcn toprak olacakt\u0131r; ama T\u00fcrkiye Cumhuriyeti ilelebet payidar kalacakt\u0131r&#8221; diyerek Cumhuriyetimize duydu\u011fu b\u00fcy\u00fck inanc\u0131 ve g\u00fcveni vurgulayan Gazi Mustafa Kemal\u2019in aziz hat\u0131ras\u0131na sahip \u00e7\u0131kmak, Cumhuriyetimizin ilelebet payidar kalmas\u0131 i\u00e7in azimle \u00e7al\u0131\u015fmak en \u00f6nemli vazifelerimizdendir.<\/p>\n<p>Sevgili gen\u00e7ler, Gazi Mustafa Kemal Atat\u00fcrk, milli bilinci, m\u00fccadele azmi ve liderlik vasf\u0131 ile gen\u00e7 nesiller i\u00e7in e\u015fsiz bir \u00f6rnek olurken d\u00fcnya tarihine damga vuran ki\u015filer aras\u0131nda da yerini alm\u0131\u015ft\u0131r. Hayat\u0131n\u0131n her an\u0131n\u0131 bu vatana adayan Ata\u2019m\u0131z\u0131n izinden ayr\u0131lmadan y\u00fcr\u00fcmek, T\u00fcrkiye Cumhuriyeti\u2019ni ebediyete kadar ya\u015fatmak, ilke ve devrimlerinin y\u0131lmaz koruyucular\u0131 olmak en b\u00fcy\u00fck vazifenizdir. Ata\u2019m\u0131z\u0131n, &#8220;Sizler, yani yeni T\u00fcrkiye\u2019nin gen\u00e7 evlatlar\u0131! Yorulsan\u0131z dahi beni takip edeceksiniz. Dinlenmemek \u00fczere y\u00fcr\u00fcmeye karar verenler, asla ve asla yorulmazlar. T\u00fcrk Gen\u00e7li\u011fi gayeye, bizim y\u00fcksek idealimize durmadan, yorulmadan y\u00fcr\u00fcyecektir&#8221; s\u00f6z\u00fcn\u00fc hi\u00e7 ama hi\u00e7 unutmay\u0131n.<\/p>\n<p>Aziz ATA\u2019m, d\u00fcn, bug\u00fcn, yar\u0131n ve daima sen hep bizimlesin. Bu duygu ve d\u00fc\u015f\u00fcncelerle Kurtulu\u015f Sava\u015f\u0131\u2019m\u0131z\u0131n Ba\u015fkumandan\u0131 ve Cumhuriyetimizin Kurucusu Gazi Mustafa Kemal Atat\u00fcrk\u2019\u00fc bir kez daha sevgi, sayg\u0131, \u00f6zlem, rahmet ve minnetle an\u0131yorum.&#8221;<\/p>\n<p>Kaynak: www.kanalv.com.tr Haber Sitesinden Al\u0131nm\u0131\u015ft\u0131r.<\/p>","protected":false},"excerpt":{"rendered":"<p>&#8220;Cumhuriyetimizin kurucusu, fikirleri ve devrimleriyle T\u00fcrk Ulusunun \u00f6nderi Gazi Mustafa Kemal Atat\u00fcrk\u2019\u00fc aram\u0131zdan ayr\u0131l\u0131\u015f\u0131n\u0131n 86&#8217;\u0131nc\u0131 y\u0131ld\u00f6n\u00fcm\u00fcnde sevgi, sayg\u0131, rahmet, minnet ve \u00f6zlemle an\u0131yor, aziz hat\u0131ras\u0131 \u00f6n\u00fcnde sayg\u0131yla e\u011filiyoruz. Her 10 Kas\u0131m\u2019da oldu\u011fu gibi bu 10 Kas\u0131m\u2019da da bo\u011faz\u0131m\u0131zda koca bir d\u00fc\u011f\u00fcm, g\u00f6zlerimizde ya\u015f, kalplerimizde Atat\u00fcrk\u2019e olan ba\u011fl\u0131l\u0131\u011f\u0131m\u0131z ve sevgimiz var. Azmi, cesareti ve onuru ile bizlere \u00f6rnek olan, bug\u00fcn sahip oldu\u011fumuz kazan\u0131mlar\u0131n yolunu a\u00e7an, \u00e7a\u011fda\u015fl\u0131\u011f\u0131n sembol\u00fc Atat\u00fcrk\u2019\u00fcn aram\u0131zdan ayr\u0131l\u0131\u015f\u0131n\u0131n 86&#8217;\u0131nc\u0131 y\u0131ld\u00f6n\u00fcm\u00fcnde O\u2019na olan \u00f6zlemimizi bir kez daha dile getiriyor, b\u00fcy\u00fck \u00f6nderimizi \u015f\u00fckranla an\u0131yoruz. Mustafa Kemal Atat\u00fcrk; uzun sava\u015flardan ve yenilgilerden yorgun d\u00fc\u015fm\u00fc\u015f, umutsuz bir milleti azim ve kararl\u0131l\u0131kla aya\u011fa kald\u0131rm\u0131\u015f, her zaman inand\u0131\u011f\u0131 ve g\u00fcvendi\u011fi T\u00fcrk Milleti ile birlikte ba\u015flatt\u0131\u011f\u0131 m\u00fccadeleyi zaferle sonu\u00e7land\u0131rm\u0131\u015ft\u0131r. Atat\u00fcrk, askeri alandaki ba\u015far\u0131lar\u0131n\u0131 devlet adam\u0131 kimli\u011fiyle de devam ettirmi\u015f, d\u00fc\u015f\u00fcnceleriyle ve devrimleriyle Cumhuriyetimizin ilan\u0131n\u0131 takip eden s\u00fcre\u00e7te devlet y\u00f6netimi, sosyal hayat, bilim, k\u00fclt\u00fcr, sanat ve ekonomi gibi alanlarda bir\u00e7ok yenilik hamlesini ba\u015far\u0131yla ger\u00e7ekle\u015ftirmi\u015ftir. Yeni kurulan T\u00fcrkiye Cumhuriyeti\u2019ni ve T\u00fcrk Milleti\u2019ni \u00e7a\u011fda\u015f uygarl\u0131k d\u00fczeyine ta\u015f\u0131m\u0131\u015ft\u0131r. Gazi Mustafa Kemal Atat\u00fcrk, T\u00fcrk Milleti\u2019nin g\u00f6nl\u00fcnde taht kurmu\u015f, t\u00fcm d\u00fcnyan\u0131n da takdirine mazhar olmu\u015f b\u00fcy\u00fck bir liderdir. Atat\u00fcrk\u2019\u00fcn ger\u00e7ekle\u015ftirmi\u015f oldu\u011fu modernle\u015fme ve d\u00f6n\u00fc\u015f\u00fcm hamleleri ile ortaya koydu\u011fu vizyon bizlere b\u00fcy\u00fck sorumluluklar y\u00fcklemektedir. &#8220;Benim na\u00e7iz v\u00fccudum elbet bir g\u00fcn toprak olacakt\u0131r; ama &hellip;<\/p>","protected":false},"author":6,"featured_media":15220,"comment_status":"open","ping_status":"open","sticky":false,"template":"","format":"standard","meta":{"_acf_changed":false,"footnotes":""},"categories":[26,535],"tags":[],"class_list":["post-15219","post","type-post","status-publish","format-standard","has-post-thumbnail","hentry","category-antalya","category-uncategorized-tr"],"acf":[],"yoast_head":"<!-- This site is optimized with the Yoast SEO Premium plugin v26.6 (Yoast SEO v27.1.1) - https:\/\/yoast.com\/product\/yoast-seo-premium-wordpress\/ -->\n<title>Ba\u015fkan Muhittin B\u00f6cek&#039;in 10 Kas\u0131m mesaj\u0131 - Av. Deniz Can K\u0131z\u0131l<\/title>\n<meta name=\"robots\" content=\"index, follow, max-snippet:-1, max-image-preview:large, max-video-preview:-1\" \/>\n<link rel=\"canonical\" href=\"https:\/\/denizcankizil.tr\/ru\/haberler\/antalya\/baskan-muhittin-bocekin-10-kasim-mesaji\/\" \/>\n<meta property=\"og:locale\" content=\"ru_RU\" \/>\n<meta property=\"og:type\" content=\"article\" \/>\n<meta property=\"og:title\" content=\"Ba\u015fkan Muhittin B\u00f6cek&#039;in 10 Kas\u0131m mesaj\u0131\" \/>\n<meta property=\"og:description\" content=\"&#8220;Cumhuriyetimizin kurucusu, fikirleri ve devrimleriyle T\u00fcrk Ulusunun \u00f6nderi Gazi Mustafa Kemal Atat\u00fcrk\u2019\u00fc aram\u0131zdan ayr\u0131l\u0131\u015f\u0131n\u0131n 86&#8217;\u0131nc\u0131 y\u0131ld\u00f6n\u00fcm\u00fcnde sevgi, sayg\u0131, rahmet, minnet ve \u00f6zlemle an\u0131yor, aziz hat\u0131ras\u0131 \u00f6n\u00fcnde sayg\u0131yla e\u011filiyoruz. Her 10 Kas\u0131m\u2019da oldu\u011fu gibi bu 10 Kas\u0131m\u2019da da bo\u011faz\u0131m\u0131zda koca bir d\u00fc\u011f\u00fcm, g\u00f6zlerimizde ya\u015f, kalplerimizde Atat\u00fcrk\u2019e olan ba\u011fl\u0131l\u0131\u011f\u0131m\u0131z ve sevgimiz var. Azmi, cesareti ve onuru ile bizlere \u00f6rnek olan, bug\u00fcn sahip oldu\u011fumuz kazan\u0131mlar\u0131n yolunu a\u00e7an, \u00e7a\u011fda\u015fl\u0131\u011f\u0131n sembol\u00fc Atat\u00fcrk\u2019\u00fcn aram\u0131zdan ayr\u0131l\u0131\u015f\u0131n\u0131n 86&#8217;\u0131nc\u0131 y\u0131ld\u00f6n\u00fcm\u00fcnde O\u2019na olan \u00f6zlemimizi bir kez daha dile getiriyor, b\u00fcy\u00fck \u00f6nderimizi \u015f\u00fckranla an\u0131yoruz. Mustafa Kemal Atat\u00fcrk; uzun sava\u015flardan ve yenilgilerden yorgun d\u00fc\u015fm\u00fc\u015f, umutsuz bir milleti azim ve kararl\u0131l\u0131kla aya\u011fa kald\u0131rm\u0131\u015f, her zaman inand\u0131\u011f\u0131 ve g\u00fcvendi\u011fi T\u00fcrk Milleti ile birlikte ba\u015flatt\u0131\u011f\u0131 m\u00fccadeleyi zaferle sonu\u00e7land\u0131rm\u0131\u015ft\u0131r. Atat\u00fcrk, askeri alandaki ba\u015far\u0131lar\u0131n\u0131 devlet adam\u0131 kimli\u011fiyle de devam ettirmi\u015f, d\u00fc\u015f\u00fcnceleriyle ve devrimleriyle Cumhuriyetimizin ilan\u0131n\u0131 takip eden s\u00fcre\u00e7te devlet y\u00f6netimi, sosyal hayat, bilim, k\u00fclt\u00fcr, sanat ve ekonomi gibi alanlarda bir\u00e7ok yenilik hamlesini ba\u015far\u0131yla ger\u00e7ekle\u015ftirmi\u015ftir. Yeni kurulan T\u00fcrkiye Cumhuriyeti\u2019ni ve T\u00fcrk Milleti\u2019ni \u00e7a\u011fda\u015f uygarl\u0131k d\u00fczeyine ta\u015f\u0131m\u0131\u015ft\u0131r. Gazi Mustafa Kemal Atat\u00fcrk, T\u00fcrk Milleti\u2019nin g\u00f6nl\u00fcnde taht kurmu\u015f, t\u00fcm d\u00fcnyan\u0131n da takdirine mazhar olmu\u015f b\u00fcy\u00fck bir liderdir. Atat\u00fcrk\u2019\u00fcn ger\u00e7ekle\u015ftirmi\u015f oldu\u011fu modernle\u015fme ve d\u00f6n\u00fc\u015f\u00fcm hamleleri ile ortaya koydu\u011fu vizyon bizlere b\u00fcy\u00fck sorumluluklar y\u00fcklemektedir. &#8220;Benim na\u00e7iz v\u00fccudum elbet bir g\u00fcn toprak olacakt\u0131r; ama &hellip;\" \/>\n<meta property=\"og:url\" content=\"https:\/\/denizcankizil.tr\/ru\/haberler\/antalya\/baskan-muhittin-bocekin-10-kasim-mesaji\/\" \/>\n<meta property=\"og:site_name\" content=\"Av. Deniz Can K\u0131z\u0131l\" \/>\n<meta property=\"article:published_time\" content=\"2024-11-10T13:55:17+00:00\" \/>\n<meta property=\"og:image\" content=\"https:\/\/denizcankizil.tr\/wp-content\/uploads\/2024\/11\/2991-01-lNtQKx.jpeg\" \/>\n\t<meta property=\"og:image:width\" content=\"1280\" \/>\n\t<meta property=\"og:image:height\" content=\"720\" \/>\n\t<meta property=\"og:image:type\" content=\"image\/jpeg\" \/>\n<meta name=\"author\" content=\"kanalv comtr\" \/>\n<meta name=\"twitter:card\" content=\"summary_large_image\" \/>\n<meta name=\"twitter:label1\" content=\"\u041d\u0430\u043f\u0438\u0441\u0430\u043d\u043e \u0430\u0432\u0442\u043e\u0440\u043e\u043c\" \/>\n\t<meta name=\"twitter:data1\" content=\"kanalv comtr\" \/>\n\t<meta name=\"twitter:label2\" content=\"\u041f\u0440\u0438\u043c\u0435\u0440\u043d\u043e\u0435 \u0432\u0440\u0435\u043c\u044f \u0434\u043b\u044f \u0447\u0442\u0435\u043d\u0438\u044f\" \/>\n\t<meta name=\"twitter:data2\" content=\"3 \u043c\u0438\u043d\u0443\u0442\u044b\" \/>\n<script type=\"application\/ld+json\" class=\"yoast-schema-graph\">{\"@context\":\"https:\/\/schema.org\",\"@graph\":[{\"@type\":\"Article\",\"@id\":\"https:\/\/denizcankizil.tr\/ru\/haberler\/antalya\/baskan-muhittin-bocekin-10-kasim-mesaji\/#article\",\"isPartOf\":{\"@id\":\"https:\/\/denizcankizil.tr\/ru\/haberler\/antalya\/baskan-muhittin-bocekin-10-kasim-mesaji\/\"},\"author\":{\"name\":\"kanalv comtr\",\"@id\":\"https:\/\/denizcankizil.tr\/de\/#\/schema\/person\/fadb97893eb50df27b0c40e0e46fbe2f\"},\"headline\":\"Ba\u015fkan Muhittin B\u00f6cek&#8217;in 10 Kas\u0131m mesaj\u0131\",\"datePublished\":\"2024-11-10T13:55:17+00:00\",\"mainEntityOfPage\":{\"@id\":\"https:\/\/denizcankizil.tr\/ru\/haberler\/antalya\/baskan-muhittin-bocekin-10-kasim-mesaji\/\"},\"wordCount\":558,\"commentCount\":0,\"publisher\":{\"@id\":\"https:\/\/denizcankizil.tr\/de\/#organization\"},\"image\":{\"@id\":\"https:\/\/denizcankizil.tr\/ru\/haberler\/antalya\/baskan-muhittin-bocekin-10-kasim-mesaji\/#primaryimage\"},\"thumbnailUrl\":\"https:\/\/denizcankizil.tr\/wp-content\/uploads\/2024\/11\/2991-01-lNtQKx.jpeg\",\"articleSection\":[\"Antalya\",\"Uncategorized\"],\"inLanguage\":\"ru-RU\",\"potentialAction\":[{\"@type\":\"CommentAction\",\"name\":\"Comment\",\"target\":[\"https:\/\/denizcankizil.tr\/ru\/haberler\/antalya\/baskan-muhittin-bocekin-10-kasim-mesaji\/#respond\"]}]},{\"@type\":\"WebPage\",\"@id\":\"https:\/\/denizcankizil.tr\/ru\/haberler\/antalya\/baskan-muhittin-bocekin-10-kasim-mesaji\/\",\"url\":\"https:\/\/denizcankizil.tr\/ru\/haberler\/antalya\/baskan-muhittin-bocekin-10-kasim-mesaji\/\",\"name\":\"Ba\u015fkan Muhittin B\u00f6cek'in 10 Kas\u0131m mesaj\u0131 - Av. Deniz Can K\u0131z\u0131l\",\"isPartOf\":{\"@id\":\"https:\/\/denizcankizil.tr\/de\/#website\"},\"primaryImageOfPage\":{\"@id\":\"https:\/\/denizcankizil.tr\/ru\/haberler\/antalya\/baskan-muhittin-bocekin-10-kasim-mesaji\/#primaryimage\"},\"image\":{\"@id\":\"https:\/\/denizcankizil.tr\/ru\/haberler\/antalya\/baskan-muhittin-bocekin-10-kasim-mesaji\/#primaryimage\"},\"thumbnailUrl\":\"https:\/\/denizcankizil.tr\/wp-content\/uploads\/2024\/11\/2991-01-lNtQKx.jpeg\",\"datePublished\":\"2024-11-10T13:55:17+00:00\",\"breadcrumb\":{\"@id\":\"https:\/\/denizcankizil.tr\/ru\/haberler\/antalya\/baskan-muhittin-bocekin-10-kasim-mesaji\/#breadcrumb\"},\"inLanguage\":\"ru-RU\",\"potentialAction\":[{\"@type\":\"ReadAction\",\"target\":[\"https:\/\/denizcankizil.tr\/ru\/haberler\/antalya\/baskan-muhittin-bocekin-10-kasim-mesaji\/\"]}]},{\"@type\":\"ImageObject\",\"inLanguage\":\"ru-RU\",\"@id\":\"https:\/\/denizcankizil.tr\/ru\/haberler\/antalya\/baskan-muhittin-bocekin-10-kasim-mesaji\/#primaryimage\",\"url\":\"https:\/\/denizcankizil.tr\/wp-content\/uploads\/2024\/11\/2991-01-lNtQKx.jpeg\",\"contentUrl\":\"https:\/\/denizcankizil.tr\/wp-content\/uploads\/2024\/11\/2991-01-lNtQKx.jpeg\",\"width\":1280,\"height\":720},{\"@type\":\"BreadcrumbList\",\"@id\":\"https:\/\/denizcankizil.tr\/ru\/haberler\/antalya\/baskan-muhittin-bocekin-10-kasim-mesaji\/#breadcrumb\",\"itemListElement\":[{\"@type\":\"ListItem\",\"position\":1,\"name\":\"Home\",\"item\":\"https:\/\/denizcankizil.tr\/de\/\"},{\"@type\":\"ListItem\",\"position\":2,\"name\":\"Ba\u015fkan Muhittin B\u00f6cek&#8217;in 10 Kas\u0131m mesaj\u0131\"}]},{\"@type\":\"WebSite\",\"@id\":\"https:\/\/denizcankizil.tr\/de\/#website\",\"url\":\"https:\/\/denizcankizil.tr\/de\/\",\"name\":\"Av. Deniz Can K\u0131z\u0131l\",\"description\":\"Avukat Deniz Can K\u0131z\u0131l Antalya Barosu\",\"publisher\":{\"@id\":\"https:\/\/denizcankizil.tr\/de\/#organization\"},\"potentialAction\":[{\"@type\":\"SearchAction\",\"target\":{\"@type\":\"EntryPoint\",\"urlTemplate\":\"https:\/\/denizcankizil.tr\/de\/?s={search_term_string}\"},\"query-input\":{\"@type\":\"PropertyValueSpecification\",\"valueRequired\":true,\"valueName\":\"search_term_string\"}}],\"inLanguage\":\"ru-RU\"},{\"@type\":\"Organization\",\"@id\":\"https:\/\/denizcankizil.tr\/de\/#organization\",\"name\":\"Av. Deniz Can K\u0131z\u0131l\",\"url\":\"https:\/\/denizcankizil.tr\/de\/\",\"logo\":{\"@type\":\"ImageObject\",\"inLanguage\":\"ru-RU\",\"@id\":\"https:\/\/denizcankizil.tr\/de\/#\/schema\/logo\/image\/\",\"url\":\"https:\/\/denizcankizil.tr\/wp-content\/uploads\/2024\/10\/siyah-logo-svg.svg\",\"contentUrl\":\"https:\/\/denizcankizil.tr\/wp-content\/uploads\/2024\/10\/siyah-logo-svg.svg\",\"width\":1080,\"height\":1080,\"caption\":\"Av. Deniz Can K\u0131z\u0131l\"},\"image\":{\"@id\":\"https:\/\/denizcankizil.tr\/de\/#\/schema\/logo\/image\/\"}},{\"@type\":\"Person\",\"@id\":\"https:\/\/denizcankizil.tr\/de\/#\/schema\/person\/fadb97893eb50df27b0c40e0e46fbe2f\",\"name\":\"kanalv comtr\",\"image\":{\"@type\":\"ImageObject\",\"inLanguage\":\"ru-RU\",\"@id\":\"https:\/\/denizcankizil.tr\/de\/#\/schema\/person\/image\/\",\"url\":\"https:\/\/secure.gravatar.com\/avatar\/740bab5149f71dc495d99b45641089fe45888ff20270fee598abfb93d186ded6?s=96&d=mm&r=g\",\"contentUrl\":\"https:\/\/secure.gravatar.com\/avatar\/740bab5149f71dc495d99b45641089fe45888ff20270fee598abfb93d186ded6?s=96&d=mm&r=g\",\"caption\":\"kanalv comtr\"},\"sameAs\":[\"http:\/\/www.kanalv.com.tr\"],\"url\":\"https:\/\/denizcankizil.tr\/ru\/author\/www-kanalv-com-tr\/\"}]}<\/script>\n<!-- \/ Yoast SEO Premium plugin. -->","yoast_head_json":{"title":"Ba\u015fkan Muhittin B\u00f6cek'in 10 Kas\u0131m mesaj\u0131 - Av. Deniz Can K\u0131z\u0131l","robots":{"index":"index","follow":"follow","max-snippet":"max-snippet:-1","max-image-preview":"max-image-preview:large","max-video-preview":"max-video-preview:-1"},"canonical":"https:\/\/denizcankizil.tr\/ru\/haberler\/antalya\/baskan-muhittin-bocekin-10-kasim-mesaji\/","og_locale":"ru_RU","og_type":"article","og_title":"Ba\u015fkan Muhittin B\u00f6cek'in 10 Kas\u0131m mesaj\u0131","og_description":"&#8220;Cumhuriyetimizin kurucusu, fikirleri ve devrimleriyle T\u00fcrk Ulusunun \u00f6nderi Gazi Mustafa Kemal Atat\u00fcrk\u2019\u00fc aram\u0131zdan ayr\u0131l\u0131\u015f\u0131n\u0131n 86&#8217;\u0131nc\u0131 y\u0131ld\u00f6n\u00fcm\u00fcnde sevgi, sayg\u0131, rahmet, minnet ve \u00f6zlemle an\u0131yor, aziz hat\u0131ras\u0131 \u00f6n\u00fcnde sayg\u0131yla e\u011filiyoruz. Her 10 Kas\u0131m\u2019da oldu\u011fu gibi bu 10 Kas\u0131m\u2019da da bo\u011faz\u0131m\u0131zda koca bir d\u00fc\u011f\u00fcm, g\u00f6zlerimizde ya\u015f, kalplerimizde Atat\u00fcrk\u2019e olan ba\u011fl\u0131l\u0131\u011f\u0131m\u0131z ve sevgimiz var. Azmi, cesareti ve onuru ile bizlere \u00f6rnek olan, bug\u00fcn sahip oldu\u011fumuz kazan\u0131mlar\u0131n yolunu a\u00e7an, \u00e7a\u011fda\u015fl\u0131\u011f\u0131n sembol\u00fc Atat\u00fcrk\u2019\u00fcn aram\u0131zdan ayr\u0131l\u0131\u015f\u0131n\u0131n 86&#8217;\u0131nc\u0131 y\u0131ld\u00f6n\u00fcm\u00fcnde O\u2019na olan \u00f6zlemimizi bir kez daha dile getiriyor, b\u00fcy\u00fck \u00f6nderimizi \u015f\u00fckranla an\u0131yoruz. Mustafa Kemal Atat\u00fcrk; uzun sava\u015flardan ve yenilgilerden yorgun d\u00fc\u015fm\u00fc\u015f, umutsuz bir milleti azim ve kararl\u0131l\u0131kla aya\u011fa kald\u0131rm\u0131\u015f, her zaman inand\u0131\u011f\u0131 ve g\u00fcvendi\u011fi T\u00fcrk Milleti ile birlikte ba\u015flatt\u0131\u011f\u0131 m\u00fccadeleyi zaferle sonu\u00e7land\u0131rm\u0131\u015ft\u0131r. Atat\u00fcrk, askeri alandaki ba\u015far\u0131lar\u0131n\u0131 devlet adam\u0131 kimli\u011fiyle de devam ettirmi\u015f, d\u00fc\u015f\u00fcnceleriyle ve devrimleriyle Cumhuriyetimizin ilan\u0131n\u0131 takip eden s\u00fcre\u00e7te devlet y\u00f6netimi, sosyal hayat, bilim, k\u00fclt\u00fcr, sanat ve ekonomi gibi alanlarda bir\u00e7ok yenilik hamlesini ba\u015far\u0131yla ger\u00e7ekle\u015ftirmi\u015ftir. Yeni kurulan T\u00fcrkiye Cumhuriyeti\u2019ni ve T\u00fcrk Milleti\u2019ni \u00e7a\u011fda\u015f uygarl\u0131k d\u00fczeyine ta\u015f\u0131m\u0131\u015ft\u0131r. Gazi Mustafa Kemal Atat\u00fcrk, T\u00fcrk Milleti\u2019nin g\u00f6nl\u00fcnde taht kurmu\u015f, t\u00fcm d\u00fcnyan\u0131n da takdirine mazhar olmu\u015f b\u00fcy\u00fck bir liderdir. Atat\u00fcrk\u2019\u00fcn ger\u00e7ekle\u015ftirmi\u015f oldu\u011fu modernle\u015fme ve d\u00f6n\u00fc\u015f\u00fcm hamleleri ile ortaya koydu\u011fu vizyon bizlere b\u00fcy\u00fck sorumluluklar y\u00fcklemektedir. &#8220;Benim na\u00e7iz v\u00fccudum elbet bir g\u00fcn toprak olacakt\u0131r; ama &hellip;","og_url":"https:\/\/denizcankizil.tr\/ru\/haberler\/antalya\/baskan-muhittin-bocekin-10-kasim-mesaji\/","og_site_name":"Av. Deniz Can K\u0131z\u0131l","article_published_time":"2024-11-10T13:55:17+00:00","og_image":[{"width":1280,"height":720,"url":"https:\/\/denizcankizil.tr\/wp-content\/uploads\/2024\/11\/2991-01-lNtQKx.jpeg","type":"image\/jpeg"}],"author":"kanalv comtr","twitter_card":"summary_large_image","twitter_misc":{"\u041d\u0430\u043f\u0438\u0441\u0430\u043d\u043e \u0430\u0432\u0442\u043e\u0440\u043e\u043c":"kanalv comtr","\u041f\u0440\u0438\u043c\u0435\u0440\u043d\u043e\u0435 \u0432\u0440\u0435\u043c\u044f \u0434\u043b\u044f \u0447\u0442\u0435\u043d\u0438\u044f":"3 \u043c\u0438\u043d\u0443\u0442\u044b"},"schema":{"@context":"https:\/\/schema.org","@graph":[{"@type":"Article","@id":"https:\/\/denizcankizil.tr\/ru\/haberler\/antalya\/baskan-muhittin-bocekin-10-kasim-mesaji\/#article","isPartOf":{"@id":"https:\/\/denizcankizil.tr\/ru\/haberler\/antalya\/baskan-muhittin-bocekin-10-kasim-mesaji\/"},"author":{"name":"kanalv comtr","@id":"https:\/\/denizcankizil.tr\/de\/#\/schema\/person\/fadb97893eb50df27b0c40e0e46fbe2f"},"headline":"Ba\u015fkan Muhittin B\u00f6cek&#8217;in 10 Kas\u0131m mesaj\u0131","datePublished":"2024-11-10T13:55:17+00:00","mainEntityOfPage":{"@id":"https:\/\/denizcankizil.tr\/ru\/haberler\/antalya\/baskan-muhittin-bocekin-10-kasim-mesaji\/"},"wordCount":558,"commentCount":0,"publisher":{"@id":"https:\/\/denizcankizil.tr\/de\/#organization"},"image":{"@id":"https:\/\/denizcankizil.tr\/ru\/haberler\/antalya\/baskan-muhittin-bocekin-10-kasim-mesaji\/#primaryimage"},"thumbnailUrl":"https:\/\/denizcankizil.tr\/wp-content\/uploads\/2024\/11\/2991-01-lNtQKx.jpeg","articleSection":["Antalya","Uncategorized"],"inLanguage":"ru-RU","potentialAction":[{"@type":"CommentAction","name":"Comment","target":["https:\/\/denizcankizil.tr\/ru\/haberler\/antalya\/baskan-muhittin-bocekin-10-kasim-mesaji\/#respond"]}]},{"@type":"WebPage","@id":"https:\/\/denizcankizil.tr\/ru\/haberler\/antalya\/baskan-muhittin-bocekin-10-kasim-mesaji\/","url":"https:\/\/denizcankizil.tr\/ru\/haberler\/antalya\/baskan-muhittin-bocekin-10-kasim-mesaji\/","name":"Ba\u015fkan Muhittin B\u00f6cek'in 10 Kas\u0131m mesaj\u0131 - Av. Deniz Can K\u0131z\u0131l","isPartOf":{"@id":"https:\/\/denizcankizil.tr\/de\/#website"},"primaryImageOfPage":{"@id":"https:\/\/denizcankizil.tr\/ru\/haberler\/antalya\/baskan-muhittin-bocekin-10-kasim-mesaji\/#primaryimage"},"image":{"@id":"https:\/\/denizcankizil.tr\/ru\/haberler\/antalya\/baskan-muhittin-bocekin-10-kasim-mesaji\/#primaryimage"},"thumbnailUrl":"https:\/\/denizcankizil.tr\/wp-content\/uploads\/2024\/11\/2991-01-lNtQKx.jpeg","datePublished":"2024-11-10T13:55:17+00:00","breadcrumb":{"@id":"https:\/\/denizcankizil.tr\/ru\/haberler\/antalya\/baskan-muhittin-bocekin-10-kasim-mesaji\/#breadcrumb"},"inLanguage":"ru-RU","potentialAction":[{"@type":"ReadAction","target":["https:\/\/denizcankizil.tr\/ru\/haberler\/antalya\/baskan-muhittin-bocekin-10-kasim-mesaji\/"]}]},{"@type":"ImageObject","inLanguage":"ru-RU","@id":"https:\/\/denizcankizil.tr\/ru\/haberler\/antalya\/baskan-muhittin-bocekin-10-kasim-mesaji\/#primaryimage","url":"https:\/\/denizcankizil.tr\/wp-content\/uploads\/2024\/11\/2991-01-lNtQKx.jpeg","contentUrl":"https:\/\/denizcankizil.tr\/wp-content\/uploads\/2024\/11\/2991-01-lNtQKx.jpeg","width":1280,"height":720},{"@type":"BreadcrumbList","@id":"https:\/\/denizcankizil.tr\/ru\/haberler\/antalya\/baskan-muhittin-bocekin-10-kasim-mesaji\/#breadcrumb","itemListElement":[{"@type":"ListItem","position":1,"name":"Home","item":"https:\/\/denizcankizil.tr\/de\/"},{"@type":"ListItem","position":2,"name":"Ba\u015fkan Muhittin B\u00f6cek&#8217;in 10 Kas\u0131m mesaj\u0131"}]},{"@type":"WebSite","@id":"https:\/\/denizcankizil.tr\/de\/#website","url":"https:\/\/denizcankizil.tr\/de\/","name":"Av. Deniz Can K\u0131z\u0131l","description":"Avukat Deniz Can K\u0131z\u0131l Antalya Barosu","publisher":{"@id":"https:\/\/denizcankizil.tr\/de\/#organization"},"potentialAction":[{"@type":"SearchAction","target":{"@type":"EntryPoint","urlTemplate":"https:\/\/denizcankizil.tr\/de\/?s={search_term_string}"},"query-input":{"@type":"PropertyValueSpecification","valueRequired":true,"valueName":"search_term_string"}}],"inLanguage":"ru-RU"},{"@type":"Organization","@id":"https:\/\/denizcankizil.tr\/de\/#organization","name":"Av. Deniz Can K\u0131z\u0131l","url":"https:\/\/denizcankizil.tr\/de\/","logo":{"@type":"ImageObject","inLanguage":"ru-RU","@id":"https:\/\/denizcankizil.tr\/de\/#\/schema\/logo\/image\/","url":"https:\/\/denizcankizil.tr\/wp-content\/uploads\/2024\/10\/siyah-logo-svg.svg","contentUrl":"https:\/\/denizcankizil.tr\/wp-content\/uploads\/2024\/10\/siyah-logo-svg.svg","width":1080,"height":1080,"caption":"Av. Deniz Can K\u0131z\u0131l"},"image":{"@id":"https:\/\/denizcankizil.tr\/de\/#\/schema\/logo\/image\/"}},{"@type":"Person","@id":"https:\/\/denizcankizil.tr\/de\/#\/schema\/person\/fadb97893eb50df27b0c40e0e46fbe2f","name":"kanalv comtr","image":{"@type":"ImageObject","inLanguage":"ru-RU","@id":"https:\/\/denizcankizil.tr\/de\/#\/schema\/person\/image\/","url":"https:\/\/secure.gravatar.com\/avatar\/740bab5149f71dc495d99b45641089fe45888ff20270fee598abfb93d186ded6?s=96&d=mm&r=g","contentUrl":"https:\/\/secure.gravatar.com\/avatar\/740bab5149f71dc495d99b45641089fe45888ff20270fee598abfb93d186ded6?s=96&d=mm&r=g","caption":"kanalv comtr"},"sameAs":["http:\/\/www.kanalv.com.tr"],"url":"https:\/\/denizcankizil.tr\/ru\/author\/www-kanalv-com-tr\/"}]}},"_links":{"self":[{"href":"https:\/\/denizcankizil.tr\/ru\/wp-json\/wp\/v2\/posts\/15219","targetHints":{"allow":["GET"]}}],"collection":[{"href":"https:\/\/denizcankizil.tr\/ru\/wp-json\/wp\/v2\/posts"}],"about":[{"href":"https:\/\/denizcankizil.tr\/ru\/wp-json\/wp\/v2\/types\/post"}],"author":[{"embeddable":true,"href":"https:\/\/denizcankizil.tr\/ru\/wp-json\/wp\/v2\/users\/6"}],"replies":[{"embeddable":true,"href":"https:\/\/denizcankizil.tr\/ru\/wp-json\/wp\/v2\/comments?post=15219"}],"version-history":[{"count":0,"href":"https:\/\/denizcankizil.tr\/ru\/wp-json\/wp\/v2\/posts\/15219\/revisions"}],"wp:featuredmedia":[{"embeddable":true,"href":"https:\/\/denizcankizil.tr\/ru\/wp-json\/wp\/v2\/media\/15220"}],"wp:attachment":[{"href":"https:\/\/denizcankizil.tr\/ru\/wp-json\/wp\/v2\/media?parent=15219"}],"wp:term":[{"taxonomy":"category","embeddable":true,"href":"https:\/\/denizcankizil.tr\/ru\/wp-json\/wp\/v2\/categories?post=15219"},{"taxonomy":"post_tag","embeddable":true,"href":"https:\/\/denizcankizil.tr\/ru\/wp-json\/wp\/v2\/tags?post=15219"}],"curies":[{"name":"wp","href":"https:\/\/api.w.org\/{rel}","templated":true}]}}