{"id":15177,"date":"2024-11-10T14:41:35","date_gmt":"2024-11-10T11:41:35","guid":{"rendered":"https:\/\/denizcankizil.tr\/uncategorized-tr\/kadikoyde-9u-5-gece-ataya-saygi-zinciri\/"},"modified":"2024-11-10T14:41:35","modified_gmt":"2024-11-10T11:41:35","slug":"kadikoyde-9u-5-gece-ataya-saygi-zinciri","status":"publish","type":"post","link":"https:\/\/denizcankizil.tr\/ru\/haberler\/gundem\/kadikoyde-9u-5-gece-ataya-saygi-zinciri\/","title":{"rendered":"Kad\u0131k\u00f6y\u2019de 9\u2019u 5 Ge\u00e7e Ata\u2019ya Sayg\u0131 Zinciri"},"content":{"rendered":"<p>T\u00fcrkiye Cumhuriyeti\u2019nin kurucusu Gazi Mustafa Kemal Atat\u00fcrk, aram\u0131zdan ayr\u0131l\u0131\u015f\u0131n\u0131n 86. y\u0131l\u0131nda, binlerce ki\u015finin el ele tutu\u015farak olu\u015fturdu\u011fu \u201cAta\u2019ya Sayg\u0131 Zinciri\u201d ile Kad\u0131k\u00f6y&#8217;de an\u0131ld\u0131.<\/p>\n<p>\u200bT\u00fcrkiye Cumhuriyeti\u2019nin kurucusu Gazi Mustafa Kemal Atat\u00fcrk, aram\u0131zdan ayr\u0131l\u0131\u015f\u0131n\u0131n 86. y\u0131l\u0131nda, binlerce ki\u015finin el ele tutu\u015farak olu\u015fturdu\u011fu \u201cAta\u2019ya Sayg\u0131 Zinciri\u201d ile Kad\u0131k\u00f6y&#8217;de an\u0131ld\u0131.\u00a0<\/p>\n<p>\u200bHaberin Al\u0131nt\u0131land\u0131\u011f\u0131 Kaynak: www.iskenderun.org<\/p>","protected":false},"excerpt":{"rendered":"<p>T\u00fcrkiye Cumhuriyeti\u2019nin kurucusu Gazi Mustafa Kemal Atat\u00fcrk, aram\u0131zdan ayr\u0131l\u0131\u015f\u0131n\u0131n 86. y\u0131l\u0131nda, binlerce ki\u015finin el ele tutu\u015farak olu\u015fturdu\u011fu \u201cAta\u2019ya Sayg\u0131 Zinciri\u201d ile Kad\u0131k\u00f6y&#8217;de an\u0131ld\u0131. \u200bT\u00fcrkiye Cumhuriyeti\u2019nin kurucusu Gazi Mustafa Kemal Atat\u00fcrk, aram\u0131zdan ayr\u0131l\u0131\u015f\u0131n\u0131n 86. y\u0131l\u0131nda, binlerce ki\u015finin el ele tutu\u015farak olu\u015fturdu\u011fu \u201cAta\u2019ya Sayg\u0131 Zinciri\u201d ile Kad\u0131k\u00f6y&#8217;de an\u0131ld\u0131.\u00a0 \u200bHaberin Al\u0131nt\u0131land\u0131\u011f\u0131 Kaynak: www.iskenderun.org<\/p>","protected":false},"author":0,"featured_media":0,"comment_status":"open","ping_status":"open","sticky":false,"template":"","format":"standard","meta":{"_acf_changed":false,"footnotes":""},"categories":[24,535],"tags":[],"class_list":["post-15177","post","type-post","status-publish","format-standard","has-post-thumbnail","hentry","category-gundem","category-uncategorized-tr"],"acf":[],"yoast_head":"<!-- This site is optimized with the Yoast SEO Premium plugin v26.6 (Yoast SEO v27.1.1) - https:\/\/yoast.com\/product\/yoast-seo-premium-wordpress\/ -->\n<title>Kad\u0131k\u00f6y\u2019de 9\u2019u 5 Ge\u00e7e Ata\u2019ya Sayg\u0131 Zinciri - Av. Deniz Can K\u0131z\u0131l<\/title>\n<meta name=\"robots\" content=\"index, follow, max-snippet:-1, max-image-preview:large, max-video-preview:-1\" \/>\n<link rel=\"canonical\" href=\"https:\/\/denizcankizil.tr\/ru\/haberler\/gundem\/kadikoyde-9u-5-gece-ataya-saygi-zinciri\/\" \/>\n<meta property=\"og:locale\" content=\"ru_RU\" \/>\n<meta property=\"og:type\" content=\"article\" \/>\n<meta property=\"og:title\" content=\"Kad\u0131k\u00f6y\u2019de 9\u2019u 5 Ge\u00e7e Ata\u2019ya Sayg\u0131 Zinciri\" \/>\n<meta property=\"og:description\" content=\"T\u00fcrkiye Cumhuriyeti\u2019nin kurucusu Gazi Mustafa Kemal Atat\u00fcrk, aram\u0131zdan ayr\u0131l\u0131\u015f\u0131n\u0131n 86. y\u0131l\u0131nda, binlerce ki\u015finin el ele tutu\u015farak olu\u015fturdu\u011fu \u201cAta\u2019ya Sayg\u0131 Zinciri\u201d ile Kad\u0131k\u00f6y&#8217;de an\u0131ld\u0131. \u200bT\u00fcrkiye Cumhuriyeti\u2019nin kurucusu Gazi Mustafa Kemal Atat\u00fcrk, aram\u0131zdan ayr\u0131l\u0131\u015f\u0131n\u0131n 86. y\u0131l\u0131nda, binlerce ki\u015finin el ele tutu\u015farak olu\u015fturdu\u011fu \u201cAta\u2019ya Sayg\u0131 Zinciri\u201d ile Kad\u0131k\u00f6y&#8217;de an\u0131ld\u0131.\u00a0 \u200bHaberin Al\u0131nt\u0131land\u0131\u011f\u0131 Kaynak: www.iskenderun.org\" \/>\n<meta property=\"og:url\" content=\"https:\/\/denizcankizil.tr\/ru\/haberler\/gundem\/kadikoyde-9u-5-gece-ataya-saygi-zinciri\/\" \/>\n<meta property=\"og:site_name\" content=\"Av. Deniz Can K\u0131z\u0131l\" \/>\n<meta property=\"article:published_time\" content=\"2024-11-10T11:41:35+00:00\" \/>\n<meta name=\"twitter:card\" content=\"summary_large_image\" \/>\n<script type=\"application\/ld+json\" class=\"yoast-schema-graph\">{\"@context\":\"https:\/\/schema.org\",\"@graph\":[{\"@type\":\"Article\",\"@id\":\"https:\/\/denizcankizil.tr\/ru\/haberler\/gundem\/kadikoyde-9u-5-gece-ataya-saygi-zinciri\/#article\",\"isPartOf\":{\"@id\":\"https:\/\/denizcankizil.tr\/ru\/haberler\/gundem\/kadikoyde-9u-5-gece-ataya-saygi-zinciri\/\"},\"author\":{\"name\":\"\",\"@id\":\"\"},\"headline\":\"Kad\u0131k\u00f6y\u2019de 9\u2019u 5 Ge\u00e7e Ata\u2019ya Sayg\u0131 Zinciri\",\"datePublished\":\"2024-11-10T11:41:35+00:00\",\"mainEntityOfPage\":{\"@id\":\"https:\/\/denizcankizil.tr\/ru\/haberler\/gundem\/kadikoyde-9u-5-gece-ataya-saygi-zinciri\/\"},\"wordCount\":99,\"commentCount\":0,\"publisher\":{\"@id\":\"https:\/\/denizcankizil.tr\/de\/#organization\"},\"articleSection\":[\"G\u00fcndem\",\"Uncategorized\"],\"inLanguage\":\"ru-RU\",\"potentialAction\":[{\"@type\":\"CommentAction\",\"name\":\"Comment\",\"target\":[\"https:\/\/denizcankizil.tr\/ru\/haberler\/gundem\/kadikoyde-9u-5-gece-ataya-saygi-zinciri\/#respond\"]}]},{\"@type\":\"WebPage\",\"@id\":\"https:\/\/denizcankizil.tr\/ru\/haberler\/gundem\/kadikoyde-9u-5-gece-ataya-saygi-zinciri\/\",\"url\":\"https:\/\/denizcankizil.tr\/ru\/haberler\/gundem\/kadikoyde-9u-5-gece-ataya-saygi-zinciri\/\",\"name\":\"Kad\u0131k\u00f6y\u2019de 9\u2019u 5 Ge\u00e7e Ata\u2019ya Sayg\u0131 Zinciri - Av. Deniz Can K\u0131z\u0131l\",\"isPartOf\":{\"@id\":\"https:\/\/denizcankizil.tr\/de\/#website\"},\"datePublished\":\"2024-11-10T11:41:35+00:00\",\"breadcrumb\":{\"@id\":\"https:\/\/denizcankizil.tr\/ru\/haberler\/gundem\/kadikoyde-9u-5-gece-ataya-saygi-zinciri\/#breadcrumb\"},\"inLanguage\":\"ru-RU\",\"potentialAction\":[{\"@type\":\"ReadAction\",\"target\":[\"https:\/\/denizcankizil.tr\/ru\/haberler\/gundem\/kadikoyde-9u-5-gece-ataya-saygi-zinciri\/\"]}]},{\"@type\":\"BreadcrumbList\",\"@id\":\"https:\/\/denizcankizil.tr\/ru\/haberler\/gundem\/kadikoyde-9u-5-gece-ataya-saygi-zinciri\/#breadcrumb\",\"itemListElement\":[{\"@type\":\"ListItem\",\"position\":1,\"name\":\"Home\",\"item\":\"https:\/\/denizcankizil.tr\/de\/\"},{\"@type\":\"ListItem\",\"position\":2,\"name\":\"Kad\u0131k\u00f6y\u2019de 9\u2019u 5 Ge\u00e7e Ata\u2019ya Sayg\u0131 Zinciri\"}]},{\"@type\":\"WebSite\",\"@id\":\"https:\/\/denizcankizil.tr\/de\/#website\",\"url\":\"https:\/\/denizcankizil.tr\/de\/\",\"name\":\"Av. Deniz Can K\u0131z\u0131l\",\"description\":\"Avukat Deniz Can K\u0131z\u0131l Antalya Barosu\",\"publisher\":{\"@id\":\"https:\/\/denizcankizil.tr\/de\/#organization\"},\"potentialAction\":[{\"@type\":\"SearchAction\",\"target\":{\"@type\":\"EntryPoint\",\"urlTemplate\":\"https:\/\/denizcankizil.tr\/de\/?s={search_term_string}\"},\"query-input\":{\"@type\":\"PropertyValueSpecification\",\"valueRequired\":true,\"valueName\":\"search_term_string\"}}],\"inLanguage\":\"ru-RU\"},{\"@type\":\"Organization\",\"@id\":\"https:\/\/denizcankizil.tr\/de\/#organization\",\"name\":\"Av. Deniz Can K\u0131z\u0131l\",\"url\":\"https:\/\/denizcankizil.tr\/de\/\",\"logo\":{\"@type\":\"ImageObject\",\"inLanguage\":\"ru-RU\",\"@id\":\"https:\/\/denizcankizil.tr\/de\/#\/schema\/logo\/image\/\",\"url\":\"https:\/\/denizcankizil.tr\/wp-content\/uploads\/2024\/10\/siyah-logo-svg.svg\",\"contentUrl\":\"https:\/\/denizcankizil.tr\/wp-content\/uploads\/2024\/10\/siyah-logo-svg.svg\",\"width\":1080,\"height\":1080,\"caption\":\"Av. Deniz Can K\u0131z\u0131l\"},\"image\":{\"@id\":\"https:\/\/denizcankizil.tr\/de\/#\/schema\/logo\/image\/\"}}]}<\/script>\n<!-- \/ Yoast SEO Premium plugin. -->","yoast_head_json":{"title":"Kad\u0131k\u00f6y\u2019de 9\u2019u 5 Ge\u00e7e Ata\u2019ya Sayg\u0131 Zinciri - Av. Deniz Can K\u0131z\u0131l","robots":{"index":"index","follow":"follow","max-snippet":"max-snippet:-1","max-image-preview":"max-image-preview:large","max-video-preview":"max-video-preview:-1"},"canonical":"https:\/\/denizcankizil.tr\/ru\/haberler\/gundem\/kadikoyde-9u-5-gece-ataya-saygi-zinciri\/","og_locale":"ru_RU","og_type":"article","og_title":"Kad\u0131k\u00f6y\u2019de 9\u2019u 5 Ge\u00e7e Ata\u2019ya Sayg\u0131 Zinciri","og_description":"T\u00fcrkiye Cumhuriyeti\u2019nin kurucusu Gazi Mustafa Kemal Atat\u00fcrk, aram\u0131zdan ayr\u0131l\u0131\u015f\u0131n\u0131n 86. y\u0131l\u0131nda, binlerce ki\u015finin el ele tutu\u015farak olu\u015fturdu\u011fu \u201cAta\u2019ya Sayg\u0131 Zinciri\u201d ile Kad\u0131k\u00f6y&#8217;de an\u0131ld\u0131. \u200bT\u00fcrkiye Cumhuriyeti\u2019nin kurucusu Gazi Mustafa Kemal Atat\u00fcrk, aram\u0131zdan ayr\u0131l\u0131\u015f\u0131n\u0131n 86. y\u0131l\u0131nda, binlerce ki\u015finin el ele tutu\u015farak olu\u015fturdu\u011fu \u201cAta\u2019ya Sayg\u0131 Zinciri\u201d ile Kad\u0131k\u00f6y&#8217;de an\u0131ld\u0131.\u00a0 \u200bHaberin Al\u0131nt\u0131land\u0131\u011f\u0131 Kaynak: www.iskenderun.org","og_url":"https:\/\/denizcankizil.tr\/ru\/haberler\/gundem\/kadikoyde-9u-5-gece-ataya-saygi-zinciri\/","og_site_name":"Av. Deniz Can K\u0131z\u0131l","article_published_time":"2024-11-10T11:41:35+00:00","twitter_card":"summary_large_image","schema":{"@context":"https:\/\/schema.org","@graph":[{"@type":"Article","@id":"https:\/\/denizcankizil.tr\/ru\/haberler\/gundem\/kadikoyde-9u-5-gece-ataya-saygi-zinciri\/#article","isPartOf":{"@id":"https:\/\/denizcankizil.tr\/ru\/haberler\/gundem\/kadikoyde-9u-5-gece-ataya-saygi-zinciri\/"},"author":{"name":"","@id":""},"headline":"Kad\u0131k\u00f6y\u2019de 9\u2019u 5 Ge\u00e7e Ata\u2019ya Sayg\u0131 Zinciri","datePublished":"2024-11-10T11:41:35+00:00","mainEntityOfPage":{"@id":"https:\/\/denizcankizil.tr\/ru\/haberler\/gundem\/kadikoyde-9u-5-gece-ataya-saygi-zinciri\/"},"wordCount":99,"commentCount":0,"publisher":{"@id":"https:\/\/denizcankizil.tr\/de\/#organization"},"articleSection":["G\u00fcndem","Uncategorized"],"inLanguage":"ru-RU","potentialAction":[{"@type":"CommentAction","name":"Comment","target":["https:\/\/denizcankizil.tr\/ru\/haberler\/gundem\/kadikoyde-9u-5-gece-ataya-saygi-zinciri\/#respond"]}]},{"@type":"WebPage","@id":"https:\/\/denizcankizil.tr\/ru\/haberler\/gundem\/kadikoyde-9u-5-gece-ataya-saygi-zinciri\/","url":"https:\/\/denizcankizil.tr\/ru\/haberler\/gundem\/kadikoyde-9u-5-gece-ataya-saygi-zinciri\/","name":"Kad\u0131k\u00f6y\u2019de 9\u2019u 5 Ge\u00e7e Ata\u2019ya Sayg\u0131 Zinciri - Av. Deniz Can K\u0131z\u0131l","isPartOf":{"@id":"https:\/\/denizcankizil.tr\/de\/#website"},"datePublished":"2024-11-10T11:41:35+00:00","breadcrumb":{"@id":"https:\/\/denizcankizil.tr\/ru\/haberler\/gundem\/kadikoyde-9u-5-gece-ataya-saygi-zinciri\/#breadcrumb"},"inLanguage":"ru-RU","potentialAction":[{"@type":"ReadAction","target":["https:\/\/denizcankizil.tr\/ru\/haberler\/gundem\/kadikoyde-9u-5-gece-ataya-saygi-zinciri\/"]}]},{"@type":"BreadcrumbList","@id":"https:\/\/denizcankizil.tr\/ru\/haberler\/gundem\/kadikoyde-9u-5-gece-ataya-saygi-zinciri\/#breadcrumb","itemListElement":[{"@type":"ListItem","position":1,"name":"Home","item":"https:\/\/denizcankizil.tr\/de\/"},{"@type":"ListItem","position":2,"name":"Kad\u0131k\u00f6y\u2019de 9\u2019u 5 Ge\u00e7e Ata\u2019ya Sayg\u0131 Zinciri"}]},{"@type":"WebSite","@id":"https:\/\/denizcankizil.tr\/de\/#website","url":"https:\/\/denizcankizil.tr\/de\/","name":"Av. Deniz Can K\u0131z\u0131l","description":"Avukat Deniz Can K\u0131z\u0131l Antalya Barosu","publisher":{"@id":"https:\/\/denizcankizil.tr\/de\/#organization"},"potentialAction":[{"@type":"SearchAction","target":{"@type":"EntryPoint","urlTemplate":"https:\/\/denizcankizil.tr\/de\/?s={search_term_string}"},"query-input":{"@type":"PropertyValueSpecification","valueRequired":true,"valueName":"search_term_string"}}],"inLanguage":"ru-RU"},{"@type":"Organization","@id":"https:\/\/denizcankizil.tr\/de\/#organization","name":"Av. Deniz Can K\u0131z\u0131l","url":"https:\/\/denizcankizil.tr\/de\/","logo":{"@type":"ImageObject","inLanguage":"ru-RU","@id":"https:\/\/denizcankizil.tr\/de\/#\/schema\/logo\/image\/","url":"https:\/\/denizcankizil.tr\/wp-content\/uploads\/2024\/10\/siyah-logo-svg.svg","contentUrl":"https:\/\/denizcankizil.tr\/wp-content\/uploads\/2024\/10\/siyah-logo-svg.svg","width":1080,"height":1080,"caption":"Av. Deniz Can K\u0131z\u0131l"},"image":{"@id":"https:\/\/denizcankizil.tr\/de\/#\/schema\/logo\/image\/"}}]}},"_links":{"self":[{"href":"https:\/\/denizcankizil.tr\/ru\/wp-json\/wp\/v2\/posts\/15177","targetHints":{"allow":["GET"]}}],"collection":[{"href":"https:\/\/denizcankizil.tr\/ru\/wp-json\/wp\/v2\/posts"}],"about":[{"href":"https:\/\/denizcankizil.tr\/ru\/wp-json\/wp\/v2\/types\/post"}],"replies":[{"embeddable":true,"href":"https:\/\/denizcankizil.tr\/ru\/wp-json\/wp\/v2\/comments?post=15177"}],"version-history":[{"count":0,"href":"https:\/\/denizcankizil.tr\/ru\/wp-json\/wp\/v2\/posts\/15177\/revisions"}],"wp:attachment":[{"href":"https:\/\/denizcankizil.tr\/ru\/wp-json\/wp\/v2\/media?parent=15177"}],"wp:term":[{"taxonomy":"category","embeddable":true,"href":"https:\/\/denizcankizil.tr\/ru\/wp-json\/wp\/v2\/categories?post=15177"},{"taxonomy":"post_tag","embeddable":true,"href":"https:\/\/denizcankizil.tr\/ru\/wp-json\/wp\/v2\/tags?post=15177"}],"curies":[{"name":"wp","href":"https:\/\/api.w.org\/{rel}","templated":true}]}}