{"id":151126,"date":"2025-07-19T22:41:15","date_gmt":"2025-07-19T19:41:15","guid":{"rendered":"https:\/\/denizcankizil.tr\/uncategorized-tr\/izmirden-gida-zehirlenmesi-yasayan-iscilerden-iyi-haber-geldi\/"},"modified":"2025-07-19T22:41:15","modified_gmt":"2025-07-19T19:41:15","slug":"izmirden-gida-zehirlenmesi-yasayan-iscilerden-iyi-haber-geldi","status":"publish","type":"post","link":"https:\/\/denizcankizil.tr\/ru\/haberler\/gundem\/izmirden-gida-zehirlenmesi-yasayan-iscilerden-iyi-haber-geldi\/","title":{"rendered":"\u0130zmir\u2019den g\u0131da zehirlenmesi ya\u015fayan i\u015f\u00e7ilerden iyi haber geldi"},"content":{"rendered":"<p>\u0130zmir&#8217;in Kemalpa\u015fa il\u00e7esinde faaliyet g\u00f6steren Ege Seramik Fabrikas\u0131&#8217;nda gece vardiyas\u0131nda \u00e7al\u0131\u015fan i\u015f\u00e7iler, yedikleri ak\u015fam yeme\u011fi sonras\u0131 mide bulant\u0131s\u0131 ve kusma \u015fikayetleriyle hastanelere ba\u015fvurdu. Kemalpa\u015fa ve Turgutlu Devlet Hastanelerinin yan\u0131 s\u0131ra \u0130zmir&#8217;deki sa\u011fl\u0131k kurulu\u015flar\u0131na ba\u015fvuran i\u015f\u00e7ilerden baz\u0131lar\u0131 ayakta tedavi edilirken, durumu k\u00f6t\u00fc olanlar hastanede tedavi alt\u0131na al\u0131nd\u0131.<\/p>\n<p>\u0130\u015e\u00c7\u0130LER TABURCU ED\u0130LD\u0130<\/p>\n<p>Kemalpa\u015fa Devlet Hastanesine ise 68 i\u015f\u00e7inin ba\u015fvurdu\u011fu \u00f6\u011frenildi. Kemalpa\u015fa Devlet Hastanesi yetkililerinden al\u0131nan bilgiye g\u00f6re zehirlenme \u015f\u00fcphesi ile hastaneye m\u00fcracaat eden i\u015f\u00e7ilerde ciddi bir sa\u011fl\u0131k problemi olmad\u0131\u011f\u0131 ve gerekli m\u00fcdahalenin ard\u0131ndan taburcu edildikleri \u00f6\u011frenildi.<\/p>\n<p>\u200b\u0130zmir\u2019in Kemalpa\u015fa il\u00e7esinde bir seramik fabrikas\u0131nda yedikleri yemeklerden zehirlenen i\u015f\u00e7ilerden iyi haber geldi. \u0130\u015f\u00e7ilerin durumunun iyi oldu\u011fu ve hepsinin taburcu edildi\u011fi a\u00e7\u0131kland\u0131.\u00a0<\/p>\n<p>\u200bHaberin Al\u0131nt\u0131land\u0131\u011f\u0131 Kaynak: www.antalyakorfez.com<\/p>","protected":false},"excerpt":{"rendered":"<p>\u0130zmir&#8217;in Kemalpa\u015fa il\u00e7esinde faaliyet g\u00f6steren Ege Seramik Fabrikas\u0131&#8217;nda gece vardiyas\u0131nda \u00e7al\u0131\u015fan i\u015f\u00e7iler, yedikleri ak\u015fam yeme\u011fi sonras\u0131 mide bulant\u0131s\u0131 ve kusma \u015fikayetleriyle hastanelere ba\u015fvurdu. Kemalpa\u015fa ve Turgutlu Devlet Hastanelerinin yan\u0131 s\u0131ra \u0130zmir&#8217;deki sa\u011fl\u0131k kurulu\u015flar\u0131na ba\u015fvuran i\u015f\u00e7ilerden baz\u0131lar\u0131 ayakta tedavi edilirken, durumu k\u00f6t\u00fc olanlar hastanede tedavi alt\u0131na al\u0131nd\u0131. \u0130\u015e\u00c7\u0130LER TABURCU ED\u0130LD\u0130 Kemalpa\u015fa Devlet Hastanesine ise 68 i\u015f\u00e7inin ba\u015fvurdu\u011fu \u00f6\u011frenildi. Kemalpa\u015fa Devlet Hastanesi yetkililerinden al\u0131nan bilgiye g\u00f6re zehirlenme \u015f\u00fcphesi ile hastaneye m\u00fcracaat eden i\u015f\u00e7ilerde ciddi bir sa\u011fl\u0131k problemi olmad\u0131\u011f\u0131 ve gerekli m\u00fcdahalenin ard\u0131ndan taburcu edildikleri \u00f6\u011frenildi. \u200b\u0130zmir\u2019in Kemalpa\u015fa il\u00e7esinde bir seramik fabrikas\u0131nda yedikleri yemeklerden zehirlenen i\u015f\u00e7ilerden iyi haber geldi. \u0130\u015f\u00e7ilerin durumunun iyi oldu\u011fu ve hepsinin taburcu edildi\u011fi a\u00e7\u0131kland\u0131.\u00a0 \u200bHaberin Al\u0131nt\u0131land\u0131\u011f\u0131 Kaynak: www.antalyakorfez.com<\/p>","protected":false},"author":5,"featured_media":0,"comment_status":"","ping_status":"open","sticky":false,"template":"","format":"standard","meta":{"_acf_changed":false,"footnotes":""},"categories":[24],"tags":[],"class_list":["post-151126","post","type-post","status-publish","format-standard","has-post-thumbnail","hentry","category-gundem"],"acf":[],"yoast_head":"<!-- This site is optimized with the Yoast SEO Premium plugin v26.6 (Yoast SEO v27.1.1) - https:\/\/yoast.com\/product\/yoast-seo-premium-wordpress\/ -->\n<title>\u0130zmir\u2019den g\u0131da zehirlenmesi ya\u015fayan i\u015f\u00e7ilerden iyi haber geldi - Av. Deniz Can K\u0131z\u0131l<\/title>\n<meta name=\"robots\" content=\"index, follow, max-snippet:-1, max-image-preview:large, max-video-preview:-1\" \/>\n<link rel=\"canonical\" href=\"https:\/\/denizcankizil.tr\/ru\/haberler\/gundem\/izmirden-gida-zehirlenmesi-yasayan-iscilerden-iyi-haber-geldi\/\" \/>\n<meta property=\"og:locale\" content=\"ru_RU\" \/>\n<meta property=\"og:type\" content=\"article\" \/>\n<meta property=\"og:title\" content=\"\u0130zmir\u2019den g\u0131da zehirlenmesi ya\u015fayan i\u015f\u00e7ilerden iyi haber geldi\" \/>\n<meta property=\"og:description\" content=\"\u0130zmir&#8217;in Kemalpa\u015fa il\u00e7esinde faaliyet g\u00f6steren Ege Seramik Fabrikas\u0131&#8217;nda gece vardiyas\u0131nda \u00e7al\u0131\u015fan i\u015f\u00e7iler, yedikleri ak\u015fam yeme\u011fi sonras\u0131 mide bulant\u0131s\u0131 ve kusma \u015fikayetleriyle hastanelere ba\u015fvurdu. Kemalpa\u015fa ve Turgutlu Devlet Hastanelerinin yan\u0131 s\u0131ra \u0130zmir&#8217;deki sa\u011fl\u0131k kurulu\u015flar\u0131na ba\u015fvuran i\u015f\u00e7ilerden baz\u0131lar\u0131 ayakta tedavi edilirken, durumu k\u00f6t\u00fc olanlar hastanede tedavi alt\u0131na al\u0131nd\u0131. \u0130\u015e\u00c7\u0130LER TABURCU ED\u0130LD\u0130 Kemalpa\u015fa Devlet Hastanesine ise 68 i\u015f\u00e7inin ba\u015fvurdu\u011fu \u00f6\u011frenildi. Kemalpa\u015fa Devlet Hastanesi yetkililerinden al\u0131nan bilgiye g\u00f6re zehirlenme \u015f\u00fcphesi ile hastaneye m\u00fcracaat eden i\u015f\u00e7ilerde ciddi bir sa\u011fl\u0131k problemi olmad\u0131\u011f\u0131 ve gerekli m\u00fcdahalenin ard\u0131ndan taburcu edildikleri \u00f6\u011frenildi. \u200b\u0130zmir\u2019in Kemalpa\u015fa il\u00e7esinde bir seramik fabrikas\u0131nda yedikleri yemeklerden zehirlenen i\u015f\u00e7ilerden iyi haber geldi. \u0130\u015f\u00e7ilerin durumunun iyi oldu\u011fu ve hepsinin taburcu edildi\u011fi a\u00e7\u0131kland\u0131.\u00a0 \u200bHaberin Al\u0131nt\u0131land\u0131\u011f\u0131 Kaynak: www.antalyakorfez.com\" \/>\n<meta property=\"og:url\" content=\"https:\/\/denizcankizil.tr\/ru\/haberler\/gundem\/izmirden-gida-zehirlenmesi-yasayan-iscilerden-iyi-haber-geldi\/\" \/>\n<meta property=\"og:site_name\" content=\"Av. Deniz Can K\u0131z\u0131l\" \/>\n<meta property=\"article:published_time\" content=\"2025-07-19T19:41:15+00:00\" \/>\n<meta name=\"author\" content=\"Antalya K\u00f6rfez\" \/>\n<meta name=\"twitter:card\" content=\"summary_large_image\" \/>\n<meta name=\"twitter:label1\" content=\"\u041d\u0430\u043f\u0438\u0441\u0430\u043d\u043e \u0430\u0432\u0442\u043e\u0440\u043e\u043c\" \/>\n\t<meta name=\"twitter:data1\" content=\"Antalya K\u00f6rfez\" \/>\n\t<meta name=\"twitter:label2\" content=\"\u041f\u0440\u0438\u043c\u0435\u0440\u043d\u043e\u0435 \u0432\u0440\u0435\u043c\u044f \u0434\u043b\u044f \u0447\u0442\u0435\u043d\u0438\u044f\" \/>\n\t<meta name=\"twitter:data2\" content=\"1 \u043c\u0438\u043d\u0443\u0442\u0430\" \/>\n<script type=\"application\/ld+json\" class=\"yoast-schema-graph\">{\"@context\":\"https:\/\/schema.org\",\"@graph\":[{\"@type\":\"Article\",\"@id\":\"https:\/\/denizcankizil.tr\/de\/haberler\/gundem\/izmirden-gida-zehirlenmesi-yasayan-iscilerden-iyi-haber-geldi\/#article\",\"isPartOf\":{\"@id\":\"https:\/\/denizcankizil.tr\/de\/haberler\/gundem\/izmirden-gida-zehirlenmesi-yasayan-iscilerden-iyi-haber-geldi\/\"},\"author\":{\"name\":\"Antalya K\u00f6rfez\",\"@id\":\"https:\/\/denizcankizil.tr\/de\/#\/schema\/person\/e1eb71bb4dd684d46563f0af307e1234\"},\"headline\":\"\u0130zmir\u2019den g\u0131da zehirlenmesi ya\u015fayan i\u015f\u00e7ilerden iyi haber geldi\",\"datePublished\":\"2025-07-19T19:41:15+00:00\",\"mainEntityOfPage\":{\"@id\":\"https:\/\/denizcankizil.tr\/de\/haberler\/gundem\/izmirden-gida-zehirlenmesi-yasayan-iscilerden-iyi-haber-geldi\/\"},\"wordCount\":171,\"publisher\":{\"@id\":\"https:\/\/denizcankizil.tr\/de\/#organization\"},\"articleSection\":[\"G\u00fcndem\"],\"inLanguage\":\"ru-RU\"},{\"@type\":\"WebPage\",\"@id\":\"https:\/\/denizcankizil.tr\/de\/haberler\/gundem\/izmirden-gida-zehirlenmesi-yasayan-iscilerden-iyi-haber-geldi\/\",\"url\":\"https:\/\/denizcankizil.tr\/de\/haberler\/gundem\/izmirden-gida-zehirlenmesi-yasayan-iscilerden-iyi-haber-geldi\/\",\"name\":\"\u0130zmir\u2019den g\u0131da zehirlenmesi ya\u015fayan i\u015f\u00e7ilerden iyi haber geldi - Av. Deniz Can K\u0131z\u0131l\",\"isPartOf\":{\"@id\":\"https:\/\/denizcankizil.tr\/de\/#website\"},\"datePublished\":\"2025-07-19T19:41:15+00:00\",\"breadcrumb\":{\"@id\":\"https:\/\/denizcankizil.tr\/de\/haberler\/gundem\/izmirden-gida-zehirlenmesi-yasayan-iscilerden-iyi-haber-geldi\/#breadcrumb\"},\"inLanguage\":\"ru-RU\",\"potentialAction\":[{\"@type\":\"ReadAction\",\"target\":[\"https:\/\/denizcankizil.tr\/de\/haberler\/gundem\/izmirden-gida-zehirlenmesi-yasayan-iscilerden-iyi-haber-geldi\/\"]}]},{\"@type\":\"BreadcrumbList\",\"@id\":\"https:\/\/denizcankizil.tr\/de\/haberler\/gundem\/izmirden-gida-zehirlenmesi-yasayan-iscilerden-iyi-haber-geldi\/#breadcrumb\",\"itemListElement\":[{\"@type\":\"ListItem\",\"position\":1,\"name\":\"Home\",\"item\":\"https:\/\/denizcankizil.tr\/de\/\"},{\"@type\":\"ListItem\",\"position\":2,\"name\":\"\u0130zmir\u2019den g\u0131da zehirlenmesi ya\u015fayan i\u015f\u00e7ilerden iyi haber geldi\"}]},{\"@type\":\"WebSite\",\"@id\":\"https:\/\/denizcankizil.tr\/de\/#website\",\"url\":\"https:\/\/denizcankizil.tr\/de\/\",\"name\":\"Av. Deniz Can K\u0131z\u0131l\",\"description\":\"Avukat Deniz Can K\u0131z\u0131l Antalya Barosu\",\"publisher\":{\"@id\":\"https:\/\/denizcankizil.tr\/de\/#organization\"},\"potentialAction\":[{\"@type\":\"SearchAction\",\"target\":{\"@type\":\"EntryPoint\",\"urlTemplate\":\"https:\/\/denizcankizil.tr\/de\/?s={search_term_string}\"},\"query-input\":{\"@type\":\"PropertyValueSpecification\",\"valueRequired\":true,\"valueName\":\"search_term_string\"}}],\"inLanguage\":\"ru-RU\"},{\"@type\":\"Organization\",\"@id\":\"https:\/\/denizcankizil.tr\/de\/#organization\",\"name\":\"Av. Deniz Can K\u0131z\u0131l\",\"url\":\"https:\/\/denizcankizil.tr\/de\/\",\"logo\":{\"@type\":\"ImageObject\",\"inLanguage\":\"ru-RU\",\"@id\":\"https:\/\/denizcankizil.tr\/de\/#\/schema\/logo\/image\/\",\"url\":\"https:\/\/denizcankizil.tr\/wp-content\/uploads\/2024\/10\/siyah-logo-svg.svg\",\"contentUrl\":\"https:\/\/denizcankizil.tr\/wp-content\/uploads\/2024\/10\/siyah-logo-svg.svg\",\"width\":1080,\"height\":1080,\"caption\":\"Av. Deniz Can K\u0131z\u0131l\"},\"image\":{\"@id\":\"https:\/\/denizcankizil.tr\/de\/#\/schema\/logo\/image\/\"}},{\"@type\":\"Person\",\"@id\":\"https:\/\/denizcankizil.tr\/de\/#\/schema\/person\/e1eb71bb4dd684d46563f0af307e1234\",\"name\":\"Antalya K\u00f6rfez\",\"image\":{\"@type\":\"ImageObject\",\"inLanguage\":\"ru-RU\",\"@id\":\"https:\/\/denizcankizil.tr\/de\/#\/schema\/person\/image\/\",\"url\":\"https:\/\/secure.gravatar.com\/avatar\/42b01982558a48a0b501fdcab6a408d3717ea5919095ee2e67b0e521799c5905?s=96&d=mm&r=g\",\"contentUrl\":\"https:\/\/secure.gravatar.com\/avatar\/42b01982558a48a0b501fdcab6a408d3717ea5919095ee2e67b0e521799c5905?s=96&d=mm&r=g\",\"caption\":\"Antalya K\u00f6rfez\"},\"sameAs\":[\"http:\/\/www.antalyakorfez.com\"],\"url\":\"https:\/\/www.antalyakorfez.com\/izmirden-gida-zehirlenmesi-yasayan-iscilerden-iyi-haber-geldi\"}]}<\/script>\n<!-- \/ Yoast SEO Premium plugin. -->","yoast_head_json":{"title":"\u0130zmir\u2019den g\u0131da zehirlenmesi ya\u015fayan i\u015f\u00e7ilerden iyi haber geldi - Av. Deniz Can K\u0131z\u0131l","robots":{"index":"index","follow":"follow","max-snippet":"max-snippet:-1","max-image-preview":"max-image-preview:large","max-video-preview":"max-video-preview:-1"},"canonical":"https:\/\/denizcankizil.tr\/ru\/haberler\/gundem\/izmirden-gida-zehirlenmesi-yasayan-iscilerden-iyi-haber-geldi\/","og_locale":"ru_RU","og_type":"article","og_title":"\u0130zmir\u2019den g\u0131da zehirlenmesi ya\u015fayan i\u015f\u00e7ilerden iyi haber geldi","og_description":"\u0130zmir&#8217;in Kemalpa\u015fa il\u00e7esinde faaliyet g\u00f6steren Ege Seramik Fabrikas\u0131&#8217;nda gece vardiyas\u0131nda \u00e7al\u0131\u015fan i\u015f\u00e7iler, yedikleri ak\u015fam yeme\u011fi sonras\u0131 mide bulant\u0131s\u0131 ve kusma \u015fikayetleriyle hastanelere ba\u015fvurdu. Kemalpa\u015fa ve Turgutlu Devlet Hastanelerinin yan\u0131 s\u0131ra \u0130zmir&#8217;deki sa\u011fl\u0131k kurulu\u015flar\u0131na ba\u015fvuran i\u015f\u00e7ilerden baz\u0131lar\u0131 ayakta tedavi edilirken, durumu k\u00f6t\u00fc olanlar hastanede tedavi alt\u0131na al\u0131nd\u0131. \u0130\u015e\u00c7\u0130LER TABURCU ED\u0130LD\u0130 Kemalpa\u015fa Devlet Hastanesine ise 68 i\u015f\u00e7inin ba\u015fvurdu\u011fu \u00f6\u011frenildi. Kemalpa\u015fa Devlet Hastanesi yetkililerinden al\u0131nan bilgiye g\u00f6re zehirlenme \u015f\u00fcphesi ile hastaneye m\u00fcracaat eden i\u015f\u00e7ilerde ciddi bir sa\u011fl\u0131k problemi olmad\u0131\u011f\u0131 ve gerekli m\u00fcdahalenin ard\u0131ndan taburcu edildikleri \u00f6\u011frenildi. \u200b\u0130zmir\u2019in Kemalpa\u015fa il\u00e7esinde bir seramik fabrikas\u0131nda yedikleri yemeklerden zehirlenen i\u015f\u00e7ilerden iyi haber geldi. \u0130\u015f\u00e7ilerin durumunun iyi oldu\u011fu ve hepsinin taburcu edildi\u011fi a\u00e7\u0131kland\u0131.\u00a0 \u200bHaberin Al\u0131nt\u0131land\u0131\u011f\u0131 Kaynak: www.antalyakorfez.com","og_url":"https:\/\/denizcankizil.tr\/ru\/haberler\/gundem\/izmirden-gida-zehirlenmesi-yasayan-iscilerden-iyi-haber-geldi\/","og_site_name":"Av. Deniz Can K\u0131z\u0131l","article_published_time":"2025-07-19T19:41:15+00:00","author":"Antalya K\u00f6rfez","twitter_card":"summary_large_image","twitter_misc":{"\u041d\u0430\u043f\u0438\u0441\u0430\u043d\u043e \u0430\u0432\u0442\u043e\u0440\u043e\u043c":"Antalya K\u00f6rfez","\u041f\u0440\u0438\u043c\u0435\u0440\u043d\u043e\u0435 \u0432\u0440\u0435\u043c\u044f \u0434\u043b\u044f \u0447\u0442\u0435\u043d\u0438\u044f":"1 \u043c\u0438\u043d\u0443\u0442\u0430"},"schema":{"@context":"https:\/\/schema.org","@graph":[{"@type":"Article","@id":"https:\/\/denizcankizil.tr\/de\/haberler\/gundem\/izmirden-gida-zehirlenmesi-yasayan-iscilerden-iyi-haber-geldi\/#article","isPartOf":{"@id":"https:\/\/denizcankizil.tr\/de\/haberler\/gundem\/izmirden-gida-zehirlenmesi-yasayan-iscilerden-iyi-haber-geldi\/"},"author":{"name":"Antalya K\u00f6rfez","@id":"https:\/\/denizcankizil.tr\/de\/#\/schema\/person\/e1eb71bb4dd684d46563f0af307e1234"},"headline":"\u0130zmir\u2019den g\u0131da zehirlenmesi ya\u015fayan i\u015f\u00e7ilerden iyi haber geldi","datePublished":"2025-07-19T19:41:15+00:00","mainEntityOfPage":{"@id":"https:\/\/denizcankizil.tr\/de\/haberler\/gundem\/izmirden-gida-zehirlenmesi-yasayan-iscilerden-iyi-haber-geldi\/"},"wordCount":171,"publisher":{"@id":"https:\/\/denizcankizil.tr\/de\/#organization"},"articleSection":["G\u00fcndem"],"inLanguage":"ru-RU"},{"@type":"WebPage","@id":"https:\/\/denizcankizil.tr\/de\/haberler\/gundem\/izmirden-gida-zehirlenmesi-yasayan-iscilerden-iyi-haber-geldi\/","url":"https:\/\/denizcankizil.tr\/de\/haberler\/gundem\/izmirden-gida-zehirlenmesi-yasayan-iscilerden-iyi-haber-geldi\/","name":"\u0130zmir\u2019den g\u0131da zehirlenmesi ya\u015fayan i\u015f\u00e7ilerden iyi haber geldi - Av. Deniz Can K\u0131z\u0131l","isPartOf":{"@id":"https:\/\/denizcankizil.tr\/de\/#website"},"datePublished":"2025-07-19T19:41:15+00:00","breadcrumb":{"@id":"https:\/\/denizcankizil.tr\/de\/haberler\/gundem\/izmirden-gida-zehirlenmesi-yasayan-iscilerden-iyi-haber-geldi\/#breadcrumb"},"inLanguage":"ru-RU","potentialAction":[{"@type":"ReadAction","target":["https:\/\/denizcankizil.tr\/de\/haberler\/gundem\/izmirden-gida-zehirlenmesi-yasayan-iscilerden-iyi-haber-geldi\/"]}]},{"@type":"BreadcrumbList","@id":"https:\/\/denizcankizil.tr\/de\/haberler\/gundem\/izmirden-gida-zehirlenmesi-yasayan-iscilerden-iyi-haber-geldi\/#breadcrumb","itemListElement":[{"@type":"ListItem","position":1,"name":"Home","item":"https:\/\/denizcankizil.tr\/de\/"},{"@type":"ListItem","position":2,"name":"\u0130zmir\u2019den g\u0131da zehirlenmesi ya\u015fayan i\u015f\u00e7ilerden iyi haber geldi"}]},{"@type":"WebSite","@id":"https:\/\/denizcankizil.tr\/de\/#website","url":"https:\/\/denizcankizil.tr\/de\/","name":"Av. Deniz Can K\u0131z\u0131l","description":"Avukat Deniz Can K\u0131z\u0131l Antalya Barosu","publisher":{"@id":"https:\/\/denizcankizil.tr\/de\/#organization"},"potentialAction":[{"@type":"SearchAction","target":{"@type":"EntryPoint","urlTemplate":"https:\/\/denizcankizil.tr\/de\/?s={search_term_string}"},"query-input":{"@type":"PropertyValueSpecification","valueRequired":true,"valueName":"search_term_string"}}],"inLanguage":"ru-RU"},{"@type":"Organization","@id":"https:\/\/denizcankizil.tr\/de\/#organization","name":"Av. Deniz Can K\u0131z\u0131l","url":"https:\/\/denizcankizil.tr\/de\/","logo":{"@type":"ImageObject","inLanguage":"ru-RU","@id":"https:\/\/denizcankizil.tr\/de\/#\/schema\/logo\/image\/","url":"https:\/\/denizcankizil.tr\/wp-content\/uploads\/2024\/10\/siyah-logo-svg.svg","contentUrl":"https:\/\/denizcankizil.tr\/wp-content\/uploads\/2024\/10\/siyah-logo-svg.svg","width":1080,"height":1080,"caption":"Av. Deniz Can K\u0131z\u0131l"},"image":{"@id":"https:\/\/denizcankizil.tr\/de\/#\/schema\/logo\/image\/"}},{"@type":"Person","@id":"https:\/\/denizcankizil.tr\/de\/#\/schema\/person\/e1eb71bb4dd684d46563f0af307e1234","name":"Antalya K\u00f6rfez","image":{"@type":"ImageObject","inLanguage":"ru-RU","@id":"https:\/\/denizcankizil.tr\/de\/#\/schema\/person\/image\/","url":"https:\/\/secure.gravatar.com\/avatar\/42b01982558a48a0b501fdcab6a408d3717ea5919095ee2e67b0e521799c5905?s=96&d=mm&r=g","contentUrl":"https:\/\/secure.gravatar.com\/avatar\/42b01982558a48a0b501fdcab6a408d3717ea5919095ee2e67b0e521799c5905?s=96&d=mm&r=g","caption":"Antalya K\u00f6rfez"},"sameAs":["http:\/\/www.antalyakorfez.com"],"url":"https:\/\/www.antalyakorfez.com\/izmirden-gida-zehirlenmesi-yasayan-iscilerden-iyi-haber-geldi"}]}},"_links":{"self":[{"href":"https:\/\/denizcankizil.tr\/ru\/wp-json\/wp\/v2\/posts\/151126","targetHints":{"allow":["GET"]}}],"collection":[{"href":"https:\/\/denizcankizil.tr\/ru\/wp-json\/wp\/v2\/posts"}],"about":[{"href":"https:\/\/denizcankizil.tr\/ru\/wp-json\/wp\/v2\/types\/post"}],"author":[{"embeddable":true,"href":"https:\/\/denizcankizil.tr\/ru\/wp-json\/wp\/v2\/users\/5"}],"replies":[{"embeddable":true,"href":"https:\/\/denizcankizil.tr\/ru\/wp-json\/wp\/v2\/comments?post=151126"}],"version-history":[{"count":0,"href":"https:\/\/denizcankizil.tr\/ru\/wp-json\/wp\/v2\/posts\/151126\/revisions"}],"wp:attachment":[{"href":"https:\/\/denizcankizil.tr\/ru\/wp-json\/wp\/v2\/media?parent=151126"}],"wp:term":[{"taxonomy":"category","embeddable":true,"href":"https:\/\/denizcankizil.tr\/ru\/wp-json\/wp\/v2\/categories?post=151126"},{"taxonomy":"post_tag","embeddable":true,"href":"https:\/\/denizcankizil.tr\/ru\/wp-json\/wp\/v2\/tags?post=151126"}],"curies":[{"name":"wp","href":"https:\/\/api.w.org\/{rel}","templated":true}]}}