{"id":150999,"date":"2025-07-19T18:42:39","date_gmt":"2025-07-19T15:42:39","guid":{"rendered":"https:\/\/denizcankizil.tr\/uncategorized-tr\/asdep-uzmanlari-aile-yili-vizyonunu-sekillendiriyor\/"},"modified":"2025-07-19T18:42:39","modified_gmt":"2025-07-19T15:42:39","slug":"asdep-uzmanlari-aile-yili-vizyonunu-sekillendiriyor","status":"publish","type":"post","link":"https:\/\/denizcankizil.tr\/ru\/haberler\/gundem\/asdep-uzmanlari-aile-yili-vizyonunu-sekillendiriyor\/","title":{"rendered":"ASDEP Uzmanlar\u0131 Aile Y\u0131l\u0131 Vizyonunu \u015eekillendiriyor!"},"content":{"rendered":"<p>Bakanl\u0131k hizmet politikalar\u0131na katk\u0131 sunmak, toplumsal fark\u0131ndal\u0131k ve meslek temsiliyeti sa\u011flamak ad\u0131na kurduklar\u0131 ASDEP-DER, (Aile Sosyal Destek Program\u0131) Personeli Derne\u011fi \u00e7at\u0131s\u0131 alt\u0131nda \u00e7al\u0131\u015fmalara ba\u015fland\u0131.<\/p>\n\n<p>\u0130skenderun Sosyal Hizmetlerden Sosyolog Necdet Bilirer\u2019in de Genel Sekreterli\u011fini \u00fcstlendi\u011fi, ASDEP-DER, KADEM (Kad\u0131n ve Demokrasi Derne\u011fi) Y\u00f6netim Kurulu \u00dcyesi Dr. Esra \u00d6zdil G\u00fcm\u00fc\u015f&#8217;\u00fc a\u011f\u0131rlad\u0131\u011f\u0131 \u00e7evrimi\u00e7i s\u00f6yle\u015fiyle, &#8220;T\u00fcrkiye Y\u00fczy\u0131l\u0131nda 2025 Aile Y\u0131l\u0131 Vizyonunun Anlam\u0131 ve \u00d6nemi&#8221; konusunu g\u00fcndeme ta\u015f\u0131d\u0131.<\/p>\n\n<p>ASDEP: A\u0130LEN\u0130N HER Y\u00d6N\u00dcNE DOKUNAN<\/p>\n<p>MULT\u0130D\u0130S\u0130PL\u0130NER UZMANLIK\u2026<\/p>\n<p>\u0130skenderun\u2019dan Sosyolog Necdet Bilirer\u2019in moderat\u00f6rl\u00fc\u011f\u00fcndeki \u00e7evrim i\u00e7i s\u00f6yle\u015fide, ASDEP&#8217;in g\u00fcc\u00fcn\u00fcn, b\u00fcnyesinde bar\u0131nd\u0131rd\u0131\u011f\u0131 sosyal hizmet uzman\u0131, psikolog, sosyolog, psikolojik dan\u0131\u015fman, \u00e7ocuk geli\u015fimcisi ve aile ve t\u00fcketici ekonomisti gibi farkl\u0131 bran\u015flardan gelen nitelikli uzmanlardan geldi\u011fi belirterek \u015funlar\u0131 kaydedildi: \u201cBu \u00e7ok y\u00f6nl\u00fc kadro, ailelerin ve \u00f6zellikle k\u0131r\u0131lgan gruplar\u0131n ihtiya\u00e7lar\u0131na b\u00fct\u00fcnc\u00fcl bir yakla\u015f\u0131mla, do\u011frudan sahada \u00e7\u00f6z\u00fcm \u00fcretiyor. Onlar\u0131n \u00f6zverili gayretleri, ailelerin kar\u015f\u0131la\u015ft\u0131\u011f\u0131 sorunlara \u00e7\u00f6z\u00fcm bulurken, ayn\u0131 zamanda onlar\u0131 toplumsal hayata daha g\u00fc\u00e7l\u00fc bir \u015fekilde dahil etmeyi ama\u00e7l\u0131yor. ASDEP uzmanlar\u0131, T\u00fcrkiye Y\u00fczy\u0131l\u0131 medeniyet tasavvurunun temel harc\u0131 olan ailenin sa\u011flam temeller \u00fczerine in\u015fa edilmesinde kilit bir rol \u00fcstleniyor\u2026\u201d<\/p>\n\n<p>S\u00f6yle\u015fi boyunca, ASDEP personelinin sahadan getirdi\u011fi \u00e7arp\u0131c\u0131 g\u00f6zlemler ve deneyimler, aile kurumunun bug\u00fcn\u00fc ve yar\u0131n\u0131na dair \u00f6nemli ipu\u00e7lar\u0131 sundu. Dr. Esra \u00d6zdil G\u00fcm\u00fc\u015f de konu\u015fmas\u0131nda, aileyi merkeze alan politikalar\u0131n ba\u015far\u0131s\u0131n\u0131n, sahadaki uygulay\u0131c\u0131lar\u0131n tecr\u00fcbe ve birikimiyle do\u011fru orant\u0131l\u0131 oldu\u011funu vurgulayarak ASDEP&#8217;in rol\u00fcn\u00fcn alt\u0131n\u0131 \u00e7izdi. Gen\u00e7lerin aile ve evlilik alg\u0131lar\u0131 ile toplumsal de\u011ferlerin korunmas\u0131na y\u00f6nelik stratejiler de etkinli\u011fin ana g\u00fcndem maddeleri aras\u0131nda yer ald\u0131.<\/p>\n\n<p>ASDEP-DER&#8217;DEN S\u00dcRD\u00dcR\u00dcLEB\u0130L\u0130R<\/p>\n<p>A\u0130LE POL\u0130T\u0130KALARI \u0130\u00c7\u0130N G\u00dc\u00c7L\u00dc \u0130\u015e B\u0130RL\u0130\u011e\u0130 \u00c7A\u011eRISI<\/p>\n\n<p>Etkinli\u011fin sonunda yap\u0131lan a\u00e7\u0131klamada, ASDEP-DER temsilcileri, aileyi ve aile dostu politikalar\u0131 merkezine alan \u00e7al\u0131\u015fmalar\u0131n\u0131 bir g\u00f6rev olarak benimsediklerini ifade ettiler. Mesleki formasyonlar\u0131 ve sahadaki derin deneyimleriyle daha etkin bir rol \u00fcstlenebilmek ad\u0131na kamu, sivil toplum kurulu\u015flar\u0131 ve akademi aras\u0131nda i\u015f birliklerinin art\u0131r\u0131lmas\u0131 gerekti\u011fini vurgulad\u0131lar.<\/p>\n\n<p>ASDEP-DER yetkilileri, \u201cBu toplumsal g\u00f6revimizin daha geni\u015f faydaya d\u00f6n\u00fc\u015febilmesi i\u00e7in ASDEP personelinin ve olu\u015fturdu\u011fumuz g\u00f6n\u00fcll\u00fc yap\u0131m\u0131z\u0131n daha fazla desteklenmesi gerekti\u011fine inan\u0131yoruz. B\u00f6ylece aileyi g\u00fc\u00e7lendirmeye y\u00f6nelik politikalar sahada daha etkili ve s\u00fcrd\u00fcr\u00fclebilir hale gelecektir\u201d dedi.<\/p>\n\n<p>Benzer \u00e7al\u0131\u015fmalar\u0131n artarak devam edece\u011fine de\u011finen ASDEP-DER yetkilileri, toplumsal meselelere duyarl\u0131 t\u00fcm payda\u015flar\u0131 i\u015f birli\u011fi ve dayan\u0131\u015fmaya davet etti. Bu etkinlik, ASDEP&#8217;in sadece bir program de\u011fil, ayn\u0131 zamanda aile kurumunun gelece\u011fi i\u00e7in m\u00fccadele eden dinamik bir topluluk oldu\u011funu bir kez daha g\u00f6zler \u00f6n\u00fcne serdi.<\/p>\n<p><img decoding=\"async\" alt=\"1000071786\" class=\"detail-photo img-fluid lazyload\" height=\"881\" data-src=\"https:\/\/iskenderunorg.teimg.com\/iskenderun-org\/uploads\/2025\/07\/2025\/07\/1000071786.jpg\" width=\"865\" src=\"data:image\/svg+xml;base64,PHN2ZyB3aWR0aD0iMSIgaGVpZ2h0PSIxIiB4bWxucz0iaHR0cDovL3d3dy53My5vcmcvMjAwMC9zdmciPjwvc3ZnPg==\" style=\"--smush-placeholder-width: 865px; --smush-placeholder-aspect-ratio: 865\/881;\" \/><\/p>\n<p><img decoding=\"async\" alt=\"1000071320\" class=\"detail-photo img-fluid lazyload\" height=\"900\" data-src=\"https:\/\/iskenderunorg.teimg.com\/iskenderun-org\/uploads\/2025\/07\/2025\/07\/1000071320.jpg\" width=\"1600\" src=\"data:image\/svg+xml;base64,PHN2ZyB3aWR0aD0iMSIgaGVpZ2h0PSIxIiB4bWxucz0iaHR0cDovL3d3dy53My5vcmcvMjAwMC9zdmciPjwvc3ZnPg==\" style=\"--smush-placeholder-width: 1600px; --smush-placeholder-aspect-ratio: 1600\/900;\" \/><\/p>\n\n<p>\u200bAile ve Sosyal Hizmetler Bakanl\u0131\u011f\u0131 b\u00fcnyesinde g\u00f6revli ASDEP (Aile Sosyal Destek Program\u0131) personeli, sahada hizmet sunmakla kalm\u0131yor, ayn\u0131 zamanda toplumsal fark\u0131ndal\u0131\u011f\u0131n art\u0131r\u0131lmas\u0131na da \u00f6nc\u00fcl\u00fck ediyor.\u00a0<\/p>\n<p>\u200bHaberin Al\u0131nt\u0131land\u0131\u011f\u0131 Kaynak: www.iskenderun.org<\/p>","protected":false},"excerpt":{"rendered":"<p>Bakanl\u0131k hizmet politikalar\u0131na katk\u0131 sunmak, toplumsal fark\u0131ndal\u0131k ve meslek temsiliyeti sa\u011flamak ad\u0131na kurduklar\u0131 ASDEP-DER, (Aile Sosyal Destek Program\u0131) Personeli Derne\u011fi \u00e7at\u0131s\u0131 alt\u0131nda \u00e7al\u0131\u015fmalara ba\u015fland\u0131. \u0130skenderun Sosyal Hizmetlerden Sosyolog Necdet Bilirer\u2019in de Genel Sekreterli\u011fini \u00fcstlendi\u011fi, ASDEP-DER, KADEM (Kad\u0131n ve Demokrasi Derne\u011fi) Y\u00f6netim Kurulu \u00dcyesi Dr. Esra \u00d6zdil G\u00fcm\u00fc\u015f&#8217;\u00fc a\u011f\u0131rlad\u0131\u011f\u0131 \u00e7evrimi\u00e7i s\u00f6yle\u015fiyle, &#8220;T\u00fcrkiye Y\u00fczy\u0131l\u0131nda 2025 Aile Y\u0131l\u0131 Vizyonunun Anlam\u0131 ve \u00d6nemi&#8221; konusunu g\u00fcndeme ta\u015f\u0131d\u0131. ASDEP: A\u0130LEN\u0130N HER Y\u00d6N\u00dcNE DOKUNAN MULT\u0130D\u0130S\u0130PL\u0130NER UZMANLIK\u2026 \u0130skenderun\u2019dan Sosyolog Necdet Bilirer\u2019in moderat\u00f6rl\u00fc\u011f\u00fcndeki \u00e7evrim i\u00e7i s\u00f6yle\u015fide, ASDEP&#8217;in g\u00fcc\u00fcn\u00fcn, b\u00fcnyesinde bar\u0131nd\u0131rd\u0131\u011f\u0131 sosyal hizmet uzman\u0131, psikolog, sosyolog, psikolojik dan\u0131\u015fman, \u00e7ocuk geli\u015fimcisi ve aile ve t\u00fcketici ekonomisti gibi farkl\u0131 bran\u015flardan gelen nitelikli uzmanlardan geldi\u011fi belirterek \u015funlar\u0131 kaydedildi: \u201cBu \u00e7ok y\u00f6nl\u00fc kadro, ailelerin ve \u00f6zellikle k\u0131r\u0131lgan gruplar\u0131n ihtiya\u00e7lar\u0131na b\u00fct\u00fcnc\u00fcl bir yakla\u015f\u0131mla, do\u011frudan sahada \u00e7\u00f6z\u00fcm \u00fcretiyor. Onlar\u0131n \u00f6zverili gayretleri, ailelerin kar\u015f\u0131la\u015ft\u0131\u011f\u0131 sorunlara \u00e7\u00f6z\u00fcm bulurken, ayn\u0131 zamanda onlar\u0131 toplumsal hayata daha g\u00fc\u00e7l\u00fc bir \u015fekilde dahil etmeyi ama\u00e7l\u0131yor. ASDEP uzmanlar\u0131, T\u00fcrkiye Y\u00fczy\u0131l\u0131 medeniyet tasavvurunun temel harc\u0131 olan ailenin sa\u011flam temeller \u00fczerine in\u015fa edilmesinde kilit bir rol \u00fcstleniyor\u2026\u201d S\u00f6yle\u015fi boyunca, ASDEP personelinin sahadan getirdi\u011fi \u00e7arp\u0131c\u0131 g\u00f6zlemler ve deneyimler, aile kurumunun bug\u00fcn\u00fc ve yar\u0131n\u0131na dair \u00f6nemli ipu\u00e7lar\u0131 sundu. Dr. Esra \u00d6zdil G\u00fcm\u00fc\u015f de konu\u015fmas\u0131nda, aileyi merkeze alan politikalar\u0131n ba\u015far\u0131s\u0131n\u0131n, sahadaki uygulay\u0131c\u0131lar\u0131n tecr\u00fcbe ve birikimiyle do\u011fru orant\u0131l\u0131 oldu\u011funu vurgulayarak &hellip;<\/p>","protected":false},"author":1,"featured_media":0,"comment_status":"","ping_status":"open","sticky":false,"template":"","format":"standard","meta":{"_acf_changed":false,"footnotes":""},"categories":[24],"tags":[],"class_list":["post-150999","post","type-post","status-publish","format-standard","has-post-thumbnail","hentry","category-gundem"],"acf":[],"yoast_head":"<!-- This site is optimized with the Yoast SEO Premium plugin v26.6 (Yoast SEO v27.1.1) - https:\/\/yoast.com\/product\/yoast-seo-premium-wordpress\/ -->\n<title>ASDEP Uzmanlar\u0131 Aile Y\u0131l\u0131 Vizyonunu \u015eekillendiriyor! - Av. Deniz Can K\u0131z\u0131l<\/title>\n<meta name=\"robots\" content=\"index, follow, max-snippet:-1, max-image-preview:large, max-video-preview:-1\" \/>\n<link rel=\"canonical\" href=\"https:\/\/denizcankizil.tr\/ru\/haberler\/gundem\/asdep-uzmanlari-aile-yili-vizyonunu-sekillendiriyor\/\" \/>\n<meta property=\"og:locale\" content=\"ru_RU\" \/>\n<meta property=\"og:type\" content=\"article\" \/>\n<meta property=\"og:title\" content=\"ASDEP Uzmanlar\u0131 Aile Y\u0131l\u0131 Vizyonunu \u015eekillendiriyor!\" \/>\n<meta property=\"og:description\" content=\"Bakanl\u0131k hizmet politikalar\u0131na katk\u0131 sunmak, toplumsal fark\u0131ndal\u0131k ve meslek temsiliyeti sa\u011flamak ad\u0131na kurduklar\u0131 ASDEP-DER, (Aile Sosyal Destek Program\u0131) Personeli Derne\u011fi \u00e7at\u0131s\u0131 alt\u0131nda \u00e7al\u0131\u015fmalara ba\u015fland\u0131. \u0130skenderun Sosyal Hizmetlerden Sosyolog Necdet Bilirer\u2019in de Genel Sekreterli\u011fini \u00fcstlendi\u011fi, ASDEP-DER, KADEM (Kad\u0131n ve Demokrasi Derne\u011fi) Y\u00f6netim Kurulu \u00dcyesi Dr. Esra \u00d6zdil G\u00fcm\u00fc\u015f&#8217;\u00fc a\u011f\u0131rlad\u0131\u011f\u0131 \u00e7evrimi\u00e7i s\u00f6yle\u015fiyle, &#8220;T\u00fcrkiye Y\u00fczy\u0131l\u0131nda 2025 Aile Y\u0131l\u0131 Vizyonunun Anlam\u0131 ve \u00d6nemi&#8221; konusunu g\u00fcndeme ta\u015f\u0131d\u0131. ASDEP: A\u0130LEN\u0130N HER Y\u00d6N\u00dcNE DOKUNAN MULT\u0130D\u0130S\u0130PL\u0130NER UZMANLIK\u2026 \u0130skenderun\u2019dan Sosyolog Necdet Bilirer\u2019in moderat\u00f6rl\u00fc\u011f\u00fcndeki \u00e7evrim i\u00e7i s\u00f6yle\u015fide, ASDEP&#8217;in g\u00fcc\u00fcn\u00fcn, b\u00fcnyesinde bar\u0131nd\u0131rd\u0131\u011f\u0131 sosyal hizmet uzman\u0131, psikolog, sosyolog, psikolojik dan\u0131\u015fman, \u00e7ocuk geli\u015fimcisi ve aile ve t\u00fcketici ekonomisti gibi farkl\u0131 bran\u015flardan gelen nitelikli uzmanlardan geldi\u011fi belirterek \u015funlar\u0131 kaydedildi: \u201cBu \u00e7ok y\u00f6nl\u00fc kadro, ailelerin ve \u00f6zellikle k\u0131r\u0131lgan gruplar\u0131n ihtiya\u00e7lar\u0131na b\u00fct\u00fcnc\u00fcl bir yakla\u015f\u0131mla, do\u011frudan sahada \u00e7\u00f6z\u00fcm \u00fcretiyor. Onlar\u0131n \u00f6zverili gayretleri, ailelerin kar\u015f\u0131la\u015ft\u0131\u011f\u0131 sorunlara \u00e7\u00f6z\u00fcm bulurken, ayn\u0131 zamanda onlar\u0131 toplumsal hayata daha g\u00fc\u00e7l\u00fc bir \u015fekilde dahil etmeyi ama\u00e7l\u0131yor. ASDEP uzmanlar\u0131, T\u00fcrkiye Y\u00fczy\u0131l\u0131 medeniyet tasavvurunun temel harc\u0131 olan ailenin sa\u011flam temeller \u00fczerine in\u015fa edilmesinde kilit bir rol \u00fcstleniyor\u2026\u201d S\u00f6yle\u015fi boyunca, ASDEP personelinin sahadan getirdi\u011fi \u00e7arp\u0131c\u0131 g\u00f6zlemler ve deneyimler, aile kurumunun bug\u00fcn\u00fc ve yar\u0131n\u0131na dair \u00f6nemli ipu\u00e7lar\u0131 sundu. Dr. Esra \u00d6zdil G\u00fcm\u00fc\u015f de konu\u015fmas\u0131nda, aileyi merkeze alan politikalar\u0131n ba\u015far\u0131s\u0131n\u0131n, sahadaki uygulay\u0131c\u0131lar\u0131n tecr\u00fcbe ve birikimiyle do\u011fru orant\u0131l\u0131 oldu\u011funu vurgulayarak &hellip;\" \/>\n<meta property=\"og:url\" content=\"https:\/\/denizcankizil.tr\/ru\/haberler\/gundem\/asdep-uzmanlari-aile-yili-vizyonunu-sekillendiriyor\/\" \/>\n<meta property=\"og:site_name\" content=\"Av. Deniz Can K\u0131z\u0131l\" \/>\n<meta property=\"article:published_time\" content=\"2025-07-19T15:42:39+00:00\" \/>\n<meta property=\"og:image\" content=\"https:\/\/iskenderunorg.teimg.com\/iskenderun-org\/uploads\/2025\/07\/2025\/07\/1000071786.jpg\" \/>\n<meta name=\"author\" content=\"admin\" \/>\n<meta name=\"twitter:card\" content=\"summary_large_image\" \/>\n<meta name=\"twitter:label1\" content=\"\u041d\u0430\u043f\u0438\u0441\u0430\u043d\u043e \u0430\u0432\u0442\u043e\u0440\u043e\u043c\" \/>\n\t<meta name=\"twitter:data1\" content=\"admin\" \/>\n\t<meta name=\"twitter:label2\" content=\"\u041f\u0440\u0438\u043c\u0435\u0440\u043d\u043e\u0435 \u0432\u0440\u0435\u043c\u044f \u0434\u043b\u044f \u0447\u0442\u0435\u043d\u0438\u044f\" \/>\n\t<meta name=\"twitter:data2\" content=\"3 \u043c\u0438\u043d\u0443\u0442\u044b\" \/>\n<script type=\"application\/ld+json\" class=\"yoast-schema-graph\">{\"@context\":\"https:\/\/schema.org\",\"@graph\":[{\"@type\":\"Article\",\"@id\":\"https:\/\/denizcankizil.tr\/ru\/haberler\/gundem\/asdep-uzmanlari-aile-yili-vizyonunu-sekillendiriyor\/#article\",\"isPartOf\":{\"@id\":\"https:\/\/denizcankizil.tr\/ru\/haberler\/gundem\/asdep-uzmanlari-aile-yili-vizyonunu-sekillendiriyor\/\"},\"author\":{\"name\":\"admin\",\"@id\":\"https:\/\/denizcankizil.tr\/#\/schema\/person\/be3c05fe6a12686905512445d8185489\"},\"headline\":\"ASDEP Uzmanlar\u0131 Aile Y\u0131l\u0131 Vizyonunu \u015eekillendiriyor!\",\"datePublished\":\"2025-07-19T15:42:39+00:00\",\"mainEntityOfPage\":{\"@id\":\"https:\/\/denizcankizil.tr\/ru\/haberler\/gundem\/asdep-uzmanlari-aile-yili-vizyonunu-sekillendiriyor\/\"},\"wordCount\":578,\"publisher\":{\"@id\":\"https:\/\/denizcankizil.tr\/#organization\"},\"image\":{\"@id\":\"https:\/\/denizcankizil.tr\/ru\/haberler\/gundem\/asdep-uzmanlari-aile-yili-vizyonunu-sekillendiriyor\/#primaryimage\"},\"thumbnailUrl\":\"https:\/\/iskenderunorg.teimg.com\/iskenderun-org\/uploads\/2025\/07\/2025\/07\/1000071786.jpg\",\"articleSection\":[\"G\u00fcndem\"],\"inLanguage\":\"ru-RU\"},{\"@type\":\"WebPage\",\"@id\":\"https:\/\/denizcankizil.tr\/ru\/haberler\/gundem\/asdep-uzmanlari-aile-yili-vizyonunu-sekillendiriyor\/\",\"url\":\"https:\/\/denizcankizil.tr\/ru\/haberler\/gundem\/asdep-uzmanlari-aile-yili-vizyonunu-sekillendiriyor\/\",\"name\":\"ASDEP Uzmanlar\u0131 Aile Y\u0131l\u0131 Vizyonunu \u015eekillendiriyor! - Av. Deniz Can K\u0131z\u0131l\",\"isPartOf\":{\"@id\":\"https:\/\/denizcankizil.tr\/#website\"},\"primaryImageOfPage\":{\"@id\":\"https:\/\/denizcankizil.tr\/ru\/haberler\/gundem\/asdep-uzmanlari-aile-yili-vizyonunu-sekillendiriyor\/#primaryimage\"},\"image\":{\"@id\":\"https:\/\/denizcankizil.tr\/ru\/haberler\/gundem\/asdep-uzmanlari-aile-yili-vizyonunu-sekillendiriyor\/#primaryimage\"},\"thumbnailUrl\":\"https:\/\/iskenderunorg.teimg.com\/iskenderun-org\/uploads\/2025\/07\/2025\/07\/1000071786.jpg\",\"datePublished\":\"2025-07-19T15:42:39+00:00\",\"breadcrumb\":{\"@id\":\"https:\/\/denizcankizil.tr\/ru\/haberler\/gundem\/asdep-uzmanlari-aile-yili-vizyonunu-sekillendiriyor\/#breadcrumb\"},\"inLanguage\":\"ru-RU\",\"potentialAction\":[{\"@type\":\"ReadAction\",\"target\":[\"https:\/\/denizcankizil.tr\/ru\/haberler\/gundem\/asdep-uzmanlari-aile-yili-vizyonunu-sekillendiriyor\/\"]}]},{\"@type\":\"ImageObject\",\"inLanguage\":\"ru-RU\",\"@id\":\"https:\/\/denizcankizil.tr\/ru\/haberler\/gundem\/asdep-uzmanlari-aile-yili-vizyonunu-sekillendiriyor\/#primaryimage\",\"url\":\"https:\/\/iskenderunorg.teimg.com\/iskenderun-org\/uploads\/2025\/07\/2025\/07\/1000071786.jpg\",\"contentUrl\":\"https:\/\/iskenderunorg.teimg.com\/iskenderun-org\/uploads\/2025\/07\/2025\/07\/1000071786.jpg\"},{\"@type\":\"BreadcrumbList\",\"@id\":\"https:\/\/denizcankizil.tr\/ru\/haberler\/gundem\/asdep-uzmanlari-aile-yili-vizyonunu-sekillendiriyor\/#breadcrumb\",\"itemListElement\":[{\"@type\":\"ListItem\",\"position\":1,\"name\":\"Home\",\"item\":\"https:\/\/denizcankizil.tr\/de\/\"},{\"@type\":\"ListItem\",\"position\":2,\"name\":\"ASDEP Uzmanlar\u0131 Aile Y\u0131l\u0131 Vizyonunu \u015eekillendiriyor!\"}]},{\"@type\":\"WebSite\",\"@id\":\"https:\/\/denizcankizil.tr\/#website\",\"url\":\"https:\/\/denizcankizil.tr\/\",\"name\":\"Av. Deniz Can K\u0131z\u0131l\",\"description\":\"Avukat Deniz Can K\u0131z\u0131l Antalya Barosu\",\"publisher\":{\"@id\":\"https:\/\/denizcankizil.tr\/#organization\"},\"potentialAction\":[{\"@type\":\"SearchAction\",\"target\":{\"@type\":\"EntryPoint\",\"urlTemplate\":\"https:\/\/denizcankizil.tr\/?s={search_term_string}\"},\"query-input\":{\"@type\":\"PropertyValueSpecification\",\"valueRequired\":true,\"valueName\":\"search_term_string\"}}],\"inLanguage\":\"ru-RU\"},{\"@type\":\"Organization\",\"@id\":\"https:\/\/denizcankizil.tr\/#organization\",\"name\":\"Av. Deniz Can K\u0131z\u0131l\",\"url\":\"https:\/\/denizcankizil.tr\/\",\"logo\":{\"@type\":\"ImageObject\",\"inLanguage\":\"ru-RU\",\"@id\":\"https:\/\/denizcankizil.tr\/#\/schema\/logo\/image\/\",\"url\":\"https:\/\/denizcankizil.tr\/wp-content\/uploads\/2024\/10\/siyah-logo-svg.svg\",\"contentUrl\":\"https:\/\/denizcankizil.tr\/wp-content\/uploads\/2024\/10\/siyah-logo-svg.svg\",\"width\":1080,\"height\":1080,\"caption\":\"Av. Deniz Can K\u0131z\u0131l\"},\"image\":{\"@id\":\"https:\/\/denizcankizil.tr\/#\/schema\/logo\/image\/\"}},{\"@type\":\"Person\",\"@id\":\"https:\/\/denizcankizil.tr\/#\/schema\/person\/be3c05fe6a12686905512445d8185489\",\"name\":\"admin\",\"image\":{\"@type\":\"ImageObject\",\"inLanguage\":\"ru-RU\",\"@id\":\"https:\/\/denizcankizil.tr\/#\/schema\/person\/image\/\",\"url\":\"https:\/\/secure.gravatar.com\/avatar\/c1fce94c830dc79107e174f890d7210541c4a63e8e5d816341794a2151c9d58c?s=96&d=mm&r=g\",\"contentUrl\":\"https:\/\/secure.gravatar.com\/avatar\/c1fce94c830dc79107e174f890d7210541c4a63e8e5d816341794a2151c9d58c?s=96&d=mm&r=g\",\"caption\":\"admin\"},\"sameAs\":[\"http:\/\/denizcankizil.tr\"],\"url\":\"https:\/\/www.iskenderun.org\/asdep-uzmanlari-aile-yili-vizyonunu-sekillendiriyor\"}]}<\/script>\n<!-- \/ Yoast SEO Premium plugin. -->","yoast_head_json":{"title":"ASDEP Uzmanlar\u0131 Aile Y\u0131l\u0131 Vizyonunu \u015eekillendiriyor! - Av. Deniz Can K\u0131z\u0131l","robots":{"index":"index","follow":"follow","max-snippet":"max-snippet:-1","max-image-preview":"max-image-preview:large","max-video-preview":"max-video-preview:-1"},"canonical":"https:\/\/denizcankizil.tr\/ru\/haberler\/gundem\/asdep-uzmanlari-aile-yili-vizyonunu-sekillendiriyor\/","og_locale":"ru_RU","og_type":"article","og_title":"ASDEP Uzmanlar\u0131 Aile Y\u0131l\u0131 Vizyonunu \u015eekillendiriyor!","og_description":"Bakanl\u0131k hizmet politikalar\u0131na katk\u0131 sunmak, toplumsal fark\u0131ndal\u0131k ve meslek temsiliyeti sa\u011flamak ad\u0131na kurduklar\u0131 ASDEP-DER, (Aile Sosyal Destek Program\u0131) Personeli Derne\u011fi \u00e7at\u0131s\u0131 alt\u0131nda \u00e7al\u0131\u015fmalara ba\u015fland\u0131. \u0130skenderun Sosyal Hizmetlerden Sosyolog Necdet Bilirer\u2019in de Genel Sekreterli\u011fini \u00fcstlendi\u011fi, ASDEP-DER, KADEM (Kad\u0131n ve Demokrasi Derne\u011fi) Y\u00f6netim Kurulu \u00dcyesi Dr. Esra \u00d6zdil G\u00fcm\u00fc\u015f&#8217;\u00fc a\u011f\u0131rlad\u0131\u011f\u0131 \u00e7evrimi\u00e7i s\u00f6yle\u015fiyle, &#8220;T\u00fcrkiye Y\u00fczy\u0131l\u0131nda 2025 Aile Y\u0131l\u0131 Vizyonunun Anlam\u0131 ve \u00d6nemi&#8221; konusunu g\u00fcndeme ta\u015f\u0131d\u0131. ASDEP: A\u0130LEN\u0130N HER Y\u00d6N\u00dcNE DOKUNAN MULT\u0130D\u0130S\u0130PL\u0130NER UZMANLIK\u2026 \u0130skenderun\u2019dan Sosyolog Necdet Bilirer\u2019in moderat\u00f6rl\u00fc\u011f\u00fcndeki \u00e7evrim i\u00e7i s\u00f6yle\u015fide, ASDEP&#8217;in g\u00fcc\u00fcn\u00fcn, b\u00fcnyesinde bar\u0131nd\u0131rd\u0131\u011f\u0131 sosyal hizmet uzman\u0131, psikolog, sosyolog, psikolojik dan\u0131\u015fman, \u00e7ocuk geli\u015fimcisi ve aile ve t\u00fcketici ekonomisti gibi farkl\u0131 bran\u015flardan gelen nitelikli uzmanlardan geldi\u011fi belirterek \u015funlar\u0131 kaydedildi: \u201cBu \u00e7ok y\u00f6nl\u00fc kadro, ailelerin ve \u00f6zellikle k\u0131r\u0131lgan gruplar\u0131n ihtiya\u00e7lar\u0131na b\u00fct\u00fcnc\u00fcl bir yakla\u015f\u0131mla, do\u011frudan sahada \u00e7\u00f6z\u00fcm \u00fcretiyor. Onlar\u0131n \u00f6zverili gayretleri, ailelerin kar\u015f\u0131la\u015ft\u0131\u011f\u0131 sorunlara \u00e7\u00f6z\u00fcm bulurken, ayn\u0131 zamanda onlar\u0131 toplumsal hayata daha g\u00fc\u00e7l\u00fc bir \u015fekilde dahil etmeyi ama\u00e7l\u0131yor. ASDEP uzmanlar\u0131, T\u00fcrkiye Y\u00fczy\u0131l\u0131 medeniyet tasavvurunun temel harc\u0131 olan ailenin sa\u011flam temeller \u00fczerine in\u015fa edilmesinde kilit bir rol \u00fcstleniyor\u2026\u201d S\u00f6yle\u015fi boyunca, ASDEP personelinin sahadan getirdi\u011fi \u00e7arp\u0131c\u0131 g\u00f6zlemler ve deneyimler, aile kurumunun bug\u00fcn\u00fc ve yar\u0131n\u0131na dair \u00f6nemli ipu\u00e7lar\u0131 sundu. Dr. Esra \u00d6zdil G\u00fcm\u00fc\u015f de konu\u015fmas\u0131nda, aileyi merkeze alan politikalar\u0131n ba\u015far\u0131s\u0131n\u0131n, sahadaki uygulay\u0131c\u0131lar\u0131n tecr\u00fcbe ve birikimiyle do\u011fru orant\u0131l\u0131 oldu\u011funu vurgulayarak &hellip;","og_url":"https:\/\/denizcankizil.tr\/ru\/haberler\/gundem\/asdep-uzmanlari-aile-yili-vizyonunu-sekillendiriyor\/","og_site_name":"Av. Deniz Can K\u0131z\u0131l","article_published_time":"2025-07-19T15:42:39+00:00","og_image":[{"url":"https:\/\/iskenderunorg.teimg.com\/iskenderun-org\/uploads\/2025\/07\/2025\/07\/1000071786.jpg","type":"","width":"","height":""}],"author":"admin","twitter_card":"summary_large_image","twitter_misc":{"\u041d\u0430\u043f\u0438\u0441\u0430\u043d\u043e \u0430\u0432\u0442\u043e\u0440\u043e\u043c":"admin","\u041f\u0440\u0438\u043c\u0435\u0440\u043d\u043e\u0435 \u0432\u0440\u0435\u043c\u044f \u0434\u043b\u044f \u0447\u0442\u0435\u043d\u0438\u044f":"3 \u043c\u0438\u043d\u0443\u0442\u044b"},"schema":{"@context":"https:\/\/schema.org","@graph":[{"@type":"Article","@id":"https:\/\/denizcankizil.tr\/ru\/haberler\/gundem\/asdep-uzmanlari-aile-yili-vizyonunu-sekillendiriyor\/#article","isPartOf":{"@id":"https:\/\/denizcankizil.tr\/ru\/haberler\/gundem\/asdep-uzmanlari-aile-yili-vizyonunu-sekillendiriyor\/"},"author":{"name":"admin","@id":"https:\/\/denizcankizil.tr\/#\/schema\/person\/be3c05fe6a12686905512445d8185489"},"headline":"ASDEP Uzmanlar\u0131 Aile Y\u0131l\u0131 Vizyonunu \u015eekillendiriyor!","datePublished":"2025-07-19T15:42:39+00:00","mainEntityOfPage":{"@id":"https:\/\/denizcankizil.tr\/ru\/haberler\/gundem\/asdep-uzmanlari-aile-yili-vizyonunu-sekillendiriyor\/"},"wordCount":578,"publisher":{"@id":"https:\/\/denizcankizil.tr\/#organization"},"image":{"@id":"https:\/\/denizcankizil.tr\/ru\/haberler\/gundem\/asdep-uzmanlari-aile-yili-vizyonunu-sekillendiriyor\/#primaryimage"},"thumbnailUrl":"https:\/\/iskenderunorg.teimg.com\/iskenderun-org\/uploads\/2025\/07\/2025\/07\/1000071786.jpg","articleSection":["G\u00fcndem"],"inLanguage":"ru-RU"},{"@type":"WebPage","@id":"https:\/\/denizcankizil.tr\/ru\/haberler\/gundem\/asdep-uzmanlari-aile-yili-vizyonunu-sekillendiriyor\/","url":"https:\/\/denizcankizil.tr\/ru\/haberler\/gundem\/asdep-uzmanlari-aile-yili-vizyonunu-sekillendiriyor\/","name":"ASDEP Uzmanlar\u0131 Aile Y\u0131l\u0131 Vizyonunu \u015eekillendiriyor! - Av. Deniz Can K\u0131z\u0131l","isPartOf":{"@id":"https:\/\/denizcankizil.tr\/#website"},"primaryImageOfPage":{"@id":"https:\/\/denizcankizil.tr\/ru\/haberler\/gundem\/asdep-uzmanlari-aile-yili-vizyonunu-sekillendiriyor\/#primaryimage"},"image":{"@id":"https:\/\/denizcankizil.tr\/ru\/haberler\/gundem\/asdep-uzmanlari-aile-yili-vizyonunu-sekillendiriyor\/#primaryimage"},"thumbnailUrl":"https:\/\/iskenderunorg.teimg.com\/iskenderun-org\/uploads\/2025\/07\/2025\/07\/1000071786.jpg","datePublished":"2025-07-19T15:42:39+00:00","breadcrumb":{"@id":"https:\/\/denizcankizil.tr\/ru\/haberler\/gundem\/asdep-uzmanlari-aile-yili-vizyonunu-sekillendiriyor\/#breadcrumb"},"inLanguage":"ru-RU","potentialAction":[{"@type":"ReadAction","target":["https:\/\/denizcankizil.tr\/ru\/haberler\/gundem\/asdep-uzmanlari-aile-yili-vizyonunu-sekillendiriyor\/"]}]},{"@type":"ImageObject","inLanguage":"ru-RU","@id":"https:\/\/denizcankizil.tr\/ru\/haberler\/gundem\/asdep-uzmanlari-aile-yili-vizyonunu-sekillendiriyor\/#primaryimage","url":"https:\/\/iskenderunorg.teimg.com\/iskenderun-org\/uploads\/2025\/07\/2025\/07\/1000071786.jpg","contentUrl":"https:\/\/iskenderunorg.teimg.com\/iskenderun-org\/uploads\/2025\/07\/2025\/07\/1000071786.jpg"},{"@type":"BreadcrumbList","@id":"https:\/\/denizcankizil.tr\/ru\/haberler\/gundem\/asdep-uzmanlari-aile-yili-vizyonunu-sekillendiriyor\/#breadcrumb","itemListElement":[{"@type":"ListItem","position":1,"name":"Home","item":"https:\/\/denizcankizil.tr\/de\/"},{"@type":"ListItem","position":2,"name":"ASDEP Uzmanlar\u0131 Aile Y\u0131l\u0131 Vizyonunu \u015eekillendiriyor!"}]},{"@type":"WebSite","@id":"https:\/\/denizcankizil.tr\/#website","url":"https:\/\/denizcankizil.tr\/","name":"Av. Deniz Can K\u0131z\u0131l","description":"Avukat Deniz Can K\u0131z\u0131l Antalya Barosu","publisher":{"@id":"https:\/\/denizcankizil.tr\/#organization"},"potentialAction":[{"@type":"SearchAction","target":{"@type":"EntryPoint","urlTemplate":"https:\/\/denizcankizil.tr\/?s={search_term_string}"},"query-input":{"@type":"PropertyValueSpecification","valueRequired":true,"valueName":"search_term_string"}}],"inLanguage":"ru-RU"},{"@type":"Organization","@id":"https:\/\/denizcankizil.tr\/#organization","name":"Av. Deniz Can K\u0131z\u0131l","url":"https:\/\/denizcankizil.tr\/","logo":{"@type":"ImageObject","inLanguage":"ru-RU","@id":"https:\/\/denizcankizil.tr\/#\/schema\/logo\/image\/","url":"https:\/\/denizcankizil.tr\/wp-content\/uploads\/2024\/10\/siyah-logo-svg.svg","contentUrl":"https:\/\/denizcankizil.tr\/wp-content\/uploads\/2024\/10\/siyah-logo-svg.svg","width":1080,"height":1080,"caption":"Av. Deniz Can K\u0131z\u0131l"},"image":{"@id":"https:\/\/denizcankizil.tr\/#\/schema\/logo\/image\/"}},{"@type":"Person","@id":"https:\/\/denizcankizil.tr\/#\/schema\/person\/be3c05fe6a12686905512445d8185489","name":"\u0430\u0434\u043c\u0438\u043d","image":{"@type":"ImageObject","inLanguage":"ru-RU","@id":"https:\/\/denizcankizil.tr\/#\/schema\/person\/image\/","url":"https:\/\/secure.gravatar.com\/avatar\/c1fce94c830dc79107e174f890d7210541c4a63e8e5d816341794a2151c9d58c?s=96&d=mm&r=g","contentUrl":"https:\/\/secure.gravatar.com\/avatar\/c1fce94c830dc79107e174f890d7210541c4a63e8e5d816341794a2151c9d58c?s=96&d=mm&r=g","caption":"admin"},"sameAs":["http:\/\/denizcankizil.tr"],"url":"https:\/\/www.iskenderun.org\/asdep-uzmanlari-aile-yili-vizyonunu-sekillendiriyor"}]}},"_links":{"self":[{"href":"https:\/\/denizcankizil.tr\/ru\/wp-json\/wp\/v2\/posts\/150999","targetHints":{"allow":["GET"]}}],"collection":[{"href":"https:\/\/denizcankizil.tr\/ru\/wp-json\/wp\/v2\/posts"}],"about":[{"href":"https:\/\/denizcankizil.tr\/ru\/wp-json\/wp\/v2\/types\/post"}],"author":[{"embeddable":true,"href":"https:\/\/denizcankizil.tr\/ru\/wp-json\/wp\/v2\/users\/1"}],"replies":[{"embeddable":true,"href":"https:\/\/denizcankizil.tr\/ru\/wp-json\/wp\/v2\/comments?post=150999"}],"version-history":[{"count":0,"href":"https:\/\/denizcankizil.tr\/ru\/wp-json\/wp\/v2\/posts\/150999\/revisions"}],"wp:attachment":[{"href":"https:\/\/denizcankizil.tr\/ru\/wp-json\/wp\/v2\/media?parent=150999"}],"wp:term":[{"taxonomy":"category","embeddable":true,"href":"https:\/\/denizcankizil.tr\/ru\/wp-json\/wp\/v2\/categories?post=150999"},{"taxonomy":"post_tag","embeddable":true,"href":"https:\/\/denizcankizil.tr\/ru\/wp-json\/wp\/v2\/tags?post=150999"}],"curies":[{"name":"wp","href":"https:\/\/api.w.org\/{rel}","templated":true}]}}