{"id":150820,"date":"2025-07-19T14:42:34","date_gmt":"2025-07-19T11:42:34","guid":{"rendered":"https:\/\/denizcankizil.tr\/uncategorized-tr\/iskenderun-millet-kutuphanesi-acilisa-hazir\/"},"modified":"2025-07-19T14:42:34","modified_gmt":"2025-07-19T11:42:34","slug":"iskenderun-millet-kutuphanesi-acilisa-hazir","status":"publish","type":"post","link":"https:\/\/denizcankizil.tr\/ru\/haberler\/gundem\/iskenderun-millet-kutuphanesi-acilisa-hazir\/","title":{"rendered":"\u0130skenderun Millet K\u00fct\u00fcphanesi A\u00e7\u0131l\u0131\u015fa Haz\u0131r"},"content":{"rendered":"<p>Hatay Valisi Mustafa Masatl\u0131, \u0130skenderun Kaymakam\u0131 Muhammet \u00d6nder&#8217;in e\u015fli\u011finde \u00e7a\u011f\u0131n ihtiya\u00e7lar\u0131na uygun \u015fekilde in\u015fa edilen modern k\u00fct\u00fcphanede incelemelerde bulundu. Y\u00fcr\u00fct\u00fclen \u00e7al\u0131\u015fmalar hakk\u0131nda yetkililerden bilgi alan Vali Masatl\u0131, k\u00fct\u00fcphanenin sadece kitaplarla de\u011fil, gelece\u011fe haz\u0131rlanan bireylerle dolaca\u011f\u0131n\u0131 vurgulad\u0131.<\/p>\n<p>Her ya\u015ftan bireyin faydalanabilece\u011fi \u015fekilde tasarlanan ve bir <strong>k\u00fclt\u00fcr kompleksi<\/strong> niteli\u011fi ta\u015f\u0131yan \u0130skenderun Millet K\u00fct\u00fcphanesi\u2019nde S\u00fcreli Yay\u0131nlar Salonu, \u00c7ocuk K\u00fct\u00fcphanesi 1, \u00c7ocuk K\u00fct\u00fcphanesi 2, Lobi, Kafeterya, Kitaps\u0131z Okuma Alan\u0131, Konferans Salonu, Cep Sinema, Dinlenme Odas\u0131, Galeri, K\u0131\u015f Bah\u00e7esi yer al\u0131yor.<\/p>\n<p>Zengin ar\u015fiviyle dikkat \u00e7eken k\u00fct\u00fcphane; <strong>klasik eserlerden bilimsel kaynaklara, \u00e7ocuk kitaplar\u0131ndan modern edebiyata kadar<\/strong> geni\u015f bir i\u00e7erikle okuyuculara hizmet verecek. Projenin, Hatay\u2019da k\u00fclt\u00fcrel hayat\u0131 canland\u0131rmas\u0131n\u0131n yan\u0131 s\u0131ra bilgiye eri\u015fimi kolayla\u015ft\u0131rarak e\u011fitim hayat\u0131na da katk\u0131 sa\u011flamas\u0131 bekleniyor. \u0130skenderun Millet K\u00fct\u00fcphanesi, k\u0131sa s\u00fcre i\u00e7inde d\u00fczenlenecek t\u00f6renle resmen hizmete a\u00e7\u0131lacak.<\/p>\n<p><img decoding=\"async\" alt=\"1Xmmqq4 Bv2 A B5 F6 P.mp4 Snapshot 00.48.014\" class=\"detail-photo img-fluid lazyload\" height=\"1080\" data-src=\"https:\/\/iskenderunorg.teimg.com\/iskenderun-org\/uploads\/2025\/07\/2025\/07\/1xmmqq4-bv2-a-b5-f6-pmp4-snapshot-0048014.jpg\" width=\"1920\" src=\"data:image\/svg+xml;base64,PHN2ZyB3aWR0aD0iMSIgaGVpZ2h0PSIxIiB4bWxucz0iaHR0cDovL3d3dy53My5vcmcvMjAwMC9zdmciPjwvc3ZnPg==\" style=\"--smush-placeholder-width: 1920px; --smush-placeholder-aspect-ratio: 1920\/1080;\" \/><img decoding=\"async\" alt=\"1Xmmqq4 Bv2 A B5 F6 P.mp4 Snapshot 00.24.007\" class=\"detail-photo img-fluid lazyload\" height=\"1080\" data-src=\"https:\/\/iskenderunorg.teimg.com\/iskenderun-org\/uploads\/2025\/07\/2025\/07\/1xmmqq4-bv2-a-b5-f6-pmp4-snapshot-0024007.jpg\" width=\"1920\" src=\"data:image\/svg+xml;base64,PHN2ZyB3aWR0aD0iMSIgaGVpZ2h0PSIxIiB4bWxucz0iaHR0cDovL3d3dy53My5vcmcvMjAwMC9zdmciPjwvc3ZnPg==\" style=\"--smush-placeholder-width: 1920px; --smush-placeholder-aspect-ratio: 1920\/1080;\" \/><img decoding=\"async\" alt=\"1Xmmqq4 Bv2 A B5 F6 P.mp4 Snapshot 00.36.002\" class=\"detail-photo img-fluid lazyload\" height=\"1080\" data-src=\"https:\/\/iskenderunorg.teimg.com\/iskenderun-org\/uploads\/2025\/07\/2025\/07\/1xmmqq4-bv2-a-b5-f6-pmp4-snapshot-0036002.jpg\" width=\"1920\" src=\"data:image\/svg+xml;base64,PHN2ZyB3aWR0aD0iMSIgaGVpZ2h0PSIxIiB4bWxucz0iaHR0cDovL3d3dy53My5vcmcvMjAwMC9zdmciPjwvc3ZnPg==\" style=\"--smush-placeholder-width: 1920px; --smush-placeholder-aspect-ratio: 1920\/1080;\" \/><img decoding=\"async\" alt=\"1Xmmqq4 Bv2 A B5 F6 P.mp4 Snapshot 00.42.008\" class=\"detail-photo img-fluid lazyload\" height=\"1080\" data-src=\"https:\/\/iskenderunorg.teimg.com\/iskenderun-org\/uploads\/2025\/07\/2025\/07\/1xmmqq4-bv2-a-b5-f6-pmp4-snapshot-0042008.jpg\" width=\"1920\" src=\"data:image\/svg+xml;base64,PHN2ZyB3aWR0aD0iMSIgaGVpZ2h0PSIxIiB4bWxucz0iaHR0cDovL3d3dy53My5vcmcvMjAwMC9zdmciPjwvc3ZnPg==\" style=\"--smush-placeholder-width: 1920px; --smush-placeholder-aspect-ratio: 1920\/1080;\" \/><img decoding=\"async\" alt=\"1Xmmqq4 Bv2 A B5 F6 P.mp4 Snapshot 00.00.000\" class=\"detail-photo img-fluid lazyload\" height=\"1080\" data-src=\"https:\/\/iskenderunorg.teimg.com\/iskenderun-org\/uploads\/2025\/07\/2025\/07\/1xmmqq4-bv2-a-b5-f6-pmp4-snapshot-0000000.jpg\" width=\"1920\" src=\"data:image\/svg+xml;base64,PHN2ZyB3aWR0aD0iMSIgaGVpZ2h0PSIxIiB4bWxucz0iaHR0cDovL3d3dy53My5vcmcvMjAwMC9zdmciPjwvc3ZnPg==\" style=\"--smush-placeholder-width: 1920px; --smush-placeholder-aspect-ratio: 1920\/1080;\" \/><\/p>\n<p>\u200bHatay\u2019da vatanda\u015flar\u0131n sosyal ve k\u00fclt\u00fcrel ya\u015fam\u0131na katk\u0131 sa\u011flayacak projelerden biri olan \u0130skenderun\u2019da yap\u0131m\u0131 tamamlanan \u2018\u0130l\u00e7e Millet K\u00fct\u00fcphanesi\u2019 \u00e7ok yak\u0131nda kap\u0131lar\u0131n\u0131 kitapseverler ile kullan\u0131c\u0131lar\u0131na a\u00e7maya haz\u0131rlan\u0131yor.\u00a0<\/p>\n<p>\u200bHaberin Al\u0131nt\u0131land\u0131\u011f\u0131 Kaynak: www.iskenderun.org<\/p>","protected":false},"excerpt":{"rendered":"<p>Hatay Valisi Mustafa Masatl\u0131, \u0130skenderun Kaymakam\u0131 Muhammet \u00d6nder&#8217;in e\u015fli\u011finde \u00e7a\u011f\u0131n ihtiya\u00e7lar\u0131na uygun \u015fekilde in\u015fa edilen modern k\u00fct\u00fcphanede incelemelerde bulundu. Y\u00fcr\u00fct\u00fclen \u00e7al\u0131\u015fmalar hakk\u0131nda yetkililerden bilgi alan Vali Masatl\u0131, k\u00fct\u00fcphanenin sadece kitaplarla de\u011fil, gelece\u011fe haz\u0131rlanan bireylerle dolaca\u011f\u0131n\u0131 vurgulad\u0131. Her ya\u015ftan bireyin faydalanabilece\u011fi \u015fekilde tasarlanan ve bir k\u00fclt\u00fcr kompleksi niteli\u011fi ta\u015f\u0131yan \u0130skenderun Millet K\u00fct\u00fcphanesi\u2019nde S\u00fcreli Yay\u0131nlar Salonu, \u00c7ocuk K\u00fct\u00fcphanesi 1, \u00c7ocuk K\u00fct\u00fcphanesi 2, Lobi, Kafeterya, Kitaps\u0131z Okuma Alan\u0131, Konferans Salonu, Cep Sinema, Dinlenme Odas\u0131, Galeri, K\u0131\u015f Bah\u00e7esi yer al\u0131yor. Zengin ar\u015fiviyle dikkat \u00e7eken k\u00fct\u00fcphane; klasik eserlerden bilimsel kaynaklara, \u00e7ocuk kitaplar\u0131ndan modern edebiyata kadar geni\u015f bir i\u00e7erikle okuyuculara hizmet verecek. Projenin, Hatay\u2019da k\u00fclt\u00fcrel hayat\u0131 canland\u0131rmas\u0131n\u0131n yan\u0131 s\u0131ra bilgiye eri\u015fimi kolayla\u015ft\u0131rarak e\u011fitim hayat\u0131na da katk\u0131 sa\u011flamas\u0131 bekleniyor. \u0130skenderun Millet K\u00fct\u00fcphanesi, k\u0131sa s\u00fcre i\u00e7inde d\u00fczenlenecek t\u00f6renle resmen hizmete a\u00e7\u0131lacak. \u200bHatay\u2019da vatanda\u015flar\u0131n sosyal ve k\u00fclt\u00fcrel ya\u015fam\u0131na katk\u0131 sa\u011flayacak projelerden biri olan \u0130skenderun\u2019da yap\u0131m\u0131 tamamlanan \u2018\u0130l\u00e7e Millet K\u00fct\u00fcphanesi\u2019 \u00e7ok yak\u0131nda kap\u0131lar\u0131n\u0131 kitapseverler ile kullan\u0131c\u0131lar\u0131na a\u00e7maya haz\u0131rlan\u0131yor.\u00a0 \u200bHaberin Al\u0131nt\u0131land\u0131\u011f\u0131 Kaynak: www.iskenderun.org<\/p>","protected":false},"author":1,"featured_media":0,"comment_status":"","ping_status":"open","sticky":false,"template":"","format":"standard","meta":{"_acf_changed":false,"footnotes":""},"categories":[24],"tags":[],"class_list":["post-150820","post","type-post","status-publish","format-standard","has-post-thumbnail","hentry","category-gundem"],"acf":[],"yoast_head":"<!-- This site is optimized with the Yoast SEO Premium plugin v26.6 (Yoast SEO v27.1.1) - https:\/\/yoast.com\/product\/yoast-seo-premium-wordpress\/ -->\n<title>\u0130skenderun Millet K\u00fct\u00fcphanesi A\u00e7\u0131l\u0131\u015fa Haz\u0131r - Av. Deniz Can K\u0131z\u0131l<\/title>\n<meta name=\"robots\" content=\"index, follow, max-snippet:-1, max-image-preview:large, max-video-preview:-1\" \/>\n<link rel=\"canonical\" href=\"http:\/\/denizcankizil.tr\/ru\/haberler\/gundem\/iskenderun-millet-kutuphanesi-acilisa-hazir\/\" \/>\n<meta property=\"og:locale\" content=\"ru_RU\" \/>\n<meta property=\"og:type\" content=\"article\" \/>\n<meta property=\"og:title\" content=\"\u0130skenderun Millet K\u00fct\u00fcphanesi A\u00e7\u0131l\u0131\u015fa Haz\u0131r\" \/>\n<meta property=\"og:description\" content=\"Hatay Valisi Mustafa Masatl\u0131, \u0130skenderun Kaymakam\u0131 Muhammet \u00d6nder&#8217;in e\u015fli\u011finde \u00e7a\u011f\u0131n ihtiya\u00e7lar\u0131na uygun \u015fekilde in\u015fa edilen modern k\u00fct\u00fcphanede incelemelerde bulundu. Y\u00fcr\u00fct\u00fclen \u00e7al\u0131\u015fmalar hakk\u0131nda yetkililerden bilgi alan Vali Masatl\u0131, k\u00fct\u00fcphanenin sadece kitaplarla de\u011fil, gelece\u011fe haz\u0131rlanan bireylerle dolaca\u011f\u0131n\u0131 vurgulad\u0131. Her ya\u015ftan bireyin faydalanabilece\u011fi \u015fekilde tasarlanan ve bir k\u00fclt\u00fcr kompleksi niteli\u011fi ta\u015f\u0131yan \u0130skenderun Millet K\u00fct\u00fcphanesi\u2019nde S\u00fcreli Yay\u0131nlar Salonu, \u00c7ocuk K\u00fct\u00fcphanesi 1, \u00c7ocuk K\u00fct\u00fcphanesi 2, Lobi, Kafeterya, Kitaps\u0131z Okuma Alan\u0131, Konferans Salonu, Cep Sinema, Dinlenme Odas\u0131, Galeri, K\u0131\u015f Bah\u00e7esi yer al\u0131yor. Zengin ar\u015fiviyle dikkat \u00e7eken k\u00fct\u00fcphane; klasik eserlerden bilimsel kaynaklara, \u00e7ocuk kitaplar\u0131ndan modern edebiyata kadar geni\u015f bir i\u00e7erikle okuyuculara hizmet verecek. Projenin, Hatay\u2019da k\u00fclt\u00fcrel hayat\u0131 canland\u0131rmas\u0131n\u0131n yan\u0131 s\u0131ra bilgiye eri\u015fimi kolayla\u015ft\u0131rarak e\u011fitim hayat\u0131na da katk\u0131 sa\u011flamas\u0131 bekleniyor. \u0130skenderun Millet K\u00fct\u00fcphanesi, k\u0131sa s\u00fcre i\u00e7inde d\u00fczenlenecek t\u00f6renle resmen hizmete a\u00e7\u0131lacak. \u200bHatay\u2019da vatanda\u015flar\u0131n sosyal ve k\u00fclt\u00fcrel ya\u015fam\u0131na katk\u0131 sa\u011flayacak projelerden biri olan \u0130skenderun\u2019da yap\u0131m\u0131 tamamlanan \u2018\u0130l\u00e7e Millet K\u00fct\u00fcphanesi\u2019 \u00e7ok yak\u0131nda kap\u0131lar\u0131n\u0131 kitapseverler ile kullan\u0131c\u0131lar\u0131na a\u00e7maya haz\u0131rlan\u0131yor.\u00a0 \u200bHaberin Al\u0131nt\u0131land\u0131\u011f\u0131 Kaynak: www.iskenderun.org\" \/>\n<meta property=\"og:url\" content=\"http:\/\/denizcankizil.tr\/ru\/haberler\/gundem\/iskenderun-millet-kutuphanesi-acilisa-hazir\/\" \/>\n<meta property=\"og:site_name\" content=\"Av. Deniz Can K\u0131z\u0131l\" \/>\n<meta property=\"article:published_time\" content=\"2025-07-19T11:42:34+00:00\" \/>\n<meta property=\"og:image\" content=\"https:\/\/iskenderunorg.teimg.com\/iskenderun-org\/uploads\/2025\/07\/2025\/07\/1xmmqq4-bv2-a-b5-f6-pmp4-snapshot-0048014.jpg\" \/>\n<meta name=\"author\" content=\"admin\" \/>\n<meta name=\"twitter:card\" content=\"summary_large_image\" \/>\n<meta name=\"twitter:label1\" content=\"\u041d\u0430\u043f\u0438\u0441\u0430\u043d\u043e \u0430\u0432\u0442\u043e\u0440\u043e\u043c\" \/>\n\t<meta name=\"twitter:data1\" content=\"admin\" \/>\n\t<meta name=\"twitter:label2\" content=\"\u041f\u0440\u0438\u043c\u0435\u0440\u043d\u043e\u0435 \u0432\u0440\u0435\u043c\u044f \u0434\u043b\u044f \u0447\u0442\u0435\u043d\u0438\u044f\" \/>\n\t<meta name=\"twitter:data2\" content=\"1 \u043c\u0438\u043d\u0443\u0442\u0430\" \/>\n<script type=\"application\/ld+json\" class=\"yoast-schema-graph\">{\"@context\":\"https:\/\/schema.org\",\"@graph\":[{\"@type\":\"Article\",\"@id\":\"http:\/\/denizcankizil.tr\/en\/haberler\/gundem\/iskenderun-millet-kutuphanesi-acilisa-hazir\/#article\",\"isPartOf\":{\"@id\":\"http:\/\/denizcankizil.tr\/en\/haberler\/gundem\/iskenderun-millet-kutuphanesi-acilisa-hazir\/\"},\"author\":{\"name\":\"admin\",\"@id\":\"https:\/\/denizcankizil.tr\/de\/#\/schema\/person\/be3c05fe6a12686905512445d8185489\"},\"headline\":\"\u0130skenderun Millet K\u00fct\u00fcphanesi A\u00e7\u0131l\u0131\u015fa Haz\u0131r\",\"datePublished\":\"2025-07-19T11:42:34+00:00\",\"mainEntityOfPage\":{\"@id\":\"http:\/\/denizcankizil.tr\/en\/haberler\/gundem\/iskenderun-millet-kutuphanesi-acilisa-hazir\/\"},\"wordCount\":250,\"publisher\":{\"@id\":\"https:\/\/denizcankizil.tr\/de\/#organization\"},\"image\":{\"@id\":\"http:\/\/denizcankizil.tr\/en\/haberler\/gundem\/iskenderun-millet-kutuphanesi-acilisa-hazir\/#primaryimage\"},\"thumbnailUrl\":\"https:\/\/iskenderunorg.teimg.com\/iskenderun-org\/uploads\/2025\/07\/2025\/07\/1xmmqq4-bv2-a-b5-f6-pmp4-snapshot-0048014.jpg\",\"articleSection\":[\"G\u00fcndem\"],\"inLanguage\":\"ru-RU\"},{\"@type\":\"WebPage\",\"@id\":\"http:\/\/denizcankizil.tr\/en\/haberler\/gundem\/iskenderun-millet-kutuphanesi-acilisa-hazir\/\",\"url\":\"http:\/\/denizcankizil.tr\/en\/haberler\/gundem\/iskenderun-millet-kutuphanesi-acilisa-hazir\/\",\"name\":\"\u0130skenderun Millet K\u00fct\u00fcphanesi A\u00e7\u0131l\u0131\u015fa Haz\u0131r - Av. Deniz Can K\u0131z\u0131l\",\"isPartOf\":{\"@id\":\"https:\/\/denizcankizil.tr\/de\/#website\"},\"primaryImageOfPage\":{\"@id\":\"http:\/\/denizcankizil.tr\/en\/haberler\/gundem\/iskenderun-millet-kutuphanesi-acilisa-hazir\/#primaryimage\"},\"image\":{\"@id\":\"http:\/\/denizcankizil.tr\/en\/haberler\/gundem\/iskenderun-millet-kutuphanesi-acilisa-hazir\/#primaryimage\"},\"thumbnailUrl\":\"https:\/\/iskenderunorg.teimg.com\/iskenderun-org\/uploads\/2025\/07\/2025\/07\/1xmmqq4-bv2-a-b5-f6-pmp4-snapshot-0048014.jpg\",\"datePublished\":\"2025-07-19T11:42:34+00:00\",\"breadcrumb\":{\"@id\":\"http:\/\/denizcankizil.tr\/en\/haberler\/gundem\/iskenderun-millet-kutuphanesi-acilisa-hazir\/#breadcrumb\"},\"inLanguage\":\"ru-RU\",\"potentialAction\":[{\"@type\":\"ReadAction\",\"target\":[\"http:\/\/denizcankizil.tr\/en\/haberler\/gundem\/iskenderun-millet-kutuphanesi-acilisa-hazir\/\"]}]},{\"@type\":\"ImageObject\",\"inLanguage\":\"ru-RU\",\"@id\":\"http:\/\/denizcankizil.tr\/en\/haberler\/gundem\/iskenderun-millet-kutuphanesi-acilisa-hazir\/#primaryimage\",\"url\":\"https:\/\/iskenderunorg.teimg.com\/iskenderun-org\/uploads\/2025\/07\/2025\/07\/1xmmqq4-bv2-a-b5-f6-pmp4-snapshot-0048014.jpg\",\"contentUrl\":\"https:\/\/iskenderunorg.teimg.com\/iskenderun-org\/uploads\/2025\/07\/2025\/07\/1xmmqq4-bv2-a-b5-f6-pmp4-snapshot-0048014.jpg\"},{\"@type\":\"BreadcrumbList\",\"@id\":\"http:\/\/denizcankizil.tr\/en\/haberler\/gundem\/iskenderun-millet-kutuphanesi-acilisa-hazir\/#breadcrumb\",\"itemListElement\":[{\"@type\":\"ListItem\",\"position\":1,\"name\":\"Home\",\"item\":\"https:\/\/denizcankizil.tr\/de\/\"},{\"@type\":\"ListItem\",\"position\":2,\"name\":\"\u0130skenderun Millet K\u00fct\u00fcphanesi A\u00e7\u0131l\u0131\u015fa Haz\u0131r\"}]},{\"@type\":\"WebSite\",\"@id\":\"https:\/\/denizcankizil.tr\/de\/#website\",\"url\":\"https:\/\/denizcankizil.tr\/de\/\",\"name\":\"Av. Deniz Can K\u0131z\u0131l\",\"description\":\"Avukat Deniz Can K\u0131z\u0131l Antalya Barosu\",\"publisher\":{\"@id\":\"https:\/\/denizcankizil.tr\/de\/#organization\"},\"potentialAction\":[{\"@type\":\"SearchAction\",\"target\":{\"@type\":\"EntryPoint\",\"urlTemplate\":\"https:\/\/denizcankizil.tr\/de\/?s={search_term_string}\"},\"query-input\":{\"@type\":\"PropertyValueSpecification\",\"valueRequired\":true,\"valueName\":\"search_term_string\"}}],\"inLanguage\":\"ru-RU\"},{\"@type\":\"Organization\",\"@id\":\"https:\/\/denizcankizil.tr\/de\/#organization\",\"name\":\"Av. Deniz Can K\u0131z\u0131l\",\"url\":\"https:\/\/denizcankizil.tr\/de\/\",\"logo\":{\"@type\":\"ImageObject\",\"inLanguage\":\"ru-RU\",\"@id\":\"https:\/\/denizcankizil.tr\/de\/#\/schema\/logo\/image\/\",\"url\":\"https:\/\/denizcankizil.tr\/wp-content\/uploads\/2024\/10\/siyah-logo-svg.svg\",\"contentUrl\":\"https:\/\/denizcankizil.tr\/wp-content\/uploads\/2024\/10\/siyah-logo-svg.svg\",\"width\":1080,\"height\":1080,\"caption\":\"Av. Deniz Can K\u0131z\u0131l\"},\"image\":{\"@id\":\"https:\/\/denizcankizil.tr\/de\/#\/schema\/logo\/image\/\"}},{\"@type\":\"Person\",\"@id\":\"https:\/\/denizcankizil.tr\/de\/#\/schema\/person\/be3c05fe6a12686905512445d8185489\",\"name\":\"admin\",\"image\":{\"@type\":\"ImageObject\",\"inLanguage\":\"ru-RU\",\"@id\":\"https:\/\/denizcankizil.tr\/de\/#\/schema\/person\/image\/\",\"url\":\"https:\/\/secure.gravatar.com\/avatar\/c1fce94c830dc79107e174f890d7210541c4a63e8e5d816341794a2151c9d58c?s=96&d=mm&r=g\",\"contentUrl\":\"https:\/\/secure.gravatar.com\/avatar\/c1fce94c830dc79107e174f890d7210541c4a63e8e5d816341794a2151c9d58c?s=96&d=mm&r=g\",\"caption\":\"admin\"},\"sameAs\":[\"http:\/\/denizcankizil.tr\"],\"url\":\"https:\/\/www.iskenderun.org\/iskenderun-millet-kutuphanesi-acilisa-hazir\"}]}<\/script>\n<!-- \/ Yoast SEO Premium plugin. -->","yoast_head_json":{"title":"\u0130skenderun Millet K\u00fct\u00fcphanesi A\u00e7\u0131l\u0131\u015fa Haz\u0131r - Av. Deniz Can K\u0131z\u0131l","robots":{"index":"index","follow":"follow","max-snippet":"max-snippet:-1","max-image-preview":"max-image-preview:large","max-video-preview":"max-video-preview:-1"},"canonical":"http:\/\/denizcankizil.tr\/ru\/haberler\/gundem\/iskenderun-millet-kutuphanesi-acilisa-hazir\/","og_locale":"ru_RU","og_type":"article","og_title":"\u0130skenderun Millet K\u00fct\u00fcphanesi A\u00e7\u0131l\u0131\u015fa Haz\u0131r","og_description":"Hatay Valisi Mustafa Masatl\u0131, \u0130skenderun Kaymakam\u0131 Muhammet \u00d6nder&#8217;in e\u015fli\u011finde \u00e7a\u011f\u0131n ihtiya\u00e7lar\u0131na uygun \u015fekilde in\u015fa edilen modern k\u00fct\u00fcphanede incelemelerde bulundu. Y\u00fcr\u00fct\u00fclen \u00e7al\u0131\u015fmalar hakk\u0131nda yetkililerden bilgi alan Vali Masatl\u0131, k\u00fct\u00fcphanenin sadece kitaplarla de\u011fil, gelece\u011fe haz\u0131rlanan bireylerle dolaca\u011f\u0131n\u0131 vurgulad\u0131. Her ya\u015ftan bireyin faydalanabilece\u011fi \u015fekilde tasarlanan ve bir k\u00fclt\u00fcr kompleksi niteli\u011fi ta\u015f\u0131yan \u0130skenderun Millet K\u00fct\u00fcphanesi\u2019nde S\u00fcreli Yay\u0131nlar Salonu, \u00c7ocuk K\u00fct\u00fcphanesi 1, \u00c7ocuk K\u00fct\u00fcphanesi 2, Lobi, Kafeterya, Kitaps\u0131z Okuma Alan\u0131, Konferans Salonu, Cep Sinema, Dinlenme Odas\u0131, Galeri, K\u0131\u015f Bah\u00e7esi yer al\u0131yor. Zengin ar\u015fiviyle dikkat \u00e7eken k\u00fct\u00fcphane; klasik eserlerden bilimsel kaynaklara, \u00e7ocuk kitaplar\u0131ndan modern edebiyata kadar geni\u015f bir i\u00e7erikle okuyuculara hizmet verecek. Projenin, Hatay\u2019da k\u00fclt\u00fcrel hayat\u0131 canland\u0131rmas\u0131n\u0131n yan\u0131 s\u0131ra bilgiye eri\u015fimi kolayla\u015ft\u0131rarak e\u011fitim hayat\u0131na da katk\u0131 sa\u011flamas\u0131 bekleniyor. \u0130skenderun Millet K\u00fct\u00fcphanesi, k\u0131sa s\u00fcre i\u00e7inde d\u00fczenlenecek t\u00f6renle resmen hizmete a\u00e7\u0131lacak. \u200bHatay\u2019da vatanda\u015flar\u0131n sosyal ve k\u00fclt\u00fcrel ya\u015fam\u0131na katk\u0131 sa\u011flayacak projelerden biri olan \u0130skenderun\u2019da yap\u0131m\u0131 tamamlanan \u2018\u0130l\u00e7e Millet K\u00fct\u00fcphanesi\u2019 \u00e7ok yak\u0131nda kap\u0131lar\u0131n\u0131 kitapseverler ile kullan\u0131c\u0131lar\u0131na a\u00e7maya haz\u0131rlan\u0131yor.\u00a0 \u200bHaberin Al\u0131nt\u0131land\u0131\u011f\u0131 Kaynak: www.iskenderun.org","og_url":"http:\/\/denizcankizil.tr\/ru\/haberler\/gundem\/iskenderun-millet-kutuphanesi-acilisa-hazir\/","og_site_name":"Av. Deniz Can K\u0131z\u0131l","article_published_time":"2025-07-19T11:42:34+00:00","og_image":[{"url":"https:\/\/iskenderunorg.teimg.com\/iskenderun-org\/uploads\/2025\/07\/2025\/07\/1xmmqq4-bv2-a-b5-f6-pmp4-snapshot-0048014.jpg","type":"","width":"","height":""}],"author":"admin","twitter_card":"summary_large_image","twitter_misc":{"\u041d\u0430\u043f\u0438\u0441\u0430\u043d\u043e \u0430\u0432\u0442\u043e\u0440\u043e\u043c":"admin","\u041f\u0440\u0438\u043c\u0435\u0440\u043d\u043e\u0435 \u0432\u0440\u0435\u043c\u044f \u0434\u043b\u044f \u0447\u0442\u0435\u043d\u0438\u044f":"1 \u043c\u0438\u043d\u0443\u0442\u0430"},"schema":{"@context":"https:\/\/schema.org","@graph":[{"@type":"Article","@id":"http:\/\/denizcankizil.tr\/en\/haberler\/gundem\/iskenderun-millet-kutuphanesi-acilisa-hazir\/#article","isPartOf":{"@id":"http:\/\/denizcankizil.tr\/en\/haberler\/gundem\/iskenderun-millet-kutuphanesi-acilisa-hazir\/"},"author":{"name":"admin","@id":"https:\/\/denizcankizil.tr\/de\/#\/schema\/person\/be3c05fe6a12686905512445d8185489"},"headline":"\u0130skenderun Millet K\u00fct\u00fcphanesi A\u00e7\u0131l\u0131\u015fa Haz\u0131r","datePublished":"2025-07-19T11:42:34+00:00","mainEntityOfPage":{"@id":"http:\/\/denizcankizil.tr\/en\/haberler\/gundem\/iskenderun-millet-kutuphanesi-acilisa-hazir\/"},"wordCount":250,"publisher":{"@id":"https:\/\/denizcankizil.tr\/de\/#organization"},"image":{"@id":"http:\/\/denizcankizil.tr\/en\/haberler\/gundem\/iskenderun-millet-kutuphanesi-acilisa-hazir\/#primaryimage"},"thumbnailUrl":"https:\/\/iskenderunorg.teimg.com\/iskenderun-org\/uploads\/2025\/07\/2025\/07\/1xmmqq4-bv2-a-b5-f6-pmp4-snapshot-0048014.jpg","articleSection":["G\u00fcndem"],"inLanguage":"ru-RU"},{"@type":"WebPage","@id":"http:\/\/denizcankizil.tr\/en\/haberler\/gundem\/iskenderun-millet-kutuphanesi-acilisa-hazir\/","url":"http:\/\/denizcankizil.tr\/en\/haberler\/gundem\/iskenderun-millet-kutuphanesi-acilisa-hazir\/","name":"\u0130skenderun Millet K\u00fct\u00fcphanesi A\u00e7\u0131l\u0131\u015fa Haz\u0131r - Av. Deniz Can K\u0131z\u0131l","isPartOf":{"@id":"https:\/\/denizcankizil.tr\/de\/#website"},"primaryImageOfPage":{"@id":"http:\/\/denizcankizil.tr\/en\/haberler\/gundem\/iskenderun-millet-kutuphanesi-acilisa-hazir\/#primaryimage"},"image":{"@id":"http:\/\/denizcankizil.tr\/en\/haberler\/gundem\/iskenderun-millet-kutuphanesi-acilisa-hazir\/#primaryimage"},"thumbnailUrl":"https:\/\/iskenderunorg.teimg.com\/iskenderun-org\/uploads\/2025\/07\/2025\/07\/1xmmqq4-bv2-a-b5-f6-pmp4-snapshot-0048014.jpg","datePublished":"2025-07-19T11:42:34+00:00","breadcrumb":{"@id":"http:\/\/denizcankizil.tr\/en\/haberler\/gundem\/iskenderun-millet-kutuphanesi-acilisa-hazir\/#breadcrumb"},"inLanguage":"ru-RU","potentialAction":[{"@type":"ReadAction","target":["http:\/\/denizcankizil.tr\/en\/haberler\/gundem\/iskenderun-millet-kutuphanesi-acilisa-hazir\/"]}]},{"@type":"ImageObject","inLanguage":"ru-RU","@id":"http:\/\/denizcankizil.tr\/en\/haberler\/gundem\/iskenderun-millet-kutuphanesi-acilisa-hazir\/#primaryimage","url":"https:\/\/iskenderunorg.teimg.com\/iskenderun-org\/uploads\/2025\/07\/2025\/07\/1xmmqq4-bv2-a-b5-f6-pmp4-snapshot-0048014.jpg","contentUrl":"https:\/\/iskenderunorg.teimg.com\/iskenderun-org\/uploads\/2025\/07\/2025\/07\/1xmmqq4-bv2-a-b5-f6-pmp4-snapshot-0048014.jpg"},{"@type":"BreadcrumbList","@id":"http:\/\/denizcankizil.tr\/en\/haberler\/gundem\/iskenderun-millet-kutuphanesi-acilisa-hazir\/#breadcrumb","itemListElement":[{"@type":"ListItem","position":1,"name":"Home","item":"https:\/\/denizcankizil.tr\/de\/"},{"@type":"ListItem","position":2,"name":"\u0130skenderun Millet K\u00fct\u00fcphanesi A\u00e7\u0131l\u0131\u015fa Haz\u0131r"}]},{"@type":"WebSite","@id":"https:\/\/denizcankizil.tr\/de\/#website","url":"https:\/\/denizcankizil.tr\/de\/","name":"Av. Deniz Can K\u0131z\u0131l","description":"Avukat Deniz Can K\u0131z\u0131l Antalya Barosu","publisher":{"@id":"https:\/\/denizcankizil.tr\/de\/#organization"},"potentialAction":[{"@type":"SearchAction","target":{"@type":"EntryPoint","urlTemplate":"https:\/\/denizcankizil.tr\/de\/?s={search_term_string}"},"query-input":{"@type":"PropertyValueSpecification","valueRequired":true,"valueName":"search_term_string"}}],"inLanguage":"ru-RU"},{"@type":"Organization","@id":"https:\/\/denizcankizil.tr\/de\/#organization","name":"Av. Deniz Can K\u0131z\u0131l","url":"https:\/\/denizcankizil.tr\/de\/","logo":{"@type":"ImageObject","inLanguage":"ru-RU","@id":"https:\/\/denizcankizil.tr\/de\/#\/schema\/logo\/image\/","url":"https:\/\/denizcankizil.tr\/wp-content\/uploads\/2024\/10\/siyah-logo-svg.svg","contentUrl":"https:\/\/denizcankizil.tr\/wp-content\/uploads\/2024\/10\/siyah-logo-svg.svg","width":1080,"height":1080,"caption":"Av. Deniz Can K\u0131z\u0131l"},"image":{"@id":"https:\/\/denizcankizil.tr\/de\/#\/schema\/logo\/image\/"}},{"@type":"Person","@id":"https:\/\/denizcankizil.tr\/de\/#\/schema\/person\/be3c05fe6a12686905512445d8185489","name":"\u0430\u0434\u043c\u0438\u043d","image":{"@type":"ImageObject","inLanguage":"ru-RU","@id":"https:\/\/denizcankizil.tr\/de\/#\/schema\/person\/image\/","url":"https:\/\/secure.gravatar.com\/avatar\/c1fce94c830dc79107e174f890d7210541c4a63e8e5d816341794a2151c9d58c?s=96&d=mm&r=g","contentUrl":"https:\/\/secure.gravatar.com\/avatar\/c1fce94c830dc79107e174f890d7210541c4a63e8e5d816341794a2151c9d58c?s=96&d=mm&r=g","caption":"admin"},"sameAs":["http:\/\/denizcankizil.tr"],"url":"https:\/\/www.iskenderun.org\/iskenderun-millet-kutuphanesi-acilisa-hazir"}]}},"_links":{"self":[{"href":"https:\/\/denizcankizil.tr\/ru\/wp-json\/wp\/v2\/posts\/150820","targetHints":{"allow":["GET"]}}],"collection":[{"href":"https:\/\/denizcankizil.tr\/ru\/wp-json\/wp\/v2\/posts"}],"about":[{"href":"https:\/\/denizcankizil.tr\/ru\/wp-json\/wp\/v2\/types\/post"}],"author":[{"embeddable":true,"href":"https:\/\/denizcankizil.tr\/ru\/wp-json\/wp\/v2\/users\/1"}],"replies":[{"embeddable":true,"href":"https:\/\/denizcankizil.tr\/ru\/wp-json\/wp\/v2\/comments?post=150820"}],"version-history":[{"count":0,"href":"https:\/\/denizcankizil.tr\/ru\/wp-json\/wp\/v2\/posts\/150820\/revisions"}],"wp:attachment":[{"href":"https:\/\/denizcankizil.tr\/ru\/wp-json\/wp\/v2\/media?parent=150820"}],"wp:term":[{"taxonomy":"category","embeddable":true,"href":"https:\/\/denizcankizil.tr\/ru\/wp-json\/wp\/v2\/categories?post=150820"},{"taxonomy":"post_tag","embeddable":true,"href":"https:\/\/denizcankizil.tr\/ru\/wp-json\/wp\/v2\/tags?post=150820"}],"curies":[{"name":"wp","href":"https:\/\/api.w.org\/{rel}","templated":true}]}}