{"id":150686,"date":"2025-07-19T12:41:15","date_gmt":"2025-07-19T09:41:15","guid":{"rendered":"https:\/\/denizcankizil.tr\/uncategorized-tr\/antalyasporda-riza-percin-donemi\/"},"modified":"2025-07-19T12:41:15","modified_gmt":"2025-07-19T09:41:15","slug":"antalyasporda-riza-percin-donemi","status":"publish","type":"post","link":"https:\/\/denizcankizil.tr\/ru\/haberler\/antalya\/antalyasporda-riza-percin-donemi\/","title":{"rendered":"Antalyaspor&#8217;da R\u0131za Per\u00e7in D\u00f6nemi"},"content":{"rendered":"<p>Antalyaspor&#8217;un Ola\u011fan\u00fcst\u00fc Genel Kurulu&#8217;nda, ba\u015fkanl\u0131\u011fa R\u0131za Per\u00e7in getirildi.<br \/>\nAntalyaspor&#8217;da Ola\u011fan\u00fcst\u00fc Genel Kurul ger\u00e7ekle\u015ftirildi. Atilla Vehbi Konuk Tesisleri&#8217;nde bulunan Suphi T\u00fcrel Kongre Merkezi&#8217;nde ger\u00e7ekle\u015ftirilen genel kurul, divan heyetinin olu\u015fturulmas\u0131 ile ba\u015flad\u0131. Divan Kurulu Kamile Y\u0131ld\u0131r\u0131m G\u00fclg\u00fcn ba\u015fkanl\u0131\u011f\u0131nda, Ali Topuz, Alper K\u00f6leo\u011flu, Da\u011flar Ek\u015fi ve Harun T\u00fcmer&#8217;den olu\u015ftu.<br \/>\nGenel Kurul, y\u00f6netim kurulu se\u00e7imi ile devam etti. R\u0131za Per\u00e7in ba\u015fkanl\u0131\u011f\u0131nda divan heyetine sunulan y\u00f6netim kurulu oybirli\u011fi ile kabul edildi. Se\u00e7imin ard\u0131ndan Antalyaspor Kul\u00fcb\u00fc Ba\u015fkan\u0131 Mustafa Erg\u00fcn bir konu\u015fma yapt\u0131. Yeni y\u00f6netim kurulunun zor bir g\u00f6reve talip oldu\u011funu belirten Erg\u00fcn, &#8220;Bug\u00fcne kadar oldu\u011fu gibi bundan sonra da t\u00fcm g\u00fcc\u00fcm\u00fcz\u00fc ve eme\u011fimizi Antalyaspor i\u00e7in harcamaya devam edece\u011fiz. Antalyaspor A\u015e&#8217;nin i\u00e7inde bulundu\u011fu durumun tespiti ve bu duruma nas\u0131l gelindi\u011finin de\u011ferlendirilmesinin yap\u0131lmas\u0131 son derece \u00f6nemli. Ne yaz\u0131k ki bir \u00f6nceki y\u00f6netim Antalyaspor&#8217;un bor\u00e7 y\u00fck\u00fcn\u00fc teslim ald\u0131\u011f\u0131 noktan\u0131n iki kat\u0131na \u00e7\u0131kararak b\u0131rakm\u0131\u015ft\u0131r. \u00d6nceki y\u00f6netim bug\u00fcn yapt\u0131\u011f\u0131m\u0131z genel kurul karar\u0131n\u0131 al\u0131rken dahi mali tablolar, bilan\u00e7olar ve hesaplar konusunda Antalyaspor A\u015e Genel Kurulu&#8217;nu bilgilendirme ihtiyac\u0131 bile hissetmemi\u015ftir. Gerek faaliyet raporu ve hesaplar konusu ile ilgili ibra maddeleri eklenmemi\u015ftir. Genel Kurul g\u00fcndemini bu \u015fekilde haz\u0131rlayan\u0131n eski y\u00f6netim oldu\u011funu belirtmek isterim. Anonim \u015eirketin \u00f6n\u00fcm\u00fczdeki g\u00fcnlerde yap\u0131lacak olan mali genel kurulunda ibra edilip edilmeyece\u011fi hususu ayr\u0131ca de\u011ferlendirilecektir&#8221; dedi.<\/p>\n<p>&#8220;Kul\u00fcb\u00fcm\u00fcze zarar verenleri uyar\u0131yorum&#8221;<br \/>\nZorlu g\u00fcnlerde yeni y\u00f6netimin olu\u015fmas\u0131 s\u00fcrecinde Antalyaspor&#8217;un \u00f6n\u00fcn\u00fcn kesilmeye \u00e7al\u0131\u015f\u0131ld\u0131\u011f\u0131n\u0131 belirten Erg\u00fcn, &#8220;Yeni y\u00f6netimin g\u00f6z\u00fcn\u00fc korkutmaya \u00e7al\u0131\u015fan, onlar\u0131 cayd\u0131rmaya u\u011fra\u015fan, hatta tehditvari yaz\u0131larla itibar suikast\u00e7ili\u011fi yapmaya \u00e7al\u0131\u015fanlara rastl\u0131yoruz. Antalyaspor&#8217;u d\u00fczl\u00fc\u011fe \u00e7\u0131karmaya u\u011fra\u015fmak yerine g\u00f6reve bile ba\u015flamam\u0131\u015f insanlar\u0131 cayd\u0131rmaya \u00e7al\u0131\u015fman\u0131n Antalyaspor&#8217;a zarar verdi\u011fi ortadad\u0131r. Bu ki\u015fileri ve bu ki\u015fileri finanse eden i\u015f insanlar\u0131n\u0131 iyi biliyoruz. Antalyaspor&#8217;un menfaatleri do\u011frultusunda bu s\u00f6zde Antalyasporlularla ilgili gerekli ad\u0131mlar\u0131n at\u0131laca\u011f\u0131n\u0131 bilmenizi isterim. Uyar\u0131 ad\u0131 alt\u0131nda Antalyaspor&#8217;umuza zarar veren kimseleri k\u0131n\u0131yor ve camiam\u0131z\u0131n takdirine sunuyorum. Kendilerini son kez uyar\u0131yorum. Antalyaspor ad\u0131yla prim yap\u0131p ayn\u0131 zamanda \u015fahsi menfaatleri i\u00e7in de kul\u00fcb\u00fcm\u00fcze zarar verenleri bu \u00e7at\u0131 alt\u0131nda bar\u0131nd\u0131rmayaca\u011f\u0131m\u0131 a\u00e7\u0131k\u00e7a ifade ediyorum. Antalyaspor bizim sevdam\u0131z. T\u00fcm bu engellemeler ve pa\u00e7adan \u00e7ekme \u00e7al\u0131\u015fmalar\u0131na ra\u011fmen biz Antalyaspor i\u00e7in \u00e7al\u0131\u015fmaya devam edece\u011fiz&#8221; ifadelerini kulland\u0131.<\/p>\n<p>&#8220;Antalyaspor \u00f6z evlad\u0131na emanet&#8221;<br \/>\nGenel kurulda son konu\u015fmay\u0131 ba\u015fkanl\u0131\u011fa se\u00e7ilen R\u0131za Per\u00e7in yapt\u0131. Per\u00e7in \u00e7ok a\u011f\u0131r bir y\u00fck ald\u0131klar\u0131n\u0131n fark\u0131nda olduklar\u0131n\u0131 belirterek, &#8220;15 g\u00fcnd\u00fcr \u00e7ok yol ald\u0131k. Hem de hi\u00e7 bir resmi yetkimiz olmamas\u0131na ra\u011fmen. Tak\u0131m\u0131m\u0131z kampta, hocam\u0131z d\u00f6nd\u00fc. 15 dosyan\u0131n 12&#8217;sini bug\u00fcn itibar\u0131 ile kapatt\u0131k. Bug\u00fcn \u00e7ok konu\u015fmak istemiyorum. Neler s\u00f6ylediler neler. Ancak bug\u00fcn bunun zaman\u0131 olmad\u0131\u011f\u0131n\u0131 d\u00fc\u015f\u00fcn\u00fcyoruz. Herkes yan\u0131m\u0131zda!&#8221; dedi. Antalya&#8217;n\u0131n \u00f6z evlad\u0131 oldu\u011funu s\u00f6yleyen Per\u00e7in, &#8220;Ba\u015fta Cumhurba\u015fkan\u0131m\u0131z Recep Tayyip Erdo\u011fan olmak \u00fczere K\u00fclt\u00fcr ve Turizm Bakan\u0131m\u0131z Mehmet Nuri Ersoy&#8217;a, Gen\u00e7lik ve Spor Bakan\u0131m\u0131z Dr. Osman A\u015fk\u0131n Bak&#8217;a, 15 g\u00fcnd\u00fcr bizi hi\u00e7 yaln\u0131z b\u0131rakmayan Valimiz Hulusi \u015eahin&#8217;e, Menderes T\u00fcrel&#8217;e ve birbirinden k\u0131ymetli i\u015f insanlar\u0131na \u00f6zellikle te\u015fekk\u00fcr ediyorum. Pazartesi bas\u0131n\u0131n kar\u015f\u0131s\u0131na \u00e7\u0131kaca\u011f\u0131z ve her t\u00fcrl\u00fc bilgiyi payla\u015faca\u011f\u0131z. Buras\u0131 \u00f6z evlatlar\u0131n\u0131n elinde. Genel Kurulumuz camiam\u0131za hay\u0131rl\u0131 olsun&#8221; \u015feklinde konu\u015ftu. Genel Kurul yap\u0131lan bu konu\u015fma ile sona erdi.<br \/>\nR\u0131za Per\u00e7in ba\u015fkanl\u0131\u011f\u0131nda olu\u015fturulan Antalyaspor y\u00f6netim kurulu ise \u015fu isimlerden olu\u015ftu:<br \/>\nR\u0131za Per\u00e7in, Hakan Kayaaras\u0131, Fatih Demirtop, Oktay Ar\u0131, Ali \u00c7an, Mehmet Bozta\u015f, Emrah \u00c7elik, Hakan Onay, Lokman Arslan, Sel\u00e7uk Kahraman, Mehmet Hasan G\u00fcneysu, B\u00fclent Kaya, Cesur Burak Akar, Mehmet Bora, Nail \u00d6zt\u00fcrk, Emir Ekmek\u00e7i, Cihat G\u00f6kalp, Serkan S\u00fcrer, Ali Alt\u0131nay, Nebi Erdemsoy, Haydar Ali Y\u0131ld\u0131r\u0131m, Medeni Korkut, Halil \u0130brahim \u00d6calan, Avni Ba\u011f\u00e7al\u0131, Bilal \u00d6zkan, \u00c7a\u011fda\u015f Uslu, Erkan Efeo\u011flu, Kemal Y\u0131lmaz ve Serdar Kaya<\/p>\n<p>Kaynak: www.kanalv.com.tr Haber Sitesinden Al\u0131nm\u0131\u015ft\u0131r.<\/p>","protected":false},"excerpt":{"rendered":"<p>Antalyaspor&#8217;un Ola\u011fan\u00fcst\u00fc Genel Kurulu&#8217;nda, ba\u015fkanl\u0131\u011fa R\u0131za Per\u00e7in getirildi. Antalyaspor&#8217;da Ola\u011fan\u00fcst\u00fc Genel Kurul ger\u00e7ekle\u015ftirildi. Atilla Vehbi Konuk Tesisleri&#8217;nde bulunan Suphi T\u00fcrel Kongre Merkezi&#8217;nde ger\u00e7ekle\u015ftirilen genel kurul, divan heyetinin olu\u015fturulmas\u0131 ile ba\u015flad\u0131. Divan Kurulu Kamile Y\u0131ld\u0131r\u0131m G\u00fclg\u00fcn ba\u015fkanl\u0131\u011f\u0131nda, Ali Topuz, Alper K\u00f6leo\u011flu, Da\u011flar Ek\u015fi ve Harun T\u00fcmer&#8217;den olu\u015ftu. Genel Kurul, y\u00f6netim kurulu se\u00e7imi ile devam etti. R\u0131za Per\u00e7in ba\u015fkanl\u0131\u011f\u0131nda divan heyetine sunulan y\u00f6netim kurulu oybirli\u011fi ile kabul edildi. Se\u00e7imin ard\u0131ndan Antalyaspor Kul\u00fcb\u00fc Ba\u015fkan\u0131 Mustafa Erg\u00fcn bir konu\u015fma yapt\u0131. Yeni y\u00f6netim kurulunun zor bir g\u00f6reve talip oldu\u011funu belirten Erg\u00fcn, &#8220;Bug\u00fcne kadar oldu\u011fu gibi bundan sonra da t\u00fcm g\u00fcc\u00fcm\u00fcz\u00fc ve eme\u011fimizi Antalyaspor i\u00e7in harcamaya devam edece\u011fiz. Antalyaspor A\u015e&#8217;nin i\u00e7inde bulundu\u011fu durumun tespiti ve bu duruma nas\u0131l gelindi\u011finin de\u011ferlendirilmesinin yap\u0131lmas\u0131 son derece \u00f6nemli. Ne yaz\u0131k ki bir \u00f6nceki y\u00f6netim Antalyaspor&#8217;un bor\u00e7 y\u00fck\u00fcn\u00fc teslim ald\u0131\u011f\u0131 noktan\u0131n iki kat\u0131na \u00e7\u0131kararak b\u0131rakm\u0131\u015ft\u0131r. \u00d6nceki y\u00f6netim bug\u00fcn yapt\u0131\u011f\u0131m\u0131z genel kurul karar\u0131n\u0131 al\u0131rken dahi mali tablolar, bilan\u00e7olar ve hesaplar konusunda Antalyaspor A\u015e Genel Kurulu&#8217;nu bilgilendirme ihtiyac\u0131 bile hissetmemi\u015ftir. Gerek faaliyet raporu ve hesaplar konusu ile ilgili ibra maddeleri eklenmemi\u015ftir. Genel Kurul g\u00fcndemini bu \u015fekilde haz\u0131rlayan\u0131n eski y\u00f6netim oldu\u011funu belirtmek isterim. Anonim \u015eirketin \u00f6n\u00fcm\u00fczdeki g\u00fcnlerde yap\u0131lacak olan mali genel kurulunda ibra edilip edilmeyece\u011fi hususu ayr\u0131ca de\u011ferlendirilecektir&#8221; dedi. &#8220;Kul\u00fcb\u00fcm\u00fcze zarar verenleri uyar\u0131yorum&#8221; Zorlu &hellip;<\/p>","protected":false},"author":4,"featured_media":150687,"comment_status":"","ping_status":"open","sticky":false,"template":"","format":"standard","meta":{"_acf_changed":false,"footnotes":""},"categories":[26],"tags":[],"class_list":["post-150686","post","type-post","status-publish","format-standard","has-post-thumbnail","hentry","category-antalya"],"acf":[],"yoast_head":"<!-- This site is optimized with the Yoast SEO Premium plugin v26.6 (Yoast SEO v27.1.1) - https:\/\/yoast.com\/product\/yoast-seo-premium-wordpress\/ -->\n<title>Antalyaspor&#039;da R\u0131za Per\u00e7in D\u00f6nemi - Av. Deniz Can K\u0131z\u0131l<\/title>\n<meta name=\"robots\" content=\"index, follow, max-snippet:-1, max-image-preview:large, max-video-preview:-1\" \/>\n<link rel=\"canonical\" href=\"https:\/\/denizcankizil.tr\/ru\/haberler\/antalya\/antalyasporda-riza-percin-donemi\/\" \/>\n<meta property=\"og:locale\" content=\"ru_RU\" \/>\n<meta property=\"og:type\" content=\"article\" \/>\n<meta property=\"og:title\" content=\"Antalyaspor&#039;da R\u0131za Per\u00e7in D\u00f6nemi\" \/>\n<meta property=\"og:description\" content=\"Antalyaspor&#8217;un Ola\u011fan\u00fcst\u00fc Genel Kurulu&#8217;nda, ba\u015fkanl\u0131\u011fa R\u0131za Per\u00e7in getirildi. Antalyaspor&#8217;da Ola\u011fan\u00fcst\u00fc Genel Kurul ger\u00e7ekle\u015ftirildi. Atilla Vehbi Konuk Tesisleri&#8217;nde bulunan Suphi T\u00fcrel Kongre Merkezi&#8217;nde ger\u00e7ekle\u015ftirilen genel kurul, divan heyetinin olu\u015fturulmas\u0131 ile ba\u015flad\u0131. Divan Kurulu Kamile Y\u0131ld\u0131r\u0131m G\u00fclg\u00fcn ba\u015fkanl\u0131\u011f\u0131nda, Ali Topuz, Alper K\u00f6leo\u011flu, Da\u011flar Ek\u015fi ve Harun T\u00fcmer&#8217;den olu\u015ftu. Genel Kurul, y\u00f6netim kurulu se\u00e7imi ile devam etti. R\u0131za Per\u00e7in ba\u015fkanl\u0131\u011f\u0131nda divan heyetine sunulan y\u00f6netim kurulu oybirli\u011fi ile kabul edildi. Se\u00e7imin ard\u0131ndan Antalyaspor Kul\u00fcb\u00fc Ba\u015fkan\u0131 Mustafa Erg\u00fcn bir konu\u015fma yapt\u0131. Yeni y\u00f6netim kurulunun zor bir g\u00f6reve talip oldu\u011funu belirten Erg\u00fcn, &#8220;Bug\u00fcne kadar oldu\u011fu gibi bundan sonra da t\u00fcm g\u00fcc\u00fcm\u00fcz\u00fc ve eme\u011fimizi Antalyaspor i\u00e7in harcamaya devam edece\u011fiz. Antalyaspor A\u015e&#8217;nin i\u00e7inde bulundu\u011fu durumun tespiti ve bu duruma nas\u0131l gelindi\u011finin de\u011ferlendirilmesinin yap\u0131lmas\u0131 son derece \u00f6nemli. Ne yaz\u0131k ki bir \u00f6nceki y\u00f6netim Antalyaspor&#8217;un bor\u00e7 y\u00fck\u00fcn\u00fc teslim ald\u0131\u011f\u0131 noktan\u0131n iki kat\u0131na \u00e7\u0131kararak b\u0131rakm\u0131\u015ft\u0131r. \u00d6nceki y\u00f6netim bug\u00fcn yapt\u0131\u011f\u0131m\u0131z genel kurul karar\u0131n\u0131 al\u0131rken dahi mali tablolar, bilan\u00e7olar ve hesaplar konusunda Antalyaspor A\u015e Genel Kurulu&#8217;nu bilgilendirme ihtiyac\u0131 bile hissetmemi\u015ftir. Gerek faaliyet raporu ve hesaplar konusu ile ilgili ibra maddeleri eklenmemi\u015ftir. Genel Kurul g\u00fcndemini bu \u015fekilde haz\u0131rlayan\u0131n eski y\u00f6netim oldu\u011funu belirtmek isterim. Anonim \u015eirketin \u00f6n\u00fcm\u00fczdeki g\u00fcnlerde yap\u0131lacak olan mali genel kurulunda ibra edilip edilmeyece\u011fi hususu ayr\u0131ca de\u011ferlendirilecektir&#8221; dedi. &#8220;Kul\u00fcb\u00fcm\u00fcze zarar verenleri uyar\u0131yorum&#8221; Zorlu &hellip;\" \/>\n<meta property=\"og:url\" content=\"https:\/\/denizcankizil.tr\/ru\/haberler\/antalya\/antalyasporda-riza-percin-donemi\/\" \/>\n<meta property=\"og:site_name\" content=\"Av. Deniz Can K\u0131z\u0131l\" \/>\n<meta property=\"article:published_time\" content=\"2025-07-19T09:41:15+00:00\" \/>\n<meta property=\"og:image\" content=\"https:\/\/denizcankizil.tr\/wp-content\/uploads\/2025\/07\/web-gorsel-boyut-26-1-bupGh5.png\" \/>\n\t<meta property=\"og:image:width\" content=\"1280\" \/>\n\t<meta property=\"og:image:height\" content=\"720\" \/>\n\t<meta property=\"og:image:type\" content=\"image\/png\" \/>\n<meta name=\"author\" content=\"Av. Deniz Can K\u0131z\u0131l\" \/>\n<meta name=\"twitter:card\" content=\"summary_large_image\" \/>\n<meta name=\"twitter:label1\" content=\"\u041d\u0430\u043f\u0438\u0441\u0430\u043d\u043e \u0430\u0432\u0442\u043e\u0440\u043e\u043c\" \/>\n\t<meta name=\"twitter:data1\" content=\"Av. Deniz Can K\u0131z\u0131l\" \/>\n\t<meta name=\"twitter:label2\" content=\"\u041f\u0440\u0438\u043c\u0435\u0440\u043d\u043e\u0435 \u0432\u0440\u0435\u043c\u044f \u0434\u043b\u044f \u0447\u0442\u0435\u043d\u0438\u044f\" \/>\n\t<meta name=\"twitter:data2\" content=\"4 \u043c\u0438\u043d\u0443\u0442\u044b\" \/>\n<script type=\"application\/ld+json\" class=\"yoast-schema-graph\">{\"@context\":\"https:\/\/schema.org\",\"@graph\":[{\"@type\":\"Article\",\"@id\":\"https:\/\/denizcankizil.tr\/ru\/haberler\/antalya\/antalyasporda-riza-percin-donemi\/#article\",\"isPartOf\":{\"@id\":\"https:\/\/denizcankizil.tr\/ru\/haberler\/antalya\/antalyasporda-riza-percin-donemi\/\"},\"author\":{\"name\":\"Av. Deniz Can K\u0131z\u0131l\",\"@id\":\"https:\/\/denizcankizil.tr\/#\/schema\/person\/5dc1b22991bd7ac833867c10afc9b0ff\"},\"headline\":\"Antalyaspor&#8217;da R\u0131za Per\u00e7in D\u00f6nemi\",\"datePublished\":\"2025-07-19T09:41:15+00:00\",\"mainEntityOfPage\":{\"@id\":\"https:\/\/denizcankizil.tr\/ru\/haberler\/antalya\/antalyasporda-riza-percin-donemi\/\"},\"wordCount\":832,\"publisher\":{\"@id\":\"https:\/\/denizcankizil.tr\/#organization\"},\"image\":{\"@id\":\"https:\/\/denizcankizil.tr\/ru\/haberler\/antalya\/antalyasporda-riza-percin-donemi\/#primaryimage\"},\"thumbnailUrl\":\"https:\/\/denizcankizil.tr\/wp-content\/uploads\/2025\/07\/web-gorsel-boyut-26-1-bupGh5.png\",\"articleSection\":[\"Antalya\"],\"inLanguage\":\"ru-RU\"},{\"@type\":\"WebPage\",\"@id\":\"https:\/\/denizcankizil.tr\/ru\/haberler\/antalya\/antalyasporda-riza-percin-donemi\/\",\"url\":\"https:\/\/denizcankizil.tr\/ru\/haberler\/antalya\/antalyasporda-riza-percin-donemi\/\",\"name\":\"Antalyaspor'da R\u0131za Per\u00e7in D\u00f6nemi - Av. Deniz Can K\u0131z\u0131l\",\"isPartOf\":{\"@id\":\"https:\/\/denizcankizil.tr\/#website\"},\"primaryImageOfPage\":{\"@id\":\"https:\/\/denizcankizil.tr\/ru\/haberler\/antalya\/antalyasporda-riza-percin-donemi\/#primaryimage\"},\"image\":{\"@id\":\"https:\/\/denizcankizil.tr\/ru\/haberler\/antalya\/antalyasporda-riza-percin-donemi\/#primaryimage\"},\"thumbnailUrl\":\"https:\/\/denizcankizil.tr\/wp-content\/uploads\/2025\/07\/web-gorsel-boyut-26-1-bupGh5.png\",\"datePublished\":\"2025-07-19T09:41:15+00:00\",\"breadcrumb\":{\"@id\":\"https:\/\/denizcankizil.tr\/ru\/haberler\/antalya\/antalyasporda-riza-percin-donemi\/#breadcrumb\"},\"inLanguage\":\"ru-RU\",\"potentialAction\":[{\"@type\":\"ReadAction\",\"target\":[\"https:\/\/denizcankizil.tr\/ru\/haberler\/antalya\/antalyasporda-riza-percin-donemi\/\"]}]},{\"@type\":\"ImageObject\",\"inLanguage\":\"ru-RU\",\"@id\":\"https:\/\/denizcankizil.tr\/ru\/haberler\/antalya\/antalyasporda-riza-percin-donemi\/#primaryimage\",\"url\":\"https:\/\/denizcankizil.tr\/wp-content\/uploads\/2025\/07\/web-gorsel-boyut-26-1-bupGh5.png\",\"contentUrl\":\"https:\/\/denizcankizil.tr\/wp-content\/uploads\/2025\/07\/web-gorsel-boyut-26-1-bupGh5.png\",\"width\":1280,\"height\":720},{\"@type\":\"BreadcrumbList\",\"@id\":\"https:\/\/denizcankizil.tr\/ru\/haberler\/antalya\/antalyasporda-riza-percin-donemi\/#breadcrumb\",\"itemListElement\":[{\"@type\":\"ListItem\",\"position\":1,\"name\":\"Home\",\"item\":\"https:\/\/denizcankizil.tr\/de\/\"},{\"@type\":\"ListItem\",\"position\":2,\"name\":\"Antalyaspor&#8217;da R\u0131za Per\u00e7in D\u00f6nemi\"}]},{\"@type\":\"WebSite\",\"@id\":\"https:\/\/denizcankizil.tr\/#website\",\"url\":\"https:\/\/denizcankizil.tr\/\",\"name\":\"Av. Deniz Can K\u0131z\u0131l\",\"description\":\"Avukat Deniz Can K\u0131z\u0131l Antalya Barosu\",\"publisher\":{\"@id\":\"https:\/\/denizcankizil.tr\/#organization\"},\"potentialAction\":[{\"@type\":\"SearchAction\",\"target\":{\"@type\":\"EntryPoint\",\"urlTemplate\":\"https:\/\/denizcankizil.tr\/?s={search_term_string}\"},\"query-input\":{\"@type\":\"PropertyValueSpecification\",\"valueRequired\":true,\"valueName\":\"search_term_string\"}}],\"inLanguage\":\"ru-RU\"},{\"@type\":\"Organization\",\"@id\":\"https:\/\/denizcankizil.tr\/#organization\",\"name\":\"Av. Deniz Can K\u0131z\u0131l\",\"url\":\"https:\/\/denizcankizil.tr\/\",\"logo\":{\"@type\":\"ImageObject\",\"inLanguage\":\"ru-RU\",\"@id\":\"https:\/\/denizcankizil.tr\/#\/schema\/logo\/image\/\",\"url\":\"https:\/\/denizcankizil.tr\/wp-content\/uploads\/2024\/10\/siyah-logo-svg.svg\",\"contentUrl\":\"https:\/\/denizcankizil.tr\/wp-content\/uploads\/2024\/10\/siyah-logo-svg.svg\",\"width\":1080,\"height\":1080,\"caption\":\"Av. Deniz Can K\u0131z\u0131l\"},\"image\":{\"@id\":\"https:\/\/denizcankizil.tr\/#\/schema\/logo\/image\/\"}},{\"@type\":\"Person\",\"@id\":\"https:\/\/denizcankizil.tr\/#\/schema\/person\/5dc1b22991bd7ac833867c10afc9b0ff\",\"name\":\"Av. Deniz Can K\u0131z\u0131l\",\"image\":{\"@type\":\"ImageObject\",\"inLanguage\":\"ru-RU\",\"@id\":\"https:\/\/denizcankizil.tr\/#\/schema\/person\/image\/\",\"url\":\"https:\/\/secure.gravatar.com\/avatar\/a0b128fb9855c79efc976d5640eedb31dc35ec297594d6016d2cf7c60e975bb6?s=96&d=mm&r=g\",\"contentUrl\":\"https:\/\/secure.gravatar.com\/avatar\/a0b128fb9855c79efc976d5640eedb31dc35ec297594d6016d2cf7c60e975bb6?s=96&d=mm&r=g\",\"caption\":\"Av. Deniz Can K\u0131z\u0131l\"},\"sameAs\":[\"http:\/\/www.denizcankizil.tr\"],\"url\":\"https:\/\/denizcankizil.tr\/ru\/author\/denizcankizil\/\"}]}<\/script>\n<!-- \/ Yoast SEO Premium plugin. -->","yoast_head_json":{"title":"Antalyaspor'da R\u0131za Per\u00e7in D\u00f6nemi - Av. Deniz Can K\u0131z\u0131l","robots":{"index":"index","follow":"follow","max-snippet":"max-snippet:-1","max-image-preview":"max-image-preview:large","max-video-preview":"max-video-preview:-1"},"canonical":"https:\/\/denizcankizil.tr\/ru\/haberler\/antalya\/antalyasporda-riza-percin-donemi\/","og_locale":"ru_RU","og_type":"article","og_title":"Antalyaspor'da R\u0131za Per\u00e7in D\u00f6nemi","og_description":"Antalyaspor&#8217;un Ola\u011fan\u00fcst\u00fc Genel Kurulu&#8217;nda, ba\u015fkanl\u0131\u011fa R\u0131za Per\u00e7in getirildi. Antalyaspor&#8217;da Ola\u011fan\u00fcst\u00fc Genel Kurul ger\u00e7ekle\u015ftirildi. Atilla Vehbi Konuk Tesisleri&#8217;nde bulunan Suphi T\u00fcrel Kongre Merkezi&#8217;nde ger\u00e7ekle\u015ftirilen genel kurul, divan heyetinin olu\u015fturulmas\u0131 ile ba\u015flad\u0131. Divan Kurulu Kamile Y\u0131ld\u0131r\u0131m G\u00fclg\u00fcn ba\u015fkanl\u0131\u011f\u0131nda, Ali Topuz, Alper K\u00f6leo\u011flu, Da\u011flar Ek\u015fi ve Harun T\u00fcmer&#8217;den olu\u015ftu. Genel Kurul, y\u00f6netim kurulu se\u00e7imi ile devam etti. R\u0131za Per\u00e7in ba\u015fkanl\u0131\u011f\u0131nda divan heyetine sunulan y\u00f6netim kurulu oybirli\u011fi ile kabul edildi. Se\u00e7imin ard\u0131ndan Antalyaspor Kul\u00fcb\u00fc Ba\u015fkan\u0131 Mustafa Erg\u00fcn bir konu\u015fma yapt\u0131. Yeni y\u00f6netim kurulunun zor bir g\u00f6reve talip oldu\u011funu belirten Erg\u00fcn, &#8220;Bug\u00fcne kadar oldu\u011fu gibi bundan sonra da t\u00fcm g\u00fcc\u00fcm\u00fcz\u00fc ve eme\u011fimizi Antalyaspor i\u00e7in harcamaya devam edece\u011fiz. Antalyaspor A\u015e&#8217;nin i\u00e7inde bulundu\u011fu durumun tespiti ve bu duruma nas\u0131l gelindi\u011finin de\u011ferlendirilmesinin yap\u0131lmas\u0131 son derece \u00f6nemli. Ne yaz\u0131k ki bir \u00f6nceki y\u00f6netim Antalyaspor&#8217;un bor\u00e7 y\u00fck\u00fcn\u00fc teslim ald\u0131\u011f\u0131 noktan\u0131n iki kat\u0131na \u00e7\u0131kararak b\u0131rakm\u0131\u015ft\u0131r. \u00d6nceki y\u00f6netim bug\u00fcn yapt\u0131\u011f\u0131m\u0131z genel kurul karar\u0131n\u0131 al\u0131rken dahi mali tablolar, bilan\u00e7olar ve hesaplar konusunda Antalyaspor A\u015e Genel Kurulu&#8217;nu bilgilendirme ihtiyac\u0131 bile hissetmemi\u015ftir. Gerek faaliyet raporu ve hesaplar konusu ile ilgili ibra maddeleri eklenmemi\u015ftir. Genel Kurul g\u00fcndemini bu \u015fekilde haz\u0131rlayan\u0131n eski y\u00f6netim oldu\u011funu belirtmek isterim. Anonim \u015eirketin \u00f6n\u00fcm\u00fczdeki g\u00fcnlerde yap\u0131lacak olan mali genel kurulunda ibra edilip edilmeyece\u011fi hususu ayr\u0131ca de\u011ferlendirilecektir&#8221; dedi. &#8220;Kul\u00fcb\u00fcm\u00fcze zarar verenleri uyar\u0131yorum&#8221; Zorlu &hellip;","og_url":"https:\/\/denizcankizil.tr\/ru\/haberler\/antalya\/antalyasporda-riza-percin-donemi\/","og_site_name":"Av. Deniz Can K\u0131z\u0131l","article_published_time":"2025-07-19T09:41:15+00:00","og_image":[{"width":1280,"height":720,"url":"https:\/\/denizcankizil.tr\/wp-content\/uploads\/2025\/07\/web-gorsel-boyut-26-1-bupGh5.png","type":"image\/png"}],"author":"Av. Deniz Can K\u0131z\u0131l","twitter_card":"summary_large_image","twitter_misc":{"\u041d\u0430\u043f\u0438\u0441\u0430\u043d\u043e \u0430\u0432\u0442\u043e\u0440\u043e\u043c":"Av. Deniz Can K\u0131z\u0131l","\u041f\u0440\u0438\u043c\u0435\u0440\u043d\u043e\u0435 \u0432\u0440\u0435\u043c\u044f \u0434\u043b\u044f \u0447\u0442\u0435\u043d\u0438\u044f":"4 \u043c\u0438\u043d\u0443\u0442\u044b"},"schema":{"@context":"https:\/\/schema.org","@graph":[{"@type":"Article","@id":"https:\/\/denizcankizil.tr\/ru\/haberler\/antalya\/antalyasporda-riza-percin-donemi\/#article","isPartOf":{"@id":"https:\/\/denizcankizil.tr\/ru\/haberler\/antalya\/antalyasporda-riza-percin-donemi\/"},"author":{"name":"Av. Deniz Can K\u0131z\u0131l","@id":"https:\/\/denizcankizil.tr\/#\/schema\/person\/5dc1b22991bd7ac833867c10afc9b0ff"},"headline":"Antalyaspor&#8217;da R\u0131za Per\u00e7in D\u00f6nemi","datePublished":"2025-07-19T09:41:15+00:00","mainEntityOfPage":{"@id":"https:\/\/denizcankizil.tr\/ru\/haberler\/antalya\/antalyasporda-riza-percin-donemi\/"},"wordCount":832,"publisher":{"@id":"https:\/\/denizcankizil.tr\/#organization"},"image":{"@id":"https:\/\/denizcankizil.tr\/ru\/haberler\/antalya\/antalyasporda-riza-percin-donemi\/#primaryimage"},"thumbnailUrl":"https:\/\/denizcankizil.tr\/wp-content\/uploads\/2025\/07\/web-gorsel-boyut-26-1-bupGh5.png","articleSection":["Antalya"],"inLanguage":"ru-RU"},{"@type":"WebPage","@id":"https:\/\/denizcankizil.tr\/ru\/haberler\/antalya\/antalyasporda-riza-percin-donemi\/","url":"https:\/\/denizcankizil.tr\/ru\/haberler\/antalya\/antalyasporda-riza-percin-donemi\/","name":"Antalyaspor'da R\u0131za Per\u00e7in D\u00f6nemi - Av. Deniz Can K\u0131z\u0131l","isPartOf":{"@id":"https:\/\/denizcankizil.tr\/#website"},"primaryImageOfPage":{"@id":"https:\/\/denizcankizil.tr\/ru\/haberler\/antalya\/antalyasporda-riza-percin-donemi\/#primaryimage"},"image":{"@id":"https:\/\/denizcankizil.tr\/ru\/haberler\/antalya\/antalyasporda-riza-percin-donemi\/#primaryimage"},"thumbnailUrl":"https:\/\/denizcankizil.tr\/wp-content\/uploads\/2025\/07\/web-gorsel-boyut-26-1-bupGh5.png","datePublished":"2025-07-19T09:41:15+00:00","breadcrumb":{"@id":"https:\/\/denizcankizil.tr\/ru\/haberler\/antalya\/antalyasporda-riza-percin-donemi\/#breadcrumb"},"inLanguage":"ru-RU","potentialAction":[{"@type":"ReadAction","target":["https:\/\/denizcankizil.tr\/ru\/haberler\/antalya\/antalyasporda-riza-percin-donemi\/"]}]},{"@type":"ImageObject","inLanguage":"ru-RU","@id":"https:\/\/denizcankizil.tr\/ru\/haberler\/antalya\/antalyasporda-riza-percin-donemi\/#primaryimage","url":"https:\/\/denizcankizil.tr\/wp-content\/uploads\/2025\/07\/web-gorsel-boyut-26-1-bupGh5.png","contentUrl":"https:\/\/denizcankizil.tr\/wp-content\/uploads\/2025\/07\/web-gorsel-boyut-26-1-bupGh5.png","width":1280,"height":720},{"@type":"BreadcrumbList","@id":"https:\/\/denizcankizil.tr\/ru\/haberler\/antalya\/antalyasporda-riza-percin-donemi\/#breadcrumb","itemListElement":[{"@type":"ListItem","position":1,"name":"Home","item":"https:\/\/denizcankizil.tr\/de\/"},{"@type":"ListItem","position":2,"name":"Antalyaspor&#8217;da R\u0131za Per\u00e7in D\u00f6nemi"}]},{"@type":"WebSite","@id":"https:\/\/denizcankizil.tr\/#website","url":"https:\/\/denizcankizil.tr\/","name":"Av. Deniz Can K\u0131z\u0131l","description":"Avukat Deniz Can K\u0131z\u0131l Antalya Barosu","publisher":{"@id":"https:\/\/denizcankizil.tr\/#organization"},"potentialAction":[{"@type":"SearchAction","target":{"@type":"EntryPoint","urlTemplate":"https:\/\/denizcankizil.tr\/?s={search_term_string}"},"query-input":{"@type":"PropertyValueSpecification","valueRequired":true,"valueName":"search_term_string"}}],"inLanguage":"ru-RU"},{"@type":"Organization","@id":"https:\/\/denizcankizil.tr\/#organization","name":"Av. Deniz Can K\u0131z\u0131l","url":"https:\/\/denizcankizil.tr\/","logo":{"@type":"ImageObject","inLanguage":"ru-RU","@id":"https:\/\/denizcankizil.tr\/#\/schema\/logo\/image\/","url":"https:\/\/denizcankizil.tr\/wp-content\/uploads\/2024\/10\/siyah-logo-svg.svg","contentUrl":"https:\/\/denizcankizil.tr\/wp-content\/uploads\/2024\/10\/siyah-logo-svg.svg","width":1080,"height":1080,"caption":"Av. Deniz Can K\u0131z\u0131l"},"image":{"@id":"https:\/\/denizcankizil.tr\/#\/schema\/logo\/image\/"}},{"@type":"Person","@id":"https:\/\/denizcankizil.tr\/#\/schema\/person\/5dc1b22991bd7ac833867c10afc9b0ff","name":"Av. Deniz Can K\u0131z\u0131l","image":{"@type":"ImageObject","inLanguage":"ru-RU","@id":"https:\/\/denizcankizil.tr\/#\/schema\/person\/image\/","url":"https:\/\/secure.gravatar.com\/avatar\/a0b128fb9855c79efc976d5640eedb31dc35ec297594d6016d2cf7c60e975bb6?s=96&d=mm&r=g","contentUrl":"https:\/\/secure.gravatar.com\/avatar\/a0b128fb9855c79efc976d5640eedb31dc35ec297594d6016d2cf7c60e975bb6?s=96&d=mm&r=g","caption":"Av. Deniz Can K\u0131z\u0131l"},"sameAs":["http:\/\/www.denizcankizil.tr"],"url":"https:\/\/denizcankizil.tr\/ru\/author\/denizcankizil\/"}]}},"_links":{"self":[{"href":"https:\/\/denizcankizil.tr\/ru\/wp-json\/wp\/v2\/posts\/150686","targetHints":{"allow":["GET"]}}],"collection":[{"href":"https:\/\/denizcankizil.tr\/ru\/wp-json\/wp\/v2\/posts"}],"about":[{"href":"https:\/\/denizcankizil.tr\/ru\/wp-json\/wp\/v2\/types\/post"}],"author":[{"embeddable":true,"href":"https:\/\/denizcankizil.tr\/ru\/wp-json\/wp\/v2\/users\/4"}],"replies":[{"embeddable":true,"href":"https:\/\/denizcankizil.tr\/ru\/wp-json\/wp\/v2\/comments?post=150686"}],"version-history":[{"count":0,"href":"https:\/\/denizcankizil.tr\/ru\/wp-json\/wp\/v2\/posts\/150686\/revisions"}],"wp:featuredmedia":[{"embeddable":true,"href":"https:\/\/denizcankizil.tr\/ru\/wp-json\/wp\/v2\/media\/150687"}],"wp:attachment":[{"href":"https:\/\/denizcankizil.tr\/ru\/wp-json\/wp\/v2\/media?parent=150686"}],"wp:term":[{"taxonomy":"category","embeddable":true,"href":"https:\/\/denizcankizil.tr\/ru\/wp-json\/wp\/v2\/categories?post=150686"},{"taxonomy":"post_tag","embeddable":true,"href":"https:\/\/denizcankizil.tr\/ru\/wp-json\/wp\/v2\/tags?post=150686"}],"curies":[{"name":"wp","href":"https:\/\/api.w.org\/{rel}","templated":true}]}}