{"id":15036,"date":"2024-11-09T21:41:56","date_gmt":"2024-11-09T18:41:56","guid":{"rendered":"https:\/\/denizcankizil.tr\/uncategorized-tr\/alanya-universitesi-ataturku-andi\/"},"modified":"2024-11-09T21:41:56","modified_gmt":"2024-11-09T18:41:56","slug":"alanya-universitesi-ataturku-andi","status":"publish","type":"post","link":"https:\/\/denizcankizil.tr\/ru\/haberler\/gundem\/alanya-universitesi-ataturku-andi\/","title":{"rendered":"Alanya \u00dcniversitesi Atat\u00fcrk\u2019\u00fc and\u0131"},"content":{"rendered":"<p>Alanya \u00dcniversitesi \u015eebnem K\u00f6seo\u011flu Konferans Salonu\u2019nda Atat\u00fcrk i\u00e7in anma t\u00f6reni d\u00fczenlendi. T\u00f6rende, Atat\u00fcrk\u2019\u00fcn miras\u0131, devrimleri ve T\u00fcrkiye\u2019ye kazand\u0131rd\u0131\u011f\u0131 \u00e7a\u011fda\u015f de\u011ferler \u00fczerine konu\u015fmalar ger\u00e7ekle\u015ftirildi. Program\u0131n a\u00e7\u0131l\u0131\u015f konu\u015fmas\u0131n\u0131 yapan Alanya \u00dcniversitesi Rekt\u00f6r Yard\u0131mc\u0131s\u0131 Prof. Dr. Mehmet Yaz\u0131c\u0131, &#8220;Bug\u00fcn, Cumhuriyetimizin kurucusu, Gazi Mustafa Kemal Atat\u00fcrk\u2019\u00fcn aram\u0131zdan ayr\u0131l\u0131\u015f\u0131n\u0131n 86. y\u0131l d\u00f6n\u00fcm\u00fcnde, onu bir kez daha sevgi, sayg\u0131, minnet ve \u00f6zlemle an\u0131yoruz\u201d dedi.<\/p>\n<p>\u00c7A\u011eDA\u015e, B\u0130L\u0130MSEL E\u011e\u0130T\u0130M<\/p>\n<p>Yaz\u0131c\u0131, konu\u015fmas\u0131n\u0131n devam\u0131nda, \u201cAtat\u00fcrk, sadece T\u00fcrk milletinin kurtar\u0131c\u0131s\u0131 ve Cumhuriyetimizin lideri de\u011fil, ayn\u0131 zamanda e\u011fitimde, bilimde, \u00e7a\u011fda\u015fla\u015fmada, kad\u0131n\u0131n toplumdaki yerinde ve hukukta getirdi\u011fi reformlar ile de d\u00fcnya \u00e7ap\u0131nda da b\u00fcy\u00fck bir liderdir. Bu liderlik perspektifi ile Atat\u00fcrk\u2019\u00fcn \u00e7izdi\u011fi yolda \u00fcniversitemizde, Atat\u00fcrk&#8217;\u00fcn fikirlerinden ilham alarak gen\u00e7lerimizi \u00e7a\u011fda\u015f, bilimin \u0131\u015f\u0131\u011f\u0131nda b\u00fcy\u00fcyen, Cumhuriyetimizin de\u011ferlerini ve Atat\u00fcrk\u2019\u00fcn ilkelerini benimsemi\u015f bireyler olarak yeti\u015ftirmek ve amac\u0131na s\u0131k\u0131 s\u0131k\u0131ya ba\u011fl\u0131y\u0131z. Onun, &#8216;D\u00fcnyada her \u015fey i\u00e7in, medeniyet i\u00e7in, hayat i\u00e7in, muvaffakiyet i\u00e7in en hakiki m\u00fcr\u015fit ilimdir, fendir. \u0130lim ve fennin haricinde m\u00fcr\u015fit aramak gaflettir, cehalettir, dalalettir&#8217; s\u00f6z\u00fcnden hareketle, bilimi, akl\u0131 ve \u00f6zg\u00fcr d\u00fc\u015f\u00fcnmeyi her zaman \u00f6n planda tutaca\u011f\u0131m\u0131za bir kez daha ant i\u00e7iyoruz. Atat\u00fcrk, bilim ve e\u011fitim alan\u0131nda ger\u00e7ekle\u015ftirdi\u011fi devrimlerle sadece T\u00fcrkiye\u2019ye de\u011fil, t\u00fcm insanl\u0131\u011fa y\u00f6n vermi\u015ftir\u201d dedi.<\/p>\n<p>EN \u00d6NEML\u0130 M\u0130RAS<\/p>\n<p>Yaz\u0131c\u0131 konu\u015fmas\u0131n\u0131 \u015f\u00f6yle bitirdi: \u201cOnun bize b\u0131rakt\u0131\u011f\u0131 en \u00f6nemli miraslardan birisi de, e\u011fitimde f\u0131rsat e\u015fitli\u011fi, bilimsel d\u00fc\u015f\u00fcncenin yayg\u0131nla\u015fmas\u0131 ve her bireyin insan haklar\u0131na sayg\u0131 g\u00f6sterdi\u011fi bir toplumdur. De\u011ferli arkada\u015flar\u0131m, sevgili \u00f6\u011frenciler ve k\u0131ymetli misafirler, bug\u00fcn hep birlikte, Atat\u00fcrk\u2019\u00fc anarken, onun fikirlerini ve bizlere emanet etti\u011fi Cumhuriyeti ilelebet ya\u015fatmay\u0131 bir kez daha taahh\u00fct ediyoruz. Bu yolda, ba\u015fta Cumhuriyetimizin kurucusu Gazi Mustafa Kemal Atat\u00fcrk olmak \u00fczere, t\u00fcm \u015fehitlerimizi rahmet ve minnetle an\u0131yor, bu topraklarda huzur i\u00e7inde ya\u015famam\u0131z\u0131 sa\u011flayan t\u00fcm kahramanlar\u0131m\u0131za \u015f\u00fckranlar\u0131m\u0131z\u0131 sunuyoruz. Ruhun \u015fad olsun\u201d.<\/p>\n<p>\u200bAlanya \u00dcniversitesi, T\u00fcrkiye Cumhuriyeti\u2019nin kurucusu Gazi Mustafa Kemal Atat\u00fcrk\u2019\u00fc 86. \u00f6l\u00fcm y\u0131l d\u00f6n\u00fcm\u00fcnde t\u00f6renle and\u0131.\u00a0<\/p>\n<p>\u200bHaberin Al\u0131nt\u0131land\u0131\u011f\u0131 Kaynak: www.antalyakorfez.com<\/p>","protected":false},"excerpt":{"rendered":"<p>Alanya \u00dcniversitesi \u015eebnem K\u00f6seo\u011flu Konferans Salonu\u2019nda Atat\u00fcrk i\u00e7in anma t\u00f6reni d\u00fczenlendi. T\u00f6rende, Atat\u00fcrk\u2019\u00fcn miras\u0131, devrimleri ve T\u00fcrkiye\u2019ye kazand\u0131rd\u0131\u011f\u0131 \u00e7a\u011fda\u015f de\u011ferler \u00fczerine konu\u015fmalar ger\u00e7ekle\u015ftirildi. Program\u0131n a\u00e7\u0131l\u0131\u015f konu\u015fmas\u0131n\u0131 yapan Alanya \u00dcniversitesi Rekt\u00f6r Yard\u0131mc\u0131s\u0131 Prof. Dr. Mehmet Yaz\u0131c\u0131, &#8220;Bug\u00fcn, Cumhuriyetimizin kurucusu, Gazi Mustafa Kemal Atat\u00fcrk\u2019\u00fcn aram\u0131zdan ayr\u0131l\u0131\u015f\u0131n\u0131n 86. y\u0131l d\u00f6n\u00fcm\u00fcnde, onu bir kez daha sevgi, sayg\u0131, minnet ve \u00f6zlemle an\u0131yoruz\u201d dedi. \u00c7A\u011eDA\u015e, B\u0130L\u0130MSEL E\u011e\u0130T\u0130M Yaz\u0131c\u0131, konu\u015fmas\u0131n\u0131n devam\u0131nda, \u201cAtat\u00fcrk, sadece T\u00fcrk milletinin kurtar\u0131c\u0131s\u0131 ve Cumhuriyetimizin lideri de\u011fil, ayn\u0131 zamanda e\u011fitimde, bilimde, \u00e7a\u011fda\u015fla\u015fmada, kad\u0131n\u0131n toplumdaki yerinde ve hukukta getirdi\u011fi reformlar ile de d\u00fcnya \u00e7ap\u0131nda da b\u00fcy\u00fck bir liderdir. Bu liderlik perspektifi ile Atat\u00fcrk\u2019\u00fcn \u00e7izdi\u011fi yolda \u00fcniversitemizde, Atat\u00fcrk&#8217;\u00fcn fikirlerinden ilham alarak gen\u00e7lerimizi \u00e7a\u011fda\u015f, bilimin \u0131\u015f\u0131\u011f\u0131nda b\u00fcy\u00fcyen, Cumhuriyetimizin de\u011ferlerini ve Atat\u00fcrk\u2019\u00fcn ilkelerini benimsemi\u015f bireyler olarak yeti\u015ftirmek ve amac\u0131na s\u0131k\u0131 s\u0131k\u0131ya ba\u011fl\u0131y\u0131z. Onun, &#8216;D\u00fcnyada her \u015fey i\u00e7in, medeniyet i\u00e7in, hayat i\u00e7in, muvaffakiyet i\u00e7in en hakiki m\u00fcr\u015fit ilimdir, fendir. \u0130lim ve fennin haricinde m\u00fcr\u015fit aramak gaflettir, cehalettir, dalalettir&#8217; s\u00f6z\u00fcnden hareketle, bilimi, akl\u0131 ve \u00f6zg\u00fcr d\u00fc\u015f\u00fcnmeyi her zaman \u00f6n planda tutaca\u011f\u0131m\u0131za bir kez daha ant i\u00e7iyoruz. Atat\u00fcrk, bilim ve e\u011fitim alan\u0131nda ger\u00e7ekle\u015ftirdi\u011fi devrimlerle sadece T\u00fcrkiye\u2019ye de\u011fil, t\u00fcm insanl\u0131\u011fa y\u00f6n vermi\u015ftir\u201d dedi. EN \u00d6NEML\u0130 M\u0130RAS Yaz\u0131c\u0131 konu\u015fmas\u0131n\u0131 \u015f\u00f6yle bitirdi: \u201cOnun bize b\u0131rakt\u0131\u011f\u0131 en \u00f6nemli miraslardan birisi de, e\u011fitimde f\u0131rsat e\u015fitli\u011fi, bilimsel &hellip;<\/p>","protected":false},"author":0,"featured_media":0,"comment_status":"open","ping_status":"open","sticky":false,"template":"","format":"standard","meta":{"_acf_changed":false,"footnotes":""},"categories":[24,535],"tags":[],"class_list":["post-15036","post","type-post","status-publish","format-standard","has-post-thumbnail","hentry","category-gundem","category-uncategorized-tr"],"acf":[],"yoast_head":"<!-- This site is optimized with the Yoast SEO Premium plugin v26.6 (Yoast SEO v27.1.1) - https:\/\/yoast.com\/product\/yoast-seo-premium-wordpress\/ -->\n<title>Alanya \u00dcniversitesi Atat\u00fcrk\u2019\u00fc and\u0131 - Av. Deniz Can K\u0131z\u0131l<\/title>\n<meta name=\"robots\" content=\"index, follow, max-snippet:-1, max-image-preview:large, max-video-preview:-1\" \/>\n<link rel=\"canonical\" href=\"https:\/\/denizcankizil.tr\/ru\/haberler\/gundem\/alanya-universitesi-ataturku-andi\/\" \/>\n<meta property=\"og:locale\" content=\"ru_RU\" \/>\n<meta property=\"og:type\" content=\"article\" \/>\n<meta property=\"og:title\" content=\"Alanya \u00dcniversitesi Atat\u00fcrk\u2019\u00fc and\u0131\" \/>\n<meta property=\"og:description\" content=\"Alanya \u00dcniversitesi \u015eebnem K\u00f6seo\u011flu Konferans Salonu\u2019nda Atat\u00fcrk i\u00e7in anma t\u00f6reni d\u00fczenlendi. T\u00f6rende, Atat\u00fcrk\u2019\u00fcn miras\u0131, devrimleri ve T\u00fcrkiye\u2019ye kazand\u0131rd\u0131\u011f\u0131 \u00e7a\u011fda\u015f de\u011ferler \u00fczerine konu\u015fmalar ger\u00e7ekle\u015ftirildi. Program\u0131n a\u00e7\u0131l\u0131\u015f konu\u015fmas\u0131n\u0131 yapan Alanya \u00dcniversitesi Rekt\u00f6r Yard\u0131mc\u0131s\u0131 Prof. Dr. Mehmet Yaz\u0131c\u0131, &#8220;Bug\u00fcn, Cumhuriyetimizin kurucusu, Gazi Mustafa Kemal Atat\u00fcrk\u2019\u00fcn aram\u0131zdan ayr\u0131l\u0131\u015f\u0131n\u0131n 86. y\u0131l d\u00f6n\u00fcm\u00fcnde, onu bir kez daha sevgi, sayg\u0131, minnet ve \u00f6zlemle an\u0131yoruz\u201d dedi. \u00c7A\u011eDA\u015e, B\u0130L\u0130MSEL E\u011e\u0130T\u0130M Yaz\u0131c\u0131, konu\u015fmas\u0131n\u0131n devam\u0131nda, \u201cAtat\u00fcrk, sadece T\u00fcrk milletinin kurtar\u0131c\u0131s\u0131 ve Cumhuriyetimizin lideri de\u011fil, ayn\u0131 zamanda e\u011fitimde, bilimde, \u00e7a\u011fda\u015fla\u015fmada, kad\u0131n\u0131n toplumdaki yerinde ve hukukta getirdi\u011fi reformlar ile de d\u00fcnya \u00e7ap\u0131nda da b\u00fcy\u00fck bir liderdir. Bu liderlik perspektifi ile Atat\u00fcrk\u2019\u00fcn \u00e7izdi\u011fi yolda \u00fcniversitemizde, Atat\u00fcrk&#8217;\u00fcn fikirlerinden ilham alarak gen\u00e7lerimizi \u00e7a\u011fda\u015f, bilimin \u0131\u015f\u0131\u011f\u0131nda b\u00fcy\u00fcyen, Cumhuriyetimizin de\u011ferlerini ve Atat\u00fcrk\u2019\u00fcn ilkelerini benimsemi\u015f bireyler olarak yeti\u015ftirmek ve amac\u0131na s\u0131k\u0131 s\u0131k\u0131ya ba\u011fl\u0131y\u0131z. Onun, &#8216;D\u00fcnyada her \u015fey i\u00e7in, medeniyet i\u00e7in, hayat i\u00e7in, muvaffakiyet i\u00e7in en hakiki m\u00fcr\u015fit ilimdir, fendir. \u0130lim ve fennin haricinde m\u00fcr\u015fit aramak gaflettir, cehalettir, dalalettir&#8217; s\u00f6z\u00fcnden hareketle, bilimi, akl\u0131 ve \u00f6zg\u00fcr d\u00fc\u015f\u00fcnmeyi her zaman \u00f6n planda tutaca\u011f\u0131m\u0131za bir kez daha ant i\u00e7iyoruz. Atat\u00fcrk, bilim ve e\u011fitim alan\u0131nda ger\u00e7ekle\u015ftirdi\u011fi devrimlerle sadece T\u00fcrkiye\u2019ye de\u011fil, t\u00fcm insanl\u0131\u011fa y\u00f6n vermi\u015ftir\u201d dedi. EN \u00d6NEML\u0130 M\u0130RAS Yaz\u0131c\u0131 konu\u015fmas\u0131n\u0131 \u015f\u00f6yle bitirdi: \u201cOnun bize b\u0131rakt\u0131\u011f\u0131 en \u00f6nemli miraslardan birisi de, e\u011fitimde f\u0131rsat e\u015fitli\u011fi, bilimsel &hellip;\" \/>\n<meta property=\"og:url\" content=\"https:\/\/denizcankizil.tr\/ru\/haberler\/gundem\/alanya-universitesi-ataturku-andi\/\" \/>\n<meta property=\"og:site_name\" content=\"Av. Deniz Can K\u0131z\u0131l\" \/>\n<meta property=\"article:published_time\" content=\"2024-11-09T18:41:56+00:00\" \/>\n<meta name=\"twitter:card\" content=\"summary_large_image\" \/>\n<meta name=\"twitter:label1\" content=\"\u041f\u0440\u0438\u043c\u0435\u0440\u043d\u043e\u0435 \u0432\u0440\u0435\u043c\u044f \u0434\u043b\u044f \u0447\u0442\u0435\u043d\u0438\u044f\" \/>\n\t<meta name=\"twitter:data1\" content=\"2 \u043c\u0438\u043d\u0443\u0442\u044b\" \/>\n<script type=\"application\/ld+json\" class=\"yoast-schema-graph\">{\"@context\":\"https:\/\/schema.org\",\"@graph\":[{\"@type\":\"Article\",\"@id\":\"https:\/\/denizcankizil.tr\/ru\/haberler\/gundem\/alanya-universitesi-ataturku-andi\/#article\",\"isPartOf\":{\"@id\":\"https:\/\/denizcankizil.tr\/ru\/haberler\/gundem\/alanya-universitesi-ataturku-andi\/\"},\"author\":{\"name\":\"\",\"@id\":\"\"},\"headline\":\"Alanya \u00dcniversitesi Atat\u00fcrk\u2019\u00fc and\u0131\",\"datePublished\":\"2024-11-09T18:41:56+00:00\",\"mainEntityOfPage\":{\"@id\":\"https:\/\/denizcankizil.tr\/ru\/haberler\/gundem\/alanya-universitesi-ataturku-andi\/\"},\"wordCount\":452,\"commentCount\":0,\"publisher\":{\"@id\":\"https:\/\/denizcankizil.tr\/#organization\"},\"articleSection\":[\"G\u00fcndem\",\"Uncategorized\"],\"inLanguage\":\"ru-RU\",\"potentialAction\":[{\"@type\":\"CommentAction\",\"name\":\"Comment\",\"target\":[\"https:\/\/denizcankizil.tr\/ru\/haberler\/gundem\/alanya-universitesi-ataturku-andi\/#respond\"]}]},{\"@type\":\"WebPage\",\"@id\":\"https:\/\/denizcankizil.tr\/ru\/haberler\/gundem\/alanya-universitesi-ataturku-andi\/\",\"url\":\"https:\/\/denizcankizil.tr\/ru\/haberler\/gundem\/alanya-universitesi-ataturku-andi\/\",\"name\":\"Alanya \u00dcniversitesi Atat\u00fcrk\u2019\u00fc and\u0131 - Av. Deniz Can K\u0131z\u0131l\",\"isPartOf\":{\"@id\":\"https:\/\/denizcankizil.tr\/#website\"},\"datePublished\":\"2024-11-09T18:41:56+00:00\",\"breadcrumb\":{\"@id\":\"https:\/\/denizcankizil.tr\/ru\/haberler\/gundem\/alanya-universitesi-ataturku-andi\/#breadcrumb\"},\"inLanguage\":\"ru-RU\",\"potentialAction\":[{\"@type\":\"ReadAction\",\"target\":[\"https:\/\/denizcankizil.tr\/ru\/haberler\/gundem\/alanya-universitesi-ataturku-andi\/\"]}]},{\"@type\":\"BreadcrumbList\",\"@id\":\"https:\/\/denizcankizil.tr\/ru\/haberler\/gundem\/alanya-universitesi-ataturku-andi\/#breadcrumb\",\"itemListElement\":[{\"@type\":\"ListItem\",\"position\":1,\"name\":\"Home\",\"item\":\"https:\/\/denizcankizil.tr\/uk\/\"},{\"@type\":\"ListItem\",\"position\":2,\"name\":\"Alanya \u00dcniversitesi Atat\u00fcrk\u2019\u00fc and\u0131\"}]},{\"@type\":\"WebSite\",\"@id\":\"https:\/\/denizcankizil.tr\/#website\",\"url\":\"https:\/\/denizcankizil.tr\/\",\"name\":\"Av. Deniz Can K\u0131z\u0131l\",\"description\":\"Avukat Deniz Can K\u0131z\u0131l Antalya Barosu\",\"publisher\":{\"@id\":\"https:\/\/denizcankizil.tr\/#organization\"},\"potentialAction\":[{\"@type\":\"SearchAction\",\"target\":{\"@type\":\"EntryPoint\",\"urlTemplate\":\"https:\/\/denizcankizil.tr\/?s={search_term_string}\"},\"query-input\":{\"@type\":\"PropertyValueSpecification\",\"valueRequired\":true,\"valueName\":\"search_term_string\"}}],\"inLanguage\":\"ru-RU\"},{\"@type\":\"Organization\",\"@id\":\"https:\/\/denizcankizil.tr\/#organization\",\"name\":\"Av. Deniz Can K\u0131z\u0131l\",\"url\":\"https:\/\/denizcankizil.tr\/\",\"logo\":{\"@type\":\"ImageObject\",\"inLanguage\":\"ru-RU\",\"@id\":\"https:\/\/denizcankizil.tr\/#\/schema\/logo\/image\/\",\"url\":\"https:\/\/denizcankizil.tr\/wp-content\/uploads\/2024\/10\/siyah-logo-svg.svg\",\"contentUrl\":\"https:\/\/denizcankizil.tr\/wp-content\/uploads\/2024\/10\/siyah-logo-svg.svg\",\"width\":1080,\"height\":1080,\"caption\":\"Av. Deniz Can K\u0131z\u0131l\"},\"image\":{\"@id\":\"https:\/\/denizcankizil.tr\/#\/schema\/logo\/image\/\"}}]}<\/script>\n<!-- \/ Yoast SEO Premium plugin. -->","yoast_head_json":{"title":"Alanya \u00dcniversitesi Atat\u00fcrk\u2019\u00fc and\u0131 - Av. Deniz Can K\u0131z\u0131l","robots":{"index":"index","follow":"follow","max-snippet":"max-snippet:-1","max-image-preview":"max-image-preview:large","max-video-preview":"max-video-preview:-1"},"canonical":"https:\/\/denizcankizil.tr\/ru\/haberler\/gundem\/alanya-universitesi-ataturku-andi\/","og_locale":"ru_RU","og_type":"article","og_title":"Alanya \u00dcniversitesi Atat\u00fcrk\u2019\u00fc and\u0131","og_description":"Alanya \u00dcniversitesi \u015eebnem K\u00f6seo\u011flu Konferans Salonu\u2019nda Atat\u00fcrk i\u00e7in anma t\u00f6reni d\u00fczenlendi. T\u00f6rende, Atat\u00fcrk\u2019\u00fcn miras\u0131, devrimleri ve T\u00fcrkiye\u2019ye kazand\u0131rd\u0131\u011f\u0131 \u00e7a\u011fda\u015f de\u011ferler \u00fczerine konu\u015fmalar ger\u00e7ekle\u015ftirildi. Program\u0131n a\u00e7\u0131l\u0131\u015f konu\u015fmas\u0131n\u0131 yapan Alanya \u00dcniversitesi Rekt\u00f6r Yard\u0131mc\u0131s\u0131 Prof. Dr. Mehmet Yaz\u0131c\u0131, &#8220;Bug\u00fcn, Cumhuriyetimizin kurucusu, Gazi Mustafa Kemal Atat\u00fcrk\u2019\u00fcn aram\u0131zdan ayr\u0131l\u0131\u015f\u0131n\u0131n 86. y\u0131l d\u00f6n\u00fcm\u00fcnde, onu bir kez daha sevgi, sayg\u0131, minnet ve \u00f6zlemle an\u0131yoruz\u201d dedi. \u00c7A\u011eDA\u015e, B\u0130L\u0130MSEL E\u011e\u0130T\u0130M Yaz\u0131c\u0131, konu\u015fmas\u0131n\u0131n devam\u0131nda, \u201cAtat\u00fcrk, sadece T\u00fcrk milletinin kurtar\u0131c\u0131s\u0131 ve Cumhuriyetimizin lideri de\u011fil, ayn\u0131 zamanda e\u011fitimde, bilimde, \u00e7a\u011fda\u015fla\u015fmada, kad\u0131n\u0131n toplumdaki yerinde ve hukukta getirdi\u011fi reformlar ile de d\u00fcnya \u00e7ap\u0131nda da b\u00fcy\u00fck bir liderdir. Bu liderlik perspektifi ile Atat\u00fcrk\u2019\u00fcn \u00e7izdi\u011fi yolda \u00fcniversitemizde, Atat\u00fcrk&#8217;\u00fcn fikirlerinden ilham alarak gen\u00e7lerimizi \u00e7a\u011fda\u015f, bilimin \u0131\u015f\u0131\u011f\u0131nda b\u00fcy\u00fcyen, Cumhuriyetimizin de\u011ferlerini ve Atat\u00fcrk\u2019\u00fcn ilkelerini benimsemi\u015f bireyler olarak yeti\u015ftirmek ve amac\u0131na s\u0131k\u0131 s\u0131k\u0131ya ba\u011fl\u0131y\u0131z. Onun, &#8216;D\u00fcnyada her \u015fey i\u00e7in, medeniyet i\u00e7in, hayat i\u00e7in, muvaffakiyet i\u00e7in en hakiki m\u00fcr\u015fit ilimdir, fendir. \u0130lim ve fennin haricinde m\u00fcr\u015fit aramak gaflettir, cehalettir, dalalettir&#8217; s\u00f6z\u00fcnden hareketle, bilimi, akl\u0131 ve \u00f6zg\u00fcr d\u00fc\u015f\u00fcnmeyi her zaman \u00f6n planda tutaca\u011f\u0131m\u0131za bir kez daha ant i\u00e7iyoruz. Atat\u00fcrk, bilim ve e\u011fitim alan\u0131nda ger\u00e7ekle\u015ftirdi\u011fi devrimlerle sadece T\u00fcrkiye\u2019ye de\u011fil, t\u00fcm insanl\u0131\u011fa y\u00f6n vermi\u015ftir\u201d dedi. EN \u00d6NEML\u0130 M\u0130RAS Yaz\u0131c\u0131 konu\u015fmas\u0131n\u0131 \u015f\u00f6yle bitirdi: \u201cOnun bize b\u0131rakt\u0131\u011f\u0131 en \u00f6nemli miraslardan birisi de, e\u011fitimde f\u0131rsat e\u015fitli\u011fi, bilimsel &hellip;","og_url":"https:\/\/denizcankizil.tr\/ru\/haberler\/gundem\/alanya-universitesi-ataturku-andi\/","og_site_name":"Av. Deniz Can K\u0131z\u0131l","article_published_time":"2024-11-09T18:41:56+00:00","twitter_card":"summary_large_image","twitter_misc":{"\u041f\u0440\u0438\u043c\u0435\u0440\u043d\u043e\u0435 \u0432\u0440\u0435\u043c\u044f \u0434\u043b\u044f \u0447\u0442\u0435\u043d\u0438\u044f":"2 \u043c\u0438\u043d\u0443\u0442\u044b"},"schema":{"@context":"https:\/\/schema.org","@graph":[{"@type":"Article","@id":"https:\/\/denizcankizil.tr\/ru\/haberler\/gundem\/alanya-universitesi-ataturku-andi\/#article","isPartOf":{"@id":"https:\/\/denizcankizil.tr\/ru\/haberler\/gundem\/alanya-universitesi-ataturku-andi\/"},"author":{"name":"","@id":""},"headline":"Alanya \u00dcniversitesi Atat\u00fcrk\u2019\u00fc and\u0131","datePublished":"2024-11-09T18:41:56+00:00","mainEntityOfPage":{"@id":"https:\/\/denizcankizil.tr\/ru\/haberler\/gundem\/alanya-universitesi-ataturku-andi\/"},"wordCount":452,"commentCount":0,"publisher":{"@id":"https:\/\/denizcankizil.tr\/#organization"},"articleSection":["G\u00fcndem","Uncategorized"],"inLanguage":"ru-RU","potentialAction":[{"@type":"CommentAction","name":"Comment","target":["https:\/\/denizcankizil.tr\/ru\/haberler\/gundem\/alanya-universitesi-ataturku-andi\/#respond"]}]},{"@type":"WebPage","@id":"https:\/\/denizcankizil.tr\/ru\/haberler\/gundem\/alanya-universitesi-ataturku-andi\/","url":"https:\/\/denizcankizil.tr\/ru\/haberler\/gundem\/alanya-universitesi-ataturku-andi\/","name":"Alanya \u00dcniversitesi Atat\u00fcrk\u2019\u00fc and\u0131 - Av. Deniz Can K\u0131z\u0131l","isPartOf":{"@id":"https:\/\/denizcankizil.tr\/#website"},"datePublished":"2024-11-09T18:41:56+00:00","breadcrumb":{"@id":"https:\/\/denizcankizil.tr\/ru\/haberler\/gundem\/alanya-universitesi-ataturku-andi\/#breadcrumb"},"inLanguage":"ru-RU","potentialAction":[{"@type":"ReadAction","target":["https:\/\/denizcankizil.tr\/ru\/haberler\/gundem\/alanya-universitesi-ataturku-andi\/"]}]},{"@type":"BreadcrumbList","@id":"https:\/\/denizcankizil.tr\/ru\/haberler\/gundem\/alanya-universitesi-ataturku-andi\/#breadcrumb","itemListElement":[{"@type":"ListItem","position":1,"name":"Home","item":"https:\/\/denizcankizil.tr\/uk\/"},{"@type":"ListItem","position":2,"name":"Alanya \u00dcniversitesi Atat\u00fcrk\u2019\u00fc and\u0131"}]},{"@type":"WebSite","@id":"https:\/\/denizcankizil.tr\/#website","url":"https:\/\/denizcankizil.tr\/","name":"Av. Deniz Can K\u0131z\u0131l","description":"Avukat Deniz Can K\u0131z\u0131l Antalya Barosu","publisher":{"@id":"https:\/\/denizcankizil.tr\/#organization"},"potentialAction":[{"@type":"SearchAction","target":{"@type":"EntryPoint","urlTemplate":"https:\/\/denizcankizil.tr\/?s={search_term_string}"},"query-input":{"@type":"PropertyValueSpecification","valueRequired":true,"valueName":"search_term_string"}}],"inLanguage":"ru-RU"},{"@type":"Organization","@id":"https:\/\/denizcankizil.tr\/#organization","name":"Av. Deniz Can K\u0131z\u0131l","url":"https:\/\/denizcankizil.tr\/","logo":{"@type":"ImageObject","inLanguage":"ru-RU","@id":"https:\/\/denizcankizil.tr\/#\/schema\/logo\/image\/","url":"https:\/\/denizcankizil.tr\/wp-content\/uploads\/2024\/10\/siyah-logo-svg.svg","contentUrl":"https:\/\/denizcankizil.tr\/wp-content\/uploads\/2024\/10\/siyah-logo-svg.svg","width":1080,"height":1080,"caption":"Av. Deniz Can K\u0131z\u0131l"},"image":{"@id":"https:\/\/denizcankizil.tr\/#\/schema\/logo\/image\/"}}]}},"_links":{"self":[{"href":"https:\/\/denizcankizil.tr\/ru\/wp-json\/wp\/v2\/posts\/15036","targetHints":{"allow":["GET"]}}],"collection":[{"href":"https:\/\/denizcankizil.tr\/ru\/wp-json\/wp\/v2\/posts"}],"about":[{"href":"https:\/\/denizcankizil.tr\/ru\/wp-json\/wp\/v2\/types\/post"}],"replies":[{"embeddable":true,"href":"https:\/\/denizcankizil.tr\/ru\/wp-json\/wp\/v2\/comments?post=15036"}],"version-history":[{"count":0,"href":"https:\/\/denizcankizil.tr\/ru\/wp-json\/wp\/v2\/posts\/15036\/revisions"}],"wp:attachment":[{"href":"https:\/\/denizcankizil.tr\/ru\/wp-json\/wp\/v2\/media?parent=15036"}],"wp:term":[{"taxonomy":"category","embeddable":true,"href":"https:\/\/denizcankizil.tr\/ru\/wp-json\/wp\/v2\/categories?post=15036"},{"taxonomy":"post_tag","embeddable":true,"href":"https:\/\/denizcankizil.tr\/ru\/wp-json\/wp\/v2\/tags?post=15036"}],"curies":[{"name":"wp","href":"https:\/\/api.w.org\/{rel}","templated":true}]}}