{"id":15001,"date":"2024-11-09T16:41:57","date_gmt":"2024-11-09T13:41:57","guid":{"rendered":"https:\/\/denizcankizil.tr\/uncategorized-tr\/saglikta-is-birakma-eylemleri-surecek-aile-hekimlerinden-geri-adim-yok\/"},"modified":"2024-11-09T16:41:57","modified_gmt":"2024-11-09T13:41:57","slug":"saglikta-is-birakma-eylemleri-surecek-aile-hekimlerinden-geri-adim-yok","status":"publish","type":"post","link":"https:\/\/denizcankizil.tr\/ru\/haberler\/gundem\/saglikta-is-birakma-eylemleri-surecek-aile-hekimlerinden-geri-adim-yok\/","title":{"rendered":"Sa\u011fl\u0131kta i\u015f b\u0131rakma eylemleri s\u00fcrecek&#8230; Aile hekimlerinden geri ad\u0131m yok!"},"content":{"rendered":"<p>Eziyet y\u00f6netmeli\u011finin ard\u0131ndan T\u00fcrkiye genelinde 3 g\u00fcn i\u015f b\u0131rakma eylemi ger\u00e7ekle\u015ftiren Aile Hekimli\u011fi \u00c7al\u0131\u015fanlar\u0131, 2 Aral\u0131k tarihinde 5 g\u00fcn s\u00fcreyle yeniden i\u015f b\u0131rakacaklar\u0131n\u0131 duyurdu.ANKARA (\u0130GFA) &#8211; Sa\u011fl\u0131k Bakanl\u0131\u011f\u0131 taraf\u0131ndan masa ba\u015f\u0131nda haz\u0131rlanan yeni Aile Hekimli\u011fi Y\u00f6netmeli\u011fine tepkiler s\u00fcr\u00fcyor. Aile\u00a0 Hekimli\u011fi \u00c7al\u0131\u015fanlar\u0131n\u0131, hem\u015fireleri, ebeleri\u00a0 ve hastalar\u0131 ma\u011fdur edecek maddelerle donat\u0131lm\u0131\u015f y\u00f6netmeli\u011fin kimseye bir yarar\u0131 olmamas\u0131na kar\u015f\u0131n bakanl\u0131\u011f\u0131n \u0131srarc\u0131 olmas\u0131 sahada tepkilerin artarak devam etmesine neden oldu.<br \/>\nAile Hekimli\u011fi \u00c7al\u0131\u015fanlar\u0131 Sendikas\u0131 (AHESEN) Genel Ba\u015fkan\u0131 Dr. Ahmet Kandemir; \u201cEziyet y\u00f6netmeli\u011fine kar\u015f\u0131 b\u00fcy\u00fck Ankara mitingi ve 3 g\u00fcn i\u015f b\u0131rakma\u00a0 eylemi ger\u00e7ekle\u015ftirmemize ra\u011fmen Sa\u011fl\u0131k bakanl\u0131\u011f\u0131 bizleri g\u00f6rmemeyi, sesimizi duymamay\u0131 tercih etti. T\u00fcrkiye genelinde g\u00f6rev yapan Aile hekimli\u011fi \u00e7al\u0131\u015fanlar\u0131 olarak; meslek onurumuz, \u00fclke ve halk sa\u011fl\u0131\u011f\u0131n\u0131n gelece\u011fi i\u00e7in\u00a0 5 g\u00fcn daha i\u015f b\u0131rakma karar\u0131 ald\u0131k. Bu eylemler s\u0131ras\u0131nda vatanda\u015flar\u0131n ma\u011fdur olmas\u0131n\u0131n tek sorumlusu Sa\u011fl\u0131k Bakanl\u0131\u011f\u0131&#8217;nd\u0131r.\u201d diye konu\u015ftu.<br \/>\nBu y\u00f6netmeli\u011fin uygulanmas\u0131 halinde sadece hekimlerin de\u011fil hastalar\u0131n da b\u00fcy\u00fck ma\u011fduriyetler ya\u015fayaca\u011f\u0131n\u0131n alt\u0131n\u0131 \u00e7izen Kandemir, y\u00f6netmeli\u011fi okuyan hastalar\u0131m\u0131z da yap\u0131lacak olan eylemlerde bizlerle olacak. Dedi. AHESEN Genel Ba\u015fkan\u0131 Dr. Ahmet Kandemir Savunulacak tek tutarl\u0131 taraf\u0131 bulunmayan bu y\u00f6netmelikte \u0131srar etmenin, insanlar\u0131 ma\u011fdur etmenin, sahay\u0131 yorman\u0131n ak\u0131lc\u0131 hi\u00e7bir anlam ta\u015f\u0131mad\u0131\u011f\u0131n\u0131 belirtti.<\/p>\n<p>2-6 Aral\u0131k tarihleri aras\u0131nda 5 g\u00fcnl\u00fck ortak i\u015f b\u0131rakma karar\u0131 alan STK\u2019lar ise \u015f\u00f6yle:<br \/>\nAHESEN, AHEF, , ASEF, BDS, Genel Sa\u011fl\u0131k \u0130\u015f, H\u00fcrriyet Sa\u011fl\u0131k Sen, Sahader, Sahimsen, SES, TTB\u00a0 ve T\u00dcMRAD-DER.<\/p>\n<p>\u200bEziyet y\u00f6netmeli\u011finin ard\u0131ndan T\u00fcrkiye genelinde 3 g\u00fcn i\u015f b\u0131rakma eylemi ger\u00e7ekle\u015ftiren Aile Hekimli\u011fi \u00c7al\u0131\u015fanlar\u0131, 2 Aral\u0131k tarihinde 5 g\u00fcn s\u00fcreyle yeniden i\u015f b\u0131rakacaklar\u0131n\u0131 duyurdu\u00a0<\/p>\n<p>\u200bHaberin Al\u0131nt\u0131land\u0131\u011f\u0131 Kaynak: www.iskenderun.org<\/p>","protected":false},"excerpt":{"rendered":"<p>Eziyet y\u00f6netmeli\u011finin ard\u0131ndan T\u00fcrkiye genelinde 3 g\u00fcn i\u015f b\u0131rakma eylemi ger\u00e7ekle\u015ftiren Aile Hekimli\u011fi \u00c7al\u0131\u015fanlar\u0131, 2 Aral\u0131k tarihinde 5 g\u00fcn s\u00fcreyle yeniden i\u015f b\u0131rakacaklar\u0131n\u0131 duyurdu.ANKARA (\u0130GFA) &#8211; Sa\u011fl\u0131k Bakanl\u0131\u011f\u0131 taraf\u0131ndan masa ba\u015f\u0131nda haz\u0131rlanan yeni Aile Hekimli\u011fi Y\u00f6netmeli\u011fine tepkiler s\u00fcr\u00fcyor. Aile\u00a0 Hekimli\u011fi \u00c7al\u0131\u015fanlar\u0131n\u0131, hem\u015fireleri, ebeleri\u00a0 ve hastalar\u0131 ma\u011fdur edecek maddelerle donat\u0131lm\u0131\u015f y\u00f6netmeli\u011fin kimseye bir yarar\u0131 olmamas\u0131na kar\u015f\u0131n bakanl\u0131\u011f\u0131n \u0131srarc\u0131 olmas\u0131 sahada tepkilerin artarak devam etmesine neden oldu. Aile Hekimli\u011fi \u00c7al\u0131\u015fanlar\u0131 Sendikas\u0131 (AHESEN) Genel Ba\u015fkan\u0131 Dr. Ahmet Kandemir; \u201cEziyet y\u00f6netmeli\u011fine kar\u015f\u0131 b\u00fcy\u00fck Ankara mitingi ve 3 g\u00fcn i\u015f b\u0131rakma\u00a0 eylemi ger\u00e7ekle\u015ftirmemize ra\u011fmen Sa\u011fl\u0131k bakanl\u0131\u011f\u0131 bizleri g\u00f6rmemeyi, sesimizi duymamay\u0131 tercih etti. T\u00fcrkiye genelinde g\u00f6rev yapan Aile hekimli\u011fi \u00e7al\u0131\u015fanlar\u0131 olarak; meslek onurumuz, \u00fclke ve halk sa\u011fl\u0131\u011f\u0131n\u0131n gelece\u011fi i\u00e7in\u00a0 5 g\u00fcn daha i\u015f b\u0131rakma karar\u0131 ald\u0131k. Bu eylemler s\u0131ras\u0131nda vatanda\u015flar\u0131n ma\u011fdur olmas\u0131n\u0131n tek sorumlusu Sa\u011fl\u0131k Bakanl\u0131\u011f\u0131&#8217;nd\u0131r.\u201d diye konu\u015ftu. Bu y\u00f6netmeli\u011fin uygulanmas\u0131 halinde sadece hekimlerin de\u011fil hastalar\u0131n da b\u00fcy\u00fck ma\u011fduriyetler ya\u015fayaca\u011f\u0131n\u0131n alt\u0131n\u0131 \u00e7izen Kandemir, y\u00f6netmeli\u011fi okuyan hastalar\u0131m\u0131z da yap\u0131lacak olan eylemlerde bizlerle olacak. Dedi. AHESEN Genel Ba\u015fkan\u0131 Dr. Ahmet Kandemir Savunulacak tek tutarl\u0131 taraf\u0131 bulunmayan bu y\u00f6netmelikte \u0131srar etmenin, insanlar\u0131 ma\u011fdur etmenin, sahay\u0131 yorman\u0131n ak\u0131lc\u0131 hi\u00e7bir anlam ta\u015f\u0131mad\u0131\u011f\u0131n\u0131 belirtti. 2-6 Aral\u0131k tarihleri aras\u0131nda 5 g\u00fcnl\u00fck ortak i\u015f b\u0131rakma karar\u0131 alan STK\u2019lar ise \u015f\u00f6yle: AHESEN, AHEF, , ASEF, &hellip;<\/p>","protected":false},"author":0,"featured_media":0,"comment_status":"open","ping_status":"open","sticky":false,"template":"","format":"standard","meta":{"_acf_changed":false,"footnotes":""},"categories":[24,535],"tags":[],"class_list":["post-15001","post","type-post","status-publish","format-standard","has-post-thumbnail","hentry","category-gundem","category-uncategorized-tr"],"acf":[],"yoast_head":"<!-- This site is optimized with the Yoast SEO Premium plugin v26.6 (Yoast SEO v27.1.1) - https:\/\/yoast.com\/product\/yoast-seo-premium-wordpress\/ -->\n<title>Sa\u011fl\u0131kta i\u015f b\u0131rakma eylemleri s\u00fcrecek... Aile hekimlerinden geri ad\u0131m yok! - Av. Deniz Can K\u0131z\u0131l<\/title>\n<meta name=\"robots\" content=\"index, follow, max-snippet:-1, max-image-preview:large, max-video-preview:-1\" \/>\n<link rel=\"canonical\" href=\"https:\/\/denizcankizil.tr\/ru\/haberler\/gundem\/saglikta-is-birakma-eylemleri-surecek-aile-hekimlerinden-geri-adim-yok\/\" \/>\n<meta property=\"og:locale\" content=\"ru_RU\" \/>\n<meta property=\"og:type\" content=\"article\" \/>\n<meta property=\"og:title\" content=\"Sa\u011fl\u0131kta i\u015f b\u0131rakma eylemleri s\u00fcrecek... Aile hekimlerinden geri ad\u0131m yok!\" \/>\n<meta property=\"og:description\" content=\"Eziyet y\u00f6netmeli\u011finin ard\u0131ndan T\u00fcrkiye genelinde 3 g\u00fcn i\u015f b\u0131rakma eylemi ger\u00e7ekle\u015ftiren Aile Hekimli\u011fi \u00c7al\u0131\u015fanlar\u0131, 2 Aral\u0131k tarihinde 5 g\u00fcn s\u00fcreyle yeniden i\u015f b\u0131rakacaklar\u0131n\u0131 duyurdu.ANKARA (\u0130GFA) &#8211; Sa\u011fl\u0131k Bakanl\u0131\u011f\u0131 taraf\u0131ndan masa ba\u015f\u0131nda haz\u0131rlanan yeni Aile Hekimli\u011fi Y\u00f6netmeli\u011fine tepkiler s\u00fcr\u00fcyor. Aile\u00a0 Hekimli\u011fi \u00c7al\u0131\u015fanlar\u0131n\u0131, hem\u015fireleri, ebeleri\u00a0 ve hastalar\u0131 ma\u011fdur edecek maddelerle donat\u0131lm\u0131\u015f y\u00f6netmeli\u011fin kimseye bir yarar\u0131 olmamas\u0131na kar\u015f\u0131n bakanl\u0131\u011f\u0131n \u0131srarc\u0131 olmas\u0131 sahada tepkilerin artarak devam etmesine neden oldu. Aile Hekimli\u011fi \u00c7al\u0131\u015fanlar\u0131 Sendikas\u0131 (AHESEN) Genel Ba\u015fkan\u0131 Dr. Ahmet Kandemir; \u201cEziyet y\u00f6netmeli\u011fine kar\u015f\u0131 b\u00fcy\u00fck Ankara mitingi ve 3 g\u00fcn i\u015f b\u0131rakma\u00a0 eylemi ger\u00e7ekle\u015ftirmemize ra\u011fmen Sa\u011fl\u0131k bakanl\u0131\u011f\u0131 bizleri g\u00f6rmemeyi, sesimizi duymamay\u0131 tercih etti. T\u00fcrkiye genelinde g\u00f6rev yapan Aile hekimli\u011fi \u00e7al\u0131\u015fanlar\u0131 olarak; meslek onurumuz, \u00fclke ve halk sa\u011fl\u0131\u011f\u0131n\u0131n gelece\u011fi i\u00e7in\u00a0 5 g\u00fcn daha i\u015f b\u0131rakma karar\u0131 ald\u0131k. Bu eylemler s\u0131ras\u0131nda vatanda\u015flar\u0131n ma\u011fdur olmas\u0131n\u0131n tek sorumlusu Sa\u011fl\u0131k Bakanl\u0131\u011f\u0131&#8217;nd\u0131r.\u201d diye konu\u015ftu. Bu y\u00f6netmeli\u011fin uygulanmas\u0131 halinde sadece hekimlerin de\u011fil hastalar\u0131n da b\u00fcy\u00fck ma\u011fduriyetler ya\u015fayaca\u011f\u0131n\u0131n alt\u0131n\u0131 \u00e7izen Kandemir, y\u00f6netmeli\u011fi okuyan hastalar\u0131m\u0131z da yap\u0131lacak olan eylemlerde bizlerle olacak. Dedi. AHESEN Genel Ba\u015fkan\u0131 Dr. Ahmet Kandemir Savunulacak tek tutarl\u0131 taraf\u0131 bulunmayan bu y\u00f6netmelikte \u0131srar etmenin, insanlar\u0131 ma\u011fdur etmenin, sahay\u0131 yorman\u0131n ak\u0131lc\u0131 hi\u00e7bir anlam ta\u015f\u0131mad\u0131\u011f\u0131n\u0131 belirtti. 2-6 Aral\u0131k tarihleri aras\u0131nda 5 g\u00fcnl\u00fck ortak i\u015f b\u0131rakma karar\u0131 alan STK\u2019lar ise \u015f\u00f6yle: AHESEN, AHEF, , ASEF, &hellip;\" \/>\n<meta property=\"og:url\" content=\"https:\/\/denizcankizil.tr\/ru\/haberler\/gundem\/saglikta-is-birakma-eylemleri-surecek-aile-hekimlerinden-geri-adim-yok\/\" \/>\n<meta property=\"og:site_name\" content=\"Av. Deniz Can K\u0131z\u0131l\" \/>\n<meta property=\"article:published_time\" content=\"2024-11-09T13:41:57+00:00\" \/>\n<meta name=\"twitter:card\" content=\"summary_large_image\" \/>\n<meta name=\"twitter:label1\" content=\"\u041f\u0440\u0438\u043c\u0435\u0440\u043d\u043e\u0435 \u0432\u0440\u0435\u043c\u044f \u0434\u043b\u044f \u0447\u0442\u0435\u043d\u0438\u044f\" \/>\n\t<meta name=\"twitter:data1\" content=\"2 \u043c\u0438\u043d\u0443\u0442\u044b\" \/>\n<script type=\"application\/ld+json\" class=\"yoast-schema-graph\">{\"@context\":\"https:\/\/schema.org\",\"@graph\":[{\"@type\":\"Article\",\"@id\":\"https:\/\/denizcankizil.tr\/ru\/haberler\/gundem\/saglikta-is-birakma-eylemleri-surecek-aile-hekimlerinden-geri-adim-yok\/#article\",\"isPartOf\":{\"@id\":\"https:\/\/denizcankizil.tr\/ru\/haberler\/gundem\/saglikta-is-birakma-eylemleri-surecek-aile-hekimlerinden-geri-adim-yok\/\"},\"author\":{\"name\":\"\",\"@id\":\"\"},\"headline\":\"Sa\u011fl\u0131kta i\u015f b\u0131rakma eylemleri s\u00fcrecek&#8230; Aile hekimlerinden geri ad\u0131m yok!\",\"datePublished\":\"2024-11-09T13:41:57+00:00\",\"mainEntityOfPage\":{\"@id\":\"https:\/\/denizcankizil.tr\/ru\/haberler\/gundem\/saglikta-is-birakma-eylemleri-surecek-aile-hekimlerinden-geri-adim-yok\/\"},\"wordCount\":376,\"commentCount\":0,\"publisher\":{\"@id\":\"https:\/\/denizcankizil.tr\/de\/#organization\"},\"articleSection\":[\"G\u00fcndem\",\"Uncategorized\"],\"inLanguage\":\"ru-RU\",\"potentialAction\":[{\"@type\":\"CommentAction\",\"name\":\"Comment\",\"target\":[\"https:\/\/denizcankizil.tr\/ru\/haberler\/gundem\/saglikta-is-birakma-eylemleri-surecek-aile-hekimlerinden-geri-adim-yok\/#respond\"]}]},{\"@type\":\"WebPage\",\"@id\":\"https:\/\/denizcankizil.tr\/ru\/haberler\/gundem\/saglikta-is-birakma-eylemleri-surecek-aile-hekimlerinden-geri-adim-yok\/\",\"url\":\"https:\/\/denizcankizil.tr\/ru\/haberler\/gundem\/saglikta-is-birakma-eylemleri-surecek-aile-hekimlerinden-geri-adim-yok\/\",\"name\":\"Sa\u011fl\u0131kta i\u015f b\u0131rakma eylemleri s\u00fcrecek... Aile hekimlerinden geri ad\u0131m yok! - Av. Deniz Can K\u0131z\u0131l\",\"isPartOf\":{\"@id\":\"https:\/\/denizcankizil.tr\/de\/#website\"},\"datePublished\":\"2024-11-09T13:41:57+00:00\",\"breadcrumb\":{\"@id\":\"https:\/\/denizcankizil.tr\/ru\/haberler\/gundem\/saglikta-is-birakma-eylemleri-surecek-aile-hekimlerinden-geri-adim-yok\/#breadcrumb\"},\"inLanguage\":\"ru-RU\",\"potentialAction\":[{\"@type\":\"ReadAction\",\"target\":[\"https:\/\/denizcankizil.tr\/ru\/haberler\/gundem\/saglikta-is-birakma-eylemleri-surecek-aile-hekimlerinden-geri-adim-yok\/\"]}]},{\"@type\":\"BreadcrumbList\",\"@id\":\"https:\/\/denizcankizil.tr\/ru\/haberler\/gundem\/saglikta-is-birakma-eylemleri-surecek-aile-hekimlerinden-geri-adim-yok\/#breadcrumb\",\"itemListElement\":[{\"@type\":\"ListItem\",\"position\":1,\"name\":\"Home\",\"item\":\"https:\/\/denizcankizil.tr\/de\/\"},{\"@type\":\"ListItem\",\"position\":2,\"name\":\"Sa\u011fl\u0131kta i\u015f b\u0131rakma eylemleri s\u00fcrecek&#8230; Aile hekimlerinden geri ad\u0131m yok!\"}]},{\"@type\":\"WebSite\",\"@id\":\"https:\/\/denizcankizil.tr\/de\/#website\",\"url\":\"https:\/\/denizcankizil.tr\/de\/\",\"name\":\"Av. Deniz Can K\u0131z\u0131l\",\"description\":\"Avukat Deniz Can K\u0131z\u0131l Antalya Barosu\",\"publisher\":{\"@id\":\"https:\/\/denizcankizil.tr\/de\/#organization\"},\"potentialAction\":[{\"@type\":\"SearchAction\",\"target\":{\"@type\":\"EntryPoint\",\"urlTemplate\":\"https:\/\/denizcankizil.tr\/de\/?s={search_term_string}\"},\"query-input\":{\"@type\":\"PropertyValueSpecification\",\"valueRequired\":true,\"valueName\":\"search_term_string\"}}],\"inLanguage\":\"ru-RU\"},{\"@type\":\"Organization\",\"@id\":\"https:\/\/denizcankizil.tr\/de\/#organization\",\"name\":\"Av. Deniz Can K\u0131z\u0131l\",\"url\":\"https:\/\/denizcankizil.tr\/de\/\",\"logo\":{\"@type\":\"ImageObject\",\"inLanguage\":\"ru-RU\",\"@id\":\"https:\/\/denizcankizil.tr\/de\/#\/schema\/logo\/image\/\",\"url\":\"https:\/\/denizcankizil.tr\/wp-content\/uploads\/2024\/10\/siyah-logo-svg.svg\",\"contentUrl\":\"https:\/\/denizcankizil.tr\/wp-content\/uploads\/2024\/10\/siyah-logo-svg.svg\",\"width\":1080,\"height\":1080,\"caption\":\"Av. Deniz Can K\u0131z\u0131l\"},\"image\":{\"@id\":\"https:\/\/denizcankizil.tr\/de\/#\/schema\/logo\/image\/\"}}]}<\/script>\n<!-- \/ Yoast SEO Premium plugin. -->","yoast_head_json":{"title":"Sa\u011fl\u0131kta i\u015f b\u0131rakma eylemleri s\u00fcrecek... Aile hekimlerinden geri ad\u0131m yok! - Av. Deniz Can K\u0131z\u0131l","robots":{"index":"index","follow":"follow","max-snippet":"max-snippet:-1","max-image-preview":"max-image-preview:large","max-video-preview":"max-video-preview:-1"},"canonical":"https:\/\/denizcankizil.tr\/ru\/haberler\/gundem\/saglikta-is-birakma-eylemleri-surecek-aile-hekimlerinden-geri-adim-yok\/","og_locale":"ru_RU","og_type":"article","og_title":"Sa\u011fl\u0131kta i\u015f b\u0131rakma eylemleri s\u00fcrecek... Aile hekimlerinden geri ad\u0131m yok!","og_description":"Eziyet y\u00f6netmeli\u011finin ard\u0131ndan T\u00fcrkiye genelinde 3 g\u00fcn i\u015f b\u0131rakma eylemi ger\u00e7ekle\u015ftiren Aile Hekimli\u011fi \u00c7al\u0131\u015fanlar\u0131, 2 Aral\u0131k tarihinde 5 g\u00fcn s\u00fcreyle yeniden i\u015f b\u0131rakacaklar\u0131n\u0131 duyurdu.ANKARA (\u0130GFA) &#8211; Sa\u011fl\u0131k Bakanl\u0131\u011f\u0131 taraf\u0131ndan masa ba\u015f\u0131nda haz\u0131rlanan yeni Aile Hekimli\u011fi Y\u00f6netmeli\u011fine tepkiler s\u00fcr\u00fcyor. Aile\u00a0 Hekimli\u011fi \u00c7al\u0131\u015fanlar\u0131n\u0131, hem\u015fireleri, ebeleri\u00a0 ve hastalar\u0131 ma\u011fdur edecek maddelerle donat\u0131lm\u0131\u015f y\u00f6netmeli\u011fin kimseye bir yarar\u0131 olmamas\u0131na kar\u015f\u0131n bakanl\u0131\u011f\u0131n \u0131srarc\u0131 olmas\u0131 sahada tepkilerin artarak devam etmesine neden oldu. Aile Hekimli\u011fi \u00c7al\u0131\u015fanlar\u0131 Sendikas\u0131 (AHESEN) Genel Ba\u015fkan\u0131 Dr. Ahmet Kandemir; \u201cEziyet y\u00f6netmeli\u011fine kar\u015f\u0131 b\u00fcy\u00fck Ankara mitingi ve 3 g\u00fcn i\u015f b\u0131rakma\u00a0 eylemi ger\u00e7ekle\u015ftirmemize ra\u011fmen Sa\u011fl\u0131k bakanl\u0131\u011f\u0131 bizleri g\u00f6rmemeyi, sesimizi duymamay\u0131 tercih etti. T\u00fcrkiye genelinde g\u00f6rev yapan Aile hekimli\u011fi \u00e7al\u0131\u015fanlar\u0131 olarak; meslek onurumuz, \u00fclke ve halk sa\u011fl\u0131\u011f\u0131n\u0131n gelece\u011fi i\u00e7in\u00a0 5 g\u00fcn daha i\u015f b\u0131rakma karar\u0131 ald\u0131k. Bu eylemler s\u0131ras\u0131nda vatanda\u015flar\u0131n ma\u011fdur olmas\u0131n\u0131n tek sorumlusu Sa\u011fl\u0131k Bakanl\u0131\u011f\u0131&#8217;nd\u0131r.\u201d diye konu\u015ftu. Bu y\u00f6netmeli\u011fin uygulanmas\u0131 halinde sadece hekimlerin de\u011fil hastalar\u0131n da b\u00fcy\u00fck ma\u011fduriyetler ya\u015fayaca\u011f\u0131n\u0131n alt\u0131n\u0131 \u00e7izen Kandemir, y\u00f6netmeli\u011fi okuyan hastalar\u0131m\u0131z da yap\u0131lacak olan eylemlerde bizlerle olacak. Dedi. AHESEN Genel Ba\u015fkan\u0131 Dr. Ahmet Kandemir Savunulacak tek tutarl\u0131 taraf\u0131 bulunmayan bu y\u00f6netmelikte \u0131srar etmenin, insanlar\u0131 ma\u011fdur etmenin, sahay\u0131 yorman\u0131n ak\u0131lc\u0131 hi\u00e7bir anlam ta\u015f\u0131mad\u0131\u011f\u0131n\u0131 belirtti. 2-6 Aral\u0131k tarihleri aras\u0131nda 5 g\u00fcnl\u00fck ortak i\u015f b\u0131rakma karar\u0131 alan STK\u2019lar ise \u015f\u00f6yle: AHESEN, AHEF, , ASEF, &hellip;","og_url":"https:\/\/denizcankizil.tr\/ru\/haberler\/gundem\/saglikta-is-birakma-eylemleri-surecek-aile-hekimlerinden-geri-adim-yok\/","og_site_name":"Av. Deniz Can K\u0131z\u0131l","article_published_time":"2024-11-09T13:41:57+00:00","twitter_card":"summary_large_image","twitter_misc":{"\u041f\u0440\u0438\u043c\u0435\u0440\u043d\u043e\u0435 \u0432\u0440\u0435\u043c\u044f \u0434\u043b\u044f \u0447\u0442\u0435\u043d\u0438\u044f":"2 \u043c\u0438\u043d\u0443\u0442\u044b"},"schema":{"@context":"https:\/\/schema.org","@graph":[{"@type":"Article","@id":"https:\/\/denizcankizil.tr\/ru\/haberler\/gundem\/saglikta-is-birakma-eylemleri-surecek-aile-hekimlerinden-geri-adim-yok\/#article","isPartOf":{"@id":"https:\/\/denizcankizil.tr\/ru\/haberler\/gundem\/saglikta-is-birakma-eylemleri-surecek-aile-hekimlerinden-geri-adim-yok\/"},"author":{"name":"","@id":""},"headline":"Sa\u011fl\u0131kta i\u015f b\u0131rakma eylemleri s\u00fcrecek&#8230; Aile hekimlerinden geri ad\u0131m yok!","datePublished":"2024-11-09T13:41:57+00:00","mainEntityOfPage":{"@id":"https:\/\/denizcankizil.tr\/ru\/haberler\/gundem\/saglikta-is-birakma-eylemleri-surecek-aile-hekimlerinden-geri-adim-yok\/"},"wordCount":376,"commentCount":0,"publisher":{"@id":"https:\/\/denizcankizil.tr\/de\/#organization"},"articleSection":["G\u00fcndem","Uncategorized"],"inLanguage":"ru-RU","potentialAction":[{"@type":"CommentAction","name":"Comment","target":["https:\/\/denizcankizil.tr\/ru\/haberler\/gundem\/saglikta-is-birakma-eylemleri-surecek-aile-hekimlerinden-geri-adim-yok\/#respond"]}]},{"@type":"WebPage","@id":"https:\/\/denizcankizil.tr\/ru\/haberler\/gundem\/saglikta-is-birakma-eylemleri-surecek-aile-hekimlerinden-geri-adim-yok\/","url":"https:\/\/denizcankizil.tr\/ru\/haberler\/gundem\/saglikta-is-birakma-eylemleri-surecek-aile-hekimlerinden-geri-adim-yok\/","name":"Sa\u011fl\u0131kta i\u015f b\u0131rakma eylemleri s\u00fcrecek... Aile hekimlerinden geri ad\u0131m yok! - Av. Deniz Can K\u0131z\u0131l","isPartOf":{"@id":"https:\/\/denizcankizil.tr\/de\/#website"},"datePublished":"2024-11-09T13:41:57+00:00","breadcrumb":{"@id":"https:\/\/denizcankizil.tr\/ru\/haberler\/gundem\/saglikta-is-birakma-eylemleri-surecek-aile-hekimlerinden-geri-adim-yok\/#breadcrumb"},"inLanguage":"ru-RU","potentialAction":[{"@type":"ReadAction","target":["https:\/\/denizcankizil.tr\/ru\/haberler\/gundem\/saglikta-is-birakma-eylemleri-surecek-aile-hekimlerinden-geri-adim-yok\/"]}]},{"@type":"BreadcrumbList","@id":"https:\/\/denizcankizil.tr\/ru\/haberler\/gundem\/saglikta-is-birakma-eylemleri-surecek-aile-hekimlerinden-geri-adim-yok\/#breadcrumb","itemListElement":[{"@type":"ListItem","position":1,"name":"Home","item":"https:\/\/denizcankizil.tr\/de\/"},{"@type":"ListItem","position":2,"name":"Sa\u011fl\u0131kta i\u015f b\u0131rakma eylemleri s\u00fcrecek&#8230; Aile hekimlerinden geri ad\u0131m yok!"}]},{"@type":"WebSite","@id":"https:\/\/denizcankizil.tr\/de\/#website","url":"https:\/\/denizcankizil.tr\/de\/","name":"Av. Deniz Can K\u0131z\u0131l","description":"Avukat Deniz Can K\u0131z\u0131l Antalya Barosu","publisher":{"@id":"https:\/\/denizcankizil.tr\/de\/#organization"},"potentialAction":[{"@type":"SearchAction","target":{"@type":"EntryPoint","urlTemplate":"https:\/\/denizcankizil.tr\/de\/?s={search_term_string}"},"query-input":{"@type":"PropertyValueSpecification","valueRequired":true,"valueName":"search_term_string"}}],"inLanguage":"ru-RU"},{"@type":"Organization","@id":"https:\/\/denizcankizil.tr\/de\/#organization","name":"Av. Deniz Can K\u0131z\u0131l","url":"https:\/\/denizcankizil.tr\/de\/","logo":{"@type":"ImageObject","inLanguage":"ru-RU","@id":"https:\/\/denizcankizil.tr\/de\/#\/schema\/logo\/image\/","url":"https:\/\/denizcankizil.tr\/wp-content\/uploads\/2024\/10\/siyah-logo-svg.svg","contentUrl":"https:\/\/denizcankizil.tr\/wp-content\/uploads\/2024\/10\/siyah-logo-svg.svg","width":1080,"height":1080,"caption":"Av. Deniz Can K\u0131z\u0131l"},"image":{"@id":"https:\/\/denizcankizil.tr\/de\/#\/schema\/logo\/image\/"}}]}},"_links":{"self":[{"href":"https:\/\/denizcankizil.tr\/ru\/wp-json\/wp\/v2\/posts\/15001","targetHints":{"allow":["GET"]}}],"collection":[{"href":"https:\/\/denizcankizil.tr\/ru\/wp-json\/wp\/v2\/posts"}],"about":[{"href":"https:\/\/denizcankizil.tr\/ru\/wp-json\/wp\/v2\/types\/post"}],"replies":[{"embeddable":true,"href":"https:\/\/denizcankizil.tr\/ru\/wp-json\/wp\/v2\/comments?post=15001"}],"version-history":[{"count":0,"href":"https:\/\/denizcankizil.tr\/ru\/wp-json\/wp\/v2\/posts\/15001\/revisions"}],"wp:attachment":[{"href":"https:\/\/denizcankizil.tr\/ru\/wp-json\/wp\/v2\/media?parent=15001"}],"wp:term":[{"taxonomy":"category","embeddable":true,"href":"https:\/\/denizcankizil.tr\/ru\/wp-json\/wp\/v2\/categories?post=15001"},{"taxonomy":"post_tag","embeddable":true,"href":"https:\/\/denizcankizil.tr\/ru\/wp-json\/wp\/v2\/tags?post=15001"}],"curies":[{"name":"wp","href":"https:\/\/api.w.org\/{rel}","templated":true}]}}