{"id":149015,"date":"2025-07-17T18:41:37","date_gmt":"2025-07-17T15:41:37","guid":{"rendered":"https:\/\/denizcankizil.tr\/uncategorized-tr\/gelecegin-mucitleri-kepezde-yetisiyor\/"},"modified":"2025-07-17T18:41:37","modified_gmt":"2025-07-17T15:41:37","slug":"gelecegin-mucitleri-kepezde-yetisiyor","status":"publish","type":"post","link":"https:\/\/denizcankizil.tr\/ru\/haberler\/antalya\/gelecegin-mucitleri-kepezde-yetisiyor\/","title":{"rendered":"Gelece\u011fin Mucitleri Kepez\u2019de Yeti\u015fiyor"},"content":{"rendered":"<p>ANTALYA Bilim Merkezi\u2019nin STEM (Fen, Teknoloji, M\u00fchendislik ve Matematik) At\u00f6lyesi, bilim ve teknolojiye ilgi duyan 7-14 ya\u015f aras\u0131 \u00e7ocuklar\u0131 hem e\u011flendiriyor hem de bilimle dolu bir gelece\u011fe haz\u0131rl\u0131yor.<\/p>\n<p>Kepez Belediyesi\u2019nin \u00e7at\u0131s\u0131 alt\u0131nda hizmet veren Antalya Bilim Merkezi, yaz tatilini verimli ge\u00e7irmek isteyen \u00e7ocuklar\u0131 STEM At\u00f6lyesi ile bulu\u015fturuyor. 7-14 ya\u015f aral\u0131\u011f\u0131ndaki \u00f6\u011frencilere y\u00f6nelik haz\u0131rlanan at\u00f6lye, \u00e7ocuklar\u0131n \u00f6\u011frenirken ke\u015ffetmesini ve \u00fcretmesini sa\u011fl\u0131yor. STEM temelli etkinliklerle donat\u0131lm\u0131\u015f at\u00f6lye program\u0131, \u00e7ocuklara elektronik devre kurulumundan yarat\u0131c\u0131 tasar\u0131m \u00e7al\u0131\u015fmalar\u0131na kadar bir\u00e7ok uygulamal\u0131 deneyim sunuyor. Alan\u0131nda uzman e\u011fitmenler rehberli\u011finde ger\u00e7ekle\u015fen e\u011fitimlerde, \u00e7ocuklar hem tak\u0131m \u00e7al\u0131\u015fmas\u0131n\u0131 \u00f6\u011freniyor hem de analitik ve yarat\u0131c\u0131 d\u00fc\u015f\u00fcnme becerilerini geli\u015ftiriyor. Program\u0131n temel hedefi, \u00e7ocuklar\u0131n teknolojiyi sadece t\u00fcketen de\u011fil, ayn\u0131 zamanda \u00fcreten bireyler olarak yeti\u015fmesini sa\u011fl\u0131yor.<\/p>\n<p>KEPEZ B\u0130L\u0130MLE VE TEKNOLOJ\u0130YLE B\u00dcY\u00dcYECEK<\/p>\n<p>Erken ya\u015fta bilimsel fark\u0131ndal\u0131k kazand\u0131rmay\u0131 ama\u00e7layan STEM At\u00f6lyesi, ayn\u0131 zamanda 21. y\u00fczy\u0131l becerileri olan problem \u00e7\u00f6zme, dijital okuryazarl\u0131k ve i\u015f birli\u011fi yetilerini de destekliyor. Kepez\u2019de bilimle b\u00fcy\u00fcyen bir neslin yeti\u015fti\u011fini belirten Kepez Belediye Ba\u015fkan\u0131 Mesut Kocag\u00f6z, &#8220;Bu \u00e7al\u0131\u015fmalarla \u00e7ocuklar\u0131m\u0131z hem e\u011fleniyor hem de gelece\u011fin bilim insanlar\u0131, mucitleri olma yolunda ilk ad\u0131mlar\u0131n\u0131 at\u0131yor. Kepez, bilim ve teknolojiyle geli\u015fen, \u00fcreten bir \u015fehir olacak&#8221; dedi.<\/p>\n<p>Yaz boyunca farkl\u0131 d\u00f6nemlerde devam edecek STEM At\u00f6lyesi hakk\u0131nda detayl\u0131 bilgi almak ve kay\u0131t yapt\u0131rmak isteyenler, &#8216;https:\/\/www.antalyabilimmerkezi.com&#8217; internet adresini ziyaret ederek bilgi alabilecek.<\/p>\n<p>Kaynak: www.kanalv.com.tr Haber Sitesinden Al\u0131nm\u0131\u015ft\u0131r.<\/p>","protected":false},"excerpt":{"rendered":"<p>ANTALYA Bilim Merkezi\u2019nin STEM (Fen, Teknoloji, M\u00fchendislik ve Matematik) At\u00f6lyesi, bilim ve teknolojiye ilgi duyan 7-14 ya\u015f aras\u0131 \u00e7ocuklar\u0131 hem e\u011flendiriyor hem de bilimle dolu bir gelece\u011fe haz\u0131rl\u0131yor. Kepez Belediyesi\u2019nin \u00e7at\u0131s\u0131 alt\u0131nda hizmet veren Antalya Bilim Merkezi, yaz tatilini verimli ge\u00e7irmek isteyen \u00e7ocuklar\u0131 STEM At\u00f6lyesi ile bulu\u015fturuyor. 7-14 ya\u015f aral\u0131\u011f\u0131ndaki \u00f6\u011frencilere y\u00f6nelik haz\u0131rlanan at\u00f6lye, \u00e7ocuklar\u0131n \u00f6\u011frenirken ke\u015ffetmesini ve \u00fcretmesini sa\u011fl\u0131yor. STEM temelli etkinliklerle donat\u0131lm\u0131\u015f at\u00f6lye program\u0131, \u00e7ocuklara elektronik devre kurulumundan yarat\u0131c\u0131 tasar\u0131m \u00e7al\u0131\u015fmalar\u0131na kadar bir\u00e7ok uygulamal\u0131 deneyim sunuyor. Alan\u0131nda uzman e\u011fitmenler rehberli\u011finde ger\u00e7ekle\u015fen e\u011fitimlerde, \u00e7ocuklar hem tak\u0131m \u00e7al\u0131\u015fmas\u0131n\u0131 \u00f6\u011freniyor hem de analitik ve yarat\u0131c\u0131 d\u00fc\u015f\u00fcnme becerilerini geli\u015ftiriyor. Program\u0131n temel hedefi, \u00e7ocuklar\u0131n teknolojiyi sadece t\u00fcketen de\u011fil, ayn\u0131 zamanda \u00fcreten bireyler olarak yeti\u015fmesini sa\u011fl\u0131yor. KEPEZ B\u0130L\u0130MLE VE TEKNOLOJ\u0130YLE B\u00dcY\u00dcYECEK Erken ya\u015fta bilimsel fark\u0131ndal\u0131k kazand\u0131rmay\u0131 ama\u00e7layan STEM At\u00f6lyesi, ayn\u0131 zamanda 21. y\u00fczy\u0131l becerileri olan problem \u00e7\u00f6zme, dijital okuryazarl\u0131k ve i\u015f birli\u011fi yetilerini de destekliyor. Kepez\u2019de bilimle b\u00fcy\u00fcyen bir neslin yeti\u015fti\u011fini belirten Kepez Belediye Ba\u015fkan\u0131 Mesut Kocag\u00f6z, &#8220;Bu \u00e7al\u0131\u015fmalarla \u00e7ocuklar\u0131m\u0131z hem e\u011fleniyor hem de gelece\u011fin bilim insanlar\u0131, mucitleri olma yolunda ilk ad\u0131mlar\u0131n\u0131 at\u0131yor. Kepez, bilim ve teknolojiyle geli\u015fen, \u00fcreten bir \u015fehir olacak&#8221; dedi. Yaz boyunca farkl\u0131 d\u00f6nemlerde devam edecek STEM At\u00f6lyesi hakk\u0131nda detayl\u0131 bilgi almak ve kay\u0131t yapt\u0131rmak isteyenler, &#8216;https:\/\/www.antalyabilimmerkezi.com&#8217; internet adresini ziyaret ederek &hellip;<\/p>","protected":false},"author":4,"featured_media":149016,"comment_status":"","ping_status":"open","sticky":false,"template":"","format":"standard","meta":{"_acf_changed":false,"footnotes":""},"categories":[26],"tags":[],"class_list":["post-149015","post","type-post","status-publish","format-standard","has-post-thumbnail","hentry","category-antalya"],"acf":[],"yoast_head":"<!-- This site is optimized with the Yoast SEO Premium plugin v26.6 (Yoast SEO v27.1.1) - https:\/\/yoast.com\/product\/yoast-seo-premium-wordpress\/ -->\n<title>Gelece\u011fin Mucitleri Kepez\u2019de Yeti\u015fiyor - Av. Deniz Can K\u0131z\u0131l<\/title>\n<meta name=\"robots\" content=\"index, follow, max-snippet:-1, max-image-preview:large, max-video-preview:-1\" \/>\n<link rel=\"canonical\" href=\"https:\/\/denizcankizil.tr\/ru\/haberler\/antalya\/gelecegin-mucitleri-kepezde-yetisiyor\/\" \/>\n<meta property=\"og:locale\" content=\"ru_RU\" \/>\n<meta property=\"og:type\" content=\"article\" \/>\n<meta property=\"og:title\" content=\"Gelece\u011fin Mucitleri Kepez\u2019de Yeti\u015fiyor\" \/>\n<meta property=\"og:description\" content=\"ANTALYA Bilim Merkezi\u2019nin STEM (Fen, Teknoloji, M\u00fchendislik ve Matematik) At\u00f6lyesi, bilim ve teknolojiye ilgi duyan 7-14 ya\u015f aras\u0131 \u00e7ocuklar\u0131 hem e\u011flendiriyor hem de bilimle dolu bir gelece\u011fe haz\u0131rl\u0131yor. Kepez Belediyesi\u2019nin \u00e7at\u0131s\u0131 alt\u0131nda hizmet veren Antalya Bilim Merkezi, yaz tatilini verimli ge\u00e7irmek isteyen \u00e7ocuklar\u0131 STEM At\u00f6lyesi ile bulu\u015fturuyor. 7-14 ya\u015f aral\u0131\u011f\u0131ndaki \u00f6\u011frencilere y\u00f6nelik haz\u0131rlanan at\u00f6lye, \u00e7ocuklar\u0131n \u00f6\u011frenirken ke\u015ffetmesini ve \u00fcretmesini sa\u011fl\u0131yor. STEM temelli etkinliklerle donat\u0131lm\u0131\u015f at\u00f6lye program\u0131, \u00e7ocuklara elektronik devre kurulumundan yarat\u0131c\u0131 tasar\u0131m \u00e7al\u0131\u015fmalar\u0131na kadar bir\u00e7ok uygulamal\u0131 deneyim sunuyor. Alan\u0131nda uzman e\u011fitmenler rehberli\u011finde ger\u00e7ekle\u015fen e\u011fitimlerde, \u00e7ocuklar hem tak\u0131m \u00e7al\u0131\u015fmas\u0131n\u0131 \u00f6\u011freniyor hem de analitik ve yarat\u0131c\u0131 d\u00fc\u015f\u00fcnme becerilerini geli\u015ftiriyor. Program\u0131n temel hedefi, \u00e7ocuklar\u0131n teknolojiyi sadece t\u00fcketen de\u011fil, ayn\u0131 zamanda \u00fcreten bireyler olarak yeti\u015fmesini sa\u011fl\u0131yor. KEPEZ B\u0130L\u0130MLE VE TEKNOLOJ\u0130YLE B\u00dcY\u00dcYECEK Erken ya\u015fta bilimsel fark\u0131ndal\u0131k kazand\u0131rmay\u0131 ama\u00e7layan STEM At\u00f6lyesi, ayn\u0131 zamanda 21. y\u00fczy\u0131l becerileri olan problem \u00e7\u00f6zme, dijital okuryazarl\u0131k ve i\u015f birli\u011fi yetilerini de destekliyor. Kepez\u2019de bilimle b\u00fcy\u00fcyen bir neslin yeti\u015fti\u011fini belirten Kepez Belediye Ba\u015fkan\u0131 Mesut Kocag\u00f6z, &#8220;Bu \u00e7al\u0131\u015fmalarla \u00e7ocuklar\u0131m\u0131z hem e\u011fleniyor hem de gelece\u011fin bilim insanlar\u0131, mucitleri olma yolunda ilk ad\u0131mlar\u0131n\u0131 at\u0131yor. Kepez, bilim ve teknolojiyle geli\u015fen, \u00fcreten bir \u015fehir olacak&#8221; dedi. Yaz boyunca farkl\u0131 d\u00f6nemlerde devam edecek STEM At\u00f6lyesi hakk\u0131nda detayl\u0131 bilgi almak ve kay\u0131t yapt\u0131rmak isteyenler, &#8216;https:\/\/www.antalyabilimmerkezi.com&#8217; internet adresini ziyaret ederek &hellip;\" \/>\n<meta property=\"og:url\" content=\"https:\/\/denizcankizil.tr\/ru\/haberler\/antalya\/gelecegin-mucitleri-kepezde-yetisiyor\/\" \/>\n<meta property=\"og:site_name\" content=\"Av. Deniz Can K\u0131z\u0131l\" \/>\n<meta property=\"article:published_time\" content=\"2025-07-17T15:41:37+00:00\" \/>\n<meta property=\"og:image\" content=\"https:\/\/denizcankizil.tr\/wp-content\/uploads\/2025\/07\/g-e-l-e-c-e-g-i-n-m-u-c-i-t-l-e-r-i-k-e-p-e-z-d-e-y-e-t-i-s-i-y-o-r-820441-243011-InWhjd.jpg\" \/>\n\t<meta property=\"og:image:width\" content=\"1280\" \/>\n\t<meta property=\"og:image:height\" content=\"720\" \/>\n\t<meta property=\"og:image:type\" content=\"image\/jpeg\" \/>\n<meta name=\"author\" content=\"Av. Deniz Can K\u0131z\u0131l\" \/>\n<meta name=\"twitter:card\" content=\"summary_large_image\" \/>\n<meta name=\"twitter:label1\" content=\"\u041d\u0430\u043f\u0438\u0441\u0430\u043d\u043e \u0430\u0432\u0442\u043e\u0440\u043e\u043c\" \/>\n\t<meta name=\"twitter:data1\" content=\"Av. Deniz Can K\u0131z\u0131l\" \/>\n\t<meta name=\"twitter:label2\" content=\"\u041f\u0440\u0438\u043c\u0435\u0440\u043d\u043e\u0435 \u0432\u0440\u0435\u043c\u044f \u0434\u043b\u044f \u0447\u0442\u0435\u043d\u0438\u044f\" \/>\n\t<meta name=\"twitter:data2\" content=\"1 \u043c\u0438\u043d\u0443\u0442\u0430\" \/>\n<script type=\"application\/ld+json\" class=\"yoast-schema-graph\">{\"@context\":\"https:\/\/schema.org\",\"@graph\":[{\"@type\":\"Article\",\"@id\":\"https:\/\/denizcankizil.tr\/de\/haberler\/antalya\/gelecegin-mucitleri-kepezde-yetisiyor\/#article\",\"isPartOf\":{\"@id\":\"https:\/\/denizcankizil.tr\/de\/haberler\/antalya\/gelecegin-mucitleri-kepezde-yetisiyor\/\"},\"author\":{\"name\":\"Av. Deniz Can K\u0131z\u0131l\",\"@id\":\"https:\/\/denizcankizil.tr\/de\/#\/schema\/person\/5dc1b22991bd7ac833867c10afc9b0ff\"},\"headline\":\"Gelece\u011fin Mucitleri Kepez\u2019de Yeti\u015fiyor\",\"datePublished\":\"2025-07-17T15:41:37+00:00\",\"mainEntityOfPage\":{\"@id\":\"https:\/\/denizcankizil.tr\/de\/haberler\/antalya\/gelecegin-mucitleri-kepezde-yetisiyor\/\"},\"wordCount\":305,\"publisher\":{\"@id\":\"https:\/\/denizcankizil.tr\/de\/#organization\"},\"image\":{\"@id\":\"https:\/\/denizcankizil.tr\/de\/haberler\/antalya\/gelecegin-mucitleri-kepezde-yetisiyor\/#primaryimage\"},\"thumbnailUrl\":\"https:\/\/denizcankizil.tr\/wp-content\/uploads\/2025\/07\/g-e-l-e-c-e-g-i-n-m-u-c-i-t-l-e-r-i-k-e-p-e-z-d-e-y-e-t-i-s-i-y-o-r-820441-243011-InWhjd.jpg\",\"articleSection\":[\"Antalya\"],\"inLanguage\":\"ru-RU\"},{\"@type\":\"WebPage\",\"@id\":\"https:\/\/denizcankizil.tr\/de\/haberler\/antalya\/gelecegin-mucitleri-kepezde-yetisiyor\/\",\"url\":\"https:\/\/denizcankizil.tr\/de\/haberler\/antalya\/gelecegin-mucitleri-kepezde-yetisiyor\/\",\"name\":\"Gelece\u011fin Mucitleri Kepez\u2019de Yeti\u015fiyor - Av. Deniz Can K\u0131z\u0131l\",\"isPartOf\":{\"@id\":\"https:\/\/denizcankizil.tr\/de\/#website\"},\"primaryImageOfPage\":{\"@id\":\"https:\/\/denizcankizil.tr\/de\/haberler\/antalya\/gelecegin-mucitleri-kepezde-yetisiyor\/#primaryimage\"},\"image\":{\"@id\":\"https:\/\/denizcankizil.tr\/de\/haberler\/antalya\/gelecegin-mucitleri-kepezde-yetisiyor\/#primaryimage\"},\"thumbnailUrl\":\"https:\/\/denizcankizil.tr\/wp-content\/uploads\/2025\/07\/g-e-l-e-c-e-g-i-n-m-u-c-i-t-l-e-r-i-k-e-p-e-z-d-e-y-e-t-i-s-i-y-o-r-820441-243011-InWhjd.jpg\",\"datePublished\":\"2025-07-17T15:41:37+00:00\",\"breadcrumb\":{\"@id\":\"https:\/\/denizcankizil.tr\/de\/haberler\/antalya\/gelecegin-mucitleri-kepezde-yetisiyor\/#breadcrumb\"},\"inLanguage\":\"ru-RU\",\"potentialAction\":[{\"@type\":\"ReadAction\",\"target\":[\"https:\/\/denizcankizil.tr\/de\/haberler\/antalya\/gelecegin-mucitleri-kepezde-yetisiyor\/\"]}]},{\"@type\":\"ImageObject\",\"inLanguage\":\"ru-RU\",\"@id\":\"https:\/\/denizcankizil.tr\/de\/haberler\/antalya\/gelecegin-mucitleri-kepezde-yetisiyor\/#primaryimage\",\"url\":\"https:\/\/denizcankizil.tr\/wp-content\/uploads\/2025\/07\/g-e-l-e-c-e-g-i-n-m-u-c-i-t-l-e-r-i-k-e-p-e-z-d-e-y-e-t-i-s-i-y-o-r-820441-243011-InWhjd.jpg\",\"contentUrl\":\"https:\/\/denizcankizil.tr\/wp-content\/uploads\/2025\/07\/g-e-l-e-c-e-g-i-n-m-u-c-i-t-l-e-r-i-k-e-p-e-z-d-e-y-e-t-i-s-i-y-o-r-820441-243011-InWhjd.jpg\",\"width\":1280,\"height\":720},{\"@type\":\"BreadcrumbList\",\"@id\":\"https:\/\/denizcankizil.tr\/de\/haberler\/antalya\/gelecegin-mucitleri-kepezde-yetisiyor\/#breadcrumb\",\"itemListElement\":[{\"@type\":\"ListItem\",\"position\":1,\"name\":\"Home\",\"item\":\"https:\/\/denizcankizil.tr\/de\/\"},{\"@type\":\"ListItem\",\"position\":2,\"name\":\"Gelece\u011fin Mucitleri Kepez\u2019de Yeti\u015fiyor\"}]},{\"@type\":\"WebSite\",\"@id\":\"https:\/\/denizcankizil.tr\/de\/#website\",\"url\":\"https:\/\/denizcankizil.tr\/de\/\",\"name\":\"Av. Deniz Can K\u0131z\u0131l\",\"description\":\"Avukat Deniz Can K\u0131z\u0131l Antalya Barosu\",\"publisher\":{\"@id\":\"https:\/\/denizcankizil.tr\/de\/#organization\"},\"potentialAction\":[{\"@type\":\"SearchAction\",\"target\":{\"@type\":\"EntryPoint\",\"urlTemplate\":\"https:\/\/denizcankizil.tr\/de\/?s={search_term_string}\"},\"query-input\":{\"@type\":\"PropertyValueSpecification\",\"valueRequired\":true,\"valueName\":\"search_term_string\"}}],\"inLanguage\":\"ru-RU\"},{\"@type\":\"Organization\",\"@id\":\"https:\/\/denizcankizil.tr\/de\/#organization\",\"name\":\"Av. Deniz Can K\u0131z\u0131l\",\"url\":\"https:\/\/denizcankizil.tr\/de\/\",\"logo\":{\"@type\":\"ImageObject\",\"inLanguage\":\"ru-RU\",\"@id\":\"https:\/\/denizcankizil.tr\/de\/#\/schema\/logo\/image\/\",\"url\":\"https:\/\/denizcankizil.tr\/wp-content\/uploads\/2024\/10\/siyah-logo-svg.svg\",\"contentUrl\":\"https:\/\/denizcankizil.tr\/wp-content\/uploads\/2024\/10\/siyah-logo-svg.svg\",\"width\":1080,\"height\":1080,\"caption\":\"Av. Deniz Can K\u0131z\u0131l\"},\"image\":{\"@id\":\"https:\/\/denizcankizil.tr\/de\/#\/schema\/logo\/image\/\"}},{\"@type\":\"Person\",\"@id\":\"https:\/\/denizcankizil.tr\/de\/#\/schema\/person\/5dc1b22991bd7ac833867c10afc9b0ff\",\"name\":\"Av. Deniz Can K\u0131z\u0131l\",\"image\":{\"@type\":\"ImageObject\",\"inLanguage\":\"ru-RU\",\"@id\":\"https:\/\/denizcankizil.tr\/de\/#\/schema\/person\/image\/\",\"url\":\"https:\/\/secure.gravatar.com\/avatar\/a0b128fb9855c79efc976d5640eedb31dc35ec297594d6016d2cf7c60e975bb6?s=96&d=mm&r=g\",\"contentUrl\":\"https:\/\/secure.gravatar.com\/avatar\/a0b128fb9855c79efc976d5640eedb31dc35ec297594d6016d2cf7c60e975bb6?s=96&d=mm&r=g\",\"caption\":\"Av. Deniz Can K\u0131z\u0131l\"},\"sameAs\":[\"http:\/\/www.denizcankizil.tr\"],\"url\":\"https:\/\/denizcankizil.tr\/ru\/author\/denizcankizil\/\"}]}<\/script>\n<!-- \/ Yoast SEO Premium plugin. -->","yoast_head_json":{"title":"Gelece\u011fin Mucitleri Kepez\u2019de Yeti\u015fiyor - Av. Deniz Can K\u0131z\u0131l","robots":{"index":"index","follow":"follow","max-snippet":"max-snippet:-1","max-image-preview":"max-image-preview:large","max-video-preview":"max-video-preview:-1"},"canonical":"https:\/\/denizcankizil.tr\/ru\/haberler\/antalya\/gelecegin-mucitleri-kepezde-yetisiyor\/","og_locale":"ru_RU","og_type":"article","og_title":"Gelece\u011fin Mucitleri Kepez\u2019de Yeti\u015fiyor","og_description":"ANTALYA Bilim Merkezi\u2019nin STEM (Fen, Teknoloji, M\u00fchendislik ve Matematik) At\u00f6lyesi, bilim ve teknolojiye ilgi duyan 7-14 ya\u015f aras\u0131 \u00e7ocuklar\u0131 hem e\u011flendiriyor hem de bilimle dolu bir gelece\u011fe haz\u0131rl\u0131yor. Kepez Belediyesi\u2019nin \u00e7at\u0131s\u0131 alt\u0131nda hizmet veren Antalya Bilim Merkezi, yaz tatilini verimli ge\u00e7irmek isteyen \u00e7ocuklar\u0131 STEM At\u00f6lyesi ile bulu\u015fturuyor. 7-14 ya\u015f aral\u0131\u011f\u0131ndaki \u00f6\u011frencilere y\u00f6nelik haz\u0131rlanan at\u00f6lye, \u00e7ocuklar\u0131n \u00f6\u011frenirken ke\u015ffetmesini ve \u00fcretmesini sa\u011fl\u0131yor. STEM temelli etkinliklerle donat\u0131lm\u0131\u015f at\u00f6lye program\u0131, \u00e7ocuklara elektronik devre kurulumundan yarat\u0131c\u0131 tasar\u0131m \u00e7al\u0131\u015fmalar\u0131na kadar bir\u00e7ok uygulamal\u0131 deneyim sunuyor. Alan\u0131nda uzman e\u011fitmenler rehberli\u011finde ger\u00e7ekle\u015fen e\u011fitimlerde, \u00e7ocuklar hem tak\u0131m \u00e7al\u0131\u015fmas\u0131n\u0131 \u00f6\u011freniyor hem de analitik ve yarat\u0131c\u0131 d\u00fc\u015f\u00fcnme becerilerini geli\u015ftiriyor. Program\u0131n temel hedefi, \u00e7ocuklar\u0131n teknolojiyi sadece t\u00fcketen de\u011fil, ayn\u0131 zamanda \u00fcreten bireyler olarak yeti\u015fmesini sa\u011fl\u0131yor. KEPEZ B\u0130L\u0130MLE VE TEKNOLOJ\u0130YLE B\u00dcY\u00dcYECEK Erken ya\u015fta bilimsel fark\u0131ndal\u0131k kazand\u0131rmay\u0131 ama\u00e7layan STEM At\u00f6lyesi, ayn\u0131 zamanda 21. y\u00fczy\u0131l becerileri olan problem \u00e7\u00f6zme, dijital okuryazarl\u0131k ve i\u015f birli\u011fi yetilerini de destekliyor. Kepez\u2019de bilimle b\u00fcy\u00fcyen bir neslin yeti\u015fti\u011fini belirten Kepez Belediye Ba\u015fkan\u0131 Mesut Kocag\u00f6z, &#8220;Bu \u00e7al\u0131\u015fmalarla \u00e7ocuklar\u0131m\u0131z hem e\u011fleniyor hem de gelece\u011fin bilim insanlar\u0131, mucitleri olma yolunda ilk ad\u0131mlar\u0131n\u0131 at\u0131yor. Kepez, bilim ve teknolojiyle geli\u015fen, \u00fcreten bir \u015fehir olacak&#8221; dedi. Yaz boyunca farkl\u0131 d\u00f6nemlerde devam edecek STEM At\u00f6lyesi hakk\u0131nda detayl\u0131 bilgi almak ve kay\u0131t yapt\u0131rmak isteyenler, &#8216;https:\/\/www.antalyabilimmerkezi.com&#8217; internet adresini ziyaret ederek &hellip;","og_url":"https:\/\/denizcankizil.tr\/ru\/haberler\/antalya\/gelecegin-mucitleri-kepezde-yetisiyor\/","og_site_name":"Av. Deniz Can K\u0131z\u0131l","article_published_time":"2025-07-17T15:41:37+00:00","og_image":[{"width":1280,"height":720,"url":"https:\/\/denizcankizil.tr\/wp-content\/uploads\/2025\/07\/g-e-l-e-c-e-g-i-n-m-u-c-i-t-l-e-r-i-k-e-p-e-z-d-e-y-e-t-i-s-i-y-o-r-820441-243011-InWhjd.jpg","type":"image\/jpeg"}],"author":"Av. Deniz Can K\u0131z\u0131l","twitter_card":"summary_large_image","twitter_misc":{"\u041d\u0430\u043f\u0438\u0441\u0430\u043d\u043e \u0430\u0432\u0442\u043e\u0440\u043e\u043c":"Av. Deniz Can K\u0131z\u0131l","\u041f\u0440\u0438\u043c\u0435\u0440\u043d\u043e\u0435 \u0432\u0440\u0435\u043c\u044f \u0434\u043b\u044f \u0447\u0442\u0435\u043d\u0438\u044f":"1 \u043c\u0438\u043d\u0443\u0442\u0430"},"schema":{"@context":"https:\/\/schema.org","@graph":[{"@type":"Article","@id":"https:\/\/denizcankizil.tr\/de\/haberler\/antalya\/gelecegin-mucitleri-kepezde-yetisiyor\/#article","isPartOf":{"@id":"https:\/\/denizcankizil.tr\/de\/haberler\/antalya\/gelecegin-mucitleri-kepezde-yetisiyor\/"},"author":{"name":"Av. Deniz Can K\u0131z\u0131l","@id":"https:\/\/denizcankizil.tr\/de\/#\/schema\/person\/5dc1b22991bd7ac833867c10afc9b0ff"},"headline":"Gelece\u011fin Mucitleri Kepez\u2019de Yeti\u015fiyor","datePublished":"2025-07-17T15:41:37+00:00","mainEntityOfPage":{"@id":"https:\/\/denizcankizil.tr\/de\/haberler\/antalya\/gelecegin-mucitleri-kepezde-yetisiyor\/"},"wordCount":305,"publisher":{"@id":"https:\/\/denizcankizil.tr\/de\/#organization"},"image":{"@id":"https:\/\/denizcankizil.tr\/de\/haberler\/antalya\/gelecegin-mucitleri-kepezde-yetisiyor\/#primaryimage"},"thumbnailUrl":"https:\/\/denizcankizil.tr\/wp-content\/uploads\/2025\/07\/g-e-l-e-c-e-g-i-n-m-u-c-i-t-l-e-r-i-k-e-p-e-z-d-e-y-e-t-i-s-i-y-o-r-820441-243011-InWhjd.jpg","articleSection":["Antalya"],"inLanguage":"ru-RU"},{"@type":"WebPage","@id":"https:\/\/denizcankizil.tr\/de\/haberler\/antalya\/gelecegin-mucitleri-kepezde-yetisiyor\/","url":"https:\/\/denizcankizil.tr\/de\/haberler\/antalya\/gelecegin-mucitleri-kepezde-yetisiyor\/","name":"Gelece\u011fin Mucitleri Kepez\u2019de Yeti\u015fiyor - Av. Deniz Can K\u0131z\u0131l","isPartOf":{"@id":"https:\/\/denizcankizil.tr\/de\/#website"},"primaryImageOfPage":{"@id":"https:\/\/denizcankizil.tr\/de\/haberler\/antalya\/gelecegin-mucitleri-kepezde-yetisiyor\/#primaryimage"},"image":{"@id":"https:\/\/denizcankizil.tr\/de\/haberler\/antalya\/gelecegin-mucitleri-kepezde-yetisiyor\/#primaryimage"},"thumbnailUrl":"https:\/\/denizcankizil.tr\/wp-content\/uploads\/2025\/07\/g-e-l-e-c-e-g-i-n-m-u-c-i-t-l-e-r-i-k-e-p-e-z-d-e-y-e-t-i-s-i-y-o-r-820441-243011-InWhjd.jpg","datePublished":"2025-07-17T15:41:37+00:00","breadcrumb":{"@id":"https:\/\/denizcankizil.tr\/de\/haberler\/antalya\/gelecegin-mucitleri-kepezde-yetisiyor\/#breadcrumb"},"inLanguage":"ru-RU","potentialAction":[{"@type":"ReadAction","target":["https:\/\/denizcankizil.tr\/de\/haberler\/antalya\/gelecegin-mucitleri-kepezde-yetisiyor\/"]}]},{"@type":"ImageObject","inLanguage":"ru-RU","@id":"https:\/\/denizcankizil.tr\/de\/haberler\/antalya\/gelecegin-mucitleri-kepezde-yetisiyor\/#primaryimage","url":"https:\/\/denizcankizil.tr\/wp-content\/uploads\/2025\/07\/g-e-l-e-c-e-g-i-n-m-u-c-i-t-l-e-r-i-k-e-p-e-z-d-e-y-e-t-i-s-i-y-o-r-820441-243011-InWhjd.jpg","contentUrl":"https:\/\/denizcankizil.tr\/wp-content\/uploads\/2025\/07\/g-e-l-e-c-e-g-i-n-m-u-c-i-t-l-e-r-i-k-e-p-e-z-d-e-y-e-t-i-s-i-y-o-r-820441-243011-InWhjd.jpg","width":1280,"height":720},{"@type":"BreadcrumbList","@id":"https:\/\/denizcankizil.tr\/de\/haberler\/antalya\/gelecegin-mucitleri-kepezde-yetisiyor\/#breadcrumb","itemListElement":[{"@type":"ListItem","position":1,"name":"Home","item":"https:\/\/denizcankizil.tr\/de\/"},{"@type":"ListItem","position":2,"name":"Gelece\u011fin Mucitleri Kepez\u2019de Yeti\u015fiyor"}]},{"@type":"WebSite","@id":"https:\/\/denizcankizil.tr\/de\/#website","url":"https:\/\/denizcankizil.tr\/de\/","name":"Av. Deniz Can K\u0131z\u0131l","description":"Avukat Deniz Can K\u0131z\u0131l Antalya Barosu","publisher":{"@id":"https:\/\/denizcankizil.tr\/de\/#organization"},"potentialAction":[{"@type":"SearchAction","target":{"@type":"EntryPoint","urlTemplate":"https:\/\/denizcankizil.tr\/de\/?s={search_term_string}"},"query-input":{"@type":"PropertyValueSpecification","valueRequired":true,"valueName":"search_term_string"}}],"inLanguage":"ru-RU"},{"@type":"Organization","@id":"https:\/\/denizcankizil.tr\/de\/#organization","name":"Av. Deniz Can K\u0131z\u0131l","url":"https:\/\/denizcankizil.tr\/de\/","logo":{"@type":"ImageObject","inLanguage":"ru-RU","@id":"https:\/\/denizcankizil.tr\/de\/#\/schema\/logo\/image\/","url":"https:\/\/denizcankizil.tr\/wp-content\/uploads\/2024\/10\/siyah-logo-svg.svg","contentUrl":"https:\/\/denizcankizil.tr\/wp-content\/uploads\/2024\/10\/siyah-logo-svg.svg","width":1080,"height":1080,"caption":"Av. Deniz Can K\u0131z\u0131l"},"image":{"@id":"https:\/\/denizcankizil.tr\/de\/#\/schema\/logo\/image\/"}},{"@type":"Person","@id":"https:\/\/denizcankizil.tr\/de\/#\/schema\/person\/5dc1b22991bd7ac833867c10afc9b0ff","name":"Av. Deniz Can K\u0131z\u0131l","image":{"@type":"ImageObject","inLanguage":"ru-RU","@id":"https:\/\/denizcankizil.tr\/de\/#\/schema\/person\/image\/","url":"https:\/\/secure.gravatar.com\/avatar\/a0b128fb9855c79efc976d5640eedb31dc35ec297594d6016d2cf7c60e975bb6?s=96&d=mm&r=g","contentUrl":"https:\/\/secure.gravatar.com\/avatar\/a0b128fb9855c79efc976d5640eedb31dc35ec297594d6016d2cf7c60e975bb6?s=96&d=mm&r=g","caption":"Av. Deniz Can K\u0131z\u0131l"},"sameAs":["http:\/\/www.denizcankizil.tr"],"url":"https:\/\/denizcankizil.tr\/ru\/author\/denizcankizil\/"}]}},"_links":{"self":[{"href":"https:\/\/denizcankizil.tr\/ru\/wp-json\/wp\/v2\/posts\/149015","targetHints":{"allow":["GET"]}}],"collection":[{"href":"https:\/\/denizcankizil.tr\/ru\/wp-json\/wp\/v2\/posts"}],"about":[{"href":"https:\/\/denizcankizil.tr\/ru\/wp-json\/wp\/v2\/types\/post"}],"author":[{"embeddable":true,"href":"https:\/\/denizcankizil.tr\/ru\/wp-json\/wp\/v2\/users\/4"}],"replies":[{"embeddable":true,"href":"https:\/\/denizcankizil.tr\/ru\/wp-json\/wp\/v2\/comments?post=149015"}],"version-history":[{"count":0,"href":"https:\/\/denizcankizil.tr\/ru\/wp-json\/wp\/v2\/posts\/149015\/revisions"}],"wp:featuredmedia":[{"embeddable":true,"href":"https:\/\/denizcankizil.tr\/ru\/wp-json\/wp\/v2\/media\/149016"}],"wp:attachment":[{"href":"https:\/\/denizcankizil.tr\/ru\/wp-json\/wp\/v2\/media?parent=149015"}],"wp:term":[{"taxonomy":"category","embeddable":true,"href":"https:\/\/denizcankizil.tr\/ru\/wp-json\/wp\/v2\/categories?post=149015"},{"taxonomy":"post_tag","embeddable":true,"href":"https:\/\/denizcankizil.tr\/ru\/wp-json\/wp\/v2\/tags?post=149015"}],"curies":[{"name":"wp","href":"https:\/\/api.w.org\/{rel}","templated":true}]}}