{"id":148971,"date":"2025-07-17T17:42:11","date_gmt":"2025-07-17T14:42:11","guid":{"rendered":"https:\/\/denizcankizil.tr\/uncategorized-tr\/firari-gokhan-bocekin-sosyal-medya-paylasimi-sok-etti-siz-yanmayin\/"},"modified":"2025-07-17T17:42:11","modified_gmt":"2025-07-17T14:42:11","slug":"firari-gokhan-bocekin-sosyal-medya-paylasimi-sok-etti-siz-yanmayin","status":"publish","type":"post","link":"https:\/\/denizcankizil.tr\/ru\/haberler\/gundem\/firari-gokhan-bocekin-sosyal-medya-paylasimi-sok-etti-siz-yanmayin\/","title":{"rendered":"Firari G\u00f6khan B\u00f6cek&#8217;in sosyal medya payla\u015f\u0131m\u0131 \u015fok etti! &#8220;Siz yanmay\u0131n&#8230;&#8221;"},"content":{"rendered":"<p>Antalya B\u00fcy\u00fck\u015fehir Belediye Ba\u015fkan\u0131 Muhittin B\u00f6cek&#8217;in tutuklanmas\u0131n\u0131n ard\u0131ndan g\u00f6zler o\u011flu G\u00f6khan B\u00f6cek&#8217;e \u00e7evrilmi\u015fti. Hakk\u0131nda g\u00f6zalt\u0131 karar\u0131 bulunan ancak yurtd\u0131\u015f\u0131nda oldu\u011fu i\u00e7in i\u015flem yap\u0131lmayan G\u00f6khan B\u00f6cek&#8217;in sosyal medya hesab\u0131ndan yapt\u0131\u011f\u0131 son payla\u015f\u0131m tepkilere neden oldu. \u0130talya&#8217;da oldu\u011fu bilinen ve babas\u0131yla ilgili soru\u015fturman\u0131n kilit isimlerinden biri olarak g\u00f6r\u00fcnen G\u00f6khan B\u00f6cek, babas\u0131 Muhittin B\u00f6cek ve o\u011flu Muhittin Aslan&#8217;\u0131n birlikte \u00e7ekilmi\u015f bir foto\u011fraf\u0131n\u0131 Ahmet Kaya&#8217;n\u0131n &#8220;Siz yanmay\u0131n&#8221; \u015fark\u0131s\u0131yla payla\u015ft\u0131.<\/p>\n<p>NE OLMU\u015eTU?<\/p>\n<p>Antalya B\u00fcy\u00fck\u015fehir Belediye Ba\u015fkan\u0131 Muhittin B\u00f6cek, o\u011flu Mustafa G\u00f6khan B\u00f6cek ve eski gelini Zeynep Kerimo\u011flu hakk\u0131nda g\u00f6zalt\u0131 karar\u0131 \u00e7\u0131km\u0131\u015ft\u0131. Ba\u015fkan B\u00f6cek ve eski geleni Zeynep Kerimo\u011flu g\u00f6zalt\u0131na al\u0131nm\u0131\u015ft\u0131. Ancak Ba\u015fkan B\u00f6cek\u2019in o\u011flu G\u00f6khan B\u00f6cek, yurtd\u0131\u015f\u0131nda oldu\u011fu i\u00e7in g\u00f6zalt\u0131na al\u0131namam\u0131\u015ft\u0131. Ba\u015fkan B\u00f6cek i\u00e7in haz\u0131rlanan iddia aras\u0131nda itiraf\u00e7\u0131 i\u015f insan\u0131 Yusuf Yado\u011flu Muhittin B\u00f6cek\u2019in o\u011flu bo\u015fan\u0131rken eski gelinine al\u0131nan evin paras\u0131n\u0131 kendisinin \u00f6dedi\u011fini ileri s\u00fcrm\u00fc\u015f, ikinci iddiada ise se\u00e7im d\u00f6neminde ara\u00e7 giydirme paralar\u0131n\u0131n da kendi \u015firketi taraf\u0131ndan G\u00f6khan B\u00f6cek\u2019in zorlamas\u0131 ile \u00f6dendi\u011fini ileri s\u00fcrm\u00fc\u015f\u00fc. Ba\u015fkan B\u00f6cek\u2019te emniyet ve savc\u0131l\u0131k ifadelerinde her iki konudan da haberi olmad\u0131\u011f\u0131n\u0131 bu sorular\u0131 o\u011flu G\u00f6khan B\u00f6cek\u2019in yan\u0131tlayabilece\u011fini, o\u011flunun Yusuf Yado\u011flu\u2019ndan bor\u00e7 alm\u0131\u015f olabilece\u011fini s\u00f6ylemi\u015fti.<\/p>\n<p>\u00dcLKEYE GER\u0130 D\u00d6NMED\u0130 <\/p>\n<p>Bu geli\u015fmelerden sonra Ba\u015fkan B\u00f6cek\u2019in eski gelini Kerimo\u011flu, serbest b\u0131rak\u0131lm\u0131\u015ft\u0131. Ancak Ba\u015fkan B\u00f6cek tutuklanarak, g\u00f6revinden uzakla\u015ft\u0131rt\u0131lm\u0131\u015ft\u0131. Ba\u015fkan B\u00f6cek\u2019in kurtulu\u015fu o\u011ful B\u00f6cek olarak g\u00f6r\u00fcl\u00fcyor. Bu olaylardan sonra G\u00f6khan B\u00f6cek\u2019in \u0130talya\u2019da oldu\u011fu \u00f6\u011frenilmi\u015fti. Ba\u015fkan B\u00f6cek\u2019in yak\u0131n \u00e7evresinin o\u011ful B\u00f6cek\u2019i aray\u0131p gelmesi i\u00e7in ikna etmeye \u00e7al\u0131\u015ft\u0131\u011f\u0131 \u00f6\u011frenilmi\u015fti. Ancak b\u00fct\u00fcn \u0131srarlara ra\u011fmen o\u011ful B\u00f6cek, \u00fclkeye geri d\u00f6nmedi.<\/p>\n<p>\u200bTutuklanan Antalya B\u00fcy\u00fck\u015fehir Belediye Ba\u015fkan\u0131 Muhittin B\u00f6cek&#8217;in o\u011flu G\u00f6khan B\u00f6cek&#8217;in, sosyal medyada yapt\u0131\u011f\u0131 payla\u015f\u0131m g\u00fcndem oldu. Hakk\u0131ndaki iddialar nedeniyle yurtd\u0131\u015f\u0131ndan d\u00f6nmeyen G\u00f6khan B\u00f6cek, babas\u0131 ve o\u011flu Muhittin Aslan&#8217;\u0131n bulundu\u011fu foto\u011fraf\u0131, Ahmet Kaya&#8217;n\u0131n  &#8220;Siz yanmay\u0131n&#8221; \u015fark\u0131s\u0131 e\u015fli\u011finde payla\u015ft\u0131.\u00a0<\/p>\n<p>\u200bHaberin Al\u0131nt\u0131land\u0131\u011f\u0131 Kaynak: www.antalyakorfez.com<\/p>","protected":false},"excerpt":{"rendered":"<p>Antalya B\u00fcy\u00fck\u015fehir Belediye Ba\u015fkan\u0131 Muhittin B\u00f6cek&#8217;in tutuklanmas\u0131n\u0131n ard\u0131ndan g\u00f6zler o\u011flu G\u00f6khan B\u00f6cek&#8217;e \u00e7evrilmi\u015fti. Hakk\u0131nda g\u00f6zalt\u0131 karar\u0131 bulunan ancak yurtd\u0131\u015f\u0131nda oldu\u011fu i\u00e7in i\u015flem yap\u0131lmayan G\u00f6khan B\u00f6cek&#8217;in sosyal medya hesab\u0131ndan yapt\u0131\u011f\u0131 son payla\u015f\u0131m tepkilere neden oldu. \u0130talya&#8217;da oldu\u011fu bilinen ve babas\u0131yla ilgili soru\u015fturman\u0131n kilit isimlerinden biri olarak g\u00f6r\u00fcnen G\u00f6khan B\u00f6cek, babas\u0131 Muhittin B\u00f6cek ve o\u011flu Muhittin Aslan&#8217;\u0131n birlikte \u00e7ekilmi\u015f bir foto\u011fraf\u0131n\u0131 Ahmet Kaya&#8217;n\u0131n &#8220;Siz yanmay\u0131n&#8221; \u015fark\u0131s\u0131yla payla\u015ft\u0131. NE OLMU\u015eTU? Antalya B\u00fcy\u00fck\u015fehir Belediye Ba\u015fkan\u0131 Muhittin B\u00f6cek, o\u011flu Mustafa G\u00f6khan B\u00f6cek ve eski gelini Zeynep Kerimo\u011flu hakk\u0131nda g\u00f6zalt\u0131 karar\u0131 \u00e7\u0131km\u0131\u015ft\u0131. Ba\u015fkan B\u00f6cek ve eski geleni Zeynep Kerimo\u011flu g\u00f6zalt\u0131na al\u0131nm\u0131\u015ft\u0131. Ancak Ba\u015fkan B\u00f6cek\u2019in o\u011flu G\u00f6khan B\u00f6cek, yurtd\u0131\u015f\u0131nda oldu\u011fu i\u00e7in g\u00f6zalt\u0131na al\u0131namam\u0131\u015ft\u0131. Ba\u015fkan B\u00f6cek i\u00e7in haz\u0131rlanan iddia aras\u0131nda itiraf\u00e7\u0131 i\u015f insan\u0131 Yusuf Yado\u011flu Muhittin B\u00f6cek\u2019in o\u011flu bo\u015fan\u0131rken eski gelinine al\u0131nan evin paras\u0131n\u0131 kendisinin \u00f6dedi\u011fini ileri s\u00fcrm\u00fc\u015f, ikinci iddiada ise se\u00e7im d\u00f6neminde ara\u00e7 giydirme paralar\u0131n\u0131n da kendi \u015firketi taraf\u0131ndan G\u00f6khan B\u00f6cek\u2019in zorlamas\u0131 ile \u00f6dendi\u011fini ileri s\u00fcrm\u00fc\u015f\u00fc. Ba\u015fkan B\u00f6cek\u2019te emniyet ve savc\u0131l\u0131k ifadelerinde her iki konudan da haberi olmad\u0131\u011f\u0131n\u0131 bu sorular\u0131 o\u011flu G\u00f6khan B\u00f6cek\u2019in yan\u0131tlayabilece\u011fini, o\u011flunun Yusuf Yado\u011flu\u2019ndan bor\u00e7 alm\u0131\u015f olabilece\u011fini s\u00f6ylemi\u015fti. \u00dcLKEYE GER\u0130 D\u00d6NMED\u0130 Bu geli\u015fmelerden sonra Ba\u015fkan B\u00f6cek\u2019in eski gelini Kerimo\u011flu, serbest b\u0131rak\u0131lm\u0131\u015ft\u0131. Ancak Ba\u015fkan B\u00f6cek tutuklanarak, g\u00f6revinden uzakla\u015ft\u0131rt\u0131lm\u0131\u015ft\u0131. Ba\u015fkan B\u00f6cek\u2019in kurtulu\u015fu o\u011ful B\u00f6cek olarak g\u00f6r\u00fcl\u00fcyor. &hellip;<\/p>","protected":false},"author":5,"featured_media":0,"comment_status":"","ping_status":"open","sticky":false,"template":"","format":"standard","meta":{"_acf_changed":false,"footnotes":""},"categories":[24],"tags":[],"class_list":["post-148971","post","type-post","status-publish","format-standard","has-post-thumbnail","hentry","category-gundem"],"acf":[],"yoast_head":"<!-- This site is optimized with the Yoast SEO Premium plugin v26.6 (Yoast SEO v27.1.1) - https:\/\/yoast.com\/product\/yoast-seo-premium-wordpress\/ -->\n<title>Firari G\u00f6khan B\u00f6cek&#039;in sosyal medya payla\u015f\u0131m\u0131 \u015fok etti! &quot;Siz yanmay\u0131n...&quot; - Av. Deniz Can K\u0131z\u0131l<\/title>\n<meta name=\"robots\" content=\"index, follow, max-snippet:-1, max-image-preview:large, max-video-preview:-1\" \/>\n<link rel=\"canonical\" href=\"https:\/\/denizcankizil.tr\/ru\/haberler\/gundem\/firari-gokhan-bocekin-sosyal-medya-paylasimi-sok-etti-siz-yanmayin\/\" \/>\n<meta property=\"og:locale\" content=\"ru_RU\" \/>\n<meta property=\"og:type\" content=\"article\" \/>\n<meta property=\"og:title\" content=\"Firari G\u00f6khan B\u00f6cek&#039;in sosyal medya payla\u015f\u0131m\u0131 \u015fok etti! &quot;Siz yanmay\u0131n...&quot;\" \/>\n<meta property=\"og:description\" content=\"Antalya B\u00fcy\u00fck\u015fehir Belediye Ba\u015fkan\u0131 Muhittin B\u00f6cek&#8217;in tutuklanmas\u0131n\u0131n ard\u0131ndan g\u00f6zler o\u011flu G\u00f6khan B\u00f6cek&#8217;e \u00e7evrilmi\u015fti. Hakk\u0131nda g\u00f6zalt\u0131 karar\u0131 bulunan ancak yurtd\u0131\u015f\u0131nda oldu\u011fu i\u00e7in i\u015flem yap\u0131lmayan G\u00f6khan B\u00f6cek&#8217;in sosyal medya hesab\u0131ndan yapt\u0131\u011f\u0131 son payla\u015f\u0131m tepkilere neden oldu. \u0130talya&#8217;da oldu\u011fu bilinen ve babas\u0131yla ilgili soru\u015fturman\u0131n kilit isimlerinden biri olarak g\u00f6r\u00fcnen G\u00f6khan B\u00f6cek, babas\u0131 Muhittin B\u00f6cek ve o\u011flu Muhittin Aslan&#8217;\u0131n birlikte \u00e7ekilmi\u015f bir foto\u011fraf\u0131n\u0131 Ahmet Kaya&#8217;n\u0131n &#8220;Siz yanmay\u0131n&#8221; \u015fark\u0131s\u0131yla payla\u015ft\u0131. NE OLMU\u015eTU? Antalya B\u00fcy\u00fck\u015fehir Belediye Ba\u015fkan\u0131 Muhittin B\u00f6cek, o\u011flu Mustafa G\u00f6khan B\u00f6cek ve eski gelini Zeynep Kerimo\u011flu hakk\u0131nda g\u00f6zalt\u0131 karar\u0131 \u00e7\u0131km\u0131\u015ft\u0131. Ba\u015fkan B\u00f6cek ve eski geleni Zeynep Kerimo\u011flu g\u00f6zalt\u0131na al\u0131nm\u0131\u015ft\u0131. Ancak Ba\u015fkan B\u00f6cek\u2019in o\u011flu G\u00f6khan B\u00f6cek, yurtd\u0131\u015f\u0131nda oldu\u011fu i\u00e7in g\u00f6zalt\u0131na al\u0131namam\u0131\u015ft\u0131. Ba\u015fkan B\u00f6cek i\u00e7in haz\u0131rlanan iddia aras\u0131nda itiraf\u00e7\u0131 i\u015f insan\u0131 Yusuf Yado\u011flu Muhittin B\u00f6cek\u2019in o\u011flu bo\u015fan\u0131rken eski gelinine al\u0131nan evin paras\u0131n\u0131 kendisinin \u00f6dedi\u011fini ileri s\u00fcrm\u00fc\u015f, ikinci iddiada ise se\u00e7im d\u00f6neminde ara\u00e7 giydirme paralar\u0131n\u0131n da kendi \u015firketi taraf\u0131ndan G\u00f6khan B\u00f6cek\u2019in zorlamas\u0131 ile \u00f6dendi\u011fini ileri s\u00fcrm\u00fc\u015f\u00fc. Ba\u015fkan B\u00f6cek\u2019te emniyet ve savc\u0131l\u0131k ifadelerinde her iki konudan da haberi olmad\u0131\u011f\u0131n\u0131 bu sorular\u0131 o\u011flu G\u00f6khan B\u00f6cek\u2019in yan\u0131tlayabilece\u011fini, o\u011flunun Yusuf Yado\u011flu\u2019ndan bor\u00e7 alm\u0131\u015f olabilece\u011fini s\u00f6ylemi\u015fti. \u00dcLKEYE GER\u0130 D\u00d6NMED\u0130 Bu geli\u015fmelerden sonra Ba\u015fkan B\u00f6cek\u2019in eski gelini Kerimo\u011flu, serbest b\u0131rak\u0131lm\u0131\u015ft\u0131. Ancak Ba\u015fkan B\u00f6cek tutuklanarak, g\u00f6revinden uzakla\u015ft\u0131rt\u0131lm\u0131\u015ft\u0131. Ba\u015fkan B\u00f6cek\u2019in kurtulu\u015fu o\u011ful B\u00f6cek olarak g\u00f6r\u00fcl\u00fcyor. &hellip;\" \/>\n<meta property=\"og:url\" content=\"https:\/\/denizcankizil.tr\/ru\/haberler\/gundem\/firari-gokhan-bocekin-sosyal-medya-paylasimi-sok-etti-siz-yanmayin\/\" \/>\n<meta property=\"og:site_name\" content=\"Av. Deniz Can K\u0131z\u0131l\" \/>\n<meta property=\"article:published_time\" content=\"2025-07-17T14:42:11+00:00\" \/>\n<meta name=\"author\" content=\"Antalya K\u00f6rfez\" \/>\n<meta name=\"twitter:card\" content=\"summary_large_image\" \/>\n<meta name=\"twitter:label1\" content=\"\u041d\u0430\u043f\u0438\u0441\u0430\u043d\u043e \u0430\u0432\u0442\u043e\u0440\u043e\u043c\" \/>\n\t<meta name=\"twitter:data1\" content=\"Antalya K\u00f6rfez\" \/>\n\t<meta name=\"twitter:label2\" content=\"\u041f\u0440\u0438\u043c\u0435\u0440\u043d\u043e\u0435 \u0432\u0440\u0435\u043c\u044f \u0434\u043b\u044f \u0447\u0442\u0435\u043d\u0438\u044f\" \/>\n\t<meta name=\"twitter:data2\" content=\"2 \u043c\u0438\u043d\u0443\u0442\u044b\" \/>\n<script type=\"application\/ld+json\" class=\"yoast-schema-graph\">{\"@context\":\"https:\/\/schema.org\",\"@graph\":[{\"@type\":\"Article\",\"@id\":\"https:\/\/denizcankizil.tr\/ru\/haberler\/gundem\/firari-gokhan-bocekin-sosyal-medya-paylasimi-sok-etti-siz-yanmayin\/#article\",\"isPartOf\":{\"@id\":\"https:\/\/denizcankizil.tr\/ru\/haberler\/gundem\/firari-gokhan-bocekin-sosyal-medya-paylasimi-sok-etti-siz-yanmayin\/\"},\"author\":{\"name\":\"Antalya K\u00f6rfez\",\"@id\":\"https:\/\/denizcankizil.tr\/#\/schema\/person\/e1eb71bb4dd684d46563f0af307e1234\"},\"headline\":\"Firari G\u00f6khan B\u00f6cek&#8217;in sosyal medya payla\u015f\u0131m\u0131 \u015fok etti! &#8220;Siz yanmay\u0131n&#8230;&#8221;\",\"datePublished\":\"2025-07-17T14:42:11+00:00\",\"mainEntityOfPage\":{\"@id\":\"https:\/\/denizcankizil.tr\/ru\/haberler\/gundem\/firari-gokhan-bocekin-sosyal-medya-paylasimi-sok-etti-siz-yanmayin\/\"},\"wordCount\":489,\"publisher\":{\"@id\":\"https:\/\/denizcankizil.tr\/#organization\"},\"articleSection\":[\"G\u00fcndem\"],\"inLanguage\":\"ru-RU\"},{\"@type\":\"WebPage\",\"@id\":\"https:\/\/denizcankizil.tr\/ru\/haberler\/gundem\/firari-gokhan-bocekin-sosyal-medya-paylasimi-sok-etti-siz-yanmayin\/\",\"url\":\"https:\/\/denizcankizil.tr\/ru\/haberler\/gundem\/firari-gokhan-bocekin-sosyal-medya-paylasimi-sok-etti-siz-yanmayin\/\",\"name\":\"Firari G\u00f6khan B\u00f6cek'in sosyal medya payla\u015f\u0131m\u0131 \u015fok etti! \\\"Siz yanmay\u0131n...\\\" - Av. Deniz Can K\u0131z\u0131l\",\"isPartOf\":{\"@id\":\"https:\/\/denizcankizil.tr\/#website\"},\"datePublished\":\"2025-07-17T14:42:11+00:00\",\"breadcrumb\":{\"@id\":\"https:\/\/denizcankizil.tr\/ru\/haberler\/gundem\/firari-gokhan-bocekin-sosyal-medya-paylasimi-sok-etti-siz-yanmayin\/#breadcrumb\"},\"inLanguage\":\"ru-RU\",\"potentialAction\":[{\"@type\":\"ReadAction\",\"target\":[\"https:\/\/denizcankizil.tr\/ru\/haberler\/gundem\/firari-gokhan-bocekin-sosyal-medya-paylasimi-sok-etti-siz-yanmayin\/\"]}]},{\"@type\":\"BreadcrumbList\",\"@id\":\"https:\/\/denizcankizil.tr\/ru\/haberler\/gundem\/firari-gokhan-bocekin-sosyal-medya-paylasimi-sok-etti-siz-yanmayin\/#breadcrumb\",\"itemListElement\":[{\"@type\":\"ListItem\",\"position\":1,\"name\":\"Home\",\"item\":\"https:\/\/denizcankizil.tr\/uk\/\"},{\"@type\":\"ListItem\",\"position\":2,\"name\":\"Firari G\u00f6khan B\u00f6cek&#8217;in sosyal medya payla\u015f\u0131m\u0131 \u015fok etti! &#8220;Siz yanmay\u0131n&#8230;&#8221;\"}]},{\"@type\":\"WebSite\",\"@id\":\"https:\/\/denizcankizil.tr\/#website\",\"url\":\"https:\/\/denizcankizil.tr\/\",\"name\":\"Av. Deniz Can K\u0131z\u0131l\",\"description\":\"Avukat Deniz Can K\u0131z\u0131l Antalya Barosu\",\"publisher\":{\"@id\":\"https:\/\/denizcankizil.tr\/#organization\"},\"potentialAction\":[{\"@type\":\"SearchAction\",\"target\":{\"@type\":\"EntryPoint\",\"urlTemplate\":\"https:\/\/denizcankizil.tr\/?s={search_term_string}\"},\"query-input\":{\"@type\":\"PropertyValueSpecification\",\"valueRequired\":true,\"valueName\":\"search_term_string\"}}],\"inLanguage\":\"ru-RU\"},{\"@type\":\"Organization\",\"@id\":\"https:\/\/denizcankizil.tr\/#organization\",\"name\":\"Av. Deniz Can K\u0131z\u0131l\",\"url\":\"https:\/\/denizcankizil.tr\/\",\"logo\":{\"@type\":\"ImageObject\",\"inLanguage\":\"ru-RU\",\"@id\":\"https:\/\/denizcankizil.tr\/#\/schema\/logo\/image\/\",\"url\":\"https:\/\/denizcankizil.tr\/wp-content\/uploads\/2024\/10\/siyah-logo-svg.svg\",\"contentUrl\":\"https:\/\/denizcankizil.tr\/wp-content\/uploads\/2024\/10\/siyah-logo-svg.svg\",\"width\":1080,\"height\":1080,\"caption\":\"Av. Deniz Can K\u0131z\u0131l\"},\"image\":{\"@id\":\"https:\/\/denizcankizil.tr\/#\/schema\/logo\/image\/\"}},{\"@type\":\"Person\",\"@id\":\"https:\/\/denizcankizil.tr\/#\/schema\/person\/e1eb71bb4dd684d46563f0af307e1234\",\"name\":\"Antalya K\u00f6rfez\",\"image\":{\"@type\":\"ImageObject\",\"inLanguage\":\"ru-RU\",\"@id\":\"https:\/\/denizcankizil.tr\/#\/schema\/person\/image\/\",\"url\":\"https:\/\/secure.gravatar.com\/avatar\/42b01982558a48a0b501fdcab6a408d3717ea5919095ee2e67b0e521799c5905?s=96&d=mm&r=g\",\"contentUrl\":\"https:\/\/secure.gravatar.com\/avatar\/42b01982558a48a0b501fdcab6a408d3717ea5919095ee2e67b0e521799c5905?s=96&d=mm&r=g\",\"caption\":\"Antalya K\u00f6rfez\"},\"sameAs\":[\"http:\/\/www.antalyakorfez.com\"],\"url\":\"https:\/\/www.antalyakorfez.com\/firari-gokhan-bocekin-sosyal-medya-paylasimi-sok-etti-siz-yanmayin\"}]}<\/script>\n<!-- \/ Yoast SEO Premium plugin. -->","yoast_head_json":{"title":"Firari G\u00f6khan B\u00f6cek'in sosyal medya payla\u015f\u0131m\u0131 \u015fok etti! \"Siz yanmay\u0131n...\" - Av. Deniz Can K\u0131z\u0131l","robots":{"index":"index","follow":"follow","max-snippet":"max-snippet:-1","max-image-preview":"max-image-preview:large","max-video-preview":"max-video-preview:-1"},"canonical":"https:\/\/denizcankizil.tr\/ru\/haberler\/gundem\/firari-gokhan-bocekin-sosyal-medya-paylasimi-sok-etti-siz-yanmayin\/","og_locale":"ru_RU","og_type":"article","og_title":"Firari G\u00f6khan B\u00f6cek'in sosyal medya payla\u015f\u0131m\u0131 \u015fok etti! \"Siz yanmay\u0131n...\"","og_description":"Antalya B\u00fcy\u00fck\u015fehir Belediye Ba\u015fkan\u0131 Muhittin B\u00f6cek&#8217;in tutuklanmas\u0131n\u0131n ard\u0131ndan g\u00f6zler o\u011flu G\u00f6khan B\u00f6cek&#8217;e \u00e7evrilmi\u015fti. Hakk\u0131nda g\u00f6zalt\u0131 karar\u0131 bulunan ancak yurtd\u0131\u015f\u0131nda oldu\u011fu i\u00e7in i\u015flem yap\u0131lmayan G\u00f6khan B\u00f6cek&#8217;in sosyal medya hesab\u0131ndan yapt\u0131\u011f\u0131 son payla\u015f\u0131m tepkilere neden oldu. \u0130talya&#8217;da oldu\u011fu bilinen ve babas\u0131yla ilgili soru\u015fturman\u0131n kilit isimlerinden biri olarak g\u00f6r\u00fcnen G\u00f6khan B\u00f6cek, babas\u0131 Muhittin B\u00f6cek ve o\u011flu Muhittin Aslan&#8217;\u0131n birlikte \u00e7ekilmi\u015f bir foto\u011fraf\u0131n\u0131 Ahmet Kaya&#8217;n\u0131n &#8220;Siz yanmay\u0131n&#8221; \u015fark\u0131s\u0131yla payla\u015ft\u0131. NE OLMU\u015eTU? Antalya B\u00fcy\u00fck\u015fehir Belediye Ba\u015fkan\u0131 Muhittin B\u00f6cek, o\u011flu Mustafa G\u00f6khan B\u00f6cek ve eski gelini Zeynep Kerimo\u011flu hakk\u0131nda g\u00f6zalt\u0131 karar\u0131 \u00e7\u0131km\u0131\u015ft\u0131. Ba\u015fkan B\u00f6cek ve eski geleni Zeynep Kerimo\u011flu g\u00f6zalt\u0131na al\u0131nm\u0131\u015ft\u0131. Ancak Ba\u015fkan B\u00f6cek\u2019in o\u011flu G\u00f6khan B\u00f6cek, yurtd\u0131\u015f\u0131nda oldu\u011fu i\u00e7in g\u00f6zalt\u0131na al\u0131namam\u0131\u015ft\u0131. Ba\u015fkan B\u00f6cek i\u00e7in haz\u0131rlanan iddia aras\u0131nda itiraf\u00e7\u0131 i\u015f insan\u0131 Yusuf Yado\u011flu Muhittin B\u00f6cek\u2019in o\u011flu bo\u015fan\u0131rken eski gelinine al\u0131nan evin paras\u0131n\u0131 kendisinin \u00f6dedi\u011fini ileri s\u00fcrm\u00fc\u015f, ikinci iddiada ise se\u00e7im d\u00f6neminde ara\u00e7 giydirme paralar\u0131n\u0131n da kendi \u015firketi taraf\u0131ndan G\u00f6khan B\u00f6cek\u2019in zorlamas\u0131 ile \u00f6dendi\u011fini ileri s\u00fcrm\u00fc\u015f\u00fc. Ba\u015fkan B\u00f6cek\u2019te emniyet ve savc\u0131l\u0131k ifadelerinde her iki konudan da haberi olmad\u0131\u011f\u0131n\u0131 bu sorular\u0131 o\u011flu G\u00f6khan B\u00f6cek\u2019in yan\u0131tlayabilece\u011fini, o\u011flunun Yusuf Yado\u011flu\u2019ndan bor\u00e7 alm\u0131\u015f olabilece\u011fini s\u00f6ylemi\u015fti. \u00dcLKEYE GER\u0130 D\u00d6NMED\u0130 Bu geli\u015fmelerden sonra Ba\u015fkan B\u00f6cek\u2019in eski gelini Kerimo\u011flu, serbest b\u0131rak\u0131lm\u0131\u015ft\u0131. Ancak Ba\u015fkan B\u00f6cek tutuklanarak, g\u00f6revinden uzakla\u015ft\u0131rt\u0131lm\u0131\u015ft\u0131. Ba\u015fkan B\u00f6cek\u2019in kurtulu\u015fu o\u011ful B\u00f6cek olarak g\u00f6r\u00fcl\u00fcyor. &hellip;","og_url":"https:\/\/denizcankizil.tr\/ru\/haberler\/gundem\/firari-gokhan-bocekin-sosyal-medya-paylasimi-sok-etti-siz-yanmayin\/","og_site_name":"Av. Deniz Can K\u0131z\u0131l","article_published_time":"2025-07-17T14:42:11+00:00","author":"Antalya K\u00f6rfez","twitter_card":"summary_large_image","twitter_misc":{"\u041d\u0430\u043f\u0438\u0441\u0430\u043d\u043e \u0430\u0432\u0442\u043e\u0440\u043e\u043c":"Antalya K\u00f6rfez","\u041f\u0440\u0438\u043c\u0435\u0440\u043d\u043e\u0435 \u0432\u0440\u0435\u043c\u044f \u0434\u043b\u044f \u0447\u0442\u0435\u043d\u0438\u044f":"2 \u043c\u0438\u043d\u0443\u0442\u044b"},"schema":{"@context":"https:\/\/schema.org","@graph":[{"@type":"Article","@id":"https:\/\/denizcankizil.tr\/ru\/haberler\/gundem\/firari-gokhan-bocekin-sosyal-medya-paylasimi-sok-etti-siz-yanmayin\/#article","isPartOf":{"@id":"https:\/\/denizcankizil.tr\/ru\/haberler\/gundem\/firari-gokhan-bocekin-sosyal-medya-paylasimi-sok-etti-siz-yanmayin\/"},"author":{"name":"Antalya K\u00f6rfez","@id":"https:\/\/denizcankizil.tr\/#\/schema\/person\/e1eb71bb4dd684d46563f0af307e1234"},"headline":"Firari G\u00f6khan B\u00f6cek&#8217;in sosyal medya payla\u015f\u0131m\u0131 \u015fok etti! &#8220;Siz yanmay\u0131n&#8230;&#8221;","datePublished":"2025-07-17T14:42:11+00:00","mainEntityOfPage":{"@id":"https:\/\/denizcankizil.tr\/ru\/haberler\/gundem\/firari-gokhan-bocekin-sosyal-medya-paylasimi-sok-etti-siz-yanmayin\/"},"wordCount":489,"publisher":{"@id":"https:\/\/denizcankizil.tr\/#organization"},"articleSection":["G\u00fcndem"],"inLanguage":"ru-RU"},{"@type":"WebPage","@id":"https:\/\/denizcankizil.tr\/ru\/haberler\/gundem\/firari-gokhan-bocekin-sosyal-medya-paylasimi-sok-etti-siz-yanmayin\/","url":"https:\/\/denizcankizil.tr\/ru\/haberler\/gundem\/firari-gokhan-bocekin-sosyal-medya-paylasimi-sok-etti-siz-yanmayin\/","name":"Firari G\u00f6khan B\u00f6cek'in sosyal medya payla\u015f\u0131m\u0131 \u015fok etti! \"Siz yanmay\u0131n...\" - Av. Deniz Can K\u0131z\u0131l","isPartOf":{"@id":"https:\/\/denizcankizil.tr\/#website"},"datePublished":"2025-07-17T14:42:11+00:00","breadcrumb":{"@id":"https:\/\/denizcankizil.tr\/ru\/haberler\/gundem\/firari-gokhan-bocekin-sosyal-medya-paylasimi-sok-etti-siz-yanmayin\/#breadcrumb"},"inLanguage":"ru-RU","potentialAction":[{"@type":"ReadAction","target":["https:\/\/denizcankizil.tr\/ru\/haberler\/gundem\/firari-gokhan-bocekin-sosyal-medya-paylasimi-sok-etti-siz-yanmayin\/"]}]},{"@type":"BreadcrumbList","@id":"https:\/\/denizcankizil.tr\/ru\/haberler\/gundem\/firari-gokhan-bocekin-sosyal-medya-paylasimi-sok-etti-siz-yanmayin\/#breadcrumb","itemListElement":[{"@type":"ListItem","position":1,"name":"Home","item":"https:\/\/denizcankizil.tr\/uk\/"},{"@type":"ListItem","position":2,"name":"Firari G\u00f6khan B\u00f6cek&#8217;in sosyal medya payla\u015f\u0131m\u0131 \u015fok etti! &#8220;Siz yanmay\u0131n&#8230;&#8221;"}]},{"@type":"WebSite","@id":"https:\/\/denizcankizil.tr\/#website","url":"https:\/\/denizcankizil.tr\/","name":"Av. Deniz Can K\u0131z\u0131l","description":"Avukat Deniz Can K\u0131z\u0131l Antalya Barosu","publisher":{"@id":"https:\/\/denizcankizil.tr\/#organization"},"potentialAction":[{"@type":"SearchAction","target":{"@type":"EntryPoint","urlTemplate":"https:\/\/denizcankizil.tr\/?s={search_term_string}"},"query-input":{"@type":"PropertyValueSpecification","valueRequired":true,"valueName":"search_term_string"}}],"inLanguage":"ru-RU"},{"@type":"Organization","@id":"https:\/\/denizcankizil.tr\/#organization","name":"Av. Deniz Can K\u0131z\u0131l","url":"https:\/\/denizcankizil.tr\/","logo":{"@type":"ImageObject","inLanguage":"ru-RU","@id":"https:\/\/denizcankizil.tr\/#\/schema\/logo\/image\/","url":"https:\/\/denizcankizil.tr\/wp-content\/uploads\/2024\/10\/siyah-logo-svg.svg","contentUrl":"https:\/\/denizcankizil.tr\/wp-content\/uploads\/2024\/10\/siyah-logo-svg.svg","width":1080,"height":1080,"caption":"Av. Deniz Can K\u0131z\u0131l"},"image":{"@id":"https:\/\/denizcankizil.tr\/#\/schema\/logo\/image\/"}},{"@type":"Person","@id":"https:\/\/denizcankizil.tr\/#\/schema\/person\/e1eb71bb4dd684d46563f0af307e1234","name":"Antalya K\u00f6rfez","image":{"@type":"ImageObject","inLanguage":"ru-RU","@id":"https:\/\/denizcankizil.tr\/#\/schema\/person\/image\/","url":"https:\/\/secure.gravatar.com\/avatar\/42b01982558a48a0b501fdcab6a408d3717ea5919095ee2e67b0e521799c5905?s=96&d=mm&r=g","contentUrl":"https:\/\/secure.gravatar.com\/avatar\/42b01982558a48a0b501fdcab6a408d3717ea5919095ee2e67b0e521799c5905?s=96&d=mm&r=g","caption":"Antalya K\u00f6rfez"},"sameAs":["http:\/\/www.antalyakorfez.com"],"url":"https:\/\/www.antalyakorfez.com\/firari-gokhan-bocekin-sosyal-medya-paylasimi-sok-etti-siz-yanmayin"}]}},"_links":{"self":[{"href":"https:\/\/denizcankizil.tr\/ru\/wp-json\/wp\/v2\/posts\/148971","targetHints":{"allow":["GET"]}}],"collection":[{"href":"https:\/\/denizcankizil.tr\/ru\/wp-json\/wp\/v2\/posts"}],"about":[{"href":"https:\/\/denizcankizil.tr\/ru\/wp-json\/wp\/v2\/types\/post"}],"author":[{"embeddable":true,"href":"https:\/\/denizcankizil.tr\/ru\/wp-json\/wp\/v2\/users\/5"}],"replies":[{"embeddable":true,"href":"https:\/\/denizcankizil.tr\/ru\/wp-json\/wp\/v2\/comments?post=148971"}],"version-history":[{"count":0,"href":"https:\/\/denizcankizil.tr\/ru\/wp-json\/wp\/v2\/posts\/148971\/revisions"}],"wp:attachment":[{"href":"https:\/\/denizcankizil.tr\/ru\/wp-json\/wp\/v2\/media?parent=148971"}],"wp:term":[{"taxonomy":"category","embeddable":true,"href":"https:\/\/denizcankizil.tr\/ru\/wp-json\/wp\/v2\/categories?post=148971"},{"taxonomy":"post_tag","embeddable":true,"href":"https:\/\/denizcankizil.tr\/ru\/wp-json\/wp\/v2\/tags?post=148971"}],"curies":[{"name":"wp","href":"https:\/\/api.w.org\/{rel}","templated":true}]}}