{"id":148746,"date":"2025-07-17T12:41:48","date_gmt":"2025-07-17T09:41:48","guid":{"rendered":"https:\/\/denizcankizil.tr\/uncategorized-tr\/antalyada-su-kesintileri-artti-turistler-geldigine-pisman-oluyor\/"},"modified":"2025-07-17T12:41:48","modified_gmt":"2025-07-17T09:41:48","slug":"antalyada-su-kesintileri-artti-turistler-geldigine-pisman-oluyor","status":"publish","type":"post","link":"https:\/\/denizcankizil.tr\/ru\/haberler\/gundem\/antalyada-su-kesintileri-artti-turistler-geldigine-pisman-oluyor\/","title":{"rendered":"Antalya\u2019da su kesintileri artt\u0131! Turistler geldi\u011fine pi\u015fman oluyor"},"content":{"rendered":"<p>Yaz aylar\u0131n\u0131n ortalar\u0131na gelinmesiyle beraber Antalya\u2019da turizm hareketlili\u011fi daha da artt\u0131. D\u00fcnyan\u0131n \u00e7e\u015fitli yerlerinden ya\u015fayan milyonlarca insan, masmavi denizi, yemye\u015fil do\u011fas\u0131 ve derin bir tarihi ge\u00e7mi\u015fi olan Antalya\u2019y\u0131 g\u00f6rmek i\u00e7in uzun yollar tepiyor. Fakat son g\u00fcnlerde ya\u015fanan su kesintileri turizme ciddi zararlar vermeye ba\u015flad\u0131. Antalya Su ve At\u0131ksu \u0130daresi Genel M\u00fcd\u00fcrl\u00fc\u011f\u00fc (ASAT) sayfas\u0131ndan edinilen bilgilere g\u00f6re; 17 Temmuz 2025 Per\u015fembe g\u00fcn\u00fc (bug\u00fcn) 9 il\u00e7ede su kesintisi ya\u015fanacak.<\/p>\n<p>OTELLERE SU VER\u0130LEMED\u0130<\/p>\n<p>Yaz aylar\u0131n\u0131n gelmesiyle beraber Antalya\u2019da uzun s\u00fcren su kesintileri sadece kentte ya\u015fayan vatanda\u015flar\u0131 de\u011fil turistleri de etkilemeye ba\u015flad\u0131. Ge\u00e7ti\u011fimiz g\u00fcnlerde Aksu\u2019da ger\u00e7ekle\u015fen \u00e7al\u0131\u015fmadan dolay\u0131 ya\u015fanan su kesintisinden Kundu\u2019daki oteller b\u00f6lgesini de etkilendi. B\u00f6lgeye 6-7 saat boyunca su verilemedi ve bu durum otele tatile gelen vatanda\u015flar\u0131n k\u00f6t\u00fc etkilenmesine yol a\u00e7t\u0131. Yerli yabanc\u0131 pek \u00e7ok turist ya\u015fanan bu durumdan dolay\u0131 otel y\u00f6netimlerine \u015fik\u00e2yetlerini iletti.<\/p>\n<p>SU KES\u0130NT\u0130LER\u0130 TUR\u0130ZME ZARAR VER\u0130YOR<\/p>\n<p>Aksu\u2019da ya\u015fanan bir durumun bir benzeri bug\u00fcn de Alanya\u2019da ya\u015fayand\u0131. \u015eehir d\u0131\u015f\u0131ndan ailesiyle beraber Antalya&#8217;ya tatile gelen bir S.K., 17 saate yak\u0131nd\u0131r sular\u0131n\u0131n kesik oldu\u011funu ve ASAT\u2019\u0131 arad\u0131klar\u0131nda ise b\u00f6lgede bir \u00e7al\u0131\u015fma oldu\u011funu bu y\u00fczden sular kesik oldu\u011funu ama kesintilerin ne zaman sona erece\u011fine ili\u015fkin herhangi bir a\u00e7\u0131klama yap\u0131lmad\u0131\u011f\u0131 iddia etti.<\/p>\n<p>\u201cGELD\u0130\u011e\u0130M\u0130ZE P\u0130\u015eMAN OLDUK\u201d<\/p>\n<p>Antalya\u2019da tatil i\u00e7in \u00e7ok uzun bir yoldan geldiklerini ifade eden S.K., \u201cKocaeli\u2019nden geldik. Antalya\u2019ya gelmek i\u00e7in 10 saatlik bir yol katettik s\u00fcren bir yol ve bu ya\u015fanan durum bizi cidden ma\u011fdur etti. 17 saattir sular kesik ve bu durum turizm kenti Antalya\u2019ya hi\u00e7 yak\u0131\u015fm\u0131yor. Daha \u00f6nce b\u00f6yle oluyor muydu bilmiyorum ama bizler geldi\u011fimize pi\u015fman olduk\u201d dedi.<\/p>\n<p>\u015e\u0130KAYETVAR\u2019A \u015e\u0130KAYETLER YA\u011eIYOR<\/p>\n<p>Sadece bununla da bitmedi pek \u00e7ok vatanda\u015f ya\u015fanan kesintilerden dolay\u0131 \u015eikayetvar adl\u0131 sayfadan ma\u011fduriyetlerini dile getirdi. \u0130\u015fte \u015eikayetvar sayfas\u0131na gelen baz\u0131 vatanda\u015f yorumlar\u0131:<\/p>\n<p> Merhaba. Ay\u0131n 8\u2019inde bug\u00fcne sular kesik. 185 numaral\u0131 telefonu ve 0242 185 00 00 WhatsApp hatt\u0131n\u0131 s\u00fcrekli ar\u0131yorum. \u0130lgili birime aktard\u0131k cevab\u0131ndan ba\u015fka bir hizmet ve bilgi alam\u0131yorum. Temmuz s\u0131ca\u011f\u0131 8 g\u00fcnd\u00fcr su yok. Nas\u0131l zorluk \u00e7ekildi\u011fini anlatmama gerek yok san\u0131r\u0131m.<\/p>\n<p> Korkuteli K\u0131z\u0131lcada\u011f A\u015fa\u011f\u0131 Karaman Yaylas\u0131&#8217;nda ya\u015f\u0131yoruz. Tabii buna ya\u015famak denirse&#8230; Bir damla su yok, s\u00fcrekli su ar\u0131yoruz. G\u00fcnl\u00fck olarak &#8216;Su d\u00f6k\u00fcld\u00fc m\u00fc?&#8217; diye soruyoruz, &#8216;Bilmiyoruz&#8217; diyorlar. \u00dc\u00e7 g\u00fcnd\u00fcr evimize bir damla su gelmiyor, hayvanlar\u0131m\u0131z susuz kal\u0131yor. Art\u0131k biri bu \u015fikayetleri dikkate als\u0131n, l\u00fctfen ekip gelsin, g\u00f6rs\u00fcn; ger\u00e7ekten su yok.<\/p>\n<p> Antalya Serik il\u00e7esinde saatlerdir su yok. \u0130nsanlar ter i\u00e7inde eve gelip rahatlamak i\u00e7in du\u015f alacak ama ne m\u00fcmk\u00fcn. \u00c7al\u0131\u015fma var diyorlar insanlar\u0131n is \u00e7\u0131k\u0131\u015f saatinde \u00e7al\u0131\u015fma yap\u0131yorlar. Fiyasko. Ne zaman gelecek diye ar\u0131yoruz bilgileri yok. Aciliyetinizi bildiriyorum diyor sanki bana ekipleri arayacak.<\/p>\n<p>\u200bAntalya\u2019da son g\u00fcnlerde artan ve saatler boyunca s\u00fcren su kesintileri art\u0131k kente ya\u015fayanlar\u0131 de\u011fil turistleri de etkilemeye ba\u015flad\u0131. Antalya\u2019ya tatile gelen pek \u00e7ok turist, ya\u015fanan su kesintilerinden dolay\u0131 ma\u011fdur olduklar\u0131n\u0131 ve geldiklerine pi\u015fman olduklar\u0131n\u0131 s\u00f6yledi.\u00a0<\/p>\n<p>\u200bHaberin Al\u0131nt\u0131land\u0131\u011f\u0131 Kaynak: www.antalyakorfez.com<\/p>","protected":false},"excerpt":{"rendered":"<p>Yaz aylar\u0131n\u0131n ortalar\u0131na gelinmesiyle beraber Antalya\u2019da turizm hareketlili\u011fi daha da artt\u0131. D\u00fcnyan\u0131n \u00e7e\u015fitli yerlerinden ya\u015fayan milyonlarca insan, masmavi denizi, yemye\u015fil do\u011fas\u0131 ve derin bir tarihi ge\u00e7mi\u015fi olan Antalya\u2019y\u0131 g\u00f6rmek i\u00e7in uzun yollar tepiyor. Fakat son g\u00fcnlerde ya\u015fanan su kesintileri turizme ciddi zararlar vermeye ba\u015flad\u0131. Antalya Su ve At\u0131ksu \u0130daresi Genel M\u00fcd\u00fcrl\u00fc\u011f\u00fc (ASAT) sayfas\u0131ndan edinilen bilgilere g\u00f6re; 17 Temmuz 2025 Per\u015fembe g\u00fcn\u00fc (bug\u00fcn) 9 il\u00e7ede su kesintisi ya\u015fanacak. OTELLERE SU VER\u0130LEMED\u0130 Yaz aylar\u0131n\u0131n gelmesiyle beraber Antalya\u2019da uzun s\u00fcren su kesintileri sadece kentte ya\u015fayan vatanda\u015flar\u0131 de\u011fil turistleri de etkilemeye ba\u015flad\u0131. Ge\u00e7ti\u011fimiz g\u00fcnlerde Aksu\u2019da ger\u00e7ekle\u015fen \u00e7al\u0131\u015fmadan dolay\u0131 ya\u015fanan su kesintisinden Kundu\u2019daki oteller b\u00f6lgesini de etkilendi. B\u00f6lgeye 6-7 saat boyunca su verilemedi ve bu durum otele tatile gelen vatanda\u015flar\u0131n k\u00f6t\u00fc etkilenmesine yol a\u00e7t\u0131. Yerli yabanc\u0131 pek \u00e7ok turist ya\u015fanan bu durumdan dolay\u0131 otel y\u00f6netimlerine \u015fik\u00e2yetlerini iletti. SU KES\u0130NT\u0130LER\u0130 TUR\u0130ZME ZARAR VER\u0130YOR Aksu\u2019da ya\u015fanan bir durumun bir benzeri bug\u00fcn de Alanya\u2019da ya\u015fayand\u0131. \u015eehir d\u0131\u015f\u0131ndan ailesiyle beraber Antalya&#8217;ya tatile gelen bir S.K., 17 saate yak\u0131nd\u0131r sular\u0131n\u0131n kesik oldu\u011funu ve ASAT\u2019\u0131 arad\u0131klar\u0131nda ise b\u00f6lgede bir \u00e7al\u0131\u015fma oldu\u011funu bu y\u00fczden sular kesik oldu\u011funu ama kesintilerin ne zaman sona erece\u011fine ili\u015fkin herhangi bir a\u00e7\u0131klama yap\u0131lmad\u0131\u011f\u0131 iddia etti. \u201cGELD\u0130\u011e\u0130M\u0130ZE P\u0130\u015eMAN OLDUK\u201d Antalya\u2019da tatil i\u00e7in \u00e7ok uzun bir yoldan geldiklerini ifade &hellip;<\/p>","protected":false},"author":5,"featured_media":0,"comment_status":"","ping_status":"open","sticky":false,"template":"","format":"standard","meta":{"_acf_changed":false,"footnotes":""},"categories":[24],"tags":[],"class_list":["post-148746","post","type-post","status-publish","format-standard","has-post-thumbnail","hentry","category-gundem"],"acf":[],"yoast_head":"<!-- This site is optimized with the Yoast SEO Premium plugin v26.6 (Yoast SEO v27.1.1) - https:\/\/yoast.com\/product\/yoast-seo-premium-wordpress\/ -->\n<title>Antalya\u2019da su kesintileri artt\u0131! Turistler geldi\u011fine pi\u015fman oluyor - Av. Deniz Can K\u0131z\u0131l<\/title>\n<meta name=\"robots\" content=\"index, follow, max-snippet:-1, max-image-preview:large, max-video-preview:-1\" \/>\n<link rel=\"canonical\" href=\"https:\/\/denizcankizil.tr\/ru\/haberler\/gundem\/antalyada-su-kesintileri-artti-turistler-geldigine-pisman-oluyor\/\" \/>\n<meta property=\"og:locale\" content=\"ru_RU\" \/>\n<meta property=\"og:type\" content=\"article\" \/>\n<meta property=\"og:title\" content=\"Antalya\u2019da su kesintileri artt\u0131! Turistler geldi\u011fine pi\u015fman oluyor\" \/>\n<meta property=\"og:description\" content=\"Yaz aylar\u0131n\u0131n ortalar\u0131na gelinmesiyle beraber Antalya\u2019da turizm hareketlili\u011fi daha da artt\u0131. D\u00fcnyan\u0131n \u00e7e\u015fitli yerlerinden ya\u015fayan milyonlarca insan, masmavi denizi, yemye\u015fil do\u011fas\u0131 ve derin bir tarihi ge\u00e7mi\u015fi olan Antalya\u2019y\u0131 g\u00f6rmek i\u00e7in uzun yollar tepiyor. Fakat son g\u00fcnlerde ya\u015fanan su kesintileri turizme ciddi zararlar vermeye ba\u015flad\u0131. Antalya Su ve At\u0131ksu \u0130daresi Genel M\u00fcd\u00fcrl\u00fc\u011f\u00fc (ASAT) sayfas\u0131ndan edinilen bilgilere g\u00f6re; 17 Temmuz 2025 Per\u015fembe g\u00fcn\u00fc (bug\u00fcn) 9 il\u00e7ede su kesintisi ya\u015fanacak. OTELLERE SU VER\u0130LEMED\u0130 Yaz aylar\u0131n\u0131n gelmesiyle beraber Antalya\u2019da uzun s\u00fcren su kesintileri sadece kentte ya\u015fayan vatanda\u015flar\u0131 de\u011fil turistleri de etkilemeye ba\u015flad\u0131. Ge\u00e7ti\u011fimiz g\u00fcnlerde Aksu\u2019da ger\u00e7ekle\u015fen \u00e7al\u0131\u015fmadan dolay\u0131 ya\u015fanan su kesintisinden Kundu\u2019daki oteller b\u00f6lgesini de etkilendi. B\u00f6lgeye 6-7 saat boyunca su verilemedi ve bu durum otele tatile gelen vatanda\u015flar\u0131n k\u00f6t\u00fc etkilenmesine yol a\u00e7t\u0131. Yerli yabanc\u0131 pek \u00e7ok turist ya\u015fanan bu durumdan dolay\u0131 otel y\u00f6netimlerine \u015fik\u00e2yetlerini iletti. SU KES\u0130NT\u0130LER\u0130 TUR\u0130ZME ZARAR VER\u0130YOR Aksu\u2019da ya\u015fanan bir durumun bir benzeri bug\u00fcn de Alanya\u2019da ya\u015fayand\u0131. \u015eehir d\u0131\u015f\u0131ndan ailesiyle beraber Antalya&#8217;ya tatile gelen bir S.K., 17 saate yak\u0131nd\u0131r sular\u0131n\u0131n kesik oldu\u011funu ve ASAT\u2019\u0131 arad\u0131klar\u0131nda ise b\u00f6lgede bir \u00e7al\u0131\u015fma oldu\u011funu bu y\u00fczden sular kesik oldu\u011funu ama kesintilerin ne zaman sona erece\u011fine ili\u015fkin herhangi bir a\u00e7\u0131klama yap\u0131lmad\u0131\u011f\u0131 iddia etti. \u201cGELD\u0130\u011e\u0130M\u0130ZE P\u0130\u015eMAN OLDUK\u201d Antalya\u2019da tatil i\u00e7in \u00e7ok uzun bir yoldan geldiklerini ifade &hellip;\" \/>\n<meta property=\"og:url\" content=\"https:\/\/denizcankizil.tr\/ru\/haberler\/gundem\/antalyada-su-kesintileri-artti-turistler-geldigine-pisman-oluyor\/\" \/>\n<meta property=\"og:site_name\" content=\"Av. Deniz Can K\u0131z\u0131l\" \/>\n<meta property=\"article:published_time\" content=\"2025-07-17T09:41:48+00:00\" \/>\n<meta name=\"author\" content=\"Antalya K\u00f6rfez\" \/>\n<meta name=\"twitter:card\" content=\"summary_large_image\" \/>\n<meta name=\"twitter:label1\" content=\"\u041d\u0430\u043f\u0438\u0441\u0430\u043d\u043e \u0430\u0432\u0442\u043e\u0440\u043e\u043c\" \/>\n\t<meta name=\"twitter:data1\" content=\"Antalya K\u00f6rfez\" \/>\n\t<meta name=\"twitter:label2\" content=\"\u041f\u0440\u0438\u043c\u0435\u0440\u043d\u043e\u0435 \u0432\u0440\u0435\u043c\u044f \u0434\u043b\u044f \u0447\u0442\u0435\u043d\u0438\u044f\" \/>\n\t<meta name=\"twitter:data2\" content=\"3 \u043c\u0438\u043d\u0443\u0442\u044b\" \/>\n<script type=\"application\/ld+json\" class=\"yoast-schema-graph\">{\"@context\":\"https:\/\/schema.org\",\"@graph\":[{\"@type\":\"Article\",\"@id\":\"https:\/\/denizcankizil.tr\/ru\/haberler\/gundem\/antalyada-su-kesintileri-artti-turistler-geldigine-pisman-oluyor\/#article\",\"isPartOf\":{\"@id\":\"https:\/\/denizcankizil.tr\/ru\/haberler\/gundem\/antalyada-su-kesintileri-artti-turistler-geldigine-pisman-oluyor\/\"},\"author\":{\"name\":\"Antalya K\u00f6rfez\",\"@id\":\"https:\/\/denizcankizil.tr\/#\/schema\/person\/e1eb71bb4dd684d46563f0af307e1234\"},\"headline\":\"Antalya\u2019da su kesintileri artt\u0131! Turistler geldi\u011fine pi\u015fman oluyor\",\"datePublished\":\"2025-07-17T09:41:48+00:00\",\"mainEntityOfPage\":{\"@id\":\"https:\/\/denizcankizil.tr\/ru\/haberler\/gundem\/antalyada-su-kesintileri-artti-turistler-geldigine-pisman-oluyor\/\"},\"wordCount\":616,\"publisher\":{\"@id\":\"https:\/\/denizcankizil.tr\/#organization\"},\"articleSection\":[\"G\u00fcndem\"],\"inLanguage\":\"ru-RU\"},{\"@type\":\"WebPage\",\"@id\":\"https:\/\/denizcankizil.tr\/ru\/haberler\/gundem\/antalyada-su-kesintileri-artti-turistler-geldigine-pisman-oluyor\/\",\"url\":\"https:\/\/denizcankizil.tr\/ru\/haberler\/gundem\/antalyada-su-kesintileri-artti-turistler-geldigine-pisman-oluyor\/\",\"name\":\"Antalya\u2019da su kesintileri artt\u0131! Turistler geldi\u011fine pi\u015fman oluyor - Av. Deniz Can K\u0131z\u0131l\",\"isPartOf\":{\"@id\":\"https:\/\/denizcankizil.tr\/#website\"},\"datePublished\":\"2025-07-17T09:41:48+00:00\",\"breadcrumb\":{\"@id\":\"https:\/\/denizcankizil.tr\/ru\/haberler\/gundem\/antalyada-su-kesintileri-artti-turistler-geldigine-pisman-oluyor\/#breadcrumb\"},\"inLanguage\":\"ru-RU\",\"potentialAction\":[{\"@type\":\"ReadAction\",\"target\":[\"https:\/\/denizcankizil.tr\/ru\/haberler\/gundem\/antalyada-su-kesintileri-artti-turistler-geldigine-pisman-oluyor\/\"]}]},{\"@type\":\"BreadcrumbList\",\"@id\":\"https:\/\/denizcankizil.tr\/ru\/haberler\/gundem\/antalyada-su-kesintileri-artti-turistler-geldigine-pisman-oluyor\/#breadcrumb\",\"itemListElement\":[{\"@type\":\"ListItem\",\"position\":1,\"name\":\"Home\",\"item\":\"https:\/\/denizcankizil.tr\/de\/\"},{\"@type\":\"ListItem\",\"position\":2,\"name\":\"Antalya\u2019da su kesintileri artt\u0131! Turistler geldi\u011fine pi\u015fman oluyor\"}]},{\"@type\":\"WebSite\",\"@id\":\"https:\/\/denizcankizil.tr\/#website\",\"url\":\"https:\/\/denizcankizil.tr\/\",\"name\":\"Av. Deniz Can K\u0131z\u0131l\",\"description\":\"Avukat Deniz Can K\u0131z\u0131l Antalya Barosu\",\"publisher\":{\"@id\":\"https:\/\/denizcankizil.tr\/#organization\"},\"potentialAction\":[{\"@type\":\"SearchAction\",\"target\":{\"@type\":\"EntryPoint\",\"urlTemplate\":\"https:\/\/denizcankizil.tr\/?s={search_term_string}\"},\"query-input\":{\"@type\":\"PropertyValueSpecification\",\"valueRequired\":true,\"valueName\":\"search_term_string\"}}],\"inLanguage\":\"ru-RU\"},{\"@type\":\"Organization\",\"@id\":\"https:\/\/denizcankizil.tr\/#organization\",\"name\":\"Av. Deniz Can K\u0131z\u0131l\",\"url\":\"https:\/\/denizcankizil.tr\/\",\"logo\":{\"@type\":\"ImageObject\",\"inLanguage\":\"ru-RU\",\"@id\":\"https:\/\/denizcankizil.tr\/#\/schema\/logo\/image\/\",\"url\":\"https:\/\/denizcankizil.tr\/wp-content\/uploads\/2024\/10\/siyah-logo-svg.svg\",\"contentUrl\":\"https:\/\/denizcankizil.tr\/wp-content\/uploads\/2024\/10\/siyah-logo-svg.svg\",\"width\":1080,\"height\":1080,\"caption\":\"Av. Deniz Can K\u0131z\u0131l\"},\"image\":{\"@id\":\"https:\/\/denizcankizil.tr\/#\/schema\/logo\/image\/\"}},{\"@type\":\"Person\",\"@id\":\"https:\/\/denizcankizil.tr\/#\/schema\/person\/e1eb71bb4dd684d46563f0af307e1234\",\"name\":\"Antalya K\u00f6rfez\",\"image\":{\"@type\":\"ImageObject\",\"inLanguage\":\"ru-RU\",\"@id\":\"https:\/\/denizcankizil.tr\/#\/schema\/person\/image\/\",\"url\":\"https:\/\/secure.gravatar.com\/avatar\/42b01982558a48a0b501fdcab6a408d3717ea5919095ee2e67b0e521799c5905?s=96&d=mm&r=g\",\"contentUrl\":\"https:\/\/secure.gravatar.com\/avatar\/42b01982558a48a0b501fdcab6a408d3717ea5919095ee2e67b0e521799c5905?s=96&d=mm&r=g\",\"caption\":\"Antalya K\u00f6rfez\"},\"sameAs\":[\"http:\/\/www.antalyakorfez.com\"],\"url\":\"https:\/\/www.antalyakorfez.com\/antalyada-su-kesintileri-artti-turistler-geldigine-pisman-oluyor\"}]}<\/script>\n<!-- \/ Yoast SEO Premium plugin. -->","yoast_head_json":{"title":"Antalya\u2019da su kesintileri artt\u0131! Turistler geldi\u011fine pi\u015fman oluyor - Av. Deniz Can K\u0131z\u0131l","robots":{"index":"index","follow":"follow","max-snippet":"max-snippet:-1","max-image-preview":"max-image-preview:large","max-video-preview":"max-video-preview:-1"},"canonical":"https:\/\/denizcankizil.tr\/ru\/haberler\/gundem\/antalyada-su-kesintileri-artti-turistler-geldigine-pisman-oluyor\/","og_locale":"ru_RU","og_type":"article","og_title":"Antalya\u2019da su kesintileri artt\u0131! Turistler geldi\u011fine pi\u015fman oluyor","og_description":"Yaz aylar\u0131n\u0131n ortalar\u0131na gelinmesiyle beraber Antalya\u2019da turizm hareketlili\u011fi daha da artt\u0131. D\u00fcnyan\u0131n \u00e7e\u015fitli yerlerinden ya\u015fayan milyonlarca insan, masmavi denizi, yemye\u015fil do\u011fas\u0131 ve derin bir tarihi ge\u00e7mi\u015fi olan Antalya\u2019y\u0131 g\u00f6rmek i\u00e7in uzun yollar tepiyor. Fakat son g\u00fcnlerde ya\u015fanan su kesintileri turizme ciddi zararlar vermeye ba\u015flad\u0131. Antalya Su ve At\u0131ksu \u0130daresi Genel M\u00fcd\u00fcrl\u00fc\u011f\u00fc (ASAT) sayfas\u0131ndan edinilen bilgilere g\u00f6re; 17 Temmuz 2025 Per\u015fembe g\u00fcn\u00fc (bug\u00fcn) 9 il\u00e7ede su kesintisi ya\u015fanacak. OTELLERE SU VER\u0130LEMED\u0130 Yaz aylar\u0131n\u0131n gelmesiyle beraber Antalya\u2019da uzun s\u00fcren su kesintileri sadece kentte ya\u015fayan vatanda\u015flar\u0131 de\u011fil turistleri de etkilemeye ba\u015flad\u0131. Ge\u00e7ti\u011fimiz g\u00fcnlerde Aksu\u2019da ger\u00e7ekle\u015fen \u00e7al\u0131\u015fmadan dolay\u0131 ya\u015fanan su kesintisinden Kundu\u2019daki oteller b\u00f6lgesini de etkilendi. B\u00f6lgeye 6-7 saat boyunca su verilemedi ve bu durum otele tatile gelen vatanda\u015flar\u0131n k\u00f6t\u00fc etkilenmesine yol a\u00e7t\u0131. Yerli yabanc\u0131 pek \u00e7ok turist ya\u015fanan bu durumdan dolay\u0131 otel y\u00f6netimlerine \u015fik\u00e2yetlerini iletti. SU KES\u0130NT\u0130LER\u0130 TUR\u0130ZME ZARAR VER\u0130YOR Aksu\u2019da ya\u015fanan bir durumun bir benzeri bug\u00fcn de Alanya\u2019da ya\u015fayand\u0131. \u015eehir d\u0131\u015f\u0131ndan ailesiyle beraber Antalya&#8217;ya tatile gelen bir S.K., 17 saate yak\u0131nd\u0131r sular\u0131n\u0131n kesik oldu\u011funu ve ASAT\u2019\u0131 arad\u0131klar\u0131nda ise b\u00f6lgede bir \u00e7al\u0131\u015fma oldu\u011funu bu y\u00fczden sular kesik oldu\u011funu ama kesintilerin ne zaman sona erece\u011fine ili\u015fkin herhangi bir a\u00e7\u0131klama yap\u0131lmad\u0131\u011f\u0131 iddia etti. \u201cGELD\u0130\u011e\u0130M\u0130ZE P\u0130\u015eMAN OLDUK\u201d Antalya\u2019da tatil i\u00e7in \u00e7ok uzun bir yoldan geldiklerini ifade &hellip;","og_url":"https:\/\/denizcankizil.tr\/ru\/haberler\/gundem\/antalyada-su-kesintileri-artti-turistler-geldigine-pisman-oluyor\/","og_site_name":"Av. Deniz Can K\u0131z\u0131l","article_published_time":"2025-07-17T09:41:48+00:00","author":"Antalya K\u00f6rfez","twitter_card":"summary_large_image","twitter_misc":{"\u041d\u0430\u043f\u0438\u0441\u0430\u043d\u043e \u0430\u0432\u0442\u043e\u0440\u043e\u043c":"Antalya K\u00f6rfez","\u041f\u0440\u0438\u043c\u0435\u0440\u043d\u043e\u0435 \u0432\u0440\u0435\u043c\u044f \u0434\u043b\u044f \u0447\u0442\u0435\u043d\u0438\u044f":"3 \u043c\u0438\u043d\u0443\u0442\u044b"},"schema":{"@context":"https:\/\/schema.org","@graph":[{"@type":"Article","@id":"https:\/\/denizcankizil.tr\/ru\/haberler\/gundem\/antalyada-su-kesintileri-artti-turistler-geldigine-pisman-oluyor\/#article","isPartOf":{"@id":"https:\/\/denizcankizil.tr\/ru\/haberler\/gundem\/antalyada-su-kesintileri-artti-turistler-geldigine-pisman-oluyor\/"},"author":{"name":"Antalya K\u00f6rfez","@id":"https:\/\/denizcankizil.tr\/#\/schema\/person\/e1eb71bb4dd684d46563f0af307e1234"},"headline":"Antalya\u2019da su kesintileri artt\u0131! Turistler geldi\u011fine pi\u015fman oluyor","datePublished":"2025-07-17T09:41:48+00:00","mainEntityOfPage":{"@id":"https:\/\/denizcankizil.tr\/ru\/haberler\/gundem\/antalyada-su-kesintileri-artti-turistler-geldigine-pisman-oluyor\/"},"wordCount":616,"publisher":{"@id":"https:\/\/denizcankizil.tr\/#organization"},"articleSection":["G\u00fcndem"],"inLanguage":"ru-RU"},{"@type":"WebPage","@id":"https:\/\/denizcankizil.tr\/ru\/haberler\/gundem\/antalyada-su-kesintileri-artti-turistler-geldigine-pisman-oluyor\/","url":"https:\/\/denizcankizil.tr\/ru\/haberler\/gundem\/antalyada-su-kesintileri-artti-turistler-geldigine-pisman-oluyor\/","name":"Antalya\u2019da su kesintileri artt\u0131! Turistler geldi\u011fine pi\u015fman oluyor - Av. Deniz Can K\u0131z\u0131l","isPartOf":{"@id":"https:\/\/denizcankizil.tr\/#website"},"datePublished":"2025-07-17T09:41:48+00:00","breadcrumb":{"@id":"https:\/\/denizcankizil.tr\/ru\/haberler\/gundem\/antalyada-su-kesintileri-artti-turistler-geldigine-pisman-oluyor\/#breadcrumb"},"inLanguage":"ru-RU","potentialAction":[{"@type":"ReadAction","target":["https:\/\/denizcankizil.tr\/ru\/haberler\/gundem\/antalyada-su-kesintileri-artti-turistler-geldigine-pisman-oluyor\/"]}]},{"@type":"BreadcrumbList","@id":"https:\/\/denizcankizil.tr\/ru\/haberler\/gundem\/antalyada-su-kesintileri-artti-turistler-geldigine-pisman-oluyor\/#breadcrumb","itemListElement":[{"@type":"ListItem","position":1,"name":"Home","item":"https:\/\/denizcankizil.tr\/de\/"},{"@type":"ListItem","position":2,"name":"Antalya\u2019da su kesintileri artt\u0131! Turistler geldi\u011fine pi\u015fman oluyor"}]},{"@type":"WebSite","@id":"https:\/\/denizcankizil.tr\/#website","url":"https:\/\/denizcankizil.tr\/","name":"Av. Deniz Can K\u0131z\u0131l","description":"Avukat Deniz Can K\u0131z\u0131l Antalya Barosu","publisher":{"@id":"https:\/\/denizcankizil.tr\/#organization"},"potentialAction":[{"@type":"SearchAction","target":{"@type":"EntryPoint","urlTemplate":"https:\/\/denizcankizil.tr\/?s={search_term_string}"},"query-input":{"@type":"PropertyValueSpecification","valueRequired":true,"valueName":"search_term_string"}}],"inLanguage":"ru-RU"},{"@type":"Organization","@id":"https:\/\/denizcankizil.tr\/#organization","name":"Av. Deniz Can K\u0131z\u0131l","url":"https:\/\/denizcankizil.tr\/","logo":{"@type":"ImageObject","inLanguage":"ru-RU","@id":"https:\/\/denizcankizil.tr\/#\/schema\/logo\/image\/","url":"https:\/\/denizcankizil.tr\/wp-content\/uploads\/2024\/10\/siyah-logo-svg.svg","contentUrl":"https:\/\/denizcankizil.tr\/wp-content\/uploads\/2024\/10\/siyah-logo-svg.svg","width":1080,"height":1080,"caption":"Av. Deniz Can K\u0131z\u0131l"},"image":{"@id":"https:\/\/denizcankizil.tr\/#\/schema\/logo\/image\/"}},{"@type":"Person","@id":"https:\/\/denizcankizil.tr\/#\/schema\/person\/e1eb71bb4dd684d46563f0af307e1234","name":"Antalya K\u00f6rfez","image":{"@type":"ImageObject","inLanguage":"ru-RU","@id":"https:\/\/denizcankizil.tr\/#\/schema\/person\/image\/","url":"https:\/\/secure.gravatar.com\/avatar\/42b01982558a48a0b501fdcab6a408d3717ea5919095ee2e67b0e521799c5905?s=96&d=mm&r=g","contentUrl":"https:\/\/secure.gravatar.com\/avatar\/42b01982558a48a0b501fdcab6a408d3717ea5919095ee2e67b0e521799c5905?s=96&d=mm&r=g","caption":"Antalya K\u00f6rfez"},"sameAs":["http:\/\/www.antalyakorfez.com"],"url":"https:\/\/www.antalyakorfez.com\/antalyada-su-kesintileri-artti-turistler-geldigine-pisman-oluyor"}]}},"_links":{"self":[{"href":"https:\/\/denizcankizil.tr\/ru\/wp-json\/wp\/v2\/posts\/148746","targetHints":{"allow":["GET"]}}],"collection":[{"href":"https:\/\/denizcankizil.tr\/ru\/wp-json\/wp\/v2\/posts"}],"about":[{"href":"https:\/\/denizcankizil.tr\/ru\/wp-json\/wp\/v2\/types\/post"}],"author":[{"embeddable":true,"href":"https:\/\/denizcankizil.tr\/ru\/wp-json\/wp\/v2\/users\/5"}],"replies":[{"embeddable":true,"href":"https:\/\/denizcankizil.tr\/ru\/wp-json\/wp\/v2\/comments?post=148746"}],"version-history":[{"count":0,"href":"https:\/\/denizcankizil.tr\/ru\/wp-json\/wp\/v2\/posts\/148746\/revisions"}],"wp:attachment":[{"href":"https:\/\/denizcankizil.tr\/ru\/wp-json\/wp\/v2\/media?parent=148746"}],"wp:term":[{"taxonomy":"category","embeddable":true,"href":"https:\/\/denizcankizil.tr\/ru\/wp-json\/wp\/v2\/categories?post=148746"},{"taxonomy":"post_tag","embeddable":true,"href":"https:\/\/denizcankizil.tr\/ru\/wp-json\/wp\/v2\/tags?post=148746"}],"curies":[{"name":"wp","href":"https:\/\/api.w.org\/{rel}","templated":true}]}}