{"id":147727,"date":"2025-07-16T10:42:52","date_gmt":"2025-07-16T07:42:52","guid":{"rendered":"https:\/\/denizcankizil.tr\/uncategorized-tr\/egitim-senden-lgs-tepkisi\/"},"modified":"2025-07-16T10:42:52","modified_gmt":"2025-07-16T07:42:52","slug":"egitim-senden-lgs-tepkisi","status":"publish","type":"post","link":"https:\/\/denizcankizil.tr\/ru\/haberler\/gundem\/egitim-senden-lgs-tepkisi\/","title":{"rendered":"E\u011fitim Sen\u2019den LGS Tepkisi:"},"content":{"rendered":"<p>Bakanl\u0131\u011f\u0131n, \u2018s\u0131nav sonu\u00e7lar\u0131na etkisi olmad\u0131\u2019 a\u00e7\u0131klamas\u0131n\u0131n kamuoyunda yeterince kar\u015f\u0131l\u0131k bulmad\u0131\u011f\u0131n\u0131 ifade eden Ba\u015fkan \u00dcnsal, son y\u0131llar\u0131n en zor s\u0131nav\u0131n\u0131n rekor say\u0131da birinci \u00e7\u0131karmas\u0131n\u0131n soru i\u015faretlerini art\u0131rd\u0131\u011f\u0131n\u0131 s\u00f6yledi.<\/p>\n<p>E\u011fitim Sen olarak s\u00fcrecin takip\u00e7isi olacaklar\u0131na vurgu yapan \u00dcnsal, \u201cS\u0131nav ve sonu\u00e7lar\u0131 oldu-bittiye getirilmeden, Bakanl\u0131k taraf\u0131ndan t\u00fcm y\u00f6nleriyle ara\u015ft\u0131r\u0131larak kamuoyuna a\u00e7\u0131klanmal\u0131d\u0131r. Ele\u015ftirenlere yarg\u0131 resti \u00e7ekmek yerine, sorumlular\u0131n \u00f6z ele\u015ftiri yapmas\u0131 ve gerekiyorsa istifa etmesi gerekir\u201d dedi.<\/p>\n<p><strong>MUSTAFA \u00dcNSAL \u201cLGS KALDIRILMALI, <\/strong><\/p>\n<p><strong>REHBERL\u0130K TEMELL\u0130 S\u0130STEM GET\u0130R\u0130LMEL\u0130\u201d<\/strong><\/p>\n<p>Mevcut s\u0131nav sisteminin e\u015fitsizli\u011fi derinle\u015ftirdi\u011fini savunan \u00dcnsal, LGS\u2019nin kald\u0131r\u0131lmas\u0131 gerekti\u011fini belirterek yerine \u00f6\u011frencilerin \u00e7ok y\u00f6nl\u00fc geli\u015fimini esas alan, rehberlik ve y\u00f6nlendirme temelli bir yerle\u015ftirme modeli getirilmesi \u00e7a\u011fr\u0131s\u0131nda bulundu.<\/p>\n<p>\u00c7ocuklar\u0131 s\u0131navlara de\u011fil, ya\u015fama haz\u0131rlamak gerekti\u011finin alt\u0131n\u0131 \u00e7izen \u00dcnsal, ele\u015ftirel d\u00fc\u015f\u00fcnme becerisi geli\u015fmi\u015f, toplumsal sorumluluk sahibi bireyler yeti\u015ftirecek kamusal, bilimsel ve nitelikli bir e\u011fitim sisteminin acil ihtiya\u00e7 oldu\u011funu vurgulad\u0131.<\/p>\n<p><strong>\u201cKAMUSAL E\u011e\u0130T\u0130M <\/strong><\/p>\n<p><strong>G\u00dc\u00c7LEND\u0130R\u0130LMEL\u0130\u2026\u201d<\/strong><\/p>\n<p>T\u00fcm \u00e7ocuklar i\u00e7in paras\u0131z, kamusal ve nitelikli e\u011fitimin sa\u011flanmas\u0131 gerekti\u011fini s\u00f6zlerine ekleyen \u00dcnsal, \u00f6zel okul te\u015fviklerinin kald\u0131r\u0131larak bu kaynaklar\u0131n devlet okullar\u0131na y\u00f6nlendirilmesini talep etti. B\u00f6lgesel ve s\u0131n\u0131fsal e\u015fitsizliklerin giderilmesi gerekti\u011fini aktaran \u00dcnsal, \u00f6\u011fretmen atamalar\u0131, okul donan\u0131mlar\u0131 ve m\u00fcfredat\u0131n da bu e\u015fitlik temelinde yeniden d\u00fczenlenmesi gerekti\u011fini s\u00f6yledi.<\/p>\n<p>\u00dcnsal \u201c\u00c7ocuklar\u0131n ruhsal ve pedagojik geli\u015fimini zedeleyen s\u0131nav ve ba\u015far\u0131 odakl\u0131 anlay\u0131\u015f terk edilmeli; e\u011fitim bir rekabet de\u011fil, bir hak alan\u0131 olarak g\u00f6r\u00fclmelidir. E\u011fitim politikalar\u0131 \u00f6\u011frenci, \u00f6\u011fretmen ve velilerin demokratik kat\u0131l\u0131m\u0131yla \u015feffaf bir bi\u00e7imde belirlenmeli\u201d diye konu\u015ftu.<\/p>\n<p><img decoding=\"async\" alt=\"Sequence 01 2.Mp4 Snapshot 00.02.004\" class=\"detail-photo img-fluid lazyload\" height=\"478\" data-src=\"https:\/\/iskenderunorg.teimg.com\/iskenderun-org\/uploads\/2025\/07\/sequence-01-2mp4-snapshot-0002004.jpg\" width=\"848\" src=\"data:image\/svg+xml;base64,PHN2ZyB3aWR0aD0iMSIgaGVpZ2h0PSIxIiB4bWxucz0iaHR0cDovL3d3dy53My5vcmcvMjAwMC9zdmciPjwvc3ZnPg==\" style=\"--smush-placeholder-width: 848px; --smush-placeholder-aspect-ratio: 848\/478;\" \/><img decoding=\"async\" alt=\"V I D 20250715 W A0046.Mp4 Snapshot 00.02.042\" class=\"detail-photo img-fluid lazyload\" height=\"478\" data-src=\"https:\/\/iskenderunorg.teimg.com\/iskenderun-org\/uploads\/2025\/07\/v-i-d-20250715-w-a0046mp4-snapshot-0002042.jpg\" width=\"848\" src=\"data:image\/svg+xml;base64,PHN2ZyB3aWR0aD0iMSIgaGVpZ2h0PSIxIiB4bWxucz0iaHR0cDovL3d3dy53My5vcmcvMjAwMC9zdmciPjwvc3ZnPg==\" style=\"--smush-placeholder-width: 848px; --smush-placeholder-aspect-ratio: 848\/478;\" \/><\/p>\n<p>\u200bE\u011fitim Sen \u0130skenderun \u015eube Ba\u015fkan\u0131 Mustafa \u00dcnsal, a\u00e7\u0131klanan LGS (Liselere Ge\u00e7i\u015f Sistemi) s\u0131nava sonu\u00e7lar\u0131na ili\u015fkin de\u011ferlendirme yaparak s\u0131nav esnas\u0131nda baz\u0131 ki\u015fi ve kurumlar taraf\u0131ndan sorular\u0131n sosyal medyada payla\u015f\u0131lmas\u0131yla ilgili \u015faibenin h\u00e2l\u00e2 giderilmedi\u011fine dikkat \u00e7ekti.\u00a0<\/p>\n<p>\u200bHaberin Al\u0131nt\u0131land\u0131\u011f\u0131 Kaynak: www.iskenderun.org<\/p>","protected":false},"excerpt":{"rendered":"<p>Bakanl\u0131\u011f\u0131n, \u2018s\u0131nav sonu\u00e7lar\u0131na etkisi olmad\u0131\u2019 a\u00e7\u0131klamas\u0131n\u0131n kamuoyunda yeterince kar\u015f\u0131l\u0131k bulmad\u0131\u011f\u0131n\u0131 ifade eden Ba\u015fkan \u00dcnsal, son y\u0131llar\u0131n en zor s\u0131nav\u0131n\u0131n rekor say\u0131da birinci \u00e7\u0131karmas\u0131n\u0131n soru i\u015faretlerini art\u0131rd\u0131\u011f\u0131n\u0131 s\u00f6yledi. E\u011fitim Sen olarak s\u00fcrecin takip\u00e7isi olacaklar\u0131na vurgu yapan \u00dcnsal, \u201cS\u0131nav ve sonu\u00e7lar\u0131 oldu-bittiye getirilmeden, Bakanl\u0131k taraf\u0131ndan t\u00fcm y\u00f6nleriyle ara\u015ft\u0131r\u0131larak kamuoyuna a\u00e7\u0131klanmal\u0131d\u0131r. Ele\u015ftirenlere yarg\u0131 resti \u00e7ekmek yerine, sorumlular\u0131n \u00f6z ele\u015ftiri yapmas\u0131 ve gerekiyorsa istifa etmesi gerekir\u201d dedi. MUSTAFA \u00dcNSAL \u201cLGS KALDIRILMALI, REHBERL\u0130K TEMELL\u0130 S\u0130STEM GET\u0130R\u0130LMEL\u0130\u201d Mevcut s\u0131nav sisteminin e\u015fitsizli\u011fi derinle\u015ftirdi\u011fini savunan \u00dcnsal, LGS\u2019nin kald\u0131r\u0131lmas\u0131 gerekti\u011fini belirterek yerine \u00f6\u011frencilerin \u00e7ok y\u00f6nl\u00fc geli\u015fimini esas alan, rehberlik ve y\u00f6nlendirme temelli bir yerle\u015ftirme modeli getirilmesi \u00e7a\u011fr\u0131s\u0131nda bulundu. \u00c7ocuklar\u0131 s\u0131navlara de\u011fil, ya\u015fama haz\u0131rlamak gerekti\u011finin alt\u0131n\u0131 \u00e7izen \u00dcnsal, ele\u015ftirel d\u00fc\u015f\u00fcnme becerisi geli\u015fmi\u015f, toplumsal sorumluluk sahibi bireyler yeti\u015ftirecek kamusal, bilimsel ve nitelikli bir e\u011fitim sisteminin acil ihtiya\u00e7 oldu\u011funu vurgulad\u0131. \u201cKAMUSAL E\u011e\u0130T\u0130M G\u00dc\u00c7LEND\u0130R\u0130LMEL\u0130\u2026\u201d T\u00fcm \u00e7ocuklar i\u00e7in paras\u0131z, kamusal ve nitelikli e\u011fitimin sa\u011flanmas\u0131 gerekti\u011fini s\u00f6zlerine ekleyen \u00dcnsal, \u00f6zel okul te\u015fviklerinin kald\u0131r\u0131larak bu kaynaklar\u0131n devlet okullar\u0131na y\u00f6nlendirilmesini talep etti. B\u00f6lgesel ve s\u0131n\u0131fsal e\u015fitsizliklerin giderilmesi gerekti\u011fini aktaran \u00dcnsal, \u00f6\u011fretmen atamalar\u0131, okul donan\u0131mlar\u0131 ve m\u00fcfredat\u0131n da bu e\u015fitlik temelinde yeniden d\u00fczenlenmesi gerekti\u011fini s\u00f6yledi. \u00dcnsal \u201c\u00c7ocuklar\u0131n ruhsal ve pedagojik geli\u015fimini zedeleyen s\u0131nav ve ba\u015far\u0131 odakl\u0131 anlay\u0131\u015f terk edilmeli; e\u011fitim bir rekabet de\u011fil, bir hak alan\u0131 olarak g\u00f6r\u00fclmelidir. &hellip;<\/p>","protected":false},"author":1,"featured_media":0,"comment_status":"","ping_status":"open","sticky":false,"template":"","format":"standard","meta":{"_acf_changed":false,"footnotes":""},"categories":[24],"tags":[],"class_list":["post-147727","post","type-post","status-publish","format-standard","has-post-thumbnail","hentry","category-gundem"],"acf":[],"yoast_head":"<!-- This site is optimized with the Yoast SEO Premium plugin v26.6 (Yoast SEO v27.1.1) - https:\/\/yoast.com\/product\/yoast-seo-premium-wordpress\/ -->\n<title>E\u011fitim Sen\u2019den LGS Tepkisi: - Av. Deniz Can K\u0131z\u0131l<\/title>\n<meta name=\"robots\" content=\"index, follow, max-snippet:-1, max-image-preview:large, max-video-preview:-1\" \/>\n<link rel=\"canonical\" href=\"https:\/\/denizcankizil.tr\/ru\/haberler\/gundem\/egitim-senden-lgs-tepkisi\/\" \/>\n<meta property=\"og:locale\" content=\"ru_RU\" \/>\n<meta property=\"og:type\" content=\"article\" \/>\n<meta property=\"og:title\" content=\"E\u011fitim Sen\u2019den LGS Tepkisi:\" \/>\n<meta property=\"og:description\" content=\"Bakanl\u0131\u011f\u0131n, \u2018s\u0131nav sonu\u00e7lar\u0131na etkisi olmad\u0131\u2019 a\u00e7\u0131klamas\u0131n\u0131n kamuoyunda yeterince kar\u015f\u0131l\u0131k bulmad\u0131\u011f\u0131n\u0131 ifade eden Ba\u015fkan \u00dcnsal, son y\u0131llar\u0131n en zor s\u0131nav\u0131n\u0131n rekor say\u0131da birinci \u00e7\u0131karmas\u0131n\u0131n soru i\u015faretlerini art\u0131rd\u0131\u011f\u0131n\u0131 s\u00f6yledi. E\u011fitim Sen olarak s\u00fcrecin takip\u00e7isi olacaklar\u0131na vurgu yapan \u00dcnsal, \u201cS\u0131nav ve sonu\u00e7lar\u0131 oldu-bittiye getirilmeden, Bakanl\u0131k taraf\u0131ndan t\u00fcm y\u00f6nleriyle ara\u015ft\u0131r\u0131larak kamuoyuna a\u00e7\u0131klanmal\u0131d\u0131r. Ele\u015ftirenlere yarg\u0131 resti \u00e7ekmek yerine, sorumlular\u0131n \u00f6z ele\u015ftiri yapmas\u0131 ve gerekiyorsa istifa etmesi gerekir\u201d dedi. MUSTAFA \u00dcNSAL \u201cLGS KALDIRILMALI, REHBERL\u0130K TEMELL\u0130 S\u0130STEM GET\u0130R\u0130LMEL\u0130\u201d Mevcut s\u0131nav sisteminin e\u015fitsizli\u011fi derinle\u015ftirdi\u011fini savunan \u00dcnsal, LGS\u2019nin kald\u0131r\u0131lmas\u0131 gerekti\u011fini belirterek yerine \u00f6\u011frencilerin \u00e7ok y\u00f6nl\u00fc geli\u015fimini esas alan, rehberlik ve y\u00f6nlendirme temelli bir yerle\u015ftirme modeli getirilmesi \u00e7a\u011fr\u0131s\u0131nda bulundu. \u00c7ocuklar\u0131 s\u0131navlara de\u011fil, ya\u015fama haz\u0131rlamak gerekti\u011finin alt\u0131n\u0131 \u00e7izen \u00dcnsal, ele\u015ftirel d\u00fc\u015f\u00fcnme becerisi geli\u015fmi\u015f, toplumsal sorumluluk sahibi bireyler yeti\u015ftirecek kamusal, bilimsel ve nitelikli bir e\u011fitim sisteminin acil ihtiya\u00e7 oldu\u011funu vurgulad\u0131. \u201cKAMUSAL E\u011e\u0130T\u0130M G\u00dc\u00c7LEND\u0130R\u0130LMEL\u0130\u2026\u201d T\u00fcm \u00e7ocuklar i\u00e7in paras\u0131z, kamusal ve nitelikli e\u011fitimin sa\u011flanmas\u0131 gerekti\u011fini s\u00f6zlerine ekleyen \u00dcnsal, \u00f6zel okul te\u015fviklerinin kald\u0131r\u0131larak bu kaynaklar\u0131n devlet okullar\u0131na y\u00f6nlendirilmesini talep etti. B\u00f6lgesel ve s\u0131n\u0131fsal e\u015fitsizliklerin giderilmesi gerekti\u011fini aktaran \u00dcnsal, \u00f6\u011fretmen atamalar\u0131, okul donan\u0131mlar\u0131 ve m\u00fcfredat\u0131n da bu e\u015fitlik temelinde yeniden d\u00fczenlenmesi gerekti\u011fini s\u00f6yledi. \u00dcnsal \u201c\u00c7ocuklar\u0131n ruhsal ve pedagojik geli\u015fimini zedeleyen s\u0131nav ve ba\u015far\u0131 odakl\u0131 anlay\u0131\u015f terk edilmeli; e\u011fitim bir rekabet de\u011fil, bir hak alan\u0131 olarak g\u00f6r\u00fclmelidir. &hellip;\" \/>\n<meta property=\"og:url\" content=\"https:\/\/denizcankizil.tr\/ru\/haberler\/gundem\/egitim-senden-lgs-tepkisi\/\" \/>\n<meta property=\"og:site_name\" content=\"Av. Deniz Can K\u0131z\u0131l\" \/>\n<meta property=\"article:published_time\" content=\"2025-07-16T07:42:52+00:00\" \/>\n<meta property=\"og:image\" content=\"https:\/\/iskenderunorg.teimg.com\/iskenderun-org\/uploads\/2025\/07\/sequence-01-2mp4-snapshot-0002004.jpg\" \/>\n<meta name=\"author\" content=\"admin\" \/>\n<meta name=\"twitter:card\" content=\"summary_large_image\" \/>\n<meta name=\"twitter:label1\" content=\"\u041d\u0430\u043f\u0438\u0441\u0430\u043d\u043e \u0430\u0432\u0442\u043e\u0440\u043e\u043c\" \/>\n\t<meta name=\"twitter:data1\" content=\"admin\" \/>\n\t<meta name=\"twitter:label2\" content=\"\u041f\u0440\u0438\u043c\u0435\u0440\u043d\u043e\u0435 \u0432\u0440\u0435\u043c\u044f \u0434\u043b\u044f \u0447\u0442\u0435\u043d\u0438\u044f\" \/>\n\t<meta name=\"twitter:data2\" content=\"2 \u043c\u0438\u043d\u0443\u0442\u044b\" \/>\n<script type=\"application\/ld+json\" class=\"yoast-schema-graph\">{\"@context\":\"https:\/\/schema.org\",\"@graph\":[{\"@type\":\"Article\",\"@id\":\"https:\/\/denizcankizil.tr\/ru\/haberler\/gundem\/egitim-senden-lgs-tepkisi\/#article\",\"isPartOf\":{\"@id\":\"https:\/\/denizcankizil.tr\/ru\/haberler\/gundem\/egitim-senden-lgs-tepkisi\/\"},\"author\":{\"name\":\"admin\",\"@id\":\"https:\/\/denizcankizil.tr\/de\/#\/schema\/person\/be3c05fe6a12686905512445d8185489\"},\"headline\":\"E\u011fitim Sen\u2019den LGS Tepkisi:\",\"datePublished\":\"2025-07-16T07:42:52+00:00\",\"mainEntityOfPage\":{\"@id\":\"https:\/\/denizcankizil.tr\/ru\/haberler\/gundem\/egitim-senden-lgs-tepkisi\/\"},\"wordCount\":398,\"publisher\":{\"@id\":\"https:\/\/denizcankizil.tr\/de\/#organization\"},\"image\":{\"@id\":\"https:\/\/denizcankizil.tr\/ru\/haberler\/gundem\/egitim-senden-lgs-tepkisi\/#primaryimage\"},\"thumbnailUrl\":\"https:\/\/iskenderunorg.teimg.com\/iskenderun-org\/uploads\/2025\/07\/sequence-01-2mp4-snapshot-0002004.jpg\",\"articleSection\":[\"G\u00fcndem\"],\"inLanguage\":\"ru-RU\"},{\"@type\":\"WebPage\",\"@id\":\"https:\/\/denizcankizil.tr\/ru\/haberler\/gundem\/egitim-senden-lgs-tepkisi\/\",\"url\":\"https:\/\/denizcankizil.tr\/ru\/haberler\/gundem\/egitim-senden-lgs-tepkisi\/\",\"name\":\"E\u011fitim Sen\u2019den LGS Tepkisi: - Av. Deniz Can K\u0131z\u0131l\",\"isPartOf\":{\"@id\":\"https:\/\/denizcankizil.tr\/de\/#website\"},\"primaryImageOfPage\":{\"@id\":\"https:\/\/denizcankizil.tr\/ru\/haberler\/gundem\/egitim-senden-lgs-tepkisi\/#primaryimage\"},\"image\":{\"@id\":\"https:\/\/denizcankizil.tr\/ru\/haberler\/gundem\/egitim-senden-lgs-tepkisi\/#primaryimage\"},\"thumbnailUrl\":\"https:\/\/iskenderunorg.teimg.com\/iskenderun-org\/uploads\/2025\/07\/sequence-01-2mp4-snapshot-0002004.jpg\",\"datePublished\":\"2025-07-16T07:42:52+00:00\",\"breadcrumb\":{\"@id\":\"https:\/\/denizcankizil.tr\/ru\/haberler\/gundem\/egitim-senden-lgs-tepkisi\/#breadcrumb\"},\"inLanguage\":\"ru-RU\",\"potentialAction\":[{\"@type\":\"ReadAction\",\"target\":[\"https:\/\/denizcankizil.tr\/ru\/haberler\/gundem\/egitim-senden-lgs-tepkisi\/\"]}]},{\"@type\":\"ImageObject\",\"inLanguage\":\"ru-RU\",\"@id\":\"https:\/\/denizcankizil.tr\/ru\/haberler\/gundem\/egitim-senden-lgs-tepkisi\/#primaryimage\",\"url\":\"https:\/\/iskenderunorg.teimg.com\/iskenderun-org\/uploads\/2025\/07\/sequence-01-2mp4-snapshot-0002004.jpg\",\"contentUrl\":\"https:\/\/iskenderunorg.teimg.com\/iskenderun-org\/uploads\/2025\/07\/sequence-01-2mp4-snapshot-0002004.jpg\"},{\"@type\":\"BreadcrumbList\",\"@id\":\"https:\/\/denizcankizil.tr\/ru\/haberler\/gundem\/egitim-senden-lgs-tepkisi\/#breadcrumb\",\"itemListElement\":[{\"@type\":\"ListItem\",\"position\":1,\"name\":\"Home\",\"item\":\"https:\/\/denizcankizil.tr\/de\/\"},{\"@type\":\"ListItem\",\"position\":2,\"name\":\"E\u011fitim Sen\u2019den LGS Tepkisi:\"}]},{\"@type\":\"WebSite\",\"@id\":\"https:\/\/denizcankizil.tr\/de\/#website\",\"url\":\"https:\/\/denizcankizil.tr\/de\/\",\"name\":\"Av. Deniz Can K\u0131z\u0131l\",\"description\":\"Avukat Deniz Can K\u0131z\u0131l Antalya Barosu\",\"publisher\":{\"@id\":\"https:\/\/denizcankizil.tr\/de\/#organization\"},\"potentialAction\":[{\"@type\":\"SearchAction\",\"target\":{\"@type\":\"EntryPoint\",\"urlTemplate\":\"https:\/\/denizcankizil.tr\/de\/?s={search_term_string}\"},\"query-input\":{\"@type\":\"PropertyValueSpecification\",\"valueRequired\":true,\"valueName\":\"search_term_string\"}}],\"inLanguage\":\"ru-RU\"},{\"@type\":\"Organization\",\"@id\":\"https:\/\/denizcankizil.tr\/de\/#organization\",\"name\":\"Av. Deniz Can K\u0131z\u0131l\",\"url\":\"https:\/\/denizcankizil.tr\/de\/\",\"logo\":{\"@type\":\"ImageObject\",\"inLanguage\":\"ru-RU\",\"@id\":\"https:\/\/denizcankizil.tr\/de\/#\/schema\/logo\/image\/\",\"url\":\"https:\/\/denizcankizil.tr\/wp-content\/uploads\/2024\/10\/siyah-logo-svg.svg\",\"contentUrl\":\"https:\/\/denizcankizil.tr\/wp-content\/uploads\/2024\/10\/siyah-logo-svg.svg\",\"width\":1080,\"height\":1080,\"caption\":\"Av. Deniz Can K\u0131z\u0131l\"},\"image\":{\"@id\":\"https:\/\/denizcankizil.tr\/de\/#\/schema\/logo\/image\/\"}},{\"@type\":\"Person\",\"@id\":\"https:\/\/denizcankizil.tr\/de\/#\/schema\/person\/be3c05fe6a12686905512445d8185489\",\"name\":\"admin\",\"image\":{\"@type\":\"ImageObject\",\"inLanguage\":\"ru-RU\",\"@id\":\"https:\/\/denizcankizil.tr\/de\/#\/schema\/person\/image\/\",\"url\":\"https:\/\/secure.gravatar.com\/avatar\/c1fce94c830dc79107e174f890d7210541c4a63e8e5d816341794a2151c9d58c?s=96&d=mm&r=g\",\"contentUrl\":\"https:\/\/secure.gravatar.com\/avatar\/c1fce94c830dc79107e174f890d7210541c4a63e8e5d816341794a2151c9d58c?s=96&d=mm&r=g\",\"caption\":\"admin\"},\"sameAs\":[\"http:\/\/denizcankizil.tr\"],\"url\":\"https:\/\/www.iskenderun.org\/egitim-senden-lgs-tepkisi\"}]}<\/script>\n<!-- \/ Yoast SEO Premium plugin. -->","yoast_head_json":{"title":"E\u011fitim Sen\u2019den LGS Tepkisi: - Av. Deniz Can K\u0131z\u0131l","robots":{"index":"index","follow":"follow","max-snippet":"max-snippet:-1","max-image-preview":"max-image-preview:large","max-video-preview":"max-video-preview:-1"},"canonical":"https:\/\/denizcankizil.tr\/ru\/haberler\/gundem\/egitim-senden-lgs-tepkisi\/","og_locale":"ru_RU","og_type":"article","og_title":"E\u011fitim Sen\u2019den LGS Tepkisi:","og_description":"Bakanl\u0131\u011f\u0131n, \u2018s\u0131nav sonu\u00e7lar\u0131na etkisi olmad\u0131\u2019 a\u00e7\u0131klamas\u0131n\u0131n kamuoyunda yeterince kar\u015f\u0131l\u0131k bulmad\u0131\u011f\u0131n\u0131 ifade eden Ba\u015fkan \u00dcnsal, son y\u0131llar\u0131n en zor s\u0131nav\u0131n\u0131n rekor say\u0131da birinci \u00e7\u0131karmas\u0131n\u0131n soru i\u015faretlerini art\u0131rd\u0131\u011f\u0131n\u0131 s\u00f6yledi. E\u011fitim Sen olarak s\u00fcrecin takip\u00e7isi olacaklar\u0131na vurgu yapan \u00dcnsal, \u201cS\u0131nav ve sonu\u00e7lar\u0131 oldu-bittiye getirilmeden, Bakanl\u0131k taraf\u0131ndan t\u00fcm y\u00f6nleriyle ara\u015ft\u0131r\u0131larak kamuoyuna a\u00e7\u0131klanmal\u0131d\u0131r. Ele\u015ftirenlere yarg\u0131 resti \u00e7ekmek yerine, sorumlular\u0131n \u00f6z ele\u015ftiri yapmas\u0131 ve gerekiyorsa istifa etmesi gerekir\u201d dedi. MUSTAFA \u00dcNSAL \u201cLGS KALDIRILMALI, REHBERL\u0130K TEMELL\u0130 S\u0130STEM GET\u0130R\u0130LMEL\u0130\u201d Mevcut s\u0131nav sisteminin e\u015fitsizli\u011fi derinle\u015ftirdi\u011fini savunan \u00dcnsal, LGS\u2019nin kald\u0131r\u0131lmas\u0131 gerekti\u011fini belirterek yerine \u00f6\u011frencilerin \u00e7ok y\u00f6nl\u00fc geli\u015fimini esas alan, rehberlik ve y\u00f6nlendirme temelli bir yerle\u015ftirme modeli getirilmesi \u00e7a\u011fr\u0131s\u0131nda bulundu. \u00c7ocuklar\u0131 s\u0131navlara de\u011fil, ya\u015fama haz\u0131rlamak gerekti\u011finin alt\u0131n\u0131 \u00e7izen \u00dcnsal, ele\u015ftirel d\u00fc\u015f\u00fcnme becerisi geli\u015fmi\u015f, toplumsal sorumluluk sahibi bireyler yeti\u015ftirecek kamusal, bilimsel ve nitelikli bir e\u011fitim sisteminin acil ihtiya\u00e7 oldu\u011funu vurgulad\u0131. \u201cKAMUSAL E\u011e\u0130T\u0130M G\u00dc\u00c7LEND\u0130R\u0130LMEL\u0130\u2026\u201d T\u00fcm \u00e7ocuklar i\u00e7in paras\u0131z, kamusal ve nitelikli e\u011fitimin sa\u011flanmas\u0131 gerekti\u011fini s\u00f6zlerine ekleyen \u00dcnsal, \u00f6zel okul te\u015fviklerinin kald\u0131r\u0131larak bu kaynaklar\u0131n devlet okullar\u0131na y\u00f6nlendirilmesini talep etti. B\u00f6lgesel ve s\u0131n\u0131fsal e\u015fitsizliklerin giderilmesi gerekti\u011fini aktaran \u00dcnsal, \u00f6\u011fretmen atamalar\u0131, okul donan\u0131mlar\u0131 ve m\u00fcfredat\u0131n da bu e\u015fitlik temelinde yeniden d\u00fczenlenmesi gerekti\u011fini s\u00f6yledi. \u00dcnsal \u201c\u00c7ocuklar\u0131n ruhsal ve pedagojik geli\u015fimini zedeleyen s\u0131nav ve ba\u015far\u0131 odakl\u0131 anlay\u0131\u015f terk edilmeli; e\u011fitim bir rekabet de\u011fil, bir hak alan\u0131 olarak g\u00f6r\u00fclmelidir. &hellip;","og_url":"https:\/\/denizcankizil.tr\/ru\/haberler\/gundem\/egitim-senden-lgs-tepkisi\/","og_site_name":"Av. Deniz Can K\u0131z\u0131l","article_published_time":"2025-07-16T07:42:52+00:00","og_image":[{"url":"https:\/\/iskenderunorg.teimg.com\/iskenderun-org\/uploads\/2025\/07\/sequence-01-2mp4-snapshot-0002004.jpg","type":"","width":"","height":""}],"author":"admin","twitter_card":"summary_large_image","twitter_misc":{"\u041d\u0430\u043f\u0438\u0441\u0430\u043d\u043e \u0430\u0432\u0442\u043e\u0440\u043e\u043c":"admin","\u041f\u0440\u0438\u043c\u0435\u0440\u043d\u043e\u0435 \u0432\u0440\u0435\u043c\u044f \u0434\u043b\u044f \u0447\u0442\u0435\u043d\u0438\u044f":"2 \u043c\u0438\u043d\u0443\u0442\u044b"},"schema":{"@context":"https:\/\/schema.org","@graph":[{"@type":"Article","@id":"https:\/\/denizcankizil.tr\/ru\/haberler\/gundem\/egitim-senden-lgs-tepkisi\/#article","isPartOf":{"@id":"https:\/\/denizcankizil.tr\/ru\/haberler\/gundem\/egitim-senden-lgs-tepkisi\/"},"author":{"name":"admin","@id":"https:\/\/denizcankizil.tr\/de\/#\/schema\/person\/be3c05fe6a12686905512445d8185489"},"headline":"E\u011fitim Sen\u2019den LGS Tepkisi:","datePublished":"2025-07-16T07:42:52+00:00","mainEntityOfPage":{"@id":"https:\/\/denizcankizil.tr\/ru\/haberler\/gundem\/egitim-senden-lgs-tepkisi\/"},"wordCount":398,"publisher":{"@id":"https:\/\/denizcankizil.tr\/de\/#organization"},"image":{"@id":"https:\/\/denizcankizil.tr\/ru\/haberler\/gundem\/egitim-senden-lgs-tepkisi\/#primaryimage"},"thumbnailUrl":"https:\/\/iskenderunorg.teimg.com\/iskenderun-org\/uploads\/2025\/07\/sequence-01-2mp4-snapshot-0002004.jpg","articleSection":["G\u00fcndem"],"inLanguage":"ru-RU"},{"@type":"WebPage","@id":"https:\/\/denizcankizil.tr\/ru\/haberler\/gundem\/egitim-senden-lgs-tepkisi\/","url":"https:\/\/denizcankizil.tr\/ru\/haberler\/gundem\/egitim-senden-lgs-tepkisi\/","name":"E\u011fitim Sen\u2019den LGS Tepkisi: - Av. Deniz Can K\u0131z\u0131l","isPartOf":{"@id":"https:\/\/denizcankizil.tr\/de\/#website"},"primaryImageOfPage":{"@id":"https:\/\/denizcankizil.tr\/ru\/haberler\/gundem\/egitim-senden-lgs-tepkisi\/#primaryimage"},"image":{"@id":"https:\/\/denizcankizil.tr\/ru\/haberler\/gundem\/egitim-senden-lgs-tepkisi\/#primaryimage"},"thumbnailUrl":"https:\/\/iskenderunorg.teimg.com\/iskenderun-org\/uploads\/2025\/07\/sequence-01-2mp4-snapshot-0002004.jpg","datePublished":"2025-07-16T07:42:52+00:00","breadcrumb":{"@id":"https:\/\/denizcankizil.tr\/ru\/haberler\/gundem\/egitim-senden-lgs-tepkisi\/#breadcrumb"},"inLanguage":"ru-RU","potentialAction":[{"@type":"ReadAction","target":["https:\/\/denizcankizil.tr\/ru\/haberler\/gundem\/egitim-senden-lgs-tepkisi\/"]}]},{"@type":"ImageObject","inLanguage":"ru-RU","@id":"https:\/\/denizcankizil.tr\/ru\/haberler\/gundem\/egitim-senden-lgs-tepkisi\/#primaryimage","url":"https:\/\/iskenderunorg.teimg.com\/iskenderun-org\/uploads\/2025\/07\/sequence-01-2mp4-snapshot-0002004.jpg","contentUrl":"https:\/\/iskenderunorg.teimg.com\/iskenderun-org\/uploads\/2025\/07\/sequence-01-2mp4-snapshot-0002004.jpg"},{"@type":"BreadcrumbList","@id":"https:\/\/denizcankizil.tr\/ru\/haberler\/gundem\/egitim-senden-lgs-tepkisi\/#breadcrumb","itemListElement":[{"@type":"ListItem","position":1,"name":"Home","item":"https:\/\/denizcankizil.tr\/de\/"},{"@type":"ListItem","position":2,"name":"E\u011fitim Sen\u2019den LGS Tepkisi:"}]},{"@type":"WebSite","@id":"https:\/\/denizcankizil.tr\/de\/#website","url":"https:\/\/denizcankizil.tr\/de\/","name":"Av. Deniz Can K\u0131z\u0131l","description":"Avukat Deniz Can K\u0131z\u0131l Antalya Barosu","publisher":{"@id":"https:\/\/denizcankizil.tr\/de\/#organization"},"potentialAction":[{"@type":"SearchAction","target":{"@type":"EntryPoint","urlTemplate":"https:\/\/denizcankizil.tr\/de\/?s={search_term_string}"},"query-input":{"@type":"PropertyValueSpecification","valueRequired":true,"valueName":"search_term_string"}}],"inLanguage":"ru-RU"},{"@type":"Organization","@id":"https:\/\/denizcankizil.tr\/de\/#organization","name":"Av. Deniz Can K\u0131z\u0131l","url":"https:\/\/denizcankizil.tr\/de\/","logo":{"@type":"ImageObject","inLanguage":"ru-RU","@id":"https:\/\/denizcankizil.tr\/de\/#\/schema\/logo\/image\/","url":"https:\/\/denizcankizil.tr\/wp-content\/uploads\/2024\/10\/siyah-logo-svg.svg","contentUrl":"https:\/\/denizcankizil.tr\/wp-content\/uploads\/2024\/10\/siyah-logo-svg.svg","width":1080,"height":1080,"caption":"Av. Deniz Can K\u0131z\u0131l"},"image":{"@id":"https:\/\/denizcankizil.tr\/de\/#\/schema\/logo\/image\/"}},{"@type":"Person","@id":"https:\/\/denizcankizil.tr\/de\/#\/schema\/person\/be3c05fe6a12686905512445d8185489","name":"\u0430\u0434\u043c\u0438\u043d","image":{"@type":"ImageObject","inLanguage":"ru-RU","@id":"https:\/\/denizcankizil.tr\/de\/#\/schema\/person\/image\/","url":"https:\/\/secure.gravatar.com\/avatar\/c1fce94c830dc79107e174f890d7210541c4a63e8e5d816341794a2151c9d58c?s=96&d=mm&r=g","contentUrl":"https:\/\/secure.gravatar.com\/avatar\/c1fce94c830dc79107e174f890d7210541c4a63e8e5d816341794a2151c9d58c?s=96&d=mm&r=g","caption":"admin"},"sameAs":["http:\/\/denizcankizil.tr"],"url":"https:\/\/www.iskenderun.org\/egitim-senden-lgs-tepkisi"}]}},"_links":{"self":[{"href":"https:\/\/denizcankizil.tr\/ru\/wp-json\/wp\/v2\/posts\/147727","targetHints":{"allow":["GET"]}}],"collection":[{"href":"https:\/\/denizcankizil.tr\/ru\/wp-json\/wp\/v2\/posts"}],"about":[{"href":"https:\/\/denizcankizil.tr\/ru\/wp-json\/wp\/v2\/types\/post"}],"author":[{"embeddable":true,"href":"https:\/\/denizcankizil.tr\/ru\/wp-json\/wp\/v2\/users\/1"}],"replies":[{"embeddable":true,"href":"https:\/\/denizcankizil.tr\/ru\/wp-json\/wp\/v2\/comments?post=147727"}],"version-history":[{"count":0,"href":"https:\/\/denizcankizil.tr\/ru\/wp-json\/wp\/v2\/posts\/147727\/revisions"}],"wp:attachment":[{"href":"https:\/\/denizcankizil.tr\/ru\/wp-json\/wp\/v2\/media?parent=147727"}],"wp:term":[{"taxonomy":"category","embeddable":true,"href":"https:\/\/denizcankizil.tr\/ru\/wp-json\/wp\/v2\/categories?post=147727"},{"taxonomy":"post_tag","embeddable":true,"href":"https:\/\/denizcankizil.tr\/ru\/wp-json\/wp\/v2\/tags?post=147727"}],"curies":[{"name":"wp","href":"https:\/\/api.w.org\/{rel}","templated":true}]}}