{"id":147174,"date":"2025-07-15T23:41:18","date_gmt":"2025-07-15T20:41:18","guid":{"rendered":"https:\/\/denizcankizil.tr\/uncategorized-tr\/oykun-basardan-evladina-son-bakis-13-yasindaki-ege-basar-dualarla-ugurlandi\/"},"modified":"2025-07-15T23:41:18","modified_gmt":"2025-07-15T20:41:18","slug":"oykun-basardan-evladina-son-bakis-13-yasindaki-ege-basar-dualarla-ugurlandi","status":"publish","type":"post","link":"https:\/\/denizcankizil.tr\/ru\/haberler\/gundem\/oykun-basardan-evladina-son-bakis-13-yasindaki-ege-basar-dualarla-ugurlandi\/","title":{"rendered":"Oykun Ba\u015far&#8217;dan evlad\u0131na son bak\u0131\u015f&#8230; 13 ya\u015f\u0131ndaki Ege Ba\u015far, dualarla u\u011furland\u0131"},"content":{"rendered":"<p>Cumhuriyet Halk Partisi (CHP) Manavgat \u0130l\u00e7e Ba\u015fkan\u0131 Oykun Ba\u015far&#8217;\u0131n do\u011fu\u015ftan kalbi delik olan 13 ya\u015f\u0131ndaki o\u011flu Ege Ba\u015far, uzun s\u00fcredir devam eden kalp rahats\u0131zl\u0131\u011f\u0131yla m\u00fccadele ediyordu. Daha \u00f6nce 2 kez kalp ameliyat\u0131 ge\u00e7iren Ege, 7 Temmuz Pazartesi g\u00fcn\u00fc Ankara&#8217;da \u00f6zel bir hastanede \u00fc\u00e7\u00fcnc\u00fc ve en kapsaml\u0131 operasyonuna al\u0131nd\u0131.<\/p>\n<p>AMEL\u0130YAT SONRASI ACI HABER<\/p>\n<p>Ameliyat\u0131n ard\u0131ndan yo\u011fun bak\u0131m \u00fcnitesinde tedavi alt\u0131na al\u0131nan Ege Ba\u015far&#8217;\u0131n durumu d\u00fcn k\u00f6t\u00fcle\u015fti. Doktorlar\u0131n t\u00fcm m\u00fcdahalelerine ra\u011fmen Ege Ba\u015far, ya\u015fam m\u00fccadelesini kaybederek hayat\u0131n\u0131 yitirdi. Ege Ba\u015far i\u00e7in gelen ac\u0131 haber, ailesini ve sevenlerini yasa bo\u011fdu.<\/p>\n<p>MANAVGAT&#8217;TA DUYGUSAL CENAZE T\u00d6REN\u0130<\/p>\n<p>13 ya\u015f\u0131nda hayata veda eden Ege Ba\u015far i\u00e7in Antalya&#8217;n\u0131n Manavgat il\u00e7esinde cenaze t\u00f6reni d\u00fczenlendi. T\u00f6rene kat\u0131lanlar aras\u0131nda CHP Antalya Milletvekilleri Aykut Kaya, Sururi \u00c7orabat\u0131r, Cavit Ar\u0131, Aliye Co\u015far, CHP Antalya \u0130l Ba\u015fkan\u0131 Nail Kamac\u0131, Antalya B\u00fcy\u00fck\u015fehir Belediye Ba\u015fkan Vekili B\u00fc\u015fra \u00d6zdemir, Konyaalt\u0131 Belediye Ba\u015fkan\u0131 Cem Kotan ile \u00e7ok say\u0131da aile dostu ve sevenleri yer ald\u0131.<\/p>\n<p>Ege Ba\u015far, k\u0131l\u0131nan cenaze namaz\u0131n\u0131n ard\u0131ndan dualar e\u015fli\u011finde son yolculu\u011funa u\u011furland\u0131. B\u00fcy\u00fck \u00fcz\u00fcnt\u00fcye sahne olan cenaze t\u00f6reninde, Oykun Ba\u015far&#8217;\u0131n evlad\u0131na son bak\u0131\u015f\u0131 y\u00fcrekleri da\u011flad\u0131.<\/p>\n<p>\u200bCHP Manavgat \u0130l\u00e7e Ba\u015fkan\u0131 Oykun Ba\u015far&#8217;\u0131n 13 ya\u015f\u0131ndaki o\u011flu Ege Ba\u015far, do\u011fu\u015ftan gelen kalp rahats\u0131zl\u0131\u011f\u0131 nedeniyle ge\u00e7irdi\u011fi ameliyat sonras\u0131 d\u00fcn ya\u015fam\u0131n\u0131 yitirdi. Ege Ba\u015far, Manavgat&#8217;ta d\u00fczenlenen cenaze t\u00f6reniyle dualar e\u015fli\u011finde son yolculu\u011funa u\u011furland\u0131.\u00a0<\/p>\n<p>\u200bHaberin Al\u0131nt\u0131land\u0131\u011f\u0131 Kaynak: www.antalyakorfez.com<\/p>","protected":false},"excerpt":{"rendered":"<p>Cumhuriyet Halk Partisi (CHP) Manavgat \u0130l\u00e7e Ba\u015fkan\u0131 Oykun Ba\u015far&#8217;\u0131n do\u011fu\u015ftan kalbi delik olan 13 ya\u015f\u0131ndaki o\u011flu Ege Ba\u015far, uzun s\u00fcredir devam eden kalp rahats\u0131zl\u0131\u011f\u0131yla m\u00fccadele ediyordu. Daha \u00f6nce 2 kez kalp ameliyat\u0131 ge\u00e7iren Ege, 7 Temmuz Pazartesi g\u00fcn\u00fc Ankara&#8217;da \u00f6zel bir hastanede \u00fc\u00e7\u00fcnc\u00fc ve en kapsaml\u0131 operasyonuna al\u0131nd\u0131. AMEL\u0130YAT SONRASI ACI HABER Ameliyat\u0131n ard\u0131ndan yo\u011fun bak\u0131m \u00fcnitesinde tedavi alt\u0131na al\u0131nan Ege Ba\u015far&#8217;\u0131n durumu d\u00fcn k\u00f6t\u00fcle\u015fti. Doktorlar\u0131n t\u00fcm m\u00fcdahalelerine ra\u011fmen Ege Ba\u015far, ya\u015fam m\u00fccadelesini kaybederek hayat\u0131n\u0131 yitirdi. Ege Ba\u015far i\u00e7in gelen ac\u0131 haber, ailesini ve sevenlerini yasa bo\u011fdu. MANAVGAT&#8217;TA DUYGUSAL CENAZE T\u00d6REN\u0130 13 ya\u015f\u0131nda hayata veda eden Ege Ba\u015far i\u00e7in Antalya&#8217;n\u0131n Manavgat il\u00e7esinde cenaze t\u00f6reni d\u00fczenlendi. T\u00f6rene kat\u0131lanlar aras\u0131nda CHP Antalya Milletvekilleri Aykut Kaya, Sururi \u00c7orabat\u0131r, Cavit Ar\u0131, Aliye Co\u015far, CHP Antalya \u0130l Ba\u015fkan\u0131 Nail Kamac\u0131, Antalya B\u00fcy\u00fck\u015fehir Belediye Ba\u015fkan Vekili B\u00fc\u015fra \u00d6zdemir, Konyaalt\u0131 Belediye Ba\u015fkan\u0131 Cem Kotan ile \u00e7ok say\u0131da aile dostu ve sevenleri yer ald\u0131. Ege Ba\u015far, k\u0131l\u0131nan cenaze namaz\u0131n\u0131n ard\u0131ndan dualar e\u015fli\u011finde son yolculu\u011funa u\u011furland\u0131. B\u00fcy\u00fck \u00fcz\u00fcnt\u00fcye sahne olan cenaze t\u00f6reninde, Oykun Ba\u015far&#8217;\u0131n evlad\u0131na son bak\u0131\u015f\u0131 y\u00fcrekleri da\u011flad\u0131. \u200bCHP Manavgat \u0130l\u00e7e Ba\u015fkan\u0131 Oykun Ba\u015far&#8217;\u0131n 13 ya\u015f\u0131ndaki o\u011flu Ege Ba\u015far, do\u011fu\u015ftan gelen kalp rahats\u0131zl\u0131\u011f\u0131 nedeniyle ge\u00e7irdi\u011fi ameliyat sonras\u0131 d\u00fcn ya\u015fam\u0131n\u0131 yitirdi. Ege Ba\u015far, Manavgat&#8217;ta d\u00fczenlenen cenaze t\u00f6reniyle dualar e\u015fli\u011finde &hellip;<\/p>","protected":false},"author":5,"featured_media":0,"comment_status":"","ping_status":"open","sticky":false,"template":"","format":"standard","meta":{"_acf_changed":false,"footnotes":""},"categories":[24],"tags":[],"class_list":["post-147174","post","type-post","status-publish","format-standard","has-post-thumbnail","hentry","category-gundem"],"acf":[],"yoast_head":"<!-- This site is optimized with the Yoast SEO Premium plugin v26.6 (Yoast SEO v27.1.1) - https:\/\/yoast.com\/product\/yoast-seo-premium-wordpress\/ -->\n<title>Oykun Ba\u015far&#039;dan evlad\u0131na son bak\u0131\u015f... 13 ya\u015f\u0131ndaki Ege Ba\u015far, dualarla u\u011furland\u0131 - Av. Deniz Can K\u0131z\u0131l<\/title>\n<meta name=\"robots\" content=\"index, follow, max-snippet:-1, max-image-preview:large, max-video-preview:-1\" \/>\n<link rel=\"canonical\" href=\"https:\/\/denizcankizil.tr\/ru\/haberler\/gundem\/oykun-basardan-evladina-son-bakis-13-yasindaki-ege-basar-dualarla-ugurlandi\/\" \/>\n<meta property=\"og:locale\" content=\"ru_RU\" \/>\n<meta property=\"og:type\" content=\"article\" \/>\n<meta property=\"og:title\" content=\"Oykun Ba\u015far&#039;dan evlad\u0131na son bak\u0131\u015f... 13 ya\u015f\u0131ndaki Ege Ba\u015far, dualarla u\u011furland\u0131\" \/>\n<meta property=\"og:description\" content=\"Cumhuriyet Halk Partisi (CHP) Manavgat \u0130l\u00e7e Ba\u015fkan\u0131 Oykun Ba\u015far&#8217;\u0131n do\u011fu\u015ftan kalbi delik olan 13 ya\u015f\u0131ndaki o\u011flu Ege Ba\u015far, uzun s\u00fcredir devam eden kalp rahats\u0131zl\u0131\u011f\u0131yla m\u00fccadele ediyordu. Daha \u00f6nce 2 kez kalp ameliyat\u0131 ge\u00e7iren Ege, 7 Temmuz Pazartesi g\u00fcn\u00fc Ankara&#8217;da \u00f6zel bir hastanede \u00fc\u00e7\u00fcnc\u00fc ve en kapsaml\u0131 operasyonuna al\u0131nd\u0131. AMEL\u0130YAT SONRASI ACI HABER Ameliyat\u0131n ard\u0131ndan yo\u011fun bak\u0131m \u00fcnitesinde tedavi alt\u0131na al\u0131nan Ege Ba\u015far&#8217;\u0131n durumu d\u00fcn k\u00f6t\u00fcle\u015fti. Doktorlar\u0131n t\u00fcm m\u00fcdahalelerine ra\u011fmen Ege Ba\u015far, ya\u015fam m\u00fccadelesini kaybederek hayat\u0131n\u0131 yitirdi. Ege Ba\u015far i\u00e7in gelen ac\u0131 haber, ailesini ve sevenlerini yasa bo\u011fdu. MANAVGAT&#8217;TA DUYGUSAL CENAZE T\u00d6REN\u0130 13 ya\u015f\u0131nda hayata veda eden Ege Ba\u015far i\u00e7in Antalya&#8217;n\u0131n Manavgat il\u00e7esinde cenaze t\u00f6reni d\u00fczenlendi. T\u00f6rene kat\u0131lanlar aras\u0131nda CHP Antalya Milletvekilleri Aykut Kaya, Sururi \u00c7orabat\u0131r, Cavit Ar\u0131, Aliye Co\u015far, CHP Antalya \u0130l Ba\u015fkan\u0131 Nail Kamac\u0131, Antalya B\u00fcy\u00fck\u015fehir Belediye Ba\u015fkan Vekili B\u00fc\u015fra \u00d6zdemir, Konyaalt\u0131 Belediye Ba\u015fkan\u0131 Cem Kotan ile \u00e7ok say\u0131da aile dostu ve sevenleri yer ald\u0131. Ege Ba\u015far, k\u0131l\u0131nan cenaze namaz\u0131n\u0131n ard\u0131ndan dualar e\u015fli\u011finde son yolculu\u011funa u\u011furland\u0131. B\u00fcy\u00fck \u00fcz\u00fcnt\u00fcye sahne olan cenaze t\u00f6reninde, Oykun Ba\u015far&#8217;\u0131n evlad\u0131na son bak\u0131\u015f\u0131 y\u00fcrekleri da\u011flad\u0131. \u200bCHP Manavgat \u0130l\u00e7e Ba\u015fkan\u0131 Oykun Ba\u015far&#8217;\u0131n 13 ya\u015f\u0131ndaki o\u011flu Ege Ba\u015far, do\u011fu\u015ftan gelen kalp rahats\u0131zl\u0131\u011f\u0131 nedeniyle ge\u00e7irdi\u011fi ameliyat sonras\u0131 d\u00fcn ya\u015fam\u0131n\u0131 yitirdi. Ege Ba\u015far, Manavgat&#8217;ta d\u00fczenlenen cenaze t\u00f6reniyle dualar e\u015fli\u011finde &hellip;\" \/>\n<meta property=\"og:url\" content=\"https:\/\/denizcankizil.tr\/ru\/haberler\/gundem\/oykun-basardan-evladina-son-bakis-13-yasindaki-ege-basar-dualarla-ugurlandi\/\" \/>\n<meta property=\"og:site_name\" content=\"Av. Deniz Can K\u0131z\u0131l\" \/>\n<meta property=\"article:published_time\" content=\"2025-07-15T20:41:18+00:00\" \/>\n<meta name=\"author\" content=\"Antalya K\u00f6rfez\" \/>\n<meta name=\"twitter:card\" content=\"summary_large_image\" \/>\n<meta name=\"twitter:label1\" content=\"\u041d\u0430\u043f\u0438\u0441\u0430\u043d\u043e \u0430\u0432\u0442\u043e\u0440\u043e\u043c\" \/>\n\t<meta name=\"twitter:data1\" content=\"Antalya K\u00f6rfez\" \/>\n\t<meta name=\"twitter:label2\" content=\"\u041f\u0440\u0438\u043c\u0435\u0440\u043d\u043e\u0435 \u0432\u0440\u0435\u043c\u044f \u0434\u043b\u044f \u0447\u0442\u0435\u043d\u0438\u044f\" \/>\n\t<meta name=\"twitter:data2\" content=\"2 \u043c\u0438\u043d\u0443\u0442\u044b\" \/>\n<script type=\"application\/ld+json\" class=\"yoast-schema-graph\">{\"@context\":\"https:\/\/schema.org\",\"@graph\":[{\"@type\":\"Article\",\"@id\":\"https:\/\/denizcankizil.tr\/ru\/haberler\/gundem\/oykun-basardan-evladina-son-bakis-13-yasindaki-ege-basar-dualarla-ugurlandi\/#article\",\"isPartOf\":{\"@id\":\"https:\/\/denizcankizil.tr\/ru\/haberler\/gundem\/oykun-basardan-evladina-son-bakis-13-yasindaki-ege-basar-dualarla-ugurlandi\/\"},\"author\":{\"name\":\"Antalya K\u00f6rfez\",\"@id\":\"https:\/\/denizcankizil.tr\/de\/#\/schema\/person\/e1eb71bb4dd684d46563f0af307e1234\"},\"headline\":\"Oykun Ba\u015far&#8217;dan evlad\u0131na son bak\u0131\u015f&#8230; 13 ya\u015f\u0131ndaki Ege Ba\u015far, dualarla u\u011furland\u0131\",\"datePublished\":\"2025-07-15T20:41:18+00:00\",\"mainEntityOfPage\":{\"@id\":\"https:\/\/denizcankizil.tr\/ru\/haberler\/gundem\/oykun-basardan-evladina-son-bakis-13-yasindaki-ege-basar-dualarla-ugurlandi\/\"},\"wordCount\":329,\"publisher\":{\"@id\":\"https:\/\/denizcankizil.tr\/de\/#organization\"},\"articleSection\":[\"G\u00fcndem\"],\"inLanguage\":\"ru-RU\"},{\"@type\":\"WebPage\",\"@id\":\"https:\/\/denizcankizil.tr\/ru\/haberler\/gundem\/oykun-basardan-evladina-son-bakis-13-yasindaki-ege-basar-dualarla-ugurlandi\/\",\"url\":\"https:\/\/denizcankizil.tr\/ru\/haberler\/gundem\/oykun-basardan-evladina-son-bakis-13-yasindaki-ege-basar-dualarla-ugurlandi\/\",\"name\":\"Oykun Ba\u015far'dan evlad\u0131na son bak\u0131\u015f... 13 ya\u015f\u0131ndaki Ege Ba\u015far, dualarla u\u011furland\u0131 - Av. Deniz Can K\u0131z\u0131l\",\"isPartOf\":{\"@id\":\"https:\/\/denizcankizil.tr\/de\/#website\"},\"datePublished\":\"2025-07-15T20:41:18+00:00\",\"breadcrumb\":{\"@id\":\"https:\/\/denizcankizil.tr\/ru\/haberler\/gundem\/oykun-basardan-evladina-son-bakis-13-yasindaki-ege-basar-dualarla-ugurlandi\/#breadcrumb\"},\"inLanguage\":\"ru-RU\",\"potentialAction\":[{\"@type\":\"ReadAction\",\"target\":[\"https:\/\/denizcankizil.tr\/ru\/haberler\/gundem\/oykun-basardan-evladina-son-bakis-13-yasindaki-ege-basar-dualarla-ugurlandi\/\"]}]},{\"@type\":\"BreadcrumbList\",\"@id\":\"https:\/\/denizcankizil.tr\/ru\/haberler\/gundem\/oykun-basardan-evladina-son-bakis-13-yasindaki-ege-basar-dualarla-ugurlandi\/#breadcrumb\",\"itemListElement\":[{\"@type\":\"ListItem\",\"position\":1,\"name\":\"Home\",\"item\":\"https:\/\/denizcankizil.tr\/de\/\"},{\"@type\":\"ListItem\",\"position\":2,\"name\":\"Oykun Ba\u015far&#8217;dan evlad\u0131na son bak\u0131\u015f&#8230; 13 ya\u015f\u0131ndaki Ege Ba\u015far, dualarla u\u011furland\u0131\"}]},{\"@type\":\"WebSite\",\"@id\":\"https:\/\/denizcankizil.tr\/de\/#website\",\"url\":\"https:\/\/denizcankizil.tr\/de\/\",\"name\":\"Av. Deniz Can K\u0131z\u0131l\",\"description\":\"Avukat Deniz Can K\u0131z\u0131l Antalya Barosu\",\"publisher\":{\"@id\":\"https:\/\/denizcankizil.tr\/de\/#organization\"},\"potentialAction\":[{\"@type\":\"SearchAction\",\"target\":{\"@type\":\"EntryPoint\",\"urlTemplate\":\"https:\/\/denizcankizil.tr\/de\/?s={search_term_string}\"},\"query-input\":{\"@type\":\"PropertyValueSpecification\",\"valueRequired\":true,\"valueName\":\"search_term_string\"}}],\"inLanguage\":\"ru-RU\"},{\"@type\":\"Organization\",\"@id\":\"https:\/\/denizcankizil.tr\/de\/#organization\",\"name\":\"Av. Deniz Can K\u0131z\u0131l\",\"url\":\"https:\/\/denizcankizil.tr\/de\/\",\"logo\":{\"@type\":\"ImageObject\",\"inLanguage\":\"ru-RU\",\"@id\":\"https:\/\/denizcankizil.tr\/de\/#\/schema\/logo\/image\/\",\"url\":\"https:\/\/denizcankizil.tr\/wp-content\/uploads\/2024\/10\/siyah-logo-svg.svg\",\"contentUrl\":\"https:\/\/denizcankizil.tr\/wp-content\/uploads\/2024\/10\/siyah-logo-svg.svg\",\"width\":1080,\"height\":1080,\"caption\":\"Av. Deniz Can K\u0131z\u0131l\"},\"image\":{\"@id\":\"https:\/\/denizcankizil.tr\/de\/#\/schema\/logo\/image\/\"}},{\"@type\":\"Person\",\"@id\":\"https:\/\/denizcankizil.tr\/de\/#\/schema\/person\/e1eb71bb4dd684d46563f0af307e1234\",\"name\":\"Antalya K\u00f6rfez\",\"image\":{\"@type\":\"ImageObject\",\"inLanguage\":\"ru-RU\",\"@id\":\"https:\/\/denizcankizil.tr\/de\/#\/schema\/person\/image\/\",\"url\":\"https:\/\/secure.gravatar.com\/avatar\/42b01982558a48a0b501fdcab6a408d3717ea5919095ee2e67b0e521799c5905?s=96&d=mm&r=g\",\"contentUrl\":\"https:\/\/secure.gravatar.com\/avatar\/42b01982558a48a0b501fdcab6a408d3717ea5919095ee2e67b0e521799c5905?s=96&d=mm&r=g\",\"caption\":\"Antalya K\u00f6rfez\"},\"sameAs\":[\"http:\/\/www.antalyakorfez.com\"],\"url\":\"https:\/\/www.antalyakorfez.com\/oykun-basardan-evladina-son-bakis-13-yasindaki-ege-basar-dualarla-ugurlandi\"}]}<\/script>\n<!-- \/ Yoast SEO Premium plugin. -->","yoast_head_json":{"title":"Oykun Ba\u015far'dan evlad\u0131na son bak\u0131\u015f... 13 ya\u015f\u0131ndaki Ege Ba\u015far, dualarla u\u011furland\u0131 - Av. Deniz Can K\u0131z\u0131l","robots":{"index":"index","follow":"follow","max-snippet":"max-snippet:-1","max-image-preview":"max-image-preview:large","max-video-preview":"max-video-preview:-1"},"canonical":"https:\/\/denizcankizil.tr\/ru\/haberler\/gundem\/oykun-basardan-evladina-son-bakis-13-yasindaki-ege-basar-dualarla-ugurlandi\/","og_locale":"ru_RU","og_type":"article","og_title":"Oykun Ba\u015far'dan evlad\u0131na son bak\u0131\u015f... 13 ya\u015f\u0131ndaki Ege Ba\u015far, dualarla u\u011furland\u0131","og_description":"Cumhuriyet Halk Partisi (CHP) Manavgat \u0130l\u00e7e Ba\u015fkan\u0131 Oykun Ba\u015far&#8217;\u0131n do\u011fu\u015ftan kalbi delik olan 13 ya\u015f\u0131ndaki o\u011flu Ege Ba\u015far, uzun s\u00fcredir devam eden kalp rahats\u0131zl\u0131\u011f\u0131yla m\u00fccadele ediyordu. Daha \u00f6nce 2 kez kalp ameliyat\u0131 ge\u00e7iren Ege, 7 Temmuz Pazartesi g\u00fcn\u00fc Ankara&#8217;da \u00f6zel bir hastanede \u00fc\u00e7\u00fcnc\u00fc ve en kapsaml\u0131 operasyonuna al\u0131nd\u0131. AMEL\u0130YAT SONRASI ACI HABER Ameliyat\u0131n ard\u0131ndan yo\u011fun bak\u0131m \u00fcnitesinde tedavi alt\u0131na al\u0131nan Ege Ba\u015far&#8217;\u0131n durumu d\u00fcn k\u00f6t\u00fcle\u015fti. Doktorlar\u0131n t\u00fcm m\u00fcdahalelerine ra\u011fmen Ege Ba\u015far, ya\u015fam m\u00fccadelesini kaybederek hayat\u0131n\u0131 yitirdi. Ege Ba\u015far i\u00e7in gelen ac\u0131 haber, ailesini ve sevenlerini yasa bo\u011fdu. MANAVGAT&#8217;TA DUYGUSAL CENAZE T\u00d6REN\u0130 13 ya\u015f\u0131nda hayata veda eden Ege Ba\u015far i\u00e7in Antalya&#8217;n\u0131n Manavgat il\u00e7esinde cenaze t\u00f6reni d\u00fczenlendi. T\u00f6rene kat\u0131lanlar aras\u0131nda CHP Antalya Milletvekilleri Aykut Kaya, Sururi \u00c7orabat\u0131r, Cavit Ar\u0131, Aliye Co\u015far, CHP Antalya \u0130l Ba\u015fkan\u0131 Nail Kamac\u0131, Antalya B\u00fcy\u00fck\u015fehir Belediye Ba\u015fkan Vekili B\u00fc\u015fra \u00d6zdemir, Konyaalt\u0131 Belediye Ba\u015fkan\u0131 Cem Kotan ile \u00e7ok say\u0131da aile dostu ve sevenleri yer ald\u0131. Ege Ba\u015far, k\u0131l\u0131nan cenaze namaz\u0131n\u0131n ard\u0131ndan dualar e\u015fli\u011finde son yolculu\u011funa u\u011furland\u0131. B\u00fcy\u00fck \u00fcz\u00fcnt\u00fcye sahne olan cenaze t\u00f6reninde, Oykun Ba\u015far&#8217;\u0131n evlad\u0131na son bak\u0131\u015f\u0131 y\u00fcrekleri da\u011flad\u0131. \u200bCHP Manavgat \u0130l\u00e7e Ba\u015fkan\u0131 Oykun Ba\u015far&#8217;\u0131n 13 ya\u015f\u0131ndaki o\u011flu Ege Ba\u015far, do\u011fu\u015ftan gelen kalp rahats\u0131zl\u0131\u011f\u0131 nedeniyle ge\u00e7irdi\u011fi ameliyat sonras\u0131 d\u00fcn ya\u015fam\u0131n\u0131 yitirdi. Ege Ba\u015far, Manavgat&#8217;ta d\u00fczenlenen cenaze t\u00f6reniyle dualar e\u015fli\u011finde &hellip;","og_url":"https:\/\/denizcankizil.tr\/ru\/haberler\/gundem\/oykun-basardan-evladina-son-bakis-13-yasindaki-ege-basar-dualarla-ugurlandi\/","og_site_name":"Av. Deniz Can K\u0131z\u0131l","article_published_time":"2025-07-15T20:41:18+00:00","author":"Antalya K\u00f6rfez","twitter_card":"summary_large_image","twitter_misc":{"\u041d\u0430\u043f\u0438\u0441\u0430\u043d\u043e \u0430\u0432\u0442\u043e\u0440\u043e\u043c":"Antalya K\u00f6rfez","\u041f\u0440\u0438\u043c\u0435\u0440\u043d\u043e\u0435 \u0432\u0440\u0435\u043c\u044f \u0434\u043b\u044f \u0447\u0442\u0435\u043d\u0438\u044f":"2 \u043c\u0438\u043d\u0443\u0442\u044b"},"schema":{"@context":"https:\/\/schema.org","@graph":[{"@type":"Article","@id":"https:\/\/denizcankizil.tr\/ru\/haberler\/gundem\/oykun-basardan-evladina-son-bakis-13-yasindaki-ege-basar-dualarla-ugurlandi\/#article","isPartOf":{"@id":"https:\/\/denizcankizil.tr\/ru\/haberler\/gundem\/oykun-basardan-evladina-son-bakis-13-yasindaki-ege-basar-dualarla-ugurlandi\/"},"author":{"name":"Antalya K\u00f6rfez","@id":"https:\/\/denizcankizil.tr\/de\/#\/schema\/person\/e1eb71bb4dd684d46563f0af307e1234"},"headline":"Oykun Ba\u015far&#8217;dan evlad\u0131na son bak\u0131\u015f&#8230; 13 ya\u015f\u0131ndaki Ege Ba\u015far, dualarla u\u011furland\u0131","datePublished":"2025-07-15T20:41:18+00:00","mainEntityOfPage":{"@id":"https:\/\/denizcankizil.tr\/ru\/haberler\/gundem\/oykun-basardan-evladina-son-bakis-13-yasindaki-ege-basar-dualarla-ugurlandi\/"},"wordCount":329,"publisher":{"@id":"https:\/\/denizcankizil.tr\/de\/#organization"},"articleSection":["G\u00fcndem"],"inLanguage":"ru-RU"},{"@type":"WebPage","@id":"https:\/\/denizcankizil.tr\/ru\/haberler\/gundem\/oykun-basardan-evladina-son-bakis-13-yasindaki-ege-basar-dualarla-ugurlandi\/","url":"https:\/\/denizcankizil.tr\/ru\/haberler\/gundem\/oykun-basardan-evladina-son-bakis-13-yasindaki-ege-basar-dualarla-ugurlandi\/","name":"Oykun Ba\u015far'dan evlad\u0131na son bak\u0131\u015f... 13 ya\u015f\u0131ndaki Ege Ba\u015far, dualarla u\u011furland\u0131 - Av. Deniz Can K\u0131z\u0131l","isPartOf":{"@id":"https:\/\/denizcankizil.tr\/de\/#website"},"datePublished":"2025-07-15T20:41:18+00:00","breadcrumb":{"@id":"https:\/\/denizcankizil.tr\/ru\/haberler\/gundem\/oykun-basardan-evladina-son-bakis-13-yasindaki-ege-basar-dualarla-ugurlandi\/#breadcrumb"},"inLanguage":"ru-RU","potentialAction":[{"@type":"ReadAction","target":["https:\/\/denizcankizil.tr\/ru\/haberler\/gundem\/oykun-basardan-evladina-son-bakis-13-yasindaki-ege-basar-dualarla-ugurlandi\/"]}]},{"@type":"BreadcrumbList","@id":"https:\/\/denizcankizil.tr\/ru\/haberler\/gundem\/oykun-basardan-evladina-son-bakis-13-yasindaki-ege-basar-dualarla-ugurlandi\/#breadcrumb","itemListElement":[{"@type":"ListItem","position":1,"name":"Home","item":"https:\/\/denizcankizil.tr\/de\/"},{"@type":"ListItem","position":2,"name":"Oykun Ba\u015far&#8217;dan evlad\u0131na son bak\u0131\u015f&#8230; 13 ya\u015f\u0131ndaki Ege Ba\u015far, dualarla u\u011furland\u0131"}]},{"@type":"WebSite","@id":"https:\/\/denizcankizil.tr\/de\/#website","url":"https:\/\/denizcankizil.tr\/de\/","name":"Av. Deniz Can K\u0131z\u0131l","description":"Avukat Deniz Can K\u0131z\u0131l Antalya Barosu","publisher":{"@id":"https:\/\/denizcankizil.tr\/de\/#organization"},"potentialAction":[{"@type":"SearchAction","target":{"@type":"EntryPoint","urlTemplate":"https:\/\/denizcankizil.tr\/de\/?s={search_term_string}"},"query-input":{"@type":"PropertyValueSpecification","valueRequired":true,"valueName":"search_term_string"}}],"inLanguage":"ru-RU"},{"@type":"Organization","@id":"https:\/\/denizcankizil.tr\/de\/#organization","name":"Av. Deniz Can K\u0131z\u0131l","url":"https:\/\/denizcankizil.tr\/de\/","logo":{"@type":"ImageObject","inLanguage":"ru-RU","@id":"https:\/\/denizcankizil.tr\/de\/#\/schema\/logo\/image\/","url":"https:\/\/denizcankizil.tr\/wp-content\/uploads\/2024\/10\/siyah-logo-svg.svg","contentUrl":"https:\/\/denizcankizil.tr\/wp-content\/uploads\/2024\/10\/siyah-logo-svg.svg","width":1080,"height":1080,"caption":"Av. Deniz Can K\u0131z\u0131l"},"image":{"@id":"https:\/\/denizcankizil.tr\/de\/#\/schema\/logo\/image\/"}},{"@type":"Person","@id":"https:\/\/denizcankizil.tr\/de\/#\/schema\/person\/e1eb71bb4dd684d46563f0af307e1234","name":"Antalya K\u00f6rfez","image":{"@type":"ImageObject","inLanguage":"ru-RU","@id":"https:\/\/denizcankizil.tr\/de\/#\/schema\/person\/image\/","url":"https:\/\/secure.gravatar.com\/avatar\/42b01982558a48a0b501fdcab6a408d3717ea5919095ee2e67b0e521799c5905?s=96&d=mm&r=g","contentUrl":"https:\/\/secure.gravatar.com\/avatar\/42b01982558a48a0b501fdcab6a408d3717ea5919095ee2e67b0e521799c5905?s=96&d=mm&r=g","caption":"Antalya K\u00f6rfez"},"sameAs":["http:\/\/www.antalyakorfez.com"],"url":"https:\/\/www.antalyakorfez.com\/oykun-basardan-evladina-son-bakis-13-yasindaki-ege-basar-dualarla-ugurlandi"}]}},"_links":{"self":[{"href":"https:\/\/denizcankizil.tr\/ru\/wp-json\/wp\/v2\/posts\/147174","targetHints":{"allow":["GET"]}}],"collection":[{"href":"https:\/\/denizcankizil.tr\/ru\/wp-json\/wp\/v2\/posts"}],"about":[{"href":"https:\/\/denizcankizil.tr\/ru\/wp-json\/wp\/v2\/types\/post"}],"author":[{"embeddable":true,"href":"https:\/\/denizcankizil.tr\/ru\/wp-json\/wp\/v2\/users\/5"}],"replies":[{"embeddable":true,"href":"https:\/\/denizcankizil.tr\/ru\/wp-json\/wp\/v2\/comments?post=147174"}],"version-history":[{"count":0,"href":"https:\/\/denizcankizil.tr\/ru\/wp-json\/wp\/v2\/posts\/147174\/revisions"}],"wp:attachment":[{"href":"https:\/\/denizcankizil.tr\/ru\/wp-json\/wp\/v2\/media?parent=147174"}],"wp:term":[{"taxonomy":"category","embeddable":true,"href":"https:\/\/denizcankizil.tr\/ru\/wp-json\/wp\/v2\/categories?post=147174"},{"taxonomy":"post_tag","embeddable":true,"href":"https:\/\/denizcankizil.tr\/ru\/wp-json\/wp\/v2\/tags?post=147174"}],"curies":[{"name":"wp","href":"https:\/\/api.w.org\/{rel}","templated":true}]}}