{"id":145702,"date":"2025-07-14T14:41:21","date_gmt":"2025-07-14T11:41:21","guid":{"rendered":"https:\/\/denizcankizil.tr\/uncategorized-tr\/turizm-calisanlarina-yonelik-o-adima-tipten-tepki-geldi\/"},"modified":"2025-07-14T14:41:21","modified_gmt":"2025-07-14T11:41:21","slug":"turizm-calisanlarina-yonelik-o-adima-tipten-tepki-geldi","status":"publish","type":"post","link":"https:\/\/denizcankizil.tr\/ru\/haberler\/gundem\/turizm-calisanlarina-yonelik-o-adima-tipten-tepki-geldi\/","title":{"rendered":"Turizm \u00e7al\u0131\u015fanlar\u0131na y\u00f6nelik o ad\u0131ma T\u0130P\u2019ten tepki geldi"},"content":{"rendered":"<p>TBMM\u2019nin yeni kanunuyla turizm sekt\u00f6r\u00fcnde hafta tatili kural\u0131 de\u011fi\u015fti. \u0130\u015f Kanunu\u2019na g\u00f6re 6 g\u00fcn \u00e7al\u0131\u015fan i\u015f\u00e7iler 7. g\u00fcn tatil yapabiliyorken yeni d\u00fczenlemeyle turizm belgeli otellerde \u00e7al\u0131\u015fanlar 10 g\u00fcn \u00e7al\u0131\u015f\u0131p 11. g\u00fcn tatil yapacak. Kendisi de turizm emek\u00e7isi olan Yunus Ba\u015faran, 45 derece s\u0131ca\u011f\u0131n alt\u0131nda \u00e7al\u0131\u015fan turizm emek\u00e7ilerinin ya\u015fad\u0131\u011f\u0131 sorunlar\u0131n giderek artt\u0131\u011f\u0131na dikkat \u00e7ekti.<\/p>\n<p>\u00d6L\u00dcM KALIM MESELES\u0130 HAL\u0130NE GELD\u0130!<\/p>\n<p>Turizm i\u015fletme belgeli otellerde \u00e7al\u0131\u015fanlar i\u00e7in \u0130\u015f Kanunu\u2019na istisna getirildi. 6 yerine 10 g\u00fcn \u00e7al\u0131\u015fman\u0131n ard\u0131ndan 11. g\u00fcnde hafta tatili hakk\u0131n\u0131n tan\u0131nmas\u0131na T\u0130P tepki g\u00f6sterdi. T\u0130P MYK \u00dcyesi Yunus Ba\u015faran; \u201cBug\u00fcn resmi gazetede yay\u0131nlanmas\u0131yla birlikte turizm \u00e7al\u0131\u015fanlar\u0131n\u0131n 10 g\u00fcnde 1 izin yapmas\u0131 kanunla\u015ft\u0131. Bizi 45 derece s\u0131cakl\u0131\u011f\u0131n alt\u0131nda g\u00fcvencesiz \u00e7al\u0131\u015ft\u0131ranlar can\u0131m\u0131za kastetmeye, insanl\u0131k d\u0131\u015f\u0131 ko\u015fullarda \u00e7al\u0131\u015ft\u0131rmaya daha da artan bir bask\u0131yla devam etmek istiyorlar. Durum art\u0131k \u00f6l\u00fcm kal\u0131m meselesidir. Hep birlikte m\u00fccadele etmekten ba\u015fka \u015fans\u0131m\u0131z yok. Bir s\u00f6z de Antalya ba\u015fta olmak \u00fczere turizm b\u00f6lgelerinde milletvekilli\u011fi yapanlara, ses \u00e7\u0131kartmak i\u00e7in ne bekliyorsunuz?\u201d diye konu\u015ftu.<\/p>\n<p>KANUN TUR\u0130ZM \u00c7ALI\u015eANLARI NA \u0130Z\u0130N KONUSUNDA NELER\u0130 KAPSIYOR?<\/p>\n<p>Turizm i\u015fletme belgeli otellerde \u00e7al\u0131\u015fanlar i\u00e7in \u0130\u015f Kanunu\u2019na istisna getirildi. 6 yerine 10 g\u00fcn \u00e7al\u0131\u015fman\u0131n ard\u0131ndan 11. g\u00fcnde hafta tatili hakk\u0131 tan\u0131nd\u0131. TBMM&#8217;de kabul edilen kanun ile hafta tatili konusunda turizm sekt\u00f6r\u00fcnde genel kural\u0131n d\u0131\u015f\u0131na \u00e7\u0131k\u0131ld\u0131. Turizm sekt\u00f6r\u00fcne getirilen istisna in\u015faat sekt\u00f6r\u00fc ba\u015fta olmak \u00fczere ba\u015fka sekt\u00f6rler taraf\u0131ndan da talep ediliyor.<\/p>\n<p>\u200bT\u00fcrkiye \u0130\u015f\u00e7i Partisi MYK \u00dcyesi Yunus Ba\u015faran, turizm \u00e7al\u0131\u015fanlar\u0131n\u0131n izin g\u00fcnlerine y\u00f6nelik TBMM\u2019de kabul edilen yeni kanuna tepki g\u00f6sterdi. Ba\u015faran; \u201cAntalya ba\u015fta olmak \u00fczere turizm b\u00f6lgelerinde milletvekilli\u011fi yapanlara, ses \u00e7\u0131kartmak i\u00e7in ne bekliyorsunuz?\u201d dedi.\u00a0<\/p>\n<p>\u200bHaberin Al\u0131nt\u0131land\u0131\u011f\u0131 Kaynak: www.antalyakorfez.com<\/p>","protected":false},"excerpt":{"rendered":"<p>TBMM\u2019nin yeni kanunuyla turizm sekt\u00f6r\u00fcnde hafta tatili kural\u0131 de\u011fi\u015fti. \u0130\u015f Kanunu\u2019na g\u00f6re 6 g\u00fcn \u00e7al\u0131\u015fan i\u015f\u00e7iler 7. g\u00fcn tatil yapabiliyorken yeni d\u00fczenlemeyle turizm belgeli otellerde \u00e7al\u0131\u015fanlar 10 g\u00fcn \u00e7al\u0131\u015f\u0131p 11. g\u00fcn tatil yapacak. Kendisi de turizm emek\u00e7isi olan Yunus Ba\u015faran, 45 derece s\u0131ca\u011f\u0131n alt\u0131nda \u00e7al\u0131\u015fan turizm emek\u00e7ilerinin ya\u015fad\u0131\u011f\u0131 sorunlar\u0131n giderek artt\u0131\u011f\u0131na dikkat \u00e7ekti. \u00d6L\u00dcM KALIM MESELES\u0130 HAL\u0130NE GELD\u0130! Turizm i\u015fletme belgeli otellerde \u00e7al\u0131\u015fanlar i\u00e7in \u0130\u015f Kanunu\u2019na istisna getirildi. 6 yerine 10 g\u00fcn \u00e7al\u0131\u015fman\u0131n ard\u0131ndan 11. g\u00fcnde hafta tatili hakk\u0131n\u0131n tan\u0131nmas\u0131na T\u0130P tepki g\u00f6sterdi. T\u0130P MYK \u00dcyesi Yunus Ba\u015faran; \u201cBug\u00fcn resmi gazetede yay\u0131nlanmas\u0131yla birlikte turizm \u00e7al\u0131\u015fanlar\u0131n\u0131n 10 g\u00fcnde 1 izin yapmas\u0131 kanunla\u015ft\u0131. Bizi 45 derece s\u0131cakl\u0131\u011f\u0131n alt\u0131nda g\u00fcvencesiz \u00e7al\u0131\u015ft\u0131ranlar can\u0131m\u0131za kastetmeye, insanl\u0131k d\u0131\u015f\u0131 ko\u015fullarda \u00e7al\u0131\u015ft\u0131rmaya daha da artan bir bask\u0131yla devam etmek istiyorlar. Durum art\u0131k \u00f6l\u00fcm kal\u0131m meselesidir. Hep birlikte m\u00fccadele etmekten ba\u015fka \u015fans\u0131m\u0131z yok. Bir s\u00f6z de Antalya ba\u015fta olmak \u00fczere turizm b\u00f6lgelerinde milletvekilli\u011fi yapanlara, ses \u00e7\u0131kartmak i\u00e7in ne bekliyorsunuz?\u201d diye konu\u015ftu. KANUN TUR\u0130ZM \u00c7ALI\u015eANLARI NA \u0130Z\u0130N KONUSUNDA NELER\u0130 KAPSIYOR? Turizm i\u015fletme belgeli otellerde \u00e7al\u0131\u015fanlar i\u00e7in \u0130\u015f Kanunu\u2019na istisna getirildi. 6 yerine 10 g\u00fcn \u00e7al\u0131\u015fman\u0131n ard\u0131ndan 11. g\u00fcnde hafta tatili hakk\u0131 tan\u0131nd\u0131. TBMM&#8217;de kabul edilen kanun ile hafta tatili konusunda turizm sekt\u00f6r\u00fcnde genel kural\u0131n d\u0131\u015f\u0131na \u00e7\u0131k\u0131ld\u0131. Turizm sekt\u00f6r\u00fcne getirilen istisna &hellip;<\/p>","protected":false},"author":5,"featured_media":0,"comment_status":"","ping_status":"open","sticky":false,"template":"","format":"standard","meta":{"_acf_changed":false,"footnotes":""},"categories":[24],"tags":[],"class_list":["post-145702","post","type-post","status-publish","format-standard","has-post-thumbnail","hentry","category-gundem"],"acf":[],"yoast_head":"<!-- This site is optimized with the Yoast SEO Premium plugin v26.6 (Yoast SEO v27.1.1) - https:\/\/yoast.com\/product\/yoast-seo-premium-wordpress\/ -->\n<title>Turizm \u00e7al\u0131\u015fanlar\u0131na y\u00f6nelik o ad\u0131ma T\u0130P\u2019ten tepki geldi - Av. Deniz Can K\u0131z\u0131l<\/title>\n<meta name=\"robots\" content=\"index, follow, max-snippet:-1, max-image-preview:large, max-video-preview:-1\" \/>\n<link rel=\"canonical\" href=\"https:\/\/denizcankizil.tr\/ru\/haberler\/gundem\/turizm-calisanlarina-yonelik-o-adima-tipten-tepki-geldi\/\" \/>\n<meta property=\"og:locale\" content=\"ru_RU\" \/>\n<meta property=\"og:type\" content=\"article\" \/>\n<meta property=\"og:title\" content=\"Turizm \u00e7al\u0131\u015fanlar\u0131na y\u00f6nelik o ad\u0131ma T\u0130P\u2019ten tepki geldi\" \/>\n<meta property=\"og:description\" content=\"TBMM\u2019nin yeni kanunuyla turizm sekt\u00f6r\u00fcnde hafta tatili kural\u0131 de\u011fi\u015fti. \u0130\u015f Kanunu\u2019na g\u00f6re 6 g\u00fcn \u00e7al\u0131\u015fan i\u015f\u00e7iler 7. g\u00fcn tatil yapabiliyorken yeni d\u00fczenlemeyle turizm belgeli otellerde \u00e7al\u0131\u015fanlar 10 g\u00fcn \u00e7al\u0131\u015f\u0131p 11. g\u00fcn tatil yapacak. Kendisi de turizm emek\u00e7isi olan Yunus Ba\u015faran, 45 derece s\u0131ca\u011f\u0131n alt\u0131nda \u00e7al\u0131\u015fan turizm emek\u00e7ilerinin ya\u015fad\u0131\u011f\u0131 sorunlar\u0131n giderek artt\u0131\u011f\u0131na dikkat \u00e7ekti. \u00d6L\u00dcM KALIM MESELES\u0130 HAL\u0130NE GELD\u0130! Turizm i\u015fletme belgeli otellerde \u00e7al\u0131\u015fanlar i\u00e7in \u0130\u015f Kanunu\u2019na istisna getirildi. 6 yerine 10 g\u00fcn \u00e7al\u0131\u015fman\u0131n ard\u0131ndan 11. g\u00fcnde hafta tatili hakk\u0131n\u0131n tan\u0131nmas\u0131na T\u0130P tepki g\u00f6sterdi. T\u0130P MYK \u00dcyesi Yunus Ba\u015faran; \u201cBug\u00fcn resmi gazetede yay\u0131nlanmas\u0131yla birlikte turizm \u00e7al\u0131\u015fanlar\u0131n\u0131n 10 g\u00fcnde 1 izin yapmas\u0131 kanunla\u015ft\u0131. Bizi 45 derece s\u0131cakl\u0131\u011f\u0131n alt\u0131nda g\u00fcvencesiz \u00e7al\u0131\u015ft\u0131ranlar can\u0131m\u0131za kastetmeye, insanl\u0131k d\u0131\u015f\u0131 ko\u015fullarda \u00e7al\u0131\u015ft\u0131rmaya daha da artan bir bask\u0131yla devam etmek istiyorlar. Durum art\u0131k \u00f6l\u00fcm kal\u0131m meselesidir. Hep birlikte m\u00fccadele etmekten ba\u015fka \u015fans\u0131m\u0131z yok. Bir s\u00f6z de Antalya ba\u015fta olmak \u00fczere turizm b\u00f6lgelerinde milletvekilli\u011fi yapanlara, ses \u00e7\u0131kartmak i\u00e7in ne bekliyorsunuz?\u201d diye konu\u015ftu. KANUN TUR\u0130ZM \u00c7ALI\u015eANLARI NA \u0130Z\u0130N KONUSUNDA NELER\u0130 KAPSIYOR? Turizm i\u015fletme belgeli otellerde \u00e7al\u0131\u015fanlar i\u00e7in \u0130\u015f Kanunu\u2019na istisna getirildi. 6 yerine 10 g\u00fcn \u00e7al\u0131\u015fman\u0131n ard\u0131ndan 11. g\u00fcnde hafta tatili hakk\u0131 tan\u0131nd\u0131. TBMM&#8217;de kabul edilen kanun ile hafta tatili konusunda turizm sekt\u00f6r\u00fcnde genel kural\u0131n d\u0131\u015f\u0131na \u00e7\u0131k\u0131ld\u0131. Turizm sekt\u00f6r\u00fcne getirilen istisna &hellip;\" \/>\n<meta property=\"og:url\" content=\"https:\/\/denizcankizil.tr\/ru\/haberler\/gundem\/turizm-calisanlarina-yonelik-o-adima-tipten-tepki-geldi\/\" \/>\n<meta property=\"og:site_name\" content=\"Av. Deniz Can K\u0131z\u0131l\" \/>\n<meta property=\"article:published_time\" content=\"2025-07-14T11:41:21+00:00\" \/>\n<meta name=\"author\" content=\"Antalya K\u00f6rfez\" \/>\n<meta name=\"twitter:card\" content=\"summary_large_image\" \/>\n<meta name=\"twitter:label1\" content=\"\u041d\u0430\u043f\u0438\u0441\u0430\u043d\u043e \u0430\u0432\u0442\u043e\u0440\u043e\u043c\" \/>\n\t<meta name=\"twitter:data1\" content=\"Antalya K\u00f6rfez\" \/>\n\t<meta name=\"twitter:label2\" content=\"\u041f\u0440\u0438\u043c\u0435\u0440\u043d\u043e\u0435 \u0432\u0440\u0435\u043c\u044f \u0434\u043b\u044f \u0447\u0442\u0435\u043d\u0438\u044f\" \/>\n\t<meta name=\"twitter:data2\" content=\"2 \u043c\u0438\u043d\u0443\u0442\u044b\" \/>\n<script type=\"application\/ld+json\" class=\"yoast-schema-graph\">{\"@context\":\"https:\/\/schema.org\",\"@graph\":[{\"@type\":\"Article\",\"@id\":\"https:\/\/denizcankizil.tr\/ru\/haberler\/gundem\/turizm-calisanlarina-yonelik-o-adima-tipten-tepki-geldi\/#article\",\"isPartOf\":{\"@id\":\"https:\/\/denizcankizil.tr\/ru\/haberler\/gundem\/turizm-calisanlarina-yonelik-o-adima-tipten-tepki-geldi\/\"},\"author\":{\"name\":\"Antalya K\u00f6rfez\",\"@id\":\"https:\/\/denizcankizil.tr\/de\/#\/schema\/person\/e1eb71bb4dd684d46563f0af307e1234\"},\"headline\":\"Turizm \u00e7al\u0131\u015fanlar\u0131na y\u00f6nelik o ad\u0131ma T\u0130P\u2019ten tepki geldi\",\"datePublished\":\"2025-07-14T11:41:21+00:00\",\"mainEntityOfPage\":{\"@id\":\"https:\/\/denizcankizil.tr\/ru\/haberler\/gundem\/turizm-calisanlarina-yonelik-o-adima-tipten-tepki-geldi\/\"},\"wordCount\":370,\"publisher\":{\"@id\":\"https:\/\/denizcankizil.tr\/de\/#organization\"},\"articleSection\":[\"G\u00fcndem\"],\"inLanguage\":\"ru-RU\"},{\"@type\":\"WebPage\",\"@id\":\"https:\/\/denizcankizil.tr\/ru\/haberler\/gundem\/turizm-calisanlarina-yonelik-o-adima-tipten-tepki-geldi\/\",\"url\":\"https:\/\/denizcankizil.tr\/ru\/haberler\/gundem\/turizm-calisanlarina-yonelik-o-adima-tipten-tepki-geldi\/\",\"name\":\"Turizm \u00e7al\u0131\u015fanlar\u0131na y\u00f6nelik o ad\u0131ma T\u0130P\u2019ten tepki geldi - Av. Deniz Can K\u0131z\u0131l\",\"isPartOf\":{\"@id\":\"https:\/\/denizcankizil.tr\/de\/#website\"},\"datePublished\":\"2025-07-14T11:41:21+00:00\",\"breadcrumb\":{\"@id\":\"https:\/\/denizcankizil.tr\/ru\/haberler\/gundem\/turizm-calisanlarina-yonelik-o-adima-tipten-tepki-geldi\/#breadcrumb\"},\"inLanguage\":\"ru-RU\",\"potentialAction\":[{\"@type\":\"ReadAction\",\"target\":[\"https:\/\/denizcankizil.tr\/ru\/haberler\/gundem\/turizm-calisanlarina-yonelik-o-adima-tipten-tepki-geldi\/\"]}]},{\"@type\":\"BreadcrumbList\",\"@id\":\"https:\/\/denizcankizil.tr\/ru\/haberler\/gundem\/turizm-calisanlarina-yonelik-o-adima-tipten-tepki-geldi\/#breadcrumb\",\"itemListElement\":[{\"@type\":\"ListItem\",\"position\":1,\"name\":\"Home\",\"item\":\"https:\/\/denizcankizil.tr\/de\/\"},{\"@type\":\"ListItem\",\"position\":2,\"name\":\"Turizm \u00e7al\u0131\u015fanlar\u0131na y\u00f6nelik o ad\u0131ma T\u0130P\u2019ten tepki geldi\"}]},{\"@type\":\"WebSite\",\"@id\":\"https:\/\/denizcankizil.tr\/de\/#website\",\"url\":\"https:\/\/denizcankizil.tr\/de\/\",\"name\":\"Av. Deniz Can K\u0131z\u0131l\",\"description\":\"Avukat Deniz Can K\u0131z\u0131l Antalya Barosu\",\"publisher\":{\"@id\":\"https:\/\/denizcankizil.tr\/de\/#organization\"},\"potentialAction\":[{\"@type\":\"SearchAction\",\"target\":{\"@type\":\"EntryPoint\",\"urlTemplate\":\"https:\/\/denizcankizil.tr\/de\/?s={search_term_string}\"},\"query-input\":{\"@type\":\"PropertyValueSpecification\",\"valueRequired\":true,\"valueName\":\"search_term_string\"}}],\"inLanguage\":\"ru-RU\"},{\"@type\":\"Organization\",\"@id\":\"https:\/\/denizcankizil.tr\/de\/#organization\",\"name\":\"Av. Deniz Can K\u0131z\u0131l\",\"url\":\"https:\/\/denizcankizil.tr\/de\/\",\"logo\":{\"@type\":\"ImageObject\",\"inLanguage\":\"ru-RU\",\"@id\":\"https:\/\/denizcankizil.tr\/de\/#\/schema\/logo\/image\/\",\"url\":\"https:\/\/denizcankizil.tr\/wp-content\/uploads\/2024\/10\/siyah-logo-svg.svg\",\"contentUrl\":\"https:\/\/denizcankizil.tr\/wp-content\/uploads\/2024\/10\/siyah-logo-svg.svg\",\"width\":1080,\"height\":1080,\"caption\":\"Av. Deniz Can K\u0131z\u0131l\"},\"image\":{\"@id\":\"https:\/\/denizcankizil.tr\/de\/#\/schema\/logo\/image\/\"}},{\"@type\":\"Person\",\"@id\":\"https:\/\/denizcankizil.tr\/de\/#\/schema\/person\/e1eb71bb4dd684d46563f0af307e1234\",\"name\":\"Antalya K\u00f6rfez\",\"image\":{\"@type\":\"ImageObject\",\"inLanguage\":\"ru-RU\",\"@id\":\"https:\/\/denizcankizil.tr\/de\/#\/schema\/person\/image\/\",\"url\":\"https:\/\/secure.gravatar.com\/avatar\/42b01982558a48a0b501fdcab6a408d3717ea5919095ee2e67b0e521799c5905?s=96&d=mm&r=g\",\"contentUrl\":\"https:\/\/secure.gravatar.com\/avatar\/42b01982558a48a0b501fdcab6a408d3717ea5919095ee2e67b0e521799c5905?s=96&d=mm&r=g\",\"caption\":\"Antalya K\u00f6rfez\"},\"sameAs\":[\"http:\/\/www.antalyakorfez.com\"],\"url\":\"https:\/\/www.antalyakorfez.com\/turizm-calisanlarina-yonelik-o-adima-tipten-tepki-geldi\"}]}<\/script>\n<!-- \/ Yoast SEO Premium plugin. -->","yoast_head_json":{"title":"Turizm \u00e7al\u0131\u015fanlar\u0131na y\u00f6nelik o ad\u0131ma T\u0130P\u2019ten tepki geldi - Av. Deniz Can K\u0131z\u0131l","robots":{"index":"index","follow":"follow","max-snippet":"max-snippet:-1","max-image-preview":"max-image-preview:large","max-video-preview":"max-video-preview:-1"},"canonical":"https:\/\/denizcankizil.tr\/ru\/haberler\/gundem\/turizm-calisanlarina-yonelik-o-adima-tipten-tepki-geldi\/","og_locale":"ru_RU","og_type":"article","og_title":"Turizm \u00e7al\u0131\u015fanlar\u0131na y\u00f6nelik o ad\u0131ma T\u0130P\u2019ten tepki geldi","og_description":"TBMM\u2019nin yeni kanunuyla turizm sekt\u00f6r\u00fcnde hafta tatili kural\u0131 de\u011fi\u015fti. \u0130\u015f Kanunu\u2019na g\u00f6re 6 g\u00fcn \u00e7al\u0131\u015fan i\u015f\u00e7iler 7. g\u00fcn tatil yapabiliyorken yeni d\u00fczenlemeyle turizm belgeli otellerde \u00e7al\u0131\u015fanlar 10 g\u00fcn \u00e7al\u0131\u015f\u0131p 11. g\u00fcn tatil yapacak. Kendisi de turizm emek\u00e7isi olan Yunus Ba\u015faran, 45 derece s\u0131ca\u011f\u0131n alt\u0131nda \u00e7al\u0131\u015fan turizm emek\u00e7ilerinin ya\u015fad\u0131\u011f\u0131 sorunlar\u0131n giderek artt\u0131\u011f\u0131na dikkat \u00e7ekti. \u00d6L\u00dcM KALIM MESELES\u0130 HAL\u0130NE GELD\u0130! Turizm i\u015fletme belgeli otellerde \u00e7al\u0131\u015fanlar i\u00e7in \u0130\u015f Kanunu\u2019na istisna getirildi. 6 yerine 10 g\u00fcn \u00e7al\u0131\u015fman\u0131n ard\u0131ndan 11. g\u00fcnde hafta tatili hakk\u0131n\u0131n tan\u0131nmas\u0131na T\u0130P tepki g\u00f6sterdi. T\u0130P MYK \u00dcyesi Yunus Ba\u015faran; \u201cBug\u00fcn resmi gazetede yay\u0131nlanmas\u0131yla birlikte turizm \u00e7al\u0131\u015fanlar\u0131n\u0131n 10 g\u00fcnde 1 izin yapmas\u0131 kanunla\u015ft\u0131. Bizi 45 derece s\u0131cakl\u0131\u011f\u0131n alt\u0131nda g\u00fcvencesiz \u00e7al\u0131\u015ft\u0131ranlar can\u0131m\u0131za kastetmeye, insanl\u0131k d\u0131\u015f\u0131 ko\u015fullarda \u00e7al\u0131\u015ft\u0131rmaya daha da artan bir bask\u0131yla devam etmek istiyorlar. Durum art\u0131k \u00f6l\u00fcm kal\u0131m meselesidir. Hep birlikte m\u00fccadele etmekten ba\u015fka \u015fans\u0131m\u0131z yok. Bir s\u00f6z de Antalya ba\u015fta olmak \u00fczere turizm b\u00f6lgelerinde milletvekilli\u011fi yapanlara, ses \u00e7\u0131kartmak i\u00e7in ne bekliyorsunuz?\u201d diye konu\u015ftu. KANUN TUR\u0130ZM \u00c7ALI\u015eANLARI NA \u0130Z\u0130N KONUSUNDA NELER\u0130 KAPSIYOR? Turizm i\u015fletme belgeli otellerde \u00e7al\u0131\u015fanlar i\u00e7in \u0130\u015f Kanunu\u2019na istisna getirildi. 6 yerine 10 g\u00fcn \u00e7al\u0131\u015fman\u0131n ard\u0131ndan 11. g\u00fcnde hafta tatili hakk\u0131 tan\u0131nd\u0131. TBMM&#8217;de kabul edilen kanun ile hafta tatili konusunda turizm sekt\u00f6r\u00fcnde genel kural\u0131n d\u0131\u015f\u0131na \u00e7\u0131k\u0131ld\u0131. Turizm sekt\u00f6r\u00fcne getirilen istisna &hellip;","og_url":"https:\/\/denizcankizil.tr\/ru\/haberler\/gundem\/turizm-calisanlarina-yonelik-o-adima-tipten-tepki-geldi\/","og_site_name":"Av. Deniz Can K\u0131z\u0131l","article_published_time":"2025-07-14T11:41:21+00:00","author":"Antalya K\u00f6rfez","twitter_card":"summary_large_image","twitter_misc":{"\u041d\u0430\u043f\u0438\u0441\u0430\u043d\u043e \u0430\u0432\u0442\u043e\u0440\u043e\u043c":"Antalya K\u00f6rfez","\u041f\u0440\u0438\u043c\u0435\u0440\u043d\u043e\u0435 \u0432\u0440\u0435\u043c\u044f \u0434\u043b\u044f \u0447\u0442\u0435\u043d\u0438\u044f":"2 \u043c\u0438\u043d\u0443\u0442\u044b"},"schema":{"@context":"https:\/\/schema.org","@graph":[{"@type":"Article","@id":"https:\/\/denizcankizil.tr\/ru\/haberler\/gundem\/turizm-calisanlarina-yonelik-o-adima-tipten-tepki-geldi\/#article","isPartOf":{"@id":"https:\/\/denizcankizil.tr\/ru\/haberler\/gundem\/turizm-calisanlarina-yonelik-o-adima-tipten-tepki-geldi\/"},"author":{"name":"Antalya K\u00f6rfez","@id":"https:\/\/denizcankizil.tr\/de\/#\/schema\/person\/e1eb71bb4dd684d46563f0af307e1234"},"headline":"Turizm \u00e7al\u0131\u015fanlar\u0131na y\u00f6nelik o ad\u0131ma T\u0130P\u2019ten tepki geldi","datePublished":"2025-07-14T11:41:21+00:00","mainEntityOfPage":{"@id":"https:\/\/denizcankizil.tr\/ru\/haberler\/gundem\/turizm-calisanlarina-yonelik-o-adima-tipten-tepki-geldi\/"},"wordCount":370,"publisher":{"@id":"https:\/\/denizcankizil.tr\/de\/#organization"},"articleSection":["G\u00fcndem"],"inLanguage":"ru-RU"},{"@type":"WebPage","@id":"https:\/\/denizcankizil.tr\/ru\/haberler\/gundem\/turizm-calisanlarina-yonelik-o-adima-tipten-tepki-geldi\/","url":"https:\/\/denizcankizil.tr\/ru\/haberler\/gundem\/turizm-calisanlarina-yonelik-o-adima-tipten-tepki-geldi\/","name":"Turizm \u00e7al\u0131\u015fanlar\u0131na y\u00f6nelik o ad\u0131ma T\u0130P\u2019ten tepki geldi - Av. Deniz Can K\u0131z\u0131l","isPartOf":{"@id":"https:\/\/denizcankizil.tr\/de\/#website"},"datePublished":"2025-07-14T11:41:21+00:00","breadcrumb":{"@id":"https:\/\/denizcankizil.tr\/ru\/haberler\/gundem\/turizm-calisanlarina-yonelik-o-adima-tipten-tepki-geldi\/#breadcrumb"},"inLanguage":"ru-RU","potentialAction":[{"@type":"ReadAction","target":["https:\/\/denizcankizil.tr\/ru\/haberler\/gundem\/turizm-calisanlarina-yonelik-o-adima-tipten-tepki-geldi\/"]}]},{"@type":"BreadcrumbList","@id":"https:\/\/denizcankizil.tr\/ru\/haberler\/gundem\/turizm-calisanlarina-yonelik-o-adima-tipten-tepki-geldi\/#breadcrumb","itemListElement":[{"@type":"ListItem","position":1,"name":"Home","item":"https:\/\/denizcankizil.tr\/de\/"},{"@type":"ListItem","position":2,"name":"Turizm \u00e7al\u0131\u015fanlar\u0131na y\u00f6nelik o ad\u0131ma T\u0130P\u2019ten tepki geldi"}]},{"@type":"WebSite","@id":"https:\/\/denizcankizil.tr\/de\/#website","url":"https:\/\/denizcankizil.tr\/de\/","name":"Av. Deniz Can K\u0131z\u0131l","description":"Avukat Deniz Can K\u0131z\u0131l Antalya Barosu","publisher":{"@id":"https:\/\/denizcankizil.tr\/de\/#organization"},"potentialAction":[{"@type":"SearchAction","target":{"@type":"EntryPoint","urlTemplate":"https:\/\/denizcankizil.tr\/de\/?s={search_term_string}"},"query-input":{"@type":"PropertyValueSpecification","valueRequired":true,"valueName":"search_term_string"}}],"inLanguage":"ru-RU"},{"@type":"Organization","@id":"https:\/\/denizcankizil.tr\/de\/#organization","name":"Av. Deniz Can K\u0131z\u0131l","url":"https:\/\/denizcankizil.tr\/de\/","logo":{"@type":"ImageObject","inLanguage":"ru-RU","@id":"https:\/\/denizcankizil.tr\/de\/#\/schema\/logo\/image\/","url":"https:\/\/denizcankizil.tr\/wp-content\/uploads\/2024\/10\/siyah-logo-svg.svg","contentUrl":"https:\/\/denizcankizil.tr\/wp-content\/uploads\/2024\/10\/siyah-logo-svg.svg","width":1080,"height":1080,"caption":"Av. Deniz Can K\u0131z\u0131l"},"image":{"@id":"https:\/\/denizcankizil.tr\/de\/#\/schema\/logo\/image\/"}},{"@type":"Person","@id":"https:\/\/denizcankizil.tr\/de\/#\/schema\/person\/e1eb71bb4dd684d46563f0af307e1234","name":"Antalya K\u00f6rfez","image":{"@type":"ImageObject","inLanguage":"ru-RU","@id":"https:\/\/denizcankizil.tr\/de\/#\/schema\/person\/image\/","url":"https:\/\/secure.gravatar.com\/avatar\/42b01982558a48a0b501fdcab6a408d3717ea5919095ee2e67b0e521799c5905?s=96&d=mm&r=g","contentUrl":"https:\/\/secure.gravatar.com\/avatar\/42b01982558a48a0b501fdcab6a408d3717ea5919095ee2e67b0e521799c5905?s=96&d=mm&r=g","caption":"Antalya K\u00f6rfez"},"sameAs":["http:\/\/www.antalyakorfez.com"],"url":"https:\/\/www.antalyakorfez.com\/turizm-calisanlarina-yonelik-o-adima-tipten-tepki-geldi"}]}},"_links":{"self":[{"href":"https:\/\/denizcankizil.tr\/ru\/wp-json\/wp\/v2\/posts\/145702","targetHints":{"allow":["GET"]}}],"collection":[{"href":"https:\/\/denizcankizil.tr\/ru\/wp-json\/wp\/v2\/posts"}],"about":[{"href":"https:\/\/denizcankizil.tr\/ru\/wp-json\/wp\/v2\/types\/post"}],"author":[{"embeddable":true,"href":"https:\/\/denizcankizil.tr\/ru\/wp-json\/wp\/v2\/users\/5"}],"replies":[{"embeddable":true,"href":"https:\/\/denizcankizil.tr\/ru\/wp-json\/wp\/v2\/comments?post=145702"}],"version-history":[{"count":0,"href":"https:\/\/denizcankizil.tr\/ru\/wp-json\/wp\/v2\/posts\/145702\/revisions"}],"wp:attachment":[{"href":"https:\/\/denizcankizil.tr\/ru\/wp-json\/wp\/v2\/media?parent=145702"}],"wp:term":[{"taxonomy":"category","embeddable":true,"href":"https:\/\/denizcankizil.tr\/ru\/wp-json\/wp\/v2\/categories?post=145702"},{"taxonomy":"post_tag","embeddable":true,"href":"https:\/\/denizcankizil.tr\/ru\/wp-json\/wp\/v2\/tags?post=145702"}],"curies":[{"name":"wp","href":"https:\/\/api.w.org\/{rel}","templated":true}]}}