{"id":145654,"date":"2025-07-14T13:41:18","date_gmt":"2025-07-14T10:41:18","guid":{"rendered":"https:\/\/denizcankizil.tr\/uncategorized-tr\/buyuksehir-belediyesinin-6nci-donem-izcilik-kampi-basliyor\/"},"modified":"2025-07-14T13:41:18","modified_gmt":"2025-07-14T10:41:18","slug":"buyuksehir-belediyesinin-6nci-donem-izcilik-kampi-basliyor","status":"publish","type":"post","link":"https:\/\/denizcankizil.tr\/ru\/haberler\/antalya\/buyuksehir-belediyesinin-6nci-donem-izcilik-kampi-basliyor\/","title":{"rendered":"B\u00fcy\u00fck\u015fehir Belediyesi\u2019nin 6\u2019nc\u0131 D\u00f6nem \u0130zcilik Kamp\u0131 Ba\u015fl\u0131yor"},"content":{"rendered":"<p>ANTALYA B\u00fcy\u00fck\u015fehir Belediyesi taraf\u0131ndan, gelece\u011fin izcilerinin yeti\u015ftirilmesi amac\u0131yla 11-15 ya\u015f aras\u0131ndaki gen\u00e7 ve \u00e7ocuklara y\u00f6nelik d\u00fczenlenen 6&#8217;nc\u0131 D\u00f6nem \u0130zcilik E\u011fitim Program\u0131&#8217;na ba\u015fvurular ba\u015flad\u0131. \u0130zcilik faaliyetleri 17 Temmuz&#8217;da ba\u015flayacak.<\/p>\n<p>B\u00fcy\u00fck\u015fehir Belediyesi Gen\u00e7lik ve Spor Hizmetleri Dairesi Ba\u015fkanl\u0131\u011f\u0131 taraf\u0131ndan y\u00fcr\u00fct\u00fclen ve g\u00f6n\u00fcll\u00fcl\u00fck esas\u0131na dayal\u0131 olan izcilik program\u0131, \u00e7ocuklar\u0131n zihinsel, fiziksel, ruhsal, sosyal, duygusal ve karakter geli\u015fimine katk\u0131 sa\u011flamay\u0131 ama\u00e7l\u0131yor. Etkinlik, 17, 18, 24 ve 25 Temmuz tarihlerinde 09.30 ile 16.00 saatleri aras\u0131nda Antalya B\u00fcy\u00fck\u015fehir Belediyesi Gen\u00e7lik Kamp\u0131 ve E\u011fitim Merkezi&#8217;nde ger\u00e7ekle\u015fecek. \u00dccretsiz programa kat\u0131lmak isteyenler &#8216;www.antalya.bel.tr&#8217; internet adresinden ba\u015fvuru yapabilecek.<\/p>\n<p>DO\u011eANIN \u0130\u00c7\u0130NDE \u0130ZC\u0130L\u0130K FAAL\u0130YET\u0130<\/p>\n<p>Hayvanat Bah\u00e7esi&#8217;nin yan\u0131ndaki ormanl\u0131k alanda bulunan Gen\u00e7lik Kamp\u0131 ve E\u011fitim Merkezi&#8217;nde izci adaylar\u0131, temel izcilik bilgileri, izci and\u0131 ve t\u00fcresi, d\u00fc\u011f\u00fcmler, oyunlar, \u00e7ad\u0131r kurma ve temel kamp\u00e7\u0131l\u0131k konular\u0131nda e\u011fitim alacak. Kat\u0131l\u0131mc\u0131lar, kamp boyunca hem ki\u015fisel hem ruhsal geli\u015fim sa\u011flayacak, do\u011fay\u0131 sevmeyi, korumay\u0131 ve do\u011fada ya\u015fam ko\u015fullar\u0131n\u0131 uygulamal\u0131 \u00f6\u011frenecek. Program ile ilgili daha detayl\u0131 bilgi almak isteyenler &#8216;0242 321 24 70&#8217; numaral\u0131 telefonu arayarak Antalya B\u00fcy\u00fck\u015fehir Belediyesi Gen\u00e7lik ve Spor Hizmetleri Dairesi Ba\u015fkanl\u0131\u011f\u0131&#8217;ndan bilgi alabilecek.<\/p>\n<p>E\u011e\u0130T\u0130M SONUNDA AKSEK\u0130&#8217;DE KAMP YAPILACAK<\/p>\n<p>D\u00f6rt g\u00fcnl\u00fck e\u011fitimin sonunda izci adaylar\u0131 yemin ederek ay sonunda Akseki il\u00e7esinde d\u00fczenlenecek kampa kat\u0131lacak ve teorik bilgilerini uygulama f\u0131rsat\u0131 bulacak.<\/p>\n<p>Kaynak: www.kanalv.com.tr Haber Sitesinden Al\u0131nm\u0131\u015ft\u0131r.<\/p>","protected":false},"excerpt":{"rendered":"<p>ANTALYA B\u00fcy\u00fck\u015fehir Belediyesi taraf\u0131ndan, gelece\u011fin izcilerinin yeti\u015ftirilmesi amac\u0131yla 11-15 ya\u015f aras\u0131ndaki gen\u00e7 ve \u00e7ocuklara y\u00f6nelik d\u00fczenlenen 6&#8217;nc\u0131 D\u00f6nem \u0130zcilik E\u011fitim Program\u0131&#8217;na ba\u015fvurular ba\u015flad\u0131. \u0130zcilik faaliyetleri 17 Temmuz&#8217;da ba\u015flayacak. B\u00fcy\u00fck\u015fehir Belediyesi Gen\u00e7lik ve Spor Hizmetleri Dairesi Ba\u015fkanl\u0131\u011f\u0131 taraf\u0131ndan y\u00fcr\u00fct\u00fclen ve g\u00f6n\u00fcll\u00fcl\u00fck esas\u0131na dayal\u0131 olan izcilik program\u0131, \u00e7ocuklar\u0131n zihinsel, fiziksel, ruhsal, sosyal, duygusal ve karakter geli\u015fimine katk\u0131 sa\u011flamay\u0131 ama\u00e7l\u0131yor. Etkinlik, 17, 18, 24 ve 25 Temmuz tarihlerinde 09.30 ile 16.00 saatleri aras\u0131nda Antalya B\u00fcy\u00fck\u015fehir Belediyesi Gen\u00e7lik Kamp\u0131 ve E\u011fitim Merkezi&#8217;nde ger\u00e7ekle\u015fecek. \u00dccretsiz programa kat\u0131lmak isteyenler &#8216;www.antalya.bel.tr&#8217; internet adresinden ba\u015fvuru yapabilecek. DO\u011eANIN \u0130\u00c7\u0130NDE \u0130ZC\u0130L\u0130K FAAL\u0130YET\u0130 Hayvanat Bah\u00e7esi&#8217;nin yan\u0131ndaki ormanl\u0131k alanda bulunan Gen\u00e7lik Kamp\u0131 ve E\u011fitim Merkezi&#8217;nde izci adaylar\u0131, temel izcilik bilgileri, izci and\u0131 ve t\u00fcresi, d\u00fc\u011f\u00fcmler, oyunlar, \u00e7ad\u0131r kurma ve temel kamp\u00e7\u0131l\u0131k konular\u0131nda e\u011fitim alacak. Kat\u0131l\u0131mc\u0131lar, kamp boyunca hem ki\u015fisel hem ruhsal geli\u015fim sa\u011flayacak, do\u011fay\u0131 sevmeyi, korumay\u0131 ve do\u011fada ya\u015fam ko\u015fullar\u0131n\u0131 uygulamal\u0131 \u00f6\u011frenecek. Program ile ilgili daha detayl\u0131 bilgi almak isteyenler &#8216;0242 321 24 70&#8217; numaral\u0131 telefonu arayarak Antalya B\u00fcy\u00fck\u015fehir Belediyesi Gen\u00e7lik ve Spor Hizmetleri Dairesi Ba\u015fkanl\u0131\u011f\u0131&#8217;ndan bilgi alabilecek. E\u011e\u0130T\u0130M SONUNDA AKSEK\u0130&#8217;DE KAMP YAPILACAK D\u00f6rt g\u00fcnl\u00fck e\u011fitimin sonunda izci adaylar\u0131 yemin ederek ay sonunda Akseki il\u00e7esinde d\u00fczenlenecek kampa kat\u0131lacak ve teorik bilgilerini uygulama f\u0131rsat\u0131 bulacak. Kaynak: www.kanalv.com.tr Haber Sitesinden Al\u0131nm\u0131\u015ft\u0131r.<\/p>","protected":false},"author":4,"featured_media":0,"comment_status":"","ping_status":"open","sticky":false,"template":"","format":"standard","meta":{"_acf_changed":false,"footnotes":""},"categories":[26],"tags":[],"class_list":["post-145654","post","type-post","status-publish","format-standard","hentry","category-antalya"],"acf":[],"yoast_head":"<!-- This site is optimized with the Yoast SEO Premium plugin v26.6 (Yoast SEO v27.1.1) - https:\/\/yoast.com\/product\/yoast-seo-premium-wordpress\/ -->\n<title>B\u00fcy\u00fck\u015fehir Belediyesi\u2019nin 6\u2019nc\u0131 D\u00f6nem \u0130zcilik Kamp\u0131 Ba\u015fl\u0131yor - Av. Deniz Can K\u0131z\u0131l<\/title>\n<meta name=\"robots\" content=\"index, follow, max-snippet:-1, max-image-preview:large, max-video-preview:-1\" \/>\n<link rel=\"canonical\" href=\"https:\/\/denizcankizil.tr\/ru\/haberler\/antalya\/buyuksehir-belediyesinin-6nci-donem-izcilik-kampi-basliyor\/\" \/>\n<meta property=\"og:locale\" content=\"ru_RU\" \/>\n<meta property=\"og:type\" content=\"article\" \/>\n<meta property=\"og:title\" content=\"B\u00fcy\u00fck\u015fehir Belediyesi\u2019nin 6\u2019nc\u0131 D\u00f6nem \u0130zcilik Kamp\u0131 Ba\u015fl\u0131yor\" \/>\n<meta property=\"og:description\" content=\"ANTALYA B\u00fcy\u00fck\u015fehir Belediyesi taraf\u0131ndan, gelece\u011fin izcilerinin yeti\u015ftirilmesi amac\u0131yla 11-15 ya\u015f aras\u0131ndaki gen\u00e7 ve \u00e7ocuklara y\u00f6nelik d\u00fczenlenen 6&#8217;nc\u0131 D\u00f6nem \u0130zcilik E\u011fitim Program\u0131&#8217;na ba\u015fvurular ba\u015flad\u0131. \u0130zcilik faaliyetleri 17 Temmuz&#8217;da ba\u015flayacak. B\u00fcy\u00fck\u015fehir Belediyesi Gen\u00e7lik ve Spor Hizmetleri Dairesi Ba\u015fkanl\u0131\u011f\u0131 taraf\u0131ndan y\u00fcr\u00fct\u00fclen ve g\u00f6n\u00fcll\u00fcl\u00fck esas\u0131na dayal\u0131 olan izcilik program\u0131, \u00e7ocuklar\u0131n zihinsel, fiziksel, ruhsal, sosyal, duygusal ve karakter geli\u015fimine katk\u0131 sa\u011flamay\u0131 ama\u00e7l\u0131yor. Etkinlik, 17, 18, 24 ve 25 Temmuz tarihlerinde 09.30 ile 16.00 saatleri aras\u0131nda Antalya B\u00fcy\u00fck\u015fehir Belediyesi Gen\u00e7lik Kamp\u0131 ve E\u011fitim Merkezi&#8217;nde ger\u00e7ekle\u015fecek. \u00dccretsiz programa kat\u0131lmak isteyenler &#8216;www.antalya.bel.tr&#8217; internet adresinden ba\u015fvuru yapabilecek. DO\u011eANIN \u0130\u00c7\u0130NDE \u0130ZC\u0130L\u0130K FAAL\u0130YET\u0130 Hayvanat Bah\u00e7esi&#8217;nin yan\u0131ndaki ormanl\u0131k alanda bulunan Gen\u00e7lik Kamp\u0131 ve E\u011fitim Merkezi&#8217;nde izci adaylar\u0131, temel izcilik bilgileri, izci and\u0131 ve t\u00fcresi, d\u00fc\u011f\u00fcmler, oyunlar, \u00e7ad\u0131r kurma ve temel kamp\u00e7\u0131l\u0131k konular\u0131nda e\u011fitim alacak. Kat\u0131l\u0131mc\u0131lar, kamp boyunca hem ki\u015fisel hem ruhsal geli\u015fim sa\u011flayacak, do\u011fay\u0131 sevmeyi, korumay\u0131 ve do\u011fada ya\u015fam ko\u015fullar\u0131n\u0131 uygulamal\u0131 \u00f6\u011frenecek. Program ile ilgili daha detayl\u0131 bilgi almak isteyenler &#8216;0242 321 24 70&#8217; numaral\u0131 telefonu arayarak Antalya B\u00fcy\u00fck\u015fehir Belediyesi Gen\u00e7lik ve Spor Hizmetleri Dairesi Ba\u015fkanl\u0131\u011f\u0131&#8217;ndan bilgi alabilecek. E\u011e\u0130T\u0130M SONUNDA AKSEK\u0130&#8217;DE KAMP YAPILACAK D\u00f6rt g\u00fcnl\u00fck e\u011fitimin sonunda izci adaylar\u0131 yemin ederek ay sonunda Akseki il\u00e7esinde d\u00fczenlenecek kampa kat\u0131lacak ve teorik bilgilerini uygulama f\u0131rsat\u0131 bulacak. Kaynak: www.kanalv.com.tr Haber Sitesinden Al\u0131nm\u0131\u015ft\u0131r.\" \/>\n<meta property=\"og:url\" content=\"https:\/\/denizcankizil.tr\/ru\/haberler\/antalya\/buyuksehir-belediyesinin-6nci-donem-izcilik-kampi-basliyor\/\" \/>\n<meta property=\"og:site_name\" content=\"Av. Deniz Can K\u0131z\u0131l\" \/>\n<meta property=\"article:published_time\" content=\"2025-07-14T10:41:18+00:00\" \/>\n<meta name=\"author\" content=\"Av. Deniz Can K\u0131z\u0131l\" \/>\n<meta name=\"twitter:card\" content=\"summary_large_image\" \/>\n<meta name=\"twitter:label1\" content=\"\u041d\u0430\u043f\u0438\u0441\u0430\u043d\u043e \u0430\u0432\u0442\u043e\u0440\u043e\u043c\" \/>\n\t<meta name=\"twitter:data1\" content=\"Av. Deniz Can K\u0131z\u0131l\" \/>\n\t<meta name=\"twitter:label2\" content=\"\u041f\u0440\u0438\u043c\u0435\u0440\u043d\u043e\u0435 \u0432\u0440\u0435\u043c\u044f \u0434\u043b\u044f \u0447\u0442\u0435\u043d\u0438\u044f\" \/>\n\t<meta name=\"twitter:data2\" content=\"1 \u043c\u0438\u043d\u0443\u0442\u0430\" \/>\n<script type=\"application\/ld+json\" class=\"yoast-schema-graph\">{\"@context\":\"https:\/\/schema.org\",\"@graph\":[{\"@type\":\"Article\",\"@id\":\"https:\/\/denizcankizil.tr\/en\/haberler\/antalya\/buyuksehir-belediyesinin-6nci-donem-izcilik-kampi-basliyor\/#article\",\"isPartOf\":{\"@id\":\"https:\/\/denizcankizil.tr\/en\/haberler\/antalya\/buyuksehir-belediyesinin-6nci-donem-izcilik-kampi-basliyor\/\"},\"author\":{\"name\":\"Av. Deniz Can K\u0131z\u0131l\",\"@id\":\"https:\/\/denizcankizil.tr\/de\/#\/schema\/person\/5dc1b22991bd7ac833867c10afc9b0ff\"},\"headline\":\"B\u00fcy\u00fck\u015fehir Belediyesi\u2019nin 6\u2019nc\u0131 D\u00f6nem \u0130zcilik Kamp\u0131 Ba\u015fl\u0131yor\",\"datePublished\":\"2025-07-14T10:41:18+00:00\",\"mainEntityOfPage\":{\"@id\":\"https:\/\/denizcankizil.tr\/en\/haberler\/antalya\/buyuksehir-belediyesinin-6nci-donem-izcilik-kampi-basliyor\/\"},\"wordCount\":302,\"publisher\":{\"@id\":\"https:\/\/denizcankizil.tr\/de\/#organization\"},\"articleSection\":[\"Antalya\"],\"inLanguage\":\"ru-RU\"},{\"@type\":\"WebPage\",\"@id\":\"https:\/\/denizcankizil.tr\/en\/haberler\/antalya\/buyuksehir-belediyesinin-6nci-donem-izcilik-kampi-basliyor\/\",\"url\":\"https:\/\/denizcankizil.tr\/en\/haberler\/antalya\/buyuksehir-belediyesinin-6nci-donem-izcilik-kampi-basliyor\/\",\"name\":\"B\u00fcy\u00fck\u015fehir Belediyesi\u2019nin 6\u2019nc\u0131 D\u00f6nem \u0130zcilik Kamp\u0131 Ba\u015fl\u0131yor - Av. Deniz Can K\u0131z\u0131l\",\"isPartOf\":{\"@id\":\"https:\/\/denizcankizil.tr\/de\/#website\"},\"datePublished\":\"2025-07-14T10:41:18+00:00\",\"breadcrumb\":{\"@id\":\"https:\/\/denizcankizil.tr\/en\/haberler\/antalya\/buyuksehir-belediyesinin-6nci-donem-izcilik-kampi-basliyor\/#breadcrumb\"},\"inLanguage\":\"ru-RU\",\"potentialAction\":[{\"@type\":\"ReadAction\",\"target\":[\"https:\/\/denizcankizil.tr\/en\/haberler\/antalya\/buyuksehir-belediyesinin-6nci-donem-izcilik-kampi-basliyor\/\"]}]},{\"@type\":\"BreadcrumbList\",\"@id\":\"https:\/\/denizcankizil.tr\/en\/haberler\/antalya\/buyuksehir-belediyesinin-6nci-donem-izcilik-kampi-basliyor\/#breadcrumb\",\"itemListElement\":[{\"@type\":\"ListItem\",\"position\":1,\"name\":\"Home\",\"item\":\"https:\/\/denizcankizil.tr\/de\/\"},{\"@type\":\"ListItem\",\"position\":2,\"name\":\"B\u00fcy\u00fck\u015fehir Belediyesi\u2019nin 6\u2019nc\u0131 D\u00f6nem \u0130zcilik Kamp\u0131 Ba\u015fl\u0131yor\"}]},{\"@type\":\"WebSite\",\"@id\":\"https:\/\/denizcankizil.tr\/de\/#website\",\"url\":\"https:\/\/denizcankizil.tr\/de\/\",\"name\":\"Av. Deniz Can K\u0131z\u0131l\",\"description\":\"Avukat Deniz Can K\u0131z\u0131l Antalya Barosu\",\"publisher\":{\"@id\":\"https:\/\/denizcankizil.tr\/de\/#organization\"},\"potentialAction\":[{\"@type\":\"SearchAction\",\"target\":{\"@type\":\"EntryPoint\",\"urlTemplate\":\"https:\/\/denizcankizil.tr\/de\/?s={search_term_string}\"},\"query-input\":{\"@type\":\"PropertyValueSpecification\",\"valueRequired\":true,\"valueName\":\"search_term_string\"}}],\"inLanguage\":\"ru-RU\"},{\"@type\":\"Organization\",\"@id\":\"https:\/\/denizcankizil.tr\/de\/#organization\",\"name\":\"Av. Deniz Can K\u0131z\u0131l\",\"url\":\"https:\/\/denizcankizil.tr\/de\/\",\"logo\":{\"@type\":\"ImageObject\",\"inLanguage\":\"ru-RU\",\"@id\":\"https:\/\/denizcankizil.tr\/de\/#\/schema\/logo\/image\/\",\"url\":\"https:\/\/denizcankizil.tr\/wp-content\/uploads\/2024\/10\/siyah-logo-svg.svg\",\"contentUrl\":\"https:\/\/denizcankizil.tr\/wp-content\/uploads\/2024\/10\/siyah-logo-svg.svg\",\"width\":1080,\"height\":1080,\"caption\":\"Av. Deniz Can K\u0131z\u0131l\"},\"image\":{\"@id\":\"https:\/\/denizcankizil.tr\/de\/#\/schema\/logo\/image\/\"}},{\"@type\":\"Person\",\"@id\":\"https:\/\/denizcankizil.tr\/de\/#\/schema\/person\/5dc1b22991bd7ac833867c10afc9b0ff\",\"name\":\"Av. Deniz Can K\u0131z\u0131l\",\"image\":{\"@type\":\"ImageObject\",\"inLanguage\":\"ru-RU\",\"@id\":\"https:\/\/denizcankizil.tr\/de\/#\/schema\/person\/image\/\",\"url\":\"https:\/\/secure.gravatar.com\/avatar\/a0b128fb9855c79efc976d5640eedb31dc35ec297594d6016d2cf7c60e975bb6?s=96&d=mm&r=g\",\"contentUrl\":\"https:\/\/secure.gravatar.com\/avatar\/a0b128fb9855c79efc976d5640eedb31dc35ec297594d6016d2cf7c60e975bb6?s=96&d=mm&r=g\",\"caption\":\"Av. Deniz Can K\u0131z\u0131l\"},\"sameAs\":[\"http:\/\/www.denizcankizil.tr\"],\"url\":\"https:\/\/denizcankizil.tr\/ru\/author\/denizcankizil\/\"}]}<\/script>\n<!-- \/ Yoast SEO Premium plugin. -->","yoast_head_json":{"title":"B\u00fcy\u00fck\u015fehir Belediyesi\u2019nin 6\u2019nc\u0131 D\u00f6nem \u0130zcilik Kamp\u0131 Ba\u015fl\u0131yor - Av. Deniz Can K\u0131z\u0131l","robots":{"index":"index","follow":"follow","max-snippet":"max-snippet:-1","max-image-preview":"max-image-preview:large","max-video-preview":"max-video-preview:-1"},"canonical":"https:\/\/denizcankizil.tr\/ru\/haberler\/antalya\/buyuksehir-belediyesinin-6nci-donem-izcilik-kampi-basliyor\/","og_locale":"ru_RU","og_type":"article","og_title":"B\u00fcy\u00fck\u015fehir Belediyesi\u2019nin 6\u2019nc\u0131 D\u00f6nem \u0130zcilik Kamp\u0131 Ba\u015fl\u0131yor","og_description":"ANTALYA B\u00fcy\u00fck\u015fehir Belediyesi taraf\u0131ndan, gelece\u011fin izcilerinin yeti\u015ftirilmesi amac\u0131yla 11-15 ya\u015f aras\u0131ndaki gen\u00e7 ve \u00e7ocuklara y\u00f6nelik d\u00fczenlenen 6&#8217;nc\u0131 D\u00f6nem \u0130zcilik E\u011fitim Program\u0131&#8217;na ba\u015fvurular ba\u015flad\u0131. \u0130zcilik faaliyetleri 17 Temmuz&#8217;da ba\u015flayacak. B\u00fcy\u00fck\u015fehir Belediyesi Gen\u00e7lik ve Spor Hizmetleri Dairesi Ba\u015fkanl\u0131\u011f\u0131 taraf\u0131ndan y\u00fcr\u00fct\u00fclen ve g\u00f6n\u00fcll\u00fcl\u00fck esas\u0131na dayal\u0131 olan izcilik program\u0131, \u00e7ocuklar\u0131n zihinsel, fiziksel, ruhsal, sosyal, duygusal ve karakter geli\u015fimine katk\u0131 sa\u011flamay\u0131 ama\u00e7l\u0131yor. Etkinlik, 17, 18, 24 ve 25 Temmuz tarihlerinde 09.30 ile 16.00 saatleri aras\u0131nda Antalya B\u00fcy\u00fck\u015fehir Belediyesi Gen\u00e7lik Kamp\u0131 ve E\u011fitim Merkezi&#8217;nde ger\u00e7ekle\u015fecek. \u00dccretsiz programa kat\u0131lmak isteyenler &#8216;www.antalya.bel.tr&#8217; internet adresinden ba\u015fvuru yapabilecek. DO\u011eANIN \u0130\u00c7\u0130NDE \u0130ZC\u0130L\u0130K FAAL\u0130YET\u0130 Hayvanat Bah\u00e7esi&#8217;nin yan\u0131ndaki ormanl\u0131k alanda bulunan Gen\u00e7lik Kamp\u0131 ve E\u011fitim Merkezi&#8217;nde izci adaylar\u0131, temel izcilik bilgileri, izci and\u0131 ve t\u00fcresi, d\u00fc\u011f\u00fcmler, oyunlar, \u00e7ad\u0131r kurma ve temel kamp\u00e7\u0131l\u0131k konular\u0131nda e\u011fitim alacak. Kat\u0131l\u0131mc\u0131lar, kamp boyunca hem ki\u015fisel hem ruhsal geli\u015fim sa\u011flayacak, do\u011fay\u0131 sevmeyi, korumay\u0131 ve do\u011fada ya\u015fam ko\u015fullar\u0131n\u0131 uygulamal\u0131 \u00f6\u011frenecek. Program ile ilgili daha detayl\u0131 bilgi almak isteyenler &#8216;0242 321 24 70&#8217; numaral\u0131 telefonu arayarak Antalya B\u00fcy\u00fck\u015fehir Belediyesi Gen\u00e7lik ve Spor Hizmetleri Dairesi Ba\u015fkanl\u0131\u011f\u0131&#8217;ndan bilgi alabilecek. E\u011e\u0130T\u0130M SONUNDA AKSEK\u0130&#8217;DE KAMP YAPILACAK D\u00f6rt g\u00fcnl\u00fck e\u011fitimin sonunda izci adaylar\u0131 yemin ederek ay sonunda Akseki il\u00e7esinde d\u00fczenlenecek kampa kat\u0131lacak ve teorik bilgilerini uygulama f\u0131rsat\u0131 bulacak. Kaynak: www.kanalv.com.tr Haber Sitesinden Al\u0131nm\u0131\u015ft\u0131r.","og_url":"https:\/\/denizcankizil.tr\/ru\/haberler\/antalya\/buyuksehir-belediyesinin-6nci-donem-izcilik-kampi-basliyor\/","og_site_name":"Av. Deniz Can K\u0131z\u0131l","article_published_time":"2025-07-14T10:41:18+00:00","author":"Av. Deniz Can K\u0131z\u0131l","twitter_card":"summary_large_image","twitter_misc":{"\u041d\u0430\u043f\u0438\u0441\u0430\u043d\u043e \u0430\u0432\u0442\u043e\u0440\u043e\u043c":"Av. Deniz Can K\u0131z\u0131l","\u041f\u0440\u0438\u043c\u0435\u0440\u043d\u043e\u0435 \u0432\u0440\u0435\u043c\u044f \u0434\u043b\u044f \u0447\u0442\u0435\u043d\u0438\u044f":"1 \u043c\u0438\u043d\u0443\u0442\u0430"},"schema":{"@context":"https:\/\/schema.org","@graph":[{"@type":"Article","@id":"https:\/\/denizcankizil.tr\/en\/haberler\/antalya\/buyuksehir-belediyesinin-6nci-donem-izcilik-kampi-basliyor\/#article","isPartOf":{"@id":"https:\/\/denizcankizil.tr\/en\/haberler\/antalya\/buyuksehir-belediyesinin-6nci-donem-izcilik-kampi-basliyor\/"},"author":{"name":"Av. Deniz Can K\u0131z\u0131l","@id":"https:\/\/denizcankizil.tr\/de\/#\/schema\/person\/5dc1b22991bd7ac833867c10afc9b0ff"},"headline":"B\u00fcy\u00fck\u015fehir Belediyesi\u2019nin 6\u2019nc\u0131 D\u00f6nem \u0130zcilik Kamp\u0131 Ba\u015fl\u0131yor","datePublished":"2025-07-14T10:41:18+00:00","mainEntityOfPage":{"@id":"https:\/\/denizcankizil.tr\/en\/haberler\/antalya\/buyuksehir-belediyesinin-6nci-donem-izcilik-kampi-basliyor\/"},"wordCount":302,"publisher":{"@id":"https:\/\/denizcankizil.tr\/de\/#organization"},"articleSection":["Antalya"],"inLanguage":"ru-RU"},{"@type":"WebPage","@id":"https:\/\/denizcankizil.tr\/en\/haberler\/antalya\/buyuksehir-belediyesinin-6nci-donem-izcilik-kampi-basliyor\/","url":"https:\/\/denizcankizil.tr\/en\/haberler\/antalya\/buyuksehir-belediyesinin-6nci-donem-izcilik-kampi-basliyor\/","name":"B\u00fcy\u00fck\u015fehir Belediyesi\u2019nin 6\u2019nc\u0131 D\u00f6nem \u0130zcilik Kamp\u0131 Ba\u015fl\u0131yor - Av. Deniz Can K\u0131z\u0131l","isPartOf":{"@id":"https:\/\/denizcankizil.tr\/de\/#website"},"datePublished":"2025-07-14T10:41:18+00:00","breadcrumb":{"@id":"https:\/\/denizcankizil.tr\/en\/haberler\/antalya\/buyuksehir-belediyesinin-6nci-donem-izcilik-kampi-basliyor\/#breadcrumb"},"inLanguage":"ru-RU","potentialAction":[{"@type":"ReadAction","target":["https:\/\/denizcankizil.tr\/en\/haberler\/antalya\/buyuksehir-belediyesinin-6nci-donem-izcilik-kampi-basliyor\/"]}]},{"@type":"BreadcrumbList","@id":"https:\/\/denizcankizil.tr\/en\/haberler\/antalya\/buyuksehir-belediyesinin-6nci-donem-izcilik-kampi-basliyor\/#breadcrumb","itemListElement":[{"@type":"ListItem","position":1,"name":"Home","item":"https:\/\/denizcankizil.tr\/de\/"},{"@type":"ListItem","position":2,"name":"B\u00fcy\u00fck\u015fehir Belediyesi\u2019nin 6\u2019nc\u0131 D\u00f6nem \u0130zcilik Kamp\u0131 Ba\u015fl\u0131yor"}]},{"@type":"WebSite","@id":"https:\/\/denizcankizil.tr\/de\/#website","url":"https:\/\/denizcankizil.tr\/de\/","name":"Av. Deniz Can K\u0131z\u0131l","description":"Avukat Deniz Can K\u0131z\u0131l Antalya Barosu","publisher":{"@id":"https:\/\/denizcankizil.tr\/de\/#organization"},"potentialAction":[{"@type":"SearchAction","target":{"@type":"EntryPoint","urlTemplate":"https:\/\/denizcankizil.tr\/de\/?s={search_term_string}"},"query-input":{"@type":"PropertyValueSpecification","valueRequired":true,"valueName":"search_term_string"}}],"inLanguage":"ru-RU"},{"@type":"Organization","@id":"https:\/\/denizcankizil.tr\/de\/#organization","name":"Av. Deniz Can K\u0131z\u0131l","url":"https:\/\/denizcankizil.tr\/de\/","logo":{"@type":"ImageObject","inLanguage":"ru-RU","@id":"https:\/\/denizcankizil.tr\/de\/#\/schema\/logo\/image\/","url":"https:\/\/denizcankizil.tr\/wp-content\/uploads\/2024\/10\/siyah-logo-svg.svg","contentUrl":"https:\/\/denizcankizil.tr\/wp-content\/uploads\/2024\/10\/siyah-logo-svg.svg","width":1080,"height":1080,"caption":"Av. Deniz Can K\u0131z\u0131l"},"image":{"@id":"https:\/\/denizcankizil.tr\/de\/#\/schema\/logo\/image\/"}},{"@type":"Person","@id":"https:\/\/denizcankizil.tr\/de\/#\/schema\/person\/5dc1b22991bd7ac833867c10afc9b0ff","name":"Av. Deniz Can K\u0131z\u0131l","image":{"@type":"ImageObject","inLanguage":"ru-RU","@id":"https:\/\/denizcankizil.tr\/de\/#\/schema\/person\/image\/","url":"https:\/\/secure.gravatar.com\/avatar\/a0b128fb9855c79efc976d5640eedb31dc35ec297594d6016d2cf7c60e975bb6?s=96&d=mm&r=g","contentUrl":"https:\/\/secure.gravatar.com\/avatar\/a0b128fb9855c79efc976d5640eedb31dc35ec297594d6016d2cf7c60e975bb6?s=96&d=mm&r=g","caption":"Av. Deniz Can K\u0131z\u0131l"},"sameAs":["http:\/\/www.denizcankizil.tr"],"url":"https:\/\/denizcankizil.tr\/ru\/author\/denizcankizil\/"}]}},"_links":{"self":[{"href":"https:\/\/denizcankizil.tr\/ru\/wp-json\/wp\/v2\/posts\/145654","targetHints":{"allow":["GET"]}}],"collection":[{"href":"https:\/\/denizcankizil.tr\/ru\/wp-json\/wp\/v2\/posts"}],"about":[{"href":"https:\/\/denizcankizil.tr\/ru\/wp-json\/wp\/v2\/types\/post"}],"author":[{"embeddable":true,"href":"https:\/\/denizcankizil.tr\/ru\/wp-json\/wp\/v2\/users\/4"}],"replies":[{"embeddable":true,"href":"https:\/\/denizcankizil.tr\/ru\/wp-json\/wp\/v2\/comments?post=145654"}],"version-history":[{"count":0,"href":"https:\/\/denizcankizil.tr\/ru\/wp-json\/wp\/v2\/posts\/145654\/revisions"}],"wp:attachment":[{"href":"https:\/\/denizcankizil.tr\/ru\/wp-json\/wp\/v2\/media?parent=145654"}],"wp:term":[{"taxonomy":"category","embeddable":true,"href":"https:\/\/denizcankizil.tr\/ru\/wp-json\/wp\/v2\/categories?post=145654"},{"taxonomy":"post_tag","embeddable":true,"href":"https:\/\/denizcankizil.tr\/ru\/wp-json\/wp\/v2\/tags?post=145654"}],"curies":[{"name":"wp","href":"https:\/\/api.w.org\/{rel}","templated":true}]}}