{"id":1456,"date":"2024-10-11T08:56:14","date_gmt":"2024-10-11T08:56:14","guid":{"rendered":"https:\/\/denizcankizil.tr\/uncategorized\/vali-aygol-sehit-ogretmen-hayati-kapukayayi-mezari-basinda-dualarla-andi\/"},"modified":"2024-10-11T08:56:14","modified_gmt":"2024-10-11T08:56:14","slug":"vali-aygol-sehit-ogretmen-hayati-kapukayayi-mezari-basinda-dualarla-andi","status":"publish","type":"post","link":"https:\/\/denizcankizil.tr\/ru\/haberler\/gundem\/vali-aygol-sehit-ogretmen-hayati-kapukayayi-mezari-basinda-dualarla-andi\/","title":{"rendered":"Vali Ayg\u00f6l \u015eehit \u00f6\u011fretmen Hayati Kapukaya\u2019y\u0131 mezar\u0131 ba\u015f\u0131nda dualarla and\u0131"},"content":{"rendered":"<p>Bilecik Valisi \u015eefik Ayg\u00f6l \u015fehit \u00d6\u011fretmen Hayati Kapukaya\u2019y\u0131 mezar\u0131 ba\u015f\u0131nda and\u0131.Pazaryeri G\u00fcndem \/B\u0130LEC\u0130K (\u0130GFA) &#8211;\u00a0Bilecik Valisi \u015eefik Ayg\u00f6l 1994 y\u0131l\u0131nda Bing\u00f6l yolunda ter\u00f6ristler taraf\u0131ndan \u015fehit edilen \u00d6\u011fretmen Hayati Kapukaya\u2019y\u0131 Bilecik\u2019te bulunan mezar\u0131 ba\u015f\u0131nda dualarla and\u0131.<\/p>\n<p>\u00d6\u011fretmen\u00a0Hayati Kapukaya,\u00a0\u00a0Van\u2019\u0131n \u00c7atak il\u00e7esinde g\u00f6rev yaparken,\u00a08 Ekim 1994 tarihinde\u00a0Bing\u00f6l karayolunda seyahat etti\u011fi otob\u00fcs\u00fcn yolunu kesilerek, ter\u00f6ristler taraf\u0131ndan \u015fehit edilmi\u015fti.<\/p>\n<p>\u200bBilecik Valisi \u015eefik Ayg\u00f6l \u015fehit \u00d6\u011fretmen Hayati Kapukaya\u2019y\u0131 mezar\u0131 ba\u015f\u0131nda and\u0131\u00a0<\/p>\n<p>\u200biskenderun<\/p>","protected":false},"excerpt":{"rendered":"<p>Bilecik Valisi \u015eefik Ayg\u00f6l \u015fehit \u00d6\u011fretmen Hayati Kapukaya\u2019y\u0131 mezar\u0131 ba\u015f\u0131nda and\u0131.Pazaryeri G\u00fcndem \/B\u0130LEC\u0130K (\u0130GFA) &#8211;\u00a0Bilecik Valisi \u015eefik Ayg\u00f6l 1994 y\u0131l\u0131nda Bing\u00f6l yolunda ter\u00f6ristler taraf\u0131ndan \u015fehit edilen \u00d6\u011fretmen Hayati Kapukaya\u2019y\u0131 Bilecik\u2019te bulunan mezar\u0131 ba\u015f\u0131nda dualarla and\u0131. \u00d6\u011fretmen\u00a0Hayati Kapukaya,\u00a0\u00a0Van\u2019\u0131n \u00c7atak il\u00e7esinde g\u00f6rev yaparken,\u00a08 Ekim 1994 tarihinde\u00a0Bing\u00f6l karayolunda seyahat etti\u011fi otob\u00fcs\u00fcn yolunu kesilerek, ter\u00f6ristler taraf\u0131ndan \u015fehit edilmi\u015fti. \u200bBilecik Valisi \u015eefik Ayg\u00f6l \u015fehit \u00d6\u011fretmen Hayati Kapukaya\u2019y\u0131 mezar\u0131 ba\u015f\u0131nda and\u0131\u00a0 \u200biskenderun<\/p>","protected":false},"author":0,"featured_media":0,"comment_status":"open","ping_status":"open","sticky":false,"template":"","format":"standard","meta":{"_acf_changed":false,"footnotes":""},"categories":[24],"tags":[],"class_list":["post-1456","post","type-post","status-publish","format-standard","has-post-thumbnail","hentry","category-gundem"],"acf":[],"yoast_head":"<!-- This site is optimized with the Yoast SEO Premium plugin v26.6 (Yoast SEO v27.1.1) - https:\/\/yoast.com\/product\/yoast-seo-premium-wordpress\/ -->\n<title>Vali Ayg\u00f6l \u015eehit \u00f6\u011fretmen Hayati Kapukaya\u2019y\u0131 mezar\u0131 ba\u015f\u0131nda dualarla and\u0131 - Av. Deniz Can K\u0131z\u0131l<\/title>\n<meta name=\"robots\" content=\"index, follow, max-snippet:-1, max-image-preview:large, max-video-preview:-1\" \/>\n<link rel=\"canonical\" href=\"https:\/\/denizcankizil.tr\/ru\/haberler\/gundem\/vali-aygol-sehit-ogretmen-hayati-kapukayayi-mezari-basinda-dualarla-andi\/\" \/>\n<meta property=\"og:locale\" content=\"ru_RU\" \/>\n<meta property=\"og:type\" content=\"article\" \/>\n<meta property=\"og:title\" content=\"Vali Ayg\u00f6l \u015eehit \u00f6\u011fretmen Hayati Kapukaya\u2019y\u0131 mezar\u0131 ba\u015f\u0131nda dualarla and\u0131\" \/>\n<meta property=\"og:description\" content=\"Bilecik Valisi \u015eefik Ayg\u00f6l \u015fehit \u00d6\u011fretmen Hayati Kapukaya\u2019y\u0131 mezar\u0131 ba\u015f\u0131nda and\u0131.Pazaryeri G\u00fcndem \/B\u0130LEC\u0130K (\u0130GFA) &#8211;\u00a0Bilecik Valisi \u015eefik Ayg\u00f6l 1994 y\u0131l\u0131nda Bing\u00f6l yolunda ter\u00f6ristler taraf\u0131ndan \u015fehit edilen \u00d6\u011fretmen Hayati Kapukaya\u2019y\u0131 Bilecik\u2019te bulunan mezar\u0131 ba\u015f\u0131nda dualarla and\u0131. \u00d6\u011fretmen\u00a0Hayati Kapukaya,\u00a0\u00a0Van\u2019\u0131n \u00c7atak il\u00e7esinde g\u00f6rev yaparken,\u00a08 Ekim 1994 tarihinde\u00a0Bing\u00f6l karayolunda seyahat etti\u011fi otob\u00fcs\u00fcn yolunu kesilerek, ter\u00f6ristler taraf\u0131ndan \u015fehit edilmi\u015fti. \u200bBilecik Valisi \u015eefik Ayg\u00f6l \u015fehit \u00d6\u011fretmen Hayati Kapukaya\u2019y\u0131 mezar\u0131 ba\u015f\u0131nda and\u0131\u00a0 \u200biskenderun\" \/>\n<meta property=\"og:url\" content=\"https:\/\/denizcankizil.tr\/ru\/haberler\/gundem\/vali-aygol-sehit-ogretmen-hayati-kapukayayi-mezari-basinda-dualarla-andi\/\" \/>\n<meta property=\"og:site_name\" content=\"Av. Deniz Can K\u0131z\u0131l\" \/>\n<meta property=\"article:published_time\" content=\"2024-10-11T08:56:14+00:00\" \/>\n<meta name=\"twitter:card\" content=\"summary_large_image\" \/>\n<script type=\"application\/ld+json\" class=\"yoast-schema-graph\">{\"@context\":\"https:\/\/schema.org\",\"@graph\":[{\"@type\":\"Article\",\"@id\":\"https:\/\/denizcankizil.tr\/ru\/haberler\/gundem\/vali-aygol-sehit-ogretmen-hayati-kapukayayi-mezari-basinda-dualarla-andi\/#article\",\"isPartOf\":{\"@id\":\"https:\/\/denizcankizil.tr\/ru\/haberler\/gundem\/vali-aygol-sehit-ogretmen-hayati-kapukayayi-mezari-basinda-dualarla-andi\/\"},\"author\":{\"name\":\"\",\"@id\":\"\"},\"headline\":\"Vali Ayg\u00f6l \u015eehit \u00f6\u011fretmen Hayati Kapukaya\u2019y\u0131 mezar\u0131 ba\u015f\u0131nda dualarla and\u0131\",\"datePublished\":\"2024-10-11T08:56:14+00:00\",\"mainEntityOfPage\":{\"@id\":\"https:\/\/denizcankizil.tr\/ru\/haberler\/gundem\/vali-aygol-sehit-ogretmen-hayati-kapukayayi-mezari-basinda-dualarla-andi\/\"},\"wordCount\":110,\"commentCount\":0,\"publisher\":{\"@id\":\"https:\/\/denizcankizil.tr\/de\/#organization\"},\"articleSection\":[\"G\u00fcndem\"],\"inLanguage\":\"ru-RU\",\"potentialAction\":[{\"@type\":\"CommentAction\",\"name\":\"Comment\",\"target\":[\"https:\/\/denizcankizil.tr\/ru\/haberler\/gundem\/vali-aygol-sehit-ogretmen-hayati-kapukayayi-mezari-basinda-dualarla-andi\/#respond\"]}]},{\"@type\":\"WebPage\",\"@id\":\"https:\/\/denizcankizil.tr\/ru\/haberler\/gundem\/vali-aygol-sehit-ogretmen-hayati-kapukayayi-mezari-basinda-dualarla-andi\/\",\"url\":\"https:\/\/denizcankizil.tr\/ru\/haberler\/gundem\/vali-aygol-sehit-ogretmen-hayati-kapukayayi-mezari-basinda-dualarla-andi\/\",\"name\":\"Vali Ayg\u00f6l \u015eehit \u00f6\u011fretmen Hayati Kapukaya\u2019y\u0131 mezar\u0131 ba\u015f\u0131nda dualarla and\u0131 - Av. Deniz Can K\u0131z\u0131l\",\"isPartOf\":{\"@id\":\"https:\/\/denizcankizil.tr\/de\/#website\"},\"datePublished\":\"2024-10-11T08:56:14+00:00\",\"breadcrumb\":{\"@id\":\"https:\/\/denizcankizil.tr\/ru\/haberler\/gundem\/vali-aygol-sehit-ogretmen-hayati-kapukayayi-mezari-basinda-dualarla-andi\/#breadcrumb\"},\"inLanguage\":\"ru-RU\",\"potentialAction\":[{\"@type\":\"ReadAction\",\"target\":[\"https:\/\/denizcankizil.tr\/ru\/haberler\/gundem\/vali-aygol-sehit-ogretmen-hayati-kapukayayi-mezari-basinda-dualarla-andi\/\"]}]},{\"@type\":\"BreadcrumbList\",\"@id\":\"https:\/\/denizcankizil.tr\/ru\/haberler\/gundem\/vali-aygol-sehit-ogretmen-hayati-kapukayayi-mezari-basinda-dualarla-andi\/#breadcrumb\",\"itemListElement\":[{\"@type\":\"ListItem\",\"position\":1,\"name\":\"Home\",\"item\":\"https:\/\/denizcankizil.tr\/de\/\"},{\"@type\":\"ListItem\",\"position\":2,\"name\":\"Vali Ayg\u00f6l \u015eehit \u00f6\u011fretmen Hayati Kapukaya\u2019y\u0131 mezar\u0131 ba\u015f\u0131nda dualarla and\u0131\"}]},{\"@type\":\"WebSite\",\"@id\":\"https:\/\/denizcankizil.tr\/de\/#website\",\"url\":\"https:\/\/denizcankizil.tr\/de\/\",\"name\":\"Av. Deniz Can K\u0131z\u0131l\",\"description\":\"Avukat Deniz Can K\u0131z\u0131l Antalya Barosu\",\"publisher\":{\"@id\":\"https:\/\/denizcankizil.tr\/de\/#organization\"},\"potentialAction\":[{\"@type\":\"SearchAction\",\"target\":{\"@type\":\"EntryPoint\",\"urlTemplate\":\"https:\/\/denizcankizil.tr\/de\/?s={search_term_string}\"},\"query-input\":{\"@type\":\"PropertyValueSpecification\",\"valueRequired\":true,\"valueName\":\"search_term_string\"}}],\"inLanguage\":\"ru-RU\"},{\"@type\":\"Organization\",\"@id\":\"https:\/\/denizcankizil.tr\/de\/#organization\",\"name\":\"Av. Deniz Can K\u0131z\u0131l\",\"url\":\"https:\/\/denizcankizil.tr\/de\/\",\"logo\":{\"@type\":\"ImageObject\",\"inLanguage\":\"ru-RU\",\"@id\":\"https:\/\/denizcankizil.tr\/de\/#\/schema\/logo\/image\/\",\"url\":\"https:\/\/denizcankizil.tr\/wp-content\/uploads\/2024\/10\/siyah-logo-svg.svg\",\"contentUrl\":\"https:\/\/denizcankizil.tr\/wp-content\/uploads\/2024\/10\/siyah-logo-svg.svg\",\"width\":1080,\"height\":1080,\"caption\":\"Av. Deniz Can K\u0131z\u0131l\"},\"image\":{\"@id\":\"https:\/\/denizcankizil.tr\/de\/#\/schema\/logo\/image\/\"}}]}<\/script>\n<!-- \/ Yoast SEO Premium plugin. -->","yoast_head_json":{"title":"Vali Ayg\u00f6l \u015eehit \u00f6\u011fretmen Hayati Kapukaya\u2019y\u0131 mezar\u0131 ba\u015f\u0131nda dualarla and\u0131 - Av. Deniz Can K\u0131z\u0131l","robots":{"index":"index","follow":"follow","max-snippet":"max-snippet:-1","max-image-preview":"max-image-preview:large","max-video-preview":"max-video-preview:-1"},"canonical":"https:\/\/denizcankizil.tr\/ru\/haberler\/gundem\/vali-aygol-sehit-ogretmen-hayati-kapukayayi-mezari-basinda-dualarla-andi\/","og_locale":"ru_RU","og_type":"article","og_title":"Vali Ayg\u00f6l \u015eehit \u00f6\u011fretmen Hayati Kapukaya\u2019y\u0131 mezar\u0131 ba\u015f\u0131nda dualarla and\u0131","og_description":"Bilecik Valisi \u015eefik Ayg\u00f6l \u015fehit \u00d6\u011fretmen Hayati Kapukaya\u2019y\u0131 mezar\u0131 ba\u015f\u0131nda and\u0131.Pazaryeri G\u00fcndem \/B\u0130LEC\u0130K (\u0130GFA) &#8211;\u00a0Bilecik Valisi \u015eefik Ayg\u00f6l 1994 y\u0131l\u0131nda Bing\u00f6l yolunda ter\u00f6ristler taraf\u0131ndan \u015fehit edilen \u00d6\u011fretmen Hayati Kapukaya\u2019y\u0131 Bilecik\u2019te bulunan mezar\u0131 ba\u015f\u0131nda dualarla and\u0131. \u00d6\u011fretmen\u00a0Hayati Kapukaya,\u00a0\u00a0Van\u2019\u0131n \u00c7atak il\u00e7esinde g\u00f6rev yaparken,\u00a08 Ekim 1994 tarihinde\u00a0Bing\u00f6l karayolunda seyahat etti\u011fi otob\u00fcs\u00fcn yolunu kesilerek, ter\u00f6ristler taraf\u0131ndan \u015fehit edilmi\u015fti. \u200bBilecik Valisi \u015eefik Ayg\u00f6l \u015fehit \u00d6\u011fretmen Hayati Kapukaya\u2019y\u0131 mezar\u0131 ba\u015f\u0131nda and\u0131\u00a0 \u200biskenderun","og_url":"https:\/\/denizcankizil.tr\/ru\/haberler\/gundem\/vali-aygol-sehit-ogretmen-hayati-kapukayayi-mezari-basinda-dualarla-andi\/","og_site_name":"Av. Deniz Can K\u0131z\u0131l","article_published_time":"2024-10-11T08:56:14+00:00","twitter_card":"summary_large_image","schema":{"@context":"https:\/\/schema.org","@graph":[{"@type":"Article","@id":"https:\/\/denizcankizil.tr\/ru\/haberler\/gundem\/vali-aygol-sehit-ogretmen-hayati-kapukayayi-mezari-basinda-dualarla-andi\/#article","isPartOf":{"@id":"https:\/\/denizcankizil.tr\/ru\/haberler\/gundem\/vali-aygol-sehit-ogretmen-hayati-kapukayayi-mezari-basinda-dualarla-andi\/"},"author":{"name":"","@id":""},"headline":"Vali Ayg\u00f6l \u015eehit \u00f6\u011fretmen Hayati Kapukaya\u2019y\u0131 mezar\u0131 ba\u015f\u0131nda dualarla and\u0131","datePublished":"2024-10-11T08:56:14+00:00","mainEntityOfPage":{"@id":"https:\/\/denizcankizil.tr\/ru\/haberler\/gundem\/vali-aygol-sehit-ogretmen-hayati-kapukayayi-mezari-basinda-dualarla-andi\/"},"wordCount":110,"commentCount":0,"publisher":{"@id":"https:\/\/denizcankizil.tr\/de\/#organization"},"articleSection":["G\u00fcndem"],"inLanguage":"ru-RU","potentialAction":[{"@type":"CommentAction","name":"Comment","target":["https:\/\/denizcankizil.tr\/ru\/haberler\/gundem\/vali-aygol-sehit-ogretmen-hayati-kapukayayi-mezari-basinda-dualarla-andi\/#respond"]}]},{"@type":"WebPage","@id":"https:\/\/denizcankizil.tr\/ru\/haberler\/gundem\/vali-aygol-sehit-ogretmen-hayati-kapukayayi-mezari-basinda-dualarla-andi\/","url":"https:\/\/denizcankizil.tr\/ru\/haberler\/gundem\/vali-aygol-sehit-ogretmen-hayati-kapukayayi-mezari-basinda-dualarla-andi\/","name":"Vali Ayg\u00f6l \u015eehit \u00f6\u011fretmen Hayati Kapukaya\u2019y\u0131 mezar\u0131 ba\u015f\u0131nda dualarla and\u0131 - Av. Deniz Can K\u0131z\u0131l","isPartOf":{"@id":"https:\/\/denizcankizil.tr\/de\/#website"},"datePublished":"2024-10-11T08:56:14+00:00","breadcrumb":{"@id":"https:\/\/denizcankizil.tr\/ru\/haberler\/gundem\/vali-aygol-sehit-ogretmen-hayati-kapukayayi-mezari-basinda-dualarla-andi\/#breadcrumb"},"inLanguage":"ru-RU","potentialAction":[{"@type":"ReadAction","target":["https:\/\/denizcankizil.tr\/ru\/haberler\/gundem\/vali-aygol-sehit-ogretmen-hayati-kapukayayi-mezari-basinda-dualarla-andi\/"]}]},{"@type":"BreadcrumbList","@id":"https:\/\/denizcankizil.tr\/ru\/haberler\/gundem\/vali-aygol-sehit-ogretmen-hayati-kapukayayi-mezari-basinda-dualarla-andi\/#breadcrumb","itemListElement":[{"@type":"ListItem","position":1,"name":"Home","item":"https:\/\/denizcankizil.tr\/de\/"},{"@type":"ListItem","position":2,"name":"Vali Ayg\u00f6l \u015eehit \u00f6\u011fretmen Hayati Kapukaya\u2019y\u0131 mezar\u0131 ba\u015f\u0131nda dualarla and\u0131"}]},{"@type":"WebSite","@id":"https:\/\/denizcankizil.tr\/de\/#website","url":"https:\/\/denizcankizil.tr\/de\/","name":"Av. Deniz Can K\u0131z\u0131l","description":"Avukat Deniz Can K\u0131z\u0131l Antalya Barosu","publisher":{"@id":"https:\/\/denizcankizil.tr\/de\/#organization"},"potentialAction":[{"@type":"SearchAction","target":{"@type":"EntryPoint","urlTemplate":"https:\/\/denizcankizil.tr\/de\/?s={search_term_string}"},"query-input":{"@type":"PropertyValueSpecification","valueRequired":true,"valueName":"search_term_string"}}],"inLanguage":"ru-RU"},{"@type":"Organization","@id":"https:\/\/denizcankizil.tr\/de\/#organization","name":"Av. Deniz Can K\u0131z\u0131l","url":"https:\/\/denizcankizil.tr\/de\/","logo":{"@type":"ImageObject","inLanguage":"ru-RU","@id":"https:\/\/denizcankizil.tr\/de\/#\/schema\/logo\/image\/","url":"https:\/\/denizcankizil.tr\/wp-content\/uploads\/2024\/10\/siyah-logo-svg.svg","contentUrl":"https:\/\/denizcankizil.tr\/wp-content\/uploads\/2024\/10\/siyah-logo-svg.svg","width":1080,"height":1080,"caption":"Av. Deniz Can K\u0131z\u0131l"},"image":{"@id":"https:\/\/denizcankizil.tr\/de\/#\/schema\/logo\/image\/"}}]}},"_links":{"self":[{"href":"https:\/\/denizcankizil.tr\/ru\/wp-json\/wp\/v2\/posts\/1456","targetHints":{"allow":["GET"]}}],"collection":[{"href":"https:\/\/denizcankizil.tr\/ru\/wp-json\/wp\/v2\/posts"}],"about":[{"href":"https:\/\/denizcankizil.tr\/ru\/wp-json\/wp\/v2\/types\/post"}],"replies":[{"embeddable":true,"href":"https:\/\/denizcankizil.tr\/ru\/wp-json\/wp\/v2\/comments?post=1456"}],"version-history":[{"count":0,"href":"https:\/\/denizcankizil.tr\/ru\/wp-json\/wp\/v2\/posts\/1456\/revisions"}],"wp:attachment":[{"href":"https:\/\/denizcankizil.tr\/ru\/wp-json\/wp\/v2\/media?parent=1456"}],"wp:term":[{"taxonomy":"category","embeddable":true,"href":"https:\/\/denizcankizil.tr\/ru\/wp-json\/wp\/v2\/categories?post=1456"},{"taxonomy":"post_tag","embeddable":true,"href":"https:\/\/denizcankizil.tr\/ru\/wp-json\/wp\/v2\/tags?post=1456"}],"curies":[{"name":"wp","href":"https:\/\/api.w.org\/{rel}","templated":true}]}}