{"id":14429,"date":"2024-11-08T15:41:28","date_gmt":"2024-11-08T12:41:28","guid":{"rendered":"https:\/\/denizcankizil.tr\/uncategorized-tr\/adiyaman-golbasinda-yolcu-otobusunde-uyusturucu-operasyonu\/"},"modified":"2024-11-08T15:41:28","modified_gmt":"2024-11-08T12:41:28","slug":"adiyaman-golbasinda-yolcu-otobusunde-uyusturucu-operasyonu","status":"publish","type":"post","link":"https:\/\/denizcankizil.tr\/ru\/haberler\/gundem\/adiyaman-golbasinda-yolcu-otobusunde-uyusturucu-operasyonu\/","title":{"rendered":"Ad\u0131yaman G\u00f6lba\u015f\u0131\u2019nda yolcu otob\u00fcs\u00fcnde uyu\u015fturucu operasyonu"},"content":{"rendered":"<p>Ad\u0131yaman\u2019\u0131n G\u00f6lba\u015f\u0131 il\u00e7esinde, Narkotik Su\u00e7larla M\u00fccadele B\u00fcro Amirli\u011fi ekipleri taraf\u0131ndan uyu\u015fturucuya ge\u00e7it vermeyen ba\u015far\u0131l\u0131 bir operasyon ger\u00e7ekle\u015ftirildi.ADIYAMAN (\u0130GFA) &#8211; Ad\u0131yaman&#8217;da yap\u0131lan \u00e7al\u0131\u015fma kapsam\u0131nda durdurulan bir yolcu otob\u00fcs\u00fcnde yolcu olarak bulunan V.K. ve O.T. isimli \u015fah\u0131slar\u0131n \u00e7e\u015fitli su\u00e7 kay\u0131tlar\u0131 oldu\u011fu tespit edildi.<br \/>\n\u00a0GBT sorgulamalar\u0131n\u0131n ard\u0131ndan \u015fah\u0131slar\u0131n \u00fczerlerinde arama yap\u0131ld\u0131. Arama sonucunda, 36,61 gram metamfetamin maddesi ele ge\u00e7irildi.<br \/>\nOlay sonras\u0131nda g\u00f6zalt\u0131na al\u0131nan V.K. ve O.T., G\u00f6lba\u015f\u0131 Narkotik Su\u00e7larla M\u00fccadele ekipleri taraf\u0131ndan adli i\u015flemleri yap\u0131lmak \u00fczere emniyete g\u00f6t\u00fcr\u00fcld\u00fc.<br \/>\nYakalanan uyu\u015fturucu madde, ekipler taraf\u0131ndan kriminal laboratuvara g\u00f6nderilirken, olayla ilgili geni\u015f \u00e7apl\u0131 tahkikat ba\u015flat\u0131ld\u0131.<br \/>\nUyu\u015fturucuyla m\u00fccadelede kararl\u0131l\u0131k vurgusu yapan yetkililer, gen\u00e7leri hedef alan zehir tacirlerine kar\u015f\u0131 m\u00fccadelenin devam edece\u011fini belirtti.<br \/>\nG\u00f6lba\u015f\u0131 il\u00e7esinde d\u00fczenlenen bu operasyon, uyu\u015fturucu sat\u0131c\u0131lar\u0131na y\u00f6nelik etkin m\u00fccadelenin bir par\u00e7as\u0131 olarak dikkat \u00e7ekiyor.<br \/>\nYetkililer, vatanda\u015flara da bu konuda duyarl\u0131 olmalar\u0131 \u00e7a\u011fr\u0131s\u0131nda bulunurken, \u015f\u00fcpheli durumlar\u0131 ihbar etmeleri gerekti\u011fini ifade etti. Ad\u0131yaman genelinde y\u00fcr\u00fct\u00fclen bu t\u00fcr ba\u015far\u0131l\u0131 operasyonlar, uyu\u015fturucuya kar\u015f\u0131 m\u00fccadelede \u00f6nemli bir ad\u0131m olarak de\u011ferlendiriliyor. Ekiplerin bu \u00e7al\u0131\u015fmalar\u0131, toplumda g\u00fcven ve huzurun sa\u011flanmas\u0131na katk\u0131 sa\u011fl\u0131yor.<\/p>\n<p>\u200bAd\u0131yaman\u2019\u0131n G\u00f6lba\u015f\u0131 il\u00e7esinde, Narkotik Su\u00e7larla M\u00fccadele B\u00fcro Amirli\u011fi ekipleri taraf\u0131ndan uyu\u015fturucuya ge\u00e7it vermeyen ba\u015far\u0131l\u0131 bir operasyon ger\u00e7ekle\u015ftirildi\u00a0<\/p>\n<p>\u200bHaberin Al\u0131nt\u0131land\u0131\u011f\u0131 Kaynak: www.iskenderun.org<\/p>","protected":false},"excerpt":{"rendered":"<p>Ad\u0131yaman\u2019\u0131n G\u00f6lba\u015f\u0131 il\u00e7esinde, Narkotik Su\u00e7larla M\u00fccadele B\u00fcro Amirli\u011fi ekipleri taraf\u0131ndan uyu\u015fturucuya ge\u00e7it vermeyen ba\u015far\u0131l\u0131 bir operasyon ger\u00e7ekle\u015ftirildi.ADIYAMAN (\u0130GFA) &#8211; Ad\u0131yaman&#8217;da yap\u0131lan \u00e7al\u0131\u015fma kapsam\u0131nda durdurulan bir yolcu otob\u00fcs\u00fcnde yolcu olarak bulunan V.K. ve O.T. isimli \u015fah\u0131slar\u0131n \u00e7e\u015fitli su\u00e7 kay\u0131tlar\u0131 oldu\u011fu tespit edildi. \u00a0GBT sorgulamalar\u0131n\u0131n ard\u0131ndan \u015fah\u0131slar\u0131n \u00fczerlerinde arama yap\u0131ld\u0131. Arama sonucunda, 36,61 gram metamfetamin maddesi ele ge\u00e7irildi. Olay sonras\u0131nda g\u00f6zalt\u0131na al\u0131nan V.K. ve O.T., G\u00f6lba\u015f\u0131 Narkotik Su\u00e7larla M\u00fccadele ekipleri taraf\u0131ndan adli i\u015flemleri yap\u0131lmak \u00fczere emniyete g\u00f6t\u00fcr\u00fcld\u00fc. Yakalanan uyu\u015fturucu madde, ekipler taraf\u0131ndan kriminal laboratuvara g\u00f6nderilirken, olayla ilgili geni\u015f \u00e7apl\u0131 tahkikat ba\u015flat\u0131ld\u0131. Uyu\u015fturucuyla m\u00fccadelede kararl\u0131l\u0131k vurgusu yapan yetkililer, gen\u00e7leri hedef alan zehir tacirlerine kar\u015f\u0131 m\u00fccadelenin devam edece\u011fini belirtti. G\u00f6lba\u015f\u0131 il\u00e7esinde d\u00fczenlenen bu operasyon, uyu\u015fturucu sat\u0131c\u0131lar\u0131na y\u00f6nelik etkin m\u00fccadelenin bir par\u00e7as\u0131 olarak dikkat \u00e7ekiyor. Yetkililer, vatanda\u015flara da bu konuda duyarl\u0131 olmalar\u0131 \u00e7a\u011fr\u0131s\u0131nda bulunurken, \u015f\u00fcpheli durumlar\u0131 ihbar etmeleri gerekti\u011fini ifade etti. Ad\u0131yaman genelinde y\u00fcr\u00fct\u00fclen bu t\u00fcr ba\u015far\u0131l\u0131 operasyonlar, uyu\u015fturucuya kar\u015f\u0131 m\u00fccadelede \u00f6nemli bir ad\u0131m olarak de\u011ferlendiriliyor. Ekiplerin bu \u00e7al\u0131\u015fmalar\u0131, toplumda g\u00fcven ve huzurun sa\u011flanmas\u0131na katk\u0131 sa\u011fl\u0131yor. \u200bAd\u0131yaman\u2019\u0131n G\u00f6lba\u015f\u0131 il\u00e7esinde, Narkotik Su\u00e7larla M\u00fccadele B\u00fcro Amirli\u011fi ekipleri taraf\u0131ndan uyu\u015fturucuya ge\u00e7it vermeyen ba\u015far\u0131l\u0131 bir operasyon ger\u00e7ekle\u015ftirildi\u00a0 \u200bHaberin Al\u0131nt\u0131land\u0131\u011f\u0131 Kaynak: www.iskenderun.org<\/p>","protected":false},"author":0,"featured_media":0,"comment_status":"open","ping_status":"open","sticky":false,"template":"","format":"standard","meta":{"_acf_changed":false,"footnotes":""},"categories":[24,535],"tags":[],"class_list":["post-14429","post","type-post","status-publish","format-standard","has-post-thumbnail","hentry","category-gundem","category-uncategorized-tr"],"acf":[],"yoast_head":"<!-- This site is optimized with the Yoast SEO Premium plugin v26.6 (Yoast SEO v27.1.1) - https:\/\/yoast.com\/product\/yoast-seo-premium-wordpress\/ -->\n<title>Ad\u0131yaman G\u00f6lba\u015f\u0131\u2019nda yolcu otob\u00fcs\u00fcnde uyu\u015fturucu operasyonu - Av. Deniz Can K\u0131z\u0131l<\/title>\n<meta name=\"robots\" content=\"index, follow, max-snippet:-1, max-image-preview:large, max-video-preview:-1\" \/>\n<link rel=\"canonical\" href=\"https:\/\/denizcankizil.tr\/ru\/haberler\/gundem\/adiyaman-golbasinda-yolcu-otobusunde-uyusturucu-operasyonu\/\" \/>\n<meta property=\"og:locale\" content=\"ru_RU\" \/>\n<meta property=\"og:type\" content=\"article\" \/>\n<meta property=\"og:title\" content=\"Ad\u0131yaman G\u00f6lba\u015f\u0131\u2019nda yolcu otob\u00fcs\u00fcnde uyu\u015fturucu operasyonu\" \/>\n<meta property=\"og:description\" content=\"Ad\u0131yaman\u2019\u0131n G\u00f6lba\u015f\u0131 il\u00e7esinde, Narkotik Su\u00e7larla M\u00fccadele B\u00fcro Amirli\u011fi ekipleri taraf\u0131ndan uyu\u015fturucuya ge\u00e7it vermeyen ba\u015far\u0131l\u0131 bir operasyon ger\u00e7ekle\u015ftirildi.ADIYAMAN (\u0130GFA) &#8211; Ad\u0131yaman&#8217;da yap\u0131lan \u00e7al\u0131\u015fma kapsam\u0131nda durdurulan bir yolcu otob\u00fcs\u00fcnde yolcu olarak bulunan V.K. ve O.T. isimli \u015fah\u0131slar\u0131n \u00e7e\u015fitli su\u00e7 kay\u0131tlar\u0131 oldu\u011fu tespit edildi. \u00a0GBT sorgulamalar\u0131n\u0131n ard\u0131ndan \u015fah\u0131slar\u0131n \u00fczerlerinde arama yap\u0131ld\u0131. Arama sonucunda, 36,61 gram metamfetamin maddesi ele ge\u00e7irildi. Olay sonras\u0131nda g\u00f6zalt\u0131na al\u0131nan V.K. ve O.T., G\u00f6lba\u015f\u0131 Narkotik Su\u00e7larla M\u00fccadele ekipleri taraf\u0131ndan adli i\u015flemleri yap\u0131lmak \u00fczere emniyete g\u00f6t\u00fcr\u00fcld\u00fc. Yakalanan uyu\u015fturucu madde, ekipler taraf\u0131ndan kriminal laboratuvara g\u00f6nderilirken, olayla ilgili geni\u015f \u00e7apl\u0131 tahkikat ba\u015flat\u0131ld\u0131. Uyu\u015fturucuyla m\u00fccadelede kararl\u0131l\u0131k vurgusu yapan yetkililer, gen\u00e7leri hedef alan zehir tacirlerine kar\u015f\u0131 m\u00fccadelenin devam edece\u011fini belirtti. G\u00f6lba\u015f\u0131 il\u00e7esinde d\u00fczenlenen bu operasyon, uyu\u015fturucu sat\u0131c\u0131lar\u0131na y\u00f6nelik etkin m\u00fccadelenin bir par\u00e7as\u0131 olarak dikkat \u00e7ekiyor. Yetkililer, vatanda\u015flara da bu konuda duyarl\u0131 olmalar\u0131 \u00e7a\u011fr\u0131s\u0131nda bulunurken, \u015f\u00fcpheli durumlar\u0131 ihbar etmeleri gerekti\u011fini ifade etti. Ad\u0131yaman genelinde y\u00fcr\u00fct\u00fclen bu t\u00fcr ba\u015far\u0131l\u0131 operasyonlar, uyu\u015fturucuya kar\u015f\u0131 m\u00fccadelede \u00f6nemli bir ad\u0131m olarak de\u011ferlendiriliyor. Ekiplerin bu \u00e7al\u0131\u015fmalar\u0131, toplumda g\u00fcven ve huzurun sa\u011flanmas\u0131na katk\u0131 sa\u011fl\u0131yor. \u200bAd\u0131yaman\u2019\u0131n G\u00f6lba\u015f\u0131 il\u00e7esinde, Narkotik Su\u00e7larla M\u00fccadele B\u00fcro Amirli\u011fi ekipleri taraf\u0131ndan uyu\u015fturucuya ge\u00e7it vermeyen ba\u015far\u0131l\u0131 bir operasyon ger\u00e7ekle\u015ftirildi\u00a0 \u200bHaberin Al\u0131nt\u0131land\u0131\u011f\u0131 Kaynak: www.iskenderun.org\" \/>\n<meta property=\"og:url\" content=\"https:\/\/denizcankizil.tr\/ru\/haberler\/gundem\/adiyaman-golbasinda-yolcu-otobusunde-uyusturucu-operasyonu\/\" \/>\n<meta property=\"og:site_name\" content=\"Av. Deniz Can K\u0131z\u0131l\" \/>\n<meta property=\"article:published_time\" content=\"2024-11-08T12:41:28+00:00\" \/>\n<meta name=\"twitter:card\" content=\"summary_large_image\" \/>\n<meta name=\"twitter:label1\" content=\"\u041f\u0440\u0438\u043c\u0435\u0440\u043d\u043e\u0435 \u0432\u0440\u0435\u043c\u044f \u0434\u043b\u044f \u0447\u0442\u0435\u043d\u0438\u044f\" \/>\n\t<meta name=\"twitter:data1\" content=\"1 \u043c\u0438\u043d\u0443\u0442\u0430\" \/>\n<script type=\"application\/ld+json\" class=\"yoast-schema-graph\">{\"@context\":\"https:\/\/schema.org\",\"@graph\":[{\"@type\":\"Article\",\"@id\":\"https:\/\/denizcankizil.tr\/uk\/haberler\/gundem\/adiyaman-golbasinda-yolcu-otobusunde-uyusturucu-operasyonu\/#article\",\"isPartOf\":{\"@id\":\"https:\/\/denizcankizil.tr\/uk\/haberler\/gundem\/adiyaman-golbasinda-yolcu-otobusunde-uyusturucu-operasyonu\/\"},\"author\":{\"name\":\"\",\"@id\":\"\"},\"headline\":\"Ad\u0131yaman G\u00f6lba\u015f\u0131\u2019nda yolcu otob\u00fcs\u00fcnde uyu\u015fturucu operasyonu\",\"datePublished\":\"2024-11-08T12:41:28+00:00\",\"mainEntityOfPage\":{\"@id\":\"https:\/\/denizcankizil.tr\/uk\/haberler\/gundem\/adiyaman-golbasinda-yolcu-otobusunde-uyusturucu-operasyonu\/\"},\"wordCount\":308,\"commentCount\":0,\"publisher\":{\"@id\":\"https:\/\/denizcankizil.tr\/de\/#organization\"},\"articleSection\":[\"G\u00fcndem\",\"Uncategorized\"],\"inLanguage\":\"ru-RU\",\"potentialAction\":[{\"@type\":\"CommentAction\",\"name\":\"Comment\",\"target\":[\"https:\/\/denizcankizil.tr\/uk\/haberler\/gundem\/adiyaman-golbasinda-yolcu-otobusunde-uyusturucu-operasyonu\/#respond\"]}]},{\"@type\":\"WebPage\",\"@id\":\"https:\/\/denizcankizil.tr\/uk\/haberler\/gundem\/adiyaman-golbasinda-yolcu-otobusunde-uyusturucu-operasyonu\/\",\"url\":\"https:\/\/denizcankizil.tr\/uk\/haberler\/gundem\/adiyaman-golbasinda-yolcu-otobusunde-uyusturucu-operasyonu\/\",\"name\":\"Ad\u0131yaman G\u00f6lba\u015f\u0131\u2019nda yolcu otob\u00fcs\u00fcnde uyu\u015fturucu operasyonu - Av. Deniz Can K\u0131z\u0131l\",\"isPartOf\":{\"@id\":\"https:\/\/denizcankizil.tr\/de\/#website\"},\"datePublished\":\"2024-11-08T12:41:28+00:00\",\"breadcrumb\":{\"@id\":\"https:\/\/denizcankizil.tr\/uk\/haberler\/gundem\/adiyaman-golbasinda-yolcu-otobusunde-uyusturucu-operasyonu\/#breadcrumb\"},\"inLanguage\":\"ru-RU\",\"potentialAction\":[{\"@type\":\"ReadAction\",\"target\":[\"https:\/\/denizcankizil.tr\/uk\/haberler\/gundem\/adiyaman-golbasinda-yolcu-otobusunde-uyusturucu-operasyonu\/\"]}]},{\"@type\":\"BreadcrumbList\",\"@id\":\"https:\/\/denizcankizil.tr\/uk\/haberler\/gundem\/adiyaman-golbasinda-yolcu-otobusunde-uyusturucu-operasyonu\/#breadcrumb\",\"itemListElement\":[{\"@type\":\"ListItem\",\"position\":1,\"name\":\"Home\",\"item\":\"https:\/\/denizcankizil.tr\/de\/\"},{\"@type\":\"ListItem\",\"position\":2,\"name\":\"Ad\u0131yaman G\u00f6lba\u015f\u0131\u2019nda yolcu otob\u00fcs\u00fcnde uyu\u015fturucu operasyonu\"}]},{\"@type\":\"WebSite\",\"@id\":\"https:\/\/denizcankizil.tr\/de\/#website\",\"url\":\"https:\/\/denizcankizil.tr\/de\/\",\"name\":\"Av. Deniz Can K\u0131z\u0131l\",\"description\":\"Avukat Deniz Can K\u0131z\u0131l Antalya Barosu\",\"publisher\":{\"@id\":\"https:\/\/denizcankizil.tr\/de\/#organization\"},\"potentialAction\":[{\"@type\":\"SearchAction\",\"target\":{\"@type\":\"EntryPoint\",\"urlTemplate\":\"https:\/\/denizcankizil.tr\/de\/?s={search_term_string}\"},\"query-input\":{\"@type\":\"PropertyValueSpecification\",\"valueRequired\":true,\"valueName\":\"search_term_string\"}}],\"inLanguage\":\"ru-RU\"},{\"@type\":\"Organization\",\"@id\":\"https:\/\/denizcankizil.tr\/de\/#organization\",\"name\":\"Av. Deniz Can K\u0131z\u0131l\",\"url\":\"https:\/\/denizcankizil.tr\/de\/\",\"logo\":{\"@type\":\"ImageObject\",\"inLanguage\":\"ru-RU\",\"@id\":\"https:\/\/denizcankizil.tr\/de\/#\/schema\/logo\/image\/\",\"url\":\"https:\/\/denizcankizil.tr\/wp-content\/uploads\/2024\/10\/siyah-logo-svg.svg\",\"contentUrl\":\"https:\/\/denizcankizil.tr\/wp-content\/uploads\/2024\/10\/siyah-logo-svg.svg\",\"width\":1080,\"height\":1080,\"caption\":\"Av. Deniz Can K\u0131z\u0131l\"},\"image\":{\"@id\":\"https:\/\/denizcankizil.tr\/de\/#\/schema\/logo\/image\/\"}}]}<\/script>\n<!-- \/ Yoast SEO Premium plugin. -->","yoast_head_json":{"title":"Ad\u0131yaman G\u00f6lba\u015f\u0131\u2019nda yolcu otob\u00fcs\u00fcnde uyu\u015fturucu operasyonu - Av. Deniz Can K\u0131z\u0131l","robots":{"index":"index","follow":"follow","max-snippet":"max-snippet:-1","max-image-preview":"max-image-preview:large","max-video-preview":"max-video-preview:-1"},"canonical":"https:\/\/denizcankizil.tr\/ru\/haberler\/gundem\/adiyaman-golbasinda-yolcu-otobusunde-uyusturucu-operasyonu\/","og_locale":"ru_RU","og_type":"article","og_title":"Ad\u0131yaman G\u00f6lba\u015f\u0131\u2019nda yolcu otob\u00fcs\u00fcnde uyu\u015fturucu operasyonu","og_description":"Ad\u0131yaman\u2019\u0131n G\u00f6lba\u015f\u0131 il\u00e7esinde, Narkotik Su\u00e7larla M\u00fccadele B\u00fcro Amirli\u011fi ekipleri taraf\u0131ndan uyu\u015fturucuya ge\u00e7it vermeyen ba\u015far\u0131l\u0131 bir operasyon ger\u00e7ekle\u015ftirildi.ADIYAMAN (\u0130GFA) &#8211; Ad\u0131yaman&#8217;da yap\u0131lan \u00e7al\u0131\u015fma kapsam\u0131nda durdurulan bir yolcu otob\u00fcs\u00fcnde yolcu olarak bulunan V.K. ve O.T. isimli \u015fah\u0131slar\u0131n \u00e7e\u015fitli su\u00e7 kay\u0131tlar\u0131 oldu\u011fu tespit edildi. \u00a0GBT sorgulamalar\u0131n\u0131n ard\u0131ndan \u015fah\u0131slar\u0131n \u00fczerlerinde arama yap\u0131ld\u0131. Arama sonucunda, 36,61 gram metamfetamin maddesi ele ge\u00e7irildi. Olay sonras\u0131nda g\u00f6zalt\u0131na al\u0131nan V.K. ve O.T., G\u00f6lba\u015f\u0131 Narkotik Su\u00e7larla M\u00fccadele ekipleri taraf\u0131ndan adli i\u015flemleri yap\u0131lmak \u00fczere emniyete g\u00f6t\u00fcr\u00fcld\u00fc. Yakalanan uyu\u015fturucu madde, ekipler taraf\u0131ndan kriminal laboratuvara g\u00f6nderilirken, olayla ilgili geni\u015f \u00e7apl\u0131 tahkikat ba\u015flat\u0131ld\u0131. Uyu\u015fturucuyla m\u00fccadelede kararl\u0131l\u0131k vurgusu yapan yetkililer, gen\u00e7leri hedef alan zehir tacirlerine kar\u015f\u0131 m\u00fccadelenin devam edece\u011fini belirtti. G\u00f6lba\u015f\u0131 il\u00e7esinde d\u00fczenlenen bu operasyon, uyu\u015fturucu sat\u0131c\u0131lar\u0131na y\u00f6nelik etkin m\u00fccadelenin bir par\u00e7as\u0131 olarak dikkat \u00e7ekiyor. Yetkililer, vatanda\u015flara da bu konuda duyarl\u0131 olmalar\u0131 \u00e7a\u011fr\u0131s\u0131nda bulunurken, \u015f\u00fcpheli durumlar\u0131 ihbar etmeleri gerekti\u011fini ifade etti. Ad\u0131yaman genelinde y\u00fcr\u00fct\u00fclen bu t\u00fcr ba\u015far\u0131l\u0131 operasyonlar, uyu\u015fturucuya kar\u015f\u0131 m\u00fccadelede \u00f6nemli bir ad\u0131m olarak de\u011ferlendiriliyor. Ekiplerin bu \u00e7al\u0131\u015fmalar\u0131, toplumda g\u00fcven ve huzurun sa\u011flanmas\u0131na katk\u0131 sa\u011fl\u0131yor. \u200bAd\u0131yaman\u2019\u0131n G\u00f6lba\u015f\u0131 il\u00e7esinde, Narkotik Su\u00e7larla M\u00fccadele B\u00fcro Amirli\u011fi ekipleri taraf\u0131ndan uyu\u015fturucuya ge\u00e7it vermeyen ba\u015far\u0131l\u0131 bir operasyon ger\u00e7ekle\u015ftirildi\u00a0 \u200bHaberin Al\u0131nt\u0131land\u0131\u011f\u0131 Kaynak: www.iskenderun.org","og_url":"https:\/\/denizcankizil.tr\/ru\/haberler\/gundem\/adiyaman-golbasinda-yolcu-otobusunde-uyusturucu-operasyonu\/","og_site_name":"Av. Deniz Can K\u0131z\u0131l","article_published_time":"2024-11-08T12:41:28+00:00","twitter_card":"summary_large_image","twitter_misc":{"\u041f\u0440\u0438\u043c\u0435\u0440\u043d\u043e\u0435 \u0432\u0440\u0435\u043c\u044f \u0434\u043b\u044f \u0447\u0442\u0435\u043d\u0438\u044f":"1 \u043c\u0438\u043d\u0443\u0442\u0430"},"schema":{"@context":"https:\/\/schema.org","@graph":[{"@type":"Article","@id":"https:\/\/denizcankizil.tr\/uk\/haberler\/gundem\/adiyaman-golbasinda-yolcu-otobusunde-uyusturucu-operasyonu\/#article","isPartOf":{"@id":"https:\/\/denizcankizil.tr\/uk\/haberler\/gundem\/adiyaman-golbasinda-yolcu-otobusunde-uyusturucu-operasyonu\/"},"author":{"name":"","@id":""},"headline":"Ad\u0131yaman G\u00f6lba\u015f\u0131\u2019nda yolcu otob\u00fcs\u00fcnde uyu\u015fturucu operasyonu","datePublished":"2024-11-08T12:41:28+00:00","mainEntityOfPage":{"@id":"https:\/\/denizcankizil.tr\/uk\/haberler\/gundem\/adiyaman-golbasinda-yolcu-otobusunde-uyusturucu-operasyonu\/"},"wordCount":308,"commentCount":0,"publisher":{"@id":"https:\/\/denizcankizil.tr\/de\/#organization"},"articleSection":["G\u00fcndem","Uncategorized"],"inLanguage":"ru-RU","potentialAction":[{"@type":"CommentAction","name":"Comment","target":["https:\/\/denizcankizil.tr\/uk\/haberler\/gundem\/adiyaman-golbasinda-yolcu-otobusunde-uyusturucu-operasyonu\/#respond"]}]},{"@type":"WebPage","@id":"https:\/\/denizcankizil.tr\/uk\/haberler\/gundem\/adiyaman-golbasinda-yolcu-otobusunde-uyusturucu-operasyonu\/","url":"https:\/\/denizcankizil.tr\/uk\/haberler\/gundem\/adiyaman-golbasinda-yolcu-otobusunde-uyusturucu-operasyonu\/","name":"Ad\u0131yaman G\u00f6lba\u015f\u0131\u2019nda yolcu otob\u00fcs\u00fcnde uyu\u015fturucu operasyonu - Av. Deniz Can K\u0131z\u0131l","isPartOf":{"@id":"https:\/\/denizcankizil.tr\/de\/#website"},"datePublished":"2024-11-08T12:41:28+00:00","breadcrumb":{"@id":"https:\/\/denizcankizil.tr\/uk\/haberler\/gundem\/adiyaman-golbasinda-yolcu-otobusunde-uyusturucu-operasyonu\/#breadcrumb"},"inLanguage":"ru-RU","potentialAction":[{"@type":"ReadAction","target":["https:\/\/denizcankizil.tr\/uk\/haberler\/gundem\/adiyaman-golbasinda-yolcu-otobusunde-uyusturucu-operasyonu\/"]}]},{"@type":"BreadcrumbList","@id":"https:\/\/denizcankizil.tr\/uk\/haberler\/gundem\/adiyaman-golbasinda-yolcu-otobusunde-uyusturucu-operasyonu\/#breadcrumb","itemListElement":[{"@type":"ListItem","position":1,"name":"Home","item":"https:\/\/denizcankizil.tr\/de\/"},{"@type":"ListItem","position":2,"name":"Ad\u0131yaman G\u00f6lba\u015f\u0131\u2019nda yolcu otob\u00fcs\u00fcnde uyu\u015fturucu operasyonu"}]},{"@type":"WebSite","@id":"https:\/\/denizcankizil.tr\/de\/#website","url":"https:\/\/denizcankizil.tr\/de\/","name":"Av. Deniz Can K\u0131z\u0131l","description":"Avukat Deniz Can K\u0131z\u0131l Antalya Barosu","publisher":{"@id":"https:\/\/denizcankizil.tr\/de\/#organization"},"potentialAction":[{"@type":"SearchAction","target":{"@type":"EntryPoint","urlTemplate":"https:\/\/denizcankizil.tr\/de\/?s={search_term_string}"},"query-input":{"@type":"PropertyValueSpecification","valueRequired":true,"valueName":"search_term_string"}}],"inLanguage":"ru-RU"},{"@type":"Organization","@id":"https:\/\/denizcankizil.tr\/de\/#organization","name":"Av. Deniz Can K\u0131z\u0131l","url":"https:\/\/denizcankizil.tr\/de\/","logo":{"@type":"ImageObject","inLanguage":"ru-RU","@id":"https:\/\/denizcankizil.tr\/de\/#\/schema\/logo\/image\/","url":"https:\/\/denizcankizil.tr\/wp-content\/uploads\/2024\/10\/siyah-logo-svg.svg","contentUrl":"https:\/\/denizcankizil.tr\/wp-content\/uploads\/2024\/10\/siyah-logo-svg.svg","width":1080,"height":1080,"caption":"Av. Deniz Can K\u0131z\u0131l"},"image":{"@id":"https:\/\/denizcankizil.tr\/de\/#\/schema\/logo\/image\/"}}]}},"_links":{"self":[{"href":"https:\/\/denizcankizil.tr\/ru\/wp-json\/wp\/v2\/posts\/14429","targetHints":{"allow":["GET"]}}],"collection":[{"href":"https:\/\/denizcankizil.tr\/ru\/wp-json\/wp\/v2\/posts"}],"about":[{"href":"https:\/\/denizcankizil.tr\/ru\/wp-json\/wp\/v2\/types\/post"}],"replies":[{"embeddable":true,"href":"https:\/\/denizcankizil.tr\/ru\/wp-json\/wp\/v2\/comments?post=14429"}],"version-history":[{"count":0,"href":"https:\/\/denizcankizil.tr\/ru\/wp-json\/wp\/v2\/posts\/14429\/revisions"}],"wp:attachment":[{"href":"https:\/\/denizcankizil.tr\/ru\/wp-json\/wp\/v2\/media?parent=14429"}],"wp:term":[{"taxonomy":"category","embeddable":true,"href":"https:\/\/denizcankizil.tr\/ru\/wp-json\/wp\/v2\/categories?post=14429"},{"taxonomy":"post_tag","embeddable":true,"href":"https:\/\/denizcankizil.tr\/ru\/wp-json\/wp\/v2\/tags?post=14429"}],"curies":[{"name":"wp","href":"https:\/\/api.w.org\/{rel}","templated":true}]}}