{"id":143541,"date":"2025-07-12T13:41:13","date_gmt":"2025-07-12T10:41:13","guid":{"rendered":"https:\/\/denizcankizil.tr\/uncategorized-tr\/kaldirima-cikip-asili-kalan-otomobilden-burnu-bile-kanamadan-kurtuldular\/"},"modified":"2025-07-12T13:41:13","modified_gmt":"2025-07-12T10:41:13","slug":"kaldirima-cikip-asili-kalan-otomobilden-burnu-bile-kanamadan-kurtuldular","status":"publish","type":"post","link":"https:\/\/denizcankizil.tr\/ru\/haberler\/antalya\/kaldirima-cikip-asili-kalan-otomobilden-burnu-bile-kanamadan-kurtuldular\/","title":{"rendered":"Kald\u0131r\u0131ma \u00c7\u0131k\u0131p As\u0131l\u0131 Kalan Otomobilden Burnu Bile Kanamadan Kurtuldular"},"content":{"rendered":"<p>Antalya&#8217;n\u0131n Manavgat il\u00e7esinde meydana gelen trafik kazas\u0131nda, s\u00fcr\u00fcc\u00fcs\u00fcn\u00fcn direksiyon hakimiyetini kaybetti\u011fi otomobil kald\u0131r\u0131ma \u00e7\u0131karak bah\u00e7eye girmekten son anda kurtuldu.<br \/>\nKaza, Manavgat il\u00e7esi Titreyeng\u00f6l Caddesi\u2019nde Herdford Kav\u015fa\u011f\u0131\u2019na yak\u0131n bir noktada meydana geldi. Edinilen bilgiye g\u00f6re, 07 LL 160 plakal\u0131 Volkswagen marka otomobil, Titreyeng\u00f6l istikametinden kav\u015fa\u011fa do\u011fru seyir halindeyken, s\u00fcr\u00fcc\u00fcs\u00fcn\u00fcn direksiyon hakimiyetini kaybetmesi sonucu kald\u0131r\u0131ma \u00e7\u0131kt\u0131. Ara\u00e7, \u00e7arpman\u0131n etkisiyle geldi\u011fi y\u00f6ne d\u00f6nerek kald\u0131r\u0131m kenar\u0131nda as\u0131l\u0131 kald\u0131. Olay yerine devriye g\u00f6revi yapan Manavgat \u0130l\u00e7e Jandarma Komutanl\u0131\u011f\u0131\u2019na ba\u011fl\u0131 Merkez Karakolu ekipleri ilk m\u00fcdahaleyi yaparken, ihbar \u00fczerine ambulans ve itfaiye ekipleri de sevk edildi. Yap\u0131lan kontrollerde, ara\u00e7ta bulunan ki\u015filerin kazay\u0131 yara almadan atlatt\u0131\u011f\u0131 belirlendi. Kazayla ilgili inceleme ba\u015flat\u0131ld\u0131.<\/p>\n<p>Kaynak: www.kanalv.com.tr Haber Sitesinden Al\u0131nm\u0131\u015ft\u0131r.<\/p>","protected":false},"excerpt":{"rendered":"<p>Antalya&#8217;n\u0131n Manavgat il\u00e7esinde meydana gelen trafik kazas\u0131nda, s\u00fcr\u00fcc\u00fcs\u00fcn\u00fcn direksiyon hakimiyetini kaybetti\u011fi otomobil kald\u0131r\u0131ma \u00e7\u0131karak bah\u00e7eye girmekten son anda kurtuldu. Kaza, Manavgat il\u00e7esi Titreyeng\u00f6l Caddesi\u2019nde Herdford Kav\u015fa\u011f\u0131\u2019na yak\u0131n bir noktada meydana geldi. Edinilen bilgiye g\u00f6re, 07 LL 160 plakal\u0131 Volkswagen marka otomobil, Titreyeng\u00f6l istikametinden kav\u015fa\u011fa do\u011fru seyir halindeyken, s\u00fcr\u00fcc\u00fcs\u00fcn\u00fcn direksiyon hakimiyetini kaybetmesi sonucu kald\u0131r\u0131ma \u00e7\u0131kt\u0131. Ara\u00e7, \u00e7arpman\u0131n etkisiyle geldi\u011fi y\u00f6ne d\u00f6nerek kald\u0131r\u0131m kenar\u0131nda as\u0131l\u0131 kald\u0131. Olay yerine devriye g\u00f6revi yapan Manavgat \u0130l\u00e7e Jandarma Komutanl\u0131\u011f\u0131\u2019na ba\u011fl\u0131 Merkez Karakolu ekipleri ilk m\u00fcdahaleyi yaparken, ihbar \u00fczerine ambulans ve itfaiye ekipleri de sevk edildi. Yap\u0131lan kontrollerde, ara\u00e7ta bulunan ki\u015filerin kazay\u0131 yara almadan atlatt\u0131\u011f\u0131 belirlendi. Kazayla ilgili inceleme ba\u015flat\u0131ld\u0131. Kaynak: www.kanalv.com.tr Haber Sitesinden Al\u0131nm\u0131\u015ft\u0131r.<\/p>","protected":false},"author":4,"featured_media":0,"comment_status":"","ping_status":"open","sticky":false,"template":"","format":"standard","meta":{"_acf_changed":false,"footnotes":""},"categories":[26],"tags":[],"class_list":["post-143541","post","type-post","status-publish","format-standard","hentry","category-antalya"],"acf":[],"yoast_head":"<!-- This site is optimized with the Yoast SEO Premium plugin v26.6 (Yoast SEO v27.1.1) - https:\/\/yoast.com\/product\/yoast-seo-premium-wordpress\/ -->\n<title>Kald\u0131r\u0131ma \u00c7\u0131k\u0131p As\u0131l\u0131 Kalan Otomobilden Burnu Bile Kanamadan Kurtuldular - Av. Deniz Can K\u0131z\u0131l<\/title>\n<meta name=\"robots\" content=\"index, follow, max-snippet:-1, max-image-preview:large, max-video-preview:-1\" \/>\n<link rel=\"canonical\" href=\"https:\/\/denizcankizil.tr\/ru\/haberler\/antalya\/kaldirima-cikip-asili-kalan-otomobilden-burnu-bile-kanamadan-kurtuldular\/\" \/>\n<meta property=\"og:locale\" content=\"ru_RU\" \/>\n<meta property=\"og:type\" content=\"article\" \/>\n<meta property=\"og:title\" content=\"Kald\u0131r\u0131ma \u00c7\u0131k\u0131p As\u0131l\u0131 Kalan Otomobilden Burnu Bile Kanamadan Kurtuldular\" \/>\n<meta property=\"og:description\" content=\"Antalya&#8217;n\u0131n Manavgat il\u00e7esinde meydana gelen trafik kazas\u0131nda, s\u00fcr\u00fcc\u00fcs\u00fcn\u00fcn direksiyon hakimiyetini kaybetti\u011fi otomobil kald\u0131r\u0131ma \u00e7\u0131karak bah\u00e7eye girmekten son anda kurtuldu. Kaza, Manavgat il\u00e7esi Titreyeng\u00f6l Caddesi\u2019nde Herdford Kav\u015fa\u011f\u0131\u2019na yak\u0131n bir noktada meydana geldi. Edinilen bilgiye g\u00f6re, 07 LL 160 plakal\u0131 Volkswagen marka otomobil, Titreyeng\u00f6l istikametinden kav\u015fa\u011fa do\u011fru seyir halindeyken, s\u00fcr\u00fcc\u00fcs\u00fcn\u00fcn direksiyon hakimiyetini kaybetmesi sonucu kald\u0131r\u0131ma \u00e7\u0131kt\u0131. Ara\u00e7, \u00e7arpman\u0131n etkisiyle geldi\u011fi y\u00f6ne d\u00f6nerek kald\u0131r\u0131m kenar\u0131nda as\u0131l\u0131 kald\u0131. Olay yerine devriye g\u00f6revi yapan Manavgat \u0130l\u00e7e Jandarma Komutanl\u0131\u011f\u0131\u2019na ba\u011fl\u0131 Merkez Karakolu ekipleri ilk m\u00fcdahaleyi yaparken, ihbar \u00fczerine ambulans ve itfaiye ekipleri de sevk edildi. Yap\u0131lan kontrollerde, ara\u00e7ta bulunan ki\u015filerin kazay\u0131 yara almadan atlatt\u0131\u011f\u0131 belirlendi. Kazayla ilgili inceleme ba\u015flat\u0131ld\u0131. Kaynak: www.kanalv.com.tr Haber Sitesinden Al\u0131nm\u0131\u015ft\u0131r.\" \/>\n<meta property=\"og:url\" content=\"https:\/\/denizcankizil.tr\/ru\/haberler\/antalya\/kaldirima-cikip-asili-kalan-otomobilden-burnu-bile-kanamadan-kurtuldular\/\" \/>\n<meta property=\"og:site_name\" content=\"Av. Deniz Can K\u0131z\u0131l\" \/>\n<meta property=\"article:published_time\" content=\"2025-07-12T10:41:13+00:00\" \/>\n<meta name=\"author\" content=\"Av. Deniz Can K\u0131z\u0131l\" \/>\n<meta name=\"twitter:card\" content=\"summary_large_image\" \/>\n<meta name=\"twitter:label1\" content=\"\u041d\u0430\u043f\u0438\u0441\u0430\u043d\u043e \u0430\u0432\u0442\u043e\u0440\u043e\u043c\" \/>\n\t<meta name=\"twitter:data1\" content=\"Av. Deniz Can K\u0131z\u0131l\" \/>\n\t<meta name=\"twitter:label2\" content=\"\u041f\u0440\u0438\u043c\u0435\u0440\u043d\u043e\u0435 \u0432\u0440\u0435\u043c\u044f \u0434\u043b\u044f \u0447\u0442\u0435\u043d\u0438\u044f\" \/>\n\t<meta name=\"twitter:data2\" content=\"1 \u043c\u0438\u043d\u0443\u0442\u0430\" \/>\n<script type=\"application\/ld+json\" class=\"yoast-schema-graph\">{\"@context\":\"https:\/\/schema.org\",\"@graph\":[{\"@type\":\"Article\",\"@id\":\"https:\/\/denizcankizil.tr\/uk\/haberler\/antalya\/kaldirima-cikip-asili-kalan-otomobilden-burnu-bile-kanamadan-kurtuldular\/#article\",\"isPartOf\":{\"@id\":\"https:\/\/denizcankizil.tr\/uk\/haberler\/antalya\/kaldirima-cikip-asili-kalan-otomobilden-burnu-bile-kanamadan-kurtuldular\/\"},\"author\":{\"name\":\"Av. Deniz Can K\u0131z\u0131l\",\"@id\":\"https:\/\/denizcankizil.tr\/de\/#\/schema\/person\/5dc1b22991bd7ac833867c10afc9b0ff\"},\"headline\":\"Kald\u0131r\u0131ma \u00c7\u0131k\u0131p As\u0131l\u0131 Kalan Otomobilden Burnu Bile Kanamadan Kurtuldular\",\"datePublished\":\"2025-07-12T10:41:13+00:00\",\"mainEntityOfPage\":{\"@id\":\"https:\/\/denizcankizil.tr\/uk\/haberler\/antalya\/kaldirima-cikip-asili-kalan-otomobilden-burnu-bile-kanamadan-kurtuldular\/\"},\"wordCount\":174,\"publisher\":{\"@id\":\"https:\/\/denizcankizil.tr\/de\/#organization\"},\"articleSection\":[\"Antalya\"],\"inLanguage\":\"ru-RU\"},{\"@type\":\"WebPage\",\"@id\":\"https:\/\/denizcankizil.tr\/uk\/haberler\/antalya\/kaldirima-cikip-asili-kalan-otomobilden-burnu-bile-kanamadan-kurtuldular\/\",\"url\":\"https:\/\/denizcankizil.tr\/uk\/haberler\/antalya\/kaldirima-cikip-asili-kalan-otomobilden-burnu-bile-kanamadan-kurtuldular\/\",\"name\":\"Kald\u0131r\u0131ma \u00c7\u0131k\u0131p As\u0131l\u0131 Kalan Otomobilden Burnu Bile Kanamadan Kurtuldular - Av. Deniz Can K\u0131z\u0131l\",\"isPartOf\":{\"@id\":\"https:\/\/denizcankizil.tr\/de\/#website\"},\"datePublished\":\"2025-07-12T10:41:13+00:00\",\"breadcrumb\":{\"@id\":\"https:\/\/denizcankizil.tr\/uk\/haberler\/antalya\/kaldirima-cikip-asili-kalan-otomobilden-burnu-bile-kanamadan-kurtuldular\/#breadcrumb\"},\"inLanguage\":\"ru-RU\",\"potentialAction\":[{\"@type\":\"ReadAction\",\"target\":[\"https:\/\/denizcankizil.tr\/uk\/haberler\/antalya\/kaldirima-cikip-asili-kalan-otomobilden-burnu-bile-kanamadan-kurtuldular\/\"]}]},{\"@type\":\"BreadcrumbList\",\"@id\":\"https:\/\/denizcankizil.tr\/uk\/haberler\/antalya\/kaldirima-cikip-asili-kalan-otomobilden-burnu-bile-kanamadan-kurtuldular\/#breadcrumb\",\"itemListElement\":[{\"@type\":\"ListItem\",\"position\":1,\"name\":\"Home\",\"item\":\"https:\/\/denizcankizil.tr\/de\/\"},{\"@type\":\"ListItem\",\"position\":2,\"name\":\"Kald\u0131r\u0131ma \u00c7\u0131k\u0131p As\u0131l\u0131 Kalan Otomobilden Burnu Bile Kanamadan Kurtuldular\"}]},{\"@type\":\"WebSite\",\"@id\":\"https:\/\/denizcankizil.tr\/de\/#website\",\"url\":\"https:\/\/denizcankizil.tr\/de\/\",\"name\":\"Av. Deniz Can K\u0131z\u0131l\",\"description\":\"Avukat Deniz Can K\u0131z\u0131l Antalya Barosu\",\"publisher\":{\"@id\":\"https:\/\/denizcankizil.tr\/de\/#organization\"},\"potentialAction\":[{\"@type\":\"SearchAction\",\"target\":{\"@type\":\"EntryPoint\",\"urlTemplate\":\"https:\/\/denizcankizil.tr\/de\/?s={search_term_string}\"},\"query-input\":{\"@type\":\"PropertyValueSpecification\",\"valueRequired\":true,\"valueName\":\"search_term_string\"}}],\"inLanguage\":\"ru-RU\"},{\"@type\":\"Organization\",\"@id\":\"https:\/\/denizcankizil.tr\/de\/#organization\",\"name\":\"Av. Deniz Can K\u0131z\u0131l\",\"url\":\"https:\/\/denizcankizil.tr\/de\/\",\"logo\":{\"@type\":\"ImageObject\",\"inLanguage\":\"ru-RU\",\"@id\":\"https:\/\/denizcankizil.tr\/de\/#\/schema\/logo\/image\/\",\"url\":\"https:\/\/denizcankizil.tr\/wp-content\/uploads\/2024\/10\/siyah-logo-svg.svg\",\"contentUrl\":\"https:\/\/denizcankizil.tr\/wp-content\/uploads\/2024\/10\/siyah-logo-svg.svg\",\"width\":1080,\"height\":1080,\"caption\":\"Av. Deniz Can K\u0131z\u0131l\"},\"image\":{\"@id\":\"https:\/\/denizcankizil.tr\/de\/#\/schema\/logo\/image\/\"}},{\"@type\":\"Person\",\"@id\":\"https:\/\/denizcankizil.tr\/de\/#\/schema\/person\/5dc1b22991bd7ac833867c10afc9b0ff\",\"name\":\"Av. Deniz Can K\u0131z\u0131l\",\"image\":{\"@type\":\"ImageObject\",\"inLanguage\":\"ru-RU\",\"@id\":\"https:\/\/denizcankizil.tr\/de\/#\/schema\/person\/image\/\",\"url\":\"https:\/\/secure.gravatar.com\/avatar\/a0b128fb9855c79efc976d5640eedb31dc35ec297594d6016d2cf7c60e975bb6?s=96&d=mm&r=g\",\"contentUrl\":\"https:\/\/secure.gravatar.com\/avatar\/a0b128fb9855c79efc976d5640eedb31dc35ec297594d6016d2cf7c60e975bb6?s=96&d=mm&r=g\",\"caption\":\"Av. Deniz Can K\u0131z\u0131l\"},\"sameAs\":[\"http:\/\/www.denizcankizil.tr\"],\"url\":\"https:\/\/denizcankizil.tr\/ru\/author\/denizcankizil\/\"}]}<\/script>\n<!-- \/ Yoast SEO Premium plugin. -->","yoast_head_json":{"title":"Kald\u0131r\u0131ma \u00c7\u0131k\u0131p As\u0131l\u0131 Kalan Otomobilden Burnu Bile Kanamadan Kurtuldular - Av. Deniz Can K\u0131z\u0131l","robots":{"index":"index","follow":"follow","max-snippet":"max-snippet:-1","max-image-preview":"max-image-preview:large","max-video-preview":"max-video-preview:-1"},"canonical":"https:\/\/denizcankizil.tr\/ru\/haberler\/antalya\/kaldirima-cikip-asili-kalan-otomobilden-burnu-bile-kanamadan-kurtuldular\/","og_locale":"ru_RU","og_type":"article","og_title":"Kald\u0131r\u0131ma \u00c7\u0131k\u0131p As\u0131l\u0131 Kalan Otomobilden Burnu Bile Kanamadan Kurtuldular","og_description":"Antalya&#8217;n\u0131n Manavgat il\u00e7esinde meydana gelen trafik kazas\u0131nda, s\u00fcr\u00fcc\u00fcs\u00fcn\u00fcn direksiyon hakimiyetini kaybetti\u011fi otomobil kald\u0131r\u0131ma \u00e7\u0131karak bah\u00e7eye girmekten son anda kurtuldu. Kaza, Manavgat il\u00e7esi Titreyeng\u00f6l Caddesi\u2019nde Herdford Kav\u015fa\u011f\u0131\u2019na yak\u0131n bir noktada meydana geldi. Edinilen bilgiye g\u00f6re, 07 LL 160 plakal\u0131 Volkswagen marka otomobil, Titreyeng\u00f6l istikametinden kav\u015fa\u011fa do\u011fru seyir halindeyken, s\u00fcr\u00fcc\u00fcs\u00fcn\u00fcn direksiyon hakimiyetini kaybetmesi sonucu kald\u0131r\u0131ma \u00e7\u0131kt\u0131. Ara\u00e7, \u00e7arpman\u0131n etkisiyle geldi\u011fi y\u00f6ne d\u00f6nerek kald\u0131r\u0131m kenar\u0131nda as\u0131l\u0131 kald\u0131. Olay yerine devriye g\u00f6revi yapan Manavgat \u0130l\u00e7e Jandarma Komutanl\u0131\u011f\u0131\u2019na ba\u011fl\u0131 Merkez Karakolu ekipleri ilk m\u00fcdahaleyi yaparken, ihbar \u00fczerine ambulans ve itfaiye ekipleri de sevk edildi. Yap\u0131lan kontrollerde, ara\u00e7ta bulunan ki\u015filerin kazay\u0131 yara almadan atlatt\u0131\u011f\u0131 belirlendi. Kazayla ilgili inceleme ba\u015flat\u0131ld\u0131. Kaynak: www.kanalv.com.tr Haber Sitesinden Al\u0131nm\u0131\u015ft\u0131r.","og_url":"https:\/\/denizcankizil.tr\/ru\/haberler\/antalya\/kaldirima-cikip-asili-kalan-otomobilden-burnu-bile-kanamadan-kurtuldular\/","og_site_name":"Av. Deniz Can K\u0131z\u0131l","article_published_time":"2025-07-12T10:41:13+00:00","author":"Av. Deniz Can K\u0131z\u0131l","twitter_card":"summary_large_image","twitter_misc":{"\u041d\u0430\u043f\u0438\u0441\u0430\u043d\u043e \u0430\u0432\u0442\u043e\u0440\u043e\u043c":"Av. Deniz Can K\u0131z\u0131l","\u041f\u0440\u0438\u043c\u0435\u0440\u043d\u043e\u0435 \u0432\u0440\u0435\u043c\u044f \u0434\u043b\u044f \u0447\u0442\u0435\u043d\u0438\u044f":"1 \u043c\u0438\u043d\u0443\u0442\u0430"},"schema":{"@context":"https:\/\/schema.org","@graph":[{"@type":"Article","@id":"https:\/\/denizcankizil.tr\/uk\/haberler\/antalya\/kaldirima-cikip-asili-kalan-otomobilden-burnu-bile-kanamadan-kurtuldular\/#article","isPartOf":{"@id":"https:\/\/denizcankizil.tr\/uk\/haberler\/antalya\/kaldirima-cikip-asili-kalan-otomobilden-burnu-bile-kanamadan-kurtuldular\/"},"author":{"name":"Av. Deniz Can K\u0131z\u0131l","@id":"https:\/\/denizcankizil.tr\/de\/#\/schema\/person\/5dc1b22991bd7ac833867c10afc9b0ff"},"headline":"Kald\u0131r\u0131ma \u00c7\u0131k\u0131p As\u0131l\u0131 Kalan Otomobilden Burnu Bile Kanamadan Kurtuldular","datePublished":"2025-07-12T10:41:13+00:00","mainEntityOfPage":{"@id":"https:\/\/denizcankizil.tr\/uk\/haberler\/antalya\/kaldirima-cikip-asili-kalan-otomobilden-burnu-bile-kanamadan-kurtuldular\/"},"wordCount":174,"publisher":{"@id":"https:\/\/denizcankizil.tr\/de\/#organization"},"articleSection":["Antalya"],"inLanguage":"ru-RU"},{"@type":"WebPage","@id":"https:\/\/denizcankizil.tr\/uk\/haberler\/antalya\/kaldirima-cikip-asili-kalan-otomobilden-burnu-bile-kanamadan-kurtuldular\/","url":"https:\/\/denizcankizil.tr\/uk\/haberler\/antalya\/kaldirima-cikip-asili-kalan-otomobilden-burnu-bile-kanamadan-kurtuldular\/","name":"Kald\u0131r\u0131ma \u00c7\u0131k\u0131p As\u0131l\u0131 Kalan Otomobilden Burnu Bile Kanamadan Kurtuldular - Av. Deniz Can K\u0131z\u0131l","isPartOf":{"@id":"https:\/\/denizcankizil.tr\/de\/#website"},"datePublished":"2025-07-12T10:41:13+00:00","breadcrumb":{"@id":"https:\/\/denizcankizil.tr\/uk\/haberler\/antalya\/kaldirima-cikip-asili-kalan-otomobilden-burnu-bile-kanamadan-kurtuldular\/#breadcrumb"},"inLanguage":"ru-RU","potentialAction":[{"@type":"ReadAction","target":["https:\/\/denizcankizil.tr\/uk\/haberler\/antalya\/kaldirima-cikip-asili-kalan-otomobilden-burnu-bile-kanamadan-kurtuldular\/"]}]},{"@type":"BreadcrumbList","@id":"https:\/\/denizcankizil.tr\/uk\/haberler\/antalya\/kaldirima-cikip-asili-kalan-otomobilden-burnu-bile-kanamadan-kurtuldular\/#breadcrumb","itemListElement":[{"@type":"ListItem","position":1,"name":"Home","item":"https:\/\/denizcankizil.tr\/de\/"},{"@type":"ListItem","position":2,"name":"Kald\u0131r\u0131ma \u00c7\u0131k\u0131p As\u0131l\u0131 Kalan Otomobilden Burnu Bile Kanamadan Kurtuldular"}]},{"@type":"WebSite","@id":"https:\/\/denizcankizil.tr\/de\/#website","url":"https:\/\/denizcankizil.tr\/de\/","name":"Av. Deniz Can K\u0131z\u0131l","description":"Avukat Deniz Can K\u0131z\u0131l Antalya Barosu","publisher":{"@id":"https:\/\/denizcankizil.tr\/de\/#organization"},"potentialAction":[{"@type":"SearchAction","target":{"@type":"EntryPoint","urlTemplate":"https:\/\/denizcankizil.tr\/de\/?s={search_term_string}"},"query-input":{"@type":"PropertyValueSpecification","valueRequired":true,"valueName":"search_term_string"}}],"inLanguage":"ru-RU"},{"@type":"Organization","@id":"https:\/\/denizcankizil.tr\/de\/#organization","name":"Av. Deniz Can K\u0131z\u0131l","url":"https:\/\/denizcankizil.tr\/de\/","logo":{"@type":"ImageObject","inLanguage":"ru-RU","@id":"https:\/\/denizcankizil.tr\/de\/#\/schema\/logo\/image\/","url":"https:\/\/denizcankizil.tr\/wp-content\/uploads\/2024\/10\/siyah-logo-svg.svg","contentUrl":"https:\/\/denizcankizil.tr\/wp-content\/uploads\/2024\/10\/siyah-logo-svg.svg","width":1080,"height":1080,"caption":"Av. Deniz Can K\u0131z\u0131l"},"image":{"@id":"https:\/\/denizcankizil.tr\/de\/#\/schema\/logo\/image\/"}},{"@type":"Person","@id":"https:\/\/denizcankizil.tr\/de\/#\/schema\/person\/5dc1b22991bd7ac833867c10afc9b0ff","name":"Av. Deniz Can K\u0131z\u0131l","image":{"@type":"ImageObject","inLanguage":"ru-RU","@id":"https:\/\/denizcankizil.tr\/de\/#\/schema\/person\/image\/","url":"https:\/\/secure.gravatar.com\/avatar\/a0b128fb9855c79efc976d5640eedb31dc35ec297594d6016d2cf7c60e975bb6?s=96&d=mm&r=g","contentUrl":"https:\/\/secure.gravatar.com\/avatar\/a0b128fb9855c79efc976d5640eedb31dc35ec297594d6016d2cf7c60e975bb6?s=96&d=mm&r=g","caption":"Av. Deniz Can K\u0131z\u0131l"},"sameAs":["http:\/\/www.denizcankizil.tr"],"url":"https:\/\/denizcankizil.tr\/ru\/author\/denizcankizil\/"}]}},"_links":{"self":[{"href":"https:\/\/denizcankizil.tr\/ru\/wp-json\/wp\/v2\/posts\/143541","targetHints":{"allow":["GET"]}}],"collection":[{"href":"https:\/\/denizcankizil.tr\/ru\/wp-json\/wp\/v2\/posts"}],"about":[{"href":"https:\/\/denizcankizil.tr\/ru\/wp-json\/wp\/v2\/types\/post"}],"author":[{"embeddable":true,"href":"https:\/\/denizcankizil.tr\/ru\/wp-json\/wp\/v2\/users\/4"}],"replies":[{"embeddable":true,"href":"https:\/\/denizcankizil.tr\/ru\/wp-json\/wp\/v2\/comments?post=143541"}],"version-history":[{"count":0,"href":"https:\/\/denizcankizil.tr\/ru\/wp-json\/wp\/v2\/posts\/143541\/revisions"}],"wp:attachment":[{"href":"https:\/\/denizcankizil.tr\/ru\/wp-json\/wp\/v2\/media?parent=143541"}],"wp:term":[{"taxonomy":"category","embeddable":true,"href":"https:\/\/denizcankizil.tr\/ru\/wp-json\/wp\/v2\/categories?post=143541"},{"taxonomy":"post_tag","embeddable":true,"href":"https:\/\/denizcankizil.tr\/ru\/wp-json\/wp\/v2\/tags?post=143541"}],"curies":[{"name":"wp","href":"https:\/\/api.w.org\/{rel}","templated":true}]}}