{"id":14298,"date":"2024-11-08T09:41:26","date_gmt":"2024-11-08T06:41:26","guid":{"rendered":"https:\/\/denizcankizil.tr\/uncategorized-tr\/ev-sahiplerinin-kiraya-kafalarina-gore-zam-donemi-sona-erdi\/"},"modified":"2024-11-08T09:41:26","modified_gmt":"2024-11-08T06:41:26","slug":"ev-sahiplerinin-kiraya-kafalarina-gore-zam-donemi-sona-erdi","status":"publish","type":"post","link":"https:\/\/denizcankizil.tr\/ru\/haberler\/gundem\/ev-sahiplerinin-kiraya-kafalarina-gore-zam-donemi-sona-erdi\/","title":{"rendered":"Ev sahiplerinin kiraya kafalar\u0131na g\u00f6re zam d\u00f6nemi sona erdi!"},"content":{"rendered":"<p>Projenin hayata ge\u00e7irilmesi ile birlikte ev sahiplerinin kafalar\u0131na g\u00f6re kira zamlar\u0131n\u0131n tarihe kar\u0131\u015ft\u0131\u011f\u0131n\u0131 ifade eden Antalya Emlak\u00e7\u0131lar Oto Galericiler Esnaf Odas\u0131 Ba\u015fkan\u0131 \u0130smail \u00c7a\u011flar, \u201cEv sahipleri T\u00dc\u0130K taraf\u0131ndan belirlenen T\u00dcFE oran\u0131n\u0131n \u00fczerinde kira zamm\u0131 yapabiliyorlard\u0131. Bu da art\u0131k kay\u0131t alt\u0131na al\u0131nm\u0131\u015f olacak ve ev sahipleri T\u00dcFE oran\u0131n\u0131n \u00fczerinde zam yapamayacaklar. Di\u011fer t\u00fcrl\u00fc mahkemelerin \u00fczerinde b\u00fcy\u00fck y\u00fck biniyordu, b\u00f6ylelikle mahkemelerin s\u0131rt\u0131ndaki y\u00fck de azalacak\u201d dedi.\u00a0<\/p>\n<p>K\u0130RA S\u00d6ZLE\u015eMES\u0130 ARTIK E-DEVLET \u00dcZER\u0130NDEN YAPILACAK\u00a0<\/p>\n<p>Kira s\u00f6zle\u015fmelerinde yeni d\u00f6nem ba\u015flad\u0131. K\u0131sa bir s\u00fcre \u00f6nce e-Devletten s\u00f6zle\u015fme uygulamas\u0131n\u0131n ilk a\u015famas\u0131 devreye girdi. Ev sahibi ve kirac\u0131lar, s\u00f6zle\u015fmelerini art\u0131k e-Devlet kap\u0131s\u0131 \u00fczerinden yapabilecek. Sistemin emlak dan\u0131\u015fmanlar\u0131n\u0131 kapsayan ikinci k\u0131sm\u0131 ise y\u0131l sonunda a\u00e7\u0131lacak. \u0130lk a\u015fama ile ev sahibi kira s\u00f6zle\u015fmesini haz\u0131rlay\u0131p kirac\u0131ya sunacak, kirac\u0131 da s\u00f6zle\u015fmeyi onaylayacak. Y\u0131l sonunda ise ikinci a\u015faman\u0131n devreye girmesi ile emlak dan\u0131\u015fman\u0131 da s\u00fcrece ortak olacak.\u00a0<\/p>\n<p>EMLAK\u00c7ILARI SEV\u0130ND\u0130RD\u0130<\/p>\n<p>B\u00f6ylelikle kirac\u0131, ev sahibi ve emlak dan\u0131\u015fman\u0131 e-Devlette bulu\u015facak. Projenin hayata ge\u00e7mesinden dolay\u0131 mutlu olduklar\u0131n\u0131 ifade eden Antalya Emlak\u00e7\u0131lar Oto Galericiler Esnaf Odas\u0131 Ba\u015fkan\u0131 \u0130smail \u00c7a\u011flar, \u201cKira s\u00f6zle\u015fmelerinin e-Devlet \u00fczerinden \u201cSistem devreye girmeden \u00f6nce birka\u00e7 kez konuyla alakal\u0131 Cumhurba\u015fkanl\u0131\u011f\u0131 Dijital D\u00f6n\u00fc\u015f\u00fcm Ofisi ile Hazine ve Maliye Bakanl\u0131\u011f\u0131 yetkilileriyle g\u00f6r\u00fc\u015fm\u00fc\u015ft\u00fck. Sundu\u011fumuz \u00e7\u00f6z\u00fcm \u00f6nerisinin hayata ge\u00e7mi\u015f olmas\u0131na sevindik.\u201d dedi.\u00a0<\/p>\n<p>DAHA HIZLI S\u0130STEM<\/p>\n<p>Proje hakk\u0131nda bilgi veren \u00c7a\u011flar, \u201c\u0130lk a\u015faman\u0131n devreye girmesi ile ta\u015f\u0131nmaz sahipleri s\u00f6zle\u015fmelerini e-Devlet Kap\u0131s\u0131\u2019n\u0131n \u2018Kira S\u00f6zle\u015fmesi \u0130\u015flemleri\u2019 b\u00f6l\u00fcm\u00fcnde haz\u0131rlayacak. Sonras\u0131nda ise kirac\u0131lar haz\u0131rlanan s\u00f6zle\u015fmeyi e-Devlet \u00fczerinden onaylayacak. Y\u0131l sonunda devreye girmesi beklenen ikinci a\u015fama ile emlak dan\u0131\u015fmanlar\u0131 ve yetkilendirilmi\u015f ki\u015filer de s\u00f6zle\u015fme haz\u0131rlama ve onay s\u00fcre\u00e7lerine dahil olacak. Bakanl\u0131\u011f\u0131n da beyan etti\u011fi gibi kira s\u00f6zle\u015fmelerinin d\u00fczenlenmesi, daha h\u0131zl\u0131 ve sistematik bir \u015fekilde ger\u00e7ekle\u015fecek.\u201d s\u00f6zlerine yer verdi.\u00a0<\/p>\n<p>DESTEK VER\u0130YORUZ<\/p>\n<p>Kay\u0131t d\u0131\u015f\u0131 ekonomiyle m\u00fccadeleye sonuna kadar destek verdiklerini ifade eden \u00c7a\u011flar, \u201cMesken ya da m\u00fclk \u00fczerinden kira geliri elde edenlerin devlete \u00f6demekle y\u00fck\u00fcml\u00fc oldu\u011fu bir vergi \u00e7e\u015fidimiz var bu da kira gelir vergisi. Fakat Hazine ve Maliye Bakan\u0131m\u0131z\u0131n da bir\u00e7ok kez ifade etti\u011fi gibi kazan\u00e7 elde ettikleri m\u00fclklerinin vergisini vermeyen bir\u00e7ok ev sahibi bulunuyor. Devletimiz vergi ka\u00e7\u0131ranlar\u0131 tespit etse de kal\u0131c\u0131 \u00e7\u00f6z\u00fcmlerin hayata ge\u00e7mesi gerekiyor. Bir\u00e7ok kez s\u00f6yledik ve yine tekrar ediyoruz bunun ad\u0131 vergi ka\u00e7\u0131rmakt\u0131r. Ka\u00e7\u0131r\u0131lan her vergi ise devletimizin s\u0131rt\u0131na y\u00fck olarak binmektedir. Kira s\u00f6zle\u015fmelerinin art\u0131k e-Devlet \u00fczerinden yap\u0131lacak olmas\u0131 vergi ka\u00e7\u0131r\u0131lmas\u0131n\u0131 \u00f6nleyecektir. Biz de daha \u00f6nce Cumhurba\u015fkanl\u0131\u011f\u0131 Dijital D\u00f6n\u00fc\u015f\u00fcm Ofisi ile Hazine ve Maliye Bakanl\u0131\u011f\u0131 yetkilileriyle g\u00f6r\u00fc\u015fm\u00fc\u015ft\u00fck. \u00d6nerilerimize kulak verilmesi bizi mutlu etti, kay\u0131t d\u0131\u015f\u0131 ekonomiyle m\u00fccadele edildi\u011fi i\u00e7in de \u00fclkemiz ad\u0131na sevindik\u201d a\u00e7\u0131klamas\u0131nda bulundu.<\/p>\n<p>KAFASINA G\u00d6RE ZAM D\u00d6NEM\u0130 B\u0130TT\u0130<\/p>\n<p>Yeni d\u00fczenlemede ev sahiplerinin kafas\u0131na g\u00f6re zam yapamayaca\u011f\u0131na dikkat \u00e7eken \u00c7a\u011flar, \u201cEv sahipleri T\u00dc\u0130K taraf\u0131ndan belirlenen T\u00dcFE oran\u0131n\u0131n \u00fczerinde kira zamm\u0131 yapabiliyorlard\u0131. Bu da art\u0131k kay\u0131t alt\u0131na al\u0131nm\u0131\u015f olacak ve ev sahipleri T\u00dcFE oran\u0131n\u0131n \u00fczerinde zam yapamayacaklar. Di\u011fer t\u00fcrl\u00fc mahkemelerin \u00fczerinde b\u00fcy\u00fck y\u00fck biniyordu, b\u00f6ylelikle mahkemelerin s\u0131rt\u0131ndaki y\u00fck de azalacak. Bunun yan\u0131 s\u0131ra sistem konut fiyatlar\u0131n\u0131n y\u00fckselmesine de engel olacakt\u0131r. \u00d6zetle her \u015fey kay\u0131t alt\u0131nda ve yasal yollardan ilerleyecek. Yeni sistem \u00fclkemize hay\u0131rl\u0131 u\u011furlu olsun.\u201d dedi<br \/>\n\u00a0<\/p>\n<p>\u200bKira s\u00f6zle\u015fmelerinin e-Devlet \u00fczerinden yap\u0131lmas\u0131na ili\u015fkin hizmet yak\u0131n zamanda kullan\u0131c\u0131lar\u0131n eri\u015fimine a\u00e7\u0131ld\u0131. Konuya ili\u015fkin konu\u015fan Antalya Emlak\u00e7\u0131lar Oto Galericiler Esnaf Odas\u0131 Ba\u015fkan\u0131 \u0130smail \u00c7a\u011flar, \u201cArt\u0131k kay\u0131t alt\u0131na al\u0131nm\u0131\u015f olacak ve ev sahipleri T\u00dcFE oran\u0131n\u0131n \u00fczerinde zam yapamayacaklar&#8221; dedi.\u00a0<\/p>\n<p>\u200bHaberin Al\u0131nt\u0131land\u0131\u011f\u0131 Kaynak: www.antalyakorfez.com<\/p>","protected":false},"excerpt":{"rendered":"<p>Projenin hayata ge\u00e7irilmesi ile birlikte ev sahiplerinin kafalar\u0131na g\u00f6re kira zamlar\u0131n\u0131n tarihe kar\u0131\u015ft\u0131\u011f\u0131n\u0131 ifade eden Antalya Emlak\u00e7\u0131lar Oto Galericiler Esnaf Odas\u0131 Ba\u015fkan\u0131 \u0130smail \u00c7a\u011flar, \u201cEv sahipleri T\u00dc\u0130K taraf\u0131ndan belirlenen T\u00dcFE oran\u0131n\u0131n \u00fczerinde kira zamm\u0131 yapabiliyorlard\u0131. Bu da art\u0131k kay\u0131t alt\u0131na al\u0131nm\u0131\u015f olacak ve ev sahipleri T\u00dcFE oran\u0131n\u0131n \u00fczerinde zam yapamayacaklar. Di\u011fer t\u00fcrl\u00fc mahkemelerin \u00fczerinde b\u00fcy\u00fck y\u00fck biniyordu, b\u00f6ylelikle mahkemelerin s\u0131rt\u0131ndaki y\u00fck de azalacak\u201d dedi.\u00a0 K\u0130RA S\u00d6ZLE\u015eMES\u0130 ARTIK E-DEVLET \u00dcZER\u0130NDEN YAPILACAK\u00a0 Kira s\u00f6zle\u015fmelerinde yeni d\u00f6nem ba\u015flad\u0131. K\u0131sa bir s\u00fcre \u00f6nce e-Devletten s\u00f6zle\u015fme uygulamas\u0131n\u0131n ilk a\u015famas\u0131 devreye girdi. Ev sahibi ve kirac\u0131lar, s\u00f6zle\u015fmelerini art\u0131k e-Devlet kap\u0131s\u0131 \u00fczerinden yapabilecek. Sistemin emlak dan\u0131\u015fmanlar\u0131n\u0131 kapsayan ikinci k\u0131sm\u0131 ise y\u0131l sonunda a\u00e7\u0131lacak. \u0130lk a\u015fama ile ev sahibi kira s\u00f6zle\u015fmesini haz\u0131rlay\u0131p kirac\u0131ya sunacak, kirac\u0131 da s\u00f6zle\u015fmeyi onaylayacak. Y\u0131l sonunda ise ikinci a\u015faman\u0131n devreye girmesi ile emlak dan\u0131\u015fman\u0131 da s\u00fcrece ortak olacak.\u00a0 EMLAK\u00c7ILARI SEV\u0130ND\u0130RD\u0130 B\u00f6ylelikle kirac\u0131, ev sahibi ve emlak dan\u0131\u015fman\u0131 e-Devlette bulu\u015facak. Projenin hayata ge\u00e7mesinden dolay\u0131 mutlu olduklar\u0131n\u0131 ifade eden Antalya Emlak\u00e7\u0131lar Oto Galericiler Esnaf Odas\u0131 Ba\u015fkan\u0131 \u0130smail \u00c7a\u011flar, \u201cKira s\u00f6zle\u015fmelerinin e-Devlet \u00fczerinden \u201cSistem devreye girmeden \u00f6nce birka\u00e7 kez konuyla alakal\u0131 Cumhurba\u015fkanl\u0131\u011f\u0131 Dijital D\u00f6n\u00fc\u015f\u00fcm Ofisi ile Hazine ve Maliye Bakanl\u0131\u011f\u0131 yetkilileriyle g\u00f6r\u00fc\u015fm\u00fc\u015ft\u00fck. Sundu\u011fumuz \u00e7\u00f6z\u00fcm \u00f6nerisinin hayata ge\u00e7mi\u015f olmas\u0131na sevindik.\u201d dedi.\u00a0 DAHA HIZLI S\u0130STEM Proje hakk\u0131nda bilgi veren &hellip;<\/p>","protected":false},"author":0,"featured_media":0,"comment_status":"open","ping_status":"open","sticky":false,"template":"","format":"standard","meta":{"_acf_changed":false,"footnotes":""},"categories":[24,535],"tags":[],"class_list":["post-14298","post","type-post","status-publish","format-standard","has-post-thumbnail","hentry","category-gundem","category-uncategorized-tr"],"acf":[],"yoast_head":"<!-- This site is optimized with the Yoast SEO Premium plugin v26.6 (Yoast SEO v27.1.1) - https:\/\/yoast.com\/product\/yoast-seo-premium-wordpress\/ -->\n<title>Ev sahiplerinin kiraya kafalar\u0131na g\u00f6re zam d\u00f6nemi sona erdi! - Av. Deniz Can K\u0131z\u0131l<\/title>\n<meta name=\"robots\" content=\"index, follow, max-snippet:-1, max-image-preview:large, max-video-preview:-1\" \/>\n<link rel=\"canonical\" href=\"https:\/\/denizcankizil.tr\/ru\/haberler\/gundem\/ev-sahiplerinin-kiraya-kafalarina-gore-zam-donemi-sona-erdi\/\" \/>\n<meta property=\"og:locale\" content=\"ru_RU\" \/>\n<meta property=\"og:type\" content=\"article\" \/>\n<meta property=\"og:title\" content=\"Ev sahiplerinin kiraya kafalar\u0131na g\u00f6re zam d\u00f6nemi sona erdi!\" \/>\n<meta property=\"og:description\" content=\"Projenin hayata ge\u00e7irilmesi ile birlikte ev sahiplerinin kafalar\u0131na g\u00f6re kira zamlar\u0131n\u0131n tarihe kar\u0131\u015ft\u0131\u011f\u0131n\u0131 ifade eden Antalya Emlak\u00e7\u0131lar Oto Galericiler Esnaf Odas\u0131 Ba\u015fkan\u0131 \u0130smail \u00c7a\u011flar, \u201cEv sahipleri T\u00dc\u0130K taraf\u0131ndan belirlenen T\u00dcFE oran\u0131n\u0131n \u00fczerinde kira zamm\u0131 yapabiliyorlard\u0131. Bu da art\u0131k kay\u0131t alt\u0131na al\u0131nm\u0131\u015f olacak ve ev sahipleri T\u00dcFE oran\u0131n\u0131n \u00fczerinde zam yapamayacaklar. Di\u011fer t\u00fcrl\u00fc mahkemelerin \u00fczerinde b\u00fcy\u00fck y\u00fck biniyordu, b\u00f6ylelikle mahkemelerin s\u0131rt\u0131ndaki y\u00fck de azalacak\u201d dedi.\u00a0 K\u0130RA S\u00d6ZLE\u015eMES\u0130 ARTIK E-DEVLET \u00dcZER\u0130NDEN YAPILACAK\u00a0 Kira s\u00f6zle\u015fmelerinde yeni d\u00f6nem ba\u015flad\u0131. K\u0131sa bir s\u00fcre \u00f6nce e-Devletten s\u00f6zle\u015fme uygulamas\u0131n\u0131n ilk a\u015famas\u0131 devreye girdi. Ev sahibi ve kirac\u0131lar, s\u00f6zle\u015fmelerini art\u0131k e-Devlet kap\u0131s\u0131 \u00fczerinden yapabilecek. Sistemin emlak dan\u0131\u015fmanlar\u0131n\u0131 kapsayan ikinci k\u0131sm\u0131 ise y\u0131l sonunda a\u00e7\u0131lacak. \u0130lk a\u015fama ile ev sahibi kira s\u00f6zle\u015fmesini haz\u0131rlay\u0131p kirac\u0131ya sunacak, kirac\u0131 da s\u00f6zle\u015fmeyi onaylayacak. Y\u0131l sonunda ise ikinci a\u015faman\u0131n devreye girmesi ile emlak dan\u0131\u015fman\u0131 da s\u00fcrece ortak olacak.\u00a0 EMLAK\u00c7ILARI SEV\u0130ND\u0130RD\u0130 B\u00f6ylelikle kirac\u0131, ev sahibi ve emlak dan\u0131\u015fman\u0131 e-Devlette bulu\u015facak. Projenin hayata ge\u00e7mesinden dolay\u0131 mutlu olduklar\u0131n\u0131 ifade eden Antalya Emlak\u00e7\u0131lar Oto Galericiler Esnaf Odas\u0131 Ba\u015fkan\u0131 \u0130smail \u00c7a\u011flar, \u201cKira s\u00f6zle\u015fmelerinin e-Devlet \u00fczerinden \u201cSistem devreye girmeden \u00f6nce birka\u00e7 kez konuyla alakal\u0131 Cumhurba\u015fkanl\u0131\u011f\u0131 Dijital D\u00f6n\u00fc\u015f\u00fcm Ofisi ile Hazine ve Maliye Bakanl\u0131\u011f\u0131 yetkilileriyle g\u00f6r\u00fc\u015fm\u00fc\u015ft\u00fck. Sundu\u011fumuz \u00e7\u00f6z\u00fcm \u00f6nerisinin hayata ge\u00e7mi\u015f olmas\u0131na sevindik.\u201d dedi.\u00a0 DAHA HIZLI S\u0130STEM Proje hakk\u0131nda bilgi veren &hellip;\" \/>\n<meta property=\"og:url\" content=\"https:\/\/denizcankizil.tr\/ru\/haberler\/gundem\/ev-sahiplerinin-kiraya-kafalarina-gore-zam-donemi-sona-erdi\/\" \/>\n<meta property=\"og:site_name\" content=\"Av. Deniz Can K\u0131z\u0131l\" \/>\n<meta property=\"article:published_time\" content=\"2024-11-08T06:41:26+00:00\" \/>\n<meta name=\"twitter:card\" content=\"summary_large_image\" \/>\n<meta name=\"twitter:label1\" content=\"\u041f\u0440\u0438\u043c\u0435\u0440\u043d\u043e\u0435 \u0432\u0440\u0435\u043c\u044f \u0434\u043b\u044f \u0447\u0442\u0435\u043d\u0438\u044f\" \/>\n\t<meta name=\"twitter:data1\" content=\"4 \u043c\u0438\u043d\u0443\u0442\u044b\" \/>\n<script type=\"application\/ld+json\" class=\"yoast-schema-graph\">{\"@context\":\"https:\/\/schema.org\",\"@graph\":[{\"@type\":\"Article\",\"@id\":\"https:\/\/denizcankizil.tr\/ru\/haberler\/gundem\/ev-sahiplerinin-kiraya-kafalarina-gore-zam-donemi-sona-erdi\/#article\",\"isPartOf\":{\"@id\":\"https:\/\/denizcankizil.tr\/ru\/haberler\/gundem\/ev-sahiplerinin-kiraya-kafalarina-gore-zam-donemi-sona-erdi\/\"},\"author\":{\"name\":\"\",\"@id\":\"\"},\"headline\":\"Ev sahiplerinin kiraya kafalar\u0131na g\u00f6re zam d\u00f6nemi sona erdi!\",\"datePublished\":\"2024-11-08T06:41:26+00:00\",\"mainEntityOfPage\":{\"@id\":\"https:\/\/denizcankizil.tr\/ru\/haberler\/gundem\/ev-sahiplerinin-kiraya-kafalarina-gore-zam-donemi-sona-erdi\/\"},\"wordCount\":776,\"commentCount\":0,\"publisher\":{\"@id\":\"https:\/\/denizcankizil.tr\/de\/#organization\"},\"articleSection\":[\"G\u00fcndem\",\"Uncategorized\"],\"inLanguage\":\"ru-RU\",\"potentialAction\":[{\"@type\":\"CommentAction\",\"name\":\"Comment\",\"target\":[\"https:\/\/denizcankizil.tr\/ru\/haberler\/gundem\/ev-sahiplerinin-kiraya-kafalarina-gore-zam-donemi-sona-erdi\/#respond\"]}]},{\"@type\":\"WebPage\",\"@id\":\"https:\/\/denizcankizil.tr\/ru\/haberler\/gundem\/ev-sahiplerinin-kiraya-kafalarina-gore-zam-donemi-sona-erdi\/\",\"url\":\"https:\/\/denizcankizil.tr\/ru\/haberler\/gundem\/ev-sahiplerinin-kiraya-kafalarina-gore-zam-donemi-sona-erdi\/\",\"name\":\"Ev sahiplerinin kiraya kafalar\u0131na g\u00f6re zam d\u00f6nemi sona erdi! - Av. Deniz Can K\u0131z\u0131l\",\"isPartOf\":{\"@id\":\"https:\/\/denizcankizil.tr\/de\/#website\"},\"datePublished\":\"2024-11-08T06:41:26+00:00\",\"breadcrumb\":{\"@id\":\"https:\/\/denizcankizil.tr\/ru\/haberler\/gundem\/ev-sahiplerinin-kiraya-kafalarina-gore-zam-donemi-sona-erdi\/#breadcrumb\"},\"inLanguage\":\"ru-RU\",\"potentialAction\":[{\"@type\":\"ReadAction\",\"target\":[\"https:\/\/denizcankizil.tr\/ru\/haberler\/gundem\/ev-sahiplerinin-kiraya-kafalarina-gore-zam-donemi-sona-erdi\/\"]}]},{\"@type\":\"BreadcrumbList\",\"@id\":\"https:\/\/denizcankizil.tr\/ru\/haberler\/gundem\/ev-sahiplerinin-kiraya-kafalarina-gore-zam-donemi-sona-erdi\/#breadcrumb\",\"itemListElement\":[{\"@type\":\"ListItem\",\"position\":1,\"name\":\"Home\",\"item\":\"https:\/\/denizcankizil.tr\/de\/\"},{\"@type\":\"ListItem\",\"position\":2,\"name\":\"Ev sahiplerinin kiraya kafalar\u0131na g\u00f6re zam d\u00f6nemi sona erdi!\"}]},{\"@type\":\"WebSite\",\"@id\":\"https:\/\/denizcankizil.tr\/de\/#website\",\"url\":\"https:\/\/denizcankizil.tr\/de\/\",\"name\":\"Av. Deniz Can K\u0131z\u0131l\",\"description\":\"Avukat Deniz Can K\u0131z\u0131l Antalya Barosu\",\"publisher\":{\"@id\":\"https:\/\/denizcankizil.tr\/de\/#organization\"},\"potentialAction\":[{\"@type\":\"SearchAction\",\"target\":{\"@type\":\"EntryPoint\",\"urlTemplate\":\"https:\/\/denizcankizil.tr\/de\/?s={search_term_string}\"},\"query-input\":{\"@type\":\"PropertyValueSpecification\",\"valueRequired\":true,\"valueName\":\"search_term_string\"}}],\"inLanguage\":\"ru-RU\"},{\"@type\":\"Organization\",\"@id\":\"https:\/\/denizcankizil.tr\/de\/#organization\",\"name\":\"Av. Deniz Can K\u0131z\u0131l\",\"url\":\"https:\/\/denizcankizil.tr\/de\/\",\"logo\":{\"@type\":\"ImageObject\",\"inLanguage\":\"ru-RU\",\"@id\":\"https:\/\/denizcankizil.tr\/de\/#\/schema\/logo\/image\/\",\"url\":\"https:\/\/denizcankizil.tr\/wp-content\/uploads\/2024\/10\/siyah-logo-svg.svg\",\"contentUrl\":\"https:\/\/denizcankizil.tr\/wp-content\/uploads\/2024\/10\/siyah-logo-svg.svg\",\"width\":1080,\"height\":1080,\"caption\":\"Av. Deniz Can K\u0131z\u0131l\"},\"image\":{\"@id\":\"https:\/\/denizcankizil.tr\/de\/#\/schema\/logo\/image\/\"}}]}<\/script>\n<!-- \/ Yoast SEO Premium plugin. -->","yoast_head_json":{"title":"Ev sahiplerinin kiraya kafalar\u0131na g\u00f6re zam d\u00f6nemi sona erdi! - Av. Deniz Can K\u0131z\u0131l","robots":{"index":"index","follow":"follow","max-snippet":"max-snippet:-1","max-image-preview":"max-image-preview:large","max-video-preview":"max-video-preview:-1"},"canonical":"https:\/\/denizcankizil.tr\/ru\/haberler\/gundem\/ev-sahiplerinin-kiraya-kafalarina-gore-zam-donemi-sona-erdi\/","og_locale":"ru_RU","og_type":"article","og_title":"Ev sahiplerinin kiraya kafalar\u0131na g\u00f6re zam d\u00f6nemi sona erdi!","og_description":"Projenin hayata ge\u00e7irilmesi ile birlikte ev sahiplerinin kafalar\u0131na g\u00f6re kira zamlar\u0131n\u0131n tarihe kar\u0131\u015ft\u0131\u011f\u0131n\u0131 ifade eden Antalya Emlak\u00e7\u0131lar Oto Galericiler Esnaf Odas\u0131 Ba\u015fkan\u0131 \u0130smail \u00c7a\u011flar, \u201cEv sahipleri T\u00dc\u0130K taraf\u0131ndan belirlenen T\u00dcFE oran\u0131n\u0131n \u00fczerinde kira zamm\u0131 yapabiliyorlard\u0131. Bu da art\u0131k kay\u0131t alt\u0131na al\u0131nm\u0131\u015f olacak ve ev sahipleri T\u00dcFE oran\u0131n\u0131n \u00fczerinde zam yapamayacaklar. Di\u011fer t\u00fcrl\u00fc mahkemelerin \u00fczerinde b\u00fcy\u00fck y\u00fck biniyordu, b\u00f6ylelikle mahkemelerin s\u0131rt\u0131ndaki y\u00fck de azalacak\u201d dedi.\u00a0 K\u0130RA S\u00d6ZLE\u015eMES\u0130 ARTIK E-DEVLET \u00dcZER\u0130NDEN YAPILACAK\u00a0 Kira s\u00f6zle\u015fmelerinde yeni d\u00f6nem ba\u015flad\u0131. K\u0131sa bir s\u00fcre \u00f6nce e-Devletten s\u00f6zle\u015fme uygulamas\u0131n\u0131n ilk a\u015famas\u0131 devreye girdi. Ev sahibi ve kirac\u0131lar, s\u00f6zle\u015fmelerini art\u0131k e-Devlet kap\u0131s\u0131 \u00fczerinden yapabilecek. Sistemin emlak dan\u0131\u015fmanlar\u0131n\u0131 kapsayan ikinci k\u0131sm\u0131 ise y\u0131l sonunda a\u00e7\u0131lacak. \u0130lk a\u015fama ile ev sahibi kira s\u00f6zle\u015fmesini haz\u0131rlay\u0131p kirac\u0131ya sunacak, kirac\u0131 da s\u00f6zle\u015fmeyi onaylayacak. Y\u0131l sonunda ise ikinci a\u015faman\u0131n devreye girmesi ile emlak dan\u0131\u015fman\u0131 da s\u00fcrece ortak olacak.\u00a0 EMLAK\u00c7ILARI SEV\u0130ND\u0130RD\u0130 B\u00f6ylelikle kirac\u0131, ev sahibi ve emlak dan\u0131\u015fman\u0131 e-Devlette bulu\u015facak. Projenin hayata ge\u00e7mesinden dolay\u0131 mutlu olduklar\u0131n\u0131 ifade eden Antalya Emlak\u00e7\u0131lar Oto Galericiler Esnaf Odas\u0131 Ba\u015fkan\u0131 \u0130smail \u00c7a\u011flar, \u201cKira s\u00f6zle\u015fmelerinin e-Devlet \u00fczerinden \u201cSistem devreye girmeden \u00f6nce birka\u00e7 kez konuyla alakal\u0131 Cumhurba\u015fkanl\u0131\u011f\u0131 Dijital D\u00f6n\u00fc\u015f\u00fcm Ofisi ile Hazine ve Maliye Bakanl\u0131\u011f\u0131 yetkilileriyle g\u00f6r\u00fc\u015fm\u00fc\u015ft\u00fck. Sundu\u011fumuz \u00e7\u00f6z\u00fcm \u00f6nerisinin hayata ge\u00e7mi\u015f olmas\u0131na sevindik.\u201d dedi.\u00a0 DAHA HIZLI S\u0130STEM Proje hakk\u0131nda bilgi veren &hellip;","og_url":"https:\/\/denizcankizil.tr\/ru\/haberler\/gundem\/ev-sahiplerinin-kiraya-kafalarina-gore-zam-donemi-sona-erdi\/","og_site_name":"Av. Deniz Can K\u0131z\u0131l","article_published_time":"2024-11-08T06:41:26+00:00","twitter_card":"summary_large_image","twitter_misc":{"\u041f\u0440\u0438\u043c\u0435\u0440\u043d\u043e\u0435 \u0432\u0440\u0435\u043c\u044f \u0434\u043b\u044f \u0447\u0442\u0435\u043d\u0438\u044f":"4 \u043c\u0438\u043d\u0443\u0442\u044b"},"schema":{"@context":"https:\/\/schema.org","@graph":[{"@type":"Article","@id":"https:\/\/denizcankizil.tr\/ru\/haberler\/gundem\/ev-sahiplerinin-kiraya-kafalarina-gore-zam-donemi-sona-erdi\/#article","isPartOf":{"@id":"https:\/\/denizcankizil.tr\/ru\/haberler\/gundem\/ev-sahiplerinin-kiraya-kafalarina-gore-zam-donemi-sona-erdi\/"},"author":{"name":"","@id":""},"headline":"Ev sahiplerinin kiraya kafalar\u0131na g\u00f6re zam d\u00f6nemi sona erdi!","datePublished":"2024-11-08T06:41:26+00:00","mainEntityOfPage":{"@id":"https:\/\/denizcankizil.tr\/ru\/haberler\/gundem\/ev-sahiplerinin-kiraya-kafalarina-gore-zam-donemi-sona-erdi\/"},"wordCount":776,"commentCount":0,"publisher":{"@id":"https:\/\/denizcankizil.tr\/de\/#organization"},"articleSection":["G\u00fcndem","Uncategorized"],"inLanguage":"ru-RU","potentialAction":[{"@type":"CommentAction","name":"Comment","target":["https:\/\/denizcankizil.tr\/ru\/haberler\/gundem\/ev-sahiplerinin-kiraya-kafalarina-gore-zam-donemi-sona-erdi\/#respond"]}]},{"@type":"WebPage","@id":"https:\/\/denizcankizil.tr\/ru\/haberler\/gundem\/ev-sahiplerinin-kiraya-kafalarina-gore-zam-donemi-sona-erdi\/","url":"https:\/\/denizcankizil.tr\/ru\/haberler\/gundem\/ev-sahiplerinin-kiraya-kafalarina-gore-zam-donemi-sona-erdi\/","name":"Ev sahiplerinin kiraya kafalar\u0131na g\u00f6re zam d\u00f6nemi sona erdi! - Av. Deniz Can K\u0131z\u0131l","isPartOf":{"@id":"https:\/\/denizcankizil.tr\/de\/#website"},"datePublished":"2024-11-08T06:41:26+00:00","breadcrumb":{"@id":"https:\/\/denizcankizil.tr\/ru\/haberler\/gundem\/ev-sahiplerinin-kiraya-kafalarina-gore-zam-donemi-sona-erdi\/#breadcrumb"},"inLanguage":"ru-RU","potentialAction":[{"@type":"ReadAction","target":["https:\/\/denizcankizil.tr\/ru\/haberler\/gundem\/ev-sahiplerinin-kiraya-kafalarina-gore-zam-donemi-sona-erdi\/"]}]},{"@type":"BreadcrumbList","@id":"https:\/\/denizcankizil.tr\/ru\/haberler\/gundem\/ev-sahiplerinin-kiraya-kafalarina-gore-zam-donemi-sona-erdi\/#breadcrumb","itemListElement":[{"@type":"ListItem","position":1,"name":"Home","item":"https:\/\/denizcankizil.tr\/de\/"},{"@type":"ListItem","position":2,"name":"Ev sahiplerinin kiraya kafalar\u0131na g\u00f6re zam d\u00f6nemi sona erdi!"}]},{"@type":"WebSite","@id":"https:\/\/denizcankizil.tr\/de\/#website","url":"https:\/\/denizcankizil.tr\/de\/","name":"Av. Deniz Can K\u0131z\u0131l","description":"Avukat Deniz Can K\u0131z\u0131l Antalya Barosu","publisher":{"@id":"https:\/\/denizcankizil.tr\/de\/#organization"},"potentialAction":[{"@type":"SearchAction","target":{"@type":"EntryPoint","urlTemplate":"https:\/\/denizcankizil.tr\/de\/?s={search_term_string}"},"query-input":{"@type":"PropertyValueSpecification","valueRequired":true,"valueName":"search_term_string"}}],"inLanguage":"ru-RU"},{"@type":"Organization","@id":"https:\/\/denizcankizil.tr\/de\/#organization","name":"Av. Deniz Can K\u0131z\u0131l","url":"https:\/\/denizcankizil.tr\/de\/","logo":{"@type":"ImageObject","inLanguage":"ru-RU","@id":"https:\/\/denizcankizil.tr\/de\/#\/schema\/logo\/image\/","url":"https:\/\/denizcankizil.tr\/wp-content\/uploads\/2024\/10\/siyah-logo-svg.svg","contentUrl":"https:\/\/denizcankizil.tr\/wp-content\/uploads\/2024\/10\/siyah-logo-svg.svg","width":1080,"height":1080,"caption":"Av. Deniz Can K\u0131z\u0131l"},"image":{"@id":"https:\/\/denizcankizil.tr\/de\/#\/schema\/logo\/image\/"}}]}},"_links":{"self":[{"href":"https:\/\/denizcankizil.tr\/ru\/wp-json\/wp\/v2\/posts\/14298","targetHints":{"allow":["GET"]}}],"collection":[{"href":"https:\/\/denizcankizil.tr\/ru\/wp-json\/wp\/v2\/posts"}],"about":[{"href":"https:\/\/denizcankizil.tr\/ru\/wp-json\/wp\/v2\/types\/post"}],"replies":[{"embeddable":true,"href":"https:\/\/denizcankizil.tr\/ru\/wp-json\/wp\/v2\/comments?post=14298"}],"version-history":[{"count":0,"href":"https:\/\/denizcankizil.tr\/ru\/wp-json\/wp\/v2\/posts\/14298\/revisions"}],"wp:attachment":[{"href":"https:\/\/denizcankizil.tr\/ru\/wp-json\/wp\/v2\/media?parent=14298"}],"wp:term":[{"taxonomy":"category","embeddable":true,"href":"https:\/\/denizcankizil.tr\/ru\/wp-json\/wp\/v2\/categories?post=14298"},{"taxonomy":"post_tag","embeddable":true,"href":"https:\/\/denizcankizil.tr\/ru\/wp-json\/wp\/v2\/tags?post=14298"}],"curies":[{"name":"wp","href":"https:\/\/api.w.org\/{rel}","templated":true}]}}