{"id":142571,"date":"2025-07-11T12:41:22","date_gmt":"2025-07-11T09:41:22","guid":{"rendered":"https:\/\/denizcankizil.tr\/uncategorized-tr\/antalyanin-tarihi-balbey-mahallesinde-yasaga-ragmen-sokak-dugunu\/"},"modified":"2025-07-11T12:41:22","modified_gmt":"2025-07-11T09:41:22","slug":"antalyanin-tarihi-balbey-mahallesinde-yasaga-ragmen-sokak-dugunu","status":"publish","type":"post","link":"https:\/\/denizcankizil.tr\/ru\/haberler\/gundem\/antalyanin-tarihi-balbey-mahallesinde-yasaga-ragmen-sokak-dugunu\/","title":{"rendered":"Antalya&#8217;n\u0131n tarihi Balbey Mahallesi&#8217;nde yasa\u011fa ra\u011fmen sokak d\u00fc\u011f\u00fcn\u00fc!"},"content":{"rendered":"<p>Antalya&#8217;n\u0131n Muratpa\u015fa il\u00e7esine ba\u011fl\u0131 Balbey Mahallesi&#8217;nde, 438, 439 ve 440 numaral\u0131 sokaklar\u0131n kesi\u015fiminde Valilik karar\u0131yla yasaklanm\u0131\u015f olmas\u0131na ra\u011fmen sokak d\u00fc\u011f\u00fcn\u00fc yap\u0131ld\u0131\u011f\u0131 ortaya \u00e7\u0131kt\u0131. Olay, mahalle muhtar\u0131 Abdullah Uyaro\u011flu&#8217;nun sosyal medya \u00fczerinden yapt\u0131\u011f\u0131 payla\u015f\u0131mla g\u00fcndeme geldi.<\/p>\n<p>MUHTARDAN \u00c7EVRE TEM\u0130ZL\u0130\u011e\u0130 \u00c7A\u011eRISI<\/p>\n<p>Mahalle Muhtar\u0131 Abdullah Uyaro\u011flu, d\u00fc\u011f\u00fcn\u00fcn yap\u0131lmas\u0131n\u0131n ard\u0131ndan sokaklarda kalan \u00e7\u00f6plere tepki g\u00f6sterdi. Uyaro\u011flu, &#8220;Tamam herkes 100 bin lira verip salon tutam\u0131yor, en az\u0131ndan sokaklar\u0131m\u0131z\u0131 temiz tutal\u0131m, park\u0131m\u0131z\u0131 temiz tutal\u0131m. \u0130\u015fte d\u00fcnk\u00fc d\u00fc\u011f\u00fcnden arta kalanlar&#8230;&#8221; ifadeleriyle \u00e7evre duyarl\u0131l\u0131\u011f\u0131na vurgu yapt\u0131. Muhtar\u0131n bu \u00e7a\u011fr\u0131s\u0131, sokak d\u00fc\u011f\u00fcnlerinin yasaklanmas\u0131n\u0131n yan\u0131 s\u0131ra, d\u00fc\u011f\u00fcnlerin \u00e7evre \u00fczerindeki olumsuz etkilerini de g\u00f6zler \u00f6n\u00fcne serdi.<\/p>\n<p>KENTSEL D\u00d6N\u00dc\u015e\u00dcMDEK\u0130 MAHALLEDE \u0130HLAL<\/p>\n<p>Balbey Mahallesi&#8217;nin kentsel d\u00f6n\u00fc\u015f\u00fcm kapsam\u0131nda olmas\u0131, yasaklara ra\u011fmen sokak d\u00fc\u011f\u00fcn\u00fcn\u00fcn d\u00fczenlenmesini daha da dikkat \u00e7ekici hale getiriyor. Kentsel d\u00f6n\u00fc\u015f\u00fcm projeleri genellikle kamusal alanlar\u0131n d\u00fczenlenmesi ve ya\u015fam kalitesinin art\u0131r\u0131lmas\u0131 hedefini ta\u015f\u0131rken, bu t\u00fcr ihlaller projenin ruhuna ayk\u0131r\u0131 d\u00fc\u015f\u00fcyor. Mahalle sakinleri ve yetkililer, yasa\u011fa ayk\u0131r\u0131 hareketlerin \u00f6n\u00fcne ge\u00e7ilmesi ve kamusal alanlar\u0131n korunmas\u0131 konusunda ad\u0131mlar at\u0131lmas\u0131n\u0131 bekliyor.<\/p>\n<p>\u200bAntalya&#8217;n\u0131n kentsel d\u00f6n\u00fc\u015f\u00fcm s\u00fcrecindeki Balbey Mahallesi&#8217;nde, Valilik karar\u0131yla yasaklanmas\u0131na ra\u011fmen sokak d\u00fc\u011f\u00fcn\u00fc d\u00fczenlendi. Mahalle Muhtar\u0131 Abdullah Uyaro\u011flu, d\u00fc\u011f\u00fcn sonras\u0131 sokaklar\u0131n kirlili\u011fine dikkat \u00e7ekerek duruma tepki g\u00f6sterdi.\u00a0<\/p>\n<p>\u200bHaberin Al\u0131nt\u0131land\u0131\u011f\u0131 Kaynak: www.antalyakorfez.com<\/p>","protected":false},"excerpt":{"rendered":"<p>Antalya&#8217;n\u0131n Muratpa\u015fa il\u00e7esine ba\u011fl\u0131 Balbey Mahallesi&#8217;nde, 438, 439 ve 440 numaral\u0131 sokaklar\u0131n kesi\u015fiminde Valilik karar\u0131yla yasaklanm\u0131\u015f olmas\u0131na ra\u011fmen sokak d\u00fc\u011f\u00fcn\u00fc yap\u0131ld\u0131\u011f\u0131 ortaya \u00e7\u0131kt\u0131. Olay, mahalle muhtar\u0131 Abdullah Uyaro\u011flu&#8217;nun sosyal medya \u00fczerinden yapt\u0131\u011f\u0131 payla\u015f\u0131mla g\u00fcndeme geldi. MUHTARDAN \u00c7EVRE TEM\u0130ZL\u0130\u011e\u0130 \u00c7A\u011eRISI Mahalle Muhtar\u0131 Abdullah Uyaro\u011flu, d\u00fc\u011f\u00fcn\u00fcn yap\u0131lmas\u0131n\u0131n ard\u0131ndan sokaklarda kalan \u00e7\u00f6plere tepki g\u00f6sterdi. Uyaro\u011flu, &#8220;Tamam herkes 100 bin lira verip salon tutam\u0131yor, en az\u0131ndan sokaklar\u0131m\u0131z\u0131 temiz tutal\u0131m, park\u0131m\u0131z\u0131 temiz tutal\u0131m. \u0130\u015fte d\u00fcnk\u00fc d\u00fc\u011f\u00fcnden arta kalanlar&#8230;&#8221; ifadeleriyle \u00e7evre duyarl\u0131l\u0131\u011f\u0131na vurgu yapt\u0131. Muhtar\u0131n bu \u00e7a\u011fr\u0131s\u0131, sokak d\u00fc\u011f\u00fcnlerinin yasaklanmas\u0131n\u0131n yan\u0131 s\u0131ra, d\u00fc\u011f\u00fcnlerin \u00e7evre \u00fczerindeki olumsuz etkilerini de g\u00f6zler \u00f6n\u00fcne serdi. KENTSEL D\u00d6N\u00dc\u015e\u00dcMDEK\u0130 MAHALLEDE \u0130HLAL Balbey Mahallesi&#8217;nin kentsel d\u00f6n\u00fc\u015f\u00fcm kapsam\u0131nda olmas\u0131, yasaklara ra\u011fmen sokak d\u00fc\u011f\u00fcn\u00fcn\u00fcn d\u00fczenlenmesini daha da dikkat \u00e7ekici hale getiriyor. Kentsel d\u00f6n\u00fc\u015f\u00fcm projeleri genellikle kamusal alanlar\u0131n d\u00fczenlenmesi ve ya\u015fam kalitesinin art\u0131r\u0131lmas\u0131 hedefini ta\u015f\u0131rken, bu t\u00fcr ihlaller projenin ruhuna ayk\u0131r\u0131 d\u00fc\u015f\u00fcyor. Mahalle sakinleri ve yetkililer, yasa\u011fa ayk\u0131r\u0131 hareketlerin \u00f6n\u00fcne ge\u00e7ilmesi ve kamusal alanlar\u0131n korunmas\u0131 konusunda ad\u0131mlar at\u0131lmas\u0131n\u0131 bekliyor. \u200bAntalya&#8217;n\u0131n kentsel d\u00f6n\u00fc\u015f\u00fcm s\u00fcrecindeki Balbey Mahallesi&#8217;nde, Valilik karar\u0131yla yasaklanmas\u0131na ra\u011fmen sokak d\u00fc\u011f\u00fcn\u00fc d\u00fczenlendi. Mahalle Muhtar\u0131 Abdullah Uyaro\u011flu, d\u00fc\u011f\u00fcn sonras\u0131 sokaklar\u0131n kirlili\u011fine dikkat \u00e7ekerek duruma tepki g\u00f6sterdi.\u00a0 \u200bHaberin Al\u0131nt\u0131land\u0131\u011f\u0131 Kaynak: www.antalyakorfez.com<\/p>","protected":false},"author":5,"featured_media":0,"comment_status":"","ping_status":"open","sticky":false,"template":"","format":"standard","meta":{"_acf_changed":false,"footnotes":""},"categories":[24],"tags":[],"class_list":["post-142571","post","type-post","status-publish","format-standard","has-post-thumbnail","hentry","category-gundem"],"acf":[],"yoast_head":"<!-- This site is optimized with the Yoast SEO Premium plugin v26.6 (Yoast SEO v27.1.1) - https:\/\/yoast.com\/product\/yoast-seo-premium-wordpress\/ -->\n<title>Antalya&#039;n\u0131n tarihi Balbey Mahallesi&#039;nde yasa\u011fa ra\u011fmen sokak d\u00fc\u011f\u00fcn\u00fc! - Av. Deniz Can K\u0131z\u0131l<\/title>\n<meta name=\"robots\" content=\"index, follow, max-snippet:-1, max-image-preview:large, max-video-preview:-1\" \/>\n<link rel=\"canonical\" href=\"https:\/\/denizcankizil.tr\/ru\/haberler\/gundem\/antalyanin-tarihi-balbey-mahallesinde-yasaga-ragmen-sokak-dugunu\/\" \/>\n<meta property=\"og:locale\" content=\"ru_RU\" \/>\n<meta property=\"og:type\" content=\"article\" \/>\n<meta property=\"og:title\" content=\"Antalya&#039;n\u0131n tarihi Balbey Mahallesi&#039;nde yasa\u011fa ra\u011fmen sokak d\u00fc\u011f\u00fcn\u00fc!\" \/>\n<meta property=\"og:description\" content=\"Antalya&#8217;n\u0131n Muratpa\u015fa il\u00e7esine ba\u011fl\u0131 Balbey Mahallesi&#8217;nde, 438, 439 ve 440 numaral\u0131 sokaklar\u0131n kesi\u015fiminde Valilik karar\u0131yla yasaklanm\u0131\u015f olmas\u0131na ra\u011fmen sokak d\u00fc\u011f\u00fcn\u00fc yap\u0131ld\u0131\u011f\u0131 ortaya \u00e7\u0131kt\u0131. Olay, mahalle muhtar\u0131 Abdullah Uyaro\u011flu&#8217;nun sosyal medya \u00fczerinden yapt\u0131\u011f\u0131 payla\u015f\u0131mla g\u00fcndeme geldi. MUHTARDAN \u00c7EVRE TEM\u0130ZL\u0130\u011e\u0130 \u00c7A\u011eRISI Mahalle Muhtar\u0131 Abdullah Uyaro\u011flu, d\u00fc\u011f\u00fcn\u00fcn yap\u0131lmas\u0131n\u0131n ard\u0131ndan sokaklarda kalan \u00e7\u00f6plere tepki g\u00f6sterdi. Uyaro\u011flu, &#8220;Tamam herkes 100 bin lira verip salon tutam\u0131yor, en az\u0131ndan sokaklar\u0131m\u0131z\u0131 temiz tutal\u0131m, park\u0131m\u0131z\u0131 temiz tutal\u0131m. \u0130\u015fte d\u00fcnk\u00fc d\u00fc\u011f\u00fcnden arta kalanlar&#8230;&#8221; ifadeleriyle \u00e7evre duyarl\u0131l\u0131\u011f\u0131na vurgu yapt\u0131. Muhtar\u0131n bu \u00e7a\u011fr\u0131s\u0131, sokak d\u00fc\u011f\u00fcnlerinin yasaklanmas\u0131n\u0131n yan\u0131 s\u0131ra, d\u00fc\u011f\u00fcnlerin \u00e7evre \u00fczerindeki olumsuz etkilerini de g\u00f6zler \u00f6n\u00fcne serdi. KENTSEL D\u00d6N\u00dc\u015e\u00dcMDEK\u0130 MAHALLEDE \u0130HLAL Balbey Mahallesi&#8217;nin kentsel d\u00f6n\u00fc\u015f\u00fcm kapsam\u0131nda olmas\u0131, yasaklara ra\u011fmen sokak d\u00fc\u011f\u00fcn\u00fcn\u00fcn d\u00fczenlenmesini daha da dikkat \u00e7ekici hale getiriyor. Kentsel d\u00f6n\u00fc\u015f\u00fcm projeleri genellikle kamusal alanlar\u0131n d\u00fczenlenmesi ve ya\u015fam kalitesinin art\u0131r\u0131lmas\u0131 hedefini ta\u015f\u0131rken, bu t\u00fcr ihlaller projenin ruhuna ayk\u0131r\u0131 d\u00fc\u015f\u00fcyor. Mahalle sakinleri ve yetkililer, yasa\u011fa ayk\u0131r\u0131 hareketlerin \u00f6n\u00fcne ge\u00e7ilmesi ve kamusal alanlar\u0131n korunmas\u0131 konusunda ad\u0131mlar at\u0131lmas\u0131n\u0131 bekliyor. \u200bAntalya&#8217;n\u0131n kentsel d\u00f6n\u00fc\u015f\u00fcm s\u00fcrecindeki Balbey Mahallesi&#8217;nde, Valilik karar\u0131yla yasaklanmas\u0131na ra\u011fmen sokak d\u00fc\u011f\u00fcn\u00fc d\u00fczenlendi. Mahalle Muhtar\u0131 Abdullah Uyaro\u011flu, d\u00fc\u011f\u00fcn sonras\u0131 sokaklar\u0131n kirlili\u011fine dikkat \u00e7ekerek duruma tepki g\u00f6sterdi.\u00a0 \u200bHaberin Al\u0131nt\u0131land\u0131\u011f\u0131 Kaynak: www.antalyakorfez.com\" \/>\n<meta property=\"og:url\" content=\"https:\/\/denizcankizil.tr\/ru\/haberler\/gundem\/antalyanin-tarihi-balbey-mahallesinde-yasaga-ragmen-sokak-dugunu\/\" \/>\n<meta property=\"og:site_name\" content=\"Av. Deniz Can K\u0131z\u0131l\" \/>\n<meta property=\"article:published_time\" content=\"2025-07-11T09:41:22+00:00\" \/>\n<meta name=\"author\" content=\"Antalya K\u00f6rfez\" \/>\n<meta name=\"twitter:card\" content=\"summary_large_image\" \/>\n<meta name=\"twitter:label1\" content=\"\u041d\u0430\u043f\u0438\u0441\u0430\u043d\u043e \u0430\u0432\u0442\u043e\u0440\u043e\u043c\" \/>\n\t<meta name=\"twitter:data1\" content=\"Antalya K\u00f6rfez\" \/>\n\t<meta name=\"twitter:label2\" content=\"\u041f\u0440\u0438\u043c\u0435\u0440\u043d\u043e\u0435 \u0432\u0440\u0435\u043c\u044f \u0434\u043b\u044f \u0447\u0442\u0435\u043d\u0438\u044f\" \/>\n\t<meta name=\"twitter:data2\" content=\"1 \u043c\u0438\u043d\u0443\u0442\u0430\" \/>\n<script type=\"application\/ld+json\" class=\"yoast-schema-graph\">{\"@context\":\"https:\/\/schema.org\",\"@graph\":[{\"@type\":\"Article\",\"@id\":\"https:\/\/denizcankizil.tr\/ru\/haberler\/gundem\/antalyanin-tarihi-balbey-mahallesinde-yasaga-ragmen-sokak-dugunu\/#article\",\"isPartOf\":{\"@id\":\"https:\/\/denizcankizil.tr\/ru\/haberler\/gundem\/antalyanin-tarihi-balbey-mahallesinde-yasaga-ragmen-sokak-dugunu\/\"},\"author\":{\"name\":\"Antalya K\u00f6rfez\",\"@id\":\"https:\/\/denizcankizil.tr\/de\/#\/schema\/person\/e1eb71bb4dd684d46563f0af307e1234\"},\"headline\":\"Antalya&#8217;n\u0131n tarihi Balbey Mahallesi&#8217;nde yasa\u011fa ra\u011fmen sokak d\u00fc\u011f\u00fcn\u00fc!\",\"datePublished\":\"2025-07-11T09:41:22+00:00\",\"mainEntityOfPage\":{\"@id\":\"https:\/\/denizcankizil.tr\/ru\/haberler\/gundem\/antalyanin-tarihi-balbey-mahallesinde-yasaga-ragmen-sokak-dugunu\/\"},\"wordCount\":293,\"publisher\":{\"@id\":\"https:\/\/denizcankizil.tr\/de\/#organization\"},\"articleSection\":[\"G\u00fcndem\"],\"inLanguage\":\"ru-RU\"},{\"@type\":\"WebPage\",\"@id\":\"https:\/\/denizcankizil.tr\/ru\/haberler\/gundem\/antalyanin-tarihi-balbey-mahallesinde-yasaga-ragmen-sokak-dugunu\/\",\"url\":\"https:\/\/denizcankizil.tr\/ru\/haberler\/gundem\/antalyanin-tarihi-balbey-mahallesinde-yasaga-ragmen-sokak-dugunu\/\",\"name\":\"Antalya'n\u0131n tarihi Balbey Mahallesi'nde yasa\u011fa ra\u011fmen sokak d\u00fc\u011f\u00fcn\u00fc! - Av. Deniz Can K\u0131z\u0131l\",\"isPartOf\":{\"@id\":\"https:\/\/denizcankizil.tr\/de\/#website\"},\"datePublished\":\"2025-07-11T09:41:22+00:00\",\"breadcrumb\":{\"@id\":\"https:\/\/denizcankizil.tr\/ru\/haberler\/gundem\/antalyanin-tarihi-balbey-mahallesinde-yasaga-ragmen-sokak-dugunu\/#breadcrumb\"},\"inLanguage\":\"ru-RU\",\"potentialAction\":[{\"@type\":\"ReadAction\",\"target\":[\"https:\/\/denizcankizil.tr\/ru\/haberler\/gundem\/antalyanin-tarihi-balbey-mahallesinde-yasaga-ragmen-sokak-dugunu\/\"]}]},{\"@type\":\"BreadcrumbList\",\"@id\":\"https:\/\/denizcankizil.tr\/ru\/haberler\/gundem\/antalyanin-tarihi-balbey-mahallesinde-yasaga-ragmen-sokak-dugunu\/#breadcrumb\",\"itemListElement\":[{\"@type\":\"ListItem\",\"position\":1,\"name\":\"Home\",\"item\":\"https:\/\/denizcankizil.tr\/de\/\"},{\"@type\":\"ListItem\",\"position\":2,\"name\":\"Antalya&#8217;n\u0131n tarihi Balbey Mahallesi&#8217;nde yasa\u011fa ra\u011fmen sokak d\u00fc\u011f\u00fcn\u00fc!\"}]},{\"@type\":\"WebSite\",\"@id\":\"https:\/\/denizcankizil.tr\/de\/#website\",\"url\":\"https:\/\/denizcankizil.tr\/de\/\",\"name\":\"Av. Deniz Can K\u0131z\u0131l\",\"description\":\"Avukat Deniz Can K\u0131z\u0131l Antalya Barosu\",\"publisher\":{\"@id\":\"https:\/\/denizcankizil.tr\/de\/#organization\"},\"potentialAction\":[{\"@type\":\"SearchAction\",\"target\":{\"@type\":\"EntryPoint\",\"urlTemplate\":\"https:\/\/denizcankizil.tr\/de\/?s={search_term_string}\"},\"query-input\":{\"@type\":\"PropertyValueSpecification\",\"valueRequired\":true,\"valueName\":\"search_term_string\"}}],\"inLanguage\":\"ru-RU\"},{\"@type\":\"Organization\",\"@id\":\"https:\/\/denizcankizil.tr\/de\/#organization\",\"name\":\"Av. Deniz Can K\u0131z\u0131l\",\"url\":\"https:\/\/denizcankizil.tr\/de\/\",\"logo\":{\"@type\":\"ImageObject\",\"inLanguage\":\"ru-RU\",\"@id\":\"https:\/\/denizcankizil.tr\/de\/#\/schema\/logo\/image\/\",\"url\":\"https:\/\/denizcankizil.tr\/wp-content\/uploads\/2024\/10\/siyah-logo-svg.svg\",\"contentUrl\":\"https:\/\/denizcankizil.tr\/wp-content\/uploads\/2024\/10\/siyah-logo-svg.svg\",\"width\":1080,\"height\":1080,\"caption\":\"Av. Deniz Can K\u0131z\u0131l\"},\"image\":{\"@id\":\"https:\/\/denizcankizil.tr\/de\/#\/schema\/logo\/image\/\"}},{\"@type\":\"Person\",\"@id\":\"https:\/\/denizcankizil.tr\/de\/#\/schema\/person\/e1eb71bb4dd684d46563f0af307e1234\",\"name\":\"Antalya K\u00f6rfez\",\"image\":{\"@type\":\"ImageObject\",\"inLanguage\":\"ru-RU\",\"@id\":\"https:\/\/denizcankizil.tr\/de\/#\/schema\/person\/image\/\",\"url\":\"https:\/\/secure.gravatar.com\/avatar\/42b01982558a48a0b501fdcab6a408d3717ea5919095ee2e67b0e521799c5905?s=96&d=mm&r=g\",\"contentUrl\":\"https:\/\/secure.gravatar.com\/avatar\/42b01982558a48a0b501fdcab6a408d3717ea5919095ee2e67b0e521799c5905?s=96&d=mm&r=g\",\"caption\":\"Antalya K\u00f6rfez\"},\"sameAs\":[\"http:\/\/www.antalyakorfez.com\"],\"url\":\"https:\/\/www.antalyakorfez.com\/antalyanin-tarihi-balbey-mahallesinde-yasaga-ragmen-sokak-dugunu\"}]}<\/script>\n<!-- \/ Yoast SEO Premium plugin. -->","yoast_head_json":{"title":"Antalya'n\u0131n tarihi Balbey Mahallesi'nde yasa\u011fa ra\u011fmen sokak d\u00fc\u011f\u00fcn\u00fc! - Av. Deniz Can K\u0131z\u0131l","robots":{"index":"index","follow":"follow","max-snippet":"max-snippet:-1","max-image-preview":"max-image-preview:large","max-video-preview":"max-video-preview:-1"},"canonical":"https:\/\/denizcankizil.tr\/ru\/haberler\/gundem\/antalyanin-tarihi-balbey-mahallesinde-yasaga-ragmen-sokak-dugunu\/","og_locale":"ru_RU","og_type":"article","og_title":"Antalya'n\u0131n tarihi Balbey Mahallesi'nde yasa\u011fa ra\u011fmen sokak d\u00fc\u011f\u00fcn\u00fc!","og_description":"Antalya&#8217;n\u0131n Muratpa\u015fa il\u00e7esine ba\u011fl\u0131 Balbey Mahallesi&#8217;nde, 438, 439 ve 440 numaral\u0131 sokaklar\u0131n kesi\u015fiminde Valilik karar\u0131yla yasaklanm\u0131\u015f olmas\u0131na ra\u011fmen sokak d\u00fc\u011f\u00fcn\u00fc yap\u0131ld\u0131\u011f\u0131 ortaya \u00e7\u0131kt\u0131. Olay, mahalle muhtar\u0131 Abdullah Uyaro\u011flu&#8217;nun sosyal medya \u00fczerinden yapt\u0131\u011f\u0131 payla\u015f\u0131mla g\u00fcndeme geldi. MUHTARDAN \u00c7EVRE TEM\u0130ZL\u0130\u011e\u0130 \u00c7A\u011eRISI Mahalle Muhtar\u0131 Abdullah Uyaro\u011flu, d\u00fc\u011f\u00fcn\u00fcn yap\u0131lmas\u0131n\u0131n ard\u0131ndan sokaklarda kalan \u00e7\u00f6plere tepki g\u00f6sterdi. Uyaro\u011flu, &#8220;Tamam herkes 100 bin lira verip salon tutam\u0131yor, en az\u0131ndan sokaklar\u0131m\u0131z\u0131 temiz tutal\u0131m, park\u0131m\u0131z\u0131 temiz tutal\u0131m. \u0130\u015fte d\u00fcnk\u00fc d\u00fc\u011f\u00fcnden arta kalanlar&#8230;&#8221; ifadeleriyle \u00e7evre duyarl\u0131l\u0131\u011f\u0131na vurgu yapt\u0131. Muhtar\u0131n bu \u00e7a\u011fr\u0131s\u0131, sokak d\u00fc\u011f\u00fcnlerinin yasaklanmas\u0131n\u0131n yan\u0131 s\u0131ra, d\u00fc\u011f\u00fcnlerin \u00e7evre \u00fczerindeki olumsuz etkilerini de g\u00f6zler \u00f6n\u00fcne serdi. KENTSEL D\u00d6N\u00dc\u015e\u00dcMDEK\u0130 MAHALLEDE \u0130HLAL Balbey Mahallesi&#8217;nin kentsel d\u00f6n\u00fc\u015f\u00fcm kapsam\u0131nda olmas\u0131, yasaklara ra\u011fmen sokak d\u00fc\u011f\u00fcn\u00fcn\u00fcn d\u00fczenlenmesini daha da dikkat \u00e7ekici hale getiriyor. Kentsel d\u00f6n\u00fc\u015f\u00fcm projeleri genellikle kamusal alanlar\u0131n d\u00fczenlenmesi ve ya\u015fam kalitesinin art\u0131r\u0131lmas\u0131 hedefini ta\u015f\u0131rken, bu t\u00fcr ihlaller projenin ruhuna ayk\u0131r\u0131 d\u00fc\u015f\u00fcyor. Mahalle sakinleri ve yetkililer, yasa\u011fa ayk\u0131r\u0131 hareketlerin \u00f6n\u00fcne ge\u00e7ilmesi ve kamusal alanlar\u0131n korunmas\u0131 konusunda ad\u0131mlar at\u0131lmas\u0131n\u0131 bekliyor. \u200bAntalya&#8217;n\u0131n kentsel d\u00f6n\u00fc\u015f\u00fcm s\u00fcrecindeki Balbey Mahallesi&#8217;nde, Valilik karar\u0131yla yasaklanmas\u0131na ra\u011fmen sokak d\u00fc\u011f\u00fcn\u00fc d\u00fczenlendi. Mahalle Muhtar\u0131 Abdullah Uyaro\u011flu, d\u00fc\u011f\u00fcn sonras\u0131 sokaklar\u0131n kirlili\u011fine dikkat \u00e7ekerek duruma tepki g\u00f6sterdi.\u00a0 \u200bHaberin Al\u0131nt\u0131land\u0131\u011f\u0131 Kaynak: www.antalyakorfez.com","og_url":"https:\/\/denizcankizil.tr\/ru\/haberler\/gundem\/antalyanin-tarihi-balbey-mahallesinde-yasaga-ragmen-sokak-dugunu\/","og_site_name":"Av. Deniz Can K\u0131z\u0131l","article_published_time":"2025-07-11T09:41:22+00:00","author":"Antalya K\u00f6rfez","twitter_card":"summary_large_image","twitter_misc":{"\u041d\u0430\u043f\u0438\u0441\u0430\u043d\u043e \u0430\u0432\u0442\u043e\u0440\u043e\u043c":"Antalya K\u00f6rfez","\u041f\u0440\u0438\u043c\u0435\u0440\u043d\u043e\u0435 \u0432\u0440\u0435\u043c\u044f \u0434\u043b\u044f \u0447\u0442\u0435\u043d\u0438\u044f":"1 \u043c\u0438\u043d\u0443\u0442\u0430"},"schema":{"@context":"https:\/\/schema.org","@graph":[{"@type":"Article","@id":"https:\/\/denizcankizil.tr\/ru\/haberler\/gundem\/antalyanin-tarihi-balbey-mahallesinde-yasaga-ragmen-sokak-dugunu\/#article","isPartOf":{"@id":"https:\/\/denizcankizil.tr\/ru\/haberler\/gundem\/antalyanin-tarihi-balbey-mahallesinde-yasaga-ragmen-sokak-dugunu\/"},"author":{"name":"Antalya K\u00f6rfez","@id":"https:\/\/denizcankizil.tr\/de\/#\/schema\/person\/e1eb71bb4dd684d46563f0af307e1234"},"headline":"Antalya&#8217;n\u0131n tarihi Balbey Mahallesi&#8217;nde yasa\u011fa ra\u011fmen sokak d\u00fc\u011f\u00fcn\u00fc!","datePublished":"2025-07-11T09:41:22+00:00","mainEntityOfPage":{"@id":"https:\/\/denizcankizil.tr\/ru\/haberler\/gundem\/antalyanin-tarihi-balbey-mahallesinde-yasaga-ragmen-sokak-dugunu\/"},"wordCount":293,"publisher":{"@id":"https:\/\/denizcankizil.tr\/de\/#organization"},"articleSection":["G\u00fcndem"],"inLanguage":"ru-RU"},{"@type":"WebPage","@id":"https:\/\/denizcankizil.tr\/ru\/haberler\/gundem\/antalyanin-tarihi-balbey-mahallesinde-yasaga-ragmen-sokak-dugunu\/","url":"https:\/\/denizcankizil.tr\/ru\/haberler\/gundem\/antalyanin-tarihi-balbey-mahallesinde-yasaga-ragmen-sokak-dugunu\/","name":"Antalya'n\u0131n tarihi Balbey Mahallesi'nde yasa\u011fa ra\u011fmen sokak d\u00fc\u011f\u00fcn\u00fc! - Av. Deniz Can K\u0131z\u0131l","isPartOf":{"@id":"https:\/\/denizcankizil.tr\/de\/#website"},"datePublished":"2025-07-11T09:41:22+00:00","breadcrumb":{"@id":"https:\/\/denizcankizil.tr\/ru\/haberler\/gundem\/antalyanin-tarihi-balbey-mahallesinde-yasaga-ragmen-sokak-dugunu\/#breadcrumb"},"inLanguage":"ru-RU","potentialAction":[{"@type":"ReadAction","target":["https:\/\/denizcankizil.tr\/ru\/haberler\/gundem\/antalyanin-tarihi-balbey-mahallesinde-yasaga-ragmen-sokak-dugunu\/"]}]},{"@type":"BreadcrumbList","@id":"https:\/\/denizcankizil.tr\/ru\/haberler\/gundem\/antalyanin-tarihi-balbey-mahallesinde-yasaga-ragmen-sokak-dugunu\/#breadcrumb","itemListElement":[{"@type":"ListItem","position":1,"name":"Home","item":"https:\/\/denizcankizil.tr\/de\/"},{"@type":"ListItem","position":2,"name":"Antalya&#8217;n\u0131n tarihi Balbey Mahallesi&#8217;nde yasa\u011fa ra\u011fmen sokak d\u00fc\u011f\u00fcn\u00fc!"}]},{"@type":"WebSite","@id":"https:\/\/denizcankizil.tr\/de\/#website","url":"https:\/\/denizcankizil.tr\/de\/","name":"Av. Deniz Can K\u0131z\u0131l","description":"Avukat Deniz Can K\u0131z\u0131l Antalya Barosu","publisher":{"@id":"https:\/\/denizcankizil.tr\/de\/#organization"},"potentialAction":[{"@type":"SearchAction","target":{"@type":"EntryPoint","urlTemplate":"https:\/\/denizcankizil.tr\/de\/?s={search_term_string}"},"query-input":{"@type":"PropertyValueSpecification","valueRequired":true,"valueName":"search_term_string"}}],"inLanguage":"ru-RU"},{"@type":"Organization","@id":"https:\/\/denizcankizil.tr\/de\/#organization","name":"Av. Deniz Can K\u0131z\u0131l","url":"https:\/\/denizcankizil.tr\/de\/","logo":{"@type":"ImageObject","inLanguage":"ru-RU","@id":"https:\/\/denizcankizil.tr\/de\/#\/schema\/logo\/image\/","url":"https:\/\/denizcankizil.tr\/wp-content\/uploads\/2024\/10\/siyah-logo-svg.svg","contentUrl":"https:\/\/denizcankizil.tr\/wp-content\/uploads\/2024\/10\/siyah-logo-svg.svg","width":1080,"height":1080,"caption":"Av. Deniz Can K\u0131z\u0131l"},"image":{"@id":"https:\/\/denizcankizil.tr\/de\/#\/schema\/logo\/image\/"}},{"@type":"Person","@id":"https:\/\/denizcankizil.tr\/de\/#\/schema\/person\/e1eb71bb4dd684d46563f0af307e1234","name":"Antalya K\u00f6rfez","image":{"@type":"ImageObject","inLanguage":"ru-RU","@id":"https:\/\/denizcankizil.tr\/de\/#\/schema\/person\/image\/","url":"https:\/\/secure.gravatar.com\/avatar\/42b01982558a48a0b501fdcab6a408d3717ea5919095ee2e67b0e521799c5905?s=96&d=mm&r=g","contentUrl":"https:\/\/secure.gravatar.com\/avatar\/42b01982558a48a0b501fdcab6a408d3717ea5919095ee2e67b0e521799c5905?s=96&d=mm&r=g","caption":"Antalya K\u00f6rfez"},"sameAs":["http:\/\/www.antalyakorfez.com"],"url":"https:\/\/www.antalyakorfez.com\/antalyanin-tarihi-balbey-mahallesinde-yasaga-ragmen-sokak-dugunu"}]}},"_links":{"self":[{"href":"https:\/\/denizcankizil.tr\/ru\/wp-json\/wp\/v2\/posts\/142571","targetHints":{"allow":["GET"]}}],"collection":[{"href":"https:\/\/denizcankizil.tr\/ru\/wp-json\/wp\/v2\/posts"}],"about":[{"href":"https:\/\/denizcankizil.tr\/ru\/wp-json\/wp\/v2\/types\/post"}],"author":[{"embeddable":true,"href":"https:\/\/denizcankizil.tr\/ru\/wp-json\/wp\/v2\/users\/5"}],"replies":[{"embeddable":true,"href":"https:\/\/denizcankizil.tr\/ru\/wp-json\/wp\/v2\/comments?post=142571"}],"version-history":[{"count":0,"href":"https:\/\/denizcankizil.tr\/ru\/wp-json\/wp\/v2\/posts\/142571\/revisions"}],"wp:attachment":[{"href":"https:\/\/denizcankizil.tr\/ru\/wp-json\/wp\/v2\/media?parent=142571"}],"wp:term":[{"taxonomy":"category","embeddable":true,"href":"https:\/\/denizcankizil.tr\/ru\/wp-json\/wp\/v2\/categories?post=142571"},{"taxonomy":"post_tag","embeddable":true,"href":"https:\/\/denizcankizil.tr\/ru\/wp-json\/wp\/v2\/tags?post=142571"}],"curies":[{"name":"wp","href":"https:\/\/api.w.org\/{rel}","templated":true}]}}